{"id":5754,"date":"2024-04-28T14:02:59","date_gmt":"2024-04-28T17:02:59","guid":{"rendered":"https:\/\/universofamilia.com\/?p=5754"},"modified":"2025-02-07T01:37:25","modified_gmt":"2025-02-07T01:37:25","slug":"proteja-a-quienes-amas","status":"publish","type":"post","link":"https:\/\/universofamilia.com\/hu\/proteja-a-quienes-amas\/","title":{"rendered":"V\u00e9dd meg azokat, akiket szeretsz"},"content":{"rendered":"<p>\ud83d\udd0d <strong>Mi\u00e9rt fontos figyelni a csal\u00e1d mobiltelefon-\u00fczeneteit?<\/strong><\/p>\n\n\n\n<p>A digit\u00e1lis korban, amelyben \u00e9l\u00fcnk, az online biztons\u00e1g egyre s\u00fcrget\u0151bb\u00e9 v\u00e1lik, k\u00fcl\u00f6n\u00f6sen, ha a szeretteink v\u00e9delm\u00e9r\u0151l van sz\u00f3.<\/p>\n\n\n\n<p>15 \u00e9vesk\u00e9nt kulcsfontoss\u00e1g\u00fa meg\u00e9rteni a sz\u00f6veges \u00fczenetr\u00f6gz\u00edt\u0151 alkalmaz\u00e1sok szerep\u00e9t csal\u00e1dunk rosszindulat\u00fa szem\u00e9lyekt\u0151l \u00e9s vesz\u00e9lyes helyzetekt\u0151l val\u00f3 v\u00e9delm\u00e9ben.<\/p>\n\n\n\n<h2 class=\"wp-block-heading\">\ud83d\udc68\u200d\ud83d\udc69\u200d\ud83d\udc67\u200d\ud83d\udc66 <strong>Szeretteink v\u00e9delme: Mi\u00e9rt fontos?<\/strong><\/h2>\n\n\n\n<p>Ami a csal\u00e1dunk biztons\u00e1g\u00e1t illeti, nem hagyhatjuk figyelmen k\u00edv\u00fcl a digit\u00e1lis vil\u00e1gban rejl\u0151 vesz\u00e9lyeket.<\/p>\n\n\n\n<p>Az online besz\u00e9lget\u00e9sek k\u00f6nnyen rossz kezekbe ker\u00fclhetnek, kiteve szeretteinket olyan fenyeget\u00e9seknek, mint a zaklat\u00e1s, az online ragadoz\u00f3k \u00e9s ak\u00e1r a nem megfelel\u0151 tartalmak.<\/p>\n\n\n\n<p>A csal\u00e1dod mobiltelefon-\u00fczeneteinek figyel\u00e9se hat\u00e9kony m\u00f3dja annak, hogy biztons\u00e1gosan b\u00f6ng\u00e9sszenek az interneten.<\/p>\n\n\n\n<p><\/p>\n\n\n\n<hr class=\"wp-block-separator has-text-color has-luminous-vivid-orange-color has-alpha-channel-opacity has-luminous-vivid-orange-background-color has-background\" \/>\n\n\n\n<h2 class=\"wp-block-heading\">Olvasd el m\u00e9g:<\/h2>\n\n\n\n<div class=\"wp-block-columns is-layout-flex wp-container-core-columns-layout-1 wp-block-columns-is-layout-flex\">\n<div class=\"wp-block-column is-layout-flow wp-block-column-is-layout-flow\">\n<div class=\"wp-block-buttons is-layout-flex wp-block-buttons-is-layout-flex\">\n<div class=\"wp-block-button has-custom-width wp-block-button__width-100\" style=\"text-decoration:none\"><a class=\"wp-block-button__link has-white-color has-vivid-cyan-blue-background-color has-text-color has-background has-link-color has-text-align-left wp-element-button\" href=\"https:\/\/universofamilia.com\/hu\/5099\/restaurar-fotos-eliminadas-en-el-telefono-movil\/\" style=\"border-radius:10px\" target=\"_blank\" rel=\"noreferrer noopener\"><font style=\"vertical-align: inherit\"><font style=\"vertical-align: inherit\">\ud83d\udccc T\u00f6r\u00f6lt fot\u00f3k vissza\u00e1ll\u00edt\u00e1sa<\/font><\/font> &gt;<\/a><\/div>\n\n\n\n<div class=\"wp-block-button has-custom-width wp-block-button__width-100\" style=\"text-decoration:none\"><a class=\"wp-block-button__link has-white-color has-vivid-cyan-blue-background-color has-text-color has-background has-link-color has-text-align-left wp-element-button\" href=\"https:\/\/universofamilia.com\/hu\/5491\/aprender-a-conducir-una-revolucion-tecnologica-en-2024\/\" style=\"border-radius:10px\" target=\"_blank\" rel=\"noreferrer noopener\"><font style=\"vertical-align: inherit\"><font style=\"vertical-align: inherit\"><font style=\"vertical-align: inherit\"><font style=\"vertical-align: inherit\">\ud83d\udccc Vezet\u00e9s tanul\u00e1sa<\/font><\/font><\/font><\/font> &gt;<\/a><\/div>\n<\/div>\n<\/div>\n<\/div>\n\n\n\n<hr class=\"wp-block-separator has-text-color has-luminous-vivid-orange-color has-alpha-channel-opacity has-luminous-vivid-orange-background-color has-background\" \/>\n\n\n\n<p><\/p>\n\n\n\n<h2 class=\"wp-block-heading\">\ud83d\udee1\ufe0f <strong>A rossz sz\u00e1nd\u00e9k vesz\u00e9lye: Mi\u00e9rt kellene megv\u00e9den\u00fcnk azokat, akiket szeret\u00fcnk?<\/strong><\/h2>\n\n\n\n<p>Sajnos az online vil\u00e1g vesz\u00e9lyes hely lehet, k\u00fcl\u00f6n\u00f6sen a fiatalok \u00e9s az id\u0151sebbek sz\u00e1m\u00e1ra.<\/p>\n\n\n\n<p>Az \u00e1lruh\u00e1s ragadoz\u00f3k bar\u00e1toknak vagy ismer\u0151s\u00f6knek adj\u00e1k ki magukat, hogy elnyerj\u00e9k \u00e1ldozataik bizalm\u00e1t.<\/p>\n\n\n\n<p>Az \u00fczenetek figyel\u00e9se az egyik m\u00f3dja annak, hogy v\u00e9dekezzen ezekkel a fenyeget\u00e9sekkel szemben, \u00e9s biztos\u00edtsa online biztons\u00e1g\u00e1t.<\/p>\n\n\n\n<h2 class=\"wp-block-heading\">\ud83d\udc75\ud83c\udffc\ud83d\udc74\ud83c\udffc <strong>Az id\u0151sek v\u00e9delme: Mi\u00e9rt elengedhetetlen a megfigyel\u00e9s?<\/strong><\/h2>\n\n\n\n<p>Nem szabad elfelejten\u00fcnk, hogy az online biztons\u00e1g nem csak a fiatalok probl\u00e9m\u00e1ja.<\/p>\n\n\n\n<p>Nagysz\u00fcleink \u00e9s m\u00e1s id\u0151sebb csal\u00e1dtagjaink is \u00e1ldozatul eshetnek az online csal\u00e1soknak \u00e9s vissza\u00e9l\u00e9seknek.<\/p>\n\n\n\n<p>Az \u00fczenetek figyel\u00e9se az egyik m\u00f3dja annak, hogy v\u00e9dekezzen ezekkel a fenyeget\u00e9sekkel szemben, \u00e9s biztos\u00edtsa online biztons\u00e1g\u00e1t.<\/p>\n\n\n\n<h2 class=\"wp-block-heading\"><strong>Sikert\u00f6rt\u00e9netek: Hogyan seg\u00edtettek a megfigyel\u0151alkalmaz\u00e1sok megv\u00e9deni a csal\u00e1dokat<\/strong><\/h2>\n\n\n\n<ol>\n<li><strong>M\u00e1ria \u00e9s l\u00e1nya, Johanna:<\/strong> Maria telep\u00edtett egy megfigyel\u0151alkalmaz\u00e1st Joana telefonj\u00e1ra, hogy biztos\u00edtsa online biztons\u00e1g\u00e1t. Ennek k\u00f6sz\u00f6nhet\u0151en k\u00e9pes volt azonos\u00edtani \u00e9s meg\u00e1ll\u00edtani egy internetes zaklat\u00e1si k\u00eds\u00e9rletet, amely m\u00e9lyen befoly\u00e1solta l\u00e1nya \u00f6nbecs\u00fcl\u00e9s\u00e9t.<\/li>\n\n\n\n<li><strong>Pedro \u00e9s nagyapja, Ant\u00f4nio:<\/strong> Agg\u00f3dva nagyapja sebezhet\u0151s\u00e9ge miatt, Pedro telep\u00edtett egy megfigyel\u0151alkalmaz\u00e1st Ant\u00f4nio mobiltelefonj\u00e1ra. Ez lehet\u0151v\u00e9 tette sz\u00e1m\u00e1ra, hogy \u00e9szleljen \u00e9s megakad\u00e1lyozzon egy online csal\u00e1si k\u00eds\u00e9rletet, amely jelent\u0151s anyagi k\u00e1rt okozhatott volna nagyapj\u00e1nak.<\/li>\n\n\n\n<li><strong>Anna \u00e9s fia, Lucas:<\/strong> Egyed\u00fcl\u00e1ll\u00f3 anyak\u00e9nt Ana biztos\u00edtani akarta Lucas biztons\u00e1g\u00e1t, mik\u00f6zben felfedezi az online vil\u00e1got. Egy megfigyel\u0151 alkalmaz\u00e1s seg\u00edts\u00e9g\u00e9vel nyomon tudta k\u00f6vetni Lucas online tev\u00e9kenys\u00e9geit, \u00e9s sz\u00fcks\u00e9g eset\u00e9n beavatkozott, megv\u00e9dve \u0151t a nem megfelel\u0151 tartalmakt\u00f3l \u00e9s a potenci\u00e1lis fenyeget\u00e9sekt\u0151l.<\/li>\n<\/ol>\n\n\n<div class=\"wp-block-image\">\n<figure class=\"aligncenter size-full\"><img loading=\"lazy\" decoding=\"async\" width=\"550\" height=\"350\" src=\"http:\/\/universofamilia.com\/wp-content\/uploads\/sites\/148\/2024\/04\/P-550x350-5-3.jpg\" alt=\"\" class=\"wp-image-5757\" srcset=\"https:\/\/universofamilia.com\/wp-content\/uploads\/sites\/148\/2024\/04\/P-550x350-5-3.jpg 550w, https:\/\/universofamilia.com\/wp-content\/uploads\/sites\/148\/2024\/04\/P-550x350-5-3-300x191.jpg 300w\" sizes=\"(max-width: 550px) 100vw, 550px\" \/><figcaption class=\"wp-element-caption\">V\u00e9dd meg azokat, akiket szeretsz<\/figcaption><\/figure><\/div>\n\n\n<h2 class=\"wp-block-heading\"><strong>Fedezze fel a legjobb alkalmaz\u00e1sokat csal\u00e1dja v\u00e9delm\u00e9re<\/strong><\/h2>\n\n\n\n<p>Miut\u00e1n meg\u00e9rtett\u00fck az \u00fczenetfigyel\u00e9s fontoss\u00e1g\u00e1t csal\u00e1djaink biztons\u00e1ga szempontj\u00e1b\u00f3l, itt az ideje, hogy megismerj\u00fcnk n\u00e9h\u00e1ny eszk\u00f6zt, amelyek seg\u00edthetnek nek\u00fcnk ebben a k\u00fcldet\u00e9sben.<\/p>\n\n\n\n<p>Az al\u00e1bbiakban h\u00e1rom n\u00e9pszer\u0171 alkalmaz\u00e1s tal\u00e1lhat\u00f3, amelyek \u00fczenetfigyel\u0151 funkci\u00f3kat \u00e9s egyebeket k\u00edn\u00e1lnak:<\/p>\n\n\n\n<ol>\n<li><strong>mSpy<\/strong>\n<ul>\n<li>El\u00e9rhet\u0151 Androidra \u00e9s iOS-re.<\/li>\n\n\n\n<li>A pozit\u00edv felhaszn\u00e1l\u00f3i v\u00e9lem\u00e9nyek kiemelik a k\u00f6nny\u0171 haszn\u00e1lhat\u00f3s\u00e1g\u00e1t \u00e9s a gyermekek v\u00e9delm\u00e9ben val\u00f3 hat\u00e9konys\u00e1g\u00e1t.<\/li>\n<\/ul>\n<\/li>\n\n\n\n<li><strong>Let\u00e9tkezel\u0151<\/strong>\n<ul>\n<li>Kompatibilis Android \u00e9s iOS rendszerekkel.<\/li>\n\n\n\n<li>A felhaszn\u00e1l\u00f3k dics\u00e9rik a sz\u00fcl\u0151i fel\u00fcgyeleti k\u00e9pess\u00e9geket \u00e9s az egyszer\u0171 be\u00e1ll\u00edt\u00e1st.<\/li>\n<\/ul>\n<\/li>\n\n\n\n<li><strong>Csal\u00e1di Id\u0151<\/strong>\n<ul>\n<li>Android \u00e9s iOS eszk\u00f6z\u00f6k\u00f6n m\u0171k\u00f6dik.<\/li>\n\n\n\n<li>Dics\u00e9retet kapott a gyermekek online v\u00e9delm\u00e9ben ny\u00fajtott hasznoss\u00e1g\u00e1\u00e9rt \u00e9s a nem megfelel\u0151 tartalmak blokkol\u00e1s\u00e1nak egyszer\u0171s\u00e9g\u00e9\u00e9rt.<\/li>\n<\/ul>\n<\/li>\n<\/ol>\n\n\n\n<h2 class=\"wp-block-heading\">\ud83d\udea8 <strong>Fontos:<\/strong><\/h2>\n\n\n\n<p>B\u00e1rmely alkalmaz\u00e1s let\u00f6lt\u00e9se el\u0151tt elengedhetetlen, hogy ellen\u0151rizze a kompatibilit\u00e1st a figyelni k\u00edv\u00e1nt telefon oper\u00e1ci\u00f3s rendszer\u00e9vel.<\/p>\n\n\n\n<p>Azt is ne feledd, hogy ezeket az alkalmaz\u00e1sokat felel\u0151ss\u00e9gteljesen \u00e9s a csal\u00e1dtagok beleegyez\u00e9s\u00e9vel kell haszn\u00e1lni.<\/p>\n\n\n\n<h2 class=\"wp-block-heading\"><strong>Konkl\u00fazi\u00f3: V\u00e9dje csal\u00e1dj\u00e1t a legjobb megfigyel\u0151 alkalmaz\u00e1sokkal<\/strong><\/h2>\n\n\n\n<p>Szeretteink v\u00e9delme a digit\u00e1lis vil\u00e1gban egy olyan felel\u0151ss\u00e9g, amelyet nem hagyhatunk figyelmen k\u00edv\u00fcl.<\/p>\n\n\n\n<p>Az \u00fczenetfigyel\u0151 alkalmaz\u00e1sok hat\u00e9kony m\u00f3dot k\u00edn\u00e1lnak szeretteink online biztons\u00e1g\u00e1nak garant\u00e1l\u00e1s\u00e1ra, lehet\u0151v\u00e9 t\u00e9ve sz\u00e1munkra, hogy beavatkozzunk \u00e9s megv\u00e9dj\u00fck \u0151ket a potenci\u00e1lis fenyeget\u00e9sekt\u0151l.<\/p>\n\n\n\n<p>Mindig ne feledkezz meg a ny\u00edlt \u00e9s \u00e1tl\u00e1that\u00f3 kommunik\u00e1ci\u00f3 fenntart\u00e1s\u00e1r\u00f3l a csal\u00e1doddal, \u00e9s haszn\u00e1ld ezeket az eszk\u00f6z\u00f6ket a gondoskod\u00e1sod \u00e9s v\u00e9delmed kiterjeszt\u00e9sek\u00e9nt.<\/p>\n\n\n\n<h3 class=\"wp-block-heading\">\ud83d\udcf1 <strong>T\u00f6ltse le most az alkalmaz\u00e1sokat, hogy elkezdhesse csal\u00e1dja v\u00e9delm\u00e9t:<\/strong><\/h3>\n\n\n\n<ul>\n<li><strong>mSpy:<\/strong> <a href=\"https:\/\/play.google.com\/store\/apps\/details?id=com.mspy.lite&amp;hl=pt&amp;gl=US\" target=\"_blank\" rel=\"noreferrer noopener\">Google Play \u00c1ruh\u00e1z<\/a>, <a href=\"https:\/\/apps.apple.com\/br\/app\/monitoramento-m%C3%B3vel-mspy-lite\/id1182397829\" target=\"_blank\" rel=\"noreferrer noopener\">App Store<\/a><\/li>\n\n\n\n<li><strong>Gondnoks\u00e1g:<\/strong> <a href=\"https:\/\/play.google.com\/store\/apps\/details?id=com.qustodio.family.parental.control.app.screentime&amp;hl=pt_BR&amp;gl=US\" target=\"_blank\" rel=\"noreferrer noopener\">Google Play \u00c1ruh\u00e1z<\/a>, <a href=\"https:\/\/apps.apple.com\/br\/app\/qustodio-controle-parental\/id1501720596\" target=\"_blank\" rel=\"noreferrer noopener\">App Store<\/a><\/li>\n\n\n\n<li><strong>Csal\u00e1di Id\u0151:<\/strong> <a href=\"https:\/\/play.google.com\/store\/apps\/details?id=io.familytime.dashboard&amp;hl=pt_BR&amp;gl=US\" target=\"_blank\" rel=\"noreferrer noopener\">Google Play \u00c1ruh\u00e1z<\/a>, <a href=\"https:\/\/play.google.com\/store\/apps\/details?id=io.familytime.dashboard&amp;hl=pt_BR&amp;gl=US#:~:text=Em%20quais%20sistemas%20operacionais%20o,dispositivos%20ilimitados%20de%20sua%20conta\" target=\"_blank\" rel=\"noreferrer noopener\">App Store<\/a><\/li>\n<\/ul>\n\n\n\n<p>V\u00e9dje meg csal\u00e1dj\u00e1t m\u00e9g ma, \u00e9s navig\u00e1ljon a digit\u00e1lis vil\u00e1gban nyugodtan!<\/p>","protected":false},"excerpt":{"rendered":"<p>\ud83d\udd0d Mi\u00e9rt fontos figyelni a csal\u00e1d mobiltelefon-\u00fczeneteit? A digit\u00e1lis korban, amelyben \u00e9l\u00fcnk, az online biztons\u00e1g egyre s\u00fcrget\u0151bb\u00e9 v\u00e1lik, k\u00fcl\u00f6n\u00f6sen, ha a szeretteink v\u00e9delm\u00e9r\u0151l van sz\u00f3. 15 \u00e9vesk\u00e9nt kulcsfontoss\u00e1g\u00fa meg\u00e9rteni a [\u2026]<\/p>","protected":false},"author":139,"featured_media":5757,"comment_status":"closed","ping_status":"open","sticky":false,"template":"","format":"standard","meta":{"footnotes":""},"categories":[2],"tags":[131,1021,1289],"yoast_head":"<!-- This site is optimized with the Yoast SEO plugin v23.3 - https:\/\/yoast.com\/wordpress\/plugins\/seo\/ -->\n<title>Proteja a quienes amas - Universo Fam\u00edlia<\/title>\n<meta name=\"description\" content=\"Proteja a quienes amas. \ud83d\udd0d \u00bfPor qu\u00e9 es importante monitorear los mensajes de los celulares de tu familia?\" \/>\n<meta name=\"robots\" content=\"index, follow, max-snippet:-1, max-image-preview:large, max-video-preview:-1\" \/>\n<link rel=\"canonical\" href=\"https:\/\/universofamilia.com\/hu\/proteja-a-quienes-amas\/\" \/>\n<meta property=\"og:locale\" content=\"hu_HU\" \/>\n<meta property=\"og:type\" content=\"article\" \/>\n<meta property=\"og:title\" content=\"Proteja a quienes amas - Universo Fam\u00edlia\" \/>\n<meta property=\"og:description\" content=\"Proteja a quienes amas. \ud83d\udd0d \u00bfPor qu\u00e9 es importante monitorear los mensajes de los celulares de tu familia?\" \/>\n<meta property=\"og:url\" content=\"https:\/\/universofamilia.com\/hu\/proteja-a-quienes-amas\/\" \/>\n<meta property=\"og:site_name\" content=\"Universo Fam\u00edlia\" \/>\n<meta property=\"article:published_time\" content=\"2024-04-28T17:02:59+00:00\" \/>\n<meta property=\"article:modified_time\" content=\"2025-02-07T01:37:25+00:00\" \/>\n<meta property=\"og:image\" content=\"https:\/\/universofamilia.com\/wp-content\/uploads\/sites\/148\/2024\/04\/P-550x350-5-3.jpg\" \/>\n\t<meta property=\"og:image:width\" content=\"550\" \/>\n\t<meta property=\"og:image:height\" content=\"350\" \/>\n\t<meta property=\"og:image:type\" content=\"image\/jpeg\" \/>\n<meta name=\"author\" content=\"Pedro Henrique\" \/>\n<meta name=\"twitter:card\" content=\"summary_large_image\" \/>\n<meta name=\"twitter:label1\" content=\"Written by\" \/>\n\t<meta name=\"twitter:data1\" content=\"Pedro Henrique\" \/>\n\t<meta name=\"twitter:label2\" content=\"Est. reading time\" \/>\n\t<meta name=\"twitter:data2\" content=\"5 perc\" \/>\n<script type=\"application\/ld+json\" class=\"yoast-schema-graph\">{\"@context\":\"https:\/\/schema.org\",\"@graph\":[{\"@type\":\"WebPage\",\"@id\":\"https:\/\/universofamilia.com\/ru\/proteja-a-quienes-amas\/\",\"url\":\"https:\/\/universofamilia.com\/ru\/proteja-a-quienes-amas\/\",\"name\":\"Proteja a quienes amas - Universo Fam\u00edlia\",\"isPartOf\":{\"@id\":\"https:\/\/universofamilia.com\/el\/#website\"},\"primaryImageOfPage\":{\"@id\":\"https:\/\/universofamilia.com\/ru\/proteja-a-quienes-amas\/#primaryimage\"},\"image\":{\"@id\":\"https:\/\/universofamilia.com\/ru\/proteja-a-quienes-amas\/#primaryimage\"},\"thumbnailUrl\":\"https:\/\/universofamilia.com\/wp-content\/uploads\/sites\/148\/2024\/04\/P-550x350-5-3.jpg\",\"datePublished\":\"2024-04-28T17:02:59+00:00\",\"dateModified\":\"2025-02-07T01:37:25+00:00\",\"author\":{\"@id\":\"https:\/\/universofamilia.com\/el\/#\/schema\/person\/f07ce98187dd84d31154262e79b3b7ca\"},\"description\":\"Proteja a quienes amas. \ud83d\udd0d \u00bfPor qu\u00e9 es importante monitorear los mensajes de los celulares de tu familia?\",\"breadcrumb\":{\"@id\":\"https:\/\/universofamilia.com\/ru\/proteja-a-quienes-amas\/#breadcrumb\"},\"inLanguage\":\"hu\",\"potentialAction\":[{\"@type\":\"ReadAction\",\"target\":[\"https:\/\/universofamilia.com\/ru\/proteja-a-quienes-amas\/\"]}]},{\"@type\":\"ImageObject\",\"inLanguage\":\"hu\",\"@id\":\"https:\/\/universofamilia.com\/ru\/proteja-a-quienes-amas\/#primaryimage\",\"url\":\"https:\/\/universofamilia.com\/wp-content\/uploads\/sites\/148\/2024\/04\/P-550x350-5-3.jpg\",\"contentUrl\":\"https:\/\/universofamilia.com\/wp-content\/uploads\/sites\/148\/2024\/04\/P-550x350-5-3.jpg\",\"width\":550,\"height\":350,\"caption\":\"Proteja a quienes amas\"},{\"@type\":\"BreadcrumbList\",\"@id\":\"https:\/\/universofamilia.com\/ru\/proteja-a-quienes-amas\/#breadcrumb\",\"itemListElement\":[{\"@type\":\"ListItem\",\"position\":1,\"name\":\"Home\",\"item\":\"https:\/\/universofamilia.com\/el\/\"},{\"@type\":\"ListItem\",\"position\":2,\"name\":\"Proteja a quienes amas\"}]},{\"@type\":\"WebSite\",\"@id\":\"https:\/\/universofamilia.com\/el\/#website\",\"url\":\"https:\/\/universofamilia.com\/el\/\",\"name\":\"Universo Fam\u00edlia\",\"description\":\"\",\"potentialAction\":[{\"@type\":\"SearchAction\",\"target\":{\"@type\":\"EntryPoint\",\"urlTemplate\":\"https:\/\/universofamilia.com\/el\/?s={search_term_string}\"},\"query-input\":\"required name=search_term_string\"}],\"inLanguage\":\"hu\"},{\"@type\":\"Person\",\"@id\":\"https:\/\/universofamilia.com\/el\/#\/schema\/person\/f07ce98187dd84d31154262e79b3b7ca\",\"name\":\"Pedro Henrique\",\"image\":{\"@type\":\"ImageObject\",\"inLanguage\":\"hu\",\"@id\":\"https:\/\/universofamilia.com\/el\/#\/schema\/person\/image\/\",\"url\":\"https:\/\/secure.gravatar.com\/avatar\/9edfeb808cb4e1599f64d6e45b130154?s=96&d=mm&r=g\",\"contentUrl\":\"https:\/\/secure.gravatar.com\/avatar\/9edfeb808cb4e1599f64d6e45b130154?s=96&d=mm&r=g\",\"caption\":\"Pedro Henrique\"},\"url\":\"https:\/\/universofamilia.com\/hu\/author\/editor01\/\"}]}<\/script>\n<!-- \/ Yoast SEO plugin. -->","yoast_head_json":{"title":"Proteja a quienes amas - Universo Fam\u00edlia","description":"Proteja a quienes amas. \ud83d\udd0d \u00bfPor qu\u00e9 es importante monitorear los mensajes de los celulares de tu familia?","robots":{"index":"index","follow":"follow","max-snippet":"max-snippet:-1","max-image-preview":"max-image-preview:large","max-video-preview":"max-video-preview:-1"},"canonical":"https:\/\/universofamilia.com\/hu\/proteja-a-quienes-amas\/","og_locale":"hu_HU","og_type":"article","og_title":"Proteja a quienes amas - Universo Fam\u00edlia","og_description":"Proteja a quienes amas. \ud83d\udd0d \u00bfPor qu\u00e9 es importante monitorear los mensajes de los celulares de tu familia?","og_url":"https:\/\/universofamilia.com\/hu\/proteja-a-quienes-amas\/","og_site_name":"Universo Fam\u00edlia","article_published_time":"2024-04-28T17:02:59+00:00","article_modified_time":"2025-02-07T01:37:25+00:00","og_image":[{"width":550,"height":350,"url":"https:\/\/universofamilia.com\/wp-content\/uploads\/sites\/148\/2024\/04\/P-550x350-5-3.jpg","type":"image\/jpeg"}],"author":"Pedro Henrique","twitter_card":"summary_large_image","twitter_misc":{"Written by":"Pedro Henrique","Est. reading time":"5 perc"},"schema":{"@context":"https:\/\/schema.org","@graph":[{"@type":"WebPage","@id":"https:\/\/universofamilia.com\/ru\/proteja-a-quienes-amas\/","url":"https:\/\/universofamilia.com\/ru\/proteja-a-quienes-amas\/","name":"Proteja a quienes amas - Universo Fam\u00edlia","isPartOf":{"@id":"https:\/\/universofamilia.com\/el\/#website"},"primaryImageOfPage":{"@id":"https:\/\/universofamilia.com\/ru\/proteja-a-quienes-amas\/#primaryimage"},"image":{"@id":"https:\/\/universofamilia.com\/ru\/proteja-a-quienes-amas\/#primaryimage"},"thumbnailUrl":"https:\/\/universofamilia.com\/wp-content\/uploads\/sites\/148\/2024\/04\/P-550x350-5-3.jpg","datePublished":"2024-04-28T17:02:59+00:00","dateModified":"2025-02-07T01:37:25+00:00","author":{"@id":"https:\/\/universofamilia.com\/el\/#\/schema\/person\/f07ce98187dd84d31154262e79b3b7ca"},"description":"Proteja a quienes amas. \ud83d\udd0d \u00bfPor qu\u00e9 es importante monitorear los mensajes de los celulares de tu familia?","breadcrumb":{"@id":"https:\/\/universofamilia.com\/ru\/proteja-a-quienes-amas\/#breadcrumb"},"inLanguage":"hu","potentialAction":[{"@type":"ReadAction","target":["https:\/\/universofamilia.com\/ru\/proteja-a-quienes-amas\/"]}]},{"@type":"ImageObject","inLanguage":"hu","@id":"https:\/\/universofamilia.com\/ru\/proteja-a-quienes-amas\/#primaryimage","url":"https:\/\/universofamilia.com\/wp-content\/uploads\/sites\/148\/2024\/04\/P-550x350-5-3.jpg","contentUrl":"https:\/\/universofamilia.com\/wp-content\/uploads\/sites\/148\/2024\/04\/P-550x350-5-3.jpg","width":550,"height":350,"caption":"Proteja a quienes amas"},{"@type":"BreadcrumbList","@id":"https:\/\/universofamilia.com\/ru\/proteja-a-quienes-amas\/#breadcrumb","itemListElement":[{"@type":"ListItem","position":1,"name":"Home","item":"https:\/\/universofamilia.com\/el\/"},{"@type":"ListItem","position":2,"name":"Proteja a quienes amas"}]},{"@type":"WebSite","@id":"https:\/\/universofamilia.com\/el\/#website","url":"https:\/\/universofamilia.com\/el\/","name":"Universo Fam\u00edlia","description":"","potentialAction":[{"@type":"SearchAction","target":{"@type":"EntryPoint","urlTemplate":"https:\/\/universofamilia.com\/el\/?s={search_term_string}"},"query-input":"required name=search_term_string"}],"inLanguage":"hu"},{"@type":"Person","@id":"https:\/\/universofamilia.com\/el\/#\/schema\/person\/f07ce98187dd84d31154262e79b3b7ca","name":"Pedro Henrique","image":{"@type":"ImageObject","inLanguage":"hu","@id":"https:\/\/universofamilia.com\/el\/#\/schema\/person\/image\/","url":"https:\/\/secure.gravatar.com\/avatar\/9edfeb808cb4e1599f64d6e45b130154?s=96&d=mm&r=g","contentUrl":"https:\/\/secure.gravatar.com\/avatar\/9edfeb808cb4e1599f64d6e45b130154?s=96&d=mm&r=g","caption":"Pedro Henrique"},"url":"https:\/\/universofamilia.com\/hu\/author\/editor01\/"}]}},"_links":{"self":[{"href":"https:\/\/universofamilia.com\/hu\/wp-json\/wp\/v2\/posts\/5754"}],"collection":[{"href":"https:\/\/universofamilia.com\/hu\/wp-json\/wp\/v2\/posts"}],"about":[{"href":"https:\/\/universofamilia.com\/hu\/wp-json\/wp\/v2\/types\/post"}],"author":[{"embeddable":true,"href":"https:\/\/universofamilia.com\/hu\/wp-json\/wp\/v2\/users\/139"}],"replies":[{"embeddable":true,"href":"https:\/\/universofamilia.com\/hu\/wp-json\/wp\/v2\/comments?post=5754"}],"version-history":[{"count":1,"href":"https:\/\/universofamilia.com\/hu\/wp-json\/wp\/v2\/posts\/5754\/revisions"}],"predecessor-version":[{"id":8598,"href":"https:\/\/universofamilia.com\/hu\/wp-json\/wp\/v2\/posts\/5754\/revisions\/8598"}],"wp:featuredmedia":[{"embeddable":true,"href":"https:\/\/universofamilia.com\/hu\/wp-json\/wp\/v2\/media\/5757"}],"wp:attachment":[{"href":"https:\/\/universofamilia.com\/hu\/wp-json\/wp\/v2\/media?parent=5754"}],"wp:term":[{"taxonomy":"category","embeddable":true,"href":"https:\/\/universofamilia.com\/hu\/wp-json\/wp\/v2\/categories?post=5754"},{"taxonomy":"post_tag","embeddable":true,"href":"https:\/\/universofamilia.com\/hu\/wp-json\/wp\/v2\/tags?post=5754"}],"curies":[{"name":"wp","href":"https:\/\/api.w.org\/{rel}","templated":true}]}}