{"id":5853,"date":"2024-05-02T12:32:51","date_gmt":"2024-05-02T15:32:51","guid":{"rendered":"https:\/\/universofamilia.com\/?p=5853"},"modified":"2025-11-16T22:14:47","modified_gmt":"2025-11-17T01:14:47","slug":"acelera-tu-celular-y-potencia-tu-productividad","status":"publish","type":"post","link":"https:\/\/universofamilia.com\/hu\/acelera-tu-celular-y-potencia-tu-productividad\/","title":{"rendered":"Gyors\u00edtsd fel a telefonod \u00e9s n\u00f6veld a termel\u00e9kenys\u00e9gedet! \ud83d\udcf1"},"content":{"rendered":"<p>\u00c9szrevetted m\u00e1r, hogy a mobiltelefonod sebess\u00e9ge hogyan befoly\u00e1solhatja a termel\u00e9kenys\u00e9gedet?<\/p>\n\n\n\n<p>Olyan ez, mintha egy gyors aut\u00f3val gyorsabban oda\u00e9rn\u00e9l az \u00fati c\u00e9lodhoz! De id\u0151vel, ak\u00e1rcsak egy szervizre szorul\u00f3 aut\u00f3, a mobiltelefonjaink is lelassulhatnak.<\/p>\n\n\n\n<p>Ne agg\u00f3dj, mert ma megtan\u00edtom, hogyan oldd meg ezt a probl\u00e9m\u00e1t egyszer\u0171en \u00e9s hat\u00e9konyan! \ud83d\ude09<\/p>\n\n\n\n<p><\/p>\n\n\n\n<hr class=\"wp-block-separator has-text-color has-luminous-vivid-orange-color has-alpha-channel-opacity has-luminous-vivid-orange-background-color has-background\" \/>\n\n\n\n<h2 class=\"wp-block-heading\">Olvasd el m\u00e9g:<\/h2>\n\n\n\n<div class=\"wp-block-columns is-layout-flex wp-container-core-columns-layout-1 wp-block-columns-is-layout-flex\">\n<div class=\"wp-block-column is-layout-flow wp-block-column-is-layout-flow\">\n<div class=\"wp-block-buttons is-layout-flex wp-block-buttons-is-layout-flex\">\n<div class=\"wp-block-button has-custom-width wp-block-button__width-100\" style=\"text-decoration:none\"><a class=\"wp-block-button__link has-white-color has-vivid-cyan-blue-background-color has-text-color has-background has-link-color has-text-align-left wp-element-button\" href=\"https:\/\/universofamilia.com\/hu\/5099\/restaurar-fotos-eliminadas-en-el-telefono-movil\/\" style=\"border-radius:10px\" target=\"_blank\" rel=\"noreferrer noopener\"><font style=\"vertical-align: inherit\"><font style=\"vertical-align: inherit\">\ud83d\udccc T\u00f6r\u00f6lt fot\u00f3k vissza\u00e1ll\u00edt\u00e1sa<\/font><\/font> &gt;<\/a><\/div>\n\n\n\n<div class=\"wp-block-button has-custom-width wp-block-button__width-100\" style=\"text-decoration:none\"><a class=\"wp-block-button__link has-white-color has-vivid-cyan-blue-background-color has-text-color has-background has-link-color has-text-align-left wp-element-button\" href=\"https:\/\/universofamilia.com\/hu\/5491\/aprender-a-conducir-una-revolucion-tecnologica-en-2024\/\" style=\"border-radius:10px\" target=\"_blank\" rel=\"noreferrer noopener\"><font style=\"vertical-align: inherit\"><font style=\"vertical-align: inherit\"><font style=\"vertical-align: inherit\"><font style=\"vertical-align: inherit\">\ud83d\udccc Vezet\u00e9s tanul\u00e1sa<\/font><\/font><\/font><\/font> &gt;<\/a><\/div>\n<\/div>\n<\/div>\n<\/div>\n\n\n\n<hr class=\"wp-block-separator has-text-color has-luminous-vivid-orange-color has-alpha-channel-opacity has-luminous-vivid-orange-background-color has-background\" \/>\n\n\n\n<p><\/p>\n\n\n\n<h2 class=\"wp-block-heading\"><strong>Mi\u00e9rt fontos n\u00f6velni a mobiltelefon sebess\u00e9g\u00e9t?<\/strong><\/h2>\n\n\n\n<p>\ud83d\ude80 A mobiltelefon sebess\u00e9g\u00e9nek n\u00f6vel\u00e9se kulcsfontoss\u00e1g\u00fa a termel\u00e9kenys\u00e9g\u00fcnk n\u00f6vel\u00e9s\u00e9hez.<\/p>\n\n\n\n<p>V\u00e9g\u00fcl is kinek van ideje arra pazarolni, hogy az alkalmaz\u00e1sok lassan t\u00f6lt\u0151dnek be, vagy folyamatosan \u00f6sszeomlanak?<\/p>\n\n\n\n<p>Egy gyorsabb mobiltelefonnal gyorsabban \u00e9s hat\u00e9konyabban tudjuk elv\u00e9gezni a feladatainkat.<\/p>\n\n\n\n<h2 class=\"wp-block-heading\"><strong>Id\u0151vel lassabb lesz a mobiltelefonod?<\/strong><\/h2>\n\n\n\n<p>Igen, ez igaz! Mint minden m\u00e1s elektronikus eszk\u00f6z, a mobiltelefonunk is lelassulhat az id\u0151 m\u00fal\u00e1s\u00e1val.<\/p>\n\n\n\n<p>Ez az ideiglenes f\u00e1jlok, az alkalmaz\u00e1s gyors\u00edt\u00f3t\u00e1r\u00e1nak \u00e9s a rendszeren felhalmoz\u00f3d\u00f3 egy\u00e9b felesleges adatok felhalmoz\u00f3d\u00e1s\u00e1nak k\u00f6sz\u00f6nhet\u0151.<\/p>\n\n\n\n<p>De ne agg\u00f3dj, vannak ingyenes eszk\u00f6z\u00f6k, amelyek megoldhatj\u00e1k ezt a probl\u00e9m\u00e1t! \ud83d\ude09<\/p>\n\n\n\n<h2 class=\"wp-block-heading\"><strong>Ingyenes eszk\u00f6z\u00f6k a mobiltelefon sebess\u00e9g\u00e9nek jav\u00edt\u00e1s\u00e1hoz<\/strong><\/h2>\n\n\n\n<p>\ud83e\uddf9 A telefon megfelel\u0151 alkalmaz\u00e1sokkal t\u00f6rt\u00e9n\u0151 tiszt\u00edt\u00e1sa elengedhetetlen a teljes\u00edtm\u00e9ny\u00e9nek cs\u00facs\u00e1n tart\u00e1s\u00e1hoz.<\/p>\n\n\n\n<p>De miel\u0151tt elmondan\u00e1nk, hogy mik ezek az alkalmaz\u00e1sok, fontos meg\u00e9rteni, hogy ezek \u00f3ri\u00e1si k\u00fcl\u00f6nbs\u00e9get jelenthetnek az eszk\u00f6z teljes\u00edtm\u00e9ny\u00e9ben.<\/p>\n\n\n\n<p>\u2b07\ufe0f Az alkalmaz\u00e1sok let\u00f6lt\u00e9si \u00fatmutat\u00f3ja, amiket bemutatni fogok, al\u00e1bb tal\u00e1lhat\u00f3, \u00fagyhogy olvass tov\u00e1bb, hogy megtudd! \ud83d\ude09<\/p>\n\n\n\n<h2 class=\"wp-block-heading\"><strong>Fedezd fel a legjobb alkalmaz\u00e1sokat a mobiltelefonod felgyors\u00edt\u00e1s\u00e1ra<\/strong><\/h2>\n\n\n\n<p>Sok kutat\u00e1s \u00e9s elemz\u00e9s ut\u00e1n tal\u00e1ltam h\u00e1rom nagyszer\u0171 alkalmaz\u00e1st, amelyekkel rep\u00fclni fog a telefonod.<\/p>\n\n\n\n<p>De miel\u0151tt felfedn\u00e9nk a nev\u00fcket, vess\u00fcnk egy pillant\u00e1st n\u00e9h\u00e1ny felhaszn\u00e1l\u00f3i v\u00e9lem\u00e9nyre:<\/p>\n\n\n<div class=\"wp-block-image\">\n<figure class=\"aligncenter size-full\"><img loading=\"lazy\" decoding=\"async\" width=\"550\" height=\"350\" src=\"http:\/\/universofamilia.com\/wp-content\/uploads\/sites\/148\/2024\/05\/P-550x350-4.jpg\" alt=\"\" class=\"wp-image-5854\" srcset=\"https:\/\/universofamilia.com\/wp-content\/uploads\/sites\/148\/2024\/05\/P-550x350-4.jpg 550w, https:\/\/universofamilia.com\/wp-content\/uploads\/sites\/148\/2024\/05\/P-550x350-4-300x191.jpg 300w\" sizes=\"(max-width: 550px) 100vw, 550px\" \/><figcaption class=\"wp-element-caption\">Gyors\u00edtsd fel a telefonod \u00e9s n\u00f6veld a termel\u00e9kenys\u00e9gedet! \ud83d\udcf1<\/figcaption><\/figure><\/div>\n\n\n<p>\u201eKiv\u00e1l\u00f3 alkalmaz\u00e1s! Leny\u0171g\u00f6zi a telefonodat!\u201d \u2013 Jo\u00e3o S. \u201eSzuper \u00e1tfog\u00f3, nagyon aj\u00e1nlom!\u201d \u2013 Ana C.<\/p>\n\n\n\n<p>Ezek csak n\u00e9h\u00e1ny p\u00e9lda a pozit\u00edv \u00e9rt\u00e9kel\u00e9sekre, amelyeket ezek az alkalmaz\u00e1sok kaptak.<\/p>\n\n\n\n<p>Most pedig, minden tov\u00e1bbi n\u00e9lk\u00fcl, ismerkedj\u00fcnk meg mindegyik\u00fckkel:<\/p>\n\n\n\n<ol>\n<li><strong>SD szobal\u00e1ny (Android)<\/strong>Ez az alkalmaz\u00e1s h\u00edres a m\u00e9lytiszt\u00edt\u00e1s\u00e1r\u00f3l \u00e9s a fejlett eszk\u00f6zeir\u0151l. A felhaszn\u00e1l\u00f3k im\u00e1dj\u00e1k, mert gyorsabb\u00e1 \u00e9s hat\u00e9konyabb\u00e1 teszi telefonjaikat.<\/li>\n\n\n\n<li><strong>Google-f\u00e1jlok (Android \u00e9s iOS)<\/strong>A Google \u00e1ltal fejlesztett alkalmaz\u00e1s egyszer\u0171 \u00e9s k\u00f6nnyen haszn\u00e1lhat\u00f3 fel\u00fclet\u00e9r\u0151l ismert. Ide\u00e1lis azok sz\u00e1m\u00e1ra, akik a praktikumot \u00e9s a hat\u00e9konys\u00e1got keresik.<\/li>\n\n\n\n<li><strong>CCleaner (Android \u00e9s iOS)<\/strong>A CCleaner, egy klasszikus optimaliz\u00e1l\u00f3 eszk\u00f6z, a hat\u00e9konys\u00e1g\u00e1r\u00f3l ismert a felesleges f\u00e1jlok elt\u00e1vol\u00edt\u00e1s\u00e1ban \u00e9s a t\u00e1rhely felszabad\u00edt\u00e1s\u00e1ban. Emellett optimaliz\u00e1lja a RAM-ot \u00e9s jav\u00edtja a telefon teljes\u00edtm\u00e9ny\u00e9t.<\/li>\n<\/ol>\n\n\n\n<h2 class=\"wp-block-heading\"><strong>Extra tippek a mobiltelefonod gyorsul\u00e1s\u00e1nak fenntart\u00e1s\u00e1hoz<\/strong><\/h2>\n\n\n\n<ul>\n<li>Elemezze a v\u00e9lem\u00e9nyeket egy alkalmaz\u00e1s let\u00f6lt\u00e9se el\u0151tt.<\/li>\n\n\n\n<li>Kezdj ingyenes funkci\u00f3kkal, miel\u0151tt fizet\u0151s forr\u00e1sokba fektetn\u00e9l be.<\/li>\n\n\n\n<li>Tartson fenn egy j\u00f3 v\u00edruskeres\u0151 programot a j\u00f6v\u0151beni probl\u00e9m\u00e1k elker\u00fcl\u00e9se \u00e9rdek\u00e9ben.<\/li>\n<\/ul>\n\n\n\n<p>Ezekkel az alkalmaz\u00e1sokkal \u00e9s egy kis odafigyel\u00e9ssel a telefonod rep\u00fclni fog! \u2708\ufe0f<\/p>\n\n\n\n<h3 class=\"wp-block-heading\"><strong>Linkek az alkalmaz\u00e1sok let\u00f6lt\u00e9s\u00e9hez<\/strong><\/h3>\n\n\n\n<h3 class=\"wp-block-heading\">\u2b07\ufe0f Android:<\/h3>\n\n\n\n<ul>\n<li><a href=\"https:\/\/play.google.com\/store\/apps\/details?id=eu.thedarken.sdm&amp;hl=en&amp;gl=US\" target=\"_blank\" rel=\"noreferrer noopener\">SD szobal\u00e1ny<\/a><\/li>\n\n\n\n<li><a href=\"https:\/\/files.google.com\/\" target=\"_blank\" rel=\"noreferrer noopener\">Google-f\u00e1jlok<\/a><\/li>\n\n\n\n<li><a href=\"https:\/\/play.google.com\/store\/apps\/details?id=com.piriform.ccleaner&amp;hl=en&amp;gl=US\" target=\"_blank\" rel=\"noreferrer noopener\">CCleaner<\/a><\/li>\n<\/ul>\n\n\n\n<h3 class=\"wp-block-heading\">\u2b07\ufe0f iOS:<\/h3>\n\n\n\n<ul>\n<li><a href=\"https:\/\/support.apple.com\/en-us\/102238\" target=\"_blank\" rel=\"noreferrer noopener\">Google-f\u00e1jlok<\/a><\/li>\n\n\n\n<li><a href=\"https:\/\/www.ccleaner.com\/knowledge\/ccleaner-for-mac-in-app-store\" target=\"_blank\" rel=\"noreferrer noopener\">CCleaner<\/a><\/li>\n<\/ul>\n\n\n\n<p>Most, hogy ismered ezeket a csod\u00e1latos alkalmaz\u00e1sokat, ne vesztegesd az id\u0151t, \u00e9s adj lend\u00fcletet a telefonodnak!<\/p>\n\n\n\n<p>T\u00f6ltsd le \u0151ket most, \u00e9s \u00e9rezd a k\u00fcl\u00f6nbs\u00e9get.<\/p>\n\n\n\n<p>A bar\u00e1taid im\u00e1dni fogj\u00e1k ezt a tippet, oszd meg vel\u00fck! \ud83d\ude09<\/p>\n\n\n\n<p><\/p>\n\n\n\n<hr class=\"wp-block-separator has-text-color has-luminous-vivid-orange-color has-alpha-channel-opacity has-luminous-vivid-orange-background-color has-background\" \/>\n\n\n\n<h2 class=\"wp-block-heading\">Olvasd el m\u00e9g:<\/h2>\n\n\n\n<div class=\"wp-block-columns is-layout-flex wp-container-core-columns-layout-2 wp-block-columns-is-layout-flex\">\n<div class=\"wp-block-column is-layout-flow wp-block-column-is-layout-flow\">\n<div class=\"wp-block-buttons is-layout-flex wp-block-buttons-is-layout-flex\">\n<div class=\"wp-block-button has-custom-width wp-block-button__width-100\" style=\"text-decoration:none\"><a class=\"wp-block-button__link has-white-color has-vivid-cyan-blue-background-color has-text-color has-background has-link-color has-text-align-left wp-element-button\" href=\"https:\/\/universofamilia.com\/hu\/5099\/restaurar-fotos-eliminadas-en-el-telefono-movil\/\" style=\"border-radius:10px\" target=\"_blank\" rel=\"noreferrer noopener\"><font style=\"vertical-align: inherit\"><font style=\"vertical-align: inherit\">\ud83d\udccc T\u00f6r\u00f6lt fot\u00f3k vissza\u00e1ll\u00edt\u00e1sa<\/font><\/font> &gt;<\/a><\/div>\n\n\n\n<div class=\"wp-block-button has-custom-width wp-block-button__width-100\" style=\"text-decoration:none\"><a class=\"wp-block-button__link has-white-color has-vivid-cyan-blue-background-color has-text-color has-background has-link-color has-text-align-left wp-element-button\" href=\"https:\/\/universofamilia.com\/hu\/5491\/aprender-a-conducir-una-revolucion-tecnologica-en-2024\/\" style=\"border-radius:10px\" target=\"_blank\" rel=\"noreferrer noopener\"><font style=\"vertical-align: inherit\"><font style=\"vertical-align: inherit\"><font style=\"vertical-align: inherit\"><font style=\"vertical-align: inherit\">\ud83d\udccc Vezet\u00e9s tanul\u00e1sa<\/font><\/font><\/font><\/font> &gt;<\/a><\/div>\n<\/div>\n<\/div>\n<\/div>\n\n\n\n<hr class=\"wp-block-separator has-text-color has-luminous-vivid-orange-color has-alpha-channel-opacity has-luminous-vivid-orange-background-color has-background\" \/>\n\n\n\n<p><\/p>","protected":false},"excerpt":{"rendered":"<p>\u00bfAlguna vez has notado c\u00f3mo la velocidad de tu celular puede influir en tu productividad? \u00a1Es como tener un coche veloz para llegar m\u00e1s r\u00e1pido a tu destino! Pero con el tiempo, al igual que un coche que necesita una revisi\u00f3n, nuestro celular tambi\u00e9n puede volverse m\u00e1s lento. \u00a1No te preocupes, porque hoy te ense\u00f1ar\u00e9 [&hellip;]<\/p>","protected":false},"author":219,"featured_media":5854,"comment_status":"closed","ping_status":"open","sticky":false,"template":"","format":"standard","meta":{"footnotes":""},"categories":[2],"tags":[7,48,1611],"yoast_head":"<!-- This site is optimized with the Yoast SEO plugin v23.3 - https:\/\/yoast.com\/wordpress\/plugins\/seo\/ -->\n<title>\u00a1Acelera Tu Celular y Potencia Tu Productividad! \ud83d\udcf1 - Universo Fam\u00edlia<\/title>\n<meta name=\"description\" content=\"\u00a1Acelera Tu Celular y Potencia Tu Productividad! \ud83d\udcf1. \u00bfAlguna vez has notado c\u00f3mo la velocidad de tu celular puede influir...\" \/>\n<meta name=\"robots\" content=\"index, follow, max-snippet:-1, max-image-preview:large, max-video-preview:-1\" \/>\n<link rel=\"canonical\" href=\"https:\/\/universofamilia.com\/hu\/acelera-tu-celular-y-potencia-tu-productividad\/\" \/>\n<meta property=\"og:locale\" content=\"hu_HU\" \/>\n<meta property=\"og:type\" content=\"article\" \/>\n<meta property=\"og:title\" content=\"\u00a1Acelera Tu Celular y Potencia Tu Productividad! \ud83d\udcf1 - Universo Fam\u00edlia\" \/>\n<meta property=\"og:description\" content=\"\u00a1Acelera Tu Celular y Potencia Tu Productividad! \ud83d\udcf1. \u00bfAlguna vez has notado c\u00f3mo la velocidad de tu celular puede influir...\" \/>\n<meta property=\"og:url\" content=\"https:\/\/universofamilia.com\/hu\/acelera-tu-celular-y-potencia-tu-productividad\/\" \/>\n<meta property=\"og:site_name\" content=\"Universo Fam\u00edlia\" \/>\n<meta property=\"article:published_time\" content=\"2024-05-02T15:32:51+00:00\" \/>\n<meta property=\"article:modified_time\" content=\"2025-11-17T01:14:47+00:00\" \/>\n<meta property=\"og:image\" content=\"https:\/\/universofamilia.com\/wp-content\/uploads\/sites\/148\/2024\/05\/P-550x350-4.jpg\" \/>\n\t<meta property=\"og:image:width\" content=\"550\" \/>\n\t<meta property=\"og:image:height\" content=\"350\" \/>\n\t<meta property=\"og:image:type\" content=\"image\/jpeg\" \/>\n<meta name=\"author\" content=\"Matheus Sangaletti\" \/>\n<meta name=\"twitter:card\" content=\"summary_large_image\" \/>\n<meta name=\"twitter:label1\" content=\"Written by\" \/>\n\t<meta name=\"twitter:data1\" content=\"Matheus Sangaletti\" \/>\n\t<meta name=\"twitter:label2\" content=\"Est. reading time\" \/>\n\t<meta name=\"twitter:data2\" content=\"4 perc\" \/>\n<script type=\"application\/ld+json\" class=\"yoast-schema-graph\">{\"@context\":\"https:\/\/schema.org\",\"@graph\":[{\"@type\":\"WebPage\",\"@id\":\"https:\/\/universofamilia.com\/ko\/acelera-tu-celular-y-potencia-tu-productividad\/\",\"url\":\"https:\/\/universofamilia.com\/ko\/acelera-tu-celular-y-potencia-tu-productividad\/\",\"name\":\"\u00a1Acelera Tu Celular y Potencia Tu Productividad! \ud83d\udcf1 - Universo Fam\u00edlia\",\"isPartOf\":{\"@id\":\"https:\/\/universofamilia.com\/el\/#website\"},\"primaryImageOfPage\":{\"@id\":\"https:\/\/universofamilia.com\/ko\/acelera-tu-celular-y-potencia-tu-productividad\/#primaryimage\"},\"image\":{\"@id\":\"https:\/\/universofamilia.com\/ko\/acelera-tu-celular-y-potencia-tu-productividad\/#primaryimage\"},\"thumbnailUrl\":\"https:\/\/universofamilia.com\/wp-content\/uploads\/sites\/148\/2024\/05\/P-550x350-4.jpg\",\"datePublished\":\"2024-05-02T15:32:51+00:00\",\"dateModified\":\"2025-11-17T01:14:47+00:00\",\"author\":{\"@id\":\"https:\/\/universofamilia.com\/el\/#\/schema\/person\/92fcd07e9b1f4323bf74f3170fc0f78a\"},\"description\":\"\u00a1Acelera Tu Celular y Potencia Tu Productividad! \ud83d\udcf1. \u00bfAlguna vez has notado c\u00f3mo la velocidad de tu celular puede influir...\",\"breadcrumb\":{\"@id\":\"https:\/\/universofamilia.com\/ko\/acelera-tu-celular-y-potencia-tu-productividad\/#breadcrumb\"},\"inLanguage\":\"hu\",\"potentialAction\":[{\"@type\":\"ReadAction\",\"target\":[\"https:\/\/universofamilia.com\/ko\/acelera-tu-celular-y-potencia-tu-productividad\/\"]}]},{\"@type\":\"ImageObject\",\"inLanguage\":\"hu\",\"@id\":\"https:\/\/universofamilia.com\/ko\/acelera-tu-celular-y-potencia-tu-productividad\/#primaryimage\",\"url\":\"https:\/\/universofamilia.com\/wp-content\/uploads\/sites\/148\/2024\/05\/P-550x350-4.jpg\",\"contentUrl\":\"https:\/\/universofamilia.com\/wp-content\/uploads\/sites\/148\/2024\/05\/P-550x350-4.jpg\",\"width\":550,\"height\":350,\"caption\":\"\u00a1Acelera Tu Celular y Potencia Tu Productividad! \ud83d\udcf1\"},{\"@type\":\"BreadcrumbList\",\"@id\":\"https:\/\/universofamilia.com\/ko\/acelera-tu-celular-y-potencia-tu-productividad\/#breadcrumb\",\"itemListElement\":[{\"@type\":\"ListItem\",\"position\":1,\"name\":\"Home\",\"item\":\"https:\/\/universofamilia.com\/el\/\"},{\"@type\":\"ListItem\",\"position\":2,\"name\":\"\u00a1Acelera Tu Celular y Potencia Tu Productividad! \ud83d\udcf1\"}]},{\"@type\":\"WebSite\",\"@id\":\"https:\/\/universofamilia.com\/el\/#website\",\"url\":\"https:\/\/universofamilia.com\/el\/\",\"name\":\"Universo Fam\u00edlia\",\"description\":\"\",\"potentialAction\":[{\"@type\":\"SearchAction\",\"target\":{\"@type\":\"EntryPoint\",\"urlTemplate\":\"https:\/\/universofamilia.com\/el\/?s={search_term_string}\"},\"query-input\":\"required name=search_term_string\"}],\"inLanguage\":\"hu\"},{\"@type\":\"Person\",\"@id\":\"https:\/\/universofamilia.com\/el\/#\/schema\/person\/92fcd07e9b1f4323bf74f3170fc0f78a\",\"name\":\"Matheus Sangaletti\",\"image\":{\"@type\":\"ImageObject\",\"inLanguage\":\"hu\",\"@id\":\"https:\/\/universofamilia.com\/el\/#\/schema\/person\/image\/\",\"url\":\"https:\/\/secure.gravatar.com\/avatar\/280ea957a14a48e6a1ad2133d2cc27c9?s=96&d=mm&r=g\",\"contentUrl\":\"https:\/\/secure.gravatar.com\/avatar\/280ea957a14a48e6a1ad2133d2cc27c9?s=96&d=mm&r=g\",\"caption\":\"Matheus Sangaletti\"},\"url\":\"https:\/\/universofamilia.com\/hu\/author\/matheuss\/\"}]}<\/script>\n<!-- \/ Yoast SEO plugin. -->","yoast_head_json":{"title":"\u00a1Acelera Tu Celular y Potencia Tu Productividad! \ud83d\udcf1 - Universo Fam\u00edlia","description":"\u00a1Acelera Tu Celular y Potencia Tu Productividad! \ud83d\udcf1. \u00bfAlguna vez has notado c\u00f3mo la velocidad de tu celular puede influir...","robots":{"index":"index","follow":"follow","max-snippet":"max-snippet:-1","max-image-preview":"max-image-preview:large","max-video-preview":"max-video-preview:-1"},"canonical":"https:\/\/universofamilia.com\/hu\/acelera-tu-celular-y-potencia-tu-productividad\/","og_locale":"hu_HU","og_type":"article","og_title":"\u00a1Acelera Tu Celular y Potencia Tu Productividad! \ud83d\udcf1 - Universo Fam\u00edlia","og_description":"\u00a1Acelera Tu Celular y Potencia Tu Productividad! \ud83d\udcf1. \u00bfAlguna vez has notado c\u00f3mo la velocidad de tu celular puede influir...","og_url":"https:\/\/universofamilia.com\/hu\/acelera-tu-celular-y-potencia-tu-productividad\/","og_site_name":"Universo Fam\u00edlia","article_published_time":"2024-05-02T15:32:51+00:00","article_modified_time":"2025-11-17T01:14:47+00:00","og_image":[{"width":550,"height":350,"url":"https:\/\/universofamilia.com\/wp-content\/uploads\/sites\/148\/2024\/05\/P-550x350-4.jpg","type":"image\/jpeg"}],"author":"Matheus Sangaletti","twitter_card":"summary_large_image","twitter_misc":{"Written by":"Matheus Sangaletti","Est. reading time":"4 perc"},"schema":{"@context":"https:\/\/schema.org","@graph":[{"@type":"WebPage","@id":"https:\/\/universofamilia.com\/ko\/acelera-tu-celular-y-potencia-tu-productividad\/","url":"https:\/\/universofamilia.com\/ko\/acelera-tu-celular-y-potencia-tu-productividad\/","name":"\u00a1Acelera Tu Celular y Potencia Tu Productividad! \ud83d\udcf1 - Universo Fam\u00edlia","isPartOf":{"@id":"https:\/\/universofamilia.com\/el\/#website"},"primaryImageOfPage":{"@id":"https:\/\/universofamilia.com\/ko\/acelera-tu-celular-y-potencia-tu-productividad\/#primaryimage"},"image":{"@id":"https:\/\/universofamilia.com\/ko\/acelera-tu-celular-y-potencia-tu-productividad\/#primaryimage"},"thumbnailUrl":"https:\/\/universofamilia.com\/wp-content\/uploads\/sites\/148\/2024\/05\/P-550x350-4.jpg","datePublished":"2024-05-02T15:32:51+00:00","dateModified":"2025-11-17T01:14:47+00:00","author":{"@id":"https:\/\/universofamilia.com\/el\/#\/schema\/person\/92fcd07e9b1f4323bf74f3170fc0f78a"},"description":"\u00a1Acelera Tu Celular y Potencia Tu Productividad! \ud83d\udcf1. \u00bfAlguna vez has notado c\u00f3mo la velocidad de tu celular puede influir...","breadcrumb":{"@id":"https:\/\/universofamilia.com\/ko\/acelera-tu-celular-y-potencia-tu-productividad\/#breadcrumb"},"inLanguage":"hu","potentialAction":[{"@type":"ReadAction","target":["https:\/\/universofamilia.com\/ko\/acelera-tu-celular-y-potencia-tu-productividad\/"]}]},{"@type":"ImageObject","inLanguage":"hu","@id":"https:\/\/universofamilia.com\/ko\/acelera-tu-celular-y-potencia-tu-productividad\/#primaryimage","url":"https:\/\/universofamilia.com\/wp-content\/uploads\/sites\/148\/2024\/05\/P-550x350-4.jpg","contentUrl":"https:\/\/universofamilia.com\/wp-content\/uploads\/sites\/148\/2024\/05\/P-550x350-4.jpg","width":550,"height":350,"caption":"\u00a1Acelera Tu Celular y Potencia Tu Productividad! \ud83d\udcf1"},{"@type":"BreadcrumbList","@id":"https:\/\/universofamilia.com\/ko\/acelera-tu-celular-y-potencia-tu-productividad\/#breadcrumb","itemListElement":[{"@type":"ListItem","position":1,"name":"Home","item":"https:\/\/universofamilia.com\/el\/"},{"@type":"ListItem","position":2,"name":"\u00a1Acelera Tu Celular y Potencia Tu Productividad! \ud83d\udcf1"}]},{"@type":"WebSite","@id":"https:\/\/universofamilia.com\/el\/#website","url":"https:\/\/universofamilia.com\/el\/","name":"Universo Fam\u00edlia","description":"","potentialAction":[{"@type":"SearchAction","target":{"@type":"EntryPoint","urlTemplate":"https:\/\/universofamilia.com\/el\/?s={search_term_string}"},"query-input":"required name=search_term_string"}],"inLanguage":"hu"},{"@type":"Person","@id":"https:\/\/universofamilia.com\/el\/#\/schema\/person\/92fcd07e9b1f4323bf74f3170fc0f78a","name":"Matheus Sangaletti","image":{"@type":"ImageObject","inLanguage":"hu","@id":"https:\/\/universofamilia.com\/el\/#\/schema\/person\/image\/","url":"https:\/\/secure.gravatar.com\/avatar\/280ea957a14a48e6a1ad2133d2cc27c9?s=96&d=mm&r=g","contentUrl":"https:\/\/secure.gravatar.com\/avatar\/280ea957a14a48e6a1ad2133d2cc27c9?s=96&d=mm&r=g","caption":"Matheus Sangaletti"},"url":"https:\/\/universofamilia.com\/hu\/author\/matheuss\/"}]}},"_links":{"self":[{"href":"https:\/\/universofamilia.com\/hu\/wp-json\/wp\/v2\/posts\/5853"}],"collection":[{"href":"https:\/\/universofamilia.com\/hu\/wp-json\/wp\/v2\/posts"}],"about":[{"href":"https:\/\/universofamilia.com\/hu\/wp-json\/wp\/v2\/types\/post"}],"author":[{"embeddable":true,"href":"https:\/\/universofamilia.com\/hu\/wp-json\/wp\/v2\/users\/219"}],"replies":[{"embeddable":true,"href":"https:\/\/universofamilia.com\/hu\/wp-json\/wp\/v2\/comments?post=5853"}],"version-history":[{"count":1,"href":"https:\/\/universofamilia.com\/hu\/wp-json\/wp\/v2\/posts\/5853\/revisions"}],"predecessor-version":[{"id":10344,"href":"https:\/\/universofamilia.com\/hu\/wp-json\/wp\/v2\/posts\/5853\/revisions\/10344"}],"wp:featuredmedia":[{"embeddable":true,"href":"https:\/\/universofamilia.com\/hu\/wp-json\/wp\/v2\/media\/5854"}],"wp:attachment":[{"href":"https:\/\/universofamilia.com\/hu\/wp-json\/wp\/v2\/media?parent=5853"}],"wp:term":[{"taxonomy":"category","embeddable":true,"href":"https:\/\/universofamilia.com\/hu\/wp-json\/wp\/v2\/categories?post=5853"},{"taxonomy":"post_tag","embeddable":true,"href":"https:\/\/universofamilia.com\/hu\/wp-json\/wp\/v2\/tags?post=5853"}],"curies":[{"name":"wp","href":"https:\/\/api.w.org\/{rel}","templated":true}]}}