{"id":5859,"date":"2024-05-02T18:33:44","date_gmt":"2024-05-02T21:33:44","guid":{"rendered":"https:\/\/universofamilia.com\/?p=5859"},"modified":"2025-10-12T13:51:11","modified_gmt":"2025-10-12T16:51:11","slug":"el-encanto-de-las-telenovelas-turcas","status":"publish","type":"post","link":"https:\/\/universofamilia.com\/hu\/el-encanto-de-las-telenovelas-turcas\/","title":{"rendered":"\ud83c\udfac A t\u00f6r\u00f6k szappanoper\u00e1k var\u00e1zsa"},"content":{"rendered":"<p>\ud83c\udfac A t\u00f6r\u00f6k szappanoper\u00e1k var\u00e1zsa: Ablak az \u00e9rzelmek vil\u00e1g\u00e1ra<\/p>\n\n\n\n<p>Ami\u00f3ta a k\u00e9perny\u0151kre ker\u00fcltek, a t\u00f6r\u00f6k szappanoper\u00e1k vil\u00e1gszerte megh\u00f3d\u00edtott\u00e1k a k\u00f6z\u00f6ns\u00e9g sz\u00edv\u00e9t.<\/p>\n\n\n\n<p>Nem neh\u00e9z meg\u00e9rteni, mi\u00e9rt v\u00e1ltak ezek a produkci\u00f3k ennyire n\u00e9pszer\u0171v\u00e9.<\/p>\n\n\n\n<p>Mer\u00fclj\u00fcnk el ezeknek a mag\u00e1val ragad\u00f3 t\u00f6rt\u00e9neteknek az univerzum\u00e1ban, \u00e9s fedezz\u00fck fel, mi teszi \u0151ket olyan k\u00fcl\u00f6nlegess\u00e9 minden koroszt\u00e1ly sz\u00e1m\u00e1ra.<\/p>\n\n\n\n<p><\/p>\n\n\n\n<hr class=\"wp-block-separator has-text-color has-luminous-vivid-orange-color has-alpha-channel-opacity has-luminous-vivid-orange-background-color has-background\" \/>\n\n\n\n<h2 class=\"wp-block-heading\">Olvasd el m\u00e9g:<\/h2>\n\n\n\n<div class=\"wp-block-columns is-layout-flex wp-container-core-columns-layout-1 wp-block-columns-is-layout-flex\">\n<div class=\"wp-block-column is-layout-flow wp-block-column-is-layout-flow\">\n<div class=\"wp-block-buttons is-layout-flex wp-block-buttons-is-layout-flex\">\n<div class=\"wp-block-button has-custom-width wp-block-button__width-100\" style=\"text-decoration:none\"><a class=\"wp-block-button__link has-white-color has-vivid-cyan-blue-background-color has-text-color has-background has-link-color has-text-align-left wp-element-button\" href=\"https:\/\/universofamilia.com\/hu\/5099\/restaurar-fotos-eliminadas-en-el-telefono-movil\/\" style=\"border-radius:10px\" target=\"_blank\" rel=\"noreferrer noopener\"><font style=\"vertical-align: inherit\"><font style=\"vertical-align: inherit\">\ud83d\udccc T\u00f6r\u00f6lt fot\u00f3k vissza\u00e1ll\u00edt\u00e1sa<\/font><\/font> &gt;<\/a><\/div>\n\n\n\n<div class=\"wp-block-button has-custom-width wp-block-button__width-100\" style=\"text-decoration:none\"><a class=\"wp-block-button__link has-white-color has-vivid-cyan-blue-background-color has-text-color has-background has-link-color has-text-align-left wp-element-button\" href=\"https:\/\/universofamilia.com\/hu\/5491\/aprender-a-conducir-una-revolucion-tecnologica-en-2024\/\" style=\"border-radius:10px\" target=\"_blank\" rel=\"noreferrer noopener\"><font style=\"vertical-align: inherit\"><font style=\"vertical-align: inherit\"><font style=\"vertical-align: inherit\"><font style=\"vertical-align: inherit\">\ud83d\udccc Vezet\u00e9s tanul\u00e1sa<\/font><\/font><\/font><\/font> &gt;<\/a><\/div>\n<\/div>\n<\/div>\n<\/div>\n\n\n\n<hr class=\"wp-block-separator has-text-color has-luminous-vivid-orange-color has-alpha-channel-opacity has-luminous-vivid-orange-background-color has-background\" \/>\n\n\n\n<p><\/p>\n\n\n\n<h2 class=\"wp-block-heading\">\ud83c\udf1f <strong>A t\u00f6r\u00f6k dr\u00e1mam\u0171v\u00e9szet sikere<\/strong><\/h2>\n\n\n\n<p>A t\u00f6r\u00f6k szappanoper\u00e1k glob\u00e1lis jelens\u00e9gg\u00e9 v\u00e1ltak, a vil\u00e1g minden t\u00e1j\u00e1r\u00f3l leny\u0171g\u00f6zve a k\u00f6z\u00f6ns\u00e9get.<\/p>\n\n\n\n<p>Mag\u00e1val ragad\u00f3 cselekm\u00e9ny\u00fckkel, lebilincsel\u0151 alak\u00edt\u00e1saikkal \u00e9s leny\u0171g\u00f6z\u0151 k\u00f6rnyezet\u00fckkel egyed\u00fcl\u00e1ll\u00f3 sz\u00f3rakoztat\u00f3 \u00e9lm\u00e9nyt ny\u00fajtanak. De mi teszi \u0151ket ennyire lebilincsel\u0151v\u00e9?<\/p>\n\n\n\n<h2 class=\"wp-block-heading\"><strong>A cselekm\u00e9nyek var\u00e1zsa<\/strong><\/h2>\n\n\n\n<p>A t\u00f6r\u00f6k szappanoper\u00e1k siker\u00e9nek egyik f\u0151 oka a t\u00f6rt\u00e9netek min\u0151s\u00e9ge.<\/p>\n\n\n\n<p>Bonyolult cselekm\u00e9nysz\u00e1lakkal \u00e9s izgalmas csavarokkal ezek a produkci\u00f3k a k\u00e9perny\u0151h\u00f6z szegezik a n\u00e9z\u0151ket, izgatottan v\u00e1rva, hogy mi fog t\u00f6rt\u00e9nni a tov\u00e1bbiakban.<\/p>\n\n\n\n<p>A t\u00f6r\u00f6k forgat\u00f3k\u00f6nyv\u00edr\u00f3knak van \u00e9rz\u00e9k\u00fck az \u00f6sszetett karakterek megalkot\u00e1s\u00e1hoz \u00e9s olyan k\u00f6rnyezetekbe helyez\u00e9s\u00e9hez, amelyek megmozgatj\u00e1k a k\u00e9pzeletet.<\/p>\n\n\n\n<h2 class=\"wp-block-heading\"><strong>\u00c9rzelmek a felsz\u00ednen<\/strong><\/h2>\n\n\n\n<p>Egy m\u00e1sik, a k\u00f6z\u00f6ns\u00e9get m\u00e9lyen meg\u00e9rint\u0151 aspektus a t\u00f6r\u00f6k szappanoper\u00e1k \u00e9rzelmi intenzit\u00e1sa.<\/p>\n\n\n\n<p>Olyan egyetemes t\u00e9m\u00e1kat dolgoznak fel, mint a szerelem, az \u00e1rul\u00e1s, a csal\u00e1d \u00e9s a bar\u00e1ts\u00e1g, olyan m\u00f3don, hogy minden koroszt\u00e1ly sz\u00e1m\u00e1ra megsz\u00f3laljanak.<\/p>\n\n\n\n<p>A n\u00e9z\u0151k a szerepl\u0151k k\u00fczdelmeiben \u00e9s sikereiben t\u00fckr\u00f6z\u0151dve l\u00e1tj\u00e1k magukat, ami er\u0151s \u00e9rzelmi kapcsolatot teremt k\u00f6z\u00f6tt\u00fck.<\/p>\n\n\n\n<h2 class=\"wp-block-heading\"><strong>Vizu\u00e1lis sz\u00e9ps\u00e9g<\/strong><\/h2>\n\n\n\n<p>A t\u00f6r\u00f6k szappanoper\u00e1k mag\u00e1val ragad\u00f3 t\u00f6rt\u00e9netsz\u00e1laik mellett vizu\u00e1lis sz\u00e9ps\u00e9g\u00fckr\u0151l is ismertek.<\/p>\n\n\n\n<p>Leny\u0171g\u00f6z\u0151 d\u00edszletek, kidolgozott jelmezek \u00e9s l\u00e9legzetel\u00e1ll\u00edt\u00f3 operat\u0151ri munka rep\u00edti a n\u00e9z\u0151ket egy \u00e1lomszer\u0171 vil\u00e1gba, ahol minden jelenet egy m\u0171alkot\u00e1s.<\/p>\n\n\n<div class=\"wp-block-image\">\n<figure class=\"aligncenter size-full\"><img loading=\"lazy\" decoding=\"async\" width=\"550\" height=\"350\" src=\"http:\/\/universofamilia.com\/wp-content\/uploads\/sites\/148\/2024\/05\/P-550x350-6.jpg\" alt=\"\" class=\"wp-image-5860\" srcset=\"https:\/\/universofamilia.com\/wp-content\/uploads\/sites\/148\/2024\/05\/P-550x350-6.jpg 550w, https:\/\/universofamilia.com\/wp-content\/uploads\/sites\/148\/2024\/05\/P-550x350-6-300x191.jpg 300w\" sizes=\"(max-width: 550px) 100vw, 550px\" \/><figcaption class=\"wp-element-caption\">\ud83c\udfac A t\u00f6r\u00f6k szappanoper\u00e1k var\u00e1zsa<\/figcaption><\/figure><\/div>\n\n\n<h2 class=\"wp-block-heading\">\ud83c\udf08 <strong>A k\u00fcl\u00f6nbs\u00e9gek, amelyek megnyert\u00e9k a sz\u00edveket<\/strong><\/h2>\n\n\n\n<p>De mi teszi pontosan a t\u00f6r\u00f6k szappanoper\u00e1kat olyan k\u00fcl\u00f6nlegess\u00e9? Mi k\u00fcl\u00f6nb\u00f6zteti meg \u0151ket a sz\u00f3rakoztat\u00e1s m\u00e1s form\u00e1it\u00f3l?<\/p>\n\n\n\n<p>Vizsg\u00e1ljuk meg azokat az elemeket, amelyek hozz\u00e1j\u00e1rulnak ezeknek a produkci\u00f3knak a vonzerej\u00e9hez.<\/p>\n\n\n\n<h3 class=\"wp-block-heading\"><strong>Kult\u00fara \u00e9s hagyom\u00e1ny<\/strong><\/h3>\n\n\n\n<p>A t\u00f6r\u00f6k szappanoper\u00e1k leny\u0171g\u00f6z\u0151 betekint\u00e9st ny\u00fajtanak a n\u00e9z\u0151knek az orsz\u00e1g kult\u00far\u00e1j\u00e1ba \u00e9s hagyom\u00e1nyaiba.<\/p>\n\n\n\n<p>A helyi jelmezekt\u0151l a leny\u0171g\u00f6z\u0151 d\u00edszletekig ezek az el\u0151ad\u00e1sok hiteles \u00e9s gazdag\u00edt\u00f3 \u00e9lm\u00e9nyt ny\u00fajtanak.<\/p>\n\n\n\n<h3 class=\"wp-block-heading\"><strong>Romantika \u00e9s dr\u00e1ma<\/strong><\/h3>\n\n\n\n<p>A romantika a t\u00f6r\u00f6k szappanoper\u00e1k egyik alappill\u00e9re.<\/p>\n\n\n\n<p>A szenved\u00e9llyel \u00e9s dr\u00e1m\u00e1val teli cselekm\u00e9nyek megragadj\u00e1k a n\u00e9z\u0151k sz\u00edv\u00e9t, \u00e9s intenz\u00edv \u00e9rzelmek hull\u00e1mvas\u00fatj\u00e1ra rep\u00edtik \u0151ket.<\/p>\n\n\n\n<h3 class=\"wp-block-heading\"><strong>Eml\u00e9kezetes karakterek<\/strong><\/h3>\n\n\n\n<p>A t\u00f6r\u00f6k szappanoper\u00e1k szerepl\u0151i egy m\u00e1sik er\u0151s pont.<\/p>\n\n\n\n<p>A b\u00e1tor h\u0151s\u00f6kt\u0151l a ravasz gonosztev\u0151kig, ezek a produkci\u00f3k sz\u00e9les sk\u00e1l\u00e1j\u00fa szem\u00e9lyis\u00e9geket vonultatnak fel, akik maradand\u00f3 benyom\u00e1st tesznek a k\u00f6z\u00f6ns\u00e9gre.<\/p>\n\n\n\n<h3 class=\"wp-block-heading\"><strong>Univerz\u00e1lis \u00fczenetek<\/strong><\/h3>\n\n\n\n<p>V\u00e9g\u00fcl, a t\u00f6r\u00f6k szappanoper\u00e1k gyakran k\u00f6zvet\u00edtenek er\u0151teljes \u00fczeneteket a szerelemr\u0151l, a bar\u00e1ts\u00e1gr\u00f3l \u00e9s a neh\u00e9zs\u00e9gek lek\u00fczd\u00e9s\u00e9r\u0151l.<\/p>\n\n\n\n<p>Megmutatj\u00e1k, hogy a k\u00f6r\u00fclm\u00e9nyekt\u0151l f\u00fcggetlen\u00fcl mindig van rem\u00e9ny \u00e9s a boldog befejez\u00e9s lehet\u0151s\u00e9ge.<\/p>\n\n\n\n<h2 class=\"wp-block-heading\">\u2b50 <strong>Mit mondanak a felhaszn\u00e1l\u00f3k<\/strong><\/h2>\n\n\n\n<p>A n\u00e9z\u0151i v\u00e9lem\u00e9nyek kulcsfontoss\u00e1g\u00faak annak meg\u00e9rt\u00e9s\u00e9hez, hogy a t\u00f6r\u00f6k szappanoper\u00e1kat mi\u00e9rt fogadt\u00e1k olyan j\u00f3l.<\/p>\n\n\n\n<p>Sokan osztj\u00e1k meg pozit\u00edv tapasztalataikat, kiemelve azokat a szempontokat, amelyeket a produkci\u00f3kban a legjobban \u00e9rt\u00e9kelnek.<\/p>\n\n\n\n<ul>\n<li><em>\u201eA t\u00f6r\u00f6k szappanoper\u00e1k egy teljesen m\u00e1s vil\u00e1gba rep\u00edtenek. Szurkolok a szerepl\u0151knek, \u00e9s minden \u00e9rzelmet vel\u00fck egy\u00fctt \u00e9lek \u00e1t.\u201d \u2013 Mar\u00eda, 32 \u00e9ves.<\/em><\/li>\n\n\n\n<li><em>\u201eAmit a legjobban szeretek a t\u00f6r\u00f6k szappanoper\u00e1kban, az a szerepl\u0151k m\u00e9lys\u00e9ge. Annyira val\u00f3s\u00e1gosnak t\u0171nnek, hogy lehetetlen nem bele\u00e9lni magam a t\u00f6rt\u00e9neteikbe.\u201d \u2013 Jo\u00e3o, 45.<\/em><\/li>\n\n\n\n<li><em>\u201eA t\u00f6r\u00f6k szappanoper\u00e1k n\u00e9z\u00e9se ritu\u00e1l\u00e9v\u00e1 v\u00e1lt sz\u00e1momra \u00e9s a csal\u00e1dom sz\u00e1m\u00e1ra. Ez egy m\u00f3dja annak, hogy egy\u00fctt legy\u00fcnk \u00e9s megosszuk a k\u00fcl\u00f6nleges pillanatokat.\u201d \u2013 Ana, 55 \u00e9ves.<\/em><\/li>\n<\/ul>\n\n\n\n<h2 class=\"wp-block-heading\">\ud83d\udcf1 <strong>Fedezze fel, hol \u00e9rdemes megn\u00e9zni<\/strong><\/h2>\n\n\n\n<p>Ha sz\u00edvesen mer\u00fcln\u00e9l el a t\u00f6r\u00f6k szappanoper\u00e1k izgalmas vil\u00e1g\u00e1ban, sz\u00e1mos alkalmaz\u00e1s k\u00f6z\u00fcl v\u00e1laszthatsz, amelyek hozz\u00e1f\u00e9r\u00e9st biztos\u00edtanak a legk\u00fcl\u00f6nf\u00e9l\u00e9bb c\u00edmekhez.<\/p>\n\n\n\n<ul>\n<li><strong>Viki:<\/strong> A hatalmas t\u00f6r\u00f6k szappanopera-katal\u00f3gussal, spanyol felirattal \u00e9s felhaszn\u00e1l\u00f3bar\u00e1t fel\u00fclettel a Viki n\u00e9pszer\u0171 v\u00e1laszt\u00e1s a m\u0171faj rajong\u00f3i k\u00f6r\u00e9ben.<\/li>\n\n\n\n<li><strong>Dizilah:<\/strong> Ez az ingyenes alkalmaz\u00e1s t\u00f6r\u00f6k szappanoper\u00e1k sz\u00e9les v\u00e1laszt\u00e9k\u00e1t k\u00edn\u00e1lja, bele\u00e9rtve az exkluz\u00edv c\u00edmeket is, amelyek m\u00e1shol nem \u00e9rhet\u0151k el.<\/li>\n\n\n\n<li><strong>puhutv:<\/strong> A hivatalos Puhutv alkalmaz\u00e1s t\u00f6r\u00f6k szappanoper\u00e1k katal\u00f3gus\u00e1t k\u00edn\u00e1l spanyol felirattal, valamint m\u00e1s t\u00e9v\u00e9m\u0171sorokat \u00e9s filmeket.<\/li>\n<\/ul>\n\n\n\n<h2 class=\"wp-block-heading\">\ud83d\udce5 <strong>Hol lehet let\u00f6lteni<\/strong><\/h2>\n\n\n\n<p>Kedvenc t\u00f6r\u00f6k szappanoper\u00e1inak n\u00e9z\u00e9s\u00e9hez egyszer\u0171en t\u00f6ltse le az alkalmaz\u00e1sokat a k\u00f6vetkez\u0151 linkekr\u0151l:<\/p>\n\n\n\n<ul>\n<li><strong>iOS:<\/strong> <a href=\"https:\/\/www.viki.com\/apps\" target=\"_blank\" rel=\"noreferrer noopener\">Viki<\/a> | <a href=\"https:\/\/apps.apple.com\/us\/app\/dizilah\/id6444266243\" target=\"_blank\" rel=\"noreferrer noopener\">Dizilah<\/a> | <a href=\"https:\/\/apps.apple.com\/us\/app\/puhutv\/id1139761721\" target=\"_blank\" rel=\"noreferrer noopener\">puhutv<\/a><\/li>\n\n\n\n<li><strong>Android:<\/strong> <a href=\"https:\/\/play.google.com\/store\/apps\/developer?id=Viki,+Inc&amp;hl=en&amp;gl=US\" target=\"_blank\" rel=\"noreferrer noopener\">Viki<\/a> | <a href=\"https:\/\/play.google.com\/store\/apps\/details?id=com.dizilah&amp;hl=en&amp;gl=US\" target=\"_blank\" rel=\"noreferrer noopener\">Dizilah<\/a> | <a href=\"https:\/\/play.google.com\/store\/apps\/details?id=com.dogusdigital.puhutv&amp;hl=en_IN\" target=\"_blank\" rel=\"noreferrer noopener\">puhutv<\/a><\/li>\n<\/ul>\n\n\n\n<p>Ne v\u00e1rj tov\u00e1bb, indulj el egy izgalmas utaz\u00e1sra a t\u00f6r\u00f6k szappanoper\u00e1k vil\u00e1g\u00e1ban!<\/p>\n\n\n\n<p>T\u00f6ltsd le m\u00e9g ma az egyik alkalmaz\u00e1st, \u00e9s kezdd el felfedezni a m\u0171faj \u00f6sszes dr\u00e1m\u00e1j\u00e1t, romantikus \u00e9s kalandos vil\u00e1g\u00e1t.<\/p>\n\n\n\n<p>K\u00e9sz\u00fclj fel a szerelemre! \ud83c\udf1f<\/p>\n\n\n\n<p><\/p>\n\n\n\n<hr class=\"wp-block-separator has-text-color has-luminous-vivid-orange-color has-alpha-channel-opacity has-luminous-vivid-orange-background-color has-background\" \/>\n\n\n\n<h2 class=\"wp-block-heading\">Olvasd el m\u00e9g:<\/h2>\n\n\n\n<div class=\"wp-block-columns is-layout-flex wp-container-core-columns-layout-2 wp-block-columns-is-layout-flex\">\n<div class=\"wp-block-column is-layout-flow wp-block-column-is-layout-flow\">\n<div class=\"wp-block-buttons is-layout-flex wp-block-buttons-is-layout-flex\">\n<div class=\"wp-block-button has-custom-width wp-block-button__width-100\" style=\"text-decoration:none\"><a class=\"wp-block-button__link has-white-color has-vivid-cyan-blue-background-color has-text-color has-background has-link-color has-text-align-left wp-element-button\" href=\"https:\/\/universofamilia.com\/hu\/5099\/restaurar-fotos-eliminadas-en-el-telefono-movil\/\" style=\"border-radius:10px\" target=\"_blank\" rel=\"noreferrer noopener\"><font style=\"vertical-align: inherit\"><font style=\"vertical-align: inherit\">\ud83d\udccc T\u00f6r\u00f6lt fot\u00f3k vissza\u00e1ll\u00edt\u00e1sa<\/font><\/font> &gt;<\/a><\/div>\n\n\n\n<div class=\"wp-block-button has-custom-width wp-block-button__width-100\" style=\"text-decoration:none\"><a class=\"wp-block-button__link has-white-color has-vivid-cyan-blue-background-color has-text-color has-background has-link-color has-text-align-left wp-element-button\" href=\"https:\/\/universofamilia.com\/hu\/5491\/aprender-a-conducir-una-revolucion-tecnologica-en-2024\/\" style=\"border-radius:10px\" target=\"_blank\" rel=\"noreferrer noopener\"><font style=\"vertical-align: inherit\"><font style=\"vertical-align: inherit\"><font style=\"vertical-align: inherit\"><font style=\"vertical-align: inherit\">\ud83d\udccc Vezet\u00e9s tanul\u00e1sa<\/font><\/font><\/font><\/font> &gt;<\/a><\/div>\n<\/div>\n<\/div>\n<\/div>\n\n\n\n<hr class=\"wp-block-separator has-text-color has-luminous-vivid-orange-color has-alpha-channel-opacity has-luminous-vivid-orange-background-color has-background\" \/>\n\n\n\n<p><\/p>","protected":false},"excerpt":{"rendered":"<p>\ud83c\udfac El Encanto de las Telenovelas Turcas: Una Ventana al Mundo de las Emociones Desde su llegada a las pantallas, las telenovelas turcas han conquistado corazones en todo el mundo. No es dif\u00edcil entender por qu\u00e9 estas producciones se han vuelto tan populares. Vamos a sumergirnos en el universo de estas historias cautivadoras y descubrir [&hellip;]<\/p>","protected":false},"author":219,"featured_media":5860,"comment_status":"closed","ping_status":"open","sticky":false,"template":"","format":"standard","meta":{"footnotes":""},"categories":[3],"tags":[205,225,1594],"yoast_head":"<!-- This site is optimized with the Yoast SEO plugin v23.3 - https:\/\/yoast.com\/wordpress\/plugins\/seo\/ -->\n<title>\ud83c\udfac El Encanto de las Telenovelas Turcas - Universo Fam\u00edlia<\/title>\n<meta name=\"description\" content=\"\ud83c\udfac El Encanto de las Telenovelas Turcas. Desde su llegada a las pantallas, las telenovelas turcas han conquistado corazones en todo el mundo.\" \/>\n<meta name=\"robots\" content=\"index, follow, max-snippet:-1, max-image-preview:large, max-video-preview:-1\" \/>\n<link rel=\"canonical\" href=\"https:\/\/universofamilia.com\/hu\/el-encanto-de-las-telenovelas-turcas\/\" \/>\n<meta property=\"og:locale\" content=\"hu_HU\" \/>\n<meta property=\"og:type\" content=\"article\" \/>\n<meta property=\"og:title\" content=\"\ud83c\udfac El Encanto de las Telenovelas Turcas - Universo Fam\u00edlia\" \/>\n<meta property=\"og:description\" content=\"\ud83c\udfac El Encanto de las Telenovelas Turcas. Desde su llegada a las pantallas, las telenovelas turcas han conquistado corazones en todo el mundo.\" \/>\n<meta property=\"og:url\" content=\"https:\/\/universofamilia.com\/hu\/el-encanto-de-las-telenovelas-turcas\/\" \/>\n<meta property=\"og:site_name\" content=\"Universo Fam\u00edlia\" \/>\n<meta property=\"article:published_time\" content=\"2024-05-02T21:33:44+00:00\" \/>\n<meta property=\"article:modified_time\" content=\"2025-10-12T16:51:11+00:00\" \/>\n<meta property=\"og:image\" content=\"https:\/\/universofamilia.com\/wp-content\/uploads\/sites\/148\/2024\/05\/P-550x350-6.jpg\" \/>\n\t<meta property=\"og:image:width\" content=\"550\" \/>\n\t<meta property=\"og:image:height\" content=\"350\" \/>\n\t<meta property=\"og:image:type\" content=\"image\/jpeg\" \/>\n<meta name=\"author\" content=\"Matheus Sangaletti\" \/>\n<meta name=\"twitter:card\" content=\"summary_large_image\" \/>\n<meta name=\"twitter:label1\" content=\"Written by\" \/>\n\t<meta name=\"twitter:data1\" content=\"Matheus Sangaletti\" \/>\n\t<meta name=\"twitter:label2\" content=\"Est. reading time\" \/>\n\t<meta name=\"twitter:data2\" content=\"5 perc\" \/>\n<script type=\"application\/ld+json\" class=\"yoast-schema-graph\">{\"@context\":\"https:\/\/schema.org\",\"@graph\":[{\"@type\":\"WebPage\",\"@id\":\"https:\/\/universofamilia.com\/ko\/el-encanto-de-las-telenovelas-turcas\/\",\"url\":\"https:\/\/universofamilia.com\/ko\/el-encanto-de-las-telenovelas-turcas\/\",\"name\":\"\ud83c\udfac El Encanto de las Telenovelas Turcas - Universo Fam\u00edlia\",\"isPartOf\":{\"@id\":\"https:\/\/universofamilia.com\/el\/#website\"},\"primaryImageOfPage\":{\"@id\":\"https:\/\/universofamilia.com\/ko\/el-encanto-de-las-telenovelas-turcas\/#primaryimage\"},\"image\":{\"@id\":\"https:\/\/universofamilia.com\/ko\/el-encanto-de-las-telenovelas-turcas\/#primaryimage\"},\"thumbnailUrl\":\"https:\/\/universofamilia.com\/wp-content\/uploads\/sites\/148\/2024\/05\/P-550x350-6.jpg\",\"datePublished\":\"2024-05-02T21:33:44+00:00\",\"dateModified\":\"2025-10-12T16:51:11+00:00\",\"author\":{\"@id\":\"https:\/\/universofamilia.com\/el\/#\/schema\/person\/92fcd07e9b1f4323bf74f3170fc0f78a\"},\"description\":\"\ud83c\udfac El Encanto de las Telenovelas Turcas. Desde su llegada a las pantallas, las telenovelas turcas han conquistado corazones en todo el mundo.\",\"breadcrumb\":{\"@id\":\"https:\/\/universofamilia.com\/ko\/el-encanto-de-las-telenovelas-turcas\/#breadcrumb\"},\"inLanguage\":\"hu\",\"potentialAction\":[{\"@type\":\"ReadAction\",\"target\":[\"https:\/\/universofamilia.com\/ko\/el-encanto-de-las-telenovelas-turcas\/\"]}]},{\"@type\":\"ImageObject\",\"inLanguage\":\"hu\",\"@id\":\"https:\/\/universofamilia.com\/ko\/el-encanto-de-las-telenovelas-turcas\/#primaryimage\",\"url\":\"https:\/\/universofamilia.com\/wp-content\/uploads\/sites\/148\/2024\/05\/P-550x350-6.jpg\",\"contentUrl\":\"https:\/\/universofamilia.com\/wp-content\/uploads\/sites\/148\/2024\/05\/P-550x350-6.jpg\",\"width\":550,\"height\":350,\"caption\":\"\ud83c\udfac El Encanto de las Telenovelas Turcas\"},{\"@type\":\"BreadcrumbList\",\"@id\":\"https:\/\/universofamilia.com\/ko\/el-encanto-de-las-telenovelas-turcas\/#breadcrumb\",\"itemListElement\":[{\"@type\":\"ListItem\",\"position\":1,\"name\":\"Home\",\"item\":\"https:\/\/universofamilia.com\/el\/\"},{\"@type\":\"ListItem\",\"position\":2,\"name\":\"\ud83c\udfac El Encanto de las Telenovelas Turcas\"}]},{\"@type\":\"WebSite\",\"@id\":\"https:\/\/universofamilia.com\/el\/#website\",\"url\":\"https:\/\/universofamilia.com\/el\/\",\"name\":\"Universo Fam\u00edlia\",\"description\":\"\",\"potentialAction\":[{\"@type\":\"SearchAction\",\"target\":{\"@type\":\"EntryPoint\",\"urlTemplate\":\"https:\/\/universofamilia.com\/el\/?s={search_term_string}\"},\"query-input\":\"required name=search_term_string\"}],\"inLanguage\":\"hu\"},{\"@type\":\"Person\",\"@id\":\"https:\/\/universofamilia.com\/el\/#\/schema\/person\/92fcd07e9b1f4323bf74f3170fc0f78a\",\"name\":\"Matheus Sangaletti\",\"image\":{\"@type\":\"ImageObject\",\"inLanguage\":\"hu\",\"@id\":\"https:\/\/universofamilia.com\/el\/#\/schema\/person\/image\/\",\"url\":\"https:\/\/secure.gravatar.com\/avatar\/280ea957a14a48e6a1ad2133d2cc27c9?s=96&d=mm&r=g\",\"contentUrl\":\"https:\/\/secure.gravatar.com\/avatar\/280ea957a14a48e6a1ad2133d2cc27c9?s=96&d=mm&r=g\",\"caption\":\"Matheus Sangaletti\"},\"url\":\"https:\/\/universofamilia.com\/hu\/author\/matheuss\/\"}]}<\/script>\n<!-- \/ Yoast SEO plugin. -->","yoast_head_json":{"title":"\ud83c\udfac El Encanto de las Telenovelas Turcas - Universo Fam\u00edlia","description":"\ud83c\udfac El Encanto de las Telenovelas Turcas. Desde su llegada a las pantallas, las telenovelas turcas han conquistado corazones en todo el mundo.","robots":{"index":"index","follow":"follow","max-snippet":"max-snippet:-1","max-image-preview":"max-image-preview:large","max-video-preview":"max-video-preview:-1"},"canonical":"https:\/\/universofamilia.com\/hu\/el-encanto-de-las-telenovelas-turcas\/","og_locale":"hu_HU","og_type":"article","og_title":"\ud83c\udfac El Encanto de las Telenovelas Turcas - Universo Fam\u00edlia","og_description":"\ud83c\udfac El Encanto de las Telenovelas Turcas. Desde su llegada a las pantallas, las telenovelas turcas han conquistado corazones en todo el mundo.","og_url":"https:\/\/universofamilia.com\/hu\/el-encanto-de-las-telenovelas-turcas\/","og_site_name":"Universo Fam\u00edlia","article_published_time":"2024-05-02T21:33:44+00:00","article_modified_time":"2025-10-12T16:51:11+00:00","og_image":[{"width":550,"height":350,"url":"https:\/\/universofamilia.com\/wp-content\/uploads\/sites\/148\/2024\/05\/P-550x350-6.jpg","type":"image\/jpeg"}],"author":"Matheus Sangaletti","twitter_card":"summary_large_image","twitter_misc":{"Written by":"Matheus Sangaletti","Est. reading time":"5 perc"},"schema":{"@context":"https:\/\/schema.org","@graph":[{"@type":"WebPage","@id":"https:\/\/universofamilia.com\/ko\/el-encanto-de-las-telenovelas-turcas\/","url":"https:\/\/universofamilia.com\/ko\/el-encanto-de-las-telenovelas-turcas\/","name":"\ud83c\udfac El Encanto de las Telenovelas Turcas - Universo Fam\u00edlia","isPartOf":{"@id":"https:\/\/universofamilia.com\/el\/#website"},"primaryImageOfPage":{"@id":"https:\/\/universofamilia.com\/ko\/el-encanto-de-las-telenovelas-turcas\/#primaryimage"},"image":{"@id":"https:\/\/universofamilia.com\/ko\/el-encanto-de-las-telenovelas-turcas\/#primaryimage"},"thumbnailUrl":"https:\/\/universofamilia.com\/wp-content\/uploads\/sites\/148\/2024\/05\/P-550x350-6.jpg","datePublished":"2024-05-02T21:33:44+00:00","dateModified":"2025-10-12T16:51:11+00:00","author":{"@id":"https:\/\/universofamilia.com\/el\/#\/schema\/person\/92fcd07e9b1f4323bf74f3170fc0f78a"},"description":"\ud83c\udfac El Encanto de las Telenovelas Turcas. Desde su llegada a las pantallas, las telenovelas turcas han conquistado corazones en todo el mundo.","breadcrumb":{"@id":"https:\/\/universofamilia.com\/ko\/el-encanto-de-las-telenovelas-turcas\/#breadcrumb"},"inLanguage":"hu","potentialAction":[{"@type":"ReadAction","target":["https:\/\/universofamilia.com\/ko\/el-encanto-de-las-telenovelas-turcas\/"]}]},{"@type":"ImageObject","inLanguage":"hu","@id":"https:\/\/universofamilia.com\/ko\/el-encanto-de-las-telenovelas-turcas\/#primaryimage","url":"https:\/\/universofamilia.com\/wp-content\/uploads\/sites\/148\/2024\/05\/P-550x350-6.jpg","contentUrl":"https:\/\/universofamilia.com\/wp-content\/uploads\/sites\/148\/2024\/05\/P-550x350-6.jpg","width":550,"height":350,"caption":"\ud83c\udfac El Encanto de las Telenovelas Turcas"},{"@type":"BreadcrumbList","@id":"https:\/\/universofamilia.com\/ko\/el-encanto-de-las-telenovelas-turcas\/#breadcrumb","itemListElement":[{"@type":"ListItem","position":1,"name":"Home","item":"https:\/\/universofamilia.com\/el\/"},{"@type":"ListItem","position":2,"name":"\ud83c\udfac El Encanto de las Telenovelas Turcas"}]},{"@type":"WebSite","@id":"https:\/\/universofamilia.com\/el\/#website","url":"https:\/\/universofamilia.com\/el\/","name":"Universo Fam\u00edlia","description":"","potentialAction":[{"@type":"SearchAction","target":{"@type":"EntryPoint","urlTemplate":"https:\/\/universofamilia.com\/el\/?s={search_term_string}"},"query-input":"required name=search_term_string"}],"inLanguage":"hu"},{"@type":"Person","@id":"https:\/\/universofamilia.com\/el\/#\/schema\/person\/92fcd07e9b1f4323bf74f3170fc0f78a","name":"Matheus Sangaletti","image":{"@type":"ImageObject","inLanguage":"hu","@id":"https:\/\/universofamilia.com\/el\/#\/schema\/person\/image\/","url":"https:\/\/secure.gravatar.com\/avatar\/280ea957a14a48e6a1ad2133d2cc27c9?s=96&d=mm&r=g","contentUrl":"https:\/\/secure.gravatar.com\/avatar\/280ea957a14a48e6a1ad2133d2cc27c9?s=96&d=mm&r=g","caption":"Matheus Sangaletti"},"url":"https:\/\/universofamilia.com\/hu\/author\/matheuss\/"}]}},"_links":{"self":[{"href":"https:\/\/universofamilia.com\/hu\/wp-json\/wp\/v2\/posts\/5859"}],"collection":[{"href":"https:\/\/universofamilia.com\/hu\/wp-json\/wp\/v2\/posts"}],"about":[{"href":"https:\/\/universofamilia.com\/hu\/wp-json\/wp\/v2\/types\/post"}],"author":[{"embeddable":true,"href":"https:\/\/universofamilia.com\/hu\/wp-json\/wp\/v2\/users\/219"}],"replies":[{"embeddable":true,"href":"https:\/\/universofamilia.com\/hu\/wp-json\/wp\/v2\/comments?post=5859"}],"version-history":[{"count":1,"href":"https:\/\/universofamilia.com\/hu\/wp-json\/wp\/v2\/posts\/5859\/revisions"}],"predecessor-version":[{"id":10038,"href":"https:\/\/universofamilia.com\/hu\/wp-json\/wp\/v2\/posts\/5859\/revisions\/10038"}],"wp:featuredmedia":[{"embeddable":true,"href":"https:\/\/universofamilia.com\/hu\/wp-json\/wp\/v2\/media\/5860"}],"wp:attachment":[{"href":"https:\/\/universofamilia.com\/hu\/wp-json\/wp\/v2\/media?parent=5859"}],"wp:term":[{"taxonomy":"category","embeddable":true,"href":"https:\/\/universofamilia.com\/hu\/wp-json\/wp\/v2\/categories?post=5859"},{"taxonomy":"post_tag","embeddable":true,"href":"https:\/\/universofamilia.com\/hu\/wp-json\/wp\/v2\/tags?post=5859"}],"curies":[{"name":"wp","href":"https:\/\/api.w.org\/{rel}","templated":true}]}}