{"id":5869,"date":"2024-05-03T14:32:42","date_gmt":"2024-05-03T17:32:42","guid":{"rendered":"https:\/\/universofamilia.com\/?p=5869"},"modified":"2025-07-12T17:20:01","modified_gmt":"2025-07-12T20:20:01","slug":"descubre-quien-te-esta-observando-en-las-redes-sociales","status":"publish","type":"post","link":"https:\/\/universofamilia.com\/hu\/descubre-quien-te-esta-observando-en-las-redes-sociales\/","title":{"rendered":"\ud83d\udd0d Tudd meg, ki figyel t\u00e9ged a k\u00f6z\u00f6ss\u00e9gi m\u00e9di\u00e1ban!"},"content":{"rendered":"<p>A k\u00f6z\u00f6ss\u00e9gi m\u00e9dia a modern \u00e9let elengedhetetlen r\u00e9sz\u00e9v\u00e9 v\u00e1lt. Rajta kereszt\u00fcl kapcsolatba l\u00e9phet\u00fcnk bar\u00e1tainkkal, csal\u00e1dtagjainkkal, s\u0151t, \u00faj kapcsolatokat is k\u00f6thet\u00fcnk szerte a vil\u00e1gon.<\/p>\n\n\n\n<p>Azonban, ahogy fontos tudni, hogy ki k\u00f6vet minket, ugyan\u00fagy kulcsfontoss\u00e1g\u00fa meg\u00e9rteni, hogy ki figyel minket an\u00e9lk\u00fcl, hogy nyomot hagyna, an\u00e9lk\u00fcl, hogy ak\u00e1r k\u00f6vet\u0151je is lenne.<\/p>\n\n\n\n<p>Ebben a cikkben ezt a k\u00e9rd\u00e9st vizsg\u00e1ljuk meg, \u00e9s megvitatjuk az online adatv\u00e9delem fontoss\u00e1g\u00e1t.<\/p>\n\n\n\n<p><\/p>\n\n\n\n<hr class=\"wp-block-separator has-text-color has-luminous-vivid-orange-color has-alpha-channel-opacity has-luminous-vivid-orange-background-color has-background\" \/>\n\n\n\n<h2 class=\"wp-block-heading\">Olvasd el m\u00e9g:<\/h2>\n\n\n\n<div class=\"wp-block-columns is-layout-flex wp-container-core-columns-layout-1 wp-block-columns-is-layout-flex\">\n<div class=\"wp-block-column is-layout-flow wp-block-column-is-layout-flow\">\n<div class=\"wp-block-buttons is-layout-flex wp-block-buttons-is-layout-flex\">\n<div class=\"wp-block-button has-custom-width wp-block-button__width-100\" style=\"text-decoration:none\"><a class=\"wp-block-button__link has-white-color has-vivid-cyan-blue-background-color has-text-color has-background has-link-color has-text-align-left wp-element-button\" href=\"https:\/\/universofamilia.com\/hu\/5099\/restaurar-fotos-eliminadas-en-el-telefono-movil\/\" style=\"border-radius:10px\" target=\"_blank\" rel=\"noreferrer noopener\"><font style=\"vertical-align: inherit\"><font style=\"vertical-align: inherit\">\ud83d\udccc T\u00f6r\u00f6lt fot\u00f3k vissza\u00e1ll\u00edt\u00e1sa<\/font><\/font> &gt;<\/a><\/div>\n\n\n\n<div class=\"wp-block-button has-custom-width wp-block-button__width-100\" style=\"text-decoration:none\"><a class=\"wp-block-button__link has-white-color has-vivid-cyan-blue-background-color has-text-color has-background has-link-color has-text-align-left wp-element-button\" href=\"https:\/\/universofamilia.com\/hu\/5491\/aprender-a-conducir-una-revolucion-tecnologica-en-2024\/\" style=\"border-radius:10px\" target=\"_blank\" rel=\"noreferrer noopener\"><font style=\"vertical-align: inherit\"><font style=\"vertical-align: inherit\"><font style=\"vertical-align: inherit\"><font style=\"vertical-align: inherit\">\ud83d\udccc Vezet\u00e9s tanul\u00e1sa<\/font><\/font><\/font><\/font> &gt;<\/a><\/div>\n<\/div>\n<\/div>\n<\/div>\n\n\n\n<hr class=\"wp-block-separator has-text-color has-luminous-vivid-orange-color has-alpha-channel-opacity has-luminous-vivid-orange-background-color has-background\" \/>\n\n\n\n<p><\/p>\n\n\n\n<h2 class=\"wp-block-heading\">Fontos tudni, hogy kik figyelnek minket a k\u00f6z\u00f6ss\u00e9gi m\u00e9di\u00e1ban<\/h2>\n\n\n\n<p>Term\u00e9szetes, hogy tudni szeretn\u00e9nk, kit \u00e9rdekel a profilunk \u00e9s a megosztott tartalmaink.<\/p>\n\n\n\n<p>Ez a k\u00edv\u00e1ncsis\u00e1g m\u00e9g aktu\u00e1lisabb\u00e1 v\u00e1lik, ha figyelembe vessz\u00fck, hogy vannak emberek, akik csendben k\u00f6vetnek minket, \u00e9s semmi nyomot sem hagynak maguk ut\u00e1n.<\/p>\n\n\n\n<p>Ha tudjuk, hogy kik ezek az emberek, az seg\u00edthet jobban meg\u00e9rteni a k\u00f6z\u00f6ns\u00e9g\u00fcnket, \u00e9s elker\u00fclni a potenci\u00e1lisan k\u00ednos helyzeteket.<\/p>\n\n\n\n<h2 class=\"wp-block-heading\">Alapvet\u0151 ell\u00e1t\u00e1s a k\u00f6z\u00f6ss\u00e9gi m\u00e9di\u00e1ban<\/h2>\n\n\n\n<p>Miel\u0151tt belemenn\u00e9nk annak r\u00e9szleteibe, hogyan der\u00edthetj\u00fck ki, ki figyel minket, fontos megjegyezni n\u00e9h\u00e1ny alapvet\u0151 \u00f3vint\u00e9zked\u00e9st, amelyeket mindannyiunknak meg kell tenn\u00fcnk a k\u00f6z\u00f6ss\u00e9gi m\u00e9dia haszn\u00e1lata sor\u00e1n.<\/p>\n\n\n\n<p>El\u0151sz\u00f6r is, elengedhetetlen, hogy rendszeresen ellen\u0151rizz\u00fck az adatv\u00e9delmi be\u00e1ll\u00edt\u00e1sainkat, \u00e9s biztos\u00edtsuk, hogy csak azok f\u00e9rhessenek hozz\u00e1 a tartalmainkhoz, akiknek szeretn\u00e9nk.<\/p>\n\n\n\n<p>Ezenk\u00edv\u00fcl \u00f3vatosnak kell lenn\u00fcnk, amikor bar\u00e1ti k\u00e9relmeket fogadunk el, vagy ismeretlen profilokat k\u00f6vet\u00fcnk, mivel soha nem tudhatjuk, mik a sz\u00e1nd\u00e9kaik.<\/p>\n\n\n<div class=\"wp-block-image\">\n<figure class=\"aligncenter size-full\"><img loading=\"lazy\" decoding=\"async\" width=\"550\" height=\"350\" src=\"http:\/\/universofamilia.com\/wp-content\/uploads\/sites\/148\/2024\/05\/P-550x350-1-1.jpg\" alt=\"\" class=\"wp-image-5870\" srcset=\"https:\/\/universofamilia.com\/wp-content\/uploads\/sites\/148\/2024\/05\/P-550x350-1-1.jpg 550w, https:\/\/universofamilia.com\/wp-content\/uploads\/sites\/148\/2024\/05\/P-550x350-1-1-300x191.jpg 300w\" sizes=\"(max-width: 550px) 100vw, 550px\" \/><figcaption class=\"wp-element-caption\">\ud83d\udd0d Tudd meg, ki figyel t\u00e9ged a k\u00f6z\u00f6ss\u00e9gi m\u00e9di\u00e1ban!<\/figcaption><\/figure><\/div>\n\n\n<h2 class=\"wp-block-heading\">Mit mondanak a felhaszn\u00e1l\u00f3k az alkalmaz\u00e1sokr\u00f3l?<\/h2>\n\n\n\n<p>Sz\u00e1mos olyan eszk\u00f6z \u00e1ll rendelkez\u00e9sre, amelyek \u00e1ll\u00edt\u00f3lag inform\u00e1ci\u00f3t ny\u00fajtanak arr\u00f3l, hogy kik l\u00e1togatt\u00e1k meg a k\u00f6z\u00f6ss\u00e9gi m\u00e9dia profilunkat.<\/p>\n\n\n\n<p>Fontos azonban megjegyezni, hogy az olyan platformok, mint az Instagram, hivatalosan nem k\u00f6zlik ezt az inform\u00e1ci\u00f3t.<\/p>\n\n\n\n<p>Ez\u00e9rt az ezt a szolg\u00e1ltat\u00e1st k\u00edn\u00e1l\u00f3 alkalmaz\u00e1sok alternat\u00edv m\u00f3dszereket haszn\u00e1lnak, amelyek nem mindig pontosak vagy megb\u00edzhat\u00f3ak.<\/p>\n\n\n\n<p>A felhaszn\u00e1l\u00f3i v\u00e9lem\u00e9nyek elemz\u00e9se ut\u00e1n h\u00e1rom n\u00e9pszer\u0171 alkalmaz\u00e1s emelkedik ki:<\/p>\n\n\n\n<ol class=\"wp-block-list\">\n<li><strong>Jelent\u00e9sek+ \u2013 K\u00f6vet\u0151k, K\u00f6vet\u00e9s \u00e9s Elemz\u00e9s<\/strong>Ez az Androidra \u00e9s iOS-re el\u00e9rhet\u0151 alkalmaz\u00e1s pozit\u00edv \u00e9rt\u00e9kel\u00e9seket kapott, mivel r\u00e9szletes inform\u00e1ci\u00f3kat ny\u00fajt arr\u00f3l, hogy kik k\u00f6vetnek minket \u00e9s kik l\u00e1togattak el hozz\u00e1nk. Sok felhaszn\u00e1l\u00f3 dics\u00e9ri a pontoss\u00e1g\u00e1t \u00e9s hasznoss\u00e1g\u00e1t a hamis fi\u00f3kok vagy botok azonos\u00edt\u00e1s\u00e1ban.<\/li>\n\n\n\n<li><strong>InSight \u2013 Analitika \u00e9s statisztik\u00e1k Instagramhoz<\/strong>A sz\u00e9lesk\u00f6r\u0171 elemz\u0151eszk\u00f6z\u00f6knek k\u00f6sz\u00f6nhet\u0151en ez az alkalmaz\u00e1s dics\u00e9retesen k\u00e9pes r\u00e9szletes jelent\u00e9seket k\u00e9sz\u00edteni a profiln\u00f6veked\u00e9sr\u0151l. A felhaszn\u00e1l\u00f3k kiemelik a c\u00e9lk\u00f6z\u00f6ns\u00e9g meg\u00e9rt\u00e9s\u00e9ben val\u00f3 hasznoss\u00e1g\u00e1t is.<\/li>\n\n\n\n<li><strong>K\u00f6z\u00f6ss\u00e9gi m\u00e9dia szkennel\u00e9s Instagramhoz<\/strong>Ez az egyszer\u0171 \u00e9s k\u00f6nnyen haszn\u00e1lhat\u00f3 alkalmaz\u00e1s n\u00e9pszer\u0171s\u00e9gre tett szert azok k\u00f6r\u00e9ben a felhaszn\u00e1l\u00f3k k\u00f6r\u00e9ben, akik szeretn\u00e9k nyomon k\u00f6vetni a l\u00e1togat\u00f3ikat. Nagyra \u00e9rt\u00e9kelik, hogy k\u00e9pes megjelen\u00edteni a legakt\u00edvabb \u00e9s legelk\u00f6telezettebb k\u00f6vet\u0151ket.<\/li>\n<\/ol>\n\n\n\n<h2 class=\"wp-block-heading\">Fontos szempontok ezekkel az alkalmaz\u00e1sokkal kapcsolatban<\/h2>\n\n\n\n<p>Miel\u0151tt belev\u00e1gn\u00e1l ezeknek az alkalmaz\u00e1soknak a let\u00f6lt\u00e9s\u00e9be, fontos, hogy szem el\u0151tt tarts n\u00e9h\u00e1ny fontos szempontot.<\/p>\n\n\n\n<p>El\u0151sz\u00f6r is meg kell \u00e9rtened, hogy ezek az alkalmaz\u00e1sok \u00fagy m\u0171k\u00f6dnek, hogy adatokat gy\u0171jtenek a profilodr\u00f3l \u00e9s m\u00e1s felhaszn\u00e1l\u00f3kr\u00f3l az Instagram API-n kereszt\u00fcl.<\/p>\n\n\n\n<p>Ez adatv\u00e9delmi \u00e9s biztons\u00e1gi agg\u00e1lyokat vethet fel, k\u00fcl\u00f6n\u00f6sen akkor, ha bejelentkez\u00e9si adatokat oszt meg harmadik f\u00e9lt\u0151l sz\u00e1rmaz\u00f3 alkalmaz\u00e1sokkal.<\/p>\n\n\n\n<p>Tov\u00e1bb\u00e1 az alkalmaz\u00e1sok \u00e1ltal szolg\u00e1ltatott inform\u00e1ci\u00f3k pontoss\u00e1ga jelent\u0151sen v\u00e1ltozhat.<\/p>\n\n\n\n<p>Fontos, hogy k\u00f6r\u00fcltekint\u0151en \u00e9s m\u00e9rt\u00e9kkel haszn\u00e1ljuk \u0151ket, mindig eml\u00e9kezve arra, hogy a profilunkkal interakci\u00f3ba l\u00e9p\u0151k megismer\u00e9s\u00e9nek legjobb m\u00f3dja a haszn\u00e1lt k\u00f6z\u00f6ss\u00e9gi h\u00e1l\u00f3zat nat\u00edv eszk\u00f6zein kereszt\u00fcl t\u00f6rt\u00e9nik.<\/p>\n\n\n\n<h2 class=\"wp-block-heading\">K\u00f6vetkeztet\u00e9s<\/h2>\n\n\n\n<p>R\u00f6viden, ijeszt\u0151 feladat lehet kider\u00edteni, hogy kik n\u00e9zik a k\u00f6z\u00f6ss\u00e9gi m\u00e9dia profilunkat, de fontos, hogy felel\u0151ss\u00e9gteljesen tegy\u00fck ezt.<\/p>\n\n\n\n<p>A fent eml\u00edtett alkalmaz\u00e1sok k\u00e9nyelmes m\u00f3dot k\u00edn\u00e1lnak arra, hogy betekint\u00e9st nyerj\u00fcnk a k\u00f6z\u00f6ns\u00e9g\u00fcnkbe, de elengedhetetlen, hogy k\u00f6r\u00fcltekint\u0151en haszn\u00e1ljuk \u0151ket, mindig figyelembe v\u00e9ve az adatv\u00e9delmi \u00e9s biztons\u00e1gi k\u00e9rd\u00e9seket.<\/p>\n\n\n\n<p>Ha \u00e9rdekel, hogy kipr\u00f3b\u00e1ld ezeket az alkalmaz\u00e1sokat, let\u00f6ltheted \u0151ket az Android \u00e9s iOS alkalmaz\u00e1sboltokb\u00f3l.<\/p>\n\n\n\n<p>Let\u00f6lt\u00e9s el\u0151tt mindig ne felejtsd el ellen\u0151rizni m\u00e1s felhaszn\u00e1l\u00f3k \u00e9rt\u00e9kel\u00e9seit \u00e9s hozz\u00e1sz\u00f3l\u00e1sait.<\/p>\n\n\n\n<p>Der\u00edtsd ki, ki figyel t\u00e9ged, \u00e9s tedd meg a sz\u00fcks\u00e9ges \u00f3vint\u00e9zked\u00e9seket online adatv\u00e9delmed v\u00e9delme \u00e9rdek\u00e9ben!<\/p>\n\n\n\n<h3 class=\"wp-block-heading\">\ud83d\udcf1 <strong>Let\u00f6lt\u00e9si linkek:<\/strong><\/h3>\n\n\n\n<ul class=\"wp-block-list\">\n<li><a href=\"https:\/\/apps.apple.com\/us\/app\/instagram\/id389801252\" target=\"_blank\" rel=\"noreferrer noopener\">InSight \u2013 App Store<\/a><\/li>\n\n\n\n<li><a href=\"https:\/\/apps.apple.com\/us\/app\/social-scan-followers-tracker\/id1210090447\" target=\"_blank\" rel=\"noreferrer noopener\">K\u00f6z\u00f6ss\u00e9gi m\u00e9dia szkennel\u00e9s Instagramhoz \u2013 App Store<\/a><\/li>\n<\/ul>\n\n\n\n<p><\/p>\n\n\n\n<hr class=\"wp-block-separator has-text-color has-luminous-vivid-orange-color has-alpha-channel-opacity has-luminous-vivid-orange-background-color has-background\" \/>\n\n\n\n<h2 class=\"wp-block-heading\">Olvasd el m\u00e9g:<\/h2>\n\n\n\n<div class=\"wp-block-columns is-layout-flex wp-container-core-columns-layout-2 wp-block-columns-is-layout-flex\">\n<div class=\"wp-block-column is-layout-flow wp-block-column-is-layout-flow\">\n<div class=\"wp-block-buttons is-layout-flex wp-block-buttons-is-layout-flex\">\n<div class=\"wp-block-button has-custom-width wp-block-button__width-100\" style=\"text-decoration:none\"><a class=\"wp-block-button__link has-white-color has-vivid-cyan-blue-background-color has-text-color has-background has-link-color has-text-align-left wp-element-button\" href=\"https:\/\/universofamilia.com\/hu\/5099\/restaurar-fotos-eliminadas-en-el-telefono-movil\/\" style=\"border-radius:10px\" target=\"_blank\" rel=\"noreferrer noopener\"><font style=\"vertical-align: inherit\"><font style=\"vertical-align: inherit\">\ud83d\udccc T\u00f6r\u00f6lt fot\u00f3k vissza\u00e1ll\u00edt\u00e1sa<\/font><\/font> &gt;<\/a><\/div>\n\n\n\n<div class=\"wp-block-button has-custom-width wp-block-button__width-100\" style=\"text-decoration:none\"><a class=\"wp-block-button__link has-white-color has-vivid-cyan-blue-background-color has-text-color has-background has-link-color has-text-align-left wp-element-button\" href=\"https:\/\/universofamilia.com\/hu\/5491\/aprender-a-conducir-una-revolucion-tecnologica-en-2024\/\" style=\"border-radius:10px\" target=\"_blank\" rel=\"noreferrer noopener\"><font style=\"vertical-align: inherit\"><font style=\"vertical-align: inherit\"><font style=\"vertical-align: inherit\"><font style=\"vertical-align: inherit\">\ud83d\udccc Vezet\u00e9s tanul\u00e1sa<\/font><\/font><\/font><\/font> &gt;<\/a><\/div>\n<\/div>\n<\/div>\n<\/div>\n\n\n\n<hr class=\"wp-block-separator has-text-color has-luminous-vivid-orange-color has-alpha-channel-opacity has-luminous-vivid-orange-background-color has-background\" \/>\n\n\n\n<p><\/p>","protected":false},"excerpt":{"rendered":"<p>Las redes sociales se han convertido en una parte esencial de la vida moderna. Con ellas, podemos conectarnos con amigos, familiares e incluso hacer nuevas amistades en todo el mundo. Sin embargo, as\u00ed como es importante saber qui\u00e9nes son las personas que nos siguen, tambi\u00e9n es crucial entender qui\u00e9n nos est\u00e1 observando sin dejar rastros, [&hellip;]<\/p>","protected":false},"author":139,"featured_media":5870,"comment_status":"closed","ping_status":"open","sticky":false,"template":"","format":"standard","meta":{"footnotes":""},"categories":[2],"tags":[17,25,1670],"yoast_head":"<!-- This site is optimized with the Yoast SEO plugin v23.3 - https:\/\/yoast.com\/wordpress\/plugins\/seo\/ -->\n<title>\ud83d\udd0d \u00a1Descubre qui\u00e9n te est\u00e1 observando en las redes sociales! - Universo Fam\u00edlia<\/title>\n<meta name=\"description\" content=\"\ud83d\udd0d \u00a1Descubre qui\u00e9n te est\u00e1 observando en las redes sociales! Las redes sociales se han convertido en una parte esencial de la vida moderna\" \/>\n<meta name=\"robots\" content=\"index, follow, max-snippet:-1, max-image-preview:large, max-video-preview:-1\" \/>\n<link rel=\"canonical\" href=\"https:\/\/universofamilia.com\/hu\/\u09b8\u09cb\u09b6\u09cd\u09af\u09be\u09b2-\u09ae\u09bf\u09a1\u09bf\u09af\u09bc\u09be\u09af\u09bc-\u0995\u09c7-\u0986\u09aa\u09a8-2\/\" \/>\n<meta property=\"og:locale\" content=\"hu_HU\" \/>\n<meta property=\"og:type\" content=\"article\" \/>\n<meta property=\"og:title\" content=\"\ud83d\udd0d \u00a1Descubre qui\u00e9n te est\u00e1 observando en las redes sociales! - Universo Fam\u00edlia\" \/>\n<meta property=\"og:description\" content=\"\ud83d\udd0d \u00a1Descubre qui\u00e9n te est\u00e1 observando en las redes sociales! Las redes sociales se han convertido en una parte esencial de la vida moderna\" \/>\n<meta property=\"og:url\" content=\"https:\/\/universofamilia.com\/hu\/\u09b8\u09cb\u09b6\u09cd\u09af\u09be\u09b2-\u09ae\u09bf\u09a1\u09bf\u09af\u09bc\u09be\u09af\u09bc-\u0995\u09c7-\u0986\u09aa\u09a8-2\/\" \/>\n<meta property=\"og:site_name\" content=\"Universo Fam\u00edlia\" \/>\n<meta property=\"article:published_time\" content=\"2024-05-03T17:32:42+00:00\" \/>\n<meta property=\"article:modified_time\" content=\"2025-07-12T20:20:01+00:00\" \/>\n<meta property=\"og:image\" content=\"https:\/\/universofamilia.com\/wp-content\/uploads\/sites\/148\/2024\/05\/P-550x350-1-1.jpg\" \/>\n\t<meta property=\"og:image:width\" content=\"550\" \/>\n\t<meta property=\"og:image:height\" content=\"350\" \/>\n\t<meta property=\"og:image:type\" content=\"image\/jpeg\" \/>\n<meta name=\"author\" content=\"Pedro Henrique\" \/>\n<meta name=\"twitter:card\" content=\"summary_large_image\" \/>\n<meta name=\"twitter:label1\" content=\"Written by\" \/>\n\t<meta name=\"twitter:data1\" content=\"Pedro Henrique\" \/>\n\t<meta name=\"twitter:label2\" content=\"Est. reading time\" \/>\n\t<meta name=\"twitter:data2\" content=\"5 perc\" \/>\n<script type=\"application\/ld+json\" class=\"yoast-schema-graph\">{\"@context\":\"https:\/\/schema.org\",\"@graph\":[{\"@type\":\"WebPage\",\"@id\":\"https:\/\/universofamilia.com\/bn\/\u09b8\u09cb\u09b6\u09cd\u09af\u09be\u09b2-\u09ae\u09bf\u09a1\u09bf\u09af\u09bc\u09be\u09af\u09bc-\u0995\u09c7-\u0986\u09aa\u09a8-2\/\",\"url\":\"https:\/\/universofamilia.com\/bn\/\u09b8\u09cb\u09b6\u09cd\u09af\u09be\u09b2-\u09ae\u09bf\u09a1\u09bf\u09af\u09bc\u09be\u09af\u09bc-\u0995\u09c7-\u0986\u09aa\u09a8-2\/\",\"name\":\"\ud83d\udd0d \u00a1Descubre qui\u00e9n te est\u00e1 observando en las redes sociales! - Universo Fam\u00edlia\",\"isPartOf\":{\"@id\":\"https:\/\/universofamilia.com\/el\/#website\"},\"primaryImageOfPage\":{\"@id\":\"https:\/\/universofamilia.com\/bn\/\u09b8\u09cb\u09b6\u09cd\u09af\u09be\u09b2-\u09ae\u09bf\u09a1\u09bf\u09af\u09bc\u09be\u09af\u09bc-\u0995\u09c7-\u0986\u09aa\u09a8-2\/#primaryimage\"},\"image\":{\"@id\":\"https:\/\/universofamilia.com\/bn\/\u09b8\u09cb\u09b6\u09cd\u09af\u09be\u09b2-\u09ae\u09bf\u09a1\u09bf\u09af\u09bc\u09be\u09af\u09bc-\u0995\u09c7-\u0986\u09aa\u09a8-2\/#primaryimage\"},\"thumbnailUrl\":\"https:\/\/universofamilia.com\/wp-content\/uploads\/sites\/148\/2024\/05\/P-550x350-1-1.jpg\",\"datePublished\":\"2024-05-03T17:32:42+00:00\",\"dateModified\":\"2025-07-12T20:20:01+00:00\",\"author\":{\"@id\":\"https:\/\/universofamilia.com\/el\/#\/schema\/person\/f07ce98187dd84d31154262e79b3b7ca\"},\"description\":\"\ud83d\udd0d \u00a1Descubre qui\u00e9n te est\u00e1 observando en las redes sociales! Las redes sociales se han convertido en una parte esencial de la vida moderna\",\"breadcrumb\":{\"@id\":\"https:\/\/universofamilia.com\/bn\/\u09b8\u09cb\u09b6\u09cd\u09af\u09be\u09b2-\u09ae\u09bf\u09a1\u09bf\u09af\u09bc\u09be\u09af\u09bc-\u0995\u09c7-\u0986\u09aa\u09a8-2\/#breadcrumb\"},\"inLanguage\":\"hu\",\"potentialAction\":[{\"@type\":\"ReadAction\",\"target\":[\"https:\/\/universofamilia.com\/bn\/\u09b8\u09cb\u09b6\u09cd\u09af\u09be\u09b2-\u09ae\u09bf\u09a1\u09bf\u09af\u09bc\u09be\u09af\u09bc-\u0995\u09c7-\u0986\u09aa\u09a8-2\/\"]}]},{\"@type\":\"ImageObject\",\"inLanguage\":\"hu\",\"@id\":\"https:\/\/universofamilia.com\/bn\/\u09b8\u09cb\u09b6\u09cd\u09af\u09be\u09b2-\u09ae\u09bf\u09a1\u09bf\u09af\u09bc\u09be\u09af\u09bc-\u0995\u09c7-\u0986\u09aa\u09a8-2\/#primaryimage\",\"url\":\"https:\/\/universofamilia.com\/wp-content\/uploads\/sites\/148\/2024\/05\/P-550x350-1-1.jpg\",\"contentUrl\":\"https:\/\/universofamilia.com\/wp-content\/uploads\/sites\/148\/2024\/05\/P-550x350-1-1.jpg\",\"width\":550,\"height\":350,\"caption\":\"\ud83d\udd0d \u00a1Descubre qui\u00e9n te est\u00e1 observando en las redes sociales!\"},{\"@type\":\"BreadcrumbList\",\"@id\":\"https:\/\/universofamilia.com\/bn\/\u09b8\u09cb\u09b6\u09cd\u09af\u09be\u09b2-\u09ae\u09bf\u09a1\u09bf\u09af\u09bc\u09be\u09af\u09bc-\u0995\u09c7-\u0986\u09aa\u09a8-2\/#breadcrumb\",\"itemListElement\":[{\"@type\":\"ListItem\",\"position\":1,\"name\":\"Home\",\"item\":\"https:\/\/universofamilia.com\/el\/\"},{\"@type\":\"ListItem\",\"position\":2,\"name\":\"\ud83d\udd0d \u00a1Descubre qui\u00e9n te est\u00e1 observando en las redes sociales!\"}]},{\"@type\":\"WebSite\",\"@id\":\"https:\/\/universofamilia.com\/el\/#website\",\"url\":\"https:\/\/universofamilia.com\/el\/\",\"name\":\"Universo Fam\u00edlia\",\"description\":\"\",\"potentialAction\":[{\"@type\":\"SearchAction\",\"target\":{\"@type\":\"EntryPoint\",\"urlTemplate\":\"https:\/\/universofamilia.com\/el\/?s={search_term_string}\"},\"query-input\":\"required name=search_term_string\"}],\"inLanguage\":\"hu\"},{\"@type\":\"Person\",\"@id\":\"https:\/\/universofamilia.com\/el\/#\/schema\/person\/f07ce98187dd84d31154262e79b3b7ca\",\"name\":\"Pedro Henrique\",\"image\":{\"@type\":\"ImageObject\",\"inLanguage\":\"hu\",\"@id\":\"https:\/\/universofamilia.com\/el\/#\/schema\/person\/image\/\",\"url\":\"https:\/\/secure.gravatar.com\/avatar\/9edfeb808cb4e1599f64d6e45b130154?s=96&d=mm&r=g\",\"contentUrl\":\"https:\/\/secure.gravatar.com\/avatar\/9edfeb808cb4e1599f64d6e45b130154?s=96&d=mm&r=g\",\"caption\":\"Pedro Henrique\"},\"url\":\"https:\/\/universofamilia.com\/hu\/author\/editor01\/\"}]}<\/script>\n<!-- \/ Yoast SEO plugin. -->","yoast_head_json":{"title":"\ud83d\udd0d \u00a1Descubre qui\u00e9n te est\u00e1 observando en las redes sociales! - Universo Fam\u00edlia","description":"\ud83d\udd0d \u00a1Descubre qui\u00e9n te est\u00e1 observando en las redes sociales! Las redes sociales se han convertido en una parte esencial de la vida moderna","robots":{"index":"index","follow":"follow","max-snippet":"max-snippet:-1","max-image-preview":"max-image-preview:large","max-video-preview":"max-video-preview:-1"},"canonical":"https:\/\/universofamilia.com\/hu\/\u09b8\u09cb\u09b6\u09cd\u09af\u09be\u09b2-\u09ae\u09bf\u09a1\u09bf\u09af\u09bc\u09be\u09af\u09bc-\u0995\u09c7-\u0986\u09aa\u09a8-2\/","og_locale":"hu_HU","og_type":"article","og_title":"\ud83d\udd0d \u00a1Descubre qui\u00e9n te est\u00e1 observando en las redes sociales! - Universo Fam\u00edlia","og_description":"\ud83d\udd0d \u00a1Descubre qui\u00e9n te est\u00e1 observando en las redes sociales! Las redes sociales se han convertido en una parte esencial de la vida moderna","og_url":"https:\/\/universofamilia.com\/hu\/\u09b8\u09cb\u09b6\u09cd\u09af\u09be\u09b2-\u09ae\u09bf\u09a1\u09bf\u09af\u09bc\u09be\u09af\u09bc-\u0995\u09c7-\u0986\u09aa\u09a8-2\/","og_site_name":"Universo Fam\u00edlia","article_published_time":"2024-05-03T17:32:42+00:00","article_modified_time":"2025-07-12T20:20:01+00:00","og_image":[{"width":550,"height":350,"url":"https:\/\/universofamilia.com\/wp-content\/uploads\/sites\/148\/2024\/05\/P-550x350-1-1.jpg","type":"image\/jpeg"}],"author":"Pedro Henrique","twitter_card":"summary_large_image","twitter_misc":{"Written by":"Pedro Henrique","Est. reading time":"5 perc"},"schema":{"@context":"https:\/\/schema.org","@graph":[{"@type":"WebPage","@id":"https:\/\/universofamilia.com\/bn\/\u09b8\u09cb\u09b6\u09cd\u09af\u09be\u09b2-\u09ae\u09bf\u09a1\u09bf\u09af\u09bc\u09be\u09af\u09bc-\u0995\u09c7-\u0986\u09aa\u09a8-2\/","url":"https:\/\/universofamilia.com\/bn\/\u09b8\u09cb\u09b6\u09cd\u09af\u09be\u09b2-\u09ae\u09bf\u09a1\u09bf\u09af\u09bc\u09be\u09af\u09bc-\u0995\u09c7-\u0986\u09aa\u09a8-2\/","name":"\ud83d\udd0d \u00a1Descubre qui\u00e9n te est\u00e1 observando en las redes sociales! - Universo Fam\u00edlia","isPartOf":{"@id":"https:\/\/universofamilia.com\/el\/#website"},"primaryImageOfPage":{"@id":"https:\/\/universofamilia.com\/bn\/\u09b8\u09cb\u09b6\u09cd\u09af\u09be\u09b2-\u09ae\u09bf\u09a1\u09bf\u09af\u09bc\u09be\u09af\u09bc-\u0995\u09c7-\u0986\u09aa\u09a8-2\/#primaryimage"},"image":{"@id":"https:\/\/universofamilia.com\/bn\/\u09b8\u09cb\u09b6\u09cd\u09af\u09be\u09b2-\u09ae\u09bf\u09a1\u09bf\u09af\u09bc\u09be\u09af\u09bc-\u0995\u09c7-\u0986\u09aa\u09a8-2\/#primaryimage"},"thumbnailUrl":"https:\/\/universofamilia.com\/wp-content\/uploads\/sites\/148\/2024\/05\/P-550x350-1-1.jpg","datePublished":"2024-05-03T17:32:42+00:00","dateModified":"2025-07-12T20:20:01+00:00","author":{"@id":"https:\/\/universofamilia.com\/el\/#\/schema\/person\/f07ce98187dd84d31154262e79b3b7ca"},"description":"\ud83d\udd0d \u00a1Descubre qui\u00e9n te est\u00e1 observando en las redes sociales! Las redes sociales se han convertido en una parte esencial de la vida moderna","breadcrumb":{"@id":"https:\/\/universofamilia.com\/bn\/\u09b8\u09cb\u09b6\u09cd\u09af\u09be\u09b2-\u09ae\u09bf\u09a1\u09bf\u09af\u09bc\u09be\u09af\u09bc-\u0995\u09c7-\u0986\u09aa\u09a8-2\/#breadcrumb"},"inLanguage":"hu","potentialAction":[{"@type":"ReadAction","target":["https:\/\/universofamilia.com\/bn\/\u09b8\u09cb\u09b6\u09cd\u09af\u09be\u09b2-\u09ae\u09bf\u09a1\u09bf\u09af\u09bc\u09be\u09af\u09bc-\u0995\u09c7-\u0986\u09aa\u09a8-2\/"]}]},{"@type":"ImageObject","inLanguage":"hu","@id":"https:\/\/universofamilia.com\/bn\/\u09b8\u09cb\u09b6\u09cd\u09af\u09be\u09b2-\u09ae\u09bf\u09a1\u09bf\u09af\u09bc\u09be\u09af\u09bc-\u0995\u09c7-\u0986\u09aa\u09a8-2\/#primaryimage","url":"https:\/\/universofamilia.com\/wp-content\/uploads\/sites\/148\/2024\/05\/P-550x350-1-1.jpg","contentUrl":"https:\/\/universofamilia.com\/wp-content\/uploads\/sites\/148\/2024\/05\/P-550x350-1-1.jpg","width":550,"height":350,"caption":"\ud83d\udd0d \u00a1Descubre qui\u00e9n te est\u00e1 observando en las redes sociales!"},{"@type":"BreadcrumbList","@id":"https:\/\/universofamilia.com\/bn\/\u09b8\u09cb\u09b6\u09cd\u09af\u09be\u09b2-\u09ae\u09bf\u09a1\u09bf\u09af\u09bc\u09be\u09af\u09bc-\u0995\u09c7-\u0986\u09aa\u09a8-2\/#breadcrumb","itemListElement":[{"@type":"ListItem","position":1,"name":"Home","item":"https:\/\/universofamilia.com\/el\/"},{"@type":"ListItem","position":2,"name":"\ud83d\udd0d \u00a1Descubre qui\u00e9n te est\u00e1 observando en las redes sociales!"}]},{"@type":"WebSite","@id":"https:\/\/universofamilia.com\/el\/#website","url":"https:\/\/universofamilia.com\/el\/","name":"Universo Fam\u00edlia","description":"","potentialAction":[{"@type":"SearchAction","target":{"@type":"EntryPoint","urlTemplate":"https:\/\/universofamilia.com\/el\/?s={search_term_string}"},"query-input":"required name=search_term_string"}],"inLanguage":"hu"},{"@type":"Person","@id":"https:\/\/universofamilia.com\/el\/#\/schema\/person\/f07ce98187dd84d31154262e79b3b7ca","name":"Pedro Henrique","image":{"@type":"ImageObject","inLanguage":"hu","@id":"https:\/\/universofamilia.com\/el\/#\/schema\/person\/image\/","url":"https:\/\/secure.gravatar.com\/avatar\/9edfeb808cb4e1599f64d6e45b130154?s=96&d=mm&r=g","contentUrl":"https:\/\/secure.gravatar.com\/avatar\/9edfeb808cb4e1599f64d6e45b130154?s=96&d=mm&r=g","caption":"Pedro Henrique"},"url":"https:\/\/universofamilia.com\/hu\/author\/editor01\/"}]}},"_links":{"self":[{"href":"https:\/\/universofamilia.com\/hu\/wp-json\/wp\/v2\/posts\/5869"}],"collection":[{"href":"https:\/\/universofamilia.com\/hu\/wp-json\/wp\/v2\/posts"}],"about":[{"href":"https:\/\/universofamilia.com\/hu\/wp-json\/wp\/v2\/types\/post"}],"author":[{"embeddable":true,"href":"https:\/\/universofamilia.com\/hu\/wp-json\/wp\/v2\/users\/139"}],"replies":[{"embeddable":true,"href":"https:\/\/universofamilia.com\/hu\/wp-json\/wp\/v2\/comments?post=5869"}],"version-history":[{"count":2,"href":"https:\/\/universofamilia.com\/hu\/wp-json\/wp\/v2\/posts\/5869\/revisions"}],"predecessor-version":[{"id":9563,"href":"https:\/\/universofamilia.com\/hu\/wp-json\/wp\/v2\/posts\/5869\/revisions\/9563"}],"wp:featuredmedia":[{"embeddable":true,"href":"https:\/\/universofamilia.com\/hu\/wp-json\/wp\/v2\/media\/5870"}],"wp:attachment":[{"href":"https:\/\/universofamilia.com\/hu\/wp-json\/wp\/v2\/media?parent=5869"}],"wp:term":[{"taxonomy":"category","embeddable":true,"href":"https:\/\/universofamilia.com\/hu\/wp-json\/wp\/v2\/categories?post=5869"},{"taxonomy":"post_tag","embeddable":true,"href":"https:\/\/universofamilia.com\/hu\/wp-json\/wp\/v2\/tags?post=5869"}],"curies":[{"name":"wp","href":"https:\/\/api.w.org\/{rel}","templated":true}]}}