{"id":5900,"date":"2024-05-08T14:40:48","date_gmt":"2024-05-08T17:40:48","guid":{"rendered":"https:\/\/universofamilia.com\/?p=5900"},"modified":"2025-01-28T13:09:15","modified_gmt":"2025-01-28T13:09:15","slug":"reflejo-y-transmision-de-pantalla-para-tv","status":"publish","type":"post","link":"https:\/\/universofamilia.com\/hu\/reflejo-y-transmision-de-pantalla-para-tv\/","title":{"rendered":"\ud83d\udcf1 K\u00e9perny\u0151t\u00fckr\u00f6z\u00e9s \u00e9s TV-re \u00e1tk\u00fcld\u00e9s\ud83d\udcfa"},"content":{"rendered":"<p>\ud83d\udcf1 K\u00e9perny\u0151t\u00fckr\u00f6z\u00e9s \u00e9s t\u00e9v\u00e9re sug\u00e1rz\u00e1s: Technol\u00f3giai forradalom! \ud83d\udcfa<\/p>\n\n\n\n<p>Manaps\u00e1g a technol\u00f3gia sz\u00e1mtalan lehet\u0151s\u00e9get k\u00edn\u00e1l arra, hogy a legt\u00f6bbet hozzuk ki mobileszk\u00f6zeinkb\u0151l.<\/p>\n\n\n\n<p>Az egyik legizgalmasabb fejleszt\u00e9s az okostelefonunk k\u00e9perny\u0151j\u00e9nek k\u00f6zvetlen\u00fcl a t\u00e9v\u00e9nkre t\u00fckr\u00f6z\u00e9s\u00e9nek lehet\u0151s\u00e9ge.<\/p>\n\n\n\n<p>\ud83d\ude80 Ez a lehet\u0151s\u00e9gek t\u00e1rh\u00e1z\u00e1t nyitja meg, a vide\u00f3k megtekint\u00e9s\u00e9t\u0151l \u00e9s a f\u00e9nyk\u00e9pek streamel\u00e9s\u00e9t\u0151l kezdve a csatorn\u00e1k \u00e9s YouTube-vide\u00f3k streamel\u00e9s\u00e9ig, mindezt a nagy k\u00e9perny\u0151n. \ud83d\ude32<\/p>\n\n\n\n<p><\/p>\n\n\n\n<hr class=\"wp-block-separator has-text-color has-luminous-vivid-orange-color has-alpha-channel-opacity has-luminous-vivid-orange-background-color has-background\" \/>\n\n\n\n<h2 class=\"wp-block-heading\">Olvasd el m\u00e9g:<\/h2>\n\n\n\n<div class=\"wp-block-columns is-layout-flex wp-container-core-columns-layout-1 wp-block-columns-is-layout-flex\">\n<div class=\"wp-block-column is-layout-flow wp-block-column-is-layout-flow\">\n<div class=\"wp-block-buttons is-layout-flex wp-block-buttons-is-layout-flex\">\n<div class=\"wp-block-button has-custom-width wp-block-button__width-100\" style=\"text-decoration:none\"><a class=\"wp-block-button__link has-white-color has-vivid-cyan-blue-background-color has-text-color has-background has-link-color has-text-align-left wp-element-button\" href=\"https:\/\/universofamilia.com\/hu\/5893\/acelera-tu-celular-despierta-tu-productividad\/\" style=\"border-radius:10px\" target=\"_blank\" rel=\"noreferrer noopener\"><font style=\"vertical-align: inherit\"><font style=\"vertical-align: inherit\">\ud83d\udccc Gyors\u00edtsd fel a mobiltelefonod \ud83d\udcf1<\/font><\/font> &gt;<\/a><\/div>\n\n\n\n<div class=\"wp-block-button has-custom-width wp-block-button__width-100\" style=\"text-decoration:none\"><a class=\"wp-block-button__link has-white-color has-vivid-cyan-blue-background-color has-text-color has-background has-link-color has-text-align-left wp-element-button\" href=\"https:\/\/universofamilia.com\/hu\/5869\/descubre-quien-te-esta-observando-en-las-redes-sociales\/\" style=\"border-radius:10px\" target=\"_blank\" rel=\"noreferrer noopener\"><font style=\"vertical-align: inherit\"><font style=\"vertical-align: inherit\"><font style=\"vertical-align: inherit\"><font style=\"vertical-align: inherit\">\ud83d\udccc Kik l\u00e1togatt\u00e1k meg a profilodat?<\/font><\/font><\/font><\/font> &gt;<\/a><\/div>\n<\/div>\n<\/div>\n\n\n\n<div class=\"wp-block-column is-layout-flow wp-block-column-is-layout-flow\">\n<div class=\"wp-block-buttons is-layout-flex wp-block-buttons-is-layout-flex\">\n<div class=\"wp-block-button has-custom-width wp-block-button__width-100\" style=\"text-decoration:none\"><a class=\"wp-block-button__link has-white-color has-vivid-cyan-blue-background-color has-text-color has-background has-link-color has-text-align-left wp-element-button\" href=\"https:\/\/universofamilia.com\/hu\/5859\/el-encanto-de-las-telenovelas-turcas\/\" style=\"border-radius:10px\" target=\"_blank\" rel=\"noreferrer noopener\"><font style=\"vertical-align: inherit\"><font style=\"vertical-align: inherit\"><font style=\"vertical-align: inherit\"><font style=\"vertical-align: inherit\">\ud83d\udccd<\/font><\/font> T\u00f6r\u00f6k szappanoper\u00e1k &gt;<\/font><\/font><\/a><\/div>\n<\/div>\n<\/div>\n<\/div>\n\n\n\n<hr class=\"wp-block-separator has-text-color has-luminous-vivid-orange-color has-alpha-channel-opacity has-luminous-vivid-orange-background-color has-background\" \/>\n\n\n\n<p><\/p>\n\n\n\n<h2 class=\"wp-block-heading\">A k\u00e9perny\u0151t\u00fckr\u00f6z\u00e9s technol\u00f3giai evol\u00faci\u00f3ja \ud83c\udf1f<\/h2>\n\n\n\n<p>K\u00e9pzeld el, n\u00e9h\u00e1ny \u00e9vvel ezel\u0151tt az okostelefonunkon n\u00e9zett tartalom t\u00e9v\u00e9re streamel\u00e9s\u00e9nek \u00f6tlete olyan volt, mintha egy sci-fi filmb\u0151l l\u00e9pett volna el\u0151!<\/p>\n\n\n\n<p>De most, a leny\u0171g\u00f6z\u0151 technol\u00f3giai fejl\u0151d\u00e9snek k\u00f6sz\u00f6nhet\u0151en ez mindenki sz\u00e1m\u00e1ra el\u00e9rhet\u0151 val\u00f3s\u00e1gg\u00e1 v\u00e1lt. \ud83d\udc7e<\/p>\n\n\n\n<p>Mind\u00f6ssze n\u00e9h\u00e1ny koppint\u00e1ssal a telefonod k\u00e9perny\u0151j\u00e9n megoszthatod kedvenc pillanataidat bar\u00e1taiddal \u00e9s csal\u00e1doddal, \u00edgy nappalid igazi h\u00e1zimoziv\u00e1 vagy digit\u00e1lis m\u0171v\u00e9szeti gal\u00e9ri\u00e1v\u00e1 var\u00e1zsolhatod. \ud83c\udfa5\ud83d\uddbc\ufe0f<\/p>\n\n\n\n<h2 class=\"wp-block-heading\">A sz\u00e1mtalan lehet\u0151s\u00e9g \ud83c\udf08<\/h2>\n\n\n\n<p>Ezzel a hihetetlen technol\u00f3gi\u00e1val a lehet\u0151s\u00e9gek gyakorlatilag v\u00e9gtelenek!<\/p>\n\n\n\n<p>Kedvenc YouTube-vide\u00f3idat nagym\u00e9ret\u0171 t\u00e9v\u00e9k\u00e9perny\u0151n n\u00e9zheted, \u00edgy mag\u00e1val ragad\u00f3 vizu\u00e1lis \u00e9lm\u00e9nyben lesz r\u00e9szed.<\/p>\n\n\n\n<p>Vagy tal\u00e1n meg szeretn\u00e9d osztani a nyaral\u00e1si fot\u00f3idat szeretteiddel, \u00e9s egy\u00fctt felid\u00e9zni a k\u00fcl\u00f6nleges eml\u00e9keket. \ud83d\udcf8\ud83c\udfd6\ufe0f<\/p>\n\n\n\n<p>R\u00e1ad\u00e1sul a t\u00fckr\u00f6z\u0151 alkalmaz\u00e1sokkal k\u00f6nnyed\u00e9n el\u00e9rheted kedvenc streaming alkalmaz\u00e1saidat, mint p\u00e9ld\u00e1ul a Netflix, a Disney+ vagy az Amazon Prime Video, \u00edgy a t\u00e9v\u00e9db\u0151l egy teljes \u00e9rt\u00e9k\u0171 sz\u00f3rakoztat\u00f3k\u00f6zpontot var\u00e1zsolhatsz. \ud83c\udf7f\ud83c\udfac<\/p>\n\n\n\n<h2 class=\"wp-block-heading\">Mit mondanak a felhaszn\u00e1l\u00f3k \ud83d\udde3\ufe0f<\/h2>\n\n\n\n<p>Sok felhaszn\u00e1l\u00f3 kifejezte h\u00e1l\u00e1j\u00e1t \u00e9s meglepet\u00e9s\u00e9t ezen k\u00e9perny\u0151t\u00fckr\u00f6z\u0151 alkalmaz\u00e1sok egyszer\u0171s\u00e9g\u00e9vel \u00e9s hat\u00e9konys\u00e1g\u00e1val kapcsolatban.<\/p>\n\n\n\n<p>Egy iOS-felhaszn\u00e1l\u00f3 \u00edgy nyilatkozott: \u201eT\u00f6k\u00e9letesen m\u0171k\u00f6dik! Siker\u00fclt gond n\u00e9lk\u00fcl t\u00fckr\u00f6zn\u00f6m az iPhone-omat a t\u00e9v\u00e9mre.\u201d Ek\u00f6zben egy Android-felhaszn\u00e1l\u00f3 kijelentette: \u201eNagyszer\u0171 alkalmaz\u00e1s az Androidom okost\u00e9v\u00e9mre t\u00fckr\u00f6z\u00e9s\u00e9hez.\u201d<\/p>\n\n\n\n<p>\u201eA k\u00e9pmin\u0151s\u00e9g kiv\u00e1l\u00f3.\u201d Ezek a v\u00e9lem\u00e9nyek meger\u0151s\u00edtik ezen eszk\u00f6z\u00f6k hasznoss\u00e1g\u00e1t \u00e9s min\u0151s\u00e9g\u00e9t. \ud83d\udc4d<\/p>\n\n\n\n<h2 class=\"wp-block-heading\">3 ingyenes k\u00e9perny\u0151t\u00fckr\u00f6z\u00e9si \u00e9s -\u00e1tk\u00fcld\u00e9si alkalmaz\u00e1s TV-hez Androidon \u00e9s iOS-en \ud83d\udcf2<\/h2>\n\n\n\n<h3 class=\"wp-block-heading\">1. LetsView<\/h3>\n\n\n\n<p><strong>F\u0151bb jellemz\u0151k:<\/strong><\/p>\n\n\n\n<ul>\n<li>Mindk\u00e9t platformon magas \u00e9rt\u00e9kel\u00e9st kapott (4,7 iOS-en \u00e9s 4,5 Androidon)<\/li>\n\n\n\n<li>Sima, k\u00e9sleltet\u00e9smentes t\u00fckr\u00f6z\u0151d\u00e9s<\/li>\n\n\n\n<li>T\u00f6bb t\u00fckr\u00f6z\u00e9si protokollt t\u00e1mogat (Miracast, AirPlay, DLNA)<\/li>\n\n\n\n<li>Helyi tartalom streamel\u00e9se (f\u00e9nyk\u00e9pek, vide\u00f3k, zene)<\/li>\n\n\n\n<li>Egyszer\u0171 \u00e9s intuit\u00edv kezel\u0151fel\u00fclet<\/li>\n<\/ul>\n\n\n\n<h3 class=\"wp-block-heading\">2. ApowerMirror<\/h3>\n\n\n\n<p><strong>F\u0151bb jellemz\u0151k:<\/strong><\/p>\n\n\n\n<ul>\n<li>K\u00e9perny\u0151t\u00fckr\u00f6z\u00e9s hanggal<\/li>\n\n\n\n<li>Mobileszk\u00f6z t\u00e1vir\u00e1ny\u00edt\u00e1sa a t\u00e9v\u00e9r\u0151l<\/li>\n\n\n\n<li>K\u00e9perny\u0151k\u00e9pek \u00e9s felv\u00e9telek a t\u00fckr\u00f6z\u00f6tt k\u00e9perny\u0151r\u0151l<\/li>\n\n\n\n<li>K\u00fcl\u00f6nf\u00e9le eszk\u00f6z\u00f6ket t\u00e1mogat, bele\u00e9rtve a t\u00e9v\u00e9ket, sz\u00e1m\u00edt\u00f3g\u00e9peket \u00e9s okostelefonokat<\/li>\n\n\n\n<li>Testreszabhat\u00f3 fel\u00fclet<\/li>\n<\/ul>\n\n\n\n<h3 class=\"wp-block-heading\">3. K\u00e9perny\u0151t\u00fckr\u00f6z\u00e9s \u2013 Miracast TV<\/h3>\n\n\n\n<p><strong>F\u0151bb jellemz\u0151k:<\/strong><\/p>\n\n\n\n<ul>\n<li>Egyszer\u0171 \u00e9s k\u00f6nnyen haszn\u00e1lhat\u00f3<\/li>\n\n\n\n<li>Ide\u00e1lis f\u00e9nyk\u00e9pek \u00e9s vide\u00f3k t\u00fckr\u00f6z\u00e9s\u00e9re<\/li>\n\n\n\n<li>Nincs sz\u00fcks\u00e9g tov\u00e1bbi alkalmaz\u00e1sok telep\u00edt\u00e9s\u00e9re a TV-re<\/li>\n\n\n\n<li>A legt\u00f6bb okost\u00e9v\u00e9t t\u00e1mogatja<\/li>\n\n\n\n<li>Alacsony akkumul\u00e1torfogyaszt\u00e1s<\/li>\n<\/ul>\n\n\n<div class=\"wp-block-image\">\n<figure class=\"aligncenter size-full\"><img loading=\"lazy\" decoding=\"async\" width=\"550\" height=\"350\" src=\"http:\/\/universofamilia.com\/wp-content\/uploads\/sites\/148\/2024\/05\/P-550x350-11.jpg\" alt=\"\" class=\"wp-image-5903\" srcset=\"https:\/\/universofamilia.com\/wp-content\/uploads\/sites\/148\/2024\/05\/P-550x350-11.jpg 550w, https:\/\/universofamilia.com\/wp-content\/uploads\/sites\/148\/2024\/05\/P-550x350-11-300x191.jpg 300w\" sizes=\"(max-width: 550px) 100vw, 550px\" \/><figcaption class=\"wp-element-caption\">\ud83d\udcf1 K\u00e9perny\u0151t\u00fckr\u00f6z\u00e9s \u00e9s TV-re \u00e1tk\u00fcld\u00e9s\ud83d\udcfa<\/figcaption><\/figure><\/div>\n\n\n<h2 class=\"wp-block-heading\">Tippek a legjobb alkalmaz\u00e1s kiv\u00e1laszt\u00e1s\u00e1hoz \ud83e\udd14<\/h2>\n\n\n\n<p>Amikor a k\u00e9perny\u0151t\u00fckr\u00f6z\u00e9si ig\u00e9nyeidnek legink\u00e1bb megfelel\u0151 alkalmaz\u00e1st v\u00e1lasztod, fontos figyelembe venni n\u00e9h\u00e1ny t\u00e9nyez\u0151t.<\/p>\n\n\n\n<p>El\u0151sz\u00f6r is gondold \u00e1t, hogy mit fogsz a legt\u00f6bbet haszn\u00e1lni: ha csak egyszer\u0171 fot\u00f3kra \u00e9s vide\u00f3kra van sz\u00fcks\u00e9ged, egy egyszer\u0171bb alkalmaz\u00e1s is el\u00e9g lehet.<\/p>\n\n\n\n<p>Ha azonban fejlett funkci\u00f3kra van sz\u00fcks\u00e9ge, p\u00e9ld\u00e1ul t\u00e1vir\u00e1ny\u00edt\u00f3ra vagy k\u00e9perny\u0151felv\u00e9telre, v\u00e1lasszon komplettebb alkalmaz\u00e1sokat.<\/p>\n\n\n\n<p>Ezenk\u00edv\u00fcl mindig ellen\u0151rizd a felhaszn\u00e1l\u00f3i v\u00e9lem\u00e9nyeket, hogy biztosan kiel\u00e9g\u00edt\u0151 \u00e9lm\u00e9nyben legyen r\u00e9szed. \ud83d\udca1<\/p>\n\n\n\n<h2 class=\"wp-block-heading\">Konkl\u00fazi\u00f3: A k\u00e9perny\u0151t\u00fckr\u00f6z\u00e9s var\u00e1zsa \ud83c\udfa9<\/h2>\n\n\n\n<p>R\u00f6viden, a k\u00e9perny\u0151t\u00fckr\u00f6z\u00e9si alkalmaz\u00e1sok egy teljesen \u00faj vil\u00e1got nyitottak meg a sz\u00f3rakoztat\u00e1s \u00e9s a megoszt\u00e1si lehet\u0151s\u00e9gek ter\u00e9n.<\/p>\n\n\n\n<p>A vide\u00f3k n\u00e9z\u00e9s\u00e9t\u0151l a kedvenc f\u00e9nyk\u00e9peid mutogat\u00e1s\u00e1ig mostant\u00f3l mindent megtehetsz a nagym\u00e9ret\u0171 t\u00e9v\u00e9k\u00e9perny\u0151den, mind\u00f6ssze n\u00e9h\u00e1ny koppint\u00e1ssal az okostelefonodon.<\/p>\n\n\n\n<p>Sz\u00f3val ne v\u00e1rj tov\u00e1bb, pr\u00f3b\u00e1ld ki magad, \u00e9s fedezd fel a k\u00e9perny\u0151t\u00fckr\u00f6z\u00e9s var\u00e1zs\u00e1t! \u2728<\/p>\n\n\n\n<h3 class=\"wp-block-heading\">Let\u00f6lt\u00e9si linkek \ud83d\udce5<\/h3>\n\n\n\n<ul>\n<li><strong>LetsView:<\/strong>\n<ul>\n<li><a href=\"https:\/\/apps.apple.com\/us\/app\/screen-mirroring-letsview\/id1478202069\" target=\"_blank\" rel=\"noreferrer noopener\">iOS<\/a><\/li>\n\n\n\n<li><a href=\"https:\/\/play.google.com\/store\/apps\/details?id=com.apowersoft.letsview&amp;hl=en&amp;gl=US\" target=\"_blank\" rel=\"noreferrer noopener\">Android<\/a><\/li>\n<\/ul>\n<\/li>\n\n\n\n<li><strong>ApowerMirror:<\/strong>\n<ul>\n<li><a href=\"https:\/\/apps.apple.com\/us\/app\/apowermirror-screen-mirroring\/id1244625890\" target=\"_blank\" rel=\"noreferrer noopener\">iOS<\/a><\/li>\n\n\n\n<li><a href=\"https:\/\/play.google.com\/store\/apps\/details?id=com.apowersoft.mirror&amp;hl=en&amp;gl=US\" target=\"_blank\" rel=\"noreferrer noopener\">Android<\/a><\/li>\n<\/ul>\n<\/li>\n\n\n\n<li><strong>K\u00e9perny\u0151t\u00fckr\u00f6z\u00e9s \u2013 Miracast TV:<\/strong>\n<ul>\n<li><a href=\"https:\/\/apps.apple.com\/us\/app\/screen-mirroring-tv-miracast\/id1525919300\" target=\"_blank\" rel=\"noreferrer noopener\">iOS<\/a><\/li>\n<\/ul>\n<\/li>\n<\/ul>\n\n\n\n<p>Most, hogy k\u00e9szen \u00e1llsz a kezd\u00e9sre, t\u00f6ltsd le az ig\u00e9nyeidnek legink\u00e1bb megfelel\u0151 alkalmaz\u00e1st, \u00e9s k\u00e9sz\u00fclj fel egy p\u00e1ratlan sz\u00f3rakoztat\u00f3 \u00e9lm\u00e9nyre! \ud83c\udf1f<\/p>","protected":false},"excerpt":{"rendered":"<p>\ud83d\udcf1 Reflejo y Transmisi\u00f3n de Pantalla para TV: \u00a1Una Revoluci\u00f3n Tecnol\u00f3gica! \ud83d\udcfa En los d\u00edas de hoy, la tecnolog\u00eda nos proporciona innumerables maneras de aprovechar al m\u00e1ximo nuestros dispositivos m\u00f3viles. Una de las evoluciones m\u00e1s emocionantes es la capacidad de reflejar la pantalla de nuestro smartphone directamente en la televisi\u00f3n. \ud83d\ude80 Esto abre un mundo [&hellip;]<\/p>","protected":false},"author":139,"featured_media":5903,"comment_status":"closed","ping_status":"open","sticky":false,"template":"","format":"standard","meta":{"footnotes":""},"categories":[2],"tags":[1402,1638,1639],"yoast_head":"<!-- This site is optimized with the Yoast SEO plugin v23.3 - https:\/\/yoast.com\/wordpress\/plugins\/seo\/ -->\n<title>\ud83d\udcf1 Reflejo y Transmisi\u00f3n de Pantalla para TV\ud83d\udcfa - Universo Fam\u00edlia<\/title>\n<meta name=\"description\" content=\"\ud83d\udcf1 Reflejo y Transmisi\u00f3n de Pantalla para TV\ud83d\udcfa. En los d\u00edas de hoy, la tecnolog\u00eda nos proporciona innumerables maneras de aprovechar\" \/>\n<meta name=\"robots\" content=\"index, follow, max-snippet:-1, max-image-preview:large, max-video-preview:-1\" \/>\n<link rel=\"canonical\" href=\"https:\/\/universofamilia.com\/hu\/reflejo-y-transmision-de-pantalla-para-tv\/\" \/>\n<meta property=\"og:locale\" content=\"hu_HU\" \/>\n<meta property=\"og:type\" content=\"article\" \/>\n<meta property=\"og:title\" content=\"\ud83d\udcf1 Reflejo y Transmisi\u00f3n de Pantalla para TV\ud83d\udcfa - Universo Fam\u00edlia\" \/>\n<meta property=\"og:description\" content=\"\ud83d\udcf1 Reflejo y Transmisi\u00f3n de Pantalla para TV\ud83d\udcfa. En los d\u00edas de hoy, la tecnolog\u00eda nos proporciona innumerables maneras de aprovechar\" \/>\n<meta property=\"og:url\" content=\"https:\/\/universofamilia.com\/hu\/reflejo-y-transmision-de-pantalla-para-tv\/\" \/>\n<meta property=\"og:site_name\" content=\"Universo Fam\u00edlia\" \/>\n<meta property=\"article:published_time\" content=\"2024-05-08T17:40:48+00:00\" \/>\n<meta property=\"article:modified_time\" content=\"2025-01-28T13:09:15+00:00\" \/>\n<meta property=\"og:image\" content=\"https:\/\/universofamilia.com\/wp-content\/uploads\/sites\/148\/2024\/05\/P-550x350-11.jpg\" \/>\n\t<meta property=\"og:image:width\" content=\"550\" \/>\n\t<meta property=\"og:image:height\" content=\"350\" \/>\n\t<meta property=\"og:image:type\" content=\"image\/jpeg\" \/>\n<meta name=\"author\" content=\"Pedro Henrique\" \/>\n<meta name=\"twitter:card\" content=\"summary_large_image\" \/>\n<meta name=\"twitter:label1\" content=\"Written by\" \/>\n\t<meta name=\"twitter:data1\" content=\"Pedro Henrique\" \/>\n\t<meta name=\"twitter:label2\" content=\"Est. reading time\" \/>\n\t<meta name=\"twitter:data2\" content=\"5 perc\" \/>\n<script type=\"application\/ld+json\" class=\"yoast-schema-graph\">{\"@context\":\"https:\/\/schema.org\",\"@graph\":[{\"@type\":\"WebPage\",\"@id\":\"https:\/\/universofamilia.com\/hu\/reflejo-y-transmision-de-pantalla-para-tv\/\",\"url\":\"https:\/\/universofamilia.com\/hu\/reflejo-y-transmision-de-pantalla-para-tv\/\",\"name\":\"\ud83d\udcf1 Reflejo y Transmisi\u00f3n de Pantalla para TV\ud83d\udcfa - Universo Fam\u00edlia\",\"isPartOf\":{\"@id\":\"https:\/\/universofamilia.com\/el\/#website\"},\"primaryImageOfPage\":{\"@id\":\"https:\/\/universofamilia.com\/hu\/reflejo-y-transmision-de-pantalla-para-tv\/#primaryimage\"},\"image\":{\"@id\":\"https:\/\/universofamilia.com\/hu\/reflejo-y-transmision-de-pantalla-para-tv\/#primaryimage\"},\"thumbnailUrl\":\"https:\/\/universofamilia.com\/wp-content\/uploads\/sites\/148\/2024\/05\/P-550x350-11.jpg\",\"datePublished\":\"2024-05-08T17:40:48+00:00\",\"dateModified\":\"2025-01-28T13:09:15+00:00\",\"author\":{\"@id\":\"https:\/\/universofamilia.com\/el\/#\/schema\/person\/f07ce98187dd84d31154262e79b3b7ca\"},\"description\":\"\ud83d\udcf1 Reflejo y Transmisi\u00f3n de Pantalla para TV\ud83d\udcfa. En los d\u00edas de hoy, la tecnolog\u00eda nos proporciona innumerables maneras de aprovechar\",\"breadcrumb\":{\"@id\":\"https:\/\/universofamilia.com\/hu\/reflejo-y-transmision-de-pantalla-para-tv\/#breadcrumb\"},\"inLanguage\":\"hu\",\"potentialAction\":[{\"@type\":\"ReadAction\",\"target\":[\"https:\/\/universofamilia.com\/hu\/reflejo-y-transmision-de-pantalla-para-tv\/\"]}]},{\"@type\":\"ImageObject\",\"inLanguage\":\"hu\",\"@id\":\"https:\/\/universofamilia.com\/hu\/reflejo-y-transmision-de-pantalla-para-tv\/#primaryimage\",\"url\":\"https:\/\/universofamilia.com\/wp-content\/uploads\/sites\/148\/2024\/05\/P-550x350-11.jpg\",\"contentUrl\":\"https:\/\/universofamilia.com\/wp-content\/uploads\/sites\/148\/2024\/05\/P-550x350-11.jpg\",\"width\":550,\"height\":350,\"caption\":\"\ud83d\udcf1 Reflejo y Transmisi\u00f3n de Pantalla para TV\ud83d\udcfa\"},{\"@type\":\"BreadcrumbList\",\"@id\":\"https:\/\/universofamilia.com\/hu\/reflejo-y-transmision-de-pantalla-para-tv\/#breadcrumb\",\"itemListElement\":[{\"@type\":\"ListItem\",\"position\":1,\"name\":\"Home\",\"item\":\"https:\/\/universofamilia.com\/el\/\"},{\"@type\":\"ListItem\",\"position\":2,\"name\":\"\ud83d\udcf1 Reflejo y Transmisi\u00f3n de Pantalla para TV\ud83d\udcfa\"}]},{\"@type\":\"WebSite\",\"@id\":\"https:\/\/universofamilia.com\/el\/#website\",\"url\":\"https:\/\/universofamilia.com\/el\/\",\"name\":\"Universo Fam\u00edlia\",\"description\":\"\",\"potentialAction\":[{\"@type\":\"SearchAction\",\"target\":{\"@type\":\"EntryPoint\",\"urlTemplate\":\"https:\/\/universofamilia.com\/el\/?s={search_term_string}\"},\"query-input\":\"required name=search_term_string\"}],\"inLanguage\":\"hu\"},{\"@type\":\"Person\",\"@id\":\"https:\/\/universofamilia.com\/el\/#\/schema\/person\/f07ce98187dd84d31154262e79b3b7ca\",\"name\":\"Pedro Henrique\",\"image\":{\"@type\":\"ImageObject\",\"inLanguage\":\"hu\",\"@id\":\"https:\/\/universofamilia.com\/el\/#\/schema\/person\/image\/\",\"url\":\"https:\/\/secure.gravatar.com\/avatar\/9edfeb808cb4e1599f64d6e45b130154?s=96&d=mm&r=g\",\"contentUrl\":\"https:\/\/secure.gravatar.com\/avatar\/9edfeb808cb4e1599f64d6e45b130154?s=96&d=mm&r=g\",\"caption\":\"Pedro Henrique\"},\"url\":\"https:\/\/universofamilia.com\/hu\/author\/editor01\/\"}]}<\/script>\n<!-- \/ Yoast SEO plugin. -->","yoast_head_json":{"title":"\ud83d\udcf1 Reflejo y Transmisi\u00f3n de Pantalla para TV\ud83d\udcfa - Universo Fam\u00edlia","description":"\ud83d\udcf1 Reflejo y Transmisi\u00f3n de Pantalla para TV\ud83d\udcfa. En los d\u00edas de hoy, la tecnolog\u00eda nos proporciona innumerables maneras de aprovechar","robots":{"index":"index","follow":"follow","max-snippet":"max-snippet:-1","max-image-preview":"max-image-preview:large","max-video-preview":"max-video-preview:-1"},"canonical":"https:\/\/universofamilia.com\/hu\/reflejo-y-transmision-de-pantalla-para-tv\/","og_locale":"hu_HU","og_type":"article","og_title":"\ud83d\udcf1 Reflejo y Transmisi\u00f3n de Pantalla para TV\ud83d\udcfa - Universo Fam\u00edlia","og_description":"\ud83d\udcf1 Reflejo y Transmisi\u00f3n de Pantalla para TV\ud83d\udcfa. En los d\u00edas de hoy, la tecnolog\u00eda nos proporciona innumerables maneras de aprovechar","og_url":"https:\/\/universofamilia.com\/hu\/reflejo-y-transmision-de-pantalla-para-tv\/","og_site_name":"Universo Fam\u00edlia","article_published_time":"2024-05-08T17:40:48+00:00","article_modified_time":"2025-01-28T13:09:15+00:00","og_image":[{"width":550,"height":350,"url":"https:\/\/universofamilia.com\/wp-content\/uploads\/sites\/148\/2024\/05\/P-550x350-11.jpg","type":"image\/jpeg"}],"author":"Pedro Henrique","twitter_card":"summary_large_image","twitter_misc":{"Written by":"Pedro Henrique","Est. reading time":"5 perc"},"schema":{"@context":"https:\/\/schema.org","@graph":[{"@type":"WebPage","@id":"https:\/\/universofamilia.com\/hu\/reflejo-y-transmision-de-pantalla-para-tv\/","url":"https:\/\/universofamilia.com\/hu\/reflejo-y-transmision-de-pantalla-para-tv\/","name":"\ud83d\udcf1 Reflejo y Transmisi\u00f3n de Pantalla para TV\ud83d\udcfa - Universo Fam\u00edlia","isPartOf":{"@id":"https:\/\/universofamilia.com\/el\/#website"},"primaryImageOfPage":{"@id":"https:\/\/universofamilia.com\/hu\/reflejo-y-transmision-de-pantalla-para-tv\/#primaryimage"},"image":{"@id":"https:\/\/universofamilia.com\/hu\/reflejo-y-transmision-de-pantalla-para-tv\/#primaryimage"},"thumbnailUrl":"https:\/\/universofamilia.com\/wp-content\/uploads\/sites\/148\/2024\/05\/P-550x350-11.jpg","datePublished":"2024-05-08T17:40:48+00:00","dateModified":"2025-01-28T13:09:15+00:00","author":{"@id":"https:\/\/universofamilia.com\/el\/#\/schema\/person\/f07ce98187dd84d31154262e79b3b7ca"},"description":"\ud83d\udcf1 Reflejo y Transmisi\u00f3n de Pantalla para TV\ud83d\udcfa. En los d\u00edas de hoy, la tecnolog\u00eda nos proporciona innumerables maneras de aprovechar","breadcrumb":{"@id":"https:\/\/universofamilia.com\/hu\/reflejo-y-transmision-de-pantalla-para-tv\/#breadcrumb"},"inLanguage":"hu","potentialAction":[{"@type":"ReadAction","target":["https:\/\/universofamilia.com\/hu\/reflejo-y-transmision-de-pantalla-para-tv\/"]}]},{"@type":"ImageObject","inLanguage":"hu","@id":"https:\/\/universofamilia.com\/hu\/reflejo-y-transmision-de-pantalla-para-tv\/#primaryimage","url":"https:\/\/universofamilia.com\/wp-content\/uploads\/sites\/148\/2024\/05\/P-550x350-11.jpg","contentUrl":"https:\/\/universofamilia.com\/wp-content\/uploads\/sites\/148\/2024\/05\/P-550x350-11.jpg","width":550,"height":350,"caption":"\ud83d\udcf1 Reflejo y Transmisi\u00f3n de Pantalla para TV\ud83d\udcfa"},{"@type":"BreadcrumbList","@id":"https:\/\/universofamilia.com\/hu\/reflejo-y-transmision-de-pantalla-para-tv\/#breadcrumb","itemListElement":[{"@type":"ListItem","position":1,"name":"Home","item":"https:\/\/universofamilia.com\/el\/"},{"@type":"ListItem","position":2,"name":"\ud83d\udcf1 Reflejo y Transmisi\u00f3n de Pantalla para TV\ud83d\udcfa"}]},{"@type":"WebSite","@id":"https:\/\/universofamilia.com\/el\/#website","url":"https:\/\/universofamilia.com\/el\/","name":"Universo Fam\u00edlia","description":"","potentialAction":[{"@type":"SearchAction","target":{"@type":"EntryPoint","urlTemplate":"https:\/\/universofamilia.com\/el\/?s={search_term_string}"},"query-input":"required name=search_term_string"}],"inLanguage":"hu"},{"@type":"Person","@id":"https:\/\/universofamilia.com\/el\/#\/schema\/person\/f07ce98187dd84d31154262e79b3b7ca","name":"Pedro Henrique","image":{"@type":"ImageObject","inLanguage":"hu","@id":"https:\/\/universofamilia.com\/el\/#\/schema\/person\/image\/","url":"https:\/\/secure.gravatar.com\/avatar\/9edfeb808cb4e1599f64d6e45b130154?s=96&d=mm&r=g","contentUrl":"https:\/\/secure.gravatar.com\/avatar\/9edfeb808cb4e1599f64d6e45b130154?s=96&d=mm&r=g","caption":"Pedro Henrique"},"url":"https:\/\/universofamilia.com\/hu\/author\/editor01\/"}]}},"_links":{"self":[{"href":"https:\/\/universofamilia.com\/hu\/wp-json\/wp\/v2\/posts\/5900"}],"collection":[{"href":"https:\/\/universofamilia.com\/hu\/wp-json\/wp\/v2\/posts"}],"about":[{"href":"https:\/\/universofamilia.com\/hu\/wp-json\/wp\/v2\/types\/post"}],"author":[{"embeddable":true,"href":"https:\/\/universofamilia.com\/hu\/wp-json\/wp\/v2\/users\/139"}],"replies":[{"embeddable":true,"href":"https:\/\/universofamilia.com\/hu\/wp-json\/wp\/v2\/comments?post=5900"}],"version-history":[{"count":1,"href":"https:\/\/universofamilia.com\/hu\/wp-json\/wp\/v2\/posts\/5900\/revisions"}],"predecessor-version":[{"id":8351,"href":"https:\/\/universofamilia.com\/hu\/wp-json\/wp\/v2\/posts\/5900\/revisions\/8351"}],"wp:featuredmedia":[{"embeddable":true,"href":"https:\/\/universofamilia.com\/hu\/wp-json\/wp\/v2\/media\/5903"}],"wp:attachment":[{"href":"https:\/\/universofamilia.com\/hu\/wp-json\/wp\/v2\/media?parent=5900"}],"wp:term":[{"taxonomy":"category","embeddable":true,"href":"https:\/\/universofamilia.com\/hu\/wp-json\/wp\/v2\/categories?post=5900"},{"taxonomy":"post_tag","embeddable":true,"href":"https:\/\/universofamilia.com\/hu\/wp-json\/wp\/v2\/tags?post=5900"}],"curies":[{"name":"wp","href":"https:\/\/api.w.org\/{rel}","templated":true}]}}