{"id":6077,"date":"2024-06-11T12:28:15","date_gmt":"2024-06-11T15:28:15","guid":{"rendered":"https:\/\/universofamilia.com\/?p=6077"},"modified":"2025-01-29T01:22:45","modified_gmt":"2025-01-29T01:22:45","slug":"descubre-el-pasado-de-tu-vehiculo","status":"publish","type":"post","link":"https:\/\/universofamilia.com\/hu\/descubre-el-pasado-de-tu-vehiculo\/","title":{"rendered":"Fedezze fel j\u00e1rm\u0171ve m\u00faltj\u00e1t"},"content":{"rendered":"<h2 class=\"wp-block-heading\">Mi\u00e9rt van sz\u00fcks\u00e9g\u00fcnk j\u00e1rm\u0171figyel\u0151 alkalmaz\u00e1sokra?<\/h2>\n\n\n\n<p>K\u00e9pzeld el, hogy haszn\u00e1lt aut\u00f3t k\u00e9sz\u00fclsz venni. K\u00edv\u00fclr\u0151l remek\u00fcl n\u00e9z ki, de honnan tudod, hogy nincsenek-e rejtett balesetei vagy mechanikai probl\u00e9m\u00e1i?<\/p>\n\n\n\n<p>Itt j\u00f6nnek k\u00e9pbe a j\u00e1rm\u0171figyel\u0151 alkalmaz\u00e1sok.<\/p>\n\n\n\n<p>Ezek az alkalmaz\u00e1sok \u00e9rt\u00e9kes eszk\u00f6z\u00f6k, amelyek lehet\u0151v\u00e9 teszik az aut\u00f3 teljes el\u0151zm\u00e9nyeinek ellen\u0151rz\u00e9s\u00e9t egyszer\u0171en a rendsz\u00e1m vagy a j\u00e1rm\u0171azonos\u00edt\u00f3 sz\u00e1m (VIN) megad\u00e1s\u00e1val.<\/p>\n\n\n\n<p>Ma a h\u00e1rom legjobb el\u00e9rhet\u0151 alkalmaz\u00e1st fogjuk felfedezni: az AutoDNA-t, a VIN Check-et \u00e9s a CarVertical-t.<\/p>\n\n\n\n<h2 class=\"wp-block-heading\">A legjobb j\u00e1rm\u0171ellen\u0151rz\u0151 alkalmaz\u00e1sok<\/h2>\n\n\n\n<p>Sz\u00e1mos alkalmaz\u00e1s seg\u00edthet megtudni egy aut\u00f3 teljes t\u00f6rt\u00e9net\u00e9t, de melyek a legjobbak?<\/p>\n\n\n\n<p>Bemutatjuk a h\u00e1rom legn\u00e9pszer\u0171bb \u00e9s legmegb\u00edzhat\u00f3bb alkalmaz\u00e1st erre a feladatra.<\/p>\n\n\n\n<p><\/p>\n\n\n\n<hr class=\"wp-block-separator has-text-color has-luminous-vivid-orange-color has-alpha-channel-opacity has-luminous-vivid-orange-background-color has-background\" \/>\n\n\n\n<h2 class=\"wp-block-heading\">Olvasd el m\u00e9g:<\/h2>\n\n\n\n<div class=\"wp-block-columns is-layout-flex wp-container-core-columns-layout-1 wp-block-columns-is-layout-flex\">\n<div class=\"wp-block-column is-layout-flow wp-block-column-is-layout-flow\">\n<div class=\"wp-block-buttons is-layout-flex wp-block-buttons-is-layout-flex\">\n<div class=\"wp-block-button has-custom-width wp-block-button__width-100\" style=\"text-decoration:none\"><a class=\"wp-block-button__link has-white-color has-vivid-cyan-blue-background-color has-text-color has-background has-link-color has-text-align-left wp-element-button\" href=\"https:\/\/universofamilia.com\/hu\/5893\/acelera-tu-celular-despierta-tu-productividad\/\" style=\"border-radius:10px\" target=\"_blank\" rel=\"noreferrer noopener\"><font style=\"vertical-align: inherit\"><font style=\"vertical-align: inherit\">\ud83d\udccc Gyors\u00edtsd fel a mobiltelefonodat<\/font><\/font> &gt;<\/a><\/div>\n\n\n\n<div class=\"wp-block-button has-custom-width wp-block-button__width-100\" style=\"text-decoration:none\"><a class=\"wp-block-button__link has-white-color has-vivid-cyan-blue-background-color has-text-color has-background has-link-color has-text-align-left wp-element-button\" href=\"https:\/\/universofamilia.com\/hu\/5869\/descubre-quien-te-esta-observando-en-las-redes-sociales\/\" style=\"border-radius:10px\" target=\"_blank\" rel=\"noreferrer noopener\"><font style=\"vertical-align: inherit\"><font style=\"vertical-align: inherit\"><font style=\"vertical-align: inherit\"><font style=\"vertical-align: inherit\">\ud83d\udccc Kik l\u00e1togatt\u00e1k meg a profilodat?<\/font><\/font><\/font><\/font> &gt;<\/a><\/div>\n<\/div>\n<\/div>\n\n\n\n<div class=\"wp-block-column is-layout-flow wp-block-column-is-layout-flow\">\n<div class=\"wp-block-buttons is-layout-flex wp-block-buttons-is-layout-flex\">\n<div class=\"wp-block-button has-custom-width wp-block-button__width-100\" style=\"text-decoration:none\"><a class=\"wp-block-button__link has-white-color has-vivid-cyan-blue-background-color has-text-color has-background has-link-color has-text-align-left wp-element-button\" href=\"https:\/\/universofamilia.com\/hu\/5859\/el-encanto-de-las-telenovelas-turcas\/\" style=\"border-radius:10px\" target=\"_blank\" rel=\"noreferrer noopener\"><font style=\"vertical-align: inherit\"><font style=\"vertical-align: inherit\"><font style=\"vertical-align: inherit\"><font style=\"vertical-align: inherit\">\ud83d\udccd<\/font><\/font> T\u00f6r\u00f6k szappanoper\u00e1k &gt;<\/font><\/font><\/a><\/div>\n<\/div>\n<\/div>\n<\/div>\n\n\n\n<hr class=\"wp-block-separator has-text-color has-luminous-vivid-orange-color has-alpha-channel-opacity has-luminous-vivid-orange-background-color has-background\" \/>\n\n\n\n<p><\/p>\n\n\n\n<h3 class=\"wp-block-heading\">AutoDNA<\/h3>\n\n\n\n<h4 class=\"wp-block-heading\">Funkci\u00f3k<\/h4>\n\n\n\n<p>Az AutoDNA r\u00e9szletes j\u00e1rm\u0171t\u00f6rt\u00e9neti jelent\u00e9seket k\u00edn\u00e1l, bele\u00e9rtve:<\/p>\n\n\n\n<ul>\n<li>Balesetek<\/li>\n\n\n\n<li>Jav\u00edt\u00e1sok<\/li>\n\n\n\n<li>Kilom\u00e9ter\u00f3ra \u00e1ll\u00e1sa<\/li>\n\n\n\n<li>Rabl\u00e1sok<\/li>\n\n\n\n<li>V\u00edz okozta k\u00e1r<\/li>\n\n\n\n<li>Biztons\u00e1gi eml\u00e9keztet\u0151k<\/li>\n\n\n\n<li>Tulajdonosi el\u0151zm\u00e9nyek<\/li>\n\n\n\n<li>VIN-ellen\u0151rz\u00e9s<\/li>\n\n\n\n<li>Kilom\u00e9ter\u00f3ra ellen\u0151rz\u00e9se<\/li>\n\n\n\n<li>Regisztr\u00e1ci\u00f3 ellen\u0151rz\u00e9se<\/li>\n\n\n\n<li>J\u00e1rm\u0171 DNS-pontoz\u00e1s (egyes orsz\u00e1gokban)<\/li>\n<\/ul>\n\n\n\n<h4 class=\"wp-block-heading\">Felhaszn\u00e1l\u00f3i v\u00e9lem\u00e9nyek<\/h4>\n\n\n\n<ul>\n<li><strong>Google Play<\/strong>: 4,0 csillag (t\u00f6bb mint 15 000 \u00e9rt\u00e9kel\u00e9s)<\/li>\n\n\n\n<li><strong>App Store<\/strong>4,5 csillag (t\u00f6bb mint 2500 \u00e9rt\u00e9kel\u00e9s)<\/li>\n<\/ul>\n\n\n\n<h3 class=\"wp-block-heading\">VIN-ellen\u0151rz\u00e9s<\/h3>\n\n\n\n<h4 class=\"wp-block-heading\">Funkci\u00f3k<\/h4>\n\n\n\n<p>A VIN Check a VIN alapj\u00e1n r\u00e9szletes j\u00e1rm\u0171t\u00f6rt\u00e9neti inform\u00e1ci\u00f3kat ny\u00fajt, p\u00e9ld\u00e1ul:<\/p>\n\n\n\n<ul>\n<li>Balesetek<\/li>\n\n\n\n<li>Jav\u00edt\u00e1sok<\/li>\n\n\n\n<li>Kilom\u00e9ter\u00f3ra \u00e1ll\u00e1sa<\/li>\n\n\n\n<li>Rabl\u00e1sok<\/li>\n\n\n\n<li>Biztons\u00e1gi eml\u00e9keztet\u0151k<\/li>\n\n\n\n<li>Tulajdonosi el\u0151zm\u00e9nyek (egyes orsz\u00e1gokban)<\/li>\n\n\n\n<li>Kilom\u00e9ter\u00f3ra-ellen\u0151rz\u00e9s (egyes orsz\u00e1gokban)<\/li>\n\n\n\n<li>Regisztr\u00e1ci\u00f3 ellen\u0151rz\u00e9se (egyes orsz\u00e1gokban)<\/li>\n<\/ul>\n\n\n\n<h4 class=\"wp-block-heading\">Felhaszn\u00e1l\u00f3i v\u00e9lem\u00e9nyek<\/h4>\n\n\n\n<ul>\n<li><strong>Google Play<\/strong>: 4,2 csillag (t\u00f6bb mint 20 000 \u00e9rt\u00e9kel\u00e9s)<\/li>\n\n\n\n<li><strong>App Store<\/strong>: 4,0 csillag (t\u00f6bb mint 7000 \u00e9rt\u00e9kel\u00e9s)<\/li>\n<\/ul>\n\n\n\n<h3 class=\"wp-block-heading\">CarVertical<\/h3>\n\n\n\n<h4 class=\"wp-block-heading\">Funkci\u00f3k<\/h4>\n\n\n\n<p>A CarVertical \u00e1tfog\u00f3 j\u00e1rm\u0171t\u00f6rt\u00e9neti jelent\u00e9seket k\u00edn\u00e1l, amelyek olyan inform\u00e1ci\u00f3kat tartalmaznak, mint p\u00e9ld\u00e1ul:<\/p>\n\n\n\n<ul>\n<li>Balesetek<\/li>\n\n\n\n<li>Jav\u00edt\u00e1sok<\/li>\n\n\n\n<li>Kilom\u00e9ter\u00f3ra \u00e1ll\u00e1sa<\/li>\n\n\n\n<li>Rabl\u00e1sok<\/li>\n\n\n\n<li>V\u00edz okozta k\u00e1r<\/li>\n\n\n\n<li>Biztons\u00e1gi eml\u00e9keztet\u0151k<\/li>\n\n\n\n<li>Tulajdonosi el\u0151zm\u00e9nyek<\/li>\n\n\n\n<li>A j\u00e1rm\u0171 fot\u00f3i (egyes esetekben)<\/li>\n\n\n\n<li>VIN-ellen\u0151rz\u00e9s<\/li>\n\n\n\n<li>Kilom\u00e9ter\u00f3ra ellen\u0151rz\u00e9se<\/li>\n\n\n\n<li>Regisztr\u00e1ci\u00f3 ellen\u0151rz\u00e9se<\/li>\n\n\n\n<li>CarVertical j\u00e1rm\u0171 pontsz\u00e1m<\/li>\n<\/ul>\n\n\n\n<h4 class=\"wp-block-heading\">Felhaszn\u00e1l\u00f3i v\u00e9lem\u00e9nyek<\/h4>\n\n\n\n<ul>\n<li><strong>Google Play<\/strong>4,8 csillag (t\u00f6bb mint 10 000 \u00e9rt\u00e9kel\u00e9s)<\/li>\n\n\n\n<li><strong>App Store<\/strong>4,7 csillag (t\u00f6bb mint 3500 \u00e9rt\u00e9kel\u00e9s)<\/li>\n<\/ul>\n\n\n\n<h2 class=\"wp-block-heading\">Alkalmaz\u00e1sok \u00f6sszehasonl\u00edt\u00e1sa<\/h2>\n\n\n\n<h3 class=\"wp-block-heading\">Jellemz\u0151k<\/h3>\n\n\n\n<p>Mindh\u00e1rom alkalmaz\u00e1s r\u00e9szletes inform\u00e1ci\u00f3kat ny\u00fajt a j\u00e1rm\u0171vek el\u0151zm\u00e9nyeir\u0151l.<\/p>\n\n\n\n<p>Azonban n\u00e9h\u00e1ny jelent\u0151s k\u00fcl\u00f6nbs\u00e9g befoly\u00e1solhatja a v\u00e1laszt\u00e1st:<\/p>\n\n\n\n<ul>\n<li><strong>AutoDNA<\/strong> Ismert a j\u00e1rm\u0171 DNS-pontsz\u00e1m\u00e1r\u00f3l, amely egyes orsz\u00e1gokban el\u00e9rhet\u0151, \u00e9s m\u00e9lyebb betekint\u00e9st ny\u00fajt az aut\u00f3 megb\u00edzhat\u00f3s\u00e1g\u00e1ba.<\/li>\n\n\n\n<li><strong>VIN-ellen\u0151rz\u00e9s<\/strong> Sz\u00e9les k\u00f6rben haszn\u00e1lj\u00e1k pontoss\u00e1ga \u00e9s teljess\u00e9ge miatt, k\u00fcl\u00f6n\u00f6sen azokban az orsz\u00e1gokban, ahol a tulajdonos el\u0151zm\u00e9nyei \u00e9s a kilom\u00e9ter\u00f3ra ellen\u0151rz\u00e9se fontos.<\/li>\n\n\n\n<li><strong>CarVertical<\/strong> tov\u00e1bbi el\u0151nyt k\u00edn\u00e1l, hogy egyes jelent\u00e9sekben j\u00e1rm\u0171fot\u00f3kat is szerepeltet, ami rendk\u00edv\u00fcl hasznos lehet a kor\u00e1bbi s\u00e9r\u00fcl\u00e9sek vagy m\u00f3dos\u00edt\u00e1sok vizualiz\u00e1l\u00e1s\u00e1ban.<\/li>\n<\/ul>\n\n\n\n<h2 class=\"wp-block-heading\">Felhaszn\u00e1l\u00f3i v\u00e9lem\u00e9nyek<\/h2>\n\n\n\n<p>A felhaszn\u00e1l\u00f3i \u00e9rt\u00e9kel\u00e9sek j\u00f3l mutatj\u00e1k egy alkalmaz\u00e1s hat\u00e9konys\u00e1g\u00e1t.<\/p>\n\n\n\n<p><strong>CarVertical<\/strong> Magas pontsz\u00e1mmal t\u0171nik ki mind a Google Playen, mind az App Store-ban, ami kiv\u00e9telesen j\u00f3 felhaszn\u00e1l\u00f3i \u00e9lm\u00e9nyre utal.<\/p>\n\n\n\n<p><strong>VIN-ellen\u0151rz\u00e9s<\/strong> Emellett j\u00f3 \u00e9rt\u00e9kel\u00e9seket is kapott, k\u00fcl\u00f6n\u00f6sen a Google Playen, mik\u00f6zben <strong>AutoDNA<\/strong> a felhaszn\u00e1l\u00f3k nagyra \u00e9rt\u00e9kelik az App Store-ban.<\/p>\n\n\n\n<figure class=\"wp-block-image size-full\"><img loading=\"lazy\" decoding=\"async\" width=\"550\" height=\"350\" src=\"http:\/\/universofamilia.com\/wp-content\/uploads\/sites\/148\/2024\/06\/P-550x350-6.jpg\" alt=\"\" class=\"wp-image-6079\" srcset=\"https:\/\/universofamilia.com\/wp-content\/uploads\/sites\/148\/2024\/06\/P-550x350-6.jpg 550w, https:\/\/universofamilia.com\/wp-content\/uploads\/sites\/148\/2024\/06\/P-550x350-6-300x191.jpg 300w\" sizes=\"(max-width: 550px) 100vw, 550px\" \/><\/figure>\n\n\n\n<h2 class=\"wp-block-heading\">Fontos szempontok a j\u00e1rm\u0171inform\u00e1ci\u00f3s alkalmaz\u00e1sok haszn\u00e1latakor<\/h2>\n\n\n\n<h3 class=\"wp-block-heading\">Az inform\u00e1ci\u00f3k megb\u00edzhat\u00f3s\u00e1ga<\/h3>\n\n\n\n<p>Miel\u0151tt b\u00e1rmilyen d\u00f6nt\u00e9st hozn\u00e1nk ezen alkalmaz\u00e1sok jelent\u00e9sei alapj\u00e1n, elengedhetetlen az inform\u00e1ci\u00f3k megb\u00edzhat\u00f3s\u00e1g\u00e1nak ellen\u0151rz\u00e9se.<\/p>\n\n\n\n<p>Vegye figyelembe az adatok forr\u00e1s\u00e1t \u00e9s a megadott inform\u00e1ci\u00f3k pontoss\u00e1g\u00e1t.<\/p>\n\n\n\n<h3 class=\"wp-block-heading\">Lefedetts\u00e9g \u00e9s el\u00e9rhet\u0151s\u00e9g<\/h3>\n\n\n\n<p>Bizonyos er\u0151forr\u00e1sok el\u00e9rhet\u0151s\u00e9ge orsz\u00e1gonk\u00e9nt elt\u00e9r\u0151 lehet.<\/p>\n\n\n\n<p>Ellen\u0151rizd, hogy az alkalmaz\u00e1s teljes k\u00f6r\u0171 biztos\u00edt\u00e1st k\u00edn\u00e1l-e abban az orsz\u00e1gban, ahol j\u00e1rm\u0171vet szeretn\u00e9l foglalni.<\/p>\n\n\n\n<h3 class=\"wp-block-heading\">K\u00f6lts\u00e9gek \u00e9s el\u0151fizet\u00e9sek<\/h3>\n\n\n\n<p>Egyes alkalmaz\u00e1sok el\u0151fizet\u00e9st vagy megtekint\u00e9si d\u00edjat ig\u00e9nyelhetnek.<\/p>\n\n\n\n<p>\u00c9rt\u00e9kelje az egyes lehet\u0151s\u00e9gek k\u00f6lts\u00e9g-haszon ar\u00e1ny\u00e1t, k\u00fcl\u00f6n\u00f6sen akkor, ha gyakran tervezi haszn\u00e1lni a szolg\u00e1ltat\u00e1st.<\/p>\n\n\n\n<h3 class=\"wp-block-heading\">Tov\u00e1bbi ellen\u0151rz\u00e9s<\/h3>\n\n\n\n<p>A k\u00e9relmeken k\u00edv\u00fcl hasznos lehet k\u00f6zvetlen\u00fcl az \u00d6n orsz\u00e1g\u00e1ban m\u0171k\u00f6d\u0151 korm\u00e1nyzati szervekkel vagy g\u00e9pj\u00e1rm\u0171-nyilv\u00e1ntart\u00f3 szervekkel egyeztetni az inform\u00e1ci\u00f3kat.<\/p>\n\n\n\n<p>Ez tov\u00e1bbi biztons\u00e1got \u00e9s pontoss\u00e1got biztos\u00edthat.<\/p>\n\n\n\n<h2 class=\"wp-block-heading\">K\u00f6vetkeztet\u00e9s<\/h2>\n\n\n\n<p>A j\u00e1rm\u0171keres\u0151 alkalmaz\u00e1sok hat\u00e9kony eszk\u00f6z\u00f6k mindazok sz\u00e1m\u00e1ra, akik haszn\u00e1lt aut\u00f3 v\u00e1s\u00e1rl\u00e1s\u00e1n gondolkodnak, vagy egyszer\u0171en csak ellen\u0151rizni szeretn\u00e9k egy j\u00e1rm\u0171 el\u0151zm\u00e9nyeit.<\/p>\n\n\n\n<p>A f\u0151bb el\u00e9rhet\u0151 alkalmaz\u00e1sok k\u00f6z\u00fcl <strong>AutoDNA<\/strong>, <strong>VIN-ellen\u0151rz\u00e9s<\/strong> \u00e9s <strong>CarVertical<\/strong> \u00c1tfog\u00f3 funkci\u00f3ikkal \u00e9s pozit\u00edv felhaszn\u00e1l\u00f3i v\u00e9lem\u00e9ny\u00fckkel t\u0171nnek ki.<\/p>\n\n\n\n<h3 class=\"wp-block-heading\">Let\u00f6lt\u00e9si linkek<\/h3>\n\n\n\n<p>Ha k\u00e9szen \u00e1llsz kipr\u00f3b\u00e1lni ezeket az alkalmaz\u00e1sokat, itt vannak a let\u00f6lt\u00e9si linkek:<\/p>\n\n\n\n<h4 class=\"wp-block-heading\">AutoDNA<\/h4>\n\n\n\n<ul>\n<li><a href=\"https:\/\/www.appautomotive.com\/regions\/usa\/\" target=\"_blank\" rel=\"noreferrer noopener\">Android<\/a><\/li>\n\n\n\n<li><a href=\"https:\/\/www.appautomotive.com\/regions\/usa\/\" target=\"_blank\" rel=\"noreferrer noopener\">iOS<\/a><\/li>\n<\/ul>\n\n\n\n<h4 class=\"wp-block-heading\">VIN-ellen\u0151rz\u00e9s<\/h4>\n\n\n\n<ul>\n<li><a href=\"https:\/\/play.google.com\/store\/apps\/details?id=com.iseecars.android.vin&amp;hl=en_US\" target=\"_blank\" rel=\"noreferrer noopener\">Android<\/a><\/li>\n\n\n\n<li><a href=\"https:\/\/apps.apple.com\/us\/app\/vin-check\/id1631827904\" target=\"_blank\" rel=\"noreferrer noopener\">iOS<\/a><\/li>\n<\/ul>\n\n\n\n<h4 class=\"wp-block-heading\">CarVertical<\/h4>\n\n\n\n<ul>\n<li><a href=\"https:\/\/play.google.com\/store\/apps\/details?id=com.cvmobileapp&amp;hl=en_US\" target=\"_blank\" rel=\"noreferrer noopener\">Android<\/a><\/li>\n\n\n\n<li><a href=\"https:\/\/apps.apple.com\/us\/app\/carvertical-check-car-history\/id1528834650\" target=\"_blank\" rel=\"noreferrer noopener\">iOS<\/a><\/li>\n<\/ul>\n\n\n\n<p>Most, hogy mindent tudsz ezekr\u0151l az alkalmaz\u00e1sokr\u00f3l, oszd meg ezt a bejegyz\u00e9st bar\u00e1taiddal \u00e9s csal\u00e1doddal, akiknek szint\u00e9n hasznos lehet ez az inform\u00e1ci\u00f3.<\/p>\n\n\n\n<p>Egy j\u00e1rm\u0171keres\u0151 alkalmaz\u00e1s haszn\u00e1lata jelentheti a k\u00fcl\u00f6nbs\u00e9get ak\u00f6z\u00f6tt, hogy j\u00f3 \u00fczletet k\u00f6t\u00fcnk, vagy elker\u00fcl\u00fcnk egy nagyobb probl\u00e9m\u00e1t.<\/p>\n\n\n\n<p>Sok sikert \u00e9s j\u00f3 k\u00e9rdez\u0151sk\u00f6d\u00e9st!<\/p>","protected":false},"excerpt":{"rendered":"<p>\u00bfPor qu\u00e9 Necesitamos Aplicaciones para Consultar Veh\u00edculos? Imagina que est\u00e1s a punto de comprar un coche usado. Parece genial por fuera, pero \u00bfc\u00f3mo saber si no tiene un historial oculto de accidentes o problemas mec\u00e1nicos? Aqu\u00ed es donde entran las aplicaciones de consulta de veh\u00edculos. Estas aplicaciones son herramientas valiosas que permiten verificar el historial [&hellip;]<\/p>","protected":false},"author":139,"featured_media":6079,"comment_status":"closed","ping_status":"open","sticky":false,"template":"","format":"standard","meta":{"footnotes":""},"categories":[2],"tags":[267,686,735],"yoast_head":"<!-- This site is optimized with the Yoast SEO plugin v23.3 - https:\/\/yoast.com\/wordpress\/plugins\/seo\/ -->\n<title>Descubre el Pasado de tu Veh\u00edculo - Universo Fam\u00edlia<\/title>\n<meta name=\"description\" content=\"Descubre el Pasado de tu Veh\u00edculo. \u00bfPor qu\u00e9 Necesitamos Aplicaciones para Consultar Veh\u00edculos?...\" \/>\n<meta name=\"robots\" content=\"index, follow, max-snippet:-1, max-image-preview:large, max-video-preview:-1\" \/>\n<link rel=\"canonical\" href=\"http:\/\/universofamilia.com\/hu\/descubre-el-pasado-de-tu-vehiculo\/\" \/>\n<meta property=\"og:locale\" content=\"hu_HU\" \/>\n<meta property=\"og:type\" content=\"article\" \/>\n<meta property=\"og:title\" content=\"Descubre el Pasado de tu Veh\u00edculo - Universo Fam\u00edlia\" \/>\n<meta property=\"og:description\" content=\"Descubre el Pasado de tu Veh\u00edculo. \u00bfPor qu\u00e9 Necesitamos Aplicaciones para Consultar Veh\u00edculos?...\" \/>\n<meta property=\"og:url\" content=\"http:\/\/universofamilia.com\/hu\/descubre-el-pasado-de-tu-vehiculo\/\" \/>\n<meta property=\"og:site_name\" content=\"Universo Fam\u00edlia\" \/>\n<meta property=\"article:published_time\" content=\"2024-06-11T15:28:15+00:00\" \/>\n<meta property=\"article:modified_time\" content=\"2025-01-29T01:22:45+00:00\" \/>\n<meta property=\"og:image\" content=\"http:\/\/universofamilia.com\/wp-content\/uploads\/sites\/148\/2024\/06\/P-550x350-6.jpg\" \/>\n\t<meta property=\"og:image:width\" content=\"550\" \/>\n\t<meta property=\"og:image:height\" content=\"350\" \/>\n\t<meta property=\"og:image:type\" content=\"image\/jpeg\" \/>\n<meta name=\"author\" content=\"Pedro Henrique\" \/>\n<meta name=\"twitter:card\" content=\"summary_large_image\" \/>\n<meta name=\"twitter:label1\" content=\"Written by\" \/>\n\t<meta name=\"twitter:data1\" content=\"Pedro Henrique\" \/>\n\t<meta name=\"twitter:label2\" content=\"Est. reading time\" \/>\n\t<meta name=\"twitter:data2\" content=\"5 perc\" \/>\n<script type=\"application\/ld+json\" class=\"yoast-schema-graph\">{\"@context\":\"https:\/\/schema.org\",\"@graph\":[{\"@type\":\"WebPage\",\"@id\":\"http:\/\/universofamilia.com\/hi\/descubre-el-pasado-de-tu-vehiculo\/\",\"url\":\"http:\/\/universofamilia.com\/hi\/descubre-el-pasado-de-tu-vehiculo\/\",\"name\":\"Descubre el Pasado de tu Veh\u00edculo - Universo Fam\u00edlia\",\"isPartOf\":{\"@id\":\"https:\/\/universofamilia.com\/el\/#website\"},\"primaryImageOfPage\":{\"@id\":\"http:\/\/universofamilia.com\/hi\/descubre-el-pasado-de-tu-vehiculo\/#primaryimage\"},\"image\":{\"@id\":\"http:\/\/universofamilia.com\/hi\/descubre-el-pasado-de-tu-vehiculo\/#primaryimage\"},\"thumbnailUrl\":\"https:\/\/universofamilia.com\/wp-content\/uploads\/sites\/148\/2024\/06\/P-550x350-6.jpg\",\"datePublished\":\"2024-06-11T15:28:15+00:00\",\"dateModified\":\"2025-01-29T01:22:45+00:00\",\"author\":{\"@id\":\"https:\/\/universofamilia.com\/el\/#\/schema\/person\/f07ce98187dd84d31154262e79b3b7ca\"},\"description\":\"Descubre el Pasado de tu Veh\u00edculo. \u00bfPor qu\u00e9 Necesitamos Aplicaciones para Consultar Veh\u00edculos?...\",\"breadcrumb\":{\"@id\":\"http:\/\/universofamilia.com\/hi\/descubre-el-pasado-de-tu-vehiculo\/#breadcrumb\"},\"inLanguage\":\"hu\",\"potentialAction\":[{\"@type\":\"ReadAction\",\"target\":[\"http:\/\/universofamilia.com\/hi\/descubre-el-pasado-de-tu-vehiculo\/\"]}]},{\"@type\":\"ImageObject\",\"inLanguage\":\"hu\",\"@id\":\"http:\/\/universofamilia.com\/hi\/descubre-el-pasado-de-tu-vehiculo\/#primaryimage\",\"url\":\"https:\/\/universofamilia.com\/wp-content\/uploads\/sites\/148\/2024\/06\/P-550x350-6.jpg\",\"contentUrl\":\"https:\/\/universofamilia.com\/wp-content\/uploads\/sites\/148\/2024\/06\/P-550x350-6.jpg\",\"width\":550,\"height\":350,\"caption\":\"Descubre el Pasado de tu Veh\u00edculo\"},{\"@type\":\"BreadcrumbList\",\"@id\":\"http:\/\/universofamilia.com\/hi\/descubre-el-pasado-de-tu-vehiculo\/#breadcrumb\",\"itemListElement\":[{\"@type\":\"ListItem\",\"position\":1,\"name\":\"Home\",\"item\":\"https:\/\/universofamilia.com\/el\/\"},{\"@type\":\"ListItem\",\"position\":2,\"name\":\"Descubre el Pasado de tu Veh\u00edculo\"}]},{\"@type\":\"WebSite\",\"@id\":\"https:\/\/universofamilia.com\/el\/#website\",\"url\":\"https:\/\/universofamilia.com\/el\/\",\"name\":\"Universo Fam\u00edlia\",\"description\":\"\",\"potentialAction\":[{\"@type\":\"SearchAction\",\"target\":{\"@type\":\"EntryPoint\",\"urlTemplate\":\"https:\/\/universofamilia.com\/el\/?s={search_term_string}\"},\"query-input\":\"required name=search_term_string\"}],\"inLanguage\":\"hu\"},{\"@type\":\"Person\",\"@id\":\"https:\/\/universofamilia.com\/el\/#\/schema\/person\/f07ce98187dd84d31154262e79b3b7ca\",\"name\":\"Pedro Henrique\",\"image\":{\"@type\":\"ImageObject\",\"inLanguage\":\"hu\",\"@id\":\"https:\/\/universofamilia.com\/el\/#\/schema\/person\/image\/\",\"url\":\"https:\/\/secure.gravatar.com\/avatar\/9edfeb808cb4e1599f64d6e45b130154?s=96&d=mm&r=g\",\"contentUrl\":\"https:\/\/secure.gravatar.com\/avatar\/9edfeb808cb4e1599f64d6e45b130154?s=96&d=mm&r=g\",\"caption\":\"Pedro Henrique\"},\"url\":\"https:\/\/universofamilia.com\/hu\/author\/editor01\/\"}]}<\/script>\n<!-- \/ Yoast SEO plugin. -->","yoast_head_json":{"title":"Descubre el Pasado de tu Veh\u00edculo - Universo Fam\u00edlia","description":"Descubre el Pasado de tu Veh\u00edculo. \u00bfPor qu\u00e9 Necesitamos Aplicaciones para Consultar Veh\u00edculos?...","robots":{"index":"index","follow":"follow","max-snippet":"max-snippet:-1","max-image-preview":"max-image-preview:large","max-video-preview":"max-video-preview:-1"},"canonical":"http:\/\/universofamilia.com\/hu\/descubre-el-pasado-de-tu-vehiculo\/","og_locale":"hu_HU","og_type":"article","og_title":"Descubre el Pasado de tu Veh\u00edculo - Universo Fam\u00edlia","og_description":"Descubre el Pasado de tu Veh\u00edculo. \u00bfPor qu\u00e9 Necesitamos Aplicaciones para Consultar Veh\u00edculos?...","og_url":"http:\/\/universofamilia.com\/hu\/descubre-el-pasado-de-tu-vehiculo\/","og_site_name":"Universo Fam\u00edlia","article_published_time":"2024-06-11T15:28:15+00:00","article_modified_time":"2025-01-29T01:22:45+00:00","og_image":[{"width":550,"height":350,"url":"http:\/\/universofamilia.com\/wp-content\/uploads\/sites\/148\/2024\/06\/P-550x350-6.jpg","type":"image\/jpeg"}],"author":"Pedro Henrique","twitter_card":"summary_large_image","twitter_misc":{"Written by":"Pedro Henrique","Est. reading time":"5 perc"},"schema":{"@context":"https:\/\/schema.org","@graph":[{"@type":"WebPage","@id":"http:\/\/universofamilia.com\/hi\/descubre-el-pasado-de-tu-vehiculo\/","url":"http:\/\/universofamilia.com\/hi\/descubre-el-pasado-de-tu-vehiculo\/","name":"Descubre el Pasado de tu Veh\u00edculo - Universo Fam\u00edlia","isPartOf":{"@id":"https:\/\/universofamilia.com\/el\/#website"},"primaryImageOfPage":{"@id":"http:\/\/universofamilia.com\/hi\/descubre-el-pasado-de-tu-vehiculo\/#primaryimage"},"image":{"@id":"http:\/\/universofamilia.com\/hi\/descubre-el-pasado-de-tu-vehiculo\/#primaryimage"},"thumbnailUrl":"https:\/\/universofamilia.com\/wp-content\/uploads\/sites\/148\/2024\/06\/P-550x350-6.jpg","datePublished":"2024-06-11T15:28:15+00:00","dateModified":"2025-01-29T01:22:45+00:00","author":{"@id":"https:\/\/universofamilia.com\/el\/#\/schema\/person\/f07ce98187dd84d31154262e79b3b7ca"},"description":"Descubre el Pasado de tu Veh\u00edculo. \u00bfPor qu\u00e9 Necesitamos Aplicaciones para Consultar Veh\u00edculos?...","breadcrumb":{"@id":"http:\/\/universofamilia.com\/hi\/descubre-el-pasado-de-tu-vehiculo\/#breadcrumb"},"inLanguage":"hu","potentialAction":[{"@type":"ReadAction","target":["http:\/\/universofamilia.com\/hi\/descubre-el-pasado-de-tu-vehiculo\/"]}]},{"@type":"ImageObject","inLanguage":"hu","@id":"http:\/\/universofamilia.com\/hi\/descubre-el-pasado-de-tu-vehiculo\/#primaryimage","url":"https:\/\/universofamilia.com\/wp-content\/uploads\/sites\/148\/2024\/06\/P-550x350-6.jpg","contentUrl":"https:\/\/universofamilia.com\/wp-content\/uploads\/sites\/148\/2024\/06\/P-550x350-6.jpg","width":550,"height":350,"caption":"Descubre el Pasado de tu Veh\u00edculo"},{"@type":"BreadcrumbList","@id":"http:\/\/universofamilia.com\/hi\/descubre-el-pasado-de-tu-vehiculo\/#breadcrumb","itemListElement":[{"@type":"ListItem","position":1,"name":"Home","item":"https:\/\/universofamilia.com\/el\/"},{"@type":"ListItem","position":2,"name":"Descubre el Pasado de tu Veh\u00edculo"}]},{"@type":"WebSite","@id":"https:\/\/universofamilia.com\/el\/#website","url":"https:\/\/universofamilia.com\/el\/","name":"Universo Fam\u00edlia","description":"","potentialAction":[{"@type":"SearchAction","target":{"@type":"EntryPoint","urlTemplate":"https:\/\/universofamilia.com\/el\/?s={search_term_string}"},"query-input":"required name=search_term_string"}],"inLanguage":"hu"},{"@type":"Person","@id":"https:\/\/universofamilia.com\/el\/#\/schema\/person\/f07ce98187dd84d31154262e79b3b7ca","name":"Pedro Henrique","image":{"@type":"ImageObject","inLanguage":"hu","@id":"https:\/\/universofamilia.com\/el\/#\/schema\/person\/image\/","url":"https:\/\/secure.gravatar.com\/avatar\/9edfeb808cb4e1599f64d6e45b130154?s=96&d=mm&r=g","contentUrl":"https:\/\/secure.gravatar.com\/avatar\/9edfeb808cb4e1599f64d6e45b130154?s=96&d=mm&r=g","caption":"Pedro Henrique"},"url":"https:\/\/universofamilia.com\/hu\/author\/editor01\/"}]}},"_links":{"self":[{"href":"https:\/\/universofamilia.com\/hu\/wp-json\/wp\/v2\/posts\/6077"}],"collection":[{"href":"https:\/\/universofamilia.com\/hu\/wp-json\/wp\/v2\/posts"}],"about":[{"href":"https:\/\/universofamilia.com\/hu\/wp-json\/wp\/v2\/types\/post"}],"author":[{"embeddable":true,"href":"https:\/\/universofamilia.com\/hu\/wp-json\/wp\/v2\/users\/139"}],"replies":[{"embeddable":true,"href":"https:\/\/universofamilia.com\/hu\/wp-json\/wp\/v2\/comments?post=6077"}],"version-history":[{"count":1,"href":"https:\/\/universofamilia.com\/hu\/wp-json\/wp\/v2\/posts\/6077\/revisions"}],"predecessor-version":[{"id":8467,"href":"https:\/\/universofamilia.com\/hu\/wp-json\/wp\/v2\/posts\/6077\/revisions\/8467"}],"wp:featuredmedia":[{"embeddable":true,"href":"https:\/\/universofamilia.com\/hu\/wp-json\/wp\/v2\/media\/6079"}],"wp:attachment":[{"href":"https:\/\/universofamilia.com\/hu\/wp-json\/wp\/v2\/media?parent=6077"}],"wp:term":[{"taxonomy":"category","embeddable":true,"href":"https:\/\/universofamilia.com\/hu\/wp-json\/wp\/v2\/categories?post=6077"},{"taxonomy":"post_tag","embeddable":true,"href":"https:\/\/universofamilia.com\/hu\/wp-json\/wp\/v2\/tags?post=6077"}],"curies":[{"name":"wp","href":"https:\/\/api.w.org\/{rel}","templated":true}]}}