{"id":6081,"date":"2024-06-11T14:51:17","date_gmt":"2024-06-11T17:51:17","guid":{"rendered":"https:\/\/universofamilia.com\/?p=6081"},"modified":"2025-01-28T16:24:07","modified_gmt":"2025-01-28T16:24:07","slug":"descubre-quien-visito-tu-perfil-en-redes-sociales","status":"publish","type":"post","link":"https:\/\/universofamilia.com\/hu\/descubre-quien-visito-tu-perfil-en-redes-sociales\/","title":{"rendered":"Tudja meg, kik l\u00e1togatt\u00e1k meg a k\u00f6z\u00f6ss\u00e9gi m\u00e9dia profilj\u00e1t"},"content":{"rendered":"<p>A k\u00f6z\u00f6ss\u00e9gi m\u00e9dia profilod l\u00e1togat\u00f3inak ismerete minden koroszt\u00e1ly k\u00f6r\u00e9ben gyakori k\u00edv\u00e1ncsis\u00e1g.<\/p>\n\n\n\n<p>Azok sz\u00e1m\u00e1ra, akik ezeket a platformokat marketingeszk\u00f6zk\u00e9nt haszn\u00e1lj\u00e1k, ez m\u00e9g fontosabb lehet.<\/p>\n\n\n\n<p>De lehets\u00e9ges-e kider\u00edteni, hogy val\u00f3j\u00e1ban kik l\u00e1togatj\u00e1k a profilodat? Melyek a legjobb eszk\u00f6z\u00f6k ehhez?<\/p>\n\n\n\n<p>Ebben a cikkben ezeket a t\u00e9m\u00e1kat fogjuk megvizsg\u00e1lni, \u00e9s tippeket adunk az olyan alkalmaz\u00e1sok haszn\u00e1lat\u00e1hoz, amelyek \u00edg\u00e9retet tesznek ezen adatok felfed\u00e9s\u00e9re.<\/p>\n\n\n\n<h2 class=\"wp-block-heading\">Mi\u00e9rt fontos tudni, hogy kik l\u00e1togatj\u00e1k a k\u00f6z\u00f6ss\u00e9gi m\u00e9dia profilodat?<\/h2>\n\n\n\n<p>Sz\u00e1mos el\u0151nnyel j\u00e1rhat, ha tudjuk, hogy kik l\u00e1togatj\u00e1k a k\u00f6z\u00f6ss\u00e9gi m\u00e9dia profilunkat. A tartalmainkat k\u00f6vet\u0151 k\u00f6z\u00f6ns\u00e9g ismerete seg\u00edt finomhangolni a strat\u00e9gi\u00e1nkat \u00e9s n\u00f6velni az elk\u00f6telez\u0151d\u00e9st.<\/p>\n\n\n\n<p><\/p>\n\n\n\n<hr class=\"wp-block-separator has-text-color has-luminous-vivid-orange-color has-alpha-channel-opacity has-luminous-vivid-orange-background-color has-background\" \/>\n\n\n\n<h2 class=\"wp-block-heading\">Olvasd el m\u00e9g:<\/h2>\n\n\n\n<div class=\"wp-block-columns is-layout-flex wp-container-core-columns-layout-1 wp-block-columns-is-layout-flex\">\n<div class=\"wp-block-column is-layout-flow wp-block-column-is-layout-flow\">\n<div class=\"wp-block-buttons is-layout-flex wp-block-buttons-is-layout-flex\">\n<div class=\"wp-block-button has-custom-width wp-block-button__width-100\" style=\"text-decoration:none\"><a class=\"wp-block-button__link has-white-color has-vivid-cyan-blue-background-color has-text-color has-background has-link-color has-text-align-left wp-element-button\" href=\"https:\/\/universofamilia.com\/hu\/5893\/acelera-tu-celular-despierta-tu-productividad\/\" style=\"border-radius:10px\" target=\"_blank\" rel=\"noreferrer noopener\"><font style=\"vertical-align: inherit\"><font style=\"vertical-align: inherit\">\ud83d\udccc Gyors\u00edtsd fel a mobiltelefonodat<\/font><\/font> &gt;<\/a><\/div>\n\n\n\n<div class=\"wp-block-button has-custom-width wp-block-button__width-100\" style=\"text-decoration:none\"><a class=\"wp-block-button__link has-white-color has-vivid-cyan-blue-background-color has-text-color has-background has-link-color has-text-align-left wp-element-button\" href=\"https:\/\/universofamilia.com\/hu\/5869\/descubre-quien-te-esta-observando-en-las-redes-sociales\/\" style=\"border-radius:10px\" target=\"_blank\" rel=\"noreferrer noopener\"><font style=\"vertical-align: inherit\"><font style=\"vertical-align: inherit\"><font style=\"vertical-align: inherit\"><font style=\"vertical-align: inherit\">\ud83d\udccc Kik l\u00e1togatt\u00e1k meg a profilodat?<\/font><\/font><\/font><\/font> &gt;<\/a><\/div>\n<\/div>\n<\/div>\n\n\n\n<div class=\"wp-block-column is-layout-flow wp-block-column-is-layout-flow\">\n<div class=\"wp-block-buttons is-layout-flex wp-block-buttons-is-layout-flex\">\n<div class=\"wp-block-button has-custom-width wp-block-button__width-100\" style=\"text-decoration:none\"><a class=\"wp-block-button__link has-white-color has-vivid-cyan-blue-background-color has-text-color has-background has-link-color has-text-align-left wp-element-button\" href=\"https:\/\/universofamilia.com\/hu\/5859\/el-encanto-de-las-telenovelas-turcas\/\" style=\"border-radius:10px\" target=\"_blank\" rel=\"noreferrer noopener\"><font style=\"vertical-align: inherit\"><font style=\"vertical-align: inherit\"><font style=\"vertical-align: inherit\"><font style=\"vertical-align: inherit\">\ud83d\udccd<\/font><\/font> T\u00f6r\u00f6k szappanoper\u00e1k &gt;<\/font><\/font><\/a><\/div>\n<\/div>\n<\/div>\n<\/div>\n\n\n\n<hr class=\"wp-block-separator has-text-color has-luminous-vivid-orange-color has-alpha-channel-opacity has-luminous-vivid-orange-background-color has-background\" \/>\n\n\n\n<p><\/p>\n\n\n\n<p>\u00cdme n\u00e9h\u00e1ny ok, ami\u00e9rt ez fontos:<\/p>\n\n\n\n<h3 class=\"wp-block-heading\"><strong>A k\u00f6vet\u0151k\u00f6z\u00f6ns\u00e9g meg\u00e9rt\u00e9se<\/strong><\/h3>\n\n\n\n<p>Ha jobban tudod, hogy kik l\u00e1togatj\u00e1k a profilodat, akkor a tartalmaidat a k\u00f6z\u00f6ns\u00e9ged \u00e9rdekl\u0151d\u00e9s\u00e9nek \u00e9s ig\u00e9nyeinek megfelel\u0151en szabhatod testre.<\/p>\n\n\n\n<p>Ez jelent\u0151sen n\u00f6velheti a k\u00f6vet\u0151k elk\u00f6telez\u0151d\u00e9s\u00e9t \u00e9s lojalit\u00e1s\u00e1t.<\/p>\n\n\n\n<h3 class=\"wp-block-heading\"><strong>Azonos\u00edtsd a potenci\u00e1lis k\u00f6vet\u0151ket, \u00e9s konvert\u00e1ld \u0151ket v\u00e1s\u00e1rl\u00f3kk\u00e1<\/strong><\/h3>\n\n\n\n<p>Ha \u00fczleti c\u00e9lokra haszn\u00e1lod a k\u00f6z\u00f6ss\u00e9gi m\u00e9di\u00e1t, a profilod l\u00e1togat\u00f3inak ismerete seg\u00edthet azonos\u00edtani a potenci\u00e1lis k\u00f6vet\u0151ket, akikb\u0151l v\u00e1s\u00e1rl\u00f3k v\u00e1lhatnak.<\/p>\n\n\n\n<p>Ezen inform\u00e1ci\u00f3k birtok\u00e1ban testreszabhatja marketingstrat\u00e9gi\u00e1it.<\/p>\n\n\n\n<h3 class=\"wp-block-heading\"><strong>Interakci\u00f3 figyel\u00e9se \u00e9s teljes\u00edtm\u00e9ny\u00e9nek \u00f6sszehasonl\u00edt\u00e1sa m\u00e1s profilokkal<\/strong><\/h3>\n\n\n\n<p>Ha meg\u00e9rted, hogy kik l\u00e9pnek interakci\u00f3ba a profiloddal, \u00e9s hogyan t\u00f6rt\u00e9nnek ezek az interakci\u00f3k, az seg\u00edthet felm\u00e9rni marketingstrat\u00e9gi\u00e1id hat\u00e9konys\u00e1g\u00e1t, \u00e9s a tartalom m\u00f3dos\u00edt\u00e1s\u00e1ban a maxim\u00e1lis elk\u00f6telez\u0151d\u00e9s \u00e9rdek\u00e9ben.<\/p>\n\n\n\n<h2 class=\"wp-block-heading\">A l\u00e1togat\u00f3elemz\u0151 eszk\u00f6z\u00f6k korl\u00e1tai<\/h2>\n\n\n\n<p>B\u00e1r vonz\u00f3 az \u00f6tlet, hogy tudjuk, kik l\u00e1togatj\u00e1k a profilunkat, fontos meg\u00e9rteni ezeknek az eszk\u00f6z\u00f6knek a korl\u00e1tait.<\/p>\n\n\n\n<p>A k\u00f6z\u00f6ss\u00e9gi m\u00e9dia adatv\u00e9delmi ir\u00e1nyelvei miatt egyetlen alkalmaz\u00e1s sem k\u00e9pes teljes \u00e9s pontos l\u00e1togat\u00f3i list\u00e1t biztos\u00edtani.<\/p>\n\n\n\n<h2 class=\"wp-block-heading\"><strong>Hogyan becs\u00fclik meg az alkalmaz\u00e1sok, hogy kik l\u00e1togatj\u00e1k a profilodat?<\/strong><\/h2>\n\n\n\n<p>A legt\u00f6bb alkalmaz\u00e1s interakci\u00f3s adatokat, p\u00e9ld\u00e1ul l\u00e1jkokat, hozz\u00e1sz\u00f3l\u00e1sokat \u00e9s t\u00f6rt\u00e9netmegtekint\u00e9seket haszn\u00e1l fel arra vonatkoz\u00f3an, hogy kik l\u00e1togathatj\u00e1k a profilodat.<\/p>\n\n\n\n<p>Ezek a m\u00f3dszerek k\u00f6zvetettek \u00e9s nem mindig pontosak.<\/p>\n\n\n\n<h2 class=\"wp-block-heading\"><strong>Az eszk\u00f6z\u00f6k felel\u0151ss\u00e9gteljes haszn\u00e1lat\u00e1nak fontoss\u00e1ga<\/strong><\/h2>\n\n\n\n<p>Fontos, hogy ezeket az eszk\u00f6z\u00f6ket felel\u0151ss\u00e9gteljesen haszn\u00e1ljuk, k\u00fcl\u00f6n\u00f6sen az adatv\u00e9delem tekintet\u00e9ben.<\/p>\n\n\n\n<p>B\u00e1rmely alkalmaz\u00e1s telep\u00edt\u00e9se el\u0151tt olvassa el az adatv\u00e9delmi ir\u00e1nyelveket, \u00e9s \u00e9rtse meg, hogyan fogj\u00e1k felhaszn\u00e1lni az adatait.<\/p>\n\n\n\n<h2 class=\"wp-block-heading\">Tippek az adatv\u00e9delemhez a k\u00f6z\u00f6ss\u00e9gi m\u00e9di\u00e1ban<\/h2>\n\n\n\n<p>A k\u00f6z\u00f6ss\u00e9gi m\u00e9dia haszn\u00e1latakor elengedhetetlen a szem\u00e9lyes adatok v\u00e9delme. \u00cdme n\u00e9h\u00e1ny tipp az adataid biztons\u00e1g\u00e1nak meg\u0151rz\u00e9s\u00e9hez:<\/p>\n\n\n\n<h3 class=\"wp-block-heading\"><strong>M\u00f3dos\u00edtsa profilja adatv\u00e9delmi be\u00e1ll\u00edt\u00e1sait<\/strong><\/h3>\n\n\n\n<p>Tekintse \u00e1t \u00e9s m\u00f3dos\u00edtsa fi\u00f3kja adatv\u00e9delmi be\u00e1ll\u00edt\u00e1sait, hogy szab\u00e1lyozhassa, kik l\u00e1thatj\u00e1k az adatait \u00e9s l\u00e9phetnek kapcsolatba a tartalmaival.<\/p>\n\n\n\n<h3 class=\"wp-block-heading\"><strong>Korl\u00e1tozd az online megosztott inform\u00e1ci\u00f3kat<\/strong><\/h3>\n\n\n\n<p>L\u00e9gy v\u00e1logat\u00f3s az online megosztand\u00f3 szem\u00e9lyes adataiddal kapcsolatban. Min\u00e9l kevesebb szem\u00e9lyes adat \u00e1ll rendelkez\u00e9sre, ann\u00e1l biztons\u00e1gosabb lesz az adatv\u00e9delmed.<\/p>\n\n\n\n<h3 class=\"wp-block-heading\"><strong>Legyen \u00f3vatos a telep\u00edtett alkalmaz\u00e1sokkal<\/strong><\/h3>\n\n\n\n<p>Alkalmaz\u00e1s telep\u00edt\u00e9se el\u0151tt ellen\u0151rizze annak h\u00edrnev\u00e9t, \u00e9s olvassa el m\u00e1s felhaszn\u00e1l\u00f3k v\u00e9lem\u00e9ny\u00e9t. Csak megb\u00edzhat\u00f3 forr\u00e1sb\u00f3l sz\u00e1rmaz\u00f3 alkalmaz\u00e1sokat telep\u00edtsen.<\/p>\n\n\n<div class=\"wp-block-image\">\n<figure class=\"aligncenter size-full\"><img loading=\"lazy\" decoding=\"async\" width=\"550\" height=\"350\" src=\"http:\/\/universofamilia.com\/wp-content\/uploads\/sites\/148\/2024\/06\/P-550x350-6-1.jpg\" alt=\"\" class=\"wp-image-6082\" srcset=\"https:\/\/universofamilia.com\/wp-content\/uploads\/sites\/148\/2024\/06\/P-550x350-6-1.jpg 550w, https:\/\/universofamilia.com\/wp-content\/uploads\/sites\/148\/2024\/06\/P-550x350-6-1-300x191.jpg 300w\" sizes=\"(max-width: 550px) 100vw, 550px\" \/><figcaption class=\"wp-element-caption\">Tudja meg, kik l\u00e1togatt\u00e1k meg a k\u00f6z\u00f6ss\u00e9gi m\u00e9dia profilj\u00e1t<\/figcaption><\/figure><\/div>\n\n\n<h2 class=\"wp-block-heading\">A 3 legjobb alkalmaz\u00e1s r\u00e9szletes \u00f6sszehasonl\u00edt\u00e1sa<\/h2>\n\n\n\n<p>Sz\u00e1mos alkalmaz\u00e1s \u00edg\u00e9retet tesz arra, hogy felfedi, kik l\u00e1togatt\u00e1k meg a profilodat.<\/p>\n\n\n\n<p>Az al\u00e1bbiakban \u00f6sszehasonl\u00edtjuk a h\u00e1rom legn\u00e9pszer\u0171bbet: Reports+ Followers Analytics for Instagram, InSight Pro \u2013 Advanced Instagram Analytics \u00e9s Social Scan for Instagram.<\/p>\n\n\n\n<figure class=\"wp-block-table\"><table><thead><tr><th>Alkalmaz\u00e1s<\/th><th>Kiemelt<\/th><th>\u00c9rt\u00e9kel\u00e9sek (Android)<\/th><th>\u00c9rt\u00e9kel\u00e9sek (iOS)<\/th><th>\u00c1r<\/th><\/tr><\/thead><tbody><tr><td><strong>Jelent\u00e9sek + K\u00f6vet\u0151k elemz\u00e9se Instagramhoz<\/strong><\/td><td>Mutasd meg, hogy kik m\u00e1ssal l\u00e9pnek kapcsolatba veled; Azonos\u00edtsd a szellemk\u00f6vet\u0151ket; Figyeld a n\u00f6veked\u00e9st<\/td><td>4,5 csillag (500 ezer+ \u00e9rt\u00e9kel\u00e9s)<\/td><td>4,7 csillag (130 ezer+ \u00e9rt\u00e9kel\u00e9s)<\/td><td>Ingyenes<\/td><\/tr><tr><td><strong>InSight Pro \u2013 Speci\u00e1lis Instagram-analitika<\/strong><\/td><td>R\u00e9szletes jelent\u00e9sek; K\u00f6vet\u00e9s megsz\u00fcntet\u00e9s\u00e9nek nyomon k\u00f6vet\u00e9se; Hashtag elemz\u00e9s<\/td><td>4,3 csillag (100 ezer+ \u00e9rt\u00e9kel\u00e9s)<\/td><td>4,7 csillag (5 ezer+ \u00e9rt\u00e9kel\u00e9s)<\/td><td>Ingyenes<\/td><\/tr><tr><td><strong>K\u00f6z\u00f6ss\u00e9gi m\u00e9dia szkennel\u00e9s Instagramhoz<\/strong><\/td><td>Ellen\u0151rizd, hogy ki blokkolt t\u00e9ged; Szellemprofilok keres\u00e9se; K\u00f6vet\u0151k elemz\u00e9se<\/td><td>4,1 csillag (50 ezer+ \u00e9rt\u00e9kel\u00e9s)<\/td><td>4,5 csillag (2000+ \u00e9rt\u00e9kel\u00e9s)<\/td><td>Ingyenes<\/td><\/tr><\/tbody><\/table><figcaption class=\"wp-element-caption\">Tudja meg, kik l\u00e1togatt\u00e1k meg a k\u00f6z\u00f6ss\u00e9gi m\u00e9dia profilj\u00e1t<\/figcaption><\/figure>\n\n\n\n<h2 class=\"wp-block-heading\">Alternat\u00edv\u00e1k annak megtekint\u00e9s\u00e9re, hogy kik l\u00e1togatj\u00e1k meg a profilodat a k\u00f6z\u00f6ss\u00e9gi h\u00e1l\u00f3zatokon<\/h2>\n\n\n\n<p>A fent eml\u00edtett alkalmaz\u00e1sokon k\u00edv\u00fcl m\u00e1s online eszk\u00f6z\u00f6k \u00e9s b\u00f6ng\u00e9sz\u0151b\u0151v\u00edtm\u00e9nyek is l\u00e9teznek, amelyek inform\u00e1ci\u00f3kat szolg\u00e1ltathatnak arr\u00f3l, hogy kik l\u00e1togatj\u00e1k a profilodat.<\/p>\n\n\n\n<h2 class=\"wp-block-heading\"><strong>Online eszk\u00f6z\u00f6k \u00e9s b\u00f6ng\u00e9sz\u0151b\u0151v\u00edtm\u00e9nyek<\/strong><\/h2>\n\n\n\n<p>N\u00e9h\u00e1ny online eszk\u00f6z \u00e9s b\u00f6ng\u00e9sz\u0151b\u0151v\u00edtm\u00e9ny seg\u00edthet a k\u00f6z\u00f6ss\u00e9gi m\u00e9di\u00e1ban v\u00e9gzett tev\u00e9kenys\u00e9geid elemz\u00e9s\u00e9ben.<\/p>\n\n\n\n<p>Azonban fontos figyelembe venni a biztons\u00e1got \u00e9s az adatv\u00e9delmet ezen lehet\u0151s\u00e9gek haszn\u00e1latakor.<\/p>\n\n\n\n<h2 class=\"wp-block-heading\"><strong>Az egyes lehet\u0151s\u00e9gek el\u0151nyei \u00e9s h\u00e1tr\u00e1nyai<\/strong><\/h2>\n\n\n\n<p>Az online eszk\u00f6z\u00f6k \u00e9s b\u00f6ng\u00e9sz\u0151b\u0151v\u00edtm\u00e9nyek k\u00e9nyelmesek lehetnek, de a hivatalos alkalmaz\u00e1sokhoz k\u00e9pest kev\u00e9sb\u00e9 biztons\u00e1gosak is. Mindig v\u00e9gezzen kutat\u00e1st \u00e9s olvassa el a v\u00e9lem\u00e9nyeket, miel\u0151tt b\u00e1rmilyen eszk\u00f6zt haszn\u00e1lna.<\/p>\n\n\n\n<h2 class=\"wp-block-heading\">Felhaszn\u00e1l\u00f3i v\u00e9lem\u00e9nyek az alkalmaz\u00e1sokr\u00f3l<\/h2>\n\n\n\n<p>A felhaszn\u00e1l\u00f3knak \u00e1ltal\u00e1ban vegyes a v\u00e9lem\u00e9ny\u00fck ezekkel az alkalmaz\u00e1sokkal kapcsolatban. Sokan \u00e9rt\u00e9kelik a megadott adatokat, m\u00edg m\u00e1sok a korl\u00e1tokat \u00e9s a pontatlans\u00e1got emelik ki.<\/p>\n\n\n\n<h3 class=\"wp-block-heading\"><strong>Jelent\u00e9sek + K\u00f6vet\u0151k elemz\u00e9se Instagramhoz<\/strong><\/h3>\n\n\n\n<p>A felhaszn\u00e1l\u00f3k dics\u00e9rik a szellemk\u00f6vet\u0151k azonos\u00edt\u00e1s\u00e1nak \u00e9s a profil n\u00f6veked\u00e9s\u00e9nek figyel\u00e9s\u00e9nek k\u00e9pess\u00e9g\u00e9t, de egyesek pontoss\u00e1gi probl\u00e9m\u00e1kr\u00f3l sz\u00e1molnak be.<\/p>\n\n\n\n<h3 class=\"wp-block-heading\"><strong>InSight Pro \u2013 Speci\u00e1lis Instagram-analitika<\/strong><\/h3>\n\n\n\n<p>A r\u00e9szletes jelent\u00e9sek \u00e9s a hashtag-elemz\u00e9sek \u00fcdv\u00f6zlend\u0151k, de a k\u00f6vet\u0151k elt\u00e1vol\u00edt\u00e1s\u00e1nak nyomk\u00f6vet\u0151 funkci\u00f3j\u00e1t egyesek kev\u00e9sb\u00e9 \u00e9rt\u00e9kelik.<\/p>\n\n\n\n<h3 class=\"wp-block-heading\"><strong>K\u00f6z\u00f6ss\u00e9gi m\u00e9dia szkennel\u00e9s Instagramhoz<\/strong><\/h3>\n\n\n\n<p>Hasznosnak tekinthet\u0151 annak ellen\u0151rz\u00e9se, hogy ki blokkolt t\u00e9ged, \u00e9s a ghost profilok felder\u00edt\u00e9se, de a k\u00f6vet\u0151k elemz\u00e9se nem biztos, hogy olyan pontos, mint amire sz\u00e1m\u00edtani lehet.<\/p>\n\n\n\n<h2 class=\"wp-block-heading\">K\u00f6vetkeztet\u00e9s<\/h2>\n\n\n\n<p>B\u00e1r cs\u00e1b\u00edt\u00f3 lehet pontosan tudni, hogy kik l\u00e1togatj\u00e1k a k\u00f6z\u00f6ss\u00e9gi m\u00e9dia profilodat, fontos megjegyezni, hogy ezeknek az eszk\u00f6z\u00f6knek vannak korl\u00e1tai.<\/p>\n\n\n\n<p>Haszn\u00e1ld felel\u0151ss\u00e9gteljesen az alkalmaz\u00e1sokat, \u00e9s mindig helyezd el\u0151t\u00e9rbe adataid biztons\u00e1g\u00e1t \u00e9s v\u00e9delm\u00e9t.<\/p>\n\n\n\n<p><strong>Let\u00f6lt\u00e9si linkek:<\/strong><\/p>\n\n\n\n<ol>\n<li><strong>Jelent\u00e9sek + K\u00f6vet\u0151k elemz\u00e9se Instagramhoz<\/strong>\n<ul>\n<li><a href=\"https:\/\/play.google.com\/store\/apps\/datasafety?id=com.reports.followersanalytics\" target=\"_blank\" rel=\"noreferrer noopener\">Android<\/a><\/li>\n\n\n\n<li><a href=\"https:\/\/developer.apple.com\/help\/app-store-connect\/view-sales-and-trends\/download-and-view-reports\/\" target=\"_blank\" rel=\"noreferrer noopener\">iOS<\/a><\/li>\n<\/ul>\n<\/li>\n\n\n\n<li><strong>InSight Pro \u2013 Speci\u00e1lis Instagram-analitika<\/strong>\n<ul>\n<li><a href=\"https:\/\/play.google.com\/store\/apps\/details?id=com.animares.insightprostate&amp;hl=en_US\" target=\"_blank\" rel=\"noreferrer noopener\">Android<\/a><\/li>\n\n\n\n<li><a href=\"https:\/\/apps.apple.com\/us\/app\/insight-pro\/id1505202401\" target=\"_blank\" rel=\"noreferrer noopener\">iOS<\/a><\/li>\n<\/ul>\n<\/li>\n\n\n\n<li><strong>K\u00f6z\u00f6ss\u00e9gi m\u00e9dia szkennel\u00e9s Instagramhoz<\/strong>\n<ul>\n<li><a href=\"https:\/\/apps.apple.com\/us\/app\/social-scan-followers-tracker\/id1210090447\" target=\"_blank\" rel=\"noreferrer noopener\">Android<\/a><\/li>\n\n\n\n<li><a href=\"https:\/\/apps.apple.com\/us\/app\/social-scan-followers-tracker\/id1210090447\" target=\"_blank\" rel=\"noreferrer noopener\">iOS<\/a><\/li>\n<\/ul>\n<\/li>\n<\/ol>\n\n\n\n<p>\u00c9rdekes lehet felfedezni ezeket az eszk\u00f6z\u00f6ket, de ne feledd, hogy k\u00f6r\u00fcltekint\u0151en kell haszn\u00e1lnod \u0151ket, \u00e9s tiszt\u00e1ban kell lenned a korl\u00e1taikkal.<\/p>","protected":false},"excerpt":{"rendered":"<p>Saber qui\u00e9n visita tu perfil en las redes sociales es una curiosidad com\u00fan entre usuarios de todas las edades. Para quienes usan estas plataformas como herramienta de marketing, esto puede ser a\u00fan m\u00e1s importante. Pero, \u00bfes posible descubrir qui\u00e9n realmente est\u00e1 visitando tu perfil? \u00bfCu\u00e1les son las mejores herramientas para hacerlo? En este art\u00edculo, exploraremos [&hellip;]<\/p>","protected":false},"author":139,"featured_media":6082,"comment_status":"closed","ping_status":"open","sticky":false,"template":"","format":"standard","meta":{"footnotes":""},"categories":[2],"tags":[25,292,745],"yoast_head":"<!-- This site is optimized with the Yoast SEO plugin v23.3 - https:\/\/yoast.com\/wordpress\/plugins\/seo\/ -->\n<title>Descubre Qui\u00e9n Visit\u00f3 Tu Perfil en Redes Sociales - Universo Fam\u00edlia<\/title>\n<meta name=\"description\" content=\"Descubre Qui\u00e9n Visit\u00f3 Tu Perfil en Redes Sociales. Saber qui\u00e9n visita tu perfil en las redes sociales es una curiosidad com\u00fan entre usuarios de todas las edades...\" \/>\n<meta name=\"robots\" content=\"index, follow, max-snippet:-1, max-image-preview:large, max-video-preview:-1\" \/>\n<link rel=\"canonical\" href=\"https:\/\/universofamilia.com\/hu\/descubre-quien-visito-tu-perfil-en-redes-sociales\/\" \/>\n<meta property=\"og:locale\" content=\"hu_HU\" \/>\n<meta property=\"og:type\" content=\"article\" \/>\n<meta property=\"og:title\" content=\"Descubre Qui\u00e9n Visit\u00f3 Tu Perfil en Redes Sociales - Universo Fam\u00edlia\" \/>\n<meta property=\"og:description\" content=\"Descubre Qui\u00e9n Visit\u00f3 Tu Perfil en Redes Sociales. Saber qui\u00e9n visita tu perfil en las redes sociales es una curiosidad com\u00fan entre usuarios de todas las edades...\" \/>\n<meta property=\"og:url\" content=\"https:\/\/universofamilia.com\/hu\/descubre-quien-visito-tu-perfil-en-redes-sociales\/\" \/>\n<meta property=\"og:site_name\" content=\"Universo Fam\u00edlia\" \/>\n<meta property=\"article:published_time\" content=\"2024-06-11T17:51:17+00:00\" \/>\n<meta property=\"article:modified_time\" content=\"2025-01-28T16:24:07+00:00\" \/>\n<meta property=\"og:image\" content=\"https:\/\/universofamilia.com\/wp-content\/uploads\/sites\/148\/2024\/06\/P-550x350-6-1.jpg\" \/>\n\t<meta property=\"og:image:width\" content=\"550\" \/>\n\t<meta property=\"og:image:height\" content=\"350\" \/>\n\t<meta property=\"og:image:type\" content=\"image\/jpeg\" \/>\n<meta name=\"author\" content=\"Pedro Henrique\" \/>\n<meta name=\"twitter:card\" content=\"summary_large_image\" \/>\n<meta name=\"twitter:label1\" content=\"Written by\" \/>\n\t<meta name=\"twitter:data1\" content=\"Pedro Henrique\" \/>\n\t<meta name=\"twitter:label2\" content=\"Est. reading time\" \/>\n\t<meta name=\"twitter:data2\" content=\"6 perc\" \/>\n<script type=\"application\/ld+json\" class=\"yoast-schema-graph\">{\"@context\":\"https:\/\/schema.org\",\"@graph\":[{\"@type\":\"WebPage\",\"@id\":\"https:\/\/universofamilia.com\/fr\/descubre-quien-visito-tu-perfil-en-redes-sociales\/\",\"url\":\"https:\/\/universofamilia.com\/fr\/descubre-quien-visito-tu-perfil-en-redes-sociales\/\",\"name\":\"Descubre Qui\u00e9n Visit\u00f3 Tu Perfil en Redes Sociales - Universo Fam\u00edlia\",\"isPartOf\":{\"@id\":\"https:\/\/universofamilia.com\/el\/#website\"},\"primaryImageOfPage\":{\"@id\":\"https:\/\/universofamilia.com\/fr\/descubre-quien-visito-tu-perfil-en-redes-sociales\/#primaryimage\"},\"image\":{\"@id\":\"https:\/\/universofamilia.com\/fr\/descubre-quien-visito-tu-perfil-en-redes-sociales\/#primaryimage\"},\"thumbnailUrl\":\"https:\/\/universofamilia.com\/wp-content\/uploads\/sites\/148\/2024\/06\/P-550x350-6-1.jpg\",\"datePublished\":\"2024-06-11T17:51:17+00:00\",\"dateModified\":\"2025-01-28T16:24:07+00:00\",\"author\":{\"@id\":\"https:\/\/universofamilia.com\/el\/#\/schema\/person\/f07ce98187dd84d31154262e79b3b7ca\"},\"description\":\"Descubre Qui\u00e9n Visit\u00f3 Tu Perfil en Redes Sociales. Saber qui\u00e9n visita tu perfil en las redes sociales es una curiosidad com\u00fan entre usuarios de todas las edades...\",\"breadcrumb\":{\"@id\":\"https:\/\/universofamilia.com\/fr\/descubre-quien-visito-tu-perfil-en-redes-sociales\/#breadcrumb\"},\"inLanguage\":\"hu\",\"potentialAction\":[{\"@type\":\"ReadAction\",\"target\":[\"https:\/\/universofamilia.com\/fr\/descubre-quien-visito-tu-perfil-en-redes-sociales\/\"]}]},{\"@type\":\"ImageObject\",\"inLanguage\":\"hu\",\"@id\":\"https:\/\/universofamilia.com\/fr\/descubre-quien-visito-tu-perfil-en-redes-sociales\/#primaryimage\",\"url\":\"https:\/\/universofamilia.com\/wp-content\/uploads\/sites\/148\/2024\/06\/P-550x350-6-1.jpg\",\"contentUrl\":\"https:\/\/universofamilia.com\/wp-content\/uploads\/sites\/148\/2024\/06\/P-550x350-6-1.jpg\",\"width\":550,\"height\":350,\"caption\":\"Descubre Qui\u00e9n Visit\u00f3 Tu Perfil en Redes Sociales\"},{\"@type\":\"BreadcrumbList\",\"@id\":\"https:\/\/universofamilia.com\/fr\/descubre-quien-visito-tu-perfil-en-redes-sociales\/#breadcrumb\",\"itemListElement\":[{\"@type\":\"ListItem\",\"position\":1,\"name\":\"Home\",\"item\":\"https:\/\/universofamilia.com\/el\/\"},{\"@type\":\"ListItem\",\"position\":2,\"name\":\"Descubre Qui\u00e9n Visit\u00f3 Tu Perfil en Redes Sociales\"}]},{\"@type\":\"WebSite\",\"@id\":\"https:\/\/universofamilia.com\/el\/#website\",\"url\":\"https:\/\/universofamilia.com\/el\/\",\"name\":\"Universo Fam\u00edlia\",\"description\":\"\",\"potentialAction\":[{\"@type\":\"SearchAction\",\"target\":{\"@type\":\"EntryPoint\",\"urlTemplate\":\"https:\/\/universofamilia.com\/el\/?s={search_term_string}\"},\"query-input\":\"required name=search_term_string\"}],\"inLanguage\":\"hu\"},{\"@type\":\"Person\",\"@id\":\"https:\/\/universofamilia.com\/el\/#\/schema\/person\/f07ce98187dd84d31154262e79b3b7ca\",\"name\":\"Pedro Henrique\",\"image\":{\"@type\":\"ImageObject\",\"inLanguage\":\"hu\",\"@id\":\"https:\/\/universofamilia.com\/el\/#\/schema\/person\/image\/\",\"url\":\"https:\/\/secure.gravatar.com\/avatar\/9edfeb808cb4e1599f64d6e45b130154?s=96&d=mm&r=g\",\"contentUrl\":\"https:\/\/secure.gravatar.com\/avatar\/9edfeb808cb4e1599f64d6e45b130154?s=96&d=mm&r=g\",\"caption\":\"Pedro Henrique\"},\"url\":\"https:\/\/universofamilia.com\/hu\/author\/editor01\/\"}]}<\/script>\n<!-- \/ Yoast SEO plugin. -->","yoast_head_json":{"title":"Descubre Qui\u00e9n Visit\u00f3 Tu Perfil en Redes Sociales - Universo Fam\u00edlia","description":"Descubre Qui\u00e9n Visit\u00f3 Tu Perfil en Redes Sociales. Saber qui\u00e9n visita tu perfil en las redes sociales es una curiosidad com\u00fan entre usuarios de todas las edades...","robots":{"index":"index","follow":"follow","max-snippet":"max-snippet:-1","max-image-preview":"max-image-preview:large","max-video-preview":"max-video-preview:-1"},"canonical":"https:\/\/universofamilia.com\/hu\/descubre-quien-visito-tu-perfil-en-redes-sociales\/","og_locale":"hu_HU","og_type":"article","og_title":"Descubre Qui\u00e9n Visit\u00f3 Tu Perfil en Redes Sociales - Universo Fam\u00edlia","og_description":"Descubre Qui\u00e9n Visit\u00f3 Tu Perfil en Redes Sociales. Saber qui\u00e9n visita tu perfil en las redes sociales es una curiosidad com\u00fan entre usuarios de todas las edades...","og_url":"https:\/\/universofamilia.com\/hu\/descubre-quien-visito-tu-perfil-en-redes-sociales\/","og_site_name":"Universo Fam\u00edlia","article_published_time":"2024-06-11T17:51:17+00:00","article_modified_time":"2025-01-28T16:24:07+00:00","og_image":[{"width":550,"height":350,"url":"https:\/\/universofamilia.com\/wp-content\/uploads\/sites\/148\/2024\/06\/P-550x350-6-1.jpg","type":"image\/jpeg"}],"author":"Pedro Henrique","twitter_card":"summary_large_image","twitter_misc":{"Written by":"Pedro Henrique","Est. reading time":"6 perc"},"schema":{"@context":"https:\/\/schema.org","@graph":[{"@type":"WebPage","@id":"https:\/\/universofamilia.com\/fr\/descubre-quien-visito-tu-perfil-en-redes-sociales\/","url":"https:\/\/universofamilia.com\/fr\/descubre-quien-visito-tu-perfil-en-redes-sociales\/","name":"Descubre Qui\u00e9n Visit\u00f3 Tu Perfil en Redes Sociales - Universo Fam\u00edlia","isPartOf":{"@id":"https:\/\/universofamilia.com\/el\/#website"},"primaryImageOfPage":{"@id":"https:\/\/universofamilia.com\/fr\/descubre-quien-visito-tu-perfil-en-redes-sociales\/#primaryimage"},"image":{"@id":"https:\/\/universofamilia.com\/fr\/descubre-quien-visito-tu-perfil-en-redes-sociales\/#primaryimage"},"thumbnailUrl":"https:\/\/universofamilia.com\/wp-content\/uploads\/sites\/148\/2024\/06\/P-550x350-6-1.jpg","datePublished":"2024-06-11T17:51:17+00:00","dateModified":"2025-01-28T16:24:07+00:00","author":{"@id":"https:\/\/universofamilia.com\/el\/#\/schema\/person\/f07ce98187dd84d31154262e79b3b7ca"},"description":"Descubre Qui\u00e9n Visit\u00f3 Tu Perfil en Redes Sociales. Saber qui\u00e9n visita tu perfil en las redes sociales es una curiosidad com\u00fan entre usuarios de todas las edades...","breadcrumb":{"@id":"https:\/\/universofamilia.com\/fr\/descubre-quien-visito-tu-perfil-en-redes-sociales\/#breadcrumb"},"inLanguage":"hu","potentialAction":[{"@type":"ReadAction","target":["https:\/\/universofamilia.com\/fr\/descubre-quien-visito-tu-perfil-en-redes-sociales\/"]}]},{"@type":"ImageObject","inLanguage":"hu","@id":"https:\/\/universofamilia.com\/fr\/descubre-quien-visito-tu-perfil-en-redes-sociales\/#primaryimage","url":"https:\/\/universofamilia.com\/wp-content\/uploads\/sites\/148\/2024\/06\/P-550x350-6-1.jpg","contentUrl":"https:\/\/universofamilia.com\/wp-content\/uploads\/sites\/148\/2024\/06\/P-550x350-6-1.jpg","width":550,"height":350,"caption":"Descubre Qui\u00e9n Visit\u00f3 Tu Perfil en Redes Sociales"},{"@type":"BreadcrumbList","@id":"https:\/\/universofamilia.com\/fr\/descubre-quien-visito-tu-perfil-en-redes-sociales\/#breadcrumb","itemListElement":[{"@type":"ListItem","position":1,"name":"Home","item":"https:\/\/universofamilia.com\/el\/"},{"@type":"ListItem","position":2,"name":"Descubre Qui\u00e9n Visit\u00f3 Tu Perfil en Redes Sociales"}]},{"@type":"WebSite","@id":"https:\/\/universofamilia.com\/el\/#website","url":"https:\/\/universofamilia.com\/el\/","name":"Universo Fam\u00edlia","description":"","potentialAction":[{"@type":"SearchAction","target":{"@type":"EntryPoint","urlTemplate":"https:\/\/universofamilia.com\/el\/?s={search_term_string}"},"query-input":"required name=search_term_string"}],"inLanguage":"hu"},{"@type":"Person","@id":"https:\/\/universofamilia.com\/el\/#\/schema\/person\/f07ce98187dd84d31154262e79b3b7ca","name":"Pedro Henrique","image":{"@type":"ImageObject","inLanguage":"hu","@id":"https:\/\/universofamilia.com\/el\/#\/schema\/person\/image\/","url":"https:\/\/secure.gravatar.com\/avatar\/9edfeb808cb4e1599f64d6e45b130154?s=96&d=mm&r=g","contentUrl":"https:\/\/secure.gravatar.com\/avatar\/9edfeb808cb4e1599f64d6e45b130154?s=96&d=mm&r=g","caption":"Pedro Henrique"},"url":"https:\/\/universofamilia.com\/hu\/author\/editor01\/"}]}},"_links":{"self":[{"href":"https:\/\/universofamilia.com\/hu\/wp-json\/wp\/v2\/posts\/6081"}],"collection":[{"href":"https:\/\/universofamilia.com\/hu\/wp-json\/wp\/v2\/posts"}],"about":[{"href":"https:\/\/universofamilia.com\/hu\/wp-json\/wp\/v2\/types\/post"}],"author":[{"embeddable":true,"href":"https:\/\/universofamilia.com\/hu\/wp-json\/wp\/v2\/users\/139"}],"replies":[{"embeddable":true,"href":"https:\/\/universofamilia.com\/hu\/wp-json\/wp\/v2\/comments?post=6081"}],"version-history":[{"count":1,"href":"https:\/\/universofamilia.com\/hu\/wp-json\/wp\/v2\/posts\/6081\/revisions"}],"predecessor-version":[{"id":8435,"href":"https:\/\/universofamilia.com\/hu\/wp-json\/wp\/v2\/posts\/6081\/revisions\/8435"}],"wp:featuredmedia":[{"embeddable":true,"href":"https:\/\/universofamilia.com\/hu\/wp-json\/wp\/v2\/media\/6082"}],"wp:attachment":[{"href":"https:\/\/universofamilia.com\/hu\/wp-json\/wp\/v2\/media?parent=6081"}],"wp:term":[{"taxonomy":"category","embeddable":true,"href":"https:\/\/universofamilia.com\/hu\/wp-json\/wp\/v2\/categories?post=6081"},{"taxonomy":"post_tag","embeddable":true,"href":"https:\/\/universofamilia.com\/hu\/wp-json\/wp\/v2\/tags?post=6081"}],"curies":[{"name":"wp","href":"https:\/\/api.w.org\/{rel}","templated":true}]}}