{"id":6084,"date":"2024-06-11T15:39:05","date_gmt":"2024-06-11T18:39:05","guid":{"rendered":"https:\/\/universofamilia.com\/?p=6084"},"modified":"2025-01-28T13:21:54","modified_gmt":"2025-01-28T13:21:54","slug":"quieres-saber-quien-visita-tu-perfil-en-las-redes-sociales","status":"publish","type":"post","link":"https:\/\/universofamilia.com\/hu\/quieres-saber-quien-visita-tu-perfil-en-las-redes-sociales\/","title":{"rendered":"Szeretn\u00e9d tudni, hogy kik l\u00e1togatj\u00e1k a profilodat a k\u00f6z\u00f6ss\u00e9gi oldalakon?"},"content":{"rendered":"<p>Szeretn\u00e9d tudni, hogy kik l\u00e1togatj\u00e1k a profilodat a k\u00f6z\u00f6ss\u00e9gi oldalakon?<\/p>\n\n\n\n<p>Elgondolkodt\u00e1l m\u00e1r azon, hogy kik l\u00e1togatj\u00e1k a k\u00f6z\u00f6ss\u00e9gi m\u00e9dia profilodat?<\/p>\n\n\n\n<p>Ak\u00e1r k\u00edv\u00e1ncsis\u00e1gb\u00f3l, ak\u00e1r strat\u00e9giai okokb\u00f3l, sz\u00e1mos el\u0151nnyel j\u00e1rhat, ha tudjuk, kik k\u00f6vetik a bejegyz\u00e9seinket.<\/p>\n\n\n\n<p>Vizsg\u00e1ljuk meg az okokat \u00e9s eszk\u00f6z\u00f6ket ezen inform\u00e1ci\u00f3k felt\u00e1r\u00e1s\u00e1hoz, valamint azt, hogyan haszn\u00e1lhatod fel ezeket az adatokat a saj\u00e1t el\u0151ny\u00f6dre.<\/p>\n\n\n\n<h2 class=\"wp-block-heading\">Mi\u00e9rt fontos tudni, hogy kik l\u00e1togatj\u00e1k a k\u00f6z\u00f6ss\u00e9gi m\u00e9dia profilodat?<\/h2>\n\n\n\n<h3 class=\"wp-block-heading\">\u00c9rtsd meg a k\u00f6z\u00f6ns\u00e9gedet, \u00e9s igaz\u00edtsd a tartalomstrat\u00e9gi\u00e1dat<\/h3>\n\n\n\n<p>Ha tudod, hogy kik l\u00e1togatj\u00e1k a profilodat, jobban meg\u00e9rtheted a k\u00f6z\u00f6ns\u00e9gedet.<\/p>\n\n\n\n<p>Ez seg\u00edt abban, hogy a bejegyz\u00e9seidet az elv\u00e1r\u00e1saikhoz \u00e9s preferenci\u00e1ikhoz igaz\u00edtsd, ez\u00e1ltal n\u00f6velve az elk\u00f6telez\u0151d\u00e9st \u00e9s a relevanci\u00e1t.<\/p>\n\n\n\n<p><\/p>\n\n\n\n<hr class=\"wp-block-separator has-text-color has-luminous-vivid-orange-color has-alpha-channel-opacity has-luminous-vivid-orange-background-color has-background\" \/>\n\n\n\n<h2 class=\"wp-block-heading\">Olvasd el m\u00e9g:<\/h2>\n\n\n\n<div class=\"wp-block-columns is-layout-flex wp-container-core-columns-layout-1 wp-block-columns-is-layout-flex\">\n<div class=\"wp-block-column is-layout-flow wp-block-column-is-layout-flow\">\n<div class=\"wp-block-buttons is-layout-flex wp-block-buttons-is-layout-flex\">\n<div class=\"wp-block-button has-custom-width wp-block-button__width-100\" style=\"text-decoration:none\"><a class=\"wp-block-button__link has-white-color has-vivid-cyan-blue-background-color has-text-color has-background has-link-color has-text-align-left wp-element-button\" href=\"https:\/\/universofamilia.com\/hu\/5893\/acelera-tu-celular-despierta-tu-productividad\/\" style=\"border-radius:10px\" target=\"_blank\" rel=\"noreferrer noopener\"><font style=\"vertical-align: inherit\"><font style=\"vertical-align: inherit\">\ud83d\udccc Gyors\u00edtsd fel a mobiltelefonodat<\/font><\/font> &gt;<\/a><\/div>\n\n\n\n<div class=\"wp-block-button has-custom-width wp-block-button__width-100\" style=\"text-decoration:none\"><a class=\"wp-block-button__link has-white-color has-vivid-cyan-blue-background-color has-text-color has-background has-link-color has-text-align-left wp-element-button\" href=\"https:\/\/universofamilia.com\/hu\/5869\/descubre-quien-te-esta-observando-en-las-redes-sociales\/\" style=\"border-radius:10px\" target=\"_blank\" rel=\"noreferrer noopener\"><font style=\"vertical-align: inherit\"><font style=\"vertical-align: inherit\"><font style=\"vertical-align: inherit\"><font style=\"vertical-align: inherit\">\ud83d\udccc Kik l\u00e1togatt\u00e1k meg a profilodat?<\/font><\/font><\/font><\/font> &gt;<\/a><\/div>\n<\/div>\n<\/div>\n\n\n\n<div class=\"wp-block-column is-layout-flow wp-block-column-is-layout-flow\">\n<div class=\"wp-block-buttons is-layout-flex wp-block-buttons-is-layout-flex\">\n<div class=\"wp-block-button has-custom-width wp-block-button__width-100\" style=\"text-decoration:none\"><a class=\"wp-block-button__link has-white-color has-vivid-cyan-blue-background-color has-text-color has-background has-link-color has-text-align-left wp-element-button\" href=\"https:\/\/universofamilia.com\/hu\/5859\/el-encanto-de-las-telenovelas-turcas\/\" style=\"border-radius:10px\" target=\"_blank\" rel=\"noreferrer noopener\"><font style=\"vertical-align: inherit\"><font style=\"vertical-align: inherit\"><font style=\"vertical-align: inherit\"><font style=\"vertical-align: inherit\">\ud83d\udccd<\/font><\/font> T\u00f6r\u00f6k szappanoper\u00e1k &gt;<\/font><\/font><\/a><\/div>\n<\/div>\n<\/div>\n<\/div>\n\n\n\n<hr class=\"wp-block-separator has-text-color has-luminous-vivid-orange-color has-alpha-channel-opacity has-luminous-vivid-orange-background-color has-background\" \/>\n\n\n\n<p><\/p>\n\n\n\n<h3 class=\"wp-block-heading\">Azonos\u00edtsd a potenci\u00e1lis k\u00f6vet\u0151ket, \u00e9s konvert\u00e1ld \u0151ket v\u00e1s\u00e1rl\u00f3kk\u00e1<\/h3>\n\n\n\n<p>Azzal, hogy azonos\u00edtod, kik l\u00e1togatj\u00e1k gyakran a profilodat, potenci\u00e1lis k\u00f6vet\u0151ket tal\u00e1lhatsz, akikb\u0151l v\u00e1s\u00e1rl\u00f3k v\u00e1lhatnak.<\/p>\n\n\n\n<p>Ez k\u00fcl\u00f6n\u00f6sen hasznos azok sz\u00e1m\u00e1ra, akik marketing c\u00e9lokra haszn\u00e1lj\u00e1k a k\u00f6z\u00f6ss\u00e9gi m\u00e9di\u00e1t.<\/p>\n\n\n\n<h3 class=\"wp-block-heading\">Figyeld az elk\u00f6telez\u0151d\u00e9st, \u00e9s hasonl\u00edtsd \u00f6ssze a teljes\u00edtm\u00e9nyedet m\u00e1s profilokkal<\/h3>\n\n\n\n<p>A profilod l\u00e1togat\u00f3inak elemz\u00e9s\u00e9vel nyomon k\u00f6vetheted a bejegyz\u00e9seiddel kapcsolatos aktivit\u00e1s m\u00e9rt\u00e9k\u00e9t.<\/p>\n\n\n\n<p>Ha ezeket az adatokat \u00f6sszehasonl\u00edtod m\u00e1s profilok adataival, akkor m\u00f3dos\u00edthatod a strat\u00e9gi\u00e1idat a k\u00f6z\u00f6ss\u00e9gi m\u00e9di\u00e1ban el\u00e9rt teljes\u00edtm\u00e9nyed jav\u00edt\u00e1sa \u00e9rdek\u00e9ben.<\/p>\n\n\n\n<h2 class=\"wp-block-heading\">A l\u00e1togat\u00f3elemz\u0151 eszk\u00f6z\u00f6k korl\u00e1tai<\/h2>\n\n\n\n<h3 class=\"wp-block-heading\">A teljes l\u00e1togat\u00f3lista esetleg nem \u00e9rhet\u0151 el<\/h3>\n\n\n\n<p>Fontos meg\u00e9rteni, hogy egyetlen alkalmaz\u00e1s sem ny\u00fajt teljes list\u00e1t arr\u00f3l, hogy kik l\u00e1togatt\u00e1k meg a profilodat.<\/p>\n\n\n\n<p>A k\u00f6z\u00f6ss\u00e9gi h\u00e1l\u00f3zatok adatv\u00e9delmi okokb\u00f3l korl\u00e1tozz\u00e1k az ilyen inform\u00e1ci\u00f3khoz val\u00f3 hozz\u00e1f\u00e9r\u00e9st.<\/p>\n\n\n\n<h3 class=\"wp-block-heading\">Hogyan becs\u00fclik meg az alkalmaz\u00e1sok, hogy kik l\u00e1togatj\u00e1k a profilodat?<\/h3>\n\n\n\n<p>Az alkalmaz\u00e1sok olyan m\u00f3dszereket haszn\u00e1lnak, mint az interakci\u00f3elemz\u00e9s (l\u00e1jkok, hozz\u00e1sz\u00f3l\u00e1sok, t\u00f6rt\u00e9netmegtekint\u00e9sek) \u00e9s a nyilv\u00e1nos adatok, hogy megbecs\u00fclj\u00e9k, kik l\u00e1togatj\u00e1k a profilodat.<\/p>\n\n\n\n<p>Ezek a m\u00f3dszerek nem t\u00e9vedhetetlenek, de j\u00f3 jelz\u00e9st adnak.<\/p>\n\n\n\n<h3 class=\"wp-block-heading\">Az eszk\u00f6z\u00f6k felel\u0151ss\u00e9gteljes haszn\u00e1lat\u00e1nak fontoss\u00e1ga<\/h3>\n\n\n\n<p>Mindig felel\u0151ss\u00e9gteljesen haszn\u00e1ld ezeket az eszk\u00f6z\u00f6ket. Olvasd el az adatv\u00e9delmi ir\u00e1nyelveiket, \u00e9s gy\u0151z\u0151dj meg r\u00f3la, hogy az alkalmaz\u00e1sok biztons\u00e1gosak, miel\u0151tt telep\u00edten\u00e9d \u0151ket.<\/p>\n\n\n\n<h2 class=\"wp-block-heading\">Tippek az adatv\u00e9delemhez a k\u00f6z\u00f6ss\u00e9gi m\u00e9di\u00e1ban<\/h2>\n\n\n\n<h3 class=\"wp-block-heading\">M\u00f3dos\u00edtsa profilja adatv\u00e9delmi be\u00e1ll\u00edt\u00e1sait<\/h3>\n\n\n\n<p>Tekintse \u00e1t a k\u00f6z\u00f6ss\u00e9gi m\u00e9dia adatv\u00e9delmi be\u00e1ll\u00edt\u00e1sait. Korl\u00e1tozza, hogy kik l\u00e1thatj\u00e1k a bejegyz\u00e9seit \u00e9s szem\u00e9lyes adatait, hogy megv\u00e9dje adatait.<\/p>\n\n\n\n<h3 class=\"wp-block-heading\">Korl\u00e1tozd az online megosztott inform\u00e1ci\u00f3kat<\/h3>\n\n\n\n<p>Ker\u00fcld a bizalmas szem\u00e9lyes adatok megoszt\u00e1s\u00e1t a k\u00f6z\u00f6ss\u00e9gi m\u00e9di\u00e1ban. Min\u00e9l kevesebb inform\u00e1ci\u00f3t osztasz meg, ann\u00e1l nehezebb lesz valakinek nyomon k\u00f6vetni a tev\u00e9kenys\u00e9geidet.<\/p>\n\n\n\n<h3 class=\"wp-block-heading\">Legyen \u00f3vatos a telep\u00edtett alkalmaz\u00e1sok t\u00edpusaival<\/h3>\n\n\n\n<p>Miel\u0151tt b\u00e1rmilyen alkalmaz\u00e1st telep\u00edten\u00e9l, olvasd el a r\u00f3la sz\u00f3l\u00f3 v\u00e9lem\u00e9nyeket \u00e9s a felhaszn\u00e1l\u00f3i hozz\u00e1sz\u00f3l\u00e1sokat. V\u00e1lassz megb\u00edzhat\u00f3 forr\u00e1sb\u00f3l sz\u00e1rmaz\u00f3 alkalmaz\u00e1sokat.<\/p>\n\n\n<div class=\"wp-block-image\">\n<figure class=\"aligncenter size-full\"><img loading=\"lazy\" decoding=\"async\" width=\"550\" height=\"350\" src=\"http:\/\/universofamilia.com\/wp-content\/uploads\/sites\/148\/2024\/06\/P-550x350-5-1.jpg\" alt=\"\" class=\"wp-image-6085\" srcset=\"https:\/\/universofamilia.com\/wp-content\/uploads\/sites\/148\/2024\/06\/P-550x350-5-1.jpg 550w, https:\/\/universofamilia.com\/wp-content\/uploads\/sites\/148\/2024\/06\/P-550x350-5-1-300x191.jpg 300w\" sizes=\"(max-width: 550px) 100vw, 550px\" \/><figcaption class=\"wp-element-caption\">Szeretn\u00e9d tudni, hogy kik l\u00e1togatj\u00e1k a profilodat a k\u00f6z\u00f6ss\u00e9gi oldalakon?<\/figcaption><\/figure><\/div>\n\n\n<h2 class=\"wp-block-heading\">A 3 alkalmaz\u00e1s r\u00e9szletes \u00f6sszehasonl\u00edt\u00e1sa<\/h2>\n\n\n\n<p>\u00cdme egy \u00f6sszehasonl\u00edt\u00f3 t\u00e1bl\u00e1zat a h\u00e1rom legn\u00e9pszer\u0171bb Instagram l\u00e1togat\u00f3elemz\u0151 alkalmaz\u00e1sr\u00f3l:<\/p>\n\n\n\n<figure class=\"wp-block-table\"><table><thead><tr><th>Alkalmaz\u00e1s<\/th><th>Kiemelt<\/th><th>Android-v\u00e9lem\u00e9nyek<\/th><th>iOS-v\u00e9lem\u00e9nyek<\/th><th>\u00c1r<\/th><\/tr><\/thead><tbody><tr><td><strong>Jelent\u00e9sek+ K\u00f6vet\u0151k elemz\u00e9se<\/strong><\/td><td>Mutasd meg, kik l\u00e9pnek interakci\u00f3ba, azonos\u00edtsd a szellemk\u00f6vet\u0151ket, figyeld a n\u00f6veked\u00e9st<\/td><td>4,5 csillag (t\u00f6bb mint 500 ezer)<\/td><td>4,7 csillag (t\u00f6bb mint 130 ezer)<\/td><td>Ingyenes<\/td><\/tr><tr><td><strong>InSight Pro<\/strong><\/td><td>R\u00e9szletes jelent\u00e9sek, k\u00f6vet\u0151k elt\u00e1vol\u00edt\u00e1s\u00e1nak k\u00f6vet\u00e9se, hashtag elemz\u00e9s<\/td><td>4,3 csillag (t\u00f6bb mint 100 ezer)<\/td><td>4,7 csillag (t\u00f6bb mint 5 ezer)<\/td><td>Ingyenes<\/td><\/tr><tr><td><strong>K\u00f6z\u00f6ss\u00e9gi m\u00e9dia<\/strong><\/td><td>Ellen\u0151rizd, ki blokkolt t\u00e9ged, keress ghost profilokat, elemezd a k\u00f6vet\u0151idet<\/td><td>4,1 csillag (t\u00f6bb mint 50 ezer)<\/td><td>4,5 csillag (t\u00f6bb mint 2 ezer)<\/td><td>Ingyenes<\/td><\/tr><\/tbody><\/table><figcaption class=\"wp-element-caption\">Szeretn\u00e9d tudni, hogy kik l\u00e1togatj\u00e1k a profilodat a k\u00f6z\u00f6ss\u00e9gi oldalakon?<\/figcaption><\/figure>\n\n\n\n<h3 class=\"wp-block-heading\">Jelent\u00e9sek + K\u00f6vet\u0151k elemz\u00e9se Instagramhoz<\/h3>\n\n\n\n<ul>\n<li><strong>Kiemelt<\/strong>: Mutasd meg, kik l\u00e9pnek kapcsolatba veled, azonos\u00edtsd a szellemk\u00f6vet\u0151ket, figyeld a profilod n\u00f6veked\u00e9s\u00e9t.<\/li>\n\n\n\n<li><strong>\u00c9rt\u00e9kel\u00e9sek<\/strong>Android: 4,5 csillag (t\u00f6bb mint 500 000 \u00e9rt\u00e9kel\u00e9s), iOS: 4,7 csillag (t\u00f6bb mint 130 000 \u00e9rt\u00e9kel\u00e9s).<\/li>\n<\/ul>\n\n\n\n<h3 class=\"wp-block-heading\">InSight Pro \u2013 Speci\u00e1lis Instagram-analitika<\/h3>\n\n\n\n<ul>\n<li><strong>Kiemelt<\/strong>R\u00e9szletes jelent\u00e9sek a k\u00f6vet\u0151kr\u0151l, k\u00f6vet\u0151k elt\u00e1vol\u00edt\u00e1s\u00e1nak nyomon k\u00f6vet\u00e9se, hashtag elemz\u00e9s.<\/li>\n\n\n\n<li><strong>\u00c9rt\u00e9kel\u00e9sek<\/strong>Android: 4,3 csillag (t\u00f6bb mint 100 000 \u00e9rt\u00e9kel\u00e9s), iOS: 4,7 csillag (t\u00f6bb mint 5000 \u00e9rt\u00e9kel\u00e9s).<\/li>\n<\/ul>\n\n\n\n<h3 class=\"wp-block-heading\">K\u00f6z\u00f6ss\u00e9gi m\u00e9dia szkennel\u00e9s Instagramhoz<\/h3>\n\n\n\n<ul>\n<li><strong>Kiemelt<\/strong>: Ellen\u0151rizd, hogy ki blokkolt t\u00e9ged, keress ghost profilokat, elemezd a k\u00f6vet\u0151idet.<\/li>\n\n\n\n<li><strong>\u00c9rt\u00e9kel\u00e9sek<\/strong>Android: 4,1 csillag (t\u00f6bb mint 50 000 \u00e9rt\u00e9kel\u00e9s), iOS: 4,5 csillag (t\u00f6bb mint 2000 \u00e9rt\u00e9kel\u00e9s).<\/li>\n<\/ul>\n\n\n\n<h2 class=\"wp-block-heading\">Alternat\u00edv\u00e1k annak megtekint\u00e9s\u00e9re, hogy kik l\u00e1togatj\u00e1k meg a profilodat a k\u00f6z\u00f6ss\u00e9gi h\u00e1l\u00f3zatokon<\/h2>\n\n\n\n<p>Az alkalmaz\u00e1sok mellett online eszk\u00f6z\u00f6k \u00e9s b\u00f6ng\u00e9sz\u0151b\u0151v\u00edtm\u00e9nyek is vannak, amelyek hasonl\u00f3 funkci\u00f3kat k\u00edn\u00e1lnak.<\/p>\n\n\n\n<p>Azonban ezeknek az alternat\u00edv\u00e1knak is vannak korl\u00e1tai, \u00e9s lehet, hogy nem olyan pontosak, mint a dedik\u00e1lt alkalmaz\u00e1sok.<\/p>\n\n\n\n<h3 class=\"wp-block-heading\">Online eszk\u00f6z\u00f6k \u00e9s b\u00f6ng\u00e9sz\u0151b\u0151v\u00edtm\u00e9nyek<\/h3>\n\n\n\n<ul>\n<li><strong>El\u0151ny\u00f6k<\/strong>K\u00f6nnyen haszn\u00e1lhat\u00f3, nem ig\u00e9nyel alkalmaz\u00e1s telep\u00edt\u00e9s\u00e9t, rengeteg lehet\u0151s\u00e9g \u00e1ll rendelkez\u00e9sre.<\/li>\n\n\n\n<li><strong>H\u00e1tr\u00e1nyok<\/strong>Korl\u00e1tozott pontoss\u00e1g, potenci\u00e1lis biztons\u00e1gi kock\u00e1zat, korl\u00e1tozott funkcionalit\u00e1s.<\/li>\n<\/ul>\n\n\n\n<h2 class=\"wp-block-heading\">K\u00f6vetkeztet\u00e9s<\/h2>\n\n\n\n<p>A k\u00f6z\u00f6ss\u00e9gi m\u00e9dia profilod l\u00e1togat\u00f3inak ismerete hat\u00e9kony eszk\u00f6z lehet a k\u00f6z\u00f6ns\u00e9ged jobb meg\u00e9rt\u00e9s\u00e9hez \u00e9s a tartalomstrat\u00e9gi\u00e1k fejleszt\u00e9s\u00e9hez.<\/p>\n\n\n\n<p>Azonban elengedhetetlen, hogy felel\u0151ss\u00e9gteljesen haszn\u00e1ljuk ezeket az eszk\u00f6z\u00f6ket, \u00e9s tiszt\u00e1ban legy\u00fcnk a korl\u00e1taikkal.<\/p>\n\n\n\n<h3 class=\"wp-block-heading\">Let\u00f6lt\u00e9si linkek<\/h3>\n\n\n\n<ul>\n<li><strong>Jelent\u00e9sek + K\u00f6vet\u0151k elemz\u00e9se Instagramhoz<\/strong>: <a href=\"https:\/\/play.google.com\/store\/apps\/datasafety?id=com.reports.followersanalytics\">Android<\/a> | <a href=\"https:\/\/developer.apple.com\/help\/app-store-connect\/view-sales-and-trends\/download-and-view-reports\/\">iOS<\/a><\/li>\n\n\n\n<li><strong>InSight Pro \u2013 Speci\u00e1lis Instagram-analitika<\/strong>: <a href=\"https:\/\/play.google.com\/store\/apps\/details?id=com.animares.insightprostate&amp;hl=en_US\">Android<\/a> | <a href=\"https:\/\/apps.apple.com\/us\/app\/insight-pro\/id1505202401\">iOS<\/a><\/li>\n\n\n\n<li><strong>K\u00f6z\u00f6ss\u00e9gi m\u00e9dia szkennel\u00e9s Instagramhoz<\/strong>: <a href=\"https:\/\/apps.apple.com\/us\/app\/social-scan-followers-tracker\/id1210090447\">Android<\/a> | <a href=\"https:\/\/apps.apple.com\/us\/app\/social-scan-followers-tracker\/id1210090447\">iOS<\/a><\/li>\n<\/ul>\n\n\n\n<p><\/p>","protected":false},"excerpt":{"rendered":"<p>\u00bfQuieres Saber Qui\u00e9n Visita Tu Perfil en las Redes Sociales? \u00bfAlguna vez te has preguntado qui\u00e9nes son las personas que visitan tu perfil en las redes sociales? Ya sea por curiosidad o por motivos estrat\u00e9gicos, saber qui\u00e9n est\u00e1 pendiente de tus publicaciones puede traer varios beneficios. Vamos a explorar las razones y herramientas para descubrir [&hellip;]<\/p>","protected":false},"author":139,"featured_media":6085,"comment_status":"closed","ping_status":"open","sticky":false,"template":"","format":"standard","meta":{"footnotes":""},"categories":[2],"tags":[24,25,292],"yoast_head":"<!-- This site is optimized with the Yoast SEO plugin v23.3 - https:\/\/yoast.com\/wordpress\/plugins\/seo\/ -->\n<title>\u00bfQuieres Saber Qui\u00e9n Visita Tu Perfil en las Redes Sociales? - Universo Fam\u00edlia<\/title>\n<meta name=\"description\" content=\"\u00bfQuieres Saber Qui\u00e9n Visita Tu Perfil en las Redes Sociales? \u00bfAlguna vez te has preguntado qui\u00e9nes son las personas que visitan tu perfil...\" \/>\n<meta name=\"robots\" content=\"index, follow, max-snippet:-1, max-image-preview:large, max-video-preview:-1\" \/>\n<link rel=\"canonical\" href=\"https:\/\/universofamilia.com\/hu\/quieres-saber-quien-visita-tu-perfil-en-las-redes-sociales\/\" \/>\n<meta property=\"og:locale\" content=\"hu_HU\" \/>\n<meta property=\"og:type\" content=\"article\" \/>\n<meta property=\"og:title\" content=\"\u00bfQuieres Saber Qui\u00e9n Visita Tu Perfil en las Redes Sociales? - Universo Fam\u00edlia\" \/>\n<meta property=\"og:description\" content=\"\u00bfQuieres Saber Qui\u00e9n Visita Tu Perfil en las Redes Sociales? \u00bfAlguna vez te has preguntado qui\u00e9nes son las personas que visitan tu perfil...\" \/>\n<meta property=\"og:url\" content=\"https:\/\/universofamilia.com\/hu\/quieres-saber-quien-visita-tu-perfil-en-las-redes-sociales\/\" \/>\n<meta property=\"og:site_name\" content=\"Universo Fam\u00edlia\" \/>\n<meta property=\"article:published_time\" content=\"2024-06-11T18:39:05+00:00\" \/>\n<meta property=\"article:modified_time\" content=\"2025-01-28T13:21:54+00:00\" \/>\n<meta property=\"og:image\" content=\"https:\/\/universofamilia.com\/wp-content\/uploads\/sites\/148\/2024\/06\/P-550x350-5-1.jpg\" \/>\n\t<meta property=\"og:image:width\" content=\"550\" \/>\n\t<meta property=\"og:image:height\" content=\"350\" \/>\n\t<meta property=\"og:image:type\" content=\"image\/jpeg\" \/>\n<meta name=\"author\" content=\"Pedro Henrique\" \/>\n<meta name=\"twitter:card\" content=\"summary_large_image\" \/>\n<meta name=\"twitter:label1\" content=\"Written by\" \/>\n\t<meta name=\"twitter:data1\" content=\"Pedro Henrique\" \/>\n\t<meta name=\"twitter:label2\" content=\"Est. reading time\" \/>\n\t<meta name=\"twitter:data2\" content=\"5 perc\" \/>\n<script type=\"application\/ld+json\" class=\"yoast-schema-graph\">{\"@context\":\"https:\/\/schema.org\",\"@graph\":[{\"@type\":\"WebPage\",\"@id\":\"https:\/\/universofamilia.com\/fr\/quieres-saber-quien-visita-tu-perfil-en-las-redes-sociales\/\",\"url\":\"https:\/\/universofamilia.com\/fr\/quieres-saber-quien-visita-tu-perfil-en-las-redes-sociales\/\",\"name\":\"\u00bfQuieres Saber Qui\u00e9n Visita Tu Perfil en las Redes Sociales? - Universo Fam\u00edlia\",\"isPartOf\":{\"@id\":\"https:\/\/universofamilia.com\/el\/#website\"},\"primaryImageOfPage\":{\"@id\":\"https:\/\/universofamilia.com\/fr\/quieres-saber-quien-visita-tu-perfil-en-las-redes-sociales\/#primaryimage\"},\"image\":{\"@id\":\"https:\/\/universofamilia.com\/fr\/quieres-saber-quien-visita-tu-perfil-en-las-redes-sociales\/#primaryimage\"},\"thumbnailUrl\":\"https:\/\/universofamilia.com\/wp-content\/uploads\/sites\/148\/2024\/06\/P-550x350-5-1.jpg\",\"datePublished\":\"2024-06-11T18:39:05+00:00\",\"dateModified\":\"2025-01-28T13:21:54+00:00\",\"author\":{\"@id\":\"https:\/\/universofamilia.com\/el\/#\/schema\/person\/f07ce98187dd84d31154262e79b3b7ca\"},\"description\":\"\u00bfQuieres Saber Qui\u00e9n Visita Tu Perfil en las Redes Sociales? \u00bfAlguna vez te has preguntado qui\u00e9nes son las personas que visitan tu perfil...\",\"breadcrumb\":{\"@id\":\"https:\/\/universofamilia.com\/fr\/quieres-saber-quien-visita-tu-perfil-en-las-redes-sociales\/#breadcrumb\"},\"inLanguage\":\"hu\",\"potentialAction\":[{\"@type\":\"ReadAction\",\"target\":[\"https:\/\/universofamilia.com\/fr\/quieres-saber-quien-visita-tu-perfil-en-las-redes-sociales\/\"]}]},{\"@type\":\"ImageObject\",\"inLanguage\":\"hu\",\"@id\":\"https:\/\/universofamilia.com\/fr\/quieres-saber-quien-visita-tu-perfil-en-las-redes-sociales\/#primaryimage\",\"url\":\"https:\/\/universofamilia.com\/wp-content\/uploads\/sites\/148\/2024\/06\/P-550x350-5-1.jpg\",\"contentUrl\":\"https:\/\/universofamilia.com\/wp-content\/uploads\/sites\/148\/2024\/06\/P-550x350-5-1.jpg\",\"width\":550,\"height\":350,\"caption\":\"\u00bfQuieres Saber Qui\u00e9n Visita Tu Perfil en las Redes Sociales?\"},{\"@type\":\"BreadcrumbList\",\"@id\":\"https:\/\/universofamilia.com\/fr\/quieres-saber-quien-visita-tu-perfil-en-las-redes-sociales\/#breadcrumb\",\"itemListElement\":[{\"@type\":\"ListItem\",\"position\":1,\"name\":\"Home\",\"item\":\"https:\/\/universofamilia.com\/el\/\"},{\"@type\":\"ListItem\",\"position\":2,\"name\":\"\u00bfQuieres Saber Qui\u00e9n Visita Tu Perfil en las Redes Sociales?\"}]},{\"@type\":\"WebSite\",\"@id\":\"https:\/\/universofamilia.com\/el\/#website\",\"url\":\"https:\/\/universofamilia.com\/el\/\",\"name\":\"Universo Fam\u00edlia\",\"description\":\"\",\"potentialAction\":[{\"@type\":\"SearchAction\",\"target\":{\"@type\":\"EntryPoint\",\"urlTemplate\":\"https:\/\/universofamilia.com\/el\/?s={search_term_string}\"},\"query-input\":\"required name=search_term_string\"}],\"inLanguage\":\"hu\"},{\"@type\":\"Person\",\"@id\":\"https:\/\/universofamilia.com\/el\/#\/schema\/person\/f07ce98187dd84d31154262e79b3b7ca\",\"name\":\"Pedro Henrique\",\"image\":{\"@type\":\"ImageObject\",\"inLanguage\":\"hu\",\"@id\":\"https:\/\/universofamilia.com\/el\/#\/schema\/person\/image\/\",\"url\":\"https:\/\/secure.gravatar.com\/avatar\/9edfeb808cb4e1599f64d6e45b130154?s=96&d=mm&r=g\",\"contentUrl\":\"https:\/\/secure.gravatar.com\/avatar\/9edfeb808cb4e1599f64d6e45b130154?s=96&d=mm&r=g\",\"caption\":\"Pedro Henrique\"},\"url\":\"https:\/\/universofamilia.com\/hu\/author\/editor01\/\"}]}<\/script>\n<!-- \/ Yoast SEO plugin. -->","yoast_head_json":{"title":"\u00bfQuieres Saber Qui\u00e9n Visita Tu Perfil en las Redes Sociales? - Universo Fam\u00edlia","description":"\u00bfQuieres Saber Qui\u00e9n Visita Tu Perfil en las Redes Sociales? \u00bfAlguna vez te has preguntado qui\u00e9nes son las personas que visitan tu perfil...","robots":{"index":"index","follow":"follow","max-snippet":"max-snippet:-1","max-image-preview":"max-image-preview:large","max-video-preview":"max-video-preview:-1"},"canonical":"https:\/\/universofamilia.com\/hu\/quieres-saber-quien-visita-tu-perfil-en-las-redes-sociales\/","og_locale":"hu_HU","og_type":"article","og_title":"\u00bfQuieres Saber Qui\u00e9n Visita Tu Perfil en las Redes Sociales? - Universo Fam\u00edlia","og_description":"\u00bfQuieres Saber Qui\u00e9n Visita Tu Perfil en las Redes Sociales? \u00bfAlguna vez te has preguntado qui\u00e9nes son las personas que visitan tu perfil...","og_url":"https:\/\/universofamilia.com\/hu\/quieres-saber-quien-visita-tu-perfil-en-las-redes-sociales\/","og_site_name":"Universo Fam\u00edlia","article_published_time":"2024-06-11T18:39:05+00:00","article_modified_time":"2025-01-28T13:21:54+00:00","og_image":[{"width":550,"height":350,"url":"https:\/\/universofamilia.com\/wp-content\/uploads\/sites\/148\/2024\/06\/P-550x350-5-1.jpg","type":"image\/jpeg"}],"author":"Pedro Henrique","twitter_card":"summary_large_image","twitter_misc":{"Written by":"Pedro Henrique","Est. reading time":"5 perc"},"schema":{"@context":"https:\/\/schema.org","@graph":[{"@type":"WebPage","@id":"https:\/\/universofamilia.com\/fr\/quieres-saber-quien-visita-tu-perfil-en-las-redes-sociales\/","url":"https:\/\/universofamilia.com\/fr\/quieres-saber-quien-visita-tu-perfil-en-las-redes-sociales\/","name":"\u00bfQuieres Saber Qui\u00e9n Visita Tu Perfil en las Redes Sociales? - Universo Fam\u00edlia","isPartOf":{"@id":"https:\/\/universofamilia.com\/el\/#website"},"primaryImageOfPage":{"@id":"https:\/\/universofamilia.com\/fr\/quieres-saber-quien-visita-tu-perfil-en-las-redes-sociales\/#primaryimage"},"image":{"@id":"https:\/\/universofamilia.com\/fr\/quieres-saber-quien-visita-tu-perfil-en-las-redes-sociales\/#primaryimage"},"thumbnailUrl":"https:\/\/universofamilia.com\/wp-content\/uploads\/sites\/148\/2024\/06\/P-550x350-5-1.jpg","datePublished":"2024-06-11T18:39:05+00:00","dateModified":"2025-01-28T13:21:54+00:00","author":{"@id":"https:\/\/universofamilia.com\/el\/#\/schema\/person\/f07ce98187dd84d31154262e79b3b7ca"},"description":"\u00bfQuieres Saber Qui\u00e9n Visita Tu Perfil en las Redes Sociales? \u00bfAlguna vez te has preguntado qui\u00e9nes son las personas que visitan tu perfil...","breadcrumb":{"@id":"https:\/\/universofamilia.com\/fr\/quieres-saber-quien-visita-tu-perfil-en-las-redes-sociales\/#breadcrumb"},"inLanguage":"hu","potentialAction":[{"@type":"ReadAction","target":["https:\/\/universofamilia.com\/fr\/quieres-saber-quien-visita-tu-perfil-en-las-redes-sociales\/"]}]},{"@type":"ImageObject","inLanguage":"hu","@id":"https:\/\/universofamilia.com\/fr\/quieres-saber-quien-visita-tu-perfil-en-las-redes-sociales\/#primaryimage","url":"https:\/\/universofamilia.com\/wp-content\/uploads\/sites\/148\/2024\/06\/P-550x350-5-1.jpg","contentUrl":"https:\/\/universofamilia.com\/wp-content\/uploads\/sites\/148\/2024\/06\/P-550x350-5-1.jpg","width":550,"height":350,"caption":"\u00bfQuieres Saber Qui\u00e9n Visita Tu Perfil en las Redes Sociales?"},{"@type":"BreadcrumbList","@id":"https:\/\/universofamilia.com\/fr\/quieres-saber-quien-visita-tu-perfil-en-las-redes-sociales\/#breadcrumb","itemListElement":[{"@type":"ListItem","position":1,"name":"Home","item":"https:\/\/universofamilia.com\/el\/"},{"@type":"ListItem","position":2,"name":"\u00bfQuieres Saber Qui\u00e9n Visita Tu Perfil en las Redes Sociales?"}]},{"@type":"WebSite","@id":"https:\/\/universofamilia.com\/el\/#website","url":"https:\/\/universofamilia.com\/el\/","name":"Universo Fam\u00edlia","description":"","potentialAction":[{"@type":"SearchAction","target":{"@type":"EntryPoint","urlTemplate":"https:\/\/universofamilia.com\/el\/?s={search_term_string}"},"query-input":"required name=search_term_string"}],"inLanguage":"hu"},{"@type":"Person","@id":"https:\/\/universofamilia.com\/el\/#\/schema\/person\/f07ce98187dd84d31154262e79b3b7ca","name":"Pedro Henrique","image":{"@type":"ImageObject","inLanguage":"hu","@id":"https:\/\/universofamilia.com\/el\/#\/schema\/person\/image\/","url":"https:\/\/secure.gravatar.com\/avatar\/9edfeb808cb4e1599f64d6e45b130154?s=96&d=mm&r=g","contentUrl":"https:\/\/secure.gravatar.com\/avatar\/9edfeb808cb4e1599f64d6e45b130154?s=96&d=mm&r=g","caption":"Pedro Henrique"},"url":"https:\/\/universofamilia.com\/hu\/author\/editor01\/"}]}},"_links":{"self":[{"href":"https:\/\/universofamilia.com\/hu\/wp-json\/wp\/v2\/posts\/6084"}],"collection":[{"href":"https:\/\/universofamilia.com\/hu\/wp-json\/wp\/v2\/posts"}],"about":[{"href":"https:\/\/universofamilia.com\/hu\/wp-json\/wp\/v2\/types\/post"}],"author":[{"embeddable":true,"href":"https:\/\/universofamilia.com\/hu\/wp-json\/wp\/v2\/users\/139"}],"replies":[{"embeddable":true,"href":"https:\/\/universofamilia.com\/hu\/wp-json\/wp\/v2\/comments?post=6084"}],"version-history":[{"count":1,"href":"https:\/\/universofamilia.com\/hu\/wp-json\/wp\/v2\/posts\/6084\/revisions"}],"predecessor-version":[{"id":8359,"href":"https:\/\/universofamilia.com\/hu\/wp-json\/wp\/v2\/posts\/6084\/revisions\/8359"}],"wp:featuredmedia":[{"embeddable":true,"href":"https:\/\/universofamilia.com\/hu\/wp-json\/wp\/v2\/media\/6085"}],"wp:attachment":[{"href":"https:\/\/universofamilia.com\/hu\/wp-json\/wp\/v2\/media?parent=6084"}],"wp:term":[{"taxonomy":"category","embeddable":true,"href":"https:\/\/universofamilia.com\/hu\/wp-json\/wp\/v2\/categories?post=6084"},{"taxonomy":"post_tag","embeddable":true,"href":"https:\/\/universofamilia.com\/hu\/wp-json\/wp\/v2\/tags?post=6084"}],"curies":[{"name":"wp","href":"https:\/\/api.w.org\/{rel}","templated":true}]}}