{"id":6092,"date":"2024-06-19T13:00:10","date_gmt":"2024-06-19T16:00:10","guid":{"rendered":"https:\/\/universofamilia.com\/?p=6092"},"modified":"2025-01-29T01:21:11","modified_gmt":"2025-01-29T01:21:11","slug":"descubre-como-recuperar-fotos-perdidas-en-tu-movil","status":"publish","type":"post","link":"https:\/\/universofamilia.com\/hu\/descubre-como-recuperar-fotos-perdidas-en-tu-movil\/","title":{"rendered":"Fedezze fel, hogyan \u00e1ll\u00edthatja vissza az elveszett f\u00e9nyk\u00e9peket a mobiltelefonj\u00e1n"},"content":{"rendered":"<p>El\u0151fordult m\u00e1r, hogy elvesz\u00edtetted a telefonodon l\u00e9v\u0151 fontos fot\u00f3idat, \u00e9s k\u00e9ts\u00e9gbeest\u00e9l, azt gondolva, hogy \u00f6r\u00f6kre elvesztek?<\/p>\n\n\n\n<p>Ne agg\u00f3dj, van megold\u00e1s! A megfelel\u0151 alkalmaz\u00e1sokkal vissza\u00e1ll\u00edthatod azokat az \u00e9rt\u00e9kes f\u00e9nyk\u00e9peket, amelyekr\u0151l azt hitted, hogy \u00f6r\u00f6kre elvesztek.<\/p>\n\n\n\n<p>Fedezz\u00fck fel a legjobb fot\u00f3-helyre\u00e1ll\u00edt\u00f3 alkalmaz\u00e1sokat \u00e9s azok egy\u00fcttes haszn\u00e1lat\u00e1t.<\/p>\n\n\n\n<h2 class=\"wp-block-heading\">Bevezet\u00e9s<\/h2>\n\n\n\n<p>K\u00e9pzeld el ezt: \u00c1tn\u00e9zed a legut\u00f3bbi csal\u00e1di nyaral\u00e1sod fot\u00f3it, \u00e9s v\u00e9letlen\u00fcl t\u00f6bbet is t\u00f6r\u00f6lsz k\u00f6z\u00fcl\u00fck.<\/p>\n\n\n\n<p>P\u00e1nik t\u00f6r ki, \u00e9s a frusztr\u00e1ci\u00f3 hatalmas. Szerencs\u00e9re vannak fot\u00f3-helyre\u00e1ll\u00edt\u00f3 alkalmaz\u00e1sok, amelyek seg\u00edthetnek ilyen helyzetekben.<\/p>\n\n\n\n<p>\u00dagy tervezt\u00e9k \u0151ket, hogy vissza\u00e1ll\u00edts\u00e1k a v\u00e9letlen\u00fcl t\u00f6r\u00f6lt k\u00e9peket, a mobil form\u00e1z\u00e1s miatt elveszett f\u00e9nyk\u00e9peket, vagy ak\u00e1r a k\u00e9sz\u00fcl\u00e9k s\u00e9r\u00fcl\u00e9s\u00e9t.<\/p>\n\n\n\n<h3 class=\"wp-block-heading\">A fot\u00f3-helyre\u00e1ll\u00edt\u00f3 alkalmaz\u00e1s fontoss\u00e1ga<\/h3>\n\n\n\n<p>A v\u00e9letlen f\u00e9nyk\u00e9pek elveszt\u00e9se gyakori. Ak\u00e1r egy egyszer\u0171 nyelvbotl\u00e1sr\u00f3l, technikai probl\u00e9m\u00e1r\u00f3l, vagy ak\u00e1r adat\u00e1tviteli hib\u00e1r\u00f3l van sz\u00f3, a f\u00e9nyk\u00e9pek elveszt\u00e9se gyakoribb, mint gondoln\u00e1d.<\/p>\n\n\n\n<p>Egy fot\u00f3-helyre\u00e1ll\u00edt\u00f3 alkalmaz\u00e1s telep\u00edt\u00e9se a telefonodra jelentheti a k\u00fcl\u00f6nbs\u00e9get a megk\u00f6nnyebb\u00fcl\u00e9s \u00e9s a frusztr\u00e1ci\u00f3 k\u00f6z\u00f6tt. Fedezz\u00fcnk fel n\u00e9h\u00e1nyat a legjobb el\u00e9rhet\u0151 alkalmaz\u00e1sok k\u00f6z\u00fcl.<\/p>\n\n\n\n<h2 class=\"wp-block-heading\">Bemutatjuk a legjobb fot\u00f3-helyre\u00e1ll\u00edt\u00f3 alkalmaz\u00e1sokat<\/h2>\n\n\n\n<h3 class=\"wp-block-heading\">1. DiskDigger fot\u00f3-helyre\u00e1ll\u00edt\u00e1s<\/h3>\n\n\n\n<p><strong>DiskDigger fot\u00f3-helyre\u00e1ll\u00edt\u00e1s<\/strong> Ez az egyik legn\u00e9pszer\u0171bb \u00e9s legmagasabbra \u00e9rt\u00e9kelt fot\u00f3-helyre\u00e1ll\u00edt\u00f3 alkalmaz\u00e1s. Androidra \u00e9s iOS-re is el\u00e9rhet\u0151, \u00e9s egy ingyenes verzi\u00f3t is k\u00edn\u00e1l, amely a legt\u00f6bb ig\u00e9nyt kiel\u00e9g\u00edti.<\/p>\n\n\n\n<ul>\n<li><strong>Jellemz\u0151k<\/strong>: Lehet\u0151v\u00e9 teszi a f\u00e9nyk\u00e9pek vissza\u00e1ll\u00edt\u00e1s\u00e1t a bels\u0151 mem\u00f3ri\u00e1b\u00f3l, SD-k\u00e1rty\u00e1kr\u00f3l \u00e9s ak\u00e1r a felh\u0151alap\u00fa t\u00e1rhelyr\u0151l is. A kezel\u0151fel\u00fclete egyszer\u0171 \u00e9s intuit\u00edv, \u00edgy b\u00e1rki k\u00f6nnyen haszn\u00e1lhatja.<\/li>\n\n\n\n<li><strong>\u00c9rt\u00e9kel\u00e9sek<\/strong>:\n<ul>\n<li>Android: 4,6 csillag a Google Playen<\/li>\n\n\n\n<li>iOS: 4,5 csillag az App Store-ban<\/li>\n<\/ul>\n<\/li>\n<\/ul>\n\n\n\n<p><strong>Let\u00f6lt\u00e9si linkek<\/strong>:<\/p>\n\n\n\n<ul>\n<li><a href=\"https:\/\/play.google.com\/store\/apps\/details?id=com.defianttech.diskdigger&amp;hl=en_US\" target=\"_blank\" rel=\"noreferrer noopener\">Android<\/a><\/li>\n<\/ul>\n\n\n\n<h3 class=\"wp-block-heading\">2. EaseUS MobiSaver<\/h3>\n\n\n\n<p><strong>EaseUS MobiSaver<\/strong> egy m\u00e1sik n\u00e9pszer\u0171 lehet\u0151s\u00e9g, amely a f\u00e9nyk\u00e9pek \u00e9s m\u00e1s f\u00e1jlt\u00edpusok, p\u00e9ld\u00e1ul vide\u00f3k, n\u00e9vjegyek \u00e9s \u00fczenetek helyre\u00e1ll\u00edt\u00e1s\u00e1ban el\u00e9rt magas sikeress\u00e9gi ar\u00e1ny\u00e1r\u00f3l ismert.<\/p>\n\n\n\n<ul>\n<li><strong>Jellemz\u0151k<\/strong>Ingyenes verzi\u00f3t k\u00edn\u00e1l alapfunkci\u00f3kkal \u00e9s fizet\u0151s verzi\u00f3t halad\u00f3 funkci\u00f3kkal.<\/li>\n\n\n\n<li><strong>\u00c9rt\u00e9kel\u00e9sek<\/strong>:\n<ul>\n<li>Android: 4,2 csillag a Google Playen<\/li>\n\n\n\n<li>iOS: 4,5 csillag az App Store-ban<\/li>\n<\/ul>\n<\/li>\n<\/ul>\n\n\n\n<p><strong>Let\u00f6lt\u00e9si linkek<\/strong>:<\/p>\n\n\n\n<ul>\n<li><a href=\"https:\/\/play.google.com\/store\/apps\/details?id=com.easeus.mobisaver&amp;hl=en\" target=\"_blank\" rel=\"noreferrer noopener\">Android<\/a><\/li>\n\n\n\n<li><a href=\"https:\/\/www.easeus.com\/mobile-tool\/iphone-data-recovery-pro.html\" target=\"_blank\" rel=\"noreferrer noopener\">iOS<\/a><\/li>\n<\/ul>\n\n\n\n<p><\/p>\n\n\n\n<hr class=\"wp-block-separator has-text-color has-luminous-vivid-orange-color has-alpha-channel-opacity has-luminous-vivid-orange-background-color has-background\" \/>\n\n\n\n<h2 class=\"wp-block-heading\">Olvasd el m\u00e9g:<\/h2>\n\n\n\n<div class=\"wp-block-columns is-layout-flex wp-container-core-columns-layout-1 wp-block-columns-is-layout-flex\">\n<div class=\"wp-block-column is-layout-flow wp-block-column-is-layout-flow\">\n<div class=\"wp-block-buttons is-layout-flex wp-block-buttons-is-layout-flex\">\n<div class=\"wp-block-button has-custom-width wp-block-button__width-100\" style=\"text-decoration:none\"><a class=\"wp-block-button__link has-white-color has-vivid-cyan-blue-background-color has-text-color has-background has-link-color has-text-align-left wp-element-button\" href=\"https:\/\/universofamilia.com\/hu\/5893\/acelera-tu-celular-despierta-tu-productividad\/\" style=\"border-radius:10px\" target=\"_blank\" rel=\"noreferrer noopener\"><font style=\"vertical-align: inherit\"><font style=\"vertical-align: inherit\">\ud83d\udccc Gyors\u00edtsd fel a mobiltelefonodat<\/font><\/font> &gt;<\/a><\/div>\n\n\n\n<div class=\"wp-block-button has-custom-width wp-block-button__width-100\" style=\"text-decoration:none\"><a class=\"wp-block-button__link has-white-color has-vivid-cyan-blue-background-color has-text-color has-background has-link-color has-text-align-left wp-element-button\" href=\"https:\/\/universofamilia.com\/hu\/5869\/descubre-quien-te-esta-observando-en-las-redes-sociales\/\" style=\"border-radius:10px\" target=\"_blank\" rel=\"noreferrer noopener\"><font style=\"vertical-align: inherit\"><font style=\"vertical-align: inherit\"><font style=\"vertical-align: inherit\"><font style=\"vertical-align: inherit\">\ud83d\udccc Kik l\u00e1togatt\u00e1k meg a profilodat?<\/font><\/font><\/font><\/font> &gt;<\/a><\/div>\n<\/div>\n<\/div>\n<\/div>\n\n\n\n<hr class=\"wp-block-separator has-text-color has-luminous-vivid-orange-color has-alpha-channel-opacity has-luminous-vivid-orange-background-color has-background\" \/>\n\n\n\n<p><\/p>\n\n\n\n<h3 class=\"wp-block-heading\">3. Dr. Fone<\/h3>\n\n\n\n<p><strong>Dr. Fone<\/strong> Ez egy teljes adat-helyre\u00e1ll\u00edt\u00e1si megold\u00e1s, bele\u00e9rtve a f\u00e9nyk\u00e9peket, vide\u00f3kat, n\u00e9vjegyeket, \u00fczeneteket \u00e9s egyebeket. El\u00e9rhet\u0151 Androidra \u00e9s iOS-re, ingyenes \u00e9s fizet\u0151s verzi\u00f3val.<\/p>\n\n\n\n<ul>\n<li><strong>Jellemz\u0151k<\/strong>Felhaszn\u00e1l\u00f3bar\u00e1t fel\u00fclet \u00e9s egyszer\u0171 helyre\u00e1ll\u00edt\u00e1si folyamat.<\/li>\n\n\n\n<li><strong>\u00c9rt\u00e9kel\u00e9sek<\/strong>:\n<ul>\n<li>Android: 4,6 csillag a Google Playen<\/li>\n\n\n\n<li>iOS: 4,5 csillag az App Store-ban<\/li>\n<\/ul>\n<\/li>\n<\/ul>\n\n\n\n<p><strong>Let\u00f6lt\u00e9si linkek<\/strong>:<\/p>\n\n\n\n<ul>\n<li><a href=\"https:\/\/play.google.com\/store\/apps\/details\/Dr_Fone_Photo_Data_Recovery?id=com.wondershare.drfoneapp&amp;hl=en_GB\" target=\"_blank\" rel=\"noreferrer noopener\">Android<\/a><\/li>\n\n\n\n<li><a href=\"https:\/\/drfone.wondershare.com\/data-recovery-iphone.html\" target=\"_blank\" rel=\"noreferrer noopener\">iOS<\/a><\/li>\n<\/ul>\n\n\n<div class=\"wp-block-image\">\n<figure class=\"aligncenter size-full\"><img loading=\"lazy\" decoding=\"async\" width=\"550\" height=\"350\" src=\"http:\/\/universofamilia.com\/wp-content\/uploads\/sites\/148\/2024\/06\/P-550x350-2-1.jpg\" alt=\"\" class=\"wp-image-6095\" srcset=\"https:\/\/universofamilia.com\/wp-content\/uploads\/sites\/148\/2024\/06\/P-550x350-2-1.jpg 550w, https:\/\/universofamilia.com\/wp-content\/uploads\/sites\/148\/2024\/06\/P-550x350-2-1-300x191.jpg 300w\" sizes=\"(max-width: 550px) 100vw, 550px\" \/><figcaption class=\"wp-element-caption\">Fedezze fel, hogyan \u00e1ll\u00edthatja vissza az elveszett f\u00e9nyk\u00e9peket a mobiltelefonj\u00e1n<\/figcaption><\/figure><\/div>\n\n\n<h2 class=\"wp-block-heading\">Tippek a legjobb fot\u00f3-helyre\u00e1ll\u00edt\u00f3 alkalmaz\u00e1s kiv\u00e1laszt\u00e1s\u00e1hoz<\/h2>\n\n\n\n<h3 class=\"wp-block-heading\">1. Kompatibilit\u00e1s<\/h3>\n\n\n\n<p>Ellen\u0151rizd, hogy az alkalmaz\u00e1s kompatibilis-e az oper\u00e1ci\u00f3s rendszereddel (Android vagy iOS) \u00e9s a telefonod modellj\u00e9vel. Nem minden alkalmaz\u00e1s m\u0171k\u00f6dik egyform\u00e1n j\u00f3l minden eszk\u00f6z\u00f6n.<\/p>\n\n\n\n<h3 class=\"wp-block-heading\">2. Jellemz\u0151k<\/h3>\n\n\n\n<p>\u00c9rt\u00e9kelje, mely funkci\u00f3k fontosak az \u00d6n sz\u00e1m\u00e1ra. Egyes alkalmaz\u00e1sok t\u00f6bb f\u00e1jlt\u00edpus helyre\u00e1ll\u00edt\u00e1s\u00e1t is t\u00e1mogatj\u00e1k, m\u00edg m\u00e1sok csak a f\u00e9nyk\u00e9pekre koncentr\u00e1lnak.<\/p>\n\n\n\n<h3 class=\"wp-block-heading\">3. K\u00f6nny\u0171 haszn\u00e1lat<\/h3>\n\n\n\n<p>V\u00e1lassz egy egyszer\u0171 \u00e9s intuit\u00edv fel\u00fclet\u0171 alkalmaz\u00e1st. A felhaszn\u00e1l\u00f3bar\u00e1t kialak\u00edt\u00e1s sokkal k\u00f6nnyebb\u00e9 teheti a folyamatot, k\u00fcl\u00f6n\u00f6sen azok sz\u00e1m\u00e1ra, akik nem rendelkeznek m\u0171szaki ismeretekkel.<\/p>\n\n\n\n<h3 class=\"wp-block-heading\">4. Felhaszn\u00e1l\u00f3i \u00e9rt\u00e9kel\u00e9sek<\/h3>\n\n\n\n<p>Olvasd el m\u00e1s felhaszn\u00e1l\u00f3k \u00e9rt\u00e9kel\u00e9seit, hogy k\u00e9pet kapj az alkalmaz\u00e1s megb\u00edzhat\u00f3s\u00e1g\u00e1r\u00f3l \u00e9s hat\u00e9konys\u00e1g\u00e1r\u00f3l. Az \u00e9rt\u00e9kel\u00e9sek \u00e9rt\u00e9kes inform\u00e1ci\u00f3kat t\u00e1rhatnak fel a teljes\u00edtm\u00e9nyr\u0151l \u00e9s a lehets\u00e9ges probl\u00e9m\u00e1kr\u00f3l.<\/p>\n\n\n\n<h2 class=\"wp-block-heading\">Hogyan haszn\u00e1ljuk a Photo Recovery App-ot<\/h2>\n\n\n\n<h3 class=\"wp-block-heading\">L\u00e9p\u00e9sr\u0151l l\u00e9p\u00e9sre<\/h3>\n\n\n\n<p>\u00cdrjuk le egy fot\u00f3-helyre\u00e1ll\u00edt\u00f3 alkalmaz\u00e1s haszn\u00e1lat\u00e1nak folyamat\u00e1t a DiskDigger Photo Recovery p\u00e9ldak\u00e9nt val\u00f3 haszn\u00e1lat\u00e1val:<\/p>\n\n\n\n<ol>\n<li><strong>L\u00e9tes\u00edtm\u00e9ny<\/strong>: T\u00f6ltsd le \u00e9s telep\u00edtsd az alkalmaz\u00e1st a mobilodra.<\/li>\n\n\n\n<li><strong>V\u00e9grehajt\u00e1s<\/strong>: Nyissa meg az alkalmaz\u00e1st, \u00e9s adja meg a sz\u00fcks\u00e9ges enged\u00e9lyeket.<\/li>\n\n\n\n<li><strong>Szkennel\u00e9s<\/strong>: V\u00e1lassza ki a mem\u00f3ri\u00e1t, ahov\u00e1 a f\u00e9nyk\u00e9peket t\u00e1rolta, \u00e9s kezdje el a beolvas\u00e1st.<\/li>\n\n\n\n<li><strong>Kiv\u00e1laszt\u00e1s<\/strong>A szkennel\u00e9s ut\u00e1n az alkalmaz\u00e1s megjelen\u00edti a helyre\u00e1ll\u00edthat\u00f3 f\u00e9nyk\u00e9peket. V\u00e1lassza ki azokat, amelyeket vissza szeretne \u00e1ll\u00edtani.<\/li>\n\n\n\n<li><strong>Fel\u00e9p\u00fcl\u00e9s<\/strong>: V\u00e1lassza ki a vissza\u00e1ll\u00edtott f\u00e9nyk\u00e9pek k\u00edv\u00e1nt helyre ment\u00e9s\u00e9nek lehet\u0151s\u00e9g\u00e9t.<\/li>\n<\/ol>\n\n\n\n<h3 class=\"wp-block-heading\">Fontos tippek<\/h3>\n\n\n\n<ul>\n<li><strong>Ne haszn\u00e1lja a mobiltelefonj\u00e1t elveszt\u00e9s ut\u00e1n<\/strong>Ker\u00fcld a telefon haszn\u00e1lat\u00e1t a f\u00e9nyk\u00e9pek elveszt\u00e9se ut\u00e1n, hogy n\u00f6veld a helyre\u00e1ll\u00edt\u00e1s es\u00e9ly\u00e9t.<\/li>\n\n\n\n<li><strong>Ker\u00fclje az \u00faj f\u00e1jlok ment\u00e9s\u00e9t<\/strong>: Ne mentsen \u00faj f\u00e1jlokat az eszk\u00f6zre a helyre\u00e1ll\u00edt\u00e1s megk\u00eds\u00e9rl\u00e9se el\u0151tt, mert ez fel\u00fcl\u00edrhatja az elveszett f\u00e9nyk\u00e9peket.<\/li>\n<\/ul>\n\n\n\n<h2 class=\"wp-block-heading\">K\u00f6vetkeztet\u00e9s<\/h2>\n\n\n\n<p>A fontos f\u00e9nyk\u00e9pek v\u00e9gleges elveszt\u00e9s\u00e9nek elker\u00fcl\u00e9se \u00e9rdek\u00e9ben elengedhetetlen, hogy telep\u00edtve legyen egy fot\u00f3-helyre\u00e1ll\u00edt\u00f3 alkalmaz\u00e1s a telefonj\u00e1ra.<\/p>\n\n\n\n<p>Az olyan alkalmaz\u00e1sok, mint a DiskDigger Photo Recovery, az EaseUS MobiSaver \u00e9s a Dr. Fone, hat\u00e9kony eszk\u00f6z\u00f6k, amelyek seg\u00edthetnek vissza\u00e1ll\u00edtani \u00e9rt\u00e9kes eml\u00e9keit.<\/p>\n\n\n\n<p>Ne feledd, a megel\u0151z\u00e9s mindig a legjobb megold\u00e1s. Rendszeresen k\u00e9sz\u00edts biztons\u00e1gi m\u00e1solatot a fot\u00f3idr\u00f3l, hogy minimaliz\u00e1ld az adatveszt\u00e9s kock\u00e1zat\u00e1t.<\/p>\n\n\n\n<p>Pr\u00f3b\u00e1ld ki a fent eml\u00edtett alkalmaz\u00e1sokat, \u00e9s n\u00e9zd meg, melyik m\u0171k\u00f6dik a legjobban sz\u00e1modra.<\/p>\n\n\n\n<p><strong>Let\u00f6lt\u00e9si linkek<\/strong>:<\/p>\n\n\n\n<ul>\n<li><a href=\"https:\/\/play.google.com\/store\/apps\/details?id=com.defianttech.diskdigger&amp;hl=en_US\" target=\"_blank\" rel=\"noreferrer noopener\">DiskDigger fot\u00f3-helyre\u00e1ll\u00edt\u00e1s \u2013 Android<\/a><\/li>\n\n\n\n<li><a href=\"https:\/\/play.google.com\/store\/apps\/details?id=com.easeus.mobisaver&amp;hl=en\" target=\"_blank\" rel=\"noreferrer noopener\">EaseUS MobiSaver \u2013 Android<\/a><\/li>\n\n\n\n<li><a href=\"https:\/\/www.easeus.com\/mobile-tool\/iphone-data-recovery-pro.html\" target=\"_blank\" rel=\"noreferrer noopener\">EaseUS MobiSaver \u2013 iOS<\/a><\/li>\n\n\n\n<li><a href=\"https:\/\/play.google.com\/store\/apps\/details\/Dr_Fone_Photo_Data_Recovery?id=com.wondershare.drfoneapp&amp;hl=en_GB\" target=\"_blank\" rel=\"noreferrer noopener\">Dr. Fone \u2013 Android<\/a><\/li>\n\n\n\n<li><a href=\"https:\/\/drfone.wondershare.com\/data-recovery-iphone.html\" target=\"_blank\" rel=\"noreferrer noopener\">Dr. Fone \u2013 iOS<\/a><\/li>\n<\/ul>\n\n\n\n<p>Most oszd meg ezt a cikket bar\u00e1taiddal \u00e9s csal\u00e1doddal, hogy \u0151k is tudj\u00e1k, hogyan \u00e1ll\u00edthatj\u00e1k vissza elveszett fot\u00f3ikat, \u00e9s felk\u00e9sz\u00fcljenek minden eshet\u0151s\u00e9gre!<\/p>\n\n\n\n<p><\/p>\n\n\n\n<hr class=\"wp-block-separator has-text-color has-luminous-vivid-orange-color has-alpha-channel-opacity has-luminous-vivid-orange-background-color has-background\" \/>\n\n\n\n<h2 class=\"wp-block-heading\">Olvasd el m\u00e9g:<\/h2>\n\n\n\n<div class=\"wp-block-columns is-layout-flex wp-container-core-columns-layout-2 wp-block-columns-is-layout-flex\">\n<div class=\"wp-block-column is-layout-flow wp-block-column-is-layout-flow\">\n<div class=\"wp-block-buttons is-layout-flex wp-block-buttons-is-layout-flex\">\n<div class=\"wp-block-button has-custom-width wp-block-button__width-100\" style=\"text-decoration:none\"><a class=\"wp-block-button__link has-white-color has-vivid-cyan-blue-background-color has-text-color has-background has-link-color has-text-align-left wp-element-button\" href=\"https:\/\/universofamilia.com\/hu\/5893\/acelera-tu-celular-despierta-tu-productividad\/\" style=\"border-radius:10px\" target=\"_blank\" rel=\"noreferrer noopener\"><font style=\"vertical-align: inherit\"><font style=\"vertical-align: inherit\">\ud83d\udccc Gyors\u00edtsd fel a mobiltelefonodat<\/font><\/font> &gt;<\/a><\/div>\n\n\n\n<div class=\"wp-block-button has-custom-width wp-block-button__width-100\" style=\"text-decoration:none\"><a class=\"wp-block-button__link has-white-color has-vivid-cyan-blue-background-color has-text-color has-background has-link-color has-text-align-left wp-element-button\" href=\"https:\/\/universofamilia.com\/hu\/5869\/descubre-quien-te-esta-observando-en-las-redes-sociales\/\" style=\"border-radius:10px\" target=\"_blank\" rel=\"noreferrer noopener\"><font style=\"vertical-align: inherit\"><font style=\"vertical-align: inherit\"><font style=\"vertical-align: inherit\"><font style=\"vertical-align: inherit\">\ud83d\udccc Kik l\u00e1togatt\u00e1k meg a profilodat?<\/font><\/font><\/font><\/font> &gt;<\/a><\/div>\n<\/div>\n<\/div>\n<\/div>\n\n\n\n<hr class=\"wp-block-separator has-text-color has-luminous-vivid-orange-color has-alpha-channel-opacity has-luminous-vivid-orange-background-color has-background\" \/>\n\n\n\n<p><\/p>","protected":false},"excerpt":{"rendered":"<p>El\u0151fordult m\u00e1r, hogy elvesz\u00edtetted a fontos fot\u00f3idat a telefonodon, \u00e9s k\u00e9ts\u00e9gbeesetten azt hitted, hogy \u00f6r\u00f6kre elvesztek? Ne agg\u00f3dj, van megold\u00e1s! A megfelel\u0151 alkalmaz\u00e1sokkal vissza\u00e1ll\u00edthatod azokat az \u00e9rt\u00e9kes fot\u00f3kat, amelyekr\u0151l azt hitted, hogy \u00f6r\u00f6kre elvesztek. Fedezz\u00fck fel egy\u00fctt a legjobb fot\u00f3-helyre\u00e1ll\u00edt\u00f3 alkalmaz\u00e1sokat \u00e9s azt, hogyan haszn\u00e1lhatod \u0151ket. Bevezet\u00e9s [\u2026]<\/p>","protected":false},"author":139,"featured_media":6095,"comment_status":"closed","ping_status":"open","sticky":false,"template":"","format":"standard","meta":{"footnotes":""},"categories":[2],"tags":[110,151,732],"yoast_head":"<!-- This site is optimized with the Yoast SEO plugin v23.3 - https:\/\/yoast.com\/wordpress\/plugins\/seo\/ -->\n<title>Descubre C\u00f3mo Recuperar Fotos Perdidas en Tu M\u00f3vil - Universo Fam\u00edlia<\/title>\n<meta name=\"description\" content=\"Descubre C\u00f3mo Recuperar Fotos Perdidas en Tu M\u00f3vil. \u00bfAlguna vez has perdido fotos importantes en tu m\u00f3vil y te has desesperado pensando...\" \/>\n<meta name=\"robots\" content=\"index, follow, max-snippet:-1, max-image-preview:large, max-video-preview:-1\" \/>\n<link rel=\"canonical\" href=\"https:\/\/universofamilia.com\/hu\/descubre-como-recuperar-fotos-perdidas-en-tu-movil\/\" \/>\n<meta property=\"og:locale\" content=\"hu_HU\" \/>\n<meta property=\"og:type\" content=\"article\" \/>\n<meta property=\"og:title\" content=\"Descubre C\u00f3mo Recuperar Fotos Perdidas en Tu M\u00f3vil - Universo Fam\u00edlia\" \/>\n<meta property=\"og:description\" content=\"Descubre C\u00f3mo Recuperar Fotos Perdidas en Tu M\u00f3vil. \u00bfAlguna vez has perdido fotos importantes en tu m\u00f3vil y te has desesperado pensando...\" \/>\n<meta property=\"og:url\" content=\"https:\/\/universofamilia.com\/hu\/descubre-como-recuperar-fotos-perdidas-en-tu-movil\/\" \/>\n<meta property=\"og:site_name\" content=\"Universo Fam\u00edlia\" \/>\n<meta property=\"article:published_time\" content=\"2024-06-19T16:00:10+00:00\" \/>\n<meta property=\"article:modified_time\" content=\"2025-01-29T01:21:11+00:00\" \/>\n<meta property=\"og:image\" content=\"https:\/\/universofamilia.com\/wp-content\/uploads\/sites\/148\/2024\/06\/P-550x350-2-1.jpg\" \/>\n\t<meta property=\"og:image:width\" content=\"550\" \/>\n\t<meta property=\"og:image:height\" content=\"350\" \/>\n\t<meta property=\"og:image:type\" content=\"image\/jpeg\" \/>\n<meta name=\"author\" content=\"Pedro Henrique\" \/>\n<meta name=\"twitter:card\" content=\"summary_large_image\" \/>\n<meta name=\"twitter:label1\" content=\"Written by\" \/>\n\t<meta name=\"twitter:data1\" content=\"Pedro Henrique\" \/>\n\t<meta name=\"twitter:label2\" content=\"Est. reading time\" \/>\n\t<meta name=\"twitter:data2\" content=\"6 perc\" \/>\n<script type=\"application\/ld+json\" class=\"yoast-schema-graph\">{\"@context\":\"https:\/\/schema.org\",\"@graph\":[{\"@type\":\"WebPage\",\"@id\":\"https:\/\/universofamilia.com\/fr\/descubre-como-recuperar-fotos-perdidas-en-tu-movil\/\",\"url\":\"https:\/\/universofamilia.com\/fr\/descubre-como-recuperar-fotos-perdidas-en-tu-movil\/\",\"name\":\"Descubre C\u00f3mo Recuperar Fotos Perdidas en Tu M\u00f3vil - Universo Fam\u00edlia\",\"isPartOf\":{\"@id\":\"https:\/\/universofamilia.com\/el\/#website\"},\"primaryImageOfPage\":{\"@id\":\"https:\/\/universofamilia.com\/fr\/descubre-como-recuperar-fotos-perdidas-en-tu-movil\/#primaryimage\"},\"image\":{\"@id\":\"https:\/\/universofamilia.com\/fr\/descubre-como-recuperar-fotos-perdidas-en-tu-movil\/#primaryimage\"},\"thumbnailUrl\":\"https:\/\/universofamilia.com\/wp-content\/uploads\/sites\/148\/2024\/06\/P-550x350-2-1.jpg\",\"datePublished\":\"2024-06-19T16:00:10+00:00\",\"dateModified\":\"2025-01-29T01:21:11+00:00\",\"author\":{\"@id\":\"https:\/\/universofamilia.com\/el\/#\/schema\/person\/f07ce98187dd84d31154262e79b3b7ca\"},\"description\":\"Descubre C\u00f3mo Recuperar Fotos Perdidas en Tu M\u00f3vil. \u00bfAlguna vez has perdido fotos importantes en tu m\u00f3vil y te has desesperado pensando...\",\"breadcrumb\":{\"@id\":\"https:\/\/universofamilia.com\/fr\/descubre-como-recuperar-fotos-perdidas-en-tu-movil\/#breadcrumb\"},\"inLanguage\":\"hu\",\"potentialAction\":[{\"@type\":\"ReadAction\",\"target\":[\"https:\/\/universofamilia.com\/fr\/descubre-como-recuperar-fotos-perdidas-en-tu-movil\/\"]}]},{\"@type\":\"ImageObject\",\"inLanguage\":\"hu\",\"@id\":\"https:\/\/universofamilia.com\/fr\/descubre-como-recuperar-fotos-perdidas-en-tu-movil\/#primaryimage\",\"url\":\"https:\/\/universofamilia.com\/wp-content\/uploads\/sites\/148\/2024\/06\/P-550x350-2-1.jpg\",\"contentUrl\":\"https:\/\/universofamilia.com\/wp-content\/uploads\/sites\/148\/2024\/06\/P-550x350-2-1.jpg\",\"width\":550,\"height\":350,\"caption\":\"Descubre C\u00f3mo Recuperar Fotos Perdidas en Tu M\u00f3vil\"},{\"@type\":\"BreadcrumbList\",\"@id\":\"https:\/\/universofamilia.com\/fr\/descubre-como-recuperar-fotos-perdidas-en-tu-movil\/#breadcrumb\",\"itemListElement\":[{\"@type\":\"ListItem\",\"position\":1,\"name\":\"Home\",\"item\":\"https:\/\/universofamilia.com\/el\/\"},{\"@type\":\"ListItem\",\"position\":2,\"name\":\"Descubre C\u00f3mo Recuperar Fotos Perdidas en Tu M\u00f3vil\"}]},{\"@type\":\"WebSite\",\"@id\":\"https:\/\/universofamilia.com\/el\/#website\",\"url\":\"https:\/\/universofamilia.com\/el\/\",\"name\":\"Universo Fam\u00edlia\",\"description\":\"\",\"potentialAction\":[{\"@type\":\"SearchAction\",\"target\":{\"@type\":\"EntryPoint\",\"urlTemplate\":\"https:\/\/universofamilia.com\/el\/?s={search_term_string}\"},\"query-input\":\"required name=search_term_string\"}],\"inLanguage\":\"hu\"},{\"@type\":\"Person\",\"@id\":\"https:\/\/universofamilia.com\/el\/#\/schema\/person\/f07ce98187dd84d31154262e79b3b7ca\",\"name\":\"Pedro Henrique\",\"image\":{\"@type\":\"ImageObject\",\"inLanguage\":\"hu\",\"@id\":\"https:\/\/universofamilia.com\/el\/#\/schema\/person\/image\/\",\"url\":\"https:\/\/secure.gravatar.com\/avatar\/9edfeb808cb4e1599f64d6e45b130154?s=96&d=mm&r=g\",\"contentUrl\":\"https:\/\/secure.gravatar.com\/avatar\/9edfeb808cb4e1599f64d6e45b130154?s=96&d=mm&r=g\",\"caption\":\"Pedro Henrique\"},\"url\":\"https:\/\/universofamilia.com\/hu\/author\/editor01\/\"}]}<\/script>\n<!-- \/ Yoast SEO plugin. -->","yoast_head_json":{"title":"Descubre C\u00f3mo Recuperar Fotos Perdidas en Tu M\u00f3vil - Universo Fam\u00edlia","description":"Descubre C\u00f3mo Recuperar Fotos Perdidas en Tu M\u00f3vil. \u00bfAlguna vez has perdido fotos importantes en tu m\u00f3vil y te has desesperado pensando...","robots":{"index":"index","follow":"follow","max-snippet":"max-snippet:-1","max-image-preview":"max-image-preview:large","max-video-preview":"max-video-preview:-1"},"canonical":"https:\/\/universofamilia.com\/hu\/descubre-como-recuperar-fotos-perdidas-en-tu-movil\/","og_locale":"hu_HU","og_type":"article","og_title":"Descubre C\u00f3mo Recuperar Fotos Perdidas en Tu M\u00f3vil - Universo Fam\u00edlia","og_description":"Descubre C\u00f3mo Recuperar Fotos Perdidas en Tu M\u00f3vil. \u00bfAlguna vez has perdido fotos importantes en tu m\u00f3vil y te has desesperado pensando...","og_url":"https:\/\/universofamilia.com\/hu\/descubre-como-recuperar-fotos-perdidas-en-tu-movil\/","og_site_name":"Universo Fam\u00edlia","article_published_time":"2024-06-19T16:00:10+00:00","article_modified_time":"2025-01-29T01:21:11+00:00","og_image":[{"width":550,"height":350,"url":"https:\/\/universofamilia.com\/wp-content\/uploads\/sites\/148\/2024\/06\/P-550x350-2-1.jpg","type":"image\/jpeg"}],"author":"Pedro Henrique","twitter_card":"summary_large_image","twitter_misc":{"Written by":"Pedro Henrique","Est. reading time":"6 perc"},"schema":{"@context":"https:\/\/schema.org","@graph":[{"@type":"WebPage","@id":"https:\/\/universofamilia.com\/fr\/descubre-como-recuperar-fotos-perdidas-en-tu-movil\/","url":"https:\/\/universofamilia.com\/fr\/descubre-como-recuperar-fotos-perdidas-en-tu-movil\/","name":"Descubre C\u00f3mo Recuperar Fotos Perdidas en Tu M\u00f3vil - Universo Fam\u00edlia","isPartOf":{"@id":"https:\/\/universofamilia.com\/el\/#website"},"primaryImageOfPage":{"@id":"https:\/\/universofamilia.com\/fr\/descubre-como-recuperar-fotos-perdidas-en-tu-movil\/#primaryimage"},"image":{"@id":"https:\/\/universofamilia.com\/fr\/descubre-como-recuperar-fotos-perdidas-en-tu-movil\/#primaryimage"},"thumbnailUrl":"https:\/\/universofamilia.com\/wp-content\/uploads\/sites\/148\/2024\/06\/P-550x350-2-1.jpg","datePublished":"2024-06-19T16:00:10+00:00","dateModified":"2025-01-29T01:21:11+00:00","author":{"@id":"https:\/\/universofamilia.com\/el\/#\/schema\/person\/f07ce98187dd84d31154262e79b3b7ca"},"description":"Descubre C\u00f3mo Recuperar Fotos Perdidas en Tu M\u00f3vil. \u00bfAlguna vez has perdido fotos importantes en tu m\u00f3vil y te has desesperado pensando...","breadcrumb":{"@id":"https:\/\/universofamilia.com\/fr\/descubre-como-recuperar-fotos-perdidas-en-tu-movil\/#breadcrumb"},"inLanguage":"hu","potentialAction":[{"@type":"ReadAction","target":["https:\/\/universofamilia.com\/fr\/descubre-como-recuperar-fotos-perdidas-en-tu-movil\/"]}]},{"@type":"ImageObject","inLanguage":"hu","@id":"https:\/\/universofamilia.com\/fr\/descubre-como-recuperar-fotos-perdidas-en-tu-movil\/#primaryimage","url":"https:\/\/universofamilia.com\/wp-content\/uploads\/sites\/148\/2024\/06\/P-550x350-2-1.jpg","contentUrl":"https:\/\/universofamilia.com\/wp-content\/uploads\/sites\/148\/2024\/06\/P-550x350-2-1.jpg","width":550,"height":350,"caption":"Descubre C\u00f3mo Recuperar Fotos Perdidas en Tu M\u00f3vil"},{"@type":"BreadcrumbList","@id":"https:\/\/universofamilia.com\/fr\/descubre-como-recuperar-fotos-perdidas-en-tu-movil\/#breadcrumb","itemListElement":[{"@type":"ListItem","position":1,"name":"Home","item":"https:\/\/universofamilia.com\/el\/"},{"@type":"ListItem","position":2,"name":"Descubre C\u00f3mo Recuperar Fotos Perdidas en Tu M\u00f3vil"}]},{"@type":"WebSite","@id":"https:\/\/universofamilia.com\/el\/#website","url":"https:\/\/universofamilia.com\/el\/","name":"Universo Fam\u00edlia","description":"","potentialAction":[{"@type":"SearchAction","target":{"@type":"EntryPoint","urlTemplate":"https:\/\/universofamilia.com\/el\/?s={search_term_string}"},"query-input":"required name=search_term_string"}],"inLanguage":"hu"},{"@type":"Person","@id":"https:\/\/universofamilia.com\/el\/#\/schema\/person\/f07ce98187dd84d31154262e79b3b7ca","name":"Pedro Henrique","image":{"@type":"ImageObject","inLanguage":"hu","@id":"https:\/\/universofamilia.com\/el\/#\/schema\/person\/image\/","url":"https:\/\/secure.gravatar.com\/avatar\/9edfeb808cb4e1599f64d6e45b130154?s=96&d=mm&r=g","contentUrl":"https:\/\/secure.gravatar.com\/avatar\/9edfeb808cb4e1599f64d6e45b130154?s=96&d=mm&r=g","caption":"Pedro Henrique"},"url":"https:\/\/universofamilia.com\/hu\/author\/editor01\/"}]}},"_links":{"self":[{"href":"https:\/\/universofamilia.com\/hu\/wp-json\/wp\/v2\/posts\/6092"}],"collection":[{"href":"https:\/\/universofamilia.com\/hu\/wp-json\/wp\/v2\/posts"}],"about":[{"href":"https:\/\/universofamilia.com\/hu\/wp-json\/wp\/v2\/types\/post"}],"author":[{"embeddable":true,"href":"https:\/\/universofamilia.com\/hu\/wp-json\/wp\/v2\/users\/139"}],"replies":[{"embeddable":true,"href":"https:\/\/universofamilia.com\/hu\/wp-json\/wp\/v2\/comments?post=6092"}],"version-history":[{"count":1,"href":"https:\/\/universofamilia.com\/hu\/wp-json\/wp\/v2\/posts\/6092\/revisions"}],"predecessor-version":[{"id":8466,"href":"https:\/\/universofamilia.com\/hu\/wp-json\/wp\/v2\/posts\/6092\/revisions\/8466"}],"wp:featuredmedia":[{"embeddable":true,"href":"https:\/\/universofamilia.com\/hu\/wp-json\/wp\/v2\/media\/6095"}],"wp:attachment":[{"href":"https:\/\/universofamilia.com\/hu\/wp-json\/wp\/v2\/media?parent=6092"}],"wp:term":[{"taxonomy":"category","embeddable":true,"href":"https:\/\/universofamilia.com\/hu\/wp-json\/wp\/v2\/categories?post=6092"},{"taxonomy":"post_tag","embeddable":true,"href":"https:\/\/universofamilia.com\/hu\/wp-json\/wp\/v2\/tags?post=6092"}],"curies":[{"name":"wp","href":"https:\/\/api.w.org\/{rel}","templated":true}]}}