{"id":6093,"date":"2024-06-19T13:38:41","date_gmt":"2024-06-19T16:38:41","guid":{"rendered":"https:\/\/universofamilia.com\/?p=6093"},"modified":"2025-01-28T13:45:25","modified_gmt":"2025-01-28T13:45:25","slug":"recuperar-fotos-perdidas-en-el-celular","status":"publish","type":"post","link":"https:\/\/universofamilia.com\/hu\/recuperar-fotos-perdidas-en-el-celular\/","title":{"rendered":"Elveszett f\u00e9nyk\u00e9pek vissza\u00e1ll\u00edt\u00e1sa a mobiltelefonon"},"content":{"rendered":"<h2 class=\"wp-block-heading\">Elveszett fot\u00f3ment\u00e9si t\u00f6rt\u00e9netem<\/h2>\n\n\n\n<p>El\u0151fordult m\u00e1r, hogy elvesz\u00edtett\u00e9l \u00e9rt\u00e9kes fot\u00f3kat a telefonodr\u00f3l? \u00c9n igen. Egy ideje, egy hihetetlen utaz\u00e1s sor\u00e1n felejthetetlen pillanatokat \u00f6r\u00f6k\u00edtettem meg bar\u00e1taimmal \u00e9s csal\u00e1dommal.<\/p>\n\n\n\n<p>De egy pillanatnyi figyelmetlens\u00e9gb\u0151l v\u00e9g\u00fcl az \u00f6sszes fot\u00f3t t\u00f6r\u00f6ltem. R\u00e9m\u00e1lom volt!<\/p>\n\n\n\n<p>Szerencs\u00e9re tal\u00e1ltam egy alkalmaz\u00e1st, ami seg\u00edtett visszanyerni ezeket a dr\u00e1ga eml\u00e9keket.<\/p>\n\n\n\n<p>A f\u00e9nyk\u00e9pek v\u00e9letlen elveszt\u00e9se gyakoribb, mint gondoln\u00e1nk, \u00e9s egy helyre\u00e1ll\u00edt\u00f3 alkalmaz\u00e1s igazi \u00e9letment\u0151 lehet.<\/p>\n\n\n\n<p>Naponta emberek milli\u00f3i vesz\u00edtenek el f\u00e9nyk\u00e9peket v\u00e9letlen t\u00f6rl\u00e9s, form\u00e1z\u00e1s, eszk\u00f6zk\u00e1rosod\u00e1s vagy ak\u00e1r rendszer\u00f6sszeoml\u00e1s miatt.<\/p>\n\n\n\n<p><\/p>\n\n\n\n<hr class=\"wp-block-separator has-text-color has-luminous-vivid-orange-color has-alpha-channel-opacity has-luminous-vivid-orange-background-color has-background\" \/>\n\n\n\n<h2 class=\"wp-block-heading\">Olvasd el m\u00e9g:<\/h2>\n\n\n\n<div class=\"wp-block-columns is-layout-flex wp-container-core-columns-layout-1 wp-block-columns-is-layout-flex\">\n<div class=\"wp-block-column is-layout-flow wp-block-column-is-layout-flow\">\n<div class=\"wp-block-buttons is-layout-flex wp-block-buttons-is-layout-flex\">\n<div class=\"wp-block-button has-custom-width wp-block-button__width-100\" style=\"text-decoration:none\"><a class=\"wp-block-button__link has-white-color has-vivid-cyan-blue-background-color has-text-color has-background has-link-color has-text-align-left wp-element-button\" href=\"https:\/\/universofamilia.com\/hu\/5893\/acelera-tu-celular-despierta-tu-productividad\/\" style=\"border-radius:10px\" target=\"_blank\" rel=\"noreferrer noopener\"><font style=\"vertical-align: inherit\"><font style=\"vertical-align: inherit\">\ud83d\udccc Gyors\u00edtsd fel a mobiltelefonodat<\/font><\/font> &gt;<\/a><\/div>\n\n\n\n<div class=\"wp-block-button has-custom-width wp-block-button__width-100\" style=\"text-decoration:none\"><a class=\"wp-block-button__link has-white-color has-vivid-cyan-blue-background-color has-text-color has-background has-link-color has-text-align-left wp-element-button\" href=\"https:\/\/universofamilia.com\/hu\/5869\/descubre-quien-te-esta-observando-en-las-redes-sociales\/\" style=\"border-radius:10px\" target=\"_blank\" rel=\"noreferrer noopener\"><font style=\"vertical-align: inherit\"><font style=\"vertical-align: inherit\"><font style=\"vertical-align: inherit\"><font style=\"vertical-align: inherit\">\ud83d\udccc Kik l\u00e1togatt\u00e1k meg a profilodat?<\/font><\/font><\/font><\/font> &gt;<\/a><\/div>\n<\/div>\n<\/div>\n<\/div>\n\n\n\n<hr class=\"wp-block-separator has-text-color has-luminous-vivid-orange-color has-alpha-channel-opacity has-luminous-vivid-orange-background-color has-background\" \/>\n\n\n\n<p><\/p>\n\n\n\n<p>Ez\u00e9rt elengedhetetlen, hogy legyen egy fot\u00f3-helyre\u00e1ll\u00edt\u00f3 alkalmaz\u00e1s telep\u00edtve a mobiltelefonj\u00e1ra.<\/p>\n\n\n\n<p>Ebben a cikkben bemutatok n\u00e9h\u00e1nyat az elveszett f\u00e9nyk\u00e9pek helyre\u00e1ll\u00edt\u00e1s\u00e1ra szolg\u00e1l\u00f3 legjobb alkalmaz\u00e1sok k\u00f6z\u00fcl, \u00e9s elmagyar\u00e1zom, hogyan v\u00e1lasszuk ki a megfelel\u0151t.<\/p>\n\n\n\n<h2 class=\"wp-block-heading\">Bemutatjuk a legjobb fot\u00f3-helyre\u00e1ll\u00edt\u00f3 alkalmaz\u00e1sokat<\/h2>\n\n\n\n<h3 class=\"wp-block-heading\">DiskDigger fot\u00f3-helyre\u00e1ll\u00edt\u00e1s<\/h3>\n\n\n\n<p><strong>DiskDigger fot\u00f3-helyre\u00e1ll\u00edt\u00e1s<\/strong> az egyik legn\u00e9pszer\u0171bb alkalmaz\u00e1s az elveszett f\u00e9nyk\u00e9pek helyre\u00e1ll\u00edt\u00e1s\u00e1ra.<\/p>\n\n\n\n<p>Ez az alkalmaz\u00e1s Androidra \u00e9s iOS-re is el\u00e9rhet\u0151, \u00e9s egy ingyenes verzi\u00f3t is k\u00edn\u00e1l, amely lehet\u0151v\u00e9 teszi a f\u00e9nyk\u00e9pek helyre\u00e1ll\u00edt\u00e1s\u00e1t k\u00fcl\u00f6nb\u00f6z\u0151 forr\u00e1sokb\u00f3l, p\u00e9ld\u00e1ul a telefon bels\u0151 mem\u00f3ri\u00e1j\u00e1b\u00f3l, SD-k\u00e1rty\u00e1r\u00f3l \u00e9s ak\u00e1r felh\u0151alap\u00fa t\u00e1rhelyr\u0151l is.<\/p>\n\n\n\n<p>A kezel\u0151fel\u00fclete egyszer\u0171 \u00e9s intuit\u00edv, \u00edgy b\u00e1rki k\u00f6nnyen haszn\u00e1lhatja, m\u00e9g technikai ismeretek n\u00e9lk\u00fcl is.<\/p>\n\n\n\n<p>\u00c9rt\u00e9kel\u00e9sek:<\/p>\n\n\n\n<ul>\n<li><strong>Android<\/strong>4,6 csillag a Google Playen<\/li>\n\n\n\n<li><strong>iOS<\/strong>4,5 csillag az App Store-ban<\/li>\n<\/ul>\n\n\n\n<h3 class=\"wp-block-heading\">EaseUS MobiSaver<\/h3>\n\n\n\n<p>Egy m\u00e1sik er\u0151sen aj\u00e1nlott alkalmaz\u00e1s a <strong>EaseUS MobiSaver<\/strong>.<\/p>\n\n\n\n<p>A fot\u00f3-helyre\u00e1ll\u00edt\u00e1sban el\u00e9rt magas sikeress\u00e9gi ar\u00e1ny\u00e1r\u00f3l ismert alkalmaz\u00e1s m\u00e1s f\u00e1jlt\u00edpusok, p\u00e9ld\u00e1ul vide\u00f3k, n\u00e9vjegyek \u00e9s \u00fczenetek helyre\u00e1ll\u00edt\u00e1s\u00e1t is t\u00e1mogatja.<\/p>\n\n\n\n<p>Ingyenes verzi\u00f3t k\u00edn\u00e1l alapfunkci\u00f3kkal \u00e9s fizet\u0151s verzi\u00f3t halad\u00f3 funkci\u00f3kkal.<\/p>\n\n\n\n<p>\u00c9rt\u00e9kel\u00e9sek:<\/p>\n\n\n\n<ul>\n<li><strong>Android<\/strong>4,2 csillag a Google Playen<\/li>\n\n\n\n<li><strong>iOS<\/strong>4,5 csillag az App Store-ban<\/li>\n<\/ul>\n\n\n\n<h3 class=\"wp-block-heading\">Dr. Fone<\/h3>\n\n\n\n<p><strong>Dr. Fone<\/strong> Ez egy teljes adat-helyre\u00e1ll\u00edt\u00e1si megold\u00e1s. A f\u00e9nyk\u00e9pek mellett vide\u00f3kat, n\u00e9vjegyeket, \u00fczeneteket \u00e9s sok minden m\u00e1st is helyre\u00e1ll\u00edt.<\/p>\n\n\n\n<p>Ez az alkalmaz\u00e1s el\u00e9rhet\u0151 Androidra \u00e9s iOS-re, ingyenes \u00e9s fizet\u0151s verzi\u00f3val, felhaszn\u00e1l\u00f3bar\u00e1t fel\u00fclettel \u00e9s egyszer\u0171 helyre\u00e1ll\u00edt\u00e1si folyamattal rendelkezik.<\/p>\n\n\n\n<p>\u00c9rt\u00e9kel\u00e9sek:<\/p>\n\n\n\n<ul>\n<li><strong>Android<\/strong>4,6 csillag a Google Playen<\/li>\n\n\n\n<li><strong>iOS<\/strong>4,5 csillag az App Store-ban<\/li>\n<\/ul>\n\n\n<div class=\"wp-block-image\">\n<figure class=\"aligncenter size-full\"><img loading=\"lazy\" decoding=\"async\" width=\"550\" height=\"350\" src=\"http:\/\/universofamilia.com\/wp-content\/uploads\/sites\/148\/2024\/06\/P-550x350-1-3.jpg\" alt=\"\" class=\"wp-image-6097\" srcset=\"https:\/\/universofamilia.com\/wp-content\/uploads\/sites\/148\/2024\/06\/P-550x350-1-3.jpg 550w, https:\/\/universofamilia.com\/wp-content\/uploads\/sites\/148\/2024\/06\/P-550x350-1-3-300x191.jpg 300w\" sizes=\"(max-width: 550px) 100vw, 550px\" \/><figcaption class=\"wp-element-caption\">Elveszett f\u00e9nyk\u00e9pek vissza\u00e1ll\u00edt\u00e1sa a mobiltelefonon<\/figcaption><\/figure><\/div>\n\n\n<h2 class=\"wp-block-heading\">Tippek a legjobb fot\u00f3-helyre\u00e1ll\u00edt\u00f3 alkalmaz\u00e1s kiv\u00e1laszt\u00e1s\u00e1hoz<\/h2>\n\n\n\n<ol>\n<li><strong>Kompatibilit\u00e1s<\/strong>: Ellen\u0151rizd, hogy az alkalmaz\u00e1s kompatibilis-e az oper\u00e1ci\u00f3s rendszereddel (Android vagy iOS) \u00e9s a telefonmodelleddel.<\/li>\n\n\n\n<li><strong>Jellemz\u0151k<\/strong>\u00c9rt\u00e9keld, mely funkci\u00f3k fontosak sz\u00e1modra. Egyes alkalmaz\u00e1sok lehet\u0151v\u00e9 teszik a f\u00e9nyk\u00e9pek k\u00fcl\u00f6nb\u00f6z\u0151 forr\u00e1sokb\u00f3l t\u00f6rt\u00e9n\u0151 helyre\u00e1ll\u00edt\u00e1s\u00e1t, k\u00fcl\u00f6nf\u00e9le f\u00e1jlt\u00edpusokat t\u00e1mogatnak, \u00e9s fejlett funkci\u00f3kat k\u00edn\u00e1lnak.<\/li>\n\n\n\n<li><strong>K\u00f6nny\u0171 haszn\u00e1lat<\/strong>V\u00e1lasszon egy egyszer\u0171 \u00e9s intuit\u00edv fel\u00fclet\u0171 alkalmaz\u00e1st. Ez\u00e1ltal m\u00e9g azok sz\u00e1m\u00e1ra is k\u00f6nnyen haszn\u00e1lhat\u00f3, akik nem rendelkeznek m\u0171szaki ismeretekkel.<\/li>\n\n\n\n<li><strong>Felhaszn\u00e1l\u00f3i v\u00e9lem\u00e9nyek<\/strong>: Olvasd el m\u00e1s felhaszn\u00e1l\u00f3k v\u00e9lem\u00e9nyeit, hogy meg\u00e9rtsd az alkalmaz\u00e1s megb\u00edzhat\u00f3s\u00e1g\u00e1t \u00e9s hat\u00e9konys\u00e1g\u00e1t.<\/li>\n<\/ol>\n\n\n\n<h2 class=\"wp-block-heading\">Hogyan haszn\u00e1ljuk a Photo Recovery App-ot<\/h2>\n\n\n\n<h3 class=\"wp-block-heading\">L\u00e9p\u00e9sr\u0151l l\u00e9p\u00e9sre:<\/h3>\n\n\n\n<ol>\n<li><strong>L\u00e9tes\u00edtm\u00e9ny<\/strong>: T\u00f6ltse le \u00e9s telep\u00edtse a kiv\u00e1lasztott fot\u00f3-helyre\u00e1ll\u00edt\u00f3 alkalmaz\u00e1st.<\/li>\n\n\n\n<li><strong>Az alkalmaz\u00e1s futtat\u00e1sa<\/strong>: Nyisd meg az alkalmaz\u00e1st, \u00e9s k\u00f6vesd a kezdeti utas\u00edt\u00e1sokat.<\/li>\n\n\n\n<li><strong>Eszk\u00f6zelemz\u00e9s<\/strong>Az alkalmaz\u00e1s elveszett fot\u00f3k ut\u00e1n kutatva ellen\u0151rzi az eszk\u00f6z\u00f6det. Ez a folyamat eltarthat n\u00e9h\u00e1ny percig.<\/li>\n\n\n\n<li><strong>Fot\u00f3kiv\u00e1laszt\u00e1s<\/strong>A vizsg\u00e1lat ut\u00e1n az alkalmaz\u00e1s megjelen\u00edti a helyre\u00e1ll\u00edthat\u00f3 f\u00e9nyk\u00e9pek list\u00e1j\u00e1t. V\u00e1lassza ki a helyre\u00e1ll\u00edtani k\u00edv\u00e1nt f\u00e9nyk\u00e9peket.<\/li>\n\n\n\n<li><strong>Fel\u00e9p\u00fcl\u00e9s<\/strong>Kattintson a helyre\u00e1ll\u00edt\u00e1si lehet\u0151s\u00e9gre, \u00e9s mentse el a f\u00e9nyk\u00e9peket biztons\u00e1gos helyre.<\/li>\n<\/ol>\n\n\n\n<h3 class=\"wp-block-heading\">Fontos tippek:<\/h3>\n\n\n\n<ul>\n<li><strong>Ne haszn\u00e1ld a mobiltelefonodat a vesztes\u00e9g ut\u00e1n<\/strong>Ker\u00fcld a telefon haszn\u00e1lat\u00e1t, miut\u00e1n r\u00e1j\u00f6tt\u00e9l, hogy elveszett a fot\u00f3id. Ez n\u00f6veli a helyre\u00e1ll\u00edt\u00e1s es\u00e9ly\u00e9t.<\/li>\n\n\n\n<li><strong>Ker\u00fclje az \u00faj f\u00e1jlok ment\u00e9s\u00e9t<\/strong>: Ne mentsen \u00faj f\u00e1jlokat az eszk\u00f6zre, am\u00edg vissza nem \u00e1ll\u00edtotta az elveszett f\u00e9nyk\u00e9peket, hogy elker\u00fclje a fel\u00fcl\u00edr\u00e1st.<\/li>\n<\/ul>\n\n\n\n<h2 class=\"wp-block-heading\">K\u00f6vetkeztet\u00e9s<\/h2>\n\n\n\n<p>Ha telep\u00edtesz egy fot\u00f3-helyre\u00e1ll\u00edt\u00f3 alkalmaz\u00e1st a telefonodra, megmentheted \u00e9rt\u00e9kes eml\u00e9keidet az \u00f6r\u00f6k elveszt\u00e9t\u0151l.<\/p>\n\n\n\n<p>Pr\u00f3b\u00e1ld ki a cikkben eml\u00edtett alkalmaz\u00e1sokat, \u00e9s tal\u00e1ld meg azt, amelyik a legjobban megfelel az ig\u00e9nyeidnek.<\/p>\n\n\n\n<p>Ezenk\u00edv\u00fcl ne felejtsd el rendszeresen biztons\u00e1gi m\u00e1solatot k\u00e9sz\u00edteni a fot\u00f3idr\u00f3l, hogy elker\u00fcld a j\u00f6v\u0151beni probl\u00e9m\u00e1kat.<\/p>\n\n\n\n<h3 class=\"wp-block-heading\">Let\u00f6lt\u00e9si linkek:<\/h3>\n\n\n\n<ul>\n<li><strong>DiskDigger fot\u00f3-helyre\u00e1ll\u00edt\u00e1s<\/strong>:\n<ul>\n<li><a href=\"https:\/\/play.google.com\/store\/apps\/details?id=com.defianttech.diskdigger&amp;hl=en_US\" target=\"_blank\" rel=\"noreferrer noopener\">Android<\/a><\/li>\n<\/ul>\n<\/li>\n\n\n\n<li><strong>EaseUS MobiSaver<\/strong>:\n<ul>\n<li><a href=\"https:\/\/play.google.com\/store\/apps\/details?id=com.easeus.mobisaver&amp;hl=en\" target=\"_blank\" rel=\"noreferrer noopener\">Android<\/a><\/li>\n\n\n\n<li><a href=\"https:\/\/www.easeus.com\/mobile-tool\/iphone-data-recovery-pro.html\" target=\"_blank\" rel=\"noreferrer noopener\">iOS<\/a><\/li>\n<\/ul>\n<\/li>\n\n\n\n<li><strong>Dr. Fone<\/strong>:\n<ul>\n<li><a href=\"https:\/\/play.google.com\/store\/apps\/details\/Dr_Fone_Photo_Data_Recovery?id=com.wondershare.drfoneapp&amp;hl=en_GB\" target=\"_blank\" rel=\"noreferrer noopener\">Android<\/a><\/li>\n\n\n\n<li><a href=\"https:\/\/drfone.wondershare.com\/data-recovery-iphone.html\" target=\"_blank\" rel=\"noreferrer noopener\">iOS<\/a><\/li>\n<\/ul>\n<\/li>\n<\/ul>\n\n\n\n<p>A f\u00e9nyk\u00e9pek vissza\u00e1ll\u00edt\u00e1sa m\u00e9g soha nem volt ilyen egyszer\u0171! Oszd meg ezt a cikket bar\u00e1taiddal \u00e9s csal\u00e1doddal, hogy mindenki megv\u00e9dhesse digit\u00e1lis eml\u00e9keit.<\/p>\n\n\n\n<p><\/p>\n\n\n\n<hr class=\"wp-block-separator has-text-color has-luminous-vivid-orange-color has-alpha-channel-opacity has-luminous-vivid-orange-background-color has-background\" \/>\n\n\n\n<h2 class=\"wp-block-heading\">Olvasd el m\u00e9g:<\/h2>\n\n\n\n<div class=\"wp-block-columns is-layout-flex wp-container-core-columns-layout-2 wp-block-columns-is-layout-flex\">\n<div class=\"wp-block-column is-layout-flow wp-block-column-is-layout-flow\">\n<div class=\"wp-block-buttons is-layout-flex wp-block-buttons-is-layout-flex\">\n<div class=\"wp-block-button has-custom-width wp-block-button__width-100\" style=\"text-decoration:none\"><a class=\"wp-block-button__link has-white-color has-vivid-cyan-blue-background-color has-text-color has-background has-link-color has-text-align-left wp-element-button\" href=\"https:\/\/universofamilia.com\/hu\/5893\/acelera-tu-celular-despierta-tu-productividad\/\" style=\"border-radius:10px\" target=\"_blank\" rel=\"noreferrer noopener\"><font style=\"vertical-align: inherit\"><font style=\"vertical-align: inherit\">\ud83d\udccc Gyors\u00edtsd fel a mobiltelefonodat<\/font><\/font> &gt;<\/a><\/div>\n\n\n\n<div class=\"wp-block-button has-custom-width wp-block-button__width-100\" style=\"text-decoration:none\"><a class=\"wp-block-button__link has-white-color has-vivid-cyan-blue-background-color has-text-color has-background has-link-color has-text-align-left wp-element-button\" href=\"https:\/\/universofamilia.com\/hu\/5869\/descubre-quien-te-esta-observando-en-las-redes-sociales\/\" style=\"border-radius:10px\" target=\"_blank\" rel=\"noreferrer noopener\"><font style=\"vertical-align: inherit\"><font style=\"vertical-align: inherit\"><font style=\"vertical-align: inherit\"><font style=\"vertical-align: inherit\">\ud83d\udccc Kik l\u00e1togatt\u00e1k meg a profilodat?<\/font><\/font><\/font><\/font> &gt;<\/a><\/div>\n<\/div>\n<\/div>\n<\/div>\n\n\n\n<hr class=\"wp-block-separator has-text-color has-luminous-vivid-orange-color has-alpha-channel-opacity has-luminous-vivid-orange-background-color has-background\" \/>\n\n\n\n<p><\/p>","protected":false},"excerpt":{"rendered":"<p>Elveszett fot\u00f3 ment\u00e9si t\u00f6rt\u00e9netem El\u0151fordult m\u00e1r, hogy elvesz\u00edtett\u00e9l \u00e9rt\u00e9kes fot\u00f3kat a telefonodr\u00f3l? \u00c9n igen. Egy ideje, egy hihetetlen utaz\u00e1s sor\u00e1n felejthetetlen pillanatokat \u00f6r\u00f6k\u00edtettem meg bar\u00e1taimmal \u00e9s csal\u00e1dommal. De egy figyelmetlens\u00e9gb\u0151l v\u00e9g\u00fcl az \u00f6sszes fot\u00f3t t\u00f6r\u00f6ltem. R\u00e9m\u00e1lom volt! Szerencs\u00e9re tal\u00e1ltam egy alkalmaz\u00e1st, ami seg\u00edtett visszaszerezni [\u2026]<\/p>","protected":false},"author":139,"featured_media":6097,"comment_status":"closed","ping_status":"open","sticky":false,"template":"","format":"standard","meta":{"footnotes":""},"categories":[2],"tags":[110,151,1391],"yoast_head":"<!-- This site is optimized with the Yoast SEO plugin v23.3 - https:\/\/yoast.com\/wordpress\/plugins\/seo\/ -->\n<title>Recuperar Fotos Perdidas en el Celular - Universo Fam\u00edlia<\/title>\n<meta name=\"description\" content=\"Recuperar Fotos Perdidas en el Celular. \u00bfAlguna vez has perdido fotos preciosas de tu celular? Yo s\u00ed. Hace alg\u00fan tiempo, durante un...\" \/>\n<meta name=\"robots\" content=\"index, follow, max-snippet:-1, max-image-preview:large, max-video-preview:-1\" \/>\n<link rel=\"canonical\" href=\"https:\/\/universofamilia.com\/hu\/recuperar-fotos-perdidas-en-el-celular\/\" \/>\n<meta property=\"og:locale\" content=\"hu_HU\" \/>\n<meta property=\"og:type\" content=\"article\" \/>\n<meta property=\"og:title\" content=\"Recuperar Fotos Perdidas en el Celular - Universo Fam\u00edlia\" \/>\n<meta property=\"og:description\" content=\"Recuperar Fotos Perdidas en el Celular. \u00bfAlguna vez has perdido fotos preciosas de tu celular? Yo s\u00ed. Hace alg\u00fan tiempo, durante un...\" \/>\n<meta property=\"og:url\" content=\"https:\/\/universofamilia.com\/hu\/recuperar-fotos-perdidas-en-el-celular\/\" \/>\n<meta property=\"og:site_name\" content=\"Universo Fam\u00edlia\" \/>\n<meta property=\"article:published_time\" content=\"2024-06-19T16:38:41+00:00\" \/>\n<meta property=\"article:modified_time\" content=\"2025-01-28T13:45:25+00:00\" \/>\n<meta property=\"og:image\" content=\"https:\/\/universofamilia.com\/wp-content\/uploads\/sites\/148\/2024\/06\/P-550x350-1-3.jpg\" \/>\n\t<meta property=\"og:image:width\" content=\"550\" \/>\n\t<meta property=\"og:image:height\" content=\"350\" \/>\n\t<meta property=\"og:image:type\" content=\"image\/jpeg\" \/>\n<meta name=\"author\" content=\"Pedro Henrique\" \/>\n<meta name=\"twitter:card\" content=\"summary_large_image\" \/>\n<meta name=\"twitter:label1\" content=\"Written by\" \/>\n\t<meta name=\"twitter:data1\" content=\"Pedro Henrique\" \/>\n\t<meta name=\"twitter:label2\" content=\"Est. reading time\" \/>\n\t<meta name=\"twitter:data2\" content=\"5 perc\" \/>\n<script type=\"application\/ld+json\" class=\"yoast-schema-graph\">{\"@context\":\"https:\/\/schema.org\",\"@graph\":[{\"@type\":\"WebPage\",\"@id\":\"https:\/\/universofamilia.com\/pt\/recuperar-fotos-perdidas-en-el-celular\/\",\"url\":\"https:\/\/universofamilia.com\/pt\/recuperar-fotos-perdidas-en-el-celular\/\",\"name\":\"Recuperar Fotos Perdidas en el Celular - Universo Fam\u00edlia\",\"isPartOf\":{\"@id\":\"https:\/\/universofamilia.com\/el\/#website\"},\"primaryImageOfPage\":{\"@id\":\"https:\/\/universofamilia.com\/pt\/recuperar-fotos-perdidas-en-el-celular\/#primaryimage\"},\"image\":{\"@id\":\"https:\/\/universofamilia.com\/pt\/recuperar-fotos-perdidas-en-el-celular\/#primaryimage\"},\"thumbnailUrl\":\"https:\/\/universofamilia.com\/wp-content\/uploads\/sites\/148\/2024\/06\/P-550x350-1-3.jpg\",\"datePublished\":\"2024-06-19T16:38:41+00:00\",\"dateModified\":\"2025-01-28T13:45:25+00:00\",\"author\":{\"@id\":\"https:\/\/universofamilia.com\/el\/#\/schema\/person\/f07ce98187dd84d31154262e79b3b7ca\"},\"description\":\"Recuperar Fotos Perdidas en el Celular. \u00bfAlguna vez has perdido fotos preciosas de tu celular? Yo s\u00ed. Hace alg\u00fan tiempo, durante un...\",\"breadcrumb\":{\"@id\":\"https:\/\/universofamilia.com\/pt\/recuperar-fotos-perdidas-en-el-celular\/#breadcrumb\"},\"inLanguage\":\"hu\",\"potentialAction\":[{\"@type\":\"ReadAction\",\"target\":[\"https:\/\/universofamilia.com\/pt\/recuperar-fotos-perdidas-en-el-celular\/\"]}]},{\"@type\":\"ImageObject\",\"inLanguage\":\"hu\",\"@id\":\"https:\/\/universofamilia.com\/pt\/recuperar-fotos-perdidas-en-el-celular\/#primaryimage\",\"url\":\"https:\/\/universofamilia.com\/wp-content\/uploads\/sites\/148\/2024\/06\/P-550x350-1-3.jpg\",\"contentUrl\":\"https:\/\/universofamilia.com\/wp-content\/uploads\/sites\/148\/2024\/06\/P-550x350-1-3.jpg\",\"width\":550,\"height\":350,\"caption\":\"Recuperar Fotos Perdidas en el Celular\"},{\"@type\":\"BreadcrumbList\",\"@id\":\"https:\/\/universofamilia.com\/pt\/recuperar-fotos-perdidas-en-el-celular\/#breadcrumb\",\"itemListElement\":[{\"@type\":\"ListItem\",\"position\":1,\"name\":\"Home\",\"item\":\"https:\/\/universofamilia.com\/el\/\"},{\"@type\":\"ListItem\",\"position\":2,\"name\":\"Recuperar Fotos Perdidas en el Celular\"}]},{\"@type\":\"WebSite\",\"@id\":\"https:\/\/universofamilia.com\/el\/#website\",\"url\":\"https:\/\/universofamilia.com\/el\/\",\"name\":\"Universo Fam\u00edlia\",\"description\":\"\",\"potentialAction\":[{\"@type\":\"SearchAction\",\"target\":{\"@type\":\"EntryPoint\",\"urlTemplate\":\"https:\/\/universofamilia.com\/el\/?s={search_term_string}\"},\"query-input\":\"required name=search_term_string\"}],\"inLanguage\":\"hu\"},{\"@type\":\"Person\",\"@id\":\"https:\/\/universofamilia.com\/el\/#\/schema\/person\/f07ce98187dd84d31154262e79b3b7ca\",\"name\":\"Pedro Henrique\",\"image\":{\"@type\":\"ImageObject\",\"inLanguage\":\"hu\",\"@id\":\"https:\/\/universofamilia.com\/el\/#\/schema\/person\/image\/\",\"url\":\"https:\/\/secure.gravatar.com\/avatar\/9edfeb808cb4e1599f64d6e45b130154?s=96&d=mm&r=g\",\"contentUrl\":\"https:\/\/secure.gravatar.com\/avatar\/9edfeb808cb4e1599f64d6e45b130154?s=96&d=mm&r=g\",\"caption\":\"Pedro Henrique\"},\"url\":\"https:\/\/universofamilia.com\/hu\/author\/editor01\/\"}]}<\/script>\n<!-- \/ Yoast SEO plugin. -->","yoast_head_json":{"title":"Recuperar Fotos Perdidas en el Celular - Universo Fam\u00edlia","description":"Recuperar Fotos Perdidas en el Celular. \u00bfAlguna vez has perdido fotos preciosas de tu celular? Yo s\u00ed. Hace alg\u00fan tiempo, durante un...","robots":{"index":"index","follow":"follow","max-snippet":"max-snippet:-1","max-image-preview":"max-image-preview:large","max-video-preview":"max-video-preview:-1"},"canonical":"https:\/\/universofamilia.com\/hu\/recuperar-fotos-perdidas-en-el-celular\/","og_locale":"hu_HU","og_type":"article","og_title":"Recuperar Fotos Perdidas en el Celular - Universo Fam\u00edlia","og_description":"Recuperar Fotos Perdidas en el Celular. \u00bfAlguna vez has perdido fotos preciosas de tu celular? Yo s\u00ed. Hace alg\u00fan tiempo, durante un...","og_url":"https:\/\/universofamilia.com\/hu\/recuperar-fotos-perdidas-en-el-celular\/","og_site_name":"Universo Fam\u00edlia","article_published_time":"2024-06-19T16:38:41+00:00","article_modified_time":"2025-01-28T13:45:25+00:00","og_image":[{"width":550,"height":350,"url":"https:\/\/universofamilia.com\/wp-content\/uploads\/sites\/148\/2024\/06\/P-550x350-1-3.jpg","type":"image\/jpeg"}],"author":"Pedro Henrique","twitter_card":"summary_large_image","twitter_misc":{"Written by":"Pedro Henrique","Est. reading time":"5 perc"},"schema":{"@context":"https:\/\/schema.org","@graph":[{"@type":"WebPage","@id":"https:\/\/universofamilia.com\/pt\/recuperar-fotos-perdidas-en-el-celular\/","url":"https:\/\/universofamilia.com\/pt\/recuperar-fotos-perdidas-en-el-celular\/","name":"Recuperar Fotos Perdidas en el Celular - Universo Fam\u00edlia","isPartOf":{"@id":"https:\/\/universofamilia.com\/el\/#website"},"primaryImageOfPage":{"@id":"https:\/\/universofamilia.com\/pt\/recuperar-fotos-perdidas-en-el-celular\/#primaryimage"},"image":{"@id":"https:\/\/universofamilia.com\/pt\/recuperar-fotos-perdidas-en-el-celular\/#primaryimage"},"thumbnailUrl":"https:\/\/universofamilia.com\/wp-content\/uploads\/sites\/148\/2024\/06\/P-550x350-1-3.jpg","datePublished":"2024-06-19T16:38:41+00:00","dateModified":"2025-01-28T13:45:25+00:00","author":{"@id":"https:\/\/universofamilia.com\/el\/#\/schema\/person\/f07ce98187dd84d31154262e79b3b7ca"},"description":"Recuperar Fotos Perdidas en el Celular. \u00bfAlguna vez has perdido fotos preciosas de tu celular? Yo s\u00ed. Hace alg\u00fan tiempo, durante un...","breadcrumb":{"@id":"https:\/\/universofamilia.com\/pt\/recuperar-fotos-perdidas-en-el-celular\/#breadcrumb"},"inLanguage":"hu","potentialAction":[{"@type":"ReadAction","target":["https:\/\/universofamilia.com\/pt\/recuperar-fotos-perdidas-en-el-celular\/"]}]},{"@type":"ImageObject","inLanguage":"hu","@id":"https:\/\/universofamilia.com\/pt\/recuperar-fotos-perdidas-en-el-celular\/#primaryimage","url":"https:\/\/universofamilia.com\/wp-content\/uploads\/sites\/148\/2024\/06\/P-550x350-1-3.jpg","contentUrl":"https:\/\/universofamilia.com\/wp-content\/uploads\/sites\/148\/2024\/06\/P-550x350-1-3.jpg","width":550,"height":350,"caption":"Recuperar Fotos Perdidas en el Celular"},{"@type":"BreadcrumbList","@id":"https:\/\/universofamilia.com\/pt\/recuperar-fotos-perdidas-en-el-celular\/#breadcrumb","itemListElement":[{"@type":"ListItem","position":1,"name":"Home","item":"https:\/\/universofamilia.com\/el\/"},{"@type":"ListItem","position":2,"name":"Recuperar Fotos Perdidas en el Celular"}]},{"@type":"WebSite","@id":"https:\/\/universofamilia.com\/el\/#website","url":"https:\/\/universofamilia.com\/el\/","name":"Universo Fam\u00edlia","description":"","potentialAction":[{"@type":"SearchAction","target":{"@type":"EntryPoint","urlTemplate":"https:\/\/universofamilia.com\/el\/?s={search_term_string}"},"query-input":"required name=search_term_string"}],"inLanguage":"hu"},{"@type":"Person","@id":"https:\/\/universofamilia.com\/el\/#\/schema\/person\/f07ce98187dd84d31154262e79b3b7ca","name":"Pedro Henrique","image":{"@type":"ImageObject","inLanguage":"hu","@id":"https:\/\/universofamilia.com\/el\/#\/schema\/person\/image\/","url":"https:\/\/secure.gravatar.com\/avatar\/9edfeb808cb4e1599f64d6e45b130154?s=96&d=mm&r=g","contentUrl":"https:\/\/secure.gravatar.com\/avatar\/9edfeb808cb4e1599f64d6e45b130154?s=96&d=mm&r=g","caption":"Pedro Henrique"},"url":"https:\/\/universofamilia.com\/hu\/author\/editor01\/"}]}},"_links":{"self":[{"href":"https:\/\/universofamilia.com\/hu\/wp-json\/wp\/v2\/posts\/6093"}],"collection":[{"href":"https:\/\/universofamilia.com\/hu\/wp-json\/wp\/v2\/posts"}],"about":[{"href":"https:\/\/universofamilia.com\/hu\/wp-json\/wp\/v2\/types\/post"}],"author":[{"embeddable":true,"href":"https:\/\/universofamilia.com\/hu\/wp-json\/wp\/v2\/users\/139"}],"replies":[{"embeddable":true,"href":"https:\/\/universofamilia.com\/hu\/wp-json\/wp\/v2\/comments?post=6093"}],"version-history":[{"count":1,"href":"https:\/\/universofamilia.com\/hu\/wp-json\/wp\/v2\/posts\/6093\/revisions"}],"predecessor-version":[{"id":8368,"href":"https:\/\/universofamilia.com\/hu\/wp-json\/wp\/v2\/posts\/6093\/revisions\/8368"}],"wp:featuredmedia":[{"embeddable":true,"href":"https:\/\/universofamilia.com\/hu\/wp-json\/wp\/v2\/media\/6097"}],"wp:attachment":[{"href":"https:\/\/universofamilia.com\/hu\/wp-json\/wp\/v2\/media?parent=6093"}],"wp:term":[{"taxonomy":"category","embeddable":true,"href":"https:\/\/universofamilia.com\/hu\/wp-json\/wp\/v2\/categories?post=6093"},{"taxonomy":"post_tag","embeddable":true,"href":"https:\/\/universofamilia.com\/hu\/wp-json\/wp\/v2\/tags?post=6093"}],"curies":[{"name":"wp","href":"https:\/\/api.w.org\/{rel}","templated":true}]}}