{"id":6099,"date":"2024-06-19T14:11:56","date_gmt":"2024-06-19T17:11:56","guid":{"rendered":"https:\/\/universofamilia.com\/?p=6099"},"modified":"2025-02-06T20:34:08","modified_gmt":"2025-02-06T20:34:08","slug":"transforma-tu-telefono-en-una-cinta-metrica-inteligente","status":"publish","type":"post","link":"https:\/\/universofamilia.com\/hu\/transforma-tu-telefono-en-una-cinta-metrica-inteligente\/","title":{"rendered":"V\u00e1ltoztasd a telefonod okos m\u00e9r\u0151szalagg\u00e1!"},"content":{"rendered":"<p>V\u00e1ltoztasd a telefonod okos m\u00e9r\u0151szalagg\u00e1!<\/p>\n\n\n\n<p>El\u0151fordult m\u00e1r, hogy le kellett m\u00e9rned valamit, de nem volt k\u00e9zn\u00e9l m\u00e9r\u0151szalag? A mai technol\u00f3gi\u00e1nak k\u00f6sz\u00f6nhet\u0151en a telefonod lehet a megold\u00e1s!<\/p>\n\n\n\n<p>Ebben a cikkben azt vizsg\u00e1ljuk meg, hogyan k\u00f6nny\u00edthetik meg a m\u00e9r\u0151alkalmaz\u00e1sok az \u00e9letedet, k\u00e9nyelmet \u00e9s pontoss\u00e1got k\u00edn\u00e1lva a mindennapi m\u00e9r\u00e9sekben.<\/p>\n\n\n\n<p>Felfedezz\u00fck, hogyan m\u0171k\u00f6dnek ezek az alkalmaz\u00e1sok, milyen funkci\u00f3ik vannak, \u00e9s melyek a legjobb let\u00f6lthet\u0151 alkalmaz\u00e1sok.<\/p>\n\n\n\n<h2 class=\"wp-block-heading\">Bevezet\u00e9s a mobil m\u00e9r\u00e9sbe<\/h2>\n\n\n\n<p>A technol\u00f3gia fejl\u0151d\u00e9s\u00e9vel az okostelefonok n\u00e9lk\u00fcl\u00f6zhetetlen eszk\u00f6z\u00f6kk\u00e9 v\u00e1ltak \u00e9let\u00fcnkben.<\/p>\n\n\n\n<p>Az egyik legizgalmasabb fejleszt\u00e9s a t\u00e1vols\u00e1gok, ter\u00fcletek \u00e9s t\u00e9rfogatok m\u00e9r\u00e9s\u00e9nek k\u00e9pess\u00e9ge, puszt\u00e1n a telefon kamer\u00e1j\u00e1nak haszn\u00e1lat\u00e1val.<\/p>\n\n\n\n<p>Ez olyan m\u00e9r\u0151alkalmaz\u00e1soknak k\u00f6sz\u00f6nhet\u0151, amelyek fejlett technol\u00f3gi\u00e1t, p\u00e9ld\u00e1ul kiterjesztett val\u00f3s\u00e1got (AR) haszn\u00e1lnak, hogy eszk\u00f6z\u00f6det hat\u00e9kony m\u00e9r\u0151eszk\u00f6zz\u00e9 alak\u00edts\u00e1k.<\/p>\n\n\n\n<p>A telefon m\u00e9r\u00e9sekhez val\u00f3 haszn\u00e1lat\u00e1nak f\u0151 el\u0151nye a praktikuss\u00e1g.<\/p>\n\n\n\n<p>Gyakorlatilag b\u00e1rmit, b\u00e1rhol, b\u00e1rmikor megm\u00e9rhetsz an\u00e9lk\u00fcl, hogy hagyom\u00e1nyos eszk\u00f6z\u00f6ket, p\u00e9ld\u00e1ul m\u00e9r\u0151szalagokat vagy vonalz\u00f3kat kellene magaddal vinned.<\/p>\n\n\n\n<p>R\u00e1ad\u00e1sul ezek k\u00f6z\u00fcl az alkalmaz\u00e1sok k\u00f6z\u00fcl sok ingyenes \u00e9s k\u00f6nnyen haszn\u00e1lhat\u00f3, \u00edgy a m\u00e9r\u00e9s mindenki sz\u00e1m\u00e1ra el\u00e9rhet\u0151.<\/p>\n\n\n\n<h2 class=\"wp-block-heading\">Pontoss\u00e1g \u00e9s megb\u00edzhat\u00f3s\u00e1g<\/h2>\n\n\n\n<p>Gyakori k\u00e9rd\u00e9s: \u201eVal\u00f3ban pontosak ezek az alkalmaz\u00e1sok?\u201d A v\u00e1lasz igen, de bizonyos fenntart\u00e1sokkal.<\/p>\n\n\n\n<p>A m\u00e9r\u00e9si pontoss\u00e1g sz\u00e1mos t\u00e9nyez\u0151t\u0151l f\u00fcgg\u0151en v\u00e1ltozhat, bele\u00e9rtve a telefon kamer\u00e1j\u00e1nak min\u0151s\u00e9g\u00e9t, a k\u00f6rnyezeti megvil\u00e1g\u00edt\u00e1st \u00e9s az alkalmaz\u00e1s \u00e1ltal haszn\u00e1lt technol\u00f3gi\u00e1t.<\/p>\n\n\n\n<p>A hagyom\u00e1nyos m\u00f3dszerekkel \u00f6sszehasonl\u00edtva a m\u00e9r\u0151alkalmaz\u00e1sok meglehet\u0151sen megb\u00edzhat\u00f3ak a mindennapi feladatokhoz.<\/p>\n\n\n\n<p>Azonban a nagy pontoss\u00e1got ig\u00e9nyl\u0151 projektekn\u00e9l, mint p\u00e9ld\u00e1ul a professzion\u00e1lis kivitelez\u00e9s, mindig \u00e9rdemes a m\u00e9r\u00e9seket hagyom\u00e1nyos eszk\u00f6z\u00f6kkel ellen\u0151rizni.<\/p>\n\n\n\n<h2 class=\"wp-block-heading\">Jellemz\u0151k \u00e9s forr\u00e1sok<\/h2>\n\n\n\n<p>A m\u00e9r\u00e9si alkalmaz\u00e1sok sz\u00e1mos olyan funkci\u00f3t k\u00edn\u00e1lnak, amelyek sokkal egyszer\u0171bb\u00e9 \u00e9s hat\u00e9konyabb\u00e1 teszik a m\u00e9r\u00e9si folyamatot.<\/p>\n\n\n\n<p><\/p>\n\n\n\n<hr class=\"wp-block-separator has-text-color has-luminous-vivid-orange-color has-alpha-channel-opacity has-luminous-vivid-orange-background-color has-background\" \/>\n\n\n\n<h2 class=\"wp-block-heading\">Olvasd el m\u00e9g:<\/h2>\n\n\n\n<div class=\"wp-block-columns is-layout-flex wp-container-core-columns-layout-1 wp-block-columns-is-layout-flex\">\n<div class=\"wp-block-column is-layout-flow wp-block-column-is-layout-flow\">\n<div class=\"wp-block-buttons is-layout-flex wp-block-buttons-is-layout-flex\">\n<div class=\"wp-block-button has-custom-width wp-block-button__width-100\" style=\"text-decoration:none\"><a class=\"wp-block-button__link has-white-color has-vivid-cyan-blue-background-color has-text-color has-background has-link-color has-text-align-left wp-element-button\" href=\"https:\/\/universofamilia.com\/hu\/5893\/acelera-tu-celular-despierta-tu-productividad\/\" style=\"border-radius:10px\" target=\"_blank\" rel=\"noreferrer noopener\"><font style=\"vertical-align: inherit\"><font style=\"vertical-align: inherit\">\ud83d\udccc Gyors\u00edtsd fel a mobiltelefonodat<\/font><\/font> &gt;<\/a><\/div>\n\n\n\n<div class=\"wp-block-button has-custom-width wp-block-button__width-100\" style=\"text-decoration:none\"><a class=\"wp-block-button__link has-white-color has-vivid-cyan-blue-background-color has-text-color has-background has-link-color has-text-align-left wp-element-button\" href=\"https:\/\/universofamilia.com\/hu\/5869\/descubre-quien-te-esta-observando-en-las-redes-sociales\/\" style=\"border-radius:10px\" target=\"_blank\" rel=\"noreferrer noopener\"><font style=\"vertical-align: inherit\"><font style=\"vertical-align: inherit\"><font style=\"vertical-align: inherit\"><font style=\"vertical-align: inherit\">\ud83d\udccc Kik l\u00e1togatt\u00e1k meg a profilodat?<\/font><\/font><\/font><\/font> &gt;<\/a><\/div>\n<\/div>\n<\/div>\n<\/div>\n\n\n\n<hr class=\"wp-block-separator has-text-color has-luminous-vivid-orange-color has-alpha-channel-opacity has-luminous-vivid-orange-background-color has-background\" \/>\n\n\n\n<p><\/p>\n\n\n\n<p>\u00cdme n\u00e9h\u00e1ny a f\u0151bbek k\u00f6z\u00fcl:<\/p>\n\n\n\n<h3 class=\"wp-block-heading\">Kiterjesztett val\u00f3s\u00e1g (AR)<\/h3>\n\n\n\n<p>Az AR az egyik legsz\u00e9lesebb k\u00f6rben haszn\u00e1lt technol\u00f3gia ezekben az alkalmaz\u00e1sokban. Lehet\u0151v\u00e9 teszi virtu\u00e1lis vonalak \u00e9s alakzatok r\u00e1vet\u00edt\u00e9s\u00e9t a telefon kamer\u00e1ja \u00e1ltal r\u00f6gz\u00edtett k\u00e9pre, \u00edgy k\u00f6nnyebben vizualiz\u00e1lhat\u00f3 \u00e9s m\u00e9rhet\u0151.<\/p>\n\n\n\n<p>Ez\u00e1ltal a m\u00e9r\u00e9si folyamat intuit\u00edvabb \u00e9s pontosabb, mivel pontosan l\u00e1thatja, hol m\u00e9r.<\/p>\n\n\n\n<h3 class=\"wp-block-heading\">T\u00e1rgyak m\u00e9r\u00e9se<\/h3>\n\n\n\n<p>A t\u00e1vols\u00e1gok m\u00e9r\u00e9se mellett sz\u00e1mos alkalmaz\u00e1s lehet\u0151v\u00e9 teszi objektumok 3D-s m\u00e9r\u00e9s\u00e9t. T\u00f6bb pontot r\u00f6gz\u00edtenek az objektum fel\u00fclet\u00e9n, \u00e9s \u00fajraalkotj\u00e1k annak alakj\u00e1t, lehet\u0151v\u00e9 t\u00e9ve a r\u00e9szletesebb m\u00e9r\u00e9seket.<\/p>\n\n\n\n<p>Ez k\u00fcl\u00f6n\u00f6sen hasznos b\u00fatorok, dobozok vagy b\u00e1rmilyen h\u00e1romdimenzi\u00f3s alak\u00fa t\u00e1rgy m\u00e9r\u00e9s\u00e9re.<\/p>\n\n\n\n<h3 class=\"wp-block-heading\">Ter\u00fcletek \u00e9s t\u00e9rfogatok kisz\u00e1m\u00edt\u00e1sa<\/h3>\n\n\n\n<p>Egy m\u00e1sik hihetetlen funkci\u00f3 a ter\u00fcletek \u00e9s t\u00e9rfogatok kisz\u00e1m\u00edt\u00e1s\u00e1nak k\u00e9pess\u00e9ge. A kapott m\u00e9r\u00e9sek alapj\u00e1n az alkalmaz\u00e1sok kisz\u00e1m\u00edthatj\u00e1k s\u00edk fel\u00fcletek, p\u00e9ld\u00e1ul falak \u00e9s padl\u00f3k ter\u00fclet\u00e9t, valamint t\u00e1rgyak, p\u00e9ld\u00e1ul dobozok \u00e9s szob\u00e1k t\u00e9rfogat\u00e1t.<\/p>\n\n\n\n<p>Ez rendk\u00edv\u00fcl hasznos a t\u00e9rtervez\u00e9shez, a dekor\u00e1ci\u00f3hoz \u00e9s m\u00e9g az \u00e9p\u00edt\u0151anyagok beszerz\u00e9s\u00e9hez is.<\/p>\n\n\n\n<h3 class=\"wp-block-heading\">Egy\u00e9b jellemz\u0151k<\/h3>\n\n\n\n<p>A m\u00e9r\u00e9si alkalmaz\u00e1sok tov\u00e1bbi funkci\u00f3kat is k\u00edn\u00e1lnak, mint p\u00e9ld\u00e1ul a szintez\u00e9s, a pont\u00e1br\u00e1zol\u00e1s, a jegyzetek \u00e9s az eredm\u00e9nyek megoszt\u00e1sa.<\/p>\n\n\n\n<p>Ezek a funkci\u00f3k m\u00e9g sokoldal\u00fabb\u00e1 \u00e9s hasznosabb\u00e1 teszik az alkalmaz\u00e1sokat sz\u00e1mos helyzetben.<\/p>\n\n\n<div class=\"wp-block-image\">\n<figure class=\"aligncenter size-full\"><img loading=\"lazy\" decoding=\"async\" width=\"550\" height=\"350\" src=\"http:\/\/universofamilia.com\/wp-content\/uploads\/sites\/148\/2024\/06\/P-550x350-9.jpg\" alt=\"\" class=\"wp-image-6100\" srcset=\"https:\/\/universofamilia.com\/wp-content\/uploads\/sites\/148\/2024\/06\/P-550x350-9.jpg 550w, https:\/\/universofamilia.com\/wp-content\/uploads\/sites\/148\/2024\/06\/P-550x350-9-300x191.jpg 300w\" sizes=\"(max-width: 550px) 100vw, 550px\" \/><figcaption class=\"wp-element-caption\">V\u00e1ltoztasd a telefonod okos m\u00e9r\u0151szalagg\u00e1!<\/figcaption><\/figure><\/div>\n\n\n<h2 class=\"wp-block-heading\">Aj\u00e1nlott alkalmaz\u00e1sok<\/h2>\n\n\n\n<p>Most, hogy ismeri a funkci\u00f3kat, bemutatunk h\u00e1rom ingyenes \u00e9s megb\u00edzhat\u00f3 alkalmaz\u00e1st Androidra \u00e9s iOS-re, az alkalmaz\u00e1sboltokban tal\u00e1lhat\u00f3 v\u00e9lem\u00e9nyek \u00e9s \u00e9rt\u00e9kel\u00e9sek alapj\u00e1n.<\/p>\n\n\n\n<h3 class=\"wp-block-heading\">1. M\u00e9r\u00e9s (iOS \u00e9s Android)<\/h3>\n\n\n\n<p>A Measure egy nat\u00edv Apple \u00e9s Google alkalmaz\u00e1s, amely AR-t haszn\u00e1l t\u00e1vols\u00e1gok, sz\u00f6gek \u00e9s ter\u00fcletek m\u00e9r\u00e9s\u00e9re.<\/p>\n\n\n\n<p>Egy egyszer\u0171 \u00e9s intuit\u00edv fel\u00fclettel rendelkezik, rendk\u00edv\u00fcl pontos \u00e9s k\u00f6nnyen haszn\u00e1lhat\u00f3.<\/p>\n\n\n\n<ul>\n<li><strong>\u00c9rt\u00e9kel\u00e9sek \u00e9s megjegyz\u00e9sek:<\/strong>\n<ul>\n<li>iOS: 4,7 csillag az App Store-ban<\/li>\n\n\n\n<li>Android: 4,5 csillag a Google Play \u00c1ruh\u00e1zban<\/li>\n<\/ul>\n<\/li>\n<\/ul>\n\n\n\n<h3 class=\"wp-block-heading\">2. Magicplan (iOS \u00e9s Android)<\/h3>\n\n\n\n<p>A Magicplan ide\u00e1lis tervek k\u00e9sz\u00edt\u00e9s\u00e9hez \u00e9s k\u00f6rnyezetek m\u00e9r\u00e9s\u00e9hez, AR \u00e9s k\u00e9pfelismer\u00e9s haszn\u00e1lat\u00e1val.<\/p>\n\n\n\n<p>Lehet\u0151v\u00e9 teszi 3D modellek l\u00e9trehoz\u00e1s\u00e1t \u00e9s r\u00e9szletes, m\u00e9r\u00e9seket tartalmaz\u00f3 jelent\u00e9sek k\u00e9sz\u00edt\u00e9s\u00e9t.<\/p>\n\n\n\n<ul>\n<li><strong>\u00c9rt\u00e9kel\u00e9sek \u00e9s megjegyz\u00e9sek:<\/strong>\n<ul>\n<li>iOS: 4,2 csillag az App Store-ban<\/li>\n\n\n\n<li>Android: 4,0 csillag a Google Play \u00c1ruh\u00e1zban<\/li>\n<\/ul>\n<\/li>\n<\/ul>\n\n\n\n<h3 class=\"wp-block-heading\">3. AR vonalz\u00f3 (Android)<\/h3>\n\n\n\n<p>Az AR Ruler egy k\u00f6nny\u0171 \u00e9s k\u00f6nnyen haszn\u00e1lhat\u00f3 alkalmaz\u00e1s, amely a t\u00e1vols\u00e1gok \u00e9s t\u00e1rgyak m\u00e9r\u00e9s\u00e9re \u00f6sszpontos\u00edt.<\/p>\n\n\n\n<p>Olyan er\u0151forr\u00e1sokat k\u00edn\u00e1l, mint a szintez\u00e9s \u00e9s a pont\u00e1br\u00e1zol\u00e1s, a m\u00e9rt\u00e9kegys\u00e9g-\u00e1tv\u00e1lt\u00e1s mellett.<\/p>\n\n\n\n<ul>\n<li><strong>\u00c9rt\u00e9kel\u00e9sek \u00e9s megjegyz\u00e9sek:<\/strong>\n<ul>\n<li>Android: 4,4 csillag a Google Play \u00c1ruh\u00e1zban<\/li>\n<\/ul>\n<\/li>\n<\/ul>\n\n\n\n<h2 class=\"wp-block-heading\">Z\u00e1r\u00f3 megfontol\u00e1sok<\/h2>\n\n\n\n<p>A m\u00e9r\u0151alkalmaz\u00e1sok hihetetlen\u00fcl hasznos eszk\u00f6z\u00f6k, amelyek sokkal k\u00f6nnyebb\u00e9 tehetik az \u00e9letedet.<\/p>\n\n\n\n<p>Praktikus \u00e9s k\u00e9nyelmes m\u00f3dot k\u00edn\u00e1lnak a pontos m\u00e9r\u00e9sek elv\u00e9gz\u00e9s\u00e9re, puszt\u00e1n a telefon haszn\u00e1lat\u00e1val.<\/p>\n\n\n\n<p>Ak\u00e1r egy \u00faj b\u00fatordarabot m\u00e9rsz le, ak\u00e1r a festend\u0151 falfel\u00fcletet sz\u00e1molod ki, vagy alaprajzokat k\u00e9sz\u00edtesz, ezek az alkalmaz\u00e1sok hat\u00e9kony sz\u00f6vets\u00e9gesek.<\/p>\n\n\n\n<p>Ne felejts el olyan alkalmaz\u00e1st v\u00e1lasztani, amely megb\u00edzhat\u00f3 \u00e9s megfelel az ig\u00e9nyeidnek.<\/p>\n\n\n\n<p>\u00c9s term\u00e9szetesen, amikor csak lehets\u00e9ges, a m\u00e9r\u00e9seket hagyom\u00e1nyos eszk\u00f6z\u00f6kkel kell valid\u00e1lni a maxim\u00e1lis pontoss\u00e1g biztos\u00edt\u00e1sa \u00e9rdek\u00e9ben, k\u00fcl\u00f6n\u00f6sen az \u00f6sszetettebb projektek eset\u00e9ben.<\/p>\n\n\n\n<p>K\u00e9szen \u00e1llsz arra, hogy telefonodat okos m\u00e9r\u0151szalagg\u00e1 alak\u00edtsd? N\u00e9zd meg a linkeket a fent eml\u00edtett alkalmaz\u00e1sok let\u00f6lt\u00e9s\u00e9hez, \u00e9s kezdj el k\u00f6nnyed\u00e9n m\u00e9rni.<\/p>\n\n\n\n<ul>\n<li><strong>M\u00e9rt\u00e9k:<\/strong>\n<ul>\n<li>iOS: <a href=\"https:\/\/apps.apple.com\/us\/app\/measure\/id1383426740\" target=\"_blank\" rel=\"noreferrer noopener\">Let\u00f6lt\u00e9s iOS-re<\/a><\/li>\n<\/ul>\n<\/li>\n\n\n\n<li><strong>Var\u00e1zsterv:<\/strong>\n<ul>\n<li>iOS: <a href=\"https:\/\/apps.apple.com\/us\/app\/magicplan\/id427424432\" target=\"_blank\" rel=\"noreferrer noopener\">Let\u00f6lt\u00e9s iOS-re<\/a><\/li>\n\n\n\n<li>Android: <a href=\"https:\/\/play.google.com\/store\/apps\/details?id=com.sensopia.magicplan&amp;hl=en\" target=\"_blank\" rel=\"noreferrer noopener\">Let\u00f6lt\u00e9s Androidra<\/a><\/li>\n<\/ul>\n<\/li>\n\n\n\n<li><strong>AR vonalz\u00f3:<\/strong>\n<ul>\n<li>Android: <a href=\"https:\/\/play.google.com\/store\/apps\/details?id=measureapp.measureapp&amp;hl=es_AR\" target=\"_blank\" rel=\"noreferrer noopener\">Let\u00f6lt\u00e9s Androidra<\/a><\/li>\n<\/ul>\n<\/li>\n<\/ul>\n\n\n\n<p>Most, hogy tudod, hogyan seg\u00edthetnek ezek az alkalmaz\u00e1sok a mindennapi \u00e9letben, oszd meg ezt a cikket a bar\u00e1taiddal \u00e9s a csal\u00e1doddal, hogy \u0151k is kihaszn\u00e1lhass\u00e1k ezeket a nagyszer\u0171 eszk\u00f6z\u00f6ket!<\/p>\n\n\n\n<p><\/p>","protected":false},"excerpt":{"rendered":"<p>V\u00e1ltoztasd telefonod okos m\u00e9r\u0151szalagg\u00e1! El\u0151fordult m\u00e1r, hogy meg kellett m\u00e9rned egy t\u00e1rgyat, de nem volt k\u00e9zn\u00e9l m\u00e9r\u0151szalag? A mai technol\u00f3gi\u00e1nak k\u00f6sz\u00f6nhet\u0151en a telefonod lehet a megold\u00e1s! Ebben a cikkben megvizsg\u00e1ljuk, hogyan k\u00f6nny\u00edthetik meg a m\u00e9r\u0151alkalmaz\u00e1sok az \u00e9letedet, k\u00e9nyelmet \u00e9s pontoss\u00e1got k\u00edn\u00e1lva a mindennapi m\u00e9r\u00e9sekben. Felfedezz\u00fck [\u2026]<\/p>","protected":false},"author":139,"featured_media":6100,"comment_status":"closed","ping_status":"open","sticky":false,"template":"","format":"standard","meta":{"footnotes":""},"categories":[2],"tags":[19,1527],"yoast_head":"<!-- This site is optimized with the Yoast SEO plugin v23.3 - https:\/\/yoast.com\/wordpress\/plugins\/seo\/ -->\n<title>\u00a1Transforma tu Tel\u00e9fono en una Cinta M\u00e9trica Inteligente! - Universo Fam\u00edlia<\/title>\n<meta name=\"description\" content=\"\u00a1Transforma tu Tel\u00e9fono en una Cinta M\u00e9trica Inteligente!. \u00bfAlguna vez has necesitado medir un objeto y no ten\u00edas una cinta m\u00e9trica a mano?...\" \/>\n<meta name=\"robots\" content=\"index, follow, max-snippet:-1, max-image-preview:large, max-video-preview:-1\" \/>\n<link rel=\"canonical\" href=\"https:\/\/universofamilia.com\/hu\/transforma-tu-telefono-en-una-cinta-metrica-inteligente\/\" \/>\n<meta property=\"og:locale\" content=\"hu_HU\" \/>\n<meta property=\"og:type\" content=\"article\" \/>\n<meta property=\"og:title\" content=\"\u00a1Transforma tu Tel\u00e9fono en una Cinta M\u00e9trica Inteligente! - Universo Fam\u00edlia\" \/>\n<meta property=\"og:description\" content=\"\u00a1Transforma tu Tel\u00e9fono en una Cinta M\u00e9trica Inteligente!. \u00bfAlguna vez has necesitado medir un objeto y no ten\u00edas una cinta m\u00e9trica a mano?...\" \/>\n<meta property=\"og:url\" content=\"https:\/\/universofamilia.com\/hu\/transforma-tu-telefono-en-una-cinta-metrica-inteligente\/\" \/>\n<meta property=\"og:site_name\" content=\"Universo Fam\u00edlia\" \/>\n<meta property=\"article:published_time\" content=\"2024-06-19T17:11:56+00:00\" \/>\n<meta property=\"article:modified_time\" content=\"2025-02-06T20:34:08+00:00\" \/>\n<meta property=\"og:image\" content=\"https:\/\/universofamilia.com\/wp-content\/uploads\/sites\/148\/2024\/06\/P-550x350-9.jpg\" \/>\n\t<meta property=\"og:image:width\" content=\"550\" \/>\n\t<meta property=\"og:image:height\" content=\"350\" \/>\n\t<meta property=\"og:image:type\" content=\"image\/jpeg\" \/>\n<meta name=\"author\" content=\"Pedro Henrique\" \/>\n<meta name=\"twitter:card\" content=\"summary_large_image\" \/>\n<meta name=\"twitter:label1\" content=\"Written by\" \/>\n\t<meta name=\"twitter:data1\" content=\"Pedro Henrique\" \/>\n\t<meta name=\"twitter:label2\" content=\"Est. reading time\" \/>\n\t<meta name=\"twitter:data2\" content=\"6 perc\" \/>\n<script type=\"application\/ld+json\" class=\"yoast-schema-graph\">{\"@context\":\"https:\/\/schema.org\",\"@graph\":[{\"@type\":\"WebPage\",\"@id\":\"https:\/\/universofamilia.com\/sk\/transforma-tu-telefono-en-una-cinta-metrica-inteligente\/\",\"url\":\"https:\/\/universofamilia.com\/sk\/transforma-tu-telefono-en-una-cinta-metrica-inteligente\/\",\"name\":\"\u00a1Transforma tu Tel\u00e9fono en una Cinta M\u00e9trica Inteligente! - Universo Fam\u00edlia\",\"isPartOf\":{\"@id\":\"https:\/\/universofamilia.com\/el\/#website\"},\"primaryImageOfPage\":{\"@id\":\"https:\/\/universofamilia.com\/sk\/transforma-tu-telefono-en-una-cinta-metrica-inteligente\/#primaryimage\"},\"image\":{\"@id\":\"https:\/\/universofamilia.com\/sk\/transforma-tu-telefono-en-una-cinta-metrica-inteligente\/#primaryimage\"},\"thumbnailUrl\":\"https:\/\/universofamilia.com\/wp-content\/uploads\/sites\/148\/2024\/06\/P-550x350-9.jpg\",\"datePublished\":\"2024-06-19T17:11:56+00:00\",\"dateModified\":\"2025-02-06T20:34:08+00:00\",\"author\":{\"@id\":\"https:\/\/universofamilia.com\/el\/#\/schema\/person\/f07ce98187dd84d31154262e79b3b7ca\"},\"description\":\"\u00a1Transforma tu Tel\u00e9fono en una Cinta M\u00e9trica Inteligente!. \u00bfAlguna vez has necesitado medir un objeto y no ten\u00edas una cinta m\u00e9trica a mano?...\",\"breadcrumb\":{\"@id\":\"https:\/\/universofamilia.com\/sk\/transforma-tu-telefono-en-una-cinta-metrica-inteligente\/#breadcrumb\"},\"inLanguage\":\"hu\",\"potentialAction\":[{\"@type\":\"ReadAction\",\"target\":[\"https:\/\/universofamilia.com\/sk\/transforma-tu-telefono-en-una-cinta-metrica-inteligente\/\"]}]},{\"@type\":\"ImageObject\",\"inLanguage\":\"hu\",\"@id\":\"https:\/\/universofamilia.com\/sk\/transforma-tu-telefono-en-una-cinta-metrica-inteligente\/#primaryimage\",\"url\":\"https:\/\/universofamilia.com\/wp-content\/uploads\/sites\/148\/2024\/06\/P-550x350-9.jpg\",\"contentUrl\":\"https:\/\/universofamilia.com\/wp-content\/uploads\/sites\/148\/2024\/06\/P-550x350-9.jpg\",\"width\":550,\"height\":350,\"caption\":\"\u00a1Transforma tu Tel\u00e9fono en una Cinta M\u00e9trica Inteligente!\"},{\"@type\":\"BreadcrumbList\",\"@id\":\"https:\/\/universofamilia.com\/sk\/transforma-tu-telefono-en-una-cinta-metrica-inteligente\/#breadcrumb\",\"itemListElement\":[{\"@type\":\"ListItem\",\"position\":1,\"name\":\"Home\",\"item\":\"https:\/\/universofamilia.com\/el\/\"},{\"@type\":\"ListItem\",\"position\":2,\"name\":\"\u00a1Transforma tu Tel\u00e9fono en una Cinta M\u00e9trica Inteligente!\"}]},{\"@type\":\"WebSite\",\"@id\":\"https:\/\/universofamilia.com\/el\/#website\",\"url\":\"https:\/\/universofamilia.com\/el\/\",\"name\":\"Universo Fam\u00edlia\",\"description\":\"\",\"potentialAction\":[{\"@type\":\"SearchAction\",\"target\":{\"@type\":\"EntryPoint\",\"urlTemplate\":\"https:\/\/universofamilia.com\/el\/?s={search_term_string}\"},\"query-input\":\"required name=search_term_string\"}],\"inLanguage\":\"hu\"},{\"@type\":\"Person\",\"@id\":\"https:\/\/universofamilia.com\/el\/#\/schema\/person\/f07ce98187dd84d31154262e79b3b7ca\",\"name\":\"Pedro Henrique\",\"image\":{\"@type\":\"ImageObject\",\"inLanguage\":\"hu\",\"@id\":\"https:\/\/universofamilia.com\/el\/#\/schema\/person\/image\/\",\"url\":\"https:\/\/secure.gravatar.com\/avatar\/9edfeb808cb4e1599f64d6e45b130154?s=96&d=mm&r=g\",\"contentUrl\":\"https:\/\/secure.gravatar.com\/avatar\/9edfeb808cb4e1599f64d6e45b130154?s=96&d=mm&r=g\",\"caption\":\"Pedro Henrique\"},\"url\":\"https:\/\/universofamilia.com\/hu\/author\/editor01\/\"}]}<\/script>\n<!-- \/ Yoast SEO plugin. -->","yoast_head_json":{"title":"\u00a1Transforma tu Tel\u00e9fono en una Cinta M\u00e9trica Inteligente! - Universo Fam\u00edlia","description":"\u00a1Transforma tu Tel\u00e9fono en una Cinta M\u00e9trica Inteligente!. \u00bfAlguna vez has necesitado medir un objeto y no ten\u00edas una cinta m\u00e9trica a mano?...","robots":{"index":"index","follow":"follow","max-snippet":"max-snippet:-1","max-image-preview":"max-image-preview:large","max-video-preview":"max-video-preview:-1"},"canonical":"https:\/\/universofamilia.com\/hu\/transforma-tu-telefono-en-una-cinta-metrica-inteligente\/","og_locale":"hu_HU","og_type":"article","og_title":"\u00a1Transforma tu Tel\u00e9fono en una Cinta M\u00e9trica Inteligente! - Universo Fam\u00edlia","og_description":"\u00a1Transforma tu Tel\u00e9fono en una Cinta M\u00e9trica Inteligente!. \u00bfAlguna vez has necesitado medir un objeto y no ten\u00edas una cinta m\u00e9trica a mano?...","og_url":"https:\/\/universofamilia.com\/hu\/transforma-tu-telefono-en-una-cinta-metrica-inteligente\/","og_site_name":"Universo Fam\u00edlia","article_published_time":"2024-06-19T17:11:56+00:00","article_modified_time":"2025-02-06T20:34:08+00:00","og_image":[{"width":550,"height":350,"url":"https:\/\/universofamilia.com\/wp-content\/uploads\/sites\/148\/2024\/06\/P-550x350-9.jpg","type":"image\/jpeg"}],"author":"Pedro Henrique","twitter_card":"summary_large_image","twitter_misc":{"Written by":"Pedro Henrique","Est. reading time":"6 perc"},"schema":{"@context":"https:\/\/schema.org","@graph":[{"@type":"WebPage","@id":"https:\/\/universofamilia.com\/sk\/transforma-tu-telefono-en-una-cinta-metrica-inteligente\/","url":"https:\/\/universofamilia.com\/sk\/transforma-tu-telefono-en-una-cinta-metrica-inteligente\/","name":"\u00a1Transforma tu Tel\u00e9fono en una Cinta M\u00e9trica Inteligente! - Universo Fam\u00edlia","isPartOf":{"@id":"https:\/\/universofamilia.com\/el\/#website"},"primaryImageOfPage":{"@id":"https:\/\/universofamilia.com\/sk\/transforma-tu-telefono-en-una-cinta-metrica-inteligente\/#primaryimage"},"image":{"@id":"https:\/\/universofamilia.com\/sk\/transforma-tu-telefono-en-una-cinta-metrica-inteligente\/#primaryimage"},"thumbnailUrl":"https:\/\/universofamilia.com\/wp-content\/uploads\/sites\/148\/2024\/06\/P-550x350-9.jpg","datePublished":"2024-06-19T17:11:56+00:00","dateModified":"2025-02-06T20:34:08+00:00","author":{"@id":"https:\/\/universofamilia.com\/el\/#\/schema\/person\/f07ce98187dd84d31154262e79b3b7ca"},"description":"\u00a1Transforma tu Tel\u00e9fono en una Cinta M\u00e9trica Inteligente!. \u00bfAlguna vez has necesitado medir un objeto y no ten\u00edas una cinta m\u00e9trica a mano?...","breadcrumb":{"@id":"https:\/\/universofamilia.com\/sk\/transforma-tu-telefono-en-una-cinta-metrica-inteligente\/#breadcrumb"},"inLanguage":"hu","potentialAction":[{"@type":"ReadAction","target":["https:\/\/universofamilia.com\/sk\/transforma-tu-telefono-en-una-cinta-metrica-inteligente\/"]}]},{"@type":"ImageObject","inLanguage":"hu","@id":"https:\/\/universofamilia.com\/sk\/transforma-tu-telefono-en-una-cinta-metrica-inteligente\/#primaryimage","url":"https:\/\/universofamilia.com\/wp-content\/uploads\/sites\/148\/2024\/06\/P-550x350-9.jpg","contentUrl":"https:\/\/universofamilia.com\/wp-content\/uploads\/sites\/148\/2024\/06\/P-550x350-9.jpg","width":550,"height":350,"caption":"\u00a1Transforma tu Tel\u00e9fono en una Cinta M\u00e9trica Inteligente!"},{"@type":"BreadcrumbList","@id":"https:\/\/universofamilia.com\/sk\/transforma-tu-telefono-en-una-cinta-metrica-inteligente\/#breadcrumb","itemListElement":[{"@type":"ListItem","position":1,"name":"Home","item":"https:\/\/universofamilia.com\/el\/"},{"@type":"ListItem","position":2,"name":"\u00a1Transforma tu Tel\u00e9fono en una Cinta M\u00e9trica Inteligente!"}]},{"@type":"WebSite","@id":"https:\/\/universofamilia.com\/el\/#website","url":"https:\/\/universofamilia.com\/el\/","name":"Universo Fam\u00edlia","description":"","potentialAction":[{"@type":"SearchAction","target":{"@type":"EntryPoint","urlTemplate":"https:\/\/universofamilia.com\/el\/?s={search_term_string}"},"query-input":"required name=search_term_string"}],"inLanguage":"hu"},{"@type":"Person","@id":"https:\/\/universofamilia.com\/el\/#\/schema\/person\/f07ce98187dd84d31154262e79b3b7ca","name":"Pedro Henrique","image":{"@type":"ImageObject","inLanguage":"hu","@id":"https:\/\/universofamilia.com\/el\/#\/schema\/person\/image\/","url":"https:\/\/secure.gravatar.com\/avatar\/9edfeb808cb4e1599f64d6e45b130154?s=96&d=mm&r=g","contentUrl":"https:\/\/secure.gravatar.com\/avatar\/9edfeb808cb4e1599f64d6e45b130154?s=96&d=mm&r=g","caption":"Pedro Henrique"},"url":"https:\/\/universofamilia.com\/hu\/author\/editor01\/"}]}},"_links":{"self":[{"href":"https:\/\/universofamilia.com\/hu\/wp-json\/wp\/v2\/posts\/6099"}],"collection":[{"href":"https:\/\/universofamilia.com\/hu\/wp-json\/wp\/v2\/posts"}],"about":[{"href":"https:\/\/universofamilia.com\/hu\/wp-json\/wp\/v2\/types\/post"}],"author":[{"embeddable":true,"href":"https:\/\/universofamilia.com\/hu\/wp-json\/wp\/v2\/users\/139"}],"replies":[{"embeddable":true,"href":"https:\/\/universofamilia.com\/hu\/wp-json\/wp\/v2\/comments?post=6099"}],"version-history":[{"count":1,"href":"https:\/\/universofamilia.com\/hu\/wp-json\/wp\/v2\/posts\/6099\/revisions"}],"predecessor-version":[{"id":8577,"href":"https:\/\/universofamilia.com\/hu\/wp-json\/wp\/v2\/posts\/6099\/revisions\/8577"}],"wp:featuredmedia":[{"embeddable":true,"href":"https:\/\/universofamilia.com\/hu\/wp-json\/wp\/v2\/media\/6100"}],"wp:attachment":[{"href":"https:\/\/universofamilia.com\/hu\/wp-json\/wp\/v2\/media?parent=6099"}],"wp:term":[{"taxonomy":"category","embeddable":true,"href":"https:\/\/universofamilia.com\/hu\/wp-json\/wp\/v2\/categories?post=6099"},{"taxonomy":"post_tag","embeddable":true,"href":"https:\/\/universofamilia.com\/hu\/wp-json\/wp\/v2\/tags?post=6099"}],"curies":[{"name":"wp","href":"https:\/\/api.w.org\/{rel}","templated":true}]}}