{"id":6131,"date":"2024-06-20T17:20:09","date_gmt":"2024-06-20T20:20:09","guid":{"rendered":"https:\/\/universofamilia.com\/?p=6131"},"modified":"2024-06-20T17:20:09","modified_gmt":"2024-06-20T20:20:09","slug":"los-10-coches-que-mas-consumen-gasolina","status":"publish","type":"post","link":"https:\/\/universofamilia.com\/hu\/los-10-coches-que-mas-consumen-gasolina\/","title":{"rendered":"A 10 legt\u00f6bb benzint fogyaszt\u00f3 aut\u00f3"},"content":{"rendered":"<p>Amikor az \u00fczemanyag-fogyaszt\u00e1sr\u00f3l besz\u00e9l\u00fcnk, elker\u00fclhetetlen\u00fcl gondolunk a t\u00f6bbletk\u00f6lts\u00e9gekre \u00e9s a k\u00f6rnyezeti hat\u00e1sokra, amelyeket ez okozhat.<\/p>\n\n\n\n<p>Azok sz\u00e1m\u00e1ra, akik k\u00edv\u00e1ncsiak arra, hogy mely aut\u00f3k fogyasztj\u00e1k majd a legt\u00f6bbet 2024-ben, \u00f6ssze\u00e1ll\u00edtottunk egy r\u00e9szletes list\u00e1t.<\/p>\n\n\n\n<p>Ezek a j\u00e1rm\u0171vek, b\u00e1r er\u0151sek \u00e9s luxuskivitel\u0171ek, v\u00e9g\u00fcl is dr\u00e1g\u00e1k tankolni.<\/p>\n\n\n\n<p>Fedezz\u00fck fel mindegyiket, \u00e9rts\u00fck meg, mi\u00e9rt fogyasztanak annyit, \u00e9s besz\u00e9lj\u00fcnk a hat\u00e9konyabb alternat\u00edv\u00e1kr\u00f3l.<\/p>\n\n\n\n<h2 class=\"wp-block-heading\">1. <strong>Ford Bronco Sport<\/strong><\/h2>\n\n\n\n<ul>\n<li><strong>M\u00e1rka:<\/strong> Ford<\/li>\n\n\n\n<li><strong>Gy\u00e1rt\u00f3:<\/strong> Ford Motor Company<\/li>\n\n\n\n<li><strong>\u00c1tlagos fogyaszt\u00e1s (benzin):<\/strong> 8,4 km\/l (v\u00e1rosban) \u00e9s 10,3 km\/l (aut\u00f3p\u00e1ly\u00e1n)<\/li>\n<\/ul>\n\n\n\n<p>A Ford Bronco Sport egy strapab\u00edr\u00f3 SUV, amely ide\u00e1lis terepj\u00e1r\u00f3s kalandokhoz.<\/p>\n\n\n\n<p>Ez a teljes\u00edtm\u00e9ny azonban az \u00fczemanyag-fogyaszt\u00e1s tekintet\u00e9ben \u00e1rat fizet.<\/p>\n\n\n\n<p>Azoknak, akik els\u0151sorban a v\u00e1rosban haszn\u00e1lj\u00e1k aut\u00f3jukat, fel kell k\u00e9sz\u00fclni\u00fck arra, hogy gyakran kell benzinkutat l\u00e1togatniuk.<\/p>\n\n\n\n<h2 class=\"wp-block-heading\">2. <strong>Chevrolet Equinox<\/strong><\/h2>\n\n\n\n<ul>\n<li><strong>M\u00e1rka:<\/strong> Chevrolet<\/li>\n\n\n\n<li><strong>Gy\u00e1rt\u00f3:<\/strong> General Motors<\/li>\n\n\n\n<li><strong>\u00c1tlagos fogyaszt\u00e1s (benzin):<\/strong> 9,2 km\/l (v\u00e1rosban) \u00e9s 11,3 km\/l (aut\u00f3p\u00e1ly\u00e1n)<\/li>\n<\/ul>\n\n\n\n<p>A Chevrolet Equinox k\u00e9nyelm\u00e9r\u0151l \u00e9s biztons\u00e1g\u00e1r\u00f3l ismert, de az \u00fczemanyag-fogyaszt\u00e1sa viszonylag magas.<\/p>\n\n\n\n<p>N\u00e9pszer\u0171 lehet\u0151s\u00e9g, de azok sz\u00e1m\u00e1ra, akiket aggaszt a gazdas\u00e1g, lehet, hogy nem a legjobb v\u00e1laszt\u00e1s.<\/p>\n\n\n\n<h2 class=\"wp-block-heading\">3. <strong>Jeep Grand Cherokee SRT8<\/strong><\/h2>\n\n\n\n<ul>\n<li><strong>M\u00e1rka:<\/strong> Dzsip<\/li>\n\n\n\n<li><strong>Gy\u00e1rt\u00f3:<\/strong> Stellantis<\/li>\n\n\n\n<li><strong>\u00c1tlagos fogyaszt\u00e1s (benzin):<\/strong> 6,5 km\/l (v\u00e1rosban) \u00e9s 8,4 km\/l (aut\u00f3p\u00e1ly\u00e1n)<\/li>\n<\/ul>\n\n\n\n<p>Er\u0151teljes motorj\u00e1val \u00e9s agressz\u00edv formaterv\u00e9vel a Jeep Grand Cherokee SRT8 az \u00fczemanyag-takar\u00e9koss\u00e1g bajnokai k\u00f6z\u00e9 tartozik.<\/p>\n\n\n\n<p>Ez egy olyan aut\u00f3, amelyik azoknak sz\u00f3l, akik a teljes\u00edtm\u00e9nyt keresik, de nem agg\u00f3dnak az \u00fczemanyagk\u00f6lts\u00e9gek miatt.<\/p>\n\n\n\n<h2 class=\"wp-block-heading\">4. <strong>Toyota Land Cruiser<\/strong><\/h2>\n\n\n\n<ul>\n<li><strong>M\u00e1rka:<\/strong> Toyota<\/li>\n\n\n\n<li><strong>Gy\u00e1rt\u00f3:<\/strong> Toyota Motor Corporation<\/li>\n\n\n\n<li><strong>\u00c1tlagos fogyaszt\u00e1s (benzin):<\/strong> 6,4 km\/l (v\u00e1rosban) \u00e9s 8,2 km\/l (aut\u00f3p\u00e1ly\u00e1n)<\/li>\n<\/ul>\n\n\n\n<p>A Toyota Land Cruiser a tart\u00f3ss\u00e1g \u00e9s a terepj\u00e1r\u00f3 k\u00e9pess\u00e9g szinonim\u00e1ja.<\/p>\n\n\n\n<p>Ez a robusztuss\u00e1g azonban magas \u00fczemanyag-fogyaszt\u00e1sban is t\u00fckr\u00f6z\u0151dik, \u00edgy a mindennapi haszn\u00e1latra dr\u00e1ga opci\u00f3.<\/p>\n\n\n\n<p><\/p>\n\n\n\n<hr class=\"wp-block-separator has-text-color has-luminous-vivid-orange-color has-alpha-channel-opacity has-luminous-vivid-orange-background-color has-background\"\/>\n\n\n\n<h2 class=\"wp-block-heading\">Olvasd el m\u00e9g:<\/h2>\n\n\n\n<div class=\"wp-block-columns is-layout-flex wp-container-core-columns-layout-1 wp-block-columns-is-layout-flex\">\n<div class=\"wp-block-column is-layout-flow wp-block-column-is-layout-flow\">\n<div class=\"wp-block-buttons is-layout-flex wp-block-buttons-is-layout-flex\">\n<div class=\"wp-block-button has-custom-width wp-block-button__width-100 has-custom-font-size has-medium-font-size\" style=\"text-decoration:none\"><a class=\"wp-block-button__link has-white-color has-vivid-cyan-blue-background-color has-text-color has-background has-link-color has-text-align-left wp-element-button\" href=\"https:\/\/universofamilia.com\/hu\/5893\/acelera-tu-celular-despierta-tu-productividad\/\" style=\"border-radius:10px\" target=\"_blank\" rel=\"noreferrer noopener\"><font style=\"vertical-align: inherit;\"><font style=\"vertical-align: inherit;\">\ud83d\udccc Gyors\u00edtsd fel a mobiltelefonodat<\/font><\/font> &gt;<\/a><\/div>\n\n\n\n<div class=\"wp-block-button has-custom-width wp-block-button__width-100 has-custom-font-size has-medium-font-size\" style=\"text-decoration:none\"><a class=\"wp-block-button__link has-white-color has-vivid-cyan-blue-background-color has-text-color has-background has-link-color has-text-align-left wp-element-button\" href=\"https:\/\/universofamilia.com\/hu\/5869\/descubre-quien-te-esta-observando-en-las-redes-sociales\/\" style=\"border-radius:10px\" target=\"_blank\" rel=\"noreferrer noopener\"><font style=\"vertical-align: inherit;\"><font style=\"vertical-align: inherit;\"><font style=\"vertical-align: inherit;\"><font style=\"vertical-align: inherit;\">\ud83d\udccc Kik l\u00e1togatt\u00e1k meg a profilodat?<\/font><\/font><\/font><\/font> &gt;<\/a><\/div>\n<\/div>\n<\/div>\n<\/div>\n\n\n\n<hr class=\"wp-block-separator has-text-color has-luminous-vivid-orange-color has-alpha-channel-opacity has-luminous-vivid-orange-background-color has-background\"\/>\n\n\n\n<p><\/p>\n\n\n\n<h2 class=\"wp-block-heading\">5. <strong>BMW X5 M<\/strong><\/h2>\n\n\n\n<ul>\n<li><strong>M\u00e1rka:<\/strong> BMW<\/li>\n\n\n\n<li><strong>Gy\u00e1rt\u00f3:<\/strong> BMW Csoport<\/li>\n\n\n\n<li><strong>\u00c1tlagos fogyaszt\u00e1s (benzin):<\/strong> 6,4 km\/l (v\u00e1rosban) \u00e9s 8,3 km\/l (aut\u00f3p\u00e1ly\u00e1n)<\/li>\n<\/ul>\n\n\n\n<p>A BMW X5 M-et a luxus \u00e9s a teljes\u00edtm\u00e9ny jellemzi. Ez a SUV er\u0151teljes, de ahhoz, hogy m\u0171k\u00f6dj\u00f6n, sok \u00fczemanyagot kell k\u00f6lteni, k\u00fcl\u00f6n\u00f6sen v\u00e1rosi k\u00f6rnyezetben.<\/p>\n\n\n\n<h2 class=\"wp-block-heading\">6. <strong>Mercedes-Benz AMG GLE 63 S<\/strong><\/h2>\n\n\n\n<ul>\n<li><strong>M\u00e1rka:<\/strong> Mercedes-Benz<\/li>\n\n\n\n<li><strong>Gy\u00e1rt\u00f3:<\/strong> Daimler AG<\/li>\n\n\n\n<li><strong>\u00c1tlagos fogyaszt\u00e1s (benzin):<\/strong> 6,1 km\/l (v\u00e1rosban) \u00e9s 8,0 km\/l (aut\u00f3p\u00e1ly\u00e1n)<\/li>\n<\/ul>\n\n\n\n<p>A Mercedes-Benz AMG GLE 63 S egy luxus SUV, amely a k\u00e9nyelmet a sebess\u00e9ggel \u00f6tv\u00f6zi.<\/p>\n\n\n\n<p>Sajnos ez a kombin\u00e1ci\u00f3 jelent\u0151s \u00fczemanyag-fogyaszt\u00e1si k\u00f6lts\u00e9gekkel j\u00e1r.<\/p>\n\n\n\n<h2 class=\"wp-block-heading\">7. <strong>Porsche Cayenne Turbo S<\/strong><\/h2>\n\n\n\n<ul>\n<li><strong>M\u00e1rka:<\/strong> Porsche<\/li>\n\n\n\n<li><strong>Gy\u00e1rt\u00f3:<\/strong> Porsche AG<\/li>\n\n\n\n<li><strong>\u00c1tlagos fogyaszt\u00e1s (benzin):<\/strong> 6,0 km\/l (v\u00e1rosban) \u00e9s 7,9 km\/l (aut\u00f3p\u00e1ly\u00e1n)<\/li>\n<\/ul>\n\n\n\n<p>A sportos teljes\u00edtm\u00e9ny\u00e9r\u0151l ismert Porsche Cayenne Turbo S egyben az egyik legnagyobb \u00fczemanyag-fal\u00f3 is.<\/p>\n\n\n\n<p>Ez az aut\u00f3 azoknak val\u00f3, akik \u00e9rt\u00e9kelik a teljes\u00edtm\u00e9nyt \u00e9s a luxust, de nem b\u00e1nj\u00e1k a t\u00f6bb \u00fczemanyagot.<\/p>\n\n\n\n<h2 class=\"wp-block-heading\">8. <strong>Lamborghini Urus<\/strong><\/h2>\n\n\n\n<ul>\n<li><strong>M\u00e1rka:<\/strong> Lamborghini<\/li>\n\n\n\n<li><strong>Gy\u00e1rt\u00f3:<\/strong> Audi Lamborghini SpA<\/li>\n\n\n\n<li><strong>\u00c1tlagos fogyaszt\u00e1s (benzin):<\/strong> 5,9 km\/l (v\u00e1rosban) \u00e9s 7,8 km\/l (aut\u00f3p\u00e1ly\u00e1n)<\/li>\n<\/ul>\n\n\n\n<p>A Lamborghini Urus egy olyan SUV, amely \u00f6tv\u00f6zi a luxust \u00e9s a sebess\u00e9get, de az \u00fczemanyag-fogyaszt\u00e1sa az egyik legmagasabb.<\/p>\n\n\n\n<p>Ez az aut\u00f3 azoknak sz\u00f3l, akik a legjobb teljes\u00edtm\u00e9nyt \u00e9s st\u00edlust szeretn\u00e9k, an\u00e9lk\u00fcl, hogy az \u00fczemanyagk\u00f6lts\u00e9gek miatt agg\u00f3dn\u00e1nak.<\/p>\n\n\n\n<h2 class=\"wp-block-heading\">9. <strong>Ferrari 488 GTB<\/strong><\/h2>\n\n\n\n<ul>\n<li><strong>M\u00e1rka:<\/strong> Ferrari<\/li>\n\n\n\n<li><strong>Gy\u00e1rt\u00f3:<\/strong> Ferrari NV<\/li>\n\n\n\n<li><strong>\u00c1tlagos fogyaszt\u00e1s (benzin):<\/strong> 7,6 km\/l (v\u00e1rosban) \u00e9s 10,5 km\/l (aut\u00f3p\u00e1ly\u00e1n)<\/li>\n<\/ul>\n\n\n\n<p>A Ferrari 488 GTB egy szuperaut\u00f3, amely mindenhol mag\u00e1ra vonzza a tekinteteket.<\/p>\n\n\n\n<p>Ez a figyelem azonban magas \u00e1rat jelent az \u00fczemanyag-fogyaszt\u00e1s szempontj\u00e1b\u00f3l, k\u00fcl\u00f6n\u00f6sen azok sz\u00e1m\u00e1ra, akik v\u00e1rosi k\u00f6rnyezetben haszn\u00e1lj\u00e1k.<\/p>\n\n\n\n<h2 class=\"wp-block-heading\">10. <strong>Ferrari Purosangue<\/strong><\/h2>\n\n\n\n<ul>\n<li><strong>M\u00e1rka:<\/strong> Ferrari<\/li>\n\n\n\n<li><strong>Gy\u00e1rt\u00f3:<\/strong> Ferrari NV<\/li>\n\n\n\n<li><strong>\u00c1tlagos fogyaszt\u00e1s (benzin):<\/strong> 4,8 km\/l (v\u00e1rosban) \u00e9s 6,7 km\/l (aut\u00f3p\u00e1ly\u00e1n)<\/li>\n<\/ul>\n\n\n\n<p>V\u00e9g\u00fcl pedig itt van a Ferrari Purosangue, amely rendk\u00edv\u00fcl magas \u00fczemanyag-fogyaszt\u00e1s\u00e1val t\u0171nik ki.<\/p>\n\n\n\n<p>Ez a luxus SUV az \u00fczemanyag-takar\u00e9koss\u00e1g bajnoka, \u00edgy rendk\u00edv\u00fcl dr\u00e1ga v\u00e1laszt\u00e1s a mindennapi haszn\u00e1latra.<\/p>\n\n\n<div class=\"wp-block-image\">\n<figure class=\"aligncenter size-full\"><img loading=\"lazy\" decoding=\"async\" width=\"550\" height=\"350\" src=\"http:\/\/universofamilia.com\/wp-content\/uploads\/sites\/148\/2024\/06\/P-550x350-15.jpg\" alt=\"\" class=\"wp-image-6132\" srcset=\"https:\/\/universofamilia.com\/wp-content\/uploads\/sites\/148\/2024\/06\/P-550x350-15.jpg 550w, https:\/\/universofamilia.com\/wp-content\/uploads\/sites\/148\/2024\/06\/P-550x350-15-300x191.jpg 300w\" sizes=\"(max-width: 550px) 100vw, 550px\" \/><figcaption class=\"wp-element-caption\">A 10 legt\u00f6bb benzint fogyaszt\u00f3 aut\u00f3<\/figcaption><\/figure><\/div>\n\n\n<h2 class=\"wp-block-heading\">Az \u00fczemanyag-fogyaszt\u00e1s hat\u00e1sa a k\u00f6rnyezetre<\/h2>\n\n\n\n<p>Ezeknek az aut\u00f3knak a magas \u00fczemanyag-fogyaszt\u00e1sa nemcsak a tulajdonosok p\u00e9nzt\u00e1rc\u00e1j\u00e1t terheli, hanem a k\u00f6rnyezetet is.<\/p>\n\n\n\n<p>Az \u00fcvegh\u00e1zhat\u00e1s\u00fa g\u00e1zok, p\u00e9ld\u00e1ul a sz\u00e9n-dioxid (CO\u2082) kibocs\u00e1t\u00e1sa jelent\u0151sen magasabb a t\u00f6bb benzint fogyaszt\u00f3 j\u00e1rm\u0171vekben.<\/p>\n\n\n\n<p>Ezek a g\u00e1zok hozz\u00e1j\u00e1rulnak a l\u00e9gszennyez\u00e9shez \u00e9s az \u00e9ghajlatv\u00e1ltoz\u00e1shoz, s\u00falyosb\u00edtva a glob\u00e1lis k\u00f6rnyezeti probl\u00e9m\u00e1kat.<\/p>\n\n\n\n<p>Az \u00fczemanyag-takar\u00e9kos aut\u00f3 kiv\u00e1laszt\u00e1sa ez\u00e9rt jelent\u0151s k\u00f6rnyezeti hat\u00e1ssal lehet.<\/p>\n\n\n\n<h2 class=\"wp-block-heading\">Hat\u00e9konyabb alternat\u00edv\u00e1k<\/h2>\n\n\n\n<p>Azok sz\u00e1m\u00e1ra, akik cs\u00f6kkenteni szeretn\u00e9k az \u00fczemanyagk\u00f6lts\u00e9geket \u00e9s a k\u00f6rnyezeti terhel\u00e9st, sz\u00e1mos alternat\u00edva \u00e1ll rendelkez\u00e9sre.<\/p>\n\n\n\n<p>A hibrid, elektromos \u00e9s flexibilis modellek egyre n\u00e9pszer\u0171bbek.<\/p>\n\n\n\n<p>Az olyan j\u00e1rm\u0171vek, mint a Toyota Prius (hibrid), a Tesla Model 3 (elektromos) \u00e9s a Chevrolet Onix (flex) jelent\u0151s \u00fczemanyag-takar\u00e9koss\u00e1got k\u00edn\u00e1lnak.<\/p>\n\n\n\n<p>B\u00e1r a kezdeti k\u00f6lts\u00e9g\u00fck magasabb lehet, az \u00fczemanyag-megtakar\u00edt\u00e1s \u00e9s az ad\u00f3kedvezm\u00e9nyek hossz\u00fa t\u00e1von ellens\u00falyozhatj\u00e1k ezt a befektet\u00e9st.<\/p>\n\n\n\n<h2 class=\"wp-block-heading\">A fogyaszt\u00e1st befoly\u00e1sol\u00f3 t\u00e9nyez\u0151k<\/h2>\n\n\n\n<p>Sz\u00e1mos t\u00e9nyez\u0151 befoly\u00e1solja egy j\u00e1rm\u0171 \u00fczemanyag-fogyaszt\u00e1s\u00e1t:<\/p>\n\n\n\n<ol>\n<li><strong>Vezet\u00e9si st\u00edlus:<\/strong> A hirtelen gyorsul\u00e1s \u00e9s a nagy sebess\u00e9g n\u00f6veli az \u00fczemanyag-fogyaszt\u00e1st.<\/li>\n\n\n\n<li><strong>K\u00f6zleked\u00e9si viszonyok:<\/strong> A nagy forgalom \u00e9s a gyakori meg\u00e1ll\u00e1sok n\u00f6velik az \u00fczemanyag-fogyaszt\u00e1st, k\u00fcl\u00f6n\u00f6sen v\u00e1rosban.<\/li>\n\n\n\n<li><strong>J\u00e1rm\u0171 jellemz\u0151i:<\/strong> A s\u00faly, az aerodinamika, a motor m\u00e9rete \u00e9s a sebess\u00e9gv\u00e1lt\u00f3 t\u00edpusa meghat\u00e1roz\u00f3 t\u00e9nyez\u0151k az \u00fczemanyag-fogyaszt\u00e1sban.<\/li>\n<\/ol>\n\n\n\n<h2 class=\"wp-block-heading\">Tippek az \u00fczemanyag-megtakar\u00edt\u00e1shoz<\/h2>\n\n\n\n<p>M\u00e9g azok sz\u00e1m\u00e1ra is, akik \u00fczemanyag-takar\u00e9kos aut\u00f3val rendelkeznek, n\u00e9h\u00e1ny tipp seg\u00edthet az \u00fczemanyag-megtakar\u00edt\u00e1sban:<\/p>\n\n\n\n<ol>\n<li><strong>Vezess sim\u00e1n:<\/strong> Ker\u00fclje a hirtelen gyors\u00edt\u00e1st \u00e9s f\u00e9kez\u00e9st.<\/li>\n\n\n\n<li><strong>Tartsa a gumiabroncsokat felf\u00fajva:<\/strong> A nem kell\u0151en felf\u00fajt gumiabroncsok n\u00f6velik az \u00fczemanyag-fogyaszt\u00e1st.<\/li>\n\n\n\n<li><strong>Rendszeres karbantart\u00e1s elv\u00e9gz\u00e9se:<\/strong> A szennyezett leveg\u0151sz\u0171r\u0151k \u00e9s a r\u00e9gi olaj n\u00f6velheti az \u00fczemanyag-fogyaszt\u00e1st.<\/li>\n\n\n\n<li><strong>Ker\u00fclje a felesleges s\u00falyok cipel\u00e9s\u00e9t:<\/strong> Min\u00e9l k\u00f6nnyebb az aut\u00f3, ann\u00e1l alacsonyabb az \u00fczemanyag-fogyaszt\u00e1s.<\/li>\n\n\n\n<li><strong>Haszn\u00e1lja m\u00e9rt\u00e9kkel a l\u00e9gkondicion\u00e1l\u00f3t:<\/strong> A kl\u00edmaberendez\u00e9s jelent\u0151sen n\u00f6velheti az \u00fczemanyag-fogyaszt\u00e1st.<\/li>\n<\/ol>\n\n\n\n<h2 class=\"wp-block-heading\">Az aut\u00f3ipar j\u00f6v\u0151je<\/h2>\n\n\n\n<p>Az aut\u00f3ipar folyamatosan fejl\u0151dik, \u00e9s a j\u00f6v\u0151 fenntarthat\u00f3bbnak \u00edg\u00e9rkezik.<\/p>\n\n\n\n<p>A hibrid \u00e9s elektromos technol\u00f3gi\u00e1k fejl\u0151d\u00e9s\u00e9vel az \u00fczemanyag-fogyaszt\u00e1s \u00e9s az \u00fcvegh\u00e1zhat\u00e1s\u00fa g\u00e1zok kibocs\u00e1t\u00e1sa v\u00e1rhat\u00f3an jelent\u0151sen cs\u00f6kkenni fog.<\/p>\n\n\n\n<p>Ezenk\u00edv\u00fcl a korm\u00e1nyzati politik\u00e1k \u00e9s az ad\u00f3kedvezm\u00e9nyek \u00f6szt\u00f6nzik a hat\u00e9konyabb j\u00e1rm\u0171vek gy\u00e1rt\u00e1s\u00e1t \u00e9s v\u00e1s\u00e1rl\u00e1s\u00e1t.<\/p>\n\n\n\n<p>A trend az, hogy az elk\u00f6vetkez\u0151 \u00e9vekben n\u00f6vekedni fog a kevesebb \u00fczemanyagot fogyaszt\u00f3 aut\u00f3k ir\u00e1nti k\u00edn\u00e1lat \u00e9s kereslet, hozz\u00e1j\u00e1rulva ezzel a tiszt\u00e1bb k\u00f6rnyezethez \u00e9s a fenntarthat\u00f3bb gazdas\u00e1ghoz.<\/p>\n\n\n\n<h2 class=\"wp-block-heading\">K\u00f6vetkeztet\u00e9s<\/h2>\n\n\n\n<p>A felsorolt j\u00e1rm\u0171vek, b\u00e1r teljes\u00edtm\u00e9ny\u00fck \u00e9s luxusuk tekintet\u00e9ben leny\u0171g\u00f6z\u0151ek, meglehet\u0151sen magas \u00fczemanyag-fogyaszt\u00e1ssal rendelkeznek.<\/p>\n\n\n\n<p>Azok sz\u00e1m\u00e1ra, akik gazdas\u00e1gosabb \u00e9s k\u00f6rnyezetbar\u00e1tabb alternat\u00edv\u00e1kat keresnek, a hibrid, elektromos \u00e9s flexibilis j\u00e1rm\u0171vek \u00e9letk\u00e9pes opci\u00f3t jelentenek.<\/p>\n\n\n\n<p>A hat\u00e9konyabb vezet\u00e9si szok\u00e1sok elsaj\u00e1t\u00edt\u00e1sa \u00e9s a j\u00e1rm\u0171 naprak\u00e9sz karbantart\u00e1sa szint\u00e9n seg\u00edthet az \u00fczemanyag-fogyaszt\u00e1s cs\u00f6kkent\u00e9s\u00e9ben.<\/p>\n\n\n\n<p>Az aut\u00f3ipar j\u00f6v\u0151je \u00edg\u00e9retesnek t\u0171nik, olyan innov\u00e1ci\u00f3kkal, amelyek a teljes\u00edtm\u00e9ny, a gazdas\u00e1goss\u00e1g \u00e9s a fenntarthat\u00f3s\u00e1g egyens\u00faly\u00e1ra t\u00f6rekszenek.<\/p>\n\n\n\n<p>Az \u00fczemanyag-fogyaszt\u00e1ssal \u00e9s a hat\u00e9konyabb alternat\u00edv\u00e1kkal kapcsolatos r\u00e9szletesebb inform\u00e1ci\u00f3k\u00e9rt l\u00e1togassa meg a k\u00f6vetkez\u0151 referencia oldalakat:<\/p>\n\n\n\n<ul>\n<li><a href=\"https:\/\/www.ford.com\/suvs\/bronco-sport\/\" target=\"_blank\" rel=\"noreferrer noopener\">Ford Bronco Sport<\/a><\/li>\n\n\n\n<li><a href=\"https:\/\/www.chevrolet.com\/suvs\/equinox\" target=\"_blank\" rel=\"noreferrer noopener\">Chevrolet Equinox<\/a><\/li>\n\n\n\n<li><a href=\"https:\/\/www.carfax.com\/Used-Jeep-Grand-Cherokee-SRT_t6139\" target=\"_blank\" rel=\"noreferrer noopener\">Jeep Grand Cherokee SRT8<\/a><\/li>\n\n\n\n<li><a href=\"https:\/\/www.toyota.com\/landcruiser\/\" target=\"_blank\" rel=\"noreferrer noopener\">Toyota Land Cruiser<\/a><\/li>\n\n\n\n<li><a href=\"https:\/\/www.bmw.cz\/cs\/all-models\/x-series\/X5\/2023\/bmw-x5-overview.html\" target=\"_blank\" rel=\"noreferrer noopener\">BMW X5 M<\/a><\/li>\n\n\n\n<li><a href=\"https:\/\/www.mbusa.com\/en\/vehicles\/model\/gle\/coupe\/gle63c4s\" target=\"_blank\" rel=\"noreferrer noopener\">Mercedes-Benz AMG GLE 63 S<\/a><\/li>\n\n\n\n<li><a href=\"https:\/\/www.porsche.com\/usa\/models\/cayenne\/cayenne-models\/cayenne\/\" target=\"_blank\" rel=\"noreferrer noopener\">Porsche Cayenne Turbo S<\/a><\/li>\n\n\n\n<li><a href=\"https:\/\/www.lamborghini.com\/en-en\/models\/urus\" target=\"_blank\" rel=\"noreferrer noopener\">Lamborghini Urus<\/a><\/li>\n\n\n\n<li><a href=\"https:\/\/www.ferrari.com\/en-EN\/auto\/ferrari-488-gtb\" target=\"_blank\" rel=\"noreferrer noopener\">Ferrari 488 GTB<\/a><\/li>\n\n\n\n<li><a href=\"https:\/\/www.ferrari.com\/en-EN\/auto\/ferrari-purosangue\" target=\"_blank\" rel=\"noreferrer noopener\">Ferrari Purosangue<\/a><\/li>\n<\/ul>\n\n\n\n<p>Ez a cikk t\u00e1j\u00e9koztat\u00e1st \u00e9s oktat\u00e1st k\u00edv\u00e1n ny\u00fajtani, lebilincsel\u0151 \u00e9s hasznos olvasm\u00e1nyt ny\u00fajtva azok sz\u00e1m\u00e1ra, akik t\u00f6bbet szeretn\u00e9nek megtudni a 2024-es brazil aut\u00f3fogyaszt\u00e1sr\u00f3l.<\/p>\n\n\n\n<p>Oszd meg ezt a posztot a bar\u00e1taiddal, \u00e9s seg\u00edts nekik megalapozottabb d\u00f6nt\u00e9seket hozni az aut\u00f3jukkal kapcsolatban!<\/p>\n\n\n\n<p><\/p>\n\n\n\n<hr class=\"wp-block-separator has-text-color has-luminous-vivid-orange-color has-alpha-channel-opacity has-luminous-vivid-orange-background-color has-background\"\/>\n\n\n\n<h2 class=\"wp-block-heading\">Olvasd el m\u00e9g:<\/h2>\n\n\n\n<div class=\"wp-block-columns is-layout-flex wp-container-core-columns-layout-2 wp-block-columns-is-layout-flex\">\n<div class=\"wp-block-column is-layout-flow wp-block-column-is-layout-flow\">\n<div class=\"wp-block-buttons is-layout-flex wp-block-buttons-is-layout-flex\">\n<div class=\"wp-block-button has-custom-width wp-block-button__width-100 has-custom-font-size has-medium-font-size\" style=\"text-decoration:none\"><a class=\"wp-block-button__link has-white-color has-vivid-cyan-blue-background-color has-text-color has-background has-link-color has-text-align-left wp-element-button\" href=\"https:\/\/universofamilia.com\/hu\/5893\/acelera-tu-celular-despierta-tu-productividad\/\" style=\"border-radius:10px\" target=\"_blank\" rel=\"noreferrer noopener\"><font style=\"vertical-align: inherit;\"><font style=\"vertical-align: inherit;\">\ud83d\udccc Gyors\u00edtsd fel a mobiltelefonodat<\/font><\/font> &gt;<\/a><\/div>\n\n\n\n<div class=\"wp-block-button has-custom-width wp-block-button__width-100 has-custom-font-size has-medium-font-size\" style=\"text-decoration:none\"><a class=\"wp-block-button__link has-white-color has-vivid-cyan-blue-background-color has-text-color has-background has-link-color has-text-align-left wp-element-button\" href=\"https:\/\/universofamilia.com\/hu\/5869\/descubre-quien-te-esta-observando-en-las-redes-sociales\/\" style=\"border-radius:10px\" target=\"_blank\" rel=\"noreferrer noopener\"><font style=\"vertical-align: inherit;\"><font style=\"vertical-align: inherit;\"><font style=\"vertical-align: inherit;\"><font style=\"vertical-align: inherit;\">\ud83d\udccc Kik l\u00e1togatt\u00e1k meg a profilodat?<\/font><\/font><\/font><\/font> &gt;<\/a><\/div>\n<\/div>\n<\/div>\n<\/div>\n\n\n\n<hr class=\"wp-block-separator has-text-color has-luminous-vivid-orange-color has-alpha-channel-opacity has-luminous-vivid-orange-background-color has-background\"\/>\n\n\n\n<p><\/p>","protected":false},"excerpt":{"rendered":"<p>Amikor az \u00fczemanyag-fogyaszt\u00e1sr\u00f3l besz\u00e9l\u00fcnk, elker\u00fclhetetlen\u00fcl esz\u00fcnkbe jutnak a t\u00f6bbletk\u00f6lts\u00e9gek \u00e9s a k\u00f6rnyezeti hat\u00e1sok, amelyeket ez okozhat. Azok sz\u00e1m\u00e1ra, akik k\u00edv\u00e1ncsiak arra, hogy mely aut\u00f3k fogyasztj\u00e1k majd a legt\u00f6bbet 2024-ben, \u00f6ssze\u00e1ll\u00edtottunk egy r\u00e9szletes list\u00e1t. Ezek a j\u00e1rm\u0171vek, b\u00e1r er\u0151sek \u00e9s luxuskivitel\u0171ek, v\u00e9g\u00fcl is dr\u00e1g\u00e1k az \u00fczemeltet\u00e9s\u00fck.<\/p>","protected":false},"author":0,"featured_media":6132,"comment_status":"closed","ping_status":"open","sticky":false,"template":"","format":"standard","meta":{"footnotes":""},"categories":[2],"tags":[576,1053],"yoast_head":"<!-- This site is optimized with the Yoast SEO plugin v23.3 - https:\/\/yoast.com\/wordpress\/plugins\/seo\/ -->\n<title>Los 10 Coches que M\u00e1s Consumen Gasolina - Universo Fam\u00edlia<\/title>\n<meta name=\"description\" content=\"Los 10 Coches que M\u00e1s Consumen Gasolina. Cuando hablamos de consumo de combustible, es inevitable no pensar en los costos...\" \/>\n<meta name=\"robots\" content=\"index, follow, max-snippet:-1, max-image-preview:large, max-video-preview:-1\" \/>\n<link rel=\"canonical\" href=\"https:\/\/universofamilia.com\/hu\/los-10-coches-que-mas-consumen-gasolina\/\" \/>\n<meta property=\"og:locale\" content=\"hu_HU\" \/>\n<meta property=\"og:type\" content=\"article\" \/>\n<meta property=\"og:title\" content=\"Los 10 Coches que M\u00e1s Consumen Gasolina - Universo Fam\u00edlia\" \/>\n<meta property=\"og:description\" content=\"Los 10 Coches que M\u00e1s Consumen Gasolina. Cuando hablamos de consumo de combustible, es inevitable no pensar en los costos...\" \/>\n<meta property=\"og:url\" content=\"https:\/\/universofamilia.com\/hu\/los-10-coches-que-mas-consumen-gasolina\/\" \/>\n<meta property=\"og:site_name\" content=\"Universo Fam\u00edlia\" \/>\n<meta property=\"article:published_time\" content=\"2024-06-20T20:20:09+00:00\" \/>\n<meta property=\"og:image\" content=\"https:\/\/universofamilia.com\/wp-content\/uploads\/sites\/148\/2024\/06\/P-550x350-15.jpg\" \/>\n\t<meta property=\"og:image:width\" content=\"550\" \/>\n\t<meta property=\"og:image:height\" content=\"350\" \/>\n\t<meta property=\"og:image:type\" content=\"image\/jpeg\" \/>\n<meta name=\"twitter:card\" content=\"summary_large_image\" \/>\n<meta name=\"twitter:label1\" content=\"Est. reading time\" \/>\n\t<meta name=\"twitter:data1\" content=\"8 perc\" \/>\n<script type=\"application\/ld+json\" class=\"yoast-schema-graph\">{\"@context\":\"https:\/\/schema.org\",\"@graph\":[{\"@type\":\"WebPage\",\"@id\":\"https:\/\/universofamilia.com\/los-10-coches-que-mas-consumen-gasolina\/\",\"url\":\"https:\/\/universofamilia.com\/los-10-coches-que-mas-consumen-gasolina\/\",\"name\":\"Los 10 Coches que M\u00e1s Consumen Gasolina - Universo Fam\u00edlia\",\"isPartOf\":{\"@id\":\"https:\/\/universofamilia.com\/el\/#website\"},\"primaryImageOfPage\":{\"@id\":\"https:\/\/universofamilia.com\/los-10-coches-que-mas-consumen-gasolina\/#primaryimage\"},\"image\":{\"@id\":\"https:\/\/universofamilia.com\/los-10-coches-que-mas-consumen-gasolina\/#primaryimage\"},\"thumbnailUrl\":\"https:\/\/universofamilia.com\/wp-content\/uploads\/sites\/148\/2024\/06\/P-550x350-15.jpg\",\"datePublished\":\"2024-06-20T20:20:09+00:00\",\"dateModified\":\"2024-06-20T20:20:09+00:00\",\"author\":{\"@id\":\"\"},\"description\":\"Los 10 Coches que M\u00e1s Consumen Gasolina. Cuando hablamos de consumo de combustible, es inevitable no pensar en los costos...\",\"breadcrumb\":{\"@id\":\"https:\/\/universofamilia.com\/los-10-coches-que-mas-consumen-gasolina\/#breadcrumb\"},\"inLanguage\":\"hu\",\"potentialAction\":[{\"@type\":\"ReadAction\",\"target\":[\"https:\/\/universofamilia.com\/los-10-coches-que-mas-consumen-gasolina\/\"]}]},{\"@type\":\"ImageObject\",\"inLanguage\":\"hu\",\"@id\":\"https:\/\/universofamilia.com\/los-10-coches-que-mas-consumen-gasolina\/#primaryimage\",\"url\":\"https:\/\/universofamilia.com\/wp-content\/uploads\/sites\/148\/2024\/06\/P-550x350-15.jpg\",\"contentUrl\":\"https:\/\/universofamilia.com\/wp-content\/uploads\/sites\/148\/2024\/06\/P-550x350-15.jpg\",\"width\":550,\"height\":350,\"caption\":\"Los 10 Coches que M\u00e1s Consumen Gasolina\"},{\"@type\":\"BreadcrumbList\",\"@id\":\"https:\/\/universofamilia.com\/los-10-coches-que-mas-consumen-gasolina\/#breadcrumb\",\"itemListElement\":[{\"@type\":\"ListItem\",\"position\":1,\"name\":\"Home\",\"item\":\"https:\/\/universofamilia.com\/el\/\"},{\"@type\":\"ListItem\",\"position\":2,\"name\":\"Los 10 Coches que M\u00e1s Consumen Gasolina\"}]},{\"@type\":\"WebSite\",\"@id\":\"https:\/\/universofamilia.com\/el\/#website\",\"url\":\"https:\/\/universofamilia.com\/el\/\",\"name\":\"Universo Fam\u00edlia\",\"description\":\"\",\"potentialAction\":[{\"@type\":\"SearchAction\",\"target\":{\"@type\":\"EntryPoint\",\"urlTemplate\":\"https:\/\/universofamilia.com\/el\/?s={search_term_string}\"},\"query-input\":\"required name=search_term_string\"}],\"inLanguage\":\"hu\"}]}<\/script>\n<!-- \/ Yoast SEO plugin. -->","yoast_head_json":{"title":"Los 10 Coches que M\u00e1s Consumen Gasolina - Universo Fam\u00edlia","description":"Los 10 Coches que M\u00e1s Consumen Gasolina. Cuando hablamos de consumo de combustible, es inevitable no pensar en los costos...","robots":{"index":"index","follow":"follow","max-snippet":"max-snippet:-1","max-image-preview":"max-image-preview:large","max-video-preview":"max-video-preview:-1"},"canonical":"https:\/\/universofamilia.com\/hu\/los-10-coches-que-mas-consumen-gasolina\/","og_locale":"hu_HU","og_type":"article","og_title":"Los 10 Coches que M\u00e1s Consumen Gasolina - Universo Fam\u00edlia","og_description":"Los 10 Coches que M\u00e1s Consumen Gasolina. Cuando hablamos de consumo de combustible, es inevitable no pensar en los costos...","og_url":"https:\/\/universofamilia.com\/hu\/los-10-coches-que-mas-consumen-gasolina\/","og_site_name":"Universo Fam\u00edlia","article_published_time":"2024-06-20T20:20:09+00:00","og_image":[{"width":550,"height":350,"url":"https:\/\/universofamilia.com\/wp-content\/uploads\/sites\/148\/2024\/06\/P-550x350-15.jpg","type":"image\/jpeg"}],"twitter_card":"summary_large_image","twitter_misc":{"Est. reading time":"8 perc"},"schema":{"@context":"https:\/\/schema.org","@graph":[{"@type":"WebPage","@id":"https:\/\/universofamilia.com\/los-10-coches-que-mas-consumen-gasolina\/","url":"https:\/\/universofamilia.com\/los-10-coches-que-mas-consumen-gasolina\/","name":"Los 10 Coches que M\u00e1s Consumen Gasolina - Universo Fam\u00edlia","isPartOf":{"@id":"https:\/\/universofamilia.com\/el\/#website"},"primaryImageOfPage":{"@id":"https:\/\/universofamilia.com\/los-10-coches-que-mas-consumen-gasolina\/#primaryimage"},"image":{"@id":"https:\/\/universofamilia.com\/los-10-coches-que-mas-consumen-gasolina\/#primaryimage"},"thumbnailUrl":"https:\/\/universofamilia.com\/wp-content\/uploads\/sites\/148\/2024\/06\/P-550x350-15.jpg","datePublished":"2024-06-20T20:20:09+00:00","dateModified":"2024-06-20T20:20:09+00:00","author":{"@id":""},"description":"Los 10 Coches que M\u00e1s Consumen Gasolina. Cuando hablamos de consumo de combustible, es inevitable no pensar en los costos...","breadcrumb":{"@id":"https:\/\/universofamilia.com\/los-10-coches-que-mas-consumen-gasolina\/#breadcrumb"},"inLanguage":"hu","potentialAction":[{"@type":"ReadAction","target":["https:\/\/universofamilia.com\/los-10-coches-que-mas-consumen-gasolina\/"]}]},{"@type":"ImageObject","inLanguage":"hu","@id":"https:\/\/universofamilia.com\/los-10-coches-que-mas-consumen-gasolina\/#primaryimage","url":"https:\/\/universofamilia.com\/wp-content\/uploads\/sites\/148\/2024\/06\/P-550x350-15.jpg","contentUrl":"https:\/\/universofamilia.com\/wp-content\/uploads\/sites\/148\/2024\/06\/P-550x350-15.jpg","width":550,"height":350,"caption":"Los 10 Coches que M\u00e1s Consumen Gasolina"},{"@type":"BreadcrumbList","@id":"https:\/\/universofamilia.com\/los-10-coches-que-mas-consumen-gasolina\/#breadcrumb","itemListElement":[{"@type":"ListItem","position":1,"name":"Home","item":"https:\/\/universofamilia.com\/el\/"},{"@type":"ListItem","position":2,"name":"Los 10 Coches que M\u00e1s Consumen Gasolina"}]},{"@type":"WebSite","@id":"https:\/\/universofamilia.com\/el\/#website","url":"https:\/\/universofamilia.com\/el\/","name":"Universo Fam\u00edlia","description":"","potentialAction":[{"@type":"SearchAction","target":{"@type":"EntryPoint","urlTemplate":"https:\/\/universofamilia.com\/el\/?s={search_term_string}"},"query-input":"required name=search_term_string"}],"inLanguage":"hu"}]}},"_links":{"self":[{"href":"https:\/\/universofamilia.com\/hu\/wp-json\/wp\/v2\/posts\/6131"}],"collection":[{"href":"https:\/\/universofamilia.com\/hu\/wp-json\/wp\/v2\/posts"}],"about":[{"href":"https:\/\/universofamilia.com\/hu\/wp-json\/wp\/v2\/types\/post"}],"replies":[{"embeddable":true,"href":"https:\/\/universofamilia.com\/hu\/wp-json\/wp\/v2\/comments?post=6131"}],"version-history":[{"count":0,"href":"https:\/\/universofamilia.com\/hu\/wp-json\/wp\/v2\/posts\/6131\/revisions"}],"wp:featuredmedia":[{"embeddable":true,"href":"https:\/\/universofamilia.com\/hu\/wp-json\/wp\/v2\/media\/6132"}],"wp:attachment":[{"href":"https:\/\/universofamilia.com\/hu\/wp-json\/wp\/v2\/media?parent=6131"}],"wp:term":[{"taxonomy":"category","embeddable":true,"href":"https:\/\/universofamilia.com\/hu\/wp-json\/wp\/v2\/categories?post=6131"},{"taxonomy":"post_tag","embeddable":true,"href":"https:\/\/universofamilia.com\/hu\/wp-json\/wp\/v2\/tags?post=6131"}],"curies":[{"name":"wp","href":"https:\/\/api.w.org\/{rel}","templated":true}]}}