{"id":6195,"date":"2024-07-03T21:24:21","date_gmt":"2024-07-04T00:24:21","guid":{"rendered":"https:\/\/universofamilia.com\/?p=6195"},"modified":"2024-07-03T21:24:21","modified_gmt":"2024-07-04T00:24:21","slug":"descubre-los-autos-mas-vendidos-de-cada-ano","status":"publish","type":"post","link":"https:\/\/universofamilia.com\/hu\/descubre-los-autos-mas-vendidos-de-cada-ano\/","title":{"rendered":"Fedezze fel az \u00e9v legkelend\u0151bb aut\u00f3it"},"content":{"rendered":"<p>Elgondolkodt\u00e1l m\u00e1r azon, hogy mely aut\u00f3k jel\u00f6ltek ki egy korszakot, \u00e9s uralt\u00e1k az utc\u00e1kat az elm\u00falt \u00e9vtizedekben?<\/p>\n\n\n\n<p>Ma az 1960 \u00e9s 1995 k\u00f6z\u00f6tti \u00e9vek legkelend\u0151bb aut\u00f3it fogjuk felfedezni.<\/p>\n\n\n\n<p>K\u00e9sz\u00fclj fel egy id\u0151utaz\u00e1sra, tele nosztalgi\u00e1val \u00e9s \u00e9rdekes t\u00e9nyekkel ezekr\u0151l a j\u00e1rm\u0171vekr\u0151l, amelyek megh\u00f3d\u00edtott\u00e1k a v\u00e1s\u00e1rl\u00f3k sz\u00edv\u00e9t.<\/p>\n\n\n\n<h2 class=\"wp-block-heading\">1960-as \u00e9vek<\/h2>\n\n\n\n<h3 class=\"wp-block-heading\">1960: Chevrolet Impala<\/h3>\n\n\n\n<p>Az 1960-as Chevrolet Impala az elegancia \u00e9s a luxus szinonim\u00e1ja volt. \u00cdvelt formatervez\u00e9s\u00e9vel \u00e9s kr\u00f3m d\u00edsz\u00edt\u00e9seivel k\u00e9nyelmes vezet\u00e9si \u00e9lm\u00e9nyt ny\u00fajtott.<\/p>\n\n\n\n<p>Er\u0151teljes motorokkal kaphat\u00f3 aut\u00f3 igazi sikert aratott az amerikai csal\u00e1dok k\u00f6r\u00e9ben, akik a kifinomults\u00e1got \u00e9s a teljes\u00edtm\u00e9nyt kerest\u00e9k.<\/p>\n\n\n\n<h3 class=\"wp-block-heading\">1961: Chevrolet Impala<\/h3>\n\n\n\n<p>Az el\u0151z\u0151 \u00e9v siker\u00e9re \u00e9p\u00edtve az 1961-es Chevrolet Impala tov\u00e1bbra is a megfizethet\u0151 luxus szimb\u00f3luma maradt.<\/p>\n\n\n\n<p>Vonz\u00f3 formatervez\u00e9se \u00e9s er\u0151teljes motorv\u00e1laszt\u00e9ka biztos\u00edtotta n\u00e9pszer\u0171s\u00e9g\u00e9t a v\u00e1s\u00e1rl\u00f3k k\u00f6r\u00e9ben.<\/p>\n\n\n\n<h3 class=\"wp-block-heading\">1962: Chevrolet Impala<\/h3>\n\n\n\n<p>1962-ben az Impala tov\u00e1bbfejleszt\u00e9sre ker\u00fclt a teljes\u00edtm\u00e9ny \u00e9s a k\u00e9nyelem ter\u00e9n.<\/p>\n\n\n\n<p>A V8-as motorv\u00e1laszt\u00e9k vonz\u00f3v\u00e1 tette a sebess\u00e9g szerelmeseinek.<\/p>\n\n\n\n<h3 class=\"wp-block-heading\">1963: Chevrolet Impala<\/h3>\n\n\n\n<p>Az 1963-as Chevrolet Impala kifinomultabb \u00e9s modernebb diz\u00e1jnt mutatott be, meg\u0151rizve n\u00e9pszer\u0171s\u00e9g\u00e9t a v\u00e1s\u00e1rl\u00f3k k\u00f6r\u00e9ben.<\/p>\n\n\n\n<h3 class=\"wp-block-heading\">1964: Chevrolet Impala<\/h3>\n\n\n\n<p>Ikonikus st\u00edlus\u00e1val \u00e9s testreszab\u00e1si lehet\u0151s\u00e9geivel az 1964-es Impala tov\u00e1bbra is uralta a piacot.<\/p>\n\n\n\n<p>A v\u00e1s\u00e1rl\u00f3k sz\u00e1mos motor- \u00e9s felszerelts\u00e9gi szint k\u00f6z\u00fcl v\u00e1laszthattak, ami m\u00e9g vonz\u00f3bb\u00e1 tette az aut\u00f3t.<\/p>\n\n\n\n<h3 class=\"wp-block-heading\">1965: Chevrolet Impala<\/h3>\n\n\n\n<p>Az 1965-\u00f6s modellt modernebb \u00e9s eleg\u00e1nsabb megjelen\u00e9s \u00e9rdek\u00e9ben friss\u00edtett\u00e9k, mik\u00f6zben meg\u0151rizte megfizethet\u0151 luxusvonz\u00e1s\u00e1t.<\/p>\n\n\n\n<h3 class=\"wp-block-heading\">1966: Chevrolet Impala<\/h3>\n\n\n\n<p>Er\u0151sebb motorjaival \u00e9s friss\u00edtett diz\u00e1jnj\u00e1val az 1966-os Impala tov\u00e1bbra is a v\u00e1s\u00e1rl\u00f3k kedvence maradt.<\/p>\n\n\n\n<h3 class=\"wp-block-heading\">1967: Chevrolet Impala<\/h3>\n\n\n\n<p>Az 1967-es Chevrolet Impala sportosabb megjelen\u00e9st mutatott, n\u00e9pszer\u0171s\u00e9g\u00e9t nagy teljes\u00edtm\u00e9ny\u0171 opci\u00f3ival meg\u0151rizve.<\/p>\n\n\n\n<h3 class=\"wp-block-heading\">1968: Chevrolet Impala<\/h3>\n\n\n\n<p>1968-ban az Impala tov\u00e1bb fejl\u0151d\u00f6tt, t\u00f6bb motorv\u00e1laszt\u00e9kot \u00e9s jobb teljes\u00edtm\u00e9nyt k\u00edn\u00e1lva.<\/p>\n\n\n\n<h3 class=\"wp-block-heading\">1969: Chevrolet Impala<\/h3>\n\n\n\n<p>Az 1969-es modell tov\u00e1bbra is vezet\u0151 szerepet t\u00f6lt\u00f6tt be az elad\u00e1sokban, letisztult formatervez\u00e9s\u00e9vel \u00e9s er\u0151teljes motorv\u00e1laszt\u00e9k\u00e1val.<\/p>\n\n\n\n<p><\/p>\n\n\n\n<hr class=\"wp-block-separator has-text-color has-luminous-vivid-orange-color has-alpha-channel-opacity has-luminous-vivid-orange-background-color has-background\"\/>\n\n\n\n<h2 class=\"wp-block-heading\">Olvasd el m\u00e9g:<\/h2>\n\n\n\n<div class=\"wp-block-columns is-layout-flex wp-container-core-columns-layout-1 wp-block-columns-is-layout-flex\">\n<div class=\"wp-block-column is-layout-flow wp-block-column-is-layout-flow\">\n<div class=\"wp-block-buttons is-layout-flex wp-block-buttons-is-layout-flex\">\n<div class=\"wp-block-button has-custom-width wp-block-button__width-100 has-custom-font-size has-medium-font-size\" style=\"text-decoration:none\"><a class=\"wp-block-button__link has-white-color has-vivid-cyan-blue-background-color has-text-color has-background has-link-color has-text-align-left wp-element-button\" href=\"https:\/\/universofamilia.com\/hu\/5893\/acelera-tu-celular-despierta-tu-productividad\/\" style=\"border-radius:10px\" target=\"_blank\" rel=\"noreferrer noopener\"><font style=\"vertical-align: inherit;\"><font style=\"vertical-align: inherit;\">\ud83d\udccc Gyors\u00edtsd fel a mobiltelefonodat<\/font><\/font> &gt;<\/a><\/div>\n\n\n\n<div class=\"wp-block-button has-custom-width wp-block-button__width-100 has-custom-font-size has-medium-font-size\" style=\"text-decoration:none\"><a class=\"wp-block-button__link has-white-color has-vivid-cyan-blue-background-color has-text-color has-background has-link-color has-text-align-left wp-element-button\" href=\"https:\/\/universofamilia.com\/hu\/5869\/descubre-quien-te-esta-observando-en-las-redes-sociales\/\" style=\"border-radius:10px\" target=\"_blank\" rel=\"noreferrer noopener\"><font style=\"vertical-align: inherit;\"><font style=\"vertical-align: inherit;\"><font style=\"vertical-align: inherit;\"><font style=\"vertical-align: inherit;\">\ud83d\udccc Kik l\u00e1togatt\u00e1k meg a profilodat?<\/font><\/font><\/font><\/font> &gt;<\/a><\/div>\n<\/div>\n<\/div>\n<\/div>\n\n\n\n<hr class=\"wp-block-separator has-text-color has-luminous-vivid-orange-color has-alpha-channel-opacity has-luminous-vivid-orange-background-color has-background\"\/>\n\n\n\n<p><\/p>\n\n\n\n<h2 class=\"wp-block-heading\">1970-es \u00e9vek<\/h2>\n\n\n\n<h3 class=\"wp-block-heading\">1970: Chevrolet Chevelle<\/h3>\n\n\n\n<p>Az 1970-es Chevrolet Chevelle robusztus teljes\u00edtm\u00e9ny\u00e9r\u0151l \u00e9s agressz\u00edv formatervez\u00e9s\u00e9r\u0151l volt ismert. K\u00fcl\u00f6n\u00f6sen n\u00e9pszer\u0171 volt a sportkocsi-rajong\u00f3k k\u00f6r\u00e9ben.<\/p>\n\n\n\n<h3 class=\"wp-block-heading\">1971: Chevrolet Impala<\/h3>\n\n\n\n<p>Az Impala 1971-ben t\u00e9rt vissza a cs\u00facsra, meg\u0151rizve vonzerej\u00e9t kifinomult formatervez\u00e9s\u00e9vel \u00e9s er\u0151teljes motorv\u00e1laszt\u00e9k\u00e1val.<\/p>\n\n\n\n<h3 class=\"wp-block-heading\">1972: Chevrolet Impala<\/h3>\n\n\n\n<p>1972-ben az Impala tov\u00e1bbra is uralta a piacot, k\u00e9nyelmet \u00e9s teljes\u00edtm\u00e9nyt k\u00edn\u00e1lva st\u00edlusos csomagban.<\/p>\n\n\n\n<h3 class=\"wp-block-heading\">1973: Chevrolet Monte Carlo<\/h3>\n\n\n\n<p>Az 1973-as Chevrolet Monte Carlo egy luxusaut\u00f3 volt, amely sima fut\u00e1st \u00e9s k\u00e9nyelmes bels\u0151 teret k\u00edn\u00e1lt, \u00e9s sz\u00e1mos rajong\u00f3t szerzett mag\u00e1nak.<\/p>\n\n\n\n<h3 class=\"wp-block-heading\">1974: Ford Pinto<\/h3>\n\n\n\n<p>Az 1974-es Ford Pinto egy kompakt, gazdas\u00e1gos aut\u00f3 volt, amely alacsony k\u00f6lts\u00e9ge \u00e9s \u00fczemanyag-takar\u00e9koss\u00e1ga miatt n\u00e9pszer\u0171.<\/p>\n\n\n\n<h3 class=\"wp-block-heading\">1975: Chevrolet Impala<\/h3>\n\n\n\n<p>1975-ben az Impala ism\u00e9t a favorit volt, a k\u00e9nyelem \u00e9s a teljes\u00edtm\u00e9ny ter\u00e9n el\u00e9rt javul\u00e1ssal.<\/p>\n\n\n\n<h3 class=\"wp-block-heading\">1976: Oldsmobile Cutlass<\/h3>\n\n\n\n<p>Az 1976-os Oldsmobile Cutlass egy k\u00f6z\u00e9pkateg\u00f3ri\u00e1s aut\u00f3 volt, amely a k\u00e9nyelem, a st\u00edlus \u00e9s a teljes\u00edtm\u00e9ny \u00f6tv\u00f6zet\u00e9t k\u00edn\u00e1lta.<\/p>\n\n\n\n<h3 class=\"wp-block-heading\">1977: Oldsmobile Cutlass<\/h3>\n\n\n\n<p>1977-ben a Cutlass tov\u00e1bbra is n\u00e9pszer\u0171 maradt st\u00edlusos kialak\u00edt\u00e1s\u00e1nak \u00e9s megb\u00edzhat\u00f3 teljes\u00edtm\u00e9ny\u00e9nek k\u00f6sz\u00f6nhet\u0151en.<\/p>\n\n\n\n<h3 class=\"wp-block-heading\">1978: Oldsmobile Cutlass<\/h3>\n\n\n\n<p>Az 1978-as modell tov\u00e1bbra is vezet\u0151 szerepet t\u00f6lt\u00f6tt be az elad\u00e1sokban, megfizethet\u0151 luxusaut\u00f3k\u00e9nt vonzerej\u00e9nek k\u00f6sz\u00f6nhet\u0151en.<\/p>\n\n\n\n<h3 class=\"wp-block-heading\">1979: Oldsmobile Cutlass<\/h3>\n\n\n\n<p>1979-ben a Cutlass tov\u00e1bbra is vonzotta a v\u00e1s\u00e1rl\u00f3kat a luxus \u00e9s a teljes\u00edtm\u00e9ny egyens\u00faly\u00e1val.<\/p>\n\n\n<div class=\"wp-block-image is-style-default\">\n<figure class=\"aligncenter size-full\"><img loading=\"lazy\" decoding=\"async\" width=\"550\" height=\"350\" src=\"http:\/\/universofamilia.com\/wp-content\/uploads\/sites\/148\/2024\/07\/P-550x350-1.jpg\" alt=\"\" class=\"wp-image-6196\" srcset=\"https:\/\/universofamilia.com\/wp-content\/uploads\/sites\/148\/2024\/07\/P-550x350-1.jpg 550w, https:\/\/universofamilia.com\/wp-content\/uploads\/sites\/148\/2024\/07\/P-550x350-1-300x191.jpg 300w\" sizes=\"(max-width: 550px) 100vw, 550px\" \/><figcaption class=\"wp-element-caption\">Fedezze fel az \u00e9v legkelend\u0151bb aut\u00f3it<\/figcaption><\/figure><\/div>\n\n\n<h2 class=\"wp-block-heading\">1980-as \u00e9vek<\/h2>\n\n\n\n<h3 class=\"wp-block-heading\">1980: Oldsmobile Cutlass<\/h3>\n\n\n\n<p>Az 1980-as Oldsmobile Cutlass a meg\u00fajult diz\u00e1jnnal \u00e9s a k\u00e9nyelmes bels\u0151 t\u00e9rrel tov\u00e1bbra is a cs\u00facson maradt.<\/p>\n\n\n\n<h3 class=\"wp-block-heading\">1981: Oldsmobile Cutlass<\/h3>\n\n\n\n<p>1981-ben a Cutlass tov\u00e1bbra is kedvelt maradt a fogyaszt\u00f3k k\u00f6r\u00e9ben megb\u00edzhat\u00f3s\u00e1ga \u00e9s st\u00edlusa miatt.<\/p>\n\n\n\n<h3 class=\"wp-block-heading\">1982: Ford Escort<\/h3>\n\n\n\n<p>Az 1982-es Ford Escort egy kompakt, gazdas\u00e1gos aut\u00f3 volt, amely \u00fczemanyag-takar\u00e9koss\u00e1ga \u00e9s megfizethet\u0151s\u00e9ge miatt n\u00e9pszer\u0171.<\/p>\n\n\n\n<h3 class=\"wp-block-heading\">1983: Oldsmobile Cutlass<\/h3>\n\n\n\n<p>A Cutlass 1983-ban t\u00e9rt vissza a cs\u00facsra, a diz\u00e1jn \u00e9s a k\u00e9nyelem ter\u00e9n el\u00e9rt fejleszt\u00e9sekkel.<\/p>\n\n\n\n<h3 class=\"wp-block-heading\">1984: Chevrolet Cavalier<\/h3>\n\n\n\n<p>Az 1984-es Chevrolet Cavalier egy kompakt aut\u00f3 volt, amely a teljes\u00edtm\u00e9ny \u00e9s az \u00fczemanyag-takar\u00e9koss\u00e1g j\u00f3 kombin\u00e1ci\u00f3j\u00e1t k\u00edn\u00e1lta.<\/p>\n\n\n\n<h3 class=\"wp-block-heading\">1985: Chevrolet Cavalier<\/h3>\n\n\n\n<p>1985-ben a Cavalier tov\u00e1bbra is n\u00e9pszer\u0171 maradt a fogyaszt\u00f3k k\u00f6r\u00e9ben megfizethet\u0151s\u00e9ge \u00e9s hat\u00e9konys\u00e1ga miatt.<\/p>\n\n\n\n<h3 class=\"wp-block-heading\">1986: Chevrolet Celebrity<\/h3>\n\n\n\n<p>Az 1986-os Chevrolet Celebrity egy k\u00f6z\u00e9pkateg\u00f3ri\u00e1s aut\u00f3 volt, amely k\u00e9nyelmet \u00e9s szil\u00e1rd teljes\u00edtm\u00e9nyt k\u00edn\u00e1lt.<\/p>\n\n\n\n<h3 class=\"wp-block-heading\">1987: Ford Escort<\/h3>\n\n\n\n<p>Az 1987-es Ford Escort ism\u00e9t a favorit volt, kiemelkedve \u00fczemanyag-takar\u00e9koss\u00e1g\u00e1val \u00e9s k\u00f6lts\u00e9ghat\u00e9konys\u00e1g\u00e1val.<\/p>\n\n\n\n<h3 class=\"wp-block-heading\">1988: Ford Escort<\/h3>\n\n\n\n<p>1988-ban az Escort tov\u00e1bbra is vezette az elad\u00e1sokat, k\u00f6sz\u00f6nhet\u0151en n\u00e9pszer\u0171s\u00e9g\u00e9nek a hat\u00e9konys\u00e1got \u00e9s a megfizethet\u0151s\u00e9get keres\u0151 v\u00e1s\u00e1rl\u00f3k k\u00f6r\u00e9ben.<\/p>\n\n\n\n<h3 class=\"wp-block-heading\">1989: Honda Accord<\/h3>\n\n\n\n<p>Az 1989-es Honda Accord egy megb\u00edzhat\u00f3 \u00e9s hat\u00e9kony szed\u00e1n volt, amely min\u0151s\u00e9g\u00e9nek \u00e9s teljes\u00edtm\u00e9ny\u00e9nek k\u00f6sz\u00f6nhet\u0151en kezdett n\u00e9pszer\u0171v\u00e9 v\u00e1lni.<\/p>\n\n\n\n<h2 class=\"wp-block-heading\">1990-es \u00e9vek<\/h2>\n\n\n\n<h3 class=\"wp-block-heading\">1990: Honda Accord<\/h3>\n\n\n\n<p>1990-ben az Accord tov\u00e1bbra is kedvelt maradt, megb\u00edzhat\u00f3s\u00e1g\u00e1r\u00f3l \u00e9s hat\u00e9konys\u00e1g\u00e1r\u00f3l ismert.<\/p>\n\n\n\n<h3 class=\"wp-block-heading\">1991: Ford Taurus<\/h3>\n\n\n\n<p>Az 1991-es Ford Taurus egy csal\u00e1di szed\u00e1n volt, amely a k\u00e9nyelem, a biztons\u00e1g \u00e9s a teljes\u00edtm\u00e9ny j\u00f3 kombin\u00e1ci\u00f3j\u00e1t k\u00edn\u00e1lta.<\/p>\n\n\n\n<h3 class=\"wp-block-heading\">1992: Ford Taurus<\/h3>\n\n\n\n<p>1992-ben a Taurus tov\u00e1bbra is vezette az elad\u00e1sokat, a diz\u00e1jn \u00e9s a technol\u00f3gia fejleszt\u00e9seinek k\u00f6sz\u00f6nhet\u0151en.<\/p>\n\n\n\n<h3 class=\"wp-block-heading\">1993: Ford Taurus<\/h3>\n\n\n\n<p>Az 1993-as modell tov\u00e1bbra is n\u00e9pszer\u0171 maradt az amerikai csal\u00e1dok k\u00f6r\u00e9ben k\u00e9nyelme \u00e9s biztons\u00e1ga miatt.<\/p>\n\n\n\n<h3 class=\"wp-block-heading\">1994: Ford Taurus<\/h3>\n\n\n\n<p>1994-ben a Taurus tov\u00e1bbra is kedvelt maradt megb\u00edzhat\u00f3 teljes\u00edtm\u00e9nye \u00e9s ismer\u0151s kialak\u00edt\u00e1sa miatt.<\/p>\n\n\n\n<h3 class=\"wp-block-heading\">1995: Ford Taurus<\/h3>\n\n\n\n<p>1995-ben a Taurus a lista \u00e9l\u00e9re ker\u00fclt, mint az egyik legkelend\u0151bb modell, tov\u00e1bbra is n\u00e9pszer\u0171 biztons\u00e1gi \u00e9s k\u00e9nyelmi funkci\u00f3inak k\u00f6sz\u00f6nhet\u0151en.<\/p>\n\n\n\n<h2 class=\"wp-block-heading\">K\u00f6vetkeztet\u00e9s<\/h2>\n\n\n\n<p>Ezek az aut\u00f3k nemcsak trendeket hat\u00e1roztak meg, hanem t\u00fckr\u00f6zt\u00e9k a fogyaszt\u00f3i preferenci\u00e1k v\u00e1ltoz\u00e1sait \u00e9s az aut\u00f3ipar technol\u00f3giai \u00faj\u00edt\u00e1sait az \u00e9vek sor\u00e1n.<\/p>\n\n\n\n<p>Szeretne t\u00f6bbet megtudni a j\u00e1rm\u0171vek fejl\u0151d\u00e9s\u00e9r\u0151l \u00e9s t\u00f6rt\u00e9net\u00e9r\u0151l? Tov\u00e1bbi r\u00e9szletek\u00e9rt \u00e9s \u00e9rdekes t\u00e9nyek\u00e9rt tekintse meg az al\u00e1bbi linkeket.<\/p>\n\n\n\n<hr class=\"wp-block-separator has-alpha-channel-opacity\"\/>\n\n\n\n<p><strong>Tetszett ez a cikk? Oszd meg bar\u00e1taiddal \u00e9s csal\u00e1doddal, hogy \u0151k is megismerhess\u00e9k ezeket az ikonikus aut\u00f3kat!<\/strong><\/p>\n\n\n\n<h3 class=\"wp-block-heading\"><a href=\"https:\/\/pt.wikipedia.org\/wiki\/Autom%C3%B3vel\">Tov\u00e1bbi inform\u00e1ci\u00f3k\u00e9rt linkek<\/a><\/h3>\n\n\n\n<hr class=\"wp-block-separator has-alpha-channel-opacity\"\/>\n\n\n\n<p>Rem\u00e9lj\u00fck, hogy ezzel a cikkel visszautazt\u00e1l az id\u0151ben, \u00e9s egy kicsit \u00e1t\u00e9lted az egyes \u00e9vtizedeket meghat\u00e1roz\u00f3 aut\u00f3k t\u00f6rt\u00e9net\u00e9t.<\/p>\n\n\n\n<p>Maradjatok vel\u00fcnk tov\u00e1bbi informat\u00edv \u00e9s nosztalgikus tartalmak\u00e9rt!<\/p>\n\n\n\n<p><\/p>\n\n\n\n<hr class=\"wp-block-separator has-text-color has-luminous-vivid-orange-color has-alpha-channel-opacity has-luminous-vivid-orange-background-color has-background\"\/>\n\n\n\n<h2 class=\"wp-block-heading\">Olvasd el m\u00e9g:<\/h2>\n\n\n\n<div class=\"wp-block-columns is-layout-flex wp-container-core-columns-layout-2 wp-block-columns-is-layout-flex\">\n<div class=\"wp-block-column is-layout-flow wp-block-column-is-layout-flow\">\n<div class=\"wp-block-buttons is-layout-flex wp-block-buttons-is-layout-flex\">\n<div class=\"wp-block-button has-custom-width wp-block-button__width-100 has-custom-font-size has-medium-font-size\" style=\"text-decoration:none\"><a class=\"wp-block-button__link has-white-color has-vivid-cyan-blue-background-color has-text-color has-background has-link-color has-text-align-left wp-element-button\" href=\"https:\/\/universofamilia.com\/hu\/5893\/acelera-tu-celular-despierta-tu-productividad\/\" style=\"border-radius:10px\" target=\"_blank\" rel=\"noreferrer noopener\"><font style=\"vertical-align: inherit;\"><font style=\"vertical-align: inherit;\">\ud83d\udccc Gyors\u00edtsd fel a mobiltelefonodat<\/font><\/font> &gt;<\/a><\/div>\n\n\n\n<div class=\"wp-block-button has-custom-width wp-block-button__width-100 has-custom-font-size has-medium-font-size\" style=\"text-decoration:none\"><a class=\"wp-block-button__link has-white-color has-vivid-cyan-blue-background-color has-text-color has-background has-link-color has-text-align-left wp-element-button\" href=\"https:\/\/universofamilia.com\/hu\/5869\/descubre-quien-te-esta-observando-en-las-redes-sociales\/\" style=\"border-radius:10px\" target=\"_blank\" rel=\"noreferrer noopener\"><font style=\"vertical-align: inherit;\"><font style=\"vertical-align: inherit;\"><font style=\"vertical-align: inherit;\"><font style=\"vertical-align: inherit;\">\ud83d\udccc Kik l\u00e1togatt\u00e1k meg a profilodat?<\/font><\/font><\/font><\/font> &gt;<\/a><\/div>\n<\/div>\n<\/div>\n<\/div>\n\n\n\n<hr class=\"wp-block-separator has-text-color has-luminous-vivid-orange-color has-alpha-channel-opacity has-luminous-vivid-orange-background-color has-background\"\/>\n\n\n\n<p><\/p>","protected":false},"excerpt":{"rendered":"<p>\u00bfAlguna vez te has preguntado cu\u00e1les fueron los autos que marcaron \u00e9poca y dominaron las calles en d\u00e9cadas pasadas? Hoy, exploraremos los autos m\u00e1s vendidos de cada a\u00f1o desde 1960 hasta 1995. Prep\u00e1rate para un viaje en el tiempo, lleno de nostalgia y curiosidades sobre estos veh\u00edculos que conquistaron el coraz\u00f3n de los consumidores. A\u00f1os [&hellip;]<\/p>","protected":false},"author":0,"featured_media":6196,"comment_status":"closed","ping_status":"open","sticky":false,"template":"","format":"standard","meta":{"footnotes":""},"categories":[5],"tags":[501,741],"yoast_head":"<!-- This site is optimized with the Yoast SEO plugin v23.3 - https:\/\/yoast.com\/wordpress\/plugins\/seo\/ -->\n<title>Descubre los Autos M\u00e1s Vendidos de Cada A\u00f1o - Universo Fam\u00edlia<\/title>\n<meta name=\"description\" content=\"Descubre los Autos M\u00e1s Vendidos de Cada A\u00f1o. \u00bfAlguna vez te has preguntado cu\u00e1les fueron los autos que marcaron \u00e9poca y dominaron...\" \/>\n<meta name=\"robots\" content=\"index, follow, max-snippet:-1, max-image-preview:large, max-video-preview:-1\" \/>\n<link rel=\"canonical\" href=\"https:\/\/universofamilia.com\/hu\/descubre-los-autos-mas-vendidos-de-cada-ano\/\" \/>\n<meta property=\"og:locale\" content=\"hu_HU\" \/>\n<meta property=\"og:type\" content=\"article\" \/>\n<meta property=\"og:title\" content=\"Descubre los Autos M\u00e1s Vendidos de Cada A\u00f1o - Universo Fam\u00edlia\" \/>\n<meta property=\"og:description\" content=\"Descubre los Autos M\u00e1s Vendidos de Cada A\u00f1o. \u00bfAlguna vez te has preguntado cu\u00e1les fueron los autos que marcaron \u00e9poca y dominaron...\" \/>\n<meta property=\"og:url\" content=\"https:\/\/universofamilia.com\/hu\/descubre-los-autos-mas-vendidos-de-cada-ano\/\" \/>\n<meta property=\"og:site_name\" content=\"Universo Fam\u00edlia\" \/>\n<meta property=\"article:published_time\" content=\"2024-07-04T00:24:21+00:00\" \/>\n<meta property=\"og:image\" content=\"https:\/\/universofamilia.com\/wp-content\/uploads\/sites\/148\/2024\/07\/P-550x350-1.jpg\" \/>\n\t<meta property=\"og:image:width\" content=\"550\" \/>\n\t<meta property=\"og:image:height\" content=\"350\" \/>\n\t<meta property=\"og:image:type\" content=\"image\/jpeg\" \/>\n<meta name=\"twitter:card\" content=\"summary_large_image\" \/>\n<meta name=\"twitter:label1\" content=\"Est. reading time\" \/>\n\t<meta name=\"twitter:data1\" content=\"7 perc\" \/>\n<script type=\"application\/ld+json\" class=\"yoast-schema-graph\">{\"@context\":\"https:\/\/schema.org\",\"@graph\":[{\"@type\":\"WebPage\",\"@id\":\"https:\/\/universofamilia.com\/descubre-los-autos-mas-vendidos-de-cada-ano\/\",\"url\":\"https:\/\/universofamilia.com\/descubre-los-autos-mas-vendidos-de-cada-ano\/\",\"name\":\"Descubre los Autos M\u00e1s Vendidos de Cada A\u00f1o - Universo Fam\u00edlia\",\"isPartOf\":{\"@id\":\"https:\/\/universofamilia.com\/el\/#website\"},\"primaryImageOfPage\":{\"@id\":\"https:\/\/universofamilia.com\/descubre-los-autos-mas-vendidos-de-cada-ano\/#primaryimage\"},\"image\":{\"@id\":\"https:\/\/universofamilia.com\/descubre-los-autos-mas-vendidos-de-cada-ano\/#primaryimage\"},\"thumbnailUrl\":\"https:\/\/universofamilia.com\/wp-content\/uploads\/sites\/148\/2024\/07\/P-550x350-1.jpg\",\"datePublished\":\"2024-07-04T00:24:21+00:00\",\"dateModified\":\"2024-07-04T00:24:21+00:00\",\"author\":{\"@id\":\"\"},\"description\":\"Descubre los Autos M\u00e1s Vendidos de Cada A\u00f1o. \u00bfAlguna vez te has preguntado cu\u00e1les fueron los autos que marcaron \u00e9poca y dominaron...\",\"breadcrumb\":{\"@id\":\"https:\/\/universofamilia.com\/descubre-los-autos-mas-vendidos-de-cada-ano\/#breadcrumb\"},\"inLanguage\":\"hu\",\"potentialAction\":[{\"@type\":\"ReadAction\",\"target\":[\"https:\/\/universofamilia.com\/descubre-los-autos-mas-vendidos-de-cada-ano\/\"]}]},{\"@type\":\"ImageObject\",\"inLanguage\":\"hu\",\"@id\":\"https:\/\/universofamilia.com\/descubre-los-autos-mas-vendidos-de-cada-ano\/#primaryimage\",\"url\":\"https:\/\/universofamilia.com\/wp-content\/uploads\/sites\/148\/2024\/07\/P-550x350-1.jpg\",\"contentUrl\":\"https:\/\/universofamilia.com\/wp-content\/uploads\/sites\/148\/2024\/07\/P-550x350-1.jpg\",\"width\":550,\"height\":350,\"caption\":\"Descubre los Autos M\u00e1s Vendidos de Cada A\u00f1o\"},{\"@type\":\"BreadcrumbList\",\"@id\":\"https:\/\/universofamilia.com\/descubre-los-autos-mas-vendidos-de-cada-ano\/#breadcrumb\",\"itemListElement\":[{\"@type\":\"ListItem\",\"position\":1,\"name\":\"Home\",\"item\":\"https:\/\/universofamilia.com\/el\/\"},{\"@type\":\"ListItem\",\"position\":2,\"name\":\"Descubre los Autos M\u00e1s Vendidos de Cada A\u00f1o\"}]},{\"@type\":\"WebSite\",\"@id\":\"https:\/\/universofamilia.com\/el\/#website\",\"url\":\"https:\/\/universofamilia.com\/el\/\",\"name\":\"Universo Fam\u00edlia\",\"description\":\"\",\"potentialAction\":[{\"@type\":\"SearchAction\",\"target\":{\"@type\":\"EntryPoint\",\"urlTemplate\":\"https:\/\/universofamilia.com\/el\/?s={search_term_string}\"},\"query-input\":\"required name=search_term_string\"}],\"inLanguage\":\"hu\"}]}<\/script>\n<!-- \/ Yoast SEO plugin. -->","yoast_head_json":{"title":"Descubre los Autos M\u00e1s Vendidos de Cada A\u00f1o - Universo Fam\u00edlia","description":"Descubre los Autos M\u00e1s Vendidos de Cada A\u00f1o. \u00bfAlguna vez te has preguntado cu\u00e1les fueron los autos que marcaron \u00e9poca y dominaron...","robots":{"index":"index","follow":"follow","max-snippet":"max-snippet:-1","max-image-preview":"max-image-preview:large","max-video-preview":"max-video-preview:-1"},"canonical":"https:\/\/universofamilia.com\/hu\/descubre-los-autos-mas-vendidos-de-cada-ano\/","og_locale":"hu_HU","og_type":"article","og_title":"Descubre los Autos M\u00e1s Vendidos de Cada A\u00f1o - Universo Fam\u00edlia","og_description":"Descubre los Autos M\u00e1s Vendidos de Cada A\u00f1o. \u00bfAlguna vez te has preguntado cu\u00e1les fueron los autos que marcaron \u00e9poca y dominaron...","og_url":"https:\/\/universofamilia.com\/hu\/descubre-los-autos-mas-vendidos-de-cada-ano\/","og_site_name":"Universo Fam\u00edlia","article_published_time":"2024-07-04T00:24:21+00:00","og_image":[{"width":550,"height":350,"url":"https:\/\/universofamilia.com\/wp-content\/uploads\/sites\/148\/2024\/07\/P-550x350-1.jpg","type":"image\/jpeg"}],"twitter_card":"summary_large_image","twitter_misc":{"Est. reading time":"7 perc"},"schema":{"@context":"https:\/\/schema.org","@graph":[{"@type":"WebPage","@id":"https:\/\/universofamilia.com\/descubre-los-autos-mas-vendidos-de-cada-ano\/","url":"https:\/\/universofamilia.com\/descubre-los-autos-mas-vendidos-de-cada-ano\/","name":"Descubre los Autos M\u00e1s Vendidos de Cada A\u00f1o - Universo Fam\u00edlia","isPartOf":{"@id":"https:\/\/universofamilia.com\/el\/#website"},"primaryImageOfPage":{"@id":"https:\/\/universofamilia.com\/descubre-los-autos-mas-vendidos-de-cada-ano\/#primaryimage"},"image":{"@id":"https:\/\/universofamilia.com\/descubre-los-autos-mas-vendidos-de-cada-ano\/#primaryimage"},"thumbnailUrl":"https:\/\/universofamilia.com\/wp-content\/uploads\/sites\/148\/2024\/07\/P-550x350-1.jpg","datePublished":"2024-07-04T00:24:21+00:00","dateModified":"2024-07-04T00:24:21+00:00","author":{"@id":""},"description":"Descubre los Autos M\u00e1s Vendidos de Cada A\u00f1o. \u00bfAlguna vez te has preguntado cu\u00e1les fueron los autos que marcaron \u00e9poca y dominaron...","breadcrumb":{"@id":"https:\/\/universofamilia.com\/descubre-los-autos-mas-vendidos-de-cada-ano\/#breadcrumb"},"inLanguage":"hu","potentialAction":[{"@type":"ReadAction","target":["https:\/\/universofamilia.com\/descubre-los-autos-mas-vendidos-de-cada-ano\/"]}]},{"@type":"ImageObject","inLanguage":"hu","@id":"https:\/\/universofamilia.com\/descubre-los-autos-mas-vendidos-de-cada-ano\/#primaryimage","url":"https:\/\/universofamilia.com\/wp-content\/uploads\/sites\/148\/2024\/07\/P-550x350-1.jpg","contentUrl":"https:\/\/universofamilia.com\/wp-content\/uploads\/sites\/148\/2024\/07\/P-550x350-1.jpg","width":550,"height":350,"caption":"Descubre los Autos M\u00e1s Vendidos de Cada A\u00f1o"},{"@type":"BreadcrumbList","@id":"https:\/\/universofamilia.com\/descubre-los-autos-mas-vendidos-de-cada-ano\/#breadcrumb","itemListElement":[{"@type":"ListItem","position":1,"name":"Home","item":"https:\/\/universofamilia.com\/el\/"},{"@type":"ListItem","position":2,"name":"Descubre los Autos M\u00e1s Vendidos de Cada A\u00f1o"}]},{"@type":"WebSite","@id":"https:\/\/universofamilia.com\/el\/#website","url":"https:\/\/universofamilia.com\/el\/","name":"Universo Fam\u00edlia","description":"","potentialAction":[{"@type":"SearchAction","target":{"@type":"EntryPoint","urlTemplate":"https:\/\/universofamilia.com\/el\/?s={search_term_string}"},"query-input":"required name=search_term_string"}],"inLanguage":"hu"}]}},"_links":{"self":[{"href":"https:\/\/universofamilia.com\/hu\/wp-json\/wp\/v2\/posts\/6195"}],"collection":[{"href":"https:\/\/universofamilia.com\/hu\/wp-json\/wp\/v2\/posts"}],"about":[{"href":"https:\/\/universofamilia.com\/hu\/wp-json\/wp\/v2\/types\/post"}],"replies":[{"embeddable":true,"href":"https:\/\/universofamilia.com\/hu\/wp-json\/wp\/v2\/comments?post=6195"}],"version-history":[{"count":0,"href":"https:\/\/universofamilia.com\/hu\/wp-json\/wp\/v2\/posts\/6195\/revisions"}],"wp:featuredmedia":[{"embeddable":true,"href":"https:\/\/universofamilia.com\/hu\/wp-json\/wp\/v2\/media\/6196"}],"wp:attachment":[{"href":"https:\/\/universofamilia.com\/hu\/wp-json\/wp\/v2\/media?parent=6195"}],"wp:term":[{"taxonomy":"category","embeddable":true,"href":"https:\/\/universofamilia.com\/hu\/wp-json\/wp\/v2\/categories?post=6195"},{"taxonomy":"post_tag","embeddable":true,"href":"https:\/\/universofamilia.com\/hu\/wp-json\/wp\/v2\/tags?post=6195"}],"curies":[{"name":"wp","href":"https:\/\/api.w.org\/{rel}","templated":true}]}}