{"id":6198,"date":"2024-07-04T11:28:39","date_gmt":"2024-07-04T14:28:39","guid":{"rendered":"https:\/\/universofamilia.com\/?p=6198"},"modified":"2025-08-04T21:58:45","modified_gmt":"2025-08-05T00:58:45","slug":"como-recuperar-fotos-ocultas-en-el-celular","status":"publish","type":"post","link":"https:\/\/universofamilia.com\/hu\/como-recuperar-fotos-ocultas-en-el-celular\/","title":{"rendered":"Hogyan lehet vissza\u00e1ll\u00edtani a rejtett f\u00e9nyk\u00e9peket a mobiltelefonj\u00e1n"},"content":{"rendered":"<p>Elvesztetted a fot\u00f3idat? <strong>T\u00f6ltsd le az alkalmaz\u00e1st, ami megmentett, al\u00e1bb \u00e9s a cikk v\u00e9g\u00e9n. \u2b07\ufe0f\u2b07\ufe0f<\/strong><\/p>\n\n\n\n<p>K\u00e9pzeld el a k\u00f6vetkez\u0151 helyzetet: nyaralsz, \u00e9s egy figyelmetlens\u00e9gb\u0151l t\u00f6rl\u00f6d az utaz\u00e1si fot\u00f3idat.<\/p>\n\n\n\n<p>Egy igazi katasztr\u00f3fa, ugye? Pontosan ez t\u00f6rt\u00e9nt velem is. Tiszt\u00e1n eml\u00e9kszem a k\u00e9ts\u00e9gbees\u00e9sre, amikor r\u00e1j\u00f6ttem, hogy minden meg\u00f6r\u00f6k\u00edtett eml\u00e9k elt\u0171nt.<\/p>\n\n\n\n<p>De szerencs\u00e9re felfedeztem egy fot\u00f3-helyre\u00e1ll\u00edt\u00f3 alkalmaz\u00e1st, ami visszahozta az \u00f6sszes fot\u00f3mat.<\/p>\n\n\n\n<p>Az igazs\u00e1g az, hogy mindannyian voltunk m\u00e1r olyan helyzetekben, amikor \u00e9rt\u00e9kes f\u00e9nyk\u00e9peket vesz\u00edtett\u00fcnk el a mobiltelefonunkr\u00f3l.<\/p>\n\n\n\n<p>Ak\u00e1r v\u00e9letlen t\u00f6rl\u00e9s, eszk\u00f6zform\u00e1z\u00e1s, vagy ak\u00e1r fizikai s\u00e9r\u00fcl\u00e9s okozza, a f\u00e9nyk\u00e9pek elveszt\u00e9se katasztrof\u00e1lis lehet.<\/p>\n\n\n\n<p>Ez\u00e9rt elengedhetetlen, hogy legyen egy fot\u00f3-helyre\u00e1ll\u00edt\u00f3 alkalmaz\u00e1s telep\u00edtve a telefonj\u00e1ra.<\/p>\n\n\n\n<p>Fedezz\u00fck fel egy\u00fctt a legjobb el\u00e9rhet\u0151 alkalmaz\u00e1sokat, amelyek megmenthetnek minket ezekben a kritikus id\u0151kben.<\/p>\n\n\n\n<h2 class=\"wp-block-heading\">Bemutatjuk a legjobb fot\u00f3-helyre\u00e1ll\u00edt\u00f3 alkalmaz\u00e1sokat<\/h2>\n\n\n\n<h3 class=\"wp-block-heading\">DiskDigger fot\u00f3-helyre\u00e1ll\u00edt\u00e1s<\/h3>\n\n\n\n<p><strong>DiskDigger fot\u00f3-helyre\u00e1ll\u00edt\u00e1s<\/strong> Ez az egyik legn\u00e9pszer\u0171bb \u00e9s legmagasabbra \u00e9rt\u00e9kelt alkalmaz\u00e1s a fot\u00f3-helyre\u00e1ll\u00edt\u00e1shoz.<\/p>\n\n\n\n<p>Androidra \u00e9s iOS-re is el\u00e9rhet\u0151, \u00e9s egy ingyenes verzi\u00f3t is k\u00edn\u00e1l, amely m\u00e1r \u00f6nmag\u00e1ban is el\u00e9g hat\u00e9kony.<\/p>\n\n\n\n<ul>\n<li><strong>K\u00fcl\u00f6nb\u00f6z\u0151 forr\u00e1sokb\u00f3l sz\u00e1rmaz\u00f3 helyre\u00e1ll\u00edt\u00e1s:<\/strong> Bels\u0151 mem\u00f3ria, SD-k\u00e1rtya \u00e9s felh\u0151alap\u00fa t\u00e1rhely.<\/li>\n\n\n\n<li><strong>Egyszer\u0171 kezel\u0151fel\u00fclet:<\/strong> K\u00f6nnyen haszn\u00e1lhat\u00f3, m\u00e9g azok sz\u00e1m\u00e1ra is, akik nem rendelkeznek m\u0171szaki ismeretekkel.<\/li>\n<\/ul>\n\n\n\n<p><strong>\u00c9rt\u00e9kel\u00e9sek:<\/strong><\/p>\n\n\n\n<ul>\n<li>Android: 4,6 csillag a Google Playen.<\/li>\n\n\n\n<li>iOS: 4,5 csillag az App Store-ban.<\/li>\n<\/ul>\n\n\n\n<p><strong>Let\u00f6lt\u00e9si linkek:<\/strong><\/p>\n\n\n\n<ul>\n<li>Android: <a href=\"https:\/\/play.google.com\/store\/apps\/details?id=com.defianttech.diskdigger&amp;hl=en_US\" target=\"_blank\" rel=\"noreferrer noopener\">DiskDigger fot\u00f3-helyre\u00e1ll\u00edt\u00e1s Androidra<\/a><\/li>\n<\/ul>\n\n\n\n<h3 class=\"wp-block-heading\">EaseUS MobiSaver<\/h3>\n\n\n\n<p>Egy m\u00e1sik kiemelked\u0151 alkalmaz\u00e1s a <strong>EaseUS MobiSaver<\/strong>, amely a fot\u00f3-helyre\u00e1ll\u00edt\u00e1s magas sikeress\u00e9gi ar\u00e1ny\u00e1r\u00f3l ismert.<\/p>\n\n\n\n<p>K\u00fcl\u00f6nb\u00f6z\u0151 f\u00e1jlt\u00edpusokat t\u00e1mogat, p\u00e9ld\u00e1ul vide\u00f3kat, n\u00e9vjegyeket \u00e9s \u00fczeneteket, valamint f\u00e9nyk\u00e9peket.<\/p>\n\n\n\n<ul>\n<li><strong>Ingyenes \u00e9s fizet\u0151s verzi\u00f3:<\/strong> Az ingyenes verzi\u00f3 alapvet\u0151 funkci\u00f3kat k\u00edn\u00e1l, m\u00edg a fizet\u0151s verzi\u00f3 fejlettebb funkci\u00f3kat.<\/li>\n<\/ul>\n\n\n\n<p><strong>\u00c9rt\u00e9kel\u00e9sek:<\/strong><\/p>\n\n\n\n<ul>\n<li>Android: 4,2 csillag a Google Playen.<\/li>\n\n\n\n<li>iOS: 4,5 csillag az App Store-ban.<\/li>\n<\/ul>\n\n\n\n<p><strong>Let\u00f6lt\u00e9si linkek:<\/strong><\/p>\n\n\n\n<ul>\n<li>Android: <a href=\"https:\/\/play.google.com\/store\/apps\/details?id=com.easeus.mobisaver&amp;hl=en\" target=\"_blank\" rel=\"noreferrer noopener\">EaseUS MobiSaver Androidra<\/a><\/li>\n\n\n\n<li>iOS: <a href=\"https:\/\/www.easeus.com\/mobile-tool\/iphone-data-recovery-pro.html\" target=\"_blank\" rel=\"noreferrer noopener\">EaseUS MobiSaver iOS-re<\/a><\/li>\n<\/ul>\n\n\n\n<p><\/p>\n\n\n\n<hr class=\"wp-block-separator has-text-color has-luminous-vivid-orange-color has-alpha-channel-opacity has-luminous-vivid-orange-background-color has-background\" \/>\n\n\n\n<h2 class=\"wp-block-heading\">Olvasd el m\u00e9g:<\/h2>\n\n\n\n<div class=\"wp-block-columns is-layout-flex wp-container-core-columns-layout-1 wp-block-columns-is-layout-flex\">\n<div class=\"wp-block-column is-layout-flow wp-block-column-is-layout-flow\">\n<div class=\"wp-block-buttons is-layout-flex wp-block-buttons-is-layout-flex\">\n<div class=\"wp-block-button has-custom-width wp-block-button__width-100 has-custom-font-size has-medium-font-size\" style=\"text-decoration:none\"><a class=\"wp-block-button__link has-white-color has-vivid-cyan-blue-background-color has-text-color has-background has-link-color has-text-align-left wp-element-button\" href=\"https:\/\/universofamilia.com\/hu\/5893\/acelera-tu-celular-despierta-tu-productividad\/\" style=\"border-radius:10px\" target=\"_blank\" rel=\"noreferrer noopener\"><font style=\"vertical-align: inherit\"><font style=\"vertical-align: inherit\">\ud83d\udccc Gyors\u00edtsd fel a mobiltelefonodat<\/font><\/font> &gt;<\/a><\/div>\n\n\n\n<div class=\"wp-block-button has-custom-width wp-block-button__width-100 has-custom-font-size has-medium-font-size\" style=\"text-decoration:none\"><a class=\"wp-block-button__link has-white-color has-vivid-cyan-blue-background-color has-text-color has-background has-link-color has-text-align-left wp-element-button\" href=\"https:\/\/universofamilia.com\/hu\/5869\/descubre-quien-te-esta-observando-en-las-redes-sociales\/\" style=\"border-radius:10px\" target=\"_blank\" rel=\"noreferrer noopener\"><font style=\"vertical-align: inherit\"><font style=\"vertical-align: inherit\"><font style=\"vertical-align: inherit\"><font style=\"vertical-align: inherit\">\ud83d\udccc Kik l\u00e1togatt\u00e1k meg a profilodat?<\/font><\/font><\/font><\/font> &gt;<\/a><\/div>\n<\/div>\n<\/div>\n<\/div>\n\n\n\n<hr class=\"wp-block-separator has-text-color has-luminous-vivid-orange-color has-alpha-channel-opacity has-luminous-vivid-orange-background-color has-background\" \/>\n\n\n\n<p><\/p>\n\n\n\n<h3 class=\"wp-block-heading\">Dr. Fone<\/h3>\n\n\n\n<p><strong>Dr. Fone<\/strong> Ez egy teljes k\u00f6r\u0171 adat-helyre\u00e1ll\u00edt\u00e1si megold\u00e1s, bele\u00e9rtve a f\u00e9nyk\u00e9peket, vide\u00f3kat, n\u00e9vjegyeket \u00e9s \u00fczeneteket. Androidra \u00e9s iOS-re el\u00e9rhet\u0151, ingyenes \u00e9s fizet\u0151s verzi\u00f3ban is.<\/p>\n\n\n\n<ul>\n<li><strong>Felhaszn\u00e1l\u00f3bar\u00e1t fel\u00fclet:<\/strong> Egyszer\u0171 \u00e9s intuit\u00edv helyre\u00e1ll\u00edt\u00e1si folyamat.<\/li>\n<\/ul>\n\n\n\n<p><strong>\u00c9rt\u00e9kel\u00e9sek:<\/strong><\/p>\n\n\n\n<ul>\n<li>Android: 4,6 csillag a Google Playen.<\/li>\n\n\n\n<li>iOS: 4,5 csillag az App Store-ban.<\/li>\n<\/ul>\n\n\n\n<p><strong>Let\u00f6lt\u00e9si linkek:<\/strong><\/p>\n\n\n\n<ul>\n<li>Android: <a href=\"https:\/\/play.google.com\/store\/apps\/details\/Dr_Fone_Photo_Data_Recovery?id=com.wondershare.drfoneapp&amp;hl=en_GB\" target=\"_blank\" rel=\"noreferrer noopener\">Dr. Fone Androidra<\/a><\/li>\n\n\n\n<li>iOS: <a href=\"https:\/\/drfone.wondershare.com\/data-recovery-iphone.html\" target=\"_blank\" rel=\"noreferrer noopener\">Dr. Fone iOS-re<\/a><\/li>\n<\/ul>\n\n\n\n<h2 class=\"wp-block-heading\">Tippek a legjobb fot\u00f3-helyre\u00e1ll\u00edt\u00f3 alkalmaz\u00e1s kiv\u00e1laszt\u00e1s\u00e1hoz<\/h2>\n\n\n\n<h3 class=\"wp-block-heading\">Kompatibilit\u00e1s<\/h3>\n\n\n\n<p>Ellen\u0151rizd, hogy az alkalmaz\u00e1s kompatibilis-e a telefonod oper\u00e1ci\u00f3s rendszer\u00e9vel (Android vagy iOS) \u00e9s az eszk\u00f6z\u00f6d modellj\u00e9vel.<\/p>\n\n\n\n<h3 class=\"wp-block-heading\">Jellemz\u0151k<\/h3>\n\n\n\n<p>\u00c9rt\u00e9kelje az \u00d6n sz\u00e1m\u00e1ra fontos funkci\u00f3kat, p\u00e9ld\u00e1ul a k\u00fcl\u00f6nb\u00f6z\u0151 forr\u00e1sokb\u00f3l sz\u00e1rmaz\u00f3 fot\u00f3k helyre\u00e1ll\u00edt\u00e1s\u00e1t, a t\u00f6bb f\u00e1jlt\u00edpus t\u00e1mogat\u00e1s\u00e1t \u00e9s a speci\u00e1lis funkci\u00f3kat.<\/p>\n\n\n\n<h3 class=\"wp-block-heading\">K\u00f6nny\u0171 haszn\u00e1lat<\/h3>\n\n\n\n<p>V\u00e1lasszon egy egyszer\u0171 \u00e9s intuit\u00edv fel\u00fclet\u0171 alkalmaz\u00e1st, amelyet m\u00e9g a technikai ismeretekkel nem rendelkez\u0151k is k\u00f6nnyen haszn\u00e1lhatnak.<\/p>\n\n\n\n<h3 class=\"wp-block-heading\">Felhaszn\u00e1l\u00f3i v\u00e9lem\u00e9nyek<\/h3>\n\n\n\n<p>Olvasd el m\u00e1s felhaszn\u00e1l\u00f3k v\u00e9lem\u00e9ny\u00e9t, hogy k\u00e9pet kapj az alkalmaz\u00e1s megb\u00edzhat\u00f3s\u00e1g\u00e1r\u00f3l \u00e9s hat\u00e9konys\u00e1g\u00e1r\u00f3l.<\/p>\n\n\n<div class=\"wp-block-image\">\n<figure class=\"aligncenter size-full\"><img loading=\"lazy\" decoding=\"async\" width=\"550\" height=\"350\" src=\"http:\/\/universofamilia.com\/wp-content\/uploads\/sites\/148\/2024\/07\/P-550x350-2.jpg\" alt=\"\" class=\"wp-image-6199\" srcset=\"https:\/\/universofamilia.com\/wp-content\/uploads\/sites\/148\/2024\/07\/P-550x350-2.jpg 550w, https:\/\/universofamilia.com\/wp-content\/uploads\/sites\/148\/2024\/07\/P-550x350-2-300x191.jpg 300w\" sizes=\"(max-width: 550px) 100vw, 550px\" \/><figcaption class=\"wp-element-caption\">Hogyan lehet vissza\u00e1ll\u00edtani a rejtett f\u00e9nyk\u00e9peket a mobiltelefonj\u00e1n<\/figcaption><\/figure><\/div>\n\n\n<h2 class=\"wp-block-heading\">Hogyan haszn\u00e1ljuk a Photo Recovery App-ot<\/h2>\n\n\n\n<h3 class=\"wp-block-heading\">L\u00e9p\u00e9sr\u0151l l\u00e9p\u00e9sre<\/h3>\n\n\n\n<ol>\n<li><strong>L\u00e9tes\u00edtm\u00e9ny:<\/strong> T\u00f6ltse le \u00e9s telep\u00edtse a v\u00e1lasztott fot\u00f3-helyre\u00e1ll\u00edt\u00f3 alkalmaz\u00e1st.<\/li>\n\n\n\n<li><strong>F\u00e1jl kiv\u00e1laszt\u00e1sa:<\/strong> Nyissa meg az alkalmaz\u00e1st, \u00e9s v\u00e1lassza ki a helyre\u00e1ll\u00edtani k\u00edv\u00e1nt f\u00e1jlt\u00edpusokat.<\/li>\n\n\n\n<li><strong>Szkennel\u00e9s:<\/strong> Ind\u00edtsd el a szkennel\u00e9st, hogy az alkalmaz\u00e1s megtal\u00e1lja az elveszett f\u00e9nyk\u00e9peidet.<\/li>\n\n\n\n<li><strong>Megjelen\u00edt\u00e9s \u00e9s helyre\u00e1ll\u00edt\u00e1s:<\/strong> A szkennel\u00e9s ut\u00e1n tekintse meg a tal\u00e1lt f\u00e9nyk\u00e9peket, \u00e9s v\u00e1lassza ki azokat, amelyeket vissza szeretne \u00e1ll\u00edtani.<\/li>\n\n\n\n<li><strong>Tartsa meg:<\/strong> A vissza\u00e1ll\u00edtott f\u00e9nyk\u00e9peket mentse el biztons\u00e1gos helyen.<\/li>\n<\/ol>\n\n\n\n<h3 class=\"wp-block-heading\">Fontos tippek<\/h3>\n\n\n\n<ul>\n<li><strong>Ne haszn\u00e1ld a mobiltelefonodat a f\u00e9nyk\u00e9pek elveszt\u00e9se ut\u00e1n:<\/strong> Ez megakad\u00e1lyozza, hogy az \u00faj adatok fel\u00fcl\u00edrj\u00e1k az elveszett f\u00e1jlokat.<\/li>\n\n\n\n<li><strong>Ker\u00fclje az \u00faj f\u00e1jlok ment\u00e9s\u00e9t:<\/strong> Min\u00e9l kevesebbet haszn\u00e1lod az eszk\u00f6zt, ann\u00e1l nagyobb az es\u00e9lye a gy\u00f3gyul\u00e1snak.<\/li>\n<\/ul>\n\n\n\n<h2 class=\"wp-block-heading\">K\u00f6vetkeztet\u00e9s<\/h2>\n\n\n\n<p>Ha telep\u00edtesz egy fot\u00f3-helyre\u00e1ll\u00edt\u00f3 alkalmaz\u00e1st a telefonodra, megmentheted az eml\u00e9keidet v\u00e9szhelyzet eset\u00e9n.<\/p>\n\n\n\n<p>Pr\u00f3b\u00e1ld ki a fent eml\u00edtett alkalmaz\u00e1sokat, \u00e9s v\u00e1laszd ki azt, amelyik a legjobban megfelel az ig\u00e9nyeidnek. \u00c9s ne felejtsd el rendszeresen biztons\u00e1gi m\u00e1solatot k\u00e9sz\u00edteni a fot\u00f3idr\u00f3l a j\u00f6v\u0151beni adatveszt\u00e9s elker\u00fcl\u00e9se \u00e9rdek\u00e9ben.<\/p>\n\n\n\n<p><strong>Let\u00f6lt\u00e9si linkek:<\/strong><\/p>\n\n\n\n<ul>\n<li>DiskDigger fot\u00f3-helyre\u00e1ll\u00edt\u00e1s: <a href=\"https:\/\/play.google.com\/store\/apps\/details?id=com.defianttech.diskdigger&amp;hl=en_US\" target=\"_blank\" rel=\"noreferrer noopener\">Android<\/a><\/li>\n\n\n\n<li>EaseUS MobiSaver: <a href=\"https:\/\/play.google.com\/store\/apps\/details?id=com.easeus.mobisaver&amp;hl=en\" target=\"_blank\" rel=\"noreferrer noopener\">Android<\/a> | <a href=\"https:\/\/www.easeus.com\/mobile-tool\/iphone-data-recovery-pro.html\" target=\"_blank\" rel=\"noreferrer noopener\">iOS<\/a><\/li>\n\n\n\n<li>Dr. Fone: <a href=\"https:\/\/play.google.com\/store\/apps\/details\/Dr_Fone_Photo_Data_Recovery?id=com.wondershare.drfoneapp&amp;hl=en_GB\" target=\"_blank\" rel=\"noreferrer noopener\">Android<\/a> | <a href=\"https:\/\/drfone.wondershare.com\/data-recovery-iphone.html\" target=\"_blank\" rel=\"noreferrer noopener\">iOS<\/a><\/li>\n<\/ul>\n\n\n\n<p>Oszd meg ezt a posztot a bar\u00e1taiddal, hogy \u0151k is visszaszerezhess\u00e9k a telefonjukon elrejtett fot\u00f3ikat!<\/p>\n\n\n\n<p><\/p>\n\n\n\n<hr class=\"wp-block-separator has-text-color has-luminous-vivid-orange-color has-alpha-channel-opacity has-luminous-vivid-orange-background-color has-background\" \/>\n\n\n\n<h2 class=\"wp-block-heading\">Olvasd el m\u00e9g:<\/h2>\n\n\n\n<div class=\"wp-block-columns is-layout-flex wp-container-core-columns-layout-2 wp-block-columns-is-layout-flex\">\n<div class=\"wp-block-column is-layout-flow wp-block-column-is-layout-flow\">\n<div class=\"wp-block-buttons is-layout-flex wp-block-buttons-is-layout-flex\">\n<div class=\"wp-block-button has-custom-width wp-block-button__width-100 has-custom-font-size has-medium-font-size\" style=\"text-decoration:none\"><a class=\"wp-block-button__link has-white-color has-vivid-cyan-blue-background-color has-text-color has-background has-link-color has-text-align-left wp-element-button\" href=\"https:\/\/universofamilia.com\/hu\/5893\/acelera-tu-celular-despierta-tu-productividad\/\" style=\"border-radius:10px\" target=\"_blank\" rel=\"noreferrer noopener\"><font style=\"vertical-align: inherit\"><font style=\"vertical-align: inherit\">\ud83d\udccc Gyors\u00edtsd fel a mobiltelefonodat<\/font><\/font> &gt;<\/a><\/div>\n\n\n\n<div class=\"wp-block-button has-custom-width wp-block-button__width-100 has-custom-font-size has-medium-font-size\" style=\"text-decoration:none\"><a class=\"wp-block-button__link has-white-color has-vivid-cyan-blue-background-color has-text-color has-background has-link-color has-text-align-left wp-element-button\" href=\"https:\/\/universofamilia.com\/hu\/5869\/descubre-quien-te-esta-observando-en-las-redes-sociales\/\" style=\"border-radius:10px\" target=\"_blank\" rel=\"noreferrer noopener\"><font style=\"vertical-align: inherit\"><font style=\"vertical-align: inherit\"><font style=\"vertical-align: inherit\"><font style=\"vertical-align: inherit\">\ud83d\udccc Kik l\u00e1togatt\u00e1k meg a profilodat?<\/font><\/font><\/font><\/font> &gt;<\/a><\/div>\n<\/div>\n<\/div>\n<\/div>\n\n\n\n<hr class=\"wp-block-separator has-text-color has-luminous-vivid-orange-color has-alpha-channel-opacity has-luminous-vivid-orange-background-color has-background\" \/>\n\n\n\n<p><\/p>","protected":false},"excerpt":{"rendered":"<p>Elveszett a fot\u00f3id? T\u00f6ltsd le az alkalmaz\u00e1st, ami megmentett engem, lent \u00e9s a cikk v\u00e9g\u00e9n. \u2b07\ufe0f\u2b07\ufe0f K\u00e9pzeld el a k\u00f6vetkez\u0151 helyzetet: nyaralsz, \u00e9s egy figyelmetlens\u00e9gb\u0151l t\u00f6rl\u00f6d az utaz\u00e1si fot\u00f3idat. Egy igazi katasztr\u00f3fa, ugye? Pontosan ez t\u00f6rt\u00e9nt velem is. Tiszt\u00e1n eml\u00e9kszem a k\u00e9ts\u00e9gbees\u00e9sre [\u2026]<\/p>","protected":false},"author":139,"featured_media":6199,"comment_status":"closed","ping_status":"open","sticky":false,"template":"","format":"standard","meta":{"footnotes":""},"categories":[2],"tags":[620,623,624],"yoast_head":"<!-- This site is optimized with the Yoast SEO plugin v23.3 - https:\/\/yoast.com\/wordpress\/plugins\/seo\/ -->\n<title>C\u00f3mo Recuperar Fotos Ocultas en el Celular - Universo Fam\u00edlia<\/title>\n<meta name=\"description\" content=\"C\u00f3mo Recuperar Fotos Ocultas en el Celular. La Importancia de una Aplicaci\u00f3n de Recuperaci\u00f3n de Fotos...\" \/>\n<meta name=\"robots\" content=\"index, follow, max-snippet:-1, max-image-preview:large, max-video-preview:-1\" \/>\n<link rel=\"canonical\" href=\"https:\/\/universofamilia.com\/hu\/como-recuperar-fotos-ocultas-en-el-celular\/\" \/>\n<meta property=\"og:locale\" content=\"hu_HU\" \/>\n<meta property=\"og:type\" content=\"article\" \/>\n<meta property=\"og:title\" content=\"C\u00f3mo Recuperar Fotos Ocultas en el Celular - Universo Fam\u00edlia\" \/>\n<meta property=\"og:description\" content=\"C\u00f3mo Recuperar Fotos Ocultas en el Celular. La Importancia de una Aplicaci\u00f3n de Recuperaci\u00f3n de Fotos...\" \/>\n<meta property=\"og:url\" content=\"https:\/\/universofamilia.com\/hu\/como-recuperar-fotos-ocultas-en-el-celular\/\" \/>\n<meta property=\"og:site_name\" content=\"Universo Fam\u00edlia\" \/>\n<meta property=\"article:published_time\" content=\"2024-07-04T14:28:39+00:00\" \/>\n<meta property=\"article:modified_time\" content=\"2025-08-05T00:58:45+00:00\" \/>\n<meta property=\"og:image\" content=\"https:\/\/universofamilia.com\/wp-content\/uploads\/sites\/148\/2024\/07\/P-550x350-2.jpg\" \/>\n\t<meta property=\"og:image:width\" content=\"550\" \/>\n\t<meta property=\"og:image:height\" content=\"350\" \/>\n\t<meta property=\"og:image:type\" content=\"image\/jpeg\" \/>\n<meta name=\"author\" content=\"Pedro Henrique\" \/>\n<meta name=\"twitter:card\" content=\"summary_large_image\" \/>\n<meta name=\"twitter:label1\" content=\"Written by\" \/>\n\t<meta name=\"twitter:data1\" content=\"Pedro Henrique\" \/>\n\t<meta name=\"twitter:label2\" content=\"Est. reading time\" \/>\n\t<meta name=\"twitter:data2\" content=\"5 perc\" \/>\n<script type=\"application\/ld+json\" class=\"yoast-schema-graph\">{\"@context\":\"https:\/\/schema.org\",\"@graph\":[{\"@type\":\"WebPage\",\"@id\":\"https:\/\/universofamilia.com\/sk\/como-recuperar-fotos-ocultas-en-el-celular\/\",\"url\":\"https:\/\/universofamilia.com\/sk\/como-recuperar-fotos-ocultas-en-el-celular\/\",\"name\":\"C\u00f3mo Recuperar Fotos Ocultas en el Celular - Universo Fam\u00edlia\",\"isPartOf\":{\"@id\":\"https:\/\/universofamilia.com\/el\/#website\"},\"primaryImageOfPage\":{\"@id\":\"https:\/\/universofamilia.com\/sk\/como-recuperar-fotos-ocultas-en-el-celular\/#primaryimage\"},\"image\":{\"@id\":\"https:\/\/universofamilia.com\/sk\/como-recuperar-fotos-ocultas-en-el-celular\/#primaryimage\"},\"thumbnailUrl\":\"https:\/\/universofamilia.com\/wp-content\/uploads\/sites\/148\/2024\/07\/P-550x350-2.jpg\",\"datePublished\":\"2024-07-04T14:28:39+00:00\",\"dateModified\":\"2025-08-05T00:58:45+00:00\",\"author\":{\"@id\":\"https:\/\/universofamilia.com\/el\/#\/schema\/person\/f07ce98187dd84d31154262e79b3b7ca\"},\"description\":\"C\u00f3mo Recuperar Fotos Ocultas en el Celular. La Importancia de una Aplicaci\u00f3n de Recuperaci\u00f3n de Fotos...\",\"breadcrumb\":{\"@id\":\"https:\/\/universofamilia.com\/sk\/como-recuperar-fotos-ocultas-en-el-celular\/#breadcrumb\"},\"inLanguage\":\"hu\",\"potentialAction\":[{\"@type\":\"ReadAction\",\"target\":[\"https:\/\/universofamilia.com\/sk\/como-recuperar-fotos-ocultas-en-el-celular\/\"]}]},{\"@type\":\"ImageObject\",\"inLanguage\":\"hu\",\"@id\":\"https:\/\/universofamilia.com\/sk\/como-recuperar-fotos-ocultas-en-el-celular\/#primaryimage\",\"url\":\"https:\/\/universofamilia.com\/wp-content\/uploads\/sites\/148\/2024\/07\/P-550x350-2.jpg\",\"contentUrl\":\"https:\/\/universofamilia.com\/wp-content\/uploads\/sites\/148\/2024\/07\/P-550x350-2.jpg\",\"width\":550,\"height\":350,\"caption\":\"C\u00f3mo Recuperar Fotos Ocultas en el Celular\"},{\"@type\":\"BreadcrumbList\",\"@id\":\"https:\/\/universofamilia.com\/sk\/como-recuperar-fotos-ocultas-en-el-celular\/#breadcrumb\",\"itemListElement\":[{\"@type\":\"ListItem\",\"position\":1,\"name\":\"Home\",\"item\":\"https:\/\/universofamilia.com\/el\/\"},{\"@type\":\"ListItem\",\"position\":2,\"name\":\"C\u00f3mo Recuperar Fotos Ocultas en el Celular\"}]},{\"@type\":\"WebSite\",\"@id\":\"https:\/\/universofamilia.com\/el\/#website\",\"url\":\"https:\/\/universofamilia.com\/el\/\",\"name\":\"Universo Fam\u00edlia\",\"description\":\"\",\"potentialAction\":[{\"@type\":\"SearchAction\",\"target\":{\"@type\":\"EntryPoint\",\"urlTemplate\":\"https:\/\/universofamilia.com\/el\/?s={search_term_string}\"},\"query-input\":\"required name=search_term_string\"}],\"inLanguage\":\"hu\"},{\"@type\":\"Person\",\"@id\":\"https:\/\/universofamilia.com\/el\/#\/schema\/person\/f07ce98187dd84d31154262e79b3b7ca\",\"name\":\"Pedro Henrique\",\"image\":{\"@type\":\"ImageObject\",\"inLanguage\":\"hu\",\"@id\":\"https:\/\/universofamilia.com\/el\/#\/schema\/person\/image\/\",\"url\":\"https:\/\/secure.gravatar.com\/avatar\/9edfeb808cb4e1599f64d6e45b130154?s=96&d=mm&r=g\",\"contentUrl\":\"https:\/\/secure.gravatar.com\/avatar\/9edfeb808cb4e1599f64d6e45b130154?s=96&d=mm&r=g\",\"caption\":\"Pedro Henrique\"},\"url\":\"https:\/\/universofamilia.com\/hu\/author\/editor01\/\"}]}<\/script>\n<!-- \/ Yoast SEO plugin. -->","yoast_head_json":{"title":"C\u00f3mo Recuperar Fotos Ocultas en el Celular - Universo Fam\u00edlia","description":"C\u00f3mo Recuperar Fotos Ocultas en el Celular. La Importancia de una Aplicaci\u00f3n de Recuperaci\u00f3n de Fotos...","robots":{"index":"index","follow":"follow","max-snippet":"max-snippet:-1","max-image-preview":"max-image-preview:large","max-video-preview":"max-video-preview:-1"},"canonical":"https:\/\/universofamilia.com\/hu\/como-recuperar-fotos-ocultas-en-el-celular\/","og_locale":"hu_HU","og_type":"article","og_title":"C\u00f3mo Recuperar Fotos Ocultas en el Celular - Universo Fam\u00edlia","og_description":"C\u00f3mo Recuperar Fotos Ocultas en el Celular. La Importancia de una Aplicaci\u00f3n de Recuperaci\u00f3n de Fotos...","og_url":"https:\/\/universofamilia.com\/hu\/como-recuperar-fotos-ocultas-en-el-celular\/","og_site_name":"Universo Fam\u00edlia","article_published_time":"2024-07-04T14:28:39+00:00","article_modified_time":"2025-08-05T00:58:45+00:00","og_image":[{"width":550,"height":350,"url":"https:\/\/universofamilia.com\/wp-content\/uploads\/sites\/148\/2024\/07\/P-550x350-2.jpg","type":"image\/jpeg"}],"author":"Pedro Henrique","twitter_card":"summary_large_image","twitter_misc":{"Written by":"Pedro Henrique","Est. reading time":"5 perc"},"schema":{"@context":"https:\/\/schema.org","@graph":[{"@type":"WebPage","@id":"https:\/\/universofamilia.com\/sk\/como-recuperar-fotos-ocultas-en-el-celular\/","url":"https:\/\/universofamilia.com\/sk\/como-recuperar-fotos-ocultas-en-el-celular\/","name":"C\u00f3mo Recuperar Fotos Ocultas en el Celular - Universo Fam\u00edlia","isPartOf":{"@id":"https:\/\/universofamilia.com\/el\/#website"},"primaryImageOfPage":{"@id":"https:\/\/universofamilia.com\/sk\/como-recuperar-fotos-ocultas-en-el-celular\/#primaryimage"},"image":{"@id":"https:\/\/universofamilia.com\/sk\/como-recuperar-fotos-ocultas-en-el-celular\/#primaryimage"},"thumbnailUrl":"https:\/\/universofamilia.com\/wp-content\/uploads\/sites\/148\/2024\/07\/P-550x350-2.jpg","datePublished":"2024-07-04T14:28:39+00:00","dateModified":"2025-08-05T00:58:45+00:00","author":{"@id":"https:\/\/universofamilia.com\/el\/#\/schema\/person\/f07ce98187dd84d31154262e79b3b7ca"},"description":"C\u00f3mo Recuperar Fotos Ocultas en el Celular. La Importancia de una Aplicaci\u00f3n de Recuperaci\u00f3n de Fotos...","breadcrumb":{"@id":"https:\/\/universofamilia.com\/sk\/como-recuperar-fotos-ocultas-en-el-celular\/#breadcrumb"},"inLanguage":"hu","potentialAction":[{"@type":"ReadAction","target":["https:\/\/universofamilia.com\/sk\/como-recuperar-fotos-ocultas-en-el-celular\/"]}]},{"@type":"ImageObject","inLanguage":"hu","@id":"https:\/\/universofamilia.com\/sk\/como-recuperar-fotos-ocultas-en-el-celular\/#primaryimage","url":"https:\/\/universofamilia.com\/wp-content\/uploads\/sites\/148\/2024\/07\/P-550x350-2.jpg","contentUrl":"https:\/\/universofamilia.com\/wp-content\/uploads\/sites\/148\/2024\/07\/P-550x350-2.jpg","width":550,"height":350,"caption":"C\u00f3mo Recuperar Fotos Ocultas en el Celular"},{"@type":"BreadcrumbList","@id":"https:\/\/universofamilia.com\/sk\/como-recuperar-fotos-ocultas-en-el-celular\/#breadcrumb","itemListElement":[{"@type":"ListItem","position":1,"name":"Home","item":"https:\/\/universofamilia.com\/el\/"},{"@type":"ListItem","position":2,"name":"C\u00f3mo Recuperar Fotos Ocultas en el Celular"}]},{"@type":"WebSite","@id":"https:\/\/universofamilia.com\/el\/#website","url":"https:\/\/universofamilia.com\/el\/","name":"Universo Fam\u00edlia","description":"","potentialAction":[{"@type":"SearchAction","target":{"@type":"EntryPoint","urlTemplate":"https:\/\/universofamilia.com\/el\/?s={search_term_string}"},"query-input":"required name=search_term_string"}],"inLanguage":"hu"},{"@type":"Person","@id":"https:\/\/universofamilia.com\/el\/#\/schema\/person\/f07ce98187dd84d31154262e79b3b7ca","name":"Pedro Henrique","image":{"@type":"ImageObject","inLanguage":"hu","@id":"https:\/\/universofamilia.com\/el\/#\/schema\/person\/image\/","url":"https:\/\/secure.gravatar.com\/avatar\/9edfeb808cb4e1599f64d6e45b130154?s=96&d=mm&r=g","contentUrl":"https:\/\/secure.gravatar.com\/avatar\/9edfeb808cb4e1599f64d6e45b130154?s=96&d=mm&r=g","caption":"Pedro Henrique"},"url":"https:\/\/universofamilia.com\/hu\/author\/editor01\/"}]}},"_links":{"self":[{"href":"https:\/\/universofamilia.com\/hu\/wp-json\/wp\/v2\/posts\/6198"}],"collection":[{"href":"https:\/\/universofamilia.com\/hu\/wp-json\/wp\/v2\/posts"}],"about":[{"href":"https:\/\/universofamilia.com\/hu\/wp-json\/wp\/v2\/types\/post"}],"author":[{"embeddable":true,"href":"https:\/\/universofamilia.com\/hu\/wp-json\/wp\/v2\/users\/139"}],"replies":[{"embeddable":true,"href":"https:\/\/universofamilia.com\/hu\/wp-json\/wp\/v2\/comments?post=6198"}],"version-history":[{"count":1,"href":"https:\/\/universofamilia.com\/hu\/wp-json\/wp\/v2\/posts\/6198\/revisions"}],"predecessor-version":[{"id":9670,"href":"https:\/\/universofamilia.com\/hu\/wp-json\/wp\/v2\/posts\/6198\/revisions\/9670"}],"wp:featuredmedia":[{"embeddable":true,"href":"https:\/\/universofamilia.com\/hu\/wp-json\/wp\/v2\/media\/6199"}],"wp:attachment":[{"href":"https:\/\/universofamilia.com\/hu\/wp-json\/wp\/v2\/media?parent=6198"}],"wp:term":[{"taxonomy":"category","embeddable":true,"href":"https:\/\/universofamilia.com\/hu\/wp-json\/wp\/v2\/categories?post=6198"},{"taxonomy":"post_tag","embeddable":true,"href":"https:\/\/universofamilia.com\/hu\/wp-json\/wp\/v2\/tags?post=6198"}],"curies":[{"name":"wp","href":"https:\/\/api.w.org\/{rel}","templated":true}]}}