{"id":6244,"date":"2024-07-10T16:25:47","date_gmt":"2024-07-10T19:25:47","guid":{"rendered":"https:\/\/universofamilia.com\/?p=6244"},"modified":"2026-04-15T11:18:26","modified_gmt":"2026-04-15T14:18:26","slug":"aprende-a-tejer-con-facilidad-en-tu-celular","status":"publish","type":"post","link":"https:\/\/universofamilia.com\/hu\/aprende-a-tejer-con-facilidad-en-tu-celular\/","title":{"rendered":"Tanulj meg k\u00f6nnyed\u00e9n k\u00f6tni a mobiltelefonodon"},"content":{"rendered":"<p>Az ut\u00f3bbi \u00e9vekben a k\u00f6t\u00e9s egyre n\u00e9pszer\u0171bb\u00e9 v\u00e1lt, mind a kezd\u0151k, mind a tapasztalt k\u00f6t\u0151k kedvenc tev\u00e9kenys\u00e9g\u00e9v\u00e9 v\u00e1lt.<\/p>\n\n\n\n<p>Ez az \u0151si technika, a sz\u00e1lak t\u0171vel val\u00f3 \u00f6sszefon\u00e1sa lehet\u0151v\u00e9 teszi egyedi \u00e9s szem\u00e9lyre szabott darabok k\u00e9sz\u00edt\u00e9s\u00e9t, valamint kiv\u00e1l\u00f3 m\u00f3dja a kikapcsol\u00f3d\u00e1snak \u00e9s a stresszold\u00e1snak.<\/p>\n\n\n\n<h3 class=\"wp-block-heading\">A sz\u00f6vet el\u0151nyei<\/h3>\n\n\n\n<p>A k\u00f6t\u00e9s sz\u00e1mos el\u0151nnyel j\u00e1r. Amellett, hogy foglalkoz\u00e1ster\u00e1pi\u00e1s hat\u00e1s\u00fa, seg\u00edt fejleszteni a kreativit\u00e1st, jav\u00edtja a koncentr\u00e1ci\u00f3t \u00e9s a tudatos pillanatokat biztos\u00edtja.<\/p>\n\n\n\n<p>N\u00f6velheti a termel\u00e9kenys\u00e9get is, mivel lehet\u0151v\u00e9 teszi, hogy saj\u00e1t kez\u0171leg valami k\u00e9zzelfoghat\u00f3t \u00e9s sz\u00e9pet alkoss.<\/p>\n\n\n\n<h3 class=\"wp-block-heading\">Az alkalmaz\u00e1sok szerepe<\/h3>\n\n\n\n<p>A technol\u00f3gia el\u00e9rhet\u0151v\u00e9 v\u00e1l\u00e1s\u00e1val a k\u00f6t\u00e9s elsaj\u00e1t\u00edt\u00e1sa m\u00e9g k\u00f6nnyebb\u00e9 v\u00e1lt.<\/p>\n\n\n\n<p>Sz\u00e1mos alkalmaz\u00e1s l\u00e9tezik, amelyek megk\u00f6nny\u00edtik a tanul\u00e1st, vide\u00f3leck\u00e9ket, l\u00e9p\u00e9sr\u0151l l\u00e9p\u00e9sre sz\u00f3l\u00f3 utas\u00edt\u00e1sokat, k\u00fcl\u00f6nf\u00e9le projekteket \u00e9s m\u00e9g sok m\u00e1st k\u00edn\u00e1lva.<\/p>\n\n\n\n<p>Ezek az alkalmaz\u00e1sok mindenki sz\u00e1m\u00e1ra el\u00e9rhet\u0151bb\u00e9 teszik a k\u00f6t\u00e9st, f\u00fcggetlen\u00fcl a k\u00e9pzetts\u00e9gi szintt\u0151l.<\/p>\n\n\n\n<h2 class=\"wp-block-heading\">Alkalmaz\u00e1si funkci\u00f3k<\/h2>\n\n\n\n<h3 class=\"wp-block-heading\">Vide\u00f3\u00f3r\u00e1k<\/h3>\n\n\n\n<p>A vide\u00f3k nagyszer\u0171 m\u00f3djai a k\u00f6t\u00e9s elsaj\u00e1t\u00edt\u00e1s\u00e1nak, mivel lehet\u0151v\u00e9 teszik, hogy minden egyes \u00f6lt\u00e9st vil\u00e1gosan \u00e9s r\u00e9szletesen vizualiz\u00e1lj.<\/p>\n\n\n\n<p>A vide\u00f3\u00f3r\u00e1k seg\u00edts\u00e9g\u00e9vel annyiszor sz\u00fcneteltetheted \u00e9s ism\u00e9telheted az \u00f3r\u00e1kat, ah\u00e1nyszor csak sz\u00fcks\u00e9ges, \u00edgy biztos lehetsz benne, hogy egyetlen r\u00e9szletr\u0151l sem maradsz le.<\/p>\n\n\n\n<h3 class=\"wp-block-heading\">L\u00e9p\u00e9sr\u0151l l\u00e9p\u00e9sre<\/h3>\n\n\n\n<p>A l\u00e9p\u00e9sr\u0151l l\u00e9p\u00e9sre bemutatott, f\u00e9nyk\u00e9pekkel vagy illusztr\u00e1ci\u00f3kkal k\u00eds\u00e9rt utas\u00edt\u00e1sok elengedhetetlenek ahhoz, hogy a sz\u00f6v\u0151 v\u00e9gigvezesse a l\u00e9trehoz\u00e1si folyamaton.<\/p>\n\n\n\n<p>Seg\u00edtenek meg\u00e9rteni a pontok helyes sorrendj\u00e9t \u00e9s elker\u00fclni a gyakori hib\u00e1kat.<\/p>\n\n\n\n<h3 class=\"wp-block-heading\">K\u00fcl\u00f6nb\u00f6z\u0151 projektek<\/h3>\n\n\n\n<p>Egy j\u00f3 k\u00f6t\u0151alkalmaz\u00e1snak v\u00e1ltozatos projekteket kell k\u00edn\u00e1lnia, hogy megfeleljen a k\u00fcl\u00f6nb\u00f6z\u0151 k\u00e9pzetts\u00e9gi szinteknek \u00e9s \u00e9rdekl\u0151d\u00e9si k\u00f6r\u00f6knek.<\/p>\n\n\n\n<p>Az egyszer\u0171 darabokt\u00f3l, mint p\u00e9ld\u00e1ul a kis kieg\u00e9sz\u00edt\u0151k, a bonyolultabb projektekig, mint p\u00e9ld\u00e1ul a ruh\u00e1zat \u00e9s a dekor\u00e1ci\u00f3.<\/p>\n\n\n\n<h3 class=\"wp-block-heading\">Tippek \u00e9s tr\u00fckk\u00f6k<\/h3>\n\n\n\n<p>A tippek \u00e9s tr\u00fckk\u00f6k \u00e9rt\u00e9kesek minden k\u00f6t\u0151 sz\u00e1m\u00e1ra. Seg\u00edthetnek a technik\u00e1k fejleszt\u00e9s\u00e9ben, a gyakori probl\u00e9m\u00e1k megold\u00e1s\u00e1ban, valamint a k\u00f6t\u00e9si folyamat hat\u00e9konyabb\u00e1 \u00e9s \u00e9lvezetesebb\u00e9 t\u00e9tel\u00e9ben.<\/p>\n\n\n\n<h3 class=\"wp-block-heading\">Online k\u00f6z\u00f6ss\u00e9g<\/h3>\n\n\n\n<p>Egy online k\u00f6z\u00f6ss\u00e9g t\u00e1mogat\u00e1st, motiv\u00e1ci\u00f3t \u00e9s lehet\u0151s\u00e9geket k\u00edn\u00e1l a k\u00f6t\u0151knek tapasztalataik megoszt\u00e1s\u00e1ra.<\/p>\n\n\n\n<p>A k\u00f6z\u00f6ss\u00e9gben val\u00f3 r\u00e9szv\u00e9tel nagyon gazdag\u00edt\u00f3 lehet, mivel tanulhatsz m\u00e1sokt\u00f3l, megoszthatod alkot\u00e1saidat \u00e9s visszajelz\u00e9st kaphatsz.<\/p>\n\n\n\n<p><\/p>\n\n\n\n<hr class=\"wp-block-separator has-text-color has-luminous-vivid-orange-color has-alpha-channel-opacity has-luminous-vivid-orange-background-color has-background\" \/>\n\n\n\n<h2 class=\"wp-block-heading\">Olvasd el m\u00e9g:<\/h2>\n\n\n\n<div class=\"wp-block-columns is-layout-flex wp-container-core-columns-layout-1 wp-block-columns-is-layout-flex\">\n<div class=\"wp-block-column is-layout-flow wp-block-column-is-layout-flow\">\n<div class=\"wp-block-buttons is-layout-flex wp-block-buttons-is-layout-flex\">\n<div class=\"wp-block-button has-custom-width wp-block-button__width-100 has-custom-font-size has-medium-font-size\" style=\"text-decoration:none\"><a class=\"wp-block-button__link has-white-color has-vivid-cyan-blue-background-color has-text-color has-background has-link-color has-text-align-left wp-element-button\" href=\"https:\/\/universofamilia.com\/hu\/5893\/acelera-tu-celular-despierta-tu-productividad\/\" style=\"border-radius:10px\" target=\"_blank\" rel=\"noreferrer noopener\"><font style=\"vertical-align: inherit\"><font style=\"vertical-align: inherit\">\ud83d\udccc Gyors\u00edtsd fel a mobiltelefonodat<\/font><\/font> &gt;<\/a><\/div>\n\n\n\n<div class=\"wp-block-button has-custom-width wp-block-button__width-100 has-custom-font-size has-medium-font-size\" style=\"text-decoration:none\"><a class=\"wp-block-button__link has-white-color has-vivid-cyan-blue-background-color has-text-color has-background has-link-color has-text-align-left wp-element-button\" href=\"https:\/\/universofamilia.com\/hu\/5869\/descubre-quien-te-esta-observando-en-las-redes-sociales\/\" style=\"border-radius:10px\" target=\"_blank\" rel=\"noreferrer noopener\"><font style=\"vertical-align: inherit\"><font style=\"vertical-align: inherit\"><font style=\"vertical-align: inherit\"><font style=\"vertical-align: inherit\">\ud83d\udccc Kik l\u00e1togatt\u00e1k meg a profilodat?<\/font><\/font><\/font><\/font> &gt;<\/a><\/div>\n<\/div>\n<\/div>\n<\/div>\n\n\n\n<hr class=\"wp-block-separator has-text-color has-luminous-vivid-orange-color has-alpha-channel-opacity has-luminous-vivid-orange-background-color has-background\" \/>\n\n\n\n<p><\/p>\n\n\n\n<h2 class=\"wp-block-heading\">Tov\u00e1bbi forr\u00e1sok<\/h2>\n\n\n\n<h3 class=\"wp-block-heading\">M\u00e9rt\u00e9kegys\u00e9g-\u00e1talak\u00edt\u00f3k<\/h3>\n\n\n\n<p>A m\u00e9rt\u00e9kegys\u00e9g-\u00e1tv\u00e1lt\u00f3k hasznosak a k\u00fcl\u00f6nb\u00f6z\u0151 t\u00edpus\u00fa fonalakkal \u00e9s t\u0171kkel val\u00f3 munk\u00e1hoz, biztos\u00edtva, hogy minden projekthez a megfelel\u0151 anyagokat haszn\u00e1ld.<\/p>\n\n\n\n<h3 class=\"wp-block-heading\">Id\u0151z\u00edt\u0151k<\/h3>\n\n\n\n<p>Az id\u0151z\u00edt\u0151k seg\u00edtenek nyomon k\u00f6vetni a munkaidej\u00e9t \u00e9s fenntartani a f\u00f3kuszt, lehet\u0151v\u00e9 t\u00e9ve, hogy zavar\u00f3 t\u00e9nyez\u0151k n\u00e9lk\u00fcl a k\u00f6t\u00e9s\u00e9re koncentr\u00e1ljon.<\/p>\n\n\n\n<h3 class=\"wp-block-heading\">Sorsz\u00e1ml\u00e1l\u00f3k<\/h3>\n\n\n\n<p>A sorsz\u00e1ml\u00e1l\u00f3k \u00e9rt\u00e9kes eszk\u00f6z\u00f6k a sz\u00e1lhaszn\u00e1lat monitoroz\u00e1s\u00e1hoz \u00e9s a pazarl\u00e1s elker\u00fcl\u00e9s\u00e9hez, k\u00fcl\u00f6n\u00f6sen nagyobb projektek eset\u00e9n.<\/p>\n\n\n\n<h3 class=\"wp-block-heading\">Projektlist\u00e1k<\/h3>\n\n\n\n<p>A projektlist\u00e1k seg\u00edtenek rendszerezni az \u00f6tleteidet \u00e9s nyomon k\u00f6vetni a halad\u00e1st, biztos\u00edtva, hogy ne maradj le a kreat\u00edv folyamat egyetlen szakasz\u00e1r\u00f3l sem.<\/p>\n\n\n\n<h3 class=\"wp-block-heading\">Virtu\u00e1lis \u00e1ruh\u00e1z<\/h3>\n\n\n\n<p>Az online \u00e1ruh\u00e1zakkal val\u00f3 integr\u00e1ci\u00f3 lehet\u0151v\u00e9 teszi, hogy k\u00f6zvetlen\u00fcl az alkalmaz\u00e1sb\u00f3l v\u00e1s\u00e1roljon textilanyagokat, \u00edgy k\u00f6nnyen hozz\u00e1f\u00e9rhet mindenhez, amire sz\u00fcks\u00e9ge van a projektjeihez.<\/p>\n\n\n\n<h2 class=\"wp-block-heading\">Tippek kezd\u0151knek<\/h2>\n\n\n\n<h3 class=\"wp-block-heading\">A megfelel\u0151 alkalmaz\u00e1s kiv\u00e1laszt\u00e1sa<\/h3>\n\n\n\n<p>A megfelel\u0151 alkalmaz\u00e1s kiv\u00e1laszt\u00e1sa kulcsfontoss\u00e1g\u00fa. Alkalmaz\u00e1s kiv\u00e1laszt\u00e1sakor vegye figyelembe a tud\u00e1sszintj\u00e9t \u00e9s az \u00e9rdekl\u0151d\u00e9si k\u00f6r\u00e9t.<\/p>\n\n\n\n<p>N\u00e9melyik ink\u00e1bb a kezd\u0151kre koncentr\u00e1l, m\u00edg m\u00e1sok halad\u00f3 forr\u00e1sokat k\u00edn\u00e1lnak a tapasztalt k\u00f6t\u0151k sz\u00e1m\u00e1ra.<\/p>\n\n\n\n<h3 class=\"wp-block-heading\">Kezdj egyszer\u0171 projektekkel<\/h3>\n\n\n\n<p>A kezd\u0151ket arra \u00f6szt\u00f6nzik, hogy egyszer\u0171 projektekkel kezdj\u00e9k az alapvet\u0151 k\u00e9szs\u00e9gek fejleszt\u00e9s\u00e9t, miel\u0151tt bonyolultabb projektekbe kezden\u00e9nek.<\/p>\n\n\n\n<p>Ez seg\u00edt az \u00f6nbizalom \u00e9s a tapasztalatszerz\u00e9sben.<\/p>\n\n\n\n<h3 class=\"wp-block-heading\">Gyakorolj gyakran<\/h3>\n\n\n\n<p>A rendszeres gyakorl\u00e1s elengedhetetlen a k\u00f6t\u00e9sk\u00e9szs\u00e9ged \u00e9s foly\u00e9konys\u00e1god fejleszt\u00e9s\u00e9hez. Sz\u00e1nj id\u0151t naponta vagy hetente a gyakorl\u00e1sra, \u00e9s jelent\u0151s el\u0151rel\u00e9p\u00e9st fogsz l\u00e1tni.<\/p>\n\n\n\n<h3 class=\"wp-block-heading\">K\u00f6z\u00f6ss\u00e9gi seg\u00edts\u00e9g keres\u00e9se<\/h3>\n\n\n\n<p>Ne habozz seg\u00edts\u00e9get k\u00e9rni az online k\u00f6z\u00f6ss\u00e9gt\u0151l. A f\u00f3rumokon, k\u00f6z\u00f6ss\u00e9gi m\u00e9dia csoportokban vagy alkalmaz\u00e1sk\u00f6z\u00f6ss\u00e9gekben val\u00f3 r\u00e9szv\u00e9tel t\u00e1mogat\u00e1st ny\u00fajthat \u00e9s tiszt\u00e1zhatja a k\u00e9rd\u00e9seidet.<\/p>\n\n\n\n<h3 class=\"wp-block-heading\">L\u00e9gy t\u00fcrelmes \u00e9s kitart\u00f3<\/h3>\n\n\n\n<p>A k\u00f6t\u00e9s elsaj\u00e1t\u00edt\u00e1sa id\u0151t \u00e9s elk\u00f6telezetts\u00e9get ig\u00e9nyel. Fontos a t\u00fcrelem \u00e9s a kitart\u00e1s, mivel minden \u00faj \u00f6lt\u00e9s \u00e9s technika, amit megtanulunk, egy l\u00e9p\u00e9s a k\u00f6t\u00e9s elsaj\u00e1t\u00edt\u00e1sa fel\u00e9.<\/p>\n\n\n\n<h2 class=\"wp-block-heading\">K\u00f6t\u00e9s k\u00f6t\u0151t\u0171vel: Egy pihentet\u0151 \u00e9s kifizet\u0151d\u0151 m\u0171v\u00e9szet<\/h2>\n\n\n\n<p>A k\u00f6t\u00e9s egy olyan m\u0171v\u00e9szet, amellyel gy\u00f6ny\u00f6r\u0171, szem\u00e9lyre szabott darabokat hozhatsz l\u00e9tre. \u00c9s a legjobb az eg\u00e9szben: k\u00f6nnyed\u00e9n megtanulhatod a telefonod seg\u00edts\u00e9g\u00e9vel!<\/p>\n\n\n\n<p>Ezt szem el\u0151tt tartva \u00f6ssze\u00e1ll\u00edtottam a h\u00e1rom legjobb k\u00f6t\u00e9stanul\u00f3 alkalmaz\u00e1s v\u00e1logat\u00e1s\u00e1t, mindegyik ingyenes \u00e9s megfelel a Google tartalomir\u00e1nyelveinek.<\/p>\n\n\n\n<h3 class=\"wp-block-heading\">1. Horgoltf\u00f6ld<\/h3>\n\n\n\n<ul>\n<li><strong>El\u00e9rhet\u0151<\/strong>Android \u00e9s iOS<\/li>\n\n\n\n<li><strong>K\u00e9pes\u00edt\u00e9s<\/strong>4.7 (Android) \u00e9s 4.9 (iOS)<\/li>\n<\/ul>\n\n\n\n<h4 class=\"wp-block-heading\">Amit a felhaszn\u00e1l\u00f3k szeretnek:<\/h4>\n\n\n\n<ul>\n<li><strong>Teljes tartalom<\/strong>R\u00e9szletes vide\u00f3leck\u00e9k kezd\u0151knek \u00e9s halad\u00f3 felhaszn\u00e1l\u00f3knak, az alapokt\u00f3l az \u00f6sszetett projektekig.<\/li>\n\n\n\n<li><strong>K\u00fcl\u00f6nb\u00f6z\u0151 darabok<\/strong>: Keress recepteket k\u00fcl\u00f6nf\u00e9le darabokhoz, bele\u00e9rtve a ruh\u00e1kat, amigurumokat, kieg\u00e9sz\u00edt\u0151ket \u00e9s dekor\u00e1ci\u00f3kat.<\/li>\n\n\n\n<li><strong>\u00c9l\u00e9nk k\u00f6z\u00f6ss\u00e9g<\/strong>: Besz\u00e9lgess m\u00e1s k\u00f6t\u0151kr\u0151l, oldd meg a k\u00e9telyeidet \u00e9s oszd meg alkot\u00e1saidat.<\/li>\n<\/ul>\n\n\n\n<h4 class=\"wp-block-heading\">Let\u00f6lt\u00e9si link:<\/h4>\n\n\n\n<ul>\n<li>iOS: <a href=\"https:\/\/iphone.apkpure.com\/app\/crochetland\/land.crochet.app\" target=\"_blank\" rel=\"noreferrer noopener\">iOS<\/a><\/li>\n<\/ul>\n\n\n\n<h3 class=\"wp-block-heading\">2. Egyszer\u0171 horgol\u00e1s<\/h3>\n\n\n\n<ul>\n<li><strong>El\u00e9rhet\u0151<\/strong>Android<\/li>\n\n\n\n<li><strong>K\u00e9pes\u00edt\u00e9s<\/strong>: 4.5 (Android)<\/li>\n<\/ul>\n\n\n\n<h4 class=\"wp-block-heading\">Amit a felhaszn\u00e1l\u00f3k szeretnek:<\/h4>\n\n\n\n<ul>\n<li><strong>Gyakorlatiass\u00e1g<\/strong>K\u00f6t\u00e9si mint\u00e1k PDF form\u00e1tumban, vil\u00e1gos \u00e9s k\u00f6nnyen k\u00f6vethet\u0151 utas\u00edt\u00e1sokkal.<\/li>\n\n\n\n<li><strong>K\u00fcl\u00f6nb\u00f6z\u0151 projektek<\/strong>Tal\u00e1lj minden \u00edzl\u00e9snek megfelel\u0151 darabot, a sz\u0151nyegekt\u0151l \u00e9s takar\u00f3kt\u00f3l kezdve a t\u00e1sk\u00e1kon \u00e1t a ruh\u00e1zatig.<\/li>\n\n\n\n<li><strong>Ide\u00e1lis kezd\u0151knek<\/strong>R\u00e9szletes utas\u00edt\u00e1sok \u00e9s szeml\u00e9ltet\u0151 fot\u00f3k minden ponthoz.<\/li>\n<\/ul>\n\n\n\n<h4 class=\"wp-block-heading\">Let\u00f6lt\u00e9si link:<\/h4>\n\n\n\n<ul>\n<li>Android: <a href=\"https:\/\/play.google.com\/store\/\" target=\"_blank\" rel=\"noreferrer noopener\">Egyszer\u0171 horgol\u00e1s<\/a><\/li>\n<\/ul>\n\n\n\n<h3 class=\"wp-block-heading\">3. Tanulj meg k\u00f6tni \u00e9s horgolni<\/h3>\n\n\n\n<ul>\n<li><strong>El\u00e9rhet\u0151<\/strong>Android<\/li>\n\n\n\n<li><strong>K\u00e9pes\u00edt\u00e9s<\/strong>4.4 (Android)<\/li>\n<\/ul>\n\n\n\n<h4 class=\"wp-block-heading\">Amit a felhaszn\u00e1l\u00f3k szeretnek:<\/h4>\n\n\n\n<ul>\n<li><strong>Vide\u00f3\u00f3r\u00e1k<\/strong>Tanulj meg alapvet\u0151 \u00e9s halad\u00f3 k\u00f6t\u00e9si \u00f6lt\u00e9seket magyar\u00e1z\u00f3 vide\u00f3 oktat\u00f3anyagok seg\u00edts\u00e9g\u00e9vel.<\/li>\n\n\n\n<li><strong>L\u00e9p\u00e9sr\u0151l l\u00e9p\u00e9sre halad\u00f3 projektek<\/strong>Alkoss leny\u0171g\u00f6z\u0151 darabokat r\u00e9szletes utas\u00edt\u00e1sok \u00e9s szeml\u00e9ltet\u0151 fot\u00f3k seg\u00edts\u00e9g\u00e9vel.<\/li>\n\n\n\n<li><strong>Tippek \u00e9s tr\u00fckk\u00f6k<\/strong>Fedezz fel technik\u00e1kat \u00e9s titkokat, amelyekkel t\u00f6k\u00e9letes\u00edtheted k\u00f6t\u00e9si k\u00e9szs\u00e9geidet.<\/li>\n<\/ul>\n\n\n\n<h4 class=\"wp-block-heading\">Let\u00f6lt\u00e9si link:<\/h4>\n\n\n\n<ul>\n<li>Android: <a href=\"https:\/\/play.google.com\/store\/\" target=\"_blank\" rel=\"noreferrer noopener\">Tanulj meg k\u00f6tni \u00e9s horgolni<\/a><\/li>\n<\/ul>\n\n\n<div class=\"wp-block-image\">\n<figure class=\"aligncenter size-full\"><img loading=\"lazy\" decoding=\"async\" width=\"550\" height=\"350\" src=\"http:\/\/universofamilia.com\/wp-content\/uploads\/sites\/148\/2024\/07\/P-550x350-1-3.jpg\" alt=\"\" class=\"wp-image-6245\" srcset=\"https:\/\/universofamilia.com\/wp-content\/uploads\/sites\/148\/2024\/07\/P-550x350-1-3.jpg 550w, https:\/\/universofamilia.com\/wp-content\/uploads\/sites\/148\/2024\/07\/P-550x350-1-3-300x191.jpg 300w\" sizes=\"(max-width: 550px) 100vw, 550px\" \/><figcaption class=\"wp-element-caption\">Tanulj meg k\u00f6nnyed\u00e9n k\u00f6tni a mobiltelefonodon<\/figcaption><\/figure><\/div>\n\n\n<h2 class=\"wp-block-heading\">Extra tippek az alkalmaz\u00e1sok maxim\u00e1lis kihaszn\u00e1l\u00e1s\u00e1hoz<\/h2>\n\n\n\n<h3 class=\"wp-block-heading\">Kezdj\u00fck az alapokkal<\/h3>\n\n\n\n<p>Saj\u00e1t\u00edtsd el az alapvet\u0151 \u00f6lt\u00e9seket, miel\u0151tt belefogn\u00e1l a bonyolultabb projektekbe. Ez seg\u00edt szil\u00e1rd alapot teremteni a k\u00f6t\u00e9si k\u00e9szs\u00e9geidhez.<\/p>\n\n\n\n<h3 class=\"wp-block-heading\">Gyakorolj gyakran<\/h3>\n\n\n\n<p>A k\u00f6t\u00e9sben a siker kulcsa a k\u00f6vetkezetes gyakorl\u00e1s. Rendszeresen sz\u00e1nj id\u0151t a gyakorl\u00e1sra, \u00e9s figyeld meg a halad\u00e1sodat.<\/p>\n\n\n\n<h3 class=\"wp-block-heading\">Ne f\u00e9lj hib\u00e1kat elk\u00f6vetni<\/h3>\n\n\n\n<p>A hib\u00e1k a tanul\u00e1si folyamat r\u00e9sz\u00e9t k\u00e9pezik. Ne cs\u00fcggedj, ha valami nem a terveid szerint alakul. Haszn\u00e1ld \u0151ket tanul\u00e1si \u00e9s fejl\u0151d\u00e9si lehet\u0151s\u00e9gk\u00e9nt.<\/p>\n\n\n\n<h3 class=\"wp-block-heading\">L\u00e9gy kreat\u00edv<\/h3>\n\n\n\n<p>Szem\u00e9lyre szabhatod projektjeidet sz\u00ednekkel, text\u00far\u00e1kkal \u00e9s k\u00fcl\u00f6nb\u00f6z\u0151 fonalfajt\u00e1kkal. Engedd szabadj\u00e1ra a kreativit\u00e1sod, \u00e9s k\u00eds\u00e9rletezz \u00faj \u00f6tletekkel.<\/p>\n\n\n\n<h3 class=\"wp-block-heading\">J\u00f3 sz\u00f3rakoz\u00e1st!<\/h3>\n\n\n\n<p>Mindenekel\u0151tt a k\u00f6t\u00e9snek kellemes \u00e9s pihentet\u0151 tev\u00e9kenys\u00e9gnek kell lennie. \u00c9lvezd a folyamatot, \u00e9s \u00e9rezd j\u00f3l magad az egyedi darabok elk\u00e9sz\u00edt\u00e9sekor.<\/p>\n\n\n\n<p>Ezekkel a leny\u0171g\u00f6z\u0151 alkalmaz\u00e1sokkal \u00e9s tov\u00e1bbi tippekkel felfedezheted a k\u00f6t\u00e9s var\u00e1zslatos vil\u00e1g\u00e1t, \u00e9s gy\u00f6ny\u00f6r\u0171, szem\u00e9lyre szabott darabokat alkothatsz!<\/p>","protected":false},"excerpt":{"rendered":"<p>En los \u00faltimos a\u00f1os, tejer se ha vuelto cada vez m\u00e1s popular, convirti\u00e9ndose en una actividad favorita tanto para principiantes como para tejedores experimentados. Esta antigua t\u00e9cnica de entrelazar hilos con una aguja permite crear piezas \u00fanicas y personalizadas, adem\u00e1s de ser una excelente manera de relajarse y desestresarse. Beneficios del Tejido Tejer ofrece numerosos [&hellip;]<\/p>","protected":false},"author":139,"featured_media":6245,"comment_status":"closed","ping_status":"open","sticky":false,"template":"","format":"standard","meta":{"footnotes":""},"categories":[2],"tags":[455,456,457],"yoast_head":"<!-- This site is optimized with the Yoast SEO plugin v23.3 - https:\/\/yoast.com\/wordpress\/plugins\/seo\/ -->\n<title>Aprende a Tejer con Facilidad en tu Celular - Universo Fam\u00edlia<\/title>\n<meta name=\"description\" content=\"Aprende a Tejer con Facilidad en tu Celular. En los \u00faltimos a\u00f1os, tejer se ha vuelto cada vez m\u00e1s popular...\" \/>\n<meta name=\"robots\" content=\"index, follow, max-snippet:-1, max-image-preview:large, max-video-preview:-1\" \/>\n<link rel=\"canonical\" href=\"https:\/\/universofamilia.com\/hu\/aprende-a-tejer-con-facilidad-en-tu-celular\/\" \/>\n<meta property=\"og:locale\" content=\"hu_HU\" \/>\n<meta property=\"og:type\" content=\"article\" \/>\n<meta property=\"og:title\" content=\"Aprende a Tejer con Facilidad en tu Celular - Universo Fam\u00edlia\" \/>\n<meta property=\"og:description\" content=\"Aprende a Tejer con Facilidad en tu Celular. En los \u00faltimos a\u00f1os, tejer se ha vuelto cada vez m\u00e1s popular...\" \/>\n<meta property=\"og:url\" content=\"https:\/\/universofamilia.com\/hu\/aprende-a-tejer-con-facilidad-en-tu-celular\/\" \/>\n<meta property=\"og:site_name\" content=\"Universo Fam\u00edlia\" \/>\n<meta property=\"article:published_time\" content=\"2024-07-10T19:25:47+00:00\" \/>\n<meta property=\"article:modified_time\" content=\"2026-04-15T14:18:26+00:00\" \/>\n<meta property=\"og:image\" content=\"https:\/\/universofamilia.com\/wp-content\/uploads\/sites\/148\/2024\/07\/P-550x350-1-3.jpg\" \/>\n\t<meta property=\"og:image:width\" content=\"550\" \/>\n\t<meta property=\"og:image:height\" content=\"350\" \/>\n\t<meta property=\"og:image:type\" content=\"image\/jpeg\" \/>\n<meta name=\"author\" content=\"Pedro Henrique\" \/>\n<meta name=\"twitter:card\" content=\"summary_large_image\" \/>\n<meta name=\"twitter:label1\" content=\"Written by\" \/>\n\t<meta name=\"twitter:data1\" content=\"Pedro Henrique\" \/>\n\t<meta name=\"twitter:label2\" content=\"Est. reading time\" \/>\n\t<meta name=\"twitter:data2\" content=\"7 perc\" \/>\n<script type=\"application\/ld+json\" class=\"yoast-schema-graph\">{\"@context\":\"https:\/\/schema.org\",\"@graph\":[{\"@type\":\"WebPage\",\"@id\":\"https:\/\/universofamilia.com\/cs\/aprende-a-tejer-con-facilidad-en-tu-celular\/\",\"url\":\"https:\/\/universofamilia.com\/cs\/aprende-a-tejer-con-facilidad-en-tu-celular\/\",\"name\":\"Aprende a Tejer con Facilidad en tu Celular - Universo Fam\u00edlia\",\"isPartOf\":{\"@id\":\"https:\/\/universofamilia.com\/el\/#website\"},\"primaryImageOfPage\":{\"@id\":\"https:\/\/universofamilia.com\/cs\/aprende-a-tejer-con-facilidad-en-tu-celular\/#primaryimage\"},\"image\":{\"@id\":\"https:\/\/universofamilia.com\/cs\/aprende-a-tejer-con-facilidad-en-tu-celular\/#primaryimage\"},\"thumbnailUrl\":\"https:\/\/universofamilia.com\/wp-content\/uploads\/sites\/148\/2024\/07\/P-550x350-1-3.jpg\",\"datePublished\":\"2024-07-10T19:25:47+00:00\",\"dateModified\":\"2026-04-15T14:18:26+00:00\",\"author\":{\"@id\":\"https:\/\/universofamilia.com\/el\/#\/schema\/person\/f07ce98187dd84d31154262e79b3b7ca\"},\"description\":\"Aprende a Tejer con Facilidad en tu Celular. En los \u00faltimos a\u00f1os, tejer se ha vuelto cada vez m\u00e1s popular...\",\"breadcrumb\":{\"@id\":\"https:\/\/universofamilia.com\/cs\/aprende-a-tejer-con-facilidad-en-tu-celular\/#breadcrumb\"},\"inLanguage\":\"hu\",\"potentialAction\":[{\"@type\":\"ReadAction\",\"target\":[\"https:\/\/universofamilia.com\/cs\/aprende-a-tejer-con-facilidad-en-tu-celular\/\"]}]},{\"@type\":\"ImageObject\",\"inLanguage\":\"hu\",\"@id\":\"https:\/\/universofamilia.com\/cs\/aprende-a-tejer-con-facilidad-en-tu-celular\/#primaryimage\",\"url\":\"https:\/\/universofamilia.com\/wp-content\/uploads\/sites\/148\/2024\/07\/P-550x350-1-3.jpg\",\"contentUrl\":\"https:\/\/universofamilia.com\/wp-content\/uploads\/sites\/148\/2024\/07\/P-550x350-1-3.jpg\",\"width\":550,\"height\":350,\"caption\":\"Aprende a Tejer con Facilidad en tu Celular\"},{\"@type\":\"BreadcrumbList\",\"@id\":\"https:\/\/universofamilia.com\/cs\/aprende-a-tejer-con-facilidad-en-tu-celular\/#breadcrumb\",\"itemListElement\":[{\"@type\":\"ListItem\",\"position\":1,\"name\":\"Home\",\"item\":\"https:\/\/universofamilia.com\/el\/\"},{\"@type\":\"ListItem\",\"position\":2,\"name\":\"Aprende a Tejer con Facilidad en tu Celular\"}]},{\"@type\":\"WebSite\",\"@id\":\"https:\/\/universofamilia.com\/el\/#website\",\"url\":\"https:\/\/universofamilia.com\/el\/\",\"name\":\"Universo Fam\u00edlia\",\"description\":\"\",\"potentialAction\":[{\"@type\":\"SearchAction\",\"target\":{\"@type\":\"EntryPoint\",\"urlTemplate\":\"https:\/\/universofamilia.com\/el\/?s={search_term_string}\"},\"query-input\":\"required name=search_term_string\"}],\"inLanguage\":\"hu\"},{\"@type\":\"Person\",\"@id\":\"https:\/\/universofamilia.com\/el\/#\/schema\/person\/f07ce98187dd84d31154262e79b3b7ca\",\"name\":\"Pedro Henrique\",\"image\":{\"@type\":\"ImageObject\",\"inLanguage\":\"hu\",\"@id\":\"https:\/\/universofamilia.com\/el\/#\/schema\/person\/image\/\",\"url\":\"https:\/\/secure.gravatar.com\/avatar\/9edfeb808cb4e1599f64d6e45b130154?s=96&d=mm&r=g\",\"contentUrl\":\"https:\/\/secure.gravatar.com\/avatar\/9edfeb808cb4e1599f64d6e45b130154?s=96&d=mm&r=g\",\"caption\":\"Pedro Henrique\"},\"url\":\"https:\/\/universofamilia.com\/hu\/author\/editor01\/\"}]}<\/script>\n<!-- \/ Yoast SEO plugin. -->","yoast_head_json":{"title":"Aprende a Tejer con Facilidad en tu Celular - Universo Fam\u00edlia","description":"Aprende a Tejer con Facilidad en tu Celular. En los \u00faltimos a\u00f1os, tejer se ha vuelto cada vez m\u00e1s popular...","robots":{"index":"index","follow":"follow","max-snippet":"max-snippet:-1","max-image-preview":"max-image-preview:large","max-video-preview":"max-video-preview:-1"},"canonical":"https:\/\/universofamilia.com\/hu\/aprende-a-tejer-con-facilidad-en-tu-celular\/","og_locale":"hu_HU","og_type":"article","og_title":"Aprende a Tejer con Facilidad en tu Celular - Universo Fam\u00edlia","og_description":"Aprende a Tejer con Facilidad en tu Celular. En los \u00faltimos a\u00f1os, tejer se ha vuelto cada vez m\u00e1s popular...","og_url":"https:\/\/universofamilia.com\/hu\/aprende-a-tejer-con-facilidad-en-tu-celular\/","og_site_name":"Universo Fam\u00edlia","article_published_time":"2024-07-10T19:25:47+00:00","article_modified_time":"2026-04-15T14:18:26+00:00","og_image":[{"width":550,"height":350,"url":"https:\/\/universofamilia.com\/wp-content\/uploads\/sites\/148\/2024\/07\/P-550x350-1-3.jpg","type":"image\/jpeg"}],"author":"Pedro Henrique","twitter_card":"summary_large_image","twitter_misc":{"Written by":"Pedro Henrique","Est. reading time":"7 perc"},"schema":{"@context":"https:\/\/schema.org","@graph":[{"@type":"WebPage","@id":"https:\/\/universofamilia.com\/cs\/aprende-a-tejer-con-facilidad-en-tu-celular\/","url":"https:\/\/universofamilia.com\/cs\/aprende-a-tejer-con-facilidad-en-tu-celular\/","name":"Aprende a Tejer con Facilidad en tu Celular - Universo Fam\u00edlia","isPartOf":{"@id":"https:\/\/universofamilia.com\/el\/#website"},"primaryImageOfPage":{"@id":"https:\/\/universofamilia.com\/cs\/aprende-a-tejer-con-facilidad-en-tu-celular\/#primaryimage"},"image":{"@id":"https:\/\/universofamilia.com\/cs\/aprende-a-tejer-con-facilidad-en-tu-celular\/#primaryimage"},"thumbnailUrl":"https:\/\/universofamilia.com\/wp-content\/uploads\/sites\/148\/2024\/07\/P-550x350-1-3.jpg","datePublished":"2024-07-10T19:25:47+00:00","dateModified":"2026-04-15T14:18:26+00:00","author":{"@id":"https:\/\/universofamilia.com\/el\/#\/schema\/person\/f07ce98187dd84d31154262e79b3b7ca"},"description":"Aprende a Tejer con Facilidad en tu Celular. En los \u00faltimos a\u00f1os, tejer se ha vuelto cada vez m\u00e1s popular...","breadcrumb":{"@id":"https:\/\/universofamilia.com\/cs\/aprende-a-tejer-con-facilidad-en-tu-celular\/#breadcrumb"},"inLanguage":"hu","potentialAction":[{"@type":"ReadAction","target":["https:\/\/universofamilia.com\/cs\/aprende-a-tejer-con-facilidad-en-tu-celular\/"]}]},{"@type":"ImageObject","inLanguage":"hu","@id":"https:\/\/universofamilia.com\/cs\/aprende-a-tejer-con-facilidad-en-tu-celular\/#primaryimage","url":"https:\/\/universofamilia.com\/wp-content\/uploads\/sites\/148\/2024\/07\/P-550x350-1-3.jpg","contentUrl":"https:\/\/universofamilia.com\/wp-content\/uploads\/sites\/148\/2024\/07\/P-550x350-1-3.jpg","width":550,"height":350,"caption":"Aprende a Tejer con Facilidad en tu Celular"},{"@type":"BreadcrumbList","@id":"https:\/\/universofamilia.com\/cs\/aprende-a-tejer-con-facilidad-en-tu-celular\/#breadcrumb","itemListElement":[{"@type":"ListItem","position":1,"name":"Home","item":"https:\/\/universofamilia.com\/el\/"},{"@type":"ListItem","position":2,"name":"Aprende a Tejer con Facilidad en tu Celular"}]},{"@type":"WebSite","@id":"https:\/\/universofamilia.com\/el\/#website","url":"https:\/\/universofamilia.com\/el\/","name":"Universo Fam\u00edlia","description":"","potentialAction":[{"@type":"SearchAction","target":{"@type":"EntryPoint","urlTemplate":"https:\/\/universofamilia.com\/el\/?s={search_term_string}"},"query-input":"required name=search_term_string"}],"inLanguage":"hu"},{"@type":"Person","@id":"https:\/\/universofamilia.com\/el\/#\/schema\/person\/f07ce98187dd84d31154262e79b3b7ca","name":"Pedro Henrique","image":{"@type":"ImageObject","inLanguage":"hu","@id":"https:\/\/universofamilia.com\/el\/#\/schema\/person\/image\/","url":"https:\/\/secure.gravatar.com\/avatar\/9edfeb808cb4e1599f64d6e45b130154?s=96&d=mm&r=g","contentUrl":"https:\/\/secure.gravatar.com\/avatar\/9edfeb808cb4e1599f64d6e45b130154?s=96&d=mm&r=g","caption":"Pedro Henrique"},"url":"https:\/\/universofamilia.com\/hu\/author\/editor01\/"}]}},"_links":{"self":[{"href":"https:\/\/universofamilia.com\/hu\/wp-json\/wp\/v2\/posts\/6244"}],"collection":[{"href":"https:\/\/universofamilia.com\/hu\/wp-json\/wp\/v2\/posts"}],"about":[{"href":"https:\/\/universofamilia.com\/hu\/wp-json\/wp\/v2\/types\/post"}],"author":[{"embeddable":true,"href":"https:\/\/universofamilia.com\/hu\/wp-json\/wp\/v2\/users\/139"}],"replies":[{"embeddable":true,"href":"https:\/\/universofamilia.com\/hu\/wp-json\/wp\/v2\/comments?post=6244"}],"version-history":[{"count":3,"href":"https:\/\/universofamilia.com\/hu\/wp-json\/wp\/v2\/posts\/6244\/revisions"}],"predecessor-version":[{"id":10754,"href":"https:\/\/universofamilia.com\/hu\/wp-json\/wp\/v2\/posts\/6244\/revisions\/10754"}],"wp:featuredmedia":[{"embeddable":true,"href":"https:\/\/universofamilia.com\/hu\/wp-json\/wp\/v2\/media\/6245"}],"wp:attachment":[{"href":"https:\/\/universofamilia.com\/hu\/wp-json\/wp\/v2\/media?parent=6244"}],"wp:term":[{"taxonomy":"category","embeddable":true,"href":"https:\/\/universofamilia.com\/hu\/wp-json\/wp\/v2\/categories?post=6244"},{"taxonomy":"post_tag","embeddable":true,"href":"https:\/\/universofamilia.com\/hu\/wp-json\/wp\/v2\/tags?post=6244"}],"curies":[{"name":"wp","href":"https:\/\/api.w.org\/{rel}","templated":true}]}}