{"id":6268,"date":"2024-07-16T12:45:25","date_gmt":"2024-07-16T15:45:25","guid":{"rendered":"https:\/\/universofamilia.com\/?p=6268"},"modified":"2024-07-16T12:45:25","modified_gmt":"2024-07-16T15:45:25","slug":"waymo-o-tesla-quien-gana-esta-disputa","status":"publish","type":"post","link":"https:\/\/universofamilia.com\/hu\/waymo-o-tesla-quien-gana-esta-disputa\/","title":{"rendered":"Waymo vagy Tesla? Ki nyeri ezt a vit\u00e1t?"},"content":{"rendered":"<p>A Waymo \u00e9s a Tesla k\u00f6z\u00f6tti vita az egyik legelkeseredettebb a technol\u00f3giai vil\u00e1gban.<\/p>\n\n\n\n<p>Mindk\u00e9t v\u00e1llalat az \u00f6nvezet\u0151 j\u00e1rm\u0171vek \u00e9lvonal\u00e1ban van, \u00e9s \u00edg\u00e9retet tesz arra, hogy forradalmas\u00edtja a k\u00f6zleked\u00e9st.<\/p>\n\n\n\n<p>De melyik\u00fck vezeti val\u00f3j\u00e1ban ezt a versenyt?<\/p>\n\n\n\n<p>Vizsg\u00e1ljuk meg az egyes v\u00e1llalatok kezdeteit, technol\u00f3giai \u00faj\u00edt\u00e1saikat, f\u0151bb k\u00fcl\u00f6nbs\u00e9geiket \u00e9s a befektetett er\u0151forr\u00e1sokat, hogy meg\u00e9rts\u00fck, ki \u00e1ll a legk\u00f6zelebb ahhoz, hogy uralja ezt a futurisztikus ipar\u00e1gat.<\/p>\n\n\n\n<h2 class=\"wp-block-heading\">A Waymo \u00e9s a Tesla kezdete<\/h2>\n\n\n\n<h3 class=\"wp-block-heading\">Waymo: A Google egyik r\u00e9szlege<\/h3>\n\n\n\n<p>A Waymo 2009-ben indult titkos projektk\u00e9nt a Google-\u00f6n bel\u00fcl, Project Chauffeur n\u00e9ven.<\/p>\n\n\n\n<p>2016-ban f\u00fcggetlen v\u00e1llalatk\u00e9nt m\u0171k\u00f6d\u00f6tt az Alphabet, a Google anyav\u00e1llalat\u00e1nak ir\u00e1ny\u00edt\u00e1sa alatt.<\/p>\n\n\n\n<p>A Waymo kezdett\u0151l fogva kiz\u00e1r\u00f3lag az \u00f6nvezet\u0151 j\u00e1rm\u0171vek technol\u00f3gi\u00e1j\u00e1nak fejleszt\u00e9s\u00e9re \u00f6sszpontos\u00edtott.<\/p>\n\n\n\n<p><\/p>\n\n\n\n<hr class=\"wp-block-separator has-text-color has-luminous-vivid-orange-color has-alpha-channel-opacity has-luminous-vivid-orange-background-color has-background\"\/>\n\n\n\n<h2 class=\"wp-block-heading\">Olvasd el m\u00e9g:<\/h2>\n\n\n\n<div class=\"wp-block-columns is-layout-flex wp-container-core-columns-layout-1 wp-block-columns-is-layout-flex\">\n<div class=\"wp-block-column is-layout-flow wp-block-column-is-layout-flow\">\n<div class=\"wp-block-buttons is-layout-flex wp-block-buttons-is-layout-flex\">\n<div class=\"wp-block-button has-custom-width wp-block-button__width-100 has-custom-font-size has-medium-font-size\" style=\"text-decoration:none\"><a class=\"wp-block-button__link has-white-color has-vivid-cyan-blue-background-color has-text-color has-background has-link-color has-text-align-left wp-element-button\" href=\"https:\/\/universofamilia.com\/hu\/5893\/acelera-tu-celular-despierta-tu-productividad\/\" style=\"border-radius:10px\" target=\"_blank\" rel=\"noreferrer noopener\"><font style=\"vertical-align: inherit;\"><font style=\"vertical-align: inherit;\">\ud83d\udccc Gyors\u00edtsd fel a mobiltelefonodat<\/font><\/font> &gt;<\/a><\/div>\n\n\n\n<div class=\"wp-block-button has-custom-width wp-block-button__width-100 has-custom-font-size has-medium-font-size\" style=\"text-decoration:none\"><a class=\"wp-block-button__link has-white-color has-vivid-cyan-blue-background-color has-text-color has-background has-link-color has-text-align-left wp-element-button\" href=\"https:\/\/universofamilia.com\/hu\/5869\/descubre-quien-te-esta-observando-en-las-redes-sociales\/\" style=\"border-radius:10px\" target=\"_blank\" rel=\"noreferrer noopener\"><font style=\"vertical-align: inherit;\"><font style=\"vertical-align: inherit;\"><font style=\"vertical-align: inherit;\"><font style=\"vertical-align: inherit;\">\ud83d\udccc Kik l\u00e1togatt\u00e1k meg a profilodat?<\/font><\/font><\/font><\/font> &gt;<\/a><\/div>\n<\/div>\n<\/div>\n<\/div>\n\n\n\n<hr class=\"wp-block-separator has-text-color has-luminous-vivid-orange-color has-alpha-channel-opacity has-luminous-vivid-orange-background-color has-background\"\/>\n\n\n\n<p><\/p>\n\n\n\n<h3 class=\"wp-block-heading\">Tesla: Elon Musk v\u00edzi\u00f3ja<\/h3>\n\n\n\n<p>A Tesl\u00e1t ezzel szemben 2003-ban alap\u00edtotta Martin Eberhard \u00e9s Marc Tarpenning, de akkor v\u00e1lt ismertt\u00e9, amikor Elon Musk lett a f\u0151 befektet\u0151 \u00e9s vez\u00e9rigazgat\u00f3.<\/p>\n\n\n\n<p>A Tesla kezdetben a nagy teljes\u00edtm\u00e9ny\u0171 elektromos aut\u00f3k fejleszt\u00e9s\u00e9ben jeleskedett, de Musk mindig is teljesen \u00f6nvezet\u0151 j\u00e1rm\u0171vek fejleszt\u00e9s\u00e9t k\u00e9pzelte el.<\/p>\n\n\n\n<h2 class=\"wp-block-heading\">Technol\u00f3giai innov\u00e1ci\u00f3k<\/h2>\n\n\n\n<h3 class=\"wp-block-heading\">Waymo: Vezet\u00e9s a Lidarban<\/h3>\n\n\n\n<p>A Waymo a LIDAR (f\u00e9ny\u00e9rz\u00e9kel\u00e9s \u00e9s -t\u00e1vols\u00e1gm\u00e9r\u00e9s) haszn\u00e1lat\u00e1ra vonatkoz\u00f3 robusztus megk\u00f6zel\u00edt\u00e9s\u00e9r\u0151l ismert.<\/p>\n\n\n\n<p>Ez a technol\u00f3gia l\u00e9zerek seg\u00edts\u00e9g\u00e9vel k\u00e9sz\u00edt prec\u00edz 3D-s t\u00e9rk\u00e9peket a j\u00e1rm\u0171 k\u00f6rnyezet\u00e9r\u0151l, lehet\u0151v\u00e9 t\u00e9ve a biztons\u00e1gosabb \u00e9s megb\u00edzhat\u00f3bb auton\u00f3m navig\u00e1ci\u00f3t.<\/p>\n\n\n\n<p>A Waymo m\u00e1r t\u00f6bb milli\u00f3 kilom\u00e9ternyi tesztel\u00e9st v\u00e9gzett k\u00f6zutakon, ami hozz\u00e1j\u00e1rul rendszereinek folyamatos fejleszt\u00e9s\u00e9hez.<\/p>\n\n\n\n<h3 class=\"wp-block-heading\">Tesla: A kamer\u00e1kra t\u00e1maszkodva<\/h3>\n\n\n\n<p>A Tesla m\u00e1s megk\u00f6zel\u00edt\u00e9st alkalmazott, a kamer\u00e1kra, a radarra \u00e9s az ultrahangra \u00f6sszpontos\u00edtott, elker\u00fclve a LIDAR haszn\u00e1lat\u00e1t.<\/p>\n\n\n\n<p>A v\u00e1llalat \u00fagy v\u00e9li, hogy egy sz\u00e1m\u00edt\u00f3g\u00e9pes l\u00e1t\u00f3rendszer, fejlett mesters\u00e9ges intelligenci\u00e1val kombin\u00e1lva, elegend\u0151 lehet az \u00f6nvezet\u0151 aut\u00f3k el\u00e9r\u00e9s\u00e9hez.<\/p>\n\n\n\n<p>A Tesla Autopilot rendszere m\u00e1r sz\u00e1mos j\u00e1rm\u0171v\u00e9ben el\u00e9rhet\u0151, \u00e9s folyamatosan fejl\u0151d\u0151, vezet\u00e9st\u00e1mogat\u00f3 funkci\u00f3kat k\u00edn\u00e1l.<\/p>\n\n\n\n<h2 class=\"wp-block-heading\">F\u0151 k\u00fcl\u00f6nbs\u00e9gek<\/h2>\n\n\n\n<h3 class=\"wp-block-heading\">Technol\u00f3giai megk\u00f6zel\u00edt\u00e9s<\/h3>\n\n\n\n<p>A Waymo \u00e9s a Tesla k\u00f6z\u00f6tti f\u0151 k\u00fcl\u00f6nbs\u00e9g a technol\u00f3giav\u00e1laszt\u00e1sukban rejlik. A Waymo a LIDAR-ra t\u00e1maszkodik, m\u00edg a Tesla kamer\u00e1kra \u00e9s sz\u00e1m\u00edt\u00f3g\u00e9pes l\u00e1t\u00e1sra.<\/p>\n\n\n\n<p>Ez a v\u00e1laszt\u00e1s t\u00fckr\u00f6zi a j\u00e1rm\u0171vek auton\u00f3mi\u00e1j\u00e1nak el\u00e9r\u00e9s\u00e9vel kapcsolatos elt\u00e9r\u0151 filoz\u00f3fi\u00e1jukat.<\/p>\n\n\n\n<h3 class=\"wp-block-heading\">Piaci strat\u00e9gia<\/h3>\n\n\n\n<p>A Waymo a sz\u00e1ll\u00edtm\u00e1nyoz\u00e1si \u00e9s logisztikai v\u00e1llalatokkal val\u00f3 partners\u00e9gekre \u00f6sszpontos\u00edt, \u00e9s n\u00e9h\u00e1ny amerikai v\u00e1rosban \u00f6nvezet\u0151 taxi szolg\u00e1ltat\u00e1sokat is \u00fczemeltet.<\/p>\n\n\n\n<p>A Tesla ezzel szemben k\u00f6zvetlen\u00fcl a fogyaszt\u00f3knak \u00e9rt\u00e9kes\u00edti j\u00e1rm\u0171veit, azt \u00edg\u00e9rve, hogy egy szoftverfriss\u00edt\u00e9ssel a j\u00f6v\u0151ben a h\u00e9tk\u00f6znapi aut\u00f3k \u00f6nvezet\u0151v\u00e9 alak\u00edthat\u00f3k.<\/p>\n\n\n\n<h3 class=\"wp-block-heading\">Befektet\u00e9sek \u00e9s er\u0151forr\u00e1sok<\/h3>\n\n\n\n<p>Mindk\u00e9t v\u00e1llalat milli\u00e1rdokat fektetett be az \u00f6nvezet\u0151 technol\u00f3gia fejleszt\u00e9s\u00e9be, de k\u00fcl\u00f6nb\u00f6z\u0151 m\u00f3dokon.<\/p>\n\n\n\n<p>A Waymo, mivel az Alphabet r\u00e9sze, hozz\u00e1f\u00e9r a Google hatalmas p\u00e9nz\u00fcgyi \u00e9s technol\u00f3giai er\u0151forr\u00e1saihoz.<\/p>\n\n\n\n<p>Az Elon Musk vezette Tesla is jelent\u0151s er\u0151forr\u00e1sokkal rendelkezik, de kutat\u00e1sainak finansz\u00edroz\u00e1s\u00e1hoz ink\u00e1bb az elektromos j\u00e1rm\u0171vek elad\u00e1saira t\u00e1maszkodik.<\/p>\n\n\n\n<h2 class=\"wp-block-heading\">Befektetett er\u0151forr\u00e1sok<\/h2>\n\n\n\n<h3 class=\"wp-block-heading\">Waymo<\/h3>\n\n\n\n<p>A Waymo m\u00e1r jelent\u0151s befektet\u00e9st kapott az Alphabett\u0151l, emellett strat\u00e9giai partners\u00e9geket k\u00f6t\u00f6tt olyan v\u00e1llalatokkal, mint a Fiat Chrysler \u00e9s a Jaguar Land Rover.<\/p>\n\n\n\n<p>Ezek az er\u0151forr\u00e1sok lehet\u0151v\u00e9 tett\u00e9k a Waymo sz\u00e1m\u00e1ra, hogy egy rendk\u00edv\u00fcl kifinomult tesztj\u00e1rm\u0171-flott\u00e1t hozzon l\u00e9tre.<\/p>\n\n\n\n<h3 class=\"wp-block-heading\">Tesla<\/h3>\n\n\n\n<p>A Tesla a n\u00e9pszer\u0171 elektromos j\u00e1rm\u0171vei mellett t\u0151zsd\u00e9n \u00e9s m\u00e1s kezdem\u00e9nyez\u00e9seken kereszt\u00fcl is gy\u0171jt\u00f6tt forr\u00e1sokat.<\/p>\n\n\n\n<p>A v\u00e1llalat emellett jelent\u0151s \u00f6sszegeket fektet be saj\u00e1t akkumul\u00e1torgy\u00e1raiba, az \u00fagynevezett Gigafactories-okba, hogy kiel\u00e9g\u00edtse a n\u00f6vekv\u0151 keresletet.<\/p>\n\n\n<div class=\"wp-block-image\">\n<figure class=\"aligncenter size-full\"><img loading=\"lazy\" decoding=\"async\" width=\"550\" height=\"350\" src=\"http:\/\/universofamilia.com\/wp-content\/uploads\/sites\/148\/2024\/07\/P-550x350-5-1.jpg\" alt=\"\" class=\"wp-image-6269\" srcset=\"https:\/\/universofamilia.com\/wp-content\/uploads\/sites\/148\/2024\/07\/P-550x350-5-1.jpg 550w, https:\/\/universofamilia.com\/wp-content\/uploads\/sites\/148\/2024\/07\/P-550x350-5-1-300x191.jpg 300w\" sizes=\"(max-width: 550px) 100vw, 550px\" \/><figcaption class=\"wp-element-caption\">Waymo vagy Tesla? Ki nyeri ezt a vit\u00e1t?<\/figcaption><\/figure><\/div>\n\n\n<h2 class=\"wp-block-heading\">Ki van el\u00f6l?<\/h2>\n\n\n\n<p>Nem k\u00f6nny\u0171 meg\u00e1llap\u00edtani, hogy ki nyeri a Waymo \u00e9s a Tesla k\u00f6z\u00f6tti vit\u00e1t, mivel mindkett\u0151nek elt\u00e9r\u0151 er\u0151ss\u00e9gei vannak.<\/p>\n\n\n\n<p>A Waymo el\u0151nyben van a bev\u00e1lt technol\u00f3gia \u00e9s a biztons\u00e1g tekintet\u00e9ben, k\u00f6sz\u00f6nhet\u0151en a LIDAR sz\u00e9lesk\u00f6r\u0171 haszn\u00e1lat\u00e1nak \u00e9s az \u00e9vekig tart\u00f3 szigor\u00fa tesztel\u00e9snek.<\/p>\n\n\n\n<p>A Tesla ezzel szemben k\u00f6zelebb \u00e1ll a fogyaszt\u00f3khoz, \u00e9s h\u0171s\u00e9ges \u00fcgyf\u00e9lk\u00f6rrel rendelkezik, amely hisz Elon Musk \u00f6nvezet\u0151 j\u00f6v\u0151r\u0151l alkotott v\u00edzi\u00f3j\u00e1ban.<\/p>\n\n\n\n<h2 class=\"wp-block-heading\">K\u00f6vetkeztet\u00e9s<\/h2>\n\n\n\n<p>A Waymo \u00e9s a Tesla k\u00fcl\u00f6nb\u00f6z\u0151 m\u00f3dokon vezetik az \u00f6nvezet\u0151 j\u00e1rm\u0171vek forradalm\u00e1t.<\/p>\n\n\n\n<p>M\u00edg a Waymo a LIDAR technol\u00f3gi\u00e1j\u00e1nak pontoss\u00e1g\u00e1val \u00e9s biztons\u00e1g\u00e1val jeleskedik, a Tesla leny\u0171g\u00f6z\u0151 az innovat\u00edv sz\u00e1m\u00edt\u00f3g\u00e9pes l\u00e1t\u00e1sm\u00f3dj\u00e1val \u00e9s a megfizethet\u0151 \u00f6nvezet\u0151 aut\u00f3k \u00edg\u00e9ret\u00e9vel.<\/p>\n\n\n\n<p>A verseny m\u00e9g kor\u00e1ntsem \u00e9rt v\u00e9get, \u00e9s izgalmas lesz l\u00e1tni, hogyan folytatja ez a k\u00e9t \u00f3ri\u00e1s az innov\u00e1ci\u00f3t \u00e9s hogyan alak\u00edtja a k\u00f6zleked\u00e9s j\u00f6v\u0151j\u00e9t.<\/p>\n\n\n\n<p>Ha t\u00f6bbet szeretne megtudni az egyes v\u00e1llalatok technol\u00f3gi\u00e1ir\u00f3l, l\u00e1togasson el a hivatalos weboldalaikra. <a href=\"https:\/\/waymo.com\" target=\"_blank\" rel=\"noreferrer noopener\">Waymo<\/a> \u00e9s <a href=\"https:\/\/tesla.com\" target=\"_blank\" rel=\"noreferrer noopener\">Tesla<\/a>.<\/p>\n\n\n\n<p>Oszd meg ezt a cikket a bar\u00e1taiddal, \u00e9s k\u00f6vesd ezt az izgalmas vit\u00e1t!<\/p>","protected":false},"excerpt":{"rendered":"<p>La disputa entre Waymo y Tesla es una de las m\u00e1s re\u00f1idas en el mundo de la tecnolog\u00eda. Ambas empresas est\u00e1n a la vanguardia de los veh\u00edculos aut\u00f3nomos, prometiendo revolucionar la forma en que nos movemos. Pero, \u00bfcu\u00e1l de ellas est\u00e1 realmente liderando esta carrera? Vamos a explorar los inicios de cada empresa, sus innovaciones [&hellip;]<\/p>","protected":false},"author":0,"featured_media":6269,"comment_status":"closed","ping_status":"open","sticky":false,"template":"","format":"standard","meta":{"footnotes":""},"categories":[2],"tags":[26,27,1565],"yoast_head":"<!-- This site is optimized with the Yoast SEO plugin v23.3 - https:\/\/yoast.com\/wordpress\/plugins\/seo\/ -->\n<title>\u00bfWaymo o Tesla? \u00bfQui\u00e9n Gana Esta Disputa? - Universo Fam\u00edlia<\/title>\n<meta name=\"description\" content=\"\u00bfWaymo o Tesla? \u00bfQui\u00e9n Gana Esta Disputa?. La disputa entre Waymo y Tesla es una de las m\u00e1s re\u00f1idas en el mundo de la tecnolog\u00eda....\" \/>\n<meta name=\"robots\" content=\"index, follow, max-snippet:-1, max-image-preview:large, max-video-preview:-1\" \/>\n<link rel=\"canonical\" href=\"https:\/\/universofamilia.com\/hu\/waymo-o-tesla-quien-gana-esta-disputa\/\" \/>\n<meta property=\"og:locale\" content=\"hu_HU\" \/>\n<meta property=\"og:type\" content=\"article\" \/>\n<meta property=\"og:title\" content=\"\u00bfWaymo o Tesla? \u00bfQui\u00e9n Gana Esta Disputa? - Universo Fam\u00edlia\" \/>\n<meta property=\"og:description\" content=\"\u00bfWaymo o Tesla? \u00bfQui\u00e9n Gana Esta Disputa?. La disputa entre Waymo y Tesla es una de las m\u00e1s re\u00f1idas en el mundo de la tecnolog\u00eda....\" \/>\n<meta property=\"og:url\" content=\"https:\/\/universofamilia.com\/hu\/waymo-o-tesla-quien-gana-esta-disputa\/\" \/>\n<meta property=\"og:site_name\" content=\"Universo Fam\u00edlia\" \/>\n<meta property=\"article:published_time\" content=\"2024-07-16T15:45:25+00:00\" \/>\n<meta property=\"og:image\" content=\"https:\/\/universofamilia.com\/wp-content\/uploads\/sites\/148\/2024\/07\/P-550x350-5-1.jpg\" \/>\n\t<meta property=\"og:image:width\" content=\"550\" \/>\n\t<meta property=\"og:image:height\" content=\"350\" \/>\n\t<meta property=\"og:image:type\" content=\"image\/jpeg\" \/>\n<meta name=\"twitter:card\" content=\"summary_large_image\" \/>\n<meta name=\"twitter:label1\" content=\"Est. reading time\" \/>\n\t<meta name=\"twitter:data1\" content=\"5 perc\" \/>\n<script type=\"application\/ld+json\" class=\"yoast-schema-graph\">{\"@context\":\"https:\/\/schema.org\",\"@graph\":[{\"@type\":\"WebPage\",\"@id\":\"https:\/\/universofamilia.com\/sr\/waymo-o-tesla-quien-gana-esta-disputa\/\",\"url\":\"https:\/\/universofamilia.com\/sr\/waymo-o-tesla-quien-gana-esta-disputa\/\",\"name\":\"\u00bfWaymo o Tesla? \u00bfQui\u00e9n Gana Esta Disputa? - Universo Fam\u00edlia\",\"isPartOf\":{\"@id\":\"https:\/\/universofamilia.com\/el\/#website\"},\"primaryImageOfPage\":{\"@id\":\"https:\/\/universofamilia.com\/sr\/waymo-o-tesla-quien-gana-esta-disputa\/#primaryimage\"},\"image\":{\"@id\":\"https:\/\/universofamilia.com\/sr\/waymo-o-tesla-quien-gana-esta-disputa\/#primaryimage\"},\"thumbnailUrl\":\"https:\/\/universofamilia.com\/wp-content\/uploads\/sites\/148\/2024\/07\/P-550x350-5-1.jpg\",\"datePublished\":\"2024-07-16T15:45:25+00:00\",\"dateModified\":\"2024-07-16T15:45:25+00:00\",\"author\":{\"@id\":\"\"},\"description\":\"\u00bfWaymo o Tesla? \u00bfQui\u00e9n Gana Esta Disputa?. La disputa entre Waymo y Tesla es una de las m\u00e1s re\u00f1idas en el mundo de la tecnolog\u00eda....\",\"breadcrumb\":{\"@id\":\"https:\/\/universofamilia.com\/sr\/waymo-o-tesla-quien-gana-esta-disputa\/#breadcrumb\"},\"inLanguage\":\"hu\",\"potentialAction\":[{\"@type\":\"ReadAction\",\"target\":[\"https:\/\/universofamilia.com\/sr\/waymo-o-tesla-quien-gana-esta-disputa\/\"]}]},{\"@type\":\"ImageObject\",\"inLanguage\":\"hu\",\"@id\":\"https:\/\/universofamilia.com\/sr\/waymo-o-tesla-quien-gana-esta-disputa\/#primaryimage\",\"url\":\"https:\/\/universofamilia.com\/wp-content\/uploads\/sites\/148\/2024\/07\/P-550x350-5-1.jpg\",\"contentUrl\":\"https:\/\/universofamilia.com\/wp-content\/uploads\/sites\/148\/2024\/07\/P-550x350-5-1.jpg\",\"width\":550,\"height\":350,\"caption\":\"\u00bfWaymo o Tesla? \u00bfQui\u00e9n Gana Esta Disputa?\"},{\"@type\":\"BreadcrumbList\",\"@id\":\"https:\/\/universofamilia.com\/sr\/waymo-o-tesla-quien-gana-esta-disputa\/#breadcrumb\",\"itemListElement\":[{\"@type\":\"ListItem\",\"position\":1,\"name\":\"Home\",\"item\":\"https:\/\/universofamilia.com\/el\/\"},{\"@type\":\"ListItem\",\"position\":2,\"name\":\"\u00bfWaymo o Tesla? \u00bfQui\u00e9n Gana Esta Disputa?\"}]},{\"@type\":\"WebSite\",\"@id\":\"https:\/\/universofamilia.com\/el\/#website\",\"url\":\"https:\/\/universofamilia.com\/el\/\",\"name\":\"Universo Fam\u00edlia\",\"description\":\"\",\"potentialAction\":[{\"@type\":\"SearchAction\",\"target\":{\"@type\":\"EntryPoint\",\"urlTemplate\":\"https:\/\/universofamilia.com\/el\/?s={search_term_string}\"},\"query-input\":\"required name=search_term_string\"}],\"inLanguage\":\"hu\"}]}<\/script>\n<!-- \/ Yoast SEO plugin. -->","yoast_head_json":{"title":"\u00bfWaymo o Tesla? \u00bfQui\u00e9n Gana Esta Disputa? - Universo Fam\u00edlia","description":"\u00bfWaymo o Tesla? \u00bfQui\u00e9n Gana Esta Disputa?. La disputa entre Waymo y Tesla es una de las m\u00e1s re\u00f1idas en el mundo de la tecnolog\u00eda....","robots":{"index":"index","follow":"follow","max-snippet":"max-snippet:-1","max-image-preview":"max-image-preview:large","max-video-preview":"max-video-preview:-1"},"canonical":"https:\/\/universofamilia.com\/hu\/waymo-o-tesla-quien-gana-esta-disputa\/","og_locale":"hu_HU","og_type":"article","og_title":"\u00bfWaymo o Tesla? \u00bfQui\u00e9n Gana Esta Disputa? - Universo Fam\u00edlia","og_description":"\u00bfWaymo o Tesla? \u00bfQui\u00e9n Gana Esta Disputa?. La disputa entre Waymo y Tesla es una de las m\u00e1s re\u00f1idas en el mundo de la tecnolog\u00eda....","og_url":"https:\/\/universofamilia.com\/hu\/waymo-o-tesla-quien-gana-esta-disputa\/","og_site_name":"Universo Fam\u00edlia","article_published_time":"2024-07-16T15:45:25+00:00","og_image":[{"width":550,"height":350,"url":"https:\/\/universofamilia.com\/wp-content\/uploads\/sites\/148\/2024\/07\/P-550x350-5-1.jpg","type":"image\/jpeg"}],"twitter_card":"summary_large_image","twitter_misc":{"Est. reading time":"5 perc"},"schema":{"@context":"https:\/\/schema.org","@graph":[{"@type":"WebPage","@id":"https:\/\/universofamilia.com\/sr\/waymo-o-tesla-quien-gana-esta-disputa\/","url":"https:\/\/universofamilia.com\/sr\/waymo-o-tesla-quien-gana-esta-disputa\/","name":"\u00bfWaymo o Tesla? \u00bfQui\u00e9n Gana Esta Disputa? - Universo Fam\u00edlia","isPartOf":{"@id":"https:\/\/universofamilia.com\/el\/#website"},"primaryImageOfPage":{"@id":"https:\/\/universofamilia.com\/sr\/waymo-o-tesla-quien-gana-esta-disputa\/#primaryimage"},"image":{"@id":"https:\/\/universofamilia.com\/sr\/waymo-o-tesla-quien-gana-esta-disputa\/#primaryimage"},"thumbnailUrl":"https:\/\/universofamilia.com\/wp-content\/uploads\/sites\/148\/2024\/07\/P-550x350-5-1.jpg","datePublished":"2024-07-16T15:45:25+00:00","dateModified":"2024-07-16T15:45:25+00:00","author":{"@id":""},"description":"\u00bfWaymo o Tesla? \u00bfQui\u00e9n Gana Esta Disputa?. La disputa entre Waymo y Tesla es una de las m\u00e1s re\u00f1idas en el mundo de la tecnolog\u00eda....","breadcrumb":{"@id":"https:\/\/universofamilia.com\/sr\/waymo-o-tesla-quien-gana-esta-disputa\/#breadcrumb"},"inLanguage":"hu","potentialAction":[{"@type":"ReadAction","target":["https:\/\/universofamilia.com\/sr\/waymo-o-tesla-quien-gana-esta-disputa\/"]}]},{"@type":"ImageObject","inLanguage":"hu","@id":"https:\/\/universofamilia.com\/sr\/waymo-o-tesla-quien-gana-esta-disputa\/#primaryimage","url":"https:\/\/universofamilia.com\/wp-content\/uploads\/sites\/148\/2024\/07\/P-550x350-5-1.jpg","contentUrl":"https:\/\/universofamilia.com\/wp-content\/uploads\/sites\/148\/2024\/07\/P-550x350-5-1.jpg","width":550,"height":350,"caption":"\u00bfWaymo o Tesla? \u00bfQui\u00e9n Gana Esta Disputa?"},{"@type":"BreadcrumbList","@id":"https:\/\/universofamilia.com\/sr\/waymo-o-tesla-quien-gana-esta-disputa\/#breadcrumb","itemListElement":[{"@type":"ListItem","position":1,"name":"Home","item":"https:\/\/universofamilia.com\/el\/"},{"@type":"ListItem","position":2,"name":"\u00bfWaymo o Tesla? \u00bfQui\u00e9n Gana Esta Disputa?"}]},{"@type":"WebSite","@id":"https:\/\/universofamilia.com\/el\/#website","url":"https:\/\/universofamilia.com\/el\/","name":"Universo Fam\u00edlia","description":"","potentialAction":[{"@type":"SearchAction","target":{"@type":"EntryPoint","urlTemplate":"https:\/\/universofamilia.com\/el\/?s={search_term_string}"},"query-input":"required name=search_term_string"}],"inLanguage":"hu"}]}},"_links":{"self":[{"href":"https:\/\/universofamilia.com\/hu\/wp-json\/wp\/v2\/posts\/6268"}],"collection":[{"href":"https:\/\/universofamilia.com\/hu\/wp-json\/wp\/v2\/posts"}],"about":[{"href":"https:\/\/universofamilia.com\/hu\/wp-json\/wp\/v2\/types\/post"}],"replies":[{"embeddable":true,"href":"https:\/\/universofamilia.com\/hu\/wp-json\/wp\/v2\/comments?post=6268"}],"version-history":[{"count":0,"href":"https:\/\/universofamilia.com\/hu\/wp-json\/wp\/v2\/posts\/6268\/revisions"}],"wp:featuredmedia":[{"embeddable":true,"href":"https:\/\/universofamilia.com\/hu\/wp-json\/wp\/v2\/media\/6269"}],"wp:attachment":[{"href":"https:\/\/universofamilia.com\/hu\/wp-json\/wp\/v2\/media?parent=6268"}],"wp:term":[{"taxonomy":"category","embeddable":true,"href":"https:\/\/universofamilia.com\/hu\/wp-json\/wp\/v2\/categories?post=6268"},{"taxonomy":"post_tag","embeddable":true,"href":"https:\/\/universofamilia.com\/hu\/wp-json\/wp\/v2\/tags?post=6268"}],"curies":[{"name":"wp","href":"https:\/\/api.w.org\/{rel}","templated":true}]}}