{"id":6271,"date":"2024-07-16T13:04:00","date_gmt":"2024-07-16T16:04:00","guid":{"rendered":"https:\/\/universofamilia.com\/?p=6271"},"modified":"2024-07-16T13:04:00","modified_gmt":"2024-07-16T16:04:00","slug":"quien-gana-esta-disputa-waymo-o-tesla","status":"publish","type":"post","link":"https:\/\/universofamilia.com\/hu\/quien-gana-esta-disputa-waymo-o-tesla\/","title":{"rendered":"Ki nyeri ezt a vit\u00e1t? Waymo vagy Tesla?"},"content":{"rendered":"<p>Az \u00f6nvezet\u0151 j\u00e1rm\u0171vek fejleszt\u00e9s\u00e9\u00e9rt folytatott verseny az ut\u00f3bbi \u00e9vek egyik legizgalmasabb technol\u00f3giai csat\u00e1ja volt.<\/p>\n\n\n\n<p>A f\u0151bb versenyt\u00e1rsak k\u00f6z\u00f6tt szerepel a Waymo \u00e9s a Tesla.<\/p>\n\n\n\n<p>Mindk\u00e9t v\u00e1llalat \u00e9len j\u00e1r ebben a forradalomban, de eg\u00e9szen elt\u00e9r\u0151 megk\u00f6zel\u00edt\u00e9sekkel \u00e9s strat\u00e9gi\u00e1kkal.<\/p>\n\n\n\n<p>Ebben a cikkben a Waymo \u00e9s a Tesla p\u00e1ly\u00e1j\u00e1t, technol\u00f3giai \u00faj\u00edt\u00e1saikat, a k\u00f6zt\u00fck l\u00e9v\u0151 f\u0151bb k\u00fcl\u00f6nbs\u00e9geket \u00e9s a befektetett er\u0151forr\u00e1sokat vizsg\u00e1ljuk meg.<\/p>\n\n\n\n<p>\u00cdgy eld\u00f6ntheted, hogy melyik tech\u00f3ri\u00e1s vezeti a versenyt.<\/p>\n\n\n\n<h2 class=\"wp-block-heading\">Minden v\u00e1llalkoz\u00e1s kezdete<\/h2>\n\n\n\n<h3 class=\"wp-block-heading\">Waymo<\/h3>\n\n\n\n<p>A Waymo, az Alphabet Inc. (a Google anyav\u00e1llalata) le\u00e1nyv\u00e1llalata, 2009-ben alakult.<\/p>\n\n\n\n<p>A Waymo k\u00fcldet\u00e9se a kezdetekt\u0151l fogva az volt, hogy az \u00f6nvezet\u0151 j\u00e1rm\u0171technol\u00f3gia seg\u00edts\u00e9g\u00e9vel biztons\u00e1gosabb\u00e1 \u00e9s k\u00f6nnyebben megk\u00f6zel\u00edthet\u0151v\u00e9 tegye az utakat.<\/p>\n\n\n\n<p>A v\u00e1llalat a Google \u00f6nvezet\u0151 aut\u00f3 projektjek\u00e9nt indult, \u00e9s az \u00e9vek sor\u00e1n a vil\u00e1g legfejlettebb \u00f6nvezet\u0151 technol\u00f3gi\u00e1i k\u00f6z\u00e9 tartoz\u00f3 n\u00e9h\u00e1nyat fejlesztett ki.<\/p>\n\n\n\n<h3 class=\"wp-block-heading\">Tesla<\/h3>\n\n\n\n<p>A Tesl\u00e1t ezzel szemben Elon Musk alap\u00edtotta 2003-ban, kezdetben az elektromos j\u00e1rm\u0171vekre \u00f6sszpontos\u00edtva.<\/p>\n\n\n\n<p>Musk c\u00e9lja mindig is az volt, hogy felgyors\u00edtsa a vil\u00e1g \u00e1t\u00e1ll\u00e1s\u00e1t a fenntarthat\u00f3 energi\u00e1ra.<\/p>\n\n\n\n<p>A Tesla 2014-ben kezdte el be\u00e9p\u00edteni az \u00f6nvezet\u0151 technol\u00f3gi\u00e1t j\u00e1rm\u0171veibe, ezt a kezdem\u00e9nyez\u00e9st \u201eAutopilot\u201d-nak nevezve el.<\/p>\n\n\n\n<p>Az\u00f3ta a Tesla domin\u00e1ns n\u00e9v mind az elektromos j\u00e1rm\u0171vek piac\u00e1n, mind az \u00f6nvezet\u0151 aut\u00f3k fejleszt\u00e9s\u00e9ben.<\/p>\n\n\n\n<p><\/p>\n\n\n\n<hr class=\"wp-block-separator has-text-color has-luminous-vivid-orange-color has-alpha-channel-opacity has-luminous-vivid-orange-background-color has-background\"\/>\n\n\n\n<h2 class=\"wp-block-heading\">Olvasd el m\u00e9g:<\/h2>\n\n\n\n<div class=\"wp-block-columns is-layout-flex wp-container-core-columns-layout-1 wp-block-columns-is-layout-flex\">\n<div class=\"wp-block-column is-layout-flow wp-block-column-is-layout-flow\">\n<div class=\"wp-block-buttons is-layout-flex wp-block-buttons-is-layout-flex\">\n<div class=\"wp-block-button has-custom-width wp-block-button__width-100 has-custom-font-size has-medium-font-size\" style=\"text-decoration:none\"><a class=\"wp-block-button__link has-white-color has-vivid-cyan-blue-background-color has-text-color has-background has-link-color has-text-align-left wp-element-button\" href=\"https:\/\/universofamilia.com\/hu\/5893\/acelera-tu-celular-despierta-tu-productividad\/\" style=\"border-radius:10px\" target=\"_blank\" rel=\"noreferrer noopener\"><font style=\"vertical-align: inherit;\"><font style=\"vertical-align: inherit;\">\ud83d\udccc Gyors\u00edtsd fel a mobiltelefonodat<\/font><\/font> &gt;<\/a><\/div>\n\n\n\n<div class=\"wp-block-button has-custom-width wp-block-button__width-100 has-custom-font-size has-medium-font-size\" style=\"text-decoration:none\"><a class=\"wp-block-button__link has-white-color has-vivid-cyan-blue-background-color has-text-color has-background has-link-color has-text-align-left wp-element-button\" href=\"https:\/\/universofamilia.com\/hu\/5869\/descubre-quien-te-esta-observando-en-las-redes-sociales\/\" style=\"border-radius:10px\" target=\"_blank\" rel=\"noreferrer noopener\"><font style=\"vertical-align: inherit;\"><font style=\"vertical-align: inherit;\"><font style=\"vertical-align: inherit;\"><font style=\"vertical-align: inherit;\">\ud83d\udccc Kik l\u00e1togatt\u00e1k meg a profilodat?<\/font><\/font><\/font><\/font> &gt;<\/a><\/div>\n<\/div>\n<\/div>\n<\/div>\n\n\n\n<hr class=\"wp-block-separator has-text-color has-luminous-vivid-orange-color has-alpha-channel-opacity has-luminous-vivid-orange-background-color has-background\"\/>\n\n\n\n<p><\/p>\n\n\n\n<h2 class=\"wp-block-heading\">Technol\u00f3giai innov\u00e1ci\u00f3<\/h2>\n\n\n\n<h3 class=\"wp-block-heading\">Waymo<\/h3>\n\n\n\n<p>A Waymo fejlett \u00e9rz\u00e9kel\u0151k kombin\u00e1ci\u00f3j\u00e1t haszn\u00e1lja, bele\u00e9rtve a LiDAR-t (f\u00e9ny\u00e9rz\u00e9kel\u00e9s \u00e9s -t\u00e1vols\u00e1g\u00e9rz\u00e9kel\u0151), kamer\u00e1kat \u00e9s radarokat a j\u00e1rm\u0171 k\u00f6r\u00fcli k\u00f6rnyezet navig\u00e1l\u00e1s\u00e1hoz \u00e9s felt\u00e9rk\u00e9pez\u00e9s\u00e9hez.<\/p>\n\n\n\n<p>A LiDAR k\u00fcl\u00f6n\u00f6sen hat\u00e9kony a r\u00e9szletes 3D-s t\u00e9rk\u00e9pek l\u00e9trehoz\u00e1s\u00e1ban, lehet\u0151v\u00e9 t\u00e9ve az \u00f6nvezet\u0151 j\u00e1rm\u0171vek sz\u00e1m\u00e1ra, hogy millim\u00e9teres pontoss\u00e1ggal \u201el\u00e1ss\u00e1k\u201d a k\u00f6rnyezet\u00fcket.<\/p>\n\n\n\n<p>Ezenk\u00edv\u00fcl a Waymo kifinomult mesters\u00e9ges intelligencia alap\u00fa szoftvert fejlesztett ki, amely tanul \u00e9s alkalmazkodik a k\u00fcl\u00f6nb\u00f6z\u0151 vezet\u00e9si helyzetekhez.<\/p>\n\n\n\n<h3 class=\"wp-block-heading\">Tesla<\/h3>\n\n\n\n<p>A Tesla m\u00e1s megk\u00f6zel\u00edt\u00e9st alkalmaz, els\u0151sorban a kamer\u00e1kra \u00e9s radarokra \u00f6sszpontos\u00edtva az \u00f6nvezet\u0151 k\u00e9pess\u00e9geihez.<\/p>\n\n\n\n<p>Elon Musk hangosan b\u00edr\u00e1lta a LiDAR-t, azzal \u00e9rvelve, hogy a technol\u00f3gia dr\u00e1ga \u00e9s felesleges.<\/p>\n\n\n\n<p>Ehelyett a Tesla egy fejlett neur\u00e1lis h\u00e1l\u00f3zatra t\u00e1maszkodik a kamerak\u00e9pek feldolgoz\u00e1s\u00e1hoz, lehet\u0151v\u00e9 t\u00e9ve az Autopilot \u00e9s a teljesen \u00f6nvezet\u0151 (FSD) rendszerek sz\u00e1m\u00e1ra a folyamatos tanul\u00e1st \u00e9s fejl\u0151d\u00e9st a vezet\u00e9k n\u00e9lk\u00fcli szoftverfriss\u00edt\u00e9sek r\u00e9v\u00e9n.<\/p>\n\n\n\n<h2 class=\"wp-block-heading\">F\u0151 k\u00fcl\u00f6nbs\u00e9gek<\/h2>\n\n\n\n<h3 class=\"wp-block-heading\">Technol\u00f3giai megk\u00f6zel\u00edt\u00e9s<\/h3>\n\n\n\n<p>A Waymo \u00e9s a Tesla k\u00f6z\u00f6tti f\u0151 k\u00fcl\u00f6nbs\u00e9g a technol\u00f3giai megk\u00f6zel\u00edt\u00e9s\u00fckben rejlik. A Waymo jelent\u0151s \u00f6sszegeket fektet be a LiDAR-ba, m\u00edg a Tesla kamer\u00e1kra \u00e9s radarokra t\u00e1maszkodik.<\/p>\n\n\n\n<p>Ez egy alapvet\u0151en elt\u00e9r\u0151 filoz\u00f3fi\u00e1t t\u00fckr\u00f6z arr\u00f3l, hogyan kellene az \u00f6nvezet\u0151 j\u00e1rm\u0171veknek \u201el\u00e1tniuk\u201d a vil\u00e1got.<\/p>\n\n\n\n<h3 class=\"wp-block-heading\">Auton\u00f3mia szintje<\/h3>\n\n\n\n<p>A Waymo \u00f6nvezet\u0151 taxikb\u00f3l \u00e1ll\u00f3 flott\u00e1kat tesztel \u00e9s \u00fczemeltet olyan amerikai v\u00e1rosokban, mint az arizonai Phoenix. J\u00e1rm\u0171vei bizonyos ter\u00fcleteken biztons\u00e1gi sof\u0151r n\u00e9lk\u00fcl is k\u00e9pesek k\u00f6zlekedni. A Tesla ezzel szemben tov\u00e1bbra is megk\u00f6veteli a sof\u0151r\u00f6kt\u0151l, hogy b\u00e1rmikor k\u00e9szen \u00e1lljanak az ir\u00e1ny\u00edt\u00e1s \u00e1tv\u00e9tel\u00e9re, m\u00e9g akkor is, ha a teljesen \u00f6nvezet\u0151 \u00fczemm\u00f3d enged\u00e9lyezve van.<\/p>\n\n\n\n<h3 class=\"wp-block-heading\">\u00dczleti modell<\/h3>\n\n\n\n<p>A Waymo az \u00f6nvezet\u0151 taxi szolg\u00e1ltat\u00e1s fejleszt\u00e9s\u00e9re \u00f6sszpontos\u00edt, m\u00edg a Tesla k\u00f6zvetlen\u00fcl a fogyaszt\u00f3knak \u00e9rt\u00e9kes\u00edt \u00f6nvezet\u0151 j\u00e1rm\u0171veket.<\/p>\n\n\n\n<p>Ez azt jelenti, hogy a Tesla \u00f6nvezet\u0151 technol\u00f3gi\u00e1j\u00e1nak felhaszn\u00e1l\u00f3i \u00e9lm\u00e9nye integr\u00e1lva van az aut\u00f3tulajdonl\u00e1sba, m\u00edg a Waymo\u00e9 egy szolg\u00e1ltat\u00e1si modellen alapul.<\/p>\n\n\n\n<h2 class=\"wp-block-heading\">Befektetett er\u0151forr\u00e1sok<\/h2>\n\n\n\n<h3 class=\"wp-block-heading\">Waymo<\/h3>\n\n\n\n<p>A Waymo jelent\u0151s befektet\u00e9st kapott az Alphabet Inc.-t\u0151l \u00e9s m\u00e1s befektet\u0151kt\u0151l. A projekt az Alphabet hatalmas rendelkez\u00e9sre \u00e1ll\u00f3 t\u0151k\u00e9j\u00e9re \u00e9s a legmodernebb technol\u00f3gi\u00e1hoz val\u00f3 hozz\u00e1f\u00e9r\u00e9s\u00e9re t\u00e1maszkodik.<\/p>\n\n\n\n<p>A Waymo aut\u00f3gy\u00e1rt\u00f3kkal is partners\u00e9gben \u00e1ll, hogy technol\u00f3gi\u00e1j\u00e1t k\u00fcl\u00f6nb\u00f6z\u0151 j\u00e1rm\u0171platformokba integr\u00e1lja.<\/p>\n\n\n\n<h3 class=\"wp-block-heading\">Tesla<\/h3>\n\n\n\n<p>A Tesla a nyeres\u00e9g\u00e9nek nagy r\u00e9sz\u00e9t visszaforgatja az \u00f6nvezet\u0151 technol\u00f3gi\u00e1j\u00e1nak kutat\u00e1s\u00e1ba \u00e9s fejleszt\u00e9s\u00e9be.<\/p>\n\n\n\n<p>Elon Musk gyakran hangs\u00falyozza, hogy az Autopilot \u00e9s a teljesen \u00f6nvezet\u0151 aut\u00f3k fejleszt\u00e9se kulcsfontoss\u00e1g\u00fa a v\u00e1llalat j\u00f6v\u0151je szempontj\u00e1b\u00f3l.<\/p>\n\n\n\n<p>A Tesla emellett a j\u00e1rm\u0171vei \u00e1ltal megtett t\u00f6bb milli\u00f3 kilom\u00e9terb\u0151l sz\u00e1rmaz\u00f3 adatokat is felhaszn\u00e1lja auton\u00f3m rendszereinek folyamatos fejleszt\u00e9s\u00e9re.<\/p>\n\n\n<div class=\"wp-block-image\">\n<figure class=\"aligncenter size-full\"><img loading=\"lazy\" decoding=\"async\" width=\"550\" height=\"350\" src=\"http:\/\/universofamilia.com\/wp-content\/uploads\/sites\/148\/2024\/07\/P-550x350-6-1.jpg\" alt=\"\" class=\"wp-image-6272\" srcset=\"https:\/\/universofamilia.com\/wp-content\/uploads\/sites\/148\/2024\/07\/P-550x350-6-1.jpg 550w, https:\/\/universofamilia.com\/wp-content\/uploads\/sites\/148\/2024\/07\/P-550x350-6-1-300x191.jpg 300w\" sizes=\"(max-width: 550px) 100vw, 550px\" \/><figcaption class=\"wp-element-caption\">Ki nyeri ezt a vit\u00e1t? Waymo vagy Tesla?<\/figcaption><\/figure><\/div>\n\n\n<h2 class=\"wp-block-heading\">Ki van az \u00e9len?<\/h2>\n\n\n\n<p>A k\u00e9rd\u00e9sre adott v\u00e1lasz att\u00f3l f\u00fcgg, hogy milyen krit\u00e9riumokat haszn\u00e1lnak a siker m\u00e9r\u00e9s\u00e9re.<\/p>\n\n\n\n<p>A technol\u00f3gia \u00e9s a biztons\u00e1g tekintet\u00e9ben a Waymo tekinthet\u0151 vezet\u0151nek, k\u00fcl\u00f6n\u00f6sen a LiDAR fejlett haszn\u00e1lat\u00e1val \u00e9s az amerikai v\u00e1rosokban v\u00e9gzett \u00f6nvezet\u0151 taxim\u0171veleteivel.<\/p>\n\n\n\n<p>A Tesla azonban sz\u00e9les k\u00f6rben elismert innovat\u00edv megk\u00f6zel\u00edt\u00e9s\u00e9\u00e9rt \u00e9s a j\u00e1rm\u0171vei auton\u00f3m funkcionalit\u00e1s\u00e1nak jav\u00edt\u00e1s\u00e1t c\u00e9lz\u00f3 szoftverfriss\u00edt\u00e9sek gyors telep\u00edt\u00e9s\u00e9re val\u00f3 k\u00e9pess\u00e9g\u00e9\u00e9rt.<\/p>\n\n\n\n<h3 class=\"wp-block-heading\">Tov\u00e1bbi inform\u00e1ci\u00f3k\u00e9rt linkek<\/h3>\n\n\n\n<ul>\n<li><a href=\"https:\/\/waymo.com\" target=\"_blank\" rel=\"noreferrer noopener\">Waymo<\/a><\/li>\n\n\n\n<li><a href=\"https:\/\/tesla.com\" target=\"_blank\" rel=\"noreferrer noopener\">Tesla<\/a><\/li>\n<\/ul>\n\n\n\n<h2 class=\"wp-block-heading\">K\u00f6vetkeztet\u00e9s<\/h2>\n\n\n\n<p>Mind a Waymo, mind a Tesla az \u00f6nvezet\u0151 j\u00e1rm\u0171technol\u00f3gia hat\u00e1rait feszegeti, de elt\u00e9r\u0151 megk\u00f6zel\u00edt\u00e9sekkel \u00e9s strat\u00e9gi\u00e1kkal.<\/p>\n\n\n\n<p>A Waymo a biztons\u00e1gra \u00e9s a pontoss\u00e1gra \u00f6sszpontos\u00edt a LiDAR \u00e9s az \u00f6nvezet\u0151 taxik haszn\u00e1lat\u00e1val, m\u00edg a Tesla a hat\u00e9konys\u00e1gra \u00e9s a sk\u00e1l\u00e1zhat\u00f3s\u00e1gra \u00f6sszpontos\u00edt a fogyaszt\u00f3i j\u00e1rm\u0171vekbe integr\u00e1lt kamer\u00e1kkal \u00e9s radarokkal.<\/p>\n\n\n\n<p>V\u00e9gs\u0151 soron az, hogy ki nyeri ezt a csat\u00e1t, m\u00e9g mindig d\u0151lt el, de mindk\u00e9t v\u00e1llalat folyamatos fejl\u0151d\u00e9se izgalmas j\u00f6v\u0151t \u00edg\u00e9r az \u00f6nvezet\u0151 mobilit\u00e1s sz\u00e1m\u00e1ra.<\/p>\n\n\n\n<p>Oszd meg ezt a cikket a bar\u00e1taiddal, hogy mindenki t\u00f6bbet megtudjon err\u0151l a leny\u0171g\u00f6z\u0151 tech versenyr\u0151l!<\/p>","protected":false},"excerpt":{"rendered":"<p>Az \u00f6nvezet\u0151 j\u00e1rm\u0171vek fejleszt\u00e9s\u00e9\u00e9rt folytatott verseny az ut\u00f3bbi \u00e9vek egyik legizgalmasabb technol\u00f3giai csat\u00e1ja volt. A f\u0151 versenyt\u00e1rsak k\u00f6z\u00f6tt van a Waymo \u00e9s a Tesla. Mindk\u00e9t v\u00e1llalat \u00e9len j\u00e1r ebben a forradalomban, de meglehet\u0151sen elt\u00e9r\u0151 megk\u00f6zel\u00edt\u00e9sekkel \u00e9s strat\u00e9gi\u00e1kkal. Ebben a cikkben a Waymo \u00e9s a Tesla p\u00e1ly\u00e1j\u00e1t vizsg\u00e1ljuk meg.<\/p>","protected":false},"author":0,"featured_media":6272,"comment_status":"closed","ping_status":"open","sticky":false,"template":"","format":"standard","meta":{"footnotes":""},"categories":[5],"tags":[22,26,27],"yoast_head":"<!-- This site is optimized with the Yoast SEO plugin v23.3 - https:\/\/yoast.com\/wordpress\/plugins\/seo\/ -->\n<title>\u00bfQui\u00e9n Gana esta Disputa? \u00bfWaymo o Tesla? - Universo Fam\u00edlia<\/title>\n<meta name=\"description\" content=\"\u00bfQui\u00e9n Gana esta Disputa? \u00bfWaymo o Tesla?. La carrera por el desarrollo de veh\u00edculos aut\u00f3nomos ha sido una de las disputas tecnol\u00f3gicas...\" \/>\n<meta name=\"robots\" content=\"index, follow, max-snippet:-1, max-image-preview:large, max-video-preview:-1\" \/>\n<link rel=\"canonical\" href=\"https:\/\/universofamilia.com\/hu\/quien-gana-esta-disputa-waymo-o-tesla\/\" \/>\n<meta property=\"og:locale\" content=\"hu_HU\" \/>\n<meta property=\"og:type\" content=\"article\" \/>\n<meta property=\"og:title\" content=\"\u00bfQui\u00e9n Gana esta Disputa? \u00bfWaymo o Tesla? - Universo Fam\u00edlia\" \/>\n<meta property=\"og:description\" content=\"\u00bfQui\u00e9n Gana esta Disputa? \u00bfWaymo o Tesla?. La carrera por el desarrollo de veh\u00edculos aut\u00f3nomos ha sido una de las disputas tecnol\u00f3gicas...\" \/>\n<meta property=\"og:url\" content=\"https:\/\/universofamilia.com\/hu\/quien-gana-esta-disputa-waymo-o-tesla\/\" \/>\n<meta property=\"og:site_name\" content=\"Universo Fam\u00edlia\" \/>\n<meta property=\"article:published_time\" content=\"2024-07-16T16:04:00+00:00\" \/>\n<meta property=\"og:image\" content=\"https:\/\/universofamilia.com\/wp-content\/uploads\/sites\/148\/2024\/07\/P-550x350-6-1.jpg\" \/>\n\t<meta property=\"og:image:width\" content=\"550\" \/>\n\t<meta property=\"og:image:height\" content=\"350\" \/>\n\t<meta property=\"og:image:type\" content=\"image\/jpeg\" \/>\n<meta name=\"twitter:card\" content=\"summary_large_image\" \/>\n<meta name=\"twitter:label1\" content=\"Est. reading time\" \/>\n\t<meta name=\"twitter:data1\" content=\"6 perc\" \/>\n<script type=\"application\/ld+json\" class=\"yoast-schema-graph\">{\"@context\":\"https:\/\/schema.org\",\"@graph\":[{\"@type\":\"WebPage\",\"@id\":\"https:\/\/universofamilia.com\/cs\/quien-gana-esta-disputa-waymo-o-tesla\/\",\"url\":\"https:\/\/universofamilia.com\/cs\/quien-gana-esta-disputa-waymo-o-tesla\/\",\"name\":\"\u00bfQui\u00e9n Gana esta Disputa? \u00bfWaymo o Tesla? - Universo Fam\u00edlia\",\"isPartOf\":{\"@id\":\"https:\/\/universofamilia.com\/el\/#website\"},\"primaryImageOfPage\":{\"@id\":\"https:\/\/universofamilia.com\/cs\/quien-gana-esta-disputa-waymo-o-tesla\/#primaryimage\"},\"image\":{\"@id\":\"https:\/\/universofamilia.com\/cs\/quien-gana-esta-disputa-waymo-o-tesla\/#primaryimage\"},\"thumbnailUrl\":\"https:\/\/universofamilia.com\/wp-content\/uploads\/sites\/148\/2024\/07\/P-550x350-6-1.jpg\",\"datePublished\":\"2024-07-16T16:04:00+00:00\",\"dateModified\":\"2024-07-16T16:04:00+00:00\",\"author\":{\"@id\":\"\"},\"description\":\"\u00bfQui\u00e9n Gana esta Disputa? \u00bfWaymo o Tesla?. La carrera por el desarrollo de veh\u00edculos aut\u00f3nomos ha sido una de las disputas tecnol\u00f3gicas...\",\"breadcrumb\":{\"@id\":\"https:\/\/universofamilia.com\/cs\/quien-gana-esta-disputa-waymo-o-tesla\/#breadcrumb\"},\"inLanguage\":\"hu\",\"potentialAction\":[{\"@type\":\"ReadAction\",\"target\":[\"https:\/\/universofamilia.com\/cs\/quien-gana-esta-disputa-waymo-o-tesla\/\"]}]},{\"@type\":\"ImageObject\",\"inLanguage\":\"hu\",\"@id\":\"https:\/\/universofamilia.com\/cs\/quien-gana-esta-disputa-waymo-o-tesla\/#primaryimage\",\"url\":\"https:\/\/universofamilia.com\/wp-content\/uploads\/sites\/148\/2024\/07\/P-550x350-6-1.jpg\",\"contentUrl\":\"https:\/\/universofamilia.com\/wp-content\/uploads\/sites\/148\/2024\/07\/P-550x350-6-1.jpg\",\"width\":550,\"height\":350,\"caption\":\"\u00bfQui\u00e9n Gana esta Disputa? \u00bfWaymo o Tesla?\"},{\"@type\":\"BreadcrumbList\",\"@id\":\"https:\/\/universofamilia.com\/cs\/quien-gana-esta-disputa-waymo-o-tesla\/#breadcrumb\",\"itemListElement\":[{\"@type\":\"ListItem\",\"position\":1,\"name\":\"Home\",\"item\":\"https:\/\/universofamilia.com\/el\/\"},{\"@type\":\"ListItem\",\"position\":2,\"name\":\"\u00bfQui\u00e9n Gana esta Disputa? \u00bfWaymo o Tesla?\"}]},{\"@type\":\"WebSite\",\"@id\":\"https:\/\/universofamilia.com\/el\/#website\",\"url\":\"https:\/\/universofamilia.com\/el\/\",\"name\":\"Universo Fam\u00edlia\",\"description\":\"\",\"potentialAction\":[{\"@type\":\"SearchAction\",\"target\":{\"@type\":\"EntryPoint\",\"urlTemplate\":\"https:\/\/universofamilia.com\/el\/?s={search_term_string}\"},\"query-input\":\"required name=search_term_string\"}],\"inLanguage\":\"hu\"}]}<\/script>\n<!-- \/ Yoast SEO plugin. -->","yoast_head_json":{"title":"\u00bfQui\u00e9n Gana esta Disputa? \u00bfWaymo o Tesla? - Universo Fam\u00edlia","description":"\u00bfQui\u00e9n Gana esta Disputa? \u00bfWaymo o Tesla?. La carrera por el desarrollo de veh\u00edculos aut\u00f3nomos ha sido una de las disputas tecnol\u00f3gicas...","robots":{"index":"index","follow":"follow","max-snippet":"max-snippet:-1","max-image-preview":"max-image-preview:large","max-video-preview":"max-video-preview:-1"},"canonical":"https:\/\/universofamilia.com\/hu\/quien-gana-esta-disputa-waymo-o-tesla\/","og_locale":"hu_HU","og_type":"article","og_title":"\u00bfQui\u00e9n Gana esta Disputa? \u00bfWaymo o Tesla? - Universo Fam\u00edlia","og_description":"\u00bfQui\u00e9n Gana esta Disputa? \u00bfWaymo o Tesla?. La carrera por el desarrollo de veh\u00edculos aut\u00f3nomos ha sido una de las disputas tecnol\u00f3gicas...","og_url":"https:\/\/universofamilia.com\/hu\/quien-gana-esta-disputa-waymo-o-tesla\/","og_site_name":"Universo Fam\u00edlia","article_published_time":"2024-07-16T16:04:00+00:00","og_image":[{"width":550,"height":350,"url":"https:\/\/universofamilia.com\/wp-content\/uploads\/sites\/148\/2024\/07\/P-550x350-6-1.jpg","type":"image\/jpeg"}],"twitter_card":"summary_large_image","twitter_misc":{"Est. reading time":"6 perc"},"schema":{"@context":"https:\/\/schema.org","@graph":[{"@type":"WebPage","@id":"https:\/\/universofamilia.com\/cs\/quien-gana-esta-disputa-waymo-o-tesla\/","url":"https:\/\/universofamilia.com\/cs\/quien-gana-esta-disputa-waymo-o-tesla\/","name":"\u00bfQui\u00e9n Gana esta Disputa? \u00bfWaymo o Tesla? - Universo Fam\u00edlia","isPartOf":{"@id":"https:\/\/universofamilia.com\/el\/#website"},"primaryImageOfPage":{"@id":"https:\/\/universofamilia.com\/cs\/quien-gana-esta-disputa-waymo-o-tesla\/#primaryimage"},"image":{"@id":"https:\/\/universofamilia.com\/cs\/quien-gana-esta-disputa-waymo-o-tesla\/#primaryimage"},"thumbnailUrl":"https:\/\/universofamilia.com\/wp-content\/uploads\/sites\/148\/2024\/07\/P-550x350-6-1.jpg","datePublished":"2024-07-16T16:04:00+00:00","dateModified":"2024-07-16T16:04:00+00:00","author":{"@id":""},"description":"\u00bfQui\u00e9n Gana esta Disputa? \u00bfWaymo o Tesla?. La carrera por el desarrollo de veh\u00edculos aut\u00f3nomos ha sido una de las disputas tecnol\u00f3gicas...","breadcrumb":{"@id":"https:\/\/universofamilia.com\/cs\/quien-gana-esta-disputa-waymo-o-tesla\/#breadcrumb"},"inLanguage":"hu","potentialAction":[{"@type":"ReadAction","target":["https:\/\/universofamilia.com\/cs\/quien-gana-esta-disputa-waymo-o-tesla\/"]}]},{"@type":"ImageObject","inLanguage":"hu","@id":"https:\/\/universofamilia.com\/cs\/quien-gana-esta-disputa-waymo-o-tesla\/#primaryimage","url":"https:\/\/universofamilia.com\/wp-content\/uploads\/sites\/148\/2024\/07\/P-550x350-6-1.jpg","contentUrl":"https:\/\/universofamilia.com\/wp-content\/uploads\/sites\/148\/2024\/07\/P-550x350-6-1.jpg","width":550,"height":350,"caption":"\u00bfQui\u00e9n Gana esta Disputa? \u00bfWaymo o Tesla?"},{"@type":"BreadcrumbList","@id":"https:\/\/universofamilia.com\/cs\/quien-gana-esta-disputa-waymo-o-tesla\/#breadcrumb","itemListElement":[{"@type":"ListItem","position":1,"name":"Home","item":"https:\/\/universofamilia.com\/el\/"},{"@type":"ListItem","position":2,"name":"\u00bfQui\u00e9n Gana esta Disputa? \u00bfWaymo o Tesla?"}]},{"@type":"WebSite","@id":"https:\/\/universofamilia.com\/el\/#website","url":"https:\/\/universofamilia.com\/el\/","name":"Universo Fam\u00edlia","description":"","potentialAction":[{"@type":"SearchAction","target":{"@type":"EntryPoint","urlTemplate":"https:\/\/universofamilia.com\/el\/?s={search_term_string}"},"query-input":"required name=search_term_string"}],"inLanguage":"hu"}]}},"_links":{"self":[{"href":"https:\/\/universofamilia.com\/hu\/wp-json\/wp\/v2\/posts\/6271"}],"collection":[{"href":"https:\/\/universofamilia.com\/hu\/wp-json\/wp\/v2\/posts"}],"about":[{"href":"https:\/\/universofamilia.com\/hu\/wp-json\/wp\/v2\/types\/post"}],"replies":[{"embeddable":true,"href":"https:\/\/universofamilia.com\/hu\/wp-json\/wp\/v2\/comments?post=6271"}],"version-history":[{"count":0,"href":"https:\/\/universofamilia.com\/hu\/wp-json\/wp\/v2\/posts\/6271\/revisions"}],"wp:featuredmedia":[{"embeddable":true,"href":"https:\/\/universofamilia.com\/hu\/wp-json\/wp\/v2\/media\/6272"}],"wp:attachment":[{"href":"https:\/\/universofamilia.com\/hu\/wp-json\/wp\/v2\/media?parent=6271"}],"wp:term":[{"taxonomy":"category","embeddable":true,"href":"https:\/\/universofamilia.com\/hu\/wp-json\/wp\/v2\/categories?post=6271"},{"taxonomy":"post_tag","embeddable":true,"href":"https:\/\/universofamilia.com\/hu\/wp-json\/wp\/v2\/tags?post=6271"}],"curies":[{"name":"wp","href":"https:\/\/api.w.org\/{rel}","templated":true}]}}