{"id":6337,"date":"2024-08-09T17:01:35","date_gmt":"2024-08-09T20:01:35","guid":{"rendered":"https:\/\/universofamilia.com\/?p=6337"},"modified":"2024-08-09T17:01:35","modified_gmt":"2024-08-09T20:01:35","slug":"aplicaciones-para-escuchar-musica-de-los-anos-70-80-90","status":"publish","type":"post","link":"https:\/\/universofamilia.com\/hu\/aplicaciones-para-escuchar-musica-de-los-anos-70-80-90\/","title":{"rendered":"Alkalmaz\u00e1sok a 70-es, 80-as \u00e9s 90-es \u00e9vek zen\u00e9j\u00e9nek hallgat\u00e1s\u00e1hoz"},"content":{"rendered":"<p>A zen\u00e9nek ereje van arra, hogy visszarep\u00edtsen minket a m\u00faltba, eml\u00e9keket \u00e9s \u00e9rzelmeket id\u00e9zzen fel, amelyek \u00e9let\u00fcnk k\u00fcl\u00f6nb\u00f6z\u0151 szakaszait jellemezt\u00e9k.<\/p>\n\n\n\n<p>Ha nosztalgi\u00e1zol a 70-es, 80-as \u00e9s 90-es \u00e9vek zen\u00e9je ir\u00e1nt, nagyszer\u0171 h\u00edr tudni, hogy l\u00e9teznek kifejezetten ezeknek a klasszikusoknak szentelt alkalmaz\u00e1sok.<\/p>\n\n\n\n<p>Ebben a cikkben megvizsg\u00e1ljuk ezen alkalmaz\u00e1sok haszn\u00e1lat\u00e1nak fontoss\u00e1g\u00e1t, \u00e9s bemutatunk h\u00e1rom lehet\u0151s\u00e9get, amelyek lehet\u0151v\u00e9 teszik, hogy k\u00f6zvetlen\u00fcl a telefonodon hozz\u00e1f\u00e9rj az adott \u00e9vtizedek legnagyobb sl\u00e1gereihez.<\/p>\n\n\n\n<p>K\u00e9szen \u00e1llsz, hogy belev\u00e1gj ebbe a zenei utaz\u00e1sba?<\/p>\n\n\n\n<h2 class=\"wp-block-heading\">Mi\u00e9rt \u00e9rdemes alkalmaz\u00e1sokat haszn\u00e1lni a 70-es, 80-as \u00e9s 90-es \u00e9vek zen\u00e9inek hallgat\u00e1s\u00e1hoz a mobiltelefonodon?<\/h2>\n\n\n\n<p>A technol\u00f3gia fejl\u0151d\u00e9s\u00e9vel sokan sz\u00edvesebben hallgatnak zen\u00e9t olyan streaming szolg\u00e1ltat\u00e1sokon, amelyek hatalmas zenei k\u00f6nyvt\u00e1rat k\u00edn\u00e1lnak.<\/p>\n\n\n\n<p>A 70-es, 80-as \u00e9s 90-es \u00e9vek rajong\u00f3i sz\u00e1m\u00e1ra azonban egyed\u00fcl\u00e1ll\u00f3 nosztalgia t\u00f6lti el az ezeket a korszakokat meghat\u00e1roz\u00f3 zen\u00e9k \u00fajra\u00e9l\u00e9s\u00e9t.<\/p>\n\n\n\n<p>Az ezekhez az id\u0151szakokhoz kapcsol\u00f3d\u00f3 alkalmaz\u00e1sok haszn\u00e1lat\u00e1val nemcsak az eml\u00e9keket eleven\u00edtheted fel, hanem olyan \u00faj el\u0151ad\u00f3kat \u00e9s sl\u00e1gereket is felfedezhetsz, amelyek akkoriban esetleg \u00e9szrev\u00e9tlenek maradtak.<\/p>\n\n\n\n<p>R\u00e1ad\u00e1sul ezek az alkalmaz\u00e1sok tematikus lej\u00e1tsz\u00e1si list\u00e1kat, dedik\u00e1lt r\u00e1di\u00f3\u00e1llom\u00e1sokat, s\u0151t, ak\u00e1r saj\u00e1t klasszikus gy\u0171jtem\u00e9ny \u00f6ssze\u00e1ll\u00edt\u00e1s\u00e1nak lehet\u0151s\u00e9g\u00e9t is k\u00edn\u00e1lj\u00e1k, mindezt egy helyen.<\/p>\n\n\n\n<p>Az ikonikus dalok el\u00e9r\u00e9s\u00e9nek k\u00e9nyelme, b\u00e1rhol is legy\u00e9l, p\u00e1ratlan, \u00edgy ezek az alkalmaz\u00e1sok k\u00f6telez\u0151 darabok minden retr\u00f3 zenekedvel\u0151 sz\u00e1m\u00e1ra.<\/p>\n\n\n\n<p><\/p>\n\n\n\n<hr class=\"wp-block-separator has-text-color has-luminous-vivid-orange-color has-alpha-channel-opacity has-luminous-vivid-orange-background-color has-background\"\/>\n\n\n\n<h2 class=\"wp-block-heading\">Olvasd el m\u00e9g:<\/h2>\n\n\n\n<div class=\"wp-block-columns is-layout-flex wp-container-core-columns-layout-1 wp-block-columns-is-layout-flex\">\n<div class=\"wp-block-column is-layout-flow wp-block-column-is-layout-flow\">\n<div class=\"wp-block-buttons is-layout-flex wp-block-buttons-is-layout-flex\">\n<div class=\"wp-block-button has-custom-width wp-block-button__width-100 has-custom-font-size has-medium-font-size\" style=\"text-decoration:none\"><a class=\"wp-block-button__link has-white-color has-vivid-cyan-blue-background-color has-text-color has-background has-link-color has-text-align-left wp-element-button\" href=\"https:\/\/universofamilia.com\/hu\/5893\/acelera-tu-celular-despierta-tu-productividad\/\" style=\"border-radius:10px\" target=\"_blank\" rel=\"noreferrer noopener\"><font style=\"vertical-align: inherit;\"><font style=\"vertical-align: inherit;\">\ud83d\udccc Gyors\u00edtsd fel a mobiltelefonodat<\/font><\/font> &gt;<\/a><\/div>\n\n\n\n<div class=\"wp-block-button has-custom-width wp-block-button__width-100 has-custom-font-size has-medium-font-size\" style=\"text-decoration:none\"><a class=\"wp-block-button__link has-white-color has-vivid-cyan-blue-background-color has-text-color has-background has-link-color has-text-align-left wp-element-button\" href=\"https:\/\/universofamilia.com\/hu\/5869\/descubre-quien-te-esta-observando-en-las-redes-sociales\/\" style=\"border-radius:10px\" target=\"_blank\" rel=\"noreferrer noopener\"><font style=\"vertical-align: inherit;\"><font style=\"vertical-align: inherit;\"><font style=\"vertical-align: inherit;\"><font style=\"vertical-align: inherit;\">\ud83d\udccc Kik l\u00e1togatt\u00e1k meg a profilodat?<\/font><\/font><\/font><\/font> &gt;<\/a><\/div>\n<\/div>\n<\/div>\n<\/div>\n\n\n\n<h3 class=\"wp-block-heading\"><mark style=\"background-color:rgba(0, 0, 0, 0)\" class=\"has-inline-color has-luminous-vivid-orange-color\">Oszd meg ezt a cikket<\/mark><\/h3>\n\n\n\n<pre class=\"wp-block-verse\"><strong>Ha hasznosnak tal\u00e1ltad ezt a cikket, k\u00e9rlek oszd meg bar\u00e1taiddal \u00e9s csal\u00e1doddal, hogy \u0151k is hasznos inform\u00e1ci\u00f3khoz jussanak.<\/strong><\/pre>\n\n\n\n<p><\/p>\n\n\n\n<hr class=\"wp-block-separator has-text-color has-luminous-vivid-orange-color has-alpha-channel-opacity has-luminous-vivid-orange-background-color has-background\"\/>\n\n\n\n<p><\/p>\n\n\n\n<h2 class=\"wp-block-heading\">A legjobb alkalmaz\u00e1sok a 70-es, 80-as \u00e9s 90-es \u00e9vek zen\u00e9j\u00e9nek hallgat\u00e1s\u00e1hoz a mobiltelefonodon<\/h2>\n\n\n\n<p>Az al\u00e1bbiakban h\u00e1rom alkalmaz\u00e1st mutatunk be, amelyek ide\u00e1lisak azok sz\u00e1m\u00e1ra, akik az \u00e9vtizedek legnagyobb sl\u00e1gereit szeretn\u00e9k hallgatni.<\/p>\n\n\n\n<p>Android \u00e9s iOS eszk\u00f6z\u00f6kre \u00e9rhet\u0151k el, \u00e9s mindegyik egyedi, mag\u00e1val ragad\u00f3 \u00e9lm\u00e9nyt ny\u00fajt a zenei m\u00faltban.<\/p>\n\n\n\n<h3 class=\"wp-block-heading\">1. <strong>Retro zenelej\u00e1tsz\u00f3<\/strong><\/h3>\n\n\n\n<p>A Retro Music Player az egyik legjobb alkalmaz\u00e1s azok sz\u00e1m\u00e1ra, akik a 70-es, 80-as \u00e9s 90-es \u00e9vek klasszikusait szeretn\u00e9k \u00fajra\u00e9lni.<\/p>\n\n\n\n<p>Egyszer\u0171 \u00e9s intuit\u00edv fel\u00fcletet k\u00edn\u00e1l, lehet\u0151s\u00e9get adva saj\u00e1t lej\u00e1tsz\u00e1si list\u00e1k l\u00e9trehoz\u00e1s\u00e1ra vagy el\u0151re elk\u00e9sz\u00edtett list\u00e1k b\u00f6ng\u00e9sz\u00e9s\u00e9re, \u00e9vtized, m\u0171faj \u00e9s n\u00e9pszer\u0171s\u00e9g szerint rendezve.<\/p>\n\n\n\n<ul class=\"wp-block-list\">\n<li><strong>Jellemz\u0151k:<\/strong> A lej\u00e1tsz\u00e1si list\u00e1k l\u00e9trehoz\u00e1s\u00e1nak lehet\u0151s\u00e9ge mellett a Retro Music Player r\u00e1di\u00f3\u00e9lm\u00e9nyt is k\u00edn\u00e1l, ahol kiz\u00e1r\u00f3lag a 70-es, 80-as \u00e9s 90-es \u00e9vek zen\u00e9j\u00e9t sug\u00e1rz\u00f3 \u00e1llom\u00e1sokat hallgathat.<\/li>\n\n\n\n<li><strong>V\u00e9lem\u00e9nyek:<\/strong> A Google Playen az alkalmaz\u00e1s \u00e1tlagos \u00e9rt\u00e9kel\u00e9se 4,5 csillagos, m\u00edg az Apple Store-ban 4,4 csillagos.<\/li>\n\n\n\n<li><strong>Let\u00f6lt\u00e9si linkek:<\/strong>\n<ul class=\"wp-block-list\">\n<li><a href=\"https:\/\/play.google.com\/store\/apps\/details?id=code.name.monkey.retromusic&amp;hl=pt_BR\" target=\"_blank\" rel=\"noreferrer noopener\">Google Play<\/a><\/li>\n\n\n\n<li><a href=\"https:\/\/apps.apple.com\/us\/app\/retropod\/id6450168785\" target=\"_blank\" rel=\"noreferrer noopener\">Apple \u00c1ruh\u00e1z<\/a><\/li>\n<\/ul>\n<\/li>\n<\/ul>\n\n\n\n<h3 class=\"wp-block-heading\">2. <strong>R\u00e9gi zen\u00e9k \u00e9s dalok<\/strong><\/h3>\n\n\n\n<p>Az Oldies Music &amp; Old Songs egy alkalmaz\u00e1s, amely kiz\u00e1r\u00f3lag azoknak sz\u00f3l, akik szeretik az elm\u00falt \u00e9vtizedek zen\u00e9j\u00e9t.<\/p>\n\n\n\n<p>Hatalmas sl\u00e1gerek gy\u0171jtem\u00e9ny\u00e9t k\u00edn\u00e1lja, bele\u00e9rtve a 70-es, 80-as \u00e9s 90-es \u00e9vek sl\u00e1gerlist\u00e1it ural\u00f3 dalokat is.<\/p>\n\n\n\n<ul class=\"wp-block-list\">\n<li><strong>Jellemz\u0151k:<\/strong> Az alkalmaz\u00e1s lehet\u0151v\u00e9 teszi saj\u00e1t egy\u00e9ni lej\u00e1tsz\u00e1si list\u00e1k l\u00e9trehoz\u00e1s\u00e1t \u00e9s k\u00fcl\u00f6nf\u00e9le tematikus lej\u00e1tsz\u00e1si list\u00e1k felfedez\u00e9s\u00e9t, valamint egy \u00e9l\u0151 r\u00e1di\u00f3\u00e1llom\u00e1st is tartalmaz, amely az adott \u00e9vtizedek legnagyobb klasszikusait j\u00e1tssza.<\/li>\n\n\n\n<li><strong>V\u00e9lem\u00e9nyek:<\/strong> A Google Play \u00c1ruh\u00e1zban az Oldies Music &amp; Old Songs alkalmaz\u00e1s 4,6 csillagos \u00e9rt\u00e9kel\u00e9ssel rendelkezik. Az Apple Store-ban az \u00e1tlagos \u00e9rt\u00e9kel\u00e9se 4,5 csillag.<\/li>\n\n\n\n<li><strong>Let\u00f6lt\u00e9si linkek:<\/strong>\n<ul class=\"wp-block-list\">\n<li><a href=\"https:\/\/play.google.com\/store\/apps\/details?id=com.eyatfkd.Oldies_But_Goodies_Music_Radio&amp;hl=en\" target=\"_blank\" rel=\"noreferrer noopener\">Google Play<\/a><\/li>\n\n\n\n<li><a href=\"https:\/\/apps.apple.com\/us\/app\/oldies-music-old-songs-free-50s-60s-70s-radio\/id1159001516\" target=\"_blank\" rel=\"noreferrer noopener\">Apple \u00c1ruh\u00e1z<\/a><\/li>\n<\/ul>\n<\/li>\n<\/ul>\n\n\n\n<h3 class=\"wp-block-heading\">3. <strong>TuneIn R\u00e1di\u00f3<\/strong><\/h3>\n\n\n\n<p>B\u00e1r a TuneIn Radio sz\u00e9les r\u00e1di\u00f3\u00e1llom\u00e1s-v\u00e1laszt\u00e9k\u00e1r\u00f3l ismert, \u00e9rdemes megeml\u00edteni a 70-es, 80-as \u00e9s 90-es \u00e9vek zen\u00e9inek hallgat\u00e1s\u00e1ra szolg\u00e1l\u00f3 alkalmaz\u00e1sok k\u00f6z\u00f6tt.<\/p>\n\n\n\n<p>A TuneIn Radio sz\u00e1mos, kiz\u00e1r\u00f3lag ezeknek az \u00e9vtizedeknek szentelt \u00e1llom\u00e1ssal lehet\u0151v\u00e9 teszi, hogy a vil\u00e1g minden t\u00e1j\u00e1r\u00f3l sz\u00e1rmaz\u00f3 r\u00e1di\u00f3\u00e1llom\u00e1sokkal csatlakozz, amelyek ezeknek a korszakoknak a legnagyobb sl\u00e1gereit j\u00e1tssz\u00e1k.<\/p>\n\n\n\n<ul class=\"wp-block-list\">\n<li><strong>Jellemz\u0151k:<\/strong> A retr\u00f3 zen\u00e9nek szentelt \u00e1llom\u00e1sok mellett a TuneIn Radio lehet\u0151s\u00e9get k\u00edn\u00e1l m\u0171sorok \u00e9s dalok r\u00f6gz\u00edt\u00e9s\u00e9re k\u00e9s\u0151bbi meghallgat\u00e1shoz, emellett felhaszn\u00e1l\u00f3bar\u00e1t \u00e9s testreszabhat\u00f3 fel\u00fcletet biztos\u00edt.<\/li>\n\n\n\n<li><strong>V\u00e9lem\u00e9nyek:<\/strong> A TuneIn Radio mindk\u00e9t platformon magas \u00e9rt\u00e9kel\u00e9seket kapott, \u00e1tlagosan 4,7 csillaggal a Google Playen \u00e9s 4,6 csillaggal az Apple Store-ban.<\/li>\n\n\n\n<li><strong>Let\u00f6lt\u00e9si linkek:<\/strong>\n<ul class=\"wp-block-list\">\n<li><a href=\"https:\/\/play.google.com\/store\/apps\/details?id=tunein.player&amp;hl=pt_BR\">Google Play<\/a><\/li>\n\n\n\n<li><a href=\"https:\/\/apps.apple.com\/br\/app\/tunein-r%C3%A1dio-not%C3%ADcias-m%C3%BAsica\/id418987775\" target=\"_blank\" rel=\"noreferrer noopener\">Apple \u00c1ruh\u00e1z<\/a><\/li>\n<\/ul>\n<\/li>\n<\/ul>\n\n\n<div class=\"wp-block-image\">\n<figure class=\"aligncenter size-full\"><img loading=\"lazy\" decoding=\"async\" width=\"550\" height=\"350\" src=\"http:\/\/universofamilia.com\/wp-content\/uploads\/sites\/148\/2024\/08\/P-550x350-1-1.jpg\" alt=\"\" class=\"wp-image-6338\" srcset=\"https:\/\/universofamilia.com\/wp-content\/uploads\/sites\/148\/2024\/08\/P-550x350-1-1.jpg 550w, https:\/\/universofamilia.com\/wp-content\/uploads\/sites\/148\/2024\/08\/P-550x350-1-1-300x191.jpg 300w\" sizes=\"(max-width: 550px) 100vw, 550px\" \/><figcaption class=\"wp-element-caption\">Alkalmaz\u00e1sok a 70-es, 80-as \u00e9s 90-es \u00e9vek zen\u00e9j\u00e9nek hallgat\u00e1s\u00e1hoz<\/figcaption><\/figure><\/div>\n\n\n<h2 class=\"wp-block-heading\">Z\u00e1r\u00f3 megfontol\u00e1sok<\/h2>\n\n\n\n<p>A 70-es, 80-as \u00e9s 90-es \u00e9vek zen\u00e9j\u00e9nek hallgat\u00e1sa csod\u00e1latos m\u00f3dja annak, hogy felid\u00e9zz\u00fck a felejthetetlen pillanatokat, \u00e9s felfedezz\u00fck azokat az \u00e9vtizedeket meghat\u00e1roz\u00f3 \u00faj zenei gy\u00f6ngyszemeket.<\/p>\n\n\n\n<p>A megfelel\u0151 alkalmaz\u00e1sokkal ezek a dalok mindig k\u00e9zn\u00e9l lehetnek, ak\u00e1r otthon pihensz, ak\u00e1r vezetsz, vagy csak egy id\u0151utaz\u00e1st \u00e9lvezel.<\/p>\n\n\n\n<p>A cikkben kiemelt h\u00e1rom alkalmaz\u00e1s kiv\u00e1l\u00f3 funkci\u00f3k \u00e9s tartalom kombin\u00e1ci\u00f3j\u00e1t k\u00edn\u00e1lja, \u00edgy t\u00f6k\u00e9letesek minden retr\u00f3 zenekedvel\u0151 sz\u00e1m\u00e1ra.<\/p>\n\n\n\n<p>Oszd meg ezt a cikket bar\u00e1taiddal \u00e9s csal\u00e1doddal, akik szint\u00e9n rajonganak ezek\u00e9rt a felejthetetlen \u00e9vtizedek\u00e9rt.<\/p>\n\n\n\n<p>Engedd, hogy a nosztalgia elragadjon, \u00e9s \u00e9lvezd a zenet\u00f6rt\u00e9net klasszikusainak minden egyes hangj\u00e1t.<\/p>\n\n\n\n<h2 class=\"wp-block-heading\"><strong>K\u00f6vetkeztet\u00e9s<\/strong><\/h2>\n\n\n\n<p>Most, hogy m\u00e1r ismeri a legjobb alkalmaz\u00e1sokat a 70-es, 80-as \u00e9s 90-es \u00e9vek zen\u00e9j\u00e9nek mobiltelefonon val\u00f3 hallgat\u00e1s\u00e1hoz, ne vesztegesse az id\u0151t, \u00e9s kezdje el \u00fajra \u00e1t\u00e9lni a korszak legnagyobb sl\u00e1gereit.<\/p>\n\n\n\n<p>Haszn\u00e1ld ki a lehet\u0151s\u00e9get, \u00e9s oszd meg a bar\u00e1taiddal, akik szint\u00e9n szeretik ezt a zenei id\u0151utaz\u00e1st!<\/p>","protected":false},"excerpt":{"rendered":"<p>A zen\u00e9nek ereje van arra, hogy let\u0171nt korokba rep\u00edtsen minket, eml\u00e9keket \u00e9s \u00e9rzelmeket id\u00e9zzen fel, amelyek \u00e9let\u00fcnk k\u00fcl\u00f6nb\u00f6z\u0151 szakaszait jellemezt\u00e9k. Ha nosztalgi\u00e1val gondolsz a 70-es, 80-as \u00e9s 90-es \u00e9vek zen\u00e9j\u00e9re, kiv\u00e1l\u00f3 h\u00edr tudni, hogy l\u00e9teznek alkalmaz\u00e1sok, amelyek kifejezetten ezeknek a klasszikusoknak sz\u00f3lnak. Ebben a cikkben megvizsg\u00e1ljuk, mi\u00e9rt fontos ezeknek az alkalmaz\u00e1soknak a haszn\u00e1lata [\u2026]<\/p>","protected":false},"author":0,"featured_media":6338,"comment_status":"closed","ping_status":"open","sticky":false,"template":"","format":"standard","meta":{"footnotes":""},"categories":[2],"tags":[252,282,284],"yoast_head":"<!-- This site is optimized with the Yoast SEO plugin v23.3 - https:\/\/yoast.com\/wordpress\/plugins\/seo\/ -->\n<title>Aplicaciones para Escuchar M\u00fasica de los A\u00f1os 70 - 80 - 90 - Universo Fam\u00edlia<\/title>\n<meta name=\"description\" content=\"Aplicaciones para Escuchar M\u00fasica de los A\u00f1os 70 - 80 - 90.\" \/>\n<meta name=\"robots\" content=\"index, follow, max-snippet:-1, max-image-preview:large, max-video-preview:-1\" \/>\n<link rel=\"canonical\" href=\"https:\/\/universofamilia.com\/hu\/aplicaciones-para-escuchar-musica-de-los-anos-70-80-90\/\" \/>\n<meta property=\"og:locale\" content=\"hu_HU\" \/>\n<meta property=\"og:type\" content=\"article\" \/>\n<meta property=\"og:title\" content=\"Aplicaciones para Escuchar M\u00fasica de los A\u00f1os 70 - 80 - 90 - Universo Fam\u00edlia\" \/>\n<meta property=\"og:description\" content=\"Aplicaciones para Escuchar M\u00fasica de los A\u00f1os 70 - 80 - 90.\" \/>\n<meta property=\"og:url\" content=\"https:\/\/universofamilia.com\/hu\/aplicaciones-para-escuchar-musica-de-los-anos-70-80-90\/\" \/>\n<meta property=\"og:site_name\" content=\"Universo Fam\u00edlia\" \/>\n<meta property=\"article:published_time\" content=\"2024-08-09T20:01:35+00:00\" \/>\n<meta property=\"og:image\" content=\"https:\/\/universofamilia.com\/wp-content\/uploads\/sites\/148\/2024\/08\/P-550x350-1-1.jpg\" \/>\n\t<meta property=\"og:image:width\" content=\"550\" \/>\n\t<meta property=\"og:image:height\" content=\"350\" \/>\n\t<meta property=\"og:image:type\" content=\"image\/jpeg\" \/>\n<meta name=\"twitter:card\" content=\"summary_large_image\" \/>\n<meta name=\"twitter:label1\" content=\"Est. reading time\" \/>\n\t<meta name=\"twitter:data1\" content=\"5 perc\" \/>\n<script type=\"application\/ld+json\" class=\"yoast-schema-graph\">{\"@context\":\"https:\/\/schema.org\",\"@graph\":[{\"@type\":\"WebPage\",\"@id\":\"https:\/\/universofamilia.com\/pl\/aplicaciones-para-escuchar-musica-de-los-anos-70-80-90\/\",\"url\":\"https:\/\/universofamilia.com\/pl\/aplicaciones-para-escuchar-musica-de-los-anos-70-80-90\/\",\"name\":\"Aplicaciones para Escuchar M\u00fasica de los A\u00f1os 70 - 80 - 90 - Universo Fam\u00edlia\",\"isPartOf\":{\"@id\":\"https:\/\/universofamilia.com\/el\/#website\"},\"primaryImageOfPage\":{\"@id\":\"https:\/\/universofamilia.com\/pl\/aplicaciones-para-escuchar-musica-de-los-anos-70-80-90\/#primaryimage\"},\"image\":{\"@id\":\"https:\/\/universofamilia.com\/pl\/aplicaciones-para-escuchar-musica-de-los-anos-70-80-90\/#primaryimage\"},\"thumbnailUrl\":\"https:\/\/universofamilia.com\/wp-content\/uploads\/sites\/148\/2024\/08\/P-550x350-1-1.jpg\",\"datePublished\":\"2024-08-09T20:01:35+00:00\",\"dateModified\":\"2024-08-09T20:01:35+00:00\",\"author\":{\"@id\":\"\"},\"description\":\"Aplicaciones para Escuchar M\u00fasica de los A\u00f1os 70 - 80 - 90.\",\"breadcrumb\":{\"@id\":\"https:\/\/universofamilia.com\/pl\/aplicaciones-para-escuchar-musica-de-los-anos-70-80-90\/#breadcrumb\"},\"inLanguage\":\"hu\",\"potentialAction\":[{\"@type\":\"ReadAction\",\"target\":[\"https:\/\/universofamilia.com\/pl\/aplicaciones-para-escuchar-musica-de-los-anos-70-80-90\/\"]}]},{\"@type\":\"ImageObject\",\"inLanguage\":\"hu\",\"@id\":\"https:\/\/universofamilia.com\/pl\/aplicaciones-para-escuchar-musica-de-los-anos-70-80-90\/#primaryimage\",\"url\":\"https:\/\/universofamilia.com\/wp-content\/uploads\/sites\/148\/2024\/08\/P-550x350-1-1.jpg\",\"contentUrl\":\"https:\/\/universofamilia.com\/wp-content\/uploads\/sites\/148\/2024\/08\/P-550x350-1-1.jpg\",\"width\":550,\"height\":350,\"caption\":\"Aplicaciones para Escuchar M\u00fasica de los A\u00f1os 70 - 80 - 90\"},{\"@type\":\"BreadcrumbList\",\"@id\":\"https:\/\/universofamilia.com\/pl\/aplicaciones-para-escuchar-musica-de-los-anos-70-80-90\/#breadcrumb\",\"itemListElement\":[{\"@type\":\"ListItem\",\"position\":1,\"name\":\"Home\",\"item\":\"https:\/\/universofamilia.com\/el\/\"},{\"@type\":\"ListItem\",\"position\":2,\"name\":\"Aplicaciones para Escuchar M\u00fasica de los A\u00f1os 70 &#8211; 80 &#8211; 90\"}]},{\"@type\":\"WebSite\",\"@id\":\"https:\/\/universofamilia.com\/el\/#website\",\"url\":\"https:\/\/universofamilia.com\/el\/\",\"name\":\"Universo Fam\u00edlia\",\"description\":\"\",\"potentialAction\":[{\"@type\":\"SearchAction\",\"target\":{\"@type\":\"EntryPoint\",\"urlTemplate\":\"https:\/\/universofamilia.com\/el\/?s={search_term_string}\"},\"query-input\":\"required name=search_term_string\"}],\"inLanguage\":\"hu\"}]}<\/script>\n<!-- \/ Yoast SEO plugin. -->","yoast_head_json":{"title":"Aplicaciones para Escuchar M\u00fasica de los A\u00f1os 70 - 80 - 90 - Universo Fam\u00edlia","description":"Aplicaciones para Escuchar M\u00fasica de los A\u00f1os 70 - 80 - 90.","robots":{"index":"index","follow":"follow","max-snippet":"max-snippet:-1","max-image-preview":"max-image-preview:large","max-video-preview":"max-video-preview:-1"},"canonical":"https:\/\/universofamilia.com\/hu\/aplicaciones-para-escuchar-musica-de-los-anos-70-80-90\/","og_locale":"hu_HU","og_type":"article","og_title":"Aplicaciones para Escuchar M\u00fasica de los A\u00f1os 70 - 80 - 90 - Universo Fam\u00edlia","og_description":"Aplicaciones para Escuchar M\u00fasica de los A\u00f1os 70 - 80 - 90.","og_url":"https:\/\/universofamilia.com\/hu\/aplicaciones-para-escuchar-musica-de-los-anos-70-80-90\/","og_site_name":"Universo Fam\u00edlia","article_published_time":"2024-08-09T20:01:35+00:00","og_image":[{"width":550,"height":350,"url":"https:\/\/universofamilia.com\/wp-content\/uploads\/sites\/148\/2024\/08\/P-550x350-1-1.jpg","type":"image\/jpeg"}],"twitter_card":"summary_large_image","twitter_misc":{"Est. reading time":"5 perc"},"schema":{"@context":"https:\/\/schema.org","@graph":[{"@type":"WebPage","@id":"https:\/\/universofamilia.com\/pl\/aplicaciones-para-escuchar-musica-de-los-anos-70-80-90\/","url":"https:\/\/universofamilia.com\/pl\/aplicaciones-para-escuchar-musica-de-los-anos-70-80-90\/","name":"Aplicaciones para Escuchar M\u00fasica de los A\u00f1os 70 - 80 - 90 - Universo Fam\u00edlia","isPartOf":{"@id":"https:\/\/universofamilia.com\/el\/#website"},"primaryImageOfPage":{"@id":"https:\/\/universofamilia.com\/pl\/aplicaciones-para-escuchar-musica-de-los-anos-70-80-90\/#primaryimage"},"image":{"@id":"https:\/\/universofamilia.com\/pl\/aplicaciones-para-escuchar-musica-de-los-anos-70-80-90\/#primaryimage"},"thumbnailUrl":"https:\/\/universofamilia.com\/wp-content\/uploads\/sites\/148\/2024\/08\/P-550x350-1-1.jpg","datePublished":"2024-08-09T20:01:35+00:00","dateModified":"2024-08-09T20:01:35+00:00","author":{"@id":""},"description":"Aplicaciones para Escuchar M\u00fasica de los A\u00f1os 70 - 80 - 90.","breadcrumb":{"@id":"https:\/\/universofamilia.com\/pl\/aplicaciones-para-escuchar-musica-de-los-anos-70-80-90\/#breadcrumb"},"inLanguage":"hu","potentialAction":[{"@type":"ReadAction","target":["https:\/\/universofamilia.com\/pl\/aplicaciones-para-escuchar-musica-de-los-anos-70-80-90\/"]}]},{"@type":"ImageObject","inLanguage":"hu","@id":"https:\/\/universofamilia.com\/pl\/aplicaciones-para-escuchar-musica-de-los-anos-70-80-90\/#primaryimage","url":"https:\/\/universofamilia.com\/wp-content\/uploads\/sites\/148\/2024\/08\/P-550x350-1-1.jpg","contentUrl":"https:\/\/universofamilia.com\/wp-content\/uploads\/sites\/148\/2024\/08\/P-550x350-1-1.jpg","width":550,"height":350,"caption":"Aplicaciones para Escuchar M\u00fasica de los A\u00f1os 70 - 80 - 90"},{"@type":"BreadcrumbList","@id":"https:\/\/universofamilia.com\/pl\/aplicaciones-para-escuchar-musica-de-los-anos-70-80-90\/#breadcrumb","itemListElement":[{"@type":"ListItem","position":1,"name":"Home","item":"https:\/\/universofamilia.com\/el\/"},{"@type":"ListItem","position":2,"name":"Aplicaciones para Escuchar M\u00fasica de los A\u00f1os 70 &#8211; 80 &#8211; 90"}]},{"@type":"WebSite","@id":"https:\/\/universofamilia.com\/el\/#website","url":"https:\/\/universofamilia.com\/el\/","name":"Universo Fam\u00edlia","description":"","potentialAction":[{"@type":"SearchAction","target":{"@type":"EntryPoint","urlTemplate":"https:\/\/universofamilia.com\/el\/?s={search_term_string}"},"query-input":"required name=search_term_string"}],"inLanguage":"hu"}]}},"_links":{"self":[{"href":"https:\/\/universofamilia.com\/hu\/wp-json\/wp\/v2\/posts\/6337"}],"collection":[{"href":"https:\/\/universofamilia.com\/hu\/wp-json\/wp\/v2\/posts"}],"about":[{"href":"https:\/\/universofamilia.com\/hu\/wp-json\/wp\/v2\/types\/post"}],"replies":[{"embeddable":true,"href":"https:\/\/universofamilia.com\/hu\/wp-json\/wp\/v2\/comments?post=6337"}],"version-history":[{"count":0,"href":"https:\/\/universofamilia.com\/hu\/wp-json\/wp\/v2\/posts\/6337\/revisions"}],"wp:featuredmedia":[{"embeddable":true,"href":"https:\/\/universofamilia.com\/hu\/wp-json\/wp\/v2\/media\/6338"}],"wp:attachment":[{"href":"https:\/\/universofamilia.com\/hu\/wp-json\/wp\/v2\/media?parent=6337"}],"wp:term":[{"taxonomy":"category","embeddable":true,"href":"https:\/\/universofamilia.com\/hu\/wp-json\/wp\/v2\/categories?post=6337"},{"taxonomy":"post_tag","embeddable":true,"href":"https:\/\/universofamilia.com\/hu\/wp-json\/wp\/v2\/tags?post=6337"}],"curies":[{"name":"wp","href":"https:\/\/api.w.org\/{rel}","templated":true}]}}