{"id":6494,"date":"2024-09-09T14:48:43","date_gmt":"2024-09-09T17:48:43","guid":{"rendered":"https:\/\/universofamilia.com\/?p=6494"},"modified":"2025-10-12T19:41:58","modified_gmt":"2025-10-12T22:41:58","slug":"estrategias-de-vigilancia-familiar","status":"publish","type":"post","link":"https:\/\/universofamilia.com\/hu\/estrategias-de-vigilancia-familiar\/","title":{"rendered":"Csal\u00e1dfel\u00fcgyeleti strat\u00e9gi\u00e1k"},"content":{"rendered":"<p>A mai digit\u00e1lis korban, ahol a k\u00f6z\u00f6ss\u00e9gi m\u00e9dia a gyermekek \u00e9s serd\u00fcl\u0151k \u00e9let\u00e9nek alapvet\u0151 r\u00e9sz\u00e9t k\u00e9pezi, a sz\u00fcl\u0151knek minden eddigin\u00e9l \u00e9berebbnek kell lenni\u00fck.<\/p>\n\n\n\n<p>Az online v\u00e9delem \u00e9s a k\u00e9perny\u0151 el\u0151tt t\u00f6lt\u00f6tt id\u0151 szab\u00e1lyoz\u00e1sa priorit\u00e1ss\u00e1 v\u00e1lt a gyermekek biztons\u00e1g\u00e1nak meg\u0151rz\u00e9se \u00e9rdek\u00e9ben.<\/p>\n\n\n\n<p>Ez a cikk \u00e1ttekint\u00e9st ny\u00fajt arr\u00f3l, hogyan haszn\u00e1lhatj\u00e1k a sz\u00fcl\u0151k a sz\u00fcl\u0151i fel\u00fcgyeleti alkalmaz\u00e1sokat gyermekeik digit\u00e1lis vil\u00e1gban val\u00f3 megfigyel\u00e9s\u00e9re \u00e9s v\u00e9delm\u00e9re, \u00e9s azt is megvitatjuk, milyen fontos az eszk\u00f6z\u00f6k tiszt\u00e1n tart\u00e1sa \u00e9s optimaliz\u00e1l\u00e1sa.<\/p>\n\n\n\n<h2 class=\"wp-block-heading\">A csal\u00e1dfel\u00fcgyelet \u00e9s -v\u00e9delem fontoss\u00e1ga a k\u00f6z\u00f6ss\u00e9gi h\u00e1l\u00f3zatokon<\/h2>\n\n\n\n<p>A k\u00f6z\u00f6ss\u00e9gi m\u00e9dia lehet\u0151s\u00e9geket \u00e9s kock\u00e1zatokat is rejt mag\u00e1ban, k\u00fcl\u00f6n\u00f6sen a gyermekek \u00e9s serd\u00fcl\u0151k sz\u00e1m\u00e1ra.<\/p>\n\n\n\n<p>Megfelel\u0151 fel\u00fcgyelet n\u00e9lk\u00fcl ki lehetnek t\u00e9ve a nem megfelel\u0151 tartalmaknak, az internetes zaklat\u00e1snak vagy a rosszindulat\u00fa szem\u00e9lyekkel val\u00f3 interakci\u00f3knak.<\/p>\n\n\n\n<p>Itt j\u00e1tszanak kulcsszerepet a csal\u00e1dfel\u00fcgyeleti strat\u00e9gi\u00e1k.<\/p>\n\n\n\n<p>A sz\u00fcl\u0151k olyan technol\u00f3giai eszk\u00f6z\u00f6k bevezet\u00e9s\u00e9vel v\u00e9dhetik gyermekeiket, amelyek lehet\u0151v\u00e9 teszik sz\u00e1mukra az online tartalmak el\u00e9r\u00e9s\u00e9nek ellen\u0151rz\u00e9s\u00e9t \u00e9s korl\u00e1toz\u00e1s\u00e1t.<\/p>\n\n\n\n<p><\/p>\n\n\n\n<hr class=\"wp-block-separator has-text-color has-luminous-vivid-orange-color has-alpha-channel-opacity has-luminous-vivid-orange-background-color has-background\" \/>\n\n\n\n<h2 class=\"wp-block-heading\">Olvasd el m\u00e9g:<\/h2>\n\n\n\n<p><\/p>\n\n\n\n<ul class=\"wp-block-list\">\n<li><a href=\"https:\/\/universofamilia.com\/hu\/5893\/acelera-tu-celular-despierta-tu-productividad\/\" target=\"_blank\" rel=\"noreferrer noopener\"><font style=\"vertical-align: inherit\"><font style=\"vertical-align: inherit\">\ud83d\udccc Gyors\u00edtsd fel a mobiltelefonodat<\/font><\/font><\/a><\/li>\n\n\n\n<li><a href=\"https:\/\/universofamilia.com\/hu\/5869\/descubre-quien-te-esta-observando-en-las-redes-sociales\/\" target=\"_blank\" rel=\"noreferrer noopener\"><font style=\"vertical-align: inherit\"><font style=\"vertical-align: inherit\"><font style=\"vertical-align: inherit\"><font style=\"vertical-align: inherit\">\ud83d\udccc Kik l\u00e1togatt\u00e1k meg a profilodat?<\/font><\/font><\/font><\/font><\/a><\/li>\n\n\n\n<li><a href=\"https:\/\/universofamilia.com\/hu\/6414\/aplicaciones-para-limpiar-el-celular-y-aumentar-espacio\/\" target=\"_blank\" rel=\"noreferrer noopener\"><font style=\"vertical-align: inherit\"><font style=\"vertical-align: inherit\"><font style=\"vertical-align: inherit\"><font style=\"vertical-align: inherit\">\ud83d\udcbe <\/font><\/font><\/font><\/font>Alkalmaz\u00e1sok a t\u00e1rhely n\u00f6vel\u00e9s\u00e9re<\/a><\/li>\n\n\n\n<li><a href=\"https:\/\/universofamilia.com\/hu\/6417\/aplicaciones-para-recuperar-fotos-antiguas\/\" target=\"_blank\" rel=\"noreferrer noopener\"><font style=\"vertical-align: inherit\"><font style=\"vertical-align: inherit\"><font style=\"vertical-align: inherit\"><font style=\"vertical-align: inherit\">\ud83d\udccc <\/font><\/font><\/font><\/font>Alkalmaz\u00e1sok r\u00e9gi f\u00e9nyk\u00e9pek helyre\u00e1ll\u00edt\u00e1s\u00e1hoz<\/a><\/li>\n<\/ul>\n\n\n\n<p><\/p>\n\n\n\n<hr class=\"wp-block-separator has-text-color has-luminous-vivid-orange-color has-alpha-channel-opacity has-luminous-vivid-orange-background-color has-background\" \/>\n\n\n\n<p><\/p>\n\n\n\n<h2 class=\"wp-block-heading\">Csal\u00e1dfel\u00fcgyeleti megold\u00e1sok: A k\u00f6z\u00f6ss\u00e9gi m\u00e9dia v\u00e9delm\u00e9nek jav\u00edt\u00e1sa technol\u00f3gia seg\u00edts\u00e9g\u00e9vel<\/h2>\n\n\n\n<p>A technol\u00f3gia a sz\u00fcl\u0151i fel\u00fcgyeleti alkalmaz\u00e1sokon kereszt\u00fcl n\u00e9lk\u00fcl\u00f6zhetetlen eszk\u00f6zz\u00e9 v\u00e1lt a sz\u00fcl\u0151k sz\u00e1m\u00e1ra.<\/p>\n\n\n\n<p>Alkalmaz\u00e1sok, mint p\u00e9ld\u00e1ul <strong>Google Csal\u00e1di kapcsolat<\/strong>, <strong>AppBlock<\/strong> \u00e9s <strong>K\u00e9perny\u0151id\u0151<\/strong> Hat\u00e9kony megold\u00e1sokat k\u00edn\u00e1lnak a gyermekek eszk\u00f6zeiken t\u00f6lt\u00f6tt idej\u00e9nek megfigyel\u00e9s\u00e9re \u00e9s szab\u00e1lyoz\u00e1s\u00e1ra, valamint a koruknak nem megfelel\u0151 alkalmaz\u00e1sok \u00e9s tartalmak blokkol\u00e1s\u00e1ra.<\/p>\n\n\n\n<h2 class=\"wp-block-heading\">Digit\u00e1lis biztons\u00e1g gyermekeknek<\/h2>\n\n\n\n<p>Amellett, hogy figyelemmel k\u00eds\u00e9rj\u00fck, mit csin\u00e1lnak a gyerekek online, elengedhetetlen, hogy felvil\u00e1gos\u00edtsuk \u0151ket az online jelenl\u00e9v\u0151 kock\u00e1zatokr\u00f3l.<\/p>\n\n\n\n<p>A sz\u00fcl\u0151i fel\u00fcgyeleti alkalmaz\u00e1sok nemcsak a nem megfelel\u0151 tartalmak blokkol\u00e1s\u00e1ra szolg\u00e1lnak, hanem lehet\u0151v\u00e9 teszik a sz\u00fcl\u0151k sz\u00e1m\u00e1ra, hogy \u00e1ttekint\u00e9st kapjanak gyermekeik technol\u00f3giai haszn\u00e1lat\u00e1r\u00f3l.<\/p>\n\n\n\n<p>Ez seg\u00edt megel\u0151zni az olyan probl\u00e9m\u00e1kat, mint az internetes zaklat\u00e1s vagy a nem megfelel\u0151 tartalmaknak val\u00f3 kitetts\u00e9g.<\/p>\n\n\n\n<h2 class=\"wp-block-heading\">A sz\u00fcl\u0151i fel\u00fcgyelet fontoss\u00e1ga<\/h2>\n\n\n\n<p>A sz\u00fcl\u0151i fel\u00fcgyelet nemcsak az online kock\u00e1zatokt\u00f3l v\u00e9di a gyerekeket, hanem seg\u00edt a helyes szok\u00e1sok kialak\u00edt\u00e1s\u00e1ban is az elektronikus eszk\u00f6z\u00f6k haszn\u00e1lata sor\u00e1n.<\/p>\n\n\n\n<p>Ezekkel az alkalmaz\u00e1sokkal a sz\u00fcl\u0151k \u00fctemezhetik az eszk\u00f6zhaszn\u00e1latot, korl\u00e1tozhatj\u00e1k a k\u00e9perny\u0151 el\u0151tt t\u00f6lt\u00f6tt id\u0151t, \u00e9s biztos\u00edthatj\u00e1k, hogy gyermekeik csak a megfelel\u0151 tartalmakhoz f\u00e9rjenek hozz\u00e1.<\/p>\n\n\n\n<h2 class=\"wp-block-heading\">Hogyan m\u0171k\u00f6dnek a sz\u00fcl\u0151i fel\u00fcgyeleti alkalmaz\u00e1sok?<\/h2>\n\n\n\n<p>A sz\u00fcl\u0151i fel\u00fcgyeleti alkalmaz\u00e1sok lehet\u0151v\u00e9 teszik a sz\u00fcl\u0151k sz\u00e1m\u00e1ra, hogy figyelemmel k\u00eds\u00e9rj\u00e9k, szab\u00e1lyozz\u00e1k \u00e9s korl\u00e1tozz\u00e1k bizonyos tartalmak \u00e9s alkalmaz\u00e1sok el\u00e9r\u00e9s\u00e9t gyermekeik eszk\u00f6zein.<\/p>\n\n\n\n<p>Ezek az eszk\u00f6z\u00f6k lehet\u0151v\u00e9 teszik bizonyos alkalmaz\u00e1sok blokkol\u00e1s\u00e1t, haszn\u00e1lati \u00fctemtervek be\u00e1ll\u00edt\u00e1s\u00e1t \u00e9s r\u00e9szletes jelent\u00e9sek fogad\u00e1s\u00e1t az online viselked\u00e9sr\u0151l.<\/p>\n\n\n\n<h3 class=\"wp-block-heading\">Aj\u00e1nlott alkalmaz\u00e1sok<\/h3>\n\n\n\n<p>\u00cdme h\u00e1rom er\u0151sen aj\u00e1nlott alkalmaz\u00e1s, amelyek seg\u00edthetnek megv\u00e9deni gyermekeit a digit\u00e1lis vil\u00e1gban.<\/p>\n\n\n\n<h4 class=\"wp-block-heading\">1. Google Csal\u00e1di kapcsolat<\/h4>\n\n\n\n<p><strong>Le\u00edr\u00e1s<\/strong>: <strong>Google Csal\u00e1di kapcsolat<\/strong> egy ingyenes alkalmaz\u00e1s, amely seg\u00edt a sz\u00fcl\u0151knek gyermekeik online tev\u00e9kenys\u00e9geinek kezel\u00e9s\u00e9ben.<\/p>\n\n\n\n<p>Lehet\u0151v\u00e9 teszi a k\u00e9perny\u0151 el\u0151tt t\u00f6lt\u00f6tt id\u0151 korl\u00e1toz\u00e1s\u00e1nak be\u00e1ll\u00edt\u00e1s\u00e1t, az alkalmaz\u00e1sok blokkol\u00e1s\u00e1t, valamint az \u00faj alkalmaz\u00e1slet\u00f6lt\u00e9sek j\u00f3v\u00e1hagy\u00e1s\u00e1t vagy elutas\u00edt\u00e1s\u00e1t.<\/p>\n\n\n\n<p><strong>F\u0151bb jellemz\u0151k<\/strong>:<\/p>\n\n\n\n<ul class=\"wp-block-list\">\n<li>Integr\u00e1ci\u00f3 m\u00e1s Google szolg\u00e1ltat\u00e1sokkal.<\/li>\n\n\n\n<li>K\u00f6nnyen haszn\u00e1lhat\u00f3 \u00e9s be\u00e1ll\u00edthat\u00f3.<\/li>\n\n\n\n<li>El\u00e9rhet\u0151 Androidra \u00e9s iOS-re.<\/li>\n<\/ul>\n\n\n\n<p><strong>Felhaszn\u00e1l\u00f3i v\u00e9lem\u00e9nyek<\/strong>A felhaszn\u00e1l\u00f3k kiemelik a k\u00f6nny\u0171 haszn\u00e1lat\u00e1t, valamint a kiv\u00e1l\u00f3 integr\u00e1ci\u00f3t m\u00e1s Google szolg\u00e1ltat\u00e1sokkal.<\/p>\n\n\n\n<p><strong>Let\u00f6lt\u00e9si linkek<\/strong>:<br><\/p>\n\n\n\n<div class=\"wp-block-columns is-layout-flex wp-container-core-columns-layout-1 wp-block-columns-is-layout-flex\">\n<div class=\"wp-block-column is-layout-flow wp-block-column-is-layout-flow\">\n<div class=\"wp-block-buttons is-layout-flex wp-block-buttons-is-layout-flex\">\n<div class=\"wp-block-button has-custom-width wp-block-button__width-100\" style=\"text-decoration:none\"><a class=\"wp-block-button__link has-white-color has-text-color has-background has-link-color has-text-align-left wp-element-button\" href=\"https:\/\/play.google.com\/store\/apps\/details?id=com.google.android.apps.kids.familylink&amp;hl=pt_BR\" style=\"border-radius:10px;background-color:#aea4e0\" target=\"_blank\" rel=\"noreferrer noopener\"><strong><font style=\"vertical-align: inherit\"><font style=\"vertical-align: inherit\">\ud83d\udce5 <\/font><\/font>Menj a Google Playre \u00e9s t\u00f6ltsd le az alkalmaz\u00e1st: Google Csal\u00e1d<\/strong> <strong>Androidra<\/strong><\/a><\/div>\n\n\n\n<div class=\"wp-block-button has-custom-width wp-block-button__width-100\" style=\"text-decoration:none\"><a class=\"wp-block-button__link has-white-color has-text-color has-background has-link-color has-text-align-left wp-element-button\" href=\"https:\/\/apps.apple.com\/br\/app\/google-family-link\/id1150085200\" style=\"border-radius:10px;background-color:#d0d0d0\" target=\"_blank\" rel=\"noreferrer noopener\"><mark class=\"has-inline-color has-black-color\"><strong>\ud83d\udce5 Menj az Apple Store-ba \u00e9s t\u00f6ltsd le a Google Family alkalmaz\u00e1st<\/strong><\/mark> <mark class=\"has-inline-color has-black-color\"><strong>iOS-re<\/strong><\/mark><\/a><\/div>\n<\/div>\n<\/div>\n<\/div>\n\n\n\n<p><\/p>\n\n\n\n<h4 class=\"wp-block-heading\">2. Alkalmaz\u00e1sblokk<\/h4>\n\n\n\n<p><strong>Le\u00edr\u00e1s<\/strong>: <strong>AppBlock<\/strong> Ez egy olyan alkalmaz\u00e1s, amely lehet\u0151v\u00e9 teszi alkalmaz\u00e1sok \u00e9s j\u00e1t\u00e9kok blokkol\u00e1s\u00e1t Android \u00e9s iOS eszk\u00f6z\u00f6k\u00f6n.<\/p>\n\n\n\n<p>Testreszabott blokkol\u00e1si lehet\u0151s\u00e9geket k\u00edn\u00e1l, p\u00e9ld\u00e1ul alkalmaz\u00e1sok blokkol\u00e1s\u00e1t bizonyos id\u0151pontokban vagy egy adott id\u0151szakra.<\/p>\n\n\n\n<p><strong>F\u0151bb jellemz\u0151k<\/strong>:<\/p>\n\n\n\n<ul class=\"wp-block-list\">\n<li>Rugalmass\u00e1g a z\u00e1rkonfigur\u00e1ci\u00f3kban.<\/li>\n\n\n\n<li>Egyszer\u0171 \u00e9s intuit\u00edv fel\u00fclet.<\/li>\n\n\n\n<li>El\u00e9rhet\u0151 Androidra \u00e9s iOS-re.<\/li>\n<\/ul>\n\n\n\n<p><strong>Felhaszn\u00e1l\u00f3i v\u00e9lem\u00e9nyek<\/strong>A felhaszn\u00e1l\u00f3k dics\u00e9rik az alkalmaz\u00e1s hat\u00e9konys\u00e1g\u00e1t \u00e9s egyszer\u0171 be\u00e1ll\u00edt\u00e1s\u00e1t.<\/p>\n\n\n\n<p><strong>Let\u00f6lt\u00e9si linkek<\/strong>:<\/p>\n\n\n\n<p><\/p>\n\n\n\n<div class=\"wp-block-columns is-layout-flex wp-container-core-columns-layout-2 wp-block-columns-is-layout-flex\">\n<div class=\"wp-block-column is-layout-flow wp-block-column-is-layout-flow\">\n<div class=\"wp-block-buttons is-layout-flex wp-block-buttons-is-layout-flex\">\n<div class=\"wp-block-button has-custom-width wp-block-button__width-100\" style=\"text-decoration:none\"><a class=\"wp-block-button__link has-white-color has-text-color has-background has-link-color has-text-align-left wp-element-button\" href=\"https:\/\/play.google.com\/store\/apps\/details?id=cz.mobilesoft.appblock&amp;hl=pt_BR\" style=\"border-radius:10px;background-color:#aea4e0\" target=\"_blank\" rel=\"noreferrer noopener\"><strong><font style=\"vertical-align: inherit\"><font style=\"vertical-align: inherit\">\ud83d\udce5 <\/font><\/font>Menj a Google Playre \u00e9s t\u00f6ltsd le az AppBlock alkalmaz\u00e1st<\/strong> <strong>Androidra<\/strong><\/a><\/div>\n\n\n\n<div class=\"wp-block-button has-custom-width wp-block-button__width-100\" style=\"text-decoration:none\"><a class=\"wp-block-button__link has-white-color has-text-color has-background has-link-color has-text-align-left wp-element-button\" href=\"https:\/\/apps.apple.com\/es\/app\/appblock-block-apps-sites\/id1515753232\" style=\"border-radius:10px;background-color:#d0d0d0\" target=\"_blank\" rel=\"noreferrer noopener\"><mark class=\"has-inline-color has-black-color\"><strong>\ud83d\udce5 Menj az Apple Store-ba \u00e9s t\u00f6ltsd le az AppBlock alkalmaz\u00e1st<\/strong><\/mark> <mark class=\"has-inline-color has-black-color\"><strong>iOS-re<\/strong><\/mark><\/a><\/div>\n<\/div>\n<\/div>\n<\/div>\n\n\n\n<p><\/p>\n\n\n\n<h3 class=\"wp-block-heading\">3. K\u00e9perny\u0151id\u0151 (nat\u00edv iOS rendszeren)<\/h3>\n\n\n\n<p><strong>Le\u00edr\u00e1s<\/strong>: <strong>K\u00e9perny\u0151id\u0151<\/strong>Az iOS-eszk\u00f6z\u00f6kbe nat\u00edvan integr\u00e1lt alkalmaz\u00e1s lehet\u0151v\u00e9 teszi a sz\u00fcl\u0151k sz\u00e1m\u00e1ra, hogy nyomon k\u00f6vess\u00e9k gyermekeik eszk\u00f6zeiken t\u00f6lt\u00f6tt idej\u00e9t, \u00e9s korl\u00e1toz\u00e1sokat \u00e1ll\u00edtsanak be az alkalmaz\u00e1sokhoz \u00e9s j\u00e1t\u00e9kokhoz.<\/p>\n\n\n\n<p>Lehet\u0151v\u00e9 teszi bizonyos alkalmaz\u00e1sok blokkol\u00e1s\u00e1t \u00e9s a sz\u00fcnetek \u00fctemez\u00e9s\u00e9t is.<\/p>\n\n\n\n<p><strong>F\u0151bb jellemz\u0151k<\/strong>:<\/p>\n\n\n\n<ul class=\"wp-block-list\">\n<li>Integr\u00e1lva az iOS oper\u00e1ci\u00f3s rendszerbe.<\/li>\n\n\n\n<li>R\u00e9szletes jelent\u00e9sek az eszk\u00f6zhaszn\u00e1latr\u00f3l.<\/li>\n\n\n\n<li>K\u00f6nnyen haszn\u00e1lhat\u00f3.<\/li>\n<\/ul>\n\n\n\n<p><strong>Felhaszn\u00e1l\u00f3i v\u00e9lem\u00e9nyek<\/strong>Nagyra \u00e9rt\u00e9kelik az iOS-szel val\u00f3 k\u00f6zvetlen integr\u00e1ci\u00f3ja \u00e9s a k\u00f6nny\u0171 haszn\u00e1lhat\u00f3s\u00e1ga miatt.<\/p>\n\n\n\n<p><strong>Let\u00f6lt\u00e9si linkek<\/strong>:<br><strong>K\u00e9perny\u0151id\u0151<\/strong> Nat\u00edvan el\u00e9rhet\u0151 iOS eszk\u00f6z\u00f6k\u00f6n, \u00e9s nem kell let\u00f6lteni.<\/p>\n\n\n\n<figure class=\"wp-block-image size-full\"><img loading=\"lazy\" decoding=\"async\" width=\"550\" height=\"350\" src=\"http:\/\/universofamilia.com\/wp-content\/uploads\/sites\/148\/2024\/09\/P-550x350-2.png\" alt=\"\" class=\"wp-image-6495\" srcset=\"https:\/\/universofamilia.com\/wp-content\/uploads\/sites\/148\/2024\/09\/P-550x350-2.png 550w, https:\/\/universofamilia.com\/wp-content\/uploads\/sites\/148\/2024\/09\/P-550x350-2-300x191.png 300w\" sizes=\"(max-width: 550px) 100vw, 550px\" \/><\/figure>\n\n\n\n<h2 class=\"wp-block-heading\">Az eredm\u00e9nyek optimaliz\u00e1l\u00e1sa eszk\u00f6ztiszt\u00edt\u00e1ssal<\/h2>\n\n\n\n<p>A sz\u00fcl\u0151i fel\u00fcgyeleti alkalmaz\u00e1sok haszn\u00e1lata mellett elengedhetetlen az eszk\u00f6z\u00f6k tiszt\u00e1n \u00e9s optimaliz\u00e1lva tart\u00e1sa is.<\/p>\n\n\n\n<p>Vannak speci\u00e1lis alkalmaz\u00e1sok, amelyek megtiszt\u00edtj\u00e1k a mobiltelefont a felesleges f\u00e1jlokt\u00f3l, ez\u00e1ltal jav\u00edtva annak teljes\u00edtm\u00e9ny\u00e9t.<\/p>\n\n\n\n<p>Ez seg\u00edt biztos\u00edtani, hogy az eszk\u00f6z\u00f6k gyorsabban \u00e9s hat\u00e9konyabban m\u0171k\u00f6djenek, lehet\u0151v\u00e9 t\u00e9ve a sz\u00fcl\u0151k sz\u00e1m\u00e1ra, hogy teljes m\u00e9rt\u00e9kben kihaszn\u00e1lj\u00e1k a sz\u00fcl\u0151i fel\u00fcgyeleti funkci\u00f3kat.<\/p>\n\n\n\n<h2 class=\"wp-block-heading\">Mi\u00e9rt v\u00e1lasztottuk ezeket az alkalmaz\u00e1sokat?<\/h2>\n\n\n\n<p>Ezt a h\u00e1rom alkalmaz\u00e1st a sz\u00fcl\u0151i fel\u00fcgyeletre \u00e9s az online v\u00e9delemre val\u00f3 \u00f6sszpontos\u00edt\u00e1suk miatt v\u00e1lasztottuk ki.<\/p>\n\n\n\n<p>Ezenk\u00edv\u00fcl megfelelnek a Google Play \u00c1ruh\u00e1z \u00e9s az Apple Store szab\u00e1lyzatainak, Androidra \u00e9s iOS-re is el\u00e9rhet\u0151k, \u00e9s t\u00f6bb ezer pozit\u00edv felhaszn\u00e1l\u00f3i \u00e9rt\u00e9kel\u00e9ssel rendelkeznek.<\/p>\n\n\n\n<h2 class=\"wp-block-heading\">Z\u00e1r\u00f3 megfontol\u00e1sok<\/h2>\n\n\n\n<p>Az olyan eszk\u00f6z\u00f6k haszn\u00e1lata, mint p\u00e9ld\u00e1ul <strong>Google Csal\u00e1di kapcsolat<\/strong>, <strong>AppBlock<\/strong> \u00e9s <strong>K\u00e9perny\u0151id\u0151<\/strong> Ez egy kiv\u00e1l\u00f3 m\u00f3dja annak, hogy a gyerekek biztons\u00e1gosan \u00e9lvezhess\u00e9k a technol\u00f3gi\u00e1t.<\/p>\n\n\n\n<p>Ezek az eszk\u00f6z\u00f6k azonban nem helyettes\u00edtik a sz\u00fcl\u0151k \u00e9s gyermekek k\u00f6z\u00f6tti ny\u00edlt p\u00e1rbesz\u00e9det a felel\u0151s technol\u00f3giahaszn\u00e1latr\u00f3l.<\/p>\n\n\n\n<p>Ne feledd, hogy a sz\u00fcl\u0151i fel\u00fcgyeletet rendszeresen friss\u00edteni kell az optim\u00e1lis v\u00e9delem biztos\u00edt\u00e1sa \u00e9rdek\u00e9ben.<\/p>\n\n\n\n<p>\u00c9s mindenekel\u0151tt minden csal\u00e1d m\u00e1s, ez\u00e9rt \u00e9rdemes k\u00eds\u00e9rletezni k\u00fcl\u00f6nb\u00f6z\u0151 konfigur\u00e1ci\u00f3kkal, am\u00edg meg nem tal\u00e1lod a sz\u00e1modra \u00e9s a csal\u00e1dod sz\u00e1m\u00e1ra legmegfelel\u0151bbet.<\/p>\n\n\n\n<hr class=\"wp-block-separator has-alpha-channel-opacity\" \/>\n\n\n\n<h2 class=\"wp-block-heading\">Gyakran Ism\u00e9telt K\u00e9rd\u00e9sek (GYIK)<\/h2>\n\n\n\n<p><strong>1. Mi a sz\u00fcl\u0151i fel\u00fcgyelet, \u00e9s mi\u00e9rt fontos?<\/strong><br>A sz\u00fcl\u0151i fel\u00fcgyelet olyan eszk\u00f6z\u00f6k, amelyek lehet\u0151v\u00e9 teszik a sz\u00fcl\u0151k sz\u00e1m\u00e1ra, hogy korl\u00e1tozz\u00e1k \u00e9s fel\u00fcgyelj\u00e9k gyermekeik eszk\u00f6zhaszn\u00e1lat\u00e1t. Ez az\u00e9rt fontos, mert seg\u00edt megv\u00e9deni a gyermekeket az online kock\u00e1zatokt\u00f3l, p\u00e9ld\u00e1ul a nem megfelel\u0151 tartalmakt\u00f3l vagy a vesz\u00e9lyes interakci\u00f3kt\u00f3l.<\/p>\n\n\n\n<p><strong>2. Letilthatj\u00e1k-e a gyerekek a sz\u00fcl\u0151i fel\u00fcgyeleti alkalmaz\u00e1sokat?<\/strong><br>Nem, a legt\u00f6bb sz\u00fcl\u0151i fel\u00fcgyeleti alkalmaz\u00e1s jelsz\u00f3t vagy speci\u00e1lis hiteles\u00edt\u00e9st ig\u00e9nyel a letilt\u00e1sukhoz. A sz\u00fcl\u0151k teljes m\u00e9rt\u00e9kben ellen\u0151rizhetik a be\u00e1ll\u00edt\u00e1sokat.<\/p>\n\n\n\n<p><strong>3. Hogyan \u00e1ll\u00edthatok be id\u0151korl\u00e1tokat a k\u00f6z\u00f6ss\u00e9gi m\u00e9dia haszn\u00e1lat\u00e1ra?<\/strong><br>Olyan alkalmaz\u00e1sokkal, mint <strong>Google Csal\u00e1di kapcsolat<\/strong> b\u00e1rmelyik <strong>AppBlock<\/strong>, id\u0151korl\u00e1tokat \u00e1ll\u00edthat be bizonyos alkalmaz\u00e1sokhoz, p\u00e9ld\u00e1ul a k\u00f6z\u00f6ss\u00e9gi m\u00e9di\u00e1hoz, blokkolva \u0151ket bizonyos \u00f3r\u00e1kban vagy egy bizonyos mennyis\u00e9g\u0171 haszn\u00e1lat ut\u00e1n.<\/p>\n\n\n\n<p><strong>4. Besz\u00e9ljek a gyerekeimmel a sz\u00fcl\u0151i fel\u00fcgyelet haszn\u00e1lat\u00e1r\u00f3l?<\/strong><br>Igen, elengedhetetlen, hogy ny\u00edltan besz\u00e9lj a gyerekeiddel arr\u00f3l, hogy mi\u00e9rt haszn\u00e1lsz sz\u00fcl\u0151i fel\u00fcgyeletet. Ez seg\u00edt a bizalom ki\u00e9p\u00edt\u00e9s\u00e9ben \u00e9s a biztons\u00e1gos technol\u00f3giahaszn\u00e1latr\u00f3l t\u00e1j\u00e9koztatja \u0151ket.<\/p>\n\n\n\n<p><strong>5. Haszn\u00e1lhatom ugyanazokat az alkalmaz\u00e1sokat k\u00fcl\u00f6nb\u00f6z\u0151 kor\u00fa gyermekek sz\u00e1m\u00e1ra?<\/strong><br>Igen, a legt\u00f6bb sz\u00fcl\u0151i fel\u00fcgyeleti alkalmaz\u00e1s lehet\u0151v\u00e9 teszi a be\u00e1ll\u00edt\u00e1sok testreszab\u00e1s\u00e1t az egyes gyermekek \u00e9letkora alapj\u00e1n, a korl\u00e1toz\u00e1sok \u00e9s blokkol\u00e1sok ig\u00e9nyeihez szab\u00e1s\u00e1val.<\/p>","protected":false},"excerpt":{"rendered":"<p>A mai digit\u00e1lis korban, ahol a k\u00f6z\u00f6ss\u00e9gi m\u00e9dia a gyermekek \u00e9s tin\u00e9dzserek \u00e9let\u00e9nek alapvet\u0151 r\u00e9sz\u00e9t k\u00e9pezi, a sz\u00fcl\u0151knek minden eddigin\u00e9l \u00e9berebbnek kell lenni\u00fck. Az online v\u00e9delem \u00e9s a k\u00e9perny\u0151 el\u0151tt t\u00f6lt\u00f6tt id\u0151 monitoroz\u00e1sa priorit\u00e1ss\u00e1 v\u00e1lt a gyermekek biztons\u00e1g\u00e1nak meg\u0151rz\u00e9se \u00e9rdek\u00e9ben. Ez a cikk betekint\u00e9st ny\u00fajt [\u2026]<\/p>","protected":false},"author":219,"featured_media":6495,"comment_status":"closed","ping_status":"open","sticky":false,"template":"","format":"standard","meta":{"footnotes":""},"categories":[2],"tags":[131,844,1021],"yoast_head":"<!-- This site is optimized with the Yoast SEO plugin v23.3 - https:\/\/yoast.com\/wordpress\/plugins\/seo\/ -->\n<title>Estrategias de Vigilancia Familiar - Universo Fam\u00edlia<\/title>\n<meta name=\"description\" content=\"Estrategias de Vigilancia Familiar. En la era digital actual, donde las redes sociales son una parte fundamental de la vida de ni\u00f1os...\" \/>\n<meta name=\"robots\" content=\"index, follow, max-snippet:-1, max-image-preview:large, max-video-preview:-1\" \/>\n<link rel=\"canonical\" href=\"http:\/\/universofamilia.com\/hu\/\u0441\u0442\u0440\u0430\u0442\u0435\u0433\u0438\u0458\u0435-\u043f\u0440\u0430\u045b\u0435\u045a\u0430-\u043f\u043e\u0440\u043e\u0434\u0438\u0446\u0435\/\" \/>\n<meta property=\"og:locale\" content=\"hu_HU\" \/>\n<meta property=\"og:type\" content=\"article\" \/>\n<meta property=\"og:title\" content=\"Estrategias de Vigilancia Familiar - Universo Fam\u00edlia\" \/>\n<meta property=\"og:description\" content=\"Estrategias de Vigilancia Familiar. En la era digital actual, donde las redes sociales son una parte fundamental de la vida de ni\u00f1os...\" \/>\n<meta property=\"og:url\" content=\"http:\/\/universofamilia.com\/hu\/\u0441\u0442\u0440\u0430\u0442\u0435\u0433\u0438\u0458\u0435-\u043f\u0440\u0430\u045b\u0435\u045a\u0430-\u043f\u043e\u0440\u043e\u0434\u0438\u0446\u0435\/\" \/>\n<meta property=\"og:site_name\" content=\"Universo Fam\u00edlia\" \/>\n<meta property=\"article:published_time\" content=\"2024-09-09T17:48:43+00:00\" \/>\n<meta property=\"article:modified_time\" content=\"2025-10-12T22:41:58+00:00\" \/>\n<meta property=\"og:image\" content=\"http:\/\/universofamilia.com\/wp-content\/uploads\/sites\/148\/2024\/09\/P-550x350-2.png\" \/>\n\t<meta property=\"og:image:width\" content=\"550\" \/>\n\t<meta property=\"og:image:height\" content=\"350\" \/>\n\t<meta property=\"og:image:type\" content=\"image\/png\" \/>\n<meta name=\"author\" content=\"Matheus Sangaletti\" \/>\n<meta name=\"twitter:card\" content=\"summary_large_image\" \/>\n<meta name=\"twitter:label1\" content=\"Written by\" \/>\n\t<meta name=\"twitter:data1\" content=\"Matheus Sangaletti\" \/>\n\t<meta name=\"twitter:label2\" content=\"Est. reading time\" \/>\n\t<meta name=\"twitter:data2\" content=\"8 perc\" \/>\n<script type=\"application\/ld+json\" class=\"yoast-schema-graph\">{\"@context\":\"https:\/\/schema.org\",\"@graph\":[{\"@type\":\"WebPage\",\"@id\":\"http:\/\/universofamilia.com\/sr\/\u0441\u0442\u0440\u0430\u0442\u0435\u0433\u0438\u0458\u0435-\u043f\u0440\u0430\u045b\u0435\u045a\u0430-\u043f\u043e\u0440\u043e\u0434\u0438\u0446\u0435\/\",\"url\":\"http:\/\/universofamilia.com\/sr\/\u0441\u0442\u0440\u0430\u0442\u0435\u0433\u0438\u0458\u0435-\u043f\u0440\u0430\u045b\u0435\u045a\u0430-\u043f\u043e\u0440\u043e\u0434\u0438\u0446\u0435\/\",\"name\":\"Estrategias de Vigilancia Familiar - Universo Fam\u00edlia\",\"isPartOf\":{\"@id\":\"https:\/\/universofamilia.com\/el\/#website\"},\"primaryImageOfPage\":{\"@id\":\"http:\/\/universofamilia.com\/sr\/\u0441\u0442\u0440\u0430\u0442\u0435\u0433\u0438\u0458\u0435-\u043f\u0440\u0430\u045b\u0435\u045a\u0430-\u043f\u043e\u0440\u043e\u0434\u0438\u0446\u0435\/#primaryimage\"},\"image\":{\"@id\":\"http:\/\/universofamilia.com\/sr\/\u0441\u0442\u0440\u0430\u0442\u0435\u0433\u0438\u0458\u0435-\u043f\u0440\u0430\u045b\u0435\u045a\u0430-\u043f\u043e\u0440\u043e\u0434\u0438\u0446\u0435\/#primaryimage\"},\"thumbnailUrl\":\"https:\/\/universofamilia.com\/wp-content\/uploads\/sites\/148\/2024\/09\/P-550x350-2.png\",\"datePublished\":\"2024-09-09T17:48:43+00:00\",\"dateModified\":\"2025-10-12T22:41:58+00:00\",\"author\":{\"@id\":\"https:\/\/universofamilia.com\/el\/#\/schema\/person\/92fcd07e9b1f4323bf74f3170fc0f78a\"},\"description\":\"Estrategias de Vigilancia Familiar. En la era digital actual, donde las redes sociales son una parte fundamental de la vida de ni\u00f1os...\",\"breadcrumb\":{\"@id\":\"http:\/\/universofamilia.com\/sr\/\u0441\u0442\u0440\u0430\u0442\u0435\u0433\u0438\u0458\u0435-\u043f\u0440\u0430\u045b\u0435\u045a\u0430-\u043f\u043e\u0440\u043e\u0434\u0438\u0446\u0435\/#breadcrumb\"},\"inLanguage\":\"hu\",\"potentialAction\":[{\"@type\":\"ReadAction\",\"target\":[\"http:\/\/universofamilia.com\/sr\/\u0441\u0442\u0440\u0430\u0442\u0435\u0433\u0438\u0458\u0435-\u043f\u0440\u0430\u045b\u0435\u045a\u0430-\u043f\u043e\u0440\u043e\u0434\u0438\u0446\u0435\/\"]}]},{\"@type\":\"ImageObject\",\"inLanguage\":\"hu\",\"@id\":\"http:\/\/universofamilia.com\/sr\/\u0441\u0442\u0440\u0430\u0442\u0435\u0433\u0438\u0458\u0435-\u043f\u0440\u0430\u045b\u0435\u045a\u0430-\u043f\u043e\u0440\u043e\u0434\u0438\u0446\u0435\/#primaryimage\",\"url\":\"https:\/\/universofamilia.com\/wp-content\/uploads\/sites\/148\/2024\/09\/P-550x350-2.png\",\"contentUrl\":\"https:\/\/universofamilia.com\/wp-content\/uploads\/sites\/148\/2024\/09\/P-550x350-2.png\",\"width\":550,\"height\":350,\"caption\":\"Estrategias de Vigilancia Familiar\"},{\"@type\":\"BreadcrumbList\",\"@id\":\"http:\/\/universofamilia.com\/sr\/\u0441\u0442\u0440\u0430\u0442\u0435\u0433\u0438\u0458\u0435-\u043f\u0440\u0430\u045b\u0435\u045a\u0430-\u043f\u043e\u0440\u043e\u0434\u0438\u0446\u0435\/#breadcrumb\",\"itemListElement\":[{\"@type\":\"ListItem\",\"position\":1,\"name\":\"Home\",\"item\":\"https:\/\/universofamilia.com\/el\/\"},{\"@type\":\"ListItem\",\"position\":2,\"name\":\"Estrategias de Vigilancia Familiar\"}]},{\"@type\":\"WebSite\",\"@id\":\"https:\/\/universofamilia.com\/el\/#website\",\"url\":\"https:\/\/universofamilia.com\/el\/\",\"name\":\"Universo Fam\u00edlia\",\"description\":\"\",\"potentialAction\":[{\"@type\":\"SearchAction\",\"target\":{\"@type\":\"EntryPoint\",\"urlTemplate\":\"https:\/\/universofamilia.com\/el\/?s={search_term_string}\"},\"query-input\":\"required name=search_term_string\"}],\"inLanguage\":\"hu\"},{\"@type\":\"Person\",\"@id\":\"https:\/\/universofamilia.com\/el\/#\/schema\/person\/92fcd07e9b1f4323bf74f3170fc0f78a\",\"name\":\"Matheus Sangaletti\",\"image\":{\"@type\":\"ImageObject\",\"inLanguage\":\"hu\",\"@id\":\"https:\/\/universofamilia.com\/el\/#\/schema\/person\/image\/\",\"url\":\"https:\/\/secure.gravatar.com\/avatar\/280ea957a14a48e6a1ad2133d2cc27c9?s=96&d=mm&r=g\",\"contentUrl\":\"https:\/\/secure.gravatar.com\/avatar\/280ea957a14a48e6a1ad2133d2cc27c9?s=96&d=mm&r=g\",\"caption\":\"Matheus Sangaletti\"},\"url\":\"https:\/\/universofamilia.com\/hu\/author\/matheuss\/\"}]}<\/script>\n<!-- \/ Yoast SEO plugin. -->","yoast_head_json":{"title":"Estrategias de Vigilancia Familiar - Universo Fam\u00edlia","description":"Estrategias de Vigilancia Familiar. En la era digital actual, donde las redes sociales son una parte fundamental de la vida de ni\u00f1os...","robots":{"index":"index","follow":"follow","max-snippet":"max-snippet:-1","max-image-preview":"max-image-preview:large","max-video-preview":"max-video-preview:-1"},"canonical":"http:\/\/universofamilia.com\/hu\/\u0441\u0442\u0440\u0430\u0442\u0435\u0433\u0438\u0458\u0435-\u043f\u0440\u0430\u045b\u0435\u045a\u0430-\u043f\u043e\u0440\u043e\u0434\u0438\u0446\u0435\/","og_locale":"hu_HU","og_type":"article","og_title":"Estrategias de Vigilancia Familiar - Universo Fam\u00edlia","og_description":"Estrategias de Vigilancia Familiar. En la era digital actual, donde las redes sociales son una parte fundamental de la vida de ni\u00f1os...","og_url":"http:\/\/universofamilia.com\/hu\/\u0441\u0442\u0440\u0430\u0442\u0435\u0433\u0438\u0458\u0435-\u043f\u0440\u0430\u045b\u0435\u045a\u0430-\u043f\u043e\u0440\u043e\u0434\u0438\u0446\u0435\/","og_site_name":"Universo Fam\u00edlia","article_published_time":"2024-09-09T17:48:43+00:00","article_modified_time":"2025-10-12T22:41:58+00:00","og_image":[{"width":550,"height":350,"url":"http:\/\/universofamilia.com\/wp-content\/uploads\/sites\/148\/2024\/09\/P-550x350-2.png","type":"image\/png"}],"author":"Matheus Sangaletti","twitter_card":"summary_large_image","twitter_misc":{"Written by":"Matheus Sangaletti","Est. reading time":"8 perc"},"schema":{"@context":"https:\/\/schema.org","@graph":[{"@type":"WebPage","@id":"http:\/\/universofamilia.com\/sr\/\u0441\u0442\u0440\u0430\u0442\u0435\u0433\u0438\u0458\u0435-\u043f\u0440\u0430\u045b\u0435\u045a\u0430-\u043f\u043e\u0440\u043e\u0434\u0438\u0446\u0435\/","url":"http:\/\/universofamilia.com\/sr\/\u0441\u0442\u0440\u0430\u0442\u0435\u0433\u0438\u0458\u0435-\u043f\u0440\u0430\u045b\u0435\u045a\u0430-\u043f\u043e\u0440\u043e\u0434\u0438\u0446\u0435\/","name":"Estrategias de Vigilancia Familiar - Universo Fam\u00edlia","isPartOf":{"@id":"https:\/\/universofamilia.com\/el\/#website"},"primaryImageOfPage":{"@id":"http:\/\/universofamilia.com\/sr\/\u0441\u0442\u0440\u0430\u0442\u0435\u0433\u0438\u0458\u0435-\u043f\u0440\u0430\u045b\u0435\u045a\u0430-\u043f\u043e\u0440\u043e\u0434\u0438\u0446\u0435\/#primaryimage"},"image":{"@id":"http:\/\/universofamilia.com\/sr\/\u0441\u0442\u0440\u0430\u0442\u0435\u0433\u0438\u0458\u0435-\u043f\u0440\u0430\u045b\u0435\u045a\u0430-\u043f\u043e\u0440\u043e\u0434\u0438\u0446\u0435\/#primaryimage"},"thumbnailUrl":"https:\/\/universofamilia.com\/wp-content\/uploads\/sites\/148\/2024\/09\/P-550x350-2.png","datePublished":"2024-09-09T17:48:43+00:00","dateModified":"2025-10-12T22:41:58+00:00","author":{"@id":"https:\/\/universofamilia.com\/el\/#\/schema\/person\/92fcd07e9b1f4323bf74f3170fc0f78a"},"description":"Estrategias de Vigilancia Familiar. En la era digital actual, donde las redes sociales son una parte fundamental de la vida de ni\u00f1os...","breadcrumb":{"@id":"http:\/\/universofamilia.com\/sr\/\u0441\u0442\u0440\u0430\u0442\u0435\u0433\u0438\u0458\u0435-\u043f\u0440\u0430\u045b\u0435\u045a\u0430-\u043f\u043e\u0440\u043e\u0434\u0438\u0446\u0435\/#breadcrumb"},"inLanguage":"hu","potentialAction":[{"@type":"ReadAction","target":["http:\/\/universofamilia.com\/sr\/\u0441\u0442\u0440\u0430\u0442\u0435\u0433\u0438\u0458\u0435-\u043f\u0440\u0430\u045b\u0435\u045a\u0430-\u043f\u043e\u0440\u043e\u0434\u0438\u0446\u0435\/"]}]},{"@type":"ImageObject","inLanguage":"hu","@id":"http:\/\/universofamilia.com\/sr\/\u0441\u0442\u0440\u0430\u0442\u0435\u0433\u0438\u0458\u0435-\u043f\u0440\u0430\u045b\u0435\u045a\u0430-\u043f\u043e\u0440\u043e\u0434\u0438\u0446\u0435\/#primaryimage","url":"https:\/\/universofamilia.com\/wp-content\/uploads\/sites\/148\/2024\/09\/P-550x350-2.png","contentUrl":"https:\/\/universofamilia.com\/wp-content\/uploads\/sites\/148\/2024\/09\/P-550x350-2.png","width":550,"height":350,"caption":"Estrategias de Vigilancia Familiar"},{"@type":"BreadcrumbList","@id":"http:\/\/universofamilia.com\/sr\/\u0441\u0442\u0440\u0430\u0442\u0435\u0433\u0438\u0458\u0435-\u043f\u0440\u0430\u045b\u0435\u045a\u0430-\u043f\u043e\u0440\u043e\u0434\u0438\u0446\u0435\/#breadcrumb","itemListElement":[{"@type":"ListItem","position":1,"name":"Home","item":"https:\/\/universofamilia.com\/el\/"},{"@type":"ListItem","position":2,"name":"Estrategias de Vigilancia Familiar"}]},{"@type":"WebSite","@id":"https:\/\/universofamilia.com\/el\/#website","url":"https:\/\/universofamilia.com\/el\/","name":"Universo Fam\u00edlia","description":"","potentialAction":[{"@type":"SearchAction","target":{"@type":"EntryPoint","urlTemplate":"https:\/\/universofamilia.com\/el\/?s={search_term_string}"},"query-input":"required name=search_term_string"}],"inLanguage":"hu"},{"@type":"Person","@id":"https:\/\/universofamilia.com\/el\/#\/schema\/person\/92fcd07e9b1f4323bf74f3170fc0f78a","name":"Matheus Sangaletti","image":{"@type":"ImageObject","inLanguage":"hu","@id":"https:\/\/universofamilia.com\/el\/#\/schema\/person\/image\/","url":"https:\/\/secure.gravatar.com\/avatar\/280ea957a14a48e6a1ad2133d2cc27c9?s=96&d=mm&r=g","contentUrl":"https:\/\/secure.gravatar.com\/avatar\/280ea957a14a48e6a1ad2133d2cc27c9?s=96&d=mm&r=g","caption":"Matheus Sangaletti"},"url":"https:\/\/universofamilia.com\/hu\/author\/matheuss\/"}]}},"_links":{"self":[{"href":"https:\/\/universofamilia.com\/hu\/wp-json\/wp\/v2\/posts\/6494"}],"collection":[{"href":"https:\/\/universofamilia.com\/hu\/wp-json\/wp\/v2\/posts"}],"about":[{"href":"https:\/\/universofamilia.com\/hu\/wp-json\/wp\/v2\/types\/post"}],"author":[{"embeddable":true,"href":"https:\/\/universofamilia.com\/hu\/wp-json\/wp\/v2\/users\/219"}],"replies":[{"embeddable":true,"href":"https:\/\/universofamilia.com\/hu\/wp-json\/wp\/v2\/comments?post=6494"}],"version-history":[{"count":1,"href":"https:\/\/universofamilia.com\/hu\/wp-json\/wp\/v2\/posts\/6494\/revisions"}],"predecessor-version":[{"id":10063,"href":"https:\/\/universofamilia.com\/hu\/wp-json\/wp\/v2\/posts\/6494\/revisions\/10063"}],"wp:featuredmedia":[{"embeddable":true,"href":"https:\/\/universofamilia.com\/hu\/wp-json\/wp\/v2\/media\/6495"}],"wp:attachment":[{"href":"https:\/\/universofamilia.com\/hu\/wp-json\/wp\/v2\/media?parent=6494"}],"wp:term":[{"taxonomy":"category","embeddable":true,"href":"https:\/\/universofamilia.com\/hu\/wp-json\/wp\/v2\/categories?post=6494"},{"taxonomy":"post_tag","embeddable":true,"href":"https:\/\/universofamilia.com\/hu\/wp-json\/wp\/v2\/tags?post=6494"}],"curies":[{"name":"wp","href":"https:\/\/api.w.org\/{rel}","templated":true}]}}