{"id":6515,"date":"2024-09-12T17:11:50","date_gmt":"2024-09-12T20:11:50","guid":{"rendered":"https:\/\/universofamilia.com\/?p=6515"},"modified":"2025-11-20T22:25:11","modified_gmt":"2025-11-21T01:25:11","slug":"aplicaciones-para-escuchar-el-corazon-del-bebe","status":"publish","type":"post","link":"https:\/\/universofamilia.com\/hu\/aplicaciones-para-escuchar-el-corazon-del-bebe\/","title":{"rendered":"Alkalmaz\u00e1sok a baba sz\u00edvver\u00e9s\u00e9nek meghallgat\u00e1s\u00e1hoz"},"content":{"rendered":"<p>A terhess\u00e9g minden szakasz\u00e1nak nyomon k\u00f6vet\u00e9se k\u00fcl\u00f6nleges id\u0151szak a v\u00e1rand\u00f3s any\u00e1k \u00e9s csal\u00e1djaik sz\u00e1m\u00e1ra.<\/p>\n\n\n\n<p>Az ut\u00f3bbi \u00e9vekben a v\u00e1rand\u00f3s n\u0151k sz\u00e1m\u00e1ra tervezett alkalmaz\u00e1sok elengedhetetlenn\u00e9 v\u00e1ltak a nagyobb biztons\u00e1g \u00e9s t\u00e1j\u00e9koztat\u00e1s \u00e9rdek\u00e9ben.<\/p>\n\n\n\n<p>A baba fejl\u0151d\u00e9s\u00e9nek nyomon k\u00f6vet\u00e9s\u00e9t\u0151l a sz\u00edvver\u00e9s\u00e9nek meghallgat\u00e1s\u00e1ig ezek az eszk\u00f6z\u00f6k el\u0151seg\u00edtik a szorosabb kapcsolatot az anyas\u00e1ggal.<\/p>\n\n\n\n<p>Ezut\u00e1n k\u00e9t n\u00e9pszer\u0171 alkalmaz\u00e1st\u00edpust fogunk megvizsg\u00e1lni: a <strong>Terhess\u00e9gk\u00f6vet\u0151<\/strong> \u00e9s a <strong>Baba sz\u00edvver\u00e9sfigyel\u0151<\/strong>.<\/p>\n\n\n\n<h2 class=\"wp-block-heading\">Az alkalmaz\u00e1sok fontoss\u00e1ga a terhes n\u0151k sz\u00e1m\u00e1ra<\/h2>\n\n\n\n<p>A v\u00e1rand\u00f3s n\u0151knek sz\u00f3l\u00f3 alkalmaz\u00e1sok kulcsszerepet j\u00e1tszanak az\u00e1ltal, hogy szem\u00e9lyre szabott inform\u00e1ci\u00f3kat ny\u00fajtanak a terhess\u00e9g minden szakasz\u00e1r\u00f3l.<\/p>\n\n\n\n<p>Seg\u00edtenek nyomon k\u00f6vetni a baba fejl\u0151d\u00e9s\u00e9t, azonos\u00edtani a gyakori t\u00fcneteket, \u00e9s hasznos eg\u00e9szs\u00e9g\u00fcgyi \u00e9s wellness tippeket adnak.<\/p>\n\n\n\n<p>N\u00e9h\u00e1ny egyszer\u0171 koppint\u00e1ssal a telefonjukon a v\u00e1rand\u00f3s any\u00e1k \u00e9rt\u00e9kes inform\u00e1ci\u00f3khoz f\u00e9rhetnek hozz\u00e1, amelyek seg\u00edtenek nekik fizikailag \u00e9s \u00e9rzelmileg is felk\u00e9sz\u00fclni a sz\u00fcl\u00e9sre.<\/p>\n\n\n\n<p><\/p>\n\n\n\n<hr class=\"wp-block-separator has-text-color has-luminous-vivid-orange-color has-alpha-channel-opacity has-luminous-vivid-orange-background-color has-background\" \/>\n\n\n\n<h2 class=\"wp-block-heading\">Olvasd el m\u00e9g:<\/h2>\n\n\n\n<p><\/p>\n\n\n\n<ul class=\"wp-block-list\">\n<li><a href=\"https:\/\/universofamilia.com\/hu\/5893\/acelera-tu-celular-despierta-tu-productividad\/\" target=\"_blank\" rel=\"noreferrer noopener\"><font style=\"vertical-align: inherit\"><font style=\"vertical-align: inherit\">\ud83d\udccc Gyors\u00edtsd fel a mobiltelefonodat<\/font><\/font><\/a><\/li>\n\n\n\n<li><a href=\"https:\/\/universofamilia.com\/hu\/5869\/descubre-quien-te-esta-observando-en-las-redes-sociales\/\" target=\"_blank\" rel=\"noreferrer noopener\"><font style=\"vertical-align: inherit\"><font style=\"vertical-align: inherit\"><font style=\"vertical-align: inherit\"><font style=\"vertical-align: inherit\">\ud83d\udccc Kik l\u00e1togatt\u00e1k meg a profilodat?<\/font><\/font><\/font><\/font><\/a><\/li>\n\n\n\n<li><a href=\"https:\/\/universofamilia.com\/hu\/6414\/aplicaciones-para-limpiar-el-celular-y-aumentar-espacio\/\" target=\"_blank\" rel=\"noreferrer noopener\"><font style=\"vertical-align: inherit\"><font style=\"vertical-align: inherit\"><font style=\"vertical-align: inherit\"><font style=\"vertical-align: inherit\">\ud83d\udcbe <\/font><\/font><\/font><\/font>Alkalmaz\u00e1sok a t\u00e1rhely n\u00f6vel\u00e9s\u00e9re<\/a><\/li>\n\n\n\n<li><a href=\"https:\/\/universofamilia.com\/hu\/6417\/aplicaciones-para-recuperar-fotos-antiguas\/\" target=\"_blank\" rel=\"noreferrer noopener\"><font style=\"vertical-align: inherit\"><font style=\"vertical-align: inherit\"><font style=\"vertical-align: inherit\"><font style=\"vertical-align: inherit\">\ud83d\udccc <\/font><\/font><\/font><\/font>Alkalmaz\u00e1sok r\u00e9gi f\u00e9nyk\u00e9pek helyre\u00e1ll\u00edt\u00e1s\u00e1hoz<\/a><\/li>\n<\/ul>\n\n\n\n<p><\/p>\n\n\n\n<hr class=\"wp-block-separator has-text-color has-luminous-vivid-orange-color has-alpha-channel-opacity has-luminous-vivid-orange-background-color has-background\" \/>\n\n\n\n<p><\/p>\n\n\n\n<p>Ezenk\u00edv\u00fcl a <strong>Baba sz\u00edvver\u00e9sfigyel\u0151<\/strong> intimebb kapcsolatot tesz lehet\u0151v\u00e9 a baba sz\u00edvver\u00e9s\u00e9nek meghallgat\u00e1s\u00e1val, egyed\u00fcl\u00e1ll\u00f3 \u00e9lm\u00e9nyt ny\u00fajtva.<\/p>\n\n\n\n<h2 class=\"wp-block-heading\">Terhess\u00e9gi nyomk\u00f6vet\u0151: K\u00f6vesse a fejl\u0151d\u00e9s minden szakasz\u00e1t<\/h2>\n\n\n\n<p>\u0150 <strong>Terhess\u00e9gk\u00f6vet\u0151<\/strong> kulcsfontoss\u00e1g\u00fa eszk\u00f6zz\u00e9 v\u00e1lt a v\u00e1rand\u00f3s any\u00e1k sz\u00e1m\u00e1ra.<\/p>\n\n\n\n<p>Ezek az alkalmaz\u00e1sok sz\u00e1mos olyan funkci\u00f3t k\u00edn\u00e1lnak, amelyek megk\u00f6nny\u00edtik \u00e9s interakt\u00edvabb\u00e1 teszik a terhess\u00e9gk\u00f6vet\u00e9st. Lehet\u0151v\u00e9 teszik a k\u00f6vetkez\u0151ket:<\/p>\n\n\n\n<ul class=\"wp-block-list\">\n<li><strong>A baba n\u00f6veked\u00e9s\u00e9nek nyomon k\u00f6vet\u00e9se:<\/strong> K\u00e9pzeld el a magzati fejl\u0151d\u00e9st h\u00e9tr\u0151l h\u00e9tre, grafikonokkal, amelyek a baba m\u00e9ret\u00e9t \u00e9s s\u00faly\u00e1t mutatj\u00e1k.<\/li>\n\n\n\n<li><strong>T\u00fcnetek r\u00f6gz\u00edt\u00e9se:<\/strong> K\u00f6vesse nyomon az olyan t\u00fcneteket, mint a h\u00e1nyinger \u00e9s a h\u00e1tf\u00e1j\u00e1s, \u00e9s kapjon \u00fatmutat\u00e1st a kezel\u00e9s\u00fckh\u00f6z.<\/li>\n\n\n\n<li><strong>K\u00e9sz\u00edts terhess\u00e9gi napl\u00f3t:<\/strong> \u00d6r\u00f6k\u00edtsd meg terhess\u00e9ged legfontosabb pillanatait, \u00e9s \u0151rizd meg ezeket az eml\u00e9keket \u00f6r\u00f6kre.<\/li>\n\n\n\n<li><strong>Szem\u00e9lyre szabott tan\u00e1csad\u00e1s ig\u00e9nybev\u00e9tele:<\/strong> Vide\u00f3khoz \u00e9s cikkekhez f\u00e9rhet hozz\u00e1 olyan relev\u00e1ns t\u00e9m\u00e1kban, mint a sz\u00fcl\u00e9s, a szoptat\u00e1s \u00e9s az \u00fajsz\u00fcl\u00f6ttgondoz\u00e1s.<\/li>\n<\/ul>\n\n\n\n<p>Ezek a tulajdons\u00e1gok seg\u00edtenek az any\u00e1knak felk\u00e9sz\u00fcltebbnek \u00e9s k\u00f6zelebbinek \u00e9rezni magukat a bab\u00e1jukhoz.<\/p>\n\n\n\n<h3 class=\"wp-block-heading\">Felhaszn\u00e1l\u00f3i v\u00e9lem\u00e9nyek<\/h3>\n\n\n\n<p>A felhaszn\u00e1l\u00f3k dics\u00e9rik ezeknek az alkalmaz\u00e1soknak a praktikum\u00e1t \u00e9s a szervezetts\u00e9g\u00e9t. Sokan megjegyzik, milyen megnyugtat\u00f3, hogy minden terhess\u00e9ggel kapcsolatos inform\u00e1ci\u00f3juk egy helyen van.<\/p>\n\n\n\n<p>Az alkalmaz\u00e1sboltokban az \u00e9rt\u00e9kel\u00e9sek jellemz\u0151en magasak, kiemelve a funkcionalit\u00e1st \u00e9s a k\u00f6nny\u0171 haszn\u00e1lhat\u00f3s\u00e1got.<\/p>\n\n\n\n<p><\/p>\n\n\n\n<div class=\"wp-block-columns is-layout-flex wp-container-core-columns-layout-1 wp-block-columns-is-layout-flex\">\n<div class=\"wp-block-column is-layout-flow wp-block-column-is-layout-flow\">\n<div class=\"wp-block-buttons is-layout-flex wp-block-buttons-is-layout-flex\">\n<div class=\"wp-block-button has-custom-width wp-block-button__width-100\" style=\"text-decoration:none\"><a class=\"wp-block-button__link has-white-color has-text-color has-background has-link-color has-text-align-left wp-element-button\" href=\"https:\/\/apps.apple.com\/br\/app\/rastreador-de-gravidez-sprout\/id441977097\" style=\"border-radius:10px;background-color:#d0d0d0\" target=\"_blank\" rel=\"noreferrer noopener\"><mark class=\"has-inline-color has-black-color\"><strong>\ud83d\udce5 Menj az Apple Store-ba \u00e9s t\u00f6ltsd le a Terhess\u00e9gi K\u00f6vet\u0151 alkalmaz\u00e1st<\/strong><\/mark> <mark class=\"has-inline-color has-black-color\"><strong>iOS-re<\/strong><\/mark><\/a><\/div>\n<\/div>\n<\/div>\n<\/div>\n\n\n\n<h2 class=\"wp-block-heading\">Baba sz\u00edvver\u00e9sfigyel\u0151: Hallgassa meg bab\u00e1ja sz\u00edv\u00e9t<\/h2>\n\n\n\n<p>A baba sz\u00edvhangj\u00e1nak els\u0151 hall\u00e1sa izgalmas \u00e9lm\u00e9ny a sz\u00fcl\u0151k sz\u00e1m\u00e1ra.<\/p>\n\n\n\n<p>\u0150 <strong>Baba sz\u00edvver\u00e9sfigyel\u0151<\/strong> Ez egy olyan alkalmaz\u00e1s, amely lehet\u0151v\u00e9 teszi, hogy k\u00f6nnyen hozz\u00e1f\u00e9rhet\u0151 \u00e9s egyszer\u0171 m\u00f3don \u00e9ld \u00e1t ezt a pillanatot, lehet\u0151v\u00e9 t\u00e9ve a v\u00e1rand\u00f3s any\u00e1k sz\u00e1m\u00e1ra, hogy mobiltelefonjukr\u00f3l hallgass\u00e1k bab\u00e1juk sz\u00edvver\u00e9s\u00e9t.<\/p>\n\n\n\n<h3 class=\"wp-block-heading\">Hogyan m\u0171k\u00f6dik?<\/h3>\n\n\n\n<p>Az alkalmaz\u00e1s eg\u00e9szen egyszer\u0171en m\u0171k\u00f6dik: a telefon mikrofonj\u00e1t haszn\u00e1lja a baba sz\u00edvhangj\u00e1nak r\u00f6gz\u00edt\u00e9s\u00e9re.<\/p>\n\n\n\n<p>Csak a mikrofont a hasad f\u00f6l\u00e9 kell helyezned, \u00e9s k\u00f6vetned kell az alkalmaz\u00e1s utas\u00edt\u00e1sait. Fontos azonban megjegyezni, hogy ezek az alkalmaz\u00e1sok nem helyettes\u00edtik a rendszeres orvosi ellen\u0151rz\u00e9seket.<\/p>\n\n\n\n<p>A n\u0151gy\u00f3gy\u00e1sz rendszeres l\u00e1togat\u00e1sa elengedhetetlen a baba \u00e9s az anya eg\u00e9szs\u00e9g\u00e9nek meg\u0151rz\u00e9s\u00e9hez.<\/p>\n\n\n\n<h3 class=\"wp-block-heading\">Felhaszn\u00e1l\u00f3i v\u00e9lem\u00e9nyek<\/h3>\n\n\n\n<p>A felhaszn\u00e1l\u00f3k \u00e1ltal\u00e1ban pozit\u00edv v\u00e9lem\u00e9nnyel vannak ezekr\u0151l az alkalmaz\u00e1sokr\u00f3l, k\u00fcl\u00f6n\u00f6sen a baba meghallgat\u00e1s\u00e1nak \u00e9rzelmi \u00e9lm\u00e9ny\u00e9t illet\u0151en.<\/p>\n\n\n\n<p>N\u00e9h\u00e1ny v\u00e9lem\u00e9ny azonban megjegyzi, hogy a hangmin\u0151s\u00e9g a k\u00e9sz\u00fcl\u00e9kt\u0151l \u00e9s a baba m\u00e9hen bel\u00fcli helyzet\u00e9t\u0151l f\u00fcgg\u0151en v\u00e1ltozhat.<\/p>\n\n\n\n<p><\/p>\n\n\n\n<div class=\"wp-block-columns is-layout-flex wp-container-core-columns-layout-2 wp-block-columns-is-layout-flex\">\n<div class=\"wp-block-column is-layout-flow wp-block-column-is-layout-flow\">\n<div class=\"wp-block-buttons is-layout-flex wp-block-buttons-is-layout-flex\">\n<div class=\"wp-block-button has-custom-width wp-block-button__width-100\" style=\"text-decoration:none\"><a class=\"wp-block-button__link has-white-color has-text-color has-background has-link-color has-text-align-left wp-element-button\" href=\"https:\/\/apps.apple.com\/br\/app\/ou%C3%A7a-o-cora%C3%A7%C3%A3o-do-seu-beb%C3%AA\/id1559796143\" style=\"border-radius:10px;background-color:#d0d0d0\" target=\"_blank\" rel=\"noreferrer noopener\"><mark class=\"has-inline-color has-black-color\"><strong>\ud83d\udce5 Menj az Apple Store-ba \u00e9s t\u00f6ltsd le a k\u00f6vetkez\u0151 alkalmaz\u00e1st: Baby Heartbeat Monitor<\/strong><\/mark><\/a><\/div>\n<\/div>\n<\/div>\n<\/div>\n\n\n\n<p><\/p>\n\n\n\n<hr class=\"wp-block-separator has-alpha-channel-opacity\" \/>\n\n\n\n<h2 class=\"wp-block-heading\">Hogyan haszn\u00e1ljuk az alkalmaz\u00e1sokat \u00e9s hogyan l\u00e9phet\u00fcnk kapcsolatba m\u00e1s orsz\u00e1gokb\u00f3l sz\u00e1rmaz\u00f3 emberekkel?<\/h2>\n\n\n\n<p>A baba eg\u00e9szs\u00e9g\u00e9nek monitoroz\u00e1sa mellett sz\u00e1mos v\u00e1rand\u00f3s n\u0151knek sz\u00f3l\u00f3 alkalmaz\u00e1s lehet\u0151s\u00e9get k\u00edn\u00e1l arra is, hogy m\u00e1s any\u00e1kkal is kapcsolatba l\u00e9pjenek szerte a vil\u00e1gon.<\/p>\n\n\n\n<p>N\u00e9h\u00e1nyuk f\u00f3rumokat \u00e9s k\u00f6z\u00f6ss\u00e9geket is k\u00edn\u00e1l, ahol m\u00e1s orsz\u00e1gokb\u00f3l sz\u00e1rmaz\u00f3 v\u00e1rand\u00f3s any\u00e1kkal tal\u00e1lkozhat, tapasztalatokat cser\u00e9lhet, \u00e9s megismerheti a k\u00fcl\u00f6nb\u00f6z\u0151 kult\u00far\u00e1kat.<\/p>\n\n\n\n<h3 class=\"wp-block-heading\">Fedezz fel \u00faj kult\u00far\u00e1kat \u00e9s embereket<\/h3>\n\n\n\n<p>Ezek az alkalmaz\u00e1sok nemcsak orvosi inform\u00e1ci\u00f3kat ny\u00fajtanak, hanem lehet\u0151s\u00e9get teremtenek \u00faj bar\u00e1ts\u00e1gok \u00e9s t\u00e1mogat\u00f3 h\u00e1l\u00f3zatok kialak\u00edt\u00e1s\u00e1ra is, ami k\u00fcl\u00f6n\u00f6sen fontos a terhess\u00e9g alatt.<\/p>\n\n\n<div class=\"wp-block-image\">\n<figure class=\"aligncenter size-full\"><img loading=\"lazy\" decoding=\"async\" width=\"550\" height=\"350\" src=\"http:\/\/universofamilia.com\/wp-content\/uploads\/sites\/148\/2024\/09\/P-550x350-1-9.jpg\" alt=\"\" class=\"wp-image-6516\" srcset=\"https:\/\/universofamilia.com\/wp-content\/uploads\/sites\/148\/2024\/09\/P-550x350-1-9.jpg 550w, https:\/\/universofamilia.com\/wp-content\/uploads\/sites\/148\/2024\/09\/P-550x350-1-9-300x191.jpg 300w\" sizes=\"(max-width: 550px) 100vw, 550px\" \/><figcaption class=\"wp-element-caption\">Alkalmaz\u00e1sok a baba sz\u00edvver\u00e9s\u00e9nek meghallgat\u00e1s\u00e1hoz<\/figcaption><\/figure><\/div>\n\n\n<p>Azoknak az any\u00e1knak, akik meg szeretn\u00e9k osztani tapasztalataikat \u00e9s tanulni szeretn\u00e9nek m\u00e1s kult\u00far\u00e1kt\u00f3l, ezek a platformok kiv\u00e1l\u00f3 eszk\u00f6zt jelentenek tud\u00e1suk \u00e9s n\u00e9z\u0151pontjaik gazdag\u00edt\u00e1s\u00e1ra.<\/p>\n\n\n\n<hr class=\"wp-block-separator has-alpha-channel-opacity\" \/>\n\n\n\n<h2 class=\"wp-block-heading\">K\u00f6vetkeztet\u00e9s<\/h2>\n\n\n\n<p>A <strong>alkalmaz\u00e1sok terhes n\u0151k sz\u00e1m\u00e1ra<\/strong>, mint a <strong>Terhess\u00e9gk\u00f6vet\u0151<\/strong> \u00e9s a <strong>Baba sz\u00edvver\u00e9sfigyel\u0151<\/strong>, felbecs\u00fclhetetlen \u00e9rt\u00e9k\u0171 eszk\u00f6z\u00f6k azok sz\u00e1m\u00e1ra, akik a terhess\u00e9g minden egyes szakasz\u00e1t szorosan k\u00f6vetni k\u00edv\u00e1nj\u00e1k.<\/p>\n\n\n\n<p>R\u00e9szletes inform\u00e1ci\u00f3kat ny\u00fajtanak a baba fejl\u0151d\u00e9s\u00e9r\u0151l, seg\u00edtenek a t\u00fcnetek nyomon k\u00f6vet\u00e9s\u00e9ben, \u00e9s k\u00fcl\u00f6nleges pillanatokat k\u00edn\u00e1lnak, p\u00e9ld\u00e1ul a baba sz\u00edvver\u00e9s\u00e9nek meghallgat\u00e1s\u00e1t.<\/p>\n\n\n\n<p>Fontos megjegyezni, hogy b\u00e1r ezek az alkalmaz\u00e1sok hasznosak, nem helyettes\u00edthetik a rendszeres orvosi konzult\u00e1ci\u00f3kat.<\/p>\n\n\n\n<p>Haszn\u00e1latuk nyugalmat \u00e9s biztons\u00e1got ny\u00fajthat, de a szakszer\u0171 orvosi fel\u00fcgyelet tov\u00e1bbra is elengedhetetlen.<\/p>\n\n\n\n<p>Alkalmaz\u00e1s kiv\u00e1laszt\u00e1sakor felt\u00e9tlen\u00fcl ellen\u0151rizze a v\u00e9lem\u00e9nyeket, \u00e9s v\u00e1lassza ki az ig\u00e9nyeinek legink\u00e1bb megfelel\u0151t.<\/p>\n\n\n\n<p>Ne felejtsd el megosztani a tapasztalataidat m\u00e1s kismam\u00e1kkal!<\/p>\n\n\n\n<hr class=\"wp-block-separator has-alpha-channel-opacity\" \/>\n\n\n\n<h3 class=\"wp-block-heading\">Gyakran Ism\u00e9telt K\u00e9rd\u00e9sek (GYIK)<\/h3>\n\n\n\n<p><strong>Biztons\u00e1gos alkalmaz\u00e1sokat haszn\u00e1lni a baba sz\u00edvver\u00e9s\u00e9nek monitoroz\u00e1s\u00e1ra?<\/strong><br>Igen, ezek az alkalmaz\u00e1sok biztons\u00e1gosan haszn\u00e1lhat\u00f3k, de mindig kieg\u00e9sz\u00edt\u0151 eszk\u00f6zk\u00e9nt kell \u0151ket tekinteni. Nem helyettes\u00edtik a rendszeres orvosi ellen\u0151rz\u00e9st, ami elengedhetetlen mind a baba, mind az anya eg\u00e9szs\u00e9ge szempontj\u00e1b\u00f3l.<\/p>\n\n\n\n<p><strong>Mikor kell elkezdenem terhess\u00e9gk\u00f6vet\u0151t haszn\u00e1lni?<\/strong><br>A terhess\u00e9gk\u00f6vet\u0151 alkalmaz\u00e1sokat att\u00f3l a pillanatt\u00f3l kezdve haszn\u00e1lhatod, hogy meger\u0151s\u00edted a terhess\u00e9gedet. Ezek az alkalmaz\u00e1sok az els\u0151 hetekt\u0151l a baba sz\u00fclet\u00e9s\u00e9ig k\u00eds\u00e9rnek el.<\/p>\n\n\n\n<p><strong>Mit tegyek, ha az alkalmaz\u00e1s nem \u00e9rz\u00e9keli a baba sz\u00edvver\u00e9s\u00e9t?<\/strong><br>Ha az alkalmaz\u00e1s nem \u00e9rz\u00e9kel sz\u00edvver\u00e9st, ne ijedjen meg azonnal. A baba \u00e9s az eszk\u00f6z helyzete befoly\u00e1solhatja az \u00e9rz\u00e9kel\u00e9st. Ha azonban b\u00e1rmilyen k\u00e9ts\u00e9ge mer\u00fcl fel, mindig \u00e9rdemes orvoshoz fordulni a pontosabb kivizsg\u00e1l\u00e1s \u00e9rdek\u00e9ben.<\/p>\n\n\n\n<p><strong>Megb\u00edzhatok az alkalmaz\u00e1sok \u00e1ltal szolg\u00e1ltatott adatokban?<\/strong><br>Az alkalmaz\u00e1sok hasznosak \u00e1ltal\u00e1nos inform\u00e1ci\u00f3k \u00e9s nyomon k\u00f6vet\u00e9s biztos\u00edt\u00e1s\u00e1ra, de nem szabad \u0151ket hivatalos orvosi forr\u00e1snak tekinteni. Mindig fontos, hogy k\u00f6vesd az orvosod utas\u00edt\u00e1sait a megfelel\u0151 terhess\u00e9gfigyel\u00e9s \u00e9rdek\u00e9ben.<\/p>\n\n\n\n<p><strong>Kell fizetni ezek\u00e9rt a p\u00e1ly\u00e1zatok\u00e9rt?<\/strong><br>Ezen alkalmaz\u00e1sok k\u00f6z\u00fcl sok ingyenes verzi\u00f3t k\u00edn\u00e1l alapfunkci\u00f3kkal, de gyakran fizet\u0151s opci\u00f3kat is tartalmaznak tov\u00e1bbi funkci\u00f3k felold\u00e1s\u00e1hoz.<\/p>","protected":false},"excerpt":{"rendered":"<p>A terhess\u00e9g minden egyes szakasz\u00e1nak nyomon k\u00f6vet\u00e9se k\u00fcl\u00f6nleges pillanat a v\u00e1rand\u00f3s any\u00e1k \u00e9s csal\u00e1djaik sz\u00e1m\u00e1ra. Az elm\u00falt \u00e9vekben a v\u00e1rand\u00f3s n\u0151k sz\u00e1m\u00e1ra tervezett alkalmaz\u00e1sok elengedhetetlenn\u00e9 v\u00e1ltak, mivel nagyobb biztons\u00e1got \u00e9s inform\u00e1ci\u00f3t ny\u00fajtanak. A baba fejl\u0151d\u00e9s\u00e9nek nyomon k\u00f6vet\u00e9s\u00e9t\u0151l a sz\u00edvver\u00e9s\u00e9nek meghallgat\u00e1s\u00e1ig [\u2026]<\/p>","protected":false},"author":219,"featured_media":6516,"comment_status":"closed","ping_status":"open","sticky":false,"template":"","format":"standard","meta":{"footnotes":""},"categories":[2],"tags":[279,280,834],"yoast_head":"<!-- This site is optimized with the Yoast SEO plugin v23.3 - https:\/\/yoast.com\/wordpress\/plugins\/seo\/ -->\n<title>Aplicaciones para escuchar el coraz\u00f3n del beb\u00e9 - Universo Fam\u00edlia<\/title>\n<meta name=\"description\" content=\"Aplicaciones para escuchar el coraz\u00f3n del beb\u00e9. El seguimiento de cada etapa del embarazo es un momento especial para las futuras madres...\" \/>\n<meta name=\"robots\" content=\"index, follow, max-snippet:-1, max-image-preview:large, max-video-preview:-1\" \/>\n<link rel=\"canonical\" href=\"https:\/\/universofamilia.com\/hu\/aplicaciones-para-escuchar-el-corazon-del-bebe\/\" \/>\n<meta property=\"og:locale\" content=\"hu_HU\" \/>\n<meta property=\"og:type\" content=\"article\" \/>\n<meta property=\"og:title\" content=\"Aplicaciones para escuchar el coraz\u00f3n del beb\u00e9 - Universo Fam\u00edlia\" \/>\n<meta property=\"og:description\" content=\"Aplicaciones para escuchar el coraz\u00f3n del beb\u00e9. El seguimiento de cada etapa del embarazo es un momento especial para las futuras madres...\" \/>\n<meta property=\"og:url\" content=\"https:\/\/universofamilia.com\/hu\/aplicaciones-para-escuchar-el-corazon-del-bebe\/\" \/>\n<meta property=\"og:site_name\" content=\"Universo Fam\u00edlia\" \/>\n<meta property=\"article:published_time\" content=\"2024-09-12T20:11:50+00:00\" \/>\n<meta property=\"article:modified_time\" content=\"2025-11-21T01:25:11+00:00\" \/>\n<meta property=\"og:image\" content=\"https:\/\/universofamilia.com\/wp-content\/uploads\/sites\/148\/2024\/09\/P-550x350-1-9.jpg\" \/>\n\t<meta property=\"og:image:width\" content=\"550\" \/>\n\t<meta property=\"og:image:height\" content=\"350\" \/>\n\t<meta property=\"og:image:type\" content=\"image\/jpeg\" \/>\n<meta name=\"author\" content=\"Matheus Sangaletti\" \/>\n<meta name=\"twitter:card\" content=\"summary_large_image\" \/>\n<meta name=\"twitter:label1\" content=\"Written by\" \/>\n\t<meta name=\"twitter:data1\" content=\"Matheus Sangaletti\" \/>\n\t<meta name=\"twitter:label2\" content=\"Est. reading time\" \/>\n\t<meta name=\"twitter:data2\" content=\"7 perc\" \/>\n<script type=\"application\/ld+json\" class=\"yoast-schema-graph\">{\"@context\":\"https:\/\/schema.org\",\"@graph\":[{\"@type\":\"WebPage\",\"@id\":\"https:\/\/universofamilia.com\/ru\/aplicaciones-para-escuchar-el-corazon-del-bebe\/\",\"url\":\"https:\/\/universofamilia.com\/ru\/aplicaciones-para-escuchar-el-corazon-del-bebe\/\",\"name\":\"Aplicaciones para escuchar el coraz\u00f3n del beb\u00e9 - Universo Fam\u00edlia\",\"isPartOf\":{\"@id\":\"https:\/\/universofamilia.com\/el\/#website\"},\"primaryImageOfPage\":{\"@id\":\"https:\/\/universofamilia.com\/ru\/aplicaciones-para-escuchar-el-corazon-del-bebe\/#primaryimage\"},\"image\":{\"@id\":\"https:\/\/universofamilia.com\/ru\/aplicaciones-para-escuchar-el-corazon-del-bebe\/#primaryimage\"},\"thumbnailUrl\":\"https:\/\/universofamilia.com\/wp-content\/uploads\/sites\/148\/2024\/09\/P-550x350-1-9.jpg\",\"datePublished\":\"2024-09-12T20:11:50+00:00\",\"dateModified\":\"2025-11-21T01:25:11+00:00\",\"author\":{\"@id\":\"https:\/\/universofamilia.com\/el\/#\/schema\/person\/92fcd07e9b1f4323bf74f3170fc0f78a\"},\"description\":\"Aplicaciones para escuchar el coraz\u00f3n del beb\u00e9. El seguimiento de cada etapa del embarazo es un momento especial para las futuras madres...\",\"breadcrumb\":{\"@id\":\"https:\/\/universofamilia.com\/ru\/aplicaciones-para-escuchar-el-corazon-del-bebe\/#breadcrumb\"},\"inLanguage\":\"hu\",\"potentialAction\":[{\"@type\":\"ReadAction\",\"target\":[\"https:\/\/universofamilia.com\/ru\/aplicaciones-para-escuchar-el-corazon-del-bebe\/\"]}]},{\"@type\":\"ImageObject\",\"inLanguage\":\"hu\",\"@id\":\"https:\/\/universofamilia.com\/ru\/aplicaciones-para-escuchar-el-corazon-del-bebe\/#primaryimage\",\"url\":\"https:\/\/universofamilia.com\/wp-content\/uploads\/sites\/148\/2024\/09\/P-550x350-1-9.jpg\",\"contentUrl\":\"https:\/\/universofamilia.com\/wp-content\/uploads\/sites\/148\/2024\/09\/P-550x350-1-9.jpg\",\"width\":550,\"height\":350,\"caption\":\"Aplicaciones para escuchar el coraz\u00f3n del beb\u00e9\"},{\"@type\":\"BreadcrumbList\",\"@id\":\"https:\/\/universofamilia.com\/ru\/aplicaciones-para-escuchar-el-corazon-del-bebe\/#breadcrumb\",\"itemListElement\":[{\"@type\":\"ListItem\",\"position\":1,\"name\":\"Home\",\"item\":\"https:\/\/universofamilia.com\/el\/\"},{\"@type\":\"ListItem\",\"position\":2,\"name\":\"Aplicaciones para escuchar el coraz\u00f3n del beb\u00e9\"}]},{\"@type\":\"WebSite\",\"@id\":\"https:\/\/universofamilia.com\/el\/#website\",\"url\":\"https:\/\/universofamilia.com\/el\/\",\"name\":\"Universo Fam\u00edlia\",\"description\":\"\",\"potentialAction\":[{\"@type\":\"SearchAction\",\"target\":{\"@type\":\"EntryPoint\",\"urlTemplate\":\"https:\/\/universofamilia.com\/el\/?s={search_term_string}\"},\"query-input\":\"required name=search_term_string\"}],\"inLanguage\":\"hu\"},{\"@type\":\"Person\",\"@id\":\"https:\/\/universofamilia.com\/el\/#\/schema\/person\/92fcd07e9b1f4323bf74f3170fc0f78a\",\"name\":\"Matheus Sangaletti\",\"image\":{\"@type\":\"ImageObject\",\"inLanguage\":\"hu\",\"@id\":\"https:\/\/universofamilia.com\/el\/#\/schema\/person\/image\/\",\"url\":\"https:\/\/secure.gravatar.com\/avatar\/280ea957a14a48e6a1ad2133d2cc27c9?s=96&d=mm&r=g\",\"contentUrl\":\"https:\/\/secure.gravatar.com\/avatar\/280ea957a14a48e6a1ad2133d2cc27c9?s=96&d=mm&r=g\",\"caption\":\"Matheus Sangaletti\"},\"url\":\"https:\/\/universofamilia.com\/hu\/author\/matheuss\/\"}]}<\/script>\n<!-- \/ Yoast SEO plugin. -->","yoast_head_json":{"title":"Aplicaciones para escuchar el coraz\u00f3n del beb\u00e9 - Universo Fam\u00edlia","description":"Aplicaciones para escuchar el coraz\u00f3n del beb\u00e9. El seguimiento de cada etapa del embarazo es un momento especial para las futuras madres...","robots":{"index":"index","follow":"follow","max-snippet":"max-snippet:-1","max-image-preview":"max-image-preview:large","max-video-preview":"max-video-preview:-1"},"canonical":"https:\/\/universofamilia.com\/hu\/aplicaciones-para-escuchar-el-corazon-del-bebe\/","og_locale":"hu_HU","og_type":"article","og_title":"Aplicaciones para escuchar el coraz\u00f3n del beb\u00e9 - Universo Fam\u00edlia","og_description":"Aplicaciones para escuchar el coraz\u00f3n del beb\u00e9. El seguimiento de cada etapa del embarazo es un momento especial para las futuras madres...","og_url":"https:\/\/universofamilia.com\/hu\/aplicaciones-para-escuchar-el-corazon-del-bebe\/","og_site_name":"Universo Fam\u00edlia","article_published_time":"2024-09-12T20:11:50+00:00","article_modified_time":"2025-11-21T01:25:11+00:00","og_image":[{"width":550,"height":350,"url":"https:\/\/universofamilia.com\/wp-content\/uploads\/sites\/148\/2024\/09\/P-550x350-1-9.jpg","type":"image\/jpeg"}],"author":"Matheus Sangaletti","twitter_card":"summary_large_image","twitter_misc":{"Written by":"Matheus Sangaletti","Est. reading time":"7 perc"},"schema":{"@context":"https:\/\/schema.org","@graph":[{"@type":"WebPage","@id":"https:\/\/universofamilia.com\/ru\/aplicaciones-para-escuchar-el-corazon-del-bebe\/","url":"https:\/\/universofamilia.com\/ru\/aplicaciones-para-escuchar-el-corazon-del-bebe\/","name":"Aplicaciones para escuchar el coraz\u00f3n del beb\u00e9 - Universo Fam\u00edlia","isPartOf":{"@id":"https:\/\/universofamilia.com\/el\/#website"},"primaryImageOfPage":{"@id":"https:\/\/universofamilia.com\/ru\/aplicaciones-para-escuchar-el-corazon-del-bebe\/#primaryimage"},"image":{"@id":"https:\/\/universofamilia.com\/ru\/aplicaciones-para-escuchar-el-corazon-del-bebe\/#primaryimage"},"thumbnailUrl":"https:\/\/universofamilia.com\/wp-content\/uploads\/sites\/148\/2024\/09\/P-550x350-1-9.jpg","datePublished":"2024-09-12T20:11:50+00:00","dateModified":"2025-11-21T01:25:11+00:00","author":{"@id":"https:\/\/universofamilia.com\/el\/#\/schema\/person\/92fcd07e9b1f4323bf74f3170fc0f78a"},"description":"Aplicaciones para escuchar el coraz\u00f3n del beb\u00e9. El seguimiento de cada etapa del embarazo es un momento especial para las futuras madres...","breadcrumb":{"@id":"https:\/\/universofamilia.com\/ru\/aplicaciones-para-escuchar-el-corazon-del-bebe\/#breadcrumb"},"inLanguage":"hu","potentialAction":[{"@type":"ReadAction","target":["https:\/\/universofamilia.com\/ru\/aplicaciones-para-escuchar-el-corazon-del-bebe\/"]}]},{"@type":"ImageObject","inLanguage":"hu","@id":"https:\/\/universofamilia.com\/ru\/aplicaciones-para-escuchar-el-corazon-del-bebe\/#primaryimage","url":"https:\/\/universofamilia.com\/wp-content\/uploads\/sites\/148\/2024\/09\/P-550x350-1-9.jpg","contentUrl":"https:\/\/universofamilia.com\/wp-content\/uploads\/sites\/148\/2024\/09\/P-550x350-1-9.jpg","width":550,"height":350,"caption":"Aplicaciones para escuchar el coraz\u00f3n del beb\u00e9"},{"@type":"BreadcrumbList","@id":"https:\/\/universofamilia.com\/ru\/aplicaciones-para-escuchar-el-corazon-del-bebe\/#breadcrumb","itemListElement":[{"@type":"ListItem","position":1,"name":"Home","item":"https:\/\/universofamilia.com\/el\/"},{"@type":"ListItem","position":2,"name":"Aplicaciones para escuchar el coraz\u00f3n del beb\u00e9"}]},{"@type":"WebSite","@id":"https:\/\/universofamilia.com\/el\/#website","url":"https:\/\/universofamilia.com\/el\/","name":"Universo Fam\u00edlia","description":"","potentialAction":[{"@type":"SearchAction","target":{"@type":"EntryPoint","urlTemplate":"https:\/\/universofamilia.com\/el\/?s={search_term_string}"},"query-input":"required name=search_term_string"}],"inLanguage":"hu"},{"@type":"Person","@id":"https:\/\/universofamilia.com\/el\/#\/schema\/person\/92fcd07e9b1f4323bf74f3170fc0f78a","name":"Matheus Sangaletti","image":{"@type":"ImageObject","inLanguage":"hu","@id":"https:\/\/universofamilia.com\/el\/#\/schema\/person\/image\/","url":"https:\/\/secure.gravatar.com\/avatar\/280ea957a14a48e6a1ad2133d2cc27c9?s=96&d=mm&r=g","contentUrl":"https:\/\/secure.gravatar.com\/avatar\/280ea957a14a48e6a1ad2133d2cc27c9?s=96&d=mm&r=g","caption":"Matheus Sangaletti"},"url":"https:\/\/universofamilia.com\/hu\/author\/matheuss\/"}]}},"_links":{"self":[{"href":"https:\/\/universofamilia.com\/hu\/wp-json\/wp\/v2\/posts\/6515"}],"collection":[{"href":"https:\/\/universofamilia.com\/hu\/wp-json\/wp\/v2\/posts"}],"about":[{"href":"https:\/\/universofamilia.com\/hu\/wp-json\/wp\/v2\/types\/post"}],"author":[{"embeddable":true,"href":"https:\/\/universofamilia.com\/hu\/wp-json\/wp\/v2\/users\/219"}],"replies":[{"embeddable":true,"href":"https:\/\/universofamilia.com\/hu\/wp-json\/wp\/v2\/comments?post=6515"}],"version-history":[{"count":3,"href":"https:\/\/universofamilia.com\/hu\/wp-json\/wp\/v2\/posts\/6515\/revisions"}],"predecessor-version":[{"id":10364,"href":"https:\/\/universofamilia.com\/hu\/wp-json\/wp\/v2\/posts\/6515\/revisions\/10364"}],"wp:featuredmedia":[{"embeddable":true,"href":"https:\/\/universofamilia.com\/hu\/wp-json\/wp\/v2\/media\/6516"}],"wp:attachment":[{"href":"https:\/\/universofamilia.com\/hu\/wp-json\/wp\/v2\/media?parent=6515"}],"wp:term":[{"taxonomy":"category","embeddable":true,"href":"https:\/\/universofamilia.com\/hu\/wp-json\/wp\/v2\/categories?post=6515"},{"taxonomy":"post_tag","embeddable":true,"href":"https:\/\/universofamilia.com\/hu\/wp-json\/wp\/v2\/tags?post=6515"}],"curies":[{"name":"wp","href":"https:\/\/api.w.org\/{rel}","templated":true}]}}