{"id":6627,"date":"2024-09-27T14:40:30","date_gmt":"2024-09-27T17:40:30","guid":{"rendered":"https:\/\/universofamilia.com\/?p=6627"},"modified":"2024-09-27T14:40:30","modified_gmt":"2024-09-27T17:40:30","slug":"aplicacion-para-saber-quien-visito-tu-perfil","status":"publish","type":"post","link":"https:\/\/universofamilia.com\/hu\/aplicacion-para-saber-quien-visito-tu-perfil\/","title":{"rendered":"Alkalmaz\u00e1s annak megismer\u00e9s\u00e9re, hogy kik l\u00e1togatt\u00e1k meg a profilodat"},"content":{"rendered":"<p>Elgondolkodt\u00e1l m\u00e1r azon, hogy kik l\u00e1togatt\u00e1k meg a k\u00f6z\u00f6ss\u00e9gi m\u00e9dia profilodat?<\/p>\n\n\n\n<p>Annak ismerete, hogy ki f\u00e9rhet hozz\u00e1 az adataidhoz, kulcsfontoss\u00e1g\u00fa lehet mind a mag\u00e1n\u00e9leted v\u00e9delme, mind pedig a k\u00f6r\u00fcl\u00f6tted zajl\u00f3 esem\u00e9nyekr\u0151l val\u00f3 t\u00e1j\u00e9koz\u00f3d\u00e1s szempontj\u00e1b\u00f3l.<\/p>\n\n\n\n<p>Ma m\u00e1r vannak olyan alkalmaz\u00e1sok, amelyekkel k\u00f6nnyed\u00e9n nyomon k\u00f6vetheted ezt, \u00edgy vil\u00e1gos \u00e9s naprak\u00e9sz k\u00e9pet kaphatsz arr\u00f3l, hogy kik tekintik meg a profilodat.<\/p>\n\n\n\n<p>Ez nemcsak a nem k\u00edv\u00e1nt interakci\u00f3k elker\u00fcl\u00e9s\u00e9ben hasznos, hanem kritikus fontoss\u00e1g\u00fa az online biztons\u00e1g \u00e9s adatv\u00e9delem szempontj\u00e1b\u00f3l is.<\/p>\n\n\n\n<p>Ma k\u00e9t legjobb el\u00e9rhet\u0151 alkalmaz\u00e1st fogunk felfedezni, amelyekkel megtudhatod, kik l\u00e1togatt\u00e1k meg a profilodat: <strong>K\u00f6z\u00f6ss\u00e9gi m\u00e9dia k\u00f6vet\u0151<\/strong> \u00e9s <strong>K\u00f6z\u00f6ss\u00e9gi m\u00e9dia k\u00f6vet\u0151<\/strong>.<\/p>\n\n\n\n<p><\/p>\n\n\n\n<hr class=\"wp-block-separator has-text-color has-luminous-vivid-orange-color has-alpha-channel-opacity has-luminous-vivid-orange-background-color has-background\"\/>\n\n\n\n<h2 class=\"wp-block-heading\">Olvasd el m\u00e9g:<\/h2>\n\n\n\n<div class=\"wp-block-columns is-layout-flex wp-container-core-columns-layout-1 wp-block-columns-is-layout-flex\">\n<div class=\"wp-block-column is-layout-flow wp-block-column-is-layout-flow\">\n<div class=\"wp-block-buttons is-layout-flex wp-block-buttons-is-layout-flex\">\n<div class=\"wp-block-button has-custom-width wp-block-button__width-100 is-style-outline\" style=\"text-decoration:none\"><a class=\"wp-block-button__link has-white-color has-vivid-cyan-blue-background-color has-text-color has-background has-link-color has-text-align-left wp-element-button\" href=\"https:\/\/universofamilia.com\/hu\/5893\/acelera-tu-celular-despierta-tu-productividad\/\" style=\"border-radius:10px\"><font style=\"vertical-align: inherit;\"><font style=\"vertical-align: inherit;\">\ud83d\udccc Gyors\u00edtsd fel a mobiltelefonodat<\/font><\/font> &gt;<\/a><\/div>\n\n\n\n<div class=\"wp-block-button has-custom-width wp-block-button__width-100 is-style-outline\" style=\"text-decoration:none\"><a class=\"wp-block-button__link has-white-color has-vivid-cyan-blue-background-color has-text-color has-background has-link-color has-text-align-left wp-element-button\" href=\"https:\/\/universofamilia.com\/hu\/5869\/descubre-quien-te-esta-observando-en-las-redes-sociales\/\" style=\"border-radius:10px\">\ud83d\udccc Kik l\u00e1togatt\u00e1k meg a profilodat?<\/a><\/div>\n\n\n\n<div class=\"wp-block-button has-custom-width wp-block-button__width-100 is-style-outline\" style=\"text-decoration:none\"><a class=\"wp-block-button__link has-white-color has-vivid-cyan-blue-background-color has-text-color has-background has-link-color has-text-align-left wp-element-button\" href=\"https:\/\/universofamilia.com\/hu\/6414\/aplicaciones-para-limpiar-el-celular-y-aumentar-espacio\/\" style=\"border-radius:10px\">\ud83d\udcbe Alkalmaz\u00e1sok a t\u00e1rhely n\u00f6vel\u00e9s\u00e9re<\/a><\/div>\n\n\n\n<div class=\"wp-block-button has-custom-width wp-block-button__width-100 is-style-outline\" style=\"text-decoration:none\"><a class=\"wp-block-button__link has-white-color has-vivid-cyan-blue-background-color has-text-color has-background has-link-color has-text-align-left wp-element-button\" href=\"https:\/\/universofamilia.com\/hu\/6568\/aprende-mecanica-automotriz-aplicacion\/\" style=\"border-radius:10px\">\ud83d\udccc Tanulj aut\u00f3szerel\u0151nek egy alkalmaz\u00e1ssal<\/a><\/div>\n<\/div>\n<\/div>\n<\/div>\n\n\n\n<hr class=\"wp-block-separator has-text-color has-luminous-vivid-orange-color has-alpha-channel-opacity has-luminous-vivid-orange-background-color has-background\"\/>\n\n\n\n<p><\/p>\n\n\n\n<h2 class=\"wp-block-heading\">Mi\u00e9rt fontos tudni, hogy kik n\u00e9zt\u00e9k meg a profilodat? \ud83e\udd14<\/h2>\n\n\n\n<p>A k\u00f6z\u00f6ss\u00e9gi m\u00e9dia profilodhoz hozz\u00e1f\u00e9r\u0151 szem\u00e9lyek feletti ellen\u0151rz\u00e9s sz\u00e1mos el\u0151nnyel j\u00e1r, k\u00fcl\u00f6n\u00f6sen egy olyan korban, amikor az online adatv\u00e9delem \u00e1lland\u00f3 aggodalomra ad okot.<\/p>\n\n\n\n<p>Ha tudod, hogy kik tekintik meg a bejegyz\u00e9seidet vagy f\u00e9rnek hozz\u00e1 az adataidhoz, akkor felder\u00edtheted a potenci\u00e1lisan gyan\u00fas tev\u00e9kenys\u00e9geket, jav\u00edthatod az interakci\u00f3idat, \u00e9s ami a legfontosabb, megv\u00e9dheted magad a potenci\u00e1lis fenyeget\u00e9sekt\u0151l vagy a mag\u00e1n\u00e9let megs\u00e9rt\u00e9s\u00e9t\u0151l.<\/p>\n\n\n\n<p>Ezen inform\u00e1ci\u00f3k ismeret\u00e9ben megel\u0151z\u0151 int\u00e9zked\u00e9seket tehet, ha b\u00e1rmi szokatlant \u00e9szlel.<\/p>\n\n\n\n<p>Ezek az alkalmaz\u00e1sok extra biztons\u00e1gi r\u00e9teget biztos\u00edtanak, seg\u00edtve az online interakci\u00f3id feletti ellen\u0151rz\u00e9s meg\u0151rz\u00e9s\u00e9t \u00e9s digit\u00e1lis jelenl\u00e9ted v\u00e9delm\u00e9t. \ud83c\udf10<\/p>\n\n\n\n<p><\/p>\n\n\n\n<hr class=\"wp-block-separator has-text-color has-vivid-purple-color has-alpha-channel-opacity has-vivid-purple-background-color has-background\"\/>\n\n\n\n<h2 class=\"wp-block-heading\">Exkluz\u00edv, ingyenes tartalom az e-mailedben!<\/h2>\n\n\n\n<ul class=\"wp-block-list\">\n<li style=\"font-style:normal;font-weight:500\" class=\"has-medium-font-size\">Kapd meg az \u00f6sszes h\u00edrt;<\/li>\n\n\n\n<li style=\"font-style:normal;font-weight:500\" class=\"has-medium-font-size\">Hihetetlen tartalom a tenyeredben;<\/li>\n\n\n\n<li style=\"font-style:normal;font-weight:500\" class=\"has-medium-font-size\">Iratkozzon fel most.<\/li>\n<\/ul>\n\n\n\n<div class=\"wp-block-media-text is-stacked-on-mobile is-vertically-aligned-center has-vivid-red-color has-text-color has-link-color wp-elements-f65c0b9eaa40a3cda7f58392480b43a2\" style=\"grid-template-columns:40% auto\"><figure class=\"wp-block-media-text__media\"><img loading=\"lazy\" decoding=\"async\" width=\"256\" height=\"256\" src=\"http:\/\/universofamilia.com\/wp-content\/uploads\/sites\/148\/2024\/09\/RECEBA-E-MAIL-1.png\" alt=\"Regisztr\u00e1ljon e-mailt\" class=\"wp-image-6592 size-full\" srcset=\"https:\/\/universofamilia.com\/wp-content\/uploads\/sites\/148\/2024\/09\/RECEBA-E-MAIL-1.png 256w, https:\/\/universofamilia.com\/wp-content\/uploads\/sites\/148\/2024\/09\/RECEBA-E-MAIL-1-150x150.png 150w\" sizes=\"(max-width: 256px) 100vw, 256px\" \/><\/figure><div class=\"wp-block-media-text__content\">\n\n\n\n<p><\/p>\n<\/div><\/div>\n\n\n\n<hr class=\"wp-block-separator has-text-color has-vivid-purple-color has-alpha-channel-opacity has-vivid-purple-background-color has-background is-style-wide\"\/>\n\n\n\n<p><\/p>\n\n\n\n<h2 class=\"wp-block-heading\">Profilod l\u00e1togat\u00e1sainak figyel\u00e9se \ud83d\udcc8<\/h2>\n\n\n\n<p>Az al\u00e1bb bemutatott alkalmaz\u00e1sokkal k\u00f6nnyed\u00e9n nyomon k\u00f6vetheted, hogy kik l\u00e1togatt\u00e1k meg a profilodat.<\/p>\n\n\n\n<p>N\u00e9h\u00e1ny kattint\u00e1ssal val\u00f3s idej\u0171 \u00e9rtes\u00edt\u00e9sekhez f\u00e9rhetsz hozz\u00e1, amelyek tudatj\u00e1k veled, hogy kik tekintett\u00e9k meg nemr\u00e9g a profilodat.<\/p>\n\n\n\n<p>Ez nemcsak nagyobb kontrollt biztos\u00edt, hanem lehet\u0151v\u00e9 teszi a beavatkoz\u00e1st is, ha b\u00e1rmilyen szokatlan tev\u00e9kenys\u00e9get \u00e9szlel.<\/p>\n\n\n\n<h2 class=\"wp-block-heading\">Az alkalmaz\u00e1sok f\u0151bb jellemz\u0151i \ud83d\udd27<\/h2>\n\n\n\n<p>Az al\u00e1bb felsorolt alkalmaz\u00e1sok k\u00f6nnyen haszn\u00e1lhat\u00f3 funkci\u00f3kat k\u00edn\u00e1lnak, \u00e9s hat\u00e9kony felhaszn\u00e1l\u00f3i \u00e9lm\u00e9nyt biztos\u00edtanak.<\/p>\n\n\n\n<p>Val\u00f3s idej\u0171 \u00e9rtes\u00edt\u00e9seket kaphatsz, r\u00e9szletes jelent\u00e9sekhez f\u00e9rhetsz hozz\u00e1, \u00e9s az ig\u00e9nyeidnek megfelel\u0151en testreszabhatod profilod adatv\u00e9delm\u00e9t.<\/p>\n\n\n\n<h2 class=\"wp-block-heading\"><strong>K\u00f6z\u00f6ss\u00e9gi m\u00e9dia k\u00f6vet\u0151<\/strong>: Biztons\u00e1g \u00e9s ir\u00e1ny\u00edt\u00e1s egy kattint\u00e1snyira \ud83d\udd10<\/h2>\n\n\n\n<p><strong>K\u00f6z\u00f6ss\u00e9gi m\u00e9dia k\u00f6vet\u0151<\/strong> Ez egy \u00fajabb hat\u00e9kony lehet\u0151s\u00e9g azok sz\u00e1m\u00e1ra, akik szeretn\u00e9k szab\u00e1lyozni, hogy ki f\u00e9rhet hozz\u00e1 k\u00f6z\u00f6ss\u00e9gi m\u00e9dia profiljaikhoz. A val\u00f3s idej\u0171 megfigyel\u00e9s mellett ez az alkalmaz\u00e1s lehet\u0151v\u00e9 teszi egy\u00e9ni riaszt\u00e1sok be\u00e1ll\u00edt\u00e1s\u00e1t is, ami m\u00e9g nagyobb adatv\u00e9delmet \u00e9s biztons\u00e1got ny\u00fajt. \ud83d\udca1<\/p>\n\n\n\n<h4 class=\"wp-block-heading\">El\u0151ny\u00f6k:<\/h4>\n\n\n\n<ul class=\"wp-block-list\">\n<li><strong>Egy\u00e9ni riaszt\u00e1sok<\/strong>: \u00c1ll\u00edtson be konkr\u00e9t \u00e9rtes\u00edt\u00e9seket azoknak a szem\u00e9lyeknek, akiket szorosabban szeretne figyelni.<\/li>\n\n\n\n<li><strong>Nagyobb biztons\u00e1g<\/strong>: V\u00e9dje profilj\u00e1t, \u00e9s kapjon jelent\u00e9seket arr\u00f3l, hogy ki f\u00e9r hozz\u00e1 az adataihoz.<\/li>\n\n\n\n<li><strong>Sz\u00e9lesk\u00f6r\u0171 kompatibilit\u00e1s<\/strong>T\u00f6bb k\u00f6z\u00f6ss\u00e9gi m\u00e9dia platformmal is m\u0171k\u00f6dik, kiterjesztve a v\u00e9delmet.<\/li>\n<\/ul>\n\n\n\n<h4 class=\"wp-block-heading\">Felhaszn\u00e1l\u00f3i v\u00e9lem\u00e9nyek:<\/h4>\n\n\n\n<ol class=\"wp-block-list\">\n<li>\u201eSoha nem \u00e9reztem m\u00e9g jobban magam uralva a profilomat, mint most a Social Trackerrel. Melegen aj\u00e1nlom!\u201d \u2014 \u2b50\u2b50\u2b50\u2b50\u2b50<\/li>\n\n\n\n<li>\u201eA szem\u00e9lyre szabott \u00e9rtes\u00edt\u00e9sek hatalmas plusz. Most k\u00f6nnyen nyomon k\u00f6vethetem, hogy kik k\u00f6vetik a profilomat.\u201d \u2014 \u2b50\u2b50\u2b50\u2b50\u2b50<\/li>\n\n\n\n<li>\u201eNagyon k\u00f6nnyen haszn\u00e1lhat\u00f3 \u00e9s szuperhat\u00e9kony. Az egyik legjobb alkalmaz\u00e1s, amit valaha pr\u00f3b\u00e1ltam!\u201d \u2014 \u2b50\u2b50\u2b50\u2b50\u2b50<\/li>\n<\/ol>\n\n\n\n<p><strong>Let\u00f6lt\u00e9si linkek<\/strong>:<\/p>\n\n\n\n<div class=\"wp-block-columns is-layout-flex wp-container-core-columns-layout-2 wp-block-columns-is-layout-flex\">\n<div class=\"wp-block-column is-layout-flow wp-block-column-is-layout-flow\">\n<div class=\"wp-block-buttons is-layout-flex wp-block-buttons-is-layout-flex\">\n<div class=\"wp-block-button has-custom-width wp-block-button__width-100\" style=\"text-decoration:none\"><a class=\"wp-block-button__link has-white-color has-text-color has-background has-link-color has-text-align-left wp-element-button\" href=\"https:\/\/play.google.com\/store\/apps\/details?id=com.mobiversite.lookAtMe&amp;hl=pt_BR\" style=\"border-radius:10px;background-color:#aea4e0\" target=\"_blank\" rel=\"noreferrer noopener\"><strong><font style=\"vertical-align: inherit;\"><font style=\"vertical-align: inherit;\">\ud83d\udce5 <\/font><\/font>Hozz\u00e1f\u00e9r\u00e9s a Google Playhez: K\u00f6z\u00f6ss\u00e9gi m\u00e9dia k\u00f6vet\u0151<\/strong> <strong>Androidra<\/strong><\/a><\/div>\n\n\n\n<div class=\"wp-block-button has-custom-width wp-block-button__width-100\" style=\"text-decoration:none\"><a class=\"wp-block-button__link has-white-color has-text-color has-background has-link-color has-text-align-left wp-element-button\" href=\"https:\/\/apps.apple.com\/br\/app\/social-tracker\/id1189139278\" style=\"border-radius:10px;background-color:#d0d0d0\" target=\"_blank\" rel=\"noreferrer noopener\"><mark style=\"background-color:rgba(0, 0, 0, 0)\" class=\"has-inline-color has-black-color\"><strong>\ud83d\udce5 Hozz\u00e1f\u00e9r\u00e9s az Apple Store-hoz: K\u00f6z\u00f6ss\u00e9gi m\u00e9dia k\u00f6vet\u0151<\/strong><\/mark> <mark style=\"background-color:rgba(0, 0, 0, 0)\" class=\"has-inline-color has-black-color\"><strong>iOS-re<\/strong><\/mark><\/a><\/div>\n<\/div>\n<\/div>\n<\/div>\n\n\n\n<hr class=\"wp-block-separator has-alpha-channel-opacity\"\/>\n\n\n\n<h2 class=\"wp-block-heading\">Mit mondanak a felhaszn\u00e1l\u00f3k? \ud83d\udcac<\/h2>\n\n\n\n<p>Annyi <strong>K\u00f6z\u00f6ss\u00e9gi m\u00e9dia k\u00f6vet\u0151<\/strong> mint <strong>K\u00f6z\u00f6ss\u00e9gi m\u00e9dia k\u00f6vet\u0151<\/strong> Kiv\u00e1l\u00f3 visszajelz\u00e9seket kaptak a felhaszn\u00e1l\u00f3kt\u00f3l, akik kiemelik ezen alkalmaz\u00e1sok egyszer\u0171 haszn\u00e1lat\u00e1t \u00e9s hat\u00e9konys\u00e1g\u00e1t a sz\u00fcks\u00e9ges inform\u00e1ci\u00f3k biztos\u00edt\u00e1s\u00e1ban \u00e9s a mag\u00e1n\u00e9let v\u00e9delm\u00e9ben.<\/p>\n\n\n\n<p>A val\u00f3s idej\u0171 \u00e9rtes\u00edt\u00e9sek egy kulcsfontoss\u00e1g\u00fa funkci\u00f3, amelyet a felhaszn\u00e1l\u00f3k nagyra \u00e9rt\u00e9kelnek, mivel nagyobb kontrollt biztos\u00edtanak sz\u00e1mukra a profiljaik el\u00e9r\u00e9s\u00e9vel kapcsolatban.<\/p>\n\n\n\n<p>Ezek az alkalmaz\u00e1sok nemcsak azt teszik, amit \u00edg\u00e9rnek, hanem tov\u00e1bbi v\u00e9delmet \u00e9s nyugalmat is ny\u00fajtanak, amelyet sok felhaszn\u00e1l\u00f3 ma m\u00e1r elengedhetetlennek tart.<\/p>\n\n\n<div class=\"wp-block-image\">\n<figure class=\"aligncenter size-full\"><img loading=\"lazy\" decoding=\"async\" width=\"550\" height=\"350\" src=\"http:\/\/universofamilia.com\/wp-content\/uploads\/sites\/148\/2024\/09\/P-550x350-2-11.jpg\" alt=\"\" class=\"wp-image-6628\" srcset=\"https:\/\/universofamilia.com\/wp-content\/uploads\/sites\/148\/2024\/09\/P-550x350-2-11.jpg 550w, https:\/\/universofamilia.com\/wp-content\/uploads\/sites\/148\/2024\/09\/P-550x350-2-11-300x191.jpg 300w\" sizes=\"(max-width: 550px) 100vw, 550px\" \/><figcaption class=\"wp-element-caption\">Alkalmaz\u00e1s annak megismer\u00e9s\u00e9re, hogy kik l\u00e1togatt\u00e1k meg a profilodat<\/figcaption><\/figure><\/div>\n\n\n<h2 class=\"wp-block-heading\">Konkl\u00fazi\u00f3: Maradjon biztons\u00e1gban \u00e9s t\u00e1j\u00e9kozott \ud83d\udea8<\/h2>\n\n\n\n<p>Az, hogy kik l\u00e1togatt\u00e1k meg a profilodat, nem puszt\u00e1n k\u00edv\u00e1ncsis\u00e1g, hanem biztons\u00e1g \u00e9s kontroll k\u00e9rd\u00e9se.<\/p>\n\n\n\n<p>Vel <strong>K\u00f6z\u00f6ss\u00e9gi m\u00e9dia k\u00f6vet\u0151<\/strong> \u00e9s <strong>K\u00f6z\u00f6ss\u00e9gi m\u00e9dia k\u00f6vet\u0151<\/strong>, rendelkez\u00e9sedre \u00e1llnak majd a sz\u00fcks\u00e9ges eszk\u00f6z\u00f6k az interakci\u00f3id figyel\u00e9s\u00e9hez \u00e9s a szem\u00e9lyes adataid v\u00e9delm\u00e9nek biztos\u00edt\u00e1s\u00e1hoz.<\/p>\n\n\n\n<p>Ezek az alkalmaz\u00e1sok nemcsak az adatok v\u00e9delm\u00e9ben seg\u00edtenek, hanem n\u00f6velik a felhaszn\u00e1l\u00f3k platformokba vetett bizalm\u00e1t is.<\/p>\n\n\n\n<p>Ez kulcsfontoss\u00e1g\u00fa szempont a hirdet\u0151k sz\u00e1m\u00e1ra, akik nagyra \u00e9rt\u00e9kelik a hirdet\u00e9si fel\u00fcletet a magas szint\u0171 biztons\u00e1ggal \u00e9s felhaszn\u00e1l\u00f3i elk\u00f6telez\u0151d\u00e9ssel rendelkez\u0151 webhelyeken.<\/p>\n\n\n\n<p>Azzal, hogy olyan tartalmat hozol l\u00e9tre, amely t\u00f6bb l\u00e1togat\u00f3t vonz, m\u00e9g nagyobb \u00e9rt\u00e9ket nyerhetsz ki a hirdet\u00e9si fel\u00fcletedb\u0151l. \ud83d\udee1\ufe0f<\/p>\n\n\n\n<p>Ha szeretn\u00e9d k\u00e9zben tartani, hogy ki f\u00e9rhet hozz\u00e1 az adataidhoz, ezek az alkalmaz\u00e1sok a legjobb v\u00e1laszt\u00e1s.<\/p>\n\n\n\n<p>\u00c9s ne felejtsd el megosztani ezt a posztot azokkal a bar\u00e1taiddal, akiknek szint\u00e9n v\u00e9deni\u00fck kell a profiljukat. \ud83d\ude04<\/p>\n\n\n\n<h2 class=\"wp-block-heading\">GYIK: V\u00e9delem \u00e9s biztons\u00e1g<\/h2>\n\n\n\n<p><strong>Biztons\u00e1gosak azok az alkalmaz\u00e1sok, amelyek figyelik a profilom l\u00e1togat\u00e1sait?<\/strong><br>Igen, amennyiben megb\u00edzhat\u00f3 forr\u00e1sb\u00f3l sz\u00e1rmaz\u00f3 alkalmaz\u00e1sokat haszn\u00e1lsz, p\u00e9ld\u00e1ul a Google Playen vagy az Apple Store-ban el\u00e9rhet\u0151ket. Fontos, hogy az alkalmaz\u00e1sok \u00e1ltal k\u00e9rt enged\u00e9lyeket is \u00e1ttekintsd az adatv\u00e9delem \u00e9rdek\u00e9ben.<\/p>\n\n\n\n<p><strong>Tudhatj\u00e1k-e m\u00e1s felhaszn\u00e1l\u00f3k, hogy figyelemmel k\u00eds\u00e9rem, kik l\u00e1togatj\u00e1k a profilomat?<\/strong><br>Nem, ezek az alkalmaz\u00e1sok diszkr\u00e9ten m\u0171k\u00f6dnek, \u00e9s a profilodat megl\u00e1togat\u00f3 felhaszn\u00e1l\u00f3k nem fogj\u00e1k tudni, hogy figyeled \u0151ket.<\/p>\n\n\n\n<p><strong>Leg\u00e1lis-e alkalmaz\u00e1sokat haszn\u00e1lni annak kider\u00edt\u00e9s\u00e9re, hogy kik l\u00e1togatt\u00e1k meg a profilomat?<\/strong><br>Igen, amennyiben a profilod platformj\u00e1nak felhaszn\u00e1l\u00e1si felt\u00e9teleinek megfelel\u0151en haszn\u00e1lod \u0151ket. Fontos azonban, hogy ne s\u00e9rtsd meg m\u00e1s felhaszn\u00e1l\u00f3k adatv\u00e9delmi ir\u00e1nyelveit.<\/p>\n\n\n\n<p><strong>Testreszabhatom a kapott \u00e9rtes\u00edt\u00e9seket?<\/strong><br>Igen, az olyan alkalmaz\u00e1sok, mint a Social Tracker, lehet\u0151v\u00e9 teszik egy\u00e9ni riaszt\u00e1sok be\u00e1ll\u00edt\u00e1s\u00e1t, hogy nyomon k\u00f6vess\u00e9k adott emberek l\u00e1togat\u00e1sait, vagy val\u00f3s idej\u0171 \u00e9rtes\u00edt\u00e9seket kapjanak.<\/p>","protected":false},"excerpt":{"rendered":"<p>\u00bfTe has preguntado alguna vez qui\u00e9n ha visitado tu perfil en las redes sociales? Conocer qui\u00e9n accede a tu informaci\u00f3n puede ser crucial, tanto para proteger tu privacidad como para mantenerte al tanto de lo que sucede a tu alrededor. Actualmente, existen aplicaciones que te permiten hacer este seguimiento de manera sencilla, ofreci\u00e9ndote una visi\u00f3n [&hellip;]<\/p>","protected":false},"author":0,"featured_media":6628,"comment_status":"closed","ping_status":"open","sticky":false,"template":"","format":"standard","meta":{"footnotes":""},"categories":[2],"tags":[24,25,152],"yoast_head":"<!-- This site is optimized with the Yoast SEO plugin v23.3 - https:\/\/yoast.com\/wordpress\/plugins\/seo\/ -->\n<title>Aplicaci\u00f3n para Saber Qui\u00e9n Visit\u00f3 tu Perfil - Universo Fam\u00edlia<\/title>\n<meta name=\"description\" content=\"Aplicaci\u00f3n para Saber Qui\u00e9n Visit\u00f3 tu Perfil. \u00bfTe has preguntado alguna vez qui\u00e9n ha visitado tu perfil en las redes sociales?...\" \/>\n<meta name=\"robots\" content=\"index, follow, max-snippet:-1, max-image-preview:large, max-video-preview:-1\" \/>\n<link rel=\"canonical\" href=\"https:\/\/universofamilia.com\/hu\/aplicacion-para-saber-quien-visito-tu-perfil\/\" \/>\n<meta property=\"og:locale\" content=\"hu_HU\" \/>\n<meta property=\"og:type\" content=\"article\" \/>\n<meta property=\"og:title\" content=\"Aplicaci\u00f3n para Saber Qui\u00e9n Visit\u00f3 tu Perfil - Universo Fam\u00edlia\" \/>\n<meta property=\"og:description\" content=\"Aplicaci\u00f3n para Saber Qui\u00e9n Visit\u00f3 tu Perfil. \u00bfTe has preguntado alguna vez qui\u00e9n ha visitado tu perfil en las redes sociales?...\" \/>\n<meta property=\"og:url\" content=\"https:\/\/universofamilia.com\/hu\/aplicacion-para-saber-quien-visito-tu-perfil\/\" \/>\n<meta property=\"og:site_name\" content=\"Universo Fam\u00edlia\" \/>\n<meta property=\"article:published_time\" content=\"2024-09-27T17:40:30+00:00\" \/>\n<meta property=\"og:image\" content=\"https:\/\/universofamilia.com\/wp-content\/uploads\/sites\/148\/2024\/09\/P-550x350-2-11.jpg\" \/>\n\t<meta property=\"og:image:width\" content=\"550\" \/>\n\t<meta property=\"og:image:height\" content=\"350\" \/>\n\t<meta property=\"og:image:type\" content=\"image\/jpeg\" \/>\n<meta name=\"twitter:card\" content=\"summary_large_image\" \/>\n<meta name=\"twitter:label1\" content=\"Est. reading time\" \/>\n\t<meta name=\"twitter:data1\" content=\"6 perc\" \/>\n<script type=\"application\/ld+json\" class=\"yoast-schema-graph\">{\"@context\":\"https:\/\/schema.org\",\"@graph\":[{\"@type\":\"WebPage\",\"@id\":\"https:\/\/universofamilia.com\/da\/aplicacion-para-saber-quien-visito-tu-perfil\/\",\"url\":\"https:\/\/universofamilia.com\/da\/aplicacion-para-saber-quien-visito-tu-perfil\/\",\"name\":\"Aplicaci\u00f3n para Saber Qui\u00e9n Visit\u00f3 tu Perfil - Universo Fam\u00edlia\",\"isPartOf\":{\"@id\":\"https:\/\/universofamilia.com\/el\/#website\"},\"primaryImageOfPage\":{\"@id\":\"https:\/\/universofamilia.com\/da\/aplicacion-para-saber-quien-visito-tu-perfil\/#primaryimage\"},\"image\":{\"@id\":\"https:\/\/universofamilia.com\/da\/aplicacion-para-saber-quien-visito-tu-perfil\/#primaryimage\"},\"thumbnailUrl\":\"https:\/\/universofamilia.com\/wp-content\/uploads\/sites\/148\/2024\/09\/P-550x350-2-11.jpg\",\"datePublished\":\"2024-09-27T17:40:30+00:00\",\"dateModified\":\"2024-09-27T17:40:30+00:00\",\"author\":{\"@id\":\"\"},\"description\":\"Aplicaci\u00f3n para Saber Qui\u00e9n Visit\u00f3 tu Perfil. \u00bfTe has preguntado alguna vez qui\u00e9n ha visitado tu perfil en las redes sociales?...\",\"breadcrumb\":{\"@id\":\"https:\/\/universofamilia.com\/da\/aplicacion-para-saber-quien-visito-tu-perfil\/#breadcrumb\"},\"inLanguage\":\"hu\",\"potentialAction\":[{\"@type\":\"ReadAction\",\"target\":[\"https:\/\/universofamilia.com\/da\/aplicacion-para-saber-quien-visito-tu-perfil\/\"]}]},{\"@type\":\"ImageObject\",\"inLanguage\":\"hu\",\"@id\":\"https:\/\/universofamilia.com\/da\/aplicacion-para-saber-quien-visito-tu-perfil\/#primaryimage\",\"url\":\"https:\/\/universofamilia.com\/wp-content\/uploads\/sites\/148\/2024\/09\/P-550x350-2-11.jpg\",\"contentUrl\":\"https:\/\/universofamilia.com\/wp-content\/uploads\/sites\/148\/2024\/09\/P-550x350-2-11.jpg\",\"width\":550,\"height\":350,\"caption\":\"Aplicaci\u00f3n para Saber Qui\u00e9n Visit\u00f3 tu Perfil\"},{\"@type\":\"BreadcrumbList\",\"@id\":\"https:\/\/universofamilia.com\/da\/aplicacion-para-saber-quien-visito-tu-perfil\/#breadcrumb\",\"itemListElement\":[{\"@type\":\"ListItem\",\"position\":1,\"name\":\"Home\",\"item\":\"https:\/\/universofamilia.com\/el\/\"},{\"@type\":\"ListItem\",\"position\":2,\"name\":\"Aplicaci\u00f3n para Saber Qui\u00e9n Visit\u00f3 tu Perfil\"}]},{\"@type\":\"WebSite\",\"@id\":\"https:\/\/universofamilia.com\/el\/#website\",\"url\":\"https:\/\/universofamilia.com\/el\/\",\"name\":\"Universo Fam\u00edlia\",\"description\":\"\",\"potentialAction\":[{\"@type\":\"SearchAction\",\"target\":{\"@type\":\"EntryPoint\",\"urlTemplate\":\"https:\/\/universofamilia.com\/el\/?s={search_term_string}\"},\"query-input\":\"required name=search_term_string\"}],\"inLanguage\":\"hu\"}]}<\/script>\n<!-- \/ Yoast SEO plugin. -->","yoast_head_json":{"title":"Aplicaci\u00f3n para Saber Qui\u00e9n Visit\u00f3 tu Perfil - Universo Fam\u00edlia","description":"Aplicaci\u00f3n para Saber Qui\u00e9n Visit\u00f3 tu Perfil. \u00bfTe has preguntado alguna vez qui\u00e9n ha visitado tu perfil en las redes sociales?...","robots":{"index":"index","follow":"follow","max-snippet":"max-snippet:-1","max-image-preview":"max-image-preview:large","max-video-preview":"max-video-preview:-1"},"canonical":"https:\/\/universofamilia.com\/hu\/aplicacion-para-saber-quien-visito-tu-perfil\/","og_locale":"hu_HU","og_type":"article","og_title":"Aplicaci\u00f3n para Saber Qui\u00e9n Visit\u00f3 tu Perfil - Universo Fam\u00edlia","og_description":"Aplicaci\u00f3n para Saber Qui\u00e9n Visit\u00f3 tu Perfil. \u00bfTe has preguntado alguna vez qui\u00e9n ha visitado tu perfil en las redes sociales?...","og_url":"https:\/\/universofamilia.com\/hu\/aplicacion-para-saber-quien-visito-tu-perfil\/","og_site_name":"Universo Fam\u00edlia","article_published_time":"2024-09-27T17:40:30+00:00","og_image":[{"width":550,"height":350,"url":"https:\/\/universofamilia.com\/wp-content\/uploads\/sites\/148\/2024\/09\/P-550x350-2-11.jpg","type":"image\/jpeg"}],"twitter_card":"summary_large_image","twitter_misc":{"Est. reading time":"6 perc"},"schema":{"@context":"https:\/\/schema.org","@graph":[{"@type":"WebPage","@id":"https:\/\/universofamilia.com\/da\/aplicacion-para-saber-quien-visito-tu-perfil\/","url":"https:\/\/universofamilia.com\/da\/aplicacion-para-saber-quien-visito-tu-perfil\/","name":"Aplicaci\u00f3n para Saber Qui\u00e9n Visit\u00f3 tu Perfil - Universo Fam\u00edlia","isPartOf":{"@id":"https:\/\/universofamilia.com\/el\/#website"},"primaryImageOfPage":{"@id":"https:\/\/universofamilia.com\/da\/aplicacion-para-saber-quien-visito-tu-perfil\/#primaryimage"},"image":{"@id":"https:\/\/universofamilia.com\/da\/aplicacion-para-saber-quien-visito-tu-perfil\/#primaryimage"},"thumbnailUrl":"https:\/\/universofamilia.com\/wp-content\/uploads\/sites\/148\/2024\/09\/P-550x350-2-11.jpg","datePublished":"2024-09-27T17:40:30+00:00","dateModified":"2024-09-27T17:40:30+00:00","author":{"@id":""},"description":"Aplicaci\u00f3n para Saber Qui\u00e9n Visit\u00f3 tu Perfil. \u00bfTe has preguntado alguna vez qui\u00e9n ha visitado tu perfil en las redes sociales?...","breadcrumb":{"@id":"https:\/\/universofamilia.com\/da\/aplicacion-para-saber-quien-visito-tu-perfil\/#breadcrumb"},"inLanguage":"hu","potentialAction":[{"@type":"ReadAction","target":["https:\/\/universofamilia.com\/da\/aplicacion-para-saber-quien-visito-tu-perfil\/"]}]},{"@type":"ImageObject","inLanguage":"hu","@id":"https:\/\/universofamilia.com\/da\/aplicacion-para-saber-quien-visito-tu-perfil\/#primaryimage","url":"https:\/\/universofamilia.com\/wp-content\/uploads\/sites\/148\/2024\/09\/P-550x350-2-11.jpg","contentUrl":"https:\/\/universofamilia.com\/wp-content\/uploads\/sites\/148\/2024\/09\/P-550x350-2-11.jpg","width":550,"height":350,"caption":"Aplicaci\u00f3n para Saber Qui\u00e9n Visit\u00f3 tu Perfil"},{"@type":"BreadcrumbList","@id":"https:\/\/universofamilia.com\/da\/aplicacion-para-saber-quien-visito-tu-perfil\/#breadcrumb","itemListElement":[{"@type":"ListItem","position":1,"name":"Home","item":"https:\/\/universofamilia.com\/el\/"},{"@type":"ListItem","position":2,"name":"Aplicaci\u00f3n para Saber Qui\u00e9n Visit\u00f3 tu Perfil"}]},{"@type":"WebSite","@id":"https:\/\/universofamilia.com\/el\/#website","url":"https:\/\/universofamilia.com\/el\/","name":"Universo Fam\u00edlia","description":"","potentialAction":[{"@type":"SearchAction","target":{"@type":"EntryPoint","urlTemplate":"https:\/\/universofamilia.com\/el\/?s={search_term_string}"},"query-input":"required name=search_term_string"}],"inLanguage":"hu"}]}},"_links":{"self":[{"href":"https:\/\/universofamilia.com\/hu\/wp-json\/wp\/v2\/posts\/6627"}],"collection":[{"href":"https:\/\/universofamilia.com\/hu\/wp-json\/wp\/v2\/posts"}],"about":[{"href":"https:\/\/universofamilia.com\/hu\/wp-json\/wp\/v2\/types\/post"}],"replies":[{"embeddable":true,"href":"https:\/\/universofamilia.com\/hu\/wp-json\/wp\/v2\/comments?post=6627"}],"version-history":[{"count":0,"href":"https:\/\/universofamilia.com\/hu\/wp-json\/wp\/v2\/posts\/6627\/revisions"}],"wp:featuredmedia":[{"embeddable":true,"href":"https:\/\/universofamilia.com\/hu\/wp-json\/wp\/v2\/media\/6628"}],"wp:attachment":[{"href":"https:\/\/universofamilia.com\/hu\/wp-json\/wp\/v2\/media?parent=6627"}],"wp:term":[{"taxonomy":"category","embeddable":true,"href":"https:\/\/universofamilia.com\/hu\/wp-json\/wp\/v2\/categories?post=6627"},{"taxonomy":"post_tag","embeddable":true,"href":"https:\/\/universofamilia.com\/hu\/wp-json\/wp\/v2\/tags?post=6627"}],"curies":[{"name":"wp","href":"https:\/\/api.w.org\/{rel}","templated":true}]}}