{"id":6630,"date":"2024-09-27T15:24:10","date_gmt":"2024-09-27T18:24:10","guid":{"rendered":"https:\/\/universofamilia.com\/?p=6630"},"modified":"2024-09-27T15:24:10","modified_gmt":"2024-09-27T18:24:10","slug":"te-para-combatir-insomnio-ansiedad","status":"publish","type":"post","link":"https:\/\/universofamilia.com\/hu\/te-para-combatir-insomnio-ansiedad\/","title":{"rendered":"Tea az \u00e1lmatlans\u00e1g \u00e9s a szorong\u00e1s ellen"},"content":{"rendered":"<p>Az \u00e1lmatlans\u00e1g \u00e9s a szorong\u00e1s olyan probl\u00e9m\u00e1k, amelyek vil\u00e1gszerte emberek milli\u00f3it \u00e9rintik.<\/p>\n\n\n\n<p>A term\u00e9szetes megold\u00e1sok, p\u00e9ld\u00e1ul a te\u00e1k keres\u00e9se nagyszer\u0171 m\u00f3dja lehet az alv\u00e1smin\u0151s\u00e9g jav\u00edt\u00e1s\u00e1nak \u00e9s a stressz hat\u00e9kony, mell\u00e9khat\u00e1sok n\u00e9lk\u00fcli cs\u00f6kkent\u00e9s\u00e9nek.<\/p>\n\n\n\n<p>Ebben a cikkben megvizsg\u00e1ljuk a te\u00e1k \u00e1lmatlans\u00e1g \u00e9s szorong\u00e1s elleni el\u0151nyeit, valamint bemutatjuk az alkalmaz\u00e1sukat. <em>Nyugodt<\/em>, hasznos eszk\u00f6z a kikapcsol\u00f3d\u00e1shoz.<\/p>\n\n\n\n<p>Emellett k\u00f6nnyen elk\u00e9sz\u00edthet\u0151 tearecepteket is megosztunk, amelyek seg\u00edtenek jobban pihenni. \ud83c\udf75\ud83d\udca4<\/p>\n\n\n\n<p><\/p>\n\n\n\n<hr class=\"wp-block-separator has-text-color has-luminous-vivid-orange-color has-alpha-channel-opacity has-luminous-vivid-orange-background-color has-background\"\/>\n\n\n\n<h2 class=\"wp-block-heading\">Olvasd el m\u00e9g:<\/h2>\n\n\n\n<div class=\"wp-block-columns is-layout-flex wp-container-core-columns-layout-1 wp-block-columns-is-layout-flex\">\n<div class=\"wp-block-column is-layout-flow wp-block-column-is-layout-flow\">\n<div class=\"wp-block-buttons is-layout-flex wp-block-buttons-is-layout-flex\">\n<div class=\"wp-block-button has-custom-width wp-block-button__width-100 is-style-outline\" style=\"text-decoration:none\"><a class=\"wp-block-button__link has-white-color has-vivid-cyan-blue-background-color has-text-color has-background has-link-color has-text-align-left wp-element-button\" href=\"https:\/\/universofamilia.com\/hu\/5893\/acelera-tu-celular-despierta-tu-productividad\/\" style=\"border-radius:10px\"><font style=\"vertical-align: inherit;\"><font style=\"vertical-align: inherit;\">\ud83d\udccc Gyors\u00edtsd fel a mobiltelefonodat<\/font><\/font> &gt;<\/a><\/div>\n\n\n\n<div class=\"wp-block-button has-custom-width wp-block-button__width-100 is-style-outline\" style=\"text-decoration:none\"><a class=\"wp-block-button__link has-white-color has-vivid-cyan-blue-background-color has-text-color has-background has-link-color has-text-align-left wp-element-button\" href=\"https:\/\/universofamilia.com\/hu\/5869\/descubre-quien-te-esta-observando-en-las-redes-sociales\/\" style=\"border-radius:10px\">\ud83d\udccc Kik l\u00e1togatt\u00e1k meg a profilodat?<\/a><\/div>\n\n\n\n<div class=\"wp-block-button has-custom-width wp-block-button__width-100 is-style-outline\" style=\"text-decoration:none\"><a class=\"wp-block-button__link has-white-color has-vivid-cyan-blue-background-color has-text-color has-background has-link-color has-text-align-left wp-element-button\" href=\"https:\/\/universofamilia.com\/hu\/6414\/aplicaciones-para-limpiar-el-celular-y-aumentar-espacio\/\" style=\"border-radius:10px\">\ud83d\udcbe Alkalmaz\u00e1sok a t\u00e1rhely n\u00f6vel\u00e9s\u00e9re<\/a><\/div>\n\n\n\n<div class=\"wp-block-button has-custom-width wp-block-button__width-100 is-style-outline\" style=\"text-decoration:none\"><a class=\"wp-block-button__link has-white-color has-vivid-cyan-blue-background-color has-text-color has-background has-link-color has-text-align-left wp-element-button\" href=\"https:\/\/universofamilia.com\/hu\/6568\/aprende-mecanica-automotriz-aplicacion\/\" style=\"border-radius:10px\">\ud83d\udccc Tanulj aut\u00f3szerel\u0151nek egy alkalmaz\u00e1ssal<\/a><\/div>\n<\/div>\n<\/div>\n<\/div>\n\n\n\n<hr class=\"wp-block-separator has-text-color has-luminous-vivid-orange-color has-alpha-channel-opacity has-luminous-vivid-orange-background-color has-background\"\/>\n\n\n\n<p><\/p>\n\n\n\n<h2 class=\"wp-block-heading\">A te\u00e1k el\u0151nyei \u00e1lmatlans\u00e1g \u00e9s szorong\u00e1s eset\u00e9n<\/h2>\n\n\n\n<p>A gy\u00f3gyte\u00e1k nyugtat\u00f3 \u00e9s pihentet\u0151 tulajdons\u00e1gaikr\u00f3l ismertek.<\/p>\n\n\n\n<p>Megfizethet\u0151 \u00e9s biztons\u00e1gos megold\u00e1st jelentenek azok sz\u00e1m\u00e1ra, akik enyh\u00edteni szeretn\u00e9k a mindennapi stresszt \u00e9s jav\u00edtani szeretn\u00e9k az \u00e9jszakai alv\u00e1sukat.<\/p>\n\n\n\n<p>A te\u00e1kban haszn\u00e1lt n\u00f6v\u00e9nyek term\u00e9szetes vegy\u00fcleteket tartalmaznak, amelyek seg\u00edtenek megnyugtatni az idegrendszert, ellaz\u00edtani az izmokat \u00e9s cs\u00f6kkenteni a ment\u00e1lis stresszt.<\/p>\n\n\n<div class=\"wp-block-image\">\n<figure class=\"aligncenter size-full\"><img loading=\"lazy\" decoding=\"async\" width=\"550\" height=\"350\" src=\"http:\/\/universofamilia.com\/wp-content\/uploads\/sites\/148\/2024\/09\/P-550x350-3-12.jpg\" alt=\"\" class=\"wp-image-6632\" srcset=\"https:\/\/universofamilia.com\/wp-content\/uploads\/sites\/148\/2024\/09\/P-550x350-3-12.jpg 550w, https:\/\/universofamilia.com\/wp-content\/uploads\/sites\/148\/2024\/09\/P-550x350-3-12-300x191.jpg 300w\" sizes=\"(max-width: 550px) 100vw, 550px\" \/><figcaption class=\"wp-element-caption\">Tea az \u00e1lmatlans\u00e1g \u00e9s a szorong\u00e1s ellen<\/figcaption><\/figure><\/div>\n\n\n<h4 class=\"wp-block-heading\">A te\u00e1k f\u0151bb el\u0151nyei:<\/h4>\n\n\n\n<ul class=\"wp-block-list\">\n<li><strong>Ment\u00e1lis relax\u00e1ci\u00f3<\/strong>A gy\u00f3gyn\u00f6v\u00e9nyek nyugalmat biztos\u00edtanak, cs\u00f6kkentik a ment\u00e1lis izgatotts\u00e1got.<\/li>\n\n\n\n<li><strong>Jobb alv\u00e1s<\/strong>A relax\u00e1l\u00f3 te\u00e1k rendszeres fogyaszt\u00e1sa hossz\u00fa t\u00e1von jav\u00edthatja az alv\u00e1s min\u0151s\u00e9g\u00e9t.<\/li>\n\n\n\n<li><strong>Szorong\u00e1scs\u00f6kkent\u00e9s<\/strong>Egyes te\u00e1k olyan speci\u00e1lis vegy\u00fcleteket tartalmaznak, amelyek seg\u00edtenek enyh\u00edteni a szorong\u00e1s t\u00fcneteit.<\/li>\n\n\n\n<li><strong>Term\u00e9szetes alternat\u00edva<\/strong>Mell\u00e9khat\u00e1smentes alternat\u00edv\u00e1t jelentenek a v\u00e9nyk\u00f6teles gy\u00f3gyszerekhez k\u00e9pest.<\/li>\n<\/ul>\n\n\n\n<h2 class=\"wp-block-heading\">Macskagy\u00f6k\u00e9r tea recept<\/h2>\n\n\n\n<p>A valeriana egy n\u00f6v\u00e9ny, amely term\u00e9szetes nyugtat\u00f3 tulajdons\u00e1gair\u00f3l ismert.<\/p>\n\n\n\n<p>Te\u00e1ja t\u00f6k\u00e9letes \u00e1lmatlans\u00e1gban szenved\u0151k sz\u00e1m\u00e1ra, mivel seg\u00edt az alv\u00e1s el\u0151seg\u00edt\u00e9s\u00e9ben \u00e9s a szorong\u00e1s cs\u00f6kkent\u00e9s\u00e9ben. \ud83c\udf3f<\/p>\n\n\n\n<p><strong>Hozz\u00e1val\u00f3k<\/strong>:<\/p>\n\n\n\n<ul class=\"wp-block-list\">\n<li>1 te\u00e1skan\u00e1l sz\u00e1r\u00edtott macskagy\u00f6k\u00e9r<\/li>\n\n\n\n<li>250 ml forr\u00f3 v\u00edz<\/li>\n<\/ul>\n\n\n\n<p><strong>K\u00e9sz\u00edtm\u00e9ny<\/strong>:<\/p>\n\n\n\n<ol class=\"wp-block-list\">\n<li>Forraljuk fel a vizet, \u00e9s adjuk hozz\u00e1 a valeriana gy\u00f6ker\u00e9t.<\/li>\n\n\n\n<li>Hagyjuk pihenni 10 percig.<\/li>\n\n\n\n<li>Sz\u0171rd le \u00e9s igy\u00e1l meg k\u00f6r\u00fclbel\u00fcl 30 perccel lefekv\u00e9s el\u0151tt.<\/li>\n<\/ol>\n\n\n\n<p>Ezt a te\u00e1t m\u00e9rt\u00e9kkel kell fogyasztani, mivel a hosszan tart\u00f3 fogyaszt\u00e1s nappali \u00e1lmoss\u00e1got okozhat.<\/p>\n\n\n\n<p>Sokan sz\u00e1molnak be alv\u00e1smin\u0151s\u00e9g\u00fck javul\u00e1s\u00e1r\u00f3l egy h\u00e9t rendszeres haszn\u00e1lat ut\u00e1n.<\/p>\n\n\n\n<p><\/p>\n\n\n\n<hr class=\"wp-block-separator has-text-color has-vivid-purple-color has-alpha-channel-opacity has-vivid-purple-background-color has-background\"\/>\n\n\n\n<h2 class=\"wp-block-heading\">Exkluz\u00edv, ingyenes tartalom az e-mailedben!<\/h2>\n\n\n\n<ul class=\"wp-block-list\">\n<li style=\"font-style:normal;font-weight:500\" class=\"has-medium-font-size\">Kapd meg az \u00f6sszes h\u00edrt;<\/li>\n\n\n\n<li style=\"font-style:normal;font-weight:500\" class=\"has-medium-font-size\">Hihetetlen tartalom a tenyeredben;<\/li>\n\n\n\n<li style=\"font-style:normal;font-weight:500\" class=\"has-medium-font-size\">Iratkozzon fel most.<\/li>\n<\/ul>\n\n\n\n<div class=\"wp-block-media-text is-stacked-on-mobile is-vertically-aligned-center has-vivid-red-color has-text-color has-link-color wp-elements-f65c0b9eaa40a3cda7f58392480b43a2\" style=\"grid-template-columns:40% auto\"><figure class=\"wp-block-media-text__media\"><img loading=\"lazy\" decoding=\"async\" width=\"256\" height=\"256\" src=\"http:\/\/universofamilia.com\/wp-content\/uploads\/sites\/148\/2024\/09\/RECEBA-E-MAIL-1.png\" alt=\"Regisztr\u00e1ljon e-mailt\" class=\"wp-image-6592 size-full\" srcset=\"https:\/\/universofamilia.com\/wp-content\/uploads\/sites\/148\/2024\/09\/RECEBA-E-MAIL-1.png 256w, https:\/\/universofamilia.com\/wp-content\/uploads\/sites\/148\/2024\/09\/RECEBA-E-MAIL-1-150x150.png 150w\" sizes=\"(max-width: 256px) 100vw, 256px\" \/><\/figure><div class=\"wp-block-media-text__content\">\n\n\n\n<p><\/p>\n<\/div><\/div>\n\n\n\n<hr class=\"wp-block-separator has-text-color has-vivid-purple-color has-alpha-channel-opacity has-vivid-purple-background-color has-background is-style-wide\"\/>\n\n\n\n<p><\/p>\n\n\n\n<h2 class=\"wp-block-heading\">Levendula tea recept<\/h2>\n\n\n\n<p>A levendula egy m\u00e1sik n\u00f6v\u00e9ny, amely j\u00f3l ismert relax\u00e1l\u00f3 hat\u00e1sair\u00f3l. Te\u00e1ja l\u00e1gy, arom\u00e1s, \u00e9s seg\u00edt megnyugtatni az elm\u00e9t, \u00edgy ide\u00e1lis a szorong\u00e1s cs\u00f6kkent\u00e9s\u00e9re. \ud83c\udf38<\/p>\n\n\n\n<p><strong>Hozz\u00e1val\u00f3k<\/strong>:<\/p>\n\n\n\n<ul class=\"wp-block-list\">\n<li>1 te\u00e1skan\u00e1l sz\u00e1r\u00edtott levendulavir\u00e1g<\/li>\n\n\n\n<li>250 ml forr\u00f3 v\u00edz<\/li>\n<\/ul>\n\n\n\n<p><strong>K\u00e9sz\u00edtm\u00e9ny<\/strong>:<\/p>\n\n\n\n<ol class=\"wp-block-list\">\n<li>Forraljuk fel a vizet, \u00e9s adjuk hozz\u00e1 a levendulavir\u00e1gokat.<\/li>\n\n\n\n<li>Hagyjuk \u00e1llni 5-7 percig.<\/li>\n\n\n\n<li>Elk\u00e9sz\u00edt\u00e9s ut\u00e1n azonnal sz\u0171rj\u00fck le \u00e9s igyuk meg.<\/li>\n<\/ol>\n\n\n\n<p>Ez a tea naponta t\u00f6bbsz\u00f6r is fogyaszthat\u00f3 a szorong\u00e1s kord\u00e1ban tart\u00e1s\u00e1ra \u00e9s a tart\u00f3s nyugalom \u00e9rz\u00e9s\u00e9nek el\u00e9r\u00e9s\u00e9re.<\/p>\n\n\n\n<h2 class=\"wp-block-heading\">Kamillatea recept<\/h2>\n\n\n\n<p>A kamillatea tal\u00e1n legink\u00e1bb nyugtat\u00f3 tulajdons\u00e1gair\u00f3l ismert. Gyeng\u00e9d, k\u00f6nnyen elk\u00e9sz\u00edthet\u0151, \u00e9s minden koroszt\u00e1ly sz\u00e1m\u00e1ra alkalmas. \ud83c\udf3c<\/p>\n\n\n\n<p><strong>Hozz\u00e1val\u00f3k<\/strong>:<\/p>\n\n\n\n<ul class=\"wp-block-list\">\n<li>1 ev\u0151kan\u00e1l sz\u00e1r\u00edtott kamillavir\u00e1g<\/li>\n\n\n\n<li>250 ml forr\u00f3 v\u00edz<\/li>\n<\/ul>\n\n\n\n<p><strong>K\u00e9sz\u00edtm\u00e9ny<\/strong>:<\/p>\n\n\n\n<ol class=\"wp-block-list\">\n<li>Adjuk hozz\u00e1 a kamillavir\u00e1gokat a forr\u00f3 v\u00edzhez.<\/li>\n\n\n\n<li>Hagyjuk pihenni 5-10 percig.<\/li>\n\n\n\n<li>Sz\u0171rd le \u00e9s fogyaszd el lefekv\u00e9s el\u0151tt.<\/li>\n<\/ol>\n\n\n\n<p>Ez a tea azonnali ellaz\u00edt\u00f3 hat\u00e1s\u00fa, \u00e9s t\u00f6k\u00e9letes azok sz\u00e1m\u00e1ra, akik gyors megold\u00e1st keresnek a lefekv\u00e9s el\u0151tti ellazul\u00e1sra.<\/p>\n\n\n\n<h2 class=\"wp-block-heading\">Aj\u00e1nlott alkalmaz\u00e1s: <em>Nyugodt<\/em><\/h2>\n\n\n\n<p>A te\u00e1k mellett a relax\u00e1ci\u00f3ra \u00e9s a wellnessre \u00f6sszpontos\u00edt\u00f3 alkalmaz\u00e1sok haszn\u00e1lata is nagyszer\u0171 m\u00f3dja lehet az \u00e1lmatlans\u00e1g \u00e9s a szorong\u00e1s lek\u00fczd\u00e9s\u00e9nek.<\/p>\n\n\n\n<p>Az egyik legn\u00e9pszer\u0171bb alkalmaz\u00e1s a <em>Nyugodt<\/em>, amely vezetett medit\u00e1ci\u00f3kat, relax\u00e1l\u00f3 hangokat \u00e9s l\u00e9gz\u0151gyakorlatokat k\u00edn\u00e1l, amelyek seg\u00edtenek megnyugtatni az elm\u00e9t \u00e9s jav\u00edtani az alv\u00e1s min\u0151s\u00e9g\u00e9t. \ud83d\ude0c\ud83d\udcf1<\/p>\n\n\n\n<h4 class=\"wp-block-heading\">Az alkalmaz\u00e1s el\u0151nyei <em>Nyugodt<\/em>:<\/h4>\n\n\n\n<ul class=\"wp-block-list\">\n<li><strong>Vezetett medit\u00e1ci\u00f3k<\/strong>: <em>Nyugodt<\/em> k\u00fcl\u00f6nf\u00e9le medit\u00e1ci\u00f3kat k\u00edn\u00e1l, amelyeket k\u00fcl\u00f6nb\u00f6z\u0151 ig\u00e9nyekre szabtak, p\u00e9ld\u00e1ul a stressz cs\u00f6kkent\u00e9s\u00e9re vagy az alv\u00e1s jav\u00edt\u00e1s\u00e1ra.<\/li>\n\n\n\n<li><strong>Pihentet\u0151 hangok<\/strong>Term\u00e9szetes hangok \u00e9s nyugodt dallamok sz\u00e9les v\u00e1laszt\u00e9k\u00e1t \u00e9lvezheti pihen\u00e9se sor\u00e1n.<\/li>\n\n\n\n<li><strong>L\u00e9gz\u0151gyakorlatok<\/strong>Vezetett l\u00e9gz\u00e9stechnik\u00e1k, amelyek seg\u00edtenek megnyugtatni a testet \u00e9s az elm\u00e9t szorong\u00e1sos id\u0151szakokban.<\/li>\n<\/ul>\n\n\n<div class=\"wp-block-image\">\n<figure class=\"aligncenter size-full\"><img loading=\"lazy\" decoding=\"async\" width=\"550\" height=\"350\" src=\"http:\/\/universofamilia.com\/wp-content\/uploads\/sites\/148\/2024\/09\/P-550x350-4-4.jpg\" alt=\"\" class=\"wp-image-6631\" srcset=\"https:\/\/universofamilia.com\/wp-content\/uploads\/sites\/148\/2024\/09\/P-550x350-4-4.jpg 550w, https:\/\/universofamilia.com\/wp-content\/uploads\/sites\/148\/2024\/09\/P-550x350-4-4-300x191.jpg 300w\" sizes=\"(max-width: 550px) 100vw, 550px\" \/><figcaption class=\"wp-element-caption\">Tea az \u00e1lmatlans\u00e1g \u00e9s a szorong\u00e1s ellen<\/figcaption><\/figure><\/div>\n\n\n<h3 class=\"wp-block-heading\">Felhaszn\u00e1l\u00f3i v\u00e9lem\u00e9nyek<\/h3>\n\n\n\n<p>\u00cdme n\u00e9h\u00e1ny v\u00e9lem\u00e9ny azokt\u00f3l, akik haszn\u00e1lt\u00e1k az alkalmaz\u00e1st <em>Nyugodt<\/em>:<\/p>\n\n\n\n<ul class=\"wp-block-list\">\n<li><strong>Ana M. (Apple Store)<\/strong>: &quot;\u0150 <em>Nyugodt<\/em> \u201eMegv\u00e1ltoztatta a relax\u00e1ci\u00f3s m\u00f3domat. Most sokkal gyorsabban tudok elaludni, \u00e9s kipihentebben \u00e9bredek.\u201d \ud83c\udf1f\ud83c\udf1f\ud83c\udf1f\ud83c\udf1f\ud83c\udf1f<\/li>\n\n\n\n<li><strong>Carlos R. (Google Play)<\/strong>: \u201eA pihentet\u0151 hangok \u00e9s az egyszer\u0171 kezel\u0151fel\u00fclet nagyon k\u00f6nnyen haszn\u00e1lhat\u00f3v\u00e1 teszik az alkalmaz\u00e1st. A szorong\u00e1som cs\u00f6kkent, mi\u00f3ta elkezdtem haszn\u00e1lni.\u201d \ud83c\udf1f\ud83c\udf1f\ud83c\udf1f\ud83c\udf1f<\/li>\n\n\n\n<li><strong>Maria T. (Apple Store)<\/strong>: \u201eAj\u00e1nlom\u201d <em>Nyugodt<\/em> Minden bar\u00e1tomnak. A napi rutinom elengedhetetlen r\u00e9sze a stressz cs\u00f6kkent\u00e9se.&quot; \ud83c\udf1f\ud83c\udf1f\ud83c\udf1f\ud83c\udf1f\ud83c\udf1f<\/li>\n<\/ul>\n\n\n\n<h3 class=\"wp-block-heading\">Az alkalmaz\u00e1s telep\u00edt\u00e9se<\/h3>\n\n\n\n<p><strong>Let\u00f6lt\u00e9si linkek<\/strong>:<\/p>\n\n\n\n<div class=\"wp-block-columns is-layout-flex wp-container-core-columns-layout-2 wp-block-columns-is-layout-flex\">\n<div class=\"wp-block-column is-layout-flow wp-block-column-is-layout-flow\">\n<div class=\"wp-block-buttons is-layout-flex wp-block-buttons-is-layout-flex\">\n<div class=\"wp-block-button has-custom-width wp-block-button__width-100\" style=\"text-decoration:none\"><a class=\"wp-block-button__link has-white-color has-text-color has-background has-link-color has-text-align-left wp-element-button\" href=\"https:\/\/play.google.com\/store\/apps\/details?id=com.calm.android&amp;hl=pt_BR\" style=\"border-radius:10px;background-color:#aea4e0\" target=\"_blank\" rel=\"noreferrer noopener\"><strong><font style=\"vertical-align: inherit;\"><font style=\"vertical-align: inherit;\">\ud83d\udce5 <\/font><\/font>L\u00e1togasson el a Google Playre: Nyugalom<\/strong> <strong>Androidra<\/strong><\/a><\/div>\n\n\n\n<div class=\"wp-block-button has-custom-width wp-block-button__width-100\" style=\"text-decoration:none\"><a class=\"wp-block-button__link has-white-color has-text-color has-background has-link-color has-text-align-left wp-element-button\" href=\"https:\/\/apps.apple.com\/br\/app\/calm-medita%C3%A7%C3%A3o-e-sono\/id571800810\" style=\"border-radius:10px;background-color:#d0d0d0\" target=\"_blank\" rel=\"noreferrer noopener\"><mark style=\"background-color:rgba(0, 0, 0, 0)\" class=\"has-inline-color has-black-color\"><strong>\ud83d\udce5 Hozz\u00e1f\u00e9r\u00e9s az Apple Store-hoz: Nyugalom<\/strong><\/mark> <mark style=\"background-color:rgba(0, 0, 0, 0)\" class=\"has-inline-color has-black-color\"><strong>iOS-re<\/strong><\/mark><\/a><\/div>\n<\/div>\n<\/div>\n<\/div>\n\n\n\n<h2 class=\"wp-block-heading\">K\u00f6vetkeztet\u00e9s<\/h2>\n\n\n\n<p>Az \u00e1lmatlans\u00e1g \u00e9s a szorong\u00e1s lek\u00fczd\u00e9s\u00e9re szolg\u00e1l\u00f3 te\u00e1k term\u00e9szetes \u00e9s hat\u00e9kony megold\u00e1st jelentenek az \u00e9letmin\u0151s\u00e9g jav\u00edt\u00e1s\u00e1ra.<\/p>\n\n\n\n<p>Digit\u00e1lis eszk\u00f6z\u00f6kkel, p\u00e9ld\u00e1ul alkalmaz\u00e1ssal kombin\u00e1lva <em>Nyugodt<\/em>, nagy v\u00e1ltoz\u00e1st hozhat a mindennapi k\u00f6z\u00e9rzetedben.<\/p>\n\n\n\n<p>Ne habozz kipr\u00f3b\u00e1lni ezeket a tearecepteket, \u00e9s haszn\u00e1ld a <em>Nyugodt<\/em> a nagyobb kikapcsol\u00f3d\u00e1s\u00e9rt \u00e9s nyugalom\u00e9rt. \ud83c\udf75\ud83d\udca4<\/p>\n\n\n\n<p>Ha hasznosnak tal\u00e1ltad ezt a cikket, k\u00e9rlek oszd meg bar\u00e1taiddal \u00e9s csal\u00e1doddal!<\/p>\n\n\n\n<p>Javasoljuk, hogy tekintse meg blogunk tov\u00e1bbi tartalmait is, ahol tov\u00e1bbi m\u00f3dszereket fedezhet fel eg\u00e9szs\u00e9ge \u00e9s j\u00f3l\u00e9te jav\u00edt\u00e1s\u00e1ra.<\/p>\n\n\n\n<h3 class=\"wp-block-heading\">GYIK: A teafogyaszt\u00e1s el\u0151nyei<\/h3>\n\n\n\n<p><strong>Melyik a legjobb tea a szorong\u00e1s lek\u00fczd\u00e9s\u00e9re?<\/strong> A kamillatea \u00e9s a levendulatea kiv\u00e1l\u00f3 lehet\u0151s\u00e9gek a szorong\u00e1s enyh\u00edt\u00e9s\u00e9re. Mindkett\u0151 nyugtat\u00f3 tulajdons\u00e1gokkal rendelkezik, amelyek seg\u00edtenek ellaz\u00edtani az elm\u00e9t \u00e9s a testet.<\/p>\n\n\n\n<p><strong>Seg\u00edt-e lefekv\u00e9s el\u0151tti teafogyaszt\u00e1s jav\u00edtani az alv\u00e1st?<\/strong> Igen, egyes te\u00e1k, mint p\u00e9ld\u00e1ul a valeriana \u00e9s a kamilla, enyhe nyugtat\u00f3 hat\u00e1s\u00faak, amelyek el\u0151seg\u00edtik az alv\u00e1st \u00e9s jav\u00edtj\u00e1k a pihen\u00e9s min\u0151s\u00e9g\u00e9t.<\/p>\n\n\n\n<p><strong>Biztons\u00e1gos minden nap macskagy\u00f6k\u00e9r te\u00e1t inni?<\/strong> A macskagy\u00f6k\u00e9r tea m\u00e9rt\u00e9kletes fogyaszt\u00e1sa biztons\u00e1gos. Azonban nem aj\u00e1nlott t\u00fal sokat fogyasztani, mivel t\u00falzott fogyaszt\u00e1s eset\u00e9n nappali \u00e1lmoss\u00e1got okozhat.<\/p>\n\n\n\n<p><\/p>\n\n\n\n<hr class=\"wp-block-separator has-text-color has-vivid-purple-color has-alpha-channel-opacity has-vivid-purple-background-color has-background\"\/>\n\n\n\n<h2 class=\"wp-block-heading\">Exkluz\u00edv, ingyenes tartalom az e-mailedben!<\/h2>\n\n\n\n<ul class=\"wp-block-list\">\n<li style=\"font-style:normal;font-weight:500\" class=\"has-medium-font-size\">Kapd meg az \u00f6sszes h\u00edrt;<\/li>\n\n\n\n<li style=\"font-style:normal;font-weight:500\" class=\"has-medium-font-size\">Hihetetlen tartalom a tenyeredben;<\/li>\n\n\n\n<li style=\"font-style:normal;font-weight:500\" class=\"has-medium-font-size\">Iratkozzon fel most.<\/li>\n<\/ul>\n\n\n\n<div class=\"wp-block-media-text is-stacked-on-mobile is-vertically-aligned-center has-vivid-red-color has-text-color has-link-color wp-elements-f65c0b9eaa40a3cda7f58392480b43a2\" style=\"grid-template-columns:40% auto\"><figure class=\"wp-block-media-text__media\"><img loading=\"lazy\" decoding=\"async\" width=\"256\" height=\"256\" src=\"http:\/\/universofamilia.com\/wp-content\/uploads\/sites\/148\/2024\/09\/RECEBA-E-MAIL-1.png\" alt=\"Regisztr\u00e1ljon e-mailt\" class=\"wp-image-6592 size-full\" srcset=\"https:\/\/universofamilia.com\/wp-content\/uploads\/sites\/148\/2024\/09\/RECEBA-E-MAIL-1.png 256w, https:\/\/universofamilia.com\/wp-content\/uploads\/sites\/148\/2024\/09\/RECEBA-E-MAIL-1-150x150.png 150w\" sizes=\"(max-width: 256px) 100vw, 256px\" \/><\/figure><div class=\"wp-block-media-text__content\">\n\n\n\n<p><\/p>\n<\/div><\/div>\n\n\n\n<hr class=\"wp-block-separator has-text-color has-vivid-purple-color has-alpha-channel-opacity has-vivid-purple-background-color has-background is-style-wide\"\/>\n\n\n\n<p><\/p>","protected":false},"excerpt":{"rendered":"<p>El insomnio y la ansiedad son problemas que afectan a millones de personas en todo el mundo. Buscar soluciones naturales, como los t\u00e9s, puede ser una excelente manera de mejorar la calidad del sue\u00f1o y reducir el estr\u00e9s de manera efectiva y sin efectos secundarios. En este art\u00edculo, vamos a explorar los beneficios de los [&hellip;]<\/p>","protected":false},"author":0,"featured_media":6632,"comment_status":"closed","ping_status":"open","sticky":false,"template":"","format":"standard","meta":{"footnotes":""},"categories":[2],"tags":[581,1507],"yoast_head":"<!-- This site is optimized with the Yoast SEO plugin v23.3 - https:\/\/yoast.com\/wordpress\/plugins\/seo\/ -->\n<title>T\u00e9 para Combatir el Insomnio y la Ansiedad - Universo Fam\u00edlia<\/title>\n<meta name=\"description\" content=\"T\u00e9 para Combatir el Insomnio y la Ansiedad. El insomnio y la ansiedad son problemas que afectan a millones de personas en todo el mundo.\" \/>\n<meta name=\"robots\" content=\"index, follow, max-snippet:-1, max-image-preview:large, max-video-preview:-1\" \/>\n<link rel=\"canonical\" href=\"https:\/\/universofamilia.com\/hu\/te-para-combatir-insomnio-ansiedad\/\" \/>\n<meta property=\"og:locale\" content=\"hu_HU\" \/>\n<meta property=\"og:type\" content=\"article\" \/>\n<meta property=\"og:title\" content=\"T\u00e9 para Combatir el Insomnio y la Ansiedad - Universo Fam\u00edlia\" \/>\n<meta property=\"og:description\" content=\"T\u00e9 para Combatir el Insomnio y la Ansiedad. El insomnio y la ansiedad son problemas que afectan a millones de personas en todo el mundo.\" \/>\n<meta property=\"og:url\" content=\"https:\/\/universofamilia.com\/hu\/te-para-combatir-insomnio-ansiedad\/\" \/>\n<meta property=\"og:site_name\" content=\"Universo Fam\u00edlia\" \/>\n<meta property=\"article:published_time\" content=\"2024-09-27T18:24:10+00:00\" \/>\n<meta property=\"og:image\" content=\"https:\/\/universofamilia.com\/wp-content\/uploads\/sites\/148\/2024\/09\/P-550x350-3-12.jpg\" \/>\n\t<meta property=\"og:image:width\" content=\"550\" \/>\n\t<meta property=\"og:image:height\" content=\"350\" \/>\n\t<meta property=\"og:image:type\" content=\"image\/jpeg\" \/>\n<meta name=\"twitter:card\" content=\"summary_large_image\" \/>\n<meta name=\"twitter:label1\" content=\"Est. reading time\" \/>\n\t<meta name=\"twitter:data1\" content=\"7 perc\" \/>\n<script type=\"application\/ld+json\" class=\"yoast-schema-graph\">{\"@context\":\"https:\/\/schema.org\",\"@graph\":[{\"@type\":\"WebPage\",\"@id\":\"https:\/\/universofamilia.com\/ru\/te-para-combatir-insomnio-ansiedad\/\",\"url\":\"https:\/\/universofamilia.com\/ru\/te-para-combatir-insomnio-ansiedad\/\",\"name\":\"T\u00e9 para Combatir el Insomnio y la Ansiedad - Universo Fam\u00edlia\",\"isPartOf\":{\"@id\":\"https:\/\/universofamilia.com\/el\/#website\"},\"primaryImageOfPage\":{\"@id\":\"https:\/\/universofamilia.com\/ru\/te-para-combatir-insomnio-ansiedad\/#primaryimage\"},\"image\":{\"@id\":\"https:\/\/universofamilia.com\/ru\/te-para-combatir-insomnio-ansiedad\/#primaryimage\"},\"thumbnailUrl\":\"https:\/\/universofamilia.com\/wp-content\/uploads\/sites\/148\/2024\/09\/P-550x350-3-12.jpg\",\"datePublished\":\"2024-09-27T18:24:10+00:00\",\"dateModified\":\"2024-09-27T18:24:10+00:00\",\"author\":{\"@id\":\"\"},\"description\":\"T\u00e9 para Combatir el Insomnio y la Ansiedad. El insomnio y la ansiedad son problemas que afectan a millones de personas en todo el mundo.\",\"breadcrumb\":{\"@id\":\"https:\/\/universofamilia.com\/ru\/te-para-combatir-insomnio-ansiedad\/#breadcrumb\"},\"inLanguage\":\"hu\",\"potentialAction\":[{\"@type\":\"ReadAction\",\"target\":[\"https:\/\/universofamilia.com\/ru\/te-para-combatir-insomnio-ansiedad\/\"]}]},{\"@type\":\"ImageObject\",\"inLanguage\":\"hu\",\"@id\":\"https:\/\/universofamilia.com\/ru\/te-para-combatir-insomnio-ansiedad\/#primaryimage\",\"url\":\"https:\/\/universofamilia.com\/wp-content\/uploads\/sites\/148\/2024\/09\/P-550x350-3-12.jpg\",\"contentUrl\":\"https:\/\/universofamilia.com\/wp-content\/uploads\/sites\/148\/2024\/09\/P-550x350-3-12.jpg\",\"width\":550,\"height\":350,\"caption\":\"T\u00e9 para Combatir el Insomnio y la Ansiedad\"},{\"@type\":\"BreadcrumbList\",\"@id\":\"https:\/\/universofamilia.com\/ru\/te-para-combatir-insomnio-ansiedad\/#breadcrumb\",\"itemListElement\":[{\"@type\":\"ListItem\",\"position\":1,\"name\":\"Home\",\"item\":\"https:\/\/universofamilia.com\/el\/\"},{\"@type\":\"ListItem\",\"position\":2,\"name\":\"T\u00e9 para Combatir el Insomnio y la Ansiedad\"}]},{\"@type\":\"WebSite\",\"@id\":\"https:\/\/universofamilia.com\/el\/#website\",\"url\":\"https:\/\/universofamilia.com\/el\/\",\"name\":\"Universo Fam\u00edlia\",\"description\":\"\",\"potentialAction\":[{\"@type\":\"SearchAction\",\"target\":{\"@type\":\"EntryPoint\",\"urlTemplate\":\"https:\/\/universofamilia.com\/el\/?s={search_term_string}\"},\"query-input\":\"required name=search_term_string\"}],\"inLanguage\":\"hu\"}]}<\/script>\n<!-- \/ Yoast SEO plugin. -->","yoast_head_json":{"title":"T\u00e9 para Combatir el Insomnio y la Ansiedad - Universo Fam\u00edlia","description":"T\u00e9 para Combatir el Insomnio y la Ansiedad. El insomnio y la ansiedad son problemas que afectan a millones de personas en todo el mundo.","robots":{"index":"index","follow":"follow","max-snippet":"max-snippet:-1","max-image-preview":"max-image-preview:large","max-video-preview":"max-video-preview:-1"},"canonical":"https:\/\/universofamilia.com\/hu\/te-para-combatir-insomnio-ansiedad\/","og_locale":"hu_HU","og_type":"article","og_title":"T\u00e9 para Combatir el Insomnio y la Ansiedad - Universo Fam\u00edlia","og_description":"T\u00e9 para Combatir el Insomnio y la Ansiedad. El insomnio y la ansiedad son problemas que afectan a millones de personas en todo el mundo.","og_url":"https:\/\/universofamilia.com\/hu\/te-para-combatir-insomnio-ansiedad\/","og_site_name":"Universo Fam\u00edlia","article_published_time":"2024-09-27T18:24:10+00:00","og_image":[{"width":550,"height":350,"url":"https:\/\/universofamilia.com\/wp-content\/uploads\/sites\/148\/2024\/09\/P-550x350-3-12.jpg","type":"image\/jpeg"}],"twitter_card":"summary_large_image","twitter_misc":{"Est. reading time":"7 perc"},"schema":{"@context":"https:\/\/schema.org","@graph":[{"@type":"WebPage","@id":"https:\/\/universofamilia.com\/ru\/te-para-combatir-insomnio-ansiedad\/","url":"https:\/\/universofamilia.com\/ru\/te-para-combatir-insomnio-ansiedad\/","name":"T\u00e9 para Combatir el Insomnio y la Ansiedad - Universo Fam\u00edlia","isPartOf":{"@id":"https:\/\/universofamilia.com\/el\/#website"},"primaryImageOfPage":{"@id":"https:\/\/universofamilia.com\/ru\/te-para-combatir-insomnio-ansiedad\/#primaryimage"},"image":{"@id":"https:\/\/universofamilia.com\/ru\/te-para-combatir-insomnio-ansiedad\/#primaryimage"},"thumbnailUrl":"https:\/\/universofamilia.com\/wp-content\/uploads\/sites\/148\/2024\/09\/P-550x350-3-12.jpg","datePublished":"2024-09-27T18:24:10+00:00","dateModified":"2024-09-27T18:24:10+00:00","author":{"@id":""},"description":"T\u00e9 para Combatir el Insomnio y la Ansiedad. El insomnio y la ansiedad son problemas que afectan a millones de personas en todo el mundo.","breadcrumb":{"@id":"https:\/\/universofamilia.com\/ru\/te-para-combatir-insomnio-ansiedad\/#breadcrumb"},"inLanguage":"hu","potentialAction":[{"@type":"ReadAction","target":["https:\/\/universofamilia.com\/ru\/te-para-combatir-insomnio-ansiedad\/"]}]},{"@type":"ImageObject","inLanguage":"hu","@id":"https:\/\/universofamilia.com\/ru\/te-para-combatir-insomnio-ansiedad\/#primaryimage","url":"https:\/\/universofamilia.com\/wp-content\/uploads\/sites\/148\/2024\/09\/P-550x350-3-12.jpg","contentUrl":"https:\/\/universofamilia.com\/wp-content\/uploads\/sites\/148\/2024\/09\/P-550x350-3-12.jpg","width":550,"height":350,"caption":"T\u00e9 para Combatir el Insomnio y la Ansiedad"},{"@type":"BreadcrumbList","@id":"https:\/\/universofamilia.com\/ru\/te-para-combatir-insomnio-ansiedad\/#breadcrumb","itemListElement":[{"@type":"ListItem","position":1,"name":"Home","item":"https:\/\/universofamilia.com\/el\/"},{"@type":"ListItem","position":2,"name":"T\u00e9 para Combatir el Insomnio y la Ansiedad"}]},{"@type":"WebSite","@id":"https:\/\/universofamilia.com\/el\/#website","url":"https:\/\/universofamilia.com\/el\/","name":"Universo Fam\u00edlia","description":"","potentialAction":[{"@type":"SearchAction","target":{"@type":"EntryPoint","urlTemplate":"https:\/\/universofamilia.com\/el\/?s={search_term_string}"},"query-input":"required name=search_term_string"}],"inLanguage":"hu"}]}},"_links":{"self":[{"href":"https:\/\/universofamilia.com\/hu\/wp-json\/wp\/v2\/posts\/6630"}],"collection":[{"href":"https:\/\/universofamilia.com\/hu\/wp-json\/wp\/v2\/posts"}],"about":[{"href":"https:\/\/universofamilia.com\/hu\/wp-json\/wp\/v2\/types\/post"}],"replies":[{"embeddable":true,"href":"https:\/\/universofamilia.com\/hu\/wp-json\/wp\/v2\/comments?post=6630"}],"version-history":[{"count":0,"href":"https:\/\/universofamilia.com\/hu\/wp-json\/wp\/v2\/posts\/6630\/revisions"}],"wp:featuredmedia":[{"embeddable":true,"href":"https:\/\/universofamilia.com\/hu\/wp-json\/wp\/v2\/media\/6632"}],"wp:attachment":[{"href":"https:\/\/universofamilia.com\/hu\/wp-json\/wp\/v2\/media?parent=6630"}],"wp:term":[{"taxonomy":"category","embeddable":true,"href":"https:\/\/universofamilia.com\/hu\/wp-json\/wp\/v2\/categories?post=6630"},{"taxonomy":"post_tag","embeddable":true,"href":"https:\/\/universofamilia.com\/hu\/wp-json\/wp\/v2\/tags?post=6630"}],"curies":[{"name":"wp","href":"https:\/\/api.w.org\/{rel}","templated":true}]}}