{"id":6645,"date":"2024-09-30T12:07:55","date_gmt":"2024-09-30T15:07:55","guid":{"rendered":"https:\/\/universofamilia.com\/?p=6645"},"modified":"2024-09-30T12:07:55","modified_gmt":"2024-09-30T15:07:55","slug":"aplicacion-descubrir-quien-esta-interesado-ti","status":"publish","type":"post","link":"https:\/\/universofamilia.com\/hu\/aplicacion-descubrir-quien-esta-interesado-ti\/","title":{"rendered":"Alkalmaz\u00e1s, hogy megtudd, kit \u00e9rdekelsz"},"content":{"rendered":"<p>Ha valaha is elgondolkodt\u00e1l azon, hogy ki l\u00e1togatja az online profilodat, nem vagy egyed\u00fcl!<\/p>\n\n\n\n<p>Annak ismerete, hogy kik tekintett\u00e9k meg a profilodat, hat\u00e9kony eszk\u00f6z lehet mind a szem\u00e9lyes adatok v\u00e9delme, mind a digit\u00e1lis interakci\u00f3id jobb meg\u00e9rt\u00e9se szempontj\u00e1b\u00f3l.<\/p>\n\n\n\n<p>Szerencs\u00e9re vannak olyan alkalmaz\u00e1sok, mint p\u00e9ld\u00e1ul <strong>K\u00f6z\u00f6ss\u00e9gi m\u00e9dia k\u00f6vet\u0151<\/strong>, amelyek seg\u00edtenek nyomon k\u00f6vetni ezeket a l\u00e1togat\u00e1sokat, \u00e9s fontos inform\u00e1ci\u00f3kkal l\u00e1tj\u00e1k el \u00d6nt.<\/p>\n\n\n\n<p>Fedezz\u00fck fel, mi\u00e9rt fontos tudni, hogy kik tekintett\u00e9k meg a profilodat, \u00e9s hogyan jav\u00edthatj\u00e1k ezek az alkalmaz\u00e1sok az online \u00e9lm\u00e9nyedet. \ud83d\udcf1\u2728<\/p>\n\n\n\n<h2 class=\"wp-block-heading\">Mi\u00e9rt fontos tudni, hogy ki n\u00e9zte meg a profilodat?<\/h2>\n\n\n\n<p>A profilod megl\u00e1togat\u00f3inak megismer\u00e9se nem csup\u00e1n k\u00edv\u00e1ncsis\u00e1g k\u00e9rd\u00e9se, hanem egy m\u00f3dja annak is, hogy megv\u00e9dd a mag\u00e1n\u00e9letedet, \u00e9s megalapozott d\u00f6nt\u00e9seket hozz az online kapcsolataiddal kapcsolatban.<\/p>\n\n\n\n<p><\/p>\n\n\n\n<hr class=\"wp-block-separator has-text-color has-luminous-vivid-orange-color has-alpha-channel-opacity has-luminous-vivid-orange-background-color has-background\"\/>\n\n\n\n<h2 class=\"wp-block-heading\">Olvasd el m\u00e9g:<\/h2>\n\n\n\n<div class=\"wp-block-columns is-layout-flex wp-container-core-columns-layout-1 wp-block-columns-is-layout-flex\">\n<div class=\"wp-block-column is-layout-flow wp-block-column-is-layout-flow\">\n<div class=\"wp-block-buttons is-layout-flex wp-block-buttons-is-layout-flex\">\n<div class=\"wp-block-button has-custom-width wp-block-button__width-100 is-style-outline\" style=\"text-decoration:none\"><a class=\"wp-block-button__link has-white-color has-vivid-cyan-blue-background-color has-text-color has-background has-link-color has-text-align-left wp-element-button\" href=\"https:\/\/universofamilia.com\/hu\/5893\/acelera-tu-celular-despierta-tu-productividad\/\" style=\"border-radius:10px\"><font style=\"vertical-align: inherit;\"><font style=\"vertical-align: inherit;\">\ud83d\udccc Gyors\u00edtsd fel a mobiltelefonodat<\/font><\/font> &gt;<\/a><\/div>\n\n\n\n<div class=\"wp-block-button has-custom-width wp-block-button__width-100 is-style-outline\" style=\"text-decoration:none\"><a class=\"wp-block-button__link has-white-color has-vivid-cyan-blue-background-color has-text-color has-background has-link-color has-text-align-left wp-element-button\" href=\"https:\/\/universofamilia.com\/hu\/5869\/descubre-quien-te-esta-observando-en-las-redes-sociales\/\" style=\"border-radius:10px\">\ud83d\udccc Kik l\u00e1togatt\u00e1k meg a profilodat?<\/a><\/div>\n\n\n\n<div class=\"wp-block-button has-custom-width wp-block-button__width-100 is-style-outline\" style=\"text-decoration:none\"><a class=\"wp-block-button__link has-white-color has-vivid-cyan-blue-background-color has-text-color has-background has-link-color has-text-align-left wp-element-button\" href=\"https:\/\/universofamilia.com\/hu\/6414\/aplicaciones-para-limpiar-el-celular-y-aumentar-espacio\/\" style=\"border-radius:10px\">\ud83d\udcbe Alkalmaz\u00e1sok a t\u00e1rhely n\u00f6vel\u00e9s\u00e9re<\/a><\/div>\n\n\n\n<div class=\"wp-block-button has-custom-width wp-block-button__width-100 is-style-outline\" style=\"text-decoration:none\"><a class=\"wp-block-button__link has-white-color has-vivid-cyan-blue-background-color has-text-color has-background has-link-color has-text-align-left wp-element-button\" href=\"https:\/\/universofamilia.com\/hu\/6568\/aprende-mecanica-automotriz-aplicacion\/\" style=\"border-radius:10px\">\ud83d\udccc Tanulj aut\u00f3szerel\u0151nek egy alkalmaz\u00e1ssal<\/a><\/div>\n<\/div>\n<\/div>\n<\/div>\n\n\n\n<hr class=\"wp-block-separator has-text-color has-luminous-vivid-orange-color has-alpha-channel-opacity has-luminous-vivid-orange-background-color has-background\"\/>\n\n\n\n<p><\/p>\n\n\n\n<p>Annyi digit\u00e1lis interakci\u00f3 eset\u00e9n hasznos lehet kider\u00edteni, hogy kit \u00e9rdekel az, amit megosztott\u00e1l.<\/p>\n\n\n\n<p>\u00cdme n\u00e9h\u00e1ny f\u0151 ok, ami\u00e9rt ez relev\u00e1ns:<\/p>\n\n\n\n<ul class=\"wp-block-list\">\n<li><strong>V\u00e9delem a zaklat\u00f3k ellen<\/strong>: A profilod megtekint\u0151inek figyel\u00e9se seg\u00edt a gyan\u00fas viselked\u00e9s \u00e9s a potenci\u00e1lis zaklat\u00f3k azonos\u00edt\u00e1s\u00e1ban.<\/li>\n\n\n\n<li><strong>Tudatos interakci\u00f3k<\/strong>Az interakci\u00f3idat azokra az emberekre \u00f6sszpontos\u00edthatod, akik \u00e9rdekl\u0151d\u00e9st mutattak, \u00edgy tudatosabb\u00e1 teheted a digit\u00e1lis kapcsolataidat.<\/li>\n\n\n\n<li><strong>Karrierlehet\u0151s\u00e9gek<\/strong>Szakmai h\u00e1l\u00f3zatok eset\u00e9ben \u00faj kapcsolat\u00e9p\u00edt\u00e9si lehet\u0151s\u00e9gek kapuit nyithatja meg annak ismerete, hogy ki f\u00e9rt hozz\u00e1 a profilodhoz. \ud83d\udc54\ud83e\udd1d<\/li>\n<\/ul>\n\n\n\n<p>Most, hogy tudod, mi\u00e9rt fontos, besz\u00e9lj\u00fcnk arr\u00f3l, hogyan m\u0171k\u00f6dnek ezek az alkalmaz\u00e1sok, \u00e9s milyen funkci\u00f3kat k\u00edn\u00e1lnak.<\/p>\n\n\n<div class=\"wp-block-image\">\n<figure class=\"aligncenter size-full\"><img loading=\"lazy\" decoding=\"async\" width=\"550\" height=\"350\" src=\"http:\/\/universofamilia.com\/wp-content\/uploads\/sites\/148\/2024\/09\/P-550x350-1-22.jpg\" alt=\"\" class=\"wp-image-6647\" srcset=\"https:\/\/universofamilia.com\/wp-content\/uploads\/sites\/148\/2024\/09\/P-550x350-1-22.jpg 550w, https:\/\/universofamilia.com\/wp-content\/uploads\/sites\/148\/2024\/09\/P-550x350-1-22-300x191.jpg 300w\" sizes=\"(max-width: 550px) 100vw, 550px\" \/><figcaption class=\"wp-element-caption\">Alkalmaz\u00e1s, hogy megtudd, kit \u00e9rdekelsz<\/figcaption><\/figure><\/div>\n\n\n<h2 class=\"wp-block-heading\">F\u0151bb funkci\u00f3k a profilod megtekint\u00e9s\u00e9nek nyomon k\u00f6vet\u00e9s\u00e9hez<\/h2>\n\n\n\n<p>Alkalmaz\u00e1sok, mint p\u00e9ld\u00e1ul <strong>K\u00f6z\u00f6ss\u00e9gi m\u00e9dia k\u00f6vet\u0151<\/strong> Sz\u00e1mos olyan funkci\u00f3t k\u00edn\u00e1lnak, amelyek megk\u00f6nny\u00edtik \u00e9s hozz\u00e1f\u00e9rhet\u0151v\u00e9 teszik a profil l\u00e1togat\u00f3inak figyel\u00e9s\u00e9t.<\/p>\n\n\n\n<p>Az al\u00e1bbiakban bemutatjuk a legfontosabbakat:<\/p>\n\n\n\n<ul class=\"wp-block-list\">\n<li><strong>Val\u00f3s idej\u0171 \u00e9rtes\u00edt\u00e9sek<\/strong>Azonnali \u00e9rtes\u00edt\u00e9sekkel mindig naprak\u00e9sz lehetsz arr\u00f3l, hogy kik tekintett\u00e9k meg a profilodat. \u00cdgy soha nem maradsz le egyetlen l\u00e1togat\u00e1sr\u00f3l sem.<\/li>\n\n\n\n<li><strong>L\u00e1togat\u00f3i el\u0151zm\u00e9nyek<\/strong>: Tekintse meg a profilod elm\u00falt napokban vagy hetekben megl\u00e1togatott l\u00e1togat\u00f3k r\u00e9szletes list\u00e1j\u00e1t. Ez lehet\u0151v\u00e9 teszi az interakci\u00f3k id\u0151beli nyomon k\u00f6vet\u00e9s\u00e9t.<\/li>\n\n\n\n<li><strong>Interakci\u00f3elemz\u00e9s<\/strong>A n\u00e9zetek figyel\u00e9se mellett egyes alkalmaz\u00e1sok elemz\u00e9seket is k\u00edn\u00e1lnak, amelyek megmutatj\u00e1k, hogyan l\u00e9pnek interakci\u00f3ba a l\u00e1togat\u00f3k a profiloddal \u00e9s a tartalmaiddal. \ud83d\udcca\ud83d\udc40<\/li>\n<\/ul>\n\n\n\n<h2 class=\"wp-block-heading\">Hogyan m\u0171k\u00f6dik a profiln\u00e9zet-figyel\u00e9s?<\/h2>\n\n\n\n<p>A profiln\u00e9zetek monitoroz\u00e1sa egyszer\u0171 \u00e9s intuit\u00edv olyan alkalmaz\u00e1sokkal, mint a <strong>K\u00f6z\u00f6ss\u00e9gi m\u00e9dia k\u00f6vet\u0151<\/strong>.<\/p>\n\n\n\n<p>Egyszer\u0171en telep\u00edtsd az alkalmaz\u00e1st, csatold \u00f6ssze a k\u00f6z\u00f6ss\u00e9gi m\u00e9dia fi\u00f3kjaidat, \u00e9s az automatikusan elkezdi figyelni a profilodon l\u00e9v\u0151 interakci\u00f3kat.<\/p>\n\n\n\n<p>Itt egy l\u00e9p\u00e9sr\u0151l l\u00e9p\u00e9sre \u00fatmutat\u00f3 a haszn\u00e1lat\u00e1hoz <strong>K\u00f6z\u00f6ss\u00e9gi m\u00e9dia k\u00f6vet\u0151<\/strong> \u00e9s figyeld, hogy kik tekintett\u00e9k meg a profilodat:<\/p>\n\n\n\n<ol class=\"wp-block-list\">\n<li><strong>Telep\u00edtse az alkalmaz\u00e1st<\/strong>: T\u00f6ltse le az alkalmaz\u00e1st a k\u00f6vetkez\u0151 c\u00edmen: <a href=\"https:\/\/play.google.com\/store\/apps\/details?id=com.mobiversite.lookAtMe&amp;hl=pt_BR\">Google Play \u00c1ruh\u00e1z<\/a> vagy a <a href=\"https:\/\/apps.apple.com\/br\/app\/social-tracker\/id1189139278\">Apple \u00c1ruh\u00e1z<\/a>.<\/li>\n\n\n\n<li><strong>Fi\u00f3kok \u00f6sszekapcsol\u00e1sa<\/strong>: Csatlakoztasd a k\u00f6z\u00f6ss\u00e9gi h\u00e1l\u00f3zataidat, p\u00e9ld\u00e1ul az Instagramot vagy a Facebookot.<\/li>\n\n\n\n<li><strong>\u00c9rtes\u00edt\u00e9sek fogad\u00e1sa<\/strong>A K\u00f6z\u00f6ss\u00e9gi Nyomk\u00f6vet\u0151 val\u00f3s idej\u0171 \u00e9rtes\u00edt\u00e9seket k\u00fcld minden alkalommal, amikor valaki megl\u00e1togatja a profilodat.<\/li>\n\n\n\n<li><strong>Hozz\u00e1f\u00e9r\u00e9si jelent\u00e9sek<\/strong>Az alkalmaz\u00e1sban r\u00e9szletes jelent\u00e9sekhez f\u00e9rhetsz hozz\u00e1, amelyekben teljes list\u00e1t tal\u00e1lsz arr\u00f3l, hogy kik tekintett\u00e9k meg a profilodat.<\/li>\n<\/ol>\n\n\n\n<p>Ezenk\u00edv\u00fcl a Social Tracker heti jelent\u00e9seket is k\u00edn\u00e1l, amelyek lehet\u0151v\u00e9 teszik a l\u00e1togat\u00f3i mint\u00e1k id\u0151beli alakul\u00e1s\u00e1nak nyomon k\u00f6vet\u00e9s\u00e9t.<\/p>\n\n\n\n<p><\/p>\n\n\n\n<hr class=\"wp-block-separator has-text-color has-vivid-purple-color has-alpha-channel-opacity has-vivid-purple-background-color has-background\"\/>\n\n\n\n<h2 class=\"wp-block-heading\">Exkluz\u00edv, ingyenes tartalom az e-mailedben!<\/h2>\n\n\n\n<ul class=\"wp-block-list\">\n<li style=\"font-style:normal;font-weight:500\" class=\"has-medium-font-size\">Kapd meg az \u00f6sszes h\u00edrt;<\/li>\n\n\n\n<li style=\"font-style:normal;font-weight:500\" class=\"has-medium-font-size\">Hihetetlen tartalom a tenyeredben;<\/li>\n\n\n\n<li style=\"font-style:normal;font-weight:500\" class=\"has-medium-font-size\">Iratkozzon fel most.<\/li>\n<\/ul>\n\n\n\n<div class=\"wp-block-media-text is-stacked-on-mobile is-vertically-aligned-center has-vivid-red-color has-text-color has-link-color wp-elements-f65c0b9eaa40a3cda7f58392480b43a2\" style=\"grid-template-columns:40% auto\"><figure class=\"wp-block-media-text__media\"><img loading=\"lazy\" decoding=\"async\" width=\"256\" height=\"256\" src=\"http:\/\/universofamilia.com\/wp-content\/uploads\/sites\/148\/2024\/09\/RECEBA-E-MAIL-1.png\" alt=\"Regisztr\u00e1ljon e-mailt\" class=\"wp-image-6592 size-full\" srcset=\"https:\/\/universofamilia.com\/wp-content\/uploads\/sites\/148\/2024\/09\/RECEBA-E-MAIL-1.png 256w, https:\/\/universofamilia.com\/wp-content\/uploads\/sites\/148\/2024\/09\/RECEBA-E-MAIL-1-150x150.png 150w\" sizes=\"(max-width: 256px) 100vw, 256px\" \/><\/figure><div class=\"wp-block-media-text__content\">\n\n\n\n<p><\/p>\n<\/div><\/div>\n\n\n\n<hr class=\"wp-block-separator has-text-color has-vivid-purple-color has-alpha-channel-opacity has-vivid-purple-background-color has-background is-style-wide\"\/>\n\n\n\n<p><\/p>\n\n\n\n<h2 class=\"wp-block-heading\">Val\u00f3s idej\u0171 \u00e9rtes\u00edt\u00e9sek<\/h2>\n\n\n\n<p>Az egyik nagy el\u0151nye a <strong>K\u00f6z\u00f6ss\u00e9gi m\u00e9dia k\u00f6vet\u0151<\/strong> a val\u00f3s idej\u0171 \u00e9rtes\u00edt\u00e9si funkci\u00f3.<\/p>\n\n\n\n<p>Ezzel a funkci\u00f3val minden alkalommal \u00e9rtes\u00edt\u00e9st kapsz, amikor valaki megl\u00e1togatja a profilodat, \u00edgy gyorsan \u00e9s \u00e1tgondoltan reag\u00e1lhatsz.<\/p>\n\n\n\n<p>Szeretn\u00e9d tudni, hogy kik n\u00e9zt\u00e9k meg a leg\u00fajabb bejegyz\u00e9seidet vagy fot\u00f3idat? Az alkalmaz\u00e1s \u00e9rtes\u00edt, amint ez megt\u00f6rt\u00e9nik. \ud83d\udcf2\ud83d\udd14<\/p>\n\n\n\n<p>Ezek az \u00e9rtes\u00edt\u00e9sek seg\u00edtenek abban, hogy nyomon k\u00f6vesd az interakci\u00f3idat, \u00e9s nagyon hasznosak lehetnek mind a szem\u00e9lyes, mind a professzion\u00e1lis k\u00f6z\u00f6ss\u00e9gi m\u00e9di\u00e1ban.<\/p>\n\n\n\n<h2 class=\"wp-block-heading\">Mit mondanak a felhaszn\u00e1l\u00f3k?<\/h2>\n\n\n\n<p>Most, hogy ismeri a f\u0151bb funkci\u00f3kat, <strong>K\u00f6z\u00f6ss\u00e9gi m\u00e9dia k\u00f6vet\u0151<\/strong>, itt az ideje meghallani azok v\u00e9lem\u00e9ny\u00e9t, akik m\u00e1r haszn\u00e1lt\u00e1k az alkalmaz\u00e1st.<\/p>\n\n\n\n<p>\u00cdme n\u00e9h\u00e1ny pozit\u00edv felhaszn\u00e1l\u00f3i v\u00e9lem\u00e9ny:<\/p>\n\n\n\n<ul class=\"wp-block-list\">\n<li><strong>M\u00e1ria S.<\/strong>: \u201eIm\u00e1dtam a K\u00f6z\u00f6ss\u00e9gi M\u00e9dia K\u00f6vet\u0151t! Most m\u00e1r pontosan tudom, ki n\u00e9zi a profilomat. Magabiztosabbnak \u00e9rzem magam, ha tudom, ki k\u00f6vet engem a k\u00f6z\u00f6ss\u00e9gi m\u00e9di\u00e1ban. \ud83d\udee1\ufe0f\u201d \u2b50\u2b50\u2b50\u2b50\u2b50<\/li>\n\n\n\n<li><strong>Carlos M.<\/strong>: \u201eA val\u00f3s idej\u0171 \u00e9rtes\u00edt\u00e9sek fantasztikusak. Minden alkalommal \u00e9rtes\u00edt\u00e9st kapok, amikor valaki hozz\u00e1f\u00e9r a profilomhoz, \u00e9s ez sokat seg\u00edtett a munk\u00e1mban.\u201d \ud83d\udcc8\u2b50\u2b50\u2b50\u2b50\u2b50<\/li>\n\n\n\n<li><strong>Luciana F.<\/strong>: \u201eA K\u00f6z\u00f6ss\u00e9gi Nyomk\u00f6vet\u0151vel nyomon tudtam k\u00f6vetni, hogy kik n\u00e9zik meg a profilomat, \u00e9s elker\u00fclhettem a nem k\u00edv\u00e1nt kapcsolatokat. Az alkalmaz\u00e1s k\u00f6nnyen haszn\u00e1lhat\u00f3, \u00e9s sokat seg\u00edtett nekem.\u201d \ud83c\udf1f\u2b50\u2b50\u2b50\u2b50\u2b50<\/li>\n<\/ul>\n\n\n\n<p>Ezek az \u00e9rt\u00e9kel\u00e9sek bizony\u00edtj\u00e1k az alkalmaz\u00e1s pozit\u00edv hat\u00e1s\u00e1t a digit\u00e1lis \u00e9letedre.<\/p>\n\n\n\n<h2 class=\"wp-block-heading\">Hogyan telep\u00edts\u00fck a k\u00f6z\u00f6ss\u00e9gi nyomk\u00f6vet\u0151t<\/h2>\n\n\n\n<p>Ha tetszettek az el\u0151nyei <strong>K\u00f6z\u00f6ss\u00e9gi m\u00e9dia k\u00f6vet\u0151<\/strong> \u00e9s szeretn\u00e9d elkezdeni haszn\u00e1lni annak megfigyel\u00e9s\u00e9re, hogy ki \u00e9rdekl\u0151dik ir\u00e1ntad, a telep\u00edt\u00e9si folyamat egyszer\u0171:<\/p>\n\n\n\n<p><strong>Let\u00f6lt\u00e9si linkek<\/strong>:<\/p>\n\n\n\n<div class=\"wp-block-columns is-layout-flex wp-container-core-columns-layout-2 wp-block-columns-is-layout-flex\">\n<div class=\"wp-block-column is-layout-flow wp-block-column-is-layout-flow\">\n<div class=\"wp-block-buttons is-layout-flex wp-block-buttons-is-layout-flex\">\n<div class=\"wp-block-button has-custom-width wp-block-button__width-100\" style=\"text-decoration:none\"><a class=\"wp-block-button__link has-white-color has-text-color has-background has-link-color has-text-align-left wp-element-button\" href=\"https:\/\/play.google.com\/store\/apps\/details?id=com.mobiversite.lookAtMe&amp;hl=pt_BR\" style=\"border-radius:10px;background-color:#aea4e0\" target=\"_blank\" rel=\"noreferrer noopener\"><strong><font style=\"vertical-align: inherit;\"><font style=\"vertical-align: inherit;\">\ud83d\udce5 <\/font><\/font>Hozz\u00e1f\u00e9r\u00e9s a Google Playhez: K\u00f6z\u00f6ss\u00e9gi m\u00e9dia k\u00f6vet\u0151<\/strong> <strong>Androidra<\/strong><\/a><\/div>\n\n\n\n<div class=\"wp-block-button has-custom-width wp-block-button__width-100\" style=\"text-decoration:none\"><a class=\"wp-block-button__link has-white-color has-text-color has-background has-link-color has-text-align-left wp-element-button\" href=\"https:\/\/apps.apple.com\/br\/app\/social-tracker\/id1189139278\" style=\"border-radius:10px;background-color:#d0d0d0\" target=\"_blank\" rel=\"noreferrer noopener\"><mark style=\"background-color:rgba(0, 0, 0, 0)\" class=\"has-inline-color has-black-color\"><strong>\ud83d\udce5 Hozz\u00e1f\u00e9r\u00e9s az Apple Store-hoz: K\u00f6z\u00f6ss\u00e9gi m\u00e9dia k\u00f6vet\u0151<\/strong><\/mark> <mark style=\"background-color:rgba(0, 0, 0, 0)\" class=\"has-inline-color has-black-color\"><strong>iOS-re<\/strong><\/mark><\/a><\/div>\n<\/div>\n<\/div>\n<\/div>\n\n\n\n<p>A Social Tracker seg\u00edts\u00e9g\u00e9vel teljes m\u00e9rt\u00e9kben k\u00e9zben tarthatod, hogy kik l\u00e1togatj\u00e1k a k\u00f6z\u00f6ss\u00e9gi h\u00e1l\u00f3zataidat, \u00e9s nagyobb biztons\u00e1got ny\u00fajthatsz online interakci\u00f3id sor\u00e1n. \ud83d\udee1\ufe0f\u2728<\/p>\n\n\n\n<h2 class=\"wp-block-heading\">Konkl\u00fazi\u00f3: \u00c9rt\u00e9kelje a mag\u00e1n\u00e9let\u00e9t \u00e9s a r\u00e9szv\u00e9tel\u00e9t<\/h2>\n\n\n\n<p>A profilod megtekint\u0151inek nyomon k\u00f6vet\u00e9se praktikus m\u00f3dja az online interakci\u00f3k jav\u00edt\u00e1s\u00e1nak, a biztons\u00e1god meger\u0151s\u00edt\u00e9s\u00e9nek \u00e9s a k\u00f6z\u00f6ns\u00e9ged jobb meg\u00e9rt\u00e9s\u00e9nek.<\/p>\n\n\n\n<p><strong>K\u00f6z\u00f6ss\u00e9gi m\u00e9dia k\u00f6vet\u0151<\/strong> kiv\u00e1l\u00f3 sz\u00f6vets\u00e9ges ebben, mivel hat\u00e9kony \u00e9s k\u00f6nnyen haszn\u00e1lhat\u00f3 funkci\u00f3kat k\u00edn\u00e1l.<\/p>\n\n\n\n<p>R\u00e1ad\u00e1sul, ha tudod, hogy kik n\u00e9zt\u00e9k meg a profilodat, az seg\u00edthet \u00e9rtelmesebb kapcsolatok kialak\u00edt\u00e1s\u00e1ban, mind szem\u00e9lyesen, mind szakmailag.<\/p>\n\n\n\n<p>\u00c9s a legjobb az eg\u00e9szben, hogy ezeket az el\u0151ny\u00f6ket praktikus \u00e9s gyors m\u00f3don tapasztalhatod meg az alkalmaz\u00e1s let\u00f6lt\u00e9s\u00e9vel itt: <strong>Google Play<\/strong> b\u00e1rmelyik <strong>Apple \u00c1ruh\u00e1z<\/strong>.<\/p>\n\n\n\n<p>Ha m\u00e9g nem k\u00f6veted nyomon, hogy kik tekintik meg a profilodat, itt az ideje elkezdeni! \ud83d\ude0a\ud83d\udcf1 Szeretn\u00e9l tov\u00e1bbi tippeket \u00e9s alkalmaz\u00e1sokat, amelyek seg\u00edtenek a mindennapokban?<\/p>\n\n\n\n<p>B\u00f6ng\u00e9szd \u00e1t a blogot, \u00e9s fedezz fel sz\u00e1mos tov\u00e1bbi technol\u00f3giai megold\u00e1st, amelyek megk\u00f6nny\u00edthetik az \u00e9letedet.<\/p>\n\n\n\n<hr class=\"wp-block-separator has-alpha-channel-opacity\"\/>\n\n\n\n<h3 class=\"wp-block-heading\">Gyakran Ism\u00e9telt K\u00e9rd\u00e9sek (GYIK) az Adatv\u00e9delemmel \u00e9s a biztons\u00e1ggal kapcsolatban<\/h3>\n\n\n\n<h4 class=\"wp-block-heading\">1. <strong>Biztons\u00e1gos olyan alkalmaz\u00e1sokat haszn\u00e1lni, mint a Social Tracker, hogy figyelemmel k\u00eds\u00e9rjem, kik tekintik meg a profilomat?<\/strong><\/h4>\n\n\n\n<p>Igen, az olyan alkalmaz\u00e1sok, mint a Social Tracker, biztons\u00e1gos megfigyel\u00e9si funkci\u00f3kat k\u00edn\u00e1lnak. Fontos azonban \u00e1ttekinteni az alkalmaz\u00e1s adatv\u00e9delmi ir\u00e1nyelveit, \u00e9s gondoskodni a szem\u00e9lyes adataid v\u00e9delm\u00e9r\u0151l.<\/p>\n\n\n\n<h4 class=\"wp-block-heading\">2. <strong>Hozz\u00e1f\u00e9rnek ezek az alkalmaz\u00e1sok a szem\u00e9lyes adataimhoz?<\/strong><\/h4>\n\n\n\n<p>Nem, a Social Tracker csak a profilodhoz kapcsol\u00f3d\u00f3 tev\u00e9kenys\u00e9geket figyeli, szem\u00e9lyes adatokhoz, p\u00e9ld\u00e1ul priv\u00e1t \u00fczenetekhez vagy bejegyz\u00e9sekhez nem f\u00e9r hozz\u00e1. Mindig gy\u0151z\u0151dj meg r\u00f3la, hogy megb\u00edzhat\u00f3 alkalmaz\u00e1sokat haszn\u00e1lsz, amelyeket hivatalos \u00e1ruh\u00e1zakb\u00f3l, p\u00e9ld\u00e1ul a Google Playr\u0151l vagy az Apple Store-b\u00f3l t\u00f6lt\u00f6tt\u00e9l le.<\/p>\n\n\n\n<h4 class=\"wp-block-heading\">3. <strong>Kikapcsolhatom az \u00e9rtes\u00edt\u00e9seket, ha nem szeretn\u00e9k val\u00f3s idej\u0171 \u00e9rtes\u00edt\u00e9seket kapni?<\/strong><\/h4>\n\n\n\n<p>Igen, az \u00e9rtes\u00edt\u00e9seket testreszabhatja az alkalmaz\u00e1s be\u00e1ll\u00edt\u00e1saiban, letilthatja a val\u00f3s idej\u0171 riaszt\u00e1sokat, vagy a saj\u00e1t preferenci\u00e1i szerint m\u00f3dos\u00edthatja azokat.<\/p>\n\n\n\n<h4 class=\"wp-block-heading\">4. <strong>Hogyan v\u00e9dik ezek az alkalmaz\u00e1sok az adataimat?<\/strong><\/h4>\n\n\n\n<p>A Social Tracker fejlett biztons\u00e1gi int\u00e9zked\u00e9seket haszn\u00e1l az adataid \u00e9s szem\u00e9lyes inform\u00e1ci\u00f3id v\u00e9delm\u00e9nek biztos\u00edt\u00e1sa \u00e9rdek\u00e9ben. Tov\u00e1bb\u00e1 az alkalmaz\u00e1s csak azokat az inform\u00e1ci\u00f3kat gy\u0171jti, amelyek a profilfigyel\u0151 szolg\u00e1ltat\u00e1s ny\u00fajt\u00e1s\u00e1hoz sz\u00fcks\u00e9gesek.<\/p>\n\n\n\n<h4 class=\"wp-block-heading\">5. <strong>Mit tegyek, ha \u00fagy gondolom, hogy valaki enged\u00e9ly n\u00e9lk\u00fcl haszn\u00e1lja az adataimat?<\/strong><\/h4>\n\n\n\n<p>Ha gyan\u00edtja, hogy adataival vissza\u00e9lnek, tekintse \u00e1t az alkalmaz\u00e1s adatv\u00e9delmi be\u00e1ll\u00edt\u00e1sait, \u00e9s k\u00e9rjen seg\u00edts\u00e9get az \u00fcgyf\u00e9lszolg\u00e1latt\u00f3l.<\/p>","protected":false},"excerpt":{"rendered":"<p>Ha valaha is elgondolkodt\u00e1l azon, hogy ki l\u00e1togatja az online profilodat, nem vagy egyed\u00fcl! Annak ismerete, hogy kik tekintett\u00e9k meg a profilodat, hat\u00e9kony eszk\u00f6z lehet mind az adatv\u00e9delem, mind a digit\u00e1lis interakci\u00f3id jobb meg\u00e9rt\u00e9se szempontj\u00e1b\u00f3l. Szerencs\u00e9re vannak olyan alkalmaz\u00e1sok, mint a Social Tracker, amelyek seg\u00edtenek nyomon k\u00f6vetni ezeket a l\u00e1togat\u00e1sokat, \u00e9s [\u2026]<\/p>","protected":false},"author":0,"featured_media":6647,"comment_status":"closed","ping_status":"open","sticky":false,"template":"","format":"standard","meta":{"footnotes":""},"categories":[4],"tags":[24,25,124],"yoast_head":"<!-- This site is optimized with the Yoast SEO plugin v23.3 - https:\/\/yoast.com\/wordpress\/plugins\/seo\/ -->\n<title>Aplicaci\u00f3n para Descubrir Qui\u00e9n Est\u00e1 Interesado en Ti - Universo Fam\u00edlia<\/title>\n<meta name=\"description\" content=\"Aplicaci\u00f3n para Descubrir Qui\u00e9n Est\u00e1 Interesado en Ti. Si alguna vez te has preguntado qui\u00e9n est\u00e1 visitando tu perfil en l\u00ednea...\" \/>\n<meta name=\"robots\" content=\"index, follow, max-snippet:-1, max-image-preview:large, max-video-preview:-1\" \/>\n<link rel=\"canonical\" href=\"http:\/\/universofamilia.com\/hu\/aplicacion-descubrir-quien-esta-interesado-ti\/\" \/>\n<meta property=\"og:locale\" content=\"hu_HU\" \/>\n<meta property=\"og:type\" content=\"article\" \/>\n<meta property=\"og:title\" content=\"Aplicaci\u00f3n para Descubrir Qui\u00e9n Est\u00e1 Interesado en Ti - Universo Fam\u00edlia\" \/>\n<meta property=\"og:description\" content=\"Aplicaci\u00f3n para Descubrir Qui\u00e9n Est\u00e1 Interesado en Ti. Si alguna vez te has preguntado qui\u00e9n est\u00e1 visitando tu perfil en l\u00ednea...\" \/>\n<meta property=\"og:url\" content=\"http:\/\/universofamilia.com\/hu\/aplicacion-descubrir-quien-esta-interesado-ti\/\" \/>\n<meta property=\"og:site_name\" content=\"Universo Fam\u00edlia\" \/>\n<meta property=\"article:published_time\" content=\"2024-09-30T15:07:55+00:00\" \/>\n<meta property=\"og:image\" content=\"http:\/\/universofamilia.com\/wp-content\/uploads\/sites\/148\/2024\/09\/P-550x350-1-22.jpg\" \/>\n\t<meta property=\"og:image:width\" content=\"550\" \/>\n\t<meta property=\"og:image:height\" content=\"350\" \/>\n\t<meta property=\"og:image:type\" content=\"image\/jpeg\" \/>\n<meta name=\"twitter:card\" content=\"summary_large_image\" \/>\n<meta name=\"twitter:label1\" content=\"Est. reading time\" \/>\n\t<meta name=\"twitter:data1\" content=\"8 perc\" \/>\n<script type=\"application\/ld+json\" class=\"yoast-schema-graph\">{\"@context\":\"https:\/\/schema.org\",\"@graph\":[{\"@type\":\"WebPage\",\"@id\":\"http:\/\/universofamilia.com\/nl\/aplicacion-descubrir-quien-esta-interesado-ti\/\",\"url\":\"http:\/\/universofamilia.com\/nl\/aplicacion-descubrir-quien-esta-interesado-ti\/\",\"name\":\"Aplicaci\u00f3n para Descubrir Qui\u00e9n Est\u00e1 Interesado en Ti - Universo Fam\u00edlia\",\"isPartOf\":{\"@id\":\"http:\/\/universofamilia.com\/zh_hk\/#website\"},\"primaryImageOfPage\":{\"@id\":\"http:\/\/universofamilia.com\/nl\/aplicacion-descubrir-quien-esta-interesado-ti\/#primaryimage\"},\"image\":{\"@id\":\"http:\/\/universofamilia.com\/nl\/aplicacion-descubrir-quien-esta-interesado-ti\/#primaryimage\"},\"thumbnailUrl\":\"https:\/\/universofamilia.com\/wp-content\/uploads\/sites\/148\/2024\/09\/P-550x350-1-22.jpg\",\"datePublished\":\"2024-09-30T15:07:55+00:00\",\"dateModified\":\"2024-09-30T15:07:55+00:00\",\"author\":{\"@id\":\"\"},\"description\":\"Aplicaci\u00f3n para Descubrir Qui\u00e9n Est\u00e1 Interesado en Ti. Si alguna vez te has preguntado qui\u00e9n est\u00e1 visitando tu perfil en l\u00ednea...\",\"breadcrumb\":{\"@id\":\"http:\/\/universofamilia.com\/nl\/aplicacion-descubrir-quien-esta-interesado-ti\/#breadcrumb\"},\"inLanguage\":\"hu\",\"potentialAction\":[{\"@type\":\"ReadAction\",\"target\":[\"http:\/\/universofamilia.com\/nl\/aplicacion-descubrir-quien-esta-interesado-ti\/\"]}]},{\"@type\":\"ImageObject\",\"inLanguage\":\"hu\",\"@id\":\"http:\/\/universofamilia.com\/nl\/aplicacion-descubrir-quien-esta-interesado-ti\/#primaryimage\",\"url\":\"https:\/\/universofamilia.com\/wp-content\/uploads\/sites\/148\/2024\/09\/P-550x350-1-22.jpg\",\"contentUrl\":\"https:\/\/universofamilia.com\/wp-content\/uploads\/sites\/148\/2024\/09\/P-550x350-1-22.jpg\",\"width\":550,\"height\":350,\"caption\":\"Aplicaci\u00f3n para Descubrir Qui\u00e9n Est\u00e1 Interesado en Ti\"},{\"@type\":\"BreadcrumbList\",\"@id\":\"http:\/\/universofamilia.com\/nl\/aplicacion-descubrir-quien-esta-interesado-ti\/#breadcrumb\",\"itemListElement\":[{\"@type\":\"ListItem\",\"position\":1,\"name\":\"Home\",\"item\":\"http:\/\/universofamilia.com\/zh_hk\/\"},{\"@type\":\"ListItem\",\"position\":2,\"name\":\"Aplicaci\u00f3n para Descubrir Qui\u00e9n Est\u00e1 Interesado en Ti\"}]},{\"@type\":\"WebSite\",\"@id\":\"http:\/\/universofamilia.com\/zh_hk\/#website\",\"url\":\"http:\/\/universofamilia.com\/zh_hk\/\",\"name\":\"Universo Fam\u00edlia\",\"description\":\"\",\"potentialAction\":[{\"@type\":\"SearchAction\",\"target\":{\"@type\":\"EntryPoint\",\"urlTemplate\":\"http:\/\/universofamilia.com\/zh_hk\/?s={search_term_string}\"},\"query-input\":\"required name=search_term_string\"}],\"inLanguage\":\"hu\"}]}<\/script>\n<!-- \/ Yoast SEO plugin. -->","yoast_head_json":{"title":"Aplicaci\u00f3n para Descubrir Qui\u00e9n Est\u00e1 Interesado en Ti - Universo Fam\u00edlia","description":"Aplicaci\u00f3n para Descubrir Qui\u00e9n Est\u00e1 Interesado en Ti. Si alguna vez te has preguntado qui\u00e9n est\u00e1 visitando tu perfil en l\u00ednea...","robots":{"index":"index","follow":"follow","max-snippet":"max-snippet:-1","max-image-preview":"max-image-preview:large","max-video-preview":"max-video-preview:-1"},"canonical":"http:\/\/universofamilia.com\/hu\/aplicacion-descubrir-quien-esta-interesado-ti\/","og_locale":"hu_HU","og_type":"article","og_title":"Aplicaci\u00f3n para Descubrir Qui\u00e9n Est\u00e1 Interesado en Ti - Universo Fam\u00edlia","og_description":"Aplicaci\u00f3n para Descubrir Qui\u00e9n Est\u00e1 Interesado en Ti. Si alguna vez te has preguntado qui\u00e9n est\u00e1 visitando tu perfil en l\u00ednea...","og_url":"http:\/\/universofamilia.com\/hu\/aplicacion-descubrir-quien-esta-interesado-ti\/","og_site_name":"Universo Fam\u00edlia","article_published_time":"2024-09-30T15:07:55+00:00","og_image":[{"width":550,"height":350,"url":"http:\/\/universofamilia.com\/wp-content\/uploads\/sites\/148\/2024\/09\/P-550x350-1-22.jpg","type":"image\/jpeg"}],"twitter_card":"summary_large_image","twitter_misc":{"Est. reading time":"8 perc"},"schema":{"@context":"https:\/\/schema.org","@graph":[{"@type":"WebPage","@id":"http:\/\/universofamilia.com\/nl\/aplicacion-descubrir-quien-esta-interesado-ti\/","url":"http:\/\/universofamilia.com\/nl\/aplicacion-descubrir-quien-esta-interesado-ti\/","name":"Aplicaci\u00f3n para Descubrir Qui\u00e9n Est\u00e1 Interesado en Ti - Universo Fam\u00edlia","isPartOf":{"@id":"http:\/\/universofamilia.com\/zh_hk\/#website"},"primaryImageOfPage":{"@id":"http:\/\/universofamilia.com\/nl\/aplicacion-descubrir-quien-esta-interesado-ti\/#primaryimage"},"image":{"@id":"http:\/\/universofamilia.com\/nl\/aplicacion-descubrir-quien-esta-interesado-ti\/#primaryimage"},"thumbnailUrl":"https:\/\/universofamilia.com\/wp-content\/uploads\/sites\/148\/2024\/09\/P-550x350-1-22.jpg","datePublished":"2024-09-30T15:07:55+00:00","dateModified":"2024-09-30T15:07:55+00:00","author":{"@id":""},"description":"Aplicaci\u00f3n para Descubrir Qui\u00e9n Est\u00e1 Interesado en Ti. Si alguna vez te has preguntado qui\u00e9n est\u00e1 visitando tu perfil en l\u00ednea...","breadcrumb":{"@id":"http:\/\/universofamilia.com\/nl\/aplicacion-descubrir-quien-esta-interesado-ti\/#breadcrumb"},"inLanguage":"hu","potentialAction":[{"@type":"ReadAction","target":["http:\/\/universofamilia.com\/nl\/aplicacion-descubrir-quien-esta-interesado-ti\/"]}]},{"@type":"ImageObject","inLanguage":"hu","@id":"http:\/\/universofamilia.com\/nl\/aplicacion-descubrir-quien-esta-interesado-ti\/#primaryimage","url":"https:\/\/universofamilia.com\/wp-content\/uploads\/sites\/148\/2024\/09\/P-550x350-1-22.jpg","contentUrl":"https:\/\/universofamilia.com\/wp-content\/uploads\/sites\/148\/2024\/09\/P-550x350-1-22.jpg","width":550,"height":350,"caption":"Aplicaci\u00f3n para Descubrir Qui\u00e9n Est\u00e1 Interesado en Ti"},{"@type":"BreadcrumbList","@id":"http:\/\/universofamilia.com\/nl\/aplicacion-descubrir-quien-esta-interesado-ti\/#breadcrumb","itemListElement":[{"@type":"ListItem","position":1,"name":"Home","item":"http:\/\/universofamilia.com\/zh_hk\/"},{"@type":"ListItem","position":2,"name":"Aplicaci\u00f3n para Descubrir Qui\u00e9n Est\u00e1 Interesado en Ti"}]},{"@type":"WebSite","@id":"http:\/\/universofamilia.com\/zh_hk\/#website","url":"http:\/\/universofamilia.com\/zh_hk\/","name":"Universo Fam\u00edlia","description":"","potentialAction":[{"@type":"SearchAction","target":{"@type":"EntryPoint","urlTemplate":"http:\/\/universofamilia.com\/zh_hk\/?s={search_term_string}"},"query-input":"required name=search_term_string"}],"inLanguage":"hu"}]}},"_links":{"self":[{"href":"https:\/\/universofamilia.com\/hu\/wp-json\/wp\/v2\/posts\/6645"}],"collection":[{"href":"https:\/\/universofamilia.com\/hu\/wp-json\/wp\/v2\/posts"}],"about":[{"href":"https:\/\/universofamilia.com\/hu\/wp-json\/wp\/v2\/types\/post"}],"replies":[{"embeddable":true,"href":"https:\/\/universofamilia.com\/hu\/wp-json\/wp\/v2\/comments?post=6645"}],"version-history":[{"count":0,"href":"https:\/\/universofamilia.com\/hu\/wp-json\/wp\/v2\/posts\/6645\/revisions"}],"wp:featuredmedia":[{"embeddable":true,"href":"https:\/\/universofamilia.com\/hu\/wp-json\/wp\/v2\/media\/6647"}],"wp:attachment":[{"href":"https:\/\/universofamilia.com\/hu\/wp-json\/wp\/v2\/media?parent=6645"}],"wp:term":[{"taxonomy":"category","embeddable":true,"href":"https:\/\/universofamilia.com\/hu\/wp-json\/wp\/v2\/categories?post=6645"},{"taxonomy":"post_tag","embeddable":true,"href":"https:\/\/universofamilia.com\/hu\/wp-json\/wp\/v2\/tags?post=6645"}],"curies":[{"name":"wp","href":"https:\/\/api.w.org\/{rel}","templated":true}]}}