{"id":6653,"date":"2024-09-30T17:05:07","date_gmt":"2024-09-30T20:05:07","guid":{"rendered":"https:\/\/universofamilia.com\/?p=6653"},"modified":"2024-09-30T17:05:07","modified_gmt":"2024-09-30T20:05:07","slug":"lleva-el-karate-contigo-con-estas-aplicaciones-moviles","status":"publish","type":"post","link":"https:\/\/universofamilia.com\/hu\/lleva-el-karate-contigo-con-estas-aplicaciones-moviles\/","title":{"rendered":"Vidd magaddal a karat\u00e9t ezekkel a mobilalkalmaz\u00e1sokkal"},"content":{"rendered":"<p>A karate egy harcm\u0171v\u00e9szet, amely \u00f6tv\u00f6zi a technik\u00e1t, a fegyelmet \u00e9s a fizikai er\u0151nl\u00e9tet.<\/p>\n\n\n\n<p>A mai digit\u00e1lis vil\u00e1gban a karat\u00e9t b\u00e1rhov\u00e1 magaddal viheted alkalmaz\u00e1sokon kereszt\u00fcl.<\/p>\n\n\n\n<p>A technol\u00f3gia fejl\u0151d\u00e9s\u00e9nek k\u00f6sz\u00f6nhet\u0151en a karate k\u00e9szs\u00e9gek elsaj\u00e1t\u00edt\u00e1sa vagy fejleszt\u00e9se sokkal k\u00f6nnyebben el\u00e9rhet\u0151v\u00e9 v\u00e1lt.<\/p>\n\n\n\n<p>Ebben a cikkben h\u00e1rom olyan alkalmaz\u00e1sr\u00f3l fogsz tanulni, amelyekkel a telefonod szem\u00e9lyes karate dojo-v\u00e1 alak\u00edthat\u00f3.<\/p>\n\n\n\n<p><\/p>\n\n\n\n<hr class=\"wp-block-separator has-text-color has-luminous-vivid-orange-color has-alpha-channel-opacity has-luminous-vivid-orange-background-color has-background\"\/>\n\n\n\n<h2 class=\"wp-block-heading\">Olvasd el m\u00e9g:<\/h2>\n\n\n\n<div class=\"wp-block-columns is-layout-flex wp-container-core-columns-layout-1 wp-block-columns-is-layout-flex\">\n<div class=\"wp-block-column is-layout-flow wp-block-column-is-layout-flow\">\n<div class=\"wp-block-buttons is-layout-flex wp-block-buttons-is-layout-flex\">\n<div class=\"wp-block-button has-custom-width wp-block-button__width-100 is-style-outline\" style=\"text-decoration:none\"><a class=\"wp-block-button__link has-white-color has-vivid-cyan-blue-background-color has-text-color has-background has-link-color has-text-align-left wp-element-button\" href=\"https:\/\/universofamilia.com\/hu\/5893\/acelera-tu-celular-despierta-tu-productividad\/\" style=\"border-radius:10px\"><font style=\"vertical-align: inherit;\"><font style=\"vertical-align: inherit;\">\ud83d\udccc Gyors\u00edtsd fel a mobiltelefonodat<\/font><\/font> &gt;<\/a><\/div>\n\n\n\n<div class=\"wp-block-button has-custom-width wp-block-button__width-100 is-style-outline\" style=\"text-decoration:none\"><a class=\"wp-block-button__link has-white-color has-vivid-cyan-blue-background-color has-text-color has-background has-link-color has-text-align-left wp-element-button\" href=\"https:\/\/universofamilia.com\/hu\/5869\/descubre-quien-te-esta-observando-en-las-redes-sociales\/\" style=\"border-radius:10px\">\ud83d\udccc Kik l\u00e1togatt\u00e1k meg a profilodat?<\/a><\/div>\n\n\n\n<div class=\"wp-block-button has-custom-width wp-block-button__width-100 is-style-outline\" style=\"text-decoration:none\"><a class=\"wp-block-button__link has-white-color has-vivid-cyan-blue-background-color has-text-color has-background has-link-color has-text-align-left wp-element-button\" href=\"https:\/\/universofamilia.com\/hu\/6414\/aplicaciones-para-limpiar-el-celular-y-aumentar-espacio\/\" style=\"border-radius:10px\">\ud83d\udcbe Alkalmaz\u00e1sok a t\u00e1rhely n\u00f6vel\u00e9s\u00e9re<\/a><\/div>\n\n\n\n<div class=\"wp-block-button has-custom-width wp-block-button__width-100 is-style-outline\" style=\"text-decoration:none\"><a class=\"wp-block-button__link has-white-color has-vivid-cyan-blue-background-color has-text-color has-background has-link-color has-text-align-left wp-element-button\" href=\"https:\/\/universofamilia.com\/hu\/6568\/aprende-mecanica-automotriz-aplicacion\/\" style=\"border-radius:10px\">\ud83d\udccc Tanulj aut\u00f3szerel\u0151nek egy alkalmaz\u00e1ssal<\/a><\/div>\n<\/div>\n<\/div>\n<\/div>\n\n\n\n<hr class=\"wp-block-separator has-text-color has-luminous-vivid-orange-color has-alpha-channel-opacity has-luminous-vivid-orange-background-color has-background\"\/>\n\n\n\n<p><\/p>\n\n\n\n<h2 class=\"wp-block-heading\">Mi\u00e9rt \u00e9rdemes karate alkalmaz\u00e1sokat haszn\u00e1lni?<\/h2>\n\n\n\n<p>T\u00f6bb okb\u00f3l is \u00e9rdemes alkalmaz\u00e1sokon kereszt\u00fcl tanulni vagy t\u00f6k\u00e9letes\u00edteni a karat\u00e9t. El\u0151sz\u00f6r is, ezek a k\u00f6vetkez\u0151ket k\u00edn\u00e1lj\u00e1k: <strong>gyakorlatiass\u00e1g<\/strong>.<\/p>\n\n\n\n<p>Ezekkel az alkalmaz\u00e1sokkal b\u00e1rmikor edzhetsz an\u00e9lk\u00fcl, hogy fizikailag egy doj\u00f3ba kellene menned.<\/p>\n\n\n\n<p>R\u00e1ad\u00e1sul az alkalmaz\u00e1sok interakt\u00edv leck\u00e9ket, visszajelz\u00e9st adnak a technik\u00e1idr\u00f3l, \u00e9s lehet\u0151v\u00e9 teszik, hogy annyiszor ism\u00e9teld meg az \u00f3r\u00e1kat, ah\u00e1nyszor csak sz\u00fcks\u00e9ged van \u2013 mindezt a tenyeredben.<\/p>\n\n\n\n<p>Tov\u00e1bbi nagy el\u0151nye a <strong>a st\u00edlusok \u00e9s m\u00f3dszerek sokf\u00e9les\u00e9ge<\/strong> amit ezek az alkalmaz\u00e1sok k\u00edn\u00e1lnak. Ak\u00e1r kezd\u0151, ak\u00e1r halad\u00f3 vagy, mindenki tal\u00e1l mag\u00e1nak val\u00f3t.<\/p>\n\n\n\n<p>A tanul\u00e1si folyamat testreszab\u00e1s\u00e1nak k\u00e9pess\u00e9ge lehet\u0151v\u00e9 teszi, hogy a saj\u00e1t temp\u00f3dban haladj, \u00edgy a gyakorl\u00e1s sokkal hat\u00e9konyabb\u00e1 v\u00e1lik.<\/p>\n\n\n\n<p>Ha fejleszteni szeretn\u00e9d a technik\u00e1dat, vagy csak elkezden\u00e9d elsaj\u00e1t\u00edtani az alapokat, n\u00e9zd meg a k\u00f6vetkez\u0151 alkalmaz\u00e1sokat, amelyek kiv\u00e1l\u00f3 eszk\u00f6z\u00f6k ehhez.<\/p>\n\n\n\n<p>Vizsg\u00e1ljuk meg mindegyik el\u0151nyeit!<\/p>\n\n\n\n<h2 class=\"wp-block-heading\">\ud83e\udd4b <strong>Shotokan Karate: Hagyom\u00e1ny a zsebedben<\/strong><\/h2>\n\n\n\n<p><strong>Shotokan karate<\/strong> Ez a karate vil\u00e1g\u00e1nak egyik leghagyom\u00e1nyosabb \u00e9s legelismertebb st\u00edlusa.<\/p>\n\n\n\n<p>Ez az alkalmaz\u00e1s hiteles \u00e9lm\u00e9nyt k\u00edn\u00e1l azok sz\u00e1m\u00e1ra, akik szeretn\u00e9k megtanulni a Shotokan Karate alapjait, vagy fejleszteni a k\u00e9pess\u00e9geiket.<\/p>\n\n\n\n<h4 class=\"wp-block-heading\">El\u0151ny\u00f6k:<\/h4>\n\n\n\n<ul class=\"wp-block-list\">\n<li><strong>R\u00e9szletes oszt\u00e1lyok<\/strong>Az alkalmaz\u00e1s kiv\u00e1l\u00f3 min\u0151s\u00e9g\u0171 vide\u00f3kat k\u00edn\u00e1l, amelyek bemutatj\u00e1k az alapvet\u0151 mozdulatokat, az alapvet\u0151 sim\u00edt\u00e1sokt\u00f3l a halad\u00f3bb technik\u00e1kig.<\/li>\n\n\n\n<li><strong>Napi edz\u00e9sek<\/strong>: Lehet\u0151v\u00e9 teszi napi edz\u00e9sterv l\u00e9trehoz\u00e1s\u00e1t, amely el\u0151seg\u00edti a k\u00f6vetkezetes gyakorl\u00e1st \u00e9s a saj\u00e1t temp\u00f3dban t\u00f6rt\u00e9n\u0151 halad\u00e1st.<\/li>\n\n\n\n<li><strong>Felhaszn\u00e1l\u00f3bar\u00e1t fel\u00fclet<\/strong>Az intuit\u00edv kialak\u00edt\u00e1s megk\u00f6nny\u00edti a navig\u00e1ci\u00f3t, \u00edgy a felhaszn\u00e1l\u00f3i \u00e9lm\u00e9ny minden koroszt\u00e1ly sz\u00e1m\u00e1ra \u00e9lvezetes.<\/li>\n<\/ul>\n\n\n\n<h4 class=\"wp-block-heading\">Felhaszn\u00e1l\u00f3i v\u00e9lem\u00e9nyek:<\/h4>\n\n\n\n<ul class=\"wp-block-list\">\n<li><strong>Ana S.<\/strong>: \u201eEz az alkalmaz\u00e1s seg\u00edtett otthonr\u00f3l fejleszteni a technik\u00e1mat! Az utas\u00edt\u00e1sok vil\u00e1gosak, a vide\u00f3k pedig nagyon magyar\u00e1z\u00f3ak.\u201d<\/li>\n\n\n\n<li><strong>Carlos P.<\/strong>: \u201eKiv\u00e1l\u00f3 min\u0151s\u00e9g\u0171 vide\u00f3k \u00e9s tartalom. Mindenkinek aj\u00e1nlom, ak\u00e1r most kezded, ak\u00e1r a k\u00e9pess\u00e9geidet szeretn\u00e9d fejleszteni.\u201d<\/li>\n\n\n\n<li><strong>Juan M.<\/strong>\u201eNagyon hasznos azok sz\u00e1m\u00e1ra, akik m\u00e1r gyakorolj\u00e1k a shotokan karat\u00e9t. Nyugodtan edzhetek, \u00e9s \u00e1tism\u00e9telhetem a dojoban tanultakat.\u201d<\/li>\n<\/ul>\n\n\n\n<h2 class=\"wp-block-heading\">\ud83e\udd4b <strong>Karate mesters\u00e9g: A technika evol\u00faci\u00f3ja<\/strong><\/h2>\n\n\n\n<p><strong>Karate mesters\u00e9g<\/strong> Ez egy olyan alkalmaz\u00e1s, amelyet azok sz\u00e1m\u00e1ra terveztek, akik a karate k\u00fcl\u00f6nb\u00f6z\u0151 st\u00edlusait szeretn\u00e9k megtanulni, \u00e9s rengeteg oktat\u00e1si tartalmat k\u00edn\u00e1l.<\/p>\n\n\n\n<p>Kezd\u0151knek \u00e9s tapasztalt szakembereknek egyar\u00e1nt ide\u00e1lis, r\u00e9szletes \u00e9s testreszabhat\u00f3 oktat\u00f3anyagokkal.<\/p>\n\n\n<div class=\"wp-block-image\">\n<figure class=\"aligncenter size-full\"><img loading=\"lazy\" decoding=\"async\" width=\"550\" height=\"350\" src=\"http:\/\/universofamilia.com\/wp-content\/uploads\/sites\/148\/2024\/09\/P-550x350-3-13.jpg\" alt=\"\" class=\"wp-image-6654\" srcset=\"https:\/\/universofamilia.com\/wp-content\/uploads\/sites\/148\/2024\/09\/P-550x350-3-13.jpg 550w, https:\/\/universofamilia.com\/wp-content\/uploads\/sites\/148\/2024\/09\/P-550x350-3-13-300x191.jpg 300w\" sizes=\"(max-width: 550px) 100vw, 550px\" \/><figcaption class=\"wp-element-caption\">Vidd magaddal a karat\u00e9t ezekkel a mobilalkalmaz\u00e1sokkal<\/figcaption><\/figure><\/div>\n\n\n<h4 class=\"wp-block-heading\">El\u0151ny\u00f6k:<\/h4>\n\n\n\n<ul class=\"wp-block-list\">\n<li><strong>St\u00edlusok sokf\u00e9les\u00e9ge<\/strong>Az alkalmaz\u00e1s k\u00fcl\u00f6nb\u00f6z\u0151 karate st\u00edlusokat tan\u00edt, mint p\u00e9ld\u00e1ul a Shotokan, a Goju-Ryu \u00e9s a Shito-Ryu, gazdag \u00e9s v\u00e1ltozatos \u00e9lm\u00e9nyt ny\u00fajtva.<\/li>\n\n\n\n<li><strong>Val\u00f3s idej\u0171 visszajelz\u00e9s<\/strong>Az egyik leginnovat\u00edvabb funkci\u00f3 a technik\u00e1k val\u00f3s idej\u0171 elemz\u00e9se mesters\u00e9ges intelligencia seg\u00edts\u00e9g\u00e9vel, amely seg\u00edt a mozdulatok korrig\u00e1l\u00e1s\u00e1ban gyakorl\u00e1s k\u00f6zben.<\/li>\n\n\n\n<li><strong>Heti kih\u00edv\u00e1sok<\/strong>A motiv\u00e1ci\u00f3 fenntart\u00e1sa \u00e9rdek\u00e9ben az alkalmaz\u00e1s heti kih\u00edv\u00e1sokat \u00e9s virtu\u00e1lis versenyeket k\u00edn\u00e1l m\u00e1s felhaszn\u00e1l\u00f3kkal.<\/li>\n<\/ul>\n\n\n\n<h4 class=\"wp-block-heading\">Felhaszn\u00e1l\u00f3i v\u00e9lem\u00e9nyek:<\/h4>\n\n\n\n<ul class=\"wp-block-list\">\n<li><strong>Marina R.<\/strong>\u201eA st\u00edlusok sokf\u00e9les\u00e9ge hatalmas el\u0151ny. Olyan, mintha t\u00f6bb tan\u00e1r \u00e1llna a rendelkez\u00e9sedre!\u201d<\/li>\n\n\n\n<li><strong>Pedro L.<\/strong>\u201eA val\u00f3s idej\u0171 visszajelz\u00e9s sokat sz\u00e1m\u00edt. Sokat fejl\u0151dtem, mi\u00f3ta elkezdtem haszn\u00e1lni az alkalmaz\u00e1st.\u201d<\/li>\n\n\n\n<li><strong>Sofia T.<\/strong>\u201eKiv\u00e1l\u00f3 alkalmaz\u00e1s! A fejl\u0151d\u00e9s egy\u00e9rtelm\u0171en l\u00e1that\u00f3, \u00e9s a kih\u00edv\u00e1sok nagyszer\u0171 motiv\u00e1ci\u00f3t jelentenek.\u201d<\/li>\n<\/ul>\n\n\n\n<h2 class=\"wp-block-heading\">\ud83e\udd4b <strong>Tanulj karat\u00e9t: Egyszer\u0171 \u00e9s hat\u00e9kony<\/strong><\/h2>\n\n\n\n<p>Azok sz\u00e1m\u00e1ra, akik k\u00f6zvetlenebb alkalmaz\u00e1st keresnek, <strong>Tanulj karat\u00e9t<\/strong> ide\u00e1lis.<\/p>\n\n\n\n<p>R\u00f6vid, vil\u00e1gos leck\u00e9kre \u00f6sszpontos\u00edtva t\u00f6k\u00e9letes azok sz\u00e1m\u00e1ra, akiknek kev\u00e9s az idej\u00fck, de sz\u00edvesen elsaj\u00e1t\u00edtj\u00e1k a karate alapvet\u0151 technik\u00e1it.<\/p>\n\n\n\n<h4 class=\"wp-block-heading\">El\u0151ny\u00f6k:<\/h4>\n\n\n\n<ul class=\"wp-block-list\">\n<li><strong>Gyors leck\u00e9k<\/strong>Az \u00f3r\u00e1kat r\u00f6vidre \u00e9s gyakorlatiasra tervezt\u00e9k, lehet\u0151v\u00e9 t\u00e9ve a hat\u00e9kony edz\u00e9st m\u00e9g egy forgalmas napon is.<\/li>\n\n\n\n<li><strong>Nincs sz\u00fcks\u00e9g internetkapcsolatra<\/strong>Az \u00f3r\u00e1khoz offline is hozz\u00e1f\u00e9rhetsz, ami t\u00f6k\u00e9letes a b\u00e1rhol haszn\u00e1lhat\u00f3 k\u00e9pz\u00e9shez.<\/li>\n\n\n\n<li><strong>G\u00f3lrendszer<\/strong>Az alkalmaz\u00e1s el\u00e9rhet\u0151 c\u00e9lok el\u00e9r\u00e9s\u00e9n kereszt\u00fcl \u00f6szt\u00f6nzi a fejl\u0151d\u00e9st, ami motiv\u00e1l a folyamatos gyakorl\u00e1sra \u00e9s fejl\u0151d\u00e9sre.<\/li>\n<\/ul>\n\n\n\n<h4 class=\"wp-block-heading\">Felhaszn\u00e1l\u00f3i v\u00e9lem\u00e9nyek:<\/h4>\n\n\n\n<ul class=\"wp-block-list\">\n<li><strong>Renato F.<\/strong>: \u201eIm\u00e1dom az \u00f3r\u00e1k form\u00e1tum\u00e1t. R\u00f6videk \u00e9s hat\u00e9konyak, pontosan erre volt sz\u00fcks\u00e9gem!\u201d<\/li>\n\n\n\n<li><strong>Kl\u00e1ra V.<\/strong>\u201eIde\u00e1lis azoknak, akiknek s\u0171r\u0171 az id\u0151beoszt\u00e1suk. M\u00e9g a munkahelyi sz\u00fcnetekben is tudok edzeni.\u201d<\/li>\n\n\n\n<li><strong>Marcelo D.<\/strong>: \u201eAz alkalmaz\u00e1s offline haszn\u00e1lat\u00e1nak lehet\u0151s\u00e9ge t\u00f6k\u00e9letes. Edzhetek a parkban an\u00e9lk\u00fcl, hogy agg\u00f3dnom kellene a kapcsolat miatt.\u201d<\/li>\n<\/ul>\n\n\n\n<h2 class=\"wp-block-heading\">\ud83d\udcf2 <strong>T\u00f6ltsd le ezeket az alkalmaz\u00e1sokat, \u00e9s kezdj bele m\u00e9g ma!<\/strong><\/h2>\n\n\n\n<p>Most, hogy ismered a legjobb karate alkalmaz\u00e1sokat, itt az ideje, hogy kiv\u00e1laszd azt, amelyik a legjobban illik a st\u00edlusodhoz, \u00e9s elkezdj gyakorolni.<\/p>\n\n\n\n<p>Ezekkel az eszk\u00f6z\u00f6kkel b\u00e1rhov\u00e1 magaddal viheted a karat\u00e9t, \u00e9s edzhetsz, amikor csak van egy szabad perced.<\/p>\n\n\n\n<p>R\u00e1ad\u00e1sul a pozit\u00edv felhaszn\u00e1l\u00f3i v\u00e9lem\u00e9nyekkel tudod, hogy j\u00f3 befektet\u00e9st teszel a tanul\u00e1sodba.<\/p>\n\n\n\n<p><strong>T\u00f6ltsd le az alkalmaz\u00e1sokat itt:<\/strong><\/p>\n\n\n\n<ul class=\"wp-block-list\">\n<li><strong>Shotokan karate<\/strong> \u2013 <a href=\"https:\/\/play.google.com\/store\/apps\/details?id=com.fuchsia.shotokanwkf&amp;hl=pt_BR\" target=\"_blank\" rel=\"noreferrer noopener\">Android<\/a> \/ <a href=\"https:\/\/apps.apple.com\/us\/app\/shotokankata\/id540281531\" target=\"_blank\" rel=\"noreferrer noopener\">iOS<\/a><\/li>\n\n\n\n<li><strong>Karate mesters\u00e9g<\/strong> \u2013 <a href=\"https:\/\/play.google.com\/store\/apps\/details?id=com.hazard.karate.workout&amp;hl=pt_BR\" target=\"_blank\" rel=\"noreferrer noopener\">Android<\/a> \/ <a href=\"https:\/\/apps.apple.com\/br\/app\/treino-de-karat%C3%AA-em-casa\/id6446620430\" target=\"_blank\" rel=\"noreferrer noopener\">iOS<\/a><\/li>\n\n\n\n<li><strong>Tanulj karat\u00e9t<\/strong> \u2013 <a href=\"https:\/\/play.google.com\/store\/apps\/details?id=com.videochannel.aprender.karate&amp;hl=pt_BR\" target=\"_blank\" rel=\"noreferrer noopener\">Android<\/a><\/li>\n<\/ul>\n\n\n\n<h2 class=\"wp-block-heading\">\ud83d\udca1 <strong>K\u00f6vetkeztet\u00e9s<\/strong><\/h2>\n\n\n\n<p>A karate alkalmaz\u00e1sok egyed\u00fcl\u00e1ll\u00f3 lehet\u0151s\u00e9get k\u00edn\u00e1lnak a tanul\u00e1sra \u00e9s a k\u00e9pess\u00e9gek fejleszt\u00e9s\u00e9re egy k\u00f6nnyen hozz\u00e1f\u00e9rhet\u0151 \u00e9s k\u00e9nyelmes m\u00f3don.<\/p>\n\n\n\n<p>Ak\u00e1r kezd\u0151, ak\u00e1r halad\u00f3 vagy, biztosan tal\u00e1lsz az ig\u00e9nyeidnek megfelel\u0151 alkalmaz\u00e1st.<\/p>\n\n\n\n<p>Ezen eszk\u00f6z\u00f6k n\u00f6vekv\u0151 n\u00e9pszer\u0171s\u00e9g\u00e9vel a hirdet\u0151knek kiv\u00e1l\u00f3 lehet\u0151s\u00e9g\u00fck van arra, hogy elk\u00f6telezett \u00e9s akt\u00edv k\u00f6z\u00f6ns\u00e9get \u00e9rjenek el.<\/p>\n\n\n\n<p>Az ilyen helyeken t\u00f6rt\u00e9n\u0151 hirdet\u00e9s nagyobb l\u00e1that\u00f3s\u00e1got \u00e9s megt\u00e9r\u00fcl\u00e9st garant\u00e1l.<\/p>","protected":false},"excerpt":{"rendered":"<p>A karate egy harcm\u0171v\u00e9szet, amely \u00f6tv\u00f6zi a technik\u00e1t, a fegyelmet \u00e9s a fizikai er\u0151nl\u00e9tet. A mai digit\u00e1lis vil\u00e1gban a karat\u00e9t b\u00e1rhov\u00e1 magaddal viheted alkalmaz\u00e1sok seg\u00edts\u00e9g\u00e9vel. A technol\u00f3gia r\u00e9v\u00e9n a karate k\u00e9szs\u00e9gek elsaj\u00e1t\u00edt\u00e1sa vagy fejleszt\u00e9se sokkal k\u00f6nnyebben el\u00e9rhet\u0151v\u00e9 v\u00e1lt. Ebben a cikkben h\u00e1rom olyan alkalmaz\u00e1sr\u00f3l tudhatsz meg t\u00f6bbet, amelyek \u00e1talak\u00edtj\u00e1k [\u2026]<\/p>","protected":false},"author":0,"featured_media":6654,"comment_status":"closed","ping_status":"open","sticky":false,"template":"","format":"standard","meta":{"footnotes":""},"categories":[3],"tags":[967,1032],"yoast_head":"<!-- This site is optimized with the Yoast SEO plugin v23.3 - https:\/\/yoast.com\/wordpress\/plugins\/seo\/ -->\n<title>Lleva el karate contigo con estas aplicaciones m\u00f3viles - Universo Fam\u00edlia<\/title>\n<meta name=\"description\" content=\"Lleva el karate contigo con estas aplicaciones m\u00f3viles. El karate es un arte marcial que combina t\u00e9cnica, disciplina y acondicionamiento...\" \/>\n<meta name=\"robots\" content=\"index, follow, max-snippet:-1, max-image-preview:large, max-video-preview:-1\" \/>\n<link rel=\"canonical\" href=\"https:\/\/universofamilia.com\/hu\/lleva-el-karate-contigo-con-estas-aplicaciones-moviles\/\" \/>\n<meta property=\"og:locale\" content=\"hu_HU\" \/>\n<meta property=\"og:type\" content=\"article\" \/>\n<meta property=\"og:title\" content=\"Lleva el karate contigo con estas aplicaciones m\u00f3viles - Universo Fam\u00edlia\" \/>\n<meta property=\"og:description\" content=\"Lleva el karate contigo con estas aplicaciones m\u00f3viles. El karate es un arte marcial que combina t\u00e9cnica, disciplina y acondicionamiento...\" \/>\n<meta property=\"og:url\" content=\"https:\/\/universofamilia.com\/hu\/lleva-el-karate-contigo-con-estas-aplicaciones-moviles\/\" \/>\n<meta property=\"og:site_name\" content=\"Universo Fam\u00edlia\" \/>\n<meta property=\"article:published_time\" content=\"2024-09-30T20:05:07+00:00\" \/>\n<meta property=\"og:image\" content=\"https:\/\/universofamilia.com\/wp-content\/uploads\/sites\/148\/2024\/09\/P-550x350-3-13.jpg\" \/>\n\t<meta property=\"og:image:width\" content=\"550\" \/>\n\t<meta property=\"og:image:height\" content=\"350\" \/>\n\t<meta property=\"og:image:type\" content=\"image\/jpeg\" \/>\n<meta name=\"twitter:card\" content=\"summary_large_image\" \/>\n<meta name=\"twitter:label1\" content=\"Est. reading time\" \/>\n\t<meta name=\"twitter:data1\" content=\"6 perc\" \/>\n<script type=\"application\/ld+json\" class=\"yoast-schema-graph\">{\"@context\":\"https:\/\/schema.org\",\"@graph\":[{\"@type\":\"WebPage\",\"@id\":\"https:\/\/universofamilia.com\/el\/lleva-el-karate-contigo-con-estas-aplicaciones-moviles\/\",\"url\":\"https:\/\/universofamilia.com\/el\/lleva-el-karate-contigo-con-estas-aplicaciones-moviles\/\",\"name\":\"Lleva el karate contigo con estas aplicaciones m\u00f3viles - Universo Fam\u00edlia\",\"isPartOf\":{\"@id\":\"https:\/\/universofamilia.com\/el\/#website\"},\"primaryImageOfPage\":{\"@id\":\"https:\/\/universofamilia.com\/el\/lleva-el-karate-contigo-con-estas-aplicaciones-moviles\/#primaryimage\"},\"image\":{\"@id\":\"https:\/\/universofamilia.com\/el\/lleva-el-karate-contigo-con-estas-aplicaciones-moviles\/#primaryimage\"},\"thumbnailUrl\":\"https:\/\/universofamilia.com\/wp-content\/uploads\/sites\/148\/2024\/09\/P-550x350-3-13.jpg\",\"datePublished\":\"2024-09-30T20:05:07+00:00\",\"dateModified\":\"2024-09-30T20:05:07+00:00\",\"author\":{\"@id\":\"\"},\"description\":\"Lleva el karate contigo con estas aplicaciones m\u00f3viles. El karate es un arte marcial que combina t\u00e9cnica, disciplina y acondicionamiento...\",\"breadcrumb\":{\"@id\":\"https:\/\/universofamilia.com\/el\/lleva-el-karate-contigo-con-estas-aplicaciones-moviles\/#breadcrumb\"},\"inLanguage\":\"hu\",\"potentialAction\":[{\"@type\":\"ReadAction\",\"target\":[\"https:\/\/universofamilia.com\/el\/lleva-el-karate-contigo-con-estas-aplicaciones-moviles\/\"]}]},{\"@type\":\"ImageObject\",\"inLanguage\":\"hu\",\"@id\":\"https:\/\/universofamilia.com\/el\/lleva-el-karate-contigo-con-estas-aplicaciones-moviles\/#primaryimage\",\"url\":\"https:\/\/universofamilia.com\/wp-content\/uploads\/sites\/148\/2024\/09\/P-550x350-3-13.jpg\",\"contentUrl\":\"https:\/\/universofamilia.com\/wp-content\/uploads\/sites\/148\/2024\/09\/P-550x350-3-13.jpg\",\"width\":550,\"height\":350,\"caption\":\"Lleva el karate contigo con estas aplicaciones m\u00f3viles\"},{\"@type\":\"BreadcrumbList\",\"@id\":\"https:\/\/universofamilia.com\/el\/lleva-el-karate-contigo-con-estas-aplicaciones-moviles\/#breadcrumb\",\"itemListElement\":[{\"@type\":\"ListItem\",\"position\":1,\"name\":\"Home\",\"item\":\"https:\/\/universofamilia.com\/el\/\"},{\"@type\":\"ListItem\",\"position\":2,\"name\":\"Lleva el karate contigo con estas aplicaciones m\u00f3viles\"}]},{\"@type\":\"WebSite\",\"@id\":\"https:\/\/universofamilia.com\/el\/#website\",\"url\":\"https:\/\/universofamilia.com\/el\/\",\"name\":\"Universo Fam\u00edlia\",\"description\":\"\",\"potentialAction\":[{\"@type\":\"SearchAction\",\"target\":{\"@type\":\"EntryPoint\",\"urlTemplate\":\"https:\/\/universofamilia.com\/el\/?s={search_term_string}\"},\"query-input\":\"required name=search_term_string\"}],\"inLanguage\":\"hu\"}]}<\/script>\n<!-- \/ Yoast SEO plugin. -->","yoast_head_json":{"title":"Lleva el karate contigo con estas aplicaciones m\u00f3viles - Universo Fam\u00edlia","description":"Lleva el karate contigo con estas aplicaciones m\u00f3viles. El karate es un arte marcial que combina t\u00e9cnica, disciplina y acondicionamiento...","robots":{"index":"index","follow":"follow","max-snippet":"max-snippet:-1","max-image-preview":"max-image-preview:large","max-video-preview":"max-video-preview:-1"},"canonical":"https:\/\/universofamilia.com\/hu\/lleva-el-karate-contigo-con-estas-aplicaciones-moviles\/","og_locale":"hu_HU","og_type":"article","og_title":"Lleva el karate contigo con estas aplicaciones m\u00f3viles - Universo Fam\u00edlia","og_description":"Lleva el karate contigo con estas aplicaciones m\u00f3viles. El karate es un arte marcial que combina t\u00e9cnica, disciplina y acondicionamiento...","og_url":"https:\/\/universofamilia.com\/hu\/lleva-el-karate-contigo-con-estas-aplicaciones-moviles\/","og_site_name":"Universo Fam\u00edlia","article_published_time":"2024-09-30T20:05:07+00:00","og_image":[{"width":550,"height":350,"url":"https:\/\/universofamilia.com\/wp-content\/uploads\/sites\/148\/2024\/09\/P-550x350-3-13.jpg","type":"image\/jpeg"}],"twitter_card":"summary_large_image","twitter_misc":{"Est. reading time":"6 perc"},"schema":{"@context":"https:\/\/schema.org","@graph":[{"@type":"WebPage","@id":"https:\/\/universofamilia.com\/el\/lleva-el-karate-contigo-con-estas-aplicaciones-moviles\/","url":"https:\/\/universofamilia.com\/el\/lleva-el-karate-contigo-con-estas-aplicaciones-moviles\/","name":"Lleva el karate contigo con estas aplicaciones m\u00f3viles - Universo Fam\u00edlia","isPartOf":{"@id":"https:\/\/universofamilia.com\/el\/#website"},"primaryImageOfPage":{"@id":"https:\/\/universofamilia.com\/el\/lleva-el-karate-contigo-con-estas-aplicaciones-moviles\/#primaryimage"},"image":{"@id":"https:\/\/universofamilia.com\/el\/lleva-el-karate-contigo-con-estas-aplicaciones-moviles\/#primaryimage"},"thumbnailUrl":"https:\/\/universofamilia.com\/wp-content\/uploads\/sites\/148\/2024\/09\/P-550x350-3-13.jpg","datePublished":"2024-09-30T20:05:07+00:00","dateModified":"2024-09-30T20:05:07+00:00","author":{"@id":""},"description":"Lleva el karate contigo con estas aplicaciones m\u00f3viles. El karate es un arte marcial que combina t\u00e9cnica, disciplina y acondicionamiento...","breadcrumb":{"@id":"https:\/\/universofamilia.com\/el\/lleva-el-karate-contigo-con-estas-aplicaciones-moviles\/#breadcrumb"},"inLanguage":"hu","potentialAction":[{"@type":"ReadAction","target":["https:\/\/universofamilia.com\/el\/lleva-el-karate-contigo-con-estas-aplicaciones-moviles\/"]}]},{"@type":"ImageObject","inLanguage":"hu","@id":"https:\/\/universofamilia.com\/el\/lleva-el-karate-contigo-con-estas-aplicaciones-moviles\/#primaryimage","url":"https:\/\/universofamilia.com\/wp-content\/uploads\/sites\/148\/2024\/09\/P-550x350-3-13.jpg","contentUrl":"https:\/\/universofamilia.com\/wp-content\/uploads\/sites\/148\/2024\/09\/P-550x350-3-13.jpg","width":550,"height":350,"caption":"Lleva el karate contigo con estas aplicaciones m\u00f3viles"},{"@type":"BreadcrumbList","@id":"https:\/\/universofamilia.com\/el\/lleva-el-karate-contigo-con-estas-aplicaciones-moviles\/#breadcrumb","itemListElement":[{"@type":"ListItem","position":1,"name":"Home","item":"https:\/\/universofamilia.com\/el\/"},{"@type":"ListItem","position":2,"name":"Lleva el karate contigo con estas aplicaciones m\u00f3viles"}]},{"@type":"WebSite","@id":"https:\/\/universofamilia.com\/el\/#website","url":"https:\/\/universofamilia.com\/el\/","name":"Universo Fam\u00edlia","description":"","potentialAction":[{"@type":"SearchAction","target":{"@type":"EntryPoint","urlTemplate":"https:\/\/universofamilia.com\/el\/?s={search_term_string}"},"query-input":"required name=search_term_string"}],"inLanguage":"hu"}]}},"_links":{"self":[{"href":"https:\/\/universofamilia.com\/hu\/wp-json\/wp\/v2\/posts\/6653"}],"collection":[{"href":"https:\/\/universofamilia.com\/hu\/wp-json\/wp\/v2\/posts"}],"about":[{"href":"https:\/\/universofamilia.com\/hu\/wp-json\/wp\/v2\/types\/post"}],"replies":[{"embeddable":true,"href":"https:\/\/universofamilia.com\/hu\/wp-json\/wp\/v2\/comments?post=6653"}],"version-history":[{"count":0,"href":"https:\/\/universofamilia.com\/hu\/wp-json\/wp\/v2\/posts\/6653\/revisions"}],"wp:featuredmedia":[{"embeddable":true,"href":"https:\/\/universofamilia.com\/hu\/wp-json\/wp\/v2\/media\/6654"}],"wp:attachment":[{"href":"https:\/\/universofamilia.com\/hu\/wp-json\/wp\/v2\/media?parent=6653"}],"wp:term":[{"taxonomy":"category","embeddable":true,"href":"https:\/\/universofamilia.com\/hu\/wp-json\/wp\/v2\/categories?post=6653"},{"taxonomy":"post_tag","embeddable":true,"href":"https:\/\/universofamilia.com\/hu\/wp-json\/wp\/v2\/tags?post=6653"}],"curies":[{"name":"wp","href":"https:\/\/api.w.org\/{rel}","templated":true}]}}