{"id":6662,"date":"2024-10-01T21:59:56","date_gmt":"2024-10-02T00:59:56","guid":{"rendered":"https:\/\/universofamilia.com\/?p=6662"},"modified":"2024-10-01T21:59:56","modified_gmt":"2024-10-02T00:59:56","slug":"aplicacion-descubrir-quien-observa-redes-sociales","status":"publish","type":"post","link":"https:\/\/universofamilia.com\/hu\/aplicacion-descubrir-quien-observa-redes-sociales\/","title":{"rendered":"Alkalmaz\u00e1s, hogy megtudd, ki figyel t\u00e9ged a k\u00f6z\u00f6ss\u00e9gi m\u00e9di\u00e1ban"},"content":{"rendered":"<p>Elgondolkodt\u00e1l m\u00e1r azon, hogy ki b\u00f6ng\u00e9szi a k\u00f6z\u00f6ss\u00e9gi oldalaidat?<\/p>\n\n\n\n<p>Az online platformok egyre n\u00f6vekv\u0151 n\u00e9pszer\u0171s\u00e9g\u00e9vel sokan megk\u00e9rd\u0151jelezik, hogy lehets\u00e9ges-e tudni, hogy kik n\u00e9zt\u00e9k meg a profiljukat.<\/p>\n\n\n\n<p>Ebben a cikkben bemutatunk egy <strong>alkalmaz\u00e1s, hogy megtudd, ki figyel t\u00e9ged a k\u00f6z\u00f6ss\u00e9gi m\u00e9di\u00e1ban<\/strong>, hasznos funkci\u00f3kkal, amelyek seg\u00edtenek nyomon k\u00f6vetni az oldalad l\u00e1togat\u00f3it, megv\u00e9deni az adatv\u00e9delmedet, \u00e9s jobban k\u00e9zben tartani az online jelenl\u00e9tedet.<\/p>\n\n\n\n<h2 class=\"wp-block-heading\">Mi\u00e9rt fontos tudni, hogy kik n\u00e9zt\u00e9k meg a profilodat?<\/h2>\n\n\n\n<p>Az, hogy kik l\u00e1togatj\u00e1k a profilodat, t\u00falmutat az egyszer\u0171 k\u00edv\u00e1ncsis\u00e1gon.<\/p>\n\n\n\n<p>Ez a funkci\u00f3 seg\u00edthet azonos\u00edtani a legh\u0171s\u00e9gesebb k\u00f6vet\u0151idet, felder\u00edteni a potenci\u00e1lis fenyeget\u00e9seket vagy gyan\u00fas viselked\u00e9st, s\u0151t, a tartalmaidat is a k\u00f6z\u00f6ns\u00e9gednek megfelel\u0151en m\u00f3dos\u00edthatod.<\/p>\n\n\n\n<p><\/p>\n\n\n\n<hr class=\"wp-block-separator has-text-color has-luminous-vivid-orange-color has-alpha-channel-opacity has-luminous-vivid-orange-background-color has-background\"\/>\n\n\n\n<h2 class=\"wp-block-heading\">Olvasd el m\u00e9g:<\/h2>\n\n\n\n<div class=\"wp-block-columns is-layout-flex wp-container-core-columns-layout-1 wp-block-columns-is-layout-flex\">\n<div class=\"wp-block-column is-layout-flow wp-block-column-is-layout-flow\">\n<div class=\"wp-block-buttons is-layout-flex wp-block-buttons-is-layout-flex\">\n<div class=\"wp-block-button has-custom-width wp-block-button__width-100 is-style-outline\" style=\"text-decoration:none\"><a class=\"wp-block-button__link has-white-color has-vivid-cyan-blue-background-color has-text-color has-background has-link-color has-text-align-left wp-element-button\" href=\"https:\/\/universofamilia.com\/hu\/5893\/acelera-tu-celular-despierta-tu-productividad\/\" style=\"border-radius:10px\"><font style=\"vertical-align: inherit;\"><font style=\"vertical-align: inherit;\">\ud83d\udccc Gyors\u00edtsd fel a mobiltelefonodat<\/font><\/font> &gt;<\/a><\/div>\n\n\n\n<div class=\"wp-block-button has-custom-width wp-block-button__width-100 is-style-outline\" style=\"text-decoration:none\"><a class=\"wp-block-button__link has-white-color has-vivid-cyan-blue-background-color has-text-color has-background has-link-color has-text-align-left wp-element-button\" href=\"https:\/\/universofamilia.com\/hu\/5869\/descubre-quien-te-esta-observando-en-las-redes-sociales\/\" style=\"border-radius:10px\">\ud83d\udccc Kik l\u00e1togatt\u00e1k meg a profilodat?<\/a><\/div>\n\n\n\n<div class=\"wp-block-button has-custom-width wp-block-button__width-100 is-style-outline\" style=\"text-decoration:none\"><a class=\"wp-block-button__link has-white-color has-vivid-cyan-blue-background-color has-text-color has-background has-link-color has-text-align-left wp-element-button\" href=\"https:\/\/universofamilia.com\/hu\/6414\/aplicaciones-para-limpiar-el-celular-y-aumentar-espacio\/\" style=\"border-radius:10px\">\ud83d\udcbe Alkalmaz\u00e1sok a t\u00e1rhely n\u00f6vel\u00e9s\u00e9re<\/a><\/div>\n\n\n\n<div class=\"wp-block-button has-custom-width wp-block-button__width-100 is-style-outline\" style=\"text-decoration:none\"><a class=\"wp-block-button__link has-white-color has-vivid-cyan-blue-background-color has-text-color has-background has-link-color has-text-align-left wp-element-button\" href=\"https:\/\/universofamilia.com\/hu\/6568\/aprende-mecanica-automotriz-aplicacion\/\" style=\"border-radius:10px\">\ud83d\udccc Tanulj aut\u00f3szerel\u0151nek egy alkalmaz\u00e1ssal<\/a><\/div>\n<\/div>\n<\/div>\n<\/div>\n\n\n\n<hr class=\"wp-block-separator has-text-color has-luminous-vivid-orange-color has-alpha-channel-opacity has-luminous-vivid-orange-background-color has-background\"\/>\n\n\n\n<p><\/p>\n\n\n\n<p>P\u00e9ld\u00e1ul, ha tudod, hogy kik tekintik meg a bejegyz\u00e9seidet, az seg\u00edthet \u00e9rtelmesebb kapcsolatokat kialak\u00edtani, \u00e9s biztos\u00edthatja, hogy a megfelel\u0151 emberekkel kommunik\u00e1lj.<\/p>\n\n\n\n<h2 class=\"wp-block-heading\">A profilod megl\u00e1togat\u00f3inak ismerete fontos a v\u00e9delem \u00e9rdek\u00e9ben<\/h2>\n\n\n\n<p>A n\u00f6vekv\u0151 digit\u00e1lis b\u0171n\u00f6z\u00e9s idej\u00e9n az online biztons\u00e1g priorit\u00e1s.<\/p>\n\n\n\n<p>Azok az alkalmaz\u00e1sok, amelyekkel nyomon k\u00f6vetheted, hogy kik tekintik meg a k\u00f6z\u00f6ss\u00e9gi m\u00e9dia profiljaidat, nemcsak kiel\u00e9g\u00edtik a k\u00edv\u00e1ncsis\u00e1godat, hanem seg\u00edtenek megv\u00e9deni a mag\u00e1n\u00e9letedet \u00e9s a profilodat a rosszindulat\u00fa felhaszn\u00e1l\u00f3kt\u00f3l.<\/p>\n\n\n\n<p>Ha valaki gyakran gyan\u00fas m\u00f3don f\u00e9r hozz\u00e1 a profilodhoz, megel\u0151z\u0151 int\u00e9zked\u00e9seket tehetsz, p\u00e9ld\u00e1ul m\u00f3dos\u00edthatod az adatv\u00e9delmi be\u00e1ll\u00edt\u00e1saidat, vagy ak\u00e1r blokkolhatsz bizonyos embereket.<\/p>\n\n\n\n<h2 class=\"wp-block-heading\">F\u0151bb funkci\u00f3k annak nyomon k\u00f6vet\u00e9s\u00e9re, hogy kik tekintett\u00e9k meg a profilodat<\/h2>\n\n\n\n<p>Azok az alkalmaz\u00e1sok, amelyekkel megtudhatod, hogy kik figyelnek t\u00e9ged a k\u00f6z\u00f6ss\u00e9gi m\u00e9di\u00e1ban, sz\u00e1mos olyan funkci\u00f3t k\u00edn\u00e1lnak, amelyek t\u00falmutatnak az alapokon.<\/p>\n\n\n\n<p>Ezek az alkalmaz\u00e1sok \u00fagy lettek kialak\u00edtva, hogy biztos\u00edts\u00e1k <strong>val\u00f3s idej\u0171 \u00e9rtes\u00edt\u00e9sek<\/strong>, azonnal \u00e9rtes\u00edt, ha valaki megl\u00e1togatja a profilodat, \u00e9s seg\u00edt meg\u00e9rteni, hogy mely bejegyz\u00e9sek \u00e9s t\u00f6rt\u00e9netek vonzz\u00e1k a legt\u00f6bb l\u00e1togat\u00f3t.<\/p>\n\n\n\n<p>Az al\u00e1bbiakban a leggyakoribb funkci\u00f3k k\u00f6z\u00fcl n\u00e9h\u00e1nyat sorolunk fel:<\/p>\n\n\n\n<ul class=\"wp-block-list\">\n<li><strong>Azonnali \u00e9rtes\u00edt\u00e9sek<\/strong>Azonnali \u00e9rtes\u00edt\u00e9st kapsz, amikor valaki megtekinti a profilodat.<\/li>\n\n\n\n<li><strong>R\u00e9szletes jelent\u00e9sek<\/strong>Az olyan alkalmaz\u00e1sok, mint a Social Tracker, \u00e1tfog\u00f3 jelent\u00e9seket k\u00edn\u00e1lnak, amelyek megmutatj\u00e1k, hogy kik l\u00e9pnek a legt\u00f6bbet interakci\u00f3ba a tartalmaiddal.<\/li>\n\n\n\n<li><strong>\u00c1lland\u00f3 fel\u00fcgyelet<\/strong>Val\u00f3s id\u0151ben k\u00f6vetik nyomon, teljes k\u00e9pet adva a fi\u00f3kodat leggyakrabban l\u00e1togat\u00f3 profilokr\u00f3l.<\/li>\n\n\n\n<li><strong>Interakci\u00f3elemz\u00e9s<\/strong>: A profilod megtekint\u0151i mellett sz\u00e1mos alkalmaz\u00e1s elemzi azt is, hogy mely bejegyz\u00e9sek gener\u00e1lj\u00e1k a legt\u00f6bb elk\u00f6telez\u0151d\u00e9st.<\/li>\n<\/ul>\n\n\n\n<p>Vess\u00fcnk egy pillant\u00e1st h\u00e1rom alkalmaz\u00e1sra, amelyek ezeket a funkci\u00f3kat k\u00edn\u00e1lj\u00e1k.<\/p>\n\n\n\n<h3 class=\"wp-block-heading\">1. K\u00f6z\u00f6ss\u00e9gi m\u00e9dia k\u00f6vet\u0151<\/h3>\n\n\n\n<p><strong>K\u00f6z\u00f6ss\u00e9gi m\u00e9dia k\u00f6vet\u0151<\/strong> Ez egy sz\u00e9les k\u00f6rben aj\u00e1nlott eszk\u00f6z azok sz\u00e1m\u00e1ra, akik szeretn\u00e9k nyomon k\u00f6vetni a profill\u00e1togat\u00e1sokat, \u00e9s jobban k\u00e9zben tartani a k\u00f6z\u00f6ss\u00e9gi h\u00e1l\u00f3zataikat.<\/p>\n\n\n\n<p>Lehet\u0151v\u00e9 teszi, hogy l\u00e1sd, ki f\u00e9rt hozz\u00e1 a bejegyz\u00e9seidhez \u00e9s t\u00f6rt\u00e9neteidhez, valamint val\u00f3s idej\u0171 \u00e9rtes\u00edt\u00e9seket is k\u00fcld.<\/p>\n\n\n\n<p><strong>El\u0151ny\u00f6k<\/strong>:<\/p>\n\n\n\n<ul class=\"wp-block-list\">\n<li>Teljes k\u00f6r\u0171 l\u00e1togat\u00f3figyel\u00e9s.<\/li>\n\n\n\n<li>Azonnali \u00e9rtes\u00edt\u00e9sek az \u00faj megtekint\u00e9sekr\u0151l.<\/li>\n\n\n\n<li>R\u00e9szletes jelent\u00e9sek arr\u00f3l, hogy kik l\u00e9pnek a legt\u00f6bbet interakci\u00f3ba a profiloddal.<\/li>\n<\/ul>\n\n\n\n<p><strong>Hogyan kell telep\u00edteni<\/strong>Telep\u00edtsd az alkalmaz\u00e1st, \u00e9s kapcsold \u00f6ssze a k\u00f6z\u00f6ss\u00e9gi h\u00e1l\u00f3zataidat. A kezel\u0151fel\u00fclet intuit\u00edv, \u00e9s n\u00e9h\u00e1ny percen bel\u00fcl nyomon k\u00f6vetheted, hogy kik tekintik meg a bejegyz\u00e9seidet.<\/p>\n\n\n\n<p><strong>Felhaszn\u00e1l\u00f3i v\u00e9lem\u00e9nyek<\/strong>:<\/p>\n\n\n\n<ul class=\"wp-block-list\">\n<li><strong>Ana L.<\/strong>: \u201eNagyszer\u0171 alkalmaz\u00e1s, most m\u00e1r tudom, ki k\u00f6veti a bejegyz\u00e9seimet, \u00e9s fejleszthetem a tartalmaimat.\u201d<\/li>\n\n\n\n<li><strong>Marcos T.<\/strong>\u201eA val\u00f3s idej\u0171 \u00e9rtes\u00edt\u00e9sek a legjobb forr\u00e1sok, biztons\u00e1gosabbnak \u00e9rzem magam, ha tudom, ki l\u00e1togatja a profilomat.\u201d<\/li>\n\n\n\n<li><strong>Claudia S.<\/strong>\u201eK\u00f6nnyen haszn\u00e1lhat\u00f3, \u00e9s praktikus m\u00f3don seg\u00edt nyomon k\u00f6vetni az online jelenl\u00e9temet.\u201d<\/li>\n<\/ul>\n\n\n\n<h3 class=\"wp-block-heading\">2. Kik tekintett\u00e9k meg a profilomat?<\/h3>\n\n\n\n<p><strong>Kik n\u00e9zt\u00e9k meg a profilomat?<\/strong> egy m\u00e1sik nagyszer\u0171 lehet\u0151s\u00e9g azok sz\u00e1m\u00e1ra, akik meg akarj\u00e1k tudni, hogy kik l\u00e1togatt\u00e1k meg a k\u00f6z\u00f6ss\u00e9gi h\u00e1l\u00f3zataikat.<\/p>\n\n\n\n<p>Gyors \u00e9rtes\u00edt\u00e9seket is k\u00edn\u00e1l, \u00e9s lehet\u0151v\u00e9 teszi a legut\u00f3bbi megtekint\u00e9sek nyomon k\u00f6vet\u00e9s\u00e9t.<\/p>\n\n\n\n<p><strong>El\u0151ny\u00f6k<\/strong>:<\/p>\n\n\n\n<ul class=\"wp-block-list\">\n<li>Hat\u00e1rozza meg, hogy kik tekintett\u00e9k meg a profilj\u00e1t a n\u00e9pszer\u0171 k\u00f6z\u00f6ss\u00e9gi oldalakon.<\/li>\n\n\n\n<li>Azonnali \u00e9rtes\u00edt\u00e9sek \u00e9s napi jelent\u00e9sek.<\/li>\n\n\n\n<li>Bar\u00e1ts\u00e1gos \u00e9s k\u00f6nnyen haszn\u00e1lhat\u00f3 fel\u00fclet.<\/li>\n<\/ul>\n\n\n\n<p><strong>Hogyan kell telep\u00edteni<\/strong>: T\u00f6ltsd le az alkalmaz\u00e1st, \u00e1ll\u00edtsd be a profilodat, \u00e9s kezdj el \u00e9rtes\u00edt\u00e9seket kapni a megtekint\u00e9sekr\u0151l.<\/p>\n\n\n\n<p><strong>Felhaszn\u00e1l\u00f3i v\u00e9lem\u00e9nyek<\/strong>:<\/p>\n\n\n\n<ul class=\"wp-block-list\">\n<li><strong>Jos\u00e9 M.<\/strong>\u201eH\u00f3napok \u00f3ta haszn\u00e1lom az alkalmaz\u00e1st, \u00e9s seg\u00edt megtudni, hogy kik n\u00e9zik val\u00f3j\u00e1ban a bejegyz\u00e9seimet. Aj\u00e1nlom!\u201d<\/li>\n\n\n\n<li><strong>M\u00e1ria F.<\/strong>: \u201eK\u00f6nnyen haszn\u00e1lhat\u00f3, \u00e9s azt teszi, amit \u00edg\u00e9r. Most mindig tudom, hogy ki l\u00e1togatja a profilomat.\u201d<\/li>\n\n\n\n<li><strong>Lucas V.<\/strong>\u201eBiztons\u00e1gosabbnak \u00e9rzem magam, ha tudom, kik kommunik\u00e1lnak a h\u00e1l\u00f3zataimmal.\u201d<\/li>\n<\/ul>\n\n\n<div class=\"wp-block-image\">\n<figure class=\"aligncenter size-full\"><img loading=\"lazy\" decoding=\"async\" width=\"550\" height=\"350\" src=\"http:\/\/universofamilia.com\/wp-content\/uploads\/sites\/148\/2024\/10\/P-550x350-4.jpg\" alt=\"\" class=\"wp-image-6663\" srcset=\"https:\/\/universofamilia.com\/wp-content\/uploads\/sites\/148\/2024\/10\/P-550x350-4.jpg 550w, https:\/\/universofamilia.com\/wp-content\/uploads\/sites\/148\/2024\/10\/P-550x350-4-300x191.jpg 300w\" sizes=\"(max-width: 550px) 100vw, 550px\" \/><figcaption class=\"wp-element-caption\">Alkalmaz\u00e1s, hogy megtudd, ki figyel t\u00e9ged a k\u00f6z\u00f6ss\u00e9gi m\u00e9di\u00e1ban<\/figcaption><\/figure><\/div>\n\n\n<h3 class=\"wp-block-heading\">3. Profilk\u00f6vet\u0151 k\u00f6z\u00f6ss\u00e9gi m\u00e9di\u00e1hoz<\/h3>\n\n\n\n<p>V\u00e9g\u00fcl, <strong>Profilk\u00f6vet\u0151 k\u00f6z\u00f6ss\u00e9gi m\u00e9di\u00e1hoz<\/strong> egy m\u00e1sik hasznos eszk\u00f6z azok sz\u00e1m\u00e1ra, akik szeretn\u00e9k k\u00e9zben tartani a profiljuk megtekint\u00e9seit.<\/p>\n\n\n\n<p>Napi jelent\u00e9seket \u00e9s szem\u00e9lyre szabott riaszt\u00e1sokat is tartalmaz.<\/p>\n\n\n\n<p><strong>El\u0151ny\u00f6k<\/strong>:<\/p>\n\n\n\n<ul class=\"wp-block-list\">\n<li>R\u00e9szletes jelent\u00e9sek arr\u00f3l, hogy kik f\u00e9rnek hozz\u00e1 a profilodhoz.<\/li>\n\n\n\n<li>Folyamatos k\u00f6vet\u00e9s \u00e9s val\u00f3s idej\u0171 riaszt\u00e1sok.<\/li>\n\n\n\n<li>K\u00f6nnyen be\u00e1ll\u00edthat\u00f3 \u00e9s kezelhet\u0151.<\/li>\n<\/ul>\n\n\n\n<p><strong>Hogyan kell telep\u00edteni<\/strong>: Miut\u00e1n be\u00e1ll\u00edtottad a profilodat, az alkalmaz\u00e1s automatikusan elkezdi figyelni a l\u00e1togat\u00e1saidat.<\/p>\n\n\n\n<p><strong>Felhaszn\u00e1l\u00f3i v\u00e9lem\u00e9nyek<\/strong>:<\/p>\n\n\n\n<ul class=\"wp-block-list\">\n<li><strong>Fernanda D.<\/strong>: \u201eAz alkalmaz\u00e1s nagyszer\u0171 azok sz\u00e1m\u00e1ra, akik tudni szeretn\u00e9k, hogy ki l\u00e9p interakci\u00f3ba a profiljukkal.\u201d<\/li>\n\n\n\n<li><strong>Rafael N.<\/strong>: \u201eNagyon sokat seg\u00edt meg\u00e9rtenem, hogy kik a leggyakoribb k\u00f6vet\u0151im.\u201d<\/li>\n\n\n\n<li><strong>Viviana T.<\/strong>: \u201eEgyszer\u0171 \u00e9s hat\u00e9kony. Telep\u00edtettem \u00e9s gond n\u00e9lk\u00fcl elkezdtem haszn\u00e1lni.\u201d<\/li>\n<\/ul>\n\n\n\n<h2 class=\"wp-block-heading\">K\u00f6vetkeztet\u00e9s<\/h2>\n\n\n\n<p>Azok az alkalmaz\u00e1sok, amelyekkel megtudhatod, kik figyelnek t\u00e9ged a k\u00f6z\u00f6ss\u00e9gi m\u00e9di\u00e1ban, praktikus \u00e9s hat\u00e9kony m\u00f3dot k\u00edn\u00e1lnak online interakci\u00f3id megfigyel\u00e9s\u00e9re \u00e9s biztons\u00e1god n\u00f6vel\u00e9s\u00e9re.<\/p>\n\n\n\n<p>Ak\u00e1r k\u00edv\u00e1ncsis\u00e1gb\u00f3l, ak\u00e1r \u00f6nv\u00e9delemb\u0151l, fontos, hogy tiszt\u00e1ban legy\u00fcnk azzal, kik figyelik a k\u00f6z\u00f6ss\u00e9gi m\u00e9dia jelenl\u00e9tenket.<\/p>\n\n\n\n<p>Ezenk\u00edv\u00fcl ezek az alkalmaz\u00e1sok seg\u00edthetnek abban, hogy jobban kapcsolatba l\u00e9pj a k\u00f6z\u00f6ns\u00e9geddel, \u00e9s jav\u00edtsd a megosztott tartalmaidat.<\/p>\n\n\n\n<p>Pr\u00f3b\u00e1ld ki m\u00e9g ma az al\u00e1bbi alkalmaz\u00e1sok egyik\u00e9t, \u00e9s szerezz nagyobb kontrollt a k\u00f6z\u00f6ss\u00e9gi m\u00e9dia felett! Ne felejtsd el let\u00f6lteni az \u00e1ltalunk aj\u00e1nlott alkalmaz\u00e1sokat:<\/p>\n\n\n\n<ul class=\"wp-block-list\">\n<li><strong>K\u00f6z\u00f6ss\u00e9gi m\u00e9dia k\u00f6vet\u0151 <a href=\"https:\/\/play.google.com\/store\/apps\/details?id=com.mobiversite.lookAtMe&amp;hl=pt_BR\" target=\"_blank\" rel=\"noreferrer noopener\">Androidra<\/a><\/strong><\/li>\n\n\n\n<li><strong>Kik n\u00e9zt\u00e9k meg a profilomat? <\/strong><a href=\"https:\/\/play.google.com\/store\/apps\/details?id=com.wprofeel.wprofile&amp;hl=en_US\" target=\"_blank\" rel=\"noreferrer noopener\"><strong>Androidra<\/strong> <\/a>\/ <a href=\"https:\/\/apps.apple.com\/br\/app\/viewed-my-profile-link\/id6476164852\" target=\"_blank\" rel=\"noreferrer noopener\">p<strong>iOS-re<\/strong><\/a><\/li>\n\n\n\n<li><strong>Profilk\u00f6vet\u0151 k\u00f6z\u00f6ss\u00e9gi m\u00e9di\u00e1hoz <a href=\"https:\/\/play.google.com\/store\/apps\/details?id=com.analyzing.network&amp;hl=pt_BR\" target=\"_blank\" rel=\"noreferrer noopener\">Androidra<\/a><\/strong> \/ <strong><a href=\"https:\/\/apps.apple.com\/br\/app\/xview-reports-profile-tracker\/id1541777461\" target=\"_blank\" rel=\"noreferrer noopener\">iOS-re<\/a><\/strong><\/li>\n<\/ul>\n\n\n\n<p>Oszd meg bar\u00e1taiddal \u00e9s v\u00e9dd a k\u00f6z\u00f6ss\u00e9gi h\u00e1l\u00f3zataidat!<\/p>","protected":false},"excerpt":{"rendered":"<p>\u00bfAlguna vez te has preguntado qui\u00e9n est\u00e1 mirando tus redes sociales? Con la creciente popularidad de las plataformas en l\u00ednea, muchas personas se han cuestionado si es posible saber qui\u00e9n ha visto sus perfiles. En este art\u00edculo te presentamos una aplicaci\u00f3n para descubrir qui\u00e9n te observa en las redes sociales, con funciones \u00fatiles que te [&hellip;]<\/p>","protected":false},"author":0,"featured_media":6663,"comment_status":"closed","ping_status":"open","sticky":false,"template":"","format":"standard","meta":{"footnotes":""},"categories":[2],"tags":[24,25,125],"yoast_head":"<!-- This site is optimized with the Yoast SEO plugin v23.3 - https:\/\/yoast.com\/wordpress\/plugins\/seo\/ -->\n<title>Aplicaci\u00f3n para descubrir qui\u00e9n te observa en las redes sociales - Universo Fam\u00edlia<\/title>\n<meta name=\"description\" content=\"Aplicaci\u00f3n para descubrir qui\u00e9n te observa en las redes sociales. \u00bfAlguna vez te has preguntado qui\u00e9n est\u00e1 mirando tus redes sociales?\" \/>\n<meta name=\"robots\" content=\"index, follow, max-snippet:-1, max-image-preview:large, max-video-preview:-1\" \/>\n<link rel=\"canonical\" href=\"https:\/\/universofamilia.com\/hu\/aplicacion-descubrir-quien-observa-redes-sociales\/\" \/>\n<meta property=\"og:locale\" content=\"hu_HU\" \/>\n<meta property=\"og:type\" content=\"article\" \/>\n<meta property=\"og:title\" content=\"Aplicaci\u00f3n para descubrir qui\u00e9n te observa en las redes sociales - Universo Fam\u00edlia\" \/>\n<meta property=\"og:description\" content=\"Aplicaci\u00f3n para descubrir qui\u00e9n te observa en las redes sociales. \u00bfAlguna vez te has preguntado qui\u00e9n est\u00e1 mirando tus redes sociales?\" \/>\n<meta property=\"og:url\" content=\"https:\/\/universofamilia.com\/hu\/aplicacion-descubrir-quien-observa-redes-sociales\/\" \/>\n<meta property=\"og:site_name\" content=\"Universo Fam\u00edlia\" \/>\n<meta property=\"article:published_time\" content=\"2024-10-02T00:59:56+00:00\" \/>\n<meta property=\"og:image\" content=\"https:\/\/universofamilia.com\/wp-content\/uploads\/sites\/148\/2024\/10\/P-550x350-4.jpg\" \/>\n\t<meta property=\"og:image:width\" content=\"550\" \/>\n\t<meta property=\"og:image:height\" content=\"350\" \/>\n\t<meta property=\"og:image:type\" content=\"image\/jpeg\" \/>\n<meta name=\"twitter:card\" content=\"summary_large_image\" \/>\n<meta name=\"twitter:label1\" content=\"Est. reading time\" \/>\n\t<meta name=\"twitter:data1\" content=\"6 perc\" \/>\n<script type=\"application\/ld+json\" class=\"yoast-schema-graph\">{\"@context\":\"https:\/\/schema.org\",\"@graph\":[{\"@type\":\"WebPage\",\"@id\":\"https:\/\/universofamilia.com\/ro\/aplicacion-descubrir-quien-observa-redes-sociales\/\",\"url\":\"https:\/\/universofamilia.com\/ro\/aplicacion-descubrir-quien-observa-redes-sociales\/\",\"name\":\"Aplicaci\u00f3n para descubrir qui\u00e9n te observa en las redes sociales - Universo Fam\u00edlia\",\"isPartOf\":{\"@id\":\"https:\/\/universofamilia.com\/el\/#website\"},\"primaryImageOfPage\":{\"@id\":\"https:\/\/universofamilia.com\/ro\/aplicacion-descubrir-quien-observa-redes-sociales\/#primaryimage\"},\"image\":{\"@id\":\"https:\/\/universofamilia.com\/ro\/aplicacion-descubrir-quien-observa-redes-sociales\/#primaryimage\"},\"thumbnailUrl\":\"https:\/\/universofamilia.com\/wp-content\/uploads\/sites\/148\/2024\/10\/P-550x350-4.jpg\",\"datePublished\":\"2024-10-02T00:59:56+00:00\",\"dateModified\":\"2024-10-02T00:59:56+00:00\",\"author\":{\"@id\":\"\"},\"description\":\"Aplicaci\u00f3n para descubrir qui\u00e9n te observa en las redes sociales. \u00bfAlguna vez te has preguntado qui\u00e9n est\u00e1 mirando tus redes sociales?\",\"breadcrumb\":{\"@id\":\"https:\/\/universofamilia.com\/ro\/aplicacion-descubrir-quien-observa-redes-sociales\/#breadcrumb\"},\"inLanguage\":\"hu\",\"potentialAction\":[{\"@type\":\"ReadAction\",\"target\":[\"https:\/\/universofamilia.com\/ro\/aplicacion-descubrir-quien-observa-redes-sociales\/\"]}]},{\"@type\":\"ImageObject\",\"inLanguage\":\"hu\",\"@id\":\"https:\/\/universofamilia.com\/ro\/aplicacion-descubrir-quien-observa-redes-sociales\/#primaryimage\",\"url\":\"https:\/\/universofamilia.com\/wp-content\/uploads\/sites\/148\/2024\/10\/P-550x350-4.jpg\",\"contentUrl\":\"https:\/\/universofamilia.com\/wp-content\/uploads\/sites\/148\/2024\/10\/P-550x350-4.jpg\",\"width\":550,\"height\":350,\"caption\":\"Aplicaci\u00f3n para descubrir qui\u00e9n te observa en las redes sociales\"},{\"@type\":\"BreadcrumbList\",\"@id\":\"https:\/\/universofamilia.com\/ro\/aplicacion-descubrir-quien-observa-redes-sociales\/#breadcrumb\",\"itemListElement\":[{\"@type\":\"ListItem\",\"position\":1,\"name\":\"Home\",\"item\":\"https:\/\/universofamilia.com\/el\/\"},{\"@type\":\"ListItem\",\"position\":2,\"name\":\"Aplicaci\u00f3n para descubrir qui\u00e9n te observa en las redes sociales\"}]},{\"@type\":\"WebSite\",\"@id\":\"https:\/\/universofamilia.com\/el\/#website\",\"url\":\"https:\/\/universofamilia.com\/el\/\",\"name\":\"Universo Fam\u00edlia\",\"description\":\"\",\"potentialAction\":[{\"@type\":\"SearchAction\",\"target\":{\"@type\":\"EntryPoint\",\"urlTemplate\":\"https:\/\/universofamilia.com\/el\/?s={search_term_string}\"},\"query-input\":\"required name=search_term_string\"}],\"inLanguage\":\"hu\"}]}<\/script>\n<!-- \/ Yoast SEO plugin. -->","yoast_head_json":{"title":"Aplicaci\u00f3n para descubrir qui\u00e9n te observa en las redes sociales - Universo Fam\u00edlia","description":"Aplicaci\u00f3n para descubrir qui\u00e9n te observa en las redes sociales. \u00bfAlguna vez te has preguntado qui\u00e9n est\u00e1 mirando tus redes sociales?","robots":{"index":"index","follow":"follow","max-snippet":"max-snippet:-1","max-image-preview":"max-image-preview:large","max-video-preview":"max-video-preview:-1"},"canonical":"https:\/\/universofamilia.com\/hu\/aplicacion-descubrir-quien-observa-redes-sociales\/","og_locale":"hu_HU","og_type":"article","og_title":"Aplicaci\u00f3n para descubrir qui\u00e9n te observa en las redes sociales - Universo Fam\u00edlia","og_description":"Aplicaci\u00f3n para descubrir qui\u00e9n te observa en las redes sociales. \u00bfAlguna vez te has preguntado qui\u00e9n est\u00e1 mirando tus redes sociales?","og_url":"https:\/\/universofamilia.com\/hu\/aplicacion-descubrir-quien-observa-redes-sociales\/","og_site_name":"Universo Fam\u00edlia","article_published_time":"2024-10-02T00:59:56+00:00","og_image":[{"width":550,"height":350,"url":"https:\/\/universofamilia.com\/wp-content\/uploads\/sites\/148\/2024\/10\/P-550x350-4.jpg","type":"image\/jpeg"}],"twitter_card":"summary_large_image","twitter_misc":{"Est. reading time":"6 perc"},"schema":{"@context":"https:\/\/schema.org","@graph":[{"@type":"WebPage","@id":"https:\/\/universofamilia.com\/ro\/aplicacion-descubrir-quien-observa-redes-sociales\/","url":"https:\/\/universofamilia.com\/ro\/aplicacion-descubrir-quien-observa-redes-sociales\/","name":"Aplicaci\u00f3n para descubrir qui\u00e9n te observa en las redes sociales - Universo Fam\u00edlia","isPartOf":{"@id":"https:\/\/universofamilia.com\/el\/#website"},"primaryImageOfPage":{"@id":"https:\/\/universofamilia.com\/ro\/aplicacion-descubrir-quien-observa-redes-sociales\/#primaryimage"},"image":{"@id":"https:\/\/universofamilia.com\/ro\/aplicacion-descubrir-quien-observa-redes-sociales\/#primaryimage"},"thumbnailUrl":"https:\/\/universofamilia.com\/wp-content\/uploads\/sites\/148\/2024\/10\/P-550x350-4.jpg","datePublished":"2024-10-02T00:59:56+00:00","dateModified":"2024-10-02T00:59:56+00:00","author":{"@id":""},"description":"Aplicaci\u00f3n para descubrir qui\u00e9n te observa en las redes sociales. \u00bfAlguna vez te has preguntado qui\u00e9n est\u00e1 mirando tus redes sociales?","breadcrumb":{"@id":"https:\/\/universofamilia.com\/ro\/aplicacion-descubrir-quien-observa-redes-sociales\/#breadcrumb"},"inLanguage":"hu","potentialAction":[{"@type":"ReadAction","target":["https:\/\/universofamilia.com\/ro\/aplicacion-descubrir-quien-observa-redes-sociales\/"]}]},{"@type":"ImageObject","inLanguage":"hu","@id":"https:\/\/universofamilia.com\/ro\/aplicacion-descubrir-quien-observa-redes-sociales\/#primaryimage","url":"https:\/\/universofamilia.com\/wp-content\/uploads\/sites\/148\/2024\/10\/P-550x350-4.jpg","contentUrl":"https:\/\/universofamilia.com\/wp-content\/uploads\/sites\/148\/2024\/10\/P-550x350-4.jpg","width":550,"height":350,"caption":"Aplicaci\u00f3n para descubrir qui\u00e9n te observa en las redes sociales"},{"@type":"BreadcrumbList","@id":"https:\/\/universofamilia.com\/ro\/aplicacion-descubrir-quien-observa-redes-sociales\/#breadcrumb","itemListElement":[{"@type":"ListItem","position":1,"name":"Home","item":"https:\/\/universofamilia.com\/el\/"},{"@type":"ListItem","position":2,"name":"Aplicaci\u00f3n para descubrir qui\u00e9n te observa en las redes sociales"}]},{"@type":"WebSite","@id":"https:\/\/universofamilia.com\/el\/#website","url":"https:\/\/universofamilia.com\/el\/","name":"Universo Fam\u00edlia","description":"","potentialAction":[{"@type":"SearchAction","target":{"@type":"EntryPoint","urlTemplate":"https:\/\/universofamilia.com\/el\/?s={search_term_string}"},"query-input":"required name=search_term_string"}],"inLanguage":"hu"}]}},"_links":{"self":[{"href":"https:\/\/universofamilia.com\/hu\/wp-json\/wp\/v2\/posts\/6662"}],"collection":[{"href":"https:\/\/universofamilia.com\/hu\/wp-json\/wp\/v2\/posts"}],"about":[{"href":"https:\/\/universofamilia.com\/hu\/wp-json\/wp\/v2\/types\/post"}],"replies":[{"embeddable":true,"href":"https:\/\/universofamilia.com\/hu\/wp-json\/wp\/v2\/comments?post=6662"}],"version-history":[{"count":0,"href":"https:\/\/universofamilia.com\/hu\/wp-json\/wp\/v2\/posts\/6662\/revisions"}],"wp:featuredmedia":[{"embeddable":true,"href":"https:\/\/universofamilia.com\/hu\/wp-json\/wp\/v2\/media\/6663"}],"wp:attachment":[{"href":"https:\/\/universofamilia.com\/hu\/wp-json\/wp\/v2\/media?parent=6662"}],"wp:term":[{"taxonomy":"category","embeddable":true,"href":"https:\/\/universofamilia.com\/hu\/wp-json\/wp\/v2\/categories?post=6662"},{"taxonomy":"post_tag","embeddable":true,"href":"https:\/\/universofamilia.com\/hu\/wp-json\/wp\/v2\/tags?post=6662"}],"curies":[{"name":"wp","href":"https:\/\/api.w.org\/{rel}","templated":true}]}}