{"id":6750,"date":"2024-10-10T23:35:56","date_gmt":"2024-10-11T02:35:56","guid":{"rendered":"https:\/\/universofamilia.com\/?p=6750"},"modified":"2024-10-10T23:35:56","modified_gmt":"2024-10-11T02:35:56","slug":"las-mejores-y-practicas-apps-para-recuperar-fotos-ocultas","status":"publish","type":"post","link":"https:\/\/universofamilia.com\/hu\/las-mejores-y-practicas-apps-para-recuperar-fotos-ocultas\/","title":{"rendered":"A legjobb \u00e9s praktikus alkalmaz\u00e1sok rejtett f\u00e9nyk\u00e9pek helyre\u00e1ll\u00edt\u00e1s\u00e1hoz"},"content":{"rendered":"<p>A fontos f\u00e9nyk\u00e9pek elveszt\u00e9se m\u00e9lyen megviselhet minket, k\u00fcl\u00f6n\u00f6sen, ha ezek a k\u00e9pek a gyermekeinkkel vagy unok\u00e1inkkal t\u00f6lt\u00f6tt k\u00fcl\u00f6nleges pillanatokat \u00f6r\u00f6k\u00edtik meg.<\/p>\n\n\n\n<p>K\u00e9pzelj\u00fck el Juan helyzet\u00e9t, egy odaad\u00f3 nagyapa\u00e9t, aki mindig f\u00e9nyk\u00e9peket k\u00e9sz\u00edtett unok\u00e1ir\u00f3l, hogy meg\u00f6r\u00f6k\u00edtsen minden mosolyt, sz\u00fclet\u00e9snapot \u00e9s kir\u00e1ndul\u00e1st.<\/p>\n\n\n\n<p><\/p>\n\n\n\n<hr class=\"wp-block-separator has-text-color has-luminous-vivid-orange-color has-alpha-channel-opacity has-luminous-vivid-orange-background-color has-background\"\/>\n\n\n\n<h2 class=\"wp-block-heading has-text-align-center\">Mit szeretn\u00e9l el\u0151sz\u00f6r csin\u00e1lni?<\/h2>\n\n\n\n<div class=\"wp-block-buttons is-content-justification-center is-layout-flex wp-container-core-buttons-layout-1 wp-block-buttons-is-layout-flex\">\n<div class=\"wp-block-button has-custom-width wp-block-button__width-100 is-style-outline\" style=\"text-decoration:none\"><a class=\"wp-block-button__link has-white-color has-vivid-cyan-blue-background-color has-text-color has-background has-link-color has-text-align-left wp-element-button\" href=\"https:\/\/universofamilia.com\/hu\/6744\/restaurar-fotos-usando-el-celular\/\" style=\"border-radius:10px\">Fot\u00f3k vissza\u00e1ll\u00edt\u00e1sa mobiltelefonnal \u27a1\ufe0f<\/a><\/div>\n<\/div>\n\n\n\n<div class=\"wp-block-buttons is-content-justification-center is-layout-flex wp-container-core-buttons-layout-2 wp-block-buttons-is-layout-flex\">\n<div class=\"wp-block-button has-custom-width wp-block-button__width-100 is-style-outline\" style=\"text-decoration:none\"><a class=\"wp-block-button__link has-white-color has-vivid-cyan-blue-background-color has-text-color has-background has-link-color has-text-align-left wp-element-button\" href=\"https:\/\/universofamilia.com\/hu\/6739\/encontrar-fotos-ocultas-en-el-celular\/\" style=\"border-radius:10px\">Rejtett fot\u00f3k keres\u00e9se a mobiltelefonodon \u27a1\ufe0f<\/a><\/div>\n<\/div>\n\n\n\n<div class=\"wp-block-buttons is-content-justification-center is-layout-flex wp-container-core-buttons-layout-3 wp-block-buttons-is-layout-flex\">\n<div class=\"wp-block-button has-custom-width wp-block-button__width-100 is-style-outline\" style=\"text-decoration:none\"><a class=\"wp-block-button__link has-white-color has-vivid-cyan-blue-background-color has-text-color has-background has-link-color has-text-align-left wp-element-button\" href=\"https:\/\/universofamilia.com\/hu\/6733\/recuperar-cualquier-archivo-digital-eliminado\/\" style=\"border-radius:10px\">T\u00f6r\u00f6lt digit\u00e1lis f\u00e1jlok helyre\u00e1ll\u00edt\u00e1sa \u27a1\ufe0f<\/a><\/div>\n<\/div>\n\n\n\n<hr class=\"wp-block-separator has-text-color has-luminous-vivid-orange-color has-alpha-channel-opacity has-luminous-vivid-orange-background-color has-background\"\/>\n\n\n\n<p><\/p>\n\n\n\n<p>Egy nap, mik\u00f6zben a mobiltelefonj\u00e1t n\u00e9zegette, Juan r\u00e1j\u00f6tt, hogy ezek az eml\u00e9kek elt\u0171ntek.<\/p>\n\n\n\n<p>K\u00e9ts\u00e9gbeesetten keresett megold\u00e1st a f\u00e9nyk\u00e9pek helyre\u00e1ll\u00edt\u00e1s\u00e1ra, \u00e9s szerencs\u00e9re megtal\u00e1lta a v\u00e1laszt az elveszett vagy rejtett fot\u00f3k helyre\u00e1ll\u00edt\u00e1s\u00e1ra szolg\u00e1l\u00f3 alkalmaz\u00e1sokban.<\/p>\n\n\n\n<p>Ezeknek az alkalmaz\u00e1soknak k\u00f6sz\u00f6nhet\u0151en Juan vissza tudta \u00e1ll\u00edtani \u00e9rt\u00e9kes eml\u00e9keit.<\/p>\n\n\n\n<p>Ha ez a t\u00f6rt\u00e9net meg\u00e9rintett, \u00e9s m\u00f3dokat keresel elveszett fot\u00f3id visszaszerz\u00e9s\u00e9re, olvass tov\u00e1bb.<\/p>\n\n\n\n<p>Fedezz\u00fck fel az \u00f6t legjobb \u00e9s legpraktikusabb alkalmaz\u00e1st a telefonon l\u00e9v\u0151 fot\u00f3k helyre\u00e1ll\u00edt\u00e1s\u00e1hoz, amelyek Androidra \u00e9s iOS-re is el\u00e9rhet\u0151k.<\/p>\n\n\n\n<h2 class=\"wp-block-heading\">Mi\u00e9rt fontosak a fot\u00f3-helyre\u00e1ll\u00edt\u00f3 alkalmaz\u00e1sok?<\/h2>\n\n\n\n<p>A f\u00e9nyk\u00e9pek elveszt\u00e9se sz\u00e1mos okb\u00f3l t\u00f6rt\u00e9nhet: rendszer\u00f6sszeoml\u00e1s, v\u00e9letlen t\u00f6rl\u00e9s, szoftverfriss\u00edt\u00e9s vagy ak\u00e1r mem\u00f3riak\u00e1rtya meghib\u00e1sod\u00e1sa.<\/p>\n\n\n\n<p>F\u00fcggetlen\u00fcl az okt\u00f3l, fontos tudni, hogy vannak olyan alkalmaz\u00e1sok, amelyek seg\u00edthetnek ezen \u00e9rt\u00e9kes k\u00e9pek vissza\u00e1ll\u00edt\u00e1s\u00e1ban.<\/p>\n\n\n\n<p>Amellett, hogy k\u00f6nnyen haszn\u00e1lhat\u00f3ak, ezek az alkalmaz\u00e1sok hat\u00e9kony fel\u00e9p\u00fcl\u00e9st k\u00edn\u00e1lnak, rem\u00e9nyt adva azoknak, akik azt hiszik, hogy mindent elvesz\u00edtettek.<\/p>\n\n\n\n<p>Ezek az alkalmaz\u00e1sok \u00fagy m\u0171k\u00f6dnek, hogy a telefon bels\u0151 vagy k\u00fcls\u0151 t\u00e1rol\u00f3j\u00e1t \u00e1tvizsg\u00e1lj\u00e1k t\u00f6r\u00f6lt vagy rejtett f\u00e1jlok ut\u00e1n kutatva.<\/p>\n\n\n\n<p>Legt\u00f6bbj\u00fck fejlett technol\u00f3gi\u00e1t haszn\u00e1l, amely megkeresi a k\u00e9pf\u00e1jlokat, \u00edgy n\u00e9h\u00e1ny koppint\u00e1ssal vissza\u00e1ll\u00edthatja azokat.<\/p>\n\n\n\n<h2 class=\"wp-block-heading\">5 legjobb alkalmaz\u00e1s rejtett vagy elveszett f\u00e9nyk\u00e9pek helyre\u00e1ll\u00edt\u00e1s\u00e1ra<\/h2>\n\n\n\n<h3 class=\"wp-block-heading\">1. <strong>DiskDigger (Android)<\/strong><\/h3>\n\n\n\n<p>A DiskDigger az egyik legn\u00e9pszer\u0171bb fot\u00f3-helyre\u00e1ll\u00edt\u00f3 alkalmaz\u00e1s Android-eszk\u00f6z\u00f6kre.<\/p>\n\n\n\n<p>A bels\u0151 mem\u00f3ri\u00e1t \u00e9s az SD-k\u00e1rty\u00e1t is \u00e1tvizsg\u00e1lja, megkeresve a t\u00f6r\u00f6lt f\u00e9nyk\u00e9peket. Az eredm\u00e9nyeket ak\u00e1r sz\u0171rheted is, hogy gyorsabban megtal\u00e1ld a k\u00edv\u00e1nt k\u00e9peket.<\/p>\n\n\n\n<p><strong>El\u0151ny\u00f6k:<\/strong><\/p>\n\n\n\n<ul class=\"wp-block-list\">\n<li>K\u00f6nnyen haszn\u00e1lhat\u00f3, ide\u00e1lis azok sz\u00e1m\u00e1ra, akiknek nincs m\u0171szaki tapasztalatuk.<\/li>\n\n\n\n<li>Lehet\u0151v\u00e9 teszi a f\u00e9nyk\u00e9pek el\u0151n\u00e9zet\u00e9t a vissza\u00e1ll\u00edt\u00e1s el\u0151tt.<\/li>\n\n\n\n<li>A legt\u00f6bb Android-eszk\u00f6zzel kompatibilis.<\/li>\n<\/ul>\n\n\n\n<p><strong>Felhaszn\u00e1l\u00f3i v\u00e9lem\u00e9nyek:<\/strong><\/p>\n\n\n\n<ul class=\"wp-block-list\">\n<li>\u201eVisszaszereztem az \u00f6sszes csal\u00e1di nyaral\u00e1sr\u00f3l k\u00e9sz\u00fclt fot\u00f3mat! Ez az alkalmaz\u00e1s megmentett.\u201d \u2013 Ricardo S.<\/li>\n\n\n\n<li>\u201eNagyon hat\u00e9kony, sok olyan fot\u00f3t siker\u00fclt visszaszereznem, amelyekr\u0151l azt hittem, \u00f6r\u00f6kre elvesztek.\u201d \u2014 Ana C.<\/li>\n\n\n\n<li>\u201eGyorsan \u00e9s praktikusan seg\u00edtett a fontos f\u00e9nyk\u00e9pek helyre\u00e1ll\u00edt\u00e1s\u00e1ban.\u201d \u2013 Juan P.<\/li>\n<\/ul>\n\n\n\n<h3 class=\"wp-block-heading\">2. <strong>Dr.Fone \u2013 Adatment\u00e9s (iOS \u00e9s Android)<\/strong><\/h3>\n\n\n\n<p>A Dr.Fone egy komplett megold\u00e1s azok sz\u00e1m\u00e1ra, akik Android \u00e9s iOS eszk\u00f6z\u00f6k\u00f6n szeretn\u00e9nek f\u00e9nyk\u00e9peket vissza\u00e1ll\u00edtani.<\/p>\n\n\n\n<p>A f\u00e9nyk\u00e9pek helyre\u00e1ll\u00edt\u00e1sa mellett n\u00e9vjegyeket, vide\u00f3kat, \u00fczeneteket \u00e9s sok minden m\u00e1st is vissza\u00e1ll\u00edt. Ez az egyik legmegb\u00edzhat\u00f3bb \u00e9s legaj\u00e1nlottabb adat-helyre\u00e1ll\u00edt\u00e1si alkalmaz\u00e1s.<\/p>\n\n\n\n<p><strong>El\u0151ny\u00f6k:<\/strong><\/p>\n\n\n\n<ul class=\"wp-block-list\">\n<li>A f\u00e9nyk\u00e9peken k\u00edv\u00fcl sz\u00e1mos m\u00e1s f\u00e1jlt\u00edpust is t\u00e1mogat.<\/li>\n\n\n\n<li>Kompatibilis iOS \u00e9s Android eszk\u00f6z\u00f6kkel.<\/li>\n\n\n\n<li>Egyszer\u0171 \u00e9s felhaszn\u00e1l\u00f3bar\u00e1t fel\u00fclet.<\/li>\n<\/ul>\n\n\n\n<p><strong>Felhaszn\u00e1l\u00f3i v\u00e9lem\u00e9nyek:<\/strong><\/p>\n\n\n\n<ul class=\"wp-block-list\">\n<li>\u201eK\u00e9ts\u00e9gbeesett voltam, miut\u00e1n elvesztettem a l\u00e1nyom \u00f6sszes sz\u00fclet\u00e9snapi fot\u00f3j\u00e1t. Dr. Fone mindet visszaszerezte!\u201d \u2013 Carla M.<\/li>\n\n\n\n<li>\u201eNagyon j\u00f3l m\u0171k\u00f6dik, \u00e9s az \u00fcgyf\u00e9lszolg\u00e1lat kiv\u00e1l\u00f3.\u201d \u2014 Paulo G.<\/li>\n\n\n\n<li>\u201eSiker\u00fclt visszaszereznem olyan r\u00e9gi f\u00e9nyk\u00e9peket, amelyekr\u0151l nem is tudtam, hogy elrejtve vannak!\u201d \u2013 Marina F.<\/li>\n<\/ul>\n\n\n\n<h3 class=\"wp-block-heading\">3. <strong>EaseUS MobiSaver (iOS \u00e9s Android)<\/strong><\/h3>\n\n\n\n<p>Az EaseUS MobiSaver arr\u00f3l ismert, hogy hat\u00e9konyan k\u00e9pes helyre\u00e1ll\u00edtani az adatokat a mobileszk\u00f6z\u00f6kr\u0151l.<\/p>\n\n\n\n<p>T\u00e1mogatja mind az Androidot, mind az iOS-t, \u00e9s k\u00e9pes vissza\u00e1ll\u00edtani a t\u00f6r\u00f6lt f\u00e9nyk\u00e9peket, vide\u00f3kat \u00e9s egy\u00e9b adatokat, ak\u00e1r a k\u00e9sz\u00fcl\u00e9ken, ak\u00e1r SD-k\u00e1rty\u00e1n t\u00e1rolva.<\/p>\n\n\n\n<p><strong>El\u0151ny\u00f6k:<\/strong><\/p>\n\n\n\n<ul class=\"wp-block-list\">\n<li>Teljes t\u00e1mogat\u00e1s t\u00f6bb f\u00e1jlform\u00e1tumhoz.<\/li>\n\n\n\n<li>Gyors \u00e9s hat\u00e9kony szkennel\u00e9s.<\/li>\n\n\n\n<li>Kiv\u00e1l\u00f3 azoknak a felhaszn\u00e1l\u00f3knak, akik teljes k\u00f6r\u0171 helyre\u00e1ll\u00edt\u00e1si megold\u00e1st keresnek.<\/li>\n<\/ul>\n\n\n\n<p><strong>Felhaszn\u00e1l\u00f3i v\u00e9lem\u00e9nyek:<\/strong><\/p>\n\n\n\n<ul class=\"wp-block-list\">\n<li>\u201eGyors \u00e9s k\u00f6nnyen haszn\u00e1lhat\u00f3. Vissza\u00e1ll\u00edtottam az \u00f6sszes esk\u00fcv\u0151i fot\u00f3mat!\u201d \u2014 Fernanda L.<\/li>\n\n\n\n<li>\u201eNagyszer\u0171 alkalmaz\u00e1s azoknak, akiknek gyorsan vissza kell \u00e1ll\u00edtaniuk a f\u00e9nyk\u00e9peiket.\u201d \u2014 Pedro M.<\/li>\n\n\n\n<li>\u201eNagyon aj\u00e1nlott azoknak, akik elvesztett\u00e9k fontos f\u00e1jljaikat a mobiltelefonjukon.\u201d \u2013 Sandra T.<\/li>\n<\/ul>\n\n\n\n<h3 class=\"wp-block-heading\">4. <strong>Kont\u00e9ner (Android)<\/strong><\/h3>\n\n\n\n<p>A kuka \u00fagy m\u0171k\u00f6dik, mint egy \u00fajrahasznos\u00edt\u00f3 kuka az Androidodon.<\/p>\n\n\n\n<p>Lehet\u0151v\u00e9 teszi a v\u00e9letlen\u00fcl t\u00f6r\u00f6lt f\u00e9nyk\u00e9pek \u00e9s vide\u00f3k vissza\u00e1ll\u00edt\u00e1s\u00e1t, \u00edgy m\u00e1sodik es\u00e9lyt ad az elveszett f\u00e1jlok internetkapcsolat n\u00e9lk\u00fcli helyre\u00e1ll\u00edt\u00e1s\u00e1ra.<\/p>\n\n\n\n<p><strong>El\u0151ny\u00f6k:<\/strong><\/p>\n\n\n\n<ul class=\"wp-block-list\">\n<li>Offline m\u0171k\u00f6dik, nincs sz\u00fcks\u00e9g internetre.<\/li>\n\n\n\n<li>Lehet\u0151v\u00e9 teszi a k\u00fcl\u00f6nb\u00f6z\u0151 f\u00e1jlform\u00e1tumok vissza\u00e1ll\u00edt\u00e1s\u00e1t.<\/li>\n\n\n\n<li>A kezel\u0151fel\u00fclet egyszer\u0171 \u00e9s intuit\u00edv.<\/li>\n<\/ul>\n\n\n\n<p><strong>Felhaszn\u00e1l\u00f3i v\u00e9lem\u00e9nyek:<\/strong><\/p>\n\n\n\n<ul class=\"wp-block-list\">\n<li>\u201eEz az alkalmaz\u00e1s m\u00e1r t\u00f6bbsz\u00f6r is megmentett! A telefonom n\u00e9lk\u00fcl\u00f6zhetetlen szemetese.\u201d \u2013 Luisa F.<\/li>\n\n\n\n<li>\u201eR\u00e9gi f\u00e9nyk\u00e9peket tal\u00e1lt vissza, amelyekr\u0151l azt hittem, soha t\u00f6bb\u00e9 nem l\u00e1tom.\u201d \u2013 Victor S.<\/li>\n\n\n\n<li>\u201eNagyon k\u00f6nnyen haszn\u00e1lhat\u00f3, minden neh\u00e9zs\u00e9g n\u00e9lk\u00fcl vissza\u00e1ll\u00edtottam a fontos f\u00e9nyk\u00e9peket.\u201d \u2014 Roberto D.<\/li>\n<\/ul>\n\n\n\n<p><\/p>\n\n\n\n<hr class=\"wp-block-separator has-text-color has-luminous-vivid-orange-color has-alpha-channel-opacity has-luminous-vivid-orange-background-color has-background\"\/>\n\n\n\n<h2 class=\"wp-block-heading\">Olvasd el m\u00e9g:<\/h2>\n\n\n\n<ul class=\"wp-block-list\">\n<li><a href=\"https:\/\/universofamilia.com\/hu\/5893\/acelera-tu-celular-despierta-tu-productividad\/\"><font style=\"vertical-align: inherit;\"><font style=\"vertical-align: inherit;\">\ud83d\udccc Gyors\u00edtsd fel a mobiltelefonodat<\/font><\/font> &gt;<\/a><\/li>\n\n\n\n<li><a href=\"https:\/\/universofamilia.com\/hu\/5869\/descubre-quien-te-esta-observando-en-las-redes-sociales\/\">\ud83d\udccc Kik l\u00e1togatt\u00e1k meg a profilodat?<\/a><\/li>\n\n\n\n<li><a href=\"https:\/\/universofamilia.com\/hu\/6568\/aprende-mecanica-automotriz-aplicacion\/\">\ud83d\udccc Tanulj aut\u00f3szerel\u0151nek egy alkalmaz\u00e1ssal<\/a><\/li>\n<\/ul>\n\n\n\n<hr class=\"wp-block-separator has-text-color has-luminous-vivid-orange-color has-alpha-channel-opacity has-luminous-vivid-orange-background-color has-background\"\/>\n\n\n\n<p><\/p>\n\n\n\n<h3 class=\"wp-block-heading\">5. <strong>PhotoRec (iOS \u00e9s Android)<\/strong><\/h3>\n\n\n\n<p>A PhotoRec egy hat\u00e9kony fot\u00f3-helyre\u00e1ll\u00edt\u00f3 eszk\u00f6z, amely sz\u00e1mos f\u00e1jlform\u00e1tumot t\u00e1mogat.<\/p>\n\n\n\n<p>Nagyon hat\u00e9kony az adatment\u00e9sben, k\u00fcl\u00f6n\u00f6sen azokn\u00e1l, amelyeket mem\u00f3riak\u00e1rty\u00e1kr\u00f3l vagy a mobiltelefon bels\u0151 t\u00e1rhely\u00e9r\u0151l t\u00f6r\u00f6ltek.<\/p>\n\n\n\n<p><strong>El\u0151ny\u00f6k:<\/strong><\/p>\n\n\n\n<ul class=\"wp-block-list\">\n<li>K\u00fcl\u00f6nb\u00f6z\u0151 t\u00edpus\u00fa eszk\u00f6z\u00f6k \u00e9s oper\u00e1ci\u00f3s rendszerek t\u00e1mogat\u00e1sa.<\/li>\n\n\n\n<li>Kiv\u00e1l\u00f3 min\u0151s\u00e9g\u0171 f\u00e1jl-helyre\u00e1ll\u00edt\u00e1s.<\/li>\n\n\n\n<li>Ide\u00e1lis halad\u00f3 felhaszn\u00e1l\u00f3k sz\u00e1m\u00e1ra, akik robusztusabb megold\u00e1st keresnek.<\/li>\n<\/ul>\n\n\n\n<p><strong>Felhaszn\u00e1l\u00f3i v\u00e9lem\u00e9nyek:<\/strong><\/p>\n\n\n\n<ul class=\"wp-block-list\">\n<li>\u201eNagyon hat\u00e9kony \u00e9s gyors. Visszaszereztem az elveszett utaz\u00e1si fot\u00f3imat.\u201d \u2013 Camila R.<\/li>\n\n\n\n<li>\u201eNemcsak fot\u00f3kat, hanem r\u00e9gi vide\u00f3kat is siker\u00fclt visszaszereznem. Fantasztikus!\u201d \u2013 Eduardo N.<\/li>\n\n\n\n<li>\u201eMegb\u00edzhat\u00f3 \u00e9s k\u00f6nnyen haszn\u00e1lhat\u00f3 alkalmaz\u00e1s.\u201d \u2014 Juliana P.<\/li>\n<\/ul>\n\n\n<div class=\"wp-block-image\">\n<figure class=\"aligncenter size-full\"><img loading=\"lazy\" decoding=\"async\" width=\"550\" height=\"350\" src=\"http:\/\/universofamilia.com\/wp-content\/uploads\/sites\/148\/2024\/10\/DESTAQUE-UNIVERSO-550-x-350-16.jpg\" alt=\"\" class=\"wp-image-6751\" srcset=\"https:\/\/universofamilia.com\/wp-content\/uploads\/sites\/148\/2024\/10\/DESTAQUE-UNIVERSO-550-x-350-16.jpg 550w, https:\/\/universofamilia.com\/wp-content\/uploads\/sites\/148\/2024\/10\/DESTAQUE-UNIVERSO-550-x-350-16-300x191.jpg 300w\" sizes=\"(max-width: 550px) 100vw, 550px\" \/><figcaption class=\"wp-element-caption\">A legjobb \u00e9s praktikus alkalmaz\u00e1sok rejtett f\u00e9nyk\u00e9pek helyre\u00e1ll\u00edt\u00e1s\u00e1hoz<\/figcaption><\/figure><\/div>\n\n\n<h2 class=\"wp-block-heading\">K\u00f6vetkeztet\u00e9s<\/h2>\n\n\n\n<p>A f\u00e9nyk\u00e9pek elveszt\u00e9se les\u00fajt\u00f3 lehet, de szerencs\u00e9re a megfelel\u0151 alkalmaz\u00e1sokkal vissza\u00e1ll\u00edthatod az eml\u00e9keidet \u00e9s \u00fajra\u00e9lheted a k\u00fcl\u00f6nleges pillanatokat.<\/p>\n\n\n\n<p>Juanhoz hasonl\u00f3an, akinek siker\u00fclt vissza\u00e1ll\u00edtania unok\u00e1i \u00f6sszes fot\u00f3j\u00e1t, te is gyors \u00e9s hat\u00e9kony megold\u00e1sokat tal\u00e1lhatsz a fent eml\u00edtett alkalmaz\u00e1sokkal.<\/p>\n\n\n\n<p>B\u00e1rmilyen eszk\u00f6zzel is rendelkezel, biztosan tal\u00e1lsz megold\u00e1st.<\/p>\n\n\n\n<p>Ne felejtsd el megosztani ezt a cikket a bar\u00e1taiddal \u00e9s a csal\u00e1doddal.<\/p>\n\n\n\n<p>Sosem tudhatod, mikor lehet sz\u00fcks\u00e9ged neked vagy egy hozz\u00e1d k\u00f6zel \u00e1ll\u00f3 szem\u00e9lynek seg\u00edts\u00e9gre \u00e9rt\u00e9kes f\u00e9nyk\u00e9pek visszaszerz\u00e9s\u00e9hez!<\/p>\n\n\n\n<h3 class=\"wp-block-heading\">Let\u00f6lt\u00e9si linkek:<\/h3>\n\n\n\n<ul class=\"wp-block-list\">\n<li><strong>LemezDigger<\/strong> &#8211; <a href=\"https:\/\/play.google.com\/store\/apps\/details?id=com.defianttech.diskdigger&amp;hl=pt_BR\">Android<\/a> \/ <a href=\"https:\/\/diskdigger.org\/\">iOS<\/a><\/li>\n\n\n\n<li><strong>EaseUS MobiSaver<\/strong> &#8211; <a href=\"https:\/\/apps.apple.com\/us\/app\/easeus-data-recovery-wizard\/id740355970?mt=12\">Android<\/a> \/ <a href=\"https:\/\/apps.apple.com\/br\/app\/velocity-x\/id1547404030\">iOS<\/a><\/li>\n\n\n\n<li><strong>Dr.Fone <\/strong>&#8211; <a href=\"https:\/\/play.google.com\/store\/apps\/details?id=com.wondershare.drfoneapp&amp;hl=pt_BR\">Android <\/a>\/ <a href=\"https:\/\/apps.apple.com\/br\/app\/dr-fone-recupera%C3%A7%C3%A3o-de-dados\/id1030298807\">iOS<\/a><\/li>\n\n\n\n<li><strong>Kont\u00e9ner<\/strong> &#8211; <a href=\"https:\/\/play.google.com\/store\/apps\/details?id=com.baloota.dumpster&amp;hl=pt_BR\">Android<\/a> \/ <a href=\"https:\/\/apps.apple.com\/br\/app\/recupera%C3%A7%C3%A3o-de-fotos-dumpster\/id1554630554\">iOS<\/a><\/li>\n\n\n\n<li><strong>PhotoRec <\/strong> &#8211; <a href=\"https:\/\/play.google.com\/store\/apps\/details?id=com.wenen.photorecovery\">Android<\/a> \/ <a href=\"https:\/\/apps.apple.com\/br\/app\/photo-recovery-phone-i-cloud\/id1482562954\">iOS<\/a><\/li>\n<\/ul>\n\n\n\n<p>Ezekkel az alkalmaz\u00e1sokkal soha t\u00f6bb\u00e9 nem kell agg\u00f3dnod \u00e9rt\u00e9kes f\u00e9nyk\u00e9peid elveszt\u00e9se miatt.<\/p>\n\n\n\n<hr class=\"wp-block-separator has-alpha-channel-opacity\"\/>\n\n\n\n<h3 class=\"wp-block-heading\">Gyakran Ism\u00e9telt K\u00e9rd\u00e9sek (GYIK)<\/h3>\n\n\n\n<h4 class=\"wp-block-heading\">1. Vissza tudom \u00e1ll\u00edtani a r\u00e9gen t\u00f6r\u00f6lt f\u00e9nyk\u00e9peket?<\/h4>\n\n\n\n<p>Igen, lehets\u00e9ges a r\u00e9gen t\u00f6r\u00f6lt f\u00e9nyk\u00e9pek vissza\u00e1ll\u00edt\u00e1sa, felt\u00e9ve, hogy a f\u00e1jlokat nem \u00edrt\u00e1k fel\u00fcl m\u00e1s adatok. A fent eml\u00edtett alkalmaz\u00e1sok a bels\u0151 \u00e9s k\u00fcls\u0151 t\u00e1rol\u00f3eszk\u00f6z\u00f6ket is \u00e1tvizsg\u00e1lj\u00e1k a t\u00f6r\u00f6lt f\u00e1jlok megtal\u00e1l\u00e1sa \u00e9rdek\u00e9ben.<\/p>\n\n\n\n<h4 class=\"wp-block-heading\">2. Biztons\u00e1gosak az alkalmaz\u00e1sok haszn\u00e1lata?<\/h4>\n\n\n\n<p>Igen, a cikkben aj\u00e1nlott alkalmaz\u00e1sok biztons\u00e1gosan haszn\u00e1lhat\u00f3k, \u00e9s j\u00f3 \u00e9rt\u00e9kel\u00e9sekkel rendelkeznek a Google Playen \u00e9s az Apple Store-ban. Azonban mindig \u00e9rdemes elolvasni a felhaszn\u00e1l\u00f3i v\u00e9lem\u00e9nyeket let\u00f6lt\u00e9s el\u0151tt.<\/p>\n\n\n\n<h4 class=\"wp-block-heading\">3. A f\u00e9nyk\u00e9peken k\u00edv\u00fcl m\u00e1s t\u00edpus\u00fa f\u00e1jlokat is helyre\u00e1ll\u00edthatok?<\/h4>\n\n\n\n<p>Igen, ezek k\u00f6z\u00fcl az alkalmaz\u00e1sok k\u00f6z\u00fcl sok lehet\u0151v\u00e9 teszi vide\u00f3k, \u00fczenetek, n\u00e9vjegyek \u00e9s m\u00e1s t\u00edpus\u00fa f\u00e1jlok helyre\u00e1ll\u00edt\u00e1s\u00e1t a f\u00e9nyk\u00e9pek mellett, ahogyan az a Dr.Fone \u00e9s az EaseUS MobiSaver eset\u00e9ben is t\u00f6rt\u00e9nik.<\/p>\n\n\n\n<h4 class=\"wp-block-heading\">4. Rootolni kell az eszk\u00f6z\u00f6met ahhoz, hogy haszn\u00e1lhassam ezeket az alkalmaz\u00e1sokat?<\/h4>\n\n\n\n<p>N\u00e9h\u00e1ny alkalmaz\u00e1s, mint p\u00e9ld\u00e1ul a DiskDigger, rootolt eszk\u00f6z\u00f6k\u00f6n m\u0171k\u00f6dik a legjobban, de sokuk root n\u00e9lk\u00fcl is k\u00e9pes f\u00e1jlokat helyre\u00e1ll\u00edtani.<\/p>\n\n\n\n<h4 class=\"wp-block-heading\">5. Mennyi id\u0151 alatt lehet vissza\u00e1ll\u00edtani a k\u00e9peket?<\/h4>\n\n\n\n<p>A helyre\u00e1ll\u00edt\u00e1si id\u0151 a t\u00e1rhely m\u00e9ret\u00e9t\u0151l \u00e9s a t\u00f6r\u00f6lt fot\u00f3k sz\u00e1m\u00e1t\u00f3l f\u00fcgg. A legt\u00f6bb alkalmaz\u00e1s azonban n\u00e9h\u00e1ny perct\u0151l egy \u00f3r\u00e1ig terjed\u0151 id\u0151tartamig k\u00e9pes elv\u00e9gezni a folyamatot.<\/p>","protected":false},"excerpt":{"rendered":"<p>A fontos f\u00e9nyk\u00e9pek elveszt\u00e9se m\u00e9lyen megviselhet minket, k\u00fcl\u00f6n\u00f6sen, ha ezek a k\u00e9pek gyermekeinkkel vagy unok\u00e1inkkal t\u00f6lt\u00f6tt k\u00fcl\u00f6nleges pillanatokat \u00f6r\u00f6k\u00edtenek meg. K\u00e9pzelj\u00fck el Juan helyzet\u00e9t, egy odaad\u00f3 nagyap\u00e1\u00e9t, aki mindig f\u00e9nyk\u00e9peket k\u00e9sz\u00edtett unok\u00e1ir\u00f3l, hogy meg\u00f6r\u00f6k\u00edtse minden mosoly\u00e1t, sz\u00fclet\u00e9snapj\u00e1t \u00e9s kir\u00e1ndul\u00e1s\u00e1t. Mit szeretne el\u0151sz\u00f6r csin\u00e1lni? Egy nap, mik\u00f6zben a mobiltelefonj\u00e1t n\u00e9zegette, Juan r\u00e1j\u00f6tt [\u2026]<\/p>","protected":false},"author":0,"featured_media":6752,"comment_status":"closed","ping_status":"open","sticky":false,"template":"","format":"standard","meta":{"footnotes":""},"categories":[2],"tags":[345,628,767,1375,1389,1429],"yoast_head":"<!-- This site is optimized with the Yoast SEO plugin v23.3 - https:\/\/yoast.com\/wordpress\/plugins\/seo\/ -->\n<title>Las Mejores y Pr\u00e1cticas Apps para Recuperar Fotos Ocultas - Universo Fam\u00edlia<\/title>\n<meta name=\"description\" content=\"Las Mejores y Pr\u00e1cticas Apps para Recuperar Fotos Ocultas. Perder fotos importantes puede afectarnos profundamente, especialmente....\" \/>\n<meta name=\"robots\" content=\"index, follow, max-snippet:-1, max-image-preview:large, max-video-preview:-1\" \/>\n<link rel=\"canonical\" href=\"https:\/\/universofamilia.com\/hu\/las-mejores-y-practicas-apps-para-recuperar-fotos-ocultas\/\" \/>\n<meta property=\"og:locale\" content=\"hu_HU\" \/>\n<meta property=\"og:type\" content=\"article\" \/>\n<meta property=\"og:title\" content=\"Las Mejores y Pr\u00e1cticas Apps para Recuperar Fotos Ocultas - Universo Fam\u00edlia\" \/>\n<meta property=\"og:description\" content=\"Las Mejores y Pr\u00e1cticas Apps para Recuperar Fotos Ocultas. Perder fotos importantes puede afectarnos profundamente, especialmente....\" \/>\n<meta property=\"og:url\" content=\"https:\/\/universofamilia.com\/hu\/las-mejores-y-practicas-apps-para-recuperar-fotos-ocultas\/\" \/>\n<meta property=\"og:site_name\" content=\"Universo Fam\u00edlia\" \/>\n<meta property=\"article:published_time\" content=\"2024-10-11T02:35:56+00:00\" \/>\n<meta property=\"og:image\" content=\"https:\/\/universofamilia.com\/wp-content\/uploads\/sites\/148\/2024\/10\/DESTAQUE-UNIVERSO-550-x-350-17.jpg\" \/>\n\t<meta property=\"og:image:width\" content=\"550\" \/>\n\t<meta property=\"og:image:height\" content=\"350\" \/>\n\t<meta property=\"og:image:type\" content=\"image\/jpeg\" \/>\n<meta name=\"twitter:card\" content=\"summary_large_image\" \/>\n<meta name=\"twitter:label1\" content=\"Est. reading time\" \/>\n\t<meta name=\"twitter:data1\" content=\"7 perc\" \/>\n<script type=\"application\/ld+json\" class=\"yoast-schema-graph\">{\"@context\":\"https:\/\/schema.org\",\"@graph\":[{\"@type\":\"WebPage\",\"@id\":\"https:\/\/universofamilia.com\/fr\/las-mejores-y-practicas-apps-para-recuperar-fotos-ocultas\/\",\"url\":\"https:\/\/universofamilia.com\/fr\/las-mejores-y-practicas-apps-para-recuperar-fotos-ocultas\/\",\"name\":\"Las Mejores y Pr\u00e1cticas Apps para Recuperar Fotos Ocultas - Universo Fam\u00edlia\",\"isPartOf\":{\"@id\":\"https:\/\/universofamilia.com\/el\/#website\"},\"primaryImageOfPage\":{\"@id\":\"https:\/\/universofamilia.com\/fr\/las-mejores-y-practicas-apps-para-recuperar-fotos-ocultas\/#primaryimage\"},\"image\":{\"@id\":\"https:\/\/universofamilia.com\/fr\/las-mejores-y-practicas-apps-para-recuperar-fotos-ocultas\/#primaryimage\"},\"thumbnailUrl\":\"https:\/\/universofamilia.com\/wp-content\/uploads\/sites\/148\/2024\/10\/DESTAQUE-UNIVERSO-550-x-350-17.jpg\",\"datePublished\":\"2024-10-11T02:35:56+00:00\",\"dateModified\":\"2024-10-11T02:35:56+00:00\",\"author\":{\"@id\":\"\"},\"description\":\"Las Mejores y Pr\u00e1cticas Apps para Recuperar Fotos Ocultas. Perder fotos importantes puede afectarnos profundamente, especialmente....\",\"breadcrumb\":{\"@id\":\"https:\/\/universofamilia.com\/fr\/las-mejores-y-practicas-apps-para-recuperar-fotos-ocultas\/#breadcrumb\"},\"inLanguage\":\"hu\",\"potentialAction\":[{\"@type\":\"ReadAction\",\"target\":[\"https:\/\/universofamilia.com\/fr\/las-mejores-y-practicas-apps-para-recuperar-fotos-ocultas\/\"]}]},{\"@type\":\"ImageObject\",\"inLanguage\":\"hu\",\"@id\":\"https:\/\/universofamilia.com\/fr\/las-mejores-y-practicas-apps-para-recuperar-fotos-ocultas\/#primaryimage\",\"url\":\"https:\/\/universofamilia.com\/wp-content\/uploads\/sites\/148\/2024\/10\/DESTAQUE-UNIVERSO-550-x-350-17.jpg\",\"contentUrl\":\"https:\/\/universofamilia.com\/wp-content\/uploads\/sites\/148\/2024\/10\/DESTAQUE-UNIVERSO-550-x-350-17.jpg\",\"width\":550,\"height\":350,\"caption\":\"Las Mejores y Pr\u00e1cticas Apps para Recuperar Fotos Ocultas\"},{\"@type\":\"BreadcrumbList\",\"@id\":\"https:\/\/universofamilia.com\/fr\/las-mejores-y-practicas-apps-para-recuperar-fotos-ocultas\/#breadcrumb\",\"itemListElement\":[{\"@type\":\"ListItem\",\"position\":1,\"name\":\"Home\",\"item\":\"https:\/\/universofamilia.com\/el\/\"},{\"@type\":\"ListItem\",\"position\":2,\"name\":\"Las Mejores y Pr\u00e1cticas Apps para Recuperar Fotos Ocultas\"}]},{\"@type\":\"WebSite\",\"@id\":\"https:\/\/universofamilia.com\/el\/#website\",\"url\":\"https:\/\/universofamilia.com\/el\/\",\"name\":\"Universo Fam\u00edlia\",\"description\":\"\",\"potentialAction\":[{\"@type\":\"SearchAction\",\"target\":{\"@type\":\"EntryPoint\",\"urlTemplate\":\"https:\/\/universofamilia.com\/el\/?s={search_term_string}\"},\"query-input\":\"required name=search_term_string\"}],\"inLanguage\":\"hu\"}]}<\/script>\n<!-- \/ Yoast SEO plugin. -->","yoast_head_json":{"title":"Las Mejores y Pr\u00e1cticas Apps para Recuperar Fotos Ocultas - Universo Fam\u00edlia","description":"Las Mejores y Pr\u00e1cticas Apps para Recuperar Fotos Ocultas. Perder fotos importantes puede afectarnos profundamente, especialmente....","robots":{"index":"index","follow":"follow","max-snippet":"max-snippet:-1","max-image-preview":"max-image-preview:large","max-video-preview":"max-video-preview:-1"},"canonical":"https:\/\/universofamilia.com\/hu\/las-mejores-y-practicas-apps-para-recuperar-fotos-ocultas\/","og_locale":"hu_HU","og_type":"article","og_title":"Las Mejores y Pr\u00e1cticas Apps para Recuperar Fotos Ocultas - Universo Fam\u00edlia","og_description":"Las Mejores y Pr\u00e1cticas Apps para Recuperar Fotos Ocultas. Perder fotos importantes puede afectarnos profundamente, especialmente....","og_url":"https:\/\/universofamilia.com\/hu\/las-mejores-y-practicas-apps-para-recuperar-fotos-ocultas\/","og_site_name":"Universo Fam\u00edlia","article_published_time":"2024-10-11T02:35:56+00:00","og_image":[{"width":550,"height":350,"url":"https:\/\/universofamilia.com\/wp-content\/uploads\/sites\/148\/2024\/10\/DESTAQUE-UNIVERSO-550-x-350-17.jpg","type":"image\/jpeg"}],"twitter_card":"summary_large_image","twitter_misc":{"Est. reading time":"7 perc"},"schema":{"@context":"https:\/\/schema.org","@graph":[{"@type":"WebPage","@id":"https:\/\/universofamilia.com\/fr\/las-mejores-y-practicas-apps-para-recuperar-fotos-ocultas\/","url":"https:\/\/universofamilia.com\/fr\/las-mejores-y-practicas-apps-para-recuperar-fotos-ocultas\/","name":"Las Mejores y Pr\u00e1cticas Apps para Recuperar Fotos Ocultas - Universo Fam\u00edlia","isPartOf":{"@id":"https:\/\/universofamilia.com\/el\/#website"},"primaryImageOfPage":{"@id":"https:\/\/universofamilia.com\/fr\/las-mejores-y-practicas-apps-para-recuperar-fotos-ocultas\/#primaryimage"},"image":{"@id":"https:\/\/universofamilia.com\/fr\/las-mejores-y-practicas-apps-para-recuperar-fotos-ocultas\/#primaryimage"},"thumbnailUrl":"https:\/\/universofamilia.com\/wp-content\/uploads\/sites\/148\/2024\/10\/DESTAQUE-UNIVERSO-550-x-350-17.jpg","datePublished":"2024-10-11T02:35:56+00:00","dateModified":"2024-10-11T02:35:56+00:00","author":{"@id":""},"description":"Las Mejores y Pr\u00e1cticas Apps para Recuperar Fotos Ocultas. Perder fotos importantes puede afectarnos profundamente, especialmente....","breadcrumb":{"@id":"https:\/\/universofamilia.com\/fr\/las-mejores-y-practicas-apps-para-recuperar-fotos-ocultas\/#breadcrumb"},"inLanguage":"hu","potentialAction":[{"@type":"ReadAction","target":["https:\/\/universofamilia.com\/fr\/las-mejores-y-practicas-apps-para-recuperar-fotos-ocultas\/"]}]},{"@type":"ImageObject","inLanguage":"hu","@id":"https:\/\/universofamilia.com\/fr\/las-mejores-y-practicas-apps-para-recuperar-fotos-ocultas\/#primaryimage","url":"https:\/\/universofamilia.com\/wp-content\/uploads\/sites\/148\/2024\/10\/DESTAQUE-UNIVERSO-550-x-350-17.jpg","contentUrl":"https:\/\/universofamilia.com\/wp-content\/uploads\/sites\/148\/2024\/10\/DESTAQUE-UNIVERSO-550-x-350-17.jpg","width":550,"height":350,"caption":"Las Mejores y Pr\u00e1cticas Apps para Recuperar Fotos Ocultas"},{"@type":"BreadcrumbList","@id":"https:\/\/universofamilia.com\/fr\/las-mejores-y-practicas-apps-para-recuperar-fotos-ocultas\/#breadcrumb","itemListElement":[{"@type":"ListItem","position":1,"name":"Home","item":"https:\/\/universofamilia.com\/el\/"},{"@type":"ListItem","position":2,"name":"Las Mejores y Pr\u00e1cticas Apps para Recuperar Fotos Ocultas"}]},{"@type":"WebSite","@id":"https:\/\/universofamilia.com\/el\/#website","url":"https:\/\/universofamilia.com\/el\/","name":"Universo Fam\u00edlia","description":"","potentialAction":[{"@type":"SearchAction","target":{"@type":"EntryPoint","urlTemplate":"https:\/\/universofamilia.com\/el\/?s={search_term_string}"},"query-input":"required name=search_term_string"}],"inLanguage":"hu"}]}},"_links":{"self":[{"href":"https:\/\/universofamilia.com\/hu\/wp-json\/wp\/v2\/posts\/6750"}],"collection":[{"href":"https:\/\/universofamilia.com\/hu\/wp-json\/wp\/v2\/posts"}],"about":[{"href":"https:\/\/universofamilia.com\/hu\/wp-json\/wp\/v2\/types\/post"}],"replies":[{"embeddable":true,"href":"https:\/\/universofamilia.com\/hu\/wp-json\/wp\/v2\/comments?post=6750"}],"version-history":[{"count":0,"href":"https:\/\/universofamilia.com\/hu\/wp-json\/wp\/v2\/posts\/6750\/revisions"}],"wp:featuredmedia":[{"embeddable":true,"href":"https:\/\/universofamilia.com\/hu\/wp-json\/wp\/v2\/media\/6752"}],"wp:attachment":[{"href":"https:\/\/universofamilia.com\/hu\/wp-json\/wp\/v2\/media?parent=6750"}],"wp:term":[{"taxonomy":"category","embeddable":true,"href":"https:\/\/universofamilia.com\/hu\/wp-json\/wp\/v2\/categories?post=6750"},{"taxonomy":"post_tag","embeddable":true,"href":"https:\/\/universofamilia.com\/hu\/wp-json\/wp\/v2\/tags?post=6750"}],"curies":[{"name":"wp","href":"https:\/\/api.w.org\/{rel}","templated":true}]}}