{"id":6813,"date":"2024-10-11T16:47:25","date_gmt":"2024-10-11T19:47:25","guid":{"rendered":"https:\/\/universofamilia.com\/?p=6813"},"modified":"2025-12-26T16:22:42","modified_gmt":"2025-12-26T19:22:42","slug":"aplicacion-de-cabello","status":"publish","type":"post","link":"https:\/\/universofamilia.com\/hu\/aplicacion-de-cabello\/","title":{"rendered":"Hajform\u00e1z\u00e1s: Alak\u00edtsd \u00e1t a megjelen\u00e9sed most!"},"content":{"rendered":"<p>Elk\u00e9pzelted m\u00e1r, hogy otthonr\u00f3l is kipr\u00f3b\u00e1lhatsz k\u00fcl\u00f6nb\u00f6z\u0151 frizur\u00e1kat an\u00e9lk\u00fcl, hogy fel\u00e1ldozn\u00e1d a hajad?<\/p>\n\n\n\n<p>Ak\u00e1r teljes \u00e1talakul\u00e1sr\u00f3l, ak\u00e1r egy finom mindennapi v\u00e1ltoz\u00e1sr\u00f3l van sz\u00f3, a hajpakol\u00e1sok ide\u00e1lis megold\u00e1st jelentenek azok sz\u00e1m\u00e1ra, akik \u00faj megjelen\u00e9sekkel szeretn\u00e9nek k\u00eds\u00e9rletezni megb\u00e1n\u00e1s n\u00e9lk\u00fcl.<\/p>\n\n\n\n<p>Ezek az alkalmaz\u00e1sok seg\u00edtenek megtal\u00e1lni a t\u00f6k\u00e9letes frizur\u00e1t, amely kiemeli az arcvon\u00e1saidat \u00e9s fokozza a megjelen\u00e9sedet, ak\u00e1r k\u00fcl\u00f6nleges alkalomr\u00f3l, ak\u00e1r mindennapi viseletr\u0151l van sz\u00f3.<\/p>\n\n\n\n<p>Ebben a cikkben h\u00e1rom olyan hajform\u00e1z\u00f3 alkalmaz\u00e1st fogunk megvizsg\u00e1lni, amelyek seg\u00edthetnek abban, hogy azonnal \u00e1talak\u00edtsd a st\u00edlusodat.<\/p>\n\n\n\n<p>Emellett megosztjuk az egyes alkalmaz\u00e1sok felhaszn\u00e1l\u00f3i v\u00e9lem\u00e9nyeit, \u00e9s linkeket biztos\u00edtunk, amelyekkel k\u00f6zvetlen\u00fcl let\u00f6ltheti \u0151ket az Apple Store-b\u00f3l vagy a Google Play \u00e1ruh\u00e1zb\u00f3l.<\/p>\n\n\n\n<h2 class=\"wp-block-heading\">A hajalkalmaz\u00e1sok ereje<\/h2>\n\n\n\n<p>A technol\u00f3gia folyamatos fejl\u0151d\u00e9s\u00e9vel nem meglep\u0151, hogy m\u00e9g a szem\u00e9lyes gondoz\u00e1si sz\u00fcks\u00e9gleteink is a kez\u00fcnk \u00fcgy\u00e9ben vannak \u2013 vagy ink\u00e1bb a telefonunkon.<\/p>\n\n\n\n<p>A hajalkalmaz\u00e1sok lehet\u0151v\u00e9 teszik, hogy otthonod k\u00e9nyelm\u00e9b\u0151l k\u00eds\u00e9rletezz a v\u00e1g\u00e1sokkal, sz\u00ednekkel \u00e9s frizur\u00e1kkal.<\/p>\n\n\n\n<p>Ha teljes \u00e1talak\u00edt\u00e1st tervezel, vagy csak a st\u00edlusoddal szeretn\u00e9l j\u00e1tszani, ezek az alkalmaz\u00e1sok a legjobb sz\u00f6vets\u00e9geseid lehetnek.<\/p>\n\n\n\n<p>Fedezd fel a legjobb alkalmaz\u00e1sokat, amelyek seg\u00edthetnek ebben a folyamatban!<\/p>\n\n\n\n<h3 class=\"wp-block-heading\">1. <strong>Hajn\u00f6veked\u00e9s-k\u00f6vet\u0151 \u2013 Android \/ iOS<\/strong><\/h3>\n\n\n\n<p>Keresel m\u00f3dokat a hajn\u00f6veked\u00e9s fokoz\u00e1s\u00e1ra \u00e9s a halad\u00e1s nyomon k\u00f6vet\u00e9s\u00e9re?<\/p>\n\n\n\n<p><strong>Hajn\u00f6veked\u00e9s-k\u00f6vet\u0151<\/strong> Ez a t\u00f6k\u00e9letes alkalmaz\u00e1s azok sz\u00e1m\u00e1ra, akik id\u0151vel szeretn\u00e9k nyomon k\u00f6vetni a hajn\u00f6veked\u00e9st, r\u00e9szletes elemz\u00e9st ny\u00fajtva a hajviseleti szok\u00e1saikr\u00f3l \u00e9s l\u00e1that\u00f3 eredm\u00e9nyekr\u0151l.<\/p>\n\n\n\n<h4 class=\"wp-block-heading\">El\u0151ny\u00f6k:<\/h4>\n\n\n\n<ul class=\"wp-block-list\">\n<li><strong>Teljes k\u00f6r\u0171 fel\u00fcgyelet:<\/strong> Lehet\u0151v\u00e9 teszi a hajhossz, a fejb\u0151r \u00e1llapot\u00e1nak \u00e9s az \u00e1ltal\u00e1nos eg\u00e9szs\u00e9gi \u00e1llapot\u00e1nak r\u00f6gz\u00edt\u00e9s\u00e9t, \u00edgy val\u00f3s id\u0151ben nyomon k\u00f6vetheti a fejl\u0151d\u00e9s\u00e9t.<\/li>\n\n\n\n<li><strong>Szem\u00e9lyre szabott tan\u00e1csad\u00e1s:<\/strong> Gyakorlati haj\u00e1pol\u00e1si aj\u00e1nl\u00e1sokat k\u00edn\u00e1l az adataid alapj\u00e1n.<\/li>\n\n\n\n<li><strong>K\u00f6nnyen haszn\u00e1lhat\u00f3:<\/strong> Intuit\u00edv kezel\u0151fel\u00fclet\u00e9nek k\u00f6sz\u00f6nhet\u0151en a hajn\u00f6veked\u00e9s nyomon k\u00f6vet\u00e9se egyszer\u0171 \u00e9s hat\u00e9kony.<\/li>\n<\/ul>\n\n\n\n<h4 class=\"wp-block-heading\">Felhaszn\u00e1l\u00f3i v\u00e9lem\u00e9nyek:<\/h4>\n\n\n\n<ul class=\"wp-block-list\">\n<li><strong>Johanna, 42 \u00e9ves:<\/strong> <em>\u201eIm\u00e1dom, hogy nyomon k\u00f6vethetem a hajn\u00f6veked\u00e9semet. Az alkalmaz\u00e1s arra \u00f6szt\u00f6n\u00f6z, hogy tov\u00e1bbra is t\u00f6r\u0151djek vele, \u00e9s az eredm\u00e9nyek hihetetlenek.\u201d<\/em><\/li>\n\n\n\n<li><strong>K\u00e1roly, 36 \u00e9ves:<\/strong> <em>\u201eMindig is nehezen n\u00f6vesztettem a hajam. Ez az alkalmaz\u00e1s olyan \u00fatmutat\u00e1st \u00e9s tippeket adott, amik val\u00f3ban sokat seg\u00edtettek.\u201d<\/em><\/li>\n\n\n\n<li><strong>Luciana, 50 \u00e9ves:<\/strong> <em>\u201eA Hajn\u00f6veked\u00e9s-k\u00f6vet\u0151 seg\u00edtett azonos\u00edtani a sz\u00e1momra m\u0171k\u00f6d\u0151 term\u00e9keket. Nagyon hasznos!\u201d<\/em><\/li>\n<\/ul>\n\n\n\n<h3 class=\"wp-block-heading\">2. <strong>Hajnapl\u00f3 \u2013 Android<\/strong><\/h3>\n\n\n\n<p>Ha te is azok k\u00f6z\u00e9 tartozol, akik szeretik napl\u00f3t vezetni mindenr\u0151l, <strong>Hajnapl\u00f3<\/strong> Ez az ide\u00e1lis alkalmaz\u00e1s, hogy r\u00f6gz\u00edtse a haj\u00e1n v\u00e9grehajtott \u00f6sszes v\u00e1ltoztat\u00e1st.<\/p>\n\n\n\n<p>Amellett, hogy sz\u00f3rakoztat\u00f3 eszk\u00f6z, seg\u00edt megfigyelni a st\u00edlusod fejl\u0151d\u00e9s\u00e9t, \u00e9s nyomon k\u00f6vetni a haszn\u00e1lt kezel\u00e9seket \u00e9s term\u00e9keket.<\/p>\n\n\n\n<h4 class=\"wp-block-heading\">El\u0151ny\u00f6k:<\/h4>\n\n\n\n<ul class=\"wp-block-list\">\n<li><strong>Teljes napl\u00f3:<\/strong> Jegyezz fel minden v\u00e1ltoz\u00e1st, a v\u00e1g\u00e1sokt\u00f3l a fest\u00e9seken \u00e1t a kezel\u00e9sekig.<\/li>\n\n\n\n<li><strong>Egyszer\u0171 szervez\u00e9s:<\/strong> Tekintse meg hajhull\u00e1s-el\u0151zm\u00e9nyeit, \u00e9s \u00e9rt\u00e9kelje, hogy bizonyos term\u00e9kek vagy kezel\u00e9sek hogyan befoly\u00e1solt\u00e1k a haj\u00e1t.<\/li>\n\n\n\n<li><strong>El\u0151tte-ut\u00e1na fot\u00f3k:<\/strong> K\u00e9sz\u00edtsen fot\u00f3kat a haj\u00e1r\u00f3l, \u00e9s hasonl\u00edtsa \u00f6ssze az el\u0151tte-ut\u00e1na k\u00e9peket, megfigyelve, hogyan reag\u00e1l a kezel\u00e9sekre \u00e9s az \u00e1pol\u00e1sra.<\/li>\n<\/ul>\n\n\n\n<h4 class=\"wp-block-heading\">Felhaszn\u00e1l\u00f3i v\u00e9lem\u00e9nyek:<\/h4>\n\n\n\n<ul class=\"wp-block-list\">\n<li><strong>M\u00e1rta, 39 \u00e9ves:<\/strong> <em>\u201eMindig elfelejtettem, milyen term\u00e9keket haszn\u00e1ltam, \u00e9s mi v\u00e1lt be nekem. Most a Hair Journal seg\u00edts\u00e9g\u00e9vel mindent nyomon tudok k\u00f6vetni, \u00e9s l\u00e1thatom, mi v\u00e1lik be nekem a legjobban.\u201d<\/em><\/li>\n\n\n\n<li><strong>Paulo, 45 \u00e9ves:<\/strong> <em>\u201eAz alkalmaz\u00e1s seg\u00edtett nyomon k\u00f6vetni a hajam v\u00e1ltoz\u00e1sait, \u00e9s meg\u00e9rteni, mi okozta a k\u00fcl\u00f6nbs\u00e9get a tincsek eg\u00e9szs\u00e9g\u00e9ben.\u201d<\/em><\/li>\n\n\n\n<li><strong>Szandra, 53 \u00e9ves:<\/strong> <em>\u201eA fot\u00f3 funkci\u00f3 leny\u0171g\u00f6z\u0151! Im\u00e1dom l\u00e1tni, ahogy a hajam id\u0151vel v\u00e1ltozik. Nagyon aj\u00e1nlom.\u201d<\/em><\/li>\n<\/ul>\n\n\n\n<p><\/p>\n\n\n\n<hr class=\"wp-block-separator has-text-color has-luminous-vivid-orange-color has-alpha-channel-opacity has-luminous-vivid-orange-background-color has-background\" \/>\n\n\n\n<h2 class=\"wp-block-heading\">Olvasd el m\u00e9g:<\/h2>\n\n\n\n<ul class=\"wp-block-list\">\n<li><a href=\"https:\/\/universofamilia.com\/hu\/5893\/acelera-tu-celular-despierta-tu-productividad\/\"><font style=\"vertical-align: inherit\"><font style=\"vertical-align: inherit\">\ud83d\udccc Gyors\u00edtsd fel a mobiltelefonodat<\/font><\/font> &gt;<\/a><\/li>\n\n\n\n<li><a href=\"https:\/\/universofamilia.com\/hu\/5869\/descubre-quien-te-esta-observando-en-las-redes-sociales\/\">\ud83d\udccc Kik l\u00e1togatt\u00e1k meg a profilodat?<\/a><\/li>\n\n\n\n<li><a href=\"https:\/\/universofamilia.com\/hu\/6568\/aprende-mecanica-automotriz-aplicacion\/\">\ud83d\udccc Tanulj aut\u00f3szerel\u0151nek egy alkalmaz\u00e1ssal<\/a><\/li>\n<\/ul>\n\n\n\n<hr class=\"wp-block-separator has-text-color has-luminous-vivid-orange-color has-alpha-channel-opacity has-luminous-vivid-orange-background-color has-background\" \/>\n\n\n\n<p><\/p>\n\n\n\n<h3 class=\"wp-block-heading\">3. <strong>N\u00f6veszd meg a hajam \u2013 Android<\/strong><\/h3>\n\n\n\n<p>Ha a c\u00e9lod az, hogy er\u0151s \u00e9s eg\u00e9szs\u00e9ges hajad legyen, <strong>N\u00f6veszd meg a hajam<\/strong> lehet, hogy ez a megold\u00e1s, amit keresel.<\/p>\n\n\n\n<p>Ez az alkalmaz\u00e1s szak\u00e9rt\u0151i tan\u00e1csokat k\u00edn\u00e1l a hajn\u00f6veked\u00e9ssel kapcsolatban, \u00e9s lehet\u0151v\u00e9 teszi, hogy vizu\u00e1lisan \u00e9s k\u00e9nyelmesen nyomon k\u00f6vesse a halad\u00e1st.<\/p>\n\n\n\n<h4 class=\"wp-block-heading\">El\u0151ny\u00f6k:<\/h4>\n\n\n\n<ul class=\"wp-block-list\">\n<li><strong>Szem\u00e9lyre szabott n\u00f6veked\u00e9si terv:<\/strong> Az alkalmaz\u00e1s egy, az \u00d6n ig\u00e9nyeihez \u00e9s c\u00e9ljaihoz igaz\u00edtott hajn\u00f6veked\u00e9si tervet k\u00e9sz\u00edt.<\/li>\n\n\n\n<li><strong>Szak\u00e9rt\u0151i tippek:<\/strong> Professzion\u00e1lis tippek a haj eg\u00e9szs\u00e9g\u00e9nek jav\u00edt\u00e1s\u00e1ra \u00e9s n\u00f6veked\u00e9s\u00e9nek serkent\u00e9s\u00e9re.<\/li>\n\n\n\n<li><strong>Vizu\u00e1lis halad\u00e1s:<\/strong> K\u00f6vesd nyomon a hajn\u00f6veked\u00e9sedet grafikonokkal \u00e9s k\u00e9pekkel, amelyek id\u0151beli eredm\u00e9nyeket mutatnak.<\/li>\n<\/ul>\n\n\n\n<h4 class=\"wp-block-heading\">Felhaszn\u00e1l\u00f3i v\u00e9lem\u00e9nyek:<\/h4>\n\n\n\n<ul class=\"wp-block-list\">\n<li><strong>Anna, 34 \u00e9ves:<\/strong> <em>\u201eMindig is nagyon v\u00e9konysz\u00e1l\u00fa \u00e9s lassan n\u00f6v\u0151 hajam volt. A Grow My Hair t\u00e9nyleg sokat seg\u00edtett, \u00e9s most magabiztosabbnak \u00e9rzem magam!\u201d<\/em><\/li>\n\n\n\n<li><strong>Marcos, 38 \u00e9ves:<\/strong> <em>\u201eA szem\u00e9lyre szabott tervvel a hajam gyorsabban \u00e9s eg\u00e9szs\u00e9gesebben n\u0151, mint valaha. Meg\u00e9ri let\u00f6lteni!\u201d<\/em><\/li>\n\n\n\n<li><strong>Elisa, 44 \u00e9ves:<\/strong> <em>\u201eIm\u00e1dom, hogy l\u00e1thatom a halad\u00e1somat az alkalmaz\u00e1sban k\u00e9sz\u00edtett fot\u00f3kkal. Motiv\u00e1l\u00f3!\u201d<\/em><\/li>\n<\/ul>\n\n\n<div class=\"wp-block-image\">\n<figure class=\"aligncenter size-full\"><img loading=\"lazy\" decoding=\"async\" width=\"550\" height=\"350\" src=\"http:\/\/universofamilia.com\/wp-content\/uploads\/sites\/148\/2024\/10\/DESTAQUE-UNIVERSO-550-x-350-4-1.jpg\" alt=\"\" class=\"wp-image-6814\" srcset=\"https:\/\/universofamilia.com\/wp-content\/uploads\/sites\/148\/2024\/10\/DESTAQUE-UNIVERSO-550-x-350-4-1.jpg 550w, https:\/\/universofamilia.com\/wp-content\/uploads\/sites\/148\/2024\/10\/DESTAQUE-UNIVERSO-550-x-350-4-1-300x191.jpg 300w\" sizes=\"(max-width: 550px) 100vw, 550px\" \/><figcaption class=\"wp-element-caption\">Hajform\u00e1z\u00e1s: Alak\u00edtsd \u00e1t a megjelen\u00e9sed most!<\/figcaption><\/figure><\/div>\n\n\n<h2 class=\"wp-block-heading\">Konkl\u00fazi\u00f3: Alak\u00edtsd \u00e1t a k\u00fcls\u0151det most!<\/h2>\n\n\n\n<p>F\u00fcggetlen\u00fcl att\u00f3l, hogy milyen hajc\u00e9lokkal rendelkezel \u2013 n\u00f6veked\u00e9s, st\u00edlus vagy eg\u00e9szs\u00e9g \u2013, az \u00e1ltalunk eml\u00edtett alkalmaz\u00e1sok hat\u00e9kony eszk\u00f6z\u00f6k, amelyek seg\u00edtenek el\u00e9rni a mindig is \u00e1h\u00edtott megjelen\u00e9st.<\/p>\n\n\n\n<p>Sokkal t\u00f6bbet k\u00edn\u00e1lnak, mint egy egyszer\u0171 ut\u00e1nk\u00f6vet\u00e9st: \u00e9rt\u00e9kes tippeket \u00e9s inform\u00e1ci\u00f3kat ny\u00fajtanak, amelyek \u00e1talak\u00edthatj\u00e1k a haj\u00e1pol\u00e1si szok\u00e1saidat.<\/p>\n\n\n\n<p>Most, hogy ismered a legjobb haj\u00e1pol\u00f3 alkalmaz\u00e1sokat, mi\u00e9rt ne pr\u00f3b\u00e1ln\u00e1d ki \u0151ket, \u00e9s n\u00e9zd meg az eredm\u00e9nyeket magad is?<\/p>\n\n\n\n<p>Nincs is jobb ann\u00e1l, mint amikor a technol\u00f3gia seg\u00edts\u00e9g\u00e9vel \u00e1tveszed az ir\u00e1ny\u00edt\u00e1st a megjelen\u00e9sed felett. \u00c9s ki tudja? Tal\u00e1n felfedezhetsz egy olyan st\u00edlust, amir\u0151l \u00e1lmodni sem mert\u00e9l!<\/p>\n\n\n\n<p>T\u00f6ltsd le az alkalmaz\u00e1sokat, \u00e9s kezdd el az \u00e1talakul\u00e1st most:<\/p>\n\n\n\n<ul class=\"wp-block-list\">\n<li><strong>Hajn\u00f6veked\u00e9s-k\u00f6vet\u0151<\/strong> \u2013  <a href=\"https:\/\/apps.apple.com\/br\/app\/hair-growth-clicker\/id6444699517?l=en-GB\">iOS<\/a><\/li>\n<\/ul>\n\n\n\n<hr class=\"wp-block-separator has-alpha-channel-opacity\" \/>\n\n\n\n<h2 class=\"wp-block-heading\">Gyakran Ism\u00e9telt K\u00e9rd\u00e9sek (GYIK)<\/h2>\n\n\n\n<p><strong>1. Biztons\u00e1gosak a haj\u00e1pol\u00f3 k\u00e9sz\u00edtm\u00e9nyek?<\/strong><br>Igen, a hivatalos \u00e1ruh\u00e1zakban, p\u00e9ld\u00e1ul a Google Playen \u00e9s az Apple Store-ban el\u00e9rhet\u0151 legt\u00f6bb hajform\u00e1z\u00f3 alkalmaz\u00e1s biztons\u00e1gos. Azonban mindig \u00e9rdemes ellen\u0151rizni m\u00e1s felhaszn\u00e1l\u00f3k v\u00e9lem\u00e9ny\u00e9t \u00e9s \u00e9rt\u00e9kel\u00e9s\u00e9t let\u00f6lt\u00e9s el\u0151tt.<\/p>\n\n\n\n<p><strong>2. Fizetnem kell ezeknek az alkalmaz\u00e1soknak a haszn\u00e1lat\u00e1\u00e9rt?<\/strong><br>N\u00e9h\u00e1ny alkalmaz\u00e1s ingyenesen k\u00edn\u00e1l alapfunkci\u00f3kat, de pr\u00e9mium opci\u00f3kkal is rendelkezhetnek, amelyek tov\u00e1bbi funkci\u00f3kat oldanak fel. Mindig elkezdheti az ingyenes verzi\u00f3val, \u00e9s k\u00e9s\u0151bb eld\u00f6ntheti, hogy friss\u00edteni szeretne-e a fizet\u0151s verzi\u00f3ra.<\/p>\n\n\n\n<p><strong>3. Meg tudom v\u00e1ltoztatni a frizur\u00e1mat csak ezekkel az alkalmaz\u00e1sokkal?<\/strong><br>Az alkalmaz\u00e1sok fizikailag nem v\u00e1ltoztatj\u00e1k meg a hajat, de hasznos eszk\u00f6z\u00f6k a lehets\u00e9ges form\u00e1z\u00e1si v\u00e1ltoztat\u00e1sok vizualiz\u00e1l\u00e1s\u00e1hoz \u00e9s a haj eg\u00e9szs\u00e9g\u00e9nek nyomon k\u00f6vet\u00e9s\u00e9hez. Seg\u00edtenek megalapozottabb d\u00f6nt\u00e9seket hozni, miel\u0151tt \u00e1talak\u00edt\u00e1sra ker\u00fclne sor egy szalonban vagy otthon.<\/p>\n\n\n\n<p><strong>4. Mi van, ha a telefonomon nincs el\u00e9g t\u00e1rhely az alkalmaz\u00e1sok let\u00f6lt\u00e9s\u00e9hez?<\/strong><br>Ha a telefonodon nincs el\u00e9g t\u00e1rhely, megpr\u00f3b\u00e1lhatod t\u00f6r\u00f6lni a nem haszn\u00e1lt f\u00e1jlokat vagy alkalmaz\u00e1sokat a t\u00e1rhely felszabad\u00edt\u00e1sa \u00e9rdek\u00e9ben. Ezenk\u00edv\u00fcl egyes t\u00e1rhelyfigyel\u0151 alkalmaz\u00e1sok seg\u00edthetnek optimaliz\u00e1lni az eszk\u00f6z\u00f6d t\u00e1rhely\u00e9t.<\/p>\n\n\n\n<p><strong>5. Minden hajt\u00edpuson m\u0171k\u00f6dnek az alkalmaz\u00e1sok?<\/strong><br>Igen, a legt\u00f6bb hajform\u00e1z\u00f3 term\u00e9ket \u00fagy tervezt\u00e9k, hogy k\u00fcl\u00f6nb\u00f6z\u0151 hajt\u00edpusokhoz illeszkedjen, az egyenest\u0151l a g\u00f6nd\u00f6rig.<\/p>","protected":false},"excerpt":{"rendered":"<p>\u00bfAlguna vez has imaginado poder probar diferentes estilos de cabello sin salir de casa o sin comprometer tu melena? Ya sea para una transformaci\u00f3n completa o un cambio sutil para el d\u00eda a d\u00eda, las aplicaciones de cabello son la soluci\u00f3n ideal para quienes desean experimentar nuevos looks sin arrepentimientos. Estos apps te ayudan a [&hellip;]<\/p>","protected":false},"author":139,"featured_media":6816,"comment_status":"closed","ping_status":"open","sticky":false,"template":"","format":"standard","meta":{"footnotes":""},"categories":[3],"tags":[177,262,437,767,1145,1526],"yoast_head":"<!-- This site is optimized with the Yoast SEO plugin v23.3 - https:\/\/yoast.com\/wordpress\/plugins\/seo\/ -->\n<title>Aplicaci\u00f3n de cabello: \u00a1transforma tu look ahora! - Universo Fam\u00edlia<\/title>\n<meta name=\"description\" content=\"Aplicaci\u00f3n de cabello: \u00a1transforma tu look ahora!\u00bfAlguna vez has imaginado poder probar diferentes estilos de cabello sin salir de casa..\" \/>\n<meta name=\"robots\" content=\"index, follow, max-snippet:-1, max-image-preview:large, max-video-preview:-1\" \/>\n<link rel=\"canonical\" href=\"https:\/\/universofamilia.com\/hu\/aplicacion-de-cabello\/\" \/>\n<meta property=\"og:locale\" content=\"hu_HU\" \/>\n<meta property=\"og:type\" content=\"article\" \/>\n<meta property=\"og:title\" content=\"Aplicaci\u00f3n de cabello: \u00a1transforma tu look ahora! - Universo Fam\u00edlia\" \/>\n<meta property=\"og:description\" content=\"Aplicaci\u00f3n de cabello: \u00a1transforma tu look ahora!\u00bfAlguna vez has imaginado poder probar diferentes estilos de cabello sin salir de casa..\" \/>\n<meta property=\"og:url\" content=\"https:\/\/universofamilia.com\/hu\/aplicacion-de-cabello\/\" \/>\n<meta property=\"og:site_name\" content=\"Universo Fam\u00edlia\" \/>\n<meta property=\"article:published_time\" content=\"2024-10-11T19:47:25+00:00\" \/>\n<meta property=\"article:modified_time\" content=\"2025-12-26T19:22:42+00:00\" \/>\n<meta property=\"og:image\" content=\"https:\/\/universofamilia.com\/wp-content\/uploads\/sites\/148\/2024\/10\/DESTAQUE-UNIVERSO-550-x-350-5-1.jpg\" \/>\n\t<meta property=\"og:image:width\" content=\"550\" \/>\n\t<meta property=\"og:image:height\" content=\"350\" \/>\n\t<meta property=\"og:image:type\" content=\"image\/jpeg\" \/>\n<meta name=\"author\" content=\"Pedro Henrique\" \/>\n<meta name=\"twitter:card\" content=\"summary_large_image\" \/>\n<meta name=\"twitter:label1\" content=\"Written by\" \/>\n\t<meta name=\"twitter:data1\" content=\"Pedro Henrique\" \/>\n\t<meta name=\"twitter:label2\" content=\"Est. reading time\" \/>\n\t<meta name=\"twitter:data2\" content=\"7 perc\" \/>\n<script type=\"application\/ld+json\" class=\"yoast-schema-graph\">{\"@context\":\"https:\/\/schema.org\",\"@graph\":[{\"@type\":\"WebPage\",\"@id\":\"https:\/\/universofamilia.com\/zh\/aplicacion-de-cabello\/\",\"url\":\"https:\/\/universofamilia.com\/zh\/aplicacion-de-cabello\/\",\"name\":\"Aplicaci\u00f3n de cabello: \u00a1transforma tu look ahora! - Universo Fam\u00edlia\",\"isPartOf\":{\"@id\":\"https:\/\/universofamilia.com\/el\/#website\"},\"primaryImageOfPage\":{\"@id\":\"https:\/\/universofamilia.com\/zh\/aplicacion-de-cabello\/#primaryimage\"},\"image\":{\"@id\":\"https:\/\/universofamilia.com\/zh\/aplicacion-de-cabello\/#primaryimage\"},\"thumbnailUrl\":\"https:\/\/universofamilia.com\/wp-content\/uploads\/sites\/148\/2024\/10\/DESTAQUE-UNIVERSO-550-x-350-5-1.jpg\",\"datePublished\":\"2024-10-11T19:47:25+00:00\",\"dateModified\":\"2025-12-26T19:22:42+00:00\",\"author\":{\"@id\":\"https:\/\/universofamilia.com\/el\/#\/schema\/person\/f07ce98187dd84d31154262e79b3b7ca\"},\"description\":\"Aplicaci\u00f3n de cabello: \u00a1transforma tu look ahora!\u00bfAlguna vez has imaginado poder probar diferentes estilos de cabello sin salir de casa..\",\"breadcrumb\":{\"@id\":\"https:\/\/universofamilia.com\/zh\/aplicacion-de-cabello\/#breadcrumb\"},\"inLanguage\":\"hu\",\"potentialAction\":[{\"@type\":\"ReadAction\",\"target\":[\"https:\/\/universofamilia.com\/zh\/aplicacion-de-cabello\/\"]}]},{\"@type\":\"ImageObject\",\"inLanguage\":\"hu\",\"@id\":\"https:\/\/universofamilia.com\/zh\/aplicacion-de-cabello\/#primaryimage\",\"url\":\"https:\/\/universofamilia.com\/wp-content\/uploads\/sites\/148\/2024\/10\/DESTAQUE-UNIVERSO-550-x-350-5-1.jpg\",\"contentUrl\":\"https:\/\/universofamilia.com\/wp-content\/uploads\/sites\/148\/2024\/10\/DESTAQUE-UNIVERSO-550-x-350-5-1.jpg\",\"width\":550,\"height\":350,\"caption\":\"Aplicaci\u00f3n de cabello: \u00a1transforma tu look ahora!\"},{\"@type\":\"BreadcrumbList\",\"@id\":\"https:\/\/universofamilia.com\/zh\/aplicacion-de-cabello\/#breadcrumb\",\"itemListElement\":[{\"@type\":\"ListItem\",\"position\":1,\"name\":\"Home\",\"item\":\"https:\/\/universofamilia.com\/el\/\"},{\"@type\":\"ListItem\",\"position\":2,\"name\":\"Aplicaci\u00f3n de cabello: \u00a1transforma tu look ahora!\"}]},{\"@type\":\"WebSite\",\"@id\":\"https:\/\/universofamilia.com\/el\/#website\",\"url\":\"https:\/\/universofamilia.com\/el\/\",\"name\":\"Universo Fam\u00edlia\",\"description\":\"\",\"potentialAction\":[{\"@type\":\"SearchAction\",\"target\":{\"@type\":\"EntryPoint\",\"urlTemplate\":\"https:\/\/universofamilia.com\/el\/?s={search_term_string}\"},\"query-input\":\"required name=search_term_string\"}],\"inLanguage\":\"hu\"},{\"@type\":\"Person\",\"@id\":\"https:\/\/universofamilia.com\/el\/#\/schema\/person\/f07ce98187dd84d31154262e79b3b7ca\",\"name\":\"Pedro Henrique\",\"image\":{\"@type\":\"ImageObject\",\"inLanguage\":\"hu\",\"@id\":\"https:\/\/universofamilia.com\/el\/#\/schema\/person\/image\/\",\"url\":\"https:\/\/secure.gravatar.com\/avatar\/9edfeb808cb4e1599f64d6e45b130154?s=96&d=mm&r=g\",\"contentUrl\":\"https:\/\/secure.gravatar.com\/avatar\/9edfeb808cb4e1599f64d6e45b130154?s=96&d=mm&r=g\",\"caption\":\"Pedro Henrique\"},\"url\":\"https:\/\/universofamilia.com\/hu\/author\/editor01\/\"}]}<\/script>\n<!-- \/ Yoast SEO plugin. -->","yoast_head_json":{"title":"Aplicaci\u00f3n de cabello: \u00a1transforma tu look ahora! - Universo Fam\u00edlia","description":"Aplicaci\u00f3n de cabello: \u00a1transforma tu look ahora!\u00bfAlguna vez has imaginado poder probar diferentes estilos de cabello sin salir de casa..","robots":{"index":"index","follow":"follow","max-snippet":"max-snippet:-1","max-image-preview":"max-image-preview:large","max-video-preview":"max-video-preview:-1"},"canonical":"https:\/\/universofamilia.com\/hu\/aplicacion-de-cabello\/","og_locale":"hu_HU","og_type":"article","og_title":"Aplicaci\u00f3n de cabello: \u00a1transforma tu look ahora! - Universo Fam\u00edlia","og_description":"Aplicaci\u00f3n de cabello: \u00a1transforma tu look ahora!\u00bfAlguna vez has imaginado poder probar diferentes estilos de cabello sin salir de casa..","og_url":"https:\/\/universofamilia.com\/hu\/aplicacion-de-cabello\/","og_site_name":"Universo Fam\u00edlia","article_published_time":"2024-10-11T19:47:25+00:00","article_modified_time":"2025-12-26T19:22:42+00:00","og_image":[{"width":550,"height":350,"url":"https:\/\/universofamilia.com\/wp-content\/uploads\/sites\/148\/2024\/10\/DESTAQUE-UNIVERSO-550-x-350-5-1.jpg","type":"image\/jpeg"}],"author":"Pedro Henrique","twitter_card":"summary_large_image","twitter_misc":{"Written by":"Pedro Henrique","Est. reading time":"7 perc"},"schema":{"@context":"https:\/\/schema.org","@graph":[{"@type":"WebPage","@id":"https:\/\/universofamilia.com\/zh\/aplicacion-de-cabello\/","url":"https:\/\/universofamilia.com\/zh\/aplicacion-de-cabello\/","name":"Aplicaci\u00f3n de cabello: \u00a1transforma tu look ahora! - Universo Fam\u00edlia","isPartOf":{"@id":"https:\/\/universofamilia.com\/el\/#website"},"primaryImageOfPage":{"@id":"https:\/\/universofamilia.com\/zh\/aplicacion-de-cabello\/#primaryimage"},"image":{"@id":"https:\/\/universofamilia.com\/zh\/aplicacion-de-cabello\/#primaryimage"},"thumbnailUrl":"https:\/\/universofamilia.com\/wp-content\/uploads\/sites\/148\/2024\/10\/DESTAQUE-UNIVERSO-550-x-350-5-1.jpg","datePublished":"2024-10-11T19:47:25+00:00","dateModified":"2025-12-26T19:22:42+00:00","author":{"@id":"https:\/\/universofamilia.com\/el\/#\/schema\/person\/f07ce98187dd84d31154262e79b3b7ca"},"description":"Aplicaci\u00f3n de cabello: \u00a1transforma tu look ahora!\u00bfAlguna vez has imaginado poder probar diferentes estilos de cabello sin salir de casa..","breadcrumb":{"@id":"https:\/\/universofamilia.com\/zh\/aplicacion-de-cabello\/#breadcrumb"},"inLanguage":"hu","potentialAction":[{"@type":"ReadAction","target":["https:\/\/universofamilia.com\/zh\/aplicacion-de-cabello\/"]}]},{"@type":"ImageObject","inLanguage":"hu","@id":"https:\/\/universofamilia.com\/zh\/aplicacion-de-cabello\/#primaryimage","url":"https:\/\/universofamilia.com\/wp-content\/uploads\/sites\/148\/2024\/10\/DESTAQUE-UNIVERSO-550-x-350-5-1.jpg","contentUrl":"https:\/\/universofamilia.com\/wp-content\/uploads\/sites\/148\/2024\/10\/DESTAQUE-UNIVERSO-550-x-350-5-1.jpg","width":550,"height":350,"caption":"Aplicaci\u00f3n de cabello: \u00a1transforma tu look ahora!"},{"@type":"BreadcrumbList","@id":"https:\/\/universofamilia.com\/zh\/aplicacion-de-cabello\/#breadcrumb","itemListElement":[{"@type":"ListItem","position":1,"name":"Home","item":"https:\/\/universofamilia.com\/el\/"},{"@type":"ListItem","position":2,"name":"Aplicaci\u00f3n de cabello: \u00a1transforma tu look ahora!"}]},{"@type":"WebSite","@id":"https:\/\/universofamilia.com\/el\/#website","url":"https:\/\/universofamilia.com\/el\/","name":"Universo Fam\u00edlia","description":"","potentialAction":[{"@type":"SearchAction","target":{"@type":"EntryPoint","urlTemplate":"https:\/\/universofamilia.com\/el\/?s={search_term_string}"},"query-input":"required name=search_term_string"}],"inLanguage":"hu"},{"@type":"Person","@id":"https:\/\/universofamilia.com\/el\/#\/schema\/person\/f07ce98187dd84d31154262e79b3b7ca","name":"Pedro Henrique","image":{"@type":"ImageObject","inLanguage":"hu","@id":"https:\/\/universofamilia.com\/el\/#\/schema\/person\/image\/","url":"https:\/\/secure.gravatar.com\/avatar\/9edfeb808cb4e1599f64d6e45b130154?s=96&d=mm&r=g","contentUrl":"https:\/\/secure.gravatar.com\/avatar\/9edfeb808cb4e1599f64d6e45b130154?s=96&d=mm&r=g","caption":"Pedro Henrique"},"url":"https:\/\/universofamilia.com\/hu\/author\/editor01\/"}]}},"_links":{"self":[{"href":"https:\/\/universofamilia.com\/hu\/wp-json\/wp\/v2\/posts\/6813"}],"collection":[{"href":"https:\/\/universofamilia.com\/hu\/wp-json\/wp\/v2\/posts"}],"about":[{"href":"https:\/\/universofamilia.com\/hu\/wp-json\/wp\/v2\/types\/post"}],"author":[{"embeddable":true,"href":"https:\/\/universofamilia.com\/hu\/wp-json\/wp\/v2\/users\/139"}],"replies":[{"embeddable":true,"href":"https:\/\/universofamilia.com\/hu\/wp-json\/wp\/v2\/comments?post=6813"}],"version-history":[{"count":2,"href":"https:\/\/universofamilia.com\/hu\/wp-json\/wp\/v2\/posts\/6813\/revisions"}],"predecessor-version":[{"id":10474,"href":"https:\/\/universofamilia.com\/hu\/wp-json\/wp\/v2\/posts\/6813\/revisions\/10474"}],"wp:featuredmedia":[{"embeddable":true,"href":"https:\/\/universofamilia.com\/hu\/wp-json\/wp\/v2\/media\/6816"}],"wp:attachment":[{"href":"https:\/\/universofamilia.com\/hu\/wp-json\/wp\/v2\/media?parent=6813"}],"wp:term":[{"taxonomy":"category","embeddable":true,"href":"https:\/\/universofamilia.com\/hu\/wp-json\/wp\/v2\/categories?post=6813"},{"taxonomy":"post_tag","embeddable":true,"href":"https:\/\/universofamilia.com\/hu\/wp-json\/wp\/v2\/tags?post=6813"}],"curies":[{"name":"wp","href":"https:\/\/api.w.org\/{rel}","templated":true}]}}