{"id":6832,"date":"2024-10-12T16:53:07","date_gmt":"2024-10-12T19:53:07","guid":{"rendered":"https:\/\/universofamilia.com\/?p=6832"},"modified":"2025-01-28T16:27:30","modified_gmt":"2025-01-28T16:27:30","slug":"aplicacion-para-bailar-zumba","status":"publish","type":"post","link":"https:\/\/universofamilia.com\/hu\/aplicacion-para-bailar-zumba\/","title":{"rendered":"Zumba Dance App: Forradalmas\u00edtsd az edz\u00e9sprogramodat"},"content":{"rendered":"<p>A zumba m\u00e1ra t\u00f6bb lett, mint egy testmozg\u00e1sforma; ez egy igazi glob\u00e1lis szenved\u00e9ly!<\/p>\n\n\n\n<p>\u00c9l\u00e9nk koreogr\u00e1fi\u00e1j\u00e1val \u00e9s f\u00fclbem\u00e1sz\u00f3 zen\u00e9j\u00e9vel emberek milli\u00f3it ragadta mag\u00e1val, mind az edz\u0151termekben, mind otthonuk k\u00e9nyelm\u00e9ben.<\/p>\n\n\n\n<p>Ha egy sz\u00f3rakoztat\u00f3 m\u00f3dot keresel az edz\u00e9sre, vagy szeretn\u00e9d meg\u00faj\u00edtani a fitnesz rutinodat, a Zumba alkalmaz\u00e1sok a t\u00f6k\u00e9letes megold\u00e1st jelentik.<\/p>\n\n\n\n<p>Ebben a cikkben megvizsg\u00e1ljuk a Zumba jelens\u00e9get, azt, hogyan hasznos\u00edthatod ezt a t\u00e1ncrutint a mindennapi \u00e9letedben dedik\u00e1lt alkalmaz\u00e1sokkal, \u00e9s a legjobb let\u00f6lthet\u0151 opci\u00f3kat.<\/p>\n\n\n\n<p>R\u00e1ad\u00e1sul val\u00f3s felhaszn\u00e1l\u00f3i v\u00e9lem\u00e9nyeket is mell\u00e9kel\u00fcnk, hogy seg\u00edts\u00fcnk kiv\u00e1lasztani a t\u00f6k\u00e9letes alkalmaz\u00e1st.<\/p>\n\n\n\n<h2 class=\"wp-block-heading\">Zumba: Otthoni \u00e9s edz\u0151termi jelens\u00e9g<\/h2>\n\n\n\n<p>Biztosan hallott\u00e1l m\u00e1r a Zumb\u00e1r\u00f3l, ugye?<\/p>\n\n\n\n<p>A t\u00e1nc \u00e9s a testmozg\u00e1s ezen kever\u00e9ke k\u00fcl\u00f6nleges helyet v\u00edvott ki mag\u00e1nak a vil\u00e1g edz\u0151termeiben \u00e9s nappaliiban.<\/p>\n\n\n\n<p>De mi teszi a Zumb\u00e1t ennyire n\u00e9pszer\u0171v\u00e9?<\/p>\n\n\n\n<h3 class=\"wp-block-heading\">N\u00f6vekv\u0151 n\u00e9pszer\u0171s\u00e9g<\/h3>\n\n\n\n<p>A zumba kiemelkedik arr\u00f3l, hogy a k\u00f6nnyen k\u00f6vethet\u0151 mozdulatokat latin \u00e9s nemzetk\u00f6zi zenei ritmusokkal \u00f6tv\u00f6zi.<\/p>\n\n\n\n<p>Kort\u00f3l \u00e9s edz\u00e9si tapasztalatt\u00f3l f\u00fcggetlen\u00fcl a Zumba mindenkinek sz\u00f3l.<\/p>\n\n\n\n<p>Ez, a kal\u00f3ria\u00e9get\u0151 \u00e9s hangulatjav\u00edt\u00f3 k\u00e9pess\u00e9g\u00e9vel egy\u00fctt, glob\u00e1lis trendd\u00e9 tette.<\/p>\n\n\n\n<p>A vil\u00e1gj\u00e1rv\u00e1ny \u00e9s az otthoni edz\u00e9sek sz\u00e1m\u00e1nak n\u00f6veked\u00e9se miatt megn\u0151tt a Zumba alkalmaz\u00e1sok ir\u00e1nti kereslet.<\/p>\n\n\n\n<p>Ma m\u00e1r b\u00e1rmikor, b\u00e1rhol, k\u00f6zvetlen\u00fcl a kezedben tarthatsz szem\u00e9lyre szabott Zumba \u00f3r\u00e1t!<\/p>\n\n\n\n<p>Melyik jobb opci\u00f3?<\/p>\n\n\n\n<p><\/p>\n\n\n\n<hr class=\"wp-block-separator has-text-color has-luminous-vivid-orange-color has-alpha-channel-opacity has-luminous-vivid-orange-background-color has-background\" \/>\n\n\n\n<h2 class=\"wp-block-heading\">Olvasd el m\u00e9g:<\/h2>\n\n\n\n<ul class=\"wp-block-list\">\n<li class=\"has-medium-font-size\"><a href=\"https:\/\/universofamilia.com\/hu\/5893\/acelera-tu-celular-despierta-tu-productividad\/\"><font style=\"vertical-align: inherit\"><font style=\"vertical-align: inherit\">\ud83d\udccc Gyors\u00edtsd fel a mobiltelefonodat<\/font><\/font> &gt;<\/a><\/li>\n\n\n\n<li class=\"has-medium-font-size\"><a href=\"https:\/\/universofamilia.com\/hu\/5869\/descubre-quien-te-esta-observando-en-las-redes-sociales\/\">\ud83d\udccc Kik l\u00e1togatt\u00e1k meg a profilodat?<\/a><\/li>\n\n\n\n<li class=\"has-medium-font-size\"><a href=\"https:\/\/universofamilia.com\/hu\/6568\/aprende-mecanica-automotriz-aplicacion\/\">\ud83d\udccc Tanulj aut\u00f3szerel\u0151nek egy alkalmaz\u00e1ssal<\/a><\/li>\n<\/ul>\n\n\n\n<hr class=\"wp-block-separator has-text-color has-luminous-vivid-orange-color has-alpha-channel-opacity has-luminous-vivid-orange-background-color has-background\" \/>\n\n\n\n<p><\/p>\n\n\n\n<h3 class=\"wp-block-heading\">Az elemek, amelyek leny\u0171g\u00f6zik a gyakorl\u00f3kat<\/h3>\n\n\n\n<ul class=\"wp-block-list\">\n<li><strong>Fert\u0151z\u0151 zene<\/strong>Minden \u00f3ra egy buli salsa, merengue, reggaeton \u00e9s m\u00e1s ritmusok hangjaival.<\/li>\n\n\n\n<li><strong>Egyszer\u0171 mozdulatok<\/strong>A l\u00e9p\u00e9sek k\u00f6nnyen k\u00f6vethet\u0151k, \u00e9s nem ig\u00e9nyelnek el\u0151zetes tapasztalatot.<\/li>\n\n\n\n<li><strong>Kal\u00f3ria\u00e9get\u00e9s<\/strong>Egy Zumba edz\u00e9s sor\u00e1n 500 \u00e9s 1000 kal\u00f3ria k\u00f6z\u00f6tt lehet el\u00e9getni, az intenzit\u00e1st\u00f3l f\u00fcgg\u0151en.<\/li>\n<\/ul>\n\n\n\n<h2 class=\"wp-block-heading\">Alak\u00edtsd \u00e1t az edz\u00e9sprogramodat Zumb\u00e1val<\/h2>\n\n\n\n<p>Sz\u00f3val, hogyan kezdj el otthon zumb\u00e1zni?<\/p>\n\n\n\n<p>A sz\u00e1mos el\u00e9rhet\u0151 alkalmaz\u00e1snak k\u00f6sz\u00f6nhet\u0151en ezt a sz\u00f3rakoztat\u00f3 tev\u00e9kenys\u00e9get k\u00f6nnyed\u00e9n be\u00e9p\u00edtheted a napi edz\u00e9sprogramodba.<\/p>\n\n\n\n<p>Vess\u00fcnk egy pillant\u00e1st a legkiemelked\u0151bb lehet\u0151s\u00e9gekre!<\/p>\n\n\n\n<h3 class=\"wp-block-heading\">F\u0151bb jellemz\u0151k<\/h3>\n\n\n\n<ul class=\"wp-block-list\">\n<li><strong>Megk\u00f6zel\u00edthet\u0151s\u00e9g<\/strong>Az alkalmaz\u00e1sok k\u00f6nnyen haszn\u00e1lhat\u00f3k \u00e9s minden koroszt\u00e1ly sz\u00e1m\u00e1ra alkalmasak.<\/li>\n\n\n\n<li><strong>K\u00fcl\u00f6nb\u00f6z\u0151 oszt\u00e1lyok<\/strong>A kezd\u0151t\u0151l a halad\u00f3ig, biztosan tal\u00e1lsz a szintednek megfelel\u0151t.<\/li>\n\n\n\n<li><strong>Rugalmass\u00e1g<\/strong>: V\u00e1lassza ki a k\u00e9pz\u00e9s id\u0151tartam\u00e1t az el\u00e9rhet\u0151s\u00e9ge alapj\u00e1n.<\/li>\n<\/ul>\n\n\n<div class=\"wp-block-image\">\n<figure class=\"aligncenter size-full\"><img loading=\"lazy\" decoding=\"async\" width=\"550\" height=\"350\" src=\"http:\/\/universofamilia.com\/wp-content\/uploads\/sites\/148\/2024\/10\/DESTAQUE-UNIVERSO-550-x-350-8-1.jpg\" alt=\"\" class=\"wp-image-6835\" srcset=\"https:\/\/universofamilia.com\/wp-content\/uploads\/sites\/148\/2024\/10\/DESTAQUE-UNIVERSO-550-x-350-8-1.jpg 550w, https:\/\/universofamilia.com\/wp-content\/uploads\/sites\/148\/2024\/10\/DESTAQUE-UNIVERSO-550-x-350-8-1-300x191.jpg 300w\" sizes=\"(max-width: 550px) 100vw, 550px\" \/><figcaption class=\"wp-element-caption\">Zumba Dance App: Forradalmas\u00edtsd az edz\u00e9sprogramodat<\/figcaption><\/figure><\/div>\n\n\n<h3 class=\"wp-block-heading\">Sz\u00f3rakoz\u00e1s \u00e9s hat\u00e9konys\u00e1g minden edz\u00e9sben<\/h3>\n\n\n\n<p>Az alkalmaz\u00e1sokkal ugyanolyan sz\u00f3rakoztat\u00f3 \u00e9lm\u00e9nyben lehet r\u00e9szed, mint a szem\u00e9lyes \u00f3r\u00e1kon.<\/p>\n\n\n\n<p>A technol\u00f3gia lehet\u0151v\u00e9 teszi a ritmus k\u00f6vet\u00e9s\u00e9t, a l\u00e9p\u00e9sek r\u00e9szletes megtekint\u00e9s\u00e9t, \u00e9s a neh\u00e9zs\u00e9gi szint be\u00e1ll\u00edt\u00e1s\u00e1t a k\u00e9pess\u00e9geidhez igaz\u00edtva.<\/p>\n\n\n\n<p>T\u00e1nc k\u00f6zben \u00e9szre sem veszed az id\u0151 m\u00fal\u00e1s\u00e1t!<\/p>\n\n\n\n<h2 class=\"wp-block-heading\">Egy glob\u00e1lis k\u00f6z\u00f6ss\u00e9g, amely egy\u00fctt mozog<\/h2>\n\n\n\n<p>A Zumb\u00e1ban az egyik legcsod\u00e1latosabb dolog a k\u00f6z\u00f6ss\u00e9g\u00e9rzet, amit teremt.<\/p>\n\n\n\n<p>M\u00e9g egy alkalmaz\u00e1s haszn\u00e1lat\u00e1val is kapcsolatba l\u00e9phetsz m\u00e1sokkal, megoszthatod az eredm\u00e9nyeidet \u00e9s a kih\u00edv\u00e1saidat, \u00e9s inspir\u00e1ci\u00f3t mer\u00edthetsz azokt\u00f3l, akik hasonl\u00f3 tapasztalatokon mennek kereszt\u00fcl, mint te.<\/p>\n\n\n\n<p>Egy Zumba alkalmaz\u00e1s let\u00f6lt\u00e9s\u00e9vel csatlakozol egy olyan emberek glob\u00e1lis h\u00e1l\u00f3zat\u00e1hoz, akik motiv\u00e1ltak a mozg\u00e1sra, a sz\u00f3rakoz\u00e1sra \u00e9s fitneszc\u00e9ljaik el\u00e9r\u00e9s\u00e9re.<\/p>\n\n\n\n<p>Mered megtapasztalni a hovatartoz\u00e1s \u00e9rz\u00e9s\u00e9t?<\/p>\n\n\n\n<h2 class=\"wp-block-heading\">Oszd meg az utaz\u00e1sodat \u00e9s mer\u00edts inspir\u00e1ci\u00f3t<\/h2>\n\n\n\n<p>A Zumb\u00e1val val\u00f3 edz\u00e9s arr\u00f3l is sz\u00f3l, hogy meg\u00fcnnepelj\u00fck az eredm\u00e9nyeinket \u00e9s megosszuk egym\u00e1ssal a fejl\u0151d\u00e9s\u00fcnket.<\/p>\n\n\n\n<p>Ha m\u00e9g csak most kezded, mi\u00e9rt ne h\u00edvn\u00e1d meg a bar\u00e1taidat \u00e9s a csal\u00e1dodat, hogy csatlakozzanak hozz\u00e1d az utadon?<\/p>\n\n\n\n<p>Amellett, hogy sz\u00f3rakoztat\u00f3bb\u00e1 teszitek, motiv\u00e1lhatj\u00e1tok egym\u00e1st a folytat\u00e1sra.<\/p>\n\n\n\n<p>A k\u00f6z\u00f6ss\u00e9gi m\u00e9di\u00e1ban sokan osztanak meg vide\u00f3kat \u00e9s fot\u00f3kat a t\u00e1ncaikr\u00f3l, inspir\u00e1l\u00f3 mozgalmat teremtve.<\/p>\n\n\n\n<h2 class=\"wp-block-heading\">Azonnal kezdje el az edz\u00e9st<\/h2>\n\n\n\n<p>K\u00e9szen \u00e1llsz, hogy elkezdhesd? \u00cdme h\u00e1rom Zumba alkalmaz\u00e1s, amit most azonnal let\u00f6lthetsz, hogy elkezdhesd:<\/p>\n\n\n\n<ol class=\"wp-block-list\">\n<li><strong>Zumba \u2013 T\u00e1ncos fitnesz edz\u00e9s<\/strong>\n<ul class=\"wp-block-list\">\n<li>El\u00e9rhet\u0151 Androidra \u00e9s iOS-re.<\/li>\n\n\n\n<li>Felhaszn\u00e1l\u00f3i v\u00e9lem\u00e9nyek: \u201eNagyon k\u00f6nny\u0171 k\u00f6vetni, \u00e9s a dalok nagyszer\u0171ek!\u201d, \u201eK\u00e9t h\u00f3nap alatt 5 kg-ot fogytam puszt\u00e1n t\u00e1nccal.\u201d<\/li>\n\n\n\n<li>El\u0151ny\u00f6k: Sz\u00e9lesk\u00f6r\u0171 kurzusv\u00e1laszt\u00e9k, intuit\u00edv kezel\u0151fel\u00fclet \u00e9s kiv\u00e1l\u00f3 min\u0151s\u00e9g\u0171 vide\u00f3k.<\/li>\n<\/ul>\n<\/li>\n\n\n\n<li><strong>Zumba Fitness Dance<\/strong>\n<ul class=\"wp-block-list\">\n<li>El\u00e9rhet\u0151 iOS-re.<\/li>\n\n\n\n<li>Felhaszn\u00e1l\u00f3i v\u00e9lem\u00e9nyek: \u201eAz alkalmaz\u00e1s motiv\u00e1ltan tart, \u00e9s az \u00f3r\u00e1k mindig \u00e9l\u00e9nkek.\u201d, \u201eA legjobb alkalmaz\u00e1s azoknak, akik egyszerre szeretn\u00e9nek t\u00e1ncolni \u00e9s mozogni!\u201d<\/li>\n\n\n\n<li>El\u0151ny\u00f6k: Edz\u00e9s testreszab\u00e1sa \u00e9s kedvenc \u00f3r\u00e1id lej\u00e1tsz\u00e1si list\u00e1j\u00e1nak l\u00e9trehoz\u00e1s\u00e1nak lehet\u0151s\u00e9ge.<\/li>\n<\/ul>\n<\/li>\n\n\n\n<li><strong>Aerob t\u00e1nc a fogy\u00e1shoz<\/strong>\n<ul class=\"wp-block-list\">\n<li>El\u00e9rhet\u0151 Androidra \u00e9s iOS-re.<\/li>\n\n\n\n<li>Felhaszn\u00e1l\u00f3i v\u00e9lem\u00e9nyek: \u201eT\u00f6k\u00e9letes azoknak, akik sz\u00f3rakoztat\u00f3 gyakorlatokkal szeretn\u00e9nek fogyni!\u201d \u201eR\u00f6vid, intenz\u00edv edz\u00e9sek, nagyszer\u0171ek azoknak, akiknek kev\u00e9s az idej\u00fck!\u201d<\/li>\n\n\n\n<li>El\u0151ny\u00f6k: A hangs\u00faly a fogy\u00e1son van aerob t\u00e1nccal \u00e9s gyors edz\u00e9sekkel.<\/li>\n<\/ul>\n<\/li>\n<\/ol>\n\n\n\n<p>Ezek az alkalmaz\u00e1sok a legjobb v\u00e1laszt\u00e1s azok sz\u00e1m\u00e1ra, akik praktikus m\u00f3don szeretn\u00e9k be\u00e9p\u00edteni a Zumb\u00e1t a mindennapjaikba.<\/p>\n\n\n\n<p>Mindegyik szem\u00e9lyre szabott \u00e9lm\u00e9nyt k\u00edn\u00e1l, dinamikus \u00e9s progressz\u00edv edz\u00e9sekkel.<\/p>\n\n\n\n<h3 class=\"wp-block-heading\">Mit mondanak a felhaszn\u00e1l\u00f3k?<\/h3>\n\n\n\n<p>A felhaszn\u00e1l\u00f3i v\u00e9lem\u00e9nyek egyhang\u00faak: a Zumba alkalmaz\u00e1sok hat\u00e9kony, sz\u00f3rakoztat\u00f3 \u00e9s megfizethet\u0151 m\u00f3dja annak, hogy form\u00e1ban maradj.<\/p>\n\n\n\n<p>A hozz\u00e1sz\u00f3l\u00e1sok k\u00f6z\u00f6tt sokan kiemelik a k\u00e9pz\u00e9s k\u00f6nny\u0171 kezelhet\u0151s\u00e9g\u00e9t \u00e9s hat\u00e9konys\u00e1g\u00e1t.<\/p>\n\n\n\n<p>R\u00e1ad\u00e1sul az alkalmaz\u00e1s folyamatos friss\u00edt\u00e9sei biztos\u00edtj\u00e1k, hogy mindig legyenek \u00faj kih\u00edv\u00e1sok azok sz\u00e1m\u00e1ra, akik v\u00e1ltoztatni szeretn\u00e9nek a megszokott rutinjukon.<\/p>\n\n\n<div class=\"wp-block-image\">\n<figure class=\"aligncenter size-full\"><img loading=\"lazy\" decoding=\"async\" width=\"550\" height=\"350\" src=\"http:\/\/universofamilia.com\/wp-content\/uploads\/sites\/148\/2024\/10\/DESTAQUE-UNIVERSO-550-x-350-9-1.jpg\" alt=\"\" class=\"wp-image-6834\" srcset=\"https:\/\/universofamilia.com\/wp-content\/uploads\/sites\/148\/2024\/10\/DESTAQUE-UNIVERSO-550-x-350-9-1.jpg 550w, https:\/\/universofamilia.com\/wp-content\/uploads\/sites\/148\/2024\/10\/DESTAQUE-UNIVERSO-550-x-350-9-1-300x191.jpg 300w\" sizes=\"(max-width: 550px) 100vw, 550px\" \/><figcaption class=\"wp-element-caption\">Zumba Dance App: Forradalmas\u00edtsd az edz\u00e9sprogramodat<\/figcaption><\/figure><\/div>\n\n\n<h2 class=\"wp-block-heading\">K\u00f6vetkeztet\u00e9s<\/h2>\n\n\n\n<p>Ha egy sz\u00f3rakoztat\u00f3 \u00e9s hat\u00e9kony m\u00f3dot keresel az edz\u00e9sprogramod \u00e1talak\u00edt\u00e1s\u00e1ra, a Zumba alkalmaz\u00e1sok nagyszer\u0171 v\u00e1laszt\u00e1st jelentenek.<\/p>\n\n\n\n<p>Dinamikus \u00f3r\u00e1kkal, mag\u00e1val ragad\u00f3 zen\u00e9vel \u00e9s egy glob\u00e1lis k\u00f6z\u00f6ss\u00e9ggel, amely k\u00e9szen \u00e1ll a t\u00e1mogat\u00e1sodra, j\u00f3l fogod magad \u00e9rezni, mik\u00f6zben form\u00e1ba lend\u00fclsz!<\/p>\n\n\n\n<p>Szeretn\u00e9d most elkezdeni? T\u00f6ltsd le az egyik javasolt alkalmaz\u00e1st, \u00e9s csatlakozz a t\u00e1nchoz.<\/p>\n\n\n\n<p>Fogadok, hogy nem fogod megb\u00e1nni!<\/p>\n\n\n\n<h3 class=\"wp-block-heading\"><strong>T\u00f6ltsd le az alkalmaz\u00e1sokat itt:<\/strong><\/h3>\n\n\n\n<ul class=\"wp-block-list\">\n<li>Zumba \u2013 T\u00e1ncos fitnesz edz\u00e9s \u2013 <a href=\"https:\/\/play.google.com\/store\/apps\/details?id=com.zumba.consumerapp&amp;hl=en\">Android<\/a> \/ <a href=\"https:\/\/apps.apple.com\/br\/app\/zumba-dance-fitness-workout\/id6447769025\">iOS<\/a><\/li>\n\n\n\n<li>Zumba Fitnesz T\u00e1nc \u2013 <a href=\"https:\/\/apps.apple.com\/br\/developer\/zumba-fitness\/id628664480\">iOS<\/a><\/li>\n\n\n\n<li>Aerob t\u00e1nc fogy\u00e1shoz \u2013 <a href=\"https:\/\/play.google.com\/store\/apps\/details?id=com.efilmteka.weightlossdance&amp;hl=pt_BR\">Android<\/a> \/ <a href=\"https:\/\/apps.apple.com\/bo\/app\/baile-aerobico-para-adelgazar\/id1641279738\">iOS<\/a><\/li>\n<\/ul>\n\n\n\n<p>Mi lenne, ha ma elkezden\u00e9d, \u00e9s megosztan\u00e1d a bar\u00e1taiddal?<\/p>\n\n\n\n<hr class=\"wp-block-separator has-alpha-channel-opacity\" \/>\n\n\n\n<h3 class=\"wp-block-heading\">Gyakran Ism\u00e9telt K\u00e9rd\u00e9sek (GYIK)<\/h3>\n\n\n\n<p><strong>1. Sz\u00fcks\u00e9gem van el\u0151zetes t\u00e1nctapasztalatra a Zumba alkalmaz\u00e1sok haszn\u00e1lat\u00e1hoz?<\/strong><\/p>\n\n\n\n<p>Nem! A Zumba alkalmaz\u00e1sok minden szintre k\u00e9sz\u00fcltek, a kezd\u0151t\u0151l a halad\u00f3ig. A mozdulatok k\u00f6nnyen k\u00f6vethet\u0151k, \u00e9s a temp\u00f3dhoz igaz\u00edthatod \u0151ket.<\/p>\n\n\n\n<p><strong>2. Hetente h\u00e1nyszor kell Zumb\u00e1znom, hogy eredm\u00e9nyeket l\u00e1ssak?<\/strong><\/p>\n\n\n\n<p>Att\u00f3l f\u00fcgg, hogy milyen c\u00e9ljaid vannak, de \u00e1ltal\u00e1ban hetente legal\u00e1bb h\u00e1romszor aj\u00e1nlott Zumb\u00e1zni. Vannak, akik minden nap csin\u00e1lj\u00e1k, mert amellett, hogy j\u00f3 edz\u00e9s, nagyon sz\u00f3rakoztat\u00f3 is!<\/p>\n\n\n\n<p><strong>3. Alkalmas a Zumba fogy\u00e1shoz?<\/strong><\/p>\n\n\n\n<p>Igen, a Zumba nagyszer\u0171 a fogy\u00e1shoz, mert az intenz\u00edv aerob edz\u00e9st sz\u00f3rakoztat\u00f3 mozg\u00e1sokkal \u00f6tv\u00f6zi. Rendszeres gyakorl\u00e1ssal alkalmank\u00e9nt 500 \u00e9s 1000 kal\u00f3ri\u00e1t is el\u00e9gethetsz, ami jelent\u0151sen hozz\u00e1j\u00e1rul a fogy\u00e1shoz.<\/p>\n\n\n\n<p><strong>4. Ingyenesek a Zumba alkalmaz\u00e1sok?<\/strong><\/p>\n\n\n\n<p>A legt\u00f6bb alkalmaz\u00e1s ingyenes verzi\u00f3kat k\u00edn\u00e1l korl\u00e1tozott funkci\u00f3kkal, de pr\u00e9mium opci\u00f3kat is k\u00edn\u00e1lnak t\u00f6bb kaszttal \u00e9s halad\u00f3 funkci\u00f3kkal. Kezdheted az ingyenes verzi\u00f3val, majd eld\u00f6ntheted, hogy szeretn\u00e9l-e friss\u00edteni.<\/p>\n\n\n\n<p><strong>5. Zumb\u00e1zhatok eg\u00e9szs\u00e9g\u00fcgyi probl\u00e9m\u00e1kkal vagy korl\u00e1tozott mozg\u00e1sk\u00e9pess\u00e9ggel?<\/strong><\/p>\n\n\n\n<p>Javasolt orvoshoz fordulni, miel\u0151tt b\u00e1rmilyen edz\u00e9sprogramot elkezden\u00e9l, k\u00fcl\u00f6n\u00f6sen, ha eg\u00e9szs\u00e9g\u00fcgyi probl\u00e9m\u00e1id vannak. A Zumb\u00e1nak azonban vannak alacsony intenzit\u00e1s\u00fa v\u00e1ltozatai is, amelyek alkalmasak lehetnek azok sz\u00e1m\u00e1ra, akiknek enyh\u00e9bb megk\u00f6zel\u00edt\u00e9sre van sz\u00fcks\u00e9g\u00fck.<\/p>","protected":false},"excerpt":{"rendered":"<p>Zumba ya se ha convertido en algo m\u00e1s que una simple modalidad de ejercicio, \u00a1es una verdadera pasi\u00f3n mundial! Con sus coreograf\u00edas animadas y m\u00fasica contagiosa, ha conquistado a millones de personas, tanto en gimnasios como en la comodidad de sus hogares. Si est\u00e1s buscando una forma divertida de hacer ejercicio o quieres innovar en [&hellip;]<\/p>","protected":false},"author":139,"featured_media":6833,"comment_status":"closed","ping_status":"open","sticky":false,"template":"","format":"standard","meta":{"footnotes":""},"categories":[2],"tags":[231,505,767,790,827,869],"yoast_head":"<!-- This site is optimized with the Yoast SEO plugin v23.3 - https:\/\/yoast.com\/wordpress\/plugins\/seo\/ -->\n<title>Aplicaci\u00f3n para Bailar Zumba: Revoluciona tu Rutina de Ejercicio - Universo Fam\u00edlia<\/title>\n<meta name=\"description\" content=\"Aplicaci\u00f3n para Bailar Zumba: Revoluciona tu Rutina de Ejercicio. Zumba ya se ha convertido en algo m\u00e1s que una simple modalidad...\" \/>\n<meta name=\"robots\" content=\"index, follow, max-snippet:-1, max-image-preview:large, max-video-preview:-1\" \/>\n<link rel=\"canonical\" href=\"https:\/\/universofamilia.com\/hu\/aplicacion-para-bailar-zumba\/\" \/>\n<meta property=\"og:locale\" content=\"hu_HU\" \/>\n<meta property=\"og:type\" content=\"article\" \/>\n<meta property=\"og:title\" content=\"Aplicaci\u00f3n para Bailar Zumba: Revoluciona tu Rutina de Ejercicio - Universo Fam\u00edlia\" \/>\n<meta property=\"og:description\" content=\"Aplicaci\u00f3n para Bailar Zumba: Revoluciona tu Rutina de Ejercicio. Zumba ya se ha convertido en algo m\u00e1s que una simple modalidad...\" \/>\n<meta property=\"og:url\" content=\"https:\/\/universofamilia.com\/hu\/aplicacion-para-bailar-zumba\/\" \/>\n<meta property=\"og:site_name\" content=\"Universo Fam\u00edlia\" \/>\n<meta property=\"article:published_time\" content=\"2024-10-12T19:53:07+00:00\" \/>\n<meta property=\"article:modified_time\" content=\"2025-01-28T16:27:30+00:00\" \/>\n<meta property=\"og:image\" content=\"https:\/\/universofamilia.com\/wp-content\/uploads\/sites\/148\/2024\/10\/DESTAQUE-UNIVERSO-550-x-350-7-1.jpg\" \/>\n\t<meta property=\"og:image:width\" content=\"550\" \/>\n\t<meta property=\"og:image:height\" content=\"350\" \/>\n\t<meta property=\"og:image:type\" content=\"image\/jpeg\" \/>\n<meta name=\"author\" content=\"Pedro Henrique\" \/>\n<meta name=\"twitter:card\" content=\"summary_large_image\" \/>\n<meta name=\"twitter:label1\" content=\"Written by\" \/>\n\t<meta name=\"twitter:data1\" content=\"Pedro Henrique\" \/>\n\t<meta name=\"twitter:label2\" content=\"Est. reading time\" \/>\n\t<meta name=\"twitter:data2\" content=\"8 perc\" \/>\n<script type=\"application\/ld+json\" class=\"yoast-schema-graph\">{\"@context\":\"https:\/\/schema.org\",\"@graph\":[{\"@type\":\"WebPage\",\"@id\":\"https:\/\/universofamilia.com\/pl\/aplicacion-para-bailar-zumba\/\",\"url\":\"https:\/\/universofamilia.com\/pl\/aplicacion-para-bailar-zumba\/\",\"name\":\"Aplicaci\u00f3n para Bailar Zumba: Revoluciona tu Rutina de Ejercicio - Universo Fam\u00edlia\",\"isPartOf\":{\"@id\":\"https:\/\/universofamilia.com\/el\/#website\"},\"primaryImageOfPage\":{\"@id\":\"https:\/\/universofamilia.com\/pl\/aplicacion-para-bailar-zumba\/#primaryimage\"},\"image\":{\"@id\":\"https:\/\/universofamilia.com\/pl\/aplicacion-para-bailar-zumba\/#primaryimage\"},\"thumbnailUrl\":\"https:\/\/universofamilia.com\/wp-content\/uploads\/sites\/148\/2024\/10\/DESTAQUE-UNIVERSO-550-x-350-7-1.jpg\",\"datePublished\":\"2024-10-12T19:53:07+00:00\",\"dateModified\":\"2025-01-28T16:27:30+00:00\",\"author\":{\"@id\":\"https:\/\/universofamilia.com\/el\/#\/schema\/person\/f07ce98187dd84d31154262e79b3b7ca\"},\"description\":\"Aplicaci\u00f3n para Bailar Zumba: Revoluciona tu Rutina de Ejercicio. Zumba ya se ha convertido en algo m\u00e1s que una simple modalidad...\",\"breadcrumb\":{\"@id\":\"https:\/\/universofamilia.com\/pl\/aplicacion-para-bailar-zumba\/#breadcrumb\"},\"inLanguage\":\"hu\",\"potentialAction\":[{\"@type\":\"ReadAction\",\"target\":[\"https:\/\/universofamilia.com\/pl\/aplicacion-para-bailar-zumba\/\"]}]},{\"@type\":\"ImageObject\",\"inLanguage\":\"hu\",\"@id\":\"https:\/\/universofamilia.com\/pl\/aplicacion-para-bailar-zumba\/#primaryimage\",\"url\":\"https:\/\/universofamilia.com\/wp-content\/uploads\/sites\/148\/2024\/10\/DESTAQUE-UNIVERSO-550-x-350-7-1.jpg\",\"contentUrl\":\"https:\/\/universofamilia.com\/wp-content\/uploads\/sites\/148\/2024\/10\/DESTAQUE-UNIVERSO-550-x-350-7-1.jpg\",\"width\":550,\"height\":350,\"caption\":\"Aplicaci\u00f3n para Bailar Zumba: Revoluciona tu Rutina de Ejercicio\"},{\"@type\":\"BreadcrumbList\",\"@id\":\"https:\/\/universofamilia.com\/pl\/aplicacion-para-bailar-zumba\/#breadcrumb\",\"itemListElement\":[{\"@type\":\"ListItem\",\"position\":1,\"name\":\"Home\",\"item\":\"https:\/\/universofamilia.com\/el\/\"},{\"@type\":\"ListItem\",\"position\":2,\"name\":\"Aplicaci\u00f3n para Bailar Zumba: Revoluciona tu Rutina de Ejercicio\"}]},{\"@type\":\"WebSite\",\"@id\":\"https:\/\/universofamilia.com\/el\/#website\",\"url\":\"https:\/\/universofamilia.com\/el\/\",\"name\":\"Universo Fam\u00edlia\",\"description\":\"\",\"potentialAction\":[{\"@type\":\"SearchAction\",\"target\":{\"@type\":\"EntryPoint\",\"urlTemplate\":\"https:\/\/universofamilia.com\/el\/?s={search_term_string}\"},\"query-input\":\"required name=search_term_string\"}],\"inLanguage\":\"hu\"},{\"@type\":\"Person\",\"@id\":\"https:\/\/universofamilia.com\/el\/#\/schema\/person\/f07ce98187dd84d31154262e79b3b7ca\",\"name\":\"Pedro Henrique\",\"image\":{\"@type\":\"ImageObject\",\"inLanguage\":\"hu\",\"@id\":\"https:\/\/universofamilia.com\/el\/#\/schema\/person\/image\/\",\"url\":\"https:\/\/secure.gravatar.com\/avatar\/9edfeb808cb4e1599f64d6e45b130154?s=96&d=mm&r=g\",\"contentUrl\":\"https:\/\/secure.gravatar.com\/avatar\/9edfeb808cb4e1599f64d6e45b130154?s=96&d=mm&r=g\",\"caption\":\"Pedro Henrique\"},\"url\":\"https:\/\/universofamilia.com\/hu\/author\/editor01\/\"}]}<\/script>\n<!-- \/ Yoast SEO plugin. -->","yoast_head_json":{"title":"Aplicaci\u00f3n para Bailar Zumba: Revoluciona tu Rutina de Ejercicio - Universo Fam\u00edlia","description":"Aplicaci\u00f3n para Bailar Zumba: Revoluciona tu Rutina de Ejercicio. Zumba ya se ha convertido en algo m\u00e1s que una simple modalidad...","robots":{"index":"index","follow":"follow","max-snippet":"max-snippet:-1","max-image-preview":"max-image-preview:large","max-video-preview":"max-video-preview:-1"},"canonical":"https:\/\/universofamilia.com\/hu\/aplicacion-para-bailar-zumba\/","og_locale":"hu_HU","og_type":"article","og_title":"Aplicaci\u00f3n para Bailar Zumba: Revoluciona tu Rutina de Ejercicio - Universo Fam\u00edlia","og_description":"Aplicaci\u00f3n para Bailar Zumba: Revoluciona tu Rutina de Ejercicio. Zumba ya se ha convertido en algo m\u00e1s que una simple modalidad...","og_url":"https:\/\/universofamilia.com\/hu\/aplicacion-para-bailar-zumba\/","og_site_name":"Universo Fam\u00edlia","article_published_time":"2024-10-12T19:53:07+00:00","article_modified_time":"2025-01-28T16:27:30+00:00","og_image":[{"width":550,"height":350,"url":"https:\/\/universofamilia.com\/wp-content\/uploads\/sites\/148\/2024\/10\/DESTAQUE-UNIVERSO-550-x-350-7-1.jpg","type":"image\/jpeg"}],"author":"Pedro Henrique","twitter_card":"summary_large_image","twitter_misc":{"Written by":"Pedro Henrique","Est. reading time":"8 perc"},"schema":{"@context":"https:\/\/schema.org","@graph":[{"@type":"WebPage","@id":"https:\/\/universofamilia.com\/pl\/aplicacion-para-bailar-zumba\/","url":"https:\/\/universofamilia.com\/pl\/aplicacion-para-bailar-zumba\/","name":"Aplicaci\u00f3n para Bailar Zumba: Revoluciona tu Rutina de Ejercicio - Universo Fam\u00edlia","isPartOf":{"@id":"https:\/\/universofamilia.com\/el\/#website"},"primaryImageOfPage":{"@id":"https:\/\/universofamilia.com\/pl\/aplicacion-para-bailar-zumba\/#primaryimage"},"image":{"@id":"https:\/\/universofamilia.com\/pl\/aplicacion-para-bailar-zumba\/#primaryimage"},"thumbnailUrl":"https:\/\/universofamilia.com\/wp-content\/uploads\/sites\/148\/2024\/10\/DESTAQUE-UNIVERSO-550-x-350-7-1.jpg","datePublished":"2024-10-12T19:53:07+00:00","dateModified":"2025-01-28T16:27:30+00:00","author":{"@id":"https:\/\/universofamilia.com\/el\/#\/schema\/person\/f07ce98187dd84d31154262e79b3b7ca"},"description":"Aplicaci\u00f3n para Bailar Zumba: Revoluciona tu Rutina de Ejercicio. Zumba ya se ha convertido en algo m\u00e1s que una simple modalidad...","breadcrumb":{"@id":"https:\/\/universofamilia.com\/pl\/aplicacion-para-bailar-zumba\/#breadcrumb"},"inLanguage":"hu","potentialAction":[{"@type":"ReadAction","target":["https:\/\/universofamilia.com\/pl\/aplicacion-para-bailar-zumba\/"]}]},{"@type":"ImageObject","inLanguage":"hu","@id":"https:\/\/universofamilia.com\/pl\/aplicacion-para-bailar-zumba\/#primaryimage","url":"https:\/\/universofamilia.com\/wp-content\/uploads\/sites\/148\/2024\/10\/DESTAQUE-UNIVERSO-550-x-350-7-1.jpg","contentUrl":"https:\/\/universofamilia.com\/wp-content\/uploads\/sites\/148\/2024\/10\/DESTAQUE-UNIVERSO-550-x-350-7-1.jpg","width":550,"height":350,"caption":"Aplicaci\u00f3n para Bailar Zumba: Revoluciona tu Rutina de Ejercicio"},{"@type":"BreadcrumbList","@id":"https:\/\/universofamilia.com\/pl\/aplicacion-para-bailar-zumba\/#breadcrumb","itemListElement":[{"@type":"ListItem","position":1,"name":"Home","item":"https:\/\/universofamilia.com\/el\/"},{"@type":"ListItem","position":2,"name":"Aplicaci\u00f3n para Bailar Zumba: Revoluciona tu Rutina de Ejercicio"}]},{"@type":"WebSite","@id":"https:\/\/universofamilia.com\/el\/#website","url":"https:\/\/universofamilia.com\/el\/","name":"Universo Fam\u00edlia","description":"","potentialAction":[{"@type":"SearchAction","target":{"@type":"EntryPoint","urlTemplate":"https:\/\/universofamilia.com\/el\/?s={search_term_string}"},"query-input":"required name=search_term_string"}],"inLanguage":"hu"},{"@type":"Person","@id":"https:\/\/universofamilia.com\/el\/#\/schema\/person\/f07ce98187dd84d31154262e79b3b7ca","name":"Pedro Henrique","image":{"@type":"ImageObject","inLanguage":"hu","@id":"https:\/\/universofamilia.com\/el\/#\/schema\/person\/image\/","url":"https:\/\/secure.gravatar.com\/avatar\/9edfeb808cb4e1599f64d6e45b130154?s=96&d=mm&r=g","contentUrl":"https:\/\/secure.gravatar.com\/avatar\/9edfeb808cb4e1599f64d6e45b130154?s=96&d=mm&r=g","caption":"Pedro Henrique"},"url":"https:\/\/universofamilia.com\/hu\/author\/editor01\/"}]}},"_links":{"self":[{"href":"https:\/\/universofamilia.com\/hu\/wp-json\/wp\/v2\/posts\/6832"}],"collection":[{"href":"https:\/\/universofamilia.com\/hu\/wp-json\/wp\/v2\/posts"}],"about":[{"href":"https:\/\/universofamilia.com\/hu\/wp-json\/wp\/v2\/types\/post"}],"author":[{"embeddable":true,"href":"https:\/\/universofamilia.com\/hu\/wp-json\/wp\/v2\/users\/139"}],"replies":[{"embeddable":true,"href":"https:\/\/universofamilia.com\/hu\/wp-json\/wp\/v2\/comments?post=6832"}],"version-history":[{"count":1,"href":"https:\/\/universofamilia.com\/hu\/wp-json\/wp\/v2\/posts\/6832\/revisions"}],"predecessor-version":[{"id":8439,"href":"https:\/\/universofamilia.com\/hu\/wp-json\/wp\/v2\/posts\/6832\/revisions\/8439"}],"wp:featuredmedia":[{"embeddable":true,"href":"https:\/\/universofamilia.com\/hu\/wp-json\/wp\/v2\/media\/6833"}],"wp:attachment":[{"href":"https:\/\/universofamilia.com\/hu\/wp-json\/wp\/v2\/media?parent=6832"}],"wp:term":[{"taxonomy":"category","embeddable":true,"href":"https:\/\/universofamilia.com\/hu\/wp-json\/wp\/v2\/categories?post=6832"},{"taxonomy":"post_tag","embeddable":true,"href":"https:\/\/universofamilia.com\/hu\/wp-json\/wp\/v2\/tags?post=6832"}],"curies":[{"name":"wp","href":"https:\/\/api.w.org\/{rel}","templated":true}]}}