{"id":6855,"date":"2024-10-13T22:14:24","date_gmt":"2024-10-14T01:14:24","guid":{"rendered":"https:\/\/universofamilia.com\/?p=6855"},"modified":"2025-11-16T22:04:20","modified_gmt":"2025-11-17T01:04:20","slug":"grabar-llamadas-recibidas","status":"publish","type":"post","link":"https:\/\/universofamilia.com\/hu\/grabar-llamadas-recibidas\/","title":{"rendered":"Fogadott h\u00edv\u00e1sok r\u00f6gz\u00edt\u00e9se"},"content":{"rendered":"<p>El\u0151fordult m\u00e1r veled, hogy kapt\u00e1l egy fontos h\u00edv\u00e1st, de elfelejtetted a r\u00e9szleteket?<\/p>\n\n\n\n<p>Vagy ami m\u00e9g rosszabb, kellett m\u00e1r bosszant\u00f3 vagy ak\u00e1r fenyeget\u0151 h\u00edv\u00e1sokkal foglalkoznod?<\/p>\n\n\n\n<p>Manaps\u00e1g, a csal\u00e1sok \u00e9s a rosszindulat\u00fa h\u00edv\u00e1sok sz\u00e1m\u00e1nak n\u00f6veked\u00e9s\u00e9vel sokan keresnek alternat\u00edv\u00e1kat, hogy megv\u00e9dj\u00e9k magukat \u00e9s jobban megszervezz\u00e9k az \u00e9let\u00fcket.<\/p>\n\n\n\n<p>\u00c9s tudod, hogyan? H\u00edv\u00e1sok r\u00f6gz\u00edt\u00e9s\u00e9vel!<\/p>\n\n\n\n<p>Igen, egyszer\u0171bb, mint amilyennek l\u00e1tszik, \u00e9s a megfelel\u0151 alkalmaz\u00e1ssal a r\u00f6gz\u00edtett besz\u00e9lget\u00e9seid mindig k\u00e9zn\u00e9l lehetnek.<\/p>\n\n\n\n<h2 class=\"wp-block-heading\">A h\u00edv\u00e1sok r\u00f6gz\u00edt\u00e9s\u00e9nek fontoss\u00e1ga<\/h2>\n\n\n\n<p>A h\u00edv\u00e1sok r\u00f6gz\u00edt\u00e9se nem csak a biztons\u00e1gr\u00f3l sz\u00f3l, hanem a praktikumr\u00f3l is. K\u00e9pzelje el, hogy telefonon t\u00e1rgyal, vagy fontos utas\u00edt\u00e1sokat kap.<\/p>\n\n\n\n<p>K\u00f6nny\u0171 lemaradni egy r\u00e9szletr\u0151l, vagy elfelejteni, mit mondtak. A besz\u00e9lget\u00e9s r\u00f6gz\u00edt\u00e9se lehet\u0151v\u00e9 teszi, hogy \u00fajra \u00e1tn\u00e9zd a tartalmat, \u00e9s biztos lehess benne, hogy nem maradsz le semmilyen inform\u00e1ci\u00f3r\u00f3l.<\/p>\n\n\n\n<p>Ezenk\u00edv\u00fcl a h\u00edv\u00e1sok r\u00f6gz\u00edt\u00e9se hat\u00e9kony m\u00f3dja lehet a f\u00e9lre\u00e9rt\u00e9sek vagy ak\u00e1r jogi l\u00e9p\u00e9sek elker\u00fcl\u00e9s\u00e9nek.<\/p>\n\n\n\n<p>Sok esetben a h\u00edv\u00e1sfelv\u00e9tel bizony\u00edt\u00e9kk\u00e9nt felhaszn\u00e1lhat\u00f3 vit\u00e1k rendez\u00e9s\u00e9re, k\u00fcl\u00f6n\u00f6sen kereskedelmi vagy jogi kontextusban.<\/p>\n\n\n\n<p>Egy egyszer\u0171 p\u00e9lda? Eml\u00e9kszel azokra az id\u0151kre, amikor felh\u00edvtad a m\u0171szaki t\u00e1mogat\u00e1st, majd elfelejtetted az utas\u00edt\u00e1sokat?<\/p>\n\n\n\n<p>A felv\u00e9teln\u00e9l csak meg kell nyomni a lej\u00e1tsz\u00e1st, \u00e9s k\u00e9sz.<\/p>\n\n\n\n<p><\/p>\n\n\n\n<hr class=\"wp-block-separator has-text-color has-luminous-vivid-orange-color has-alpha-channel-opacity has-luminous-vivid-orange-background-color has-background\" \/>\n\n\n\n<h2 class=\"wp-block-heading\">Olvasd el m\u00e9g:<\/h2>\n\n\n\n<ul class=\"wp-block-list\">\n<li class=\"has-medium-font-size\"><a href=\"https:\/\/universofamilia.com\/hu\/6832\/aplicacion-para-bailar-zumba\/\">\ud83d\udccc Zumba T\u00e1nc Alkalmaz\u00e1s &gt;<\/a><\/li>\n\n\n\n<li class=\"has-medium-font-size\"><a href=\"https:\/\/universofamilia.com\/hu\/6568\/aprende-mecanica-automotriz-aplicacion\/\">\ud83d\udccc Tanulj aut\u00f3szerel\u0151nek egy alkalmaz\u00e1ssal<\/a><\/li>\n<\/ul>\n\n\n\n<hr class=\"wp-block-separator has-text-color has-luminous-vivid-orange-color has-alpha-channel-opacity has-luminous-vivid-orange-background-color has-background\" \/>\n\n\n\n<p><\/p>\n\n\n\n<h3 class=\"wp-block-heading\">V\u00e9delem a csal\u00e1sok \u00e9s a rosszindulat\u00fa h\u00edv\u00e1sok ellen<\/h3>\n\n\n\n<p>Egyre gyakoribbak a csal\u00e1rd h\u00edv\u00e1sok. Ak\u00e1r arr\u00f3l van sz\u00f3, hogy &quot;nyerem\u00e9nyt&quot; mondanak, ak\u00e1r zsarol\u00e1si k\u00eds\u00e9rletr\u0151l, a h\u00edv\u00e1sok r\u00f6gz\u00edt\u00e9se egy m\u00f3dja annak, hogy megv\u00e9dj\u00fck magunkat.<\/p>\n\n\n\n<p>Ha b\u00e1rmi gyan\u00fasnak t\u0171nik, mindent r\u00f6gz\u00edthet, \u00e9s felhaszn\u00e1lhatja azt jogi v\u00e9dekez\u00e9sre. Hasonl\u00f3k\u00e9ppen, a rosszindulat\u00fa szem\u00e9lyek elleni v\u00e9delemhez a felv\u00e9tel lehet a legjobb sz\u00f6vets\u00e9gese.<\/p>\n\n\n\n<p>Hallott\u00e1l m\u00e1r a telefonos p\u00e9nz\u00fcgyi csal\u00e1sokr\u00f3l? Egyes b\u0171n\u00f6z\u0151k j\u00f3 h\u00edr\u0171 int\u00e9zm\u00e9nyeknek adj\u00e1k ki magukat, hogy szem\u00e9lyes \u00e9s banki adatokat szerezzenek.<\/p>\n\n\n\n<p>Ha r\u00f6gz\u00edted a besz\u00e9lget\u00e9st, konkr\u00e9t bizony\u00edt\u00e9kod lesz az eset jelent\u00e9s\u00e9hez. K\u00f6nnyebb lesz pontosan megjegyezni, hogy mi is t\u00f6rt\u00e9nt, ha \u00e9rtes\u00edtened kell a hat\u00f3s\u00e1gokat, a csal\u00e1dot vagy a bar\u00e1tokat.<\/p>\n\n\n\n<h2 class=\"wp-block-heading\">Mi\u00e9rt \u00e9rdemes h\u00edv\u00e1sr\u00f6gz\u00edt\u0151 alkalmaz\u00e1st haszn\u00e1lni?<\/h2>\n\n\n\n<p>Most, hogy meg\u00e9rtette a fontoss\u00e1got, felmer\u00fclhet benned a k\u00e9rd\u00e9s: \u201eDe hogyan r\u00f6gz\u00edthetem ezeket a h\u00edv\u00e1sokat egyszer\u0171en?\u201d<\/p>\n\n\n\n<p>A v\u00e1lasz a h\u00edv\u00e1sr\u00f6gz\u00edt\u0151 alkalmaz\u00e1sokban rejlik. Ezeket az alkalmaz\u00e1sokat \u00fagy tervezt\u00e9k, hogy megk\u00f6nny\u00edts\u00e9k a folyamatot az\u00e1ltal, hogy automatikusan r\u00f6gz\u00edtik a h\u00edv\u00e1sokat, \u00e9s lehet\u0151v\u00e9 teszik, hogy b\u00e1rmikor hozz\u00e1f\u00e9rhess hozz\u00e1juk.<\/p>\n\n\n\n<p>A h\u00edv\u00e1sr\u00f6gz\u00edt\u0151 alkalmaz\u00e1sok k\u00f6nnyen haszn\u00e1lhat\u00f3k, sokuk kiv\u00e1l\u00f3 hangmin\u0151s\u00e9get k\u00edn\u00e1l, \u00e9s a legt\u00f6bb eszk\u00f6zzel kompatibilis.<\/p>\n\n\n\n<p>Al\u00e1bb r\u00e9szletesebben is besz\u00e9l\u00fcnk r\u00f3luk, n\u00e9h\u00e1ny javaslattal, amelyek megfelelhetnek az \u00d6n ig\u00e9nyeinek.<\/p>\n\n\n<div class=\"wp-block-image\">\n<figure class=\"aligncenter size-full\"><img loading=\"lazy\" decoding=\"async\" width=\"550\" height=\"350\" src=\"http:\/\/universofamilia.com\/wp-content\/uploads\/sites\/148\/2024\/10\/DESTAQUE-UNIVERSO-550-x-350-5-3.jpg\" alt=\"\" class=\"wp-image-6857\" srcset=\"https:\/\/universofamilia.com\/wp-content\/uploads\/sites\/148\/2024\/10\/DESTAQUE-UNIVERSO-550-x-350-5-3.jpg 550w, https:\/\/universofamilia.com\/wp-content\/uploads\/sites\/148\/2024\/10\/DESTAQUE-UNIVERSO-550-x-350-5-3-300x191.jpg 300w\" sizes=\"(max-width: 550px) 100vw, 550px\" \/><figcaption class=\"wp-element-caption\">Fogadott h\u00edv\u00e1sok r\u00f6gz\u00edt\u00e9se<\/figcaption><\/figure><\/div>\n\n\n<h3 class=\"wp-block-heading\">H\u00edv\u00e1sr\u00f6gz\u00edt\u00e9ssel kapcsolatos jogszab\u00e1lyok \u00e9s etika<\/h3>\n\n\n\n<p>Miel\u0151tt elkezden\u00e9d r\u00f6gz\u00edteni az \u00f6sszes h\u00edv\u00e1sodat, fontos meg\u00e9rtened, mit mond a t\u00f6rv\u00e9ny.<\/p>\n\n\n\n<p>Sok orsz\u00e1gban, p\u00e9ld\u00e1ul Braz\u00edli\u00e1ban, a h\u00edv\u00e1sok r\u00f6gz\u00edt\u00e9se megengedett, amennyiben a besz\u00e9lget\u00e9sben r\u00e9szt vev\u0151 felek egyike tud a felv\u00e9telr\u0151l.<\/p>\n\n\n\n<p>Ez azt jelenti, hogy ha r\u00e9szt veszel a h\u00edv\u00e1sban, r\u00f6gz\u00edtheted. Azonban mindig tan\u00e1csos t\u00e1j\u00e9koztatni a m\u00e1sik felet, k\u00fcl\u00f6n\u00f6sen etikai okokb\u00f3l.<\/p>\n\n\n\n<p>Ezenk\u00edv\u00fcl fontos megjegyezni, hogy a felv\u00e9tel vissza\u00e9l\u00e9sszer\u0171 felhaszn\u00e1l\u00e1sa, p\u00e9ld\u00e1ul egy besz\u00e9lget\u00e9s beleegyez\u00e9s n\u00e9lk\u00fcli nyilv\u00e1noss\u00e1gra hozatala jogi probl\u00e9m\u00e1khoz vezethet.<\/p>\n\n\n\n<p>Teh\u00e1t haszn\u00e1ld \u0151ket felel\u0151ss\u00e9gteljesen!<\/p>\n\n\n\n<h2 class=\"wp-block-heading\">Hogyan m\u0171k\u00f6dik a h\u00edv\u00e1sr\u00f6gz\u00edt\u0151?<\/h2>\n\n\n\n<p>A h\u00edv\u00e1sr\u00f6gz\u00edt\u0151 alkalmaz\u00e1sok egyszer\u0171, de hat\u00e9kony technol\u00f3gi\u00e1t haszn\u00e1lnak a besz\u00e9lget\u00e9sek hangj\u00e1nak r\u00f6gz\u00edt\u00e9s\u00e9re.<\/p>\n\n\n\n<p>A h\u00e1tt\u00e9rben futnak, mik\u00f6zben h\u00edv\u00e1sokat kezdem\u00e9nyezel vagy fogadsz, automatikusan r\u00f6gz\u00edtik a hangot, \u00e9s a be\u00e1ll\u00edt\u00e1saidt\u00f3l f\u00fcgg\u0151en t\u00e1rolj\u00e1k azt az eszk\u00f6z\u00f6d\u00f6n vagy a felh\u0151ben.<\/p>\n\n\n\n<h3 class=\"wp-block-heading\">Hangmin\u0151s\u00e9g<\/h3>\n\n\n\n<p>A h\u00edv\u00e1sok r\u00f6gz\u00edt\u00e9s\u00e9nek egyik agg\u00e1lya a hangmin\u0151s\u00e9g.<\/p>\n\n\n\n<p>Szerencs\u00e9re sok modern alkalmaz\u00e1s k\u00e9pes kiv\u00e1l\u00f3 min\u0151s\u00e9g\u0171 felv\u00e9telt k\u00e9sz\u00edteni, \u00edgy a lej\u00e1tsz\u00e1s tiszta \u00e9s \u00e9rthet\u0151.<\/p>\n\n\n\n<p>Ez k\u00fcl\u00f6n\u00f6sen hasznos, ha r\u00e9szletes inform\u00e1ci\u00f3kat kell \u00e1ttekintenie, vagy a felv\u00e9telt bizony\u00edt\u00e9kk\u00e9nt kell felhaszn\u00e1lnia.<\/p>\n\n\n\n<h3 class=\"wp-block-heading\">Kompatibilit\u00e1s k\u00fcl\u00f6nb\u00f6z\u0151 eszk\u00f6z\u00f6kkel<\/h3>\n\n\n\n<p>A h\u00edv\u00e1sr\u00f6gz\u00edt\u0151 alkalmaz\u00e1sok \u00fagy lettek kialak\u00edtva, hogy Android \u00e9s iOS eszk\u00f6z\u00f6k\u00f6n is m\u0171k\u00f6djenek, sz\u00e9lesk\u00f6r\u0171 kompatibilit\u00e1st k\u00edn\u00e1lva.<\/p>\n\n\n\n<p>N\u00e9h\u00e1ny alkalmaz\u00e1s kiz\u00e1r\u00f3lag egy platformon \u00e9rhet\u0151 el, de sok mindkett\u0151n el\u00e9rhet\u0151, ami megk\u00f6nny\u00edti a felhaszn\u00e1l\u00f3k \u00e9let\u00e9t.<\/p>\n\n\n\n<h2 class=\"wp-block-heading\">Mit mondanak a felhaszn\u00e1l\u00f3k?<\/h2>\n\n\n\n<p>Mi lenne, ha meghallgatn\u00e1d, mit mondanak azok, akik m\u00e1r haszn\u00e1lj\u00e1k ezeket az alkalmaz\u00e1sokat?<\/p>\n\n\n\n<p>Az al\u00e1bbiakban kiv\u00e1lasztottunk n\u00e9h\u00e1nyat a legn\u00e9pszer\u0171bb h\u00edv\u00e1sr\u00f6gz\u00edt\u0151 alkalmaz\u00e1sok k\u00f6z\u00fcl, valamint h\u00e1rom felhaszn\u00e1l\u00f3 visszajelz\u00e9s\u00e9t.<\/p>\n\n\n\n<h3 class=\"wp-block-heading\">TapeACall: H\u00edv\u00e1sr\u00f6gz\u00edt\u0151 \u2013 Android \/ iOS<\/h3>\n\n\n\n<p><strong>TapeACall<\/strong> Ez az egyik legmagasabbra \u00e9rt\u00e9kelt alkalmaz\u00e1s az alkalmaz\u00e1sboltokban.<\/p>\n\n\n\n<p>Lehet\u0151v\u00e9 teszi a bej\u00f6v\u0151 \u00e9s kimen\u0151 h\u00edv\u00e1sok r\u00f6gz\u00edt\u00e9s\u00e9t, k\u00f6nnyen haszn\u00e1lhat\u00f3 \u00e9s intuit\u00edv fel\u00fclettel rendelkezik.<\/p>\n\n\n\n<p>Vele korl\u00e1tlanul r\u00f6gz\u00edthetsz, \u00e9s k\u00f6nnyen hozz\u00e1f\u00e9rhetsz a felv\u00e9telekhez.<\/p>\n\n\n\n<ul class=\"wp-block-list\">\n<li>\u201eH\u00f3napok \u00f3ta haszn\u00e1lom a TapeACallt, \u00e9s soha nem okozott csal\u00f3d\u00e1st. Kiv\u00e1l\u00f3 hangmin\u0151s\u00e9g \u00e9s nagyon k\u00f6nnyen haszn\u00e1lhat\u00f3!\u201d \u2014 Juan, Google Play.<\/li>\n\n\n\n<li>\u201eMinden munkahelyi h\u00edv\u00e1somat r\u00f6gz\u00edtem a TapeACall seg\u00edts\u00e9g\u00e9vel. Megnyugtat\u00f3 tudni, hogy minden r\u00f6gz\u00edt\u00e9sre ker\u00fcl.\u201d \u2013 Mar\u00eda, Apple Store<\/li>\n\n\n\n<li>\u201eNagyon aj\u00e1nlom! Az alkalmaz\u00e1s seg\u00edtett megoldani egy probl\u00e9m\u00e1t egy c\u00e9ggel, amely nem akarta visszat\u00e9r\u00edteni a p\u00e9nzem.\u201d \u2013 Pedro, Google Play<\/li>\n<\/ul>\n\n\n\n<h3 class=\"wp-block-heading\">H\u00edv\u00e1sr\u00f6gz\u00edt\u0151 \u2013 Android \/ iOS<\/h3>\n\n\n\n<p>Egy m\u00e1sik n\u00e9pszer\u0171 alkalmaz\u00e1s a <strong>H\u00edv\u00e1sr\u00f6gz\u00edt\u0151<\/strong>Egyszer\u0171s\u00e9g\u00e9r\u0151l \u00e9s funkcionalit\u00e1s\u00e1r\u00f3l ismert, lehet\u0151v\u00e9 t\u00e9ve a h\u00edv\u00e1sok gyors \u00e9s k\u00e9nyelmes r\u00f6gz\u00edt\u00e9s\u00e9t.<\/p>\n\n\n\n<p>Ezenk\u00edv\u00fcl lehet\u0151s\u00e9get k\u00edn\u00e1l a felv\u00e9telek felh\u0151be ment\u00e9s\u00e9re.<\/p>\n\n\n\n<ul class=\"wp-block-list\">\n<li>\u201eEgyszer\u0171, \u00e9s azt teszi, amit \u00edg\u00e9r. A felv\u00e9telek mindig tiszt\u00e1k, m\u00e9g hossz\u00fa h\u00edv\u00e1sok eset\u00e9n is.\u201d \u2013 Ana, Google Play.<\/li>\n\n\n\n<li>\u201eKipr\u00f3b\u00e1ltam m\u00e1r t\u00f6bb alkalmaz\u00e1st is, de ez a legpraktikusabb \u00e9s legegyszer\u0171bb. Nem kell szak\u00e9rt\u0151nek lenned a haszn\u00e1lat\u00e1hoz.\u201d \u2013 Carla, Apple Store.<\/li>\n\n\n\n<li>\u201eJ\u00f3l m\u0171k\u00f6dik, szem\u00e9lyes \u00e9s \u00fczleti h\u00edv\u00e1sokra is haszn\u00e1lom.\u201d \u2013 Luis, Google Play<\/li>\n<\/ul>\n\n\n\n<h3 class=\"wp-block-heading\">Minden h\u00edv\u00e1sr\u00f6gz\u00edt\u0151 \u2013 Android \/ iOS<\/h3>\n\n\n\n<p><strong>Minden h\u00edv\u00e1sr\u00f6gz\u00edt\u0151<\/strong> A felhaszn\u00e1l\u00f3k kedvencei k\u00f6z\u00f6tt is szerepel.<\/p>\n\n\n\n<p>Minimalista fel\u00fclet\u00e9r\u0151l \u00e9s min\u0151s\u00e9gi h\u00edv\u00e1sok r\u00f6gz\u00edt\u00e9s\u00e9nek k\u00e9pess\u00e9g\u00e9r\u0151l ismert.<\/p>\n\n\n\n<ul class=\"wp-block-list\">\n<li>\u201eSok fontos h\u00edv\u00e1st kezdem\u00e9nyezek, \u00e9s ez az alkalmaz\u00e1s sokat seg\u00edtett nekem. Minden j\u00f3 min\u0151s\u00e9gben r\u00f6gz\u00edt\u0151dik.\u201d \u2013 Daniela, Google Play.<\/li>\n\n\n\n<li>\u201eNagyon tetszik az egyszer\u0171 diz\u00e1jn. Nincs sz\u00fcks\u00e9gem semmilyen speci\u00e1lis funkci\u00f3ra, \u00edgy t\u00f6k\u00e9letesen megfelel az ig\u00e9nyeimnek.\u201d \u2013 Marcos, Apple Store.<\/li>\n\n\n\n<li>\u201eA h\u00edv\u00e1sok r\u00f6gz\u00edt\u00e9se m\u00e9g soha nem volt ilyen egyszer\u0171. Ide\u00e1lis azok sz\u00e1m\u00e1ra, akiknek valami gyorsra \u00e9s funkcion\u00e1lisra van sz\u00fcks\u00e9g\u00fck.\u201d \u2013 Thiago, Google Play.<\/li>\n<\/ul>\n\n\n<div class=\"wp-block-image\">\n<figure class=\"aligncenter size-full\"><img loading=\"lazy\" decoding=\"async\" width=\"550\" height=\"350\" src=\"http:\/\/universofamilia.com\/wp-content\/uploads\/sites\/148\/2024\/10\/DESTAQUE-UNIVERSO-550-x-350-6-2.jpg\" alt=\"\" class=\"wp-image-6858\" srcset=\"https:\/\/universofamilia.com\/wp-content\/uploads\/sites\/148\/2024\/10\/DESTAQUE-UNIVERSO-550-x-350-6-2.jpg 550w, https:\/\/universofamilia.com\/wp-content\/uploads\/sites\/148\/2024\/10\/DESTAQUE-UNIVERSO-550-x-350-6-2-300x191.jpg 300w\" sizes=\"(max-width: 550px) 100vw, 550px\" \/><figcaption class=\"wp-element-caption\">Fogadott h\u00edv\u00e1sok r\u00f6gz\u00edt\u00e9se<\/figcaption><\/figure><\/div>\n\n\n<h2 class=\"wp-block-heading\">K\u00f6vetkeztet\u00e9s<\/h2>\n\n\n\n<p>A bej\u00f6v\u0151 h\u00edv\u00e1sok r\u00f6gz\u00edt\u00e9se nagy el\u0151nyt jelenthet azok sz\u00e1m\u00e1ra, akik szeretn\u00e9nek rendszerezettek maradni, vagy megv\u00e9deni magukat a csal\u00e1sokt\u00f3l \u00e9s f\u00e9lre\u00e9rt\u00e9sekt\u0151l.<\/p>\n\n\n\n<p>A megfelel\u0151 alkalmaz\u00e1sokkal ez a feladat m\u00e9g k\u00f6nnyebb\u00e9 \u00e9s praktikusabb\u00e1 v\u00e1lik. Szeretn\u00e9d kipr\u00f3b\u00e1lni?<\/p>\n\n\n\n<p>T\u00f6ltsd le az aj\u00e1nlott alkalmaz\u00e1sokat, \u00e9s kezdd el biztons\u00e1gosan \u00e9s hat\u00e9konyan r\u00f6gz\u00edteni a h\u00edv\u00e1saidat.<\/p>\n\n\n\n<p>V\u00e9gs\u0151 soron a legjobb v\u00e9dekez\u00e9s az, ha mindig felk\u00e9sz\u00fclt vagy!<\/p>\n\n\n\n<h3 class=\"wp-block-heading\">T\u00f6ltsd le az alkalmaz\u00e1sokat itt:<\/h3>\n\n\n\n<ul class=\"wp-block-list\">\n<li><strong>TapeACall: H\u00edv\u00e1sr\u00f6gz\u00edt\u0151<\/strong> \u2013 <a href=\"https:\/\/play.google.com\/store\/apps\/details?id=com.tapeacall.com&amp;hl=pt_BR\">Android<\/a> \/ <a href=\"https:\/\/apps.apple.com\/br\/app\/tapeacall-gravador-de-chamada\/id573751328\">iOS<\/a><\/li>\n\n\n\n<li><strong>H\u00edv\u00e1sr\u00f6gz\u00edt\u0151<\/strong> \u2013 <a href=\"https:\/\/apps.apple.com\/ec\/app\/grabador-de-llamadas-e-grabar\/id1459794459\">iOS<\/a><\/li>\n\n\n\n<li><strong>Minden h\u00edv\u00e1sr\u00f6gz\u00edt\u0151<\/strong> \u2013 <a href=\"https:\/\/play.google.com\/store\/apps\/details?id=com.starbox.callrecorder\">Android<\/a> \/ <a href=\"https:\/\/apps.apple.com\/us\/app\/call-recorder-for-iphone\/id1503665233\">iOS<\/a><\/li>\n<\/ul>\n\n\n\n<p>Most, hogy tudod, milyen egyszer\u0171 h\u00edv\u00e1sokat r\u00f6gz\u00edteni, mi\u00e9rt ne osztan\u00e1d meg ezt a cikket a bar\u00e1taiddal \u00e9s a csal\u00e1doddal? Sok embernek seg\u00edthet!<\/p>","protected":false},"excerpt":{"rendered":"<p>El\u0151fordult m\u00e1r veled, hogy kapt\u00e1l egy fontos h\u00edv\u00e1st, csak hogy azt\u00e1n elfelejtsd a r\u00e9szleteket? Vagy ami m\u00e9g rosszabb, bosszant\u00f3 vagy ak\u00e1r fenyeget\u0151 h\u00edv\u00e1sokkal kellett megk\u00fczdened? Manaps\u00e1g, a csal\u00e1sok \u00e9s a rosszindulat\u00fa h\u00edv\u00e1sok sz\u00e1m\u00e1nak n\u00f6veked\u00e9s\u00e9vel sokan keresnek alternat\u00edv\u00e1kat, hogy megv\u00e9dj\u00e9k magukat \u00e9s jobban megszervezz\u00e9k az \u00e9let\u00fcket. \u00c9s tudod, hogyan? Azzal, hogy r\u00f6gz\u00edted [\u2026]<\/p>","protected":false},"author":139,"featured_media":6859,"comment_status":"closed","ping_status":"open","sticky":false,"template":"","format":"standard","meta":{"footnotes":""},"categories":[4],"tags":[290,601,905,1248,1460],"yoast_head":"<!-- This site is optimized with the Yoast SEO plugin v23.3 - https:\/\/yoast.com\/wordpress\/plugins\/seo\/ -->\n<title>Grabar Llamadas Recibidas - Universo Fam\u00edlia<\/title>\n<meta name=\"description\" content=\"Grabar Llamadas Recibidas. \u00bfAlguna vez recibiste esa llamada importante, pero al final olvidaste los detalles?\" \/>\n<meta name=\"robots\" content=\"index, follow, max-snippet:-1, max-image-preview:large, max-video-preview:-1\" \/>\n<link rel=\"canonical\" href=\"https:\/\/universofamilia.com\/hu\/grabar-llamadas-recibidas\/\" \/>\n<meta property=\"og:locale\" content=\"hu_HU\" \/>\n<meta property=\"og:type\" content=\"article\" \/>\n<meta property=\"og:title\" content=\"Grabar Llamadas Recibidas - Universo Fam\u00edlia\" \/>\n<meta property=\"og:description\" content=\"Grabar Llamadas Recibidas. \u00bfAlguna vez recibiste esa llamada importante, pero al final olvidaste los detalles?\" \/>\n<meta property=\"og:url\" content=\"https:\/\/universofamilia.com\/hu\/grabar-llamadas-recibidas\/\" \/>\n<meta property=\"og:site_name\" content=\"Universo Fam\u00edlia\" \/>\n<meta property=\"article:published_time\" content=\"2024-10-14T01:14:24+00:00\" \/>\n<meta property=\"article:modified_time\" content=\"2025-11-17T01:04:20+00:00\" \/>\n<meta property=\"og:image\" content=\"https:\/\/universofamilia.com\/wp-content\/uploads\/sites\/148\/2024\/10\/DESTAQUE-UNIVERSO-550-x-350-4-2.jpg\" \/>\n\t<meta property=\"og:image:width\" content=\"550\" \/>\n\t<meta property=\"og:image:height\" content=\"350\" \/>\n\t<meta property=\"og:image:type\" content=\"image\/jpeg\" \/>\n<meta name=\"author\" content=\"Pedro Henrique\" \/>\n<meta name=\"twitter:card\" content=\"summary_large_image\" \/>\n<meta name=\"twitter:label1\" content=\"Written by\" \/>\n\t<meta name=\"twitter:data1\" content=\"Pedro Henrique\" \/>\n\t<meta name=\"twitter:label2\" content=\"Est. reading time\" \/>\n\t<meta name=\"twitter:data2\" content=\"7 perc\" \/>\n<script type=\"application\/ld+json\" class=\"yoast-schema-graph\">{\"@context\":\"https:\/\/schema.org\",\"@graph\":[{\"@type\":\"WebPage\",\"@id\":\"https:\/\/universofamilia.com\/pl\/grabar-llamadas-recibidas\/\",\"url\":\"https:\/\/universofamilia.com\/pl\/grabar-llamadas-recibidas\/\",\"name\":\"Grabar Llamadas Recibidas - Universo Fam\u00edlia\",\"isPartOf\":{\"@id\":\"https:\/\/universofamilia.com\/el\/#website\"},\"primaryImageOfPage\":{\"@id\":\"https:\/\/universofamilia.com\/pl\/grabar-llamadas-recibidas\/#primaryimage\"},\"image\":{\"@id\":\"https:\/\/universofamilia.com\/pl\/grabar-llamadas-recibidas\/#primaryimage\"},\"thumbnailUrl\":\"https:\/\/universofamilia.com\/wp-content\/uploads\/sites\/148\/2024\/10\/DESTAQUE-UNIVERSO-550-x-350-4-2.jpg\",\"datePublished\":\"2024-10-14T01:14:24+00:00\",\"dateModified\":\"2025-11-17T01:04:20+00:00\",\"author\":{\"@id\":\"https:\/\/universofamilia.com\/el\/#\/schema\/person\/f07ce98187dd84d31154262e79b3b7ca\"},\"description\":\"Grabar Llamadas Recibidas. \u00bfAlguna vez recibiste esa llamada importante, pero al final olvidaste los detalles?\",\"breadcrumb\":{\"@id\":\"https:\/\/universofamilia.com\/pl\/grabar-llamadas-recibidas\/#breadcrumb\"},\"inLanguage\":\"hu\",\"potentialAction\":[{\"@type\":\"ReadAction\",\"target\":[\"https:\/\/universofamilia.com\/pl\/grabar-llamadas-recibidas\/\"]}]},{\"@type\":\"ImageObject\",\"inLanguage\":\"hu\",\"@id\":\"https:\/\/universofamilia.com\/pl\/grabar-llamadas-recibidas\/#primaryimage\",\"url\":\"https:\/\/universofamilia.com\/wp-content\/uploads\/sites\/148\/2024\/10\/DESTAQUE-UNIVERSO-550-x-350-4-2.jpg\",\"contentUrl\":\"https:\/\/universofamilia.com\/wp-content\/uploads\/sites\/148\/2024\/10\/DESTAQUE-UNIVERSO-550-x-350-4-2.jpg\",\"width\":550,\"height\":350,\"caption\":\"Grabar Llamadas Recibidas\"},{\"@type\":\"BreadcrumbList\",\"@id\":\"https:\/\/universofamilia.com\/pl\/grabar-llamadas-recibidas\/#breadcrumb\",\"itemListElement\":[{\"@type\":\"ListItem\",\"position\":1,\"name\":\"Home\",\"item\":\"https:\/\/universofamilia.com\/el\/\"},{\"@type\":\"ListItem\",\"position\":2,\"name\":\"Grabar Llamadas Recibidas\"}]},{\"@type\":\"WebSite\",\"@id\":\"https:\/\/universofamilia.com\/el\/#website\",\"url\":\"https:\/\/universofamilia.com\/el\/\",\"name\":\"Universo Fam\u00edlia\",\"description\":\"\",\"potentialAction\":[{\"@type\":\"SearchAction\",\"target\":{\"@type\":\"EntryPoint\",\"urlTemplate\":\"https:\/\/universofamilia.com\/el\/?s={search_term_string}\"},\"query-input\":\"required name=search_term_string\"}],\"inLanguage\":\"hu\"},{\"@type\":\"Person\",\"@id\":\"https:\/\/universofamilia.com\/el\/#\/schema\/person\/f07ce98187dd84d31154262e79b3b7ca\",\"name\":\"Pedro Henrique\",\"image\":{\"@type\":\"ImageObject\",\"inLanguage\":\"hu\",\"@id\":\"https:\/\/universofamilia.com\/el\/#\/schema\/person\/image\/\",\"url\":\"https:\/\/secure.gravatar.com\/avatar\/9edfeb808cb4e1599f64d6e45b130154?s=96&d=mm&r=g\",\"contentUrl\":\"https:\/\/secure.gravatar.com\/avatar\/9edfeb808cb4e1599f64d6e45b130154?s=96&d=mm&r=g\",\"caption\":\"Pedro Henrique\"},\"url\":\"https:\/\/universofamilia.com\/hu\/author\/editor01\/\"}]}<\/script>\n<!-- \/ Yoast SEO plugin. -->","yoast_head_json":{"title":"Grabar Llamadas Recibidas - Universo Fam\u00edlia","description":"Grabar Llamadas Recibidas. \u00bfAlguna vez recibiste esa llamada importante, pero al final olvidaste los detalles?","robots":{"index":"index","follow":"follow","max-snippet":"max-snippet:-1","max-image-preview":"max-image-preview:large","max-video-preview":"max-video-preview:-1"},"canonical":"https:\/\/universofamilia.com\/hu\/grabar-llamadas-recibidas\/","og_locale":"hu_HU","og_type":"article","og_title":"Grabar Llamadas Recibidas - Universo Fam\u00edlia","og_description":"Grabar Llamadas Recibidas. \u00bfAlguna vez recibiste esa llamada importante, pero al final olvidaste los detalles?","og_url":"https:\/\/universofamilia.com\/hu\/grabar-llamadas-recibidas\/","og_site_name":"Universo Fam\u00edlia","article_published_time":"2024-10-14T01:14:24+00:00","article_modified_time":"2025-11-17T01:04:20+00:00","og_image":[{"width":550,"height":350,"url":"https:\/\/universofamilia.com\/wp-content\/uploads\/sites\/148\/2024\/10\/DESTAQUE-UNIVERSO-550-x-350-4-2.jpg","type":"image\/jpeg"}],"author":"Pedro Henrique","twitter_card":"summary_large_image","twitter_misc":{"Written by":"Pedro Henrique","Est. reading time":"7 perc"},"schema":{"@context":"https:\/\/schema.org","@graph":[{"@type":"WebPage","@id":"https:\/\/universofamilia.com\/pl\/grabar-llamadas-recibidas\/","url":"https:\/\/universofamilia.com\/pl\/grabar-llamadas-recibidas\/","name":"Grabar Llamadas Recibidas - Universo Fam\u00edlia","isPartOf":{"@id":"https:\/\/universofamilia.com\/el\/#website"},"primaryImageOfPage":{"@id":"https:\/\/universofamilia.com\/pl\/grabar-llamadas-recibidas\/#primaryimage"},"image":{"@id":"https:\/\/universofamilia.com\/pl\/grabar-llamadas-recibidas\/#primaryimage"},"thumbnailUrl":"https:\/\/universofamilia.com\/wp-content\/uploads\/sites\/148\/2024\/10\/DESTAQUE-UNIVERSO-550-x-350-4-2.jpg","datePublished":"2024-10-14T01:14:24+00:00","dateModified":"2025-11-17T01:04:20+00:00","author":{"@id":"https:\/\/universofamilia.com\/el\/#\/schema\/person\/f07ce98187dd84d31154262e79b3b7ca"},"description":"Grabar Llamadas Recibidas. \u00bfAlguna vez recibiste esa llamada importante, pero al final olvidaste los detalles?","breadcrumb":{"@id":"https:\/\/universofamilia.com\/pl\/grabar-llamadas-recibidas\/#breadcrumb"},"inLanguage":"hu","potentialAction":[{"@type":"ReadAction","target":["https:\/\/universofamilia.com\/pl\/grabar-llamadas-recibidas\/"]}]},{"@type":"ImageObject","inLanguage":"hu","@id":"https:\/\/universofamilia.com\/pl\/grabar-llamadas-recibidas\/#primaryimage","url":"https:\/\/universofamilia.com\/wp-content\/uploads\/sites\/148\/2024\/10\/DESTAQUE-UNIVERSO-550-x-350-4-2.jpg","contentUrl":"https:\/\/universofamilia.com\/wp-content\/uploads\/sites\/148\/2024\/10\/DESTAQUE-UNIVERSO-550-x-350-4-2.jpg","width":550,"height":350,"caption":"Grabar Llamadas Recibidas"},{"@type":"BreadcrumbList","@id":"https:\/\/universofamilia.com\/pl\/grabar-llamadas-recibidas\/#breadcrumb","itemListElement":[{"@type":"ListItem","position":1,"name":"Home","item":"https:\/\/universofamilia.com\/el\/"},{"@type":"ListItem","position":2,"name":"Grabar Llamadas Recibidas"}]},{"@type":"WebSite","@id":"https:\/\/universofamilia.com\/el\/#website","url":"https:\/\/universofamilia.com\/el\/","name":"Universo Fam\u00edlia","description":"","potentialAction":[{"@type":"SearchAction","target":{"@type":"EntryPoint","urlTemplate":"https:\/\/universofamilia.com\/el\/?s={search_term_string}"},"query-input":"required name=search_term_string"}],"inLanguage":"hu"},{"@type":"Person","@id":"https:\/\/universofamilia.com\/el\/#\/schema\/person\/f07ce98187dd84d31154262e79b3b7ca","name":"Pedro Henrique","image":{"@type":"ImageObject","inLanguage":"hu","@id":"https:\/\/universofamilia.com\/el\/#\/schema\/person\/image\/","url":"https:\/\/secure.gravatar.com\/avatar\/9edfeb808cb4e1599f64d6e45b130154?s=96&d=mm&r=g","contentUrl":"https:\/\/secure.gravatar.com\/avatar\/9edfeb808cb4e1599f64d6e45b130154?s=96&d=mm&r=g","caption":"Pedro Henrique"},"url":"https:\/\/universofamilia.com\/hu\/author\/editor01\/"}]}},"_links":{"self":[{"href":"https:\/\/universofamilia.com\/hu\/wp-json\/wp\/v2\/posts\/6855"}],"collection":[{"href":"https:\/\/universofamilia.com\/hu\/wp-json\/wp\/v2\/posts"}],"about":[{"href":"https:\/\/universofamilia.com\/hu\/wp-json\/wp\/v2\/types\/post"}],"author":[{"embeddable":true,"href":"https:\/\/universofamilia.com\/hu\/wp-json\/wp\/v2\/users\/139"}],"replies":[{"embeddable":true,"href":"https:\/\/universofamilia.com\/hu\/wp-json\/wp\/v2\/comments?post=6855"}],"version-history":[{"count":3,"href":"https:\/\/universofamilia.com\/hu\/wp-json\/wp\/v2\/posts\/6855\/revisions"}],"predecessor-version":[{"id":10335,"href":"https:\/\/universofamilia.com\/hu\/wp-json\/wp\/v2\/posts\/6855\/revisions\/10335"}],"wp:featuredmedia":[{"embeddable":true,"href":"https:\/\/universofamilia.com\/hu\/wp-json\/wp\/v2\/media\/6859"}],"wp:attachment":[{"href":"https:\/\/universofamilia.com\/hu\/wp-json\/wp\/v2\/media?parent=6855"}],"wp:term":[{"taxonomy":"category","embeddable":true,"href":"https:\/\/universofamilia.com\/hu\/wp-json\/wp\/v2\/categories?post=6855"},{"taxonomy":"post_tag","embeddable":true,"href":"https:\/\/universofamilia.com\/hu\/wp-json\/wp\/v2\/tags?post=6855"}],"curies":[{"name":"wp","href":"https:\/\/api.w.org\/{rel}","templated":true}]}}