{"id":6873,"date":"2024-10-14T21:36:56","date_gmt":"2024-10-15T00:36:56","guid":{"rendered":"https:\/\/universofamilia.com\/?p=6873"},"modified":"2025-02-07T01:23:08","modified_gmt":"2025-02-07T01:23:08","slug":"vea-como-aumentar-el-espacio-de-almacenamiento-de-su-celular","status":"publish","type":"post","link":"https:\/\/universofamilia.com\/hu\/vea-como-aumentar-el-espacio-de-almacenamiento-de-su-celular\/","title":{"rendered":"L\u00e1sd, hogyan n\u00f6velheti mobiltelefonja t\u00e1rhely\u00e9t"},"content":{"rendered":"<p>A telefonon l\u00e9v\u0151 hely hi\u00e1nya az egyik leggyakoribb probl\u00e9ma az okostelefon-felhaszn\u00e1l\u00f3k k\u00f6r\u00e9ben, k\u00fcl\u00f6n\u00f6sen akkor, ha eszk\u00f6zeink tele vannak f\u00e9nyk\u00e9pekkel, vide\u00f3kkal, alkalmaz\u00e1sokkal \u00e9s dokumentumokkal.<\/p>\n\n\n\n<p>Ki ne tapasztalta volna m\u00e1r azt a frusztr\u00e1ci\u00f3t, amikor egy fontos alkalmaz\u00e1s telep\u00edt\u00e9se vagy egy k\u00fcl\u00f6nleges pillanat meg\u00f6r\u00f6k\u00edt\u00e9se k\u00f6zben a rettegett \u201eMegtelt a t\u00e1rhely\u201d \u00fczenet jelenik meg?<\/p>\n\n\n\n<p><\/p>\n\n\n\n<hr class=\"wp-block-separator has-text-color has-luminous-vivid-orange-color has-alpha-channel-opacity has-luminous-vivid-orange-background-color has-background\" \/>\n\n\n\n<h2 class=\"wp-block-heading has-text-align-center\">Mit szeretn\u00e9l el\u0151sz\u00f6r csin\u00e1lni?<\/h2>\n\n\n\n<div class=\"wp-block-buttons is-content-justification-center is-layout-flex wp-container-core-buttons-layout-1 wp-block-buttons-is-layout-flex\">\n<div class=\"wp-block-button has-custom-width wp-block-button__width-100 is-style-outline\" style=\"text-decoration:none\"><a class=\"wp-block-button__link has-white-color has-vivid-cyan-blue-background-color has-text-color has-background has-link-color has-text-align-left wp-element-button\" href=\"https:\/\/universofamilia.com\/hu\/6877\/tu-celular-tiene-muchos-anuncios-y-virus\/\" style=\"border-radius:10px\">Rekl\u00e1mok \u00e9s v\u00edrusok elt\u00e1vol\u00edt\u00e1sa \u27a1\ufe0f<\/a><\/div>\n<\/div>\n\n\n\n<div class=\"wp-block-buttons is-content-justification-center is-layout-flex wp-container-core-buttons-layout-2 wp-block-buttons-is-layout-flex\">\n<div class=\"wp-block-button has-custom-width wp-block-button__width-100 is-style-outline\" style=\"text-decoration:none\"><a class=\"wp-block-button__link has-white-color has-vivid-cyan-blue-background-color has-text-color has-background has-link-color has-text-align-left wp-element-button\" href=\"https:\/\/universofamilia.com\/hu\/6883\/tu-telefono-esta-lento\/\" style=\"border-radius:10px\">Gyors\u00edtsd fel a telefonomat \u27a1\ufe0f<\/a><\/div>\n<\/div>\n\n\n\n<div class=\"wp-block-buttons is-content-justification-center is-layout-flex wp-container-core-buttons-layout-3 wp-block-buttons-is-layout-flex\">\n<div class=\"wp-block-button has-custom-width wp-block-button__width-100 is-style-outline\" style=\"text-decoration:none\"><a class=\"wp-block-button__link has-white-color has-vivid-cyan-blue-background-color has-text-color has-background has-link-color has-text-align-left wp-element-button\" href=\"https:\/\/universofamilia.com\/hu\/6867\/el-mejor-y-mas-eficaz-aplicacion-de-limpieza-de-celular-lanzado\/\" style=\"border-radius:10px\">Megjelent a legjobb mobiltelefon-tiszt\u00edt\u00f3 alkalmaz\u00e1s \u27a1\ufe0f<\/a><\/div>\n<\/div>\n\n\n\n<p class=\"has-text-align-center\"><em><strong>Olvass tov\u00e1bb!<\/strong><\/em><\/p>\n\n\n\n<hr class=\"wp-block-separator has-text-color has-luminous-vivid-orange-color has-alpha-channel-opacity has-luminous-vivid-orange-background-color has-background\" \/>\n\n\n\n<p><\/p>\n\n\n\n<p>Ma azt vizsg\u00e1ljuk meg, hogyan n\u00f6velheted egyszer\u0171en \u00e9s k\u00e9nyelmesen a telefonod t\u00e1rhely\u00e9t an\u00e9lk\u00fcl, hogy t\u00f6r\u00f6ln\u00f6d kellene a kedvenc fot\u00f3idat!<\/p>\n\n\n\n<h2 class=\"wp-block-heading\">A mobiltelefon-tiszt\u00edt\u00f3 alkalmaz\u00e1sok el\u0151nyei<\/h2>\n\n\n\n<p>A mobiltelefon-tiszt\u00edt\u00f3 alkalmaz\u00e1sok gyors \u00e9s hat\u00e9kony megold\u00e1st k\u00edn\u00e1lnak a t\u00e1rhely optimaliz\u00e1l\u00e1s\u00e1ra.<\/p>\n\n\n\n<p>Kis szem\u00e9lyi asszisztensekk\u00e9nt seg\u00edtenek rendszerezni a telefonodon feleslegesen elfoglalt dolgokat, sz\u00e1mos olyan funkci\u00f3t k\u00edn\u00e1lva, amelyek azonnali el\u0151ny\u00f6kkel j\u00e1rnak.<\/p>\n\n\n\n<h3 class=\"wp-block-heading\">Felesleges f\u00e1jlok tiszt\u00edt\u00e1sa<\/h3>\n\n\n\n<p>Id\u0151vel a telefonodon rengeteg f\u00e1jl halmoz\u00f3dik fel, amelyeket \u00e9szre sem veszel: az egyszeri megtekint\u00e9sre let\u00f6lt\u00f6tt vide\u00f3k, az alkalmaz\u00e1sok gyors\u00edt\u00f3t\u00e1rai, s\u0151t m\u00e9g a duplik\u00e1lt f\u00e1jlok is.<\/p>\n\n\n\n<p>A tiszt\u00edt\u00f3alkalmaz\u00e1sok nagyszer\u0171ek ezen f\u00e1jlok azonos\u00edt\u00e1s\u00e1ra \u00e9s elt\u00e1vol\u00edt\u00e1s\u00e1ra az eszk\u00f6z teljes\u00edtm\u00e9ny\u00e9nek vesz\u00e9lyeztet\u00e9se n\u00e9lk\u00fcl.<\/p>\n\n\n\n<blockquote class=\"wp-block-quote\">\n<p><strong>Megfigyel\u00e9s<\/strong>Politikai \u00e9s kereskedelmi okokb\u00f3l az alkalmaz\u00e1st megsz\u00fcntett\u00e9k \u00e9s elt\u00e1vol\u00edtott\u00e1k az alkalmaz\u00e1sboltokb\u00f3l az Egyes\u00fclt \u00c1llamokban.<\/p>\n\n\n\n<p>Emiatt a cikkben tal\u00e1lhat\u00f3 linkek k\u00f6zvetlen\u00fcl a hivatalos weboldalra ir\u00e1ny\u00edtj\u00e1k \u00d6nt. <strong>Kaspersky<\/strong>.<\/p>\n<\/blockquote>\n\n\n\n<h3 class=\"wp-block-heading\">Alkalmaz\u00e1skezel\u00e9s<\/h3>\n\n\n\n<p>Az alkalmaz\u00e1sok tiszt\u00edt\u00e1s\u00e1nak egy m\u00e1sik hihetetlen el\u0151nye a t\u00f6bbi alkalmaz\u00e1s hat\u00e9kony kezel\u00e9se. Sokunknak van egy gy\u0171jtem\u00e9nye olyan alkalmaz\u00e1sokb\u00f3l, amelyeket ritk\u00e1n haszn\u00e1lunk.<\/p>\n\n\n\n<p>Ezekkel a tiszt\u00edt\u00f3alkalmaz\u00e1sokkal l\u00e1thatod, hogy melyek foglalj\u00e1k a legt\u00f6bb helyet \u00e9s melyeket haszn\u00e1lj\u00e1k a legkevesebbet, \u00edgy gyorsan \u00e9s egyszer\u0171en elt\u00e1vol\u00edthatod \u0151ket.<\/p>\n\n\n\n<h3 class=\"wp-block-heading\">Nagy f\u00e1jlok elemz\u00e9se<\/h3>\n\n\n\n<p>H\u00e1nyszor t\u00f6lt\u00f6tt\u00e9l le egy j\u00f3 min\u0151s\u00e9g\u0171 vide\u00f3t vagy f\u00e1jlt, hogy k\u00e9s\u0151bb megn\u00e9zd, \u00e9s elfelejtetted t\u00f6r\u00f6lni?<\/p>\n\n\n\n<p>A tiszt\u00edt\u00f3alkalmaz\u00e1sok ezeket a nagy f\u00e1jlokat is \u00e1tvizsg\u00e1lj\u00e1k, \u00e9s felaj\u00e1nlj\u00e1k a t\u00f6rl\u00e9s\u00fck vagy felh\u0151alap\u00fa t\u00e1rhelyszolg\u00e1ltat\u00e1sba val\u00f3 \u00e1tvitel\u00fck lehet\u0151s\u00e9g\u00e9t.<\/p>\n\n\n\n<h3 class=\"wp-block-heading\">Felh\u0151t\u00e1rhely<\/h3>\n\n\n\n<p>A felh\u0151r\u0151l sz\u00f3lva, a hely felszabad\u00edt\u00e1s\u00e1nak egy m\u00e1sik hat\u00e9kony m\u00f3dja a f\u00e9nyk\u00e9pek, vide\u00f3k \u00e9s dokumentumok k\u00f6zvetlen\u00fcl a felh\u0151ben t\u00f6rt\u00e9n\u0151 t\u00e1rol\u00e1sa.<\/p>\n\n\n\n<p>A legt\u00f6bb t\u00e1rhelyszolg\u00e1ltat\u00e1s jelent\u0151s mennyis\u00e9g\u0171 ingyenes t\u00e1rhelyet k\u00edn\u00e1l, p\u00e9ld\u00e1ul a Google Drive \u00e9s az iCloud.<\/p>\n\n\n\n<p>\u00cdgy a f\u00e1jljaid biztons\u00e1gban vannak \u00e9s hozz\u00e1f\u00e9rhet\u0151k, de nem foglalnak helyet az eszk\u00f6z\u00f6d\u00f6n.<\/p>\n\n\n\n<p><\/p>\n\n\n\n<hr class=\"wp-block-separator has-text-color has-luminous-vivid-orange-color has-alpha-channel-opacity has-luminous-vivid-orange-background-color has-background\" \/>\n\n\n\n<h2 class=\"wp-block-heading\">Olvasd el m\u00e9g:<\/h2>\n\n\n\n<ul class=\"wp-block-list\">\n<li class=\"has-medium-font-size\"><a href=\"https:\/\/universofamilia.com\/hu\/6832\/aplicacion-para-bailar-zumba\/\">\ud83d\udccc Zumba T\u00e1nc Alkalmaz\u00e1s &gt;<\/a><\/li>\n\n\n\n<li class=\"has-medium-font-size\"><a href=\"https:\/\/universofamilia.com\/hu\/6568\/aprende-mecanica-automotriz-aplicacion\/\">\ud83d\udccc Tanulj aut\u00f3szerel\u0151nek egy alkalmaz\u00e1ssal<\/a><\/li>\n<\/ul>\n\n\n\n<hr class=\"wp-block-separator has-text-color has-luminous-vivid-orange-color has-alpha-channel-opacity has-luminous-vivid-orange-background-color has-background\" \/>\n\n\n\n<p><\/p>\n\n\n\n<h2 class=\"wp-block-heading\">A Kaspersky Mobile Security el\u0151nyei<\/h2>\n\n\n\n<p>A piacon el\u00e9rhet\u0151 k\u00fcl\u00f6nf\u00e9le tiszt\u00edt\u00f3- \u00e9s biztons\u00e1gi alkalmaz\u00e1sok k\u00f6z\u00fcl <strong>Kaspersky mobilbiztons\u00e1g<\/strong> Kiemelkedik a robusztus adatkezel\u00e9si \u00e9s digit\u00e1lis biztons\u00e1gi eszk\u00f6z\u00f6k, valamint az \u00d6n \u00e1ltal kedvelt el\u0151ny\u00f6k kombin\u00e1ci\u00f3j\u00e1val.<\/p>\n\n\n\n<h3 class=\"wp-block-heading\">K\u00f6nny\u0171 haszn\u00e1lat \u00e9s id\u0151megtakar\u00edt\u00e1s<\/h3>\n\n\n\n<p>A Kaspersky egyik legnagyobb el\u0151nye a felhaszn\u00e1l\u00f3bar\u00e1t fel\u00fclet. M\u00e9g ha nem is vagy m\u0171szaki szak\u00e9rt\u0151, a funkci\u00f3inak haszn\u00e1lata egyszer\u0171 \u00e9s egy\u00e9rtelm\u0171.<\/p>\n\n\n\n<p>N\u00e9h\u00e1ny kattint\u00e1ssal teljes tiszt\u00edt\u00e1st v\u00e9gezhet, id\u0151t takar\u00edtva meg, \u00e9s kik\u00fcsz\u00f6b\u00f6lve a f\u00e1jlok manu\u00e1lis keres\u00e9s\u00e9nek sz\u00fcks\u00e9gess\u00e9g\u00e9t.<\/p>\n\n\n\n<h3 class=\"wp-block-heading\">Azonnali javul\u00e1s<\/h3>\n\n\n\n<p>A Kaspersky haszn\u00e1lata ut\u00e1n a telefon teljes\u00edtm\u00e9ny\u00e9nek javul\u00e1sa \u00e9szrevehet\u0151. A felesleges gyors\u00edt\u00f3t\u00e1rak \u00e9s a nagy f\u00e1jlok elt\u00e1vol\u00edt\u00e1s\u00e1val a telefon gyorsabban fut, bosszant\u00f3 lefagy\u00e1sok n\u00e9lk\u00fcl.<\/p>\n\n\n\n<p>Minden jobban folyik, \u00e9s azonnal \u00e9szrevehet\u0151 a k\u00fcl\u00f6nbs\u00e9g.<\/p>\n\n\n\n<h3 class=\"wp-block-heading\">T\u00f6bb t\u00e1rhely<\/h3>\n\n\n\n<p>A gyors\u00edt\u00f3t\u00e1r \u00e9s az ideiglenes f\u00e1jlok t\u00f6rl\u00e9se k\u00f6zvetlen hat\u00e1ssal van a felszabad\u00edtott hely mennyis\u00e9g\u00e9re.<\/p>\n\n\n\n<p>A Kaspersky pedig ezt hat\u00e9konyan teszi, azonos\u00edtva, hogy mi t\u00e1vol\u00edthat\u00f3 el val\u00f3j\u00e1ban az eszk\u00f6z vesz\u00e9lyeztet\u00e9se n\u00e9lk\u00fcl.<\/p>\n\n\n<div class=\"wp-block-image\">\n<figure class=\"aligncenter size-full\"><img loading=\"lazy\" decoding=\"async\" width=\"550\" height=\"350\" src=\"http:\/\/universofamilia.com\/wp-content\/uploads\/sites\/148\/2024\/10\/DESTAQUE-UNIVERSO-550-x-350-1-3.jpg\" alt=\"\" class=\"wp-image-6874\" srcset=\"https:\/\/universofamilia.com\/wp-content\/uploads\/sites\/148\/2024\/10\/DESTAQUE-UNIVERSO-550-x-350-1-3.jpg 550w, https:\/\/universofamilia.com\/wp-content\/uploads\/sites\/148\/2024\/10\/DESTAQUE-UNIVERSO-550-x-350-1-3-300x191.jpg 300w\" sizes=\"(max-width: 550px) 100vw, 550px\" \/><figcaption class=\"wp-element-caption\">L\u00e1sd, hogyan n\u00f6velheti mobiltelefonja t\u00e1rhely\u00e9t<\/figcaption><\/figure><\/div>\n\n\n<h3 class=\"wp-block-heading\">Jav\u00edtott teljes\u00edtm\u00e9ny<\/h3>\n\n\n\n<p>A t\u00e1rhely felszabad\u00edt\u00e1sa mellett a Kaspersky Mobile Security az eszk\u00f6z teljes\u00edtm\u00e9ny\u00e9t is jav\u00edtja.<\/p>\n\n\n\n<p>Ez az\u00e9rt van, mert felismeri a h\u00e1tt\u00e9rben fut\u00f3 felesleges folyamatokat, amelyek \u00e9rt\u00e9kes er\u0151forr\u00e1sokat fogyasztanak.<\/p>\n\n\n\n<h3 class=\"wp-block-heading\">Hat\u00e9kony adatkezel\u00e9s<\/h3>\n\n\n\n<p>A Kasperskyvel teljes m\u00e9rt\u00e9kben k\u00e9zben tarthatod, hogy mi foglal helyet a telefonodon.<\/p>\n\n\n\n<p>Rendszerezd a f\u00e9nyk\u00e9peidet, vide\u00f3idat \u00e9s egy\u00e9b f\u00e1jljaidat, hogy l\u00e1sd, mi terheli igaz\u00e1n a k\u00e9sz\u00fcl\u00e9kedet, \u00e9s eld\u00f6nthesd, hogy megtartod-e vagy t\u00f6rl\u00f6d.<\/p>\n\n\n\n<h3 class=\"wp-block-heading\">Hosszabb akkumul\u00e1tor-\u00fczemid\u0151<\/h3>\n\n\n\n<p>Egy m\u00e1sik \u00e9rdekes szempont, hogy a felesleges folyamatok letilt\u00e1s\u00e1val az alkalmaz\u00e1s az akkumul\u00e1tor \u00e9lettartam\u00e1t is jav\u00edtja.<\/p>\n\n\n\n<p>Nemcsak t\u00f6bb helyet nyer, hanem az akkumul\u00e1tor \u00e9lettartam\u00e1t is n\u00f6veli, ami k\u00fcl\u00f6n\u00f6sen hasznos azok sz\u00e1m\u00e1ra, akik eg\u00e9sz nap haszn\u00e1lj\u00e1k a telefonjukat.<\/p>\n\n\n\n<h3 class=\"wp-block-heading\">Adatv\u00e9delem<\/h3>\n\n\n\n<p>A Kaspersky egy m\u00e1sik fontos szempontja az adatv\u00e9delem.<\/p>\n\n\n\n<p>Adatv\u00e9delmi incidensek \u00e9s inform\u00e1ci\u00f3lop\u00e1sok idej\u00e9n elengedhetetlen egy olyan alkalmaz\u00e1s, amely nemcsak megtiszt\u00edtja, hanem v\u00e9di is a szem\u00e9lyes adatait.<\/p>\n\n\n\n<p>Ezzel megsz\u00fcntetheted a b\u00f6ng\u00e9sz\u00e9si nyomokat \u00e9s megv\u00e9dheted a leg\u00e9rz\u00e9kenyebb adataidat.<\/p>\n\n\n\n<h2 class=\"wp-block-heading\">Gyakran ism\u00e9telt k\u00e9rd\u00e9sek a Kaspersky el\u0151nyeir\u0151l<\/h2>\n\n\n\n<p><strong>1. A Kaspersky val\u00f3ban seg\u00edt felszabad\u00edtani a helyet a telefonon?<\/strong><\/p>\n\n\n\n<p>Igen! A Kaspersky Mobile Security be\u00e9p\u00edtett tiszt\u00edt\u00f3eszk\u00f6zzel rendelkezik, amely teljes m\u00e9rt\u00e9kben \u00e1tvizsg\u00e1lja az eszk\u00f6zt, \u00e9s biztons\u00e1gosan elt\u00e1vol\u00edtja a felesleges f\u00e1jlokat.<\/p>\n\n\n\n<p><strong>2. Biztons\u00e1gos a haszn\u00e1lata?<\/strong><\/p>\n\n\n\n<p>Abszol\u00fat! A Kaspersky az egyik legmegb\u00edzhat\u00f3bb biztons\u00e1gi alkalmaz\u00e1s a piacon, \u00e9s sz\u00e9les k\u00f6rben haszn\u00e1lj\u00e1k vil\u00e1gszerte.<\/p>\n\n\n\n<p><strong>3. Befoly\u00e1solja-e a mobiltelefon teljes\u00edtm\u00e9ny\u00e9t?<\/strong><\/p>\n\n\n\n<p>\u00c9pp ellenkez\u0151leg, jav\u00edtja! A mem\u00f3ria felszabad\u00edt\u00e1s\u00e1val \u00e9s a telefon folyamatainak jobb kezel\u00e9s\u00e9vel az \u00f6sszteljes\u00edtm\u00e9ny is n\u00f6vekszik.<\/p>\n\n\n\n<p><strong>4. Kompatibilis a telefonommal?<\/strong><\/p>\n\n\n\n<p>A Kaspersky Mobile Security Android \u00e9s iOS eszk\u00f6z\u00f6k\u00f6n is el\u00e9rhet\u0151. Az eszk\u00f6z kompatibilit\u00e1s\u00e1val kapcsolatos tov\u00e1bbi inform\u00e1ci\u00f3k\u00e9rt l\u00e1togassa meg a cikk v\u00e9g\u00e9n tal\u00e1lhat\u00f3 let\u00f6lt\u00e9si linkeket.<\/p>\n\n\n\n<h2 class=\"wp-block-heading\">Mit mondanak a felhaszn\u00e1l\u00f3k?<\/h2>\n\n\n\n<p>Hogy nagyobb bizalmat nyerhess a Kaspersky Mobile Security ir\u00e1nt, \u00f6sszegy\u0171jt\u00f6tt\u00fcnk n\u00e9h\u00e1ny v\u00e9lem\u00e9nyt olyan felhaszn\u00e1l\u00f3kt\u00f3l, akik kipr\u00f3b\u00e1lt\u00e1k az alkalmaz\u00e1st \u00e9s el\u00e9gedettek voltak vele:<\/p>\n\n\n\n<ul class=\"wp-block-list\">\n<li><strong>Juan M.<\/strong>\u201eAz alkalmaz\u00e1s nagyon k\u00f6nnyen haszn\u00e1lhat\u00f3. Percek alatt megoldottam a kev\u00e9s t\u00e1rhellyel kapcsolatos probl\u00e9m\u00e1mat, \u00e9s a telefonom akkumul\u00e1tor\u00e1nak \u00e9lettartam\u00e1t is siker\u00fclt jav\u00edtanom. Nagyon aj\u00e1nlom!\u201d<\/li>\n\n\n\n<li><strong>Ana S.<\/strong>\u201eIm\u00e1dtam a nagy f\u00e1jlok vizsg\u00e1lat\u00e1nak funkci\u00f3j\u00e1t. Mindig voltak hatalmas vide\u00f3im, amiket elfelejtettem t\u00f6r\u00f6lni, \u00e9s a Kaspersky ezt megoldotta helyettem. A telefonom sokkal gyorsabb.\u201d<\/li>\n\n\n\n<li><strong>Roberto P.<\/strong>: \u201eAmellett, hogy helyet szabad\u00edtott fel, a Kaspersky a biztons\u00e1g ter\u00e9n is megnyugv\u00e1st adott. Meg\u00e9rte minden fill\u00e9rt!\u201d<\/li>\n<\/ul>\n\n\n\n<h2 class=\"wp-block-heading\">K\u00f6vetkeztet\u00e9s<\/h2>\n\n\n\n<p>Ha nehezen tudsz helyet felszabad\u00edtani a telefonodon \u00e9s jav\u00edtani a teljes\u00edtm\u00e9nyen an\u00e9lk\u00fcl, hogy t\u00f6r\u00f6ln\u00e9d a leg\u00e9rt\u00e9kesebb eml\u00e9keidet, a Kaspersky Mobile Security az ide\u00e1lis megold\u00e1s.<\/p>\n\n\n\n<p>K\u00f6nnyen haszn\u00e1lhat\u00f3 eszk\u00f6z\u00f6ket k\u00edn\u00e1l, jav\u00edtja az eszk\u00f6z teljes\u00edtm\u00e9ny\u00e9t, \u00e9s v\u00e9di az \u00d6n adatait.<\/p>\n\n\n\n<p>Most, hogy tudod, hogyan n\u00f6velheted a telefonod t\u00e1rhely\u00e9t, itt az ideje cselekedni! Haszn\u00e1ld ki az alkalmat, \u00e9s t\u00f6ltsd le az alkalmaz\u00e1st, hogy \u00e1talak\u00edtsd a k\u00e9sz\u00fcl\u00e9ked teljes\u00edtm\u00e9ny\u00e9t.<\/p>\n\n\n\n<p><strong>T\u00f6ltsd le az alkalmaz\u00e1sokat itt:<\/strong><\/p>\n\n\n\n<ul class=\"wp-block-list\">\n<li><strong>Kaspersky \u2013 <a href=\"https:\/\/www.kaspersky.com.br\/downloads\">Android<\/a><\/strong> \/<strong> <a href=\"https:\/\/www.kaspersky.com.br\/downloads\">iOS<\/a><\/strong><\/li>\n<\/ul>\n\n\n\n<p>A mobiltelefonod h\u00e1l\u00e1s lesz \u00e9rte!<\/p>","protected":false},"excerpt":{"rendered":"<p>A telefonon l\u00e9v\u0151 t\u00e1rhely hi\u00e1nya az egyik leggyakoribb probl\u00e9ma az okostelefon-felhaszn\u00e1l\u00f3k k\u00f6r\u00e9ben, k\u00fcl\u00f6n\u00f6sen akkor, ha eszk\u00f6zeink tele vannak f\u00e9nyk\u00e9pekkel, vide\u00f3kkal, alkalmaz\u00e1sokkal \u00e9s dokumentumokkal. Ki ne tapasztalta volna m\u00e1r azt a frusztr\u00e1ci\u00f3t, hogy egy fontos alkalmaz\u00e1s telep\u00edt\u00e9se vagy egy k\u00fcl\u00f6nleges pillanat meg\u00f6r\u00f6k\u00edt\u00e9se k\u00f6zben a rettegett \u00fczenetet kapja: [\u2026]<\/p>","protected":false},"author":139,"featured_media":6874,"comment_status":"closed","ping_status":"open","sticky":false,"template":"","format":"standard","meta":{"footnotes":""},"categories":[4],"tags":[196,500,767,969,1027,1083],"yoast_head":"<!-- This site is optimized with the Yoast SEO plugin v23.3 - https:\/\/yoast.com\/wordpress\/plugins\/seo\/ -->\n<title>Vea C\u00f3mo Aumentar el Espacio de Almacenamiento de su Celular - Universo Fam\u00edlia<\/title>\n<meta name=\"description\" content=\"Vea C\u00f3mo Aumentar el Espacio de Almacenamiento de su Celular. La falta de espacio en el celular es uno de los problemas m\u00e1s comunes entre...\" \/>\n<meta name=\"robots\" content=\"index, follow, max-snippet:-1, max-image-preview:large, max-video-preview:-1\" \/>\n<link rel=\"canonical\" href=\"https:\/\/universofamilia.com\/hu\/vea-como-aumentar-el-espacio-de-almacenamiento-de-su-celular\/\" \/>\n<meta property=\"og:locale\" content=\"hu_HU\" \/>\n<meta property=\"og:type\" content=\"article\" \/>\n<meta property=\"og:title\" content=\"Vea C\u00f3mo Aumentar el Espacio de Almacenamiento de su Celular - Universo Fam\u00edlia\" \/>\n<meta property=\"og:description\" content=\"Vea C\u00f3mo Aumentar el Espacio de Almacenamiento de su Celular. La falta de espacio en el celular es uno de los problemas m\u00e1s comunes entre...\" \/>\n<meta property=\"og:url\" content=\"https:\/\/universofamilia.com\/hu\/vea-como-aumentar-el-espacio-de-almacenamiento-de-su-celular\/\" \/>\n<meta property=\"og:site_name\" content=\"Universo Fam\u00edlia\" \/>\n<meta property=\"article:published_time\" content=\"2024-10-15T00:36:56+00:00\" \/>\n<meta property=\"article:modified_time\" content=\"2025-02-07T01:23:08+00:00\" \/>\n<meta property=\"og:image\" content=\"https:\/\/universofamilia.com\/wp-content\/uploads\/sites\/148\/2024\/10\/DESTAQUE-UNIVERSO-550-x-350-1-3.jpg\" \/>\n\t<meta property=\"og:image:width\" content=\"550\" \/>\n\t<meta property=\"og:image:height\" content=\"350\" \/>\n\t<meta property=\"og:image:type\" content=\"image\/jpeg\" \/>\n<meta name=\"author\" content=\"Pedro Henrique\" \/>\n<meta name=\"twitter:card\" content=\"summary_large_image\" \/>\n<meta name=\"twitter:label1\" content=\"Written by\" \/>\n\t<meta name=\"twitter:data1\" content=\"Pedro Henrique\" \/>\n\t<meta name=\"twitter:label2\" content=\"Est. reading time\" \/>\n\t<meta name=\"twitter:data2\" content=\"7 perc\" \/>\n<script type=\"application\/ld+json\" class=\"yoast-schema-graph\">{\"@context\":\"https:\/\/schema.org\",\"@graph\":[{\"@type\":\"WebPage\",\"@id\":\"https:\/\/universofamilia.com\/nl\/vea-como-aumentar-el-espacio-de-almacenamiento-de-su-celular\/\",\"url\":\"https:\/\/universofamilia.com\/nl\/vea-como-aumentar-el-espacio-de-almacenamiento-de-su-celular\/\",\"name\":\"Vea C\u00f3mo Aumentar el Espacio de Almacenamiento de su Celular - Universo Fam\u00edlia\",\"isPartOf\":{\"@id\":\"https:\/\/universofamilia.com\/el\/#website\"},\"primaryImageOfPage\":{\"@id\":\"https:\/\/universofamilia.com\/nl\/vea-como-aumentar-el-espacio-de-almacenamiento-de-su-celular\/#primaryimage\"},\"image\":{\"@id\":\"https:\/\/universofamilia.com\/nl\/vea-como-aumentar-el-espacio-de-almacenamiento-de-su-celular\/#primaryimage\"},\"thumbnailUrl\":\"https:\/\/universofamilia.com\/wp-content\/uploads\/sites\/148\/2024\/10\/DESTAQUE-UNIVERSO-550-x-350-1-3.jpg\",\"datePublished\":\"2024-10-15T00:36:56+00:00\",\"dateModified\":\"2025-02-07T01:23:08+00:00\",\"author\":{\"@id\":\"https:\/\/universofamilia.com\/el\/#\/schema\/person\/f07ce98187dd84d31154262e79b3b7ca\"},\"description\":\"Vea C\u00f3mo Aumentar el Espacio de Almacenamiento de su Celular. La falta de espacio en el celular es uno de los problemas m\u00e1s comunes entre...\",\"breadcrumb\":{\"@id\":\"https:\/\/universofamilia.com\/nl\/vea-como-aumentar-el-espacio-de-almacenamiento-de-su-celular\/#breadcrumb\"},\"inLanguage\":\"hu\",\"potentialAction\":[{\"@type\":\"ReadAction\",\"target\":[\"https:\/\/universofamilia.com\/nl\/vea-como-aumentar-el-espacio-de-almacenamiento-de-su-celular\/\"]}]},{\"@type\":\"ImageObject\",\"inLanguage\":\"hu\",\"@id\":\"https:\/\/universofamilia.com\/nl\/vea-como-aumentar-el-espacio-de-almacenamiento-de-su-celular\/#primaryimage\",\"url\":\"https:\/\/universofamilia.com\/wp-content\/uploads\/sites\/148\/2024\/10\/DESTAQUE-UNIVERSO-550-x-350-1-3.jpg\",\"contentUrl\":\"https:\/\/universofamilia.com\/wp-content\/uploads\/sites\/148\/2024\/10\/DESTAQUE-UNIVERSO-550-x-350-1-3.jpg\",\"width\":550,\"height\":350,\"caption\":\"Vea C\u00f3mo Aumentar el Espacio de Almacenamiento de su Celular\"},{\"@type\":\"BreadcrumbList\",\"@id\":\"https:\/\/universofamilia.com\/nl\/vea-como-aumentar-el-espacio-de-almacenamiento-de-su-celular\/#breadcrumb\",\"itemListElement\":[{\"@type\":\"ListItem\",\"position\":1,\"name\":\"Home\",\"item\":\"https:\/\/universofamilia.com\/el\/\"},{\"@type\":\"ListItem\",\"position\":2,\"name\":\"Vea C\u00f3mo Aumentar el Espacio de Almacenamiento de su Celular\"}]},{\"@type\":\"WebSite\",\"@id\":\"https:\/\/universofamilia.com\/el\/#website\",\"url\":\"https:\/\/universofamilia.com\/el\/\",\"name\":\"Universo Fam\u00edlia\",\"description\":\"\",\"potentialAction\":[{\"@type\":\"SearchAction\",\"target\":{\"@type\":\"EntryPoint\",\"urlTemplate\":\"https:\/\/universofamilia.com\/el\/?s={search_term_string}\"},\"query-input\":\"required name=search_term_string\"}],\"inLanguage\":\"hu\"},{\"@type\":\"Person\",\"@id\":\"https:\/\/universofamilia.com\/el\/#\/schema\/person\/f07ce98187dd84d31154262e79b3b7ca\",\"name\":\"Pedro Henrique\",\"image\":{\"@type\":\"ImageObject\",\"inLanguage\":\"hu\",\"@id\":\"https:\/\/universofamilia.com\/el\/#\/schema\/person\/image\/\",\"url\":\"https:\/\/secure.gravatar.com\/avatar\/9edfeb808cb4e1599f64d6e45b130154?s=96&d=mm&r=g\",\"contentUrl\":\"https:\/\/secure.gravatar.com\/avatar\/9edfeb808cb4e1599f64d6e45b130154?s=96&d=mm&r=g\",\"caption\":\"Pedro Henrique\"},\"url\":\"https:\/\/universofamilia.com\/hu\/author\/editor01\/\"}]}<\/script>\n<!-- \/ Yoast SEO plugin. -->","yoast_head_json":{"title":"Vea C\u00f3mo Aumentar el Espacio de Almacenamiento de su Celular - Universo Fam\u00edlia","description":"Vea C\u00f3mo Aumentar el Espacio de Almacenamiento de su Celular. La falta de espacio en el celular es uno de los problemas m\u00e1s comunes entre...","robots":{"index":"index","follow":"follow","max-snippet":"max-snippet:-1","max-image-preview":"max-image-preview:large","max-video-preview":"max-video-preview:-1"},"canonical":"https:\/\/universofamilia.com\/hu\/vea-como-aumentar-el-espacio-de-almacenamiento-de-su-celular\/","og_locale":"hu_HU","og_type":"article","og_title":"Vea C\u00f3mo Aumentar el Espacio de Almacenamiento de su Celular - Universo Fam\u00edlia","og_description":"Vea C\u00f3mo Aumentar el Espacio de Almacenamiento de su Celular. La falta de espacio en el celular es uno de los problemas m\u00e1s comunes entre...","og_url":"https:\/\/universofamilia.com\/hu\/vea-como-aumentar-el-espacio-de-almacenamiento-de-su-celular\/","og_site_name":"Universo Fam\u00edlia","article_published_time":"2024-10-15T00:36:56+00:00","article_modified_time":"2025-02-07T01:23:08+00:00","og_image":[{"width":550,"height":350,"url":"https:\/\/universofamilia.com\/wp-content\/uploads\/sites\/148\/2024\/10\/DESTAQUE-UNIVERSO-550-x-350-1-3.jpg","type":"image\/jpeg"}],"author":"Pedro Henrique","twitter_card":"summary_large_image","twitter_misc":{"Written by":"Pedro Henrique","Est. reading time":"7 perc"},"schema":{"@context":"https:\/\/schema.org","@graph":[{"@type":"WebPage","@id":"https:\/\/universofamilia.com\/nl\/vea-como-aumentar-el-espacio-de-almacenamiento-de-su-celular\/","url":"https:\/\/universofamilia.com\/nl\/vea-como-aumentar-el-espacio-de-almacenamiento-de-su-celular\/","name":"Vea C\u00f3mo Aumentar el Espacio de Almacenamiento de su Celular - Universo Fam\u00edlia","isPartOf":{"@id":"https:\/\/universofamilia.com\/el\/#website"},"primaryImageOfPage":{"@id":"https:\/\/universofamilia.com\/nl\/vea-como-aumentar-el-espacio-de-almacenamiento-de-su-celular\/#primaryimage"},"image":{"@id":"https:\/\/universofamilia.com\/nl\/vea-como-aumentar-el-espacio-de-almacenamiento-de-su-celular\/#primaryimage"},"thumbnailUrl":"https:\/\/universofamilia.com\/wp-content\/uploads\/sites\/148\/2024\/10\/DESTAQUE-UNIVERSO-550-x-350-1-3.jpg","datePublished":"2024-10-15T00:36:56+00:00","dateModified":"2025-02-07T01:23:08+00:00","author":{"@id":"https:\/\/universofamilia.com\/el\/#\/schema\/person\/f07ce98187dd84d31154262e79b3b7ca"},"description":"Vea C\u00f3mo Aumentar el Espacio de Almacenamiento de su Celular. La falta de espacio en el celular es uno de los problemas m\u00e1s comunes entre...","breadcrumb":{"@id":"https:\/\/universofamilia.com\/nl\/vea-como-aumentar-el-espacio-de-almacenamiento-de-su-celular\/#breadcrumb"},"inLanguage":"hu","potentialAction":[{"@type":"ReadAction","target":["https:\/\/universofamilia.com\/nl\/vea-como-aumentar-el-espacio-de-almacenamiento-de-su-celular\/"]}]},{"@type":"ImageObject","inLanguage":"hu","@id":"https:\/\/universofamilia.com\/nl\/vea-como-aumentar-el-espacio-de-almacenamiento-de-su-celular\/#primaryimage","url":"https:\/\/universofamilia.com\/wp-content\/uploads\/sites\/148\/2024\/10\/DESTAQUE-UNIVERSO-550-x-350-1-3.jpg","contentUrl":"https:\/\/universofamilia.com\/wp-content\/uploads\/sites\/148\/2024\/10\/DESTAQUE-UNIVERSO-550-x-350-1-3.jpg","width":550,"height":350,"caption":"Vea C\u00f3mo Aumentar el Espacio de Almacenamiento de su Celular"},{"@type":"BreadcrumbList","@id":"https:\/\/universofamilia.com\/nl\/vea-como-aumentar-el-espacio-de-almacenamiento-de-su-celular\/#breadcrumb","itemListElement":[{"@type":"ListItem","position":1,"name":"Home","item":"https:\/\/universofamilia.com\/el\/"},{"@type":"ListItem","position":2,"name":"Vea C\u00f3mo Aumentar el Espacio de Almacenamiento de su Celular"}]},{"@type":"WebSite","@id":"https:\/\/universofamilia.com\/el\/#website","url":"https:\/\/universofamilia.com\/el\/","name":"Universo Fam\u00edlia","description":"","potentialAction":[{"@type":"SearchAction","target":{"@type":"EntryPoint","urlTemplate":"https:\/\/universofamilia.com\/el\/?s={search_term_string}"},"query-input":"required name=search_term_string"}],"inLanguage":"hu"},{"@type":"Person","@id":"https:\/\/universofamilia.com\/el\/#\/schema\/person\/f07ce98187dd84d31154262e79b3b7ca","name":"Pedro Henrique","image":{"@type":"ImageObject","inLanguage":"hu","@id":"https:\/\/universofamilia.com\/el\/#\/schema\/person\/image\/","url":"https:\/\/secure.gravatar.com\/avatar\/9edfeb808cb4e1599f64d6e45b130154?s=96&d=mm&r=g","contentUrl":"https:\/\/secure.gravatar.com\/avatar\/9edfeb808cb4e1599f64d6e45b130154?s=96&d=mm&r=g","caption":"Pedro Henrique"},"url":"https:\/\/universofamilia.com\/hu\/author\/editor01\/"}]}},"_links":{"self":[{"href":"https:\/\/universofamilia.com\/hu\/wp-json\/wp\/v2\/posts\/6873"}],"collection":[{"href":"https:\/\/universofamilia.com\/hu\/wp-json\/wp\/v2\/posts"}],"about":[{"href":"https:\/\/universofamilia.com\/hu\/wp-json\/wp\/v2\/types\/post"}],"author":[{"embeddable":true,"href":"https:\/\/universofamilia.com\/hu\/wp-json\/wp\/v2\/users\/139"}],"replies":[{"embeddable":true,"href":"https:\/\/universofamilia.com\/hu\/wp-json\/wp\/v2\/comments?post=6873"}],"version-history":[{"count":1,"href":"https:\/\/universofamilia.com\/hu\/wp-json\/wp\/v2\/posts\/6873\/revisions"}],"predecessor-version":[{"id":8592,"href":"https:\/\/universofamilia.com\/hu\/wp-json\/wp\/v2\/posts\/6873\/revisions\/8592"}],"wp:featuredmedia":[{"embeddable":true,"href":"https:\/\/universofamilia.com\/hu\/wp-json\/wp\/v2\/media\/6874"}],"wp:attachment":[{"href":"https:\/\/universofamilia.com\/hu\/wp-json\/wp\/v2\/media?parent=6873"}],"wp:term":[{"taxonomy":"category","embeddable":true,"href":"https:\/\/universofamilia.com\/hu\/wp-json\/wp\/v2\/categories?post=6873"},{"taxonomy":"post_tag","embeddable":true,"href":"https:\/\/universofamilia.com\/hu\/wp-json\/wp\/v2\/tags?post=6873"}],"curies":[{"name":"wp","href":"https:\/\/api.w.org\/{rel}","templated":true}]}}