{"id":6883,"date":"2024-10-14T21:57:04","date_gmt":"2024-10-15T00:57:04","guid":{"rendered":"https:\/\/universofamilia.com\/?p=6883"},"modified":"2025-10-11T23:23:18","modified_gmt":"2025-10-12T02:23:18","slug":"tu-telefono-esta-lento","status":"publish","type":"post","link":"https:\/\/universofamilia.com\/hu\/tu-telefono-esta-lento\/","title":{"rendered":"Lass\u00fa a telefonod?"},"content":{"rendered":"<p>\u00c9szrevetted m\u00e1r, hogy a telefonod egyre lassabb, gyakran lefagy, vagy tele van felesleges f\u00e1jlokkal, amelyekr\u0151l azt sem tudod, honnan sz\u00e1rmaznak?<\/p>\n\n\n\n<p>Ez sok emberrel el\u0151fordul, k\u00fcl\u00f6n\u00f6sen n\u00e9h\u00e1ny h\u00f3napos intenz\u00edv haszn\u00e1lat ut\u00e1n. De ne agg\u00f3dj!<\/p>\n\n\n\n<p><\/p>\n\n\n\n<hr class=\"wp-block-separator has-text-color has-luminous-vivid-orange-color has-alpha-channel-opacity has-luminous-vivid-orange-background-color has-background\" \/>\n\n\n\n<h2 class=\"wp-block-heading has-text-align-center\">Mit szeretn\u00e9l el\u0151sz\u00f6r csin\u00e1lni?<\/h2>\n\n\n\n<div class=\"wp-block-buttons is-content-justification-center is-layout-flex wp-container-core-buttons-layout-1 wp-block-buttons-is-layout-flex\">\n<div class=\"wp-block-button has-custom-width wp-block-button__width-100 is-style-outline\" style=\"text-decoration:none\"><a class=\"wp-block-button__link has-white-color has-vivid-cyan-blue-background-color has-text-color has-background has-link-color has-text-align-left wp-element-button\" href=\"https:\/\/universofamilia.com\/hu\/6873\/vea-como-aumentar-el-espacio-de-almacenamiento-de-su-celular\/\" style=\"border-radius:10px\">N\u00f6veli a mem\u00f3ri\u00e1t \u27a1\ufe0f<\/a><\/div>\n<\/div>\n\n\n\n<div class=\"wp-block-buttons is-content-justification-center is-layout-flex wp-container-core-buttons-layout-2 wp-block-buttons-is-layout-flex\">\n<div class=\"wp-block-button has-custom-width wp-block-button__width-100 is-style-outline\" style=\"text-decoration:none\"><a class=\"wp-block-button__link has-white-color has-vivid-cyan-blue-background-color has-text-color has-background has-link-color has-text-align-left wp-element-button\" href=\"https:\/\/universofamilia.com\/hu\/6877\/tu-celular-tiene-muchos-anuncios-y-virus\/\" style=\"border-radius:10px\">Rekl\u00e1mok \u00e9s v\u00edrusok elt\u00e1vol\u00edt\u00e1sa \u27a1\ufe0f<\/a><\/div>\n<\/div>\n\n\n\n<div class=\"wp-block-buttons is-content-justification-center is-layout-flex wp-container-core-buttons-layout-3 wp-block-buttons-is-layout-flex\">\n<div class=\"wp-block-button has-custom-width wp-block-button__width-100 is-style-outline\" style=\"text-decoration:none\"><a class=\"wp-block-button__link has-white-color has-vivid-cyan-blue-background-color has-text-color has-background has-link-color has-text-align-left wp-element-button\" href=\"https:\/\/universofamilia.com\/hu\/6867\/el-mejor-y-mas-eficaz-aplicacion-de-limpieza-de-celular-lanzado\/\" style=\"border-radius:10px\">Megjelent a legjobb mobiltelefon-tiszt\u00edt\u00f3 alkalmaz\u00e1s \u27a1\ufe0f<\/a><\/div>\n<\/div>\n\n\n\n<p class=\"has-text-align-center\"><em><strong>Olvass tov\u00e1bb!<\/strong><\/em><\/p>\n\n\n\n<hr class=\"wp-block-separator has-text-color has-luminous-vivid-orange-color has-alpha-channel-opacity has-luminous-vivid-orange-background-color has-background\" \/>\n\n\n\n<p><\/p>\n\n\n\n<p>Vannak megold\u00e1sok a k\u00e9sz\u00fcl\u00e9k sebess\u00e9g\u00e9nek \u00e9s optimaliz\u00e1l\u00e1s\u00e1nak vissza\u00e1ll\u00edt\u00e1s\u00e1ra.<\/p>\n\n\n\n<p>Ha szeretn\u00e9d megtanulni, hogyan oldd meg ezt a probl\u00e9m\u00e1t gyorsan \u00e9s egyszer\u0171en, akkor j\u00f3 helyen j\u00e1rsz!<\/p>\n\n\n\n<p>Ebben a cikkben megvizsg\u00e1ljuk a lass\u00fa telefonok leggyakoribb okait, \u00e9s azt, hogyan jav\u00edthatod a teljes\u00edtm\u00e9ny\u00e9t egy piacvezet\u0151 alkalmaz\u00e1s seg\u00edts\u00e9g\u00e9vel: <strong>Kaspersky mobilbiztons\u00e1g<\/strong>.<\/p>\n\n\n\n<p>Azt is megtudhatod, hogyan t\u00f6r\u00f6lheted a felesleges f\u00e1jlokat, hogyan v\u00e9dheted meg a szem\u00e9lyes adataidat, \u00e9s hogyan szabad\u00edthatsz fel \u00e9rt\u00e9kes t\u00e1rhelyet a telefonodon. Kezdhetj\u00fck?<\/p>\n\n\n\n<h2 class=\"wp-block-heading\">Mi\u00e9rt lass\u00fa a telefonom?<\/h2>\n\n\n\n<p>Sok oka lehet annak, hogy a telefon lassabban kezd m\u0171k\u00f6dni.<\/p>\n\n\n\n<p>A felesleges f\u00e1jlok felhalmoz\u00f3d\u00e1sa, az er\u0151forr\u00e1s-pazarl\u00f3 h\u00e1tt\u00e9ralkalmaz\u00e1sok \u00e9s ak\u00e1r a v\u00edrusok is mind jelent\u0151s t\u00e9nyez\u0151k lehetnek.<\/p>\n\n\n\n<p>Ha nem gondoskodsz megfelel\u0151en a k\u00e9sz\u00fcl\u00e9kedr\u0151l, t\u00falterhel\u0151dik, mint egy szervizel\u00e9s n\u00e9lk\u00fcl maradt aut\u00f3.<\/p>\n\n\n\n<p>\u00cdme n\u00e9h\u00e1ny f\u0151 ok:<\/p>\n\n\n\n<ul class=\"wp-block-list\">\n<li><strong>T\u00e1rhely megtelt<\/strong>A f\u00e9nyk\u00e9pek, vide\u00f3k \u00e9s f\u00e1jlok sok helyet foglalnak el, ami lelass\u00edtja a rendszert.<\/li>\n\n\n\n<li><strong>Neh\u00e9z alkalmaz\u00e1sok<\/strong>N\u00e9h\u00e1ny alkalmaz\u00e1s t\u00fal sok mem\u00f3ri\u00e1t \u00e9s processzort haszn\u00e1l, k\u00fcl\u00f6n\u00f6sen, ha folyamatosan a h\u00e1tt\u00e9rben futnak.<\/li>\n\n\n\n<li><strong>Ideiglenes f\u00e1jlok \u00e9s gyors\u00edt\u00f3t\u00e1r<\/strong>Sok alkalmaz\u00e1s \u201eszemetet\u201d hagy a telefonodon, p\u00e9ld\u00e1ul ideiglenes f\u00e1jlokat \u00e9s gyors\u00edt\u00f3t\u00e1rakat, amelyek szint\u00e9n t\u00falterhelik a rendszert.<\/li>\n\n\n\n<li><strong>V\u00edrusok \u00e9s rosszindulat\u00fa programok<\/strong>A fert\u0151z\u00e9sek k\u00f6zvetlen\u00fcl befoly\u00e1solhatj\u00e1k a telefon teljes\u00edtm\u00e9ny\u00e9t \u00e9s vesz\u00e9lyeztethetik annak biztons\u00e1g\u00e1t.<\/li>\n<\/ul>\n\n\n\n<p><\/p>\n\n\n\n<hr class=\"wp-block-separator has-text-color has-luminous-vivid-orange-color has-alpha-channel-opacity has-luminous-vivid-orange-background-color has-background\" \/>\n\n\n\n<h2 class=\"wp-block-heading\">Olvasd el m\u00e9g:<\/h2>\n\n\n\n<ul class=\"wp-block-list\">\n<li class=\"has-medium-font-size\"><a href=\"https:\/\/universofamilia.com\/hu\/6832\/aplicacion-para-bailar-zumba\/\">\ud83d\udccc Zumba T\u00e1nc Alkalmaz\u00e1s &gt;<\/a><\/li>\n\n\n\n<li class=\"has-medium-font-size\"><a href=\"https:\/\/universofamilia.com\/hu\/6568\/aprende-mecanica-automotriz-aplicacion\/\">\ud83d\udccc Tanulj aut\u00f3szerel\u0151nek egy alkalmaz\u00e1ssal<\/a><\/li>\n<\/ul>\n\n\n\n<hr class=\"wp-block-separator has-text-color has-luminous-vivid-orange-color has-alpha-channel-opacity has-luminous-vivid-orange-background-color has-background\" \/>\n\n\n\n<p><\/p>\n\n\n\n<h2 class=\"wp-block-heading\">Hogyan seg\u00edthet \u00d6nnek a Kaspersky Mobile Security?<\/h2>\n\n\n\n<p><strong>Kaspersky mobilbiztons\u00e1g<\/strong> Ez egy komplett megold\u00e1s, amely optimaliz\u00e1lja a telefonodat, \u00e9s biztos\u00edtja, hogy az \u00fajra \u00fagy m\u0171k\u00f6dj\u00f6n, mint \u00fajkor\u00e1ban.<\/p>\n\n\n\n<p>Sz\u00e1mos olyan el\u0151nyt k\u00edn\u00e1l, amelyek nagyban befoly\u00e1solj\u00e1k eszk\u00f6ze teljes\u00edtm\u00e9ny\u00e9t.<\/p>\n\n\n\n<p>Az al\u00e1bbiakban ismertetj\u00fck a f\u0151bb el\u0151ny\u00f6ket:<\/p>\n\n\n\n<h3 class=\"wp-block-heading\">Felesleges f\u00e1jlok tiszt\u00edt\u00e1sa<\/h3>\n\n\n\n<p>Id\u0151vel a telefonjaink olyan f\u00e1jlokat halmoznak fel, amelyekre nincs sz\u00fcks\u00e9g\u00fcnk, p\u00e9ld\u00e1ul alkalmaz\u00e1s-gyors\u00edt\u00f3t\u00e1rakat \u00e9s ideiglenes f\u00e1jlokat.<\/p>\n\n\n\n<p>A Kaspersky m\u00e9lytiszt\u00edt\u00e1st k\u00edn\u00e1l, amely elt\u00e1vol\u00edtja ezeket a felesleges adatokat, helyet szabad\u00edtva fel fontosabb dolgoknak, p\u00e9ld\u00e1ul a val\u00f3ban fontos f\u00e9nyk\u00e9peknek \u00e9s vide\u00f3knak.<\/p>\n\n\n\n<blockquote class=\"wp-block-quote\">\n<p><em><strong>Megfigyel\u00e9s:<\/strong> Politikai \u00e9s kereskedelmi okokb\u00f3l az alkalmaz\u00e1st megsz\u00fcntett\u00e9k \u00e9s elt\u00e1vol\u00edtott\u00e1k az alkalmaz\u00e1sboltokb\u00f3l az Egyes\u00fclt \u00c1llamokban. Emiatt a cikkben tal\u00e1lhat\u00f3 linkek k\u00f6zvetlen\u00fcl a Kaspersky hivatalos webhely\u00e9re mutatnak.<\/em><\/p>\n<\/blockquote>\n\n\n\n<h3 class=\"wp-block-heading\">Teljes\u00edtm\u00e9nyoptimaliz\u00e1l\u00e1s<\/h3>\n\n\n\n<p>A f\u00e1jlok tiszt\u00edt\u00e1sa mellett a Kaspersky Mobile Security seg\u00edt optimaliz\u00e1lni a telefon teljes\u00edtm\u00e9ny\u00e9t az er\u0151forr\u00e1s-pazarl\u00f3 h\u00e1tt\u00e9ralkalmaz\u00e1sok bez\u00e1r\u00e1s\u00e1val \u00e9s a RAM felszabad\u00edt\u00e1s\u00e1val, \u00edgy a rendszer gyorsabban \u00e9s sim\u00e1bban fut.<\/p>\n\n\n\n<p>Ez kevesebb blokkot \u00e9s nagyobb g\u00f6rd\u00fcl\u00e9kenyebb mindennapi \u00e9letet jelent.<\/p>\n\n\n\n<h3 class=\"wp-block-heading\">Alkalmaz\u00e1sellen\u0151rz\u00e9s<\/h3>\n\n\n\n<p>A Kaspersky seg\u00edts\u00e9g\u00e9vel ellen\u0151rizheted a telefonodra telep\u00edtett alkalmaz\u00e1sokat is, hogy megbizonyosodj arr\u00f3l, hogy nem fogyasztanak-e t\u00f6bb er\u0151forr\u00e1st a sz\u00fcks\u00e9gesn\u00e9l.<\/p>\n\n\n\n<p>Ez a funkci\u00f3 nagyszer\u0171 annak kider\u00edt\u00e9s\u00e9re, hogy mely alkalmaz\u00e1sok lass\u00edtj\u00e1k le a telefont.<\/p>\n\n\n\n<h3 class=\"wp-block-heading\">Er\u0151forr\u00e1s-fel\u00fcgyelet<\/h3>\n\n\n\n<p>Az er\u0151forr\u00e1s-monitoroz\u00e1s a Kaspersky Mobile Security egy m\u00e1sik alapvet\u0151 funkci\u00f3ja.<\/p>\n\n\n\n<p>Lehet\u0151v\u00e9 teszi a mem\u00f3ria- \u00e9s processzorhaszn\u00e1lat val\u00f3s idej\u0171 figyel\u00e9s\u00e9t, \u00e9s egy\u00e9rtelm\u0171 jelent\u00e9seket ny\u00fajt a telefon teljes\u00edtm\u00e9ny\u00e9r\u0151l.<\/p>\n\n\n\n<h3 class=\"wp-block-heading\">A Kaspersky Mobile Security el\u0151nyei<\/h3>\n\n\n\n<p>A Kaspersky Mobile Security haszn\u00e1lat\u00e1nak sz\u00e1mtalan el\u0151nye van, k\u00fcl\u00f6n\u00f6sen azok sz\u00e1m\u00e1ra, akik stabilabb \u00e9s biztons\u00e1gosabb teljes\u00edtm\u00e9nyt keresnek.<\/p>\n\n\n\n<p>\u00cdme, \u00f6sszefoglaljuk \u0151ket az \u00d6n sz\u00e1m\u00e1ra:<\/p>\n\n\n\n<ul class=\"wp-block-list\">\n<li><strong>T\u00f6bb t\u00e1rhely<\/strong>A felesleges f\u00e1jlok t\u00f6rl\u00e9s\u00e9vel t\u00f6bb szabad helyed lesz arra, ami igaz\u00e1n sz\u00e1m\u00edt.<\/li>\n\n\n\n<li><strong>Sebess\u00e9gn\u00f6vel\u00e9s<\/strong>A telefon gyorsabb lesz, kevesebb \u00f6sszeoml\u00e1ssal.<\/li>\n\n\n\n<li><strong>Stabil teljes\u00edtm\u00e9ny<\/strong>Az \u00e1lland\u00f3 optimaliz\u00e1l\u00e1s stabil teljes\u00edtm\u00e9nyt biztos\u00edt, m\u00e9g hosszabb haszn\u00e1lat ut\u00e1n is.<\/li>\n\n\n\n<li><strong>Fokozott v\u00e9delem<\/strong>A Kaspersky v\u00e9delmet ny\u00fajt a v\u00edrusok \u00e9s a rosszindulat\u00fa programok ellen is, \u00edgy biztos\u00edtva, hogy telefonja ne legyen sebezhet\u0151 a t\u00e1mad\u00e1sokkal szemben.<\/li>\n<\/ul>\n\n\n\n<h2 class=\"wp-block-heading\">Adatv\u00e9delem<\/h2>\n\n\n\n<p>Az \u00f6sszes optimaliz\u00e1l\u00e1si funkci\u00f3 mellett, <strong>Kaspersky mobilbiztons\u00e1g<\/strong> Emellett kiemelkedik a mag\u00e1n\u00e9let v\u00e9delm\u00e9vel is.<\/p>\n\n\n\n<p>Megakad\u00e1lyozza, hogy a rosszindulat\u00fa vagy k\u00e9mprogramos alkalmaz\u00e1sok hozz\u00e1f\u00e9rjenek a szem\u00e9lyes adataihoz.<\/p>\n\n\n\n<p>K\u00f6nnyed\u00e9n kezelheted, hogy mely alkalmaz\u00e1sok f\u00e9rhetnek hozz\u00e1 a bizalmas adataidhoz, \u00edgy biztos\u00edtva, hogy minden biztons\u00e1gban maradjon.<\/p>\n\n\n<div class=\"wp-block-image\">\n<figure class=\"aligncenter size-full\"><img loading=\"lazy\" decoding=\"async\" width=\"550\" height=\"350\" src=\"http:\/\/universofamilia.com\/wp-content\/uploads\/sites\/148\/2024\/10\/DESTAQUE-UNIVERSO-550-x-350-3-4.jpg\" alt=\"\" class=\"wp-image-6884\" srcset=\"https:\/\/universofamilia.com\/wp-content\/uploads\/sites\/148\/2024\/10\/DESTAQUE-UNIVERSO-550-x-350-3-4.jpg 550w, https:\/\/universofamilia.com\/wp-content\/uploads\/sites\/148\/2024\/10\/DESTAQUE-UNIVERSO-550-x-350-3-4-300x191.jpg 300w\" sizes=\"(max-width: 550px) 100vw, 550px\" \/><figcaption class=\"wp-element-caption\">Lass\u00fa a telefonod?<\/figcaption><\/figure><\/div>\n\n\n<h3 class=\"wp-block-heading\">L\u00e9p\u00e9sr\u0151l l\u00e9p\u00e9sre a Kaspersky Mobile Security enged\u00e9lyez\u00e9se<\/h3>\n\n\n\n<p>Most, hogy ismeri az \u00f6sszes el\u0151nyt, \u00edme a Kaspersky Mobile Security telep\u00edt\u00e9s\u00e9nek \u00e9s konfigur\u00e1l\u00e1s\u00e1nak l\u00e9p\u00e9sei a telefonj\u00e1n:<\/p>\n\n\n\n<ol class=\"wp-block-list\">\n<li><strong>Hozz l\u00e9tre egy fi\u00f3kot vagy jelentkezz be<\/strong>: Amikor el\u0151sz\u00f6r nyitja meg az alkalmaz\u00e1st, l\u00e9tre kell hoznia egy fi\u00f3kot, vagy be kell jelentkeznie egy megl\u00e9v\u0151 fi\u00f3kkal.<\/li>\n\n\n\n<li><strong>Enged\u00e9lyeket ad<\/strong>: Az alkalmaz\u00e1s enged\u00e9lyeket fog k\u00e9rni a f\u00e1jljaid el\u00e9r\u00e9s\u00e9hez \u00e9s a telefon teljes\u00edtm\u00e9ny\u00e9nek figyel\u00e9s\u00e9hez. Add meg a sz\u00fcks\u00e9ges enged\u00e9lyeket.<\/li>\n\n\n\n<li><strong>Ind\u00edtsa el az optimaliz\u00e1l\u00e1st<\/strong>: A f\u0151k\u00e9perny\u0151r\u0151l ind\u00edtson el egy teljes vizsg\u00e1latot a felesleges f\u00e1jlok elt\u00e1vol\u00edt\u00e1s\u00e1hoz \u00e9s a teljes\u00edtm\u00e9ny optimaliz\u00e1l\u00e1s\u00e1hoz.<\/li>\n\n\n\n<li><strong>Alkalmaz\u00e1sok kezel\u00e9se<\/strong>: Ellen\u0151rizze, hogy mely alkalmaz\u00e1sok fogyasztanak t\u00fal sok er\u0151forr\u00e1st, \u00e9s z\u00e1rja be a nem l\u00e9tfontoss\u00e1g\u00faakat.<\/li>\n\n\n\n<li><strong>Tov\u00e1bbi be\u00e1ll\u00edt\u00e1sok<\/strong>: Fedezzen fel tov\u00e1bbi be\u00e1ll\u00edt\u00e1sokat az eszk\u00f6z biztons\u00e1gi \u00e9s optimaliz\u00e1l\u00e1si szintj\u00e9nek m\u00f3dos\u00edt\u00e1s\u00e1hoz.<\/li>\n<\/ol>\n\n\n\n<h2 class=\"wp-block-heading\">Mit mondanak a felhaszn\u00e1l\u00f3k?<\/h2>\n\n\n\n<p>Nem \u00e9n vagyok az egyetlen, aki dics\u00e9ri a Kaspersky Mobile Security-t. N\u00e9zd meg, mit mondanak m\u00e1s felhaszn\u00e1l\u00f3k az alkalmaz\u00e1sr\u00f3l:<\/p>\n\n\n\n<ul class=\"wp-block-list\">\n<li><strong>Marcos S.<\/strong> (Google Play): \u201eA Kaspersky telep\u00edt\u00e9se ut\u00e1n a telefonom \u00e9szrevehet\u0151en gyorsabb. Megsz\u0171ntek a lefagy\u00e1sok, s\u0151t, m\u00e9g a t\u00e1rhely is megn\u0151tt!\u201d<\/li>\n\n\n\n<li><strong>Luciana R.<\/strong> (Apple Store): \u201eAz alkalmaz\u00e1s kiv\u00e1l\u00f3! Mindent kitiszt\u00edt, amire nincs sz\u00fcks\u00e9gem, \u00e9s hat\u00e9konyan v\u00e9di az adataimat is. Nagyon aj\u00e1nlom.\u201d<\/li>\n\n\n\n<li><strong>Thiago A.<\/strong> (Google Play): \u201eA Kaspersky seg\u00edtett azonos\u00edtani \u00e9s elt\u00e1vol\u00edtani azokat az alkalmaz\u00e1sokat, amelyek lass\u00edtott\u00e1k a telefonomat. Meg\u00e9rte!\u201d<\/li>\n<\/ul>\n\n\n\n<h2 class=\"wp-block-heading\">K\u00f6vetkeztet\u00e9s<\/h2>\n\n\n\n<p>Ha eleged van abb\u00f3l, hogy egy lass\u00fa, lefagy\u00f3 telefonnal van tele, haszontalan f\u00e1jlokkal, <strong>Kaspersky mobilbiztons\u00e1g<\/strong> lehet a t\u00f6k\u00e9letes megold\u00e1s az \u00d6n sz\u00e1m\u00e1ra.<\/p>\n\n\n\n<p>Ezzel az alkalmaz\u00e1ssal az eszk\u00f6z\u00f6d gyorsabb, biztons\u00e1gosabb \u00e9s az optim\u00e1lis teljes\u00edtm\u00e9ny \u00e9rdek\u00e9ben optimaliz\u00e1lt lesz.<\/p>\n\n\n\n<p>Ne hagyd ki, pr\u00f3b\u00e1ld ki \u00e9s \u00e9lvezd az \u00f6sszes el\u0151ny\u00e9t te magad!<\/p>\n\n\n\n<p>Oszd meg ezt a cikket bar\u00e1taiddal \u00e9s csal\u00e1doddal, akik szint\u00e9n ezekkel a probl\u00e9m\u00e1kkal k\u00fczdenek, \u00e9s seg\u00edts nekik jav\u00edtani a telefonos \u00e9lm\u00e9ny\u00fck\u00f6n.<\/p>\n\n\n\n<p><strong>T\u00f6ltsd le az alkalmaz\u00e1sokat itt:<\/strong><\/p>\n\n\n\n<ul class=\"wp-block-list\">\n<li><strong>Kaspersky \u2013 <a href=\"https:\/\/www.kaspersky.com.br\/downloads\">Android<\/a><\/strong> \/<strong> <a href=\"https:\/\/www.kaspersky.com.br\/downloads\">iOS<\/a><\/strong><\/li>\n<\/ul>\n\n\n\n<hr class=\"wp-block-separator has-alpha-channel-opacity\" \/>\n\n\n\n<h2 class=\"wp-block-heading\">Gyakran Ism\u00e9telt K\u00e9rd\u00e9sek (GYIK)<\/h2>\n\n\n\n<p><strong>1. Mi\u00e9rt lassabb lesz a telefonom az id\u0151 m\u00fal\u00e1s\u00e1val?<\/strong><br>A telefon haszn\u00e1lata sor\u00e1n ideiglenes f\u00e1jlok, gyors\u00edt\u00f3t\u00e1rak \u00e9s egy\u00e9b felesleges adatok halmoz\u00f3dnak fel, amelyek helyet foglalnak \u00e9s t\u00falterhelik a rendszert. Ezenk\u00edv\u00fcl a h\u00e1tt\u00e9rben fut\u00f3 alkalmaz\u00e1sok is fogyaszthatj\u00e1k a mem\u00f3ri\u00e1t \u00e9s lelass\u00edthatj\u00e1k az eszk\u00f6zt.<\/p>\n\n\n\n<p><strong>2. Hogyan jav\u00edthatja a Kaspersky Mobile Security a telefonom teljes\u00edtm\u00e9ny\u00e9t?<\/strong><br>A Kaspersky elt\u00e1vol\u00edtja a felesleges f\u00e1jlokat, optimaliz\u00e1lja a mem\u00f3riahaszn\u00e1latot, bez\u00e1rja az er\u0151forr\u00e1s-pazarl\u00f3 h\u00e1tt\u00e9ralkalmaz\u00e1sokat, \u00e9s megv\u00e9di az eszk\u00f6zt a v\u00edrusokt\u00f3l \u00e9s a rosszindulat\u00fa programokt\u00f3l. Ez seg\u00edt abban, hogy a telefon gyorsabban \u00e9s stabilabban m\u0171k\u00f6dj\u00f6n.<\/p>\n\n\n\n<p><strong>3. A Kaspersky Mobile Security haszn\u00e1lata rontja az akkumul\u00e1tor \u00e9lettartam\u00e1t?<\/strong><br>Nem. A Kaspersky \u00fagy lett kialak\u00edtva, hogy optimaliz\u00e1lja a telefon teljes\u00edtm\u00e9ny\u00e9t an\u00e9lk\u00fcl, hogy negat\u00edvan befoly\u00e1soln\u00e1 az akkumul\u00e1tort. S\u0151t, az er\u0151forr\u00e1s-ig\u00e9nyes alkalmaz\u00e1sok bez\u00e1r\u00e1sa ak\u00e1r jav\u00edthatja is az akkumul\u00e1tor \u00e9lettartam\u00e1t.<\/p>\n\n\n\n<p><strong>4. Haszn\u00e1lhatom a Kaspersky Mobile Security-t egyn\u00e9l t\u00f6bb eszk\u00f6z\u00f6n?<\/strong><br>Igen, az el\u0151fizet\u00e9si csomagt\u00f3l f\u00fcgg\u0151en a Kaspersky Mobile Security lehet\u0151v\u00e9 teszi t\u00f6bb eszk\u00f6z v\u00e9delm\u00e9t egyetlen fi\u00f3kkal.<\/p>\n\n\n\n<p><strong>5. Biztons\u00e1gos a Kaspersky Mobile Security haszn\u00e1lata?<\/strong><br>Igen, a Kaspersky a vil\u00e1g egyik legmegb\u00edzhat\u00f3bb biztons\u00e1gi alkalmaz\u00e1sa. Hat\u00e9konyan v\u00e9di az adatait \u00e9s a mag\u00e1n\u00e9let\u00e9t, megakad\u00e1lyozva a szem\u00e9lyes adataihoz val\u00f3 jogosulatlan hozz\u00e1f\u00e9r\u00e9st.<\/p>","protected":false},"excerpt":{"rendered":"<p>\u00bfHas notado que tu tel\u00e9fono se est\u00e1 volviendo cada vez m\u00e1s lento, se traba con frecuencia o est\u00e1 lleno de archivos in\u00fatiles que ni siquiera sabes de d\u00f3nde vinieron? Esto les pasa a muchos, especialmente despu\u00e9s de algunos meses de uso intenso. \u00a1Pero no te preocupes! \u00bfQu\u00e9 te gustar\u00eda hacer Primero? \u00a1Siga leyendo! Existen soluciones [&hellip;]<\/p>","protected":false},"author":219,"featured_media":6884,"comment_status":"closed","ping_status":"open","sticky":false,"template":"","format":"standard","meta":{"footnotes":""},"categories":[5],"tags":[552,767,795,969,1201,1261],"yoast_head":"<!-- This site is optimized with the Yoast SEO plugin v23.3 - https:\/\/yoast.com\/wordpress\/plugins\/seo\/ -->\n<title>\u00bfTu Tel\u00e9fono Est\u00e1 Lento? - Universo Fam\u00edlia<\/title>\n<meta name=\"description\" content=\"\u00bfTu Tel\u00e9fono Est\u00e1 Lento? \u00bfHas notado que tu tel\u00e9fono se est\u00e1 volviendo cada vez m\u00e1s lento, se traba con frecuencia o est\u00e1 lleno de archivos...\" \/>\n<meta name=\"robots\" content=\"index, follow, max-snippet:-1, max-image-preview:large, max-video-preview:-1\" \/>\n<link rel=\"canonical\" href=\"https:\/\/universofamilia.com\/hu\/tu-telefono-esta-lento\/\" \/>\n<meta property=\"og:locale\" content=\"hu_HU\" \/>\n<meta property=\"og:type\" content=\"article\" \/>\n<meta property=\"og:title\" content=\"\u00bfTu Tel\u00e9fono Est\u00e1 Lento? - Universo Fam\u00edlia\" \/>\n<meta property=\"og:description\" content=\"\u00bfTu Tel\u00e9fono Est\u00e1 Lento? \u00bfHas notado que tu tel\u00e9fono se est\u00e1 volviendo cada vez m\u00e1s lento, se traba con frecuencia o est\u00e1 lleno de archivos...\" \/>\n<meta property=\"og:url\" content=\"https:\/\/universofamilia.com\/hu\/tu-telefono-esta-lento\/\" \/>\n<meta property=\"og:site_name\" content=\"Universo Fam\u00edlia\" \/>\n<meta property=\"article:published_time\" content=\"2024-10-15T00:57:04+00:00\" \/>\n<meta property=\"article:modified_time\" content=\"2025-10-12T02:23:18+00:00\" \/>\n<meta property=\"og:image\" content=\"https:\/\/universofamilia.com\/wp-content\/uploads\/sites\/148\/2024\/10\/DESTAQUE-UNIVERSO-550-x-350-3-4.jpg\" \/>\n\t<meta property=\"og:image:width\" content=\"550\" \/>\n\t<meta property=\"og:image:height\" content=\"350\" \/>\n\t<meta property=\"og:image:type\" content=\"image\/jpeg\" \/>\n<meta name=\"author\" content=\"Matheus Sangaletti\" \/>\n<meta name=\"twitter:card\" content=\"summary_large_image\" \/>\n<meta name=\"twitter:label1\" content=\"Written by\" \/>\n\t<meta name=\"twitter:data1\" content=\"Matheus Sangaletti\" \/>\n\t<meta name=\"twitter:label2\" content=\"Est. reading time\" \/>\n\t<meta name=\"twitter:data2\" content=\"7 perc\" \/>\n<script type=\"application\/ld+json\" class=\"yoast-schema-graph\">{\"@context\":\"https:\/\/schema.org\",\"@graph\":[{\"@type\":\"WebPage\",\"@id\":\"https:\/\/universofamilia.com\/da\/tu-telefono-esta-lento\/\",\"url\":\"https:\/\/universofamilia.com\/da\/tu-telefono-esta-lento\/\",\"name\":\"\u00bfTu Tel\u00e9fono Est\u00e1 Lento? - Universo Fam\u00edlia\",\"isPartOf\":{\"@id\":\"https:\/\/universofamilia.com\/el\/#website\"},\"primaryImageOfPage\":{\"@id\":\"https:\/\/universofamilia.com\/da\/tu-telefono-esta-lento\/#primaryimage\"},\"image\":{\"@id\":\"https:\/\/universofamilia.com\/da\/tu-telefono-esta-lento\/#primaryimage\"},\"thumbnailUrl\":\"https:\/\/universofamilia.com\/wp-content\/uploads\/sites\/148\/2024\/10\/DESTAQUE-UNIVERSO-550-x-350-3-4.jpg\",\"datePublished\":\"2024-10-15T00:57:04+00:00\",\"dateModified\":\"2025-10-12T02:23:18+00:00\",\"author\":{\"@id\":\"https:\/\/universofamilia.com\/el\/#\/schema\/person\/92fcd07e9b1f4323bf74f3170fc0f78a\"},\"description\":\"\u00bfTu Tel\u00e9fono Est\u00e1 Lento? \u00bfHas notado que tu tel\u00e9fono se est\u00e1 volviendo cada vez m\u00e1s lento, se traba con frecuencia o est\u00e1 lleno de archivos...\",\"breadcrumb\":{\"@id\":\"https:\/\/universofamilia.com\/da\/tu-telefono-esta-lento\/#breadcrumb\"},\"inLanguage\":\"hu\",\"potentialAction\":[{\"@type\":\"ReadAction\",\"target\":[\"https:\/\/universofamilia.com\/da\/tu-telefono-esta-lento\/\"]}]},{\"@type\":\"ImageObject\",\"inLanguage\":\"hu\",\"@id\":\"https:\/\/universofamilia.com\/da\/tu-telefono-esta-lento\/#primaryimage\",\"url\":\"https:\/\/universofamilia.com\/wp-content\/uploads\/sites\/148\/2024\/10\/DESTAQUE-UNIVERSO-550-x-350-3-4.jpg\",\"contentUrl\":\"https:\/\/universofamilia.com\/wp-content\/uploads\/sites\/148\/2024\/10\/DESTAQUE-UNIVERSO-550-x-350-3-4.jpg\",\"width\":550,\"height\":350,\"caption\":\"\u00bfTu Tel\u00e9fono Est\u00e1 Lento?\"},{\"@type\":\"BreadcrumbList\",\"@id\":\"https:\/\/universofamilia.com\/da\/tu-telefono-esta-lento\/#breadcrumb\",\"itemListElement\":[{\"@type\":\"ListItem\",\"position\":1,\"name\":\"Home\",\"item\":\"https:\/\/universofamilia.com\/el\/\"},{\"@type\":\"ListItem\",\"position\":2,\"name\":\"\u00bfTu Tel\u00e9fono Est\u00e1 Lento?\"}]},{\"@type\":\"WebSite\",\"@id\":\"https:\/\/universofamilia.com\/el\/#website\",\"url\":\"https:\/\/universofamilia.com\/el\/\",\"name\":\"Universo Fam\u00edlia\",\"description\":\"\",\"potentialAction\":[{\"@type\":\"SearchAction\",\"target\":{\"@type\":\"EntryPoint\",\"urlTemplate\":\"https:\/\/universofamilia.com\/el\/?s={search_term_string}\"},\"query-input\":\"required name=search_term_string\"}],\"inLanguage\":\"hu\"},{\"@type\":\"Person\",\"@id\":\"https:\/\/universofamilia.com\/el\/#\/schema\/person\/92fcd07e9b1f4323bf74f3170fc0f78a\",\"name\":\"Matheus Sangaletti\",\"image\":{\"@type\":\"ImageObject\",\"inLanguage\":\"hu\",\"@id\":\"https:\/\/universofamilia.com\/el\/#\/schema\/person\/image\/\",\"url\":\"https:\/\/secure.gravatar.com\/avatar\/280ea957a14a48e6a1ad2133d2cc27c9?s=96&d=mm&r=g\",\"contentUrl\":\"https:\/\/secure.gravatar.com\/avatar\/280ea957a14a48e6a1ad2133d2cc27c9?s=96&d=mm&r=g\",\"caption\":\"Matheus Sangaletti\"},\"url\":\"https:\/\/universofamilia.com\/hu\/author\/matheuss\/\"}]}<\/script>\n<!-- \/ Yoast SEO plugin. -->","yoast_head_json":{"title":"\u00bfTu Tel\u00e9fono Est\u00e1 Lento? - Universo Fam\u00edlia","description":"\u00bfTu Tel\u00e9fono Est\u00e1 Lento? \u00bfHas notado que tu tel\u00e9fono se est\u00e1 volviendo cada vez m\u00e1s lento, se traba con frecuencia o est\u00e1 lleno de archivos...","robots":{"index":"index","follow":"follow","max-snippet":"max-snippet:-1","max-image-preview":"max-image-preview:large","max-video-preview":"max-video-preview:-1"},"canonical":"https:\/\/universofamilia.com\/hu\/tu-telefono-esta-lento\/","og_locale":"hu_HU","og_type":"article","og_title":"\u00bfTu Tel\u00e9fono Est\u00e1 Lento? - Universo Fam\u00edlia","og_description":"\u00bfTu Tel\u00e9fono Est\u00e1 Lento? \u00bfHas notado que tu tel\u00e9fono se est\u00e1 volviendo cada vez m\u00e1s lento, se traba con frecuencia o est\u00e1 lleno de archivos...","og_url":"https:\/\/universofamilia.com\/hu\/tu-telefono-esta-lento\/","og_site_name":"Universo Fam\u00edlia","article_published_time":"2024-10-15T00:57:04+00:00","article_modified_time":"2025-10-12T02:23:18+00:00","og_image":[{"width":550,"height":350,"url":"https:\/\/universofamilia.com\/wp-content\/uploads\/sites\/148\/2024\/10\/DESTAQUE-UNIVERSO-550-x-350-3-4.jpg","type":"image\/jpeg"}],"author":"Matheus Sangaletti","twitter_card":"summary_large_image","twitter_misc":{"Written by":"Matheus Sangaletti","Est. reading time":"7 perc"},"schema":{"@context":"https:\/\/schema.org","@graph":[{"@type":"WebPage","@id":"https:\/\/universofamilia.com\/da\/tu-telefono-esta-lento\/","url":"https:\/\/universofamilia.com\/da\/tu-telefono-esta-lento\/","name":"\u00bfTu Tel\u00e9fono Est\u00e1 Lento? - Universo Fam\u00edlia","isPartOf":{"@id":"https:\/\/universofamilia.com\/el\/#website"},"primaryImageOfPage":{"@id":"https:\/\/universofamilia.com\/da\/tu-telefono-esta-lento\/#primaryimage"},"image":{"@id":"https:\/\/universofamilia.com\/da\/tu-telefono-esta-lento\/#primaryimage"},"thumbnailUrl":"https:\/\/universofamilia.com\/wp-content\/uploads\/sites\/148\/2024\/10\/DESTAQUE-UNIVERSO-550-x-350-3-4.jpg","datePublished":"2024-10-15T00:57:04+00:00","dateModified":"2025-10-12T02:23:18+00:00","author":{"@id":"https:\/\/universofamilia.com\/el\/#\/schema\/person\/92fcd07e9b1f4323bf74f3170fc0f78a"},"description":"\u00bfTu Tel\u00e9fono Est\u00e1 Lento? \u00bfHas notado que tu tel\u00e9fono se est\u00e1 volviendo cada vez m\u00e1s lento, se traba con frecuencia o est\u00e1 lleno de archivos...","breadcrumb":{"@id":"https:\/\/universofamilia.com\/da\/tu-telefono-esta-lento\/#breadcrumb"},"inLanguage":"hu","potentialAction":[{"@type":"ReadAction","target":["https:\/\/universofamilia.com\/da\/tu-telefono-esta-lento\/"]}]},{"@type":"ImageObject","inLanguage":"hu","@id":"https:\/\/universofamilia.com\/da\/tu-telefono-esta-lento\/#primaryimage","url":"https:\/\/universofamilia.com\/wp-content\/uploads\/sites\/148\/2024\/10\/DESTAQUE-UNIVERSO-550-x-350-3-4.jpg","contentUrl":"https:\/\/universofamilia.com\/wp-content\/uploads\/sites\/148\/2024\/10\/DESTAQUE-UNIVERSO-550-x-350-3-4.jpg","width":550,"height":350,"caption":"\u00bfTu Tel\u00e9fono Est\u00e1 Lento?"},{"@type":"BreadcrumbList","@id":"https:\/\/universofamilia.com\/da\/tu-telefono-esta-lento\/#breadcrumb","itemListElement":[{"@type":"ListItem","position":1,"name":"Home","item":"https:\/\/universofamilia.com\/el\/"},{"@type":"ListItem","position":2,"name":"\u00bfTu Tel\u00e9fono Est\u00e1 Lento?"}]},{"@type":"WebSite","@id":"https:\/\/universofamilia.com\/el\/#website","url":"https:\/\/universofamilia.com\/el\/","name":"Universo Fam\u00edlia","description":"","potentialAction":[{"@type":"SearchAction","target":{"@type":"EntryPoint","urlTemplate":"https:\/\/universofamilia.com\/el\/?s={search_term_string}"},"query-input":"required name=search_term_string"}],"inLanguage":"hu"},{"@type":"Person","@id":"https:\/\/universofamilia.com\/el\/#\/schema\/person\/92fcd07e9b1f4323bf74f3170fc0f78a","name":"Matheus Sangaletti","image":{"@type":"ImageObject","inLanguage":"hu","@id":"https:\/\/universofamilia.com\/el\/#\/schema\/person\/image\/","url":"https:\/\/secure.gravatar.com\/avatar\/280ea957a14a48e6a1ad2133d2cc27c9?s=96&d=mm&r=g","contentUrl":"https:\/\/secure.gravatar.com\/avatar\/280ea957a14a48e6a1ad2133d2cc27c9?s=96&d=mm&r=g","caption":"Matheus Sangaletti"},"url":"https:\/\/universofamilia.com\/hu\/author\/matheuss\/"}]}},"_links":{"self":[{"href":"https:\/\/universofamilia.com\/hu\/wp-json\/wp\/v2\/posts\/6883"}],"collection":[{"href":"https:\/\/universofamilia.com\/hu\/wp-json\/wp\/v2\/posts"}],"about":[{"href":"https:\/\/universofamilia.com\/hu\/wp-json\/wp\/v2\/types\/post"}],"author":[{"embeddable":true,"href":"https:\/\/universofamilia.com\/hu\/wp-json\/wp\/v2\/users\/219"}],"replies":[{"embeddable":true,"href":"https:\/\/universofamilia.com\/hu\/wp-json\/wp\/v2\/comments?post=6883"}],"version-history":[{"count":1,"href":"https:\/\/universofamilia.com\/hu\/wp-json\/wp\/v2\/posts\/6883\/revisions"}],"predecessor-version":[{"id":10007,"href":"https:\/\/universofamilia.com\/hu\/wp-json\/wp\/v2\/posts\/6883\/revisions\/10007"}],"wp:featuredmedia":[{"embeddable":true,"href":"https:\/\/universofamilia.com\/hu\/wp-json\/wp\/v2\/media\/6884"}],"wp:attachment":[{"href":"https:\/\/universofamilia.com\/hu\/wp-json\/wp\/v2\/media?parent=6883"}],"wp:term":[{"taxonomy":"category","embeddable":true,"href":"https:\/\/universofamilia.com\/hu\/wp-json\/wp\/v2\/categories?post=6883"},{"taxonomy":"post_tag","embeddable":true,"href":"https:\/\/universofamilia.com\/hu\/wp-json\/wp\/v2\/tags?post=6883"}],"curies":[{"name":"wp","href":"https:\/\/api.w.org\/{rel}","templated":true}]}}