{"id":6908,"date":"2024-10-16T14:16:00","date_gmt":"2024-10-16T17:16:00","guid":{"rendered":"https:\/\/universofamilia.com\/?p=6908"},"modified":"2025-10-12T19:35:04","modified_gmt":"2025-10-12T22:35:04","slug":"el-mejor-aplicativo-limpieza-celular-jamas-lanzado","status":"publish","type":"post","link":"https:\/\/universofamilia.com\/hu\/el-mejor-aplicativo-limpieza-celular-jamas-lanzado\/","title":{"rendered":"A valaha megjelent legjobb mobiltelefon-tiszt\u00edt\u00f3 alkalmaz\u00e1s"},"content":{"rendered":"<p>Ha lassabb teljes\u00edtm\u00e9nyt, gyorsabb akkumul\u00e1tor-lemer\u00fcl\u00e9st \u00e9s kev\u00e9s t\u00e1rhelyet tapasztal, ne agg\u00f3djon, nem vagy egyed\u00fcl.<\/p>\n\n\n\n<p>Szerencs\u00e9re a megold\u00e1s egyszer\u0171bb lehet, mint amilyennek l\u00e1tszik: egy j\u00f3 takar\u00edt\u00f3alkalmaz\u00e1s gyorsan megoldhatja ezeket a probl\u00e9m\u00e1kat.<\/p>\n\n\n\n<p><\/p>\n\n\n\n<hr class=\"wp-block-separator has-text-color has-luminous-vivid-orange-color has-alpha-channel-opacity has-luminous-vivid-orange-background-color has-background\" \/>\n\n\n\n<h2 class=\"wp-block-heading has-text-align-center\">Mit szeretn\u00e9l el\u0151sz\u00f6r csin\u00e1lni?<\/h2>\n\n\n\n<div class=\"wp-block-buttons is-content-justification-center is-layout-flex wp-container-core-buttons-layout-1 wp-block-buttons-is-layout-flex\">\n<div class=\"wp-block-button has-custom-width wp-block-button__width-100 is-style-outline\" style=\"text-decoration:none\"><a class=\"wp-block-button__link has-white-color has-vivid-cyan-blue-background-color has-text-color has-background has-link-color has-text-align-left wp-element-button\" href=\"https:\/\/universofamilia.com\/hu\/6873\/vea-como-aumentar-el-espacio-de-almacenamiento-de-su-celular\/\" style=\"border-radius:10px\">N\u00f6veli a mem\u00f3ri\u00e1t \u27a1\ufe0f<\/a><\/div>\n<\/div>\n\n\n\n<div class=\"wp-block-buttons is-content-justification-center is-layout-flex wp-container-core-buttons-layout-2 wp-block-buttons-is-layout-flex\">\n<div class=\"wp-block-button has-custom-width wp-block-button__width-100 is-style-outline\" style=\"text-decoration:none\"><a class=\"wp-block-button__link has-white-color has-vivid-cyan-blue-background-color has-text-color has-background has-link-color has-text-align-left wp-element-button\" href=\"https:\/\/universofamilia.com\/hu\/6877\/tu-celular-tiene-muchos-anuncios-y-virus\/\" style=\"border-radius:10px\">Rekl\u00e1mok \u00e9s v\u00edrusok elt\u00e1vol\u00edt\u00e1sa \u27a1\ufe0f<\/a><\/div>\n<\/div>\n\n\n\n<div class=\"wp-block-buttons is-content-justification-center is-layout-flex wp-container-core-buttons-layout-3 wp-block-buttons-is-layout-flex\">\n<div class=\"wp-block-button has-custom-width wp-block-button__width-100 is-style-outline\" style=\"text-decoration:none\"><a class=\"wp-block-button__link has-white-color has-vivid-cyan-blue-background-color has-text-color has-background has-link-color has-text-align-left wp-element-button\" href=\"https:\/\/universofamilia.com\/hu\/6883\/tu-telefono-esta-lento\/\" style=\"border-radius:10px\">Gyors\u00edtsd fel a telefonomat \u27a1\ufe0f<\/a><\/div>\n<\/div>\n\n\n\n<p class=\"has-text-align-center\"><em><strong>Olvass tov\u00e1bb!<\/strong><\/em><\/p>\n\n\n\n<hr class=\"wp-block-separator has-text-color has-luminous-vivid-orange-color has-alpha-channel-opacity has-luminous-vivid-orange-background-color has-background\" \/>\n\n\n\n<p><\/p>\n\n\n\n<p>Ma a valaha kiadott legjobb telefontiszt\u00edt\u00f3 alkalmaz\u00e1sr\u00f3l fogunk besz\u00e9lni, \u00e9s arr\u00f3l, hogyan alak\u00edthatja \u00e1t az eszk\u00f6z teljes\u00edtm\u00e9ny\u00e9t.<\/p>\n\n\n\n<p>A mobiltelefonok, ak\u00e1rcsak a sz\u00e1m\u00edt\u00f3g\u00e9pek, id\u0151vel rengeteg felesleges f\u00e1jlt halmoznak fel, ami befoly\u00e1solhatja az oper\u00e1ci\u00f3s rendszer teljes\u00edtm\u00e9ny\u00e9t.<\/p>\n\n\n\n<p>Ki ne \u00e9rezte volna m\u00e1r azt a frusztr\u00e1ci\u00f3t, hogy a telefonja a legrosszabb pillanatban lefagy?<\/p>\n\n\n\n<p>R\u00e1ad\u00e1sul ezek a felesleges f\u00e1jlok t\u00e1rhelyet, s\u0151t akkumul\u00e1tor-\u00fczemid\u0151t is fogyasztanak.<\/p>\n\n\n\n<p>De a megfelel\u0151 alkalmaz\u00e1ssal jav\u00edthat\u00f3 az oper\u00e1ci\u00f3s rendszer sebess\u00e9ge, takar\u00edthat\u00f3 meg az akkumul\u00e1tor \u00e9lettartama \u00e9s felszabad\u00edthat\u00f3 a bels\u0151 t\u00e1rhely.<\/p>\n\n\n\n<h2 class=\"wp-block-heading\">A mobiltelefon-tiszt\u00edt\u00f3 alkalmaz\u00e1sok el\u0151nyei<\/h2>\n\n\n\n<p>Egy mobiltelefon-tiszt\u00edt\u00f3 alkalmaz\u00e1s lehet a legjobb sz\u00f6vets\u00e9gesed, ha az eszk\u00f6z teljes\u00edtm\u00e9ny\u00e9nek optimaliz\u00e1l\u00e1s\u00e1r\u00f3l van sz\u00f3.<\/p>\n\n\n\n<p>N\u00e9zz\u00fck meg a f\u0151bb el\u0151nyeiket, amelyeket k\u00edn\u00e1lnak:<\/p>\n\n\n\n<ol class=\"wp-block-list\">\n<li><strong>Teljes\u00edtm\u00e9nyjav\u00edt\u00e1s<\/strong><br>Az ideiglenes f\u00e1jlok \u00e9s a gyors\u00edt\u00f3t\u00e1r t\u00f6rl\u00e9s\u00e9vel az alkalmaz\u00e1s cs\u00f6kkenti a telefon mem\u00f3ri\u00e1j\u00e1nak terhel\u00e9s\u00e9t, ami gyorsabb \u00e9s sim\u00e1bb \u00e9lm\u00e9nyt eredm\u00e9nyez. <\/li>\n\n\n\n<li><strong>Akkumul\u00e1tor- \u00e9s helytakar\u00e9koss\u00e1g<\/strong><br>A felesleges f\u00e1jlok t\u00f6rl\u00e9se mellett egy j\u00f3 tiszt\u00edt\u00f3alkalmaz\u00e1s letiltja az akkumul\u00e1tort lemer\u00edt\u0151 folyamatokat is, meghosszabb\u00edtva ezzel a k\u00e9sz\u00fcl\u00e9k \u00e9lettartam\u00e1t an\u00e9lk\u00fcl, hogy folyamatosan t\u00f6lt\u0151t kellene keresg\u00e9lned.<\/li>\n<\/ol>\n\n\n\n<p><em><strong>Jegyzet<\/strong>Politikai \u00e9s kereskedelmi okokb\u00f3l az \u00e1ltalunk aj\u00e1nlott alkalmaz\u00e1st megsz\u00fcntett\u00e9k \u00e9s elt\u00e1vol\u00edtott\u00e1k az Egyes\u00fclt \u00c1llamokbeli alkalmaz\u00e1sboltokb\u00f3l. Ez\u00e9rt a cikkben tal\u00e1lhat\u00f3 linkek k\u00f6zvetlen\u00fcl a Kaspersky hivatalos webhely\u00e9re mutatnak.<\/em><\/p>\n\n\n\n<p><\/p>\n\n\n\n<hr class=\"wp-block-separator has-text-color has-luminous-vivid-orange-color has-alpha-channel-opacity has-luminous-vivid-orange-background-color has-background\" \/>\n\n\n\n<h2 class=\"wp-block-heading\">Olvasd el m\u00e9g:<\/h2>\n\n\n\n<ul class=\"wp-block-list\">\n<li class=\"has-medium-font-size\"><a href=\"https:\/\/universofamilia.com\/hu\/6898\/leer-la-biblia-catolica-en-tu-celular\/\"><font style=\"vertical-align: inherit\"><font style=\"vertical-align: inherit\">\ud83d\udccc Olvasd a katolikus Bibli\u00e1t a mobiltelefonodon<\/font><\/font> &gt;<\/a><\/li>\n\n\n\n<li class=\"has-medium-font-size\"><a href=\"https:\/\/universofamilia.com\/hu\/6855\/grabar-llamadas-recibidas\/\">\ud83d\udccc Bej\u00f6v\u0151 h\u00edv\u00e1sok r\u00f6gz\u00edt\u00e9se &gt;<\/a><\/li>\n\n\n\n<li class=\"has-medium-font-size\"><a href=\"https:\/\/universofamilia.com\/hu\/6832\/aplicacion-para-bailar-zumba\/\">\ud83d\udccc Zumba T\u00e1nc Alkalmaz\u00e1s &gt;<\/a><\/li>\n<\/ul>\n\n\n\n<hr class=\"wp-block-separator has-text-color has-luminous-vivid-orange-color has-alpha-channel-opacity has-luminous-vivid-orange-background-color has-background\" \/>\n\n\n\n<p><\/p>\n\n\n\n<h2 class=\"wp-block-heading\">A mobiltelefon-tiszt\u00edt\u00f3 alkalmaz\u00e1sok jellemz\u0151i<\/h2>\n\n\n\n<p>Amikor egy hat\u00e9kony alkalmaz\u00e1sr\u00f3l besz\u00e9l\u00fcnk, annak praktikus \u00e9s intuit\u00edv funkci\u00f3kkal kell rendelkeznie, amelyek egyszer\u0171 \u00e9s hat\u00e9kony \u00e9lm\u00e9nyt ny\u00fajtanak a felhaszn\u00e1l\u00f3nak.<\/p>\n\n\n\n<p>\u00cdme n\u00e9h\u00e1ny jellemz\u0151, ami a k\u00fcl\u00f6nbs\u00e9get jelenti:<\/p>\n\n\n\n<ul class=\"wp-block-list\">\n<li><strong>Intuit\u00edv kezel\u0151fel\u00fclet<\/strong><br>Senki sem akar bonyolult alkalmaz\u00e1sokat haszn\u00e1lni. A j\u00f3 kezel\u0151fel\u00fclet, vil\u00e1gos \u00e9s k\u00f6nnyen \u00e9rthet\u0151 utas\u00edt\u00e1sokkal kulcsfontoss\u00e1g\u00fa. V\u00e9g\u00fcl is ki ne hagyta volna abba egy alkalmaz\u00e1s haszn\u00e1lat\u00e1t csak az\u00e9rt, mert neh\u00e9z volt meg\u00e9rteni?<\/li>\n\n\n\n<li><strong>M\u00e9lyrehat\u00f3 ellen\u0151rz\u00e9s<\/strong><br>Egy min\u0151s\u00e9gi alkalmaz\u00e1s t\u00f6bbet tesz, mint puszt\u00e1n a gyors\u00edt\u00f3t\u00e1r \u00fcr\u00edt\u00e9se. Alapos vizsg\u00e1latot v\u00e9gez, azonos\u00edtva a rejtett f\u00e1jlokat \u00e9s alkalmaz\u00e1sokat, amelyekre nem is eml\u00e9kezt\u00e9l, de sok helyet foglalnak.<\/li>\n\n\n\n<li><strong>Testreszabhat\u00f3 be\u00e1ll\u00edt\u00e1sok \u00e9s r\u00e9szletes jelent\u00e9sek<\/strong><br>Egy m\u00e1sik fontos funkci\u00f3 az elt\u00e1vol\u00edtand\u00f3 \u00e9s megtartand\u00f3 elemek testreszab\u00e1s\u00e1nak lehet\u0151s\u00e9ge. Ezenk\u00edv\u00fcl a r\u00e9szletes jelent\u00e9sek seg\u00edtenek meg\u00e9rteni, hogy mi foglal helyet, \u00e9s mely folyamatok fogyasztj\u00e1k a legt\u00f6bb energi\u00e1t.<\/li>\n<\/ul>\n\n\n<div class=\"wp-block-image\">\n<figure class=\"aligncenter size-full\"><img loading=\"lazy\" decoding=\"async\" width=\"550\" height=\"350\" src=\"http:\/\/universofamilia.com\/wp-content\/uploads\/sites\/148\/2024\/10\/DESTAQUE-UNIVERSO-550-x-350-21.jpg\" alt=\"\" class=\"wp-image-6911\" srcset=\"https:\/\/universofamilia.com\/wp-content\/uploads\/sites\/148\/2024\/10\/DESTAQUE-UNIVERSO-550-x-350-21.jpg 550w, https:\/\/universofamilia.com\/wp-content\/uploads\/sites\/148\/2024\/10\/DESTAQUE-UNIVERSO-550-x-350-21-300x191.jpg 300w\" sizes=\"(max-width: 550px) 100vw, 550px\" \/><figcaption class=\"wp-element-caption\">A valaha megjelent legjobb mobiltelefon-tiszt\u00edt\u00f3 alkalmaz\u00e1s<\/figcaption><\/figure><\/div>\n\n\n<h2 class=\"wp-block-heading\">A mobiltelefon-tiszt\u00edt\u00f3 alkalmaz\u00e1sok el\u0151nyei<\/h2>\n\n\n\n<p>Mi\u00e9rt \u00e9rdemes takar\u00edt\u00f3alkalmaz\u00e1st haszn\u00e1lni a k\u00e9zi takar\u00edt\u00e1s helyett?<\/p>\n\n\n\n<p>\u00cdme n\u00e9h\u00e1ny el\u0151ny:<\/p>\n\n\n\n<ul class=\"wp-block-list\">\n<li><strong>K\u00f6nny\u0171 haszn\u00e1lat \u00e9s id\u0151megtakar\u00edt\u00e1s<\/strong><br>Egy j\u00f3 takar\u00edt\u00f3alkalmaz\u00e1s percek alatt t\u00f6bb feladatot is elv\u00e9gezhet, megk\u00edm\u00e9lve \u00d6nt a nem k\u00edv\u00e1nt f\u00e1jlok manu\u00e1lis keres\u00e9s\u00e9nek kellemetlens\u00e9geit\u0151l. K\u00e9nyelmet biztos\u00edt, ami elengedhetetlen a rohan\u00f3 mindennapjainkban.<\/li>\n\n\n\n<li><strong>Azonnali javul\u00e1s<\/strong><br>Sok felhaszn\u00e1l\u00f3 sz\u00e1molt be arr\u00f3l, hogy az els\u0151 t\u00f6rl\u00e9s ut\u00e1n a telefonjuk olyan, mintha \u00faj felhaszn\u00e1l\u00f3 lett volna. Az \u00e9rint\u00e9si reakci\u00f3id\u0151 javul, az alkalmaz\u00e1sok gyorsabban ny\u00edlnak meg, \u00e9s a rendszer sim\u00e1bban fut.<\/li>\n\n\n\n<li><strong>Hosszabb akkumul\u00e1tor-\u00fczemid\u0151<\/strong><br>A takar\u00edt\u00f3alkalmaz\u00e1sok seg\u00edtenek a nagy energiaig\u00e9ny\u0171 h\u00e1tt\u00e9rfolyamatok, p\u00e9ld\u00e1ul a felesleges \u00e9rtes\u00edt\u00e9sek \u00e9s az olyan alkalmaz\u00e1sok szab\u00e1lyoz\u00e1s\u00e1ban, amelyek akkor is futnak, ha nem haszn\u00e1lod \u0151ket.<\/li>\n\n\n\n<li><strong>Adatv\u00e9delem<\/strong><br>Tov\u00e1bbi el\u0151ny, hogy ezek az alkalmaz\u00e1sok t\u00f6r\u00f6lhetik a gyors\u00edt\u00f3t\u00e1rban vagy a b\u00f6ng\u00e9sz\u00e9si el\u0151zm\u00e9nyekben t\u00e1rolt szem\u00e9lyes adatokat, \u00edgy v\u00e9dve adatait a potenci\u00e1lis hackerekt\u0151l.<\/li>\n\n\n\n<li><strong>Alkalmaz\u00e1skezel\u00e9s<\/strong><br>Az alkalmaz\u00e1s seg\u00edt azonos\u00edtani a m\u00e1r nem haszn\u00e1lt alkalmaz\u00e1sokat, \u00e9s elt\u00e1vol\u00edthat\u00f3k, \u00edgy m\u00e9g t\u00f6bb helyet szabad\u00edthat fel.<\/li>\n<\/ul>\n\n\n\n<h2 class=\"wp-block-heading\">A mobiltelefon-tiszt\u00edt\u00f3 alkalmaz\u00e1sok h\u00e1tr\u00e1nyai<\/h2>\n\n\n\n<p>B\u00e1r a takar\u00edt\u00f3alkalmaz\u00e1soknak sz\u00e1mos pozit\u00edvuma van, vannak h\u00e1tr\u00e1nyai is, amelyeket figyelembe kell venni:<\/p>\n\n\n\n<ul class=\"wp-block-list\">\n<li><strong>Er\u0151forr\u00e1s-felhaszn\u00e1l\u00e1s<\/strong><br>Egyes alkalmaz\u00e1sok sok mem\u00f3ri\u00e1t \u00e9s akkumul\u00e1tort fogyaszthatnak tiszt\u00edt\u00e1s k\u00f6zben, ami bosszant\u00f3 lehet, ha a telefon m\u00e1r eleve vesz\u00e9lyben van.<\/li>\n\n\n\n<li><strong>T\u00falzott rekl\u00e1m<\/strong><br>Sok ingyenes alkalmaz\u00e1s t\u00fal sok hirdet\u00e9ssel \u00e9rkezik, ami bosszant\u00f3 lehet. \u00c9rdemes megfontolni egy fizet\u0151s verzi\u00f3t a probl\u00e9ma kik\u00fcsz\u00f6b\u00f6l\u00e9s\u00e9re.<\/li>\n\n\n\n<li><strong>A v\u00e9letlen t\u00f6rl\u00e9s kock\u00e1zata<\/strong><br>Mindig fenn\u00e1ll a fontos f\u00e1jlok v\u00e9letlen t\u00f6rl\u00e9s\u00e9nek vesz\u00e9lye, k\u00fcl\u00f6n\u00f6sen, ha az alkalmaz\u00e1s nem biztos\u00edt \u00e1ttekinthet\u0151 fel\u00fcletet.<\/li>\n<\/ul>\n\n\n\n<h2 class=\"wp-block-heading\">Mit mondanak a felhaszn\u00e1l\u00f3k?<\/h2>\n\n\n\n<p>Sok felhaszn\u00e1l\u00f3 el\u00e9gedett a tiszt\u00edt\u00f3alkalmaz\u00e1s teljes\u00edtm\u00e9ny\u00e9vel.<\/p>\n\n\n\n<p>\u00cdme n\u00e9h\u00e1ny \u00e9rt\u00e9kel\u00e9s, amit az alkalmaz\u00e1sboltokban tal\u00e1ltunk:<\/p>\n\n\n\n<ol class=\"wp-block-list\">\n<li><strong>Ana C.<\/strong> (Google Play) \u2013 \u201eA telefonom nagyon lass\u00fa volt, \u00e9s m\u00e1r azon gondolkodtam, hogy lecser\u00e9lem. Az alkalmaz\u00e1s telep\u00edt\u00e9se ut\u00e1n \u00fajra olyan j\u00f3 volt, mint \u00fajkor\u00e1ban! Mindenkinek aj\u00e1nlom, aki hasonl\u00f3 probl\u00e9m\u00e1val k\u00fczd.\u201d<\/li>\n\n\n\n<li><strong>Carlos M.<\/strong> (Apple Store) \u2013 \u201eLeny\u0171g\u00f6z\u00f6tt a takar\u00edt\u00e1s sebess\u00e9ge \u00e9s az alkalmaz\u00e1s \u00e1ltal k\u00edn\u00e1lt r\u00e9szletes jelent\u00e9sek. Nagyon k\u00f6nnyen haszn\u00e1lhat\u00f3!\u201d<\/li>\n\n\n\n<li><strong>Fernanda R.<\/strong> (Google Play) \u2013 \u201eSok helyet takar\u00edtott meg a telefonomon, \u00e9s azt is \u00e9szrevettem, hogy az akkumul\u00e1tor tov\u00e1bb b\u00edrja. Nagyszer\u0171 alkalmaz\u00e1s!\u201d<\/li>\n<\/ol>\n\n\n\n<h2 class=\"wp-block-heading\">K\u00f6vetkeztet\u00e9s<\/h2>\n\n\n\n<p>Ha gyors \u00e9s hat\u00e9kony megold\u00e1st keresel a telefonod teljes\u00edtm\u00e9ny\u00e9nek jav\u00edt\u00e1s\u00e1ra, egy tiszt\u00edt\u00f3alkalmaz\u00e1s lehet a megold\u00e1s.<\/p>\n\n\n\n<p>Intuit\u00edv kezel\u0151fel\u00fclet\u00e9vel, alapos ellen\u0151rz\u00e9s\u00e9vel \u00e9s testreszabhat\u00f3 lehet\u0151s\u00e9geivel az \u00e1ltalunk aj\u00e1nlott alkalmaz\u00e1s hat\u00e9kony eszk\u00f6z a hely felszabad\u00edt\u00e1s\u00e1ra \u00e9s az eszk\u00f6z \u00e9lettartam\u00e1nak n\u00f6vel\u00e9s\u00e9re.<\/p>\n\n\n\n<p>Ne feledd, b\u00e1r egyes r\u00e9gi\u00f3kban m\u00e1r nem kaphat\u00f3, k\u00f6zvetlen\u00fcl a Kaspersky hivatalos weboldal\u00e1r\u00f3l let\u00f6ltheted, \u00edgy biztos lehetsz benne, hogy a telefonod a lehet\u0151 legjobban fog m\u0171k\u00f6dni.<\/p>\n\n\n\n<h3 class=\"wp-block-heading\"><strong>T\u00f6ltsd le az alkalmaz\u00e1sokat itt:<\/strong><\/h3>\n\n\n\n<p><strong>Kaspersky \u2013 <a href=\"https:\/\/www.kaspersky.com.br\/downloads\">Android<\/a><\/strong> \/<strong> <a href=\"https:\/\/www.kaspersky.com.br\/downloads\">iOS<\/a><\/strong><\/p>\n\n\n\n<p>\u00c9s te, haszn\u00e1lt\u00e1l m\u00e1r valaha mobiltelefon-tiszt\u00edt\u00f3 alkalmaz\u00e1st?<\/p>\n\n\n\n<p>Oszd meg tapasztalataidat a hozz\u00e1sz\u00f3l\u00e1sokban, \u00e9s ne felejtsd el megosztani ezt a cikket a bar\u00e1taiddal, akiknek szint\u00e9n megold\u00e1sra van sz\u00fcks\u00e9g\u00fck okostelefonjuk teljes\u00edtm\u00e9ny\u00e9nek jav\u00edt\u00e1s\u00e1ra.<\/p>\n\n\n\n<hr class=\"wp-block-separator has-alpha-channel-opacity\" \/>\n\n\n\n<h3 class=\"wp-block-heading\">Gyakran Ism\u00e9telt K\u00e9rd\u00e9sek (GYIK)<\/h3>\n\n\n\n<p><strong>1. Hogyan m\u0171k\u00f6dik egy mobiltelefon-tiszt\u00edt\u00f3 alkalmaz\u00e1s?<\/strong><br>A tiszt\u00edt\u00f3alkalmaz\u00e1sok \u00e1tvizsg\u00e1lj\u00e1k a telefont ideiglenes f\u00e1jlok, gyors\u00edt\u00f3t\u00e1r \u00e9s egy\u00e9b felesleges elemek ut\u00e1n, amelyek helyet foglalnak \u00e9s lass\u00edtj\u00e1k a teljes\u00edtm\u00e9nyt. Ezek elt\u00e1vol\u00edt\u00e1s\u00e1val az eszk\u00f6z hat\u00e9konyabban m\u0171k\u00f6dhet.<\/p>\n\n\n\n<p><strong>2. Val\u00f3ban jav\u00edtj\u00e1k a telefontiszt\u00edt\u00f3 alkalmaz\u00e1sok a teljes\u00edtm\u00e9nyt?<\/strong><br>Igen, a felesleges f\u00e1jlok elt\u00e1vol\u00edt\u00e1s\u00e1val \u00e9s a mem\u00f3riahaszn\u00e1lat optimaliz\u00e1l\u00e1s\u00e1val az alkalmaz\u00e1sok tiszt\u00edt\u00e1sa jelent\u0151sen jav\u00edthatja a telefon sebess\u00e9g\u00e9t \u00e9s \u00e1ltal\u00e1nos teljes\u00edtm\u00e9ny\u00e9t.<\/p>\n\n\n\n<p><strong>3. Biztons\u00e1gos tiszt\u00edt\u00f3alkalmaz\u00e1st haszn\u00e1lni a telefonomon?<\/strong><br>A legt\u00f6bb takar\u00edt\u00f3alkalmaz\u00e1s biztons\u00e1gos, de fontos, hogy megb\u00edzhat\u00f3 forr\u00e1sokb\u00f3l, p\u00e9ld\u00e1ul a Google Play \u00c1ruh\u00e1zb\u00f3l vagy az Apple Store-b\u00f3l t\u00f6ltsd le az alkalmaz\u00e1sokat. Telep\u00edt\u00e9s el\u0151tt olvasd el a v\u00e9lem\u00e9nyeket \u00e9s ellen\u0151rizd az \u00e9rt\u00e9kel\u00e9seket.<\/p>\n\n\n\n<p><strong>4. T\u00f6r\u00f6lhetnek a tiszt\u00edt\u00f3alkalmaz\u00e1sok fontos f\u00e1jlokat?<\/strong><br>B\u00e1r ritka, de el\u0151fordulhat. \u00c9rdemes \u00e1ttekinteni a be\u00e1ll\u00edt\u00e1sokat, \u00e9s kiz\u00e1rni a fontos f\u00e1jlokat az automatikus tiszt\u00edt\u00e1sb\u00f3l, hogy elker\u00fclj\u00fck a v\u00e9letlen t\u00f6rl\u00e9st.<\/p>\n\n\n\n<p><strong>5. Mit tegyek, ha a takar\u00edt\u00f3alkalmaz\u00e1som t\u00fal sok hirdet\u00e9st jelen\u00edt meg?<\/strong><br>Ha a hirdet\u00e9sek zavar\u00f3ak, v\u00e1laszthatja az alkalmaz\u00e1s fizet\u0151s verzi\u00f3j\u00e1t, vagy kereshet egy m\u00e1sikat, amely kev\u00e9sb\u00e9 tolakod\u00f3 hirdet\u00e9seket tartalmaz.<\/p>\n\n\n\n<p><strong>6. Mi\u00e9rt sz\u0171nt meg a legjobbnak eml\u00edtett alkalmaz\u00e1s?<\/strong><br>Politikai \u00e9s kereskedelmi okokb\u00f3l az alkalmaz\u00e1st elt\u00e1vol\u00edtott\u00e1k az Egyes\u00fclt \u00c1llamokbeli alkalmaz\u00e1sboltokb\u00f3l, de a hivatalos weboldal\u00e1n, konkr\u00e9tan a Kasperskyn kereszt\u00fcl tov\u00e1bbra is el\u00e9rhet\u0151.<\/p>","protected":false},"excerpt":{"rendered":"<p>Si sientes que tu celular est\u00e1 m\u00e1s lento, que la bater\u00eda se agota m\u00e1s r\u00e1pido y que el espacio de almacenamiento parece insuficiente, no te preocupes, no est\u00e1s solo. Afortunadamente, la soluci\u00f3n puede ser m\u00e1s sencilla de lo que parece: una buena aplicaci\u00f3n de limpieza puede resolver estos problemas r\u00e1pidamente. \u00bfQu\u00e9 te gustar\u00eda hacer Primero? [&hellip;]<\/p>","protected":false},"author":219,"featured_media":6911,"comment_status":"closed","ping_status":"open","sticky":false,"template":"","format":"standard","meta":{"footnotes":""},"categories":[2],"tags":[55,193,767,1025,1072,1261],"yoast_head":"<!-- This site is optimized with the Yoast SEO plugin v23.3 - https:\/\/yoast.com\/wordpress\/plugins\/seo\/ -->\n<title>El mejor aplicativo para limpieza de celular jam\u00e1s lanzado - Universo Fam\u00edlia<\/title>\n<meta name=\"description\" content=\"El mejor aplicativo para limpieza de celular jam\u00e1s lanzado. Si sientes que tu celular est\u00e1 m\u00e1s lento, que la bater\u00eda se agota m\u00e1s r\u00e1pido y...\" \/>\n<meta name=\"robots\" content=\"index, follow, max-snippet:-1, max-image-preview:large, max-video-preview:-1\" \/>\n<link rel=\"canonical\" href=\"https:\/\/universofamilia.com\/hu\/el-mejor-aplicativo-limpieza-celular-jamas-lanzado\/\" \/>\n<meta property=\"og:locale\" content=\"hu_HU\" \/>\n<meta property=\"og:type\" content=\"article\" \/>\n<meta property=\"og:title\" content=\"El mejor aplicativo para limpieza de celular jam\u00e1s lanzado - Universo Fam\u00edlia\" \/>\n<meta property=\"og:description\" content=\"El mejor aplicativo para limpieza de celular jam\u00e1s lanzado. Si sientes que tu celular est\u00e1 m\u00e1s lento, que la bater\u00eda se agota m\u00e1s r\u00e1pido y...\" \/>\n<meta property=\"og:url\" content=\"https:\/\/universofamilia.com\/hu\/el-mejor-aplicativo-limpieza-celular-jamas-lanzado\/\" \/>\n<meta property=\"og:site_name\" content=\"Universo Fam\u00edlia\" \/>\n<meta property=\"article:published_time\" content=\"2024-10-16T17:16:00+00:00\" \/>\n<meta property=\"article:modified_time\" content=\"2025-10-12T22:35:04+00:00\" \/>\n<meta property=\"og:image\" content=\"https:\/\/universofamilia.com\/wp-content\/uploads\/sites\/148\/2024\/10\/DESTAQUE-UNIVERSO-550-x-350-21.jpg\" \/>\n\t<meta property=\"og:image:width\" content=\"550\" \/>\n\t<meta property=\"og:image:height\" content=\"350\" \/>\n\t<meta property=\"og:image:type\" content=\"image\/jpeg\" \/>\n<meta name=\"author\" content=\"Matheus Sangaletti\" \/>\n<meta name=\"twitter:card\" content=\"summary_large_image\" \/>\n<meta name=\"twitter:label1\" content=\"Written by\" \/>\n\t<meta name=\"twitter:data1\" content=\"Matheus Sangaletti\" \/>\n\t<meta name=\"twitter:label2\" content=\"Est. reading time\" \/>\n\t<meta name=\"twitter:data2\" content=\"8 perc\" \/>\n<script type=\"application\/ld+json\" class=\"yoast-schema-graph\">{\"@context\":\"https:\/\/schema.org\",\"@graph\":[{\"@type\":\"WebPage\",\"@id\":\"https:\/\/universofamilia.com\/pl\/el-mejor-aplicativo-limpieza-celular-jamas-lanzado\/\",\"url\":\"https:\/\/universofamilia.com\/pl\/el-mejor-aplicativo-limpieza-celular-jamas-lanzado\/\",\"name\":\"El mejor aplicativo para limpieza de celular jam\u00e1s lanzado - Universo Fam\u00edlia\",\"isPartOf\":{\"@id\":\"https:\/\/universofamilia.com\/el\/#website\"},\"primaryImageOfPage\":{\"@id\":\"https:\/\/universofamilia.com\/pl\/el-mejor-aplicativo-limpieza-celular-jamas-lanzado\/#primaryimage\"},\"image\":{\"@id\":\"https:\/\/universofamilia.com\/pl\/el-mejor-aplicativo-limpieza-celular-jamas-lanzado\/#primaryimage\"},\"thumbnailUrl\":\"https:\/\/universofamilia.com\/wp-content\/uploads\/sites\/148\/2024\/10\/DESTAQUE-UNIVERSO-550-x-350-21.jpg\",\"datePublished\":\"2024-10-16T17:16:00+00:00\",\"dateModified\":\"2025-10-12T22:35:04+00:00\",\"author\":{\"@id\":\"https:\/\/universofamilia.com\/el\/#\/schema\/person\/92fcd07e9b1f4323bf74f3170fc0f78a\"},\"description\":\"El mejor aplicativo para limpieza de celular jam\u00e1s lanzado. Si sientes que tu celular est\u00e1 m\u00e1s lento, que la bater\u00eda se agota m\u00e1s r\u00e1pido y...\",\"breadcrumb\":{\"@id\":\"https:\/\/universofamilia.com\/pl\/el-mejor-aplicativo-limpieza-celular-jamas-lanzado\/#breadcrumb\"},\"inLanguage\":\"hu\",\"potentialAction\":[{\"@type\":\"ReadAction\",\"target\":[\"https:\/\/universofamilia.com\/pl\/el-mejor-aplicativo-limpieza-celular-jamas-lanzado\/\"]}]},{\"@type\":\"ImageObject\",\"inLanguage\":\"hu\",\"@id\":\"https:\/\/universofamilia.com\/pl\/el-mejor-aplicativo-limpieza-celular-jamas-lanzado\/#primaryimage\",\"url\":\"https:\/\/universofamilia.com\/wp-content\/uploads\/sites\/148\/2024\/10\/DESTAQUE-UNIVERSO-550-x-350-21.jpg\",\"contentUrl\":\"https:\/\/universofamilia.com\/wp-content\/uploads\/sites\/148\/2024\/10\/DESTAQUE-UNIVERSO-550-x-350-21.jpg\",\"width\":550,\"height\":350,\"caption\":\"El mejor aplicativo para limpieza de celular jam\u00e1s lanzado\"},{\"@type\":\"BreadcrumbList\",\"@id\":\"https:\/\/universofamilia.com\/pl\/el-mejor-aplicativo-limpieza-celular-jamas-lanzado\/#breadcrumb\",\"itemListElement\":[{\"@type\":\"ListItem\",\"position\":1,\"name\":\"Home\",\"item\":\"https:\/\/universofamilia.com\/el\/\"},{\"@type\":\"ListItem\",\"position\":2,\"name\":\"El mejor aplicativo para limpieza de celular jam\u00e1s lanzado\"}]},{\"@type\":\"WebSite\",\"@id\":\"https:\/\/universofamilia.com\/el\/#website\",\"url\":\"https:\/\/universofamilia.com\/el\/\",\"name\":\"Universo Fam\u00edlia\",\"description\":\"\",\"potentialAction\":[{\"@type\":\"SearchAction\",\"target\":{\"@type\":\"EntryPoint\",\"urlTemplate\":\"https:\/\/universofamilia.com\/el\/?s={search_term_string}\"},\"query-input\":\"required name=search_term_string\"}],\"inLanguage\":\"hu\"},{\"@type\":\"Person\",\"@id\":\"https:\/\/universofamilia.com\/el\/#\/schema\/person\/92fcd07e9b1f4323bf74f3170fc0f78a\",\"name\":\"Matheus Sangaletti\",\"image\":{\"@type\":\"ImageObject\",\"inLanguage\":\"hu\",\"@id\":\"https:\/\/universofamilia.com\/el\/#\/schema\/person\/image\/\",\"url\":\"https:\/\/secure.gravatar.com\/avatar\/280ea957a14a48e6a1ad2133d2cc27c9?s=96&d=mm&r=g\",\"contentUrl\":\"https:\/\/secure.gravatar.com\/avatar\/280ea957a14a48e6a1ad2133d2cc27c9?s=96&d=mm&r=g\",\"caption\":\"Matheus Sangaletti\"},\"url\":\"https:\/\/universofamilia.com\/hu\/author\/matheuss\/\"}]}<\/script>\n<!-- \/ Yoast SEO plugin. -->","yoast_head_json":{"title":"El mejor aplicativo para limpieza de celular jam\u00e1s lanzado - Universo Fam\u00edlia","description":"El mejor aplicativo para limpieza de celular jam\u00e1s lanzado. Si sientes que tu celular est\u00e1 m\u00e1s lento, que la bater\u00eda se agota m\u00e1s r\u00e1pido y...","robots":{"index":"index","follow":"follow","max-snippet":"max-snippet:-1","max-image-preview":"max-image-preview:large","max-video-preview":"max-video-preview:-1"},"canonical":"https:\/\/universofamilia.com\/hu\/el-mejor-aplicativo-limpieza-celular-jamas-lanzado\/","og_locale":"hu_HU","og_type":"article","og_title":"El mejor aplicativo para limpieza de celular jam\u00e1s lanzado - Universo Fam\u00edlia","og_description":"El mejor aplicativo para limpieza de celular jam\u00e1s lanzado. Si sientes que tu celular est\u00e1 m\u00e1s lento, que la bater\u00eda se agota m\u00e1s r\u00e1pido y...","og_url":"https:\/\/universofamilia.com\/hu\/el-mejor-aplicativo-limpieza-celular-jamas-lanzado\/","og_site_name":"Universo Fam\u00edlia","article_published_time":"2024-10-16T17:16:00+00:00","article_modified_time":"2025-10-12T22:35:04+00:00","og_image":[{"width":550,"height":350,"url":"https:\/\/universofamilia.com\/wp-content\/uploads\/sites\/148\/2024\/10\/DESTAQUE-UNIVERSO-550-x-350-21.jpg","type":"image\/jpeg"}],"author":"Matheus Sangaletti","twitter_card":"summary_large_image","twitter_misc":{"Written by":"Matheus Sangaletti","Est. reading time":"8 perc"},"schema":{"@context":"https:\/\/schema.org","@graph":[{"@type":"WebPage","@id":"https:\/\/universofamilia.com\/pl\/el-mejor-aplicativo-limpieza-celular-jamas-lanzado\/","url":"https:\/\/universofamilia.com\/pl\/el-mejor-aplicativo-limpieza-celular-jamas-lanzado\/","name":"El mejor aplicativo para limpieza de celular jam\u00e1s lanzado - Universo Fam\u00edlia","isPartOf":{"@id":"https:\/\/universofamilia.com\/el\/#website"},"primaryImageOfPage":{"@id":"https:\/\/universofamilia.com\/pl\/el-mejor-aplicativo-limpieza-celular-jamas-lanzado\/#primaryimage"},"image":{"@id":"https:\/\/universofamilia.com\/pl\/el-mejor-aplicativo-limpieza-celular-jamas-lanzado\/#primaryimage"},"thumbnailUrl":"https:\/\/universofamilia.com\/wp-content\/uploads\/sites\/148\/2024\/10\/DESTAQUE-UNIVERSO-550-x-350-21.jpg","datePublished":"2024-10-16T17:16:00+00:00","dateModified":"2025-10-12T22:35:04+00:00","author":{"@id":"https:\/\/universofamilia.com\/el\/#\/schema\/person\/92fcd07e9b1f4323bf74f3170fc0f78a"},"description":"El mejor aplicativo para limpieza de celular jam\u00e1s lanzado. Si sientes que tu celular est\u00e1 m\u00e1s lento, que la bater\u00eda se agota m\u00e1s r\u00e1pido y...","breadcrumb":{"@id":"https:\/\/universofamilia.com\/pl\/el-mejor-aplicativo-limpieza-celular-jamas-lanzado\/#breadcrumb"},"inLanguage":"hu","potentialAction":[{"@type":"ReadAction","target":["https:\/\/universofamilia.com\/pl\/el-mejor-aplicativo-limpieza-celular-jamas-lanzado\/"]}]},{"@type":"ImageObject","inLanguage":"hu","@id":"https:\/\/universofamilia.com\/pl\/el-mejor-aplicativo-limpieza-celular-jamas-lanzado\/#primaryimage","url":"https:\/\/universofamilia.com\/wp-content\/uploads\/sites\/148\/2024\/10\/DESTAQUE-UNIVERSO-550-x-350-21.jpg","contentUrl":"https:\/\/universofamilia.com\/wp-content\/uploads\/sites\/148\/2024\/10\/DESTAQUE-UNIVERSO-550-x-350-21.jpg","width":550,"height":350,"caption":"El mejor aplicativo para limpieza de celular jam\u00e1s lanzado"},{"@type":"BreadcrumbList","@id":"https:\/\/universofamilia.com\/pl\/el-mejor-aplicativo-limpieza-celular-jamas-lanzado\/#breadcrumb","itemListElement":[{"@type":"ListItem","position":1,"name":"Home","item":"https:\/\/universofamilia.com\/el\/"},{"@type":"ListItem","position":2,"name":"El mejor aplicativo para limpieza de celular jam\u00e1s lanzado"}]},{"@type":"WebSite","@id":"https:\/\/universofamilia.com\/el\/#website","url":"https:\/\/universofamilia.com\/el\/","name":"Universo Fam\u00edlia","description":"","potentialAction":[{"@type":"SearchAction","target":{"@type":"EntryPoint","urlTemplate":"https:\/\/universofamilia.com\/el\/?s={search_term_string}"},"query-input":"required name=search_term_string"}],"inLanguage":"hu"},{"@type":"Person","@id":"https:\/\/universofamilia.com\/el\/#\/schema\/person\/92fcd07e9b1f4323bf74f3170fc0f78a","name":"Matheus Sangaletti","image":{"@type":"ImageObject","inLanguage":"hu","@id":"https:\/\/universofamilia.com\/el\/#\/schema\/person\/image\/","url":"https:\/\/secure.gravatar.com\/avatar\/280ea957a14a48e6a1ad2133d2cc27c9?s=96&d=mm&r=g","contentUrl":"https:\/\/secure.gravatar.com\/avatar\/280ea957a14a48e6a1ad2133d2cc27c9?s=96&d=mm&r=g","caption":"Matheus Sangaletti"},"url":"https:\/\/universofamilia.com\/hu\/author\/matheuss\/"}]}},"_links":{"self":[{"href":"https:\/\/universofamilia.com\/hu\/wp-json\/wp\/v2\/posts\/6908"}],"collection":[{"href":"https:\/\/universofamilia.com\/hu\/wp-json\/wp\/v2\/posts"}],"about":[{"href":"https:\/\/universofamilia.com\/hu\/wp-json\/wp\/v2\/types\/post"}],"author":[{"embeddable":true,"href":"https:\/\/universofamilia.com\/hu\/wp-json\/wp\/v2\/users\/219"}],"replies":[{"embeddable":true,"href":"https:\/\/universofamilia.com\/hu\/wp-json\/wp\/v2\/comments?post=6908"}],"version-history":[{"count":1,"href":"https:\/\/universofamilia.com\/hu\/wp-json\/wp\/v2\/posts\/6908\/revisions"}],"predecessor-version":[{"id":10059,"href":"https:\/\/universofamilia.com\/hu\/wp-json\/wp\/v2\/posts\/6908\/revisions\/10059"}],"wp:featuredmedia":[{"embeddable":true,"href":"https:\/\/universofamilia.com\/hu\/wp-json\/wp\/v2\/media\/6911"}],"wp:attachment":[{"href":"https:\/\/universofamilia.com\/hu\/wp-json\/wp\/v2\/media?parent=6908"}],"wp:term":[{"taxonomy":"category","embeddable":true,"href":"https:\/\/universofamilia.com\/hu\/wp-json\/wp\/v2\/categories?post=6908"},{"taxonomy":"post_tag","embeddable":true,"href":"https:\/\/universofamilia.com\/hu\/wp-json\/wp\/v2\/tags?post=6908"}],"curies":[{"name":"wp","href":"https:\/\/api.w.org\/{rel}","templated":true}]}}