{"id":6916,"date":"2024-10-16T18:39:46","date_gmt":"2024-10-16T21:39:46","guid":{"rendered":"https:\/\/universofamilia.com\/?p=6916"},"modified":"2025-10-13T16:29:21","modified_gmt":"2025-10-13T19:29:21","slug":"aplicacion-permite-pesar-el-ganado-con-el-celular","status":"publish","type":"post","link":"https:\/\/universofamilia.com\/hu\/aplicacion-permite-pesar-el-ganado-con-el-celular\/","title":{"rendered":"Alkalmaz\u00e1s, amely lehet\u0151v\u00e9 teszi a szarvasmarh\u00e1k m\u00e9r\u00e9s\u00e9t a mobiltelefonoddal"},"content":{"rendered":"<p>Az \u00e1llatteny\u00e9szt\u00e9s val\u00f3di technol\u00f3giai forradalmat \u00e9l \u00e1t, \u00e9s ennek nagy k\u00f6ze van a felhaszn\u00e1l\u00e1shoz <strong>az \u00e1llat\u00e1llom\u00e1ny-gazd\u00e1lkod\u00e1st jav\u00edt\u00f3 alkalmaz\u00e1sok<\/strong>.<\/p>\n\n\n\n<p>A ter\u00fcleten az innov\u00e1ci\u00f3 m\u00e1r nem korl\u00e1toz\u00f3dik a g\u00e9pekre \u00e9s traktorokra, hanem sz\u00f3 szerint a termel\u0151k kez\u00e9ben is van!<\/p>\n\n\n\n<p>Erre egy friss p\u00e9lda a k\u00f6vetkez\u0151 haszn\u00e1lata: <strong>Alkalmaz\u00e1sok, amelyek lehet\u0151v\u00e9 teszik a szarvasmarh\u00e1k m\u00e9r\u00e9s\u00e9t a mobiltelefonoddal<\/strong>Igen, j\u00f3l olvastad.<\/p>\n\n\n\n<p>Manaps\u00e1g m\u00e1r egy f\u00e9nyk\u00e9p alapj\u00e1n is meg lehet becs\u00fclni az \u00e1llatok s\u00faly\u00e1t fizikai m\u00e9rleg n\u00e9lk\u00fcl.<\/p>\n\n\n\n<h2 class=\"wp-block-heading\">Az \u00e1llatok m\u00e9rlegel\u00e9s\u00e9nek fontoss\u00e1ga<\/h2>\n\n\n\n<p>A szarvasmarh\u00e1k m\u00e9rlegel\u00e9se mindig is alapvet\u0151 feladat volt az \u00e1llatteny\u00e9szt\u00e9sben.<\/p>\n\n\n\n<p>Az \u00e1llat helyes s\u00faly\u00e1nak ismerete seg\u00edt fontos d\u00f6nt\u00e9seket hozni, p\u00e9ld\u00e1ul az \u00e9rt\u00e9kes\u00edt\u00e9s id\u0151z\u00edt\u00e9s\u00e9ben, a takarm\u00e1ny m\u00f3dos\u00edt\u00e1s\u00e1ban, s\u0151t, ak\u00e1r az \u00e1llom\u00e1ny eg\u00e9szs\u00e9g\u00e9nek ellen\u0151rz\u00e9s\u00e9ben is.<\/p>\n\n\n\n<p>Ez a feladat azonban bonyolult \u00e9s stresszes lehet mind a termel\u0151, mind az \u00e1llatok sz\u00e1m\u00e1ra.<\/p>\n\n\n\n<p><\/p>\n\n\n\n<hr class=\"wp-block-separator has-text-color has-luminous-vivid-orange-color has-alpha-channel-opacity has-luminous-vivid-orange-background-color has-background\" \/>\n\n\n\n<h2 class=\"wp-block-heading\">Olvasd el m\u00e9g:<\/h2>\n\n\n\n<ul class=\"wp-block-list\">\n<li class=\"has-medium-font-size\"><a href=\"https:\/\/universofamilia.com\/hu\/6898\/leer-la-biblia-catolica-en-tu-celular\/\"><font style=\"vertical-align: inherit\"><font style=\"vertical-align: inherit\">\ud83d\udccc Olvasd a katolikus Bibli\u00e1t a mobiltelefonodon<\/font><\/font> &gt;<\/a><\/li>\n\n\n\n<li class=\"has-medium-font-size\"><a href=\"https:\/\/universofamilia.com\/hu\/6855\/grabar-llamadas-recibidas\/\">\ud83d\udccc Bej\u00f6v\u0151 h\u00edv\u00e1sok r\u00f6gz\u00edt\u00e9se &gt;<\/a><\/li>\n\n\n\n<li class=\"has-medium-font-size\"><a href=\"https:\/\/universofamilia.com\/hu\/6832\/aplicacion-para-bailar-zumba\/\">\ud83d\udccc Zumba T\u00e1nc Alkalmaz\u00e1s &gt;<\/a><\/li>\n<\/ul>\n\n\n\n<hr class=\"wp-block-separator has-text-color has-luminous-vivid-orange-color has-alpha-channel-opacity has-luminous-vivid-orange-background-color has-background\" \/>\n\n\n\n<p><\/p>\n\n\n\n<h3 class=\"wp-block-heading\">A m\u00e9rlegel\u00e9s hagyom\u00e1nyos kih\u00edv\u00e1sai<\/h3>\n\n\n\n<p>Az \u00e1llatteny\u00e9szt\u00e9sben dolgoz\u00f3k tudj\u00e1k, hogy a szarvasmarh\u00e1k m\u00e9rlegel\u00e9se gyakran id\u0151t, fizikai er\u0151fesz\u00edt\u00e9st \u00e9s k\u00f6lts\u00e9ges er\u0151forr\u00e1sokat ig\u00e9nyel.<\/p>\n\n\n\n<p>Ezenk\u00edv\u00fcl az \u00e1llatok g\u00e9pi m\u00e9rlegre sz\u00e1ll\u00edt\u00e1sa stresszt okozhat, ami k\u00f6zvetlen\u00fcl befoly\u00e1solja a termel\u00e9kenys\u00e9get.<\/p>\n\n\n\n<p>Ezek a kih\u00edv\u00e1sok arra k\u00e9sztetik sok termel\u0151t, hogy ne m\u00e9rlegelj\u00e9k \u00e1llataikat olyan gyakran, mint kellene, ami rontja a gazdas\u00e1gok hat\u00e9konys\u00e1g\u00e1t.<\/p>\n\n\n\n<h3 class=\"wp-block-heading\">A technol\u00f3giai megold\u00e1s: T\u00f6megm\u00e9r\u00e9ses alkalmaz\u00e1sok<\/h3>\n\n\n\n<p>Most k\u00e9pzeld el, hogy k\u00e9pes vagy r\u00e1 <strong>M\u00e9rje meg csord\u00e1j\u00e1t egyszer\u0171en egy mobiltelefonnal<\/strong>, m\u00e9rleg vagy dr\u00e1ga felszerel\u00e9s n\u00e9lk\u00fcl.<\/p>\n\n\n\n<p>Ez a k\u00f6vetkez\u0151nek k\u00f6sz\u00f6nhet\u0151en lehets\u00e9ges: <strong>innovat\u00edv alkalmaz\u00e1sok, amelyek fejlett technol\u00f3gi\u00e1t haszn\u00e1lnak<\/strong> mint p\u00e9ld\u00e1ul a fotogrammetria \u00e9s a mesters\u00e9ges intelligencia.<\/p>\n\n\n\n<p>Ezeket az alkalmaz\u00e1sokat az \u00e1llatteny\u00e9szt\u0151k mindennapi \u00e9let\u00e9nek egyszer\u0171s\u00edt\u00e9s\u00e9re fejlesztett\u00e9k ki, praktikus \u00e9s alacsony k\u00f6lts\u00e9g\u0171 megold\u00e1st k\u00edn\u00e1lva az \u00e1llatok s\u00faly\u00e1nak nyomon k\u00f6vet\u00e9s\u00e9re.<\/p>\n\n\n\n<h2 class=\"wp-block-heading\">Hogyan m\u0171k\u00f6dik a technol\u00f3gia?<\/h2>\n\n\n\n<h3 class=\"wp-block-heading\">Fotogrammetria: \u00c1llatok m\u00e9rlegel\u00e9se f\u00e9nyk\u00e9p seg\u00edts\u00e9g\u00e9vel<\/h3>\n\n\n\n<p>Ezen alkalmaz\u00e1sok m\u00f6g\u00f6tt \u00e1ll\u00f3 alapelv az, hogy <strong>fotogrammetria<\/strong>, egy olyan technika, amely lehet\u0151v\u00e9 teszi a m\u00e9retek m\u00e9r\u00e9s\u00e9t fot\u00f3k alapj\u00e1n.<\/p>\n\n\n\n<p>A mobiltelefon kamer\u00e1j\u00e1t haszn\u00e1lva a producer lef\u00e9nyk\u00e9pezi az \u00e1llatot, \u00e9s kifinomult algoritmusok alapj\u00e1n az alkalmaz\u00e1s a k\u00e9pen r\u00f6gz\u00edtett ar\u00e1nyok \u00e9s sz\u00f6gek elemz\u00e9s\u00e9vel megbecs\u00fcli az \u00e1llat s\u00faly\u00e1t.<\/p>\n\n\n\n<p>Ez nem var\u00e1zslat, hanem alkalmazott tudom\u00e1ny egy karny\u00fajt\u00e1snyira!<\/p>\n\n\n\n<h3 class=\"wp-block-heading\">Mesters\u00e9ges intelligencia: Algoritmusok a s\u00falybecsl\u00e9shez<\/h3>\n\n\n\n<p>A fotogrammetri\u00e1n k\u00edv\u00fcl sz\u00e1mos alkalmaz\u00e1s tartalmaz <strong>mesters\u00e9ges intelligencia (MI)<\/strong>.<\/p>\n\n\n\n<p>A mesters\u00e9ges intelligencia a hatalmas mennyis\u00e9g\u0171 adatb\u00f3l val\u00f3 tanul\u00e1s r\u00e9v\u00e9n seg\u00edt finom\u00edtani a s\u00falybecsl\u00e9seket, \u00edgy a folyamat egyre pontosabb\u00e1 v\u00e1lik.<\/p>\n\n\n\n<p>Minden \u00faj fot\u00f3val \u00e9s m\u00e9r\u00e9ssel az algoritmusok \u201eokosabb\u00e1\u201d v\u00e1lnak, egyre megb\u00edzhat\u00f3bb becsl\u00e9seket biztos\u00edtva a termel\u0151nek.<\/p>\n\n\n\n<h3 class=\"wp-block-heading\">Integr\u00e1ci\u00f3 \u00e9rz\u00e9kel\u0151kkel \u00e9s m\u00e9rlegekkel<\/h3>\n\n\n\n<p>N\u00e9h\u00e1ny alkalmaz\u00e1s azt is k\u00edn\u00e1lja <strong>integr\u00e1ci\u00f3 \u00e9rz\u00e9kel\u0151kkel<\/strong> amely \u00e1llatokra helyezhet\u0151, tov\u00e1bb n\u00f6velve a m\u00e9r\u00e9sek pontoss\u00e1g\u00e1t.<\/p>\n\n\n\n<p>Ezek az \u00e9rz\u00e9kel\u0151k olyan adatokat gy\u0171jtenek, mint a testh\u0151m\u00e9rs\u00e9klet \u00e9s a mozg\u00e1smint\u00e1k, amelyek befoly\u00e1solhatj\u00e1k a s\u00falysz\u00e1m\u00edt\u00e1sokat is.<\/p>\n\n\n\n<p>Vannak olyan alkalmaz\u00e1sok is, amelyek k\u00f6zvetlen\u00fcl elektronikus m\u00e9rlegekhez csatlakoznak, \u00edgy biztos\u00edtva a pontos m\u00e9r\u00e9seket manu\u00e1lis munka n\u00e9lk\u00fcl.<\/p>\n\n\n\n<h2 class=\"wp-block-heading\">El\u0151ny\u00f6k a termel\u0151 sz\u00e1m\u00e1ra<\/h2>\n\n\n\n<h3 class=\"wp-block-heading\">Megn\u00f6vekedett termel\u00e9kenys\u00e9g<\/h3>\n\n\n\n<p>Az \u00e1llatok k\u00f6nny\u0171 m\u00e9rlegel\u00e9s\u00e9nek egyszer\u0171s\u00e9g\u00e9vel a termel\u0151 ezt gyakrabban teheti meg, ami jav\u00edtja az \u00e1llom\u00e1ny nyomon k\u00f6vet\u00e9s\u00e9t.<\/p>\n\n\n\n<p>A tests\u00falym\u00e9r\u00e9s gyakoris\u00e1g\u00e1nak n\u00f6vel\u00e9s\u00e9vel a <strong>mez\u0151gazdas\u00e1gi termel\u00e9kenys\u00e9g<\/strong> Emellett n\u00f6vekszik, mivel gyorsabb \u00e9s pontosabb d\u00f6nt\u00e9sek sz\u00fcletnek.<\/p>\n\n\n\n<h3 class=\"wp-block-heading\">Fejlettebb \u00e1llom\u00e1nygazd\u00e1lkod\u00e1s<\/h3>\n\n\n\n<p>A m\u00e9rlegel\u00e9s megk\u00f6nny\u00edt\u00e9se mellett ezek az alkalmaz\u00e1sok lehet\u0151v\u00e9 teszik a termel\u0151 sz\u00e1m\u00e1ra, hogy <strong>nyilv\u00e1ntart\u00e1st vezet minden \u00e1llatr\u00f3l<\/strong>, p\u00e9ld\u00e1ul a tests\u00faly id\u0151beli alakul\u00e1sa, eg\u00e9szs\u00e9g\u00fcgyi esem\u00e9nyek \u00e9s egy\u00e9b adatok.<\/p>\n\n\n\n<p>Ez egy <strong>szervezettebb \u00e9s hat\u00e9konyabb menedzsment<\/strong>.<\/p>\n\n\n\n<h3 class=\"wp-block-heading\">K\u00f6lts\u00e9gcs\u00f6kkent\u00e9s<\/h3>\n\n\n\n<p>Ahogy a folyamat egyre agilisabb\u00e1 v\u00e1lik, \u00e9s nem ig\u00e9nyel sz\u00e1ll\u00edt\u00e1st vagy fizikai szerkezeteket, a <strong>az \u00fczemeltet\u00e9si k\u00f6lts\u00e9g drasztikusan cs\u00f6kken<\/strong>.<\/p>\n\n\n\n<p>Ezenk\u00edv\u00fcl a s\u00faly pontosabb nyomon k\u00f6vet\u00e9s\u00e9vel a termel\u0151k elker\u00fclhetik a pazarl\u00e1st \u00e9s optimaliz\u00e1lhatj\u00e1k az \u00e1llatok takarm\u00e1nyoz\u00e1s\u00e1t, ami egy m\u00e1sik t\u00e9nyez\u0151, amely hozz\u00e1j\u00e1rul a k\u00f6lts\u00e9gcs\u00f6kkent\u00e9shez.<\/p>\n\n\n\n<h3 class=\"wp-block-heading\">Pontosabb d\u00f6nt\u00e9shozatal<\/h3>\n\n\n\n<p>A szarvasmarh\u00e1k s\u00faly\u00e1ra vonatkoz\u00f3 r\u00e9szletes \u00e9s pontos inform\u00e1ci\u00f3k birtok\u00e1ban a termel\u0151 <strong>eszk\u00f6z\u00f6k a megalapozottabb d\u00f6nt\u00e9sek meghozatal\u00e1hoz<\/strong>.<\/p>\n\n\n\n<p>Az etet\u00e9st\u0151l a szarvasmarh\u00e1k \u00e9rt\u00e9kes\u00edt\u00e9s\u00e9nek legjobb id\u0151pontj\u00e1ig minden k\u00f6nnyebb, ha k\u00e9zn\u00e9l vannak az adatok.<\/p>\n\n\n\n<h3 class=\"wp-block-heading\">Egy\u00e9ni k\u00f6vet\u00e9s<\/h3>\n\n\n\n<p>Az alkalmaz\u00e1sok azt is lehet\u0151v\u00e9 teszik, hogy <strong>az \u00e1llatok egy\u00e9ni nyomon k\u00f6vet\u00e9se<\/strong>, valami alapvet\u0151 fontoss\u00e1g\u00fa a modern \u00e1llatteny\u00e9szt\u00e9sben.<\/p>\n\n\n\n<p>\u00cdgy a termel\u0151 figyelemmel k\u00eds\u00e9rheti az egyes \u00e1llatok teljes\u00edtm\u00e9ny\u00e9t, azonos\u00edthatja az eg\u00e9szs\u00e9g\u00fcgyi probl\u00e9m\u00e1kat, s\u0151t a s\u00faly \u00e9s egy\u00e9b jellemz\u0151k alapj\u00e1n optimaliz\u00e1lhatja a szaporod\u00e1st.<\/p>\n\n\n\n<h2 class=\"wp-block-heading\">Egy j\u00f3 alkalmaz\u00e1s alapvet\u0151 jellemz\u0151i<\/h2>\n\n\n\n<h3 class=\"wp-block-heading\">Pontoss\u00e1g \u00e9s megb\u00edzhat\u00f3s\u00e1g<\/h3>\n\n\n\n<p>A <strong>pontoss\u00e1g<\/strong> k\u00e9ts\u00e9gtelen\u00fcl a legfontosabb t\u00e9nyez\u0151 a m\u00e9rlegel\u00e9si alkalmaz\u00e1s kiv\u00e1laszt\u00e1sakor.<\/p>\n\n\n\n<p>A legjobb alkalmaz\u00e1sok mesters\u00e9ges intelligenci\u00e1t \u00e9s fejlett algoritmusokat tartalmaznak, amelyek k\u00e9pesek a hagyom\u00e1nyos m\u00f3dszerekkel kapott m\u00e9r\u00e9sekhez nagyon k\u00f6zeli m\u00e9r\u00e9seket biztos\u00edtani.<\/p>\n\n\n\n<h3 class=\"wp-block-heading\">K\u00f6nny\u0171 haszn\u00e1lat<\/h3>\n\n\n\n<p>Egy m\u00e1sik d\u00f6nt\u0151 szempont a <strong>k\u00f6nny\u0171 haszn\u00e1lat<\/strong>Az alkalmaz\u00e1snak intuit\u00edvnak kell lennie, olyan fel\u00fclettel, amelyet b\u00e1rmely termel\u0151 haszn\u00e1lhat, f\u00fcggetlen\u00fcl a technol\u00f3giai j\u00e1rtass\u00e1g\u00e1t\u00f3l.<\/p>\n\n\n\n<h3 class=\"wp-block-heading\">Fajok sokf\u00e9les\u00e9ge<\/h3>\n\n\n\n<p>Az alkalmaz\u00e1sok, amelyek <strong>t\u00f6bb fajt t\u00e1mogat<\/strong> Kiv\u00e1l\u00f3 v\u00e1laszt\u00e1snak bizonyulnak, mivel sok termel\u0151 k\u00fcl\u00f6nb\u00f6z\u0151 t\u00edpus\u00fa szarvasmarh\u00e1kkal dolgozik.<\/p>\n\n\n\n<p>N\u00e9h\u00e1ny alkalmaz\u00e1s lovak, sert\u00e9sek \u00e9s ak\u00e1r madarak sz\u00e1m\u00e1ra is \u00e1ll\u00edthat\u00f3.<\/p>\n\n\n\n<h3 class=\"wp-block-heading\">Integr\u00e1ci\u00f3 m\u00e1s rendszerekkel<\/h3>\n\n\n\n<p>A <strong>integr\u00e1ci\u00f3 m\u00e1s rendszerekkel<\/strong> Az \u00e1llat\u00e1llom\u00e1ny-gazd\u00e1lkod\u00e1s tov\u00e1bbi el\u0151nyt jelent. Ez lehet\u0151v\u00e9 teszi az \u00f6sszes csordainform\u00e1ci\u00f3 k\u00f6zpontos\u00edt\u00e1s\u00e1t, megk\u00f6nny\u00edtve az adatelemz\u00e9st.<\/p>\n\n\n\n<h3 class=\"wp-block-heading\">Adatbiztons\u00e1g<\/h3>\n\n\n\n<p>V\u00e9g\u00fcl, a <strong>inform\u00e1ci\u00f3biztons\u00e1g<\/strong> garant\u00e1lni kell. V\u00e9g\u00fcl is az \u00e1llom\u00e1nyadatok strat\u00e9giai fontoss\u00e1g\u00faak, \u00e9s biztons\u00e1gosan kell t\u00e1rolni \u00e9s tov\u00e1bb\u00edtani.<\/p>\n\n\n\n<h2 class=\"wp-block-heading\">Gyakorlati alkalmaz\u00e1sok<\/h2>\n\n\n\n<h3 class=\"wp-block-heading\">N\u00f6veked\u00e9sszab\u00e1lyoz\u00e1s<\/h3>\n\n\n\n<p>A s\u00faly id\u0151beli nyomon k\u00f6vet\u00e9se lehet\u0151v\u00e9 teszi a termel\u0151 sz\u00e1m\u00e1ra, hogy <strong>pontosabb n\u00f6veked\u00e9sszab\u00e1lyoz\u00e1s<\/strong>, amely seg\u00edt azonos\u00edtani azokat az \u00e1llatokat, amelyek nem a v\u00e1rt m\u00f3don fejl\u0151dnek.<\/p>\n\n\n\n<h3 class=\"wp-block-heading\">Eg\u00e9szs\u00e9g\u00fcgyi monitoroz\u00e1s<\/h3>\n\n\n\n<p>A rendszeres m\u00e9rlegel\u00e9s is seg\u00edt a felismer\u00e9sben <strong>eg\u00e9szs\u00e9g\u00fcgyi probl\u00e9m\u00e1k<\/strong>A v\u00e1ratlan fogy\u00e1s p\u00e9ld\u00e1ul betegs\u00e9g jele lehet.<\/p>\n\n\n\n<h3 class=\"wp-block-heading\">H\u00edrcsatorna-optimaliz\u00e1l\u00e1s<\/h3>\n\n\n\n<p>Az \u00e1llatok pontos s\u00faly\u00e1nak ismerete lehet\u0151v\u00e9 teszi az \u00e9trend egyedi ig\u00e9nyekhez igaz\u00edt\u00e1s\u00e1t, ami a k\u00f6vetkez\u0151ket eredm\u00e9nyezi: <strong>energiaoptimaliz\u00e1l\u00e1s<\/strong>.<\/p>\n\n\n\n<h3 class=\"wp-block-heading\">Genetikai \u00e9rt\u00e9kel\u00e9s<\/h3>\n\n\n\n<p>Ez az adat felhaszn\u00e1lhat\u00f3 a k\u00f6vetkez\u0151kre: <strong>\u00e9rt\u00e9kelje a genetik\u00e1t<\/strong> az \u00e1llom\u00e1nyb\u00f3l, \u00e9s megalapozottabb d\u00f6nt\u00e9seket hozhassanak a szaporod\u00e1ssal kapcsolatban.<\/p>\n\n\n\n<h3 class=\"wp-block-heading\">Marketing<\/h3>\n\n\n\n<p>A friss\u00edtett s\u00fallyal a gy\u00e1rt\u00f3nak van egy <strong>pontosabb \u00e9rt\u00e9kel\u00e9s a marketing sz\u00e1m\u00e1ra<\/strong>, ami jobb t\u00e1rgyal\u00e1sokat eredm\u00e9nyezhet.<\/p>\n\n\n<div class=\"wp-block-image\">\n<figure class=\"aligncenter size-full\"><img loading=\"lazy\" decoding=\"async\" width=\"550\" height=\"350\" src=\"http:\/\/universofamilia.com\/wp-content\/uploads\/sites\/148\/2024\/10\/DESTAQUE-UNIVERSO-550-x-350-2-6.jpg\" alt=\"\" class=\"wp-image-6917\" srcset=\"https:\/\/universofamilia.com\/wp-content\/uploads\/sites\/148\/2024\/10\/DESTAQUE-UNIVERSO-550-x-350-2-6.jpg 550w, https:\/\/universofamilia.com\/wp-content\/uploads\/sites\/148\/2024\/10\/DESTAQUE-UNIVERSO-550-x-350-2-6-300x191.jpg 300w\" sizes=\"(max-width: 550px) 100vw, 550px\" \/><figcaption class=\"wp-element-caption\">Alkalmaz\u00e1s, amely lehet\u0151v\u00e9 teszi a szarvasmarh\u00e1k m\u00e9r\u00e9s\u00e9t a mobiltelefonoddal<\/figcaption><\/figure><\/div>\n\n\n<h2 class=\"wp-block-heading\">Mit mondanak a felhaszn\u00e1l\u00f3k?<\/h2>\n\n\n\n<p>A felhaszn\u00e1l\u00f3k jelentett\u00e9k <strong>pozit\u00edv \u00e9lm\u00e9nyek<\/strong> m\u00e9rlegel\u00e9si alkalmaz\u00e1sokkal, kiemelve a k\u00f6nny\u0171 haszn\u00e1latot, a pontoss\u00e1got \u00e9s az \u00e1llom\u00e1nygazd\u00e1lkod\u00e1sra gyakorolt pozit\u00edv hat\u00e1st.<\/p>\n\n\n\n<h3 class=\"wp-block-heading\">\u00c9rt\u00e9kel\u00e9sekre p\u00e9ld\u00e1k:<\/h3>\n\n\n\n<ol class=\"wp-block-list\">\n<li>\u201eAz AgroApp megv\u00e1ltoztatta az \u00e1llat\u00e1llom\u00e1nyom gondoz\u00e1s\u00e1nak m\u00f3dj\u00e1t. Nagyon k\u00f6nnyen haszn\u00e1lhat\u00f3, \u00e9s a becsl\u00e9sek meglehet\u0151sen pontosak.\u201d<\/li>\n\n\n\n<li>\u201eHat h\u00f3napja haszn\u00e1lom az Animal Weight alkalmaz\u00e1st, \u00e9s az alkalmaz\u00e1s rengeteg id\u0151t megsp\u00f3rolt a m\u00e9rlegel\u00e9s sor\u00e1n. Nagyon aj\u00e1nlom!\u201d<\/li>\n\n\n\n<li>\u201eA Smart Farm j\u00f3l integr\u00e1lhat\u00f3 a t\u00f6bbi ir\u00e1ny\u00edt\u00e1si rendszeremmel. Kiv\u00e1l\u00f3 azok sz\u00e1m\u00e1ra, akik mindent k\u00f6zpontos\u00edtottan szeretn\u00e9nek.\u201d<\/li>\n<\/ol>\n\n\n\n<h2 class=\"wp-block-heading\">Konkl\u00fazi\u00f3: Technol\u00f3gia az \u00e1llatteny\u00e9szt\u00e9s szolg\u00e1lat\u00e1ban<\/h2>\n\n\n\n<p>Az \u00e1llatteny\u00e9szt\u00e9s moderniz\u00e1ci\u00f3ja tov\u00e1bbra is el\u0151rehalad, \u00e9s a <strong>t\u00f6megm\u00e9r\u00e9si alkalmaz\u00e1sok<\/strong> ennek bizony\u00edt\u00e9kai.<\/p>\n\n\n\n<p>Megk\u00f6nny\u00edtik a termel\u0151k \u00e9let\u00e9t, gyakorlatias \u00e9s hat\u00e9kony megold\u00e1st k\u00edn\u00e1lva az \u00e1gazat egyik legr\u00e9gebbi kih\u00edv\u00e1s\u00e1ra.<\/p>\n\n\n\n<p>A technol\u00f3gia el\u00e9rhet\u0151v\u00e9 t\u00e9tel\u00e9vel a termel\u0151k egyszer\u0171 \u00e9s hat\u00e9kony m\u00f3don n\u00f6velhetik a termel\u00e9kenys\u00e9get, cs\u00f6kkenthetik a k\u00f6lts\u00e9geket \u00e9s optimaliz\u00e1lhatj\u00e1k az \u00e1llom\u00e1nygazd\u00e1lkod\u00e1st.<\/p>\n\n\n\n<p>Ha m\u00e9g nem pr\u00f3b\u00e1ltad ezeket a megold\u00e1sokat, \u00e9rdemes megtenned!<\/p>\n\n\n\n<h3 class=\"wp-block-heading\">T\u00f6ltsd le az alkalmaz\u00e1sokat itt:<\/h3>\n\n\n\n<ul class=\"wp-block-list\">\n<li>AgroApp \u2013 <a href=\"https:\/\/play.google.com\/store\/apps\/details?id=br.com.agroapp\">Android <\/a>\/ <a href=\"https:\/\/apps.apple.com\/us\/app\/agroapp-o-super-app-do-agro\/id1476200827\">iOS<\/a><\/li>\n\n\n\n<li>\u00c1llat s\u00falya \u2013 <a href=\"https:\/\/play.google.com\/store\/apps\/details?id=com.hordev.pesoanimal&amp;hl=pt_BR\">Android<\/a><\/li>\n\n\n\n<li>Okosgazdas\u00e1g \u2013 <a href=\"https:\/\/play.google.com\/store\/apps\/details?id=com.utc.ag&amp;hl=pt_BR\">Android <\/a>\/ <a href=\"https:\/\/apps.apple.com\/br\/app\/dji-smartfarm\/id1337473711\">iOS<\/a><\/li>\n<\/ul>\n\n\n\n<hr class=\"wp-block-separator has-alpha-channel-opacity\" \/>\n\n\n\n<h2 class=\"wp-block-heading\">Gyakran Ism\u00e9telt K\u00e9rd\u00e9sek (GYIK)<\/h2>\n\n\n\n<h3 class=\"wp-block-heading\">1. Hogyan m\u0171k\u00f6dik a fotogrammetriai t\u00f6megm\u00e9r\u00e9si technol\u00f3gia?<\/h3>\n\n\n\n<p>A fotogrammetria egy olyan technika, amely lehet\u0151v\u00e9 teszi az \u00e1llat s\u00faly\u00e1nak becsl\u00e9s\u00e9t egy f\u00e9nyk\u00e9p alapj\u00e1n. Egy mobiltelefon kamer\u00e1ja seg\u00edts\u00e9g\u00e9vel a termel\u0151 f\u00e9nyk\u00e9pet k\u00e9sz\u00edt a szarvasmarh\u00e1r\u00f3l, \u00e9s az alkalmaz\u00e1s elemzi az \u00e1llat testar\u00e1nyait a s\u00faly pontos kisz\u00e1m\u00edt\u00e1s\u00e1hoz.<\/p>\n\n\n\n<h3 class=\"wp-block-heading\">2. Sz\u00fcks\u00e9ges-e fizikai m\u00e9rleg az alkalmaz\u00e1s haszn\u00e1lat\u00e1hoz?<\/h3>\n\n\n\n<p>Nem, ezeknek az alkalmaz\u00e1soknak az az el\u0151nye, hogy nincs sz\u00fcks\u00e9ged fizikai m\u00e9rlegre. Csak a telefonod kamer\u00e1j\u00e1nak \u00e9s a fotogrammetriai technol\u00f3gi\u00e1nak k\u00f6sz\u00f6nhet\u0151en pontos becsl\u00e9st kaphatsz az \u00e1llataid s\u00faly\u00e1r\u00f3l.<\/p>\n\n\n\n<h3 class=\"wp-block-heading\">3. M\u0171k\u00f6dik az alkalmaz\u00e1s k\u00fcl\u00f6nb\u00f6z\u0151 \u00e1llatfajok eset\u00e9ben?<\/h3>\n\n\n\n<p>Igen, sok m\u00e9rlegel\u00e9si alkalmaz\u00e1s lehet\u0151v\u00e9 teszi az algoritmusok k\u00fcl\u00f6nb\u00f6z\u0151 t\u00edpus\u00fa haszon\u00e1llatokhoz, p\u00e9ld\u00e1ul tehenekhez, sert\u00e9sekhez, lovakhoz \u00e9s ak\u00e1r baromfihoz val\u00f3 be\u00e1ll\u00edt\u00e1s\u00e1t.<\/p>\n\n\n\n<h3 class=\"wp-block-heading\">4. Mennyire pontosak a m\u00e9r\u00e9sek?<\/h3>\n\n\n\n<p>A m\u00e9r\u00e9sek kiss\u00e9 elt\u00e9rhetnek, de a legt\u00f6bb alkalmaz\u00e1s mesters\u00e9ges intelligenci\u00e1t haszn\u00e1l a pontoss\u00e1g jav\u00edt\u00e1sa \u00e9rdek\u00e9ben minden egyes haszn\u00e1lattal. \u00d6sszess\u00e9g\u00e9ben a becsl\u00e9sek meglehet\u0151sen k\u00f6zel \u00e1llnak a hagyom\u00e1nyos s\u00falyoz\u00e1si m\u00f3dszerekhez.<\/p>\n\n\n\n<h3 class=\"wp-block-heading\">5. Biztons\u00e1gban vannak az alkalmaz\u00e1sban t\u00e1rolt inform\u00e1ci\u00f3k?<\/h3>\n\n\n\n<p>Igen, az alkalmaz\u00e1sok biztons\u00e1gi int\u00e9zked\u00e9sekkel rendelkeznek a felhaszn\u00e1l\u00f3i \u00e9s \u00e1llat\u00e1llom\u00e1ny-adatok v\u00e9delme \u00e9rdek\u00e9ben, biztos\u00edtva az inform\u00e1ci\u00f3k biztons\u00e1gos t\u00e1rol\u00e1s\u00e1t.<\/p>","protected":false},"excerpt":{"rendered":"<p>La ganader\u00eda est\u00e1 experimentando una verdadera revoluci\u00f3n tecnol\u00f3gica, y esto tiene mucho que ver con el uso de aplicaciones que permiten mejorar la gesti\u00f3n del ganado. La innovaci\u00f3n en el campo ya no se limita solo a las m\u00e1quinas y tractores, sino que tambi\u00e9n est\u00e1 en manos de los productores, \u00a1literalmente! Un ejemplo reciente de [&hellip;]<\/p>","protected":false},"author":219,"featured_media":6917,"comment_status":"closed","ping_status":"open","sticky":false,"template":"","format":"standard","meta":{"footnotes":""},"categories":[3],"tags":[324,767,871,1195,1218,1511],"yoast_head":"<!-- This site is optimized with the Yoast SEO plugin v23.3 - https:\/\/yoast.com\/wordpress\/plugins\/seo\/ -->\n<title>Aplicaci\u00f3n Permite Pesar el Ganado con el Celular - Universo Fam\u00edlia<\/title>\n<meta name=\"description\" content=\"Aplicaci\u00f3n Permite Pesar el Ganado con el Celular. La Era Digital en la Ganader\u00eda.La ganader\u00eda est\u00e1 experimentando una verdadera revoluci\u00f3n..\" \/>\n<meta name=\"robots\" content=\"index, follow, max-snippet:-1, max-image-preview:large, max-video-preview:-1\" \/>\n<link rel=\"canonical\" href=\"https:\/\/universofamilia.com\/hu\/aplicacion-permite-pesar-el-ganado-con-el-celular\/\" \/>\n<meta property=\"og:locale\" content=\"hu_HU\" \/>\n<meta property=\"og:type\" content=\"article\" \/>\n<meta property=\"og:title\" content=\"Aplicaci\u00f3n Permite Pesar el Ganado con el Celular - Universo Fam\u00edlia\" \/>\n<meta property=\"og:description\" content=\"Aplicaci\u00f3n Permite Pesar el Ganado con el Celular. La Era Digital en la Ganader\u00eda.La ganader\u00eda est\u00e1 experimentando una verdadera revoluci\u00f3n..\" \/>\n<meta property=\"og:url\" content=\"https:\/\/universofamilia.com\/hu\/aplicacion-permite-pesar-el-ganado-con-el-celular\/\" \/>\n<meta property=\"og:site_name\" content=\"Universo Fam\u00edlia\" \/>\n<meta property=\"article:published_time\" content=\"2024-10-16T21:39:46+00:00\" \/>\n<meta property=\"article:modified_time\" content=\"2025-10-13T19:29:21+00:00\" \/>\n<meta property=\"og:image\" content=\"https:\/\/universofamilia.com\/wp-content\/uploads\/sites\/148\/2024\/10\/DESTAQUE-UNIVERSO-550-x-350-2-6.jpg\" \/>\n\t<meta property=\"og:image:width\" content=\"550\" \/>\n\t<meta property=\"og:image:height\" content=\"350\" \/>\n\t<meta property=\"og:image:type\" content=\"image\/jpeg\" \/>\n<meta name=\"author\" content=\"Matheus Sangaletti\" \/>\n<meta name=\"twitter:card\" content=\"summary_large_image\" \/>\n<meta name=\"twitter:label1\" content=\"Written by\" \/>\n\t<meta name=\"twitter:data1\" content=\"Matheus Sangaletti\" \/>\n\t<meta name=\"twitter:label2\" content=\"Est. reading time\" \/>\n\t<meta name=\"twitter:data2\" content=\"9 perc\" \/>\n<script type=\"application\/ld+json\" class=\"yoast-schema-graph\">{\"@context\":\"https:\/\/schema.org\",\"@graph\":[{\"@type\":\"WebPage\",\"@id\":\"https:\/\/universofamilia.com\/sr\/aplicacion-permite-pesar-el-ganado-con-el-celular\/\",\"url\":\"https:\/\/universofamilia.com\/sr\/aplicacion-permite-pesar-el-ganado-con-el-celular\/\",\"name\":\"Aplicaci\u00f3n Permite Pesar el Ganado con el Celular - Universo Fam\u00edlia\",\"isPartOf\":{\"@id\":\"https:\/\/universofamilia.com\/el\/#website\"},\"primaryImageOfPage\":{\"@id\":\"https:\/\/universofamilia.com\/sr\/aplicacion-permite-pesar-el-ganado-con-el-celular\/#primaryimage\"},\"image\":{\"@id\":\"https:\/\/universofamilia.com\/sr\/aplicacion-permite-pesar-el-ganado-con-el-celular\/#primaryimage\"},\"thumbnailUrl\":\"https:\/\/universofamilia.com\/wp-content\/uploads\/sites\/148\/2024\/10\/DESTAQUE-UNIVERSO-550-x-350-2-6.jpg\",\"datePublished\":\"2024-10-16T21:39:46+00:00\",\"dateModified\":\"2025-10-13T19:29:21+00:00\",\"author\":{\"@id\":\"https:\/\/universofamilia.com\/el\/#\/schema\/person\/92fcd07e9b1f4323bf74f3170fc0f78a\"},\"description\":\"Aplicaci\u00f3n Permite Pesar el Ganado con el Celular. La Era Digital en la Ganader\u00eda.La ganader\u00eda est\u00e1 experimentando una verdadera revoluci\u00f3n..\",\"breadcrumb\":{\"@id\":\"https:\/\/universofamilia.com\/sr\/aplicacion-permite-pesar-el-ganado-con-el-celular\/#breadcrumb\"},\"inLanguage\":\"hu\",\"potentialAction\":[{\"@type\":\"ReadAction\",\"target\":[\"https:\/\/universofamilia.com\/sr\/aplicacion-permite-pesar-el-ganado-con-el-celular\/\"]}]},{\"@type\":\"ImageObject\",\"inLanguage\":\"hu\",\"@id\":\"https:\/\/universofamilia.com\/sr\/aplicacion-permite-pesar-el-ganado-con-el-celular\/#primaryimage\",\"url\":\"https:\/\/universofamilia.com\/wp-content\/uploads\/sites\/148\/2024\/10\/DESTAQUE-UNIVERSO-550-x-350-2-6.jpg\",\"contentUrl\":\"https:\/\/universofamilia.com\/wp-content\/uploads\/sites\/148\/2024\/10\/DESTAQUE-UNIVERSO-550-x-350-2-6.jpg\",\"width\":550,\"height\":350,\"caption\":\"Aplicaci\u00f3n Permite Pesar el Ganado con el Celular\"},{\"@type\":\"BreadcrumbList\",\"@id\":\"https:\/\/universofamilia.com\/sr\/aplicacion-permite-pesar-el-ganado-con-el-celular\/#breadcrumb\",\"itemListElement\":[{\"@type\":\"ListItem\",\"position\":1,\"name\":\"Home\",\"item\":\"https:\/\/universofamilia.com\/el\/\"},{\"@type\":\"ListItem\",\"position\":2,\"name\":\"Aplicaci\u00f3n Permite Pesar el Ganado con el Celular\"}]},{\"@type\":\"WebSite\",\"@id\":\"https:\/\/universofamilia.com\/el\/#website\",\"url\":\"https:\/\/universofamilia.com\/el\/\",\"name\":\"Universo Fam\u00edlia\",\"description\":\"\",\"potentialAction\":[{\"@type\":\"SearchAction\",\"target\":{\"@type\":\"EntryPoint\",\"urlTemplate\":\"https:\/\/universofamilia.com\/el\/?s={search_term_string}\"},\"query-input\":\"required name=search_term_string\"}],\"inLanguage\":\"hu\"},{\"@type\":\"Person\",\"@id\":\"https:\/\/universofamilia.com\/el\/#\/schema\/person\/92fcd07e9b1f4323bf74f3170fc0f78a\",\"name\":\"Matheus Sangaletti\",\"image\":{\"@type\":\"ImageObject\",\"inLanguage\":\"hu\",\"@id\":\"https:\/\/universofamilia.com\/el\/#\/schema\/person\/image\/\",\"url\":\"https:\/\/secure.gravatar.com\/avatar\/280ea957a14a48e6a1ad2133d2cc27c9?s=96&d=mm&r=g\",\"contentUrl\":\"https:\/\/secure.gravatar.com\/avatar\/280ea957a14a48e6a1ad2133d2cc27c9?s=96&d=mm&r=g\",\"caption\":\"Matheus Sangaletti\"},\"url\":\"https:\/\/universofamilia.com\/hu\/author\/matheuss\/\"}]}<\/script>\n<!-- \/ Yoast SEO plugin. -->","yoast_head_json":{"title":"Aplicaci\u00f3n Permite Pesar el Ganado con el Celular - Universo Fam\u00edlia","description":"Aplicaci\u00f3n Permite Pesar el Ganado con el Celular. La Era Digital en la Ganader\u00eda.La ganader\u00eda est\u00e1 experimentando una verdadera revoluci\u00f3n..","robots":{"index":"index","follow":"follow","max-snippet":"max-snippet:-1","max-image-preview":"max-image-preview:large","max-video-preview":"max-video-preview:-1"},"canonical":"https:\/\/universofamilia.com\/hu\/aplicacion-permite-pesar-el-ganado-con-el-celular\/","og_locale":"hu_HU","og_type":"article","og_title":"Aplicaci\u00f3n Permite Pesar el Ganado con el Celular - Universo Fam\u00edlia","og_description":"Aplicaci\u00f3n Permite Pesar el Ganado con el Celular. La Era Digital en la Ganader\u00eda.La ganader\u00eda est\u00e1 experimentando una verdadera revoluci\u00f3n..","og_url":"https:\/\/universofamilia.com\/hu\/aplicacion-permite-pesar-el-ganado-con-el-celular\/","og_site_name":"Universo Fam\u00edlia","article_published_time":"2024-10-16T21:39:46+00:00","article_modified_time":"2025-10-13T19:29:21+00:00","og_image":[{"width":550,"height":350,"url":"https:\/\/universofamilia.com\/wp-content\/uploads\/sites\/148\/2024\/10\/DESTAQUE-UNIVERSO-550-x-350-2-6.jpg","type":"image\/jpeg"}],"author":"Matheus Sangaletti","twitter_card":"summary_large_image","twitter_misc":{"Written by":"Matheus Sangaletti","Est. reading time":"9 perc"},"schema":{"@context":"https:\/\/schema.org","@graph":[{"@type":"WebPage","@id":"https:\/\/universofamilia.com\/sr\/aplicacion-permite-pesar-el-ganado-con-el-celular\/","url":"https:\/\/universofamilia.com\/sr\/aplicacion-permite-pesar-el-ganado-con-el-celular\/","name":"Aplicaci\u00f3n Permite Pesar el Ganado con el Celular - Universo Fam\u00edlia","isPartOf":{"@id":"https:\/\/universofamilia.com\/el\/#website"},"primaryImageOfPage":{"@id":"https:\/\/universofamilia.com\/sr\/aplicacion-permite-pesar-el-ganado-con-el-celular\/#primaryimage"},"image":{"@id":"https:\/\/universofamilia.com\/sr\/aplicacion-permite-pesar-el-ganado-con-el-celular\/#primaryimage"},"thumbnailUrl":"https:\/\/universofamilia.com\/wp-content\/uploads\/sites\/148\/2024\/10\/DESTAQUE-UNIVERSO-550-x-350-2-6.jpg","datePublished":"2024-10-16T21:39:46+00:00","dateModified":"2025-10-13T19:29:21+00:00","author":{"@id":"https:\/\/universofamilia.com\/el\/#\/schema\/person\/92fcd07e9b1f4323bf74f3170fc0f78a"},"description":"Aplicaci\u00f3n Permite Pesar el Ganado con el Celular. La Era Digital en la Ganader\u00eda.La ganader\u00eda est\u00e1 experimentando una verdadera revoluci\u00f3n..","breadcrumb":{"@id":"https:\/\/universofamilia.com\/sr\/aplicacion-permite-pesar-el-ganado-con-el-celular\/#breadcrumb"},"inLanguage":"hu","potentialAction":[{"@type":"ReadAction","target":["https:\/\/universofamilia.com\/sr\/aplicacion-permite-pesar-el-ganado-con-el-celular\/"]}]},{"@type":"ImageObject","inLanguage":"hu","@id":"https:\/\/universofamilia.com\/sr\/aplicacion-permite-pesar-el-ganado-con-el-celular\/#primaryimage","url":"https:\/\/universofamilia.com\/wp-content\/uploads\/sites\/148\/2024\/10\/DESTAQUE-UNIVERSO-550-x-350-2-6.jpg","contentUrl":"https:\/\/universofamilia.com\/wp-content\/uploads\/sites\/148\/2024\/10\/DESTAQUE-UNIVERSO-550-x-350-2-6.jpg","width":550,"height":350,"caption":"Aplicaci\u00f3n Permite Pesar el Ganado con el Celular"},{"@type":"BreadcrumbList","@id":"https:\/\/universofamilia.com\/sr\/aplicacion-permite-pesar-el-ganado-con-el-celular\/#breadcrumb","itemListElement":[{"@type":"ListItem","position":1,"name":"Home","item":"https:\/\/universofamilia.com\/el\/"},{"@type":"ListItem","position":2,"name":"Aplicaci\u00f3n Permite Pesar el Ganado con el Celular"}]},{"@type":"WebSite","@id":"https:\/\/universofamilia.com\/el\/#website","url":"https:\/\/universofamilia.com\/el\/","name":"Universo Fam\u00edlia","description":"","potentialAction":[{"@type":"SearchAction","target":{"@type":"EntryPoint","urlTemplate":"https:\/\/universofamilia.com\/el\/?s={search_term_string}"},"query-input":"required name=search_term_string"}],"inLanguage":"hu"},{"@type":"Person","@id":"https:\/\/universofamilia.com\/el\/#\/schema\/person\/92fcd07e9b1f4323bf74f3170fc0f78a","name":"Matheus Sangaletti","image":{"@type":"ImageObject","inLanguage":"hu","@id":"https:\/\/universofamilia.com\/el\/#\/schema\/person\/image\/","url":"https:\/\/secure.gravatar.com\/avatar\/280ea957a14a48e6a1ad2133d2cc27c9?s=96&d=mm&r=g","contentUrl":"https:\/\/secure.gravatar.com\/avatar\/280ea957a14a48e6a1ad2133d2cc27c9?s=96&d=mm&r=g","caption":"Matheus Sangaletti"},"url":"https:\/\/universofamilia.com\/hu\/author\/matheuss\/"}]}},"_links":{"self":[{"href":"https:\/\/universofamilia.com\/hu\/wp-json\/wp\/v2\/posts\/6916"}],"collection":[{"href":"https:\/\/universofamilia.com\/hu\/wp-json\/wp\/v2\/posts"}],"about":[{"href":"https:\/\/universofamilia.com\/hu\/wp-json\/wp\/v2\/types\/post"}],"author":[{"embeddable":true,"href":"https:\/\/universofamilia.com\/hu\/wp-json\/wp\/v2\/users\/219"}],"replies":[{"embeddable":true,"href":"https:\/\/universofamilia.com\/hu\/wp-json\/wp\/v2\/comments?post=6916"}],"version-history":[{"count":1,"href":"https:\/\/universofamilia.com\/hu\/wp-json\/wp\/v2\/posts\/6916\/revisions"}],"predecessor-version":[{"id":10108,"href":"https:\/\/universofamilia.com\/hu\/wp-json\/wp\/v2\/posts\/6916\/revisions\/10108"}],"wp:featuredmedia":[{"embeddable":true,"href":"https:\/\/universofamilia.com\/hu\/wp-json\/wp\/v2\/media\/6917"}],"wp:attachment":[{"href":"https:\/\/universofamilia.com\/hu\/wp-json\/wp\/v2\/media?parent=6916"}],"wp:term":[{"taxonomy":"category","embeddable":true,"href":"https:\/\/universofamilia.com\/hu\/wp-json\/wp\/v2\/categories?post=6916"},{"taxonomy":"post_tag","embeddable":true,"href":"https:\/\/universofamilia.com\/hu\/wp-json\/wp\/v2\/tags?post=6916"}],"curies":[{"name":"wp","href":"https:\/\/api.w.org\/{rel}","templated":true}]}}