{"id":6941,"date":"2024-10-17T11:29:46","date_gmt":"2024-10-17T14:29:46","guid":{"rendered":"https:\/\/universofamilia.com\/?p=6941"},"modified":"2025-10-13T14:08:59","modified_gmt":"2025-10-13T17:08:59","slug":"descubre-la-palabra-de-dios-en-la-palma-de-tu-mano","status":"publish","type":"post","link":"https:\/\/universofamilia.com\/hu\/descubre-la-palabra-de-dios-en-la-palma-de-tu-mano\/","title":{"rendered":"Fedezd fel Isten Ig\u00e9j\u00e9t a tenyeredben"},"content":{"rendered":"<p><strong>A digit\u00e1lis Biblia: Az evangeliz\u00e1ci\u00f3 \u00faj form\u00e1ja<\/strong>.<\/p>\n\n\n\n<p>Manaps\u00e1g a technol\u00f3gia gyakorlatilag mindenben jelen van, igaz?<\/p>\n\n\n\n<p>\u00c9s amikor hitr\u0151l \u00e9s spiritualit\u00e1sr\u00f3l besz\u00e9l\u00fcnk, az is fontos szerepet j\u00e1tszik.<\/p>\n\n\n\n<p>Erre p\u00e9lda a digit\u00e1lis Biblia, amely lehet\u0151v\u00e9 teszi, hogy Isten Ig\u00e9je sz\u00f3 szerint a tenyer\u00fcnkben legyen.<\/p>\n\n\n\n<p>De mi\u00e9rt v\u00e1lasztj\u00e1k oly sokan a Biblia olvas\u00e1sa helyett a mobiltelefonjukat a hagyom\u00e1nyos form\u00e1tum helyett? Der\u00edts\u00fck ki!<\/p>\n\n\n\n<p><\/p>\n\n\n\n<hr class=\"wp-block-separator has-text-color has-luminous-vivid-orange-color has-alpha-channel-opacity has-luminous-vivid-orange-background-color has-background\" \/>\n\n\n\n<h2 class=\"wp-block-heading\">Olvasd el m\u00e9g:<\/h2>\n\n\n\n<ul class=\"wp-block-list\">\n<li class=\"has-medium-font-size\"><a href=\"https:\/\/universofamilia.com\/hu\/6898\/leer-la-biblia-catolica-en-tu-celular\/\"><font style=\"vertical-align: inherit\"><font style=\"vertical-align: inherit\">\ud83d\udccc Olvasd a katolikus Bibli\u00e1t a mobiltelefonodon<\/font><\/font> &gt;<\/a><\/li>\n\n\n\n<li class=\"has-medium-font-size\"><a href=\"https:\/\/universofamilia.com\/hu\/6855\/grabar-llamadas-recibidas\/\">\ud83d\udccc Bej\u00f6v\u0151 h\u00edv\u00e1sok r\u00f6gz\u00edt\u00e9se &gt;<\/a><\/li>\n\n\n\n<li class=\"has-medium-font-size\"><a href=\"https:\/\/universofamilia.com\/hu\/6832\/aplicacion-para-bailar-zumba\/\">\ud83d\udccc Zumba T\u00e1nc Alkalmaz\u00e1s &gt;<\/a><\/li>\n<\/ul>\n\n\n\n<hr class=\"wp-block-separator has-text-color has-luminous-vivid-orange-color has-alpha-channel-opacity has-luminous-vivid-orange-background-color has-background\" \/>\n\n\n\n<p><\/p>\n\n\n\n<h2 class=\"wp-block-heading\"><strong>Mi\u00e9rt haszn\u00e1ljunk bibliai alkalmaz\u00e1st?<\/strong><\/h2>\n\n\n\n<p>K\u00e9pzeld el ezt: Buszon \u00fclsz vagy sorban \u00e1llsz, \u00e9s hirtelen v\u00e1gyat \u00e9rzel arra, hogy elolvass egy bibliai r\u00e9szt.<\/p>\n\n\n\n<p>Mit teszel? Ha van egy Biblia alkalmaz\u00e1sod a telefonodon, a v\u00e1lasz egyszer\u0171: nyisd meg az alkalmaz\u00e1st, \u00e9s kezdj el olvasni.<\/p>\n\n\n\n<p>A Bibliaalkalmaz\u00e1sok haszn\u00e1lata k\u00e9nyelmet \u00e9s hozz\u00e1f\u00e9rhet\u0151s\u00e9get k\u00edn\u00e1l.<\/p>\n\n\n\n<p>Lehet\u0151v\u00e9 teszi, hogy b\u00e1rhol \u00e9s b\u00e1rmikor k\u00e9zn\u00e9l legyen a Biblia, \u00edgy gyorsan \u00e9s praktikusan hozz\u00e1f\u00e9rhetsz Isten Ig\u00e9j\u00e9hez.<\/p>\n\n\n\n<p>R\u00e1ad\u00e1sul ezek az alkalmaz\u00e1sok ma m\u00e1r sokkal t\u00f6bbet k\u00edn\u00e1lnak, mint puszt\u00e1n olvas\u00e1st: k\u00fcl\u00f6nf\u00e9le funkci\u00f3kat tartalmaznak, amelyek \u00e1talak\u00edthatj\u00e1k spiritu\u00e1lis \u00e9lm\u00e9nyeidet.<\/p>\n\n\n\n<h2 class=\"wp-block-heading\"><strong>A Biblia mobiltelefonon val\u00f3 jelenl\u00e9t\u00e9nek el\u0151nyei<\/strong><\/h2>\n\n\n\n<p>Amellett, hogy a Biblia mindig k\u00e9zn\u00e9l van, az alkalmaz\u00e1sok sz\u00e1mos olyan el\u0151nnyel is rendelkeznek, amelyek t\u00falmutatnak az egyszer\u0171 olvas\u00e1son.<\/p>\n\n\n\n<p>P\u00e9ld\u00e1ul sz\u00e1mos alkalmaz\u00e1s lehet\u0151v\u00e9 teszi a felhaszn\u00e1l\u00f3i \u00e9lm\u00e9ny szem\u00e9lyre szab\u00e1s\u00e1t, olvas\u00e1si tervek l\u00e9trehoz\u00e1s\u00e1t, jegyzetel\u00e9st, s\u0151t versek megoszt\u00e1s\u00e1t a k\u00f6z\u00f6ss\u00e9gi m\u00e9di\u00e1ban.<\/p>\n\n\n\n<p>\u00c9s ne feledkezz\u00fcnk meg a Biblia hangosk\u00f6nyv form\u00e1tumban val\u00f3 hallgat\u00e1s\u00e1nak lehet\u0151s\u00e9g\u00e9r\u0151l sem, ami ide\u00e1lis azok sz\u00e1m\u00e1ra, akik sz\u00edvesebben hallgatj\u00e1k, mik\u00f6zben m\u00e1s feladatokat v\u00e9geznek.<\/p>\n\n\n\n<h2 class=\"wp-block-heading\"><strong>Egy j\u00f3 bibliai alkalmaz\u00e1s alapvet\u0151 funkci\u00f3i<\/strong><\/h2>\n\n\n\n<p>Egy j\u00f3 bibliai alkalmaz\u00e1s kiv\u00e1laszt\u00e1sa ijeszt\u0151 feladatnak t\u0171nhet, mivel oly sok lehet\u0151s\u00e9g \u00e1ll rendelkez\u00e9sre.<\/p>\n\n\n\n<p>Azonban n\u00e9h\u00e1ny funkci\u00f3 elengedhetetlen a teljes digit\u00e1lis bibliai \u00e9lm\u00e9ny biztos\u00edt\u00e1s\u00e1hoz.<\/p>\n\n\n\n<p>\u00cdme n\u00e9h\u00e1ny k\u00f6z\u00fcl\u00fck:<\/p>\n\n\n\n<ul class=\"wp-block-list\">\n<li><strong>A Biblia k\u00fcl\u00f6nb\u00f6z\u0151 v\u00e1ltozatai:<\/strong> T\u00f6bb ford\u00edt\u00e1shoz val\u00f3 hozz\u00e1f\u00e9r\u00e9s lehet\u0151v\u00e9 teszi a tanulm\u00e1nyok elm\u00e9ly\u00edt\u00e9s\u00e9t \u00e9s a sz\u00f6vegr\u00e9szek jobb meg\u00e9rt\u00e9s\u00e9t.<\/li>\n\n\n\n<li><strong>Keres\u00e9si \u00e9s navig\u00e1ci\u00f3s eszk\u00f6z\u00f6k:<\/strong> Fontos, hogy az alkalmaz\u00e1s egyszer\u0171 m\u00f3dot k\u00edn\u00e1ljon adott versek vagy t\u00e9m\u00e1k keres\u00e9s\u00e9re.<\/li>\n\n\n\n<li><strong>Szem\u00e9lyre szabott olvas\u00e1si tervek:<\/strong> Ide\u00e1lis azok sz\u00e1m\u00e1ra, akik rendszeres olvas\u00e1si rutint szeretn\u00e9nek k\u00f6vetni, vagy meghat\u00e1rozott t\u00e9m\u00e1kra szeretn\u00e9nek koncentr\u00e1lni.<\/li>\n\n\n\n<li><strong>K\u00f6nyvjelz\u0151k \u00e9s jegyzetek:<\/strong> Lehet\u0151v\u00e9 teszi jegyzetek k\u00e9sz\u00edt\u00e9s\u00e9t \u00e9s a fontos r\u00e9szek kiemel\u00e9s\u00e9t.<\/li>\n\n\n\n<li><strong>Megoszt\u00e1si versek:<\/strong> Egyetlen kattint\u00e1ssal inspir\u00e1l\u00f3 \u00fczeneteket oszthatsz meg bar\u00e1taiddal \u00e9s csal\u00e1doddal.<\/li>\n\n\n\n<li><strong>Hangos Biblia (felolvasva):<\/strong> T\u00f6k\u00e9letes azok sz\u00e1m\u00e1ra, akik sz\u00edvesebben hallgatj\u00e1k Isten Ig\u00e9j\u00e9t, mik\u00f6zben m\u00e1s tev\u00e9kenys\u00e9geket v\u00e9geznek.<\/li>\n\n\n\n<li><strong>Integr\u00e1ci\u00f3 a k\u00f6z\u00f6ss\u00e9gi h\u00e1l\u00f3zatokkal:<\/strong> \u00cdgy kapcsolatba l\u00e9phetsz m\u00e1s kereszt\u00e9nyekkel, megoszthatod a hitedet, \u00e9s er\u0151s\u00edtheted az online k\u00f6z\u00f6ss\u00e9gedet.<\/li>\n<\/ul>\n\n\n\n<h2 class=\"wp-block-heading\"><strong>A legjobb katolikus bibliai alkalmaz\u00e1sok<\/strong><\/h2>\n\n\n\n<p>Most, hogy meg\u00e9rtett\u00fck egy j\u00f3 bibliai alkalmaz\u00e1s alapvet\u0151 jellemz\u0151it, mit sz\u00f3ln\u00e1l ahhoz, ha felfedezn\u00e9nk a piacon el\u00e9rhet\u0151 legjobbakat?<\/p>\n\n\n\n<p>Mindegyik egyedi funkci\u00f3kkal rendelkezik, amelyeket k\u00fcl\u00f6nb\u00f6z\u0151 felhaszn\u00e1l\u00f3i profilokhoz terveztek. N\u00e9zd meg \u0151ket!<\/p>\n\n\n\n<ol class=\"wp-block-list\">\n<li><strong>\u00dcdv\u00f6zl\u00e9gy M\u00e1ria Biblia<\/strong> A katolikusok k\u00f6r\u00e9ben az egyik legn\u00e9pszer\u0171bb alkalmaz\u00e1s, az Ave Maria Biblia a katolikus egyh\u00e1z \u00e1ltal haszn\u00e1lt hagyom\u00e1nyos ford\u00edt\u00e1st k\u00edn\u00e1lja. Egyszer\u0171 \u00e9s intuit\u00edv fel\u00fclet\u00e9vel k\u00f6nnyen navig\u00e1lhat\u00f3 \u00e9s kereshet\u0151 versek k\u00f6z\u00f6tt. Az alkalmaz\u00e1s tanul\u00e1si eszk\u00f6z\u00f6ket is tartalmaz, p\u00e9ld\u00e1ul jegyzetek hozz\u00e1ad\u00e1s\u00e1nak \u00e9s kedvenc r\u00e9szek megjel\u00f6l\u00e9s\u00e9nek lehet\u0151s\u00e9g\u00e9t. Felhaszn\u00e1l\u00f3i v\u00e9lem\u00e9nyek:\n<ul class=\"wp-block-list\">\n<li>\u201eT\u00f6k\u00e9letes a mindennapi haszn\u00e1latra. K\u00f6nnyen haszn\u00e1lhat\u00f3, \u00e9s azzal a ford\u00edt\u00e1ssal m\u0171k\u00f6dik, amit mindig is haszn\u00e1ltam.\u201d \u2013 Mar\u00eda F., Android.<\/li>\n\n\n\n<li>\u201eSzeretem, hogy b\u00e1rhov\u00e1 magammal vihetem a Bibli\u00e1t. Minden katolikusnak aj\u00e1nlom.\u201d \u2013 Juan M., iOS<\/li>\n\n\n\n<li>\u201eKiv\u00e1l\u00f3 alkalmaz\u00e1s, azoknak aj\u00e1nlom, akik a praktikumot keresik.\u201d \u2013 Ana L., Android.<\/li>\n<\/ul>\n<\/li>\n\n\n\n<li><strong>YouVersion Bibliaalkalmaz\u00e1s<\/strong> B\u00e1r nem kiz\u00e1r\u00f3lag katolikus, a YouVersion Bibliaalkalmaz\u00e1s a Biblia sz\u00e1mos v\u00e1ltozat\u00e1t k\u00edn\u00e1lja, bele\u00e9rtve a katolikus v\u00e1ltozatot is. Er\u0151ss\u00e9ge a nagy felhaszn\u00e1l\u00f3i k\u00f6z\u00f6ss\u00e9g \u00e9s a k\u00edn\u00e1lt v\u00e1ltozatos olvas\u00e1si tervek. Kiv\u00e1l\u00f3 v\u00e1laszt\u00e1s azok sz\u00e1m\u00e1ra, akik m\u00e1s kereszt\u00e9nyekkel szeretn\u00e9nek kapcsolatba l\u00e9pni \u00e9s megosztani hit\u00fcket. Felhaszn\u00e1l\u00f3i v\u00e9lem\u00e9nyek:\n<ul class=\"wp-block-list\">\n<li>\u201eA legjobb bibliai alkalmaz\u00e1s! Nagyszer\u0171 olvas\u00e1si tervek.\u201d \u2013 Carlos S., iOS.<\/li>\n\n\n\n<li>\u201eNagyszer\u0171 Isten Ig\u00e9j\u00e9nek olvas\u00e1s\u00e1ra \u00e9s hallgat\u00e1s\u00e1ra eg\u00e9sz nap.\u201d \u2013 Fernanda R., Android.<\/li>\n\n\n\n<li>\u201eA szem\u00e9lyre szabott olvas\u00e1si tervek seg\u00edtenek ragaszkodni a rossz szok\u00e1shoz.\u201d \u2013 Lucas G., Androidos.<\/li>\n<\/ul>\n<\/li>\n\n\n\n<li><strong>Katolikus Szent Biblia ima<\/strong> Ez az alkalmaz\u00e1s spiritu\u00e1lisabb megk\u00f6zel\u00edt\u00e9st k\u00edn\u00e1l, napi im\u00e1kkal \u00e9s medit\u00e1ci\u00f3kkal, amelyek kieg\u00e9sz\u00edtik a bibliaolvas\u00e1st. A standard funkci\u00f3k mellett napi elm\u00e9lked\u00e9st is k\u00edn\u00e1l az olvasott r\u00e9szek alapj\u00e1n, ami ide\u00e1lis azok sz\u00e1m\u00e1ra, akik nagyobb spiritu\u00e1lis n\u00f6veked\u00e9sre v\u00e1gynak. Felhaszn\u00e1l\u00f3i v\u00e9lem\u00e9nyek:\n<ul class=\"wp-block-list\">\n<li>\u201eNagyszer\u0171 a napi elm\u00e9lked\u00e9shez \u00e9s medit\u00e1ci\u00f3hoz.\u201d \u2013 Camila P., iOS<\/li>\n\n\n\n<li>\u201eT\u00f6k\u00e9letes arra, hogy minden nap im\u00e1kkal \u00e9s bibliai r\u00e9szekkel er\u0151s\u00edtsd a hited.\u201d \u2013 Pedro L., Android.<\/li>\n\n\n\n<li>\u201eSzeretem a napi im\u00e1kat \u00e9s elm\u00e9lked\u00e9seket. Igazi spiritu\u00e1lis vezet\u0151.\u201d \u2013 Julia A., iOS<\/li>\n<\/ul>\n<\/li>\n<\/ol>\n\n\n\n<h2 class=\"wp-block-heading\"><strong>Hogyan v\u00e1lasszuk ki az ide\u00e1lis alkalmaz\u00e1st?<\/strong><\/h2>\n\n\n\n<p>Annyi lehet\u0151s\u00e9g k\u00f6z\u00fcl honnan tudhatod, hogy melyik alkalmaz\u00e1s a legjobb sz\u00e1modra?<\/p>\n\n\n\n<p>\u00cdme n\u00e9h\u00e1ny tipp:<\/p>\n\n\n\n<ul class=\"wp-block-list\">\n<li><strong>Figyelembe veend\u0151 t\u00e9nyez\u0151k:<\/strong> \u00c9rt\u00e9keld, mely jellemz\u0151k a legfontosabbak sz\u00e1modra. Egy egyszer\u0171 \u00e9lm\u00e9nyt r\u00e9szes\u00edtesz el\u0151nyben, vagy valami \u00e1tfog\u00f3bbat, im\u00e1kkal \u00e9s elm\u00e9lked\u00e9sekkel?<\/li>\n\n\n\n<li><strong>Tippek az \u00e9lm\u00e9ny maximaliz\u00e1l\u00e1s\u00e1hoz:<\/strong> Haszn\u00e1ld ki az alkalmaz\u00e1s er\u0151forr\u00e1sait. K\u00e9sz\u00edts olvas\u00e1si terveket, haszn\u00e1lj k\u00f6nyvjelz\u0151ket \u00e9s jegyzeteket, \u00e9s oszd meg a sz\u00edvedhez k\u00f6zel \u00e1ll\u00f3 verseket bar\u00e1taiddal \u00e9s csal\u00e1doddal.<\/li>\n<\/ul>\n\n\n<div class=\"wp-block-image\">\n<figure class=\"aligncenter size-full\"><img loading=\"lazy\" decoding=\"async\" width=\"550\" height=\"350\" src=\"http:\/\/universofamilia.com\/wp-content\/uploads\/sites\/148\/2024\/10\/DESTAQUE-UNIVERSO-550-x-350-3-5.jpg\" alt=\"\" class=\"wp-image-6942\" srcset=\"https:\/\/universofamilia.com\/wp-content\/uploads\/sites\/148\/2024\/10\/DESTAQUE-UNIVERSO-550-x-350-3-5.jpg 550w, https:\/\/universofamilia.com\/wp-content\/uploads\/sites\/148\/2024\/10\/DESTAQUE-UNIVERSO-550-x-350-3-5-300x191.jpg 300w\" sizes=\"(max-width: 550px) 100vw, 550px\" \/><figcaption class=\"wp-element-caption\">Fedezd fel Isten Ig\u00e9j\u00e9t a tenyeredben<\/figcaption><\/figure><\/div>\n\n\n<h2 class=\"wp-block-heading\"><strong>A bibliai alkalmaz\u00e1sok haszn\u00e1lat\u00e1nak el\u0151nyei<\/strong><\/h2>\n\n\n\n<p>Az \u00f6sszes felk\u00edn\u00e1lt forr\u00e1s mellett egy bibliai alkalmaz\u00e1s haszn\u00e1lata sz\u00e1mos lelki \u00e9s gyakorlati el\u0151nnyel is j\u00e1rhat:<\/p>\n\n\n\n<ul class=\"wp-block-list\">\n<li><strong>K\u00f6nny\u0171 hozz\u00e1f\u00e9r\u00e9s:<\/strong> Mindig vidd magaddal a Bibli\u00e1t, b\u00e1rhol is legy\u00e9l.<\/li>\n\n\n\n<li><strong>Olvas\u00e1s szem\u00e9lyre szab\u00e1sa:<\/strong> Alak\u00edtsd ki a saj\u00e1t olvas\u00e1si rutinodat a lelki sz\u00fcks\u00e9gleteid alapj\u00e1n.<\/li>\n\n\n\n<li><strong>Lelki n\u00f6veked\u00e9s:<\/strong> Isten Ig\u00e9je jobban jelen lesz a mindennapi \u00e9letedben, seg\u00edtve a lelki fejl\u0151d\u00e9sedet.<\/li>\n\n\n\n<li><strong>K\u00f6z\u00f6ss\u00e9ger\u0151s\u00edt\u00e9s:<\/strong> Oszd meg a verseket \u00e9s gondolatokat bar\u00e1taiddal, \u00e9s er\u0151s\u00edtsd meg a kapcsolatodat a kereszt\u00e9ny k\u00f6z\u00f6ss\u00e9ggel.<\/li>\n<\/ul>\n\n\n\n<p>\u00c9s te? M\u00e1r haszn\u00e1lsz valamelyik alkalmaz\u00e1st? Ha nem, akkor mire v\u00e1rsz m\u00e9g?<\/p>\n\n\n\n<p>T\u00f6ltsd le \u0151ket most, \u00e9s fedezd fel, hogyan seg\u00edthet a technol\u00f3gia a hited meger\u0151s\u00edt\u00e9s\u00e9ben.<\/p>\n\n\n\n<h2 class=\"wp-block-heading\"><strong>Konkl\u00fazi\u00f3: A bibliaolvas\u00e1s j\u00f6v\u0151je<\/strong><\/h2>\n\n\n\n<p>A digit\u00e1lis bibliaolvas\u00e1s itt marad. Annyi el\u0151nnyel \u00e9s funkci\u00f3val Isten Ig\u00e9je m\u00e9g soha nem volt ennyire el\u00e9rhet\u0151 \u00e9s \u00e1talak\u00edt\u00f3, mint a tenyeredben lenni.<\/p>\n\n\n\n<p>A technol\u00f3gia megv\u00e1ltoztatja azt, ahogyan Istennel \u00e9s m\u00e1sokkal kapcsolatba l\u00e9p\u00fcnk, \u00e9s a bibliai alkalmaz\u00e1sok ezt bizony\u00edtj\u00e1k.<\/p>\n\n\n\n<p>Ha m\u00e9g nem pr\u00f3b\u00e1ltad ki, itt a lehet\u0151s\u00e9g, hogy \u00faj spiritu\u00e1lis utaz\u00e1sba kezdj!<\/p>\n\n\n\n<h3 class=\"wp-block-heading\">\ud83d\udce5 T\u00f6ltsd le az alkalmaz\u00e1sokat innen:<\/h3>\n\n\n\n<ul class=\"wp-block-list\">\n<li><strong>\u00dcdv\u00f6zl\u00e9gy M\u00e1ria Biblia<\/strong> \u2013 <a href=\"https:\/\/play.google.com\/store\/apps\/details?id=tepteev.ihar.biblia_ave_maria.AOUNVFLAKOECSYLY&amp;hl=pt_BR\">Android<\/a> \/ <a href=\"https:\/\/apps.apple.com\/br\/app\/b%C3%ADblia-ave-maria-cat%C3%B3lica\/id1487357691\">iOS<\/a><\/li>\n\n\n\n<li><strong>Verbum<\/strong> \u2013 <a href=\"https:\/\/play.google.com\/store\/apps\/details?id=com.logos.androidverbum&amp;hl=pt_BR\">Android<\/a> \/ <a href=\"https:\/\/apps.apple.com\/br\/app\/verbum-catholic-bible-study\/id571019685\">iOS<\/a><\/li>\n\n\n\n<li><strong>Laudate<\/strong> \u2013 <a href=\"https:\/\/play.google.com\/store\/apps\/details?id=com.aycka.apps.MassReadings&amp;hl=en_US\">Android<\/a> \/ <a href=\"https:\/\/apps.apple.com\/br\/app\/laudate-1-app-cat%C3%B3lica\/id499428207\">iOS<\/a><\/li>\n<\/ul>\n\n\n\n<hr class=\"wp-block-separator has-alpha-channel-opacity\" \/>\n\n\n\n<h2 class=\"wp-block-heading\"><strong>Gyakran Ism\u00e9telt K\u00e9rd\u00e9sek (GYIK) a Katolikus Bibli\u00e1r\u00f3l<\/strong><\/h2>\n\n\n\n<p><strong>1. Mi a k\u00fcl\u00f6nbs\u00e9g a katolikus Biblia \u00e9s a Biblia m\u00e1s v\u00e1ltozatai k\u00f6z\u00f6tt?<\/strong><\/p>\n\n\n\n<p>A katolikus Biblia tartalmazza a standard kereszt\u00e9ny Biblia \u00f6sszes k\u00f6nyv\u00e9t, de h\u00e9t tov\u00e1bbi k\u00f6nyvet is tartalmaz, amelyeket deuterokanonikus v\u00e1ltozatoknak nevez\u00fcnk (T\u00f3bit, Judit, B\u00f6lcsess\u00e9g, Pr\u00e9dik\u00e1tor k\u00f6nyve, B\u00e1ruk, valamint a Makkabeusok els\u0151 \u00e9s m\u00e1sodik k\u00f6nyve). Ezeket a v\u00e1ltozatokat a katolikus egyh\u00e1z kanonikusnak tekinti.<\/p>\n\n\n\n<p><strong>2. J\u00f3 v\u00e1laszt\u00e1s az Ave Maria Biblia a mindennapi olvasm\u00e1nyhoz?<\/strong><\/p>\n\n\n\n<p>Igen, az Ave Maria Biblia kiv\u00e1l\u00f3 v\u00e1laszt\u00e1s azoknak a katolikusoknak, akik naponta szeretn\u00e9k olvasni \u00e9s elm\u00e9lkedni a Szent\u00edr\u00e1son. Vil\u00e1gos, a katolikus hagyom\u00e1nyokat tiszteletben tart\u00f3 ford\u00edt\u00e1sa ide\u00e1liss\u00e1 teszi a szem\u00e9lyes im\u00e1hoz \u00e9s tanulm\u00e1nyoz\u00e1shoz.<\/p>\n\n\n\n<p><strong>3. Haszn\u00e1lhatom a Biblia alkalmaz\u00e1sokat internetkapcsolat n\u00e9lk\u00fcl?<\/strong><\/p>\n\n\n\n<p>A legt\u00f6bb bibliai alkalmaz\u00e1s lehet\u0151v\u00e9 teszi a Biblia verzi\u00f3inak let\u00f6lt\u00e9s\u00e9t offline olvas\u00e1shoz. Egyes tov\u00e1bbi funkci\u00f3khoz, p\u00e9ld\u00e1ul a hanganyagokhoz vagy az online olvas\u00e1si tervekhez azonban internet-hozz\u00e1f\u00e9r\u00e9s sz\u00fcks\u00e9ges lehet.<\/p>\n\n\n\n<p><strong>4. Milyen lelki el\u0151ny\u00f6kkel j\u00e1r a Biblia mobilalkalmaz\u00e1son kereszt\u00fcli olvas\u00e1sa?<\/strong><\/p>\n\n\n\n<p>A Biblia mobilalkalmaz\u00e1son kereszt\u00fcli olvas\u00e1sa lehet\u0151v\u00e9 teszi, hogy a nap b\u00e1rmely szak\u00e1ban gyorsan hozz\u00e1f\u00e9rj a Szent\u00edr\u00e1shoz, \u00edgy k\u00f6nnyebb\u00e9 v\u00e1lik a k\u00f6vetkezetes gyakorl\u00e1s. Az olvas\u00e1si tervek seg\u00edts\u00e9g\u00e9vel szem\u00e9lyre is szabhatod az \u00e9lm\u00e9nyt, ami seg\u00edt a lelki n\u00f6veked\u00e9sed \u00fatj\u00e1n maradni.<\/p>\n\n\n\n<p><strong>5. Biztons\u00e1gos a bibliai alkalmaz\u00e1sok let\u00f6lt\u00e9se?<\/strong><\/p>\n\n\n\n<p>Igen, felt\u00e9ve, hogy hivatalos \u00e1ruh\u00e1zakb\u00f3l, p\u00e9ld\u00e1ul a Google Playr\u0151l vagy az Apple App Store-b\u00f3l t\u00f6lt\u00f6d le az alkalmaz\u00e1sokat. Fontos ellen\u0151rizni a felhaszn\u00e1l\u00f3i v\u00e9lem\u00e9nyeket \u00e9s le\u00edr\u00e1sokat is, hogy megbizonyosodj arr\u00f3l, hogy megb\u00edzhat\u00f3 alkalmaz\u00e1st haszn\u00e1lsz.<\/p>","protected":false},"excerpt":{"rendered":"<p>A digit\u00e1lis Biblia: Az evangeliz\u00e1ci\u00f3 egy \u00faj form\u00e1ja. Manaps\u00e1g a technol\u00f3gia gyakorlatilag mindenben jelen van, igaz? \u00c9s amikor a hitr\u0151l \u00e9s a spiritualit\u00e1sr\u00f3l besz\u00e9l\u00fcnk, akkor is fontos szerepet j\u00e1tszik. Erre p\u00e9lda a digit\u00e1lis Biblia, amely lehet\u0151v\u00e9 teszi, hogy Isten Ig\u00e9je sz\u00f3 szerint a tenyeredben legyen. De [\u2026]<\/p>","protected":false},"author":219,"featured_media":6942,"comment_status":"closed","ping_status":"open","sticky":false,"template":"","format":"standard","meta":{"footnotes":""},"categories":[5],"tags":[170,518,701,767,846,1014],"yoast_head":"<!-- This site is optimized with the Yoast SEO plugin v23.3 - https:\/\/yoast.com\/wordpress\/plugins\/seo\/ -->\n<title>Descubre la Palabra de Dios en la Palma de Tu Mano - Universo Fam\u00edlia<\/title>\n<meta name=\"description\" content=\"Descubre la Palabra de Dios en la Palma de Tu Mano. Hoy en d\u00eda, la tecnolog\u00eda est\u00e1 presente en pr\u00e1cticamente todo, \u00bfverdad?...\" \/>\n<meta name=\"robots\" content=\"index, follow, max-snippet:-1, max-image-preview:large, max-video-preview:-1\" \/>\n<link rel=\"canonical\" href=\"https:\/\/universofamilia.com\/hu\/descubre-la-palabra-de-dios-en-la-palma-de-tu-mano\/\" \/>\n<meta property=\"og:locale\" content=\"hu_HU\" \/>\n<meta property=\"og:type\" content=\"article\" \/>\n<meta property=\"og:title\" content=\"Descubre la Palabra de Dios en la Palma de Tu Mano - Universo Fam\u00edlia\" \/>\n<meta property=\"og:description\" content=\"Descubre la Palabra de Dios en la Palma de Tu Mano. Hoy en d\u00eda, la tecnolog\u00eda est\u00e1 presente en pr\u00e1cticamente todo, \u00bfverdad?...\" \/>\n<meta property=\"og:url\" content=\"https:\/\/universofamilia.com\/hu\/descubre-la-palabra-de-dios-en-la-palma-de-tu-mano\/\" \/>\n<meta property=\"og:site_name\" content=\"Universo Fam\u00edlia\" \/>\n<meta property=\"article:published_time\" content=\"2024-10-17T14:29:46+00:00\" \/>\n<meta property=\"article:modified_time\" content=\"2025-10-13T17:08:59+00:00\" \/>\n<meta property=\"og:image\" content=\"https:\/\/universofamilia.com\/wp-content\/uploads\/sites\/148\/2024\/10\/DESTAQUE-UNIVERSO-550-x-350-3-5.jpg\" \/>\n\t<meta property=\"og:image:width\" content=\"550\" \/>\n\t<meta property=\"og:image:height\" content=\"350\" \/>\n\t<meta property=\"og:image:type\" content=\"image\/jpeg\" \/>\n<meta name=\"author\" content=\"Matheus Sangaletti\" \/>\n<meta name=\"twitter:card\" content=\"summary_large_image\" \/>\n<meta name=\"twitter:label1\" content=\"Written by\" \/>\n\t<meta name=\"twitter:data1\" content=\"Matheus Sangaletti\" \/>\n\t<meta name=\"twitter:label2\" content=\"Est. reading time\" \/>\n\t<meta name=\"twitter:data2\" content=\"8 perc\" \/>\n<script type=\"application\/ld+json\" class=\"yoast-schema-graph\">{\"@context\":\"https:\/\/schema.org\",\"@graph\":[{\"@type\":\"WebPage\",\"@id\":\"https:\/\/universofamilia.com\/zh_hk\/descubre-la-palabra-de-dios-en-la-palma-de-tu-mano\/\",\"url\":\"https:\/\/universofamilia.com\/zh_hk\/descubre-la-palabra-de-dios-en-la-palma-de-tu-mano\/\",\"name\":\"Descubre la Palabra de Dios en la Palma de Tu Mano - Universo Fam\u00edlia\",\"isPartOf\":{\"@id\":\"https:\/\/universofamilia.com\/el\/#website\"},\"primaryImageOfPage\":{\"@id\":\"https:\/\/universofamilia.com\/zh_hk\/descubre-la-palabra-de-dios-en-la-palma-de-tu-mano\/#primaryimage\"},\"image\":{\"@id\":\"https:\/\/universofamilia.com\/zh_hk\/descubre-la-palabra-de-dios-en-la-palma-de-tu-mano\/#primaryimage\"},\"thumbnailUrl\":\"https:\/\/universofamilia.com\/wp-content\/uploads\/sites\/148\/2024\/10\/DESTAQUE-UNIVERSO-550-x-350-3-5.jpg\",\"datePublished\":\"2024-10-17T14:29:46+00:00\",\"dateModified\":\"2025-10-13T17:08:59+00:00\",\"author\":{\"@id\":\"https:\/\/universofamilia.com\/el\/#\/schema\/person\/92fcd07e9b1f4323bf74f3170fc0f78a\"},\"description\":\"Descubre la Palabra de Dios en la Palma de Tu Mano. Hoy en d\u00eda, la tecnolog\u00eda est\u00e1 presente en pr\u00e1cticamente todo, \u00bfverdad?...\",\"breadcrumb\":{\"@id\":\"https:\/\/universofamilia.com\/zh_hk\/descubre-la-palabra-de-dios-en-la-palma-de-tu-mano\/#breadcrumb\"},\"inLanguage\":\"hu\",\"potentialAction\":[{\"@type\":\"ReadAction\",\"target\":[\"https:\/\/universofamilia.com\/zh_hk\/descubre-la-palabra-de-dios-en-la-palma-de-tu-mano\/\"]}]},{\"@type\":\"ImageObject\",\"inLanguage\":\"hu\",\"@id\":\"https:\/\/universofamilia.com\/zh_hk\/descubre-la-palabra-de-dios-en-la-palma-de-tu-mano\/#primaryimage\",\"url\":\"https:\/\/universofamilia.com\/wp-content\/uploads\/sites\/148\/2024\/10\/DESTAQUE-UNIVERSO-550-x-350-3-5.jpg\",\"contentUrl\":\"https:\/\/universofamilia.com\/wp-content\/uploads\/sites\/148\/2024\/10\/DESTAQUE-UNIVERSO-550-x-350-3-5.jpg\",\"width\":550,\"height\":350,\"caption\":\"Descubre la Palabra de Dios en la Palma de Tu Mano\"},{\"@type\":\"BreadcrumbList\",\"@id\":\"https:\/\/universofamilia.com\/zh_hk\/descubre-la-palabra-de-dios-en-la-palma-de-tu-mano\/#breadcrumb\",\"itemListElement\":[{\"@type\":\"ListItem\",\"position\":1,\"name\":\"Home\",\"item\":\"https:\/\/universofamilia.com\/el\/\"},{\"@type\":\"ListItem\",\"position\":2,\"name\":\"Descubre la Palabra de Dios en la Palma de Tu Mano\"}]},{\"@type\":\"WebSite\",\"@id\":\"https:\/\/universofamilia.com\/el\/#website\",\"url\":\"https:\/\/universofamilia.com\/el\/\",\"name\":\"Universo Fam\u00edlia\",\"description\":\"\",\"potentialAction\":[{\"@type\":\"SearchAction\",\"target\":{\"@type\":\"EntryPoint\",\"urlTemplate\":\"https:\/\/universofamilia.com\/el\/?s={search_term_string}\"},\"query-input\":\"required name=search_term_string\"}],\"inLanguage\":\"hu\"},{\"@type\":\"Person\",\"@id\":\"https:\/\/universofamilia.com\/el\/#\/schema\/person\/92fcd07e9b1f4323bf74f3170fc0f78a\",\"name\":\"Matheus Sangaletti\",\"image\":{\"@type\":\"ImageObject\",\"inLanguage\":\"hu\",\"@id\":\"https:\/\/universofamilia.com\/el\/#\/schema\/person\/image\/\",\"url\":\"https:\/\/secure.gravatar.com\/avatar\/280ea957a14a48e6a1ad2133d2cc27c9?s=96&d=mm&r=g\",\"contentUrl\":\"https:\/\/secure.gravatar.com\/avatar\/280ea957a14a48e6a1ad2133d2cc27c9?s=96&d=mm&r=g\",\"caption\":\"Matheus Sangaletti\"},\"url\":\"https:\/\/universofamilia.com\/hu\/author\/matheuss\/\"}]}<\/script>\n<!-- \/ Yoast SEO plugin. -->","yoast_head_json":{"title":"Descubre la Palabra de Dios en la Palma de Tu Mano - Universo Fam\u00edlia","description":"Descubre la Palabra de Dios en la Palma de Tu Mano. Hoy en d\u00eda, la tecnolog\u00eda est\u00e1 presente en pr\u00e1cticamente todo, \u00bfverdad?...","robots":{"index":"index","follow":"follow","max-snippet":"max-snippet:-1","max-image-preview":"max-image-preview:large","max-video-preview":"max-video-preview:-1"},"canonical":"https:\/\/universofamilia.com\/hu\/descubre-la-palabra-de-dios-en-la-palma-de-tu-mano\/","og_locale":"hu_HU","og_type":"article","og_title":"Descubre la Palabra de Dios en la Palma de Tu Mano - Universo Fam\u00edlia","og_description":"Descubre la Palabra de Dios en la Palma de Tu Mano. Hoy en d\u00eda, la tecnolog\u00eda est\u00e1 presente en pr\u00e1cticamente todo, \u00bfverdad?...","og_url":"https:\/\/universofamilia.com\/hu\/descubre-la-palabra-de-dios-en-la-palma-de-tu-mano\/","og_site_name":"Universo Fam\u00edlia","article_published_time":"2024-10-17T14:29:46+00:00","article_modified_time":"2025-10-13T17:08:59+00:00","og_image":[{"width":550,"height":350,"url":"https:\/\/universofamilia.com\/wp-content\/uploads\/sites\/148\/2024\/10\/DESTAQUE-UNIVERSO-550-x-350-3-5.jpg","type":"image\/jpeg"}],"author":"Matheus Sangaletti","twitter_card":"summary_large_image","twitter_misc":{"Written by":"Matheus Sangaletti","Est. reading time":"8 perc"},"schema":{"@context":"https:\/\/schema.org","@graph":[{"@type":"WebPage","@id":"https:\/\/universofamilia.com\/zh_hk\/descubre-la-palabra-de-dios-en-la-palma-de-tu-mano\/","url":"https:\/\/universofamilia.com\/zh_hk\/descubre-la-palabra-de-dios-en-la-palma-de-tu-mano\/","name":"Descubre la Palabra de Dios en la Palma de Tu Mano - Universo Fam\u00edlia","isPartOf":{"@id":"https:\/\/universofamilia.com\/el\/#website"},"primaryImageOfPage":{"@id":"https:\/\/universofamilia.com\/zh_hk\/descubre-la-palabra-de-dios-en-la-palma-de-tu-mano\/#primaryimage"},"image":{"@id":"https:\/\/universofamilia.com\/zh_hk\/descubre-la-palabra-de-dios-en-la-palma-de-tu-mano\/#primaryimage"},"thumbnailUrl":"https:\/\/universofamilia.com\/wp-content\/uploads\/sites\/148\/2024\/10\/DESTAQUE-UNIVERSO-550-x-350-3-5.jpg","datePublished":"2024-10-17T14:29:46+00:00","dateModified":"2025-10-13T17:08:59+00:00","author":{"@id":"https:\/\/universofamilia.com\/el\/#\/schema\/person\/92fcd07e9b1f4323bf74f3170fc0f78a"},"description":"Descubre la Palabra de Dios en la Palma de Tu Mano. Hoy en d\u00eda, la tecnolog\u00eda est\u00e1 presente en pr\u00e1cticamente todo, \u00bfverdad?...","breadcrumb":{"@id":"https:\/\/universofamilia.com\/zh_hk\/descubre-la-palabra-de-dios-en-la-palma-de-tu-mano\/#breadcrumb"},"inLanguage":"hu","potentialAction":[{"@type":"ReadAction","target":["https:\/\/universofamilia.com\/zh_hk\/descubre-la-palabra-de-dios-en-la-palma-de-tu-mano\/"]}]},{"@type":"ImageObject","inLanguage":"hu","@id":"https:\/\/universofamilia.com\/zh_hk\/descubre-la-palabra-de-dios-en-la-palma-de-tu-mano\/#primaryimage","url":"https:\/\/universofamilia.com\/wp-content\/uploads\/sites\/148\/2024\/10\/DESTAQUE-UNIVERSO-550-x-350-3-5.jpg","contentUrl":"https:\/\/universofamilia.com\/wp-content\/uploads\/sites\/148\/2024\/10\/DESTAQUE-UNIVERSO-550-x-350-3-5.jpg","width":550,"height":350,"caption":"Descubre la Palabra de Dios en la Palma de Tu Mano"},{"@type":"BreadcrumbList","@id":"https:\/\/universofamilia.com\/zh_hk\/descubre-la-palabra-de-dios-en-la-palma-de-tu-mano\/#breadcrumb","itemListElement":[{"@type":"ListItem","position":1,"name":"Home","item":"https:\/\/universofamilia.com\/el\/"},{"@type":"ListItem","position":2,"name":"Descubre la Palabra de Dios en la Palma de Tu Mano"}]},{"@type":"WebSite","@id":"https:\/\/universofamilia.com\/el\/#website","url":"https:\/\/universofamilia.com\/el\/","name":"Universo Fam\u00edlia","description":"","potentialAction":[{"@type":"SearchAction","target":{"@type":"EntryPoint","urlTemplate":"https:\/\/universofamilia.com\/el\/?s={search_term_string}"},"query-input":"required name=search_term_string"}],"inLanguage":"hu"},{"@type":"Person","@id":"https:\/\/universofamilia.com\/el\/#\/schema\/person\/92fcd07e9b1f4323bf74f3170fc0f78a","name":"Matheus Sangaletti","image":{"@type":"ImageObject","inLanguage":"hu","@id":"https:\/\/universofamilia.com\/el\/#\/schema\/person\/image\/","url":"https:\/\/secure.gravatar.com\/avatar\/280ea957a14a48e6a1ad2133d2cc27c9?s=96&d=mm&r=g","contentUrl":"https:\/\/secure.gravatar.com\/avatar\/280ea957a14a48e6a1ad2133d2cc27c9?s=96&d=mm&r=g","caption":"Matheus Sangaletti"},"url":"https:\/\/universofamilia.com\/hu\/author\/matheuss\/"}]}},"_links":{"self":[{"href":"https:\/\/universofamilia.com\/hu\/wp-json\/wp\/v2\/posts\/6941"}],"collection":[{"href":"https:\/\/universofamilia.com\/hu\/wp-json\/wp\/v2\/posts"}],"about":[{"href":"https:\/\/universofamilia.com\/hu\/wp-json\/wp\/v2\/types\/post"}],"author":[{"embeddable":true,"href":"https:\/\/universofamilia.com\/hu\/wp-json\/wp\/v2\/users\/219"}],"replies":[{"embeddable":true,"href":"https:\/\/universofamilia.com\/hu\/wp-json\/wp\/v2\/comments?post=6941"}],"version-history":[{"count":1,"href":"https:\/\/universofamilia.com\/hu\/wp-json\/wp\/v2\/posts\/6941\/revisions"}],"predecessor-version":[{"id":10084,"href":"https:\/\/universofamilia.com\/hu\/wp-json\/wp\/v2\/posts\/6941\/revisions\/10084"}],"wp:featuredmedia":[{"embeddable":true,"href":"https:\/\/universofamilia.com\/hu\/wp-json\/wp\/v2\/media\/6942"}],"wp:attachment":[{"href":"https:\/\/universofamilia.com\/hu\/wp-json\/wp\/v2\/media?parent=6941"}],"wp:term":[{"taxonomy":"category","embeddable":true,"href":"https:\/\/universofamilia.com\/hu\/wp-json\/wp\/v2\/categories?post=6941"},{"taxonomy":"post_tag","embeddable":true,"href":"https:\/\/universofamilia.com\/hu\/wp-json\/wp\/v2\/tags?post=6941"}],"curies":[{"name":"wp","href":"https:\/\/api.w.org\/{rel}","templated":true}]}}