{"id":6952,"date":"2024-10-18T21:52:09","date_gmt":"2024-10-19T00:52:09","guid":{"rendered":"https:\/\/universofamilia.com\/?p=6952"},"modified":"2025-01-28T14:39:35","modified_gmt":"2025-01-28T14:39:35","slug":"descubre-quien-visita-tu-perfil-redes-sociales","status":"publish","type":"post","link":"https:\/\/universofamilia.com\/hu\/descubre-quien-visita-tu-perfil-redes-sociales\/","title":{"rendered":"Tudja meg, kik l\u00e1togatj\u00e1k a profilj\u00e1t a k\u00f6z\u00f6ss\u00e9gi h\u00e1l\u00f3zatokon"},"content":{"rendered":"<p>Elgondolkodt\u00e1l m\u00e1r azon, hogy \u201eValaki ellen\u0151rzi a k\u00f6z\u00f6ss\u00e9gi m\u00e9dia profilomat?\u201d<\/p>\n\n\n\n<p>Ezen platformok egyre n\u00f6vekv\u0151 haszn\u00e1lat\u00e1val ez a k\u00edv\u00e1ncsis\u00e1g egyre gyakoribb.<\/p>\n\n\n\n<p><\/p>\n\n\n\n<hr class=\"wp-block-separator has-text-color has-luminous-vivid-orange-color has-alpha-channel-opacity has-luminous-vivid-orange-background-color has-background\" \/>\n\n\n\n<h2 class=\"wp-block-heading\">Olvasd el m\u00e9g:<\/h2>\n\n\n\n<ul class=\"wp-block-list\">\n<li class=\"has-medium-font-size\"><a href=\"https:\/\/universofamilia.com\/hu\/6898\/leer-la-biblia-catolica-en-tu-celular\/\"><font style=\"vertical-align: inherit\"><font style=\"vertical-align: inherit\">\ud83d\udccc Olvasd a katolikus Bibli\u00e1t a mobiltelefonodon<\/font><\/font> &gt;<\/a><\/li>\n\n\n\n<li class=\"has-medium-font-size\"><a href=\"https:\/\/universofamilia.com\/hu\/6855\/grabar-llamadas-recibidas\/\">\ud83d\udccc Bej\u00f6v\u0151 h\u00edv\u00e1sok r\u00f6gz\u00edt\u00e9se &gt;<\/a><\/li>\n\n\n\n<li class=\"has-medium-font-size\"><a href=\"https:\/\/universofamilia.com\/hu\/6832\/aplicacion-para-bailar-zumba\/\">\ud83d\udccc Zumba T\u00e1nc Alkalmaz\u00e1s &gt;<\/a><\/li>\n<\/ul>\n\n\n\n<hr class=\"wp-block-separator has-text-color has-luminous-vivid-orange-color has-alpha-channel-opacity has-luminous-vivid-orange-background-color has-background\" \/>\n\n\n\n<p><\/p>\n\n\n\n<p>V\u00e9g\u00fcl is ki ne akarn\u00e1 tudni, hogy ki k\u00e9mkedik a fot\u00f3i \u00e9s posztjai ut\u00e1n?<\/p>\n\n\n\n<p>Ebben a cikkben megfejtj\u00fck ezt a rejt\u00e9lyt, \u00e9s megmutatjuk, hogyan seg\u00edthetnek bizonyos eszk\u00f6z\u00f6k \u00e9s alkalmaz\u00e1sok a profilod l\u00e1togat\u00f3inak nyomon k\u00f6vet\u00e9s\u00e9ben, valamint azt is, hogy mennyire val\u00f3sak ezek az inform\u00e1ci\u00f3k.<\/p>\n\n\n\n<p>Az online adatv\u00e9delem kulcsfontoss\u00e1g\u00fa, de a k\u00edv\u00e1ncsis\u00e1g is er\u0151s, igaz?<\/p>\n\n\n\n<h2 class=\"wp-block-heading\"><strong>A l\u00e1that\u00f3s\u00e1g m\u00edtosza a k\u00f6z\u00f6ss\u00e9gi m\u00e9di\u00e1ban<\/strong><\/h2>\n\n\n\n<p>Miel\u0151tt belemer\u00fcln\u00e9nk az olyan eszk\u00f6z\u00f6kbe, amelyek \u00edg\u00e9retet tesznek arra, hogy felfedik, kik l\u00e1togatt\u00e1k meg a profilodat, fontos meg\u00e9rteni, hogyan m\u0171k\u00f6dik a k\u00f6z\u00f6ss\u00e9gi m\u00e9dia ebben a tekintetben.<\/p>\n\n\n\n<p>A legt\u00f6bb platform, mint p\u00e9ld\u00e1ul a Facebook, az Instagram \u00e9s a Twitter, nem adja meg k\u00f6zvetlen\u00fcl ezeket az inform\u00e1ci\u00f3kat.<\/p>\n\n\n\n<p>De mi\u00e9rt rejtik el ezeket az adatokat a k\u00f6z\u00f6ss\u00e9gi h\u00e1l\u00f3zatok? F\u0151k\u00e9nt a felhaszn\u00e1l\u00f3k adatv\u00e9delm\u00e9nek v\u00e9delme \u00e9rdek\u00e9ben.<\/p>\n\n\n\n<p>Ha b\u00e1rki l\u00e1thatn\u00e1, hogy ki l\u00e1togatta meg a profilj\u00e1t, az \u00e1lland\u00f3 megfigyel\u00e9si k\u00f6rnyezetet teremthetne, amit a platformok ink\u00e1bb elker\u00fclnek.<\/p>\n\n\n\n<p>Ennek ellen\u00e9re a felhaszn\u00e1l\u00f3k k\u00edv\u00e1ncsis\u00e1ga nem t\u0171nik el.<\/p>\n\n\n\n<p>A val\u00f3s\u00e1g az, hogy \u2013 kiv\u00e9ve bizonyos eseteket, mint p\u00e9ld\u00e1ul a LinkedIn, amely ezt a funkci\u00f3t pr\u00e9mium felhaszn\u00e1l\u00f3inak k\u00edn\u00e1lja \u2013 nincsenek hat\u00e9kony m\u00f3dszerek annak kider\u00edt\u00e9s\u00e9re, hogy kik l\u00e1togatt\u00e1k meg a profilodat.<\/p>\n\n\n\n<h2 class=\"wp-block-heading\"><strong>Eszk\u00f6z\u00f6k \u00e9s kiterjeszt\u00e9sek: Igazs\u00e1g vagy m\u00edtosz?<\/strong><\/h2>\n\n\n\n<p>Ennek a k\u00edv\u00e1ncsis\u00e1gnak a kiel\u00e9g\u00edt\u00e9s\u00e9re sz\u00e1mos eszk\u00f6z \u00e9s alkalmaz\u00e1s jelent meg, amelyek \u00edg\u00e9retet tesznek arra, hogy megmutatj\u00e1k, kik l\u00e1togatt\u00e1k meg a profilodat.<\/p>\n\n\n\n<p>B\u00e1r n\u00e9h\u00e1ny kiemelkedik, \u00f3vatosnak kell lenni. Sok ilyen program hamis eredm\u00e9nyeket jelen\u00edthet meg, vagy ak\u00e1r vesz\u00e9lyeztetheti az eszk\u00f6z biztons\u00e1g\u00e1t.<\/p>\n\n\n\n<h3 class=\"wp-block-heading\"><strong>N\u00e9pszer\u0171 \u00e9s megb\u00edzhat\u00f3 alkalmaz\u00e1sok<\/strong><\/h3>\n\n\n\n<p>Vannak olyan eszk\u00f6z\u00f6k, amelyek elemz\u00e9seket tudnak ny\u00fajtani arr\u00f3l, hogy kik l\u00e9pnek a legt\u00f6bbet interakci\u00f3ba a profiloddal, b\u00e1r nem mutatj\u00e1k ki pontosan, hogy kik l\u00e1togatt\u00e1k meg az oldaladat.<\/p>\n\n\n\n<p>Az al\u00e1bbiakban a k\u00e9t legismertebbet mutatjuk be:<\/p>\n\n\n\n<ol class=\"wp-block-list\">\n<li><strong>Profilk\u00f6vet\u0151<\/strong> \u2013 Android<br>Ez az alkalmaz\u00e1s n\u00e9pszer\u0171s\u00e9gre tett szert annak k\u00f6sz\u00f6nhet\u0151en, hogy \u00edg\u00e9retet tett arra, hogy megmutatja, kik l\u00e9pnek a legt\u00f6bbet interakci\u00f3ba a profiloddal. R\u00e9szletes adatokat ny\u00fajt a l\u00e1jkokr\u00f3l, hozz\u00e1sz\u00f3l\u00e1sokr\u00f3l \u00e9s interakci\u00f3kr\u00f3l, seg\u00edtve azonos\u00edtani, hogy kik a legakt\u00edvabbak a h\u00e1l\u00f3zataidban.<\/li>\n\n\n\n<li><strong>Megtekintve: Profilom link<\/strong> \u2013 Android\/iOS<br>Az interakci\u00f3id m\u00e9lyebb elemz\u00e9s\u00e9t \u00edg\u00e9rve ez az alkalmaz\u00e1s \u00e1tvizsg\u00e1lja a k\u00f6z\u00f6ss\u00e9gi m\u00e9dia csatorn\u00e1idat, \u00e9s megmutatja, hogy kik l\u00e9ptek veled a legt\u00f6bbet interakci\u00f3ba. B\u00e1r nem mutatja k\u00f6zvetlen\u00fcl a l\u00e1togat\u00f3kat, hasznos betekint\u00e9st ny\u00fajt a k\u00f6z\u00f6ss\u00e9gi m\u00e9dia strat\u00e9gi\u00e1d fejleszt\u00e9s\u00e9be.<\/li>\n<\/ol>\n\n\n\n<h2 class=\"wp-block-heading\"><strong>Adatelemz\u00e9s \u00e9s k\u00f6vetkeztet\u00e9sek: Mit lehet felfedezni?<\/strong><\/h2>\n\n\n\n<p>B\u00e1r ezek az eszk\u00f6z\u00f6k nem mutatj\u00e1k pontosan, hogy kik l\u00e1togatt\u00e1k meg a profilodat, \u00e9rt\u00e9kes betekint\u00e9st ny\u00fajtanak abba, hogy a felhaszn\u00e1l\u00f3k hogyan l\u00e9pnek interakci\u00f3ba a tartalmaiddal.<\/p>\n\n\n\n<p>A bejegyz\u00e9seid interakci\u00f3inak elemz\u00e9s\u00e9vel jobban meg\u00e9rtheted k\u00f6vet\u0151id viselked\u00e9s\u00e9t.<\/p>\n\n\n\n<p>Ha tudod, hogy milyen t\u00edpus\u00fa tartalom gener\u00e1lja a legt\u00f6bb l\u00e1jkot vagy hozz\u00e1sz\u00f3l\u00e1st, az seg\u00edthet finomhangolni a bejegyz\u00e9seidet, n\u00f6velve az elk\u00f6telez\u0151d\u00e9st \u00e9s az el\u00e9r\u00e9st.<\/p>\n\n\n\n<h2 class=\"wp-block-heading\"><strong>Hogyan haszn\u00e1ld fel ezt az inform\u00e1ci\u00f3t az el\u0151ny\u00f6dre<\/strong><\/h2>\n\n\n\n<p>Ha a c\u00e9lod az interakci\u00f3k \u00e9s a profiloddal val\u00f3 elk\u00f6telez\u0151d\u00e9s sz\u00e1m\u00e1nak n\u00f6vel\u00e9se, akkor ezen eszk\u00f6z\u00f6k strat\u00e9giai haszn\u00e1lata nagy v\u00e1ltoz\u00e1st hozhat.<\/p>\n\n\n\n<p>Ha azonos\u00edtod, hogy mely bejegyz\u00e9st\u00edpusok gener\u00e1lj\u00e1k a legt\u00f6bb megtekint\u00e9st vagy l\u00e1jkot, akkor relev\u00e1nsabb \u00e9s c\u00e9lzottabb tartalmat hozhatsz l\u00e9tre a k\u00f6vet\u0151id sz\u00e1m\u00e1ra.<\/p>\n\n\n\n<p>P\u00e9ld\u00e1ul, ha a szem\u00e9lyes le\u00edr\u00e1sokat tartalmaz\u00f3 fot\u00f3k nagyobb elk\u00f6telez\u0151d\u00e9st gener\u00e1lnak, az ilyen t\u00edpus\u00fa bejegyz\u00e9sekre val\u00f3 \u00f6sszpontos\u00edt\u00e1s t\u00f6bb l\u00e1togat\u00f3t vonzhat.<\/p>\n\n\n\n<h3 class=\"wp-block-heading\"><strong>Tippek a k\u00f6z\u00f6ss\u00e9gi m\u00e9dia strat\u00e9gi\u00e1d fejleszt\u00e9s\u00e9hez:<\/strong><\/h3>\n\n\n\n<ul class=\"wp-block-list\">\n<li><strong>Gyakran posztolj:<\/strong> Az akt\u00edv profilok \u00e1ltal\u00e1ban t\u00f6bb l\u00e1togat\u00f3t vonzanak.<\/li>\n\n\n\n<li><strong>Haszn\u00e1lj relev\u00e1ns hashtageket:<\/strong> Ez n\u00f6veli annak az es\u00e9ly\u00e9t, hogy a h\u00e1l\u00f3zatodon k\u00edv\u00fcli emberek is l\u00e1tj\u00e1k a tartalmaidat.<\/li>\n\n\n\n<li><strong>L\u00e9pj kapcsolatba a k\u00f6vet\u0151iddel:<\/strong> Min\u00e9l t\u00f6bb hozz\u00e1sz\u00f3l\u00e1sra \u00e9s \u00fczenetre v\u00e1laszolsz, ann\u00e1l val\u00f3sz\u00edn\u0171bb, hogy az emberek visszat\u00e9rnek a profilodra.<\/li>\n<\/ul>\n\n\n<div class=\"wp-block-image\">\n<figure class=\"aligncenter size-full\"><img loading=\"lazy\" decoding=\"async\" width=\"550\" height=\"350\" src=\"http:\/\/universofamilia.com\/wp-content\/uploads\/sites\/148\/2024\/10\/DESTAQUE-UNIVERSO-550-x-350-2-8.jpg\" alt=\"\" class=\"wp-image-6953\" srcset=\"https:\/\/universofamilia.com\/wp-content\/uploads\/sites\/148\/2024\/10\/DESTAQUE-UNIVERSO-550-x-350-2-8.jpg 550w, https:\/\/universofamilia.com\/wp-content\/uploads\/sites\/148\/2024\/10\/DESTAQUE-UNIVERSO-550-x-350-2-8-300x191.jpg 300w\" sizes=\"(max-width: 550px) 100vw, 550px\" \/><figcaption class=\"wp-element-caption\">Tudja meg, kik l\u00e1togatj\u00e1k a profilj\u00e1t a k\u00f6z\u00f6ss\u00e9gi h\u00e1l\u00f3zatokon<\/figcaption><\/figure><\/div>\n\n\n<h2 class=\"wp-block-heading\"><strong>Adatv\u00e9delmi szempontok<\/strong><\/h2>\n\n\n\n<p>B\u00e1r cs\u00e1b\u00edt\u00f3nak t\u0171nhet ezekkel az eszk\u00f6z\u00f6kkel nyomon k\u00f6vetni, hogy kik l\u00e1togatt\u00e1k meg a profilodat, fontos figyelembe venni az adatv\u00e9delmi kock\u00e1zatokat.<\/p>\n\n\n\n<p>Ezen harmadik f\u00e9lt\u0151l sz\u00e1rmaz\u00f3 alkalmaz\u00e1sok k\u00f6z\u00fcl sok hozz\u00e1f\u00e9r\u00e9st k\u00e9r \u00e9rz\u00e9keny adatokhoz, ami sebezhet\u0151s\u00e9geket okozhat.<\/p>\n\n\n\n<p>Fenn\u00e1ll annak a vesz\u00e9lye is, hogy csal\u00e1sok csapd\u00e1j\u00e1ba es\u00fcnk. Egyes programok \u201ecsod\u00e1s\u201d szolg\u00e1ltat\u00e1sokat \u00edg\u00e9rnek, cser\u00e9be pedig rosszindulat\u00fa programokat telep\u00edtenek vagy adatokat gy\u0171jtenek a beleegyez\u00e9s\u00fcnk n\u00e9lk\u00fcl.<\/p>\n\n\n\n<h4 class=\"wp-block-heading\"><strong>Tippek az adatv\u00e9delemhez a k\u00f6z\u00f6ss\u00e9gi m\u00e9di\u00e1ban:<\/strong><\/h4>\n\n\n\n<ol class=\"wp-block-list\">\n<li>Ellen\u0151rizd a telep\u00edtett alkalmaz\u00e1sok jogosults\u00e1gait.<\/li>\n\n\n\n<li>Ker\u00fclje az eszk\u00f6z\u00f6k nem megb\u00edzhat\u00f3 forr\u00e1sokb\u00f3l t\u00f6rt\u00e9n\u0151 let\u00f6lt\u00e9s\u00e9t.<\/li>\n\n\n\n<li>Tartsa az adatv\u00e9delmi be\u00e1ll\u00edt\u00e1sait az ig\u00e9nyeinek megfelel\u0151en.<\/li>\n<\/ol>\n\n\n\n<h2 class=\"wp-block-heading\"><strong>Az igazs\u00e1g arr\u00f3l, hogy kik l\u00e1togatj\u00e1k a profilodat<\/strong><\/h2>\n\n\n\n<p>Most, hogy jobban meg\u00e9rted, hogyan m\u0171k\u00f6dik a k\u00f6z\u00f6ss\u00e9gi m\u00e9dia, \u00e9s milyen korl\u00e1tai vannak annak, hogy tudjuk, kik l\u00e1togatt\u00e1k meg a profilodat, fontos elfogadni, hogy a legt\u00f6bb esetben nincs konkr\u00e9t m\u00f3d ennek az inform\u00e1ci\u00f3nak a megszerz\u00e9s\u00e9re.<\/p>\n\n\n\n<p>Ez azonban nem jelenti azt, hogy nem tudod jav\u00edtani a profilodat, \u00e9s nem vonzhatsz t\u00f6bb embert organikus \u00e9s biztons\u00e1gos m\u00f3don.<\/p>\n\n\n\n<h2 class=\"wp-block-heading\"><strong>Felhaszn\u00e1l\u00f3k \u00e1ltal \u00e9rt\u00e9kelt alkalmaz\u00e1sok<\/strong><\/h2>\n\n\n\n<p>L\u00e1ssuk n\u00e9h\u00e1ny felhaszn\u00e1l\u00f3 v\u00e9lem\u00e9ny\u00e9t a fent eml\u00edtett alkalmaz\u00e1sokr\u00f3l:<\/p>\n\n\n\n<ol class=\"wp-block-list\">\n<li><strong>Profilk\u00f6vet\u0151<\/strong> (Android)\n<ul class=\"wp-block-list\">\n<li>Juan M. \u00e9rt\u00e9kel\u00e9se: \u201eNagyon hasznos alkalmaz\u00e1snak tal\u00e1lom. Nem mutatja pontosan, hogy ki l\u00e1togatta meg, de j\u00f3 k\u00e9pet ad arr\u00f3l, hogy kik l\u00e9pnek kapcsolatba a legt\u00f6bbet. Aj\u00e1nlom!\u201d<\/li>\n\n\n\n<li>Maria S. \u00e9rt\u00e9kel\u00e9se: \u201eEl\u00e9gg\u00e9 tetszik, b\u00e1r lehetne pontosabb is. Az interakci\u00f3s inform\u00e1ci\u00f3k viszont m\u00e1r most is nagyon hasznosak.\u201d<\/li>\n\n\n\n<li>Carlos P. \u00e9rt\u00e9kel\u00e9se: \u201eJ\u00f3 alkalmaz\u00e1s, ha t\u00f6bbet szeretn\u00e9l megtudni arr\u00f3l, hogy kik kedvelik a bejegyz\u00e9seidet. Biztons\u00e1gosnak \u00e9s k\u00f6nnyen haszn\u00e1lhat\u00f3nak tal\u00e1ltam.\u201d<\/li>\n<\/ul>\n<\/li>\n\n\n\n<li><strong>Megtekintve: Profilom link<\/strong> (Android\/iOS)\n<ul class=\"wp-block-list\">\n<li>Ana R. \u00e9rt\u00e9kel\u00e9se: \u201eJ\u00f3l m\u0171k\u00f6dik! Nem mutatja k\u00f6zvetlen\u00fcl, hogy ki l\u00e1togatta meg, de \u00e9rt\u00e9kes betekint\u00e9st ny\u00fajtott a bejegyz\u00e9seimbe.\u201d<\/li>\n\n\n\n<li>Luisa T. \u00e9rt\u00e9kel\u00e9se: \u201eEgyszer\u0171 \u00e9s hat\u00e9kony. Az analitika nagyszer\u0171 a k\u00f6vet\u0151i elk\u00f6telez\u0151d\u00e9s jav\u00edt\u00e1s\u00e1ra.\u201d<\/li>\n\n\n\n<li>Fernando G. \u00e9rt\u00e9kel\u00e9se: \u201eNagyon j\u00f3! Seg\u00edtett meg\u00e9rtenem, hogy mit szeretnek az emberek a profilomon.\u201d<\/li>\n<\/ul>\n<\/li>\n<\/ol>\n\n\n\n<h2 class=\"wp-block-heading\"><strong>Konkl\u00fazi\u00f3: N\u00f6veld az elk\u00f6telez\u0151d\u00e9sedet an\u00e9lk\u00fcl, hogy agg\u00f3dnod kellene a zaklat\u00f3k miatt<\/strong><\/h2>\n\n\n\n<p>B\u00e1r a profilod l\u00e1togat\u00f3ival kapcsolatos k\u00edv\u00e1ncsis\u00e1g gyakori, a legfontosabb, hogy min\u0151s\u00e9gi tartalom l\u00e9trehoz\u00e1s\u00e1ra \u00e9s a k\u00f6vet\u0151iddel val\u00f3 interakci\u00f3 jav\u00edt\u00e1s\u00e1ra \u00f6sszpontos\u00edts.<\/p>\n\n\n\n<p>A k\u00f6z\u00f6ss\u00e9gi m\u00e9dia interakci\u00f3kat elemz\u0151 eszk\u00f6z\u00f6k haszn\u00e1lata nagyszer\u0171 m\u00f3dja lehet annak, hogy jobban meg\u00e9rtsd a k\u00f6z\u00f6ns\u00e9gedet \u00e9s jav\u00edtsd az online jelenl\u00e9tedet.<\/p>\n\n\n\n<p>Azoknak, akik ki szeretn\u00e9k pr\u00f3b\u00e1lni a fent eml\u00edtett alkalmaz\u00e1sokat, itt vannak a let\u00f6lt\u00e9si linkek:<\/p>\n\n\n\n<p><strong>Let\u00f6lt\u00e9si linkek:<\/strong><\/p>\n\n\n\n<ul class=\"wp-block-list\">\n<li>Profilk\u00f6vet\u0151 \u2013<a href=\"https:\/\/play.google.com\/store\/apps\/details?id=com.analyzing.network\"> Android<\/a><\/li>\n\n\n\n<li>Megtekintve: Profilom link \u2013 <a href=\"https:\/\/play.google.com\/store\/apps\/details?id=com.wprofeel.wprofile\">Android <\/a>\/ <a href=\"https:\/\/apps.apple.com\/br\/app\/viewed-my-profile-link\/id6476164852\">iOS<\/a><\/li>\n<\/ul>\n\n\n\n<p>Ha tetszett ez a cikk, oszd meg a bar\u00e1taiddal, \u00e9s seg\u00edts nekik is megoldani a k\u00f6z\u00f6ss\u00e9gi m\u00e9dia rejt\u00e9ly\u00e9t!<\/p>\n\n\n\n<hr class=\"wp-block-separator has-alpha-channel-opacity\" \/>\n\n\n\n<h2 class=\"wp-block-heading\"><strong>Gyakran Ism\u00e9telt K\u00e9rd\u00e9sek (GYIK) a k\u00f6z\u00f6ss\u00e9gi h\u00e1l\u00f3zatokr\u00f3l<\/strong><\/h2>\n\n\n\n<ol class=\"wp-block-list\">\n<li><strong>Val\u00f3ban tudhatom, hogy ki l\u00e1togatja a Facebook vagy Instagram profilomat?<\/strong> Nem, sem a Facebook, sem az Instagram nem teszi lehet\u0151v\u00e9, hogy l\u00e1sd, kik l\u00e1togatt\u00e1k meg a profilodat. Egyes alkalmaz\u00e1sok azonban elemzik az olyan interakci\u00f3kat, mint a l\u00e1jkok \u00e9s a hozz\u00e1sz\u00f3l\u00e1sok, hogy t\u00e1mpontokat adjanak arr\u00f3l, hogy kit \u00e9rdekel a legjobban a tartalmad.<\/li>\n\n\n\n<li><strong>Biztons\u00e1gos harmadik f\u00e9lt\u0151l sz\u00e1rmaz\u00f3 alkalmaz\u00e1sokat haszn\u00e1lni a k\u00f6z\u00f6ss\u00e9gi m\u00e9di\u00e1ban l\u00e1togat\u00f3k nyomon k\u00f6vet\u00e9s\u00e9re?<\/strong> Sok olyan alkalmaz\u00e1s kock\u00e1zatos lehet, amely azt \u00edg\u00e9ri, hogy megmutatja, kik l\u00e1togatj\u00e1k a profilodat. L\u00e9gy \u00f3vatos azokkal, amelyek szem\u00e9lyes adatokhoz k\u00e9rnek hozz\u00e1f\u00e9r\u00e9st, mivel vesz\u00e9lyeztethetik az adatv\u00e9delmedet, vagy ak\u00e1r rosszindulat\u00fa programokat is telep\u00edthetnek.<\/li>\n\n\n\n<li><strong>Mutatja a LinkedIn, hogy kik l\u00e1togatt\u00e1k meg a profilomat?<\/strong> Igen, a LinkedIn egyike azon kev\u00e9s k\u00f6z\u00f6ss\u00e9gi h\u00e1l\u00f3zatoknak, amelyek k\u00f6zvetlen\u00fcl k\u00edn\u00e1lj\u00e1k ezt a funkci\u00f3t, b\u00e1r csak a pr\u00e9mium felhaszn\u00e1l\u00f3k l\u00e1thatj\u00e1k az \u00f6sszes r\u00e9szletet.<\/li>\n\n\n\n<li><strong>Hogyan n\u00f6velhetem az aktivit\u00e1st a posztjaimmal kapcsolatban?<\/strong> A relev\u00e1ns \u00e9s gyakori tartalom k\u00f6zz\u00e9t\u00e9tele, a hashtagek haszn\u00e1lata \u00e9s a k\u00f6vet\u0151id hozz\u00e1sz\u00f3l\u00e1saira val\u00f3 v\u00e1laszad\u00e1s hat\u00e9kony strat\u00e9gi\u00e1k a k\u00f6z\u00f6ss\u00e9gi m\u00e9di\u00e1ban val\u00f3 elk\u00f6telez\u0151d\u00e9s jav\u00edt\u00e1s\u00e1ra.<\/li>\n<\/ol>","protected":false},"excerpt":{"rendered":"<p>\u00bfAlguna vez te has preguntado: &#8220;\u00bfAlguien est\u00e1 revisando mi perfil en las redes sociales?&#8221; Con el aumento del uso de estas plataformas, esta curiosidad es cada vez m\u00e1s com\u00fan. Lea tambi\u00e9n: Despu\u00e9s de todo, \u00bfa qui\u00e9n no le gustar\u00eda saber qui\u00e9n est\u00e1 espiando tus fotos y publicaciones? En este art\u00edculo, desvelaremos este misterio y te [&hellip;]<\/p>","protected":false},"author":139,"featured_media":6953,"comment_status":"closed","ping_status":"open","sticky":false,"template":"","format":"standard","meta":{"footnotes":""},"categories":[3],"tags":[255,498,763,767,929,1242],"yoast_head":"<!-- This site is optimized with the Yoast SEO plugin v23.3 - https:\/\/yoast.com\/wordpress\/plugins\/seo\/ -->\n<title>Descubre Qui\u00e9n Visita tu Perfil en las Redes Sociales - Universo Fam\u00edlia<\/title>\n<meta name=\"description\" content=\"Descubre Qui\u00e9n Visita tu Perfil en las Redes Sociales. \u00bfAlguna vez te has preguntado: &quot;\u00bfAlguien est\u00e1 revisando mi perfil en las redes...\" \/>\n<meta name=\"robots\" content=\"index, follow, max-snippet:-1, max-image-preview:large, max-video-preview:-1\" \/>\n<link rel=\"canonical\" href=\"https:\/\/universofamilia.com\/hu\/descubre-quien-visita-tu-perfil-redes-sociales\/\" \/>\n<meta property=\"og:locale\" content=\"hu_HU\" \/>\n<meta property=\"og:type\" content=\"article\" \/>\n<meta property=\"og:title\" content=\"Descubre Qui\u00e9n Visita tu Perfil en las Redes Sociales - Universo Fam\u00edlia\" \/>\n<meta property=\"og:description\" content=\"Descubre Qui\u00e9n Visita tu Perfil en las Redes Sociales. \u00bfAlguna vez te has preguntado: &quot;\u00bfAlguien est\u00e1 revisando mi perfil en las redes...\" \/>\n<meta property=\"og:url\" content=\"https:\/\/universofamilia.com\/hu\/descubre-quien-visita-tu-perfil-redes-sociales\/\" \/>\n<meta property=\"og:site_name\" content=\"Universo Fam\u00edlia\" \/>\n<meta property=\"article:published_time\" content=\"2024-10-19T00:52:09+00:00\" \/>\n<meta property=\"article:modified_time\" content=\"2025-01-28T14:39:35+00:00\" \/>\n<meta property=\"og:image\" content=\"https:\/\/universofamilia.com\/wp-content\/uploads\/sites\/148\/2024\/10\/DESTAQUE-UNIVERSO-550-x-350-2-8.jpg\" \/>\n\t<meta property=\"og:image:width\" content=\"550\" \/>\n\t<meta property=\"og:image:height\" content=\"350\" \/>\n\t<meta property=\"og:image:type\" content=\"image\/jpeg\" \/>\n<meta name=\"author\" content=\"Pedro Henrique\" \/>\n<meta name=\"twitter:card\" content=\"summary_large_image\" \/>\n<meta name=\"twitter:label1\" content=\"Written by\" \/>\n\t<meta name=\"twitter:data1\" content=\"Pedro Henrique\" \/>\n\t<meta name=\"twitter:label2\" content=\"Est. reading time\" \/>\n\t<meta name=\"twitter:data2\" content=\"8 perc\" \/>\n<script type=\"application\/ld+json\" class=\"yoast-schema-graph\">{\"@context\":\"https:\/\/schema.org\",\"@graph\":[{\"@type\":\"WebPage\",\"@id\":\"https:\/\/universofamilia.com\/ar\/descubre-quien-visita-tu-perfil-redes-sociales\/\",\"url\":\"https:\/\/universofamilia.com\/ar\/descubre-quien-visita-tu-perfil-redes-sociales\/\",\"name\":\"Descubre Qui\u00e9n Visita tu Perfil en las Redes Sociales - Universo Fam\u00edlia\",\"isPartOf\":{\"@id\":\"https:\/\/universofamilia.com\/el\/#website\"},\"primaryImageOfPage\":{\"@id\":\"https:\/\/universofamilia.com\/ar\/descubre-quien-visita-tu-perfil-redes-sociales\/#primaryimage\"},\"image\":{\"@id\":\"https:\/\/universofamilia.com\/ar\/descubre-quien-visita-tu-perfil-redes-sociales\/#primaryimage\"},\"thumbnailUrl\":\"https:\/\/universofamilia.com\/wp-content\/uploads\/sites\/148\/2024\/10\/DESTAQUE-UNIVERSO-550-x-350-2-8.jpg\",\"datePublished\":\"2024-10-19T00:52:09+00:00\",\"dateModified\":\"2025-01-28T14:39:35+00:00\",\"author\":{\"@id\":\"https:\/\/universofamilia.com\/el\/#\/schema\/person\/f07ce98187dd84d31154262e79b3b7ca\"},\"description\":\"Descubre Qui\u00e9n Visita tu Perfil en las Redes Sociales. \u00bfAlguna vez te has preguntado: \\\"\u00bfAlguien est\u00e1 revisando mi perfil en las redes...\",\"breadcrumb\":{\"@id\":\"https:\/\/universofamilia.com\/ar\/descubre-quien-visita-tu-perfil-redes-sociales\/#breadcrumb\"},\"inLanguage\":\"hu\",\"potentialAction\":[{\"@type\":\"ReadAction\",\"target\":[\"https:\/\/universofamilia.com\/ar\/descubre-quien-visita-tu-perfil-redes-sociales\/\"]}]},{\"@type\":\"ImageObject\",\"inLanguage\":\"hu\",\"@id\":\"https:\/\/universofamilia.com\/ar\/descubre-quien-visita-tu-perfil-redes-sociales\/#primaryimage\",\"url\":\"https:\/\/universofamilia.com\/wp-content\/uploads\/sites\/148\/2024\/10\/DESTAQUE-UNIVERSO-550-x-350-2-8.jpg\",\"contentUrl\":\"https:\/\/universofamilia.com\/wp-content\/uploads\/sites\/148\/2024\/10\/DESTAQUE-UNIVERSO-550-x-350-2-8.jpg\",\"width\":550,\"height\":350,\"caption\":\"Descubre Qui\u00e9n Visita tu Perfil en las Redes Sociales\"},{\"@type\":\"BreadcrumbList\",\"@id\":\"https:\/\/universofamilia.com\/ar\/descubre-quien-visita-tu-perfil-redes-sociales\/#breadcrumb\",\"itemListElement\":[{\"@type\":\"ListItem\",\"position\":1,\"name\":\"Home\",\"item\":\"https:\/\/universofamilia.com\/el\/\"},{\"@type\":\"ListItem\",\"position\":2,\"name\":\"Descubre Qui\u00e9n Visita tu Perfil en las Redes Sociales\"}]},{\"@type\":\"WebSite\",\"@id\":\"https:\/\/universofamilia.com\/el\/#website\",\"url\":\"https:\/\/universofamilia.com\/el\/\",\"name\":\"Universo Fam\u00edlia\",\"description\":\"\",\"potentialAction\":[{\"@type\":\"SearchAction\",\"target\":{\"@type\":\"EntryPoint\",\"urlTemplate\":\"https:\/\/universofamilia.com\/el\/?s={search_term_string}\"},\"query-input\":\"required name=search_term_string\"}],\"inLanguage\":\"hu\"},{\"@type\":\"Person\",\"@id\":\"https:\/\/universofamilia.com\/el\/#\/schema\/person\/f07ce98187dd84d31154262e79b3b7ca\",\"name\":\"Pedro Henrique\",\"image\":{\"@type\":\"ImageObject\",\"inLanguage\":\"hu\",\"@id\":\"https:\/\/universofamilia.com\/el\/#\/schema\/person\/image\/\",\"url\":\"https:\/\/secure.gravatar.com\/avatar\/9edfeb808cb4e1599f64d6e45b130154?s=96&d=mm&r=g\",\"contentUrl\":\"https:\/\/secure.gravatar.com\/avatar\/9edfeb808cb4e1599f64d6e45b130154?s=96&d=mm&r=g\",\"caption\":\"Pedro Henrique\"},\"url\":\"https:\/\/universofamilia.com\/hu\/author\/editor01\/\"}]}<\/script>\n<!-- \/ Yoast SEO plugin. -->","yoast_head_json":{"title":"Descubre Qui\u00e9n Visita tu Perfil en las Redes Sociales - Universo Fam\u00edlia","description":"Descubre Qui\u00e9n Visita tu Perfil en las Redes Sociales. \u00bfAlguna vez te has preguntado: \"\u00bfAlguien est\u00e1 revisando mi perfil en las redes...","robots":{"index":"index","follow":"follow","max-snippet":"max-snippet:-1","max-image-preview":"max-image-preview:large","max-video-preview":"max-video-preview:-1"},"canonical":"https:\/\/universofamilia.com\/hu\/descubre-quien-visita-tu-perfil-redes-sociales\/","og_locale":"hu_HU","og_type":"article","og_title":"Descubre Qui\u00e9n Visita tu Perfil en las Redes Sociales - Universo Fam\u00edlia","og_description":"Descubre Qui\u00e9n Visita tu Perfil en las Redes Sociales. \u00bfAlguna vez te has preguntado: \"\u00bfAlguien est\u00e1 revisando mi perfil en las redes...","og_url":"https:\/\/universofamilia.com\/hu\/descubre-quien-visita-tu-perfil-redes-sociales\/","og_site_name":"Universo Fam\u00edlia","article_published_time":"2024-10-19T00:52:09+00:00","article_modified_time":"2025-01-28T14:39:35+00:00","og_image":[{"width":550,"height":350,"url":"https:\/\/universofamilia.com\/wp-content\/uploads\/sites\/148\/2024\/10\/DESTAQUE-UNIVERSO-550-x-350-2-8.jpg","type":"image\/jpeg"}],"author":"Pedro Henrique","twitter_card":"summary_large_image","twitter_misc":{"Written by":"Pedro Henrique","Est. reading time":"8 perc"},"schema":{"@context":"https:\/\/schema.org","@graph":[{"@type":"WebPage","@id":"https:\/\/universofamilia.com\/ar\/descubre-quien-visita-tu-perfil-redes-sociales\/","url":"https:\/\/universofamilia.com\/ar\/descubre-quien-visita-tu-perfil-redes-sociales\/","name":"Descubre Qui\u00e9n Visita tu Perfil en las Redes Sociales - Universo Fam\u00edlia","isPartOf":{"@id":"https:\/\/universofamilia.com\/el\/#website"},"primaryImageOfPage":{"@id":"https:\/\/universofamilia.com\/ar\/descubre-quien-visita-tu-perfil-redes-sociales\/#primaryimage"},"image":{"@id":"https:\/\/universofamilia.com\/ar\/descubre-quien-visita-tu-perfil-redes-sociales\/#primaryimage"},"thumbnailUrl":"https:\/\/universofamilia.com\/wp-content\/uploads\/sites\/148\/2024\/10\/DESTAQUE-UNIVERSO-550-x-350-2-8.jpg","datePublished":"2024-10-19T00:52:09+00:00","dateModified":"2025-01-28T14:39:35+00:00","author":{"@id":"https:\/\/universofamilia.com\/el\/#\/schema\/person\/f07ce98187dd84d31154262e79b3b7ca"},"description":"Descubre Qui\u00e9n Visita tu Perfil en las Redes Sociales. \u00bfAlguna vez te has preguntado: \"\u00bfAlguien est\u00e1 revisando mi perfil en las redes...","breadcrumb":{"@id":"https:\/\/universofamilia.com\/ar\/descubre-quien-visita-tu-perfil-redes-sociales\/#breadcrumb"},"inLanguage":"hu","potentialAction":[{"@type":"ReadAction","target":["https:\/\/universofamilia.com\/ar\/descubre-quien-visita-tu-perfil-redes-sociales\/"]}]},{"@type":"ImageObject","inLanguage":"hu","@id":"https:\/\/universofamilia.com\/ar\/descubre-quien-visita-tu-perfil-redes-sociales\/#primaryimage","url":"https:\/\/universofamilia.com\/wp-content\/uploads\/sites\/148\/2024\/10\/DESTAQUE-UNIVERSO-550-x-350-2-8.jpg","contentUrl":"https:\/\/universofamilia.com\/wp-content\/uploads\/sites\/148\/2024\/10\/DESTAQUE-UNIVERSO-550-x-350-2-8.jpg","width":550,"height":350,"caption":"Descubre Qui\u00e9n Visita tu Perfil en las Redes Sociales"},{"@type":"BreadcrumbList","@id":"https:\/\/universofamilia.com\/ar\/descubre-quien-visita-tu-perfil-redes-sociales\/#breadcrumb","itemListElement":[{"@type":"ListItem","position":1,"name":"Home","item":"https:\/\/universofamilia.com\/el\/"},{"@type":"ListItem","position":2,"name":"Descubre Qui\u00e9n Visita tu Perfil en las Redes Sociales"}]},{"@type":"WebSite","@id":"https:\/\/universofamilia.com\/el\/#website","url":"https:\/\/universofamilia.com\/el\/","name":"Universo Fam\u00edlia","description":"","potentialAction":[{"@type":"SearchAction","target":{"@type":"EntryPoint","urlTemplate":"https:\/\/universofamilia.com\/el\/?s={search_term_string}"},"query-input":"required name=search_term_string"}],"inLanguage":"hu"},{"@type":"Person","@id":"https:\/\/universofamilia.com\/el\/#\/schema\/person\/f07ce98187dd84d31154262e79b3b7ca","name":"Pedro Henrique","image":{"@type":"ImageObject","inLanguage":"hu","@id":"https:\/\/universofamilia.com\/el\/#\/schema\/person\/image\/","url":"https:\/\/secure.gravatar.com\/avatar\/9edfeb808cb4e1599f64d6e45b130154?s=96&d=mm&r=g","contentUrl":"https:\/\/secure.gravatar.com\/avatar\/9edfeb808cb4e1599f64d6e45b130154?s=96&d=mm&r=g","caption":"Pedro Henrique"},"url":"https:\/\/universofamilia.com\/hu\/author\/editor01\/"}]}},"_links":{"self":[{"href":"https:\/\/universofamilia.com\/hu\/wp-json\/wp\/v2\/posts\/6952"}],"collection":[{"href":"https:\/\/universofamilia.com\/hu\/wp-json\/wp\/v2\/posts"}],"about":[{"href":"https:\/\/universofamilia.com\/hu\/wp-json\/wp\/v2\/types\/post"}],"author":[{"embeddable":true,"href":"https:\/\/universofamilia.com\/hu\/wp-json\/wp\/v2\/users\/139"}],"replies":[{"embeddable":true,"href":"https:\/\/universofamilia.com\/hu\/wp-json\/wp\/v2\/comments?post=6952"}],"version-history":[{"count":1,"href":"https:\/\/universofamilia.com\/hu\/wp-json\/wp\/v2\/posts\/6952\/revisions"}],"predecessor-version":[{"id":8409,"href":"https:\/\/universofamilia.com\/hu\/wp-json\/wp\/v2\/posts\/6952\/revisions\/8409"}],"wp:featuredmedia":[{"embeddable":true,"href":"https:\/\/universofamilia.com\/hu\/wp-json\/wp\/v2\/media\/6953"}],"wp:attachment":[{"href":"https:\/\/universofamilia.com\/hu\/wp-json\/wp\/v2\/media?parent=6952"}],"wp:term":[{"taxonomy":"category","embeddable":true,"href":"https:\/\/universofamilia.com\/hu\/wp-json\/wp\/v2\/categories?post=6952"},{"taxonomy":"post_tag","embeddable":true,"href":"https:\/\/universofamilia.com\/hu\/wp-json\/wp\/v2\/tags?post=6952"}],"curies":[{"name":"wp","href":"https:\/\/api.w.org\/{rel}","templated":true}]}}