{"id":7019,"date":"2024-10-21T15:11:02","date_gmt":"2024-10-21T18:11:02","guid":{"rendered":"https:\/\/universofamilia.com\/?p=7019"},"modified":"2025-10-05T01:32:44","modified_gmt":"2025-10-05T04:32:44","slug":"aplicacion-para-grabar-llamadas-recibidas-en-el-movil","status":"publish","type":"post","link":"https:\/\/universofamilia.com\/hu\/aplicacion-para-grabar-llamadas-recibidas-en-el-movil\/","title":{"rendered":"Alkalmaz\u00e1s bej\u00f6v\u0151 h\u00edv\u00e1sok r\u00f6gz\u00edt\u00e9s\u00e9re mobiltelefonokon\ud83d\udcde\ud83d\udd12"},"content":{"rendered":"<p>Gondolt\u00e1l m\u00e1r arra, hogy h\u00e1nyszor volt olyan fontos h\u00edv\u00e1sod, amit k\u00edv\u00e1nt\u00e1l, hogy felvehetted volna?<\/p>\n\n\n\n<p>Ak\u00e1r a biztons\u00e1godr\u00f3l, ak\u00e1r jogi bizony\u00edt\u00e9kok beszerz\u00e9s\u00e9r\u0151l, ak\u00e1r egyszer\u0171en a mindennapi \u00e9leted megk\u00f6nny\u00edt\u00e9s\u00e9r\u0151l van sz\u00f3, a h\u00edv\u00e1sok r\u00f6gz\u00edt\u00e9se nagyon hasznos lehet.<\/p>\n\n\n\n<p><\/p>\n\n\n\n<hr class=\"wp-block-separator has-text-color has-luminous-vivid-orange-color has-alpha-channel-opacity has-luminous-vivid-orange-background-color has-background\" \/>\n\n\n\n<h2 class=\"wp-block-heading has-text-align-center\">Mit szeretn\u00e9l el\u0151sz\u00f6r csin\u00e1lni?<\/h2>\n\n\n\n<div class=\"wp-block-buttons is-content-justification-center is-layout-flex wp-container-core-buttons-layout-1 wp-block-buttons-is-layout-flex\">\n<div class=\"wp-block-button has-custom-width wp-block-button__width-100 is-style-outline\" style=\"text-decoration:none\"><a class=\"wp-block-button__link has-white-color has-vivid-cyan-blue-background-color has-text-color has-background has-link-color has-text-align-left wp-element-button\" href=\"https:\/\/universofamilia.com\/hu\/6855\/grabar-llamadas-recibidas\/\" style=\"border-radius:10px\">Bej\u00f6v\u0151 h\u00edv\u00e1sok r\u00f6gz\u00edt\u00e9se \u27a1\ufe0f<\/a><\/div>\n<\/div>\n\n\n\n<div class=\"wp-block-buttons is-content-justification-center is-layout-flex wp-container-core-buttons-layout-2 wp-block-buttons-is-layout-flex\">\n<div class=\"wp-block-button has-custom-width wp-block-button__width-100 is-style-outline\" style=\"text-decoration:none\"><a class=\"wp-block-button__link has-white-color has-vivid-cyan-blue-background-color has-text-color has-background has-link-color has-text-align-left wp-element-button\" href=\"https:\/\/universofamilia.com\/hu\/6862\/los-mejores-apps-para-grabar-llamadas\/\" style=\"border-radius:10px\">A legjobb h\u00edv\u00e1sok r\u00f6gz\u00edt\u00e9s\u00e9re szolg\u00e1l\u00f3 alkalmaz\u00e1sok \u27a1\ufe0f<\/a><\/div>\n<\/div>\n\n\n\n<hr class=\"wp-block-separator has-text-color has-luminous-vivid-orange-color has-alpha-channel-opacity has-luminous-vivid-orange-background-color has-background\" \/>\n\n\n\n<p><\/p>\n\n\n\n<p>A rendelkez\u00e9sre \u00e1ll\u00f3 technol\u00f3gi\u00e1nak k\u00f6sz\u00f6nhet\u0151en ma m\u00e1r minden eddigin\u00e9l k\u00f6nnyebb r\u00f6gz\u00edteni ezeket a besz\u00e9lget\u00e9seket.<\/p>\n\n\n\n<p>Ha azon t\u0171n\u0151dsz, hogyan csin\u00e1ld egyszer\u0171en, \u00edme n\u00e9h\u00e1ny a legjobb alkalmaz\u00e1sok k\u00f6z\u00fcl, amelyekkel r\u00f6gz\u00edtheted a bej\u00f6v\u0151 h\u00edv\u00e1sokat a telefonodon. \ud83d\udcf1\u2728<\/p>\n\n\n\n<h2 class=\"wp-block-heading\">A felv\u00e9tel ereje: V\u00e9delem a fenyeget\u00e9sek ellen \u26a0\ufe0f\ud83d\udcf2<\/h2>\n\n\n\n<p>K\u00e9pzeld el, hogy kapsz egy furcsa h\u00edv\u00e1st, \u00e9s \u00fagy \u00e9rzed, hogy valami nincs rendben.<\/p>\n\n\n\n<p>Lehet ez egy szakmai kapcsolatfelv\u00e9tel, egy helytelen terhel\u00e9s, vagy egy \u00e9rz\u00e9keny besz\u00e9lget\u00e9s egy besz\u00e1ll\u00edt\u00f3val.<\/p>\n\n\n\n<p>Ilyen esetekben a h\u00edv\u00e1s r\u00f6gz\u00edt\u00e9s\u00e9nek lehet\u0151s\u00e9ge elengedhetetlen a v\u00e9delmed \u00e9rdek\u00e9ben.<\/p>\n\n\n\n<p>R\u00e1ad\u00e1sul, ha b\u00e1rmilyen f\u00e9lre\u00e9rt\u00e9s vagy fenyeget\u00e9s mer\u00fclne fel, mindent vil\u00e1gosan r\u00f6gz\u00edteni fog.<\/p>\n\n\n\n<p>A h\u00edv\u00e1sr\u00f6gz\u00edt\u0151 alkalmaz\u00e1sok elengedhetetlenn\u00e9 v\u00e1ltak azok sz\u00e1m\u00e1ra, akik ilyen helyzetekkel szembes\u00fclnek.<\/p>\n\n\n\n<p>Sokan m\u00e1r haszn\u00e1lj\u00e1k ezeket az eszk\u00f6z\u00f6ket besz\u00e9lget\u00e9seik dokument\u00e1l\u00e1s\u00e1ra, amelyek k\u00fcl\u00f6nf\u00e9le alkalmakkor biztons\u00e1gi ment\u00e9sk\u00e9nt szolg\u00e1lnak.<\/p>\n\n\n\n<p>Fedezz\u00fcnk fel n\u00e9h\u00e1ny lehet\u0151s\u00e9get, \u00e9s n\u00e9zz\u00fck meg, hogyan k\u00f6nny\u00edthetik meg az \u00e9letedet. \ud83d\udccb\ud83d\udc42<\/p>\n\n\n\n<h2 class=\"wp-block-heading\">Regisztr\u00e1ci\u00f3 jogi bizony\u00edt\u00e9kk\u00e9nt: Sz\u00f6vets\u00e9ges a b\u00edr\u00f3s\u00e1gi elj\u00e1r\u00e1sokban \u2696\ufe0f\ud83d\udcdd<\/h2>\n\n\n\n<p>A h\u00edv\u00e1sok r\u00f6gz\u00edt\u00e9se jogi \u00fcgyekben is kiv\u00e1l\u00f3 megold\u00e1s lehet.<\/p>\n\n\n\n<p>Sok esetben a telefonbesz\u00e9lget\u00e9s felv\u00e9tele bizony\u00edt\u00e9kk\u00e9nt felhaszn\u00e1lhat\u00f3 jogi elj\u00e1r\u00e1sokban, k\u00fcl\u00f6n\u00f6sen \u00fczleti vagy csal\u00e1di vit\u00e1kban.<\/p>\n\n\n\n<p>K\u00e9pzeld el, hogy telefonon sz\u00f3beli meg\u00e1llapod\u00e1st k\u00f6t\u00f6tt\u00e9l, de a m\u00e1sik f\u00e9l tagadja.<\/p>\n\n\n\n<p>A besz\u00e9lget\u00e9s felv\u00e9tel\u00e9nek birtokl\u00e1sa bizony\u00edt\u00e9kk\u00e9nt szolg\u00e1lhat a jogaid v\u00e9delm\u00e9hez.<\/p>\n\n\n\n<p>Alkalmaz\u00e1sok, mint p\u00e9ld\u00e1ul <strong>Kocka ACR<\/strong>, <strong>Automatikus h\u00edv\u00e1sr\u00f6gz\u00edt\u0151<\/strong> \u00e9s <strong>Rev H\u00edv\u00e1sr\u00f6gz\u00edt\u0151<\/strong> Nagyszer\u0171 sz\u00f6vets\u00e9gesek az ilyen helyzetekben, garant\u00e1lva az interakci\u00f3k biztons\u00e1g\u00e1t \u00e9s jogszer\u0171s\u00e9g\u00e9t. \u2705\ud83d\udcbc<\/p>\n\n\n\n<p><\/p>\n\n\n\n<hr class=\"wp-block-separator has-text-color has-luminous-vivid-orange-color has-alpha-channel-opacity has-luminous-vivid-orange-background-color has-background\" \/>\n\n\n\n<h2 class=\"wp-block-heading\">Olvasd el m\u00e9g:<\/h2>\n\n\n\n<ul class=\"wp-block-list\">\n<li class=\"has-medium-font-size\"><a href=\"https:\/\/universofamilia.com\/hu\/6898\/leer-la-biblia-catolica-en-tu-celular\/\"><font style=\"vertical-align: inherit\"><font style=\"vertical-align: inherit\">\ud83d\udccc Olvasd a katolikus Bibli\u00e1t a mobiltelefonodon<\/font><\/font> <\/a><\/li>\n\n\n\n<li class=\"has-medium-font-size\"><a href=\"https:\/\/universofamilia.com\/hu\/6855\/grabar-llamadas-recibidas\/\">\ud83d\udccc Bej\u00f6v\u0151 h\u00edv\u00e1sok r\u00f6gz\u00edt\u00e9se &gt;<\/a><\/li>\n\n\n\n<li class=\"has-medium-font-size\"><a href=\"https:\/\/universofamilia.com\/hu\/6832\/aplicacion-para-bailar-zumba\/\">\ud83d\udccc Zumba T\u00e1nc Alkalmaz\u00e1s &gt;<\/a><\/li>\n\n\n\n<li class=\"has-medium-font-size\"><a href=\"https:\/\/universofamilia.com\/hu\/6952\/descubre-quien-visita-tu-perfil-redes-sociales\/\">\ud83d\udccc Tudd meg, kik l\u00e1togatj\u00e1k a k\u00f6z\u00f6ss\u00e9gi m\u00e9dia profilodat &gt;<\/a><\/li>\n<\/ul>\n\n\n\n<hr class=\"wp-block-separator has-text-color has-luminous-vivid-orange-color has-alpha-channel-opacity has-luminous-vivid-orange-background-color has-background\" \/>\n\n\n\n<p><\/p>\n\n\n\n<h2 class=\"wp-block-heading\">Val\u00f3di t\u00f6rt\u00e9netek: Mit mondanak a felhaszn\u00e1l\u00f3k \ud83d\udc65\ud83d\udce3<\/h2>\n\n\n\n<p>A felhaszn\u00e1l\u00f3i tapasztalatok igazolj\u00e1k ezen alkalmaz\u00e1sok hat\u00e9konys\u00e1g\u00e1t.<\/p>\n\n\n\n<p>Mint Sandra eset\u00e9ben, aki kor\u00e1bban <strong>Automatikus h\u00edv\u00e1sr\u00f6gz\u00edt\u0151<\/strong> hogy r\u00f6gz\u00edtsen egy besz\u00e9lget\u00e9st egy vissza\u00e9l\u00e9sszer\u0171 ad\u00f3ss\u00e1gbehajt\u00f3 c\u00e9g k\u00e9pvisel\u0151j\u00e9vel.<\/p>\n\n\n\n<p>A felv\u00e9telnek k\u00f6sz\u00f6nhet\u0151en jogi elj\u00e1r\u00e1st tudott ind\u00edtani, \u00e9s a maga jav\u00e1ra rendezni a helyzetet.<\/p>\n\n\n\n<p>Ez csak egy a sok t\u00f6rt\u00e9net k\u00f6z\u00fcl, amelyek bemutatj\u00e1k, milyen hasznosak lehetnek ezek az alkalmaz\u00e1sok a mindennapi \u00e9letben. \ud83d\udcac\ud83c\udf99\ufe0f<\/p>\n\n\n\n<h2 class=\"wp-block-heading\">Fedezd fel a legjobb h\u00edv\u00e1sr\u00f6gz\u00edt\u0151 alkalmaz\u00e1sokat \ud83d\udcf2\ud83d\udd1d<\/h2>\n\n\n\n<p>Most, hogy meg\u00e9rtett\u00fck a h\u00edv\u00e1sok r\u00f6gz\u00edt\u00e9s\u00e9nek fontoss\u00e1g\u00e1t, r\u00e9szletezz\u00fck a legn\u00e9pszer\u0171bb \u00e9s leghat\u00e9konyabb alkalmaz\u00e1sokat erre a feladatra:<\/p>\n\n\n\n<h3 class=\"wp-block-heading\"><strong>1. Kocka ACR<\/strong> \ud83c\udf9b\ufe0f<\/h3>\n\n\n\n<p><strong>Kocka ACR<\/strong> Ez az egyik legteljesebb alkalmaz\u00e1s a h\u00edv\u00e1sok r\u00f6gz\u00edt\u00e9s\u00e9re, amely mind a bej\u00f6v\u0151, mind a kimen\u0151 h\u00edv\u00e1sok eset\u00e9n m\u0171k\u00f6dik.<\/p>\n\n\n\n<p>Az egyik nagy el\u0151nye, hogy a hagyom\u00e1nyos telefonh\u00edv\u00e1sok mellett olyan alkalmaz\u00e1sokb\u00f3l is r\u00f6gz\u00edthet h\u00edv\u00e1sokat, mint a WhatsApp, a Skype \u00e9s a Viber.<\/p>\n\n\n\n<p><strong>El\u0151ny\u00f6k<\/strong>:<\/p>\n\n\n\n<ul class=\"wp-block-list\">\n<li>Automatikus h\u00edv\u00e1sr\u00f6gz\u00edt\u00e9s.<\/li>\n\n\n\n<li>K\u00f6nnyen haszn\u00e1lhat\u00f3 fel\u00fclet.<\/li>\n\n\n\n<li>Lehet\u0151s\u00e9g f\u00e1jlok felh\u0151be ment\u00e9s\u00e9re.<\/li>\n<\/ul>\n\n\n\n<p><strong>L\u00e9tes\u00edtm\u00e9ny<\/strong>Egyszer\u0171en l\u00e1togassa meg a Google Play \u00c1ruh\u00e1zat vagy az Apple Store-t, t\u00f6ltse le az alkalmaz\u00e1st, \u00e9s k\u00f6vesse az egyszer\u0171 l\u00e9p\u00e9seket a felv\u00e9teli enged\u00e9lyek enged\u00e9lyez\u00e9s\u00e9hez.<\/p>\n\n\n\n<p><strong>Felhaszn\u00e1l\u00f3i v\u00e9lem\u00e9nyek<\/strong>:<\/p>\n\n\n\n<ul class=\"wp-block-list\">\n<li>\u201eT\u00f6k\u00e9letesen m\u0171k\u00f6dik arra, amire sz\u00fcks\u00e9gem van. M\u00e1r t\u00f6bb WhatsApp-besz\u00e9lget\u00e9st is r\u00f6gz\u00edtettem, \u00e9s a Cube ACR megmentette az \u00e9letemet.\u201d \u2013 Juan P.<\/li>\n\n\n\n<li>\u201eK\u00f6nnyen haszn\u00e1lhat\u00f3 \u00e9s nem foglal sok helyet a telefonodon.\u201d \u2013 Ana M.<\/li>\n<\/ul>\n\n\n\n<h3 class=\"wp-block-heading\"><strong>2. Automatikus h\u00edv\u00e1sr\u00f6gz\u00edt\u0151<\/strong> \ud83d\udcde\ud83d\uddc2\ufe0f<\/h3>\n\n\n\n<p><strong>Automatikus h\u00edv\u00e1sr\u00f6gz\u00edt\u0151<\/strong> Egyszer\u0171s\u00e9ge miatt nagyon n\u00e9pszer\u0171.<\/p>\n\n\n\n<p>Ahogy a neve is sugallja, automatikusan r\u00f6gz\u00edti az \u00f6sszes bej\u00f6v\u0151 \u00e9s kimen\u0151 h\u00edv\u00e1st, an\u00e9lk\u00fcl, hogy manu\u00e1lisan kellene aktiv\u00e1lni.<\/p>\n\n\n\n<p><strong>El\u0151ny\u00f6k<\/strong>:<\/p>\n\n\n\n<ul class=\"wp-block-list\">\n<li>Automatikus felv\u00e9tel.<\/li>\n\n\n\n<li>Lehet\u0151s\u00e9g a fontos h\u00edv\u00e1sok sz\u0171r\u00e9s\u00e9re.<\/li>\n\n\n\n<li>Szinkroniz\u00e1l\u00e1s a Google Drive-val \u00e9s a Dropbox-szal.<\/li>\n<\/ul>\n\n\n\n<p><strong>L\u00e9tes\u00edtm\u00e9ny<\/strong>Egyszer\u0171 \u00e9s k\u00f6nnyen haszn\u00e1lhat\u00f3. T\u00f6ltsd le az alkalmaz\u00e1st az alkalmaz\u00e1sboltb\u00f3l, \u00e9s a sz\u00fcks\u00e9ges enged\u00e9lyek megad\u00e1sa ut\u00e1n automatikusan elkezd\u0151dik a felv\u00e9tel.<\/p>\n\n\n\n<p><strong>Felhaszn\u00e1l\u00f3i v\u00e9lem\u00e9nyek<\/strong>:<\/p>\n\n\n\n<ul class=\"wp-block-list\">\n<li>\u201eSokszor megmentett m\u00e1r t\u0151le, amikor fontos h\u00edv\u00e1sok r\u00e9szleteire kellett eml\u00e9keznem.\u201d \u2013 Carlos D.<\/li>\n\n\n\n<li>\u201eIm\u00e1dom, hogy mindent el lehet menteni a felh\u0151be, \u00edgy nem vesz\u00edtek el felv\u00e9teleket.\u201d \u2013 Mariana S.<\/li>\n<\/ul>\n\n\n\n<h3 class=\"wp-block-heading\"><strong>3. Rev H\u00edv\u00e1sr\u00f6gz\u00edt\u0151<\/strong> \ud83c\udf99\ufe0f\ud83d\udcf2<\/h3>\n\n\n\n<p>Ez az egyik kev\u00e9s iOS-re el\u00e9rhet\u0151 alkalmaz\u00e1s, amely kiv\u00e1l\u00f3 min\u0151s\u00e9g\u0171 h\u00edv\u00e1sr\u00f6gz\u00edt\u00e9st k\u00edn\u00e1l.<\/p>\n\n\n\n<p><strong>Rev H\u00edv\u00e1sr\u00f6gz\u00edt\u0151<\/strong> Nemcsak a felv\u00e9telk\u00e9sz\u00edt\u00e9s, hanem a h\u00edv\u00e1sok \u00e1t\u00edr\u00e1s\u00e1nak lehet\u0151s\u00e9ge miatt is kiemelkedik, ami hasznos eszk\u00f6z azok sz\u00e1m\u00e1ra, akiknek \u00edr\u00e1sos feljegyz\u00e9sre van sz\u00fcks\u00e9g\u00fck.<\/p>\n\n\n\n<p><strong>El\u0151ny\u00f6k<\/strong>:<\/p>\n\n\n\n<ul class=\"wp-block-list\">\n<li>H\u00edv\u00e1sr\u00f6gz\u00edt\u00e9s \u00e9s \u00e1t\u00edr\u00e1s.<\/li>\n\n\n\n<li>Tiszta \u00e9s intuit\u00edv fel\u00fclet.<\/li>\n\n\n\n<li>Els\u0151sorban az Egyes\u00fclt \u00c1llamokban m\u0171k\u00f6dik, de teljes m\u00e9rt\u00e9kben t\u00e1mogatja az angol \u00e1t\u00edr\u00e1st.<\/li>\n<\/ul>\n\n\n\n<p><strong>L\u00e9tes\u00edtm\u00e9ny<\/strong>Kaphat\u00f3 az Apple Store-ban, k\u00f6nnyen telep\u00edthet\u0151. Csak k\u00f6vesd az utas\u00edt\u00e1sokat, \u00e9s m\u00e1ris elkezdheted a h\u00edv\u00e1said min\u0151s\u00e9gi r\u00f6gz\u00edt\u00e9s\u00e9t.<\/p>\n\n\n\n<p><strong>Felhaszn\u00e1l\u00f3i v\u00e9lem\u00e9nyek<\/strong>:<\/p>\n\n\n\n<ul class=\"wp-block-list\">\n<li>\u201eA le\u00edr\u00f3 szolg\u00e1ltat\u00e1s nagyszer\u0171. Sokkal k\u00f6nnyebb\u00e9 teszi a besz\u00e9lget\u00e9sek ut\u00f3lagos \u00e1tn\u00e9z\u00e9s\u00e9t.\u201d \u2013 Laura F.<\/li>\n\n\n\n<li>\u201eAz egyik legjobb, amit iPhone-hoz haszn\u00e1ltam.\u201d \u2013 Ricardo G.<\/li>\n<\/ul>\n\n\n\n<h2 class=\"wp-block-heading\">A biztons\u00e1god az els\u0151 \ud83d\udee1\ufe0f\ud83d\udcf1<\/h2>\n\n\n\n<p>H\u00edv\u00e1sr\u00f6gz\u00edt\u0151 alkalmaz\u00e1s kiv\u00e1laszt\u00e1sakor a legfontosabb, hogy megbizonyosodjon arr\u00f3l, hogy a besz\u00e9lget\u00e9sei biztons\u00e1gban vannak.<\/p>\n\n\n\n<p>Ezenk\u00edv\u00fcl fontos megjegyezni, hogy a h\u00edv\u00e1sok r\u00f6gz\u00edt\u00e9s\u00e9nek jogi k\u00f6vetkezm\u00e9nyei lehetnek, a tart\u00f3zkod\u00e1si hely\u00e9t\u0151l f\u00fcgg\u0151en.<\/p>\n\n\n\n<p>A besz\u00e9lget\u00e9sek r\u00f6gz\u00edt\u00e9se el\u0151tt mindenk\u00e9ppen tartsa be a helyi t\u00f6rv\u00e9nyeket. \ud83d\udcd1<\/p>\n\n\n\n<p>Ezek az alkalmaz\u00e1sok \u00fagy lettek kialak\u00edtva, hogy megk\u00f6nny\u00edts\u00e9k az \u00e9letedet, legyen sz\u00f3 ak\u00e1r szem\u00e9lyes, ak\u00e1r szakmai \u00e9letr\u0151l.<\/p>\n\n\n\n<p><strong>Kocka ACR<\/strong>, <strong>Automatikus h\u00edv\u00e1sr\u00f6gz\u00edt\u0151<\/strong> \u00e9s <strong>Rev H\u00edv\u00e1sr\u00f6gz\u00edt\u0151<\/strong> Robusztus lehet\u0151s\u00e9geket k\u00edn\u00e1lnak, amelyek alkalmazkodnak az \u00d6n ig\u00e9nyeihez, lehet\u0151v\u00e9 t\u00e9ve h\u00edv\u00e1sai r\u00f6gz\u00edt\u00e9s\u00e9t, valamint ezeknek az adatoknak a rendszerez\u00e9s\u00e9t \u00e9s biztons\u00e1g\u00e1t. \ud83d\udd10<\/p>\n\n\n<div class=\"wp-block-image\">\n<figure class=\"aligncenter size-full\"><img loading=\"lazy\" decoding=\"async\" width=\"550\" height=\"350\" src=\"http:\/\/universofamilia.com\/wp-content\/uploads\/sites\/148\/2024\/10\/DESTAQUE-UNIVERSO-550-x-350-1-9.jpg\" alt=\"\" class=\"wp-image-7020\" srcset=\"https:\/\/universofamilia.com\/wp-content\/uploads\/sites\/148\/2024\/10\/DESTAQUE-UNIVERSO-550-x-350-1-9.jpg 550w, https:\/\/universofamilia.com\/wp-content\/uploads\/sites\/148\/2024\/10\/DESTAQUE-UNIVERSO-550-x-350-1-9-300x191.jpg 300w\" sizes=\"(max-width: 550px) 100vw, 550px\" \/><figcaption class=\"wp-element-caption\">Alkalmaz\u00e1s bej\u00f6v\u0151 h\u00edv\u00e1sok r\u00f6gz\u00edt\u00e9s\u00e9re mobiltelefonokon\ud83d\udcde\ud83d\udd12<\/figcaption><\/figure><\/div>\n\n\n<h2 class=\"wp-block-heading\">Mit mondanak a felhaszn\u00e1l\u00f3k \ud83d\udc65\ud83d\udd0a<\/h2>\n\n\n\n<p>Sok felhaszn\u00e1l\u00f3 arr\u00f3l sz\u00e1molt be, hogy miut\u00e1n elkezdt\u00e9k haszn\u00e1lni ezeket az alkalmaz\u00e1sokat, k\u00e9nyelmesebben kezdem\u00e9nyeztek \u00e9s fogadtak fontos h\u00edv\u00e1sokat.<\/p>\n\n\n\n<p>A pozit\u00edv v\u00e9lem\u00e9nyek azt mutatj\u00e1k, hogy ezek az eszk\u00f6z\u00f6k mennyire hasznosak lehetnek, legyen sz\u00f3 ak\u00e1r a besz\u00e9lget\u00e9sek v\u00e9delm\u00e9r\u0151l, ak\u00e1r a bizony\u00edt\u00e9kok k\u00e9zn\u00e9l tart\u00e1s\u00e1r\u00f3l.<\/p>\n\n\n\n<p>\u00c9s v\u00e9gs\u0151 soron a nyugalom, amit ezek az alkalmaz\u00e1sok ny\u00fajtanak, hatalmas el\u0151ny. \ud83d\ude4c<\/p>\n\n\n\n<h2 class=\"wp-block-heading\">Konkl\u00fazi\u00f3: Biztos\u00edtsa fontos besz\u00e9lget\u00e9seit \ud83d\udcde\u2705<\/h2>\n\n\n\n<p>Ak\u00e1r biztons\u00e1gi, ak\u00e1r szervez\u00e9si okokb\u00f3l, vagy egyszer\u0171en csak a jogaid biztos\u00edt\u00e1sa \u00e9rdek\u00e9ben, a h\u00edv\u00e1sok r\u00f6gz\u00edt\u00e9se hat\u00e9kony eszk\u00f6z lehet.<\/p>\n\n\n\n<p>Ezek az alkalmaz\u00e1sok ide\u00e1lis megold\u00e1st k\u00edn\u00e1lnak azok sz\u00e1m\u00e1ra, akiknek praktikus \u00e9s hat\u00e9kony m\u00f3don kell r\u00f6gz\u00edteni\u00fck a besz\u00e9lget\u00e9seket.<\/p>\n\n\n\n<p>Ne vesztegesd az id\u0151d, \u00e9s t\u00f6ltsd le most a kedvenc alkalmaz\u00e1sodat!<\/p>\n\n\n\n<p><strong>T\u00f6ltsd le az alkalmaz\u00e1sokat itt<\/strong>:<\/p>\n\n\n\n<ol class=\"wp-block-list\">\n<li><strong>Cube ACR (h\u00edv\u00e1sr\u00f6gz\u00edt\u0151)<\/strong>\n<ul class=\"wp-block-list\">\n<li><strong>Android:<\/strong> <a href=\"https:\/\/play.google.com\/store\/apps\/details?id=com.catalinagroup.callrecorder&amp;hl=pt_BR&amp;gl=US\">Let\u00f6lt\u00e9si link<\/a><\/li>\n\n\n\n<li><strong>iOS:<\/strong> <a href=\"https:\/\/apps.apple.com\/us\/app\/call-recorder-cube-acr\/id1613607637\">Let\u00f6lt\u00e9si link<\/a><\/li>\n<\/ul>\n<\/li>\n\n\n\n<li><strong>Automatikus h\u00edv\u00e1sr\u00f6gz\u00edt\u0151<\/strong>\n<ul class=\"wp-block-list\">\n<li><strong>Android:<\/strong> <a href=\"https:\/\/play.google.com\/store\/apps\/details?id=com.rev.revcorder&amp;hl=en_US\">Let\u00f6lt\u00e9si link<\/a><\/li>\n\n\n\n<li><strong>iOS:<\/strong> <a href=\"https:\/\/apps.apple.com\/td\/app\/automatic-call-recorder\/id1362975885\">Let\u00f6lt\u00e9si link<\/a><\/li>\n<\/ul>\n<\/li>\n\n\n\n<li><strong>Rev H\u00edv\u00e1sr\u00f6gz\u00edt\u0151<\/strong>\n<ul class=\"wp-block-list\">\n<li><strong>Android:<\/strong> <a href=\"https:\/\/play.google.com\/store\/apps\/details?id=com.rev.revcorder&amp;hl=en_US\">Let\u00f6lt\u00e9si link<\/a><\/li>\n<\/ul>\n<\/li>\n<\/ol>\n\n\n\n<p>Most rajtad a sor! Haszn\u00e1ld ki a technol\u00f3gi\u00e1t, \u00e9s v\u00e9dd meg fontos besz\u00e9lget\u00e9seidet a piacon el\u00e9rhet\u0151 legjobb alkalmaz\u00e1sokkal. \ud83c\udf89\ud83d\udcf2<\/p>\n\n\n\n<hr class=\"wp-block-separator has-alpha-channel-opacity\" \/>\n\n\n\n<h2 class=\"wp-block-heading\">Gyakran Ism\u00e9telt K\u00e9rd\u00e9sek (GYIK) \u2753<\/h2>\n\n\n\n<p><strong>1. Leg\u00e1lis-e r\u00f6gz\u00edteni a telefonh\u00edv\u00e1sokat?<\/strong> A h\u00edv\u00e1sok r\u00f6gz\u00edt\u00e9s\u00e9nek jogszer\u0171s\u00e9ge att\u00f3l az orsz\u00e1gt\u00f3l vagy \u00e1llamt\u00f3l f\u00fcgg, ahol tart\u00f3zkodik. Egyes helyeken mindk\u00e9t felet t\u00e1j\u00e9koztatni kell a felv\u00e9telr\u0151l, m\u00edg m\u00e1shol csak az egyik f\u00e9lnek kell tudnia r\u00f3la. Fontos, hogy ellen\u0151rizze a helyi t\u00f6rv\u00e9nyeket, miel\u0151tt b\u00e1rmilyen besz\u00e9lget\u00e9st r\u00f6gz\u00edtene.<\/p>\n\n\n\n<p><strong>2. Ezek az alkalmaz\u00e1sok m\u0171k\u00f6dnek WhatsApp vagy Skype h\u00edv\u00e1sok r\u00f6gz\u00edt\u00e9s\u00e9re?<\/strong> Igen, n\u00e9h\u00e1ny alkalmaz\u00e1s, mint p\u00e9ld\u00e1ul <strong>Kocka ACR<\/strong> Lehet\u0151v\u00e9 teszik a hagyom\u00e1nyos telefonh\u00edv\u00e1sok mellett olyan alkalmaz\u00e1sokb\u00f3l \u00e9rkez\u0151 h\u00edv\u00e1sok r\u00f6gz\u00edt\u00e9s\u00e9t, mint a WhatsApp, a Skype \u00e9s a Viber.<\/p>\n\n\n\n<p><strong>3. Sok helyet foglalnak a felv\u00e9telek a telefonodon?<\/strong> Nem felt\u00e9tlen\u00fcl. Sok alkalmaz\u00e1s, p\u00e9ld\u00e1ul <strong>Automatikus h\u00edv\u00e1sr\u00f6gz\u00edt\u0151<\/strong>, lehet\u0151s\u00e9get k\u00edn\u00e1l a felv\u00e9telek szinkroniz\u00e1l\u00e1s\u00e1ra felh\u0151szolg\u00e1ltat\u00e1sokkal, p\u00e9ld\u00e1ul a Google Drive-val vagy a Dropbox-szal, ami seg\u00edt helyet megtakar\u00edtani az eszk\u00f6z\u00f6n.<\/p>\n\n\n\n<p><strong>4. Haszn\u00e1lhatom ezeket az alkalmaz\u00e1sokat iPhone-on?<\/strong> Igen, <strong>Rev H\u00edv\u00e1sr\u00f6gz\u00edt\u0151<\/strong> El\u00e9rhet\u0151 iOS-re, \u00e9s az egyik legjobb lehet\u0151s\u00e9g azoknak az iPhone-felhaszn\u00e1l\u00f3knak, akik kiv\u00e1l\u00f3 min\u0151s\u00e9g\u0171 h\u00edv\u00e1sokat szeretn\u00e9nek r\u00f6gz\u00edteni.<\/p>\n\n\n\n<p><strong>5. Hogyan f\u00e9rhetek hozz\u00e1 a felv\u00e9telekhez az elk\u00e9sz\u00edt\u00e9se ut\u00e1n?<\/strong> A felv\u00e9telek \u00e1ltal\u00e1ban k\u00f6zvetlen\u00fcl a telefon mem\u00f3ri\u00e1j\u00e1ba vagy a felh\u0151be ker\u00fclnek ment\u00e9sre, az alkalmaz\u00e1s be\u00e1ll\u00edt\u00e1sait\u00f3l f\u00fcgg\u0151en. Az alkalmaz\u00e1s saj\u00e1t fel\u00fclet\u00e9n kereszt\u00fcl f\u00e9rhetsz hozz\u00e1juk, ahol id\u0151rendi sorrendben vagy n\u00e9vjegyek szerint vannak rendezve.<\/p>","protected":false},"excerpt":{"rendered":"<p>\u00bfAlguna vez has pensado en cu\u00e1ntas veces tuviste una llamada importante y desear\u00edas haber podido grabarla? Ya sea para garantizar tu seguridad, obtener pruebas legales o simplemente para facilitar tu d\u00eda a d\u00eda, grabar una llamada puede ser muy \u00fatil. \u00bfQu\u00e9 te gustar\u00eda hacer Primero? Con la tecnolog\u00eda disponible, ahora es m\u00e1s f\u00e1cil que nunca [&hellip;]<\/p>","protected":false},"author":139,"featured_media":7020,"comment_status":"closed","ping_status":"open","sticky":false,"template":"","format":"standard","meta":{"footnotes":""},"categories":[4],"tags":[290,767,901,903,1109,1460],"yoast_head":"<!-- This site is optimized with the Yoast SEO plugin v23.3 - https:\/\/yoast.com\/wordpress\/plugins\/seo\/ -->\n<title>Aplicaci\u00f3n para Grabar Llamadas Recibidas en el M\u00f3vil\ud83d\udcde\ud83d\udd12 - Universo Fam\u00edlia<\/title>\n<meta name=\"description\" content=\"Aplicaci\u00f3n para Grabar Llamadas Recibidas en el M\u00f3vil\ud83d\udcde\ud83d\udd12 \u00bfAlguna vez has pensado en cu\u00e1ntas veces tuviste una llamada importante y...\" \/>\n<meta name=\"robots\" content=\"index, follow, max-snippet:-1, max-image-preview:large, max-video-preview:-1\" \/>\n<link rel=\"canonical\" href=\"http:\/\/universofamilia.com\/hu\/aplicacion-para-grabar-llamadas-recibidas-en-el-movil\/\" \/>\n<meta property=\"og:locale\" content=\"hu_HU\" \/>\n<meta property=\"og:type\" content=\"article\" \/>\n<meta property=\"og:title\" content=\"Aplicaci\u00f3n para Grabar Llamadas Recibidas en el M\u00f3vil\ud83d\udcde\ud83d\udd12 - Universo Fam\u00edlia\" \/>\n<meta property=\"og:description\" content=\"Aplicaci\u00f3n para Grabar Llamadas Recibidas en el M\u00f3vil\ud83d\udcde\ud83d\udd12 \u00bfAlguna vez has pensado en cu\u00e1ntas veces tuviste una llamada importante y...\" \/>\n<meta property=\"og:url\" content=\"http:\/\/universofamilia.com\/hu\/aplicacion-para-grabar-llamadas-recibidas-en-el-movil\/\" \/>\n<meta property=\"og:site_name\" content=\"Universo Fam\u00edlia\" \/>\n<meta property=\"article:published_time\" content=\"2024-10-21T18:11:02+00:00\" \/>\n<meta property=\"article:modified_time\" content=\"2025-10-05T04:32:44+00:00\" \/>\n<meta property=\"og:image\" content=\"http:\/\/universofamilia.com\/wp-content\/uploads\/sites\/148\/2024\/10\/DESTAQUE-UNIVERSO-550-x-350-1-9.jpg\" \/>\n\t<meta property=\"og:image:width\" content=\"550\" \/>\n\t<meta property=\"og:image:height\" content=\"350\" \/>\n\t<meta property=\"og:image:type\" content=\"image\/jpeg\" \/>\n<meta name=\"author\" content=\"Pedro Henrique\" \/>\n<meta name=\"twitter:card\" content=\"summary_large_image\" \/>\n<meta name=\"twitter:label1\" content=\"Written by\" \/>\n\t<meta name=\"twitter:data1\" content=\"Pedro Henrique\" \/>\n\t<meta name=\"twitter:label2\" content=\"Est. reading time\" \/>\n\t<meta name=\"twitter:data2\" content=\"8 perc\" \/>\n<script type=\"application\/ld+json\" class=\"yoast-schema-graph\">{\"@context\":\"https:\/\/schema.org\",\"@graph\":[{\"@type\":\"WebPage\",\"@id\":\"http:\/\/universofamilia.com\/hu\/aplicacion-para-grabar-llamadas-recibidas-en-el-movil\/\",\"url\":\"http:\/\/universofamilia.com\/hu\/aplicacion-para-grabar-llamadas-recibidas-en-el-movil\/\",\"name\":\"Aplicaci\u00f3n para Grabar Llamadas Recibidas en el M\u00f3vil\ud83d\udcde\ud83d\udd12 - Universo Fam\u00edlia\",\"isPartOf\":{\"@id\":\"https:\/\/universofamilia.com\/el\/#website\"},\"primaryImageOfPage\":{\"@id\":\"http:\/\/universofamilia.com\/hu\/aplicacion-para-grabar-llamadas-recibidas-en-el-movil\/#primaryimage\"},\"image\":{\"@id\":\"http:\/\/universofamilia.com\/hu\/aplicacion-para-grabar-llamadas-recibidas-en-el-movil\/#primaryimage\"},\"thumbnailUrl\":\"https:\/\/universofamilia.com\/wp-content\/uploads\/sites\/148\/2024\/10\/DESTAQUE-UNIVERSO-550-x-350-1-9.jpg\",\"datePublished\":\"2024-10-21T18:11:02+00:00\",\"dateModified\":\"2025-10-05T04:32:44+00:00\",\"author\":{\"@id\":\"https:\/\/universofamilia.com\/el\/#\/schema\/person\/f07ce98187dd84d31154262e79b3b7ca\"},\"description\":\"Aplicaci\u00f3n para Grabar Llamadas Recibidas en el M\u00f3vil\ud83d\udcde\ud83d\udd12 \u00bfAlguna vez has pensado en cu\u00e1ntas veces tuviste una llamada importante y...\",\"breadcrumb\":{\"@id\":\"http:\/\/universofamilia.com\/hu\/aplicacion-para-grabar-llamadas-recibidas-en-el-movil\/#breadcrumb\"},\"inLanguage\":\"hu\",\"potentialAction\":[{\"@type\":\"ReadAction\",\"target\":[\"http:\/\/universofamilia.com\/hu\/aplicacion-para-grabar-llamadas-recibidas-en-el-movil\/\"]}]},{\"@type\":\"ImageObject\",\"inLanguage\":\"hu\",\"@id\":\"http:\/\/universofamilia.com\/hu\/aplicacion-para-grabar-llamadas-recibidas-en-el-movil\/#primaryimage\",\"url\":\"https:\/\/universofamilia.com\/wp-content\/uploads\/sites\/148\/2024\/10\/DESTAQUE-UNIVERSO-550-x-350-1-9.jpg\",\"contentUrl\":\"https:\/\/universofamilia.com\/wp-content\/uploads\/sites\/148\/2024\/10\/DESTAQUE-UNIVERSO-550-x-350-1-9.jpg\",\"width\":550,\"height\":350,\"caption\":\"Aplicaci\u00f3n para Grabar Llamadas Recibidas en el M\u00f3vil\ud83d\udcde\ud83d\udd12\"},{\"@type\":\"BreadcrumbList\",\"@id\":\"http:\/\/universofamilia.com\/hu\/aplicacion-para-grabar-llamadas-recibidas-en-el-movil\/#breadcrumb\",\"itemListElement\":[{\"@type\":\"ListItem\",\"position\":1,\"name\":\"Home\",\"item\":\"https:\/\/universofamilia.com\/el\/\"},{\"@type\":\"ListItem\",\"position\":2,\"name\":\"Aplicaci\u00f3n para Grabar Llamadas Recibidas en el M\u00f3vil\ud83d\udcde\ud83d\udd12\"}]},{\"@type\":\"WebSite\",\"@id\":\"https:\/\/universofamilia.com\/el\/#website\",\"url\":\"https:\/\/universofamilia.com\/el\/\",\"name\":\"Universo Fam\u00edlia\",\"description\":\"\",\"potentialAction\":[{\"@type\":\"SearchAction\",\"target\":{\"@type\":\"EntryPoint\",\"urlTemplate\":\"https:\/\/universofamilia.com\/el\/?s={search_term_string}\"},\"query-input\":\"required name=search_term_string\"}],\"inLanguage\":\"hu\"},{\"@type\":\"Person\",\"@id\":\"https:\/\/universofamilia.com\/el\/#\/schema\/person\/f07ce98187dd84d31154262e79b3b7ca\",\"name\":\"Pedro Henrique\",\"image\":{\"@type\":\"ImageObject\",\"inLanguage\":\"hu\",\"@id\":\"https:\/\/universofamilia.com\/el\/#\/schema\/person\/image\/\",\"url\":\"https:\/\/secure.gravatar.com\/avatar\/9edfeb808cb4e1599f64d6e45b130154?s=96&d=mm&r=g\",\"contentUrl\":\"https:\/\/secure.gravatar.com\/avatar\/9edfeb808cb4e1599f64d6e45b130154?s=96&d=mm&r=g\",\"caption\":\"Pedro Henrique\"},\"url\":\"https:\/\/universofamilia.com\/hu\/author\/editor01\/\"}]}<\/script>\n<!-- \/ Yoast SEO plugin. -->","yoast_head_json":{"title":"Aplicaci\u00f3n para Grabar Llamadas Recibidas en el M\u00f3vil\ud83d\udcde\ud83d\udd12 - Universo Fam\u00edlia","description":"Aplicaci\u00f3n para Grabar Llamadas Recibidas en el M\u00f3vil\ud83d\udcde\ud83d\udd12 \u00bfAlguna vez has pensado en cu\u00e1ntas veces tuviste una llamada importante y...","robots":{"index":"index","follow":"follow","max-snippet":"max-snippet:-1","max-image-preview":"max-image-preview:large","max-video-preview":"max-video-preview:-1"},"canonical":"http:\/\/universofamilia.com\/hu\/aplicacion-para-grabar-llamadas-recibidas-en-el-movil\/","og_locale":"hu_HU","og_type":"article","og_title":"Aplicaci\u00f3n para Grabar Llamadas Recibidas en el M\u00f3vil\ud83d\udcde\ud83d\udd12 - Universo Fam\u00edlia","og_description":"Aplicaci\u00f3n para Grabar Llamadas Recibidas en el M\u00f3vil\ud83d\udcde\ud83d\udd12 \u00bfAlguna vez has pensado en cu\u00e1ntas veces tuviste una llamada importante y...","og_url":"http:\/\/universofamilia.com\/hu\/aplicacion-para-grabar-llamadas-recibidas-en-el-movil\/","og_site_name":"Universo Fam\u00edlia","article_published_time":"2024-10-21T18:11:02+00:00","article_modified_time":"2025-10-05T04:32:44+00:00","og_image":[{"width":550,"height":350,"url":"http:\/\/universofamilia.com\/wp-content\/uploads\/sites\/148\/2024\/10\/DESTAQUE-UNIVERSO-550-x-350-1-9.jpg","type":"image\/jpeg"}],"author":"Pedro Henrique","twitter_card":"summary_large_image","twitter_misc":{"Written by":"Pedro Henrique","Est. reading time":"8 perc"},"schema":{"@context":"https:\/\/schema.org","@graph":[{"@type":"WebPage","@id":"http:\/\/universofamilia.com\/hu\/aplicacion-para-grabar-llamadas-recibidas-en-el-movil\/","url":"http:\/\/universofamilia.com\/hu\/aplicacion-para-grabar-llamadas-recibidas-en-el-movil\/","name":"Aplicaci\u00f3n para Grabar Llamadas Recibidas en el M\u00f3vil\ud83d\udcde\ud83d\udd12 - Universo Fam\u00edlia","isPartOf":{"@id":"https:\/\/universofamilia.com\/el\/#website"},"primaryImageOfPage":{"@id":"http:\/\/universofamilia.com\/hu\/aplicacion-para-grabar-llamadas-recibidas-en-el-movil\/#primaryimage"},"image":{"@id":"http:\/\/universofamilia.com\/hu\/aplicacion-para-grabar-llamadas-recibidas-en-el-movil\/#primaryimage"},"thumbnailUrl":"https:\/\/universofamilia.com\/wp-content\/uploads\/sites\/148\/2024\/10\/DESTAQUE-UNIVERSO-550-x-350-1-9.jpg","datePublished":"2024-10-21T18:11:02+00:00","dateModified":"2025-10-05T04:32:44+00:00","author":{"@id":"https:\/\/universofamilia.com\/el\/#\/schema\/person\/f07ce98187dd84d31154262e79b3b7ca"},"description":"Aplicaci\u00f3n para Grabar Llamadas Recibidas en el M\u00f3vil\ud83d\udcde\ud83d\udd12 \u00bfAlguna vez has pensado en cu\u00e1ntas veces tuviste una llamada importante y...","breadcrumb":{"@id":"http:\/\/universofamilia.com\/hu\/aplicacion-para-grabar-llamadas-recibidas-en-el-movil\/#breadcrumb"},"inLanguage":"hu","potentialAction":[{"@type":"ReadAction","target":["http:\/\/universofamilia.com\/hu\/aplicacion-para-grabar-llamadas-recibidas-en-el-movil\/"]}]},{"@type":"ImageObject","inLanguage":"hu","@id":"http:\/\/universofamilia.com\/hu\/aplicacion-para-grabar-llamadas-recibidas-en-el-movil\/#primaryimage","url":"https:\/\/universofamilia.com\/wp-content\/uploads\/sites\/148\/2024\/10\/DESTAQUE-UNIVERSO-550-x-350-1-9.jpg","contentUrl":"https:\/\/universofamilia.com\/wp-content\/uploads\/sites\/148\/2024\/10\/DESTAQUE-UNIVERSO-550-x-350-1-9.jpg","width":550,"height":350,"caption":"Aplicaci\u00f3n para Grabar Llamadas Recibidas en el M\u00f3vil\ud83d\udcde\ud83d\udd12"},{"@type":"BreadcrumbList","@id":"http:\/\/universofamilia.com\/hu\/aplicacion-para-grabar-llamadas-recibidas-en-el-movil\/#breadcrumb","itemListElement":[{"@type":"ListItem","position":1,"name":"Home","item":"https:\/\/universofamilia.com\/el\/"},{"@type":"ListItem","position":2,"name":"Aplicaci\u00f3n para Grabar Llamadas Recibidas en el M\u00f3vil\ud83d\udcde\ud83d\udd12"}]},{"@type":"WebSite","@id":"https:\/\/universofamilia.com\/el\/#website","url":"https:\/\/universofamilia.com\/el\/","name":"Universo Fam\u00edlia","description":"","potentialAction":[{"@type":"SearchAction","target":{"@type":"EntryPoint","urlTemplate":"https:\/\/universofamilia.com\/el\/?s={search_term_string}"},"query-input":"required name=search_term_string"}],"inLanguage":"hu"},{"@type":"Person","@id":"https:\/\/universofamilia.com\/el\/#\/schema\/person\/f07ce98187dd84d31154262e79b3b7ca","name":"Pedro Henrique","image":{"@type":"ImageObject","inLanguage":"hu","@id":"https:\/\/universofamilia.com\/el\/#\/schema\/person\/image\/","url":"https:\/\/secure.gravatar.com\/avatar\/9edfeb808cb4e1599f64d6e45b130154?s=96&d=mm&r=g","contentUrl":"https:\/\/secure.gravatar.com\/avatar\/9edfeb808cb4e1599f64d6e45b130154?s=96&d=mm&r=g","caption":"Pedro Henrique"},"url":"https:\/\/universofamilia.com\/hu\/author\/editor01\/"}]}},"_links":{"self":[{"href":"https:\/\/universofamilia.com\/hu\/wp-json\/wp\/v2\/posts\/7019"}],"collection":[{"href":"https:\/\/universofamilia.com\/hu\/wp-json\/wp\/v2\/posts"}],"about":[{"href":"https:\/\/universofamilia.com\/hu\/wp-json\/wp\/v2\/types\/post"}],"author":[{"embeddable":true,"href":"https:\/\/universofamilia.com\/hu\/wp-json\/wp\/v2\/users\/139"}],"replies":[{"embeddable":true,"href":"https:\/\/universofamilia.com\/hu\/wp-json\/wp\/v2\/comments?post=7019"}],"version-history":[{"count":2,"href":"https:\/\/universofamilia.com\/hu\/wp-json\/wp\/v2\/posts\/7019\/revisions"}],"predecessor-version":[{"id":9844,"href":"https:\/\/universofamilia.com\/hu\/wp-json\/wp\/v2\/posts\/7019\/revisions\/9844"}],"wp:featuredmedia":[{"embeddable":true,"href":"https:\/\/universofamilia.com\/hu\/wp-json\/wp\/v2\/media\/7020"}],"wp:attachment":[{"href":"https:\/\/universofamilia.com\/hu\/wp-json\/wp\/v2\/media?parent=7019"}],"wp:term":[{"taxonomy":"category","embeddable":true,"href":"https:\/\/universofamilia.com\/hu\/wp-json\/wp\/v2\/categories?post=7019"},{"taxonomy":"post_tag","embeddable":true,"href":"https:\/\/universofamilia.com\/hu\/wp-json\/wp\/v2\/tags?post=7019"}],"curies":[{"name":"wp","href":"https:\/\/api.w.org\/{rel}","templated":true}]}}