{"id":7055,"date":"2024-10-22T09:34:58","date_gmt":"2024-10-22T12:34:58","guid":{"rendered":"https:\/\/universofamilia.com\/?p=7055"},"modified":"2025-01-28T16:29:32","modified_gmt":"2025-01-28T16:29:32","slug":"recupera-tus-memorias-perdidas","status":"publish","type":"post","link":"https:\/\/universofamilia.com\/hu\/recupera-tus-memorias-perdidas\/","title":{"rendered":"\u00c1ll\u00edtsd vissza elveszett eml\u00e9keidet \ud83d\udcf8\u2728"},"content":{"rendered":"<p>Eml\u00e9kszel arra a k\u00fcl\u00f6nleges fot\u00f3ra, amit v\u00e9letlen\u00fcl t\u00f6r\u00f6lt\u00e9l a telefonodr\u00f3l?<\/p>\n\n\n\n<p>Vagy tal\u00e1n az a hihetetlen kaland, amelynek egyetlen digit\u00e1lis eml\u00e9ke egy szempillant\u00e1s alatt elt\u0171nt.<\/p>\n\n\n\n<p>Az igazs\u00e1g az, hogy ebben a digit\u00e1lis vil\u00e1gban mindannyian ki vagyunk t\u00e9ve annak a vesz\u00e9lynek, hogy elvesz\u00edtj\u00fck \u00e9rt\u00e9kes eml\u00e9keinket. De mi lenne, ha azt mondan\u00e1m, hogy van megold\u00e1s?<\/p>\n\n\n\n<p>Igen! Vissza\u00e1ll\u00edthatod az elveszett fot\u00f3idat, \u00e9s ma megmutatom, hogyan teheted ezt meg egyszer\u0171en \u00e9s biztons\u00e1gosan.<\/p>\n\n\n\n<p>Csatlakozol hozz\u00e1m ezen az \u00faton? \ud83e\udd14\ud83d\udcf1<\/p>\n\n\n\n<h3 class=\"wp-block-heading\">Az eml\u00e9kek meg\u00f6r\u00f6k\u00edt\u00e9s\u00e9nek fontoss\u00e1ga \ud83d\udd70\ufe0f\ud83d\udcad<\/h3>\n\n\n\n<p>Nincs er\u0151sebb az eml\u00e9kekn\u00e9l. Visszarep\u00edtenek minket az id\u0151ben, \u00f6sszekapcsolnak azzal, akik voltunk, \u00e9s azokkal, akiket szerett\u00fcnk.<\/p>\n\n\n\n<p>Ebben a digit\u00e1lis korban a f\u00e9nyk\u00e9pek mindennapi \u00e9let\u00fcnk szerves r\u00e9sz\u00e9v\u00e9 v\u00e1ltak. Igazi erekly\u00e9i a legf\u00e9ltettebb pillanatainknak.<\/p>\n\n\n\n<p>Az eml\u00e9kek f\u00e9nyk\u00e9peken kereszt\u00fcli meg\u00f6r\u00f6k\u00edt\u00e9se azt jelenti, hogy \u00e9leted minden fontos pillanata \u00f6r\u00f6kre meg\u0151rz\u0151dik. \ud83c\udf1f<\/p>\n\n\n\n<p><\/p>\n\n\n\n<hr class=\"wp-block-separator has-text-color has-luminous-vivid-orange-color has-alpha-channel-opacity has-luminous-vivid-orange-background-color has-background\" \/>\n\n\n\n<h3 class=\"wp-block-heading\">Olvasd el m\u00e9g:<\/h3>\n\n\n\n<ul class=\"wp-block-list has-small-font-size\">\n<li class=\"has-medium-font-size\"><a href=\"https:\/\/universofamilia.com\/hu\/6898\/leer-la-biblia-catolica-en-tu-celular\/\"><font style=\"vertical-align: inherit\"><font style=\"vertical-align: inherit\">\ud83d\udccc Olvasd a katolikus Bibli\u00e1t a mobiltelefonodon<\/font><\/font> &gt;<\/a><\/li>\n\n\n\n<li class=\"has-medium-font-size\"><a href=\"https:\/\/universofamilia.com\/hu\/6855\/grabar-llamadas-recibidas\/\">\ud83d\udccc Bej\u00f6v\u0151 h\u00edv\u00e1sok r\u00f6gz\u00edt\u00e9se &gt;<\/a><\/li>\n\n\n\n<li class=\"has-medium-font-size\"><a href=\"https:\/\/universofamilia.com\/hu\/6832\/aplicacion-para-bailar-zumba\/\">\ud83d\udccc Zumba T\u00e1nc Alkalmaz\u00e1s &gt;<\/a><\/li>\n\n\n\n<li class=\"has-medium-font-size\"><a href=\"https:\/\/universofamilia.com\/hu\/6952\/descubre-quien-visita-tu-perfil-redes-sociales\/\">\ud83d\udccc Tudd meg, kik l\u00e1togatj\u00e1k a k\u00f6z\u00f6ss\u00e9gi m\u00e9dia profilodat &gt;<\/a><\/li>\n<\/ul>\n\n\n\n<hr class=\"wp-block-separator has-text-color has-luminous-vivid-orange-color has-alpha-channel-opacity has-luminous-vivid-orange-background-color has-background\" \/>\n\n\n\n<p><\/p>\n\n\n\n<h3 class=\"wp-block-heading\">Fot\u00f3k: \u00d6r\u00f6kk\u00e9val\u00f3s\u00e1g erekly\u00e9i \ud83d\uddbc\ufe0f\u2728<\/h3>\n\n\n\n<p>Gondolt\u00e1l m\u00e1r arra, hogy a mobiltelefonod minden egyes kattint\u00e1sa meg\u00f6r\u00f6k\u00edti a t\u00f6rt\u00e9neted egy kis r\u00e9sz\u00e9t?<\/p>\n\n\n\n<p>Ak\u00e1r sz\u00fclet\u00e9snapr\u00f3l, csal\u00e1di \u00f6sszej\u00f6vetelr\u0151l vagy egy felejthetetlen nyaral\u00e1sr\u00f3l van sz\u00f3, ezek a k\u00e9pek mind szem\u00e9lyes erekly\u00e9kk\u00e9 v\u00e1lnak.<\/p>\n\n\n\n<p>Olyanok, mint a kapuk, amelyeken kereszt\u00fcl \u00fajra \u00e1t\u00e9lhetj\u00fck ezeket a k\u00fcl\u00f6nleges pillanatokat.<\/p>\n\n\n\n<p>Ez\u00e9rt lehet sz\u00edvszor\u00edt\u00f3 elvesz\u00edteni egy k\u00fcl\u00f6nleges fot\u00f3t... de ne agg\u00f3dj! Vannak megold\u00e1sok erre. \ud83d\ude0a\ud83d\udcf7<\/p>\n\n\n\n<h4 class=\"wp-block-heading\">Az elveszett pillanatok visszaszerz\u00e9s\u00e9nek titka \ud83e\udd2b\ud83d\udcbe<\/h4>\n\n\n\n<p>A technol\u00f3giai fejl\u0151d\u00e9snek k\u00f6sz\u00f6nhet\u0151en l\u00e9teznek csod\u00e1latos alkalmaz\u00e1sok, amelyek lehet\u0151v\u00e9 teszik a v\u00e9letlen\u00fcl t\u00f6r\u00f6lt f\u00e9nyk\u00e9pek vissza\u00e1ll\u00edt\u00e1s\u00e1t. Igen, azok az eml\u00e9kek, amelyek \u00f6r\u00f6kre elveszettnek t\u0171ntek, \u00fajra \u00e9letre kelhetnek!<\/p>\n\n\n\n<p>Al\u00e1bb bemutatok h\u00e1rom fantasztikus alkalmaz\u00e1st, amelyek seg\u00edteni fognak ebben a k\u00fcldet\u00e9sben. De el\u0151sz\u00f6r is besz\u00e9lj\u00fcnk arr\u00f3l, hogy mi\u00e9rt \u00e9rdemes egy fot\u00f3-helyre\u00e1ll\u00edt\u00f3 alkalmaz\u00e1st telep\u00edtened a telefonodra. \ud83d\udcf2\u2728<\/p>\n\n\n\n<h3 class=\"wp-block-heading\">Mi\u00e9rt \u00e9rdemes fot\u00f3-helyre\u00e1ll\u00edt\u00f3 alkalmaz\u00e1st haszn\u00e1lni? \ud83d\udcf2\ud83d\udd04<\/h3>\n\n\n\n<p>K\u00e9pzeld el a lelki b\u00e9k\u00e9t, tudv\u00e1n, hogy m\u00e9g ha valami rosszul is t\u00f6rt\u00e9nik, vissza\u00e1ll\u00edthatod azt a becses fot\u00f3t.<\/p>\n\n\n\n<p>A fot\u00f3-helyre\u00e1ll\u00edt\u00f3 alkalmaz\u00e1sok nemcsak hasznosak, hanem n\u00e9lk\u00fcl\u00f6zhetetlenek is.<\/p>\n\n\n\n<p>Ak\u00e1r v\u00e9letlen t\u00f6rl\u00e9sr\u0151l, rendszer\u00f6sszeoml\u00e1sr\u00f3l vagy ak\u00e1r gy\u00e1ri be\u00e1ll\u00edt\u00e1sok vissza\u00e1ll\u00edt\u00e1s\u00e1r\u00f3l van sz\u00f3, ezek az eszk\u00f6z\u00f6k lehet\u0151v\u00e9 teszik, hogy biztons\u00e1gosan \u00e9s gyorsan visszahozd az eml\u00e9keidet. \ud83c\udfc3\u200d\u2642\ufe0f\ud83d\udca8<\/p>\n\n\n\n<h3 class=\"wp-block-heading\">Tippek a sikeres fot\u00f3-helyre\u00e1ll\u00edt\u00e1shoz \ud83d\udccb\u2705<\/h3>\n\n\n\n<p>Miel\u0151tt belemer\u00fcln\u00e9nk az alkalmaz\u00e1sokba, \u00edme n\u00e9h\u00e1ny fontos tipp a sikeres fel\u00e9p\u00fcl\u00e9shez:<\/p>\n\n\n\n<ol class=\"wp-block-list\">\n<li><strong>Azonnal hagyja abba a k\u00e9sz\u00fcl\u00e9k haszn\u00e1lat\u00e1t<\/strong>Min\u00e9l kevesebbet haszn\u00e1lod az eszk\u00f6zt a t\u00f6rl\u00e9s ut\u00e1n, ann\u00e1l nagyobb az es\u00e9lye a helyre\u00e1ll\u00edt\u00e1snak.<\/li>\n\n\n\n<li><strong>V\u00e1lassza ki a megfelel\u0151 alkalmaz\u00e1st<\/strong>Nem minden alkalmaz\u00e1s k\u00edn\u00e1lja ugyanazokat a funkci\u00f3kat. Haszn\u00e1ld azokat, amelyek j\u00f3 h\u00edrn\u00e9vnek \u00f6rvendenek \u00e9s kiv\u00e1l\u00f3 \u00e9rt\u00e9kel\u00e9sekkel rendelkeznek.<\/li>\n\n\n\n<li><strong>K\u00e9sz\u00edtsen gyakori biztons\u00e1gi ment\u00e9seket<\/strong>Ne felejts el rendszeresen biztons\u00e1gi m\u00e1solatot k\u00e9sz\u00edteni, hogy elker\u00fcld a j\u00f6v\u0151beni fejf\u00e1j\u00e1st. \ud83d\udee1\ufe0f<\/li>\n<\/ol>\n\n\n\n<h3 class=\"wp-block-heading\">Csod\u00e1latos fot\u00f3-helyre\u00e1ll\u00edt\u00f3 alkalmaz\u00e1sok! \ud83d\udcf2\ud83d\udca1<\/h3>\n\n\n\n<p>Most, hogy tudod, hogyan kell felk\u00e9sz\u00fclni, fedezz\u00fck fel a piacon el\u00e9rhet\u0151 h\u00e1rom legjobb alkalmaz\u00e1st.<\/p>\n\n\n\n<p>Mindegyik rendk\u00edv\u00fcl hat\u00e9kony, \u00e9s t\u00f6bb ezer felhaszn\u00e1l\u00f3 pozit\u00edv \u00e9rt\u00e9kel\u00e9s\u00e9vel rendelkeznek.<\/p>\n\n\n\n<h4 class=\"wp-block-heading\">DiskDigger Fot\u00f3-helyre\u00e1ll\u00edt\u00e1s \ud83d\udcf8\ud83d\udee0\ufe0f<\/h4>\n\n\n\n<p>A DiskDigger az egyik legn\u00e9pszer\u0171bb fot\u00f3-helyre\u00e1ll\u00edt\u00f3 alkalmaz\u00e1s, \u00e9s ez nem v\u00e9letlen.<\/p>\n\n\n\n<p>Rendk\u00edv\u00fcl hat\u00e9kony, k\u00f6nnyen haszn\u00e1lhat\u00f3, \u00e9s lehet\u0151v\u00e9 teszi a f\u00e9nyk\u00e9pek vissza\u00e1ll\u00edt\u00e1s\u00e1t mind a bels\u0151 mem\u00f3ri\u00e1b\u00f3l, mind az SD-k\u00e1rty\u00e1r\u00f3l.<\/p>\n\n\n\n<p><strong>El\u0151ny\u00f6k:<\/strong><\/p>\n\n\n\n<ul class=\"wp-block-list\">\n<li>Fot\u00f3k helyre\u00e1ll\u00edt\u00e1sa k\u00fcl\u00f6nb\u00f6z\u0151 form\u00e1tumokban.<\/li>\n\n\n\n<li>Lehet\u0151v\u00e9 teszi a k\u00e9pek el\u0151n\u00e9zet\u00e9t a vissza\u00e1ll\u00edt\u00e1s el\u0151tt.<\/li>\n\n\n\n<li>Lehet\u0151s\u00e9g a vissza\u00e1ll\u00edtott f\u00e9nyk\u00e9pek Google Drive-ba, Dropboxba vagy e-mailbe k\u00fcld\u00e9s\u00e9re.<\/li>\n<\/ul>\n\n\n\n<p><strong>L\u00e9tes\u00edtm\u00e9ny:<\/strong> Csak le kell t\u00f6ltened az alkalmaz\u00e1st a <strong>Google Play \u00c1ruh\u00e1z<\/strong> hull\u00e1m <strong>Apple \u00c1ruh\u00e1z<\/strong>, telep\u00edtse, \u00e9s k\u00f6vesse a helyre\u00e1ll\u00edt\u00e1s megkezd\u00e9s\u00e9hez sz\u00fcks\u00e9ges l\u00e9p\u00e9seket.<\/p>\n\n\n\n<p><strong>Mit mondanak a felhaszn\u00e1l\u00f3k?<\/strong><\/p>\n\n\n\n<blockquote class=\"wp-block-quote\">\n<p>\u201eCsod\u00e1latos! Siker\u00fclt visszaszereznem az utols\u00f3 utamr\u00f3l k\u00e9sz\u00fclt fot\u00f3kat, amiket azt hittem, \u00f6r\u00f6kre elvesztek.\u201d \u2013 Carla, 42 \u00e9ves.<\/p>\n<\/blockquote>\n\n\n\n<h4 class=\"wp-block-heading\">F\u00e1jlok \u00e9s adatok vissza\u00e1ll\u00edt\u00e1sa \ud83d\uddc2\ufe0f\ud83d\udd0d<\/h4>\n\n\n\n<p>Az Undeleter egy m\u00e1sik nagyszer\u0171 lehet\u0151s\u00e9g a t\u00f6r\u00f6lt f\u00e9nyk\u00e9pek, vide\u00f3k \u00e9s egy\u00e9b f\u00e1jlok helyre\u00e1ll\u00edt\u00e1s\u00e1ra.<\/p>\n\n\n\n<p>Egy egyszer\u0171 \u00e9s intuit\u00edv fel\u00fclettel lehet\u0151v\u00e9 teszi a f\u00e1jlok gyors \u00e9s komplik\u00e1ci\u00f3k n\u00e9lk\u00fcli helyre\u00e1ll\u00edt\u00e1s\u00e1t.<\/p>\n\n\n\n<p><strong>El\u0151ny\u00f6k:<\/strong><\/p>\n\n\n\n<ul class=\"wp-block-list\">\n<li>Fot\u00f3k, vide\u00f3k \u00e9s ak\u00e1r dokumentumok helyre\u00e1ll\u00edt\u00e1sa.<\/li>\n\n\n\n<li>Mem\u00f3riak\u00e1rty\u00e1val \u00e9s bels\u0151 mem\u00f3ri\u00e1val is m\u0171k\u00f6dik.<\/li>\n\n\n\n<li>Lehet\u0151s\u00e9g a k\u00e9sz\u00fcl\u00e9k m\u00e9lyvizsg\u00e1lat\u00e1nak v\u00e9grehajt\u00e1s\u00e1ra.<\/li>\n<\/ul>\n\n\n\n<p><strong>L\u00e9tes\u00edtm\u00e9ny:<\/strong> El\u00e9rhet\u0151 a <strong>Google Play \u00c1ruh\u00e1z<\/strong>, csak t\u00f6ltse le, k\u00f6vesse a kezdeti \u00fatmutat\u00f3t, \u00e9s kezdje el a f\u00e1jlok helyre\u00e1ll\u00edt\u00e1s\u00e1t.<\/p>\n\n\n\n<p><strong>Mit mondanak a felhaszn\u00e1l\u00f3k?<\/strong><\/p>\n\n\n\n<blockquote class=\"wp-block-quote\">\n<p>\u201eMegmentette a gyerekkori fot\u00f3albumomat! Nagyon aj\u00e1nlom.\u201d \u2013 Pedro, 51.<\/p>\n<\/blockquote>\n\n\n\n<h4 class=\"wp-block-heading\">MobiSaver \u2013 Fot\u00f3k \u00e9s adatok helyre\u00e1ll\u00edt\u00e1sa \ud83d\udee0\ufe0f\ud83d\udcf2<\/h4>\n\n\n\n<p>A MobiSaver kiemelkedik a k\u00f6nny\u0171 haszn\u00e1lhat\u00f3s\u00e1g\u00e1val \u00e9s a helyre\u00e1ll\u00edthat\u00f3 f\u00e1jlok sz\u00e9les sk\u00e1l\u00e1j\u00e1val, bele\u00e9rtve a f\u00e9nyk\u00e9peket \u00e9s vide\u00f3kat is.<\/p>\n\n\n\n<p>Ide\u00e1lis azok sz\u00e1m\u00e1ra, akik gyors \u00e9s praktikus megold\u00e1st keresnek.<\/p>\n\n\n\n<p><strong>El\u0151ny\u00f6k:<\/strong><\/p>\n\n\n\n<ul class=\"wp-block-list\">\n<li>Fot\u00f3k, \u00fczenetek, vide\u00f3k \u00e9s egy\u00e9b adatok helyre\u00e1ll\u00edt\u00e1sa.<\/li>\n\n\n\n<li>Felhaszn\u00e1l\u00f3bar\u00e1t fel\u00fclet \u00e9s gyors helyre\u00e1ll\u00edt\u00e1si folyamat.<\/li>\n\n\n\n<li>Androidra \u00e9s iOS-re is el\u00e9rhet\u0151.<\/li>\n<\/ul>\n\n\n\n<p><strong>L\u00e9tes\u00edtm\u00e9ny:<\/strong> Keresd meg a MobiSavert a k\u00f6vetkez\u0151 helyen: <strong>Google Play \u00c1ruh\u00e1z<\/strong> hull\u00e1m <strong>Apple \u00c1ruh\u00e1z<\/strong>, k\u00f6vesd az utas\u00edt\u00e1sokat, \u00e9s perceken bel\u00fcl kezdd el visszanyerni az eml\u00e9keidet.<\/p>\n\n\n\n<p><strong>Mit mondanak a felhaszn\u00e1l\u00f3k?<\/strong><\/p>\n\n\n\n<blockquote class=\"wp-block-quote\">\n<p>\u201eAzt hittem, elvesztek az esk\u00fcv\u0151i fot\u00f3im, de a MobiSaver visszaszerezte \u0151ket! Nagyon izgatott vagyok.\u201d \u2013 Joana, 38.<\/p>\n<\/blockquote>\n\n\n\n<h3 class=\"wp-block-heading\">Mit mondanak a felhaszn\u00e1l\u00f3k \ud83d\udde3\ufe0f\ud83d\udcac<\/h3>\n\n\n\n<p>Ezeket az alkalmaz\u00e1sokat a felhaszn\u00e1l\u00f3k nagyon magasra \u00e9rt\u00e9kelik.<\/p>\n\n\n\n<p>Az emberek izgalmas t\u00f6rt\u00e9neteket osztanak meg arr\u00f3l, hogyan siker\u00fclt visszaszerezni\u00fck azokat a k\u00fcl\u00f6nleges pillanatokat, amelyeket \u00f6r\u00f6kre elveszettnek hittek.<\/p>\n\n\n\n<p>A csal\u00e1di fot\u00f3t\u00f3l a nyaral\u00e1si eml\u00e9kekig, a v\u00e9lem\u00e9nyek egyhang\u00faak: ezek az alkalmaz\u00e1sok var\u00e1zslatosak! \u2728<\/p>\n\n\n<div class=\"wp-block-image\">\n<figure class=\"aligncenter size-full\"><img loading=\"lazy\" decoding=\"async\" width=\"550\" height=\"350\" src=\"http:\/\/universofamilia.com\/wp-content\/uploads\/sites\/148\/2024\/10\/DESTAQUE-UNIVERSO-550-x-350-4-3.jpg\" alt=\"\" class=\"wp-image-7056\" srcset=\"https:\/\/universofamilia.com\/wp-content\/uploads\/sites\/148\/2024\/10\/DESTAQUE-UNIVERSO-550-x-350-4-3.jpg 550w, https:\/\/universofamilia.com\/wp-content\/uploads\/sites\/148\/2024\/10\/DESTAQUE-UNIVERSO-550-x-350-4-3-300x191.jpg 300w\" sizes=\"(max-width: 550px) 100vw, 550px\" \/><figcaption class=\"wp-element-caption\">\u00c1ll\u00edtsd vissza elveszett eml\u00e9keidet \ud83d\udcf8\u2728<\/figcaption><\/figure><\/div>\n\n\n<h3 class=\"wp-block-heading\">Konkl\u00fazi\u00f3: Szerezd vissza elveszett eml\u00e9keidet most azonnal! \ud83d\ude80\ud83d\udca1<\/h3>\n\n\n\n<p>Ha valaha is elvesztett\u00e9l egy fontos f\u00e9nyk\u00e9pet, akkor tudod, milyen f\u00e1jdalmas tud lenni.<\/p>\n\n\n\n<p>De ezeknek a csod\u00e1latos alkalmaz\u00e1soknak a seg\u00edts\u00e9g\u00e9vel visszahozhatod ezeket a dr\u00e1ga eml\u00e9keket.<\/p>\n\n\n\n<p>Ne vesztegess t\u00f6bb id\u0151t, \u00e9s kezdd el vissza\u00e1ll\u00edtani a fot\u00f3idat most!<\/p>\n\n\n\n<h3 class=\"wp-block-heading\">Let\u00f6lt\u00e9si linkek \u2013 \u0150rizd meg eml\u00e9keidet m\u00e9g ma! \ud83d\udd17\ud83d\udee1\ufe0f<\/h3>\n\n\n\n<ul class=\"wp-block-list\">\n<li><strong>DiskDigger fot\u00f3-helyre\u00e1ll\u00edt\u00e1s<\/strong> mert - <a href=\"https:\/\/play.google.com\/store\/apps\/details?id=com.defianttech.diskdigger&amp;hl=en_US\">Android<\/a> \/ <a href=\"https:\/\/apps.apple.com\/al\/app\/photo-recovery-deleted-phone\/id1482562954\">iOS<\/a><\/li>\n\n\n\n<li><strong>F\u00e1jlok \u00e9s adatok vissza\u00e1ll\u00edt\u00e1sa<\/strong> mert - <a href=\"https:\/\/play.google.com\/store\/apps\/details?id=inshot.data.recovery.restore.deleted.data.diskdigger&amp;hl=en_US\">Android<\/a> \/ <a href=\"https:\/\/support.apple.com\/pt-br\/guide\/icloud\/mmae56ea1ca5\/icloud\">iOS<\/a><\/li>\n\n\n\n<li><strong>MobiSaver - Fot\u00f3k \u00e9s adatok helyre\u00e1ll\u00edt\u00e1sa<\/strong> mert - <a href=\"https:\/\/play.google.com\/store\/apps\/details?id=com.easeus.mobisaver&amp;hl=pt_BR\">Android<\/a> \/ <a href=\"https:\/\/apps.apple.com\/us\/app\/easeus-data-recovery-wizard\/id740355970?mt=12\">iOS<\/a><\/li>\n<\/ul>\n\n\n\n<hr class=\"wp-block-separator has-alpha-channel-opacity\" \/>\n\n\n\n<h3 class=\"wp-block-heading\">Gyakran Ism\u00e9telt K\u00e9rd\u00e9sek (GYIK) \u2753\ud83e\udd14<\/h3>\n\n\n\n<p><strong>Hogyan m\u0171k\u00f6dnek a fot\u00f3-helyre\u00e1ll\u00edt\u00f3 alkalmaz\u00e1sok?<\/strong> A helyre\u00e1ll\u00edt\u00f3 alkalmaz\u00e1sok \u00e1tvizsg\u00e1lj\u00e1k az eszk\u00f6z mem\u00f3ri\u00e1j\u00e1t a t\u00f6r\u00f6lt f\u00e1jlok nyomai ut\u00e1n kutatva. Att\u00f3l f\u00fcgg\u0151en, hogy mennyi id\u0151vel ezel\u0151tt t\u00f6rt\u00e9nt a f\u00e1jlcsere, \u00e9s hogyan haszn\u00e1lta az eszk\u00f6zt, lehets\u00e9ges, hogy helyre\u00e1ll\u00edthatja a t\u00f6r\u00f6lt f\u00e9nyk\u00e9peket.<\/p>\n\n\n\n<p><strong>Biztons\u00e1gos ezeket az alkalmaz\u00e1sokat haszn\u00e1lni?<\/strong> Igen, az \u00f6sszes eml\u00edtett alkalmaz\u00e1s biztons\u00e1gos \u00e9s t\u00f6bb milli\u00f3 felhaszn\u00e1l\u00f3 haszn\u00e1lja \u0151ket. Fontos azonban, hogy hivatalos forr\u00e1sokb\u00f3l, p\u00e9ld\u00e1ul a Google Playr\u0151l vagy az App Store-b\u00f3l t\u00f6lts\u00fck le \u0151ket, hogy elker\u00fclj\u00fck a nem megb\u00edzhat\u00f3 verzi\u00f3kat.<\/p>\n\n\n\n<p><strong>Vissza tudom \u00e1ll\u00edtani a r\u00e9gen t\u00f6r\u00f6lt fot\u00f3kat?<\/strong> Att\u00f3l f\u00fcgg, hogyan haszn\u00e1ltad az eszk\u00f6zt a fot\u00f3k t\u00f6rl\u00e9se \u00f3ta. Ha nem \u00edrt\u00e1l fel\u00fcl sok adatot, akkor nagyobb az es\u00e9lye a helyre\u00e1ll\u00edt\u00e1snak.<\/p>\n\n\n\n<p><strong>M\u00e1s f\u00e1jlt\u00edpusokkal is m\u0171k\u00f6dnek az alkalmaz\u00e1sok?<\/strong> Term\u00e9szetesen! A f\u00e9nyk\u00e9pek mellett ezek az alkalmaz\u00e1sok vide\u00f3kat, dokumentumokat \u00e9s m\u00e1s t\u00edpus\u00fa t\u00f6r\u00f6lt f\u00e1jlokat is k\u00e9pesek helyre\u00e1ll\u00edtani.<\/p>\n\n\n\n<p><strong>Mit tegyek, ha az alkalmaz\u00e1s nem tal\u00e1lja a fot\u00f3imat?<\/strong> Ha egy alkalmaz\u00e1s nem tal\u00e1lja a f\u00e9nyk\u00e9peidet, kipr\u00f3b\u00e1lhatsz egy m\u00e1sik alkalmaz\u00e1st a list\u00e1n, vagy ellen\u0151rizheted, hogy nem \u00edrt\u00e1l-e fel\u00fcl t\u00fal sok adatot az eszk\u00f6z\u00f6d\u00f6n a t\u00f6rl\u00e9s \u00f3ta.<\/p>","protected":false},"excerpt":{"rendered":"<p>Eml\u00e9kszel arra a k\u00fcl\u00f6nleges fot\u00f3ra, amit v\u00e9letlen\u00fcl t\u00f6r\u00f6lt\u00e9l a telefonodr\u00f3l? Vagy tal\u00e1n arra a hihetetlen kalandra, aminek egyetlen digit\u00e1lis eml\u00e9ke egy szempillant\u00e1s alatt elt\u0171nt? Az igazs\u00e1g az, hogy ebben a digit\u00e1lis vil\u00e1gban mindannyian ki vagyunk t\u00e9ve annak a vesz\u00e9lynek, hogy elvesz\u00edtj\u00fck a dr\u00e1ga eml\u00e9keinket. De mi lenne, ha azt mondan\u00e1m, hogy van megold\u00e1s? Igen! Meg tudod [\u2026]<\/p>","protected":false},"author":139,"featured_media":7056,"comment_status":"closed","ping_status":"open","sticky":false,"template":"","format":"standard","meta":{"footnotes":""},"categories":[5],"tags":[345,621,767,1103,1369,1376],"yoast_head":"<!-- This site is optimized with the Yoast SEO plugin v23.3 - https:\/\/yoast.com\/wordpress\/plugins\/seo\/ -->\n<title>Recupera tus memorias perdidas \ud83d\udcf8\u2728 - Universo Fam\u00edlia<\/title>\n<meta name=\"description\" content=\"Recupera tus memorias perdidas \ud83d\udcf8\u2728. \u00bfRecuerdas esa foto especial que, por accidente, eliminaste de tu celular?O quiz\u00e1s esa incre\u00edble...\" \/>\n<meta name=\"robots\" content=\"index, follow, max-snippet:-1, max-image-preview:large, max-video-preview:-1\" \/>\n<link rel=\"canonical\" href=\"https:\/\/universofamilia.com\/hu\/recupera-tus-memorias-perdidas\/\" \/>\n<meta property=\"og:locale\" content=\"hu_HU\" \/>\n<meta property=\"og:type\" content=\"article\" \/>\n<meta property=\"og:title\" content=\"Recupera tus memorias perdidas \ud83d\udcf8\u2728 - Universo Fam\u00edlia\" \/>\n<meta property=\"og:description\" content=\"Recupera tus memorias perdidas \ud83d\udcf8\u2728. \u00bfRecuerdas esa foto especial que, por accidente, eliminaste de tu celular?O quiz\u00e1s esa incre\u00edble...\" \/>\n<meta property=\"og:url\" content=\"https:\/\/universofamilia.com\/hu\/recupera-tus-memorias-perdidas\/\" \/>\n<meta property=\"og:site_name\" content=\"Universo Fam\u00edlia\" \/>\n<meta property=\"article:published_time\" content=\"2024-10-22T12:34:58+00:00\" \/>\n<meta property=\"article:modified_time\" content=\"2025-01-28T16:29:32+00:00\" \/>\n<meta property=\"og:image\" content=\"https:\/\/universofamilia.com\/wp-content\/uploads\/sites\/148\/2024\/10\/DESTAQUE-UNIVERSO-550-x-350-4-3.jpg\" \/>\n\t<meta property=\"og:image:width\" content=\"550\" \/>\n\t<meta property=\"og:image:height\" content=\"350\" \/>\n\t<meta property=\"og:image:type\" content=\"image\/jpeg\" \/>\n<meta name=\"author\" content=\"Pedro Henrique\" \/>\n<meta name=\"twitter:card\" content=\"summary_large_image\" \/>\n<meta name=\"twitter:label1\" content=\"Written by\" \/>\n\t<meta name=\"twitter:data1\" content=\"Pedro Henrique\" \/>\n\t<meta name=\"twitter:label2\" content=\"Est. reading time\" \/>\n\t<meta name=\"twitter:data2\" content=\"7 perc\" \/>\n<script type=\"application\/ld+json\" class=\"yoast-schema-graph\">{\"@context\":\"https:\/\/schema.org\",\"@graph\":[{\"@type\":\"WebPage\",\"@id\":\"https:\/\/universofamilia.com\/recupera-tus-memorias-perdidas\/\",\"url\":\"https:\/\/universofamilia.com\/recupera-tus-memorias-perdidas\/\",\"name\":\"Recupera tus memorias perdidas \ud83d\udcf8\u2728 - Universo Fam\u00edlia\",\"isPartOf\":{\"@id\":\"https:\/\/universofamilia.com\/el\/#website\"},\"primaryImageOfPage\":{\"@id\":\"https:\/\/universofamilia.com\/recupera-tus-memorias-perdidas\/#primaryimage\"},\"image\":{\"@id\":\"https:\/\/universofamilia.com\/recupera-tus-memorias-perdidas\/#primaryimage\"},\"thumbnailUrl\":\"https:\/\/universofamilia.com\/wp-content\/uploads\/sites\/148\/2024\/10\/DESTAQUE-UNIVERSO-550-x-350-4-3.jpg\",\"datePublished\":\"2024-10-22T12:34:58+00:00\",\"dateModified\":\"2025-01-28T16:29:32+00:00\",\"author\":{\"@id\":\"https:\/\/universofamilia.com\/el\/#\/schema\/person\/f07ce98187dd84d31154262e79b3b7ca\"},\"description\":\"Recupera tus memorias perdidas \ud83d\udcf8\u2728. \u00bfRecuerdas esa foto especial que, por accidente, eliminaste de tu celular?O quiz\u00e1s esa incre\u00edble...\",\"breadcrumb\":{\"@id\":\"https:\/\/universofamilia.com\/recupera-tus-memorias-perdidas\/#breadcrumb\"},\"inLanguage\":\"hu\",\"potentialAction\":[{\"@type\":\"ReadAction\",\"target\":[\"https:\/\/universofamilia.com\/recupera-tus-memorias-perdidas\/\"]}]},{\"@type\":\"ImageObject\",\"inLanguage\":\"hu\",\"@id\":\"https:\/\/universofamilia.com\/recupera-tus-memorias-perdidas\/#primaryimage\",\"url\":\"https:\/\/universofamilia.com\/wp-content\/uploads\/sites\/148\/2024\/10\/DESTAQUE-UNIVERSO-550-x-350-4-3.jpg\",\"contentUrl\":\"https:\/\/universofamilia.com\/wp-content\/uploads\/sites\/148\/2024\/10\/DESTAQUE-UNIVERSO-550-x-350-4-3.jpg\",\"width\":550,\"height\":350,\"caption\":\"Recupera tus memorias perdidas \ud83d\udcf8\u2728\"},{\"@type\":\"BreadcrumbList\",\"@id\":\"https:\/\/universofamilia.com\/recupera-tus-memorias-perdidas\/#breadcrumb\",\"itemListElement\":[{\"@type\":\"ListItem\",\"position\":1,\"name\":\"Home\",\"item\":\"https:\/\/universofamilia.com\/el\/\"},{\"@type\":\"ListItem\",\"position\":2,\"name\":\"Recupera tus memorias perdidas \ud83d\udcf8\u2728\"}]},{\"@type\":\"WebSite\",\"@id\":\"https:\/\/universofamilia.com\/el\/#website\",\"url\":\"https:\/\/universofamilia.com\/el\/\",\"name\":\"Universo Fam\u00edlia\",\"description\":\"\",\"potentialAction\":[{\"@type\":\"SearchAction\",\"target\":{\"@type\":\"EntryPoint\",\"urlTemplate\":\"https:\/\/universofamilia.com\/el\/?s={search_term_string}\"},\"query-input\":\"required name=search_term_string\"}],\"inLanguage\":\"hu\"},{\"@type\":\"Person\",\"@id\":\"https:\/\/universofamilia.com\/el\/#\/schema\/person\/f07ce98187dd84d31154262e79b3b7ca\",\"name\":\"Pedro Henrique\",\"image\":{\"@type\":\"ImageObject\",\"inLanguage\":\"hu\",\"@id\":\"https:\/\/universofamilia.com\/el\/#\/schema\/person\/image\/\",\"url\":\"https:\/\/secure.gravatar.com\/avatar\/9edfeb808cb4e1599f64d6e45b130154?s=96&d=mm&r=g\",\"contentUrl\":\"https:\/\/secure.gravatar.com\/avatar\/9edfeb808cb4e1599f64d6e45b130154?s=96&d=mm&r=g\",\"caption\":\"Pedro Henrique\"},\"url\":\"https:\/\/universofamilia.com\/hu\/author\/editor01\/\"}]}<\/script>\n<!-- \/ Yoast SEO plugin. -->","yoast_head_json":{"title":"Recupera tus memorias perdidas \ud83d\udcf8\u2728 - Universo Fam\u00edlia","description":"Recupera tus memorias perdidas \ud83d\udcf8\u2728. \u00bfRecuerdas esa foto especial que, por accidente, eliminaste de tu celular?O quiz\u00e1s esa incre\u00edble...","robots":{"index":"index","follow":"follow","max-snippet":"max-snippet:-1","max-image-preview":"max-image-preview:large","max-video-preview":"max-video-preview:-1"},"canonical":"https:\/\/universofamilia.com\/hu\/recupera-tus-memorias-perdidas\/","og_locale":"hu_HU","og_type":"article","og_title":"Recupera tus memorias perdidas \ud83d\udcf8\u2728 - Universo Fam\u00edlia","og_description":"Recupera tus memorias perdidas \ud83d\udcf8\u2728. \u00bfRecuerdas esa foto especial que, por accidente, eliminaste de tu celular?O quiz\u00e1s esa incre\u00edble...","og_url":"https:\/\/universofamilia.com\/hu\/recupera-tus-memorias-perdidas\/","og_site_name":"Universo Fam\u00edlia","article_published_time":"2024-10-22T12:34:58+00:00","article_modified_time":"2025-01-28T16:29:32+00:00","og_image":[{"width":550,"height":350,"url":"https:\/\/universofamilia.com\/wp-content\/uploads\/sites\/148\/2024\/10\/DESTAQUE-UNIVERSO-550-x-350-4-3.jpg","type":"image\/jpeg"}],"author":"Pedro Henrique","twitter_card":"summary_large_image","twitter_misc":{"Written by":"Pedro Henrique","Est. reading time":"7 perc"},"schema":{"@context":"https:\/\/schema.org","@graph":[{"@type":"WebPage","@id":"https:\/\/universofamilia.com\/recupera-tus-memorias-perdidas\/","url":"https:\/\/universofamilia.com\/recupera-tus-memorias-perdidas\/","name":"Recupera tus memorias perdidas \ud83d\udcf8\u2728 - Universo Fam\u00edlia","isPartOf":{"@id":"https:\/\/universofamilia.com\/el\/#website"},"primaryImageOfPage":{"@id":"https:\/\/universofamilia.com\/recupera-tus-memorias-perdidas\/#primaryimage"},"image":{"@id":"https:\/\/universofamilia.com\/recupera-tus-memorias-perdidas\/#primaryimage"},"thumbnailUrl":"https:\/\/universofamilia.com\/wp-content\/uploads\/sites\/148\/2024\/10\/DESTAQUE-UNIVERSO-550-x-350-4-3.jpg","datePublished":"2024-10-22T12:34:58+00:00","dateModified":"2025-01-28T16:29:32+00:00","author":{"@id":"https:\/\/universofamilia.com\/el\/#\/schema\/person\/f07ce98187dd84d31154262e79b3b7ca"},"description":"Recupera tus memorias perdidas \ud83d\udcf8\u2728. \u00bfRecuerdas esa foto especial que, por accidente, eliminaste de tu celular?O quiz\u00e1s esa incre\u00edble...","breadcrumb":{"@id":"https:\/\/universofamilia.com\/recupera-tus-memorias-perdidas\/#breadcrumb"},"inLanguage":"hu","potentialAction":[{"@type":"ReadAction","target":["https:\/\/universofamilia.com\/recupera-tus-memorias-perdidas\/"]}]},{"@type":"ImageObject","inLanguage":"hu","@id":"https:\/\/universofamilia.com\/recupera-tus-memorias-perdidas\/#primaryimage","url":"https:\/\/universofamilia.com\/wp-content\/uploads\/sites\/148\/2024\/10\/DESTAQUE-UNIVERSO-550-x-350-4-3.jpg","contentUrl":"https:\/\/universofamilia.com\/wp-content\/uploads\/sites\/148\/2024\/10\/DESTAQUE-UNIVERSO-550-x-350-4-3.jpg","width":550,"height":350,"caption":"Recupera tus memorias perdidas \ud83d\udcf8\u2728"},{"@type":"BreadcrumbList","@id":"https:\/\/universofamilia.com\/recupera-tus-memorias-perdidas\/#breadcrumb","itemListElement":[{"@type":"ListItem","position":1,"name":"Home","item":"https:\/\/universofamilia.com\/el\/"},{"@type":"ListItem","position":2,"name":"Recupera tus memorias perdidas \ud83d\udcf8\u2728"}]},{"@type":"WebSite","@id":"https:\/\/universofamilia.com\/el\/#website","url":"https:\/\/universofamilia.com\/el\/","name":"Universo Fam\u00edlia","description":"","potentialAction":[{"@type":"SearchAction","target":{"@type":"EntryPoint","urlTemplate":"https:\/\/universofamilia.com\/el\/?s={search_term_string}"},"query-input":"required name=search_term_string"}],"inLanguage":"hu"},{"@type":"Person","@id":"https:\/\/universofamilia.com\/el\/#\/schema\/person\/f07ce98187dd84d31154262e79b3b7ca","name":"Pedro Henrique","image":{"@type":"ImageObject","inLanguage":"hu","@id":"https:\/\/universofamilia.com\/el\/#\/schema\/person\/image\/","url":"https:\/\/secure.gravatar.com\/avatar\/9edfeb808cb4e1599f64d6e45b130154?s=96&d=mm&r=g","contentUrl":"https:\/\/secure.gravatar.com\/avatar\/9edfeb808cb4e1599f64d6e45b130154?s=96&d=mm&r=g","caption":"Pedro Henrique"},"url":"https:\/\/universofamilia.com\/hu\/author\/editor01\/"}]}},"_links":{"self":[{"href":"https:\/\/universofamilia.com\/hu\/wp-json\/wp\/v2\/posts\/7055"}],"collection":[{"href":"https:\/\/universofamilia.com\/hu\/wp-json\/wp\/v2\/posts"}],"about":[{"href":"https:\/\/universofamilia.com\/hu\/wp-json\/wp\/v2\/types\/post"}],"author":[{"embeddable":true,"href":"https:\/\/universofamilia.com\/hu\/wp-json\/wp\/v2\/users\/139"}],"replies":[{"embeddable":true,"href":"https:\/\/universofamilia.com\/hu\/wp-json\/wp\/v2\/comments?post=7055"}],"version-history":[{"count":1,"href":"https:\/\/universofamilia.com\/hu\/wp-json\/wp\/v2\/posts\/7055\/revisions"}],"predecessor-version":[{"id":8441,"href":"https:\/\/universofamilia.com\/hu\/wp-json\/wp\/v2\/posts\/7055\/revisions\/8441"}],"wp:featuredmedia":[{"embeddable":true,"href":"https:\/\/universofamilia.com\/hu\/wp-json\/wp\/v2\/media\/7056"}],"wp:attachment":[{"href":"https:\/\/universofamilia.com\/hu\/wp-json\/wp\/v2\/media?parent=7055"}],"wp:term":[{"taxonomy":"category","embeddable":true,"href":"https:\/\/universofamilia.com\/hu\/wp-json\/wp\/v2\/categories?post=7055"},{"taxonomy":"post_tag","embeddable":true,"href":"https:\/\/universofamilia.com\/hu\/wp-json\/wp\/v2\/tags?post=7055"}],"curies":[{"name":"wp","href":"https:\/\/api.w.org\/{rel}","templated":true}]}}