{"id":7059,"date":"2024-10-22T10:40:20","date_gmt":"2024-10-22T13:40:20","guid":{"rendered":"https:\/\/universofamilia.com\/?p=7059"},"modified":"2026-04-15T11:13:03","modified_gmt":"2026-04-15T14:13:03","slug":"recuperando-memorias-perdidas-una-emocionante-jornada","status":"publish","type":"post","link":"https:\/\/universofamilia.com\/hu\/recuperando-memorias-perdidas-una-emocionante-jornada\/","title":{"rendered":"Elveszett eml\u00e9kek visszaszerz\u00e9se: egy izgalmas utaz\u00e1s"},"content":{"rendered":"<p>Mindannyian j\u00e1rtunk m\u00e1r \u00edgy: abban a p\u00e1nikszer\u0171 pillanatban, amikor r\u00e1j\u00f6v\u00fcnk, hogy egy fontos fot\u00f3 elt\u0171nt a telefonunkr\u00f3l.<\/p>\n\n\n\n<p>Ki ne vesz\u00edtett volna el m\u00e1r \u00e9rt\u00e9kes fot\u00f3t egy utaz\u00e1sr\u00f3l, egy k\u00fcl\u00f6nleges pillanatot a csal\u00e1ddal, vagy egyszer\u0171en csak egy spont\u00e1n fot\u00f3t a bar\u00e1tokkal?<\/p>\n\n\n\n<p>\u00dagy t\u0171nik, mintha minden elt\u0171nt volna, ugye?<\/p>\n\n\n\n<p>De ne agg\u00f3dj! Manaps\u00e1g a fejlett technol\u00f3gi\u00e1nak k\u00f6sz\u00f6nhet\u0151en mind\u00f6ssze n\u00e9h\u00e1ny koppint\u00e1ssal vissza\u00e1ll\u00edthatod az elveszett eml\u00e9keket a telefonod k\u00e9perny\u0151j\u00e9n.<\/p>\n\n\n\n<p>Fedezz\u00fck fel egy\u00fctt ezt az utat, \u00e9s fedezz\u00fck fel a legjobb alkalmaz\u00e1sokat a fot\u00f3id megment\u00e9s\u00e9re.<\/p>\n\n\n\n<h3 class=\"wp-block-heading\">A helyre\u00e1ll\u00edt\u00e1si k\u00e9relem fontoss\u00e1ga<\/h3>\n\n\n\n<p>Gondolt\u00e1l m\u00e1r arra, hogy mennyire szorosan kapcsol\u00f3dnak az eml\u00e9keink az \u00e1ltalunk k\u00e9sz\u00edtett f\u00e9nyk\u00e9pekhez?<\/p>\n\n\n\n<p>Digit\u00e1lis korban \u00e9l\u00fcnk, ahol minden pillanatot r\u00f6gz\u00edt\u00fcnk \u00e9s t\u00e1rolunk egy mobil eszk\u00f6z\u00f6n.<\/p>\n\n\n\n<p>Ezeknek az eml\u00e9keknek az elveszt\u00e9se szorong\u00e1st okozhat.<\/p>\n\n\n\n<p><\/p>\n\n\n\n<hr class=\"wp-block-separator has-text-color has-luminous-vivid-orange-color has-alpha-channel-opacity has-luminous-vivid-orange-background-color has-background\" \/>\n\n\n\n<h3 class=\"wp-block-heading\">Olvasd el m\u00e9g:<\/h3>\n\n\n\n<ul class=\"wp-block-list has-small-font-size\">\n<li class=\"has-medium-font-size\"><a href=\"https:\/\/universofamilia.com\/hu\/6898\/leer-la-biblia-catolica-en-tu-celular\/\"><font style=\"vertical-align: inherit\"><font style=\"vertical-align: inherit\">\ud83d\udccc Olvasd a katolikus Bibli\u00e1t a mobiltelefonodon<\/font><\/font> &gt;<\/a><\/li>\n\n\n\n<li class=\"has-medium-font-size\"><a href=\"https:\/\/universofamilia.com\/hu\/6855\/grabar-llamadas-recibidas\/\">\ud83d\udccc Bej\u00f6v\u0151 h\u00edv\u00e1sok r\u00f6gz\u00edt\u00e9se &gt;<\/a><\/li>\n\n\n\n<li class=\"has-medium-font-size\"><a href=\"https:\/\/universofamilia.com\/hu\/6832\/aplicacion-para-bailar-zumba\/\">\ud83d\udccc Zumba T\u00e1nc Alkalmaz\u00e1s &gt;<\/a><\/li>\n\n\n\n<li class=\"has-medium-font-size\"><a href=\"https:\/\/universofamilia.com\/hu\/6952\/descubre-quien-visita-tu-perfil-redes-sociales\/\">\ud83d\udccc Tudd meg, kik l\u00e1togatj\u00e1k a k\u00f6z\u00f6ss\u00e9gi m\u00e9dia profilodat &gt;<\/a><\/li>\n<\/ul>\n\n\n\n<hr class=\"wp-block-separator has-text-color has-luminous-vivid-orange-color has-alpha-channel-opacity has-luminous-vivid-orange-background-color has-background\" \/>\n\n\n\n<p><\/p>\n\n\n\n<p>Itt j\u00f6nnek k\u00e9pbe a helyre\u00e1ll\u00edt\u00f3 alkalmaz\u00e1sok, az igazi, elfeledett h\u0151s\u00f6k, akik megmentik a napot, \u00e9s visszaadj\u00e1k nek\u00fcnk azokat az \u00e9rt\u00e9kes k\u00e9peket, amelyekr\u0151l azt hitt\u00fck, soha t\u00f6bb\u00e9 nem l\u00e1tjuk \u0151ket.<\/p>\n\n\n\n<p>De hogyan v\u00e1laszd ki a legjobb alkalmaz\u00e1st? Der\u00edts\u00fck ki!<\/p>\n\n\n\n<h3 class=\"wp-block-heading\">Az el nem \u00e9nekelt h\u0151s\u00f6k: Helyre\u00e1ll\u00edt\u00f3 alkalmaz\u00e1sok<\/h3>\n\n\n\n<p>Sok olyan alkalmaz\u00e1s l\u00e9tezik, amely \u00edg\u00e9retet tesz a f\u00e9nyk\u00e9pek helyre\u00e1ll\u00edt\u00e1s\u00e1ra. A k\u00e9rd\u00e9s az, hogy melyikek teljes\u00edtik val\u00f3j\u00e1ban az \u00edg\u00e9reteiket?<\/p>\n\n\n\n<p>Besz\u00e9lj\u00fcnk h\u00e1rom olyan term\u00e9kr\u0151l, amelyek kiemelkednek a piacon, \u00e9s t\u00f6bb ezer embernek seg\u00edtettek visszanyerni eml\u00e9keiket. Ezek a k\u00f6vetkez\u0151k: <strong>LemezDigger<\/strong>, <strong>Vissza\u00e1ll\u00edt<\/strong> \u00e9s <strong>MobiSaver<\/strong>.<\/p>\n\n\n\n<p>Mindegyiknek megvannak a maga egyedi tulajdons\u00e1gai, de egy dolog k\u00f6z\u00f6s benn\u00fck: a k\u00e9pess\u00e9g, hogy \u00fajra k\u00f6nny\u0171v\u00e9 tegye a l\u00e9gz\u00e9st.<\/p>\n\n\n\n<h3 class=\"wp-block-heading\">Mi\u00e9rt van sz\u00fcks\u00e9g fot\u00f3-helyre\u00e1ll\u00edt\u00f3 alkalmaz\u00e1sra?<\/h3>\n\n\n\n<p>Ha m\u00e1r vesztett\u00e9l el fot\u00f3kat, tudod, milyen frusztr\u00e1l\u00f3 tud lenni. De ha m\u00e9g nem t\u00f6rt\u00e9nt meg veled, \u00edme egy tipp: k\u00e9sz\u00fclj fel!<\/p>\n\n\n\n<p>Ha van egy helyre\u00e1ll\u00edt\u00f3 alkalmaz\u00e1s a telefonodon, az olyan, mintha biztos\u00edtan\u00e1d az eml\u00e9keidet.<\/p>\n\n\n\n<p>Amellett, hogy k\u00f6nnyen haszn\u00e1lhat\u00f3ak, ezek az alkalmaz\u00e1sok d\u00f6nt\u0151 fontoss\u00e1g\u00faak lehetnek egy k\u00e9p v\u00e9gleges elveszt\u00e9se \u00e9s n\u00e9h\u00e1ny kattint\u00e1ssal t\u00f6rt\u00e9n\u0151 vissza\u00e1ll\u00edt\u00e1sa k\u00f6z\u00f6tt.<\/p>\n\n\n\n<p>\u00c9s m\u00e9g jobb: ezek k\u00f6z\u00fcl az alkalmaz\u00e1sok k\u00f6z\u00fcl sok vide\u00f3kat, dokumentumokat \u00e9s m\u00e1s fontos f\u00e1jlokat is k\u00e9pes helyre\u00e1ll\u00edtani.<\/p>\n\n\n\n<h3 class=\"wp-block-heading\">Tippek a sikeres fel\u00e9p\u00fcl\u00e9shez<\/h3>\n\n\n\n<ul class=\"wp-block-list\">\n<li><strong>Azonnal hagyd abba a mobiltelefonod haszn\u00e1lat\u00e1t.<\/strong> miut\u00e1n \u00e9szrevetted, hogy elveszett egy fot\u00f3d. Min\u00e9l kevesebbet haszn\u00e1lod a k\u00e9sz\u00fcl\u00e9ked, ann\u00e1l nagyobb az es\u00e9lye a helyre\u00e1ll\u00edt\u00e1snak.<\/li>\n\n\n\n<li><strong>Rendszeres biztons\u00e1gi ment\u00e9sek k\u00e9sz\u00edt\u00e9se<\/strong> a fot\u00f3idr\u00f3l, ha lehets\u00e9ges. Nyilv\u00e1nval\u00f3nak t\u0171nhet, de sokan elfelejtik.<\/li>\n\n\n\n<li><strong>T\u00f6bb alkalmaz\u00e1s haszn\u00e1lata<\/strong> helyre\u00e1ll\u00edt\u00e1s, ha sz\u00fcks\u00e9ges. El\u0151fordul, hogy amit az egyik alkalmaz\u00e1s nem tal\u00e1l meg, azt egy m\u00e1sik meg tudja tal\u00e1lni.<\/li>\n<\/ul>\n\n\n\n<h3 class=\"wp-block-heading\">Csod\u00e1latos fot\u00f3-helyre\u00e1ll\u00edt\u00f3 alkalmaz\u00e1sok!<\/h3>\n\n\n\n<p>Most, hogy ismeri az eml\u00e9kek helyre\u00e1ll\u00edt\u00e1s\u00e1nak fontoss\u00e1g\u00e1t, \u00e9s ismeri a siker maximaliz\u00e1l\u00e1s\u00e1ra vonatkoz\u00f3 tippeket, n\u00e9zz\u00fck meg k\u00f6zelebbr\u0151l a fent eml\u00edtett h\u00e1rom alkalmaz\u00e1st.<\/p>\n\n\n\n<p>Rendk\u00edv\u00fcl hat\u00e9konyak, \u00e9s funkci\u00f3ikat t\u00f6bb ezer felhaszn\u00e1l\u00f3 t\u00e1mogatja.<\/p>\n\n\n\n<h3 class=\"wp-block-heading\"><strong>DiskDigger fot\u00f3-helyre\u00e1ll\u00edt\u00e1s<\/strong><\/h3>\n\n\n\n<p><strong>LemezDigger<\/strong> Ez az egyik legismertebb fot\u00f3-helyre\u00e1ll\u00edt\u00f3 alkalmaz\u00e1s.<\/p>\n\n\n\n<p>Vizsg\u00e1lja meg az eszk\u00f6z mem\u00f3ri\u00e1j\u00e1t a t\u00f6r\u00f6lt f\u00e1jlok ut\u00e1n, ak\u00e1r r\u00e9gen is.<\/p>\n\n\n\n<p>Az egyik f\u0151 el\u0151nye, hogy k\u00e9t helyre\u00e1ll\u00edt\u00e1si m\u00f3dot k\u00edn\u00e1l: alap (nemr\u00e9g t\u00f6r\u00f6lt f\u00e9nyk\u00e9pekhez) \u00e9s halad\u00f3 (r\u00e9gebben t\u00f6r\u00f6lt f\u00e1jlokhoz vagy bonyolultabb helyzetekben).<\/p>\n\n\n\n<p><strong>El\u0151ny\u00f6k:<\/strong><\/p>\n\n\n\n<ul class=\"wp-block-list\">\n<li>K\u00f6nnyen haszn\u00e1lhat\u00f3.<\/li>\n\n\n\n<li>K\u00fcl\u00f6nb\u00f6z\u0151 regener\u00e1l\u00f3d\u00e1si szinteket k\u00edn\u00e1l.<\/li>\n\n\n\n<li>Ez fot\u00f3kkal \u00e9s m\u00e1s f\u00e1jlt\u00edpusokkal is m\u0171k\u00f6dik.<\/li>\n<\/ul>\n\n\n\n<p><strong>Felhaszn\u00e1l\u00f3i v\u00e9lem\u00e9nyek:<\/strong><\/p>\n\n\n\n<ol class=\"wp-block-list\">\n<li>\u201eElvesztettem az \u00f6sszes esk\u00fcv\u0151i fot\u00f3mat, de a DiskDiggerrel szinte mindegyiket siker\u00fclt vissza\u00e1ll\u00edtanom. Nagyon k\u00f6nnyen haszn\u00e1lhat\u00f3, nagyon aj\u00e1nlom!\u201d <em>Carla S.<\/em><\/li>\n\n\n\n<li>\u201eKiv\u00e1l\u00f3 alkalmaz\u00e1s! Nem is tudtam, hogy valami ilyen egyszer\u0171 k\u00e9pes megoldani egy ilyen nagy probl\u00e9m\u00e1t.\u201d <em>Lucas M.<\/em><\/li>\n\n\n\n<li>\u201e\u00dagy m\u0171k\u00f6dik, ahogy \u00edg\u00e9rt\u00e9k. Meg\u00e9ri minden fill\u00e9rt!\u201d <em>M\u00e1ria J.<\/em><\/li>\n<\/ol>\n\n\n\n<h3 class=\"wp-block-heading\"><strong>F\u00e1jlok \u00e9s adatok vissza\u00e1ll\u00edt\u00e1sa<\/strong><\/h3>\n\n\n\n<p><strong>Vissza\u00e1ll\u00edt<\/strong> egy m\u00e1sik kiv\u00e1l\u00f3 alkalmaz\u00e1s az adatment\u00e9s ter\u00e9n.<\/p>\n\n\n\n<p>Nemcsak a t\u00f6r\u00f6lt f\u00e9nyk\u00e9peket \u00e1ll\u00edtja vissza, hanem hat\u00e9konyan k\u00e9pes helyre\u00e1ll\u00edtani az elveszett dokumentumokat \u00e9s egy\u00e9b f\u00e1jlokat is.<\/p>\n\n\n\n<p>\u00c9rdekes funkci\u00f3, hogy lehet\u0151v\u00e9 teszi a helyre\u00e1ll\u00edtott f\u00e1jlok el\u0151n\u00e9zet\u00e9t, \u00edgy csak azokat v\u00e1laszthatja ki, amelyek val\u00f3ban fontosak.<\/p>\n\n\n\n<p><strong>El\u0151ny\u00f6k:<\/strong><\/p>\n\n\n\n<ul class=\"wp-block-list\">\n<li>K\u00fcl\u00f6nb\u00f6z\u0151 t\u00edpus\u00fa f\u00e1jlokat \u00e1ll\u00edt vissza.<\/li>\n\n\n\n<li>El\u0151n\u00e9zet a helyre\u00e1ll\u00edt\u00e1s el\u0151tt.<\/li>\n\n\n\n<li>Egyszer\u0171 \u00e9s intuit\u00edv fel\u00fclet.<\/li>\n<\/ul>\n\n\n\n<p><strong>Felhaszn\u00e1l\u00f3i v\u00e9lem\u00e9nyek:<\/strong><\/p>\n\n\n\n<ol class=\"wp-block-list\">\n<li>\u201eEz az alkalmaz\u00e1s megmentett, amikor v\u00e9letlen\u00fcl t\u00f6r\u00f6ltem az utaz\u00e1si fot\u00f3imat. Mindenkinek aj\u00e1nlom!\u201d <em>Juan F.<\/em><\/li>\n\n\n\n<li>\u201eT\u00f6k\u00e9letesen m\u0171k\u00f6dik. M\u00e9g azokat a f\u00e1jlokat is vissza\u00e1ll\u00edtotta, amiket h\u00f3napokkal ezel\u0151tt t\u00f6r\u00f6ltem.\u201d \u2013 <em>Ana P.<\/em><\/li>\n\n\n\n<li>\u201eNagyszer\u0171 f\u00e9nyk\u00e9pek \u00e9s dokumentumok sz\u00e1m\u00e1ra, mindent gond n\u00e9lk\u00fcl helyre\u00e1ll\u00edtottam!\u201d \u2013 <em>Bruno G.<\/em><\/li>\n<\/ol>\n\n\n\n<h3 class=\"wp-block-heading\"><strong>MobiSaver - Fot\u00f3k \u00e9s adatok helyre\u00e1ll\u00edt\u00e1sa<\/strong><\/h3>\n\n\n\n<p><strong>MobiSaver<\/strong> Ez a t\u00f6k\u00e9letes megold\u00e1s azok sz\u00e1m\u00e1ra, akik nemcsak a f\u00e9nyk\u00e9peket, hanem a vide\u00f3kat, \u00fczeneteket \u00e9s egy\u00e9b adatokat is vissza szeretn\u00e9k \u00e1ll\u00edtani.<\/p>\n\n\n\n<p>Az alkalmaz\u00e1s k\u00f6nnyen haszn\u00e1lhat\u00f3 \u00e9s nagyon intuit\u00edv fel\u00fclettel rendelkezik, \u00edgy a helyre\u00e1ll\u00edt\u00e1s m\u00e9g azok sz\u00e1m\u00e1ra is egyszer\u0171, akik nem t\u00fal j\u00e1rtasak a technol\u00f3gi\u00e1ban.<\/p>\n\n\n\n<p><strong>El\u0151ny\u00f6k:<\/strong><\/p>\n\n\n\n<ul class=\"wp-block-list\">\n<li>K\u00fcl\u00f6nb\u00f6z\u0151 t\u00edpus\u00fa f\u00e1jlokat \u00e1ll\u00edt vissza.<\/li>\n\n\n\n<li>K\u00f6nnyen navig\u00e1lhat\u00f3, m\u00e9g kezd\u0151k sz\u00e1m\u00e1ra is.<\/li>\n\n\n\n<li>M\u0171k\u00f6dik fot\u00f3kkal, vide\u00f3kkal \u00e9s egy\u00e9b adatokkal egyar\u00e1nt.<\/li>\n<\/ul>\n\n\n\n<p><strong>Felhaszn\u00e1l\u00f3i v\u00e9lem\u00e9nyek:<\/strong><\/p>\n\n\n\n<ol class=\"wp-block-list\">\n<li>\u201eEz az alkalmaz\u00e1s olyan r\u00e9gi fot\u00f3kat \u00e1ll\u00edtott vissza, amiket m\u00e1r feladtam a rem\u00e9nyt, hogy valaha is \u00fajra l\u00e1thatok. Hihetetlen!\u201d <em>Sofia D.<\/em><\/li>\n\n\n\n<li>\u201eNagyszer\u0171 alkalmaz\u00e1s. Nagyon k\u00f6nnyen haszn\u00e1lhat\u00f3, m\u00e9g azok sz\u00e1m\u00e1ra is, akik nem j\u00e1rtasak a technik\u00e1ban.\u201d \u2013 <em>Pedro A.<\/em><\/li>\n\n\n\n<li>\u201eLeny\u0171g\u00f6z\u00f6tt a helyre\u00e1ll\u00edt\u00e1s min\u0151s\u00e9ge. Megmentett att\u00f3l, hogy elvesz\u00edtsem a telefonomr\u00f3l a fontos fot\u00f3kat.\u201d <em>J\u00falia R.<\/em><\/li>\n<\/ol>\n\n\n<div class=\"wp-block-image\">\n<figure class=\"aligncenter size-full\"><img loading=\"lazy\" decoding=\"async\" width=\"550\" height=\"350\" src=\"http:\/\/universofamilia.com\/wp-content\/uploads\/sites\/148\/2024\/10\/DESTAQUE-UNIVERSO-550-x-350-3-6.jpg\" alt=\"\" class=\"wp-image-7060\" srcset=\"https:\/\/universofamilia.com\/wp-content\/uploads\/sites\/148\/2024\/10\/DESTAQUE-UNIVERSO-550-x-350-3-6.jpg 550w, https:\/\/universofamilia.com\/wp-content\/uploads\/sites\/148\/2024\/10\/DESTAQUE-UNIVERSO-550-x-350-3-6-300x191.jpg 300w\" sizes=\"(max-width: 550px) 100vw, 550px\" \/><figcaption class=\"wp-element-caption\">Elveszett eml\u00e9kek visszaszerz\u00e9se: egy izgalmas utaz\u00e1s<\/figcaption><\/figure><\/div>\n\n\n<h3 class=\"wp-block-heading\">Konkl\u00fazi\u00f3: Szerezd vissza elveszett eml\u00e9keidet most azonnal!<\/h3>\n\n\n\n<p>Mint l\u00e1ttuk, a fontos f\u00e9nyk\u00e9pek \u00e9s f\u00e1jlok elveszt\u00e9se nem felt\u00e9tlen\u00fcl jelenti a vil\u00e1g v\u00e9g\u00e9t.<\/p>\n\n\n\n<p>Olyan alkalmaz\u00e1sokkal, mint <strong>LemezDigger<\/strong>, <strong>Vissza\u00e1ll\u00edt<\/strong> \u00e9s <strong>MobiSaver<\/strong>, lehet\u0151s\u00e9ged van felid\u00e9zni ezeket a dr\u00e1ga eml\u00e9keket \u00e9s \u00fajra\u00e9lni a k\u00fcl\u00f6nleges pillanatokat.<\/p>\n\n\n\n<p>Ne v\u00e1rj tov\u00e1bb, t\u00f6ltsd le m\u00e9g ma az egyik digit\u00e1lis h\u0151st, \u00e9s k\u00e9sz\u00fclj fel minden eshet\u0151s\u00e9gre!<\/p>\n\n\n\n<h3 class=\"wp-block-heading\">Hol lehet megtal\u00e1lni ezeket a digit\u00e1lis h\u0151s\u00f6ket?<\/h3>\n\n\n\n<ul class=\"wp-block-list\">\n<li><strong>DiskDigger fot\u00f3-helyre\u00e1ll\u00edt\u00e1s<\/strong> mert - <a href=\"https:\/\/play.google.com\/store\/\">Android<\/a> \/ <a href=\"https:\/\/apps.apple.com\/us\/iphone\/today\">iOS<\/a><\/li>\n\n\n\n<li><strong>F\u00e1jlok \u00e9s adatok vissza\u00e1ll\u00edt\u00e1sa<\/strong> mert - <a href=\"https:\/\/play.google.com\/store\/\">Android<\/a> \/ <a href=\"https:\/\/apps.apple.com\/us\/iphone\/today\">iOS<\/a><\/li>\n\n\n\n<li><strong>MobiSaver - Fot\u00f3k \u00e9s adatok helyre\u00e1ll\u00edt\u00e1sa<\/strong> mert - <a href=\"https:\/\/play.google.com\/store\/\">Android<\/a> \/ <a href=\"https:\/\/apps.apple.com\/us\/iphone\/today\">iOS<\/a><\/li>\n<\/ul>\n\n\n\n<p>Sz\u00f3val, mire v\u00e1rsz? Ne hagyd, hogy az eml\u00e9keid elveszjenek az id\u0151ben. Haszn\u00e1ld ezeket a nagyszer\u0171 alkalmaz\u00e1sokat, \u00e9s oszd meg ezt a tippet a bar\u00e1taiddal!<\/p>\n\n\n\n<hr class=\"wp-block-separator has-alpha-channel-opacity\" \/>\n\n\n\n<h3 class=\"wp-block-heading\"><strong>Gyakran Ism\u00e9telt K\u00e9rd\u00e9sek (GYIK)<\/strong><\/h3>\n\n\n\n<p><strong>1. Vissza tudom \u00e1ll\u00edtani a r\u00e9gen t\u00f6r\u00f6lt f\u00e9nyk\u00e9peket?<\/strong><br>Igen, olyan alkalmaz\u00e1sok, mint <strong>LemezDigger<\/strong> \u00e9s <strong>Vissza\u00e1ll\u00edt<\/strong> Fejlett helyre\u00e1ll\u00edt\u00e1si m\u00f3dokat k\u00edn\u00e1lnak, amelyek lehet\u0151v\u00e9 teszik a r\u00e9gen t\u00f6r\u00f6lt f\u00e9nyk\u00e9pek megtal\u00e1l\u00e1s\u00e1t. Min\u00e9l el\u0151bb haszn\u00e1lod az alkalmaz\u00e1st, ann\u00e1l nagyobb az es\u00e9lye a helyre\u00e1ll\u00edt\u00e1snak.<\/p>\n\n\n\n<p><strong>2. K\u00f6nnyen haszn\u00e1lhat\u00f3ak ezek az alkalmaz\u00e1sok kezd\u0151k sz\u00e1m\u00e1ra?<\/strong><br>Teljesen. Az \u00f6sszes eml\u00edtett alkalmaz\u00e1s, mint p\u00e9ld\u00e1ul <strong>MobiSaver<\/strong>, intuit\u00edv fel\u00fcletekkel vannak kialak\u00edtva, amelyek megk\u00f6nny\u00edtik a fot\u00f3k helyre\u00e1ll\u00edt\u00e1s\u00e1t m\u00e9g a kev\u00e9s technikai tapasztalattal rendelkez\u0151k sz\u00e1m\u00e1ra is.<\/p>\n\n\n\n<p><strong>3. A f\u00e9nyk\u00e9peken k\u00edv\u00fcl m\u00e1s t\u00edpus\u00fa f\u00e1jlokat is helyre\u00e1ll\u00edthatok?<\/strong><br>Igen. A f\u00e9nyk\u00e9pek mellett olyan alkalmaz\u00e1sok is el\u00e9rhet\u0151k, mint a <strong>Vissza\u00e1ll\u00edt<\/strong> \u00e9s <strong>MobiSaver<\/strong> Vide\u00f3kat, \u00fczeneteket \u00e9s dokumentumokat is k\u00e9pesek helyre\u00e1ll\u00edtani, \u00edgy nagyon sokoldal\u00faak.<\/p>\n\n\n\n<p><strong>4. Biztons\u00e1gosak ezek az alkalmaz\u00e1sok?<\/strong><br>Igen, a cikkben eml\u00edtett \u00f6sszes alkalmaz\u00e1s biztons\u00e1gos, \u00e9s t\u00f6bb ezer felhaszn\u00e1l\u00f3 pozit\u00edv \u00e9rt\u00e9kel\u00e9st kapott az alkalmaz\u00e1sboltokban. A probl\u00e9m\u00e1k elker\u00fcl\u00e9se \u00e9rdek\u00e9ben azonban aj\u00e1nlott csak hivatalos boltokb\u00f3l let\u00f6lteni \u0151ket.<\/p>\n\n\n\n<p><strong>5. Mit tegyek, ha az alkalmaz\u00e1s nem tal\u00e1lja a fot\u00f3imat?<\/strong><br>Ha egy alkalmaz\u00e1s nem tudja helyre\u00e1ll\u00edtani a fot\u00f3idat, javasoljuk, hogy pr\u00f3b\u00e1lj ki egy m\u00e1sikat. El\u0151fordul, hogy amit az egyik alkalmaz\u00e1s nem tal\u00e1l meg, azt egy m\u00e1sik meg tudja tal\u00e1lni. Fontos az is, hogy a fot\u00f3k t\u00f6rl\u00e9se ut\u00e1n azonnal hagyd abba az eszk\u00f6z\u00f6d haszn\u00e1lat\u00e1t, hogy n\u00f6veld a siker es\u00e9ly\u00e9t.<\/p>","protected":false},"excerpt":{"rendered":"<p>Mindannyian j\u00e1rtunk m\u00e1r \u00edgy: abban a p\u00e1nikszer\u0171 pillanatban, amikor r\u00e1j\u00f6v\u00fcnk, hogy egy fontos fot\u00f3 elt\u0171nt a telefonunkr\u00f3l. Ki ne vesz\u00edtett volna el m\u00e1r egy \u00e9rt\u00e9kes k\u00e9pet egy utaz\u00e1sr\u00f3l, egy k\u00fcl\u00f6nleges pillanatot a csal\u00e1ddal, vagy csak egy spont\u00e1n pillanatfelv\u00e9telt a bar\u00e1tokkal? \u00dagy t\u0171nik, mintha minden elt\u0171nt volna, igaz? De ne agg\u00f3dj! [\u2026]<\/p>","protected":false},"author":139,"featured_media":7060,"comment_status":"closed","ping_status":"open","sticky":false,"template":"","format":"standard","meta":{"footnotes":""},"categories":[2],"tags":[217,621,767,1111,1389,1394],"yoast_head":"<!-- This site is optimized with the Yoast SEO plugin v23.3 - https:\/\/yoast.com\/wordpress\/plugins\/seo\/ -->\n<title>Recuperando memorias perdidas: una emocionante jornada - Universo Fam\u00edlia<\/title>\n<meta name=\"description\" content=\"Recuperando memorias perdidas: una emocionante jornada. Todos hemos pasado por eso: ese momento de p\u00e1nico cuando nos damos...\" \/>\n<meta name=\"robots\" content=\"index, follow, max-snippet:-1, max-image-preview:large, max-video-preview:-1\" \/>\n<link rel=\"canonical\" href=\"https:\/\/universofamilia.com\/hu\/recuperando-memorias-perdidas-una-emocionante-jornada\/\" \/>\n<meta property=\"og:locale\" content=\"hu_HU\" \/>\n<meta property=\"og:type\" content=\"article\" \/>\n<meta property=\"og:title\" content=\"Recuperando memorias perdidas: una emocionante jornada - Universo Fam\u00edlia\" \/>\n<meta property=\"og:description\" content=\"Recuperando memorias perdidas: una emocionante jornada. Todos hemos pasado por eso: ese momento de p\u00e1nico cuando nos damos...\" \/>\n<meta property=\"og:url\" content=\"https:\/\/universofamilia.com\/hu\/recuperando-memorias-perdidas-una-emocionante-jornada\/\" \/>\n<meta property=\"og:site_name\" content=\"Universo Fam\u00edlia\" \/>\n<meta property=\"article:published_time\" content=\"2024-10-22T13:40:20+00:00\" \/>\n<meta property=\"article:modified_time\" content=\"2026-04-15T14:13:03+00:00\" \/>\n<meta property=\"og:image\" content=\"http:\/\/universofamilia.com\/wp-content\/uploads\/sites\/148\/2024\/10\/DESTAQUE-UNIVERSO-550-x-350-3-6.jpg\" \/>\n\t<meta property=\"og:image:width\" content=\"550\" \/>\n\t<meta property=\"og:image:height\" content=\"350\" \/>\n\t<meta property=\"og:image:type\" content=\"image\/jpeg\" \/>\n<meta name=\"author\" content=\"Pedro Henrique\" \/>\n<meta name=\"twitter:card\" content=\"summary_large_image\" \/>\n<meta name=\"twitter:label1\" content=\"Written by\" \/>\n\t<meta name=\"twitter:data1\" content=\"Pedro Henrique\" \/>\n\t<meta name=\"twitter:label2\" content=\"Est. reading time\" \/>\n\t<meta name=\"twitter:data2\" content=\"7 perc\" \/>\n<script type=\"application\/ld+json\" class=\"yoast-schema-graph\">{\"@context\":\"https:\/\/schema.org\",\"@graph\":[{\"@type\":\"WebPage\",\"@id\":\"http:\/\/universofamilia.com\/recuperando-memorias-perdidas-una-emocionante-jornada\/\",\"url\":\"http:\/\/universofamilia.com\/recuperando-memorias-perdidas-una-emocionante-jornada\/\",\"name\":\"Recuperando memorias perdidas: una emocionante jornada - Universo Fam\u00edlia\",\"isPartOf\":{\"@id\":\"https:\/\/universofamilia.com\/el\/#website\"},\"primaryImageOfPage\":{\"@id\":\"http:\/\/universofamilia.com\/recuperando-memorias-perdidas-una-emocionante-jornada\/#primaryimage\"},\"image\":{\"@id\":\"http:\/\/universofamilia.com\/recuperando-memorias-perdidas-una-emocionante-jornada\/#primaryimage\"},\"thumbnailUrl\":\"https:\/\/universofamilia.com\/wp-content\/uploads\/sites\/148\/2024\/10\/DESTAQUE-UNIVERSO-550-x-350-3-6.jpg\",\"datePublished\":\"2024-10-22T13:40:20+00:00\",\"dateModified\":\"2026-04-15T14:13:03+00:00\",\"author\":{\"@id\":\"https:\/\/universofamilia.com\/el\/#\/schema\/person\/f07ce98187dd84d31154262e79b3b7ca\"},\"description\":\"Recuperando memorias perdidas: una emocionante jornada. Todos hemos pasado por eso: ese momento de p\u00e1nico cuando nos damos...\",\"breadcrumb\":{\"@id\":\"http:\/\/universofamilia.com\/recuperando-memorias-perdidas-una-emocionante-jornada\/#breadcrumb\"},\"inLanguage\":\"hu\",\"potentialAction\":[{\"@type\":\"ReadAction\",\"target\":[\"http:\/\/universofamilia.com\/recuperando-memorias-perdidas-una-emocionante-jornada\/\"]}]},{\"@type\":\"ImageObject\",\"inLanguage\":\"hu\",\"@id\":\"http:\/\/universofamilia.com\/recuperando-memorias-perdidas-una-emocionante-jornada\/#primaryimage\",\"url\":\"https:\/\/universofamilia.com\/wp-content\/uploads\/sites\/148\/2024\/10\/DESTAQUE-UNIVERSO-550-x-350-3-6.jpg\",\"contentUrl\":\"https:\/\/universofamilia.com\/wp-content\/uploads\/sites\/148\/2024\/10\/DESTAQUE-UNIVERSO-550-x-350-3-6.jpg\",\"width\":550,\"height\":350,\"caption\":\"Recuperando memorias perdidas: una emocionante jornada\"},{\"@type\":\"BreadcrumbList\",\"@id\":\"http:\/\/universofamilia.com\/recuperando-memorias-perdidas-una-emocionante-jornada\/#breadcrumb\",\"itemListElement\":[{\"@type\":\"ListItem\",\"position\":1,\"name\":\"Home\",\"item\":\"https:\/\/universofamilia.com\/el\/\"},{\"@type\":\"ListItem\",\"position\":2,\"name\":\"Recuperando memorias perdidas: una emocionante jornada\"}]},{\"@type\":\"WebSite\",\"@id\":\"https:\/\/universofamilia.com\/el\/#website\",\"url\":\"https:\/\/universofamilia.com\/el\/\",\"name\":\"Universo Fam\u00edlia\",\"description\":\"\",\"potentialAction\":[{\"@type\":\"SearchAction\",\"target\":{\"@type\":\"EntryPoint\",\"urlTemplate\":\"https:\/\/universofamilia.com\/el\/?s={search_term_string}\"},\"query-input\":\"required name=search_term_string\"}],\"inLanguage\":\"hu\"},{\"@type\":\"Person\",\"@id\":\"https:\/\/universofamilia.com\/el\/#\/schema\/person\/f07ce98187dd84d31154262e79b3b7ca\",\"name\":\"Pedro Henrique\",\"image\":{\"@type\":\"ImageObject\",\"inLanguage\":\"hu\",\"@id\":\"https:\/\/universofamilia.com\/el\/#\/schema\/person\/image\/\",\"url\":\"https:\/\/secure.gravatar.com\/avatar\/9edfeb808cb4e1599f64d6e45b130154?s=96&d=mm&r=g\",\"contentUrl\":\"https:\/\/secure.gravatar.com\/avatar\/9edfeb808cb4e1599f64d6e45b130154?s=96&d=mm&r=g\",\"caption\":\"Pedro Henrique\"},\"url\":\"https:\/\/universofamilia.com\/hu\/author\/editor01\/\"}]}<\/script>\n<!-- \/ Yoast SEO plugin. -->","yoast_head_json":{"title":"Recuperando memorias perdidas: una emocionante jornada - Universo Fam\u00edlia","description":"Recuperando memorias perdidas: una emocionante jornada. Todos hemos pasado por eso: ese momento de p\u00e1nico cuando nos damos...","robots":{"index":"index","follow":"follow","max-snippet":"max-snippet:-1","max-image-preview":"max-image-preview:large","max-video-preview":"max-video-preview:-1"},"canonical":"https:\/\/universofamilia.com\/hu\/recuperando-memorias-perdidas-una-emocionante-jornada\/","og_locale":"hu_HU","og_type":"article","og_title":"Recuperando memorias perdidas: una emocionante jornada - Universo Fam\u00edlia","og_description":"Recuperando memorias perdidas: una emocionante jornada. Todos hemos pasado por eso: ese momento de p\u00e1nico cuando nos damos...","og_url":"https:\/\/universofamilia.com\/hu\/recuperando-memorias-perdidas-una-emocionante-jornada\/","og_site_name":"Universo Fam\u00edlia","article_published_time":"2024-10-22T13:40:20+00:00","article_modified_time":"2026-04-15T14:13:03+00:00","og_image":[{"width":550,"height":350,"url":"http:\/\/universofamilia.com\/wp-content\/uploads\/sites\/148\/2024\/10\/DESTAQUE-UNIVERSO-550-x-350-3-6.jpg","type":"image\/jpeg"}],"author":"Pedro Henrique","twitter_card":"summary_large_image","twitter_misc":{"Written by":"Pedro Henrique","Est. reading time":"7 perc"},"schema":{"@context":"https:\/\/schema.org","@graph":[{"@type":"WebPage","@id":"http:\/\/universofamilia.com\/recuperando-memorias-perdidas-una-emocionante-jornada\/","url":"http:\/\/universofamilia.com\/recuperando-memorias-perdidas-una-emocionante-jornada\/","name":"Recuperando memorias perdidas: una emocionante jornada - Universo Fam\u00edlia","isPartOf":{"@id":"https:\/\/universofamilia.com\/el\/#website"},"primaryImageOfPage":{"@id":"http:\/\/universofamilia.com\/recuperando-memorias-perdidas-una-emocionante-jornada\/#primaryimage"},"image":{"@id":"http:\/\/universofamilia.com\/recuperando-memorias-perdidas-una-emocionante-jornada\/#primaryimage"},"thumbnailUrl":"https:\/\/universofamilia.com\/wp-content\/uploads\/sites\/148\/2024\/10\/DESTAQUE-UNIVERSO-550-x-350-3-6.jpg","datePublished":"2024-10-22T13:40:20+00:00","dateModified":"2026-04-15T14:13:03+00:00","author":{"@id":"https:\/\/universofamilia.com\/el\/#\/schema\/person\/f07ce98187dd84d31154262e79b3b7ca"},"description":"Recuperando memorias perdidas: una emocionante jornada. Todos hemos pasado por eso: ese momento de p\u00e1nico cuando nos damos...","breadcrumb":{"@id":"http:\/\/universofamilia.com\/recuperando-memorias-perdidas-una-emocionante-jornada\/#breadcrumb"},"inLanguage":"hu","potentialAction":[{"@type":"ReadAction","target":["http:\/\/universofamilia.com\/recuperando-memorias-perdidas-una-emocionante-jornada\/"]}]},{"@type":"ImageObject","inLanguage":"hu","@id":"http:\/\/universofamilia.com\/recuperando-memorias-perdidas-una-emocionante-jornada\/#primaryimage","url":"https:\/\/universofamilia.com\/wp-content\/uploads\/sites\/148\/2024\/10\/DESTAQUE-UNIVERSO-550-x-350-3-6.jpg","contentUrl":"https:\/\/universofamilia.com\/wp-content\/uploads\/sites\/148\/2024\/10\/DESTAQUE-UNIVERSO-550-x-350-3-6.jpg","width":550,"height":350,"caption":"Recuperando memorias perdidas: una emocionante jornada"},{"@type":"BreadcrumbList","@id":"http:\/\/universofamilia.com\/recuperando-memorias-perdidas-una-emocionante-jornada\/#breadcrumb","itemListElement":[{"@type":"ListItem","position":1,"name":"Home","item":"https:\/\/universofamilia.com\/el\/"},{"@type":"ListItem","position":2,"name":"Recuperando memorias perdidas: una emocionante jornada"}]},{"@type":"WebSite","@id":"https:\/\/universofamilia.com\/el\/#website","url":"https:\/\/universofamilia.com\/el\/","name":"Universo Fam\u00edlia","description":"","potentialAction":[{"@type":"SearchAction","target":{"@type":"EntryPoint","urlTemplate":"https:\/\/universofamilia.com\/el\/?s={search_term_string}"},"query-input":"required name=search_term_string"}],"inLanguage":"hu"},{"@type":"Person","@id":"https:\/\/universofamilia.com\/el\/#\/schema\/person\/f07ce98187dd84d31154262e79b3b7ca","name":"Pedro Henrique","image":{"@type":"ImageObject","inLanguage":"hu","@id":"https:\/\/universofamilia.com\/el\/#\/schema\/person\/image\/","url":"https:\/\/secure.gravatar.com\/avatar\/9edfeb808cb4e1599f64d6e45b130154?s=96&d=mm&r=g","contentUrl":"https:\/\/secure.gravatar.com\/avatar\/9edfeb808cb4e1599f64d6e45b130154?s=96&d=mm&r=g","caption":"Pedro Henrique"},"url":"https:\/\/universofamilia.com\/hu\/author\/editor01\/"}]}},"_links":{"self":[{"href":"https:\/\/universofamilia.com\/hu\/wp-json\/wp\/v2\/posts\/7059"}],"collection":[{"href":"https:\/\/universofamilia.com\/hu\/wp-json\/wp\/v2\/posts"}],"about":[{"href":"https:\/\/universofamilia.com\/hu\/wp-json\/wp\/v2\/types\/post"}],"author":[{"embeddable":true,"href":"https:\/\/universofamilia.com\/hu\/wp-json\/wp\/v2\/users\/139"}],"replies":[{"embeddable":true,"href":"https:\/\/universofamilia.com\/hu\/wp-json\/wp\/v2\/comments?post=7059"}],"version-history":[{"count":2,"href":"https:\/\/universofamilia.com\/hu\/wp-json\/wp\/v2\/posts\/7059\/revisions"}],"predecessor-version":[{"id":10753,"href":"https:\/\/universofamilia.com\/hu\/wp-json\/wp\/v2\/posts\/7059\/revisions\/10753"}],"wp:featuredmedia":[{"embeddable":true,"href":"https:\/\/universofamilia.com\/hu\/wp-json\/wp\/v2\/media\/7060"}],"wp:attachment":[{"href":"https:\/\/universofamilia.com\/hu\/wp-json\/wp\/v2\/media?parent=7059"}],"wp:term":[{"taxonomy":"category","embeddable":true,"href":"https:\/\/universofamilia.com\/hu\/wp-json\/wp\/v2\/categories?post=7059"},{"taxonomy":"post_tag","embeddable":true,"href":"https:\/\/universofamilia.com\/hu\/wp-json\/wp\/v2\/tags?post=7059"}],"curies":[{"name":"wp","href":"https:\/\/api.w.org\/{rel}","templated":true}]}}