{"id":7274,"date":"2024-10-28T15:39:41","date_gmt":"2024-10-28T18:39:41","guid":{"rendered":"https:\/\/universofamilia.com\/?p=7274"},"modified":"2024-10-28T15:39:41","modified_gmt":"2024-10-28T18:39:41","slug":"quien-te-esta-observando-en-redes-descubrelo","status":"publish","type":"post","link":"https:\/\/universofamilia.com\/hu\/quien-te-esta-observando-en-redes-descubrelo\/","title":{"rendered":"Ki figyel t\u00e9ged a k\u00f6z\u00f6ss\u00e9gi m\u00e9di\u00e1ban? Der\u00edtsd ki!"},"content":{"rendered":"<p>Tudni szeretn\u00e9d, ki l\u00e1togatja a profilodat? Ne maradjon titok!<\/p>\n\n\n\n<p>Elgondolkodt\u00e1l m\u00e1r azon, hogy \u201eValaki k\u00e9mkedik a k\u00f6z\u00f6ss\u00e9gi oldalaimon?\u201d<\/p>\n\n\n\n<p>Ez a k\u00edv\u00e1ncsis\u00e1g teljesen term\u00e9szetes; v\u00e9g\u00fcl is mindannyian k\u00edv\u00e1ncsiak vagyunk arra, hogy kit \u00e9rdekel a tartalmunk.<\/p>\n\n\n\n<p>De t\u00e9nyleg meg lehet tudni, hogy ki l\u00e1togatja a profilodat?<\/p>\n\n\n\n<p>Ebben a cikkben megvizsg\u00e1ljuk az eszk\u00f6z\u00f6k haszn\u00e1lat\u00e1nak lehet\u0151s\u00e9geit, korl\u00e1tait \u00e9s term\u00e9szetesen a kock\u00e1zatait is, amelyekkel felfedhetj\u00fck, hogy ki figyel minket.<\/p>\n\n\n\n<p>Olvass tov\u00e1bb, hogy meg\u00e9rtsd, hogyan m\u0171k\u00f6dik ez a l\u00e1that\u00f3s\u00e1gi k\u00fcldet\u00e9s!<\/p>\n\n\n\n<p><\/p>\n\n\n\n<hr class=\"wp-block-separator has-text-color has-luminous-vivid-orange-color has-alpha-channel-opacity has-luminous-vivid-orange-background-color has-background is-style-wide\"\/>\n\n\n\n<h3 class=\"wp-block-heading\">Olvasd el m\u00e9g:<\/h3>\n\n\n\n<ul class=\"wp-block-list has-small-font-size\">\n<li style=\"padding-top:0;padding-right:var(--wp--preset--spacing--40);padding-bottom:0;padding-left:var(--wp--preset--spacing--40);font-style:normal;font-weight:400\" class=\"has-medium-font-size\"><a href=\"https:\/\/universofamilia.com\/hu\/6855\/grabar-llamadas-recibidas\/\"><mark style=\"background-color:rgba(0, 0, 0, 0);color:#f94c45\" class=\"has-inline-color\">Bej\u00f6v\u0151 h\u00edv\u00e1sok r\u00f6gz\u00edt\u00e9se &gt;<\/mark><\/a><\/li>\n\n\n\n<li style=\"padding-top:0;padding-right:var(--wp--preset--spacing--40);padding-bottom:0;padding-left:var(--wp--preset--spacing--40);font-style:normal;font-weight:400\" class=\"has-medium-font-size\"><a href=\"https:\/\/universofamilia.com\/hu\/6898\/leer-la-biblia-catolica-en-tu-celular\/\"><mark style=\"background-color:rgba(0, 0, 0, 0);color:#f94c45\" class=\"has-inline-color\"><font style=\"vertical-align: inherit;\"><font style=\"vertical-align: inherit;\">Olvasd a katolikus Bibli\u00e1t a mobiltelefonodon<\/font><\/font> &gt;<\/mark><\/a><\/li>\n\n\n\n<li style=\"padding-top:0;padding-right:var(--wp--preset--spacing--40);padding-bottom:0;padding-left:var(--wp--preset--spacing--40);font-style:normal;font-weight:400\" class=\"has-medium-font-size\"><a href=\"https:\/\/universofamilia.com\/hu\/6832\/aplicacion-para-bailar-zumba\/\"><mark style=\"background-color:rgba(0, 0, 0, 0);color:#f94c45\" class=\"has-inline-color\">Zumba t\u00e1ncalkalmaz\u00e1s &gt;<\/mark><\/a><\/li>\n\n\n\n<li style=\"padding-top:0;padding-right:var(--wp--preset--spacing--40);padding-bottom:0;padding-left:var(--wp--preset--spacing--40);font-style:normal;font-weight:400\" class=\"has-medium-font-size\"><a href=\"https:\/\/universofamilia.com\/hu\/6952\/descubre-quien-visita-tu-perfil-redes-sociales\/\"><mark style=\"background-color:rgba(0, 0, 0, 0);color:#f94c45\" class=\"has-inline-color\">Tudja meg, kik l\u00e1togatj\u00e1k a k\u00f6z\u00f6ss\u00e9gi m\u00e9dia profilj\u00e1t &gt;<\/mark><\/a><\/li>\n<\/ul>\n\n\n\n<hr class=\"wp-block-separator has-text-color has-luminous-vivid-orange-color has-alpha-channel-opacity has-luminous-vivid-orange-background-color has-background is-style-wide\"\/>\n\n\n\n<p><\/p>\n\n\n\n<h3 class=\"wp-block-heading\">Counter-Alert! Tudd meg, ki k\u00f6vet t\u00e9ged!<\/h3>\n\n\n\n<p>Ahogy a k\u00f6z\u00f6ss\u00e9gi m\u00e9dia aktivit\u00e1sa n\u00f6vekszik, \u00fagy n\u0151 az ig\u00e9ny arra is, hogy tudjuk, kik n\u00e9zik meg, amit megosztottunk.<\/p>\n\n\n\n<p>Term\u00e9szetesen a l\u00e1jkok \u00e9s a hozz\u00e1sz\u00f3l\u00e1sok alapj\u00e1n k\u00e9pet kaphatunk arr\u00f3l, hogy kik l\u00e9pnek kapcsolatba veled, de mi a helyzet azokkal, akik csak b\u00f6ng\u00e9szik an\u00e9lk\u00fcl, hogy nyomot hagyn\u00e1nak? Lehets\u00e9ges ezt kider\u00edteni?<\/p>\n\n\n\n<p>Ebben a cikkben r\u00e9szletesebben is megvizsg\u00e1ljuk a k\u00f6z\u00f6ss\u00e9gi m\u00e9dia funkci\u00f3it, a harmadik f\u00e9lt\u0151l sz\u00e1rmaz\u00f3 eszk\u00f6z\u00f6ket, s\u0151t, azt is, hogy ezek az alkalmaz\u00e1sok milyen kock\u00e1zatokat jelenthetnek az adatv\u00e9delemre n\u00e9zve.<\/p>\n\n\n\n<p>Menj\u00fcnk!<\/p>\n\n\n\n<h3 class=\"wp-block-heading\">L\u00e1that\u00f3s\u00e1g a k\u00f6z\u00f6ss\u00e9gi h\u00e1l\u00f3zatokon<\/h3>\n\n\n\n<p>Sokan azt hiszik, hogy a k\u00f6z\u00f6ss\u00e9gi m\u00e9dia platformok egy\u00e9rtelm\u0171en jelentik, hogy kik tekintett\u00e9k meg a profiljukat. A val\u00f3s\u00e1gban azonban ez ink\u00e1bb m\u00edtosz, mint b\u00e1rmi m\u00e1s.<\/p>\n\n\n\n<p>A legt\u00f6bb k\u00f6z\u00f6ss\u00e9gi m\u00e9dia platform, mint p\u00e9ld\u00e1ul az Instagram \u00e9s a Facebook, nem k\u00edn\u00e1l k\u00f6zvetlen\u00fcl ilyen t\u00edpus\u00fa inform\u00e1ci\u00f3kat a felhaszn\u00e1l\u00f3k adatainak v\u00e9delme \u00e9rdek\u00e9ben.<\/p>\n\n\n\n<h3 class=\"wp-block-heading\">Mi\u00e9rt nem jelen\u00edtik meg ezeket az inform\u00e1ci\u00f3kat a k\u00f6z\u00f6ss\u00e9gi oldalak?<\/h3>\n\n\n\n<p>Ez biztons\u00e1g \u00e9s felhaszn\u00e1l\u00f3i \u00e9lm\u00e9ny k\u00e9rd\u00e9se. K\u00e9pzeld el, hogy minden alkalommal, amikor megl\u00e1togatod valakinek a profilj\u00e1t, \u00e9rtes\u00edt\u00e9st kapnak.<\/p>\n\n\n\n<p>K\u00ednos lenne! Sokan feszengn\u00e9nek, \u00e9s az online interakci\u00f3k sz\u00e1ma val\u00f3sz\u00edn\u0171leg cs\u00f6kkenne.<\/p>\n\n\n\n<p>Van azonban egy kiv\u00e9tel: a LinkedIn lehet\u0151v\u00e9 teszi, hogy l\u00e1sd, kik l\u00e1togatt\u00e1k meg a profilodat, mivel ez egy professzion\u00e1lis h\u00e1l\u00f3zat, ahol az \u00e9rdekl\u0151d\u0151k ismerete megk\u00f6nny\u00edtheti a munkakapcsolatok kialak\u00edt\u00e1s\u00e1t.<\/p>\n\n\n\n<h3 class=\"wp-block-heading\">N\u00e9pszer\u0171 \u00e9s megb\u00edzhat\u00f3 eszk\u00f6z\u00f6k<\/h3>\n\n\n\n<p>Adatv\u00e9delmi ir\u00e1nyelveik ellen\u00e9re egyes alkalmaz\u00e1sok azt \u00e1ll\u00edtj\u00e1k, hogy megmutathatj\u00e1k, kik tekintik meg a profilodat.<\/p>\n\n\n\n<p>K\u00f6zt\u00fck, <strong>K\u00f6z\u00f6ss\u00e9gi m\u00e9dia k\u00f6vet\u0151<\/strong> N\u00e9pszer\u0171s\u00e9g\u00e9vel \u00e9s funkcionalit\u00e1s\u00e1val t\u0171nik ki.<\/p>\n\n\n\n<p>Az Androidra \u00e9s iOS-re el\u00e9rhet\u0151 Social Tracker betekint\u00e9st ny\u00fajt abba, hogy kik l\u00e1togatj\u00e1k a profilodat, \u00e9s hogyan l\u00e9pnek interakci\u00f3ba a bejegyz\u00e9seiddel.<\/p>\n\n\n\n<p>Most pedig n\u00e9zz\u00fck meg, mit k\u00edn\u00e1lnak ezek az eszk\u00f6z\u00f6k, \u00e9s hogyan haszn\u00e1lhatjuk \u0151ket biztons\u00e1gosan.<\/p>\n\n\n\n<h3 class=\"wp-block-heading\">Adatelemz\u00e9s \u00e9s betekint\u00e9s felt\u00e1r\u00e1sa<\/h3>\n\n\n\n<p>Hasznos inform\u00e1ci\u00f3kkal szolg\u00e1lhat, ha tudjuk, hogy kik l\u00e1togatj\u00e1k a profilunkat. K\u00e9pzelj\u00fck el, hogy tudjuk, a tartalmaink egy adott csoport tagjainak vagy ak\u00e1r munkat\u00e1rsainknak is tetszenek.<\/p>\n\n\n\n<p>Ezek az adatok felhaszn\u00e1lhat\u00f3k a bejegyz\u00e9sek c\u00e9lzottabb\u00e1 t\u00e9tel\u00e9re, az elk\u00f6telez\u0151d\u00e9s \u00e9s az el\u00e9r\u00e9s n\u00f6vel\u00e9s\u00e9re.<\/p>\n\n\n\n<ol class=\"wp-block-list\">\n<li><strong>Hat\u00e1rozza meg strat\u00e9gi\u00e1j\u00e1t<\/strong>Ha tudod, hogy kik l\u00e9pnek interakci\u00f3ba a profiloddal, az seg\u00edt a tartalmaid szem\u00e9lyre szab\u00e1s\u00e1ban, ami azt eredm\u00e9nyezi, hogy t\u00f6bben kommentelnek, l\u00e1jkolnak \u00e9s osztj\u00e1k meg a bejegyz\u00e9seidet.<\/li>\n\n\n\n<li><strong>Azonos\u00edtsa a c\u00e9lk\u00f6z\u00f6ns\u00e9g\u00e9t<\/strong>Ha azt veszed \u00e9szre, hogy bizonyos t\u00e9m\u00e1k ir\u00e1nt \u00e9rdekl\u0151d\u0151 emberek l\u00e1togatj\u00e1k a profilodat, fedezd fel ezeket a t\u00e9m\u00e1kat alaposabban.<\/li>\n\n\n\n<li><strong>N\u00f6veld a l\u00e1that\u00f3s\u00e1godat<\/strong>Egy j\u00f3 tartalomstrat\u00e9gia, amely a profilod l\u00e1togat\u00f3ival kapcsolatos inform\u00e1ci\u00f3kon alapul, nagyobb elk\u00f6telez\u0151d\u00e9st \u00e9s el\u00e9r\u00e9st eredm\u00e9nyezhet.<\/li>\n<\/ol>\n\n\n\n<p>Miel\u0151tt azonban b\u00e1rmilyen alkalmaz\u00e1s telep\u00edt\u00e9s\u00e9be sietne, fontos tiszt\u00e1ban lennie a kock\u00e1zatokkal.<\/p>\n\n\n\n<h3 class=\"wp-block-heading\">Adatv\u00e9delmi szempontok<\/h3>\n\n\n\n<p>Nem minden arany, ami f\u00e9nylik. Sok olyan alkalmaz\u00e1s, amely azt \u00edg\u00e9ri, hogy \u201ek\u00e9mkedni\u201d fog a profil l\u00e1togat\u00f3i ut\u00e1n, vesz\u00e9lyeztetheti a biztons\u00e1godat, \u00e9s adataid harmadik felek kez\u00e9be ker\u00fclhetnek.<\/p>\n\n\n\n<p>A l\u00e1togat\u00e1sok nyomon k\u00f6vet\u00e9s\u00e9re szolg\u00e1l\u00f3 harmadik f\u00e9lt\u0151l sz\u00e1rmaz\u00f3 eszk\u00f6z\u00f6k haszn\u00e1lata sok esetben ellent\u00e9tes a k\u00f6z\u00f6ss\u00e9gi m\u00e9dia platformok felhaszn\u00e1l\u00e1si felt\u00e9teleivel, \u00e9s korl\u00e1toz\u00e1sokhoz, vagy ak\u00e1r fi\u00f3kod blokkol\u00e1s\u00e1hoz is vezethet.<\/p>\n\n\n\n<h4 class=\"wp-block-heading\">Harmadik f\u00e9lt\u0151l sz\u00e1rmaz\u00f3 alkalmaz\u00e1sok haszn\u00e1lat\u00e1nak kock\u00e1zatai<\/h4>\n\n\n\n<ol class=\"wp-block-list\">\n<li><strong>Szem\u00e9lyes adatok kisziv\u00e1rg\u00e1sa<\/strong>N\u00e9h\u00e1ny ilyen alkalmaz\u00e1s t\u00falzott enged\u00e9lyeket k\u00e9r, p\u00e9ld\u00e1ul hozz\u00e1f\u00e9r\u00e9st az \u00fczenetekhez \u00e9s a n\u00e9vjegyekhez.<\/li>\n\n\n\n<li><strong>Fi\u00f3k sebezhet\u0151s\u00e9ge<\/strong>: Harmadik f\u00e9l hozz\u00e1f\u00e9r\u00e9s\u00e9nek enged\u00e9lyez\u00e9se vesz\u00e9lyeztetheti h\u00e1l\u00f3zatai biztons\u00e1g\u00e1t, megk\u00f6nny\u00edtve a jogosulatlan hozz\u00e1f\u00e9r\u00e9st.<\/li>\n\n\n\n<li><strong>Probl\u00e9m\u00e1k a k\u00f6z\u00f6ss\u00e9gi h\u00e1l\u00f3zattal<\/strong>A szab\u00e1lyzatot s\u00e9rt\u0151 alkalmaz\u00e1sok haszn\u00e1lata a fi\u00f3kod ideiglenes vagy v\u00e9gleges blokkol\u00e1s\u00e1hoz vezethet.<\/li>\n<\/ol>\n\n\n\n<p>Ez\u00e9rt telep\u00edt\u00e9s el\u0151tt mindig olvasd el a v\u00e9lem\u00e9nyeket \u00e9s ellen\u0151rizd a sz\u00fcks\u00e9ges enged\u00e9lyeket. Ahogy mondani szok\u00e1s: \u201ejobb megel\u0151zni, mint gy\u00f3gy\u00edtani\u201d.<\/p>\n\n\n\n<h3 class=\"wp-block-heading\">K\u00f6z\u00f6ss\u00e9gi Nyomk\u00f6vet\u0151 Alkalmaz\u00e1s: El\u0151ny\u00f6k \u00e9s V\u00e9lem\u00e9nyek<\/h3>\n\n\n\n<h4 class=\"wp-block-heading\">1. Gyakorlati funkcionalit\u00e1s<\/h4>\n\n\n\n<p>A Social Tracker n\u00e9pszer\u0171 v\u00e1laszt\u00e1s azok sz\u00e1m\u00e1ra, akik t\u00f6bbet szeretn\u00e9nek tudni arr\u00f3l, hogy kik l\u00e1togatj\u00e1k a k\u00f6z\u00f6ss\u00e9gi m\u00e9di\u00e1jukat.<\/p>\n\n\n\n<p>A be\u00e1ll\u00edt\u00e1s gyors \u00e9s egyszer\u0171, az alkalmaz\u00e1s pedig betekint\u00e9st ny\u00fajt a l\u00e1togat\u00e1sokba, az elk\u00f6telez\u0151d\u00e9sbe, s\u0151t, van egy \u201eszellemk\u00f6vet\u0151k\u201d funkci\u00f3ja is, amellyel interakci\u00f3 n\u00e9lk\u00fcl is l\u00e1thatja, ki n\u00e9zi az oldalt.<\/p>\n\n\n\n<h4 class=\"wp-block-heading\">2. Telep\u00edt\u00e9s \u00e9s haszn\u00e1lat<\/h4>\n\n\n\n<p>T\u00f6ltsd le az alkalmaz\u00e1st az App Store-b\u00f3l vagy a Google Playr\u0151l, telep\u00edtsd, \u00e9s csatlakoztasd a k\u00f6z\u00f6ss\u00e9gi h\u00e1l\u00f3zataidhoz.<\/p>\n\n\n\n<p>A sz\u00fcks\u00e9ges enged\u00e9lyek megad\u00e1sa ut\u00e1n hozz\u00e1f\u00e9rhet az elemz\u00e9si ir\u00e1ny\u00edt\u00f3pulthoz, \u00e9s megkezdheti az interakci\u00f3k megtekint\u00e9s\u00e9t.<\/p>\n\n\n\n<h4 class=\"wp-block-heading\">3. Felhaszn\u00e1l\u00f3i v\u00e9lem\u00e9nyek<\/h4>\n\n\n\n<ul class=\"wp-block-list\">\n<li><strong>Carlos M.<\/strong> \u2013 \u201eAmi\u00f3ta telep\u00edtettem a Social Tracker-t, meg\u00e9rtettem, hogy kik k\u00f6vetik rendszeresen a tartalmaimat. Seg\u00edtett abban, hogy jobban megc\u00e9lozzam a bejegyz\u00e9seimet.\u201d<\/li>\n\n\n\n<li><strong>Amanda R.<\/strong> \u2013 \u201eKiv\u00e1l\u00f3 alkalmaz\u00e1s, nagyon k\u00f6nnyen haszn\u00e1lhat\u00f3. L\u00e1tom, hogy kinek tetszik, \u00e9s ki nem igaz\u00e1n l\u00e9p interakci\u00f3ba. Im\u00e1dom a szellemk\u00f6vet\u0151 funkci\u00f3t!\u201d<\/li>\n\n\n\n<li><strong>Julio S.<\/strong> \u2013 \u201eJ\u00f3l m\u0171k\u00f6dik, b\u00e1r nem mutat mindent. Ennek ellen\u00e9re azoknak aj\u00e1nlom, akik \u00e1ltal\u00e1nos k\u00e9pet szeretn\u00e9nek kapni a profiljukr\u00f3l.\u201d<\/li>\n<\/ul>\n\n\n\n<h3 class=\"wp-block-heading\">V\u00e9dje adatait a k\u00f6z\u00f6ss\u00e9gi h\u00e1l\u00f3zatokon<\/h3>\n\n\n\n<p>Az online adatv\u00e9delem meg\u0151rz\u00e9se elengedhetetlen.<\/p>\n\n\n\n<p>\u00cdme n\u00e9h\u00e1ny tipp az adataid \u00e9s szem\u00e9lyes inform\u00e1ci\u00f3id v\u00e9delm\u00e9hez:<\/p>\n\n\n\n<ol class=\"wp-block-list\">\n<li><strong>Ellen\u0151rizze a be\u00e1ll\u00edt\u00e1sait<\/strong>: Ellen\u0151rizd az egyes k\u00f6z\u00f6ss\u00e9gi h\u00e1l\u00f3zatok adatv\u00e9delmi be\u00e1ll\u00edt\u00e1sait, \u00e9s m\u00f3d\u00edtsd \u0151ket \u00fagy, hogy csak a k\u00edv\u00e1nt szem\u00e9lyek l\u00e1thass\u00e1k a bejegyz\u00e9seidet.<\/li>\n\n\n\n<li><strong>Ker\u00fcld a felesleges enged\u00e9lyeket<\/strong>N\u00e9h\u00e1ny alkalmaz\u00e1s t\u00falzott enged\u00e9lyeket k\u00e9r. Csak azokat a jogosults\u00e1gokat adja meg, amelyek az alapvet\u0151 funkci\u00f3khoz felt\u00e9tlen\u00fcl sz\u00fcks\u00e9gesek.<\/li>\n\n\n\n<li><strong>\u00d3vakodj a t\u00falz\u00f3 \u00edg\u00e9retekt\u0151l<\/strong>Ne feledd, hogy a k\u00f6z\u00f6ss\u00e9gi m\u00e9dia alap\u00e9rtelmez\u00e9s szerint v\u00e9di ezeket az adatokat. A t\u00falzottan \u00edg\u00e9retes eszk\u00f6z\u00f6k kock\u00e1zatosak lehetnek.<\/li>\n<\/ol>\n\n\n\n<h3 class=\"wp-block-heading\">Az igazs\u00e1g arr\u00f3l, hogy kik l\u00e1tj\u00e1k a profilodat<\/h3>\n\n\n\n<p>A k\u00edv\u00e1ncsis\u00e1g ellen\u00e9re sem mindig lehet tudni, hogy ki l\u00e1togatja a profilodat.<\/p>\n\n\n\n<p>A k\u00f6z\u00f6ss\u00e9gi m\u00e9dia korl\u00e1tozza ezt a hozz\u00e1f\u00e9r\u00e9st, hogy megv\u00e9dje mindenki mag\u00e1n\u00e9let\u00e9t, bele\u00e9rtve a ti\u00e9det is.<\/p>\n\n\n\n<p>Egy j\u00f3 strat\u00e9gi\u00e1val \u00e9s megb\u00edzhat\u00f3 alkalmaz\u00e1sokkal azonban \u00e9rdekes inform\u00e1ci\u00f3kat szerezhetsz a k\u00f6z\u00f6ns\u00e9gedr\u0151l. Csak ne feledd, hogy a biztons\u00e1g az els\u0151.<\/p>\n\n\n\n<h3 class=\"wp-block-heading\">Tippek az elk\u00f6telez\u0151d\u00e9s fokoz\u00e1s\u00e1hoz<\/h3>\n\n\n\n<p>Azok sz\u00e1m\u00e1ra, akik t\u00f6bb interakci\u00f3ra v\u00e1gynak an\u00e9lk\u00fcl, hogy agg\u00f3dn\u00e1nak a zaklat\u00f3k miatt, n\u00e9h\u00e1ny gyakorlat seg\u00edthet:<\/p>\n\n\n\n<ul class=\"wp-block-list\">\n<li><strong>Kapcsolatba l\u00e9phetsz a k\u00f6vet\u0151iddel<\/strong>A l\u00e1jkol\u00e1s, a v\u00e1laszad\u00e1s \u00e9s a visszajelz\u00e9sek megoszt\u00e1sa er\u0151s kapcsolatot teremt a k\u00f6z\u00f6ns\u00e9geddel.<\/li>\n\n\n\n<li><strong>Mes\u00e9lj hiteles t\u00f6rt\u00e9neteket<\/strong>A k\u00f6vet\u0151k szeretnek val\u00f3di emberekkel kapcsol\u00f3dni; ossz meg t\u00f6bbet magadr\u00f3l.<\/li>\n\n\n\n<li><strong>Rendszeres k\u00f6zz\u00e9t\u00e9tel<\/strong>A k\u00f6vetkezetess\u00e9g kulcsfontoss\u00e1g\u00fa. A rendszeres posztol\u00e1ssal a k\u00f6z\u00f6ns\u00e9ged v\u00e1rni fogja a tartalmaidat.<\/li>\n<\/ul>\n\n\n\n<p>\u00c9s ami a legfontosabb: l\u00e9gy \u00f6nmagad \u00e9s \u00e9rezd j\u00f3l magad!<\/p>\n\n\n\n<p>V\u00e9gt\u00e9re is, a k\u00f6z\u00f6ss\u00e9gi m\u00e9dia a t\u00e1rsas\u00e1gi \u00e9let\u00fcnk kiterjeszt\u00e9se, \u00e9s egy k\u00f6nnyed, \u00e9lvezetes t\u00e9rnek kell lennie.<\/p>\n\n\n<div class=\"wp-block-image\">\n<figure class=\"aligncenter size-full\"><img loading=\"lazy\" decoding=\"async\" width=\"550\" height=\"350\" src=\"http:\/\/universofamilia.com\/wp-content\/uploads\/sites\/148\/2024\/10\/DESTAQUE-UNIVERSO-550-x-350-1-12.jpg\" alt=\"\" class=\"wp-image-7275\" srcset=\"https:\/\/universofamilia.com\/wp-content\/uploads\/sites\/148\/2024\/10\/DESTAQUE-UNIVERSO-550-x-350-1-12.jpg 550w, https:\/\/universofamilia.com\/wp-content\/uploads\/sites\/148\/2024\/10\/DESTAQUE-UNIVERSO-550-x-350-1-12-300x191.jpg 300w\" sizes=\"(max-width: 550px) 100vw, 550px\" \/><figcaption class=\"wp-element-caption\">Ki figyel t\u00e9ged a k\u00f6z\u00f6ss\u00e9gi m\u00e9di\u00e1ban? Der\u00edtsd ki!<\/figcaption><\/figure><\/div>\n\n\n<h3 class=\"wp-block-heading\">Mit mondanak a felhaszn\u00e1l\u00f3k?<\/h3>\n\n\n\n<p>Manaps\u00e1g egyre nagyobb a k\u00edv\u00e1ncsis\u00e1g azzal kapcsolatban, hogy kik k\u00f6vetnek minket online.<\/p>\n\n\n\n<p>Ebben a cikkben l\u00e1ttuk, hogy az olyan eszk\u00f6z\u00f6k, mint p\u00e9ld\u00e1ul <strong>K\u00f6z\u00f6ss\u00e9gi m\u00e9dia k\u00f6vet\u0151<\/strong> seg\u00edthet ebben a feladatban, de m\u00e9rt\u00e9kkel \u00e9s biztons\u00e1ggal.<\/p>\n\n\n\n<p><strong>Let\u00f6lt\u00e9si linkek<\/strong>:<\/p>\n\n\n\n<ul class=\"wp-block-list\">\n<li><strong>K\u00f6z\u00f6ss\u00e9gi m\u00e9dia k\u00f6vet\u0151<\/strong>: <a href=\"https:\/\/apps.apple.com\/br\/app\/social-tracker\/id1189139278\">App Store<\/a> | <a href=\"https:\/\/play.google.com\/store\/apps\/details?id=com.mobiversite.lookAtMe&amp;hl=pt_BR&amp;pli=1\">Google Play<\/a><\/li>\n<\/ul>\n\n\n\n<h3 class=\"wp-block-heading\">Konkl\u00fazi\u00f3: A te l\u00e1that\u00f3s\u00e1god, a te v\u00e1laszt\u00e1sod<\/h3>\n\n\n\n<p>Nagy k\u00edv\u00e1ncsis\u00e1g tudni, hogy ki figyel t\u00e9ged, de fontos \u00f3vatosnak lenni.<\/p>\n\n\n\n<p>Az eszk\u00f6z\u00f6k tudatos haszn\u00e1lata elengedhetetlen a szem\u00e9lyes adatok v\u00e9delme \u00e9s a k\u00f6z\u00f6ss\u00e9gi m\u00e9dia el\u0151nyeinek kihaszn\u00e1l\u00e1sa \u00e9rdek\u00e9ben.<\/p>\n\n\n\n<p>V\u00e9gs\u0151 soron a l\u00e9nyeg az, hogy interakci\u00f3ba l\u00e9pj\u00fcnk \u00e9s j\u00f3l \u00e9rezz\u00fck magunkat, an\u00e9lk\u00fcl, hogy t\u00fals\u00e1gosan agg\u00f3dn\u00e1nk a \u201ezaklat\u00f3k\u201d miatt.<\/p>\n\n\n\n<p>Tetszett ez az \u00fatmutat\u00f3? Oszd meg a bar\u00e1taiddal, hogy felfedezhess\u00e9tek, hogyan hozhatj\u00e1tok ki a legt\u00f6bbet a k\u00f6z\u00f6ss\u00e9gi m\u00e9di\u00e1b\u00f3l egy\u00fctt!<\/p>\n\n\n\n<hr class=\"wp-block-separator has-alpha-channel-opacity is-style-wide\"\/>\n\n\n\n<h3 class=\"wp-block-heading\"><strong>Gyakran Ism\u00e9telt K\u00e9rd\u00e9sek a K\u00f6z\u00f6ss\u00e9gi M\u00e9diak\u00f6vet\u0151 Alkalmaz\u00e1ssal kapcsolatban<\/strong><\/h3>\n\n\n\n<p><strong>1. Ingyenes a K\u00f6z\u00f6ss\u00e9gi Nyomk\u00f6vet\u0151?<\/strong><br>Igen, a Social Tracker ingyenes verzi\u00f3t k\u00edn\u00e1l alapfunkci\u00f3kkal, b\u00e1r vannak fizet\u0151s lehet\u0151s\u00e9gek a halad\u00f3 funkci\u00f3k el\u00e9r\u00e9s\u00e9hez.<\/p>\n\n\n\n<p><strong>2. A Social Tracker garant\u00e1lja, hogy mutatja, kik l\u00e1togatj\u00e1k a profilomat?<\/strong><br>Nem, a K\u00f6z\u00f6ss\u00e9gi M\u00e9diak\u00f6vet\u0151 az interakci\u00f3s mint\u00e1kon alapul\u00f3 inform\u00e1ci\u00f3kat ny\u00fajt, de nem garant\u00e1lja, hogy pontosan mutatja, kik l\u00e1togatt\u00e1k meg a profilodat.<\/p>\n\n\n\n<p><strong>3. Biztons\u00e1gos a Social Tracker haszn\u00e1lata az adataim szempontj\u00e1b\u00f3l?<\/strong><br>Igen, amennyiben betartod az adatv\u00e9delmi utas\u00edt\u00e1sokat \u00e9s elolvasod a sz\u00fcks\u00e9ges enged\u00e9lyeket. Ennek ellen\u00e9re elengedhetetlen, hogy tudatosan \u00e9s biztons\u00e1gosan haszn\u00e1ld az alkalmaz\u00e1st.<\/p>\n\n\n\n<p><strong>4. A Social Tracker minden k\u00f6z\u00f6ss\u00e9gi h\u00e1l\u00f3zatot t\u00e1mogat?<\/strong><br>Az alkalmaz\u00e1s els\u0151sorban az Instagrammal \u00e9s a Facebookkal m\u0171k\u00f6dik. Az alkalmaz\u00e1sbolt le\u00edr\u00e1s\u00e1ban ellen\u0151rizheted, hogy mely k\u00f6z\u00f6ss\u00e9gi h\u00e1l\u00f3zatok t\u00e1mogatottak.<\/p>\n\n\n\n<p><strong>5. Hogyan telep\u00edthetem a K\u00f6z\u00f6ss\u00e9gi Nyomk\u00f6vet\u0151t?<\/strong><br>L\u00e9pj be az App Store-ba vagy a Google Playbe, keresd meg a \u201eSocial Tracker\u201d kifejez\u00e9st, \u00e9s telep\u00edtsd az alkalmaz\u00e1st. Ezut\u00e1n k\u00f6vesd az utas\u00edt\u00e1sokat a k\u00f6z\u00f6ss\u00e9gi m\u00e9dia fi\u00f3kjaid \u00f6sszekapcsol\u00e1s\u00e1hoz.<\/p>\n\n\n\n<p><strong>6. Haszn\u00e1lhatom a K\u00f6z\u00f6ss\u00e9gi Nyomk\u00f6vet\u0151t adatv\u00e9delmi enged\u00e9lyek megad\u00e1sa n\u00e9lk\u00fcl?<\/strong><br>Bizonyos funkci\u00f3khoz speci\u00e1lis enged\u00e9lyek sz\u00fcks\u00e9gesek, ez\u00e9rt fontos, hogy \u00e1ttekintse a be\u00e1ll\u00edt\u00e1sait, \u00e9s csak a sz\u00fcks\u00e9ges enged\u00e9lyeket adja meg.<\/p>\n\n\n\n<p><strong>7. Befoly\u00e1solja-e a K\u00f6z\u00f6ss\u00e9gi M\u00e9dia K\u00f6vet\u00e9s a k\u00f6z\u00f6ss\u00e9gi m\u00e9dia fi\u00f3kom biztons\u00e1g\u00e1t?<\/strong><br>Ha az alkalmaz\u00e1st a saj\u00e1t ir\u00e1nyelveinek \u00e9s a k\u00f6z\u00f6ss\u00e9gi h\u00e1l\u00f3zatok ir\u00e1nyelveinek megfelel\u0151en haszn\u00e1lod, akkor nem lehetnek biztons\u00e1gi probl\u00e9m\u00e1k.<\/p>","protected":false},"excerpt":{"rendered":"<p>Szeretn\u00e9d tudni, hogy ki l\u00e1togatja a profilodat? Ne hagyd, hogy k\u00e9ts\u00e9geid legyenek! Elgondolkodt\u00e1l m\u00e1r azon, hogy \u201eVajon valaki k\u00e9mkedik a k\u00f6z\u00f6ss\u00e9gi oldalaimon?\u201d Ez a k\u00edv\u00e1ncsis\u00e1g teljesen term\u00e9szetes; v\u00e9g\u00fcl is mindannyian k\u00edv\u00e1ncsiak vagyunk arra, hogy kit \u00e9rdekel a tartalmunk. De t\u00e9nyleg lehets\u00e9ges megtudni, hogy ki l\u00e1togatja a profilodat? Ebben a cikkben [\u2026]<\/p>","protected":false},"author":0,"featured_media":7275,"comment_status":"closed","ping_status":"open","sticky":false,"template":"","format":"standard","meta":{"footnotes":""},"categories":[4],"tags":[449,499,1242,1317,1462],"yoast_head":"<!-- This site is optimized with the Yoast SEO plugin v23.3 - https:\/\/yoast.com\/wordpress\/plugins\/seo\/ -->\n<title>\u00bfQui\u00e9n te est\u00e1 observando en redes? \u00a1Desc\u00fabrelo! - Universo Fam\u00edlia<\/title>\n<meta name=\"description\" content=\"\u00bfQui\u00e9n te est\u00e1 observando en redes? \u00a1Desc\u00fabrelo! \u00bfQuieres saber qui\u00e9n visita tu perfil? \u00a1No te quedes con la duda!...\" \/>\n<meta name=\"robots\" content=\"index, follow, max-snippet:-1, max-image-preview:large, max-video-preview:-1\" \/>\n<link rel=\"canonical\" href=\"https:\/\/universofamilia.com\/hu\/quien-te-esta-observando-en-redes-descubrelo\/\" \/>\n<meta property=\"og:locale\" content=\"hu_HU\" \/>\n<meta property=\"og:type\" content=\"article\" \/>\n<meta property=\"og:title\" content=\"\u00bfQui\u00e9n te est\u00e1 observando en redes? \u00a1Desc\u00fabrelo! - Universo Fam\u00edlia\" \/>\n<meta property=\"og:description\" content=\"\u00bfQui\u00e9n te est\u00e1 observando en redes? \u00a1Desc\u00fabrelo! \u00bfQuieres saber qui\u00e9n visita tu perfil? \u00a1No te quedes con la duda!...\" \/>\n<meta property=\"og:url\" content=\"https:\/\/universofamilia.com\/hu\/quien-te-esta-observando-en-redes-descubrelo\/\" \/>\n<meta property=\"og:site_name\" content=\"Universo Fam\u00edlia\" \/>\n<meta property=\"article:published_time\" content=\"2024-10-28T18:39:41+00:00\" \/>\n<meta property=\"og:image\" content=\"https:\/\/universofamilia.com\/wp-content\/uploads\/sites\/148\/2024\/10\/DESTAQUE-UNIVERSO-550-x-350-1-12.jpg\" \/>\n\t<meta property=\"og:image:width\" content=\"550\" \/>\n\t<meta property=\"og:image:height\" content=\"350\" \/>\n\t<meta property=\"og:image:type\" content=\"image\/jpeg\" \/>\n<meta name=\"twitter:card\" content=\"summary_large_image\" \/>\n<meta name=\"twitter:label1\" content=\"Est. reading time\" \/>\n\t<meta name=\"twitter:data1\" content=\"9 perc\" \/>\n<script type=\"application\/ld+json\" class=\"yoast-schema-graph\">{\"@context\":\"https:\/\/schema.org\",\"@graph\":[{\"@type\":\"WebPage\",\"@id\":\"https:\/\/universofamilia.com\/zh\/quien-te-esta-observando-en-redes-descubrelo\/\",\"url\":\"https:\/\/universofamilia.com\/zh\/quien-te-esta-observando-en-redes-descubrelo\/\",\"name\":\"\u00bfQui\u00e9n te est\u00e1 observando en redes? \u00a1Desc\u00fabrelo! - Universo Fam\u00edlia\",\"isPartOf\":{\"@id\":\"https:\/\/universofamilia.com\/el\/#website\"},\"primaryImageOfPage\":{\"@id\":\"https:\/\/universofamilia.com\/zh\/quien-te-esta-observando-en-redes-descubrelo\/#primaryimage\"},\"image\":{\"@id\":\"https:\/\/universofamilia.com\/zh\/quien-te-esta-observando-en-redes-descubrelo\/#primaryimage\"},\"thumbnailUrl\":\"https:\/\/universofamilia.com\/wp-content\/uploads\/sites\/148\/2024\/10\/DESTAQUE-UNIVERSO-550-x-350-1-12.jpg\",\"datePublished\":\"2024-10-28T18:39:41+00:00\",\"dateModified\":\"2024-10-28T18:39:41+00:00\",\"author\":{\"@id\":\"\"},\"description\":\"\u00bfQui\u00e9n te est\u00e1 observando en redes? \u00a1Desc\u00fabrelo! \u00bfQuieres saber qui\u00e9n visita tu perfil? \u00a1No te quedes con la duda!...\",\"breadcrumb\":{\"@id\":\"https:\/\/universofamilia.com\/zh\/quien-te-esta-observando-en-redes-descubrelo\/#breadcrumb\"},\"inLanguage\":\"hu\",\"potentialAction\":[{\"@type\":\"ReadAction\",\"target\":[\"https:\/\/universofamilia.com\/zh\/quien-te-esta-observando-en-redes-descubrelo\/\"]}]},{\"@type\":\"ImageObject\",\"inLanguage\":\"hu\",\"@id\":\"https:\/\/universofamilia.com\/zh\/quien-te-esta-observando-en-redes-descubrelo\/#primaryimage\",\"url\":\"https:\/\/universofamilia.com\/wp-content\/uploads\/sites\/148\/2024\/10\/DESTAQUE-UNIVERSO-550-x-350-1-12.jpg\",\"contentUrl\":\"https:\/\/universofamilia.com\/wp-content\/uploads\/sites\/148\/2024\/10\/DESTAQUE-UNIVERSO-550-x-350-1-12.jpg\",\"width\":550,\"height\":350,\"caption\":\"\u00bfQui\u00e9n te est\u00e1 observando en redes? \u00a1Desc\u00fabrelo!\"},{\"@type\":\"BreadcrumbList\",\"@id\":\"https:\/\/universofamilia.com\/zh\/quien-te-esta-observando-en-redes-descubrelo\/#breadcrumb\",\"itemListElement\":[{\"@type\":\"ListItem\",\"position\":1,\"name\":\"Home\",\"item\":\"https:\/\/universofamilia.com\/el\/\"},{\"@type\":\"ListItem\",\"position\":2,\"name\":\"\u00bfQui\u00e9n te est\u00e1 observando en redes? \u00a1Desc\u00fabrelo!\"}]},{\"@type\":\"WebSite\",\"@id\":\"https:\/\/universofamilia.com\/el\/#website\",\"url\":\"https:\/\/universofamilia.com\/el\/\",\"name\":\"Universo Fam\u00edlia\",\"description\":\"\",\"potentialAction\":[{\"@type\":\"SearchAction\",\"target\":{\"@type\":\"EntryPoint\",\"urlTemplate\":\"https:\/\/universofamilia.com\/el\/?s={search_term_string}\"},\"query-input\":\"required name=search_term_string\"}],\"inLanguage\":\"hu\"}]}<\/script>\n<!-- \/ Yoast SEO plugin. -->","yoast_head_json":{"title":"\u00bfQui\u00e9n te est\u00e1 observando en redes? \u00a1Desc\u00fabrelo! - Universo Fam\u00edlia","description":"\u00bfQui\u00e9n te est\u00e1 observando en redes? \u00a1Desc\u00fabrelo! \u00bfQuieres saber qui\u00e9n visita tu perfil? \u00a1No te quedes con la duda!...","robots":{"index":"index","follow":"follow","max-snippet":"max-snippet:-1","max-image-preview":"max-image-preview:large","max-video-preview":"max-video-preview:-1"},"canonical":"https:\/\/universofamilia.com\/hu\/quien-te-esta-observando-en-redes-descubrelo\/","og_locale":"hu_HU","og_type":"article","og_title":"\u00bfQui\u00e9n te est\u00e1 observando en redes? \u00a1Desc\u00fabrelo! - Universo Fam\u00edlia","og_description":"\u00bfQui\u00e9n te est\u00e1 observando en redes? \u00a1Desc\u00fabrelo! \u00bfQuieres saber qui\u00e9n visita tu perfil? \u00a1No te quedes con la duda!...","og_url":"https:\/\/universofamilia.com\/hu\/quien-te-esta-observando-en-redes-descubrelo\/","og_site_name":"Universo Fam\u00edlia","article_published_time":"2024-10-28T18:39:41+00:00","og_image":[{"width":550,"height":350,"url":"https:\/\/universofamilia.com\/wp-content\/uploads\/sites\/148\/2024\/10\/DESTAQUE-UNIVERSO-550-x-350-1-12.jpg","type":"image\/jpeg"}],"twitter_card":"summary_large_image","twitter_misc":{"Est. reading time":"9 perc"},"schema":{"@context":"https:\/\/schema.org","@graph":[{"@type":"WebPage","@id":"https:\/\/universofamilia.com\/zh\/quien-te-esta-observando-en-redes-descubrelo\/","url":"https:\/\/universofamilia.com\/zh\/quien-te-esta-observando-en-redes-descubrelo\/","name":"\u00bfQui\u00e9n te est\u00e1 observando en redes? \u00a1Desc\u00fabrelo! - Universo Fam\u00edlia","isPartOf":{"@id":"https:\/\/universofamilia.com\/el\/#website"},"primaryImageOfPage":{"@id":"https:\/\/universofamilia.com\/zh\/quien-te-esta-observando-en-redes-descubrelo\/#primaryimage"},"image":{"@id":"https:\/\/universofamilia.com\/zh\/quien-te-esta-observando-en-redes-descubrelo\/#primaryimage"},"thumbnailUrl":"https:\/\/universofamilia.com\/wp-content\/uploads\/sites\/148\/2024\/10\/DESTAQUE-UNIVERSO-550-x-350-1-12.jpg","datePublished":"2024-10-28T18:39:41+00:00","dateModified":"2024-10-28T18:39:41+00:00","author":{"@id":""},"description":"\u00bfQui\u00e9n te est\u00e1 observando en redes? \u00a1Desc\u00fabrelo! \u00bfQuieres saber qui\u00e9n visita tu perfil? \u00a1No te quedes con la duda!...","breadcrumb":{"@id":"https:\/\/universofamilia.com\/zh\/quien-te-esta-observando-en-redes-descubrelo\/#breadcrumb"},"inLanguage":"hu","potentialAction":[{"@type":"ReadAction","target":["https:\/\/universofamilia.com\/zh\/quien-te-esta-observando-en-redes-descubrelo\/"]}]},{"@type":"ImageObject","inLanguage":"hu","@id":"https:\/\/universofamilia.com\/zh\/quien-te-esta-observando-en-redes-descubrelo\/#primaryimage","url":"https:\/\/universofamilia.com\/wp-content\/uploads\/sites\/148\/2024\/10\/DESTAQUE-UNIVERSO-550-x-350-1-12.jpg","contentUrl":"https:\/\/universofamilia.com\/wp-content\/uploads\/sites\/148\/2024\/10\/DESTAQUE-UNIVERSO-550-x-350-1-12.jpg","width":550,"height":350,"caption":"\u00bfQui\u00e9n te est\u00e1 observando en redes? \u00a1Desc\u00fabrelo!"},{"@type":"BreadcrumbList","@id":"https:\/\/universofamilia.com\/zh\/quien-te-esta-observando-en-redes-descubrelo\/#breadcrumb","itemListElement":[{"@type":"ListItem","position":1,"name":"Home","item":"https:\/\/universofamilia.com\/el\/"},{"@type":"ListItem","position":2,"name":"\u00bfQui\u00e9n te est\u00e1 observando en redes? \u00a1Desc\u00fabrelo!"}]},{"@type":"WebSite","@id":"https:\/\/universofamilia.com\/el\/#website","url":"https:\/\/universofamilia.com\/el\/","name":"Universo Fam\u00edlia","description":"","potentialAction":[{"@type":"SearchAction","target":{"@type":"EntryPoint","urlTemplate":"https:\/\/universofamilia.com\/el\/?s={search_term_string}"},"query-input":"required name=search_term_string"}],"inLanguage":"hu"}]}},"_links":{"self":[{"href":"https:\/\/universofamilia.com\/hu\/wp-json\/wp\/v2\/posts\/7274"}],"collection":[{"href":"https:\/\/universofamilia.com\/hu\/wp-json\/wp\/v2\/posts"}],"about":[{"href":"https:\/\/universofamilia.com\/hu\/wp-json\/wp\/v2\/types\/post"}],"replies":[{"embeddable":true,"href":"https:\/\/universofamilia.com\/hu\/wp-json\/wp\/v2\/comments?post=7274"}],"version-history":[{"count":0,"href":"https:\/\/universofamilia.com\/hu\/wp-json\/wp\/v2\/posts\/7274\/revisions"}],"wp:featuredmedia":[{"embeddable":true,"href":"https:\/\/universofamilia.com\/hu\/wp-json\/wp\/v2\/media\/7275"}],"wp:attachment":[{"href":"https:\/\/universofamilia.com\/hu\/wp-json\/wp\/v2\/media?parent=7274"}],"wp:term":[{"taxonomy":"category","embeddable":true,"href":"https:\/\/universofamilia.com\/hu\/wp-json\/wp\/v2\/categories?post=7274"},{"taxonomy":"post_tag","embeddable":true,"href":"https:\/\/universofamilia.com\/hu\/wp-json\/wp\/v2\/tags?post=7274"}],"curies":[{"name":"wp","href":"https:\/\/api.w.org\/{rel}","templated":true}]}}