{"id":7281,"date":"2024-10-30T14:11:02","date_gmt":"2024-10-30T17:11:02","guid":{"rendered":"https:\/\/universofamilia.com\/?p=7281"},"modified":"2024-10-30T14:11:02","modified_gmt":"2024-10-30T17:11:02","slug":"quien-esta-interesado-en-ti","status":"publish","type":"post","link":"https:\/\/universofamilia.com\/hu\/quien-esta-interesado-en-ti\/","title":{"rendered":"Kit \u00e9rdekelsz?"},"content":{"rendered":"<p>Tudd meg, ki k\u00f6vet t\u00e9ged nyomtalanul. Tudj meg t\u00f6bbet ebb\u0151l a cikkb\u0151l!<\/p>\n\n\n\n<p>Elgondolkodt\u00e1l m\u00e1r azon, hogy kik l\u00e1togatj\u00e1k a k\u00f6z\u00f6ss\u00e9gi m\u00e9dia profilodat?<\/p>\n\n\n\n<p>B\u00e1r apr\u00f3 k\u00edv\u00e1ncsis\u00e1gnak t\u0171nhet, sokak sz\u00e1m\u00e1ra az, hogy tudj\u00e1k, kik tekintik meg a megosztott tartalmainkat, egy m\u00f3dja annak, hogy felm\u00e9rj\u00e9k relevanci\u00e1nkat, \u00e9s meg\u00e9rts\u00e9k, kit \u00e9rdekel\u00fcnk igaz\u00e1n.<\/p>\n\n\n\n<p>Fedezz\u00fck fel egy\u00fctt ezt a k\u00edv\u00e1ncsis\u00e1got, \u00e9s ismerj\u00fcnk meg n\u00e9h\u00e1ny eszk\u00f6zt \u00e9s gyakorlatot, amelyek seg\u00edthetnek a tev\u00e9kenys\u00e9g nyomon k\u00f6vet\u00e9s\u00e9ben, an\u00e9lk\u00fcl, hogy megfeledkezn\u00e9nk a mag\u00e1n\u00e9let fontoss\u00e1g\u00e1r\u00f3l!<\/p>\n\n\n\n<h3 class=\"wp-block-heading\">Mi\u00e9rt fontos tudni, hogy ki n\u00e9zte meg a profilodat?<\/h3>\n\n\n\n<p>A profilod l\u00e1togat\u00f3inak megismer\u00e9se \u00e9rt\u00e9kes betekint\u00e9st ny\u00fajthat a k\u00f6z\u00f6ns\u00e9gedbe, seg\u00edthet a bejegyz\u00e9seid fejleszt\u00e9s\u00e9ben \u00e9s a k\u00f6vet\u0151id jobb meg\u00e9rt\u00e9s\u00e9ben, vagy ak\u00e1r a k\u00edv\u00e1ncsis\u00e1god kiel\u00e9g\u00edt\u00e9s\u00e9ben is.<\/p>\n\n\n\n<p>K\u00e9pzeld el, hogy van egy \u00fczleti profilod, \u00e9s szeretn\u00e9d tudni, hogy kik k\u00f6vetik a term\u00e9keidet; ez az inform\u00e1ci\u00f3 kulcsfontoss\u00e1g\u00fa lehet.<\/p>\n\n\n\n<p>A szem\u00e9lyes profilokon pedig az is \u00e9rdekes l\u00e1tni, hogy kit \u00e9rdekelnek a bejegyz\u00e9seid. De honnan tudhatjuk, hogy ki l\u00e1togatja a profilunkat?<\/p>\n\n\n\n<p><\/p>\n\n\n\n<hr class=\"wp-block-separator has-text-color has-luminous-vivid-orange-color has-alpha-channel-opacity has-luminous-vivid-orange-background-color has-background is-style-wide\"\/>\n\n\n\n<h3 class=\"wp-block-heading\">Olvasd el m\u00e9g:<\/h3>\n\n\n\n<ul class=\"wp-block-list has-small-font-size\">\n<li style=\"padding-top:0;padding-right:var(--wp--preset--spacing--40);padding-bottom:0;padding-left:var(--wp--preset--spacing--40);font-style:normal;font-weight:400\" class=\"has-medium-font-size\"><a href=\"https:\/\/universofamilia.com\/hu\/6855\/grabar-llamadas-recibidas\/\"><mark style=\"background-color:rgba(0, 0, 0, 0);color:#f94c45\" class=\"has-inline-color\">Bej\u00f6v\u0151 h\u00edv\u00e1sok r\u00f6gz\u00edt\u00e9se &gt;<\/mark><\/a><\/li>\n\n\n\n<li style=\"padding-top:0;padding-right:var(--wp--preset--spacing--40);padding-bottom:0;padding-left:var(--wp--preset--spacing--40);font-style:normal;font-weight:400\" class=\"has-medium-font-size\"><a href=\"https:\/\/universofamilia.com\/hu\/6898\/leer-la-biblia-catolica-en-tu-celular\/\"><mark style=\"background-color:rgba(0, 0, 0, 0);color:#f94c45\" class=\"has-inline-color\"><font style=\"vertical-align: inherit;\"><font style=\"vertical-align: inherit;\">Olvasd a katolikus Bibli\u00e1t a mobiltelefonodon<\/font><\/font> &gt;<\/mark><\/a><\/li>\n\n\n\n<li style=\"padding-top:0;padding-right:var(--wp--preset--spacing--40);padding-bottom:0;padding-left:var(--wp--preset--spacing--40);font-style:normal;font-weight:400\" class=\"has-medium-font-size\"><a href=\"https:\/\/universofamilia.com\/hu\/6832\/aplicacion-para-bailar-zumba\/\"><mark style=\"background-color:rgba(0, 0, 0, 0);color:#f94c45\" class=\"has-inline-color\">Zumba t\u00e1ncalkalmaz\u00e1s &gt;<\/mark><\/a><\/li>\n\n\n\n<li style=\"padding-top:0;padding-right:var(--wp--preset--spacing--40);padding-bottom:0;padding-left:var(--wp--preset--spacing--40);font-style:normal;font-weight:400\" class=\"has-medium-font-size\"><a href=\"https:\/\/universofamilia.com\/hu\/6952\/descubre-quien-visita-tu-perfil-redes-sociales\/\"><mark style=\"background-color:rgba(0, 0, 0, 0);color:#f94c45\" class=\"has-inline-color\">Tudja meg, kik l\u00e1togatj\u00e1k a k\u00f6z\u00f6ss\u00e9gi m\u00e9dia profilj\u00e1t &gt;<\/mark><\/a><\/li>\n<\/ul>\n\n\n\n<hr class=\"wp-block-separator has-text-color has-luminous-vivid-orange-color has-alpha-channel-opacity has-luminous-vivid-orange-background-color has-background is-style-wide\"\/>\n\n\n\n<p><\/p>\n\n\n\n<h3 class=\"wp-block-heading\">Profilod l\u00e1togat\u00e1sainak figyel\u00e9se<\/h3>\n\n\n\n<p>N\u00e9h\u00e1ny k\u00f6z\u00f6ss\u00e9gi h\u00e1l\u00f3zat szigor\u00fa adatv\u00e9delmi ir\u00e1nyelvekkel rendelkezik, amelyek nem enged\u00e9lyezik a k\u00f6zvetlen hozz\u00e1f\u00e9r\u00e9st ezekhez az inform\u00e1ci\u00f3khoz.<\/p>\n\n\n\n<p>Ennek ellen\u00e9re vannak m\u00f3dszerek arra, hogy jobban meg\u00e9rtsd, kik l\u00e9pnek interakci\u00f3ba a tartalmaiddal \u00e9s a profiloddal.<\/p>\n\n\n\n<p>Eszk\u00f6z\u00f6k, mint p\u00e9ld\u00e1ul <strong>K\u00f6z\u00f6ss\u00e9gi m\u00e9dia k\u00f6vet\u0151<\/strong> biztons\u00e1g\u00e1nak vesz\u00e9lyeztet\u00e9se n\u00e9lk\u00fcl tudja megadni \u00d6nnek ezeket az inform\u00e1ci\u00f3kat.<\/p>\n\n\n\n<h3 class=\"wp-block-heading\">Stalker Alert: Hogyan tudhatod, ki k\u00f6vet t\u00e9ged?<\/h3>\n\n\n\n<p>Gyakori a k\u00e9rd\u00e9s, hogy kik l\u00e1togatj\u00e1k diszkr\u00e9ten a profilunkat an\u00e9lk\u00fcl, hogy l\u00e1jkoln\u00e1k vagy hozz\u00e1sz\u00f3ln\u00e1nak.<\/p>\n\n\n\n<p>B\u00e1r nincsenek olyan alkalmaz\u00e1sok, amelyek minden r\u00e9szletet megmutatn\u00e1nak arr\u00f3l, hogy kik l\u00e1togatt\u00e1k a profilodat, egyes eszk\u00f6z\u00f6k \u00e9rdekes betekint\u00e9st ny\u00fajthatnak a profiltev\u00e9kenys\u00e9geidbe.<\/p>\n\n\n\n<p>Ezek az adatok seg\u00edthetnek azonos\u00edtani azokat, akik egyszer\u0171en csak zaklatj\u00e1k vagy figyelik a tartalmaidat.<\/p>\n\n\n\n<h3 class=\"wp-block-heading\">Hogyan tudhatod, hogy kit \u00e9rdekel a tartalmad?<\/h3>\n\n\n\n<p>K\u00fcl\u00f6nb\u00f6z\u0151 eszk\u00f6z\u00f6k seg\u00edtenek a profilodhoz val\u00f3 interakci\u00f3k \u00e9s hozz\u00e1f\u00e9r\u00e9s nyomon k\u00f6vet\u00e9s\u00e9ben, p\u00e9ld\u00e1ul <strong>K\u00f6z\u00f6ss\u00e9gi m\u00e9dia k\u00f6vet\u0151<\/strong>.<\/p>\n\n\n\n<p>Ez az alkalmaz\u00e1s lehet\u0151v\u00e9 teszi a k\u00f6vet\u0151id elemz\u00e9s\u00e9t, \u00e9s jobban meg\u00e9rtheted, hogy kik foglalkoznak a tartalmaiddal.<\/p>\n\n\n\n<ol class=\"wp-block-list\">\n<li><strong>K\u00f6z\u00f6ss\u00e9gi m\u00e9dia k\u00f6vet\u0151<\/strong> \u2013 Ez az alkalmaz\u00e1s r\u00e9szletes k\u00e9pet ad arr\u00f3l, hogy kik l\u00e9pnek kapcsolatba a profiloddal, \u00e9s adatokat szolg\u00e1ltat a l\u00e1jkokr\u00f3l, s\u0151t m\u00e9g arr\u00f3l is, hogy kik sz\u0171ntek meg k\u00f6vetni t\u00e9ged.<strong>A k\u00f6z\u00f6ss\u00e9gi k\u00f6vet\u0151k el\u0151nyei<\/strong>:\n<ul class=\"wp-block-list\">\n<li>Elemezd a k\u00f6z\u00f6ss\u00e9gi m\u00e9dia fel\u00fcleteidet, \u00e9s adj betekint\u00e9st a k\u00f6vet\u0151id aktivit\u00e1s\u00e1ba.<\/li>\n\n\n\n<li>Megmutatja a leggyakoribb interakci\u00f3kat, seg\u00edtve a h\u0171s\u00e9ges k\u00f6vet\u0151k azonos\u00edt\u00e1s\u00e1t.<\/li>\n\n\n\n<li>R\u00e9szletes ir\u00e1ny\u00edt\u00f3pultot biztos\u00edt az elk\u00f6telez\u0151d\u00e9s nyomon k\u00f6vet\u00e9s\u00e9hez.<\/li>\n<\/ul>\n<\/li>\n\n\n\n<li><strong>Telep\u00edt\u00e9s \u00e9s haszn\u00e1lat<\/strong>: <strong>K\u00f6z\u00f6ss\u00e9gi m\u00e9dia k\u00f6vet\u0151<\/strong> El\u00e9rhet\u0151 az App Store-ban \u00e9s a Google Playen. A let\u00f6lt\u00e9s ut\u00e1n hozz l\u00e9tre egy fi\u00f3kot, \u00e9s csatlakoztasd a k\u00f6z\u00f6ss\u00e9gi h\u00e1l\u00f3zataidat, hogy az alkalmaz\u00e1s elkezdhesse elemezni a profilodat.<\/li>\n<\/ol>\n\n\n\n<h3 class=\"wp-block-heading\">Adatv\u00e9delem a k\u00f6z\u00f6ss\u00e9gi m\u00e9di\u00e1ban: Amit tudnod kell<\/h3>\n\n\n\n<p>Fontos meg\u00e9rten\u00fcnk, hogy mennyire tudjuk nyomon k\u00f6vetni, hogy kit \u00e9rdekel a tartalmunk.<\/p>\n\n\n\n<p>Sok k\u00f6z\u00f6ss\u00e9gi h\u00e1l\u00f3zat blokkolja a l\u00e1togat\u00e1sokkal kapcsolatos r\u00e9szletes inform\u00e1ci\u00f3khoz val\u00f3 hozz\u00e1f\u00e9r\u00e9st a felhaszn\u00e1l\u00f3k adatainak v\u00e9delme \u00e9rdek\u00e9ben.<\/p>\n\n\n\n<p>Azonban olyan elemz\u0151eszk\u00f6z\u00f6k haszn\u00e1lat\u00e1val, mint a <strong>K\u00f6z\u00f6ss\u00e9gi m\u00e9dia k\u00f6vet\u0151<\/strong>, a kompromitt\u00e1l\u00e1ssal kapcsolatos adatokat a saj\u00e1t vagy m\u00e1s felhaszn\u00e1l\u00f3k biztons\u00e1g\u00e1nak vesz\u00e9lyeztet\u00e9se n\u00e9lk\u00fcl figyelheti.<\/p>\n\n\n\n<h3 class=\"wp-block-heading\">A l\u00e1that\u00f3s\u00e1g m\u00edtosza<\/h3>\n\n\n\n<p>A legt\u00f6bb k\u00f6z\u00f6ss\u00e9gi h\u00e1l\u00f3zat nem ny\u00fajt inform\u00e1ci\u00f3t arr\u00f3l, hogy kik l\u00e1togatj\u00e1k k\u00f6zvetlen\u00fcl a profilodat, ami akad\u00e1lyt g\u00f6rd\u00edt azok el\u00e9, akik nyomon szeretn\u00e9k k\u00f6vetni a l\u00e1togat\u00e1sokat.<\/p>\n\n\n\n<p>Mi\u00e9rt titkolj\u00e1k ezt az inform\u00e1ci\u00f3t?<\/p>\n\n\n\n<ol class=\"wp-block-list\">\n<li><strong>Mag\u00e1n\u00e9let<\/strong>A felhaszn\u00e1l\u00f3i adatok v\u00e9delme \u00e9rdek\u00e9ben korl\u00e1tozz\u00e1k a profilhoz val\u00f3 hozz\u00e1f\u00e9r\u00e9st.<\/li>\n\n\n\n<li><strong>Term\u00e9szetes interakci\u00f3<\/strong>\u00dagy v\u00e9lik, hogy a \u201ezaklat\u00e1s\u201d lehet\u0151s\u00e9ge szerves \u00e9s spont\u00e1n interakci\u00f3t serkent.<\/li>\n\n\n\n<li><strong>Biztons\u00e1g<\/strong>Az ilyen t\u00edpus\u00fa inform\u00e1ci\u00f3k korl\u00e1toz\u00e1sa cs\u00f6kkentheti a tolakod\u00f3 viselked\u00e9st.<\/li>\n<\/ol>\n\n\n\n<h3 class=\"wp-block-heading\">Adatelemz\u00e9s \u00e9s elemz\u00e9sek: Hogyan seg\u00edtenek az eszk\u00f6z\u00f6k?<\/h3>\n\n\n\n<p><strong>K\u00f6z\u00f6ss\u00e9gi m\u00e9dia k\u00f6vet\u0151<\/strong> R\u00e9szletes betekint\u00e9st ny\u00fajt, amelyek seg\u00edts\u00e9g\u00e9vel jobban meg\u00e9rtheted k\u00f6vet\u0151id viselked\u00e9s\u00e9t. A l\u00e1jkok, hozz\u00e1sz\u00f3l\u00e1sok gyakoris\u00e1g\u00e1ra, s\u0151t m\u00e9g arra is vonatkoz\u00f3 adatokkal, hogy ki hagyta el a k\u00f6vet\u00e9sedet, \u00e9rt\u00e9kelheted tartalmaid hat\u00e1s\u00e1t, \u00e9s m\u00f3dos\u00edthatod strat\u00e9gi\u00e1idat az elk\u00f6telez\u0151d\u00e9s jav\u00edt\u00e1sa \u00e9rdek\u00e9ben.<\/p>\n\n\n\n<h3 class=\"wp-block-heading\">Adatv\u00e9delmi szempontok: V\u00e9dje mag\u00e1t az analitikai eszk\u00f6z\u00f6k haszn\u00e1latakor<\/h3>\n\n\n\n<p>A monitoroz\u00f3 alkalmaz\u00e1sok haszn\u00e1lata nagyszer\u0171 \u00f6tlet lehet, de kritikus fontoss\u00e1g\u00fa a platform biztons\u00e1g\u00e1nak felm\u00e9r\u00e9se.<\/p>\n\n\n\n<p>Nem mindenkinek ugyanolyan agg\u00e1lyai vannak az adatv\u00e9delemmel kapcsolatban.<\/p>\n\n\n\n<p>V\u00e1lassz megb\u00edzhat\u00f3 \u00e9s magas \u00e9rt\u00e9kel\u00e9s\u0171 alkalmaz\u00e1sokat hivatalos \u00e1ruh\u00e1zakb\u00f3l, p\u00e9ld\u00e1ul <strong>K\u00f6z\u00f6ss\u00e9gi m\u00e9dia k\u00f6vet\u0151<\/strong>, amely j\u00f3 h\u00edrn\u00e9vnek \u00f6rvend \u00e9s pozit\u00edv \u00e9rt\u00e9kel\u00e9seknek \u00f6rvend.<\/p>\n\n\n<div class=\"wp-block-image\">\n<figure class=\"aligncenter size-full\"><img loading=\"lazy\" decoding=\"async\" width=\"550\" height=\"350\" src=\"http:\/\/universofamilia.com\/wp-content\/uploads\/sites\/148\/2024\/10\/DESTAQUE-UNIVERSO-550-x-350-1-13.jpg\" alt=\"\" class=\"wp-image-7284\" srcset=\"https:\/\/universofamilia.com\/wp-content\/uploads\/sites\/148\/2024\/10\/DESTAQUE-UNIVERSO-550-x-350-1-13.jpg 550w, https:\/\/universofamilia.com\/wp-content\/uploads\/sites\/148\/2024\/10\/DESTAQUE-UNIVERSO-550-x-350-1-13-300x191.jpg 300w\" sizes=\"(max-width: 550px) 100vw, 550px\" \/><figcaption class=\"wp-element-caption\">Kit \u00e9rdekelsz?<\/figcaption><\/figure><\/div>\n\n\n<h3 class=\"wp-block-heading\">Mit mondanak a felhaszn\u00e1l\u00f3k<\/h3>\n\n\n\n<p>\u00cdme n\u00e9h\u00e1ny felhaszn\u00e1l\u00f3i v\u00e9lem\u00e9ny a k\u00f6vetkez\u0151r\u0151l: <strong>K\u00f6z\u00f6ss\u00e9gi m\u00e9dia k\u00f6vet\u0151<\/strong>:<\/p>\n\n\n\n<ul class=\"wp-block-list\">\n<li>\u201eEz az alkalmaz\u00e1s sokat seg\u00edtett jobban meg\u00e9rtenem, hogy kik foglalkoznak a tartalmaimmal. Most m\u00e1r tudom, hogy mely bejegyz\u00e9seknek van a legnagyobb hat\u00e1suk.\u201d \u2014 <em>M\u00e1ria S.<\/em><\/li>\n\n\n\n<li>\u201eV\u00e9gre egy alkalmaz\u00e1s, ami t\u00e9nyleg m\u0171k\u00f6dik! Mostant\u00f3l k\u00f6nnyed\u00e9n nyomon k\u00f6vethetem a profilomon l\u00e9v\u0151 interakci\u00f3kat.\u201d \u2014 <em>Carlos A.<\/em><\/li>\n\n\n\n<li>\u201eA K\u00f6z\u00f6ss\u00e9gi Nyomk\u00f6vet\u0151t haszn\u00e1lom, hogy l\u00e1ssam, kik l\u00e9pnek interakci\u00f3ba a bejegyz\u00e9seimmel. Im\u00e1dom a k\u00f6nny\u0171 kezelhet\u0151s\u00e9g\u00e9t \u00e9s az \u00e1ltala ny\u00fajtott elemz\u00e9seket.\u201d \u2014 <em>Joana M.<\/em><\/li>\n<\/ul>\n\n\n\n<h3 class=\"wp-block-heading\">Konkl\u00fazi\u00f3: Az igazs\u00e1g a k\u00f6z\u00f6ss\u00e9gi m\u00e9dia profilod l\u00e1that\u00f3s\u00e1g\u00e1r\u00f3l<\/h3>\n\n\n\n<p>Term\u00e9szetes k\u00edv\u00e1ncsis\u00e1g tudni, hogy kik l\u00e1togatj\u00e1k a profilodat, de adatv\u00e9delmi \u00e9s biztons\u00e1gi k\u00e9rd\u00e9seket is felvet.<\/p>\n\n\n\n<p>Vel <strong>K\u00f6z\u00f6ss\u00e9gi m\u00e9dia k\u00f6vet\u0151<\/strong>, a k\u00f6vet\u0151id adatainak vesz\u00e9lyeztet\u00e9se n\u00e9lk\u00fcl figyelheted az interakci\u00f3kat, \u00e9s \u00e9rt\u00e9kes betekint\u00e9st nyerhetsz abba, hogy kik \u00e9rdekl\u0151dnek igaz\u00e1n ir\u00e1ntad.<\/p>\n\n\n\n<h4 class=\"wp-block-heading\">Tippek az elk\u00f6telez\u0151d\u00e9s fokoz\u00e1s\u00e1hoz an\u00e9lk\u00fcl, hogy agg\u00f3dnia kellene a zaklat\u00f3k miatt<\/h4>\n\n\n\n<p>Ha relev\u00e1ns tartalmat szeretn\u00e9l szerezni \u00e9s t\u00f6bb k\u00f6vet\u0151t szeretn\u00e9l szerezni, akkor a min\u0151s\u00e9gi tartalomra \u00e9s a hiteles interakci\u00f3kra koncentr\u00e1lj.<\/p>\n\n\n\n<p>V\u00e1laszolj a hozz\u00e1sz\u00f3l\u00e1sokra, ossz meg \u00e9rdekes t\u00f6rt\u00e9neteket, \u00e9s \u00e9p\u00edts ki val\u00f3di kapcsolatokat. Ezekkel a strat\u00e9gi\u00e1kkal term\u00e9szetes m\u00f3don fog n\u00f6vekedni az elk\u00f6telez\u0151d\u00e9s.<\/p>\n\n\n\n<p>K\u00e9szen \u00e1llsz arra, hogy biztons\u00e1gosan figyeld az interakci\u00f3idat?<\/p>\n\n\n\n<p>T\u00f6ltse le most <strong>K\u00f6z\u00f6ss\u00e9gi m\u00e9dia k\u00f6vet\u0151<\/strong> \u00e9s kezdd el kider\u00edteni, hogy ki az, aki igaz\u00e1n \u00e9rdekl\u0151dik ir\u00e1ntad.<\/p>\n\n\n\n<h4 class=\"wp-block-heading\">Let\u00f6lt\u00e9si linkek<\/h4>\n\n\n\n<ul class=\"wp-block-list\">\n<li><strong>K\u00f6z\u00f6ss\u00e9gi m\u00e9dia k\u00f6vet\u0151<\/strong>: <a href=\"https:\/\/apps.apple.com\/br\/app\/social-tracker\/id1189139278\">App Store<\/a> | <a href=\"https:\/\/play.google.com\/store\/apps\/details?id=com.mobiversite.lookAtMe&amp;hl=pt_BR&amp;pli=1\">Google Play<\/a><\/li>\n<\/ul>\n\n\n\n<hr class=\"wp-block-separator has-alpha-channel-opacity\"\/>\n\n\n\n<h3 class=\"wp-block-heading\">Gyakran Ism\u00e9telt K\u00e9rd\u00e9sek (GYIK) a K\u00f6z\u00f6ss\u00e9gi H\u00e1l\u00f3zatokr\u00f3l<\/h3>\n\n\n\n<p><strong>1. Honnan tudom, hogy ki l\u00e1togatja az Instagram-profilomat?<\/strong><br>Az Instagram nem ny\u00fajt k\u00f6zvetlen inform\u00e1ci\u00f3t arr\u00f3l, hogy kik l\u00e1togatj\u00e1k a profilodat, de l\u00e1thatod, hogy kik l\u00e9pnek kapcsolatba a legt\u00f6bbet a bejegyz\u00e9seiddel. Vannak k\u00fcls\u0151 eszk\u00f6z\u00f6k, mint p\u00e9ld\u00e1ul <strong>K\u00f6z\u00f6ss\u00e9gi m\u00e9dia k\u00f6vet\u0151<\/strong> amelyek seg\u00edtenek elemezni az interakci\u00f3kat, de nem fedik fel a konkr\u00e9t l\u00e1togat\u00f3kat.<\/p>\n\n\n\n<p><strong>2. Biztons\u00e1gos harmadik f\u00e9lt\u0151l sz\u00e1rmaz\u00f3 k\u00f6z\u00f6ss\u00e9gi m\u00e9dia alkalmaz\u00e1sok haszn\u00e1lata?<\/strong><br>A biztons\u00e1g az alkalmaz\u00e1s h\u00edrnev\u00e9t\u0151l f\u00fcgg. Fontos, hogy megb\u00edzhat\u00f3 alkalmaz\u00e1sokat haszn\u00e1lj, amelyek j\u00f3 \u00e9rt\u00e9kel\u00e9sekkel rendelkeznek a hivatalos \u00e1ruh\u00e1zakban, p\u00e9ld\u00e1ul az App Store-ban \u00e9s a Google Playen. <strong>K\u00f6z\u00f6ss\u00e9gi m\u00e9dia k\u00f6vet\u0151<\/strong>.<\/p>\n\n\n\n<p><strong>3. L\u00e1thatom, hogy ki l\u00e1togatja a Facebook profilomat?<\/strong><br>A Facebook nem enged\u00e9lyezi a felhaszn\u00e1l\u00f3knak, hogy l\u00e1ss\u00e1k, kik l\u00e1togatj\u00e1k a profiljukat. B\u00e1r egyes alkalmaz\u00e1sok azt \u00e1ll\u00edtj\u00e1k, hogy megadj\u00e1k ezt az inform\u00e1ci\u00f3t, ezek gyakran f\u00e9lrevezet\u0151ek, \u00e9s nem tartj\u00e1k be a Facebook adatv\u00e9delmi ir\u00e1nyelveit.<\/p>\n\n\n\n<p><strong>4. Melyik a legjobb alkalmaz\u00e1s a k\u00f6vet\u0151k k\u00f6z\u00f6ss\u00e9gi m\u00e9di\u00e1ban val\u00f3 figyel\u00e9s\u00e9re?<\/strong><br><strong>K\u00f6z\u00f6ss\u00e9gi m\u00e9dia k\u00f6vet\u0151<\/strong> Ez az egyik n\u00e9pszer\u0171 lehet\u0151s\u00e9g, amely seg\u00edt nyomon k\u00f6vetni, hogy ki l\u00e9p kapcsolatba a bejegyz\u00e9seiddel, megmutatva, hogy ki k\u00f6vet \u00e9s ki nem k\u00f6vet t\u00e9ged, an\u00e9lk\u00fcl, hogy vesz\u00e9lyeztetn\u00e9d az adatv\u00e9delmet.<\/p>\n\n\n\n<p><strong>5. Milyen inform\u00e1ci\u00f3kat tudhatok meg a k\u00f6z\u00f6ss\u00e9gi m\u00e9dia k\u00f6vet\u0151imr\u0151l?<\/strong><br>Betekint\u00e9st nyerhetsz abba, hogy kik kedvelik, komment\u00e1lj\u00e1k \u00e9s osztj\u00e1k meg a tartalmaidat, ami hasznos a k\u00f6zz\u00e9t\u00e9teli strat\u00e9gi\u00e1id fejleszt\u00e9s\u00e9ben \u00e9s az elk\u00f6telez\u0151d\u00e9s n\u00f6vel\u00e9s\u00e9ben.<\/p>\n\n\n\n<p><strong>6. Hogyan v\u00e9dhetem meg a szem\u00e9lyes adataimat a k\u00f6z\u00f6ss\u00e9gi m\u00e9di\u00e1ban?<\/strong><br>Fontos, hogy minden k\u00f6z\u00f6ss\u00e9gi h\u00e1l\u00f3zaton \u00e1ttekintsd \u00e9s m\u00f3dos\u00edtsd az adatv\u00e9delmi be\u00e1ll\u00edt\u00e1saidat, korl\u00e1tozd a bejegyz\u00e9seid l\u00e1that\u00f3s\u00e1g\u00e1t, \u00e9s ker\u00fcld a k\u00e9tes forr\u00e1sokb\u00f3l sz\u00e1rmaz\u00f3 alkalmaz\u00e1sok haszn\u00e1lat\u00e1t, amelyek felfedhetik az adataidat.<\/p>\n\n\n\n<p><strong>7. L\u00e1thatom, hogy kik l\u00e1togatj\u00e1k a LinkedIn profilomat?<\/strong><br>A LinkedIn ingyenes verzi\u00f3j\u00e1ban megtekintheted a profilodat megl\u00e1togat\u00f3 szem\u00e9lyek egy r\u00e9sz\u00e9t, b\u00e1r a teljes jelent\u00e9shez pr\u00e9mium fi\u00f3k sz\u00fcks\u00e9ges.<\/p>","protected":false},"excerpt":{"rendered":"<p>Descubre qui\u00e9n te sigue sin dejar rastro. \u00a1Conoce m\u00e1s en este art\u00edculo! \u00bfAlguna vez te has preguntado qui\u00e9n visita tu perfil en redes sociales? Aunque parezca una curiosidad sin importancia, para muchos saber qui\u00e9n est\u00e1 observando el contenido que compartimos es una manera de medir nuestra relevancia y entender qui\u00e9n realmente muestra inter\u00e9s en nosotros. [&hellip;]<\/p>","protected":false},"author":0,"featured_media":7284,"comment_status":"closed","ping_status":"open","sticky":false,"template":"","format":"standard","meta":{"footnotes":""},"categories":[2],"tags":[355,1144,1242,1316,1399],"yoast_head":"<!-- This site is optimized with the Yoast SEO plugin v23.3 - https:\/\/yoast.com\/wordpress\/plugins\/seo\/ -->\n<title>\u00bfQui\u00e9n est\u00e1 Interesado en Ti? - Universo Fam\u00edlia<\/title>\n<meta name=\"description\" content=\"\u00bfQui\u00e9n est\u00e1 Interesado en Ti? Descubre qui\u00e9n te sigue sin dejar rastro. \u00a1Conoce m\u00e1s en este art\u00edculo!...\" \/>\n<meta name=\"robots\" content=\"index, follow, max-snippet:-1, max-image-preview:large, max-video-preview:-1\" \/>\n<link rel=\"canonical\" href=\"https:\/\/universofamilia.com\/hu\/quem-esta-interessado-em-voce\/\" \/>\n<meta property=\"og:locale\" content=\"hu_HU\" \/>\n<meta property=\"og:type\" content=\"article\" \/>\n<meta property=\"og:title\" content=\"\u00bfQui\u00e9n est\u00e1 Interesado en Ti? - Universo Fam\u00edlia\" \/>\n<meta property=\"og:description\" content=\"\u00bfQui\u00e9n est\u00e1 Interesado en Ti? Descubre qui\u00e9n te sigue sin dejar rastro. \u00a1Conoce m\u00e1s en este art\u00edculo!...\" \/>\n<meta property=\"og:url\" content=\"https:\/\/universofamilia.com\/hu\/quem-esta-interessado-em-voce\/\" \/>\n<meta property=\"og:site_name\" content=\"Universo Fam\u00edlia\" \/>\n<meta property=\"article:published_time\" content=\"2024-10-30T17:11:02+00:00\" \/>\n<meta property=\"og:image\" content=\"https:\/\/universofamilia.com\/wp-content\/uploads\/sites\/148\/2024\/10\/DESTAQUE-UNIVERSO-550-x-350-1-13.jpg\" \/>\n\t<meta property=\"og:image:width\" content=\"550\" \/>\n\t<meta property=\"og:image:height\" content=\"350\" \/>\n\t<meta property=\"og:image:type\" content=\"image\/jpeg\" \/>\n<meta name=\"twitter:card\" content=\"summary_large_image\" \/>\n<meta name=\"twitter:label1\" content=\"Est. reading time\" \/>\n\t<meta name=\"twitter:data1\" content=\"8 perc\" \/>\n<script type=\"application\/ld+json\" class=\"yoast-schema-graph\">{\"@context\":\"https:\/\/schema.org\",\"@graph\":[{\"@type\":\"WebPage\",\"@id\":\"https:\/\/universofamilia.com\/pt\/quem-esta-interessado-em-voce\/\",\"url\":\"https:\/\/universofamilia.com\/pt\/quem-esta-interessado-em-voce\/\",\"name\":\"\u00bfQui\u00e9n est\u00e1 Interesado en Ti? - Universo Fam\u00edlia\",\"isPartOf\":{\"@id\":\"https:\/\/universofamilia.com\/el\/#website\"},\"primaryImageOfPage\":{\"@id\":\"https:\/\/universofamilia.com\/pt\/quem-esta-interessado-em-voce\/#primaryimage\"},\"image\":{\"@id\":\"https:\/\/universofamilia.com\/pt\/quem-esta-interessado-em-voce\/#primaryimage\"},\"thumbnailUrl\":\"https:\/\/universofamilia.com\/wp-content\/uploads\/sites\/148\/2024\/10\/DESTAQUE-UNIVERSO-550-x-350-1-13.jpg\",\"datePublished\":\"2024-10-30T17:11:02+00:00\",\"dateModified\":\"2024-10-30T17:11:02+00:00\",\"author\":{\"@id\":\"\"},\"description\":\"\u00bfQui\u00e9n est\u00e1 Interesado en Ti? Descubre qui\u00e9n te sigue sin dejar rastro. \u00a1Conoce m\u00e1s en este art\u00edculo!...\",\"breadcrumb\":{\"@id\":\"https:\/\/universofamilia.com\/pt\/quem-esta-interessado-em-voce\/#breadcrumb\"},\"inLanguage\":\"hu\",\"potentialAction\":[{\"@type\":\"ReadAction\",\"target\":[\"https:\/\/universofamilia.com\/pt\/quem-esta-interessado-em-voce\/\"]}]},{\"@type\":\"ImageObject\",\"inLanguage\":\"hu\",\"@id\":\"https:\/\/universofamilia.com\/pt\/quem-esta-interessado-em-voce\/#primaryimage\",\"url\":\"https:\/\/universofamilia.com\/wp-content\/uploads\/sites\/148\/2024\/10\/DESTAQUE-UNIVERSO-550-x-350-1-13.jpg\",\"contentUrl\":\"https:\/\/universofamilia.com\/wp-content\/uploads\/sites\/148\/2024\/10\/DESTAQUE-UNIVERSO-550-x-350-1-13.jpg\",\"width\":550,\"height\":350,\"caption\":\"\u00bfQui\u00e9n est\u00e1 Interesado en Ti?\"},{\"@type\":\"BreadcrumbList\",\"@id\":\"https:\/\/universofamilia.com\/pt\/quem-esta-interessado-em-voce\/#breadcrumb\",\"itemListElement\":[{\"@type\":\"ListItem\",\"position\":1,\"name\":\"Home\",\"item\":\"https:\/\/universofamilia.com\/el\/\"},{\"@type\":\"ListItem\",\"position\":2,\"name\":\"\u00bfQui\u00e9n est\u00e1 Interesado en Ti?\"}]},{\"@type\":\"WebSite\",\"@id\":\"https:\/\/universofamilia.com\/el\/#website\",\"url\":\"https:\/\/universofamilia.com\/el\/\",\"name\":\"Universo Fam\u00edlia\",\"description\":\"\",\"potentialAction\":[{\"@type\":\"SearchAction\",\"target\":{\"@type\":\"EntryPoint\",\"urlTemplate\":\"https:\/\/universofamilia.com\/el\/?s={search_term_string}\"},\"query-input\":\"required name=search_term_string\"}],\"inLanguage\":\"hu\"}]}<\/script>\n<!-- \/ Yoast SEO plugin. -->","yoast_head_json":{"title":"\u00bfQui\u00e9n est\u00e1 Interesado en Ti? - Universo Fam\u00edlia","description":"\u00bfQui\u00e9n est\u00e1 Interesado en Ti? Descubre qui\u00e9n te sigue sin dejar rastro. \u00a1Conoce m\u00e1s en este art\u00edculo!...","robots":{"index":"index","follow":"follow","max-snippet":"max-snippet:-1","max-image-preview":"max-image-preview:large","max-video-preview":"max-video-preview:-1"},"canonical":"https:\/\/universofamilia.com\/hu\/quem-esta-interessado-em-voce\/","og_locale":"hu_HU","og_type":"article","og_title":"\u00bfQui\u00e9n est\u00e1 Interesado en Ti? - Universo Fam\u00edlia","og_description":"\u00bfQui\u00e9n est\u00e1 Interesado en Ti? Descubre qui\u00e9n te sigue sin dejar rastro. \u00a1Conoce m\u00e1s en este art\u00edculo!...","og_url":"https:\/\/universofamilia.com\/hu\/quem-esta-interessado-em-voce\/","og_site_name":"Universo Fam\u00edlia","article_published_time":"2024-10-30T17:11:02+00:00","og_image":[{"width":550,"height":350,"url":"https:\/\/universofamilia.com\/wp-content\/uploads\/sites\/148\/2024\/10\/DESTAQUE-UNIVERSO-550-x-350-1-13.jpg","type":"image\/jpeg"}],"twitter_card":"summary_large_image","twitter_misc":{"Est. reading time":"8 perc"},"schema":{"@context":"https:\/\/schema.org","@graph":[{"@type":"WebPage","@id":"https:\/\/universofamilia.com\/pt\/quem-esta-interessado-em-voce\/","url":"https:\/\/universofamilia.com\/pt\/quem-esta-interessado-em-voce\/","name":"\u00bfQui\u00e9n est\u00e1 Interesado en Ti? - Universo Fam\u00edlia","isPartOf":{"@id":"https:\/\/universofamilia.com\/el\/#website"},"primaryImageOfPage":{"@id":"https:\/\/universofamilia.com\/pt\/quem-esta-interessado-em-voce\/#primaryimage"},"image":{"@id":"https:\/\/universofamilia.com\/pt\/quem-esta-interessado-em-voce\/#primaryimage"},"thumbnailUrl":"https:\/\/universofamilia.com\/wp-content\/uploads\/sites\/148\/2024\/10\/DESTAQUE-UNIVERSO-550-x-350-1-13.jpg","datePublished":"2024-10-30T17:11:02+00:00","dateModified":"2024-10-30T17:11:02+00:00","author":{"@id":""},"description":"\u00bfQui\u00e9n est\u00e1 Interesado en Ti? Descubre qui\u00e9n te sigue sin dejar rastro. \u00a1Conoce m\u00e1s en este art\u00edculo!...","breadcrumb":{"@id":"https:\/\/universofamilia.com\/pt\/quem-esta-interessado-em-voce\/#breadcrumb"},"inLanguage":"hu","potentialAction":[{"@type":"ReadAction","target":["https:\/\/universofamilia.com\/pt\/quem-esta-interessado-em-voce\/"]}]},{"@type":"ImageObject","inLanguage":"hu","@id":"https:\/\/universofamilia.com\/pt\/quem-esta-interessado-em-voce\/#primaryimage","url":"https:\/\/universofamilia.com\/wp-content\/uploads\/sites\/148\/2024\/10\/DESTAQUE-UNIVERSO-550-x-350-1-13.jpg","contentUrl":"https:\/\/universofamilia.com\/wp-content\/uploads\/sites\/148\/2024\/10\/DESTAQUE-UNIVERSO-550-x-350-1-13.jpg","width":550,"height":350,"caption":"\u00bfQui\u00e9n est\u00e1 Interesado en Ti?"},{"@type":"BreadcrumbList","@id":"https:\/\/universofamilia.com\/pt\/quem-esta-interessado-em-voce\/#breadcrumb","itemListElement":[{"@type":"ListItem","position":1,"name":"Home","item":"https:\/\/universofamilia.com\/el\/"},{"@type":"ListItem","position":2,"name":"\u00bfQui\u00e9n est\u00e1 Interesado en Ti?"}]},{"@type":"WebSite","@id":"https:\/\/universofamilia.com\/el\/#website","url":"https:\/\/universofamilia.com\/el\/","name":"Universo Fam\u00edlia","description":"","potentialAction":[{"@type":"SearchAction","target":{"@type":"EntryPoint","urlTemplate":"https:\/\/universofamilia.com\/el\/?s={search_term_string}"},"query-input":"required name=search_term_string"}],"inLanguage":"hu"}]}},"_links":{"self":[{"href":"https:\/\/universofamilia.com\/hu\/wp-json\/wp\/v2\/posts\/7281"}],"collection":[{"href":"https:\/\/universofamilia.com\/hu\/wp-json\/wp\/v2\/posts"}],"about":[{"href":"https:\/\/universofamilia.com\/hu\/wp-json\/wp\/v2\/types\/post"}],"replies":[{"embeddable":true,"href":"https:\/\/universofamilia.com\/hu\/wp-json\/wp\/v2\/comments?post=7281"}],"version-history":[{"count":0,"href":"https:\/\/universofamilia.com\/hu\/wp-json\/wp\/v2\/posts\/7281\/revisions"}],"wp:featuredmedia":[{"embeddable":true,"href":"https:\/\/universofamilia.com\/hu\/wp-json\/wp\/v2\/media\/7284"}],"wp:attachment":[{"href":"https:\/\/universofamilia.com\/hu\/wp-json\/wp\/v2\/media?parent=7281"}],"wp:term":[{"taxonomy":"category","embeddable":true,"href":"https:\/\/universofamilia.com\/hu\/wp-json\/wp\/v2\/categories?post=7281"},{"taxonomy":"post_tag","embeddable":true,"href":"https:\/\/universofamilia.com\/hu\/wp-json\/wp\/v2\/tags?post=7281"}],"curies":[{"name":"wp","href":"https:\/\/api.w.org\/{rel}","templated":true}]}}