{"id":7282,"date":"2024-10-30T14:29:17","date_gmt":"2024-10-30T17:29:17","guid":{"rendered":"https:\/\/universofamilia.com\/?p=7282"},"modified":"2024-10-30T14:29:17","modified_gmt":"2024-10-30T17:29:17","slug":"descubre-quien-esta-observandote","status":"publish","type":"post","link":"https:\/\/universofamilia.com\/hu\/descubre-quien-esta-observandote\/","title":{"rendered":"Tudd meg, ki figyel t\u00e9ged"},"content":{"rendered":"<p>Tudd meg, kik k\u00f6vetik a l\u00e9p\u00e9seidet a k\u00f6z\u00f6ss\u00e9gi m\u00e9di\u00e1ban!<\/p>\n\n\n\n<h3 class=\"wp-block-heading\">Mi\u00e9rt fontos tudni, hogy kik n\u00e9zt\u00e9k meg a profilodat?<\/h3>\n\n\n\n<p>Elgondolkodt\u00e1l m\u00e1r azon, hogy ki l\u00e1togatja a k\u00f6z\u00f6ss\u00e9gi m\u00e9dia profilodat? Ez term\u00e9szetes; v\u00e9g\u00fcl is mindannyian tudni akarjuk, hogy kit \u00e9rdekel, amit megosszunk.<\/p>\n\n\n\n<p>A r\u00e9gi bar\u00e1tokt\u00f3l a csendes csod\u00e1l\u00f3kig b\u00e1rki megtekintheti a friss\u00edt\u00e9seinket. De t\u00e9nyleg lehets\u00e9ges tudni, hogy ki l\u00e1togatja a profilodat?<\/p>\n\n\n\n<p>A k\u00f6z\u00f6ss\u00e9gi m\u00e9dia vil\u00e1g\u00e1ban ez az inform\u00e1ci\u00f3 szigor\u00faan \u0151rz\u00f6tt rejt\u00e9ly, de nem lehetetlen n\u00e9h\u00e1ny nyomra bukkanni.<\/p>\n\n\n\n<p>A megfelel\u0151 strat\u00e9gi\u00e1kkal \u00e9s eszk\u00f6z\u00f6kkel k\u00e9pet kaphatsz arr\u00f3l, hogy kik k\u00f6vetik a bejegyz\u00e9seidet. \u00c9rdekel, hogy t\u00f6bbet megtudj? Fedezz\u00fck fel egy\u00fctt!<\/p>\n\n\n\n<p><\/p>\n\n\n\n<hr class=\"wp-block-separator has-text-color has-luminous-vivid-orange-color has-alpha-channel-opacity has-luminous-vivid-orange-background-color has-background is-style-wide\"\/>\n\n\n\n<h3 class=\"wp-block-heading\">Olvasd el m\u00e9g:<\/h3>\n\n\n\n<ul class=\"wp-block-list has-small-font-size\">\n<li style=\"padding-top:0;padding-right:var(--wp--preset--spacing--40);padding-bottom:0;padding-left:var(--wp--preset--spacing--40);font-style:normal;font-weight:400\" class=\"has-medium-font-size\"><a href=\"https:\/\/universofamilia.com\/hu\/6855\/grabar-llamadas-recibidas\/\"><mark style=\"background-color:rgba(0, 0, 0, 0);color:#f94c45\" class=\"has-inline-color\">Bej\u00f6v\u0151 h\u00edv\u00e1sok r\u00f6gz\u00edt\u00e9se &gt;<\/mark><\/a><\/li>\n\n\n\n<li style=\"padding-top:0;padding-right:var(--wp--preset--spacing--40);padding-bottom:0;padding-left:var(--wp--preset--spacing--40);font-style:normal;font-weight:400\" class=\"has-medium-font-size\"><a href=\"https:\/\/universofamilia.com\/hu\/6898\/leer-la-biblia-catolica-en-tu-celular\/\"><mark style=\"background-color:rgba(0, 0, 0, 0);color:#f94c45\" class=\"has-inline-color\"><font style=\"vertical-align: inherit;\"><font style=\"vertical-align: inherit;\">Olvasd a katolikus Bibli\u00e1t a mobiltelefonodon<\/font><\/font> &gt;<\/mark><\/a><\/li>\n\n\n\n<li style=\"padding-top:0;padding-right:var(--wp--preset--spacing--40);padding-bottom:0;padding-left:var(--wp--preset--spacing--40);font-style:normal;font-weight:400\" class=\"has-medium-font-size\"><a href=\"https:\/\/universofamilia.com\/hu\/6832\/aplicacion-para-bailar-zumba\/\"><mark style=\"background-color:rgba(0, 0, 0, 0);color:#f94c45\" class=\"has-inline-color\">Zumba t\u00e1ncalkalmaz\u00e1s &gt;<\/mark><\/a><\/li>\n\n\n\n<li style=\"padding-top:0;padding-right:var(--wp--preset--spacing--40);padding-bottom:0;padding-left:var(--wp--preset--spacing--40);font-style:normal;font-weight:400\" class=\"has-medium-font-size\"><a href=\"https:\/\/universofamilia.com\/hu\/6952\/descubre-quien-visita-tu-perfil-redes-sociales\/\"><mark style=\"background-color:rgba(0, 0, 0, 0);color:#f94c45\" class=\"has-inline-color\">Tudja meg, kik l\u00e1togatj\u00e1k a k\u00f6z\u00f6ss\u00e9gi m\u00e9dia profilj\u00e1t &gt;<\/mark><\/a><\/li>\n<\/ul>\n\n\n\n<hr class=\"wp-block-separator has-text-color has-luminous-vivid-orange-color has-alpha-channel-opacity has-luminous-vivid-orange-background-color has-background is-style-wide\"\/>\n\n\n\n<p><\/p>\n\n\n\n<h3 class=\"wp-block-heading\">Profilmegtekint\u00e9sek figyel\u00e9se: Tippek \u00e9s eszk\u00f6z\u00f6k<\/h3>\n\n\n\n<p>Ami a profilod megtekint\u00e9s\u00e9t illeti, a legt\u00f6bb k\u00f6z\u00f6ss\u00e9gi h\u00e1l\u00f3zat nem hozza nyilv\u00e1noss\u00e1gra ezt az inform\u00e1ci\u00f3t \u2013 s\u0151t, ez szinte tiltott t\u00e9ma az online vil\u00e1gban!<\/p>\n\n\n\n<p>Vannak azonban olyan eszk\u00f6z\u00f6k, amelyek seg\u00edthetnek jobban meg\u00e9rteni ezeket a mint\u00e1kat.<\/p>\n\n\n\n<h4 class=\"wp-block-heading\">Figyelmeztet\u00e9s a zaklat\u00f3kra! Tudd meg, ki k\u00f6vet t\u00e9ged a k\u00f6z\u00f6ss\u00e9gi m\u00e9di\u00e1ban!<\/h4>\n\n\n\n<p>Ha \u00fagy \u00e9rzed, hogy valaki szorosan figyelemmel k\u00eds\u00e9ri a friss\u00edt\u00e9seidet, n\u00e9h\u00e1ny eszk\u00f6z hasznos lehet.<\/p>\n\n\n\n<p>Egy p\u00e9lda erre <strong>K\u00f6z\u00f6ss\u00e9gi m\u00e9dia k\u00f6vet\u0151<\/strong>, egy alkalmaz\u00e1s, amely teljes \u00e1ttekint\u00e9st ny\u00fajt a k\u00f6vet\u0151idr\u0151l \u00e9s az elk\u00f6telez\u0151d\u00e9si szintj\u00fckr\u0151l.<\/p>\n\n\n\n<p>Nemcsak azt figyeli, hogy kik a legakt\u00edvabbak a posztjaidon, hanem seg\u00edt azonos\u00edtani az \u00faj k\u00f6vet\u0151ket \u00e9s azokat is, akik m\u00e1r nem k\u00f6vetnek t\u00e9ged.<\/p>\n\n\n\n<blockquote class=\"wp-block-quote\">\n<p><strong>Tan\u00e1cs<\/strong>Ha odafigyelsz arra, hogy kik l\u00e9pnek kapcsolatba a legt\u00f6bbet a bejegyz\u00e9seiddel, az egy k\u00f6zvetett m\u00f3dja lehet annak, hogy megtudd, kit \u00e9rdekel val\u00f3j\u00e1ban az, amit megosztott\u00e1l.<\/p>\n<\/blockquote>\n\n\n\n<h3 class=\"wp-block-heading\">Az igazs\u00e1g a l\u00e1jkok m\u00f6g\u00f6tt: Kit \u00e9rdekel igaz\u00e1n?<\/h3>\n\n\n\n<p>A legt\u00f6bb k\u00f6z\u00f6ss\u00e9gi oldalon a l\u00e1jkok \u00e9s a hozz\u00e1sz\u00f3l\u00e1sok a f\u0151 interakci\u00f3s form\u00e1k.<\/p>\n\n\n\n<p>De vajon val\u00f3ban val\u00f3di \u00e9rdekl\u0151d\u00e9st k\u00e9pviselnek? Vagy csak egy gyors koppint\u00e1s a k\u00e9perny\u0151n?<\/p>\n\n\n\n<p>A profilodat k\u00f6vet\u0151k viselked\u00e9s\u00e9nek meg\u00e9rt\u00e9se elengedhetetlen ahhoz, hogy k\u00fcl\u00f6nbs\u00e9get tegy\u00fcnk az alkalmi \u00e9rdekl\u0151d\u00e9s \u00e9s a h\u0171s\u00e9ges k\u00f6vet\u0151k k\u00f6z\u00f6tt.<\/p>\n\n\n\n<blockquote class=\"wp-block-quote\">\n<p><strong>Val\u00f3di p\u00e9lda<\/strong>Anna \u00e9szrevette, hogy az egyik munkat\u00e1rsa az \u00f6sszes fot\u00f3j\u00e1t kedveli, de soha nem kommentel. Ez arra utalhat, hogy k\u00f6veti a posztjait, de ink\u00e1bb visszafogott interakci\u00f3t folytat.<\/p>\n<\/blockquote>\n\n\n\n<h4 class=\"wp-block-heading\">Figyel t\u00e9ged valaki? Der\u00edtsd ki a K\u00f6z\u00f6ss\u00e9gi M\u00e9diak\u00f6vet\u0151vel<\/h4>\n\n\n\n<p><strong>K\u00f6z\u00f6ss\u00e9gi m\u00e9dia k\u00f6vet\u0151<\/strong> egy n\u00e9pszer\u0171 alkalmaz\u00e1s azok sz\u00e1m\u00e1ra, akik t\u00fal akarnak l\u00e9pni a l\u00e1jkokon \u00e9s a kommenteken.<\/p>\n\n\n\n<p>Intuit\u00edv ir\u00e1ny\u00edt\u00f3pultot k\u00edn\u00e1l, amely r\u00e9szletes k\u00f6vet\u0151i aktivit\u00e1st jelen\u00edt meg, \u00e9s tudatja \u00d6nnel, hogy ki tekinti meg a bejegyz\u00e9seit a leggyakrabban.<\/p>\n\n\n\n<h3 class=\"wp-block-heading\">El\u0151ny\u00f6k, ha tudod, kik tekintik meg a profilodat<\/h3>\n\n\n\n<p>A k\u00edv\u00e1ncsis\u00e1g term\u00e9szetes, \u00e9s a k\u00f6z\u00f6ss\u00e9gi m\u00e9dia egy olyan t\u00e9r, ahol \u00e9let\u00fcnk nagy r\u00e9sz\u00e9t megosztjuk.<\/p>\n\n\n\n<p>Ha tudod, hogy kik tekintik meg a profilodat, az \u00e9rt\u00e9kes inform\u00e1ci\u00f3kkal szolg\u00e1lhat azok sz\u00e1m\u00e1ra, akik fejleszteni szeretn\u00e9k tartalomstrat\u00e9gi\u00e1jukat.<\/p>\n\n\n\n<h4 class=\"wp-block-heading\">Mit mutatnak a l\u00e1togat\u00f3i adatok?<\/h4>\n\n\n\n<p>Annak ismerete, hogy kik tekintik meg a profilodat, seg\u00edthet a k\u00f6vetkez\u0151kben:<\/p>\n\n\n\n<ul class=\"wp-block-list\">\n<li><strong>A tartalom m\u00f3dos\u00edt\u00e1sa<\/strong>Ha azt tapasztalod, hogy egy adott k\u00f6z\u00f6ns\u00e9g jobban \u00e9rdekl\u0151dik a bejegyz\u00e9seid ir\u00e1nt, akkor testre szabhatod a tartalmaidat, hogy tov\u00e1bbra is lek\u00f6sd \u0151ket.<\/li>\n\n\n\n<li><strong>H\u00e1l\u00f3zat\u00e9p\u00edt\u00e9si lehet\u0151s\u00e9gek azonos\u00edt\u00e1sa<\/strong>El\u0151fordulhat, hogy \u00e9rdekes emberek k\u00f6vetik a profilodat, \u00e9s ennek ismerete egy\u00fcttm\u0171k\u00f6d\u00e9si lehet\u0151s\u00e9geket nyithat meg.<\/li>\n\n\n\n<li><strong>V\u00e9dje adatait<\/strong>Ha t\u00f6bbet tudsz arr\u00f3l, hogy kik k\u00f6vetik a bejegyz\u00e9seidet, jobban szab\u00e1lyozhatod, hogy mit \u00e9s kivel osztasz meg.<\/li>\n<\/ul>\n\n\n\n<h4 class=\"wp-block-heading\">Hogyan haszn\u00e1ld fel ezeket az inform\u00e1ci\u00f3kat a strat\u00e9gi\u00e1d fejleszt\u00e9s\u00e9re?<\/h4>\n\n\n\n<p>Az elk\u00f6telez\u0151d\u00e9si adatok felhaszn\u00e1l\u00e1sa a saj\u00e1t el\u0151ny\u00f6dre nagyszer\u0171 m\u00f3dja a k\u00f6z\u00f6ss\u00e9gi m\u00e9di\u00e1ban val\u00f3 n\u00f6veked\u00e9snek.<\/p>\n\n\n\n<p>Ha tudod, kik l\u00e1togatj\u00e1k a profilodat, k\u00f6nnyebb meg\u00e9rteni, hogy mely t\u00e9m\u00e1k, fot\u00f3k \u00e9s vide\u00f3k keltik a legnagyobb figyelmet.<\/p>\n\n\n\n<h3 class=\"wp-block-heading\">A l\u00e1that\u00f3s\u00e1gi m\u00edtosz: Mi\u00e9rt rejtik el a k\u00f6z\u00f6ss\u00e9gi h\u00e1l\u00f3zatok ezt az inform\u00e1ci\u00f3t?<\/h3>\n\n\n\n<p>A legt\u00f6bb k\u00f6z\u00f6ss\u00e9gi h\u00e1l\u00f3zat nem biztos\u00edt k\u00f6zvetlen\u00fcl l\u00e1togat\u00f3i list\u00e1kat, \u00e9s ennek f\u0151 oka az adatv\u00e9delem.<\/p>\n\n\n\n<p>Ez a d\u00f6nt\u00e9s megakad\u00e1lyozza, hogy a zaklat\u00e1s elterjedt gyakorlatt\u00e1 v\u00e1ljon, \u00e9s megv\u00e9di a felhaszn\u00e1l\u00f3kat a vissza\u00e9l\u00e9sekt\u0151l.<\/p>\n\n\n\n<h4 class=\"wp-block-heading\">N\u00e9pszer\u0171 \u00e9s megb\u00edzhat\u00f3 eszk\u00f6z\u00f6k a l\u00e1togat\u00f3k figyel\u00e9s\u00e9re<\/h4>\n\n\n\n<p>A Social Tracker mellett m\u00e1s lehet\u0151s\u00e9gek is vannak, amelyek \u00edg\u00e9retet tesznek a l\u00e1togat\u00f3kr\u00f3l sz\u00f3l\u00f3 inform\u00e1ci\u00f3k ny\u00fajt\u00e1s\u00e1ra.<\/p>\n\n\n\n<p>Azonban fontos, hogy k\u00f6r\u00fcltekint\u0151en j\u00e1rjunk el ezen eszk\u00f6z\u00f6k kiv\u00e1laszt\u00e1sakor.<\/p>\n\n\n\n<h3 class=\"wp-block-heading\">Adatv\u00e9delmi szempontok: Harmadik f\u00e9lt\u0151l sz\u00e1rmaz\u00f3 eszk\u00f6z\u00f6k haszn\u00e1lat\u00e1nak kock\u00e1zatai<\/h3>\n\n\n\n<p>Amikor alkalmaz\u00e1sokat haszn\u00e1lsz a profilod megtekint\u00e9s\u00e9nek kider\u00edt\u00e9s\u00e9re, bizonyos kock\u00e1zatokkal j\u00e1r.<\/p>\n\n\n\n<p>Harmadik f\u00e9lt\u0151l sz\u00e1rmaz\u00f3 eszk\u00f6z\u00f6k hozz\u00e1f\u00e9rhetnek a szem\u00e9lyes adatokhoz, \u00e9s nem mindegyik megb\u00edzhat\u00f3.<\/p>\n\n\n\n<p>Miel\u0151tt b\u00e1rmilyen alkalmaz\u00e1st telep\u00edten\u00e9l, olvasd el a v\u00e9lem\u00e9nyeket, \u00e9s n\u00e9zd meg, mit mondanak m\u00e1sok.<\/p>\n\n\n\n<blockquote class=\"wp-block-quote\">\n<p><strong>\u00c9ber<\/strong>Ker\u00fcld az ismeretlen alkalmaz\u00e1sokat, amelyek enged\u00e9lyt k\u00e9rnek a profilodon tal\u00e1lhat\u00f3 bizalmas inform\u00e1ci\u00f3k el\u00e9r\u00e9s\u00e9re. N\u00e9melyik\u00fck adatlop\u00e1sra ir\u00e1nyul\u00f3 \u00e1tver\u00e9s lehet.<\/p>\n<\/blockquote>\n\n\n\n<h4 class=\"wp-block-heading\">V\u00e9dje adatait a k\u00f6z\u00f6ss\u00e9gi m\u00e9di\u00e1ban<\/h4>\n\n\n\n<p>A biztons\u00e1g az els\u0151! Korl\u00e1tozd, hogy kik l\u00e1thatj\u00e1k a szem\u00e9lyes adataidat, \u00e9s rendszeresen m\u00f3dos\u00edtsd az adatv\u00e9delmi be\u00e1ll\u00edt\u00e1saidat.<\/p>\n\n\n<div class=\"wp-block-image\">\n<figure class=\"aligncenter size-full\"><img loading=\"lazy\" decoding=\"async\" width=\"550\" height=\"350\" src=\"http:\/\/universofamilia.com\/wp-content\/uploads\/sites\/148\/2024\/10\/DESTAQUE-UNIVERSO-550-x-350-30.jpg\" alt=\"\" class=\"wp-image-7286\" srcset=\"https:\/\/universofamilia.com\/wp-content\/uploads\/sites\/148\/2024\/10\/DESTAQUE-UNIVERSO-550-x-350-30.jpg 550w, https:\/\/universofamilia.com\/wp-content\/uploads\/sites\/148\/2024\/10\/DESTAQUE-UNIVERSO-550-x-350-30-300x191.jpg 300w\" sizes=\"(max-width: 550px) 100vw, 550px\" \/><figcaption class=\"wp-element-caption\">Tudd meg, ki figyel t\u00e9ged<\/figcaption><\/figure><\/div>\n\n\n<h3 class=\"wp-block-heading\">K\u00f6z\u00f6ss\u00e9gi m\u00e9dia k\u00f6vet\u0151k \u00e9rt\u00e9kel\u00e9sei: Mit mondanak a felhaszn\u00e1l\u00f3k?<\/h3>\n\n\n\n<p>Ha azon gondolkodsz, hogy megpr\u00f3b\u00e1lod <strong>K\u00f6z\u00f6ss\u00e9gi m\u00e9dia k\u00f6vet\u0151<\/strong>\u00cdme n\u00e9h\u00e1ny v\u00e9lem\u00e9ny m\u00e1s felhaszn\u00e1l\u00f3kt\u00f3l:<\/p>\n\n\n\n<ol class=\"wp-block-list\">\n<li><strong>Ana L. (5 csillag)<\/strong>: \u201eSzuper hasznos alkalmaz\u00e1s! Seg\u00edtett meg\u00e9rteni, hogy kik k\u00f6vetik a posztjaimat, \u00e9s azonos\u00edtani az inakt\u00edv k\u00f6vet\u0151ket. Mindenkinek aj\u00e1nlom, aki jobban szeretn\u00e9 k\u00e9zben tartani a profilj\u00e1t.\u201d<\/li>\n\n\n\n<li><strong>Carlos M. (4 csillag)<\/strong>: \u201eTetszett az egyszer\u0171 kezel\u0151fel\u00fclet \u00e9s az \u00e1ltala ny\u00fajtott inform\u00e1ci\u00f3k. B\u00e1rcsak t\u00f6bb r\u00e9szlet lenne, de nagyszer\u0171 \u00e1ttekint\u00e9st ny\u00fajt.\u201d<\/li>\n\n\n\n<li><strong>Julia S. (5 csillag)<\/strong>: \u201eAz\u00e9rt telep\u00edtettem, hogy l\u00e1ssam, ki l\u00e1togatja gyakran a profilomat, \u00e9s im\u00e1dtam! Az alkalmaz\u00e1s pehelyk\u00f6nny\u0171 \u00e9s k\u00f6nnyen haszn\u00e1lhat\u00f3.\u201d<\/li>\n<\/ol>\n\n\n\n<p>Ezek az \u00e9rt\u00e9kel\u00e9sek a Social Tracker n\u00e9pszer\u0171s\u00e9g\u00e9t \u00e9s hat\u00e9konys\u00e1g\u00e1t bizony\u00edtj\u00e1k, k\u00fcl\u00f6n\u00f6sen azok sz\u00e1m\u00e1ra, akik jobban meg akarj\u00e1k \u00e9rteni k\u00f6vet\u0151iket.<\/p>\n\n\n\n<h3 class=\"wp-block-heading\">Konkl\u00fazi\u00f3: Az igazs\u00e1g a profilod l\u00e1that\u00f3s\u00e1g\u00e1r\u00f3l<\/h3>\n\n\n\n<p>Sok k\u00edv\u00e1ncsis\u00e1got kelt az, hogy kik n\u00e9zik a k\u00f6z\u00f6ss\u00e9gi m\u00e9dia profilodat, de ez nem mindig lehets\u00e9ges k\u00f6zvetlen\u00fcl.<\/p>\n\n\n\n<p>Azonban olyan eszk\u00f6z\u00f6k, mint a Social Tracker, seg\u00edthetnek jobban meg\u00e9rteni, hogy kik k\u00f6vetik a bejegyz\u00e9seidet.<\/p>\n\n\n\n<p>\u00d6sszefoglalva:<\/p>\n\n\n\n<ul class=\"wp-block-list\">\n<li>A legt\u00f6bb k\u00f6z\u00f6ss\u00e9gi h\u00e1l\u00f3zat bizalmasan kezeli ezeket az inform\u00e1ci\u00f3kat, de az interakci\u00f3elemz\u0151 eszk\u00f6z\u00f6kkel sz\u00e9lesebb k\u00e9pet kaphat r\u00f3luk.<\/li>\n\n\n\n<li>Ha tudod, hogy kik tekintik meg a profilodat, az seg\u00edthet finomhangolni a strat\u00e9gi\u00e1dat \u00e9s n\u00f6velni az elk\u00f6telez\u0151d\u00e9st.<\/li>\n\n\n\n<li>Legyen \u00f3vatos alkalmaz\u00e1sok haszn\u00e1latakor, \u00e9s mindig v\u00e9dje meg adatait online.<\/li>\n<\/ul>\n\n\n\n<p>T\u00f6bbet szeretn\u00e9l megtudni? T\u00f6ltsd le a Social Tracker alkalmaz\u00e1st, \u00e9s tudj meg egy kicsit t\u00f6bbet a k\u00f6vet\u0151id viselked\u00e9s\u00e9r\u0151l.<\/p>\n\n\n\n<h4 class=\"wp-block-heading\">Let\u00f6lt\u00e9si linkek<\/h4>\n\n\n\n<ul class=\"wp-block-list\">\n<li><strong>K\u00f6z\u00f6ss\u00e9gi m\u00e9dia k\u00f6vet\u0151<\/strong>: <a href=\"https:\/\/apps.apple.com\/br\/app\/social-tracker\/id1189139278\">App Store<\/a> | <a href=\"https:\/\/play.google.com\/store\/apps\/details?id=com.mobiversite.lookAtMe&amp;hl=pt_BR&amp;pli=1\">Google Play<\/a><\/li>\n<\/ul>\n\n\n\n<blockquote class=\"wp-block-quote\">\n<p><strong>Z\u00e1r\u00f3tan\u00e1cs<\/strong>Mi\u00e9rt ne osztan\u00e1d meg ezt a cikket k\u00edv\u00e1ncsi bar\u00e1taiddal? \u00cdgy mindenki profit\u00e1lhat ezekb\u0151l a tippekb\u0151l, \u00e9s egy kicsit jobban meg\u00e9rtheti a k\u00f6z\u00f6ss\u00e9gi m\u00e9dia dinamik\u00e1j\u00e1t.<\/p>\n<\/blockquote>\n\n\n\n<h3 class=\"wp-block-heading\">Gyakran Ism\u00e9telt K\u00e9rd\u00e9sek a K\u00f6z\u00f6ss\u00e9gi M\u00e9diak\u00f6vet\u0151 Alkalmaz\u00e1ssal kapcsolatban<\/h3>\n\n\n\n<ol class=\"wp-block-list\">\n<li><strong>Milyen inform\u00e1ci\u00f3kat ny\u00fajt a K\u00f6z\u00f6ss\u00e9gi Szolg\u00e1lat K\u00f6vet\u0151je a k\u00f6vet\u0151imr\u0151l?<\/strong><br>A K\u00f6z\u00f6ss\u00e9gi M\u00e9dia K\u00f6vet\u0151 megmutatja k\u00f6vet\u0151id tev\u00e9kenys\u00e9geit, bele\u00e9rtve azt is, hogy milyen gyakran l\u00e9pnek interakci\u00f3ba a bejegyz\u00e9seiddel, ami seg\u00edt meg\u00e9rteni, hogy kik k\u00f6vetik a legink\u00e1bb a profilodat.<\/li>\n\n\n\n<li><strong>A K\u00f6z\u00f6ss\u00e9gi M\u00e9diak\u00f6vet\u0151 lehet\u0151v\u00e9 teszi, hogy l\u00e1ssam, kik l\u00e1togatj\u00e1k meg pontosan a profilomat?<\/strong><br>A K\u00f6z\u00f6ss\u00e9gi M\u00e9diak\u00f6vet\u0151 nem jelen\u00edti meg a profilodat l\u00e1togat\u00f3k nev\u00e9t, mivel ezt az inform\u00e1ci\u00f3t a legt\u00f6bb k\u00f6z\u00f6ss\u00e9gi h\u00e1l\u00f3zat adatv\u00e9delmi ir\u00e1nyelvei korl\u00e1tozz\u00e1k. Azonban r\u00e9szletes \u00e1ttekint\u00e9st ny\u00fajt a k\u00f6vet\u0151id viselked\u00e9s\u00e9r\u0151l.<\/li>\n\n\n\n<li><strong>Biztons\u00e1gos a K\u00f6z\u00f6ss\u00e9gi Nyomk\u00f6vet\u0151 haszn\u00e1lata?<\/strong><br>A Social Tracker adatv\u00e9delmi szab\u00e1lyzattal rendelkezik, amely v\u00e9di a felhaszn\u00e1l\u00f3i adatokat. Javasoljuk, hogy hivatalos \u00e1ruh\u00e1zakb\u00f3l t\u00f6ltse le, \u00e9s tekintse \u00e1t a k\u00e9rt enged\u00e9lyeket.<\/li>\n\n\n\n<li><strong>Minden k\u00f6z\u00f6ss\u00e9gi oldalon m\u0171k\u00f6dik?<\/strong><br>A Social Tracker sz\u00e1mos n\u00e9pszer\u0171 k\u00f6z\u00f6ss\u00e9gi h\u00e1l\u00f3zatot t\u00e1mogat, b\u00e1r az egyes platformok szab\u00e1lyzatait\u00f3l f\u00fcgg\u0151en korl\u00e1toz\u00e1sok vonatkozhatnak r\u00e1.<\/li>\n\n\n\n<li><strong>Hogyan tudom let\u00f6lteni a Social Tracker alkalmaz\u00e1st?<\/strong><br>A Social Tracker alkalmaz\u00e1st megtal\u00e1lod az App Store-ban \u00e9s a Google Playen. Csak keresd meg a nev\u00e9t, \u00e9s t\u00f6ltsd le k\u00f6zvetlen\u00fcl az eszk\u00f6z\u00f6dre.<\/li>\n\n\n\n<li><strong>Vannak tov\u00e1bbi funkci\u00f3ik, amelyekkel gazdag\u00edthatn\u00e1m a tartalmamat?<\/strong><br>Igen, a Social Tracker seg\u00edts\u00e9g\u00e9vel l\u00e1thatod, hogy mely tartalomt\u00edpusok kapj\u00e1k a legt\u00f6bb elk\u00f6telez\u0151d\u00e9st, \u00edgy szem\u00e9lyre szabhatod a strat\u00e9gi\u00e1dat a k\u00f6vet\u0151k sz\u00e1m\u00e1nak n\u00f6vel\u00e9se \u00e9rdek\u00e9ben.<\/li>\n\n\n\n<li><strong>Ingyenesen haszn\u00e1lhatom a Social Trackert?<\/strong><br>A Social Tracker ingyenes \u00e9s fizet\u0151s verzi\u00f3kat k\u00edn\u00e1l. Az ingyenes verzi\u00f3 alapvet\u0151 funkci\u00f3kat k\u00edn\u00e1l, m\u00edg a pr\u00e9mium verzi\u00f3 speci\u00e1lis eszk\u00f6z\u00f6ket tartalmaz a profil elemz\u00e9s\u00e9hez.<\/li>\n<\/ol>","protected":false},"excerpt":{"rendered":"<p>Tudd meg, ki k\u00f6vet t\u00e9ged a k\u00f6z\u00f6ss\u00e9gi m\u00e9di\u00e1ban! Mi\u00e9rt fontos tudni, hogy ki n\u00e9zte meg a profilodat? Elgondolkodt\u00e1l m\u00e1r azon, hogy ki l\u00e1togatja a k\u00f6z\u00f6ss\u00e9gi m\u00e9dia profilodat? Ez term\u00e9szetes; v\u00e9g\u00fcl is mindannyian tudni akarjuk, hogy kit \u00e9rdekel, amit megosztunk. A r\u00e9gi bar\u00e1tokt\u00f3l a csendes csod\u00e1l\u00f3kig b\u00e1rki [\u2026]<\/p>","protected":false},"author":0,"featured_media":7286,"comment_status":"closed","ping_status":"open","sticky":false,"template":"","format":"standard","meta":{"footnotes":""},"categories":[3],"tags":[630,762,919,1146,1242],"yoast_head":"<!-- This site is optimized with the Yoast SEO plugin v23.3 - https:\/\/yoast.com\/wordpress\/plugins\/seo\/ -->\n<title>Descubre Qui\u00e9n Est\u00e1 Observ\u00e1ndote - Universo Fam\u00edlia<\/title>\n<meta name=\"description\" content=\"Descubre Qui\u00e9n Est\u00e1 Observ\u00e1ndote. \u00a1Descubre qui\u00e9n sigue de cerca tus pasos en redes sociales!..\" \/>\n<meta name=\"robots\" content=\"index, follow, max-snippet:-1, max-image-preview:large, max-video-preview:-1\" \/>\n<link rel=\"canonical\" href=\"https:\/\/universofamilia.com\/hu\/cari-tahu-siapa-yang-mengawasimu\/\" \/>\n<meta property=\"og:locale\" content=\"hu_HU\" \/>\n<meta property=\"og:type\" content=\"article\" \/>\n<meta property=\"og:title\" content=\"Descubre Qui\u00e9n Est\u00e1 Observ\u00e1ndote - Universo Fam\u00edlia\" \/>\n<meta property=\"og:description\" content=\"Descubre Qui\u00e9n Est\u00e1 Observ\u00e1ndote. \u00a1Descubre qui\u00e9n sigue de cerca tus pasos en redes sociales!..\" \/>\n<meta property=\"og:url\" content=\"https:\/\/universofamilia.com\/hu\/cari-tahu-siapa-yang-mengawasimu\/\" \/>\n<meta property=\"og:site_name\" content=\"Universo Fam\u00edlia\" \/>\n<meta property=\"article:published_time\" content=\"2024-10-30T17:29:17+00:00\" \/>\n<meta property=\"og:image\" content=\"https:\/\/universofamilia.com\/wp-content\/uploads\/sites\/148\/2024\/10\/DESTAQUE-UNIVERSO-550-x-350-30.jpg\" \/>\n\t<meta property=\"og:image:width\" content=\"550\" \/>\n\t<meta property=\"og:image:height\" content=\"350\" \/>\n\t<meta property=\"og:image:type\" content=\"image\/jpeg\" \/>\n<meta name=\"twitter:card\" content=\"summary_large_image\" \/>\n<meta name=\"twitter:label1\" content=\"Est. reading time\" \/>\n\t<meta name=\"twitter:data1\" content=\"1 perc\" \/>\n<script type=\"application\/ld+json\" class=\"yoast-schema-graph\">{\"@context\":\"https:\/\/schema.org\",\"@graph\":[{\"@type\":\"WebPage\",\"@id\":\"https:\/\/universofamilia.com\/id\/cari-tahu-siapa-yang-mengawasimu\/\",\"url\":\"https:\/\/universofamilia.com\/id\/cari-tahu-siapa-yang-mengawasimu\/\",\"name\":\"Descubre Qui\u00e9n Est\u00e1 Observ\u00e1ndote - Universo Fam\u00edlia\",\"isPartOf\":{\"@id\":\"https:\/\/universofamilia.com\/el\/#website\"},\"primaryImageOfPage\":{\"@id\":\"https:\/\/universofamilia.com\/id\/cari-tahu-siapa-yang-mengawasimu\/#primaryimage\"},\"image\":{\"@id\":\"https:\/\/universofamilia.com\/id\/cari-tahu-siapa-yang-mengawasimu\/#primaryimage\"},\"thumbnailUrl\":\"https:\/\/universofamilia.com\/wp-content\/uploads\/sites\/148\/2024\/10\/DESTAQUE-UNIVERSO-550-x-350-30.jpg\",\"datePublished\":\"2024-10-30T17:29:17+00:00\",\"dateModified\":\"2024-10-30T17:29:17+00:00\",\"author\":{\"@id\":\"\"},\"description\":\"Descubre Qui\u00e9n Est\u00e1 Observ\u00e1ndote. \u00a1Descubre qui\u00e9n sigue de cerca tus pasos en redes sociales!..\",\"breadcrumb\":{\"@id\":\"https:\/\/universofamilia.com\/id\/cari-tahu-siapa-yang-mengawasimu\/#breadcrumb\"},\"inLanguage\":\"hu\",\"potentialAction\":[{\"@type\":\"ReadAction\",\"target\":[\"https:\/\/universofamilia.com\/id\/cari-tahu-siapa-yang-mengawasimu\/\"]}]},{\"@type\":\"ImageObject\",\"inLanguage\":\"hu\",\"@id\":\"https:\/\/universofamilia.com\/id\/cari-tahu-siapa-yang-mengawasimu\/#primaryimage\",\"url\":\"https:\/\/universofamilia.com\/wp-content\/uploads\/sites\/148\/2024\/10\/DESTAQUE-UNIVERSO-550-x-350-30.jpg\",\"contentUrl\":\"https:\/\/universofamilia.com\/wp-content\/uploads\/sites\/148\/2024\/10\/DESTAQUE-UNIVERSO-550-x-350-30.jpg\",\"width\":550,\"height\":350,\"caption\":\"Descubre Qui\u00e9n Est\u00e1 Observ\u00e1ndote\"},{\"@type\":\"BreadcrumbList\",\"@id\":\"https:\/\/universofamilia.com\/id\/cari-tahu-siapa-yang-mengawasimu\/#breadcrumb\",\"itemListElement\":[{\"@type\":\"ListItem\",\"position\":1,\"name\":\"Home\",\"item\":\"https:\/\/universofamilia.com\/el\/\"},{\"@type\":\"ListItem\",\"position\":2,\"name\":\"Descubre Qui\u00e9n Est\u00e1 Observ\u00e1ndote\"}]},{\"@type\":\"WebSite\",\"@id\":\"https:\/\/universofamilia.com\/el\/#website\",\"url\":\"https:\/\/universofamilia.com\/el\/\",\"name\":\"Universo Fam\u00edlia\",\"description\":\"\",\"potentialAction\":[{\"@type\":\"SearchAction\",\"target\":{\"@type\":\"EntryPoint\",\"urlTemplate\":\"https:\/\/universofamilia.com\/el\/?s={search_term_string}\"},\"query-input\":\"required name=search_term_string\"}],\"inLanguage\":\"hu\"}]}<\/script>\n<!-- \/ Yoast SEO plugin. -->","yoast_head_json":{"title":"Descubre Qui\u00e9n Est\u00e1 Observ\u00e1ndote - Universo Fam\u00edlia","description":"Descubre Qui\u00e9n Est\u00e1 Observ\u00e1ndote. \u00a1Descubre qui\u00e9n sigue de cerca tus pasos en redes sociales!..","robots":{"index":"index","follow":"follow","max-snippet":"max-snippet:-1","max-image-preview":"max-image-preview:large","max-video-preview":"max-video-preview:-1"},"canonical":"https:\/\/universofamilia.com\/hu\/cari-tahu-siapa-yang-mengawasimu\/","og_locale":"hu_HU","og_type":"article","og_title":"Descubre Qui\u00e9n Est\u00e1 Observ\u00e1ndote - Universo Fam\u00edlia","og_description":"Descubre Qui\u00e9n Est\u00e1 Observ\u00e1ndote. \u00a1Descubre qui\u00e9n sigue de cerca tus pasos en redes sociales!..","og_url":"https:\/\/universofamilia.com\/hu\/cari-tahu-siapa-yang-mengawasimu\/","og_site_name":"Universo Fam\u00edlia","article_published_time":"2024-10-30T17:29:17+00:00","og_image":[{"width":550,"height":350,"url":"https:\/\/universofamilia.com\/wp-content\/uploads\/sites\/148\/2024\/10\/DESTAQUE-UNIVERSO-550-x-350-30.jpg","type":"image\/jpeg"}],"twitter_card":"summary_large_image","twitter_misc":{"Est. reading time":"1 perc"},"schema":{"@context":"https:\/\/schema.org","@graph":[{"@type":"WebPage","@id":"https:\/\/universofamilia.com\/id\/cari-tahu-siapa-yang-mengawasimu\/","url":"https:\/\/universofamilia.com\/id\/cari-tahu-siapa-yang-mengawasimu\/","name":"Descubre Qui\u00e9n Est\u00e1 Observ\u00e1ndote - Universo Fam\u00edlia","isPartOf":{"@id":"https:\/\/universofamilia.com\/el\/#website"},"primaryImageOfPage":{"@id":"https:\/\/universofamilia.com\/id\/cari-tahu-siapa-yang-mengawasimu\/#primaryimage"},"image":{"@id":"https:\/\/universofamilia.com\/id\/cari-tahu-siapa-yang-mengawasimu\/#primaryimage"},"thumbnailUrl":"https:\/\/universofamilia.com\/wp-content\/uploads\/sites\/148\/2024\/10\/DESTAQUE-UNIVERSO-550-x-350-30.jpg","datePublished":"2024-10-30T17:29:17+00:00","dateModified":"2024-10-30T17:29:17+00:00","author":{"@id":""},"description":"Descubre Qui\u00e9n Est\u00e1 Observ\u00e1ndote. \u00a1Descubre qui\u00e9n sigue de cerca tus pasos en redes sociales!..","breadcrumb":{"@id":"https:\/\/universofamilia.com\/id\/cari-tahu-siapa-yang-mengawasimu\/#breadcrumb"},"inLanguage":"hu","potentialAction":[{"@type":"ReadAction","target":["https:\/\/universofamilia.com\/id\/cari-tahu-siapa-yang-mengawasimu\/"]}]},{"@type":"ImageObject","inLanguage":"hu","@id":"https:\/\/universofamilia.com\/id\/cari-tahu-siapa-yang-mengawasimu\/#primaryimage","url":"https:\/\/universofamilia.com\/wp-content\/uploads\/sites\/148\/2024\/10\/DESTAQUE-UNIVERSO-550-x-350-30.jpg","contentUrl":"https:\/\/universofamilia.com\/wp-content\/uploads\/sites\/148\/2024\/10\/DESTAQUE-UNIVERSO-550-x-350-30.jpg","width":550,"height":350,"caption":"Descubre Qui\u00e9n Est\u00e1 Observ\u00e1ndote"},{"@type":"BreadcrumbList","@id":"https:\/\/universofamilia.com\/id\/cari-tahu-siapa-yang-mengawasimu\/#breadcrumb","itemListElement":[{"@type":"ListItem","position":1,"name":"Home","item":"https:\/\/universofamilia.com\/el\/"},{"@type":"ListItem","position":2,"name":"Descubre Qui\u00e9n Est\u00e1 Observ\u00e1ndote"}]},{"@type":"WebSite","@id":"https:\/\/universofamilia.com\/el\/#website","url":"https:\/\/universofamilia.com\/el\/","name":"Universo Fam\u00edlia","description":"","potentialAction":[{"@type":"SearchAction","target":{"@type":"EntryPoint","urlTemplate":"https:\/\/universofamilia.com\/el\/?s={search_term_string}"},"query-input":"required name=search_term_string"}],"inLanguage":"hu"}]}},"_links":{"self":[{"href":"https:\/\/universofamilia.com\/hu\/wp-json\/wp\/v2\/posts\/7282"}],"collection":[{"href":"https:\/\/universofamilia.com\/hu\/wp-json\/wp\/v2\/posts"}],"about":[{"href":"https:\/\/universofamilia.com\/hu\/wp-json\/wp\/v2\/types\/post"}],"replies":[{"embeddable":true,"href":"https:\/\/universofamilia.com\/hu\/wp-json\/wp\/v2\/comments?post=7282"}],"version-history":[{"count":0,"href":"https:\/\/universofamilia.com\/hu\/wp-json\/wp\/v2\/posts\/7282\/revisions"}],"wp:featuredmedia":[{"embeddable":true,"href":"https:\/\/universofamilia.com\/hu\/wp-json\/wp\/v2\/media\/7286"}],"wp:attachment":[{"href":"https:\/\/universofamilia.com\/hu\/wp-json\/wp\/v2\/media?parent=7282"}],"wp:term":[{"taxonomy":"category","embeddable":true,"href":"https:\/\/universofamilia.com\/hu\/wp-json\/wp\/v2\/categories?post=7282"},{"taxonomy":"post_tag","embeddable":true,"href":"https:\/\/universofamilia.com\/hu\/wp-json\/wp\/v2\/tags?post=7282"}],"curies":[{"name":"wp","href":"https:\/\/api.w.org\/{rel}","templated":true}]}}