{"id":7303,"date":"2024-11-01T10:26:57","date_gmt":"2024-11-01T13:26:57","guid":{"rendered":"https:\/\/universofamilia.com\/?p=7303"},"modified":"2024-11-01T10:26:57","modified_gmt":"2024-11-01T13:26:57","slug":"quien-visita-tu-perfil-descubrelo","status":"publish","type":"post","link":"https:\/\/universofamilia.com\/hu\/quien-visita-tu-perfil-descubrelo\/","title":{"rendered":"Kik l\u00e1togatj\u00e1k a profilodat? Der\u00edtsd ki!"},"content":{"rendered":"<p>Szeretn\u00e9d tudni, hogy kik n\u00e9zik meg a profilodat? Tudd meg, hogyan!<\/p>\n\n\n\n<p>K\u00e9pzeld el, hogy laz\u00e1n b\u00f6ng\u00e9szel a k\u00f6z\u00f6ss\u00e9gi m\u00e9di\u00e1ban, egy r\u00e9gi ismer\u0151s\u00f6d, tal\u00e1n egy r\u00e9gi szerelmed profilj\u00e1t b\u00f6ng\u00e9szel.<\/p>\n\n\n\n<p><\/p>\n\n\n\n<hr class=\"wp-block-separator has-text-color has-luminous-vivid-orange-color has-alpha-channel-opacity has-luminous-vivid-orange-background-color has-background is-style-wide\"\/>\n\n\n\n<h2 class=\"wp-block-heading has-text-align-center\">Mit szeretn\u00e9l el\u0151sz\u00f6r csin\u00e1lni?<\/h2>\n\n\n\n<div class=\"wp-block-buttons is-content-justification-center is-layout-flex wp-container-core-buttons-layout-1 wp-block-buttons-is-layout-flex\">\n<div class=\"wp-block-button has-custom-width wp-block-button__width-100 is-style-outline\" style=\"text-decoration:none\"><a class=\"wp-block-button__link has-white-color has-vivid-cyan-blue-background-color has-text-color has-background has-link-color has-text-align-left wp-element-button\" href=\"https:\/\/universofamilia.com\/hu\/7282\/descubre-quien-esta-observandote\/\" style=\"border-radius:10px\">Tudd meg, ki figyel t\u00e9ged \u27a1\ufe0f<\/a><\/div>\n<\/div>\n\n\n\n<div class=\"wp-block-buttons is-content-justification-center is-layout-flex wp-container-core-buttons-layout-2 wp-block-buttons-is-layout-flex\">\n<div class=\"wp-block-button has-custom-width wp-block-button__width-100 is-style-outline\" style=\"text-decoration:none\"><a class=\"wp-block-button__link has-white-color has-vivid-cyan-blue-background-color has-text-color has-background has-link-color has-text-align-left wp-element-button\" href=\"https:\/\/universofamilia.com\/hu\/7281\/quien-esta-interesado-en-ti\/\" style=\"border-radius:10px\">Kit \u00e9rdekelsz? \u27a1\ufe0f<\/a><\/div>\n<\/div>\n\n\n\n<div class=\"wp-block-buttons is-content-justification-center is-layout-flex wp-container-core-buttons-layout-3 wp-block-buttons-is-layout-flex\">\n<div class=\"wp-block-button has-custom-width wp-block-button__width-100 is-style-outline\" style=\"text-decoration:none\"><a class=\"wp-block-button__link has-white-color has-vivid-cyan-blue-background-color has-text-color has-background has-link-color has-text-align-left wp-element-button\" href=\"https:\/\/universofamilia.com\/hu\/7271\/encuentra-el-amor-mejores-apps-de-citas\/\" style=\"border-radius:10px\">Tal\u00e1ld meg a szerelmet \u27a1\ufe0f<\/a><\/div>\n<\/div>\n\n\n\n<p class=\"has-text-align-center\"><em><strong>Olvass tov\u00e1bb!<\/strong><\/em><\/p>\n\n\n\n<hr class=\"wp-block-separator has-text-color has-luminous-vivid-orange-color has-alpha-channel-opacity has-luminous-vivid-orange-background-color has-background is-style-wide\"\/>\n\n\n\n<p><\/p>\n\n\n\n<p>\u00c9s hirtelen r\u00e1j\u00f6ssz, hogy ez a szem\u00e9ly \u00e9szrevette, hogy k\u00f6veted a profilj\u00e1t.<\/p>\n\n\n\n<p>Lehet, hogy filmes jelenetnek hangzik, de a mai technol\u00f3gi\u00e1val ez sokkal k\u00f6zelebb \u00e1ll a val\u00f3s\u00e1ghoz, mint gondoln\u00e1nk.<\/p>\n\n\n\n<p>Sok ember sz\u00e1m\u00e1ra ellen\u00e1llhatatlan k\u00edv\u00e1ncsis\u00e1g tudni, hogy kik l\u00e1togatj\u00e1k a k\u00f6z\u00f6ss\u00e9gi m\u00e9dia profiljukat.<\/p>\n\n\n\n<p>\u00c9s k\u00f6nny\u0171 meg\u00e9rteni, mi\u00e9rt: egy olyan vil\u00e1gban, ahol a t\u00e1rsas\u00e1gi \u00e9let nagyr\u00e9szt online zajlik, ha nyomon k\u00f6veted, hogy ki k\u00f6veti a mozg\u00e1sodat, az t\u00e1mpontot adhat arra vonatkoz\u00f3an, hogy kit \u00e9rdekel, vagy legal\u00e1bbis kit k\u00edv\u00e1ncsi r\u00e1d.<\/p>\n\n\n\n<p>Ebben a cikkben elmagyar\u00e1zzuk, mi\u00e9rt fontos tudni, hogy kik l\u00e1togatt\u00e1k meg a profilodat, hogyan figyelheted ezeket a l\u00e1togat\u00e1sokat, \u00e9s hogyan seg\u00edthet ez abban, hogy jobban k\u00e9zben tartsd az online biztons\u00e1godat.<\/p>\n\n\n\n<p>Ezenk\u00edv\u00fcl bemutatunk egy n\u00e9pszer\u0171 eszk\u00f6zt azok k\u00f6r\u00e9ben, akik meg akarj\u00e1k tudni, hogy ki n\u00e9zi a profiljukat: <strong>K\u00f6z\u00f6ss\u00e9gi m\u00e9dia k\u00f6vet\u0151<\/strong>.<\/p>\n\n\n\n<h3 class=\"wp-block-heading\"><strong>Mi\u00e9rt kell tudni, hogy ki l\u00e1togatta meg a profilodat?<\/strong><\/h3>\n\n\n\n<p>Az a gondolat, hogy figyelemmel k\u00eds\u00e9rj\u00fck, kik l\u00e1togatj\u00e1k a profilunkat, sz\u00e9ls\u0151s\u00e9gesnek t\u0171nhet, de j\u00f3 okok vannak arra, hogy mi\u00e9rt szeretn\u00e9nk ezt az ir\u00e1ny\u00edt\u00e1st gyakorolni:<\/p>\n\n\n\n<ul class=\"wp-block-list\">\n<li><strong>Biztons\u00e1g \u00e9s adatv\u00e9delem<\/strong>Ha valaki folyamatosan figyeli a profilodat, az a t\u00falzott \u00e9rdekl\u0151d\u00e9s jele lehet. Ha tudod, hogy kik ezek az emberek, akkor nyomon k\u00f6vetheted, hogy kik k\u00f6vetik az online tev\u00e9kenys\u00e9geidet.<\/li>\n\n\n\n<li><strong>Term\u00e9szetes k\u00edv\u00e1ncsis\u00e1g<\/strong>Mindannyiunkban van egy k\u00edv\u00e1ncsi oldal, \u00e9s ha tudjuk, hogy kik l\u00e1togatt\u00e1k meg a profilunkat, az csod\u00e1l\u00f3kra der\u00edthet f\u00e9nyt, vagy ak\u00e1r v\u00e1ratlan besz\u00e9lget\u00e9sekre is nyithat utat.<\/li>\n\n\n\n<li><strong>\u00dajracsatlakoz\u00e1s<\/strong>N\u00e9ha el\u0151fordul, hogy olyan emberek, akiket csod\u00e1lunk, vagy kor\u00e1bbi bar\u00e1taink titokban k\u00f6vetnek minket. Ennek tudata megnyithatja az utat a viszontl\u00e1t\u00e1shoz vagy a bar\u00e1ts\u00e1gok meger\u0151s\u00edt\u00e9s\u00e9hez.<\/li>\n<\/ul>\n\n\n\n<h3 class=\"wp-block-heading\"><strong>K\u00edv\u00e1ncsi vagy, kik l\u00e1togatj\u00e1k a profilodat?<\/strong><\/h3>\n\n\n\n<p>V\u00e9g\u00fcl is ki ne akarn\u00e1 megtudni, hogy az a t\u00e1voli bar\u00e1t vagy volt bar\u00e1t\/bar\u00e1tn\u0151 id\u0151nk\u00e9nt r\u00e1pillant-e a profilj\u00e1ra?<\/p>\n\n\n\n<p>A seg\u00edts\u00e9g\u00e9vel <strong>K\u00f6z\u00f6ss\u00e9gi m\u00e9dia k\u00f6vet\u0151<\/strong>Ez a rejt\u00e9ly megoldhat\u00f3. N\u00e9zz\u00fck meg, hogyan m\u0171k\u00f6dik, \u00e9s hogyan seg\u00edthet nyomon k\u00f6vetni, hogy kik k\u00f6vetnek t\u00e9ged a k\u00f6z\u00f6ss\u00e9gi m\u00e9di\u00e1ban.<\/p>\n\n\n\n<p><\/p>\n\n\n\n<hr class=\"wp-block-separator has-text-color has-luminous-vivid-orange-color has-alpha-channel-opacity has-luminous-vivid-orange-background-color has-background is-style-wide\"\/>\n\n\n\n<h3 class=\"wp-block-heading\">L\u00e1sd m\u00e9g:<\/h3>\n\n\n\n<ul class=\"wp-block-list has-small-font-size\">\n<li style=\"padding-top:0;padding-right:var(--wp--preset--spacing--40);padding-bottom:0;padding-left:var(--wp--preset--spacing--40);font-style:normal;font-weight:400\" class=\"has-medium-font-size\"><a href=\"https:\/\/universofamilia.com\/hu\/6855\/grabar-llamadas-recibidas\/\"><mark style=\"background-color:rgba(0, 0, 0, 0);color:#f94c45\" class=\"has-inline-color\">Bej\u00f6v\u0151 h\u00edv\u00e1sok r\u00f6gz\u00edt\u00e9se &gt;<\/mark><\/a><\/li>\n\n\n\n<li style=\"padding-top:0;padding-right:var(--wp--preset--spacing--40);padding-bottom:0;padding-left:var(--wp--preset--spacing--40);font-style:normal;font-weight:400\" class=\"has-medium-font-size\"><a href=\"https:\/\/universofamilia.com\/hu\/6898\/leer-la-biblia-catolica-en-tu-celular\/\"><mark style=\"background-color:rgba(0, 0, 0, 0);color:#f94c45\" class=\"has-inline-color\"><font style=\"vertical-align: inherit;\"><font style=\"vertical-align: inherit;\">Olvasd a katolikus Bibli\u00e1t a mobiltelefonodon<\/font><\/font> &gt;<\/mark><\/a><\/li>\n\n\n\n<li style=\"padding-top:0;padding-right:var(--wp--preset--spacing--40);padding-bottom:0;padding-left:var(--wp--preset--spacing--40);font-style:normal;font-weight:400\" class=\"has-medium-font-size\"><a href=\"https:\/\/universofamilia.com\/hu\/6832\/aplicacion-para-bailar-zumba\/\"><mark style=\"background-color:rgba(0, 0, 0, 0);color:#f94c45\" class=\"has-inline-color\">Zumba t\u00e1ncalkalmaz\u00e1s &gt;<\/mark><\/a><\/li>\n\n\n\n<li style=\"padding-top:0;padding-right:var(--wp--preset--spacing--40);padding-bottom:0;padding-left:var(--wp--preset--spacing--40);font-style:normal;font-weight:400\" class=\"has-medium-font-size\"><a href=\"https:\/\/universofamilia.com\/hu\/6952\/descubre-quien-visita-tu-perfil-redes-sociales\/\"><mark style=\"background-color:rgba(0, 0, 0, 0);color:#f94c45\" class=\"has-inline-color\">Tudja meg, kik l\u00e1togatj\u00e1k a k\u00f6z\u00f6ss\u00e9gi m\u00e9dia profilj\u00e1t &gt;<\/mark><\/a><\/li>\n<\/ul>\n\n\n\n<hr class=\"wp-block-separator has-text-color has-luminous-vivid-orange-color has-alpha-channel-opacity has-luminous-vivid-orange-background-color has-background is-style-wide\"\/>\n\n\n\n<p><\/p>\n\n\n\n<h3 class=\"wp-block-heading\"><strong>Profilod l\u00e1togat\u00e1sainak figyel\u00e9se<\/strong><\/h3>\n\n\n\n<p>Sok olyan alkalmaz\u00e1s l\u00e9tezik, amely \u00edg\u00e9retet tesz arra, hogy megmutatja, kik l\u00e1togatj\u00e1k a profilodat, de fontos, hogy megb\u00edzhat\u00f3 eszk\u00f6z\u00f6ket v\u00e1lassz, amelyek biztons\u00e1got ny\u00fajtanak a felhaszn\u00e1l\u00f3knak.<\/p>\n\n\n\n<p><strong>K\u00f6z\u00f6ss\u00e9gi m\u00e9dia k\u00f6vet\u0151<\/strong> Ez az egyik legn\u00e9pszer\u0171bb alkalmaz\u00e1s azok sz\u00e1m\u00e1ra, akik nyomon szeretn\u00e9k k\u00f6vetni a l\u00e1togat\u00e1sokat, \u00e9s t\u00f6bbet szeretn\u00e9nek megtudni arr\u00f3l, hogy kik l\u00e9pnek interakci\u00f3ba online profiljukkal.<\/p>\n\n\n\n<h3 class=\"wp-block-heading\"><strong>Figyelmeztet\u00e9s a zaklat\u00f3kra! Tudd meg, ki k\u00f6vet t\u00e9ged a k\u00f6z\u00f6ss\u00e9gi m\u00e9di\u00e1ban!<\/strong><\/h3>\n\n\n\n<p><strong>K\u00f6z\u00f6ss\u00e9gi m\u00e9dia k\u00f6vet\u0151<\/strong> Ez egy olyan alkalmaz\u00e1s, amivel nyomon k\u00f6vetheted, hogy kik n\u00e9zt\u00e9k meg a profilodat.<\/p>\n\n\n\n<p>Elemezd az interakci\u00f3kat \u00e9s a l\u00e1togat\u00e1sokat, hogy pontos inform\u00e1ci\u00f3kat kapj arr\u00f3l, hogy kik k\u00f6vetik a tev\u00e9kenys\u00e9geidet a k\u00f6z\u00f6ss\u00e9gi h\u00e1l\u00f3zatokon.<\/p>\n\n\n\n<p>Az alkalmaz\u00e1s figyelemre m\u00e9lt\u00f3 funkci\u00f3i a k\u00f6vetkez\u0151k:<\/p>\n\n\n\n<ul class=\"wp-block-list\">\n<li><strong>R\u00e9szletes vizualiz\u00e1ci\u00f3s jelent\u00e9sek<\/strong>Az oldaladdal interakci\u00f3ba l\u00e9p\u0151 vagy azt l\u00e1togat\u00f3 profilok elemz\u00e9s\u00e9vel azonos\u00edthatod, hogy kik tekintik meg a bejegyz\u00e9seidet a leggyakrabban.<\/li>\n\n\n\n<li><strong>Val\u00f3s idej\u0171 riaszt\u00e1sok<\/strong>\u00c9rtes\u00edt\u00e9sek, amelyek figyelmeztetnek, amikor valaki megtekinti a profilodat, \u00edgy azonnal k\u00e9pet kaphatsz arr\u00f3l, hogy kit \u00e9rdekel a tartalmad.<\/li>\n\n\n\n<li><strong>Exkluz\u00edv elk\u00f6telez\u0151d\u00e9si inform\u00e1ci\u00f3k<\/strong>: Amellett, hogy megmutatja, kik l\u00e1togatnak el hozz\u00e1d, az alkalmaz\u00e1s azt is megmutatja, hogy kik l\u00e9pnek kapcsolatba a legt\u00f6bbet a l\u00e1jkok \u00e9s hozz\u00e1sz\u00f3l\u00e1sok seg\u00edts\u00e9g\u00e9vel, \u00edgy seg\u00edtve, hogy l\u00e1sd, kit \u00e9rdekel igaz\u00e1n az oldalad.<\/li>\n<\/ul>\n\n\n\n<h3 class=\"wp-block-heading\"><strong>K\u00e9mkedik ut\u00e1nad? Tudd meg, hogyan tudhatod meg, ki l\u00e1togatja a profilodat<\/strong><\/h3>\n\n\n\n<p>Furcs\u00e1n, vagy ak\u00e1r kiss\u00e9 zavar\u00f3an is hangozhat, de ha valaki folyamatosan n\u00e9zi a profilodat, <strong>K\u00f6z\u00f6ss\u00e9gi m\u00e9dia k\u00f6vet\u0151<\/strong> seg\u00edt abban, hogy t\u00e1j\u00e9kozott \u00e9s biztons\u00e1gban maradjon.<\/p>\n\n\n\n<p>A l\u00e1togat\u00e1sok monitoroz\u00e1sa mellett az alkalmaz\u00e1s inform\u00e1ci\u00f3kat ny\u00fajt azokr\u00f3l az emberekr\u0151l is, akik t\u00falzott \u00e9rdekl\u0151d\u00e9st mutathatnak.<\/p>\n\n\n\n<p>Ez a fajta megfigyel\u00e9s nemcsak az\u00e9rt hasznos, hogy meg\u00e9rts\u00fck, kit \u00e9rdekel a profilunk, hanem a v\u00e1ratlan kapcsolatfelv\u00e9telek elleni v\u00e9delem meger\u0151s\u00edt\u00e9s\u00e9re is. V\u00e9g\u00fcl is, ha tudjuk, hogy valaki n\u00e9zi a profilunkat, az jelz\u00e9s lehet az adatv\u00e9delmi be\u00e1ll\u00edt\u00e1sok m\u00f3dos\u00edt\u00e1s\u00e1ra.<\/p>\n\n\n\n<h3 class=\"wp-block-heading\"><strong>Az igazs\u00e1g a l\u00e1jkok m\u00f6g\u00f6tt: Kiket \u00e9rdekel val\u00f3j\u00e1ban a tartalmaid?<\/strong><\/h3>\n\n\n\n<p>Azok, akik l\u00e1jkolnak vagy kommentelnek egy k\u00e9pet, nem mindig \u00e9rdekli \u0151ket igaz\u00e1n, hogy mit posztolsz. <strong>K\u00f6z\u00f6ss\u00e9gi m\u00e9dia k\u00f6vet\u0151<\/strong> teljesebb elemz\u00e9st v\u00e9gez, kiemelve a legfontosabb interakci\u00f3kat, \u00e9s lehet\u0151v\u00e9 t\u00e9ve, hogy meg\u00e9rtsd, kit \u00e9rdekel val\u00f3j\u00e1ban a tartalmad.<\/p>\n\n\n\n<p>Ez a k\u00fcl\u00f6nbs\u00e9gt\u00e9tel elengedhetetlen az influenszerek \u00e9s a profiljukat rendszerezni k\u00edv\u00e1n\u00f3 emberek sz\u00e1m\u00e1ra, mivel seg\u00edt nekik a legfontosabb interakci\u00f3kra koncentr\u00e1lni.<\/p>\n\n\n\n<h3 class=\"wp-block-heading\"><strong>A k\u00f6z\u00f6ss\u00e9gi nyomk\u00f6vet\u0151 el\u0151nyei: Biztons\u00e1g \u00e9s kontroll egy kattint\u00e1ssal<\/strong><\/h3>\n\n\n\n<p><strong>K\u00f6z\u00f6ss\u00e9gi m\u00e9dia k\u00f6vet\u0151<\/strong> Sz\u00e1mos el\u0151nye magyar\u00e1zza n\u00e9pszer\u0171s\u00e9g\u00e9t a felhaszn\u00e1l\u00f3k k\u00f6r\u00e9ben. \u00cdme n\u00e9h\u00e1ny a f\u0151bb el\u0151ny\u00f6k k\u00f6z\u00fcl:<\/p>\n\n\n\n<ul class=\"wp-block-list\">\n<li><strong>Fokozott adatv\u00e9delem<\/strong>: \u00c9rtsd meg, hogy kik tekintik meg a tartalmaidat, \u00e9s ennek megfelel\u0151en \u00e1ll\u00edtsd be az adatv\u00e9delmi be\u00e1ll\u00edt\u00e1saidat.<\/li>\n\n\n\n<li><strong>Az interakci\u00f3k feletti kontroll<\/strong>: N\u00e9zd meg, kik \u00e9rdekl\u0151dnek folyamatosan a profilod ir\u00e1nt, \u00e9s k\u00f6vesd nyomon a k\u00f6z\u00f6ns\u00e9gedet.<\/li>\n\n\n\n<li><strong>Jobb elk\u00f6telez\u0151d\u00e9s<\/strong>A k\u00f6z\u00f6ns\u00e9g ismerete seg\u00edt jav\u00edtani a tartalom min\u0151s\u00e9g\u00e9t az\u00e1ltal, hogy azokra \u00f6sszpontos\u00edt, akiket val\u00f3ban \u00e9rdekel.<\/li>\n\n\n\n<li><strong>Gyakorlatiass\u00e1g \u00e9s biztons\u00e1g<\/strong>Felhaszn\u00e1l\u00f3bar\u00e1t fel\u00fclet\u00e9nek \u00e9s bizony\u00edtott biztons\u00e1g\u00e1nak k\u00f6sz\u00f6nhet\u0151en a Social Tracker lehet\u0151v\u00e9 teszi a l\u00e1togat\u00e1sok nyomon k\u00f6vet\u00e9s\u00e9t szem\u00e9lyes adataid vesz\u00e9lyeztet\u00e9se n\u00e9lk\u00fcl.<\/li>\n<\/ul>\n\n\n\n<h3 class=\"wp-block-heading\"><strong>Felhaszn\u00e1l\u00f3i v\u00e9lem\u00e9nyek<\/strong><\/h3>\n\n\n\n<p>Tudja meg, mit gondolnak egyes felhaszn\u00e1l\u00f3k <strong>K\u00f6z\u00f6ss\u00e9gi m\u00e9dia k\u00f6vet\u0151<\/strong>:<\/p>\n\n\n\n<ol class=\"wp-block-list\">\n<li><strong>Carlos S.<\/strong> \u2013 \u201eNagyszer\u0171 alkalmaz\u00e1s! Felfedeztem, hogy egy kor\u00e1bbi munkat\u00e1rsam folyamatosan n\u00e9zegeti a profilomat. \u00cdgy betekint\u00e9st nyerhettem abba, hogy ki k\u00f6veti a friss\u00edt\u00e9seimet.\u201d<\/li>\n\n\n\n<li><strong>Ren\u00e1ta P.<\/strong> \u2013 \u201eNagyon \u00e9rdekes! Amellett, hogy l\u00e1tom, kik l\u00e1togatj\u00e1k a profilomat, azt is meg\u00e9rtem, hogy kik l\u00e9pnek kapcsolatba velem val\u00f3j\u00e1ban. T\u00f6k\u00e9letes azok sz\u00e1m\u00e1ra, akik mindenr\u0151l k\u00e9pben akarnak maradni.\u201d<\/li>\n\n\n\n<li><strong>Lucas F.<\/strong> \u2013 \u201ePraktikus \u00e9s intuit\u00edv! Megmutatja, hogy ki k\u00f6veti a profilomat, \u00e9s seg\u00edt jav\u00edtani a biztons\u00e1gomat. Aj\u00e1nlom!\u201d<\/li>\n<\/ol>\n\n\n<div class=\"wp-block-image\">\n<figure class=\"aligncenter size-full\"><img loading=\"lazy\" decoding=\"async\" width=\"550\" height=\"350\" src=\"http:\/\/universofamilia.com\/wp-content\/uploads\/sites\/148\/2024\/11\/DESTAQUE-UNIVERSO-550-x-350-1.jpg\" alt=\"\" class=\"wp-image-7308\" srcset=\"https:\/\/universofamilia.com\/wp-content\/uploads\/sites\/148\/2024\/11\/DESTAQUE-UNIVERSO-550-x-350-1.jpg 550w, https:\/\/universofamilia.com\/wp-content\/uploads\/sites\/148\/2024\/11\/DESTAQUE-UNIVERSO-550-x-350-1-300x191.jpg 300w\" sizes=\"(max-width: 550px) 100vw, 550px\" \/><figcaption class=\"wp-element-caption\">Kik l\u00e1togatj\u00e1k a profilodat? Der\u00edtsd ki!<\/figcaption><\/figure><\/div>\n\n\n<h3 class=\"wp-block-heading\"><strong>A k\u00f6z\u00f6ss\u00e9gi k\u00f6vet\u0151 telep\u00edt\u00e9se<\/strong><\/h3>\n\n\n\n<p>Telep\u00edt\u00e9s <strong>K\u00f6z\u00f6ss\u00e9gi m\u00e9dia k\u00f6vet\u0151<\/strong> Egyszer\u0171 \u00e9s csak n\u00e9h\u00e1ny percet vesz ig\u00e9nybe. K\u00f6vesd az al\u00e1bbi l\u00e9p\u00e9seket:<\/p>\n\n\n\n<ol class=\"wp-block-list\">\n<li>Menj az eszk\u00f6z\u00f6d alkalmaz\u00e1sboltj\u00e1ba.<\/li>\n\n\n\n<li>Keres <strong>K\u00f6z\u00f6ss\u00e9gi m\u00e9dia k\u00f6vet\u0151<\/strong>.<\/li>\n\n\n\n<li>Kattintson a \u201eTelep\u00edt\u00e9s\u201d gombra, \u00e9s k\u00f6vesse a k\u00e9perny\u0151n megjelen\u0151 utas\u00edt\u00e1sokat.<\/li>\n\n\n\n<li>A telep\u00edt\u00e9s ut\u00e1n nyissa meg az alkalmaz\u00e1st, \u00e9s enged\u00e9lyezze a biztons\u00e1gi \u00e9s adatv\u00e9delmi be\u00e1ll\u00edt\u00e1sokat.<\/li>\n<\/ol>\n\n\n\n<p>Kezd\u00e9sk\u00e9nt csak \u00e1ll\u00edtsd be a profilodat, \u00e9s k\u00e9sz is vagy!<\/p>\n\n\n\n<p>Most m\u00e1r k\u00e9szen \u00e1llsz arra, hogy megtudd, kik tekintik meg az oldaladat.<\/p>\n\n\n\n<h3 class=\"wp-block-heading\"><strong>Konkl\u00fazi\u00f3: Az igazs\u00e1g a k\u00f6z\u00f6ss\u00e9gi m\u00e9dia profilod l\u00e1that\u00f3s\u00e1g\u00e1r\u00f3l<\/strong><\/h3>\n\n\n\n<p>Az, hogy tudjuk, kik l\u00e1togatj\u00e1k a profilunkat, nem csup\u00e1n k\u00edv\u00e1ncsis\u00e1g, hanem egy m\u00f3dja annak is, hogy jobban k\u00e9zben tartsuk, kik tekintik meg online tev\u00e9kenys\u00e9geinket.<\/p>\n\n\n\n<p><strong>K\u00f6z\u00f6ss\u00e9gi m\u00e9dia k\u00f6vet\u0151<\/strong> Ez egy olyan alkalmaz\u00e1s, amely r\u00e9szletes elemz\u00e9st k\u00edn\u00e1l, \u00edgy biztons\u00e1gosabban \u00e9s tudatosabban \u00e9rezheti mag\u00e1t a l\u00e1togat\u00e1sokkal \u00e9s interakci\u00f3kkal kapcsolatban.<\/p>\n\n\n\n<p>Ne feledd, az elk\u00f6telez\u0151d\u00e9s \u00e9rt\u00e9kes, \u00e9s mindig j\u00f3 tudni, hogy a k\u00f6z\u00f6ns\u00e9ged \u00e9rdekl\u0151d\u00e9se val\u00f3di.<\/p>\n\n\n\n<p>A be\u00e1ll\u00edt\u00e1sok m\u00f3dos\u00edt\u00e1s\u00e1val \u00e9s az interakci\u00f3k nyomon k\u00f6vet\u00e9s\u00e9vel azokra koncentr\u00e1lhatsz, akik igaz\u00e1n sz\u00e1m\u00edtanak, \u00e9s elker\u00fclheted a k\u00edv\u00e1ncsi emberekkel vagy a zaklat\u00f3kkal kapcsolatos felesleges aggodalmakat.<\/p>\n\n\n\n<h4 class=\"wp-block-heading\">Let\u00f6lt\u00e9si linkek<\/h4>\n\n\n\n<ul class=\"wp-block-list\">\n<li><strong>K\u00f6z\u00f6ss\u00e9gi m\u00e9dia k\u00f6vet\u0151<\/strong>: <a href=\"https:\/\/apps.apple.com\/br\/app\/social-tracker\/id1189139278\">App Store<\/a> | <a href=\"https:\/\/play.google.com\/store\/apps\/details?id=com.mobiversite.lookAtMe&amp;hl=pt_BR&amp;pli=1\">Google Play<\/a><\/li>\n<\/ul>\n\n\n\n<hr class=\"wp-block-separator has-alpha-channel-opacity is-style-wide\"\/>\n\n\n\n<h3 class=\"wp-block-heading\"><strong>Gyakran Ism\u00e9telt K\u00e9rd\u00e9sek (GYIK) a K\u00f6z\u00f6ss\u00e9gi H\u00e1l\u00f3zatokr\u00f3l<\/strong><\/h3>\n\n\n\n<ol class=\"wp-block-list\">\n<li><strong>Biztons\u00e1gos alkalmaz\u00e1sokat haszn\u00e1lni a profilom l\u00e1togat\u00e1sainak megfigyel\u00e9s\u00e9re?<\/strong> Igen, amennyiben megb\u00edzhat\u00f3 forr\u00e1sb\u00f3l sz\u00e1rmaz\u00f3 alkalmaz\u00e1sokat v\u00e1lasztasz, p\u00e9ld\u00e1ul a Social Trackert, amelyek garant\u00e1lj\u00e1k az adatv\u00e9delmedet \u00e9s megv\u00e9denek a jogosulatlan hozz\u00e1f\u00e9r\u00e9st\u0151l.<\/li>\n\n\n\n<li><strong>Hogyan v\u00e9dhetem meg a szem\u00e9lyes adataimat a k\u00f6z\u00f6ss\u00e9gi m\u00e9di\u00e1ban?<\/strong> M\u00f3dos\u00edtsd az adatv\u00e9delmi be\u00e1ll\u00edt\u00e1saidat minden k\u00f6z\u00f6ss\u00e9gi h\u00e1l\u00f3zaton, korl\u00e1tozva a bejegyz\u00e9seid \u00e9s a profilod l\u00e1that\u00f3s\u00e1g\u00e1t, hogy csak a bar\u00e1taid vagy a j\u00f3v\u00e1hagyott kapcsolataid l\u00e1thass\u00e1k \u0151ket.<\/li>\n\n\n\n<li><strong>Val\u00f3ban tudhatom, hogy ki l\u00e1togatja a profilomat olyan h\u00e1l\u00f3zatokon, mint a Facebook \u00e9s az Instagram?<\/strong> A Facebook \u00e9s az Instagram nem k\u00f6zvetlen\u00fcl adja meg ezeket az inform\u00e1ci\u00f3kat. Azonban olyan alkalmaz\u00e1sok, mint a Social Tracker, elemzik az interakci\u00f3kat \u00e9s az elk\u00f6telez\u0151d\u00e9st, hogy durva k\u00e9pet adjanak.<\/li>\n\n\n\n<li><strong>Mit jelent az, hogy \u201eelk\u00f6telez\u0151d\u00e9s\u201d van a k\u00f6z\u00f6ss\u00e9gi m\u00e9di\u00e1ban?<\/strong> Az elk\u00f6telez\u0151d\u00e9s a k\u00f6vet\u0151id tartalmaiddal val\u00f3 interakci\u00f3j\u00e1nak szintje, bele\u00e9rtve a l\u00e1jkokat, hozz\u00e1sz\u00f3l\u00e1sokat, megoszt\u00e1sokat \u00e9s a bejegyz\u00e9seid megtekint\u00e9s\u00e9vel t\u00f6lt\u00f6tt id\u0151t.<\/li>\n\n\n\n<li><strong>Lehets\u00e9ges letiltani valakit, hogy ne l\u00e1ssa a profilomat?<\/strong> Igen, a legt\u00f6bb k\u00f6z\u00f6ss\u00e9gi h\u00e1l\u00f3zaton van lehet\u0151s\u00e9g blokkolni az embereket, ami megakad\u00e1lyozza, hogy l\u00e1ss\u00e1k a profilodat \u00e9s a bejegyz\u00e9seidet.<\/li>\n\n\n\n<li><strong>Mely k\u00f6z\u00f6ss\u00e9gi oldalak a legbiztons\u00e1gosabbak a szem\u00e9lyes adatok megoszt\u00e1s\u00e1ra?<\/strong> Az olyan h\u00e1l\u00f3zatok, mint a LinkedIn \u00e9s a professzion\u00e1lis platformok gyakran szigor\u00fabb adatv\u00e9delmi be\u00e1ll\u00edt\u00e1sokkal rendelkeznek. A biztons\u00e1g azonban att\u00f3l f\u00fcgg, hogyan konfigur\u00e1lja fi\u00f3kj\u00e1t az egyes h\u00e1l\u00f3zatokon.<\/li>\n\n\n\n<li><strong>Hogyan n\u00f6velhetem az elk\u00f6telez\u0151d\u00e9st an\u00e9lk\u00fcl, hogy agg\u00f3dn\u00e9k a zaklat\u00f3k miatt?<\/strong> Tegy\u00e9l k\u00f6zz\u00e9 hiteles \u00e9s relev\u00e1ns tartalmat a k\u00f6vet\u0151id sz\u00e1m\u00e1ra, \u00e9s \u00e1ll\u00edtsd be az adatv\u00e9delmi be\u00e1ll\u00edt\u00e1saidat a preferenci\u00e1id szerint. Ez\u00e1ltal a k\u00f6z\u00f6ns\u00e9ged \u00e9rdekl\u0151d\u00e9se megmarad a biztons\u00e1god vesz\u00e9lyeztet\u00e9se n\u00e9lk\u00fcl.<\/li>\n<\/ol>","protected":false},"excerpt":{"rendered":"<p>Szeretn\u00e9d tudni, hogy ki n\u00e9zi a profilodat? Tudd meg, hogyan! K\u00e9pzeld el, hogy laz\u00e1n b\u00f6ng\u00e9szel a k\u00f6z\u00f6ss\u00e9gi m\u00e9di\u00e1ban, egy r\u00e9gi ismer\u0151s\u00f6d, esetleg egy r\u00e9gi szerelmed profilj\u00e1t l\u00e1togatod meg. Mit szeretn\u00e9l el\u0151sz\u00f6r csin\u00e1lni? Olvass tov\u00e1bb! \u00c9s hirtelen r\u00e1j\u00f6ssz, hogy ez a szem\u00e9ly \u00e9szrevette, hogy [\u2026]<\/p>","protected":false},"author":0,"featured_media":7308,"comment_status":"closed","ping_status":"open","sticky":false,"template":"","format":"standard","meta":{"footnotes":""},"categories":[3],"tags":[319,499,763,1242,1462],"yoast_head":"<!-- This site is optimized with the Yoast SEO plugin v23.3 - https:\/\/yoast.com\/wordpress\/plugins\/seo\/ -->\n<title>\u00bfQui\u00e9n visita tu perfil? \u00a1Desc\u00fabrelo! - Universo Fam\u00edlia<\/title>\n<meta name=\"description\" content=\"\u00bfQui\u00e9n visita tu perfil? \u00a1Desc\u00fabrelo! \u00bfTe gustar\u00eda saber qui\u00e9n ve tu perfil? \u00a1Descubre c\u00f3mo hacerlo! Imag\u00ednate que est\u00e1s navegando...\" \/>\n<meta name=\"robots\" content=\"index, follow, max-snippet:-1, max-image-preview:large, max-video-preview:-1\" \/>\n<link rel=\"canonical\" href=\"https:\/\/universofamilia.com\/hu\/wer-ihr-profil-besucht-erfahrt\/\" \/>\n<meta property=\"og:locale\" content=\"hu_HU\" \/>\n<meta property=\"og:type\" content=\"article\" \/>\n<meta property=\"og:title\" content=\"\u00bfQui\u00e9n visita tu perfil? \u00a1Desc\u00fabrelo! - Universo Fam\u00edlia\" \/>\n<meta property=\"og:description\" content=\"\u00bfQui\u00e9n visita tu perfil? \u00a1Desc\u00fabrelo! \u00bfTe gustar\u00eda saber qui\u00e9n ve tu perfil? \u00a1Descubre c\u00f3mo hacerlo! Imag\u00ednate que est\u00e1s navegando...\" \/>\n<meta property=\"og:url\" content=\"https:\/\/universofamilia.com\/hu\/wer-ihr-profil-besucht-erfahrt\/\" \/>\n<meta property=\"og:site_name\" content=\"Universo Fam\u00edlia\" \/>\n<meta property=\"article:published_time\" content=\"2024-11-01T13:26:57+00:00\" \/>\n<meta property=\"og:image\" content=\"https:\/\/universofamilia.com\/wp-content\/uploads\/sites\/148\/2024\/11\/DESTAQUE-UNIVERSO-550-x-350-1.jpg\" \/>\n\t<meta property=\"og:image:width\" content=\"550\" \/>\n\t<meta property=\"og:image:height\" content=\"350\" \/>\n\t<meta property=\"og:image:type\" content=\"image\/jpeg\" \/>\n<meta name=\"twitter:card\" content=\"summary_large_image\" \/>\n<meta name=\"twitter:label1\" content=\"Est. reading time\" \/>\n\t<meta name=\"twitter:data1\" content=\"9 perc\" \/>\n<script type=\"application\/ld+json\" class=\"yoast-schema-graph\">{\"@context\":\"https:\/\/schema.org\",\"@graph\":[{\"@type\":\"WebPage\",\"@id\":\"https:\/\/universofamilia.com\/de\/wer-ihr-profil-besucht-erfahrt\/\",\"url\":\"https:\/\/universofamilia.com\/de\/wer-ihr-profil-besucht-erfahrt\/\",\"name\":\"\u00bfQui\u00e9n visita tu perfil? \u00a1Desc\u00fabrelo! - Universo Fam\u00edlia\",\"isPartOf\":{\"@id\":\"https:\/\/universofamilia.com\/el\/#website\"},\"primaryImageOfPage\":{\"@id\":\"https:\/\/universofamilia.com\/de\/wer-ihr-profil-besucht-erfahrt\/#primaryimage\"},\"image\":{\"@id\":\"https:\/\/universofamilia.com\/de\/wer-ihr-profil-besucht-erfahrt\/#primaryimage\"},\"thumbnailUrl\":\"https:\/\/universofamilia.com\/wp-content\/uploads\/sites\/148\/2024\/11\/DESTAQUE-UNIVERSO-550-x-350-1.jpg\",\"datePublished\":\"2024-11-01T13:26:57+00:00\",\"dateModified\":\"2024-11-01T13:26:57+00:00\",\"author\":{\"@id\":\"\"},\"description\":\"\u00bfQui\u00e9n visita tu perfil? \u00a1Desc\u00fabrelo! \u00bfTe gustar\u00eda saber qui\u00e9n ve tu perfil? \u00a1Descubre c\u00f3mo hacerlo! Imag\u00ednate que est\u00e1s navegando...\",\"breadcrumb\":{\"@id\":\"https:\/\/universofamilia.com\/de\/wer-ihr-profil-besucht-erfahrt\/#breadcrumb\"},\"inLanguage\":\"hu\",\"potentialAction\":[{\"@type\":\"ReadAction\",\"target\":[\"https:\/\/universofamilia.com\/de\/wer-ihr-profil-besucht-erfahrt\/\"]}]},{\"@type\":\"ImageObject\",\"inLanguage\":\"hu\",\"@id\":\"https:\/\/universofamilia.com\/de\/wer-ihr-profil-besucht-erfahrt\/#primaryimage\",\"url\":\"https:\/\/universofamilia.com\/wp-content\/uploads\/sites\/148\/2024\/11\/DESTAQUE-UNIVERSO-550-x-350-1.jpg\",\"contentUrl\":\"https:\/\/universofamilia.com\/wp-content\/uploads\/sites\/148\/2024\/11\/DESTAQUE-UNIVERSO-550-x-350-1.jpg\",\"width\":550,\"height\":350,\"caption\":\"\u00bfQui\u00e9n visita tu perfil? \u00a1Desc\u00fabrelo!\"},{\"@type\":\"BreadcrumbList\",\"@id\":\"https:\/\/universofamilia.com\/de\/wer-ihr-profil-besucht-erfahrt\/#breadcrumb\",\"itemListElement\":[{\"@type\":\"ListItem\",\"position\":1,\"name\":\"Home\",\"item\":\"https:\/\/universofamilia.com\/el\/\"},{\"@type\":\"ListItem\",\"position\":2,\"name\":\"\u00bfQui\u00e9n visita tu perfil? \u00a1Desc\u00fabrelo!\"}]},{\"@type\":\"WebSite\",\"@id\":\"https:\/\/universofamilia.com\/el\/#website\",\"url\":\"https:\/\/universofamilia.com\/el\/\",\"name\":\"Universo Fam\u00edlia\",\"description\":\"\",\"potentialAction\":[{\"@type\":\"SearchAction\",\"target\":{\"@type\":\"EntryPoint\",\"urlTemplate\":\"https:\/\/universofamilia.com\/el\/?s={search_term_string}\"},\"query-input\":\"required name=search_term_string\"}],\"inLanguage\":\"hu\"}]}<\/script>\n<!-- \/ Yoast SEO plugin. -->","yoast_head_json":{"title":"\u00bfQui\u00e9n visita tu perfil? \u00a1Desc\u00fabrelo! - Universo Fam\u00edlia","description":"\u00bfQui\u00e9n visita tu perfil? \u00a1Desc\u00fabrelo! \u00bfTe gustar\u00eda saber qui\u00e9n ve tu perfil? \u00a1Descubre c\u00f3mo hacerlo! Imag\u00ednate que est\u00e1s navegando...","robots":{"index":"index","follow":"follow","max-snippet":"max-snippet:-1","max-image-preview":"max-image-preview:large","max-video-preview":"max-video-preview:-1"},"canonical":"https:\/\/universofamilia.com\/hu\/wer-ihr-profil-besucht-erfahrt\/","og_locale":"hu_HU","og_type":"article","og_title":"\u00bfQui\u00e9n visita tu perfil? \u00a1Desc\u00fabrelo! - Universo Fam\u00edlia","og_description":"\u00bfQui\u00e9n visita tu perfil? \u00a1Desc\u00fabrelo! \u00bfTe gustar\u00eda saber qui\u00e9n ve tu perfil? \u00a1Descubre c\u00f3mo hacerlo! Imag\u00ednate que est\u00e1s navegando...","og_url":"https:\/\/universofamilia.com\/hu\/wer-ihr-profil-besucht-erfahrt\/","og_site_name":"Universo Fam\u00edlia","article_published_time":"2024-11-01T13:26:57+00:00","og_image":[{"width":550,"height":350,"url":"https:\/\/universofamilia.com\/wp-content\/uploads\/sites\/148\/2024\/11\/DESTAQUE-UNIVERSO-550-x-350-1.jpg","type":"image\/jpeg"}],"twitter_card":"summary_large_image","twitter_misc":{"Est. reading time":"9 perc"},"schema":{"@context":"https:\/\/schema.org","@graph":[{"@type":"WebPage","@id":"https:\/\/universofamilia.com\/de\/wer-ihr-profil-besucht-erfahrt\/","url":"https:\/\/universofamilia.com\/de\/wer-ihr-profil-besucht-erfahrt\/","name":"\u00bfQui\u00e9n visita tu perfil? \u00a1Desc\u00fabrelo! - Universo Fam\u00edlia","isPartOf":{"@id":"https:\/\/universofamilia.com\/el\/#website"},"primaryImageOfPage":{"@id":"https:\/\/universofamilia.com\/de\/wer-ihr-profil-besucht-erfahrt\/#primaryimage"},"image":{"@id":"https:\/\/universofamilia.com\/de\/wer-ihr-profil-besucht-erfahrt\/#primaryimage"},"thumbnailUrl":"https:\/\/universofamilia.com\/wp-content\/uploads\/sites\/148\/2024\/11\/DESTAQUE-UNIVERSO-550-x-350-1.jpg","datePublished":"2024-11-01T13:26:57+00:00","dateModified":"2024-11-01T13:26:57+00:00","author":{"@id":""},"description":"\u00bfQui\u00e9n visita tu perfil? \u00a1Desc\u00fabrelo! \u00bfTe gustar\u00eda saber qui\u00e9n ve tu perfil? \u00a1Descubre c\u00f3mo hacerlo! Imag\u00ednate que est\u00e1s navegando...","breadcrumb":{"@id":"https:\/\/universofamilia.com\/de\/wer-ihr-profil-besucht-erfahrt\/#breadcrumb"},"inLanguage":"hu","potentialAction":[{"@type":"ReadAction","target":["https:\/\/universofamilia.com\/de\/wer-ihr-profil-besucht-erfahrt\/"]}]},{"@type":"ImageObject","inLanguage":"hu","@id":"https:\/\/universofamilia.com\/de\/wer-ihr-profil-besucht-erfahrt\/#primaryimage","url":"https:\/\/universofamilia.com\/wp-content\/uploads\/sites\/148\/2024\/11\/DESTAQUE-UNIVERSO-550-x-350-1.jpg","contentUrl":"https:\/\/universofamilia.com\/wp-content\/uploads\/sites\/148\/2024\/11\/DESTAQUE-UNIVERSO-550-x-350-1.jpg","width":550,"height":350,"caption":"\u00bfQui\u00e9n visita tu perfil? \u00a1Desc\u00fabrelo!"},{"@type":"BreadcrumbList","@id":"https:\/\/universofamilia.com\/de\/wer-ihr-profil-besucht-erfahrt\/#breadcrumb","itemListElement":[{"@type":"ListItem","position":1,"name":"Home","item":"https:\/\/universofamilia.com\/el\/"},{"@type":"ListItem","position":2,"name":"\u00bfQui\u00e9n visita tu perfil? \u00a1Desc\u00fabrelo!"}]},{"@type":"WebSite","@id":"https:\/\/universofamilia.com\/el\/#website","url":"https:\/\/universofamilia.com\/el\/","name":"Universo Fam\u00edlia","description":"","potentialAction":[{"@type":"SearchAction","target":{"@type":"EntryPoint","urlTemplate":"https:\/\/universofamilia.com\/el\/?s={search_term_string}"},"query-input":"required name=search_term_string"}],"inLanguage":"hu"}]}},"_links":{"self":[{"href":"https:\/\/universofamilia.com\/hu\/wp-json\/wp\/v2\/posts\/7303"}],"collection":[{"href":"https:\/\/universofamilia.com\/hu\/wp-json\/wp\/v2\/posts"}],"about":[{"href":"https:\/\/universofamilia.com\/hu\/wp-json\/wp\/v2\/types\/post"}],"replies":[{"embeddable":true,"href":"https:\/\/universofamilia.com\/hu\/wp-json\/wp\/v2\/comments?post=7303"}],"version-history":[{"count":0,"href":"https:\/\/universofamilia.com\/hu\/wp-json\/wp\/v2\/posts\/7303\/revisions"}],"wp:featuredmedia":[{"embeddable":true,"href":"https:\/\/universofamilia.com\/hu\/wp-json\/wp\/v2\/media\/7308"}],"wp:attachment":[{"href":"https:\/\/universofamilia.com\/hu\/wp-json\/wp\/v2\/media?parent=7303"}],"wp:term":[{"taxonomy":"category","embeddable":true,"href":"https:\/\/universofamilia.com\/hu\/wp-json\/wp\/v2\/categories?post=7303"},{"taxonomy":"post_tag","embeddable":true,"href":"https:\/\/universofamilia.com\/hu\/wp-json\/wp\/v2\/tags?post=7303"}],"curies":[{"name":"wp","href":"https:\/\/api.w.org\/{rel}","templated":true}]}}