{"id":7304,"date":"2024-11-01T10:09:40","date_gmt":"2024-11-01T13:09:40","guid":{"rendered":"https:\/\/universofamilia.com\/?p=7304"},"modified":"2024-11-01T10:09:40","modified_gmt":"2024-11-01T13:09:40","slug":"descubre-quien-visito-tu-perfil","status":"publish","type":"post","link":"https:\/\/universofamilia.com\/hu\/descubre-quien-visito-tu-perfil\/","title":{"rendered":"Tudja meg, kik l\u00e1togatt\u00e1k meg a profilj\u00e1t"},"content":{"rendered":"<p>Szeretn\u00e9d tudni, hogy kik n\u00e9zik a k\u00f6z\u00f6ss\u00e9gi m\u00e9dia oldalaidat? Tudd meg most!<\/p>\n\n\n\n<p>K\u00e9pzeld el, hogy csendben n\u00e9zegeted valakinek a profilj\u00e1t a k\u00f6z\u00f6ss\u00e9gi m\u00e9di\u00e1ban... ki ne tette volna m\u00e1r ezt, ugye?<\/p>\n\n\n\n<p><\/p>\n\n\n\n<hr class=\"wp-block-separator has-text-color has-luminous-vivid-orange-color has-alpha-channel-opacity has-luminous-vivid-orange-background-color has-background is-style-wide\"\/>\n\n\n\n<h2 class=\"wp-block-heading has-text-align-center\">Mit szeretn\u00e9l el\u0151sz\u00f6r csin\u00e1lni?<\/h2>\n\n\n\n<div class=\"wp-block-buttons is-content-justification-center is-layout-flex wp-container-core-buttons-layout-1 wp-block-buttons-is-layout-flex\">\n<div class=\"wp-block-button has-custom-width wp-block-button__width-100 is-style-outline\" style=\"text-decoration:none\"><a class=\"wp-block-button__link has-white-color has-vivid-cyan-blue-background-color has-text-color has-background has-link-color has-text-align-left wp-element-button\" href=\"https:\/\/universofamilia.com\/hu\/7282\/descubre-quien-esta-observandote\/\" style=\"border-radius:10px\">Tudd meg, ki figyel t\u00e9ged \u27a1\ufe0f<\/a><\/div>\n<\/div>\n\n\n\n<div class=\"wp-block-buttons is-content-justification-center is-layout-flex wp-container-core-buttons-layout-2 wp-block-buttons-is-layout-flex\">\n<div class=\"wp-block-button has-custom-width wp-block-button__width-100 is-style-outline\" style=\"text-decoration:none\"><a class=\"wp-block-button__link has-white-color has-vivid-cyan-blue-background-color has-text-color has-background has-link-color has-text-align-left wp-element-button\" href=\"https:\/\/universofamilia.com\/hu\/7281\/quien-esta-interesado-en-ti\/\" style=\"border-radius:10px\">Kit \u00e9rdekelsz? \u27a1\ufe0f<\/a><\/div>\n<\/div>\n\n\n\n<div class=\"wp-block-buttons is-content-justification-center is-layout-flex wp-container-core-buttons-layout-3 wp-block-buttons-is-layout-flex\">\n<div class=\"wp-block-button has-custom-width wp-block-button__width-100 is-style-outline\" style=\"text-decoration:none\"><a class=\"wp-block-button__link has-white-color has-vivid-cyan-blue-background-color has-text-color has-background has-link-color has-text-align-left wp-element-button\" href=\"https:\/\/universofamilia.com\/hu\/7271\/encuentra-el-amor-mejores-apps-de-citas\/\" style=\"border-radius:10px\">Tal\u00e1ld meg a szerelmet \u27a1\ufe0f<\/a><\/div>\n<\/div>\n\n\n\n<p class=\"has-text-align-center\"><em><strong>Olvass tov\u00e1bb!<\/strong><\/em><\/p>\n\n\n\n<hr class=\"wp-block-separator has-text-color has-luminous-vivid-orange-color has-alpha-channel-opacity has-luminous-vivid-orange-background-color has-background is-style-wide\"\/>\n\n\n\n<p><\/p>\n\n\n\n<p>Tal\u00e1n k\u00edv\u00e1ncsis\u00e1gb\u00f3l vagy nosztalgi\u00e1b\u00f3l egy m\u00faltbeli szerelem ir\u00e1nt, valaki ir\u00e1nt, akivel fontos pillanatokat osztott\u00e1l meg.<\/p>\n\n\n\n<p>De mi t\u00f6rt\u00e9nik, ha az illet\u0151 megtudja? Ez a helyzet gyakoribb, mint amilyennek l\u00e1tszik, \u00e9s a \u201eki n\u00e9zte meg a profilomat\u201d rejt\u00e9lye tov\u00e1bbra is sokakat foglalkoztat.<\/p>\n\n\n\n<p>V\u00e9g\u00fcl is ki ne szeretn\u00e9 tudni, hogy ki n\u00e9zi a fot\u00f3it, posztjait vagy \u00e1ltal\u00e1ban az \u00e9let\u00e9t?<\/p>\n\n\n\n<p>Sokak sz\u00e1m\u00e1ra ez a v\u00e1lasz \u00fajrakapcsolatokat, \u00e9s mi\u00e9rt ne, meglepet\u00e9seket hozhat.<\/p>\n\n\n\n<p>A k\u00f6z\u00f6ss\u00e9gi m\u00e9dia felhaszn\u00e1l\u00f3i k\u00f6r\u00e9ben vil\u00e1gszerte az egyik legkeresettebb titok annak kider\u00edt\u00e9se, hogy kik l\u00e1togatt\u00e1k meg a profilodat.<\/p>\n\n\n\n<p>T\u00f6bbet szeretne megtudni? Az al\u00e1bbiakban megvizsg\u00e1ljuk, hogyan m\u0171k\u00f6dik ez az eszk\u00f6z, milyen el\u0151ny\u00f6ket k\u00edn\u00e1l, \u00e9s term\u00e9szetesen azt is, hogyan veheti \u00e1t az ir\u00e1ny\u00edt\u00e1st a profilj\u00e1n t\u00f6rt\u00e9ntek felett.<\/p>\n\n\n\n<h3 class=\"wp-block-heading\">Mi\u00e9rt fontos tudni, hogy kik n\u00e9zt\u00e9k meg a profilodat?<\/h3>\n\n\n\n<p>Hasznosabb lehet tudni, hogy kik l\u00e1togatj\u00e1k a profilodat, mint gondoln\u00e1d. K\u00e9pzeld el, hogy valaki, akit \u00e9vekkel ezel\u0151tt ismert\u00e9l \u2013 tal\u00e1n egy r\u00e9gi bar\u00e1t, egy volt bar\u00e1t vagy egy t\u00e1voli rokon \u2013 elkezdi n\u00e9zegetni a bejegyz\u00e9seidet, l\u00e1jkolni a r\u00e9gi fot\u00f3idat.<\/p>\n\n\n\n<p>Ez a fajta tev\u00e9kenys\u00e9g \u00faj interakci\u00f3kat hozhat, fel\u00e9lesztheti a bar\u00e1ts\u00e1gokat, s\u0151t, ak\u00e1r fontos k\u00f6tel\u00e9keket is fel\u00e9leszthet.<\/p>\n\n\n\n<p>De a k\u00edv\u00e1ncsis\u00e1gon t\u00fal ez biztons\u00e1got \u00e9s adatv\u00e9delmet is jelent. Ezeknek a l\u00e1togat\u00e1soknak a nyomon k\u00f6vet\u00e9se olyan, mint egy \u201edigit\u00e1lis fel\u00fcgyeleti kutya\u201d, amely t\u00e1j\u00e9koztat arr\u00f3l, hogy kit \u00e9rdekel a profilod.<\/p>\n\n\n\n<p>Szeretn\u00e9d tudni, hogyan \u00e9rheted el ezt? Sz\u00e1mos alkalmaz\u00e1s \u00e9s m\u00f3dszer l\u00e9tezik, amelyek \u00edg\u00e9retesek a profilod l\u00e1togat\u00e1sainak nyomon k\u00f6vet\u00e9s\u00e9ben, \u00e9s az egyik, amely n\u00e9pszer\u0171v\u00e9 v\u00e1lt, a <strong>K\u00f6z\u00f6ss\u00e9gi m\u00e9dia k\u00f6vet\u0151<\/strong>.<\/p>\n\n\n\n<p>Mersz t\u00f6bbet felfedezni?<\/p>\n\n\n\n<h3 class=\"wp-block-heading\">K\u00edv\u00e1ncsi vagy, kik l\u00e1togatj\u00e1k a profilodat?<\/h3>\n\n\n\n<p>Sokan osztoznak ebben a k\u00edv\u00e1ncsis\u00e1gban. Mi lenne, ha lenne m\u00f3d arra, hogy gyorsan \u00e9s biztons\u00e1gosan \u201emegoldjuk ezt a rejt\u00e9lyt\u201d?<\/p>\n\n\n\n<p><strong>K\u00f6z\u00f6ss\u00e9gi m\u00e9dia k\u00f6vet\u0151<\/strong> Ez egy olyan eszk\u00f6z, amely lehet\u0151v\u00e9 teszi, hogy szorosan figyelemmel k\u00eds\u00e9rd a profilodon zajl\u00f3 tev\u00e9kenys\u00e9geket, \u00e9s ami a legjobb: minden alkalommal \u00e9rtes\u00edt, amikor valaki megl\u00e1togatja, kik ezek az emberek, \u00e9s milyen gyakran.<\/p>\n\n\n\n<p>Ez a fajta er\u0151forr\u00e1s ide\u00e1lis azok sz\u00e1m\u00e1ra, akik r\u00e9szletesen szeretn\u00e9k k\u00e9zben tartani a k\u00f6z\u00f6ss\u00e9gi h\u00e1l\u00f3zataikon zajl\u00f3 esem\u00e9nyeket.<\/p>\n\n\n\n<p>Biztons\u00e1gos, megb\u00edzhat\u00f3 \u00e9s term\u00e9szetesen nagyon praktikus. Egyszer\u0171en telep\u00edtsd az alkalmaz\u00e1st, \u00e9s \u00e1ll\u00edtsd be \u00fagy, hogy figyelje, kik l\u00e1togatj\u00e1k a profilodat, \u00e9s r\u00e9szletes inform\u00e1ci\u00f3kat ny\u00fajtson az interakci\u00f3ikr\u00f3l.<\/p>\n\n\n\n<p><\/p>\n\n\n\n<hr class=\"wp-block-separator has-text-color has-luminous-vivid-orange-color has-alpha-channel-opacity has-luminous-vivid-orange-background-color has-background is-style-wide\"\/>\n\n\n\n<h3 class=\"wp-block-heading\">L\u00e1sd m\u00e9g:<\/h3>\n\n\n\n<ul class=\"wp-block-list has-small-font-size\">\n<li style=\"padding-top:0;padding-right:var(--wp--preset--spacing--40);padding-bottom:0;padding-left:var(--wp--preset--spacing--40);font-style:normal;font-weight:400\" class=\"has-medium-font-size\"><a href=\"https:\/\/universofamilia.com\/hu\/6855\/grabar-llamadas-recibidas\/\"><mark style=\"background-color:rgba(0, 0, 0, 0);color:#f94c45\" class=\"has-inline-color\">Bej\u00f6v\u0151 h\u00edv\u00e1sok r\u00f6gz\u00edt\u00e9se &gt;<\/mark><\/a><\/li>\n\n\n\n<li style=\"padding-top:0;padding-right:var(--wp--preset--spacing--40);padding-bottom:0;padding-left:var(--wp--preset--spacing--40);font-style:normal;font-weight:400\" class=\"has-medium-font-size\"><a href=\"https:\/\/universofamilia.com\/hu\/6898\/leer-la-biblia-catolica-en-tu-celular\/\"><mark style=\"background-color:rgba(0, 0, 0, 0);color:#f94c45\" class=\"has-inline-color\"><font style=\"vertical-align: inherit;\"><font style=\"vertical-align: inherit;\">Olvasd a katolikus Bibli\u00e1t a mobiltelefonodon<\/font><\/font> &gt;<\/mark><\/a><\/li>\n\n\n\n<li style=\"padding-top:0;padding-right:var(--wp--preset--spacing--40);padding-bottom:0;padding-left:var(--wp--preset--spacing--40);font-style:normal;font-weight:400\" class=\"has-medium-font-size\"><a href=\"https:\/\/universofamilia.com\/hu\/6832\/aplicacion-para-bailar-zumba\/\"><mark style=\"background-color:rgba(0, 0, 0, 0);color:#f94c45\" class=\"has-inline-color\">Zumba t\u00e1ncalkalmaz\u00e1s &gt;<\/mark><\/a><\/li>\n\n\n\n<li style=\"padding-top:0;padding-right:var(--wp--preset--spacing--40);padding-bottom:0;padding-left:var(--wp--preset--spacing--40);font-style:normal;font-weight:400\" class=\"has-medium-font-size\"><a href=\"https:\/\/universofamilia.com\/hu\/6952\/descubre-quien-visita-tu-perfil-redes-sociales\/\"><mark style=\"background-color:rgba(0, 0, 0, 0);color:#f94c45\" class=\"has-inline-color\">Tudja meg, kik l\u00e1togatj\u00e1k a k\u00f6z\u00f6ss\u00e9gi m\u00e9dia profilj\u00e1t &gt;<\/mark><\/a><\/li>\n<\/ul>\n\n\n\n<hr class=\"wp-block-separator has-text-color has-luminous-vivid-orange-color has-alpha-channel-opacity has-luminous-vivid-orange-background-color has-background is-style-wide\"\/>\n\n\n\n<p><\/p>\n\n\n\n<h3 class=\"wp-block-heading\">Hogyan m\u0171k\u00f6dik a k\u00f6z\u00f6ss\u00e9gi m\u00e9dia k\u00f6vet\u0151je?<\/h3>\n\n\n\n<p><strong>K\u00f6z\u00f6ss\u00e9gi m\u00e9dia k\u00f6vet\u0151<\/strong> \u00dagy m\u0171k\u00f6dik, mint egy radar. Telep\u00edt\u00e9s ut\u00e1n elkezdi nyomon k\u00f6vetni a profilmegtekint\u00e9seidet, \u00e9s megmutatja, hogy kik tekintik meg a bejegyz\u00e9seidet.<\/p>\n\n\n\n<h4 class=\"wp-block-heading\">A k\u00f6z\u00f6ss\u00e9gi k\u00f6vet\u0151k f\u0151bb jellemz\u0151i<\/h4>\n\n\n\n<ul class=\"wp-block-list\">\n<li><strong>Figyelmeztet\u00e9s a zaklat\u00f3knak!<\/strong>: Ez a funkci\u00f3 val\u00f3s id\u0151ben tudatja veled, ha valaki megl\u00e1togatja a profilodat, \u00edgy lehet\u0151s\u00e9ged van gyorsan reag\u00e1lni.<\/li>\n\n\n\n<li><strong>Biztons\u00e1g \u00e9s ellen\u0151rz\u00e9s<\/strong>A Social Tracker seg\u00edts\u00e9g\u00e9vel \u00d6n ellen\u0151rzi az adatait, \u00e9s pontosan tudja, hogy ki l\u00e1tja a bejegyz\u00e9seit, fot\u00f3it \u00e9s \u00e1llapotfriss\u00edt\u00e9seit.<\/li>\n\n\n\n<li><strong>R\u00e9szletes jelent\u00e9sek<\/strong>Az alkalmaz\u00e1s l\u00e1togat\u00e1si jelent\u00e9seket gener\u00e1l, amelyek lehet\u0151v\u00e9 teszik, hogy l\u00e1sd, kik a \u201egyakori l\u00e1togat\u00f3id\u201d, \u00e9s mely bejegyz\u00e9seket tekintik meg a legt\u00f6bben.<\/li>\n<\/ul>\n\n\n\n<h3 class=\"wp-block-heading\">Honnan tudhatod, hogy ki figyel t\u00e9ged?<\/h3>\n\n\n\n<p>A K\u00f6z\u00f6ss\u00e9gi K\u00f6vet\u0151vel \u00faj perspekt\u00edv\u00e1b\u00f3l l\u00e1thatod, hogy kik n\u00e9zik a profilodat. \u00c9s legy\u00fcnk \u0151szint\u00e9k: ki ne lenne k\u00edv\u00e1ncsi?<\/p>\n\n\n\n<p>A k\u00edv\u00e1ncsis\u00e1g kiel\u00e9g\u00edt\u00e9se mellett ez az eszk\u00f6z biztons\u00e1got ny\u00fajt az\u00e1ltal, hogy seg\u00edt azonos\u00edtani a gyan\u00fas profilokat vagy stalkereket, azaz azokat az embereket, akik folyamatosan figyelhetnek t\u00e9ged.<\/p>\n\n\n\n<p>Ha \u00fagy \u00e9rzed, hogy valaki figyel t\u00e9ged a k\u00f6z\u00f6ss\u00e9gi m\u00e9di\u00e1ban, itt az ideje, hogy praktikus \u00e9s megb\u00edzhat\u00f3 m\u00f3don ellen\u0151rizd.<\/p>\n\n\n\n<h3 class=\"wp-block-heading\">A k\u00f6z\u00f6ss\u00e9gi nyomk\u00f6vet\u0151 el\u0151nyei: Biztons\u00e1g \u00e9s kontroll egy kattint\u00e1ssal<\/h3>\n\n\n\n<p>Ezek az alkalmaz\u00e1s f\u0151 el\u0151nyei:<\/p>\n\n\n\n<ul class=\"wp-block-list\">\n<li><strong>Teljes kontroll a profilod felett<\/strong>A profilod biztons\u00e1g\u00e1nak meg\u0151rz\u00e9se \u00e9rdek\u00e9ben kulcsfontoss\u00e1g\u00fa tudni, hogy ki figyel t\u00e9ged.<\/li>\n\n\n\n<li><strong>Jav\u00edtott interakci\u00f3<\/strong>Azzal, hogy tudod, kik l\u00e1togatj\u00e1k gyakran a profilodat, szem\u00e9lyre szabhatod a bejegyz\u00e9seidet, hogy azokat vonzd be, akiket val\u00f3ban \u00e9rdekel a tartalmad.<\/li>\n\n\n\n<li><strong>V\u00e9delem a zaklat\u00f3k ellen<\/strong>: Azonos\u00edtsa a potenci\u00e1lis zaklat\u00f3kat, a gyan\u00fas profilokat \u00e9s azokat az embereket, akik folyamatosan hozz\u00e1f\u00e9rnek a profilj\u00e1hoz. Ez seg\u00edt megv\u00e9deni adatait.<\/li>\n<\/ul>\n\n\n\n<p>Ezek csak n\u00e9h\u00e1ny el\u0151nye a profilodon v\u00e9gzett tev\u00e9kenys\u00e9gek figyel\u00e9s\u00e9nek.<\/p>\n\n\n\n<p>A digit\u00e1lis t\u00falexpon\u00e1lts\u00e1g idej\u00e9n a profilod megl\u00e1togat\u00f3inak ismerete adatv\u00e9delmi k\u00e9rd\u00e9ss\u00e9 v\u00e1lt.<\/p>\n\n\n\n<h3 class=\"wp-block-heading\">Mit mondanak a felhaszn\u00e1l\u00f3k?<\/h3>\n\n\n\n<p>N\u00e9h\u00e1ny felhaszn\u00e1l\u00f3 megosztotta tapasztalatait a Social Trackerrel kapcsolatban. N\u00e9zze meg, mit mondanak:<\/p>\n\n\n\n<ol class=\"wp-block-list\">\n<li><strong>Laura M.<\/strong>: \u201eA Social Trackert az\u00e9rt telep\u00edtettem, mert tudni akartam, hogy kik n\u00e9zik a bejegyz\u00e9seimet, \u00e9s meglep\u0151dtem a megtekint\u00e9sek sz\u00e1m\u00e1n. K\u00f6nnyen haszn\u00e1lhat\u00f3, \u00e9s biztons\u00e1gosabbnak \u00e9rzem magam.\u201d<\/li>\n\n\n\n<li><strong>Carlos T.<\/strong>\u201eNagyon tetszett az alkalmaz\u00e1s. Amellett, hogy megmutatja, kik tekintett\u00e9k meg a profilomat, seg\u00edt abban is, hogy l\u00e1ssam, mely bejegyz\u00e9sek a legn\u00e9pszer\u0171bbek. Aj\u00e1nlom!\u201d<\/li>\n\n\n\n<li><strong>Fernanda R.<\/strong>\u201eR\u00e1j\u00f6ttem, hogy \u00e1lland\u00f3 zaklat\u00f3m van, \u00e9s ez arra k\u00e9sztetett, hogy k\u00f6r\u00fcltekint\u0151bb legyek azzal, hogy mit osztok meg. A Social Tracker hasznos azok sz\u00e1m\u00e1ra, akik nagyobb kontrollt szeretn\u00e9nek gyakorolni.\u201d<\/li>\n<\/ol>\n\n\n\n<p>Ezek az \u00e9rt\u00e9kel\u00e9sek azt mutatj\u00e1k, hogy a Social Tracker nemcsak m\u0171k\u00f6dik, hanem intuit\u00edv \u00e9s biztons\u00e1gos \u00e9lm\u00e9nyt is k\u00edn\u00e1l.<\/p>\n\n\n<div class=\"wp-block-image\">\n<figure class=\"aligncenter size-full\"><img loading=\"lazy\" decoding=\"async\" width=\"550\" height=\"350\" src=\"http:\/\/universofamilia.com\/wp-content\/uploads\/sites\/148\/2024\/11\/DESTAQUE-UNIVERSO-550-x-350-2.jpg\" alt=\"\" class=\"wp-image-7306\" srcset=\"https:\/\/universofamilia.com\/wp-content\/uploads\/sites\/148\/2024\/11\/DESTAQUE-UNIVERSO-550-x-350-2.jpg 550w, https:\/\/universofamilia.com\/wp-content\/uploads\/sites\/148\/2024\/11\/DESTAQUE-UNIVERSO-550-x-350-2-300x191.jpg 300w\" sizes=\"(max-width: 550px) 100vw, 550px\" \/><figcaption class=\"wp-element-caption\">Tudja meg, kik l\u00e1togatt\u00e1k meg a profilj\u00e1t<\/figcaption><\/figure><\/div>\n\n\n<h3 class=\"wp-block-heading\">Az igazs\u00e1g a k\u00f6z\u00f6ss\u00e9gi m\u00e9dia profilod l\u00e1that\u00f3s\u00e1g\u00e1r\u00f3l<\/h3>\n\n\n\n<p>Amikor a k\u00f6z\u00f6ss\u00e9gi m\u00e9di\u00e1ban az adatv\u00e9delemr\u0151l besz\u00e9l\u00fcnk, fontos meg\u00e9rteni, hogy minden megosztott inform\u00e1ci\u00f3 sok ember sz\u00e1m\u00e1ra hozz\u00e1f\u00e9rhet\u0151v\u00e9 v\u00e1lik.<\/p>\n\n\n\n<p>B\u00e1r az adatv\u00e9delmi korl\u00e1toz\u00e1sok \u00e9rv\u00e9nyesek, bizonyos tev\u00e9kenys\u00e9geket, p\u00e9ld\u00e1ul a profill\u00e1togat\u00e1sokat, nehezebb nyomon k\u00f6vetni.<\/p>\n\n\n\n<p>Ez azt jelenti, hogy az olyan eszk\u00f6z\u00f6k, mint a Social Tracker, tov\u00e1bbi \u00e9rt\u00e9ket k\u00e9pviselnek azok sz\u00e1m\u00e1ra, akik val\u00f3ban meg akarj\u00e1k \u00e9rteni profiljuk l\u00e1togat\u00f3inak viselked\u00e9s\u00e9t.<\/p>\n\n\n\n<p>Az elk\u00f6telez\u0151d\u00e9s n\u00f6vel\u00e9se, a profilod \u00e9rdekesen tart\u00e1sa \u00e9s a nem k\u00edv\u00e1nt n\u00e9z\u0151kkel val\u00f3 tal\u00e1lkoz\u00e1s minimaliz\u00e1l\u00e1sa \u00e9rdek\u00e9ben elengedhetetlen tudni, hogyan szab\u00e1lyozhatod a tartalmaid l\u00e1that\u00f3s\u00e1g\u00e1t.<\/p>\n\n\n\n<p>V\u00e9g\u00fcl is a biztons\u00e1g sosem \u00e1rt!<\/p>\n\n\n\n<h3 class=\"wp-block-heading\">Tippek az elk\u00f6telez\u0151d\u00e9s fokoz\u00e1s\u00e1hoz an\u00e9lk\u00fcl, hogy agg\u00f3dnia kellene a zaklat\u00f3k miatt<\/h3>\n\n\n\n<p>Ha biztons\u00e1gosan szeretn\u00e9d n\u00f6velni a k\u00f6z\u00f6ss\u00e9gi m\u00e9di\u00e1ban val\u00f3 aktivit\u00e1st an\u00e9lk\u00fcl, hogy agg\u00f3dn\u00e1l a zaklat\u00f3k miatt, \u00edme n\u00e9h\u00e1ny tipp:<\/p>\n\n\n\n<ul class=\"wp-block-list\">\n<li><strong>Osszon meg hiteles tartalmat<\/strong>: A szem\u00e9lyis\u00e9gedet t\u00fckr\u00f6z\u0151 fot\u00f3k \u00e9s vide\u00f3k a megfelel\u0151 embereket fogj\u00e1k vonzani.<\/li>\n\n\n\n<li><strong>Haszn\u00e1lj t\u00f6rt\u00e9neteket \u00e9s tekercseket<\/strong>Az interakt\u00edv forr\u00e1sok, mint p\u00e9ld\u00e1ul a szavaz\u00e1sok \u00e9s k\u00e9rd\u00e9sek, nagyobb elk\u00f6telez\u0151d\u00e9st \u00f6szt\u00f6n\u00f6znek, \u00e9s seg\u00edtenek meg\u00e9rteni, hogy mi tetszik a k\u00f6z\u00f6ns\u00e9gednek.<\/li>\n\n\n\n<li><strong>L\u00e9gy k\u00f6vetkezetes<\/strong>A rendszeres, de nem t\u00falzott posztol\u00e1s seg\u00edt h\u0171s\u00e9ges k\u00f6z\u00f6ns\u00e9get ki\u00e9p\u00edteni, amelyet val\u00f3ban \u00e9rdekel a tartalmad.<\/li>\n\n\n\n<li><strong>Adatv\u00e9delmi be\u00e1ll\u00edt\u00e1sok m\u00f3dos\u00edt\u00e1sa<\/strong>: Biztons\u00e1goss\u00e1 teheted profilodat az adatv\u00e9delmi be\u00e1ll\u00edt\u00e1sok be\u00e1ll\u00edt\u00e1s\u00e1val, hogy csak a k\u00edv\u00e1nt interakci\u00f3kat enged\u00e9lyezd.<\/li>\n<\/ul>\n\n\n\n<h3 class=\"wp-block-heading\">Let\u00f6lt\u00e9si linkek<\/h3>\n\n\n\n<p>Szeretn\u00e9d kipr\u00f3b\u00e1lni a Social Trackert? Itt a let\u00f6lt\u00e9si linkek:<\/p>\n\n\n\n<h4 class=\"wp-block-heading\">Let\u00f6lt\u00e9si linkek<\/h4>\n\n\n\n<ul class=\"wp-block-list\">\n<li><strong>K\u00f6z\u00f6ss\u00e9gi m\u00e9dia k\u00f6vet\u0151<\/strong>: <a href=\"https:\/\/apps.apple.com\/br\/app\/social-tracker\/id1189139278\">App Store<\/a> | <a href=\"https:\/\/play.google.com\/store\/apps\/details?id=com.mobiversite.lookAtMe&amp;hl=pt_BR&amp;pli=1\">Google Play<\/a><\/li>\n<\/ul>\n\n\n\n<p>A Social Tracker praktikus, k\u00f6nnyen haszn\u00e1lhat\u00f3 \u00e9s mindenekel\u0151tt megb\u00edzhat\u00f3 megold\u00e1st k\u00edn\u00e1l azok sz\u00e1m\u00e1ra, akik figyelemmel szeretn\u00e9k k\u00eds\u00e9rni profiljuk megtekint\u00e9seit.<\/p>\n\n\n\n<p>Ha m\u00e9g nem pr\u00f3b\u00e1ltad, itt a lehet\u0151s\u00e9g!<\/p>\n\n\n\n<hr class=\"wp-block-separator has-alpha-channel-opacity is-style-wide\"\/>\n\n\n\n<h3 class=\"wp-block-heading\">GYIK a k\u00f6z\u00f6ss\u00e9gi h\u00e1l\u00f3zatokr\u00f3l<\/h3>\n\n\n\n<ol class=\"wp-block-list\">\n<li><strong>Lehets\u00e9ges-e tudni, hogy ki l\u00e1togatja a profilomat az \u00f6sszes k\u00f6z\u00f6ss\u00e9gi oldalon?<\/strong> Nem minden k\u00f6z\u00f6ss\u00e9gi h\u00e1l\u00f3zat teszi lehet\u0151v\u00e9 a profill\u00e1togat\u00e1sok nyomon k\u00f6vet\u00e9s\u00e9t. Az olyan alkalmaz\u00e1sok, mint a Social Tracker, eszk\u00f6z\u00f6ket k\u00edn\u00e1lnak bizonyos platformok figyel\u00e9s\u00e9re, de a legt\u00f6bb k\u00f6z\u00f6ss\u00e9gi h\u00e1l\u00f3zat bizalmasan kezeli ezeket az inform\u00e1ci\u00f3kat.<\/li>\n\n\n\n<li><strong>Hogyan jav\u00edthatom a k\u00f6z\u00f6ss\u00e9gi m\u00e9dia profilom biztons\u00e1g\u00e1t?<\/strong> Az adatv\u00e9delmi be\u00e1ll\u00edt\u00e1sok m\u00f3dos\u00edt\u00e1sa, az ismeretlen h\u00edv\u00f3k k\u00e9r\u00e9seinek elker\u00fcl\u00e9se \u00e9s a megfigyel\u0151 eszk\u00f6z\u00f6k haszn\u00e1lata n\u00e9h\u00e1ny m\u00f3dja a h\u00e1l\u00f3zati biztons\u00e1g jav\u00edt\u00e1s\u00e1nak.<\/li>\n\n\n\n<li><strong>Biztons\u00e1gos a k\u00f6z\u00f6ss\u00e9gi m\u00e9dia figyel\u0151 alkalmaz\u00e1sok haszn\u00e1lata?<\/strong> Fontos ellen\u0151rizni az alkalmaz\u00e1s h\u00edrnev\u00e9t, \u00e9s csak hivatalos \u00e1ruh\u00e1zakb\u00f3l, p\u00e9ld\u00e1ul a Google Playr\u0151l vagy az App Store-b\u00f3l t\u00f6lteni le a biztons\u00e1gi kock\u00e1zatok elker\u00fcl\u00e9se \u00e9rdek\u00e9ben.<\/li>\n\n\n\n<li><strong>Mi\u00e9rt fontos tudni, hogy kik l\u00e1tj\u00e1k a bejegyz\u00e9seimet?<\/strong> A l\u00e1togat\u00f3k ismerete seg\u00edt meg\u00e9rteni a k\u00f6z\u00f6ns\u00e9gedet, ami seg\u00edthet a tartalom fejleszt\u00e9s\u00e9ben \u00e9s megv\u00e9dhet azokt\u00f3l az emberekt\u0151l, akiknek nem k\u00edv\u00e1nt sz\u00e1nd\u00e9kaik lehetnek.<\/li>\n\n\n\n<li><strong>Mely k\u00f6z\u00f6ss\u00e9gi oldalak a legbiztons\u00e1gosabbak az adatv\u00e9delem szempontj\u00e1b\u00f3l?<\/strong> Az olyan h\u00e1l\u00f3zatok, mint a Telegram \u00e9s a Signal, az adatv\u00e9delemre \u00f6sszpontos\u00edtanak, m\u00edg az olyan platformok, mint a Facebook \u00e9s az Instagram, tov\u00e1bbi m\u00f3dos\u00edt\u00e1sokra szorulnak a biztons\u00e1g jav\u00edt\u00e1sa \u00e9rdek\u00e9ben.<\/li>\n\n\n\n<li><strong>Befoly\u00e1solj\u00e1k-e a profilmegtekint\u00e9sek a k\u00f6z\u00f6ss\u00e9gi m\u00e9di\u00e1ban val\u00f3 l\u00e1that\u00f3s\u00e1gomat?<\/strong> Nem k\u00f6zvetlen\u00fcl, de az olyan interakci\u00f3k, mint a hozz\u00e1sz\u00f3l\u00e1sok \u00e9s a l\u00e1jkok, jav\u00edthatj\u00e1k a l\u00e1that\u00f3s\u00e1got az\u00e1ltal, hogy n\u00f6velik a bejegyz\u00e9seid ir\u00e1nti elk\u00f6telez\u0151d\u00e9st.<\/li>\n\n\n\n<li><strong>N\u00f6velhetem az elk\u00f6telez\u0151d\u00e9semet an\u00e9lk\u00fcl, hogy agg\u00f3dn\u00e9k a zaklat\u00f3k miatt?<\/strong> Igen, hiteles tartalmak megoszt\u00e1s\u00e1val \u00e9s az adatv\u00e9delmi be\u00e1ll\u00edt\u00e1sok m\u00f3dos\u00edt\u00e1s\u00e1val, hogy csak a h\u00e1l\u00f3zatodban l\u00e9v\u0151k l\u00e1thass\u00e1k a bejegyz\u00e9seidet. A fel\u00fcgyeleti eszk\u00f6z\u00f6k seg\u00edtenek abban is, hogy szab\u00e1lyozd, kik f\u00e9rhetnek hozz\u00e1 a profilodhoz.<\/li>\n<\/ol>","protected":false},"excerpt":{"rendered":"<p>\u00bfTe gustar\u00eda saber qui\u00e9n observa tus redes sociales? \u00a1Desc\u00fabrelo ahora! Imagina que est\u00e1s tranquilo revisando el perfil de alguien en redes sociales\u2026 \u00bfqui\u00e9n no lo ha hecho, verdad? \u00bfQu\u00e9 te gustar\u00eda hacer Primero? \u00a1Siga leyendo! Tal vez por curiosidad o nostalgia de un amor pasado, alguien con quien compartiste momentos importantes. Pero, \u00bfqu\u00e9 pasa si [&hellip;]<\/p>","protected":false},"author":0,"featured_media":7306,"comment_status":"closed","ping_status":"open","sticky":false,"template":"","format":"standard","meta":{"footnotes":""},"categories":[4],"tags":[147,692,1250,1317,1462],"yoast_head":"<!-- This site is optimized with the Yoast SEO plugin v23.3 - https:\/\/yoast.com\/wordpress\/plugins\/seo\/ -->\n<title>Descubre Qui\u00e9n Visit\u00f3 tu Perfil - Universo Fam\u00edlia<\/title>\n<meta name=\"description\" content=\"Descubre Qui\u00e9n Visit\u00f3 tu Perfil. \u00bfTe gustar\u00eda saber qui\u00e9n observa tus redes sociales? \u00a1Desc\u00fabrelo ahora!\" \/>\n<meta name=\"robots\" content=\"index, follow, max-snippet:-1, max-image-preview:large, max-video-preview:-1\" \/>\n<link rel=\"canonical\" href=\"https:\/\/universofamilia.com\/hu\/descubre-quien-visito-tu-perfil\/\" \/>\n<meta property=\"og:locale\" content=\"hu_HU\" \/>\n<meta property=\"og:type\" content=\"article\" \/>\n<meta property=\"og:title\" content=\"Descubre Qui\u00e9n Visit\u00f3 tu Perfil - Universo Fam\u00edlia\" \/>\n<meta property=\"og:description\" content=\"Descubre Qui\u00e9n Visit\u00f3 tu Perfil. \u00bfTe gustar\u00eda saber qui\u00e9n observa tus redes sociales? \u00a1Desc\u00fabrelo ahora!\" \/>\n<meta property=\"og:url\" content=\"https:\/\/universofamilia.com\/hu\/descubre-quien-visito-tu-perfil\/\" \/>\n<meta property=\"og:site_name\" content=\"Universo Fam\u00edlia\" \/>\n<meta property=\"article:published_time\" content=\"2024-11-01T13:09:40+00:00\" \/>\n<meta property=\"og:image\" content=\"https:\/\/universofamilia.com\/wp-content\/uploads\/sites\/148\/2024\/11\/DESTAQUE-UNIVERSO-550-x-350-2.jpg\" \/>\n\t<meta property=\"og:image:width\" content=\"550\" \/>\n\t<meta property=\"og:image:height\" content=\"350\" \/>\n\t<meta property=\"og:image:type\" content=\"image\/jpeg\" \/>\n<meta name=\"twitter:card\" content=\"summary_large_image\" \/>\n<meta name=\"twitter:label1\" content=\"Est. reading time\" \/>\n\t<meta name=\"twitter:data1\" content=\"9 perc\" \/>\n<script type=\"application\/ld+json\" class=\"yoast-schema-graph\">{\"@context\":\"https:\/\/schema.org\",\"@graph\":[{\"@type\":\"WebPage\",\"@id\":\"https:\/\/universofamilia.com\/sk\/descubre-quien-visito-tu-perfil\/\",\"url\":\"https:\/\/universofamilia.com\/sk\/descubre-quien-visito-tu-perfil\/\",\"name\":\"Descubre Qui\u00e9n Visit\u00f3 tu Perfil - Universo Fam\u00edlia\",\"isPartOf\":{\"@id\":\"https:\/\/universofamilia.com\/el\/#website\"},\"primaryImageOfPage\":{\"@id\":\"https:\/\/universofamilia.com\/sk\/descubre-quien-visito-tu-perfil\/#primaryimage\"},\"image\":{\"@id\":\"https:\/\/universofamilia.com\/sk\/descubre-quien-visito-tu-perfil\/#primaryimage\"},\"thumbnailUrl\":\"https:\/\/universofamilia.com\/wp-content\/uploads\/sites\/148\/2024\/11\/DESTAQUE-UNIVERSO-550-x-350-2.jpg\",\"datePublished\":\"2024-11-01T13:09:40+00:00\",\"dateModified\":\"2024-11-01T13:09:40+00:00\",\"author\":{\"@id\":\"\"},\"description\":\"Descubre Qui\u00e9n Visit\u00f3 tu Perfil. \u00bfTe gustar\u00eda saber qui\u00e9n observa tus redes sociales? \u00a1Desc\u00fabrelo ahora!\",\"breadcrumb\":{\"@id\":\"https:\/\/universofamilia.com\/sk\/descubre-quien-visito-tu-perfil\/#breadcrumb\"},\"inLanguage\":\"hu\",\"potentialAction\":[{\"@type\":\"ReadAction\",\"target\":[\"https:\/\/universofamilia.com\/sk\/descubre-quien-visito-tu-perfil\/\"]}]},{\"@type\":\"ImageObject\",\"inLanguage\":\"hu\",\"@id\":\"https:\/\/universofamilia.com\/sk\/descubre-quien-visito-tu-perfil\/#primaryimage\",\"url\":\"https:\/\/universofamilia.com\/wp-content\/uploads\/sites\/148\/2024\/11\/DESTAQUE-UNIVERSO-550-x-350-2.jpg\",\"contentUrl\":\"https:\/\/universofamilia.com\/wp-content\/uploads\/sites\/148\/2024\/11\/DESTAQUE-UNIVERSO-550-x-350-2.jpg\",\"width\":550,\"height\":350,\"caption\":\"Descubre Qui\u00e9n Visit\u00f3 tu Perfil\"},{\"@type\":\"BreadcrumbList\",\"@id\":\"https:\/\/universofamilia.com\/sk\/descubre-quien-visito-tu-perfil\/#breadcrumb\",\"itemListElement\":[{\"@type\":\"ListItem\",\"position\":1,\"name\":\"Home\",\"item\":\"https:\/\/universofamilia.com\/el\/\"},{\"@type\":\"ListItem\",\"position\":2,\"name\":\"Descubre Qui\u00e9n Visit\u00f3 tu Perfil\"}]},{\"@type\":\"WebSite\",\"@id\":\"https:\/\/universofamilia.com\/el\/#website\",\"url\":\"https:\/\/universofamilia.com\/el\/\",\"name\":\"Universo Fam\u00edlia\",\"description\":\"\",\"potentialAction\":[{\"@type\":\"SearchAction\",\"target\":{\"@type\":\"EntryPoint\",\"urlTemplate\":\"https:\/\/universofamilia.com\/el\/?s={search_term_string}\"},\"query-input\":\"required name=search_term_string\"}],\"inLanguage\":\"hu\"}]}<\/script>\n<!-- \/ Yoast SEO plugin. -->","yoast_head_json":{"title":"Descubre Qui\u00e9n Visit\u00f3 tu Perfil - Universo Fam\u00edlia","description":"Descubre Qui\u00e9n Visit\u00f3 tu Perfil. \u00bfTe gustar\u00eda saber qui\u00e9n observa tus redes sociales? \u00a1Desc\u00fabrelo ahora!","robots":{"index":"index","follow":"follow","max-snippet":"max-snippet:-1","max-image-preview":"max-image-preview:large","max-video-preview":"max-video-preview:-1"},"canonical":"https:\/\/universofamilia.com\/hu\/descubre-quien-visito-tu-perfil\/","og_locale":"hu_HU","og_type":"article","og_title":"Descubre Qui\u00e9n Visit\u00f3 tu Perfil - Universo Fam\u00edlia","og_description":"Descubre Qui\u00e9n Visit\u00f3 tu Perfil. \u00bfTe gustar\u00eda saber qui\u00e9n observa tus redes sociales? \u00a1Desc\u00fabrelo ahora!","og_url":"https:\/\/universofamilia.com\/hu\/descubre-quien-visito-tu-perfil\/","og_site_name":"Universo Fam\u00edlia","article_published_time":"2024-11-01T13:09:40+00:00","og_image":[{"width":550,"height":350,"url":"https:\/\/universofamilia.com\/wp-content\/uploads\/sites\/148\/2024\/11\/DESTAQUE-UNIVERSO-550-x-350-2.jpg","type":"image\/jpeg"}],"twitter_card":"summary_large_image","twitter_misc":{"Est. reading time":"9 perc"},"schema":{"@context":"https:\/\/schema.org","@graph":[{"@type":"WebPage","@id":"https:\/\/universofamilia.com\/sk\/descubre-quien-visito-tu-perfil\/","url":"https:\/\/universofamilia.com\/sk\/descubre-quien-visito-tu-perfil\/","name":"Descubre Qui\u00e9n Visit\u00f3 tu Perfil - Universo Fam\u00edlia","isPartOf":{"@id":"https:\/\/universofamilia.com\/el\/#website"},"primaryImageOfPage":{"@id":"https:\/\/universofamilia.com\/sk\/descubre-quien-visito-tu-perfil\/#primaryimage"},"image":{"@id":"https:\/\/universofamilia.com\/sk\/descubre-quien-visito-tu-perfil\/#primaryimage"},"thumbnailUrl":"https:\/\/universofamilia.com\/wp-content\/uploads\/sites\/148\/2024\/11\/DESTAQUE-UNIVERSO-550-x-350-2.jpg","datePublished":"2024-11-01T13:09:40+00:00","dateModified":"2024-11-01T13:09:40+00:00","author":{"@id":""},"description":"Descubre Qui\u00e9n Visit\u00f3 tu Perfil. \u00bfTe gustar\u00eda saber qui\u00e9n observa tus redes sociales? \u00a1Desc\u00fabrelo ahora!","breadcrumb":{"@id":"https:\/\/universofamilia.com\/sk\/descubre-quien-visito-tu-perfil\/#breadcrumb"},"inLanguage":"hu","potentialAction":[{"@type":"ReadAction","target":["https:\/\/universofamilia.com\/sk\/descubre-quien-visito-tu-perfil\/"]}]},{"@type":"ImageObject","inLanguage":"hu","@id":"https:\/\/universofamilia.com\/sk\/descubre-quien-visito-tu-perfil\/#primaryimage","url":"https:\/\/universofamilia.com\/wp-content\/uploads\/sites\/148\/2024\/11\/DESTAQUE-UNIVERSO-550-x-350-2.jpg","contentUrl":"https:\/\/universofamilia.com\/wp-content\/uploads\/sites\/148\/2024\/11\/DESTAQUE-UNIVERSO-550-x-350-2.jpg","width":550,"height":350,"caption":"Descubre Qui\u00e9n Visit\u00f3 tu Perfil"},{"@type":"BreadcrumbList","@id":"https:\/\/universofamilia.com\/sk\/descubre-quien-visito-tu-perfil\/#breadcrumb","itemListElement":[{"@type":"ListItem","position":1,"name":"Home","item":"https:\/\/universofamilia.com\/el\/"},{"@type":"ListItem","position":2,"name":"Descubre Qui\u00e9n Visit\u00f3 tu Perfil"}]},{"@type":"WebSite","@id":"https:\/\/universofamilia.com\/el\/#website","url":"https:\/\/universofamilia.com\/el\/","name":"Universo Fam\u00edlia","description":"","potentialAction":[{"@type":"SearchAction","target":{"@type":"EntryPoint","urlTemplate":"https:\/\/universofamilia.com\/el\/?s={search_term_string}"},"query-input":"required name=search_term_string"}],"inLanguage":"hu"}]}},"_links":{"self":[{"href":"https:\/\/universofamilia.com\/hu\/wp-json\/wp\/v2\/posts\/7304"}],"collection":[{"href":"https:\/\/universofamilia.com\/hu\/wp-json\/wp\/v2\/posts"}],"about":[{"href":"https:\/\/universofamilia.com\/hu\/wp-json\/wp\/v2\/types\/post"}],"replies":[{"embeddable":true,"href":"https:\/\/universofamilia.com\/hu\/wp-json\/wp\/v2\/comments?post=7304"}],"version-history":[{"count":0,"href":"https:\/\/universofamilia.com\/hu\/wp-json\/wp\/v2\/posts\/7304\/revisions"}],"wp:featuredmedia":[{"embeddable":true,"href":"https:\/\/universofamilia.com\/hu\/wp-json\/wp\/v2\/media\/7306"}],"wp:attachment":[{"href":"https:\/\/universofamilia.com\/hu\/wp-json\/wp\/v2\/media?parent=7304"}],"wp:term":[{"taxonomy":"category","embeddable":true,"href":"https:\/\/universofamilia.com\/hu\/wp-json\/wp\/v2\/categories?post=7304"},{"taxonomy":"post_tag","embeddable":true,"href":"https:\/\/universofamilia.com\/hu\/wp-json\/wp\/v2\/tags?post=7304"}],"curies":[{"name":"wp","href":"https:\/\/api.w.org\/{rel}","templated":true}]}}