{"id":7344,"date":"2024-11-05T19:23:09","date_gmt":"2024-11-05T22:23:09","guid":{"rendered":"https:\/\/universofamilia.com\/?p=7344"},"modified":"2025-10-05T14:53:56","modified_gmt":"2025-10-05T17:53:56","slug":"proyecta-tu-celular-en-cualquier-superficie","status":"publish","type":"post","link":"https:\/\/universofamilia.com\/hu\/proyecta-tu-celular-en-cualquier-superficie\/","title":{"rendered":"Vet\u00edtsd ki a mobiltelefonodat b\u00e1rmilyen fel\u00fcletre"},"content":{"rendered":"<p>Fedezze fel, hogyan alak\u00edthat \u00e1t b\u00e1rmilyen teret \u00f3ri\u00e1si k\u00e9perny\u0151v\u00e9<\/p>\n\n\n\n<p>K\u00e9pzeld el ezt: egy fontos megbesz\u00e9l\u00e9sen vagy egy bulin a bar\u00e1taiddal, vagy egy csal\u00e1di kir\u00e1ndul\u00e1son.<\/p>\n\n\n\n<p>Hirtelen meg kell osztanod valamit a telefonodon, de a k\u00e9perny\u0151 t\u00fal kicsi ahhoz, hogy mindenki l\u00e1ssa.<\/p>\n\n\n\n<p>Veled is megt\u00f6rt\u00e9nt m\u00e1r ez? Nos, egy \u00faj technol\u00f3gia megv\u00e1ltoztatja a j\u00e1t\u00e9kszab\u00e1lyokat: olyan alkalmaz\u00e1sok, amelyekkel a telefonod k\u00e9perny\u0151j\u00e9t b\u00e1rmilyen fel\u00fcletre kivet\u00edtheted!<\/p>\n\n\n\n<p>Olyan, mintha egy azonnali mozi lenne a tenyeredben. Ismerj\u00fck meg k\u00f6zelebbr\u0151l ezt a sokakat meglep innov\u00e1ci\u00f3t, \u00e9s n\u00e9zz\u00fck meg, hogyan lehet hasznos a mindennapi \u00e9letben.<\/p>\n\n\n\n<h2 class=\"wp-block-heading\">Technol\u00f3giai fejl\u0151d\u00e9s: a mobil vet\u00edt\u00e9s j\u00f6v\u0151je<\/h2>\n\n\n\n<p>A technol\u00f3gia ugr\u00e1sszer\u0171en fejl\u0151dik, \u00e9s minden \u00e9vben \u00faj eszk\u00f6z\u00f6k jelennek meg, amelyek \u00e1talak\u00edtj\u00e1k a digit\u00e1lis vil\u00e1ggal val\u00f3 interakci\u00f3nk m\u00f3dj\u00e1t.<\/p>\n\n\n\n<p>Kor\u00e1bban a k\u00e9perny\u0151vet\u00edt\u00e9s dr\u00e1ga \u00e9s el\u00e9rhetetlen eszk\u00f6z\u00f6kre korl\u00e1toz\u00f3dott, de ma, az okostelefonok elterjed\u00e9s\u00e9vel ez a t\u00f6rt\u00e9net megv\u00e1ltozott.<\/p>\n\n\n\n<p><\/p>\n\n\n\n<hr class=\"wp-block-separator has-text-color has-luminous-vivid-orange-color has-alpha-channel-opacity has-luminous-vivid-orange-background-color has-background is-style-wide\" \/>\n\n\n\n<h3 class=\"wp-block-heading\">L\u00e1sd m\u00e9g:<\/h3>\n\n\n\n<ul class=\"wp-block-list has-small-font-size\">\n<li class=\"has-medium-font-size\" style=\"padding-top:0;padding-right:var(--wp--preset--spacing--40);padding-bottom:0;padding-left:var(--wp--preset--spacing--40);font-style:normal;font-weight:400\"><a href=\"https:\/\/universofamilia.com\/hu\/6855\/grabar-llamadas-recibidas\/\"><mark style=\"color:#f94c45\" class=\"has-inline-color\">Bej\u00f6v\u0151 h\u00edv\u00e1sok r\u00f6gz\u00edt\u00e9se &gt;<\/mark><\/a><\/li>\n\n\n\n<li class=\"has-medium-font-size\" style=\"padding-top:0;padding-right:var(--wp--preset--spacing--40);padding-bottom:0;padding-left:var(--wp--preset--spacing--40);font-style:normal;font-weight:400\"><a href=\"https:\/\/universofamilia.com\/hu\/6898\/leer-la-biblia-catolica-en-tu-celular\/\"><mark style=\"color:#f94c45\" class=\"has-inline-color\"><font style=\"vertical-align: inherit\"><font style=\"vertical-align: inherit\">Olvasd a katolikus Bibli\u00e1t a mobiltelefonodon<\/font><\/font> &gt;<\/mark><\/a><\/li>\n\n\n\n<li class=\"has-medium-font-size\" style=\"padding-top:0;padding-right:var(--wp--preset--spacing--40);padding-bottom:0;padding-left:var(--wp--preset--spacing--40);font-style:normal;font-weight:400\"><a href=\"https:\/\/universofamilia.com\/hu\/6832\/aplicacion-para-bailar-zumba\/\"><mark style=\"color:#f94c45\" class=\"has-inline-color\">Zumba t\u00e1ncalkalmaz\u00e1s &gt;<\/mark><\/a><\/li>\n\n\n\n<li class=\"has-medium-font-size\" style=\"padding-top:0;padding-right:var(--wp--preset--spacing--40);padding-bottom:0;padding-left:var(--wp--preset--spacing--40);font-style:normal;font-weight:400\"><a href=\"https:\/\/universofamilia.com\/hu\/6952\/descubre-quien-visita-tu-perfil-redes-sociales\/\"><mark style=\"color:#f94c45\" class=\"has-inline-color\">Tudja meg, kik l\u00e1togatj\u00e1k a k\u00f6z\u00f6ss\u00e9gi m\u00e9dia profilj\u00e1t &gt;<\/mark><\/a><\/li>\n<\/ul>\n\n\n\n<hr class=\"wp-block-separator has-text-color has-luminous-vivid-orange-color has-alpha-channel-opacity has-luminous-vivid-orange-background-color has-background is-style-wide\" \/>\n\n\n\n<p><\/p>\n\n\n\n<p>Most m\u00e1r csak egy egyszer\u0171 alkalmaz\u00e1sra van sz\u00fcks\u00e9g, hogy b\u00e1rmilyen falat, asztalt vagy s\u00edk fel\u00fcletet vet\u00edt\u0151v\u00e1szonn\u00e1 alak\u00edtsunk.<\/p>\n\n\n\n<p>\u00cdgy van! N\u00e9h\u00e1ny koppint\u00e1ssal r\u00e1nagy\u00edthatsz a telefonod k\u00e9perny\u0151j\u00e9re, \u00e9s k\u00f6nnyed\u00e9n megoszthatsz tartalmakat.<\/p>\n\n\n\n<p>Ezek az alkalmaz\u00e1sok teljes m\u00e9rt\u00e9kben kihaszn\u00e1lj\u00e1k a streaming \u00e9s a csatlakoz\u00e1si technol\u00f3gi\u00e1k el\u0151nyeit, \u00edgy k\u00e9nyelmesen kommunik\u00e1lhatsz \u00e9s interakci\u00f3ba l\u00e9phetsz, legyen sz\u00f3 szem\u00e9lyes haszn\u00e1latr\u00f3l, \u00fczleti \u00fcgyr\u0151l vagy egyszer\u0171en csak a bar\u00e1taid sz\u00f3rakoztat\u00e1s\u00e1r\u00f3l.<\/p>\n\n\n\n<p>\u00c9rts\u00fck meg jobban, hogyan m\u0171k\u00f6dnek, \u00e9s milyen lehet\u0151s\u00e9gek \u00e1llnak rendelkez\u00e9sre a piacon!<\/p>\n\n\n\n<h2 class=\"wp-block-heading\">A lehet\u0151s\u00e9gek felt\u00e1r\u00e1sa: mobil kivet\u00edt\u00e9s a tenyeredben<\/h2>\n\n\n\n<p>Sz\u00e1mos alkalmaz\u00e1s lehet\u0151v\u00e9 teszi a mobiltelefon k\u00e9perny\u0151j\u00e9nek m\u00e1s fel\u00fcletekre val\u00f3 kivet\u00edt\u00e9s\u00e9t.<\/p>\n\n\n\n<p>K\u00fcl\u00f6nb\u00f6z\u0151 m\u00f3don m\u0171k\u00f6dnek: n\u00e9melyik Wi-Fi-t, m\u00e1sok Bluetooth-ot haszn\u00e1lnak, \u00e9s vannak olyanok is, amelyek fizikai k\u00e1belekkel is csatlakoztathat\u00f3k a tartalom tov\u00e1bb\u00edt\u00e1s\u00e1hoz.<\/p>\n\n\n\n<p>Mindegyiknek megvannak a maga saj\u00e1toss\u00e1gai \u00e9s el\u0151nyei, alkalmazkodva a k\u00fcl\u00f6nb\u00f6z\u0151 felhaszn\u00e1l\u00f3i t\u00edpusokhoz \u00e9s ig\u00e9nyekhez.<\/p>\n\n\n\n<p>Teh\u00e1t, ak\u00e1r csal\u00e1di fot\u00f3kat szeretn\u00e9l mutogatni, ak\u00e1r prezent\u00e1ci\u00f3t tartani a munkahelyeden, vagy csak vide\u00f3kat n\u00e9zni a bar\u00e1taiddal, ezek az alkalmaz\u00e1sok a sz\u00f6vets\u00e9geseid lehetnek.<\/p>\n\n\n\n<p>Ismerkedj\u00fcnk meg a legfontosabbakkal!<\/p>\n\n\n\n<h2 class=\"wp-block-heading\">Mit mondanak a felhaszn\u00e1l\u00f3k<\/h2>\n\n\n\n<p>Ezek az alkalmaz\u00e1sok m\u00e1r h\u0171s\u00e9ges felhaszn\u00e1l\u00f3i b\u00e1zisra tettek szert, sokan a k\u00f6nny\u0171 haszn\u00e1lhat\u00f3s\u00e1got \u00e9s a vet\u00edt\u00e9si min\u0151s\u00e9get emelik ki er\u0151ss\u00e9gk\u00e9nt.<\/p>\n\n\n\n<p>Az al\u00e1bbiakban n\u00e9gy, a legjobban aj\u00e1nlott alkalmaz\u00e1st vizsg\u00e1ljuk meg, \u00e9s meg\u00e9rtj\u00fck, mit k\u00edn\u00e1lnak.<\/p>\n\n\n\n<p>N\u00e9h\u00e1ny val\u00f3s felhaszn\u00e1l\u00f3i v\u00e9lem\u00e9nyt is mell\u00e9kel\u00fcnk, hogy teljesebb k\u00e9pet kapj.<\/p>\n\n\n\n<h3 class=\"wp-block-heading\">K\u00e9perny\u0151felv\u00e9tel<\/h3>\n\n\n\n<p><strong>El\u0151ny\u00f6k:<\/strong> A Screencast egy nagyon n\u00e9pszer\u0171 alkalmaz\u00e1s a mobiltelefon k\u00e9perny\u0151j\u00e9nek kivet\u00edt\u00e9s\u00e9re.<\/p>\n\n\n\n<p>Seg\u00edts\u00e9g\u00e9vel f\u00e9nyk\u00e9peket, vide\u00f3kat \u00e9s prezent\u00e1ci\u00f3kat t\u00fckr\u00f6zhet k\u00f6zvetlen\u00fcl egy t\u00e9v\u00e9re vagy b\u00e1rmilyen csatlakoztatott fel\u00fcletre.<\/p>\n\n\n\n<p>Az egyik legnagyobb el\u0151nye a be\u00e1ll\u00edt\u00e1si folyamat egyszer\u0171s\u00e9ge: csak csatlakoztasd egy kompatibilis eszk\u00f6zh\u00f6z, \u00e9s m\u00e1r indulhat is!<\/p>\n\n\n\n<p><strong>Hogyan kell telep\u00edteni:<\/strong> Keresd meg a \u201eScreencast\u201d alkalmaz\u00e1st az alkalmaz\u00e1sboltodban (Apple Store vagy Google Play), t\u00f6ltsd le az alkalmaz\u00e1st, \u00e9s k\u00f6vesd az utas\u00edt\u00e1sokat az eszk\u00f6z be\u00e1ll\u00edt\u00e1s\u00e1hoz.<\/p>\n\n\n\n<p><strong>Felhaszn\u00e1l\u00f3i v\u00e9lem\u00e9nyek:<\/strong><\/p>\n\n\n\n<ul class=\"wp-block-list\">\n<li><em>\u201eEgyszer\u0171en csod\u00e1latos! Arra haszn\u00e1lom, hogy megmutassam a fot\u00f3imat a csal\u00e1domnak, \u00e9s szuper praktikus.\u201d<\/em> \u2013 Anna, 34 \u00e9ves<\/li>\n\n\n\n<li><em>\u201eNagyszer\u0171 munkahelyi prezent\u00e1ci\u00f3khoz; csatlakoztattam a nappali t\u00e9v\u00e9j\u00e9hez, \u00e9s t\u00f6k\u00e9letesen m\u0171k\u00f6d\u00f6tt.\u201d<\/em> \u2013 Juan, 42 \u00e9ves<\/li>\n\n\n\n<li><em>\u201eK\u00f6nnyen haszn\u00e1lhat\u00f3 \u00e9s nagyon hasznos. Soha nem gondoltam volna, hogy ilyen k\u00f6nny\u0171 kivet\u00edteni a telefonom k\u00e9perny\u0151j\u00e9t!\u201d<\/em> \u2013 M\u00e1ria, 29 \u00e9ves<\/li>\n<\/ul>\n\n\n\n<h3 class=\"wp-block-heading\">ME projekt<\/h3>\n\n\n\n<p><strong>El\u0151ny\u00f6k:<\/strong> A Project ME ide\u00e1lis azok sz\u00e1m\u00e1ra, akiknek gyors \u00e9s praktikus megold\u00e1sra van sz\u00fcks\u00e9g\u00fck a mindennapi \u00e9let\u00fckben.<\/p>\n\n\n\n<p>Seg\u00edts\u00e9g\u00e9vel k\u00fcl\u00f6nb\u00f6z\u0151 t\u00edpus\u00fa csatlakoz\u00e1sokon kereszt\u00fcl kivet\u00edtheted a telefonod k\u00e9perny\u0151j\u00e9t, ami nagyszer\u0171 azok sz\u00e1m\u00e1ra, akik rugalmass\u00e1gra v\u00e1gynak.<\/p>\n\n\n\n<p>Ide\u00e1lis rendezv\u00e9nyek prezent\u00e1ci\u00f3ihoz, mivel kiv\u00e1l\u00f3 min\u0151s\u00e9g\u0171 vet\u00edt\u00e9st tesz lehet\u0151v\u00e9.<\/p>\n\n\n\n<p><strong>Hogyan kell telep\u00edteni:<\/strong> A Screencasthoz hasonl\u00f3an a Project ME is let\u00f6lthet\u0151 az Apple Store-b\u00f3l \u00e9s a Google Play \u00e1ruh\u00e1zb\u00f3l.<\/p>\n\n\n\n<p><strong>Felhaszn\u00e1l\u00f3i v\u00e9lem\u00e9nyek:<\/strong><\/p>\n\n\n\n<ul class=\"wp-block-list\">\n<li><em>\u201eA vet\u00edt\u00e9s min\u0151s\u00e9ge hihetetlen. Olyan \u00e9rz\u00e9s, mintha egy igazi projektort haszn\u00e1ln\u00e9k.\u201d<\/em> \u2013 Rafael, 37 \u00e9ves<\/li>\n\n\n\n<li><em>\u201eMindig haszn\u00e1lom a megbesz\u00e9l\u00e9seken, \u00e9s soha nem okozott csal\u00f3d\u00e1st.\u201d<\/em> \u2013 Carla, 41 \u00e9ves<\/li>\n\n\n\n<li><em>\u201ePontosan azt teszi, amit \u00edg\u00e9r. K\u00f6nnyen telep\u00edthet\u0151 \u00e9s konfigur\u00e1lhat\u00f3.\u201d<\/em> \u2013 Eduardo, 46 \u00e9ves<\/li>\n<\/ul>\n\n\n\n<h3 class=\"wp-block-heading\">K\u00e9perny\u0151t\u00fckr\u00f6z\u00e9s alkalmaz\u00e1s<\/h3>\n\n\n\n<p><strong>El\u0151ny\u00f6k:<\/strong> A K\u00e9perny\u0151t\u00fckr\u00f6z\u00e9s Alkalmaz\u00e1s t\u00f6k\u00e9letes azok sz\u00e1m\u00e1ra, akik vide\u00f3kat szeretn\u00e9nek megosztani vagy j\u00e1t\u00e9kokat j\u00e1tszani egy nagyobb k\u00e9perny\u0151n.<\/p>\n\n\n\n<p>Lehet\u0151v\u00e9 teszi a mobiltelefon k\u00e9perny\u0151j\u00e9nek gyors \u00e9s egyszer\u0171 t\u00fckr\u00f6z\u00e9s\u00e9t t\u00e9v\u00e9re \u00e9s sz\u00e1m\u00edt\u00f3g\u00e9pre. Nagyon n\u00e9pszer\u0171 a fiatalok k\u00f6r\u00e9ben, mivel megk\u00f6nny\u00edti a j\u00e1t\u00e9kokhoz \u00e9s vide\u00f3khoz val\u00f3 hozz\u00e1f\u00e9r\u00e9st.<\/p>\n\n\n\n<p><strong>Hogyan kell telep\u00edteni:<\/strong> El\u00e9rhet\u0151 iOS-re \u00e9s Androidra is; egyszer\u0171en t\u00f6ltse le \u00e9s k\u00f6vesse az utas\u00edt\u00e1sokat.<\/p>\n\n\n\n<p><strong>Felhaszn\u00e1l\u00f3i v\u00e9lem\u00e9nyek:<\/strong><\/p>\n\n\n\n<ul class=\"wp-block-list\">\n<li><em>\u201eNagyszer\u0171 vide\u00f3kat n\u00e9zni a bar\u00e1tokkal; olyan \u00e9rz\u00e9s, mintha egy moziban lenn\u00e9nk a nappaliban.\u201d<\/em> \u2013 Leticia, 23 \u00e9ves<\/li>\n\n\n\n<li><em>\u201eJ\u00e1t\u00e9kra haszn\u00e1lom, \u00e9s a m\u00e1sol\u00e1s nagyon gyors. Im\u00e1dtam!\u201d<\/em> \u2013 Lucas, 19 \u00e9ves<\/li>\n\n\n\n<li><em>\u201eAzoknak aj\u00e1nlom, akik szeretnek sorozatokat n\u00e9zni nagyobb k\u00e9perny\u0151n. Nagyon j\u00f3l m\u0171k\u00f6dik.\u201d<\/em> \u2013 Fernanda, 27 \u00e9ves<\/li>\n<\/ul>\n\n\n\n<h3 class=\"wp-block-heading\">Beam IPTV lej\u00e1tsz\u00f3<\/h3>\n\n\n\n<p><strong>El\u0151ny\u00f6k:<\/strong> Ez az alkalmaz\u00e1s ink\u00e1bb azokra \u00f6sszpontos\u00edt, akik IPTV tartalmat fogyasztanak, de lehet\u0151v\u00e9 teszi a k\u00e9perny\u0151kivet\u00edt\u00e9st is.<\/p>\n\n\n\n<p>A Beam IPTV Player kiv\u00e1l\u00f3an alkalmas t\u00e9v\u00e9csatorn\u00e1k \u00e9s filmek n\u00e9z\u00e9s\u00e9re, nagyszer\u0171 k\u00e9pmin\u0151s\u00e9ggel.<\/p>\n\n\n\n<p><strong>Hogyan kell telep\u00edteni:<\/strong> Let\u00f6lthet\u0151 az Apple Store-b\u00f3l \u00e9s a Google Play \u00e1ruh\u00e1zb\u00f3l. Csak t\u00f6ltsd le, telep\u00edtsd, \u00e9s m\u00e1ris haszn\u00e1lhatod.<\/p>\n\n\n\n<p><strong>Felhaszn\u00e1l\u00f3i v\u00e9lem\u00e9nyek:<\/strong><\/p>\n\n\n\n<ul class=\"wp-block-list\">\n<li><em>\u201eT\u00f6k\u00e9letes t\u00e9v\u00e9n\u00e9z\u00e9shez a nappaliban a csal\u00e1ddal. Im\u00e1dom a min\u0151s\u00e9g\u00e9t.\u201d<\/em> \u2013 Andr\u00e9s, 40 \u00e9ves<\/li>\n\n\n\n<li><em>\u201eIde\u00e1lis filmn\u00e9z\u00e9shez, olyan \u00e9rz\u00e9s, mint egy h\u00e1zimozi.\u201d<\/em> \u2013 Marcela, 33 \u00e9ves<\/li>\n\n\n\n<li><em>\u201eA min\u0151s\u00e9g leny\u0171g\u00f6z\u0151, \u00e9s nem akad el. Aj\u00e1nlom!\u201d<\/em> \u2013 Pedro, 35 \u00e9ves<\/li>\n<\/ul>\n\n\n<div class=\"wp-block-image\">\n<figure class=\"aligncenter size-full\"><img loading=\"lazy\" decoding=\"async\" width=\"550\" height=\"350\" src=\"http:\/\/universofamilia.com\/wp-content\/uploads\/sites\/148\/2024\/11\/DESTAQUE-UNIVERSO-550-x-350-3-1.jpg\" alt=\"\" class=\"wp-image-7345\" srcset=\"https:\/\/universofamilia.com\/wp-content\/uploads\/sites\/148\/2024\/11\/DESTAQUE-UNIVERSO-550-x-350-3-1.jpg 550w, https:\/\/universofamilia.com\/wp-content\/uploads\/sites\/148\/2024\/11\/DESTAQUE-UNIVERSO-550-x-350-3-1-300x191.jpg 300w\" sizes=\"(max-width: 550px) 100vw, 550px\" \/><\/figure><\/div>\n\n\n<h2 class=\"wp-block-heading\">K\u00f6vetkeztet\u00e9s<\/h2>\n\n\n\n<p>A mobiltelefon k\u00e9perny\u0151j\u00e9nek b\u00e1rmilyen fel\u00fcletre kivet\u00edt\u00e9se egy olyan val\u00f3s\u00e1g, ami itt marad.<\/p>\n\n\n\n<p>Ak\u00e1r f\u00e9nyk\u00e9peket osztasz meg, filmeket n\u00e9zel, vagy professzion\u00e1lis prezent\u00e1ci\u00f3kat k\u00e9sz\u00edtesz, ezek az alkalmaz\u00e1sok praktikus \u00e9s hat\u00e9kony megold\u00e1st k\u00edn\u00e1lnak.<\/p>\n\n\n\n<p>A technol\u00f3gi\u00e1nak k\u00f6sz\u00f6nhet\u0151en a megtekint\u00e9si \u00e9lm\u00e9ny kib\u0151v\u00fcl, lehet\u0151v\u00e9 t\u00e9ve, hogy t\u00f6bb ember vegyen r\u00e9szt \u00e9s \u00e9lvezze a tartalmat.<\/p>\n\n\n\n<p>Ezek az alkalmaz\u00e1sok nagyszer\u0171 p\u00e9ld\u00e1i annak, hogyan alkalmazkodik a technol\u00f3gia a mindennapi sz\u00fcks\u00e9gleteinkhez.<\/p>\n\n\n\n<p>Egy egyszer\u0171 let\u00f6lt\u00e9ssel egy hat\u00e9kony eszk\u00f6zt kapsz a kezedbe, amely b\u00e1rmilyen teret ideiglenes moziv\u00e1 vagy t\u00e1rgyal\u00f3v\u00e1 alak\u00edthat.<\/p>\n\n\n\n<p>Rem\u00e9lj\u00fck, hogy tetszettek az aj\u00e1nl\u00e1sok, \u00e9s hogy hasznosnak tal\u00e1ltad ezeket az alkalmaz\u00e1sokat a mindennapi \u00e9letedben.<\/p>\n\n\n\n<p>Sz\u00f3val, mit sz\u00f3ln\u00e1l, ha kipr\u00f3b\u00e1ln\u00e1l egyet ezek k\u00f6z\u00fcl, \u00e9s megosztan\u00e1d a bar\u00e1taiddal? A m\u00f3ka mindig jobb, ha megosztod!<\/p>\n\n\n\n<p><strong>T\u00f6ltsd le al\u00e1bb:<\/strong><\/p>\n\n\n\n<ul class=\"wp-block-list\">\n<li>K\u00e9perny\u0151felv\u00e9tel: <a href=\"https:\/\/apps.apple.com\/br\/app\/screencast-screen-recorder\/id1368905598?mt=12\">iOS<\/a> | <a href=\"https:\/\/play.google.com\/store\/apps\/details?id=com.screencast&amp;hl=pt_BR\">Android<\/a><\/li>\n\n\n\n<li>ME projekt: <a href=\"https:\/\/apps.apple.com\/lt\/app\/project-me-sportas-ir-mityba\/id6443840568\">iOS<\/a> <\/li>\n\n\n\n<li>K\u00e9perny\u0151t\u00fckr\u00f6z\u00e9si alkalmaz\u00e1s: <a href=\"https:\/\/apps.apple.com\/br\/app\/screen-mirroring-app\/id1463795505\">iOS<\/a> | <a href=\"https:\/\/play.google.com\/store\/apps\/details?id=de.twokit.screen.mirroring.app&amp;hl=pt_BR\">Android<\/a><\/li>\n\n\n\n<li>Beam IPTV lej\u00e1tsz\u00f3:  <a href=\"https:\/\/play.google.com\/store\/apps\/details?id=com.beamwallet&amp;hl=pt_BR\">Android<\/a><\/li>\n<\/ul>\n\n\n\n<hr class=\"wp-block-separator has-alpha-channel-opacity is-style-wide\" \/>\n\n\n\n<h3 class=\"wp-block-heading\">Gyakran Ism\u00e9telt K\u00e9rd\u00e9sek (GYIK)<\/h3>\n\n\n\n<p><strong>1. Mire van sz\u00fcks\u00e9gem ahhoz, hogy a mobiltelefonom k\u00e9perny\u0151j\u00e9t egy m\u00e1sik fel\u00fcletre kivet\u00edtsem?<\/strong><br>V: Csak egy kompatibilis eszk\u00f6zre (p\u00e9ld\u00e1ul t\u00e9v\u00e9re vagy sz\u00e1m\u00edt\u00f3g\u00e9pre) \u00e9s Wi-Fi vagy Bluetooth kapcsolatra van sz\u00fcks\u00e9ged, a v\u00e1lasztott alkalmaz\u00e1st\u00f3l f\u00fcgg\u0151en.<\/p>\n\n\n\n<p><strong>2. Ezek az alkalmaz\u00e1sok minden mobiltelefonnal kompatibilisek?<\/strong><br>V: Ezen alkalmaz\u00e1sok t\u00f6bbs\u00e9ge kompatibilis iOS \u00e9s Android eszk\u00f6z\u00f6kkel, de fontos, hogy let\u00f6lt\u00e9s el\u0151tt \u00e1ttekints\u00fck az egyes alkalmaz\u00e1sok k\u00f6vetelm\u00e9nyeit.<\/p>\n\n\n\n<p><strong>3. Haszn\u00e1lhatom ezeket az alkalmaz\u00e1sokat internetkapcsolat n\u00e9lk\u00fcl?<\/strong><br>V: Egyes alkalmaz\u00e1sok internetkapcsolatot ig\u00e9nyelnek, k\u00fcl\u00f6n\u00f6sen, ha online streamel\u00e9shez haszn\u00e1lj\u00e1k \u0151ket. Egyes alkalmaz\u00e1sok azonban lehet\u0151v\u00e9 teszik a kivet\u00edt\u00e9st Bluetooth-on vagy k\u00e1belen kereszt\u00fcl.<\/p>\n\n\n\n<p><strong>4. Minden modellen j\u00f3 a vet\u00edt\u00e9si min\u0151s\u00e9g?<\/strong><br>V: A kivet\u00edt\u00e9s min\u0151s\u00e9ge a telefonmodellt\u0151l \u00e9s az alkalmaz\u00e1st\u00f3l is f\u00fcgg. Az olyan alkalmaz\u00e1sok, mint a Project ME, nagy felbont\u00e1s\u00fa kivet\u00edt\u00e9st k\u00edn\u00e1lnak a kompatibilis eszk\u00f6z\u00f6k\u00f6n.<\/p>\n\n\n\n<p><strong>5. Sz\u00fcks\u00e9ges-e b\u00e1rmilyen tov\u00e1bbi felszerel\u00e9s ezen alkalmaz\u00e1sok haszn\u00e1lat\u00e1hoz?<\/strong><br>V: Nem, ezeknek az alkalmaz\u00e1soknak a t\u00f6bbs\u00e9ge nem ig\u00e9nyel tov\u00e1bbi berendez\u00e9seket. Egyes eszk\u00f6z\u00f6kh\u00f6z azonban adapterre vagy k\u00e1belre lehet sz\u00fcks\u00e9g bizonyos csatlakoz\u00e1sokhoz.<\/p>\n\n\n\n<p><strong>6. Haszn\u00e1lhatom ezeket az alkalmaz\u00e1sokat nagyobb k\u00e9perny\u0151n val\u00f3 j\u00e1t\u00e9khoz?<\/strong><br>V: Igen! Az olyan alkalmaz\u00e1sok, mint a Screen Mirroring, t\u00f6k\u00e9letesek j\u00e1t\u00e9kokhoz, mivel lehet\u0151v\u00e9 teszik a k\u00e9perny\u0151 t\u00fckr\u00f6z\u00e9s\u00e9t, \u00e9s mag\u00e1val ragad\u00f3 j\u00e1t\u00e9k\u00e9lm\u00e9nyt ny\u00fajtanak.<\/p>\n\n\n\n<p><strong>7. Ezek az alkalmaz\u00e1sok sokat fogyasztanak a mobiltelefon akkumul\u00e1tor\u00e1b\u00f3l?<\/strong><br>V: Ezeknek az alkalmaz\u00e1soknak a haszn\u00e1lata t\u00f6bb akkumul\u00e1tort fogyaszthat, k\u00fcl\u00f6n\u00f6sen hosszabb ideig tart\u00f3 haszn\u00e1lat sor\u00e1n. Javasoljuk, hogy a telefont t\u00f6ltve vagy konnektorba csatlakoztatva tartsa az alkalmaz\u00e1s haszn\u00e1lata k\u00f6zben, hogy elker\u00fclje a megszak\u00edt\u00e1sokat.<\/p>","protected":false},"excerpt":{"rendered":"<p>Descubre c\u00f3mo transformar cualquier espacio en una pantalla gigante Imagina esto: est\u00e1s en una reuni\u00f3n importante, en una fiesta con amigos o de viaje con la familia. De repente, surge la necesidad de compartir algo que tienes en tu celular, pero la pantalla es demasiado peque\u00f1a para que todos puedan verlo. \u00bfTe ha pasado? Bueno, [&hellip;]<\/p>","protected":false},"author":139,"featured_media":7345,"comment_status":"closed","ping_status":"open","sticky":false,"template":"","format":"standard","meta":{"footnotes":""},"categories":[5],"tags":[325,783,1292,1293,1508],"yoast_head":"<!-- This site is optimized with the Yoast SEO plugin v23.3 - https:\/\/yoast.com\/wordpress\/plugins\/seo\/ -->\n<title>Proyecta tu Celular en Cualquier Superficie - Universo Fam\u00edlia<\/title>\n<meta name=\"description\" content=\"Proyecta tu Celular en Cualquier Superficie. Descubre c\u00f3mo transformar cualquier espacio en una pantalla gigante...\" \/>\n<meta name=\"robots\" content=\"index, follow, max-snippet:-1, max-image-preview:large, max-video-preview:-1\" \/>\n<link rel=\"canonical\" href=\"https:\/\/universofamilia.com\/hu\/\u0986\u09aa\u09a8\u09be\u09b0-\u09ae\u09cb\u09ac\u09be\u0987\u09b2-\u09ab\u09cb\u09a8\u099f\u09bf-\u09af\u09c7\u0995\u09cb\u09a8\/\" \/>\n<meta property=\"og:locale\" content=\"hu_HU\" \/>\n<meta property=\"og:type\" content=\"article\" \/>\n<meta property=\"og:title\" content=\"Proyecta tu Celular en Cualquier Superficie - Universo Fam\u00edlia\" \/>\n<meta property=\"og:description\" content=\"Proyecta tu Celular en Cualquier Superficie. Descubre c\u00f3mo transformar cualquier espacio en una pantalla gigante...\" \/>\n<meta property=\"og:url\" content=\"https:\/\/universofamilia.com\/hu\/\u0986\u09aa\u09a8\u09be\u09b0-\u09ae\u09cb\u09ac\u09be\u0987\u09b2-\u09ab\u09cb\u09a8\u099f\u09bf-\u09af\u09c7\u0995\u09cb\u09a8\/\" \/>\n<meta property=\"og:site_name\" content=\"Universo Fam\u00edlia\" \/>\n<meta property=\"article:published_time\" content=\"2024-11-05T22:23:09+00:00\" \/>\n<meta property=\"article:modified_time\" content=\"2025-10-05T17:53:56+00:00\" \/>\n<meta property=\"og:image\" content=\"https:\/\/universofamilia.com\/wp-content\/uploads\/sites\/148\/2024\/11\/DESTAQUE-UNIVERSO-550-x-350-3-1.jpg\" \/>\n\t<meta property=\"og:image:width\" content=\"550\" \/>\n\t<meta property=\"og:image:height\" content=\"350\" \/>\n\t<meta property=\"og:image:type\" content=\"image\/jpeg\" \/>\n<meta name=\"author\" content=\"Pedro Henrique\" \/>\n<meta name=\"twitter:card\" content=\"summary_large_image\" \/>\n<meta name=\"twitter:label1\" content=\"Written by\" \/>\n\t<meta name=\"twitter:data1\" content=\"Pedro Henrique\" \/>\n\t<meta name=\"twitter:label2\" content=\"Est. reading time\" \/>\n\t<meta name=\"twitter:data2\" content=\"8 perc\" \/>\n<script type=\"application\/ld+json\" class=\"yoast-schema-graph\">{\"@context\":\"https:\/\/schema.org\",\"@graph\":[{\"@type\":\"WebPage\",\"@id\":\"https:\/\/universofamilia.com\/bn\/\u0986\u09aa\u09a8\u09be\u09b0-\u09ae\u09cb\u09ac\u09be\u0987\u09b2-\u09ab\u09cb\u09a8\u099f\u09bf-\u09af\u09c7\u0995\u09cb\u09a8\/\",\"url\":\"https:\/\/universofamilia.com\/bn\/\u0986\u09aa\u09a8\u09be\u09b0-\u09ae\u09cb\u09ac\u09be\u0987\u09b2-\u09ab\u09cb\u09a8\u099f\u09bf-\u09af\u09c7\u0995\u09cb\u09a8\/\",\"name\":\"Proyecta tu Celular en Cualquier Superficie - Universo Fam\u00edlia\",\"isPartOf\":{\"@id\":\"https:\/\/universofamilia.com\/el\/#website\"},\"primaryImageOfPage\":{\"@id\":\"https:\/\/universofamilia.com\/bn\/\u0986\u09aa\u09a8\u09be\u09b0-\u09ae\u09cb\u09ac\u09be\u0987\u09b2-\u09ab\u09cb\u09a8\u099f\u09bf-\u09af\u09c7\u0995\u09cb\u09a8\/#primaryimage\"},\"image\":{\"@id\":\"https:\/\/universofamilia.com\/bn\/\u0986\u09aa\u09a8\u09be\u09b0-\u09ae\u09cb\u09ac\u09be\u0987\u09b2-\u09ab\u09cb\u09a8\u099f\u09bf-\u09af\u09c7\u0995\u09cb\u09a8\/#primaryimage\"},\"thumbnailUrl\":\"https:\/\/universofamilia.com\/wp-content\/uploads\/sites\/148\/2024\/11\/DESTAQUE-UNIVERSO-550-x-350-3-1.jpg\",\"datePublished\":\"2024-11-05T22:23:09+00:00\",\"dateModified\":\"2025-10-05T17:53:56+00:00\",\"author\":{\"@id\":\"https:\/\/universofamilia.com\/el\/#\/schema\/person\/f07ce98187dd84d31154262e79b3b7ca\"},\"description\":\"Proyecta tu Celular en Cualquier Superficie. Descubre c\u00f3mo transformar cualquier espacio en una pantalla gigante...\",\"breadcrumb\":{\"@id\":\"https:\/\/universofamilia.com\/bn\/\u0986\u09aa\u09a8\u09be\u09b0-\u09ae\u09cb\u09ac\u09be\u0987\u09b2-\u09ab\u09cb\u09a8\u099f\u09bf-\u09af\u09c7\u0995\u09cb\u09a8\/#breadcrumb\"},\"inLanguage\":\"hu\",\"potentialAction\":[{\"@type\":\"ReadAction\",\"target\":[\"https:\/\/universofamilia.com\/bn\/\u0986\u09aa\u09a8\u09be\u09b0-\u09ae\u09cb\u09ac\u09be\u0987\u09b2-\u09ab\u09cb\u09a8\u099f\u09bf-\u09af\u09c7\u0995\u09cb\u09a8\/\"]}]},{\"@type\":\"ImageObject\",\"inLanguage\":\"hu\",\"@id\":\"https:\/\/universofamilia.com\/bn\/\u0986\u09aa\u09a8\u09be\u09b0-\u09ae\u09cb\u09ac\u09be\u0987\u09b2-\u09ab\u09cb\u09a8\u099f\u09bf-\u09af\u09c7\u0995\u09cb\u09a8\/#primaryimage\",\"url\":\"https:\/\/universofamilia.com\/wp-content\/uploads\/sites\/148\/2024\/11\/DESTAQUE-UNIVERSO-550-x-350-3-1.jpg\",\"contentUrl\":\"https:\/\/universofamilia.com\/wp-content\/uploads\/sites\/148\/2024\/11\/DESTAQUE-UNIVERSO-550-x-350-3-1.jpg\",\"width\":550,\"height\":350,\"caption\":\"Proyecta tu Celular en Cualquier Superficie\"},{\"@type\":\"BreadcrumbList\",\"@id\":\"https:\/\/universofamilia.com\/bn\/\u0986\u09aa\u09a8\u09be\u09b0-\u09ae\u09cb\u09ac\u09be\u0987\u09b2-\u09ab\u09cb\u09a8\u099f\u09bf-\u09af\u09c7\u0995\u09cb\u09a8\/#breadcrumb\",\"itemListElement\":[{\"@type\":\"ListItem\",\"position\":1,\"name\":\"Home\",\"item\":\"https:\/\/universofamilia.com\/el\/\"},{\"@type\":\"ListItem\",\"position\":2,\"name\":\"Proyecta tu Celular en Cualquier Superficie\"}]},{\"@type\":\"WebSite\",\"@id\":\"https:\/\/universofamilia.com\/el\/#website\",\"url\":\"https:\/\/universofamilia.com\/el\/\",\"name\":\"Universo Fam\u00edlia\",\"description\":\"\",\"potentialAction\":[{\"@type\":\"SearchAction\",\"target\":{\"@type\":\"EntryPoint\",\"urlTemplate\":\"https:\/\/universofamilia.com\/el\/?s={search_term_string}\"},\"query-input\":\"required name=search_term_string\"}],\"inLanguage\":\"hu\"},{\"@type\":\"Person\",\"@id\":\"https:\/\/universofamilia.com\/el\/#\/schema\/person\/f07ce98187dd84d31154262e79b3b7ca\",\"name\":\"Pedro Henrique\",\"image\":{\"@type\":\"ImageObject\",\"inLanguage\":\"hu\",\"@id\":\"https:\/\/universofamilia.com\/el\/#\/schema\/person\/image\/\",\"url\":\"https:\/\/secure.gravatar.com\/avatar\/9edfeb808cb4e1599f64d6e45b130154?s=96&d=mm&r=g\",\"contentUrl\":\"https:\/\/secure.gravatar.com\/avatar\/9edfeb808cb4e1599f64d6e45b130154?s=96&d=mm&r=g\",\"caption\":\"Pedro Henrique\"},\"url\":\"https:\/\/universofamilia.com\/hu\/author\/editor01\/\"}]}<\/script>\n<!-- \/ Yoast SEO plugin. -->","yoast_head_json":{"title":"Proyecta tu Celular en Cualquier Superficie - Universo Fam\u00edlia","description":"Proyecta tu Celular en Cualquier Superficie. Descubre c\u00f3mo transformar cualquier espacio en una pantalla gigante...","robots":{"index":"index","follow":"follow","max-snippet":"max-snippet:-1","max-image-preview":"max-image-preview:large","max-video-preview":"max-video-preview:-1"},"canonical":"https:\/\/universofamilia.com\/hu\/\u0986\u09aa\u09a8\u09be\u09b0-\u09ae\u09cb\u09ac\u09be\u0987\u09b2-\u09ab\u09cb\u09a8\u099f\u09bf-\u09af\u09c7\u0995\u09cb\u09a8\/","og_locale":"hu_HU","og_type":"article","og_title":"Proyecta tu Celular en Cualquier Superficie - Universo Fam\u00edlia","og_description":"Proyecta tu Celular en Cualquier Superficie. Descubre c\u00f3mo transformar cualquier espacio en una pantalla gigante...","og_url":"https:\/\/universofamilia.com\/hu\/\u0986\u09aa\u09a8\u09be\u09b0-\u09ae\u09cb\u09ac\u09be\u0987\u09b2-\u09ab\u09cb\u09a8\u099f\u09bf-\u09af\u09c7\u0995\u09cb\u09a8\/","og_site_name":"Universo Fam\u00edlia","article_published_time":"2024-11-05T22:23:09+00:00","article_modified_time":"2025-10-05T17:53:56+00:00","og_image":[{"width":550,"height":350,"url":"https:\/\/universofamilia.com\/wp-content\/uploads\/sites\/148\/2024\/11\/DESTAQUE-UNIVERSO-550-x-350-3-1.jpg","type":"image\/jpeg"}],"author":"Pedro Henrique","twitter_card":"summary_large_image","twitter_misc":{"Written by":"Pedro Henrique","Est. reading time":"8 perc"},"schema":{"@context":"https:\/\/schema.org","@graph":[{"@type":"WebPage","@id":"https:\/\/universofamilia.com\/bn\/\u0986\u09aa\u09a8\u09be\u09b0-\u09ae\u09cb\u09ac\u09be\u0987\u09b2-\u09ab\u09cb\u09a8\u099f\u09bf-\u09af\u09c7\u0995\u09cb\u09a8\/","url":"https:\/\/universofamilia.com\/bn\/\u0986\u09aa\u09a8\u09be\u09b0-\u09ae\u09cb\u09ac\u09be\u0987\u09b2-\u09ab\u09cb\u09a8\u099f\u09bf-\u09af\u09c7\u0995\u09cb\u09a8\/","name":"Proyecta tu Celular en Cualquier Superficie - Universo Fam\u00edlia","isPartOf":{"@id":"https:\/\/universofamilia.com\/el\/#website"},"primaryImageOfPage":{"@id":"https:\/\/universofamilia.com\/bn\/\u0986\u09aa\u09a8\u09be\u09b0-\u09ae\u09cb\u09ac\u09be\u0987\u09b2-\u09ab\u09cb\u09a8\u099f\u09bf-\u09af\u09c7\u0995\u09cb\u09a8\/#primaryimage"},"image":{"@id":"https:\/\/universofamilia.com\/bn\/\u0986\u09aa\u09a8\u09be\u09b0-\u09ae\u09cb\u09ac\u09be\u0987\u09b2-\u09ab\u09cb\u09a8\u099f\u09bf-\u09af\u09c7\u0995\u09cb\u09a8\/#primaryimage"},"thumbnailUrl":"https:\/\/universofamilia.com\/wp-content\/uploads\/sites\/148\/2024\/11\/DESTAQUE-UNIVERSO-550-x-350-3-1.jpg","datePublished":"2024-11-05T22:23:09+00:00","dateModified":"2025-10-05T17:53:56+00:00","author":{"@id":"https:\/\/universofamilia.com\/el\/#\/schema\/person\/f07ce98187dd84d31154262e79b3b7ca"},"description":"Proyecta tu Celular en Cualquier Superficie. Descubre c\u00f3mo transformar cualquier espacio en una pantalla gigante...","breadcrumb":{"@id":"https:\/\/universofamilia.com\/bn\/\u0986\u09aa\u09a8\u09be\u09b0-\u09ae\u09cb\u09ac\u09be\u0987\u09b2-\u09ab\u09cb\u09a8\u099f\u09bf-\u09af\u09c7\u0995\u09cb\u09a8\/#breadcrumb"},"inLanguage":"hu","potentialAction":[{"@type":"ReadAction","target":["https:\/\/universofamilia.com\/bn\/\u0986\u09aa\u09a8\u09be\u09b0-\u09ae\u09cb\u09ac\u09be\u0987\u09b2-\u09ab\u09cb\u09a8\u099f\u09bf-\u09af\u09c7\u0995\u09cb\u09a8\/"]}]},{"@type":"ImageObject","inLanguage":"hu","@id":"https:\/\/universofamilia.com\/bn\/\u0986\u09aa\u09a8\u09be\u09b0-\u09ae\u09cb\u09ac\u09be\u0987\u09b2-\u09ab\u09cb\u09a8\u099f\u09bf-\u09af\u09c7\u0995\u09cb\u09a8\/#primaryimage","url":"https:\/\/universofamilia.com\/wp-content\/uploads\/sites\/148\/2024\/11\/DESTAQUE-UNIVERSO-550-x-350-3-1.jpg","contentUrl":"https:\/\/universofamilia.com\/wp-content\/uploads\/sites\/148\/2024\/11\/DESTAQUE-UNIVERSO-550-x-350-3-1.jpg","width":550,"height":350,"caption":"Proyecta tu Celular en Cualquier Superficie"},{"@type":"BreadcrumbList","@id":"https:\/\/universofamilia.com\/bn\/\u0986\u09aa\u09a8\u09be\u09b0-\u09ae\u09cb\u09ac\u09be\u0987\u09b2-\u09ab\u09cb\u09a8\u099f\u09bf-\u09af\u09c7\u0995\u09cb\u09a8\/#breadcrumb","itemListElement":[{"@type":"ListItem","position":1,"name":"Home","item":"https:\/\/universofamilia.com\/el\/"},{"@type":"ListItem","position":2,"name":"Proyecta tu Celular en Cualquier Superficie"}]},{"@type":"WebSite","@id":"https:\/\/universofamilia.com\/el\/#website","url":"https:\/\/universofamilia.com\/el\/","name":"Universo Fam\u00edlia","description":"","potentialAction":[{"@type":"SearchAction","target":{"@type":"EntryPoint","urlTemplate":"https:\/\/universofamilia.com\/el\/?s={search_term_string}"},"query-input":"required name=search_term_string"}],"inLanguage":"hu"},{"@type":"Person","@id":"https:\/\/universofamilia.com\/el\/#\/schema\/person\/f07ce98187dd84d31154262e79b3b7ca","name":"Pedro Henrique","image":{"@type":"ImageObject","inLanguage":"hu","@id":"https:\/\/universofamilia.com\/el\/#\/schema\/person\/image\/","url":"https:\/\/secure.gravatar.com\/avatar\/9edfeb808cb4e1599f64d6e45b130154?s=96&d=mm&r=g","contentUrl":"https:\/\/secure.gravatar.com\/avatar\/9edfeb808cb4e1599f64d6e45b130154?s=96&d=mm&r=g","caption":"Pedro Henrique"},"url":"https:\/\/universofamilia.com\/hu\/author\/editor01\/"}]}},"_links":{"self":[{"href":"https:\/\/universofamilia.com\/hu\/wp-json\/wp\/v2\/posts\/7344"}],"collection":[{"href":"https:\/\/universofamilia.com\/hu\/wp-json\/wp\/v2\/posts"}],"about":[{"href":"https:\/\/universofamilia.com\/hu\/wp-json\/wp\/v2\/types\/post"}],"author":[{"embeddable":true,"href":"https:\/\/universofamilia.com\/hu\/wp-json\/wp\/v2\/users\/139"}],"replies":[{"embeddable":true,"href":"https:\/\/universofamilia.com\/hu\/wp-json\/wp\/v2\/comments?post=7344"}],"version-history":[{"count":2,"href":"https:\/\/universofamilia.com\/hu\/wp-json\/wp\/v2\/posts\/7344\/revisions"}],"predecessor-version":[{"id":9858,"href":"https:\/\/universofamilia.com\/hu\/wp-json\/wp\/v2\/posts\/7344\/revisions\/9858"}],"wp:featuredmedia":[{"embeddable":true,"href":"https:\/\/universofamilia.com\/hu\/wp-json\/wp\/v2\/media\/7345"}],"wp:attachment":[{"href":"https:\/\/universofamilia.com\/hu\/wp-json\/wp\/v2\/media?parent=7344"}],"wp:term":[{"taxonomy":"category","embeddable":true,"href":"https:\/\/universofamilia.com\/hu\/wp-json\/wp\/v2\/categories?post=7344"},{"taxonomy":"post_tag","embeddable":true,"href":"https:\/\/universofamilia.com\/hu\/wp-json\/wp\/v2\/tags?post=7344"}],"curies":[{"name":"wp","href":"https:\/\/api.w.org\/{rel}","templated":true}]}}