{"id":7355,"date":"2024-11-06T12:03:16","date_gmt":"2024-11-06T15:03:16","guid":{"rendered":"https:\/\/universofamilia.com\/?p=7355"},"modified":"2026-04-15T11:37:38","modified_gmt":"2026-04-15T14:37:38","slug":"encuentra-tu-celular-en-minutos","status":"publish","type":"post","link":"https:\/\/universofamilia.com\/hu\/encuentra-tu-celular-en-minutos\/","title":{"rendered":"Tal\u00e1ld meg a mobiltelefonodat percek alatt"},"content":{"rendered":"<p><strong>Tudja meg, hogyan k\u00f6vetheti nyomon azonnal<\/strong><\/p>\n\n\n\n<p><br>K\u00e9pzeld el a k\u00f6vetkez\u0151 helyzetet: Mariana \u00e9pp egy fontos megbesz\u00e9l\u00e9sr\u0151l t\u00e1vozott, sz\u00e9tsz\u00f3rtan \u00e9s f\u00e1radtan.<\/p>\n\n\n\n<p>Amint be\u00fclt az aut\u00f3ba, r\u00e1j\u00f6tt, hogy a mobiltelefonja nincs a zseb\u00e9ben.<\/p>\n\n\n\n<p>K\u00e9ts\u00e9gbees\u00e9s? H\u00e1t persze! A telefonban voltak a gyermekei \u00f6sszes fot\u00f3i, p\u00e9nz\u00fcgyi adatai, munkahelyi jelszavai... egy igazi kincsesl\u00e1da tele digit\u00e1lis kincsekkel.<\/p>\n\n\n\n<p>De szerencs\u00e9re Marian\u00e1nak telep\u00edtve volt egy nyomk\u00f6vet\u0151 alkalmaz\u00e1s. Perceken bel\u00fcl meg tudta n\u00e9zni a mobiltelefonja pontos hely\u00e9t.<\/p>\n\n\n\n<p>\u00cdgy a p\u00e1nik megk\u00f6nnyebb\u00fcl\u00e9sbe csapott \u00e1t. Az ilyen helyzetek j\u00f3l mutatj\u00e1k a telefonk\u00f6vet\u0151 alkalmaz\u00e1sok fontoss\u00e1g\u00e1t, \u00e9s azt, hogy hogyan menthetik meg a napot (vagy ak\u00e1r \u00e9rt\u00e9kes adatokat).<\/p>\n\n\n\n<p><\/p>\n\n\n\n<hr class=\"wp-block-separator has-text-color has-luminous-vivid-orange-color has-alpha-channel-opacity has-luminous-vivid-orange-background-color has-background is-style-wide\" \/>\n\n\n\n<h3 class=\"wp-block-heading\">L\u00e1sd m\u00e9g:<\/h3>\n\n\n\n<ul class=\"wp-block-list has-small-font-size\">\n<li class=\"has-medium-font-size\" style=\"padding-top:0;padding-right:var(--wp--preset--spacing--40);padding-bottom:0;padding-left:var(--wp--preset--spacing--40);font-style:normal;font-weight:400\"><a href=\"https:\/\/universofamilia.com\/hu\/6855\/grabar-llamadas-recibidas\/\"><mark style=\"color:#f94c45\" class=\"has-inline-color\">Bej\u00f6v\u0151 h\u00edv\u00e1sok r\u00f6gz\u00edt\u00e9se &gt;<\/mark><\/a><\/li>\n\n\n\n<li class=\"has-medium-font-size\" style=\"padding-top:0;padding-right:var(--wp--preset--spacing--40);padding-bottom:0;padding-left:var(--wp--preset--spacing--40);font-style:normal;font-weight:400\"><a href=\"https:\/\/universofamilia.com\/hu\/6898\/leer-la-biblia-catolica-en-tu-celular\/\"><mark style=\"color:#f94c45\" class=\"has-inline-color\"><font style=\"vertical-align: inherit\"><font style=\"vertical-align: inherit\">Olvasd a katolikus Bibli\u00e1t a mobiltelefonodon<\/font><\/font> &gt;<\/mark><\/a><\/li>\n\n\n\n<li class=\"has-medium-font-size\" style=\"padding-top:0;padding-right:var(--wp--preset--spacing--40);padding-bottom:0;padding-left:var(--wp--preset--spacing--40);font-style:normal;font-weight:400\"><a href=\"https:\/\/universofamilia.com\/hu\/6832\/aplicacion-para-bailar-zumba\/\"><mark style=\"color:#f94c45\" class=\"has-inline-color\">Zumba t\u00e1ncalkalmaz\u00e1s &gt;<\/mark><\/a><\/li>\n\n\n\n<li class=\"has-medium-font-size\" style=\"padding-top:0;padding-right:var(--wp--preset--spacing--40);padding-bottom:0;padding-left:var(--wp--preset--spacing--40);font-style:normal;font-weight:400\"><a href=\"https:\/\/universofamilia.com\/hu\/6952\/descubre-quien-visita-tu-perfil-redes-sociales\/\"><mark style=\"color:#f94c45\" class=\"has-inline-color\">Tudja meg, kik l\u00e1togatj\u00e1k a k\u00f6z\u00f6ss\u00e9gi m\u00e9dia profilj\u00e1t &gt;<\/mark><\/a><\/li>\n<\/ul>\n\n\n\n<hr class=\"wp-block-separator has-text-color has-luminous-vivid-orange-color has-alpha-channel-opacity has-luminous-vivid-orange-background-color has-background is-style-wide\" \/>\n\n\n\n<p><\/p>\n\n\n\n<h3 class=\"wp-block-heading\"><strong>A k\u00f6vet\u0151alkalmaz\u00e1sok fontoss\u00e1ga \u00e9s el\u0151nyei<\/strong><\/h3>\n\n\n\n<p>A mobiltelefon elveszt\u00e9se gyakoribb, mint szeretn\u00e9nk, \u00e9s mivel az eg\u00e9sz \u00e9let\u00fcnk ezeken az eszk\u00f6z\u00f6k\u00f6n t\u00e1rol\u00f3dik, a k\u00e9sz\u00fcl\u00e9k megtal\u00e1l\u00e1sa priorit\u00e1ss\u00e1 v\u00e1lik.<\/p>\n\n\n\n<p>Itt j\u00f6nnek k\u00e9pbe a nyomk\u00f6vet\u0151 alkalmaz\u00e1sok, amelyek val\u00f3s idej\u0171 helymeghat\u00e1roz\u00e1st, mozg\u00e1s\u00e9rz\u00e9kel\u00e9st \u00e9s ak\u00e1r aktivit\u00e1sfigyel\u00e9st is k\u00edn\u00e1lnak.<\/p>\n\n\n\n<p>Ezek az er\u0151forr\u00e1sok elengedhetetlenek azok sz\u00e1m\u00e1ra, akik biztons\u00e1gra \u00e9s lelki nyugalomra v\u00e1gynak, legyen sz\u00f3 ak\u00e1r egy elveszett mobiltelefon megtal\u00e1l\u00e1s\u00e1r\u00f3l, ak\u00e1r gyermekek \u00e9s csal\u00e1dtagok biztons\u00e1g\u00e1nak fel\u00fcgyelet\u00e9r\u0151l.<\/p>\n\n\n\n<blockquote class=\"wp-block-quote\">\n<p><strong>Jegyzet<\/strong>N\u00e9h\u00e1ny orsz\u00e1gban bizonyos alkalmaz\u00e1sokat politikai vagy kereskedelmi korl\u00e1toz\u00e1sok miatt megsz\u00fcntettek vagy elt\u00e1vol\u00edtottak az \u00e1ruh\u00e1zakb\u00f3l. Emiatt a cikkben tal\u00e1lhat\u00f3 egyes linkek k\u00f6zvetlen\u00fcl az alkalmaz\u00e1sok hivatalos webhelyeire mutatnak.<\/p>\n<\/blockquote>\n\n\n\n<h3 class=\"wp-block-heading\"><strong>Telefonk\u00f6vet\u0151 alkalmaz\u00e1sok: melyiket v\u00e1lasszam?<\/strong><\/h3>\n\n\n\n<p>Fedezz\u00fck fel a legjobb el\u00e9rhet\u0151 telefonk\u00f6vet\u0151 alkalmaz\u00e1sokat, azok el\u0151nyeivel \u00e9s funkci\u00f3ival egy\u00fctt.<\/p>\n\n\n\n<p>Minden alkalmaz\u00e1s m\u00e1s-m\u00e1s el\u0151ny\u00f6ket k\u00edn\u00e1l, \u00e9s a sz\u00e1modra legmegfelel\u0151bb az ig\u00e9nyeidt\u0151l f\u00fcgg. L\u00e1ssuk, mit k\u00edn\u00e1lnak, \u00e9s mit mondanak r\u00f3luk a felhaszn\u00e1l\u00f3k!<\/p>\n\n\n\n<h4 class=\"wp-block-heading\"><strong>Spyic: Diszkr\u00e9t \u00e9s teljes k\u00f6r\u0171 megfigyel\u00e9s<\/strong><\/h4>\n\n\n\n<p><strong>K\u00e9m<\/strong> Intuit\u00edv kezel\u0151fel\u00fclet\u00e9r\u0151l \u00e9s val\u00f3s idej\u0171 k\u00f6vet\u00e9s\u00e9r\u0151l ismert.<\/p>\n\n\n\n<p>Ide\u00e1lis azoknak a sz\u00fcl\u0151knek, akik diszkr\u00e9ten szeretn\u00e9k figyelni gyermekeik biztons\u00e1g\u00e1t, lehet\u0151v\u00e9 t\u00e9ve sz\u00e1mukra a tart\u00f3zkod\u00e1si hely\u00fck, \u00fczeneteik \u00e9s b\u00f6ng\u00e9sz\u00e9si el\u0151zm\u00e9nyeik ellen\u0151rz\u00e9s\u00e9t.<\/p>\n\n\n\n<p>Gyors telep\u00edt\u00e9ssel a Spyic n\u00e9h\u00e1ny perc alatt haszn\u00e1latra k\u00e9sz.<\/p>\n\n\n\n<p><strong>A Spyic el\u0151nyei<\/strong>:<\/p>\n\n\n\n<ul class=\"wp-block-list\">\n<li>Az eszk\u00f6z val\u00f3s idej\u0171 helyzete<\/li>\n\n\n\n<li>\u00dczenetek, h\u00edv\u00e1sok \u00e9s k\u00f6z\u00f6ss\u00e9gi h\u00e1l\u00f3zatok figyel\u00e9se<\/li>\n\n\n\n<li>Intuit\u00edv \u00e9s diszkr\u00e9t kezel\u0151fel\u00fclet<\/li>\n<\/ul>\n\n\n\n<p><strong>Felhaszn\u00e1l\u00f3i v\u00e9lem\u00e9nyek<\/strong>:<\/p>\n\n\n\n<ol class=\"wp-block-list\">\n<li>\u201eNagyon k\u00f6nnyen telep\u00edthet\u0151, \u00e9s seg\u00edt a gyermekeim fel\u00fcgyelet\u00e9ben an\u00e9lk\u00fcl, hogy megs\u00e9rten\u00e9m a mag\u00e1n\u00e9let\u00fcket.\u201d \u2013 Alice, 39 \u00e9ves<\/li>\n\n\n\n<li>\u201eNagyszer\u0171 a telefonom nyomon k\u00f6vet\u00e9s\u00e9re, ha valahol elfelejtem.\u201d \u2013 Fernando, 42<\/li>\n\n\n\n<li>\u201eNagyon j\u00f3l m\u0171k\u00f6dik, megb\u00edzhat\u00f3 \u00e9s biztons\u00e1gos.\u201d \u2013 Luana, 36 \u00e9ves<\/li>\n<\/ol>\n\n\n\n<h4 class=\"wp-block-heading\"><strong>Theonespy: Teljes k\u00f6r\u0171 ir\u00e1ny\u00edt\u00e1s a sz\u00fcl\u0151k \u00e9s a v\u00e1llalkoz\u00e1sok sz\u00e1m\u00e1ra<\/strong><\/h4>\n\n\n\n<p>Azok sz\u00e1m\u00e1ra, akiknek r\u00e9szletesebb ellen\u0151rz\u00e9sre \u00e9s fel\u00fcgyeletre van sz\u00fcks\u00e9g\u00fck, <strong>Theonespy<\/strong> kiv\u00e1l\u00f3 lehet\u0151s\u00e9g.<\/p>\n\n\n\n<p>Ez az alkalmaz\u00e1s lehet\u0151v\u00e9 teszi h\u00edv\u00e1sok r\u00f6gz\u00edt\u00e9s\u00e9t, \u00fczenetek, k\u00f6z\u00f6ss\u00e9gi h\u00e1l\u00f3zatok \u00e9s ak\u00e1r az eszk\u00f6z hely\u00e9nek nyomon k\u00f6vet\u00e9s\u00e9t is.<\/p>\n\n\n\n<p>N\u00e9pszer\u0171 az agg\u00f3d\u00f3 sz\u00fcl\u0151k \u00e9s a v\u00e1llalkoz\u00e1sok k\u00f6r\u00e9ben, amelyek meg akarj\u00e1k v\u00e9deni v\u00e1llalati adataikat.<\/p>\n\n\n\n<p><strong>A Theonespy el\u0151nyei<\/strong>:<\/p>\n\n\n\n<ul class=\"wp-block-list\">\n<li>H\u00edv\u00e1sr\u00f6gz\u00edt\u00e9s \u00e9s \u00fczenetk\u00fcld\u0151 alkalmaz\u00e1s figyel\u00e9se<\/li>\n\n\n\n<li>Pontos helymeghat\u00e1roz\u00e1s gyakori friss\u00edt\u00e9sekkel<\/li>\n\n\n\n<li>Tov\u00e1bbi forr\u00e1sok v\u00e1llalkoz\u00e1sok sz\u00e1m\u00e1ra<\/li>\n<\/ul>\n\n\n\n<p><strong>Felhaszn\u00e1l\u00f3i v\u00e9lem\u00e9nyek<\/strong>:<\/p>\n\n\n\n<ol class=\"wp-block-list\">\n<li>\u201eA c\u00e9ges mobiltelefonok megfigyel\u00e9s\u00e9re haszn\u00e1lom, \u00e9s nagyon hat\u00e9konynak bizonyult.\u201d \u2013 Paulo, 45<\/li>\n\n\n\n<li>\u201eT\u00f6k\u00e9letes azok sz\u00e1m\u00e1ra, akiknek mindent biztons\u00e1gosan kell fel\u00fcgyelni\u00fck.\u201d \u2013 Silvia, 41<\/li>\n\n\n\n<li>\u201eTetszik, hogy \u00edgy k\u00e9zben tarthatom a k\u00e9sz\u00fcl\u00e9ket. Nagyon megb\u00edzhat\u00f3!\u201d \u2013 Renato, 38 \u00e9ves<\/li>\n<\/ol>\n\n\n\n<h3 class=\"wp-block-heading\"><strong>Cocospy: Sokoldal\u00fas\u00e1g \u00e9s biztons\u00e1g egyetlen alkalmaz\u00e1sban<\/strong><\/h3>\n\n\n\n<p><strong>Cocospy<\/strong> Ez egy er\u0151sen aj\u00e1nlott alkalmaz\u00e1s a csal\u00e1dfel\u00fcgyelethez.<\/p>\n\n\n\n<p>GPS-k\u00f6vet\u00e9ssel, h\u00edv\u00e1s- \u00e9s \u00fczenetfigyel\u00e9ssel diszkr\u00e9t, biztons\u00e1got \u00e9s adatv\u00e9delmet ny\u00fajt az eg\u00e9sz csal\u00e1d sz\u00e1m\u00e1ra.<\/p>\n\n\n\n<p><strong>A Cocospy el\u0151nyei<\/strong>:<\/p>\n\n\n\n<ul class=\"wp-block-list\">\n<li>Nagy pontoss\u00e1g\u00fa GPS-k\u00f6vet\u00e9s<\/li>\n\n\n\n<li>H\u00edv\u00e1s- \u00e9s \u00fczenetk\u00f6vet\u00e9s<\/li>\n\n\n\n<li>K\u00f6nnyen haszn\u00e1lhat\u00f3 \u00e9s gyorsan telep\u00edthet\u0151<\/li>\n<\/ul>\n\n\n\n<p><strong>Felhaszn\u00e1l\u00f3i v\u00e9lem\u00e9nyek<\/strong>:<\/p>\n\n\n\n<ol class=\"wp-block-list\">\n<li>\u201eKiv\u00e1l\u00f3an alkalmas arra, hogy nyomon k\u00f6vessem, hol vannak a gyerekeim. \u00c9rt\u00e9kes eszk\u00f6znek bizonyult.\u201d \u2013 Karina, 34<\/li>\n\n\n\n<li>\u201eK\u00f6nnyen haszn\u00e1lhat\u00f3 \u00e9s nagyon hat\u00e9kony!\u201d \u2014 Ricardo, 47 \u00e9ves<\/li>\n\n\n\n<li>\u201eSokat seg\u00edtett megtal\u00e1lni a telefonomat, miut\u00e1n elvesztettem.\u201d \u2013 Laura, 40 \u00e9ves<\/li>\n<\/ol>\n\n\n\n<h3 class=\"wp-block-heading\"><strong>Findmykids: Biztons\u00e1g a kicsiknek<\/strong><\/h3>\n\n\n\n<p>Ha apa vagy anya vagy, <strong>Findmykids<\/strong> Ez egy olyan alkalmaz\u00e1s, amelyet a gyermekek biztons\u00e1g\u00e1nak garant\u00e1l\u00e1s\u00e1ra terveztek, pontos helymeghat\u00e1roz\u00e1ssal \u00e9s gyakori friss\u00edt\u00e9sekkel.<\/p>\n\n\n\n<p>Lehet\u0151v\u00e9 teszi gyermekei holl\u00e9t\u00e9nek nyomon k\u00f6vet\u00e9s\u00e9t, \u00edgy ide\u00e1lis utaz\u00e1s k\u00f6zbeni biztons\u00e1guk biztos\u00edt\u00e1s\u00e1ra.<\/p>\n\n\n\n<p><strong>A Findmykids el\u0151nyei<\/strong>:<\/p>\n\n\n\n<ul class=\"wp-block-list\">\n<li>Val\u00f3s idej\u0171 k\u00f6vet\u00e9s<\/li>\n\n\n\n<li>Helysz\u00edni \u00e9rtes\u00edt\u00e9sek k\u00fcld\u00e9se<\/li>\n\n\n\n<li>\u201eAudio\u201d m\u00f3d a k\u00f6rnyezeti hangok hall\u00e1s\u00e1hoz<\/li>\n<\/ul>\n\n\n\n<p><strong>Felhaszn\u00e1l\u00f3i v\u00e9lem\u00e9nyek<\/strong>:<\/p>\n\n\n\n<ol class=\"wp-block-list\">\n<li>\u201eMost m\u00e1r mindig biztos lehetek benne, hol van a fiam. Teljesen biztons\u00e1gban van!\u201d \u2013 Mariana, 37<\/li>\n\n\n\n<li>\u201eMegnyugtat, hogy val\u00f3s id\u0151ben tudom, hol vannak.\u201d \u2013 Jo\u00e3o, 44 \u00e9ves<\/li>\n\n\n\n<li>\u201eEgy csod\u00e1latos alkalmaz\u00e1s azoknak, akik gondoskodni szeretn\u00e9nek a gyermekeikr\u0151l.\u201d \u2013 Beatriz, 39<\/li>\n<\/ol>\n\n\n\n<h3 class=\"wp-block-heading\"><strong>Life360: Az eg\u00e9sz csal\u00e1d \u00f6sszekapcsol\u00e1sa<\/strong><\/h3>\n\n\n\n<p><strong>\u00c9let360<\/strong> T\u00f6k\u00e9letes azok sz\u00e1m\u00e1ra, akik szeretn\u00e9k biztons\u00e1gban \u00e9s kapcsolatban tartani a csal\u00e1djukat.<\/p>\n\n\n\n<p>Val\u00f3s idej\u0171 helymeghat\u00e1roz\u00e1st \u00e9s mozg\u00e1sel\u0151zm\u00e9nyeket k\u00edn\u00e1l, \u00edgy a csal\u00e1d minden tagja tudni fogja, hol tart\u00f3zkodik.<\/p>\n\n\n\n<p>Van egy \u201ebejelentkez\u00e9s\u201d funkci\u00f3ja is, amely \u00e9rtes\u00edti \u00d6nt, ha valaki meg\u00e9rkezett egy adott helyre.<\/p>\n\n\n\n<p><strong>A Life360 el\u0151nyei<\/strong>:<\/p>\n\n\n\n<ul class=\"wp-block-list\">\n<li>Az eg\u00e9sz csal\u00e1d nyom\u00e1ban<\/li>\n\n\n\n<li>Automatikus bejelentkez\u00e9s el\u0151re meghat\u00e1rozott helyeken<\/li>\n\n\n\n<li>Mozg\u00e1sel\u0151zm\u00e9nyek a nagyobb kontroll \u00e9rdek\u00e9ben<\/li>\n<\/ul>\n\n\n\n<p><strong>Felhaszn\u00e1l\u00f3i v\u00e9lem\u00e9nyek<\/strong>:<\/p>\n\n\n\n<ol class=\"wp-block-list\">\n<li>\u201eL\u00e1tom, hol vannak a t\u00f6bbiek, \u00e9s ez sokkal k\u00f6nnyebb\u00e9 teszi a mindennapi \u00e9letet.\u201d \u2013 Cl\u00e1udia, 46<\/li>\n\n\n\n<li>\u201eIde\u00e1lis nagycsal\u00e1dosoknak, akik fel\u00fcgyelni szeretn\u00e9k a gyerekeket.\u201d \u2013 Carlos, 52 \u00e9ves<\/li>\n\n\n\n<li>\u201eFantasztikus, hogy megszervezt\u00fck a napirend\u00fcnket, \u00e9s tudjuk, hogy mindenki j\u00f3l van.\u201d \u2013 Marina, 35<\/li>\n<\/ol>\n\n\n<div class=\"wp-block-image\">\n<figure class=\"aligncenter size-full\"><img loading=\"lazy\" decoding=\"async\" width=\"550\" height=\"350\" src=\"http:\/\/universofamilia.com\/wp-content\/uploads\/sites\/148\/2024\/11\/DESTAQUE-UNIVERSO-550-x-350-8.jpg\" alt=\"\" class=\"wp-image-7358\" srcset=\"https:\/\/universofamilia.com\/wp-content\/uploads\/sites\/148\/2024\/11\/DESTAQUE-UNIVERSO-550-x-350-8.jpg 550w, https:\/\/universofamilia.com\/wp-content\/uploads\/sites\/148\/2024\/11\/DESTAQUE-UNIVERSO-550-x-350-8-300x191.jpg 300w\" sizes=\"(max-width: 550px) 100vw, 550px\" \/><figcaption class=\"wp-element-caption\">Tal\u00e1ld meg a mobiltelefonodat percek alatt<\/figcaption><\/figure><\/div>\n\n\n<h3 class=\"wp-block-heading\"><strong>Google Family Link: Sz\u00fcl\u0151i fel\u00fcgyelet Google funkci\u00f3kkal<\/strong><\/h3>\n\n\n\n<p><strong>Google Csal\u00e1di kapcsolat<\/strong> egy ingyenes megold\u00e1s azoknak a sz\u00fcl\u0151knek, akik figyelemmel szeretn\u00e9k k\u00eds\u00e9rni gyermekeiket.<\/p>\n\n\n\n<p>Seg\u00edts\u00e9g\u00e9vel szab\u00e1lyozhatod a k\u00e9perny\u0151 el\u0151tt t\u00f6lt\u00f6tt id\u0151t, a helysz\u00ednt, s\u0151t j\u00f3v\u00e1hagyhatod vagy blokkolhatod azokat az alkalmaz\u00e1sokat is, amelyeket gyermeked megpr\u00f3b\u00e1l telep\u00edteni.<\/p>\n\n\n\n<p>Ez egy hat\u00e9kony eszk\u00f6z a sz\u00fcl\u0151i fel\u00fcgyelethez.<\/p>\n\n\n\n<p><strong>A Google Family Link el\u0151nyei<\/strong>:<\/p>\n\n\n\n<ul class=\"wp-block-list\">\n<li>Alkalmaz\u00e1sok monitoroz\u00e1si tev\u00e9kenys\u00e9gei<\/li>\n\n\n\n<li>K\u00e9perny\u0151id\u0151-vez\u00e9rl\u00e9s<\/li>\n\n\n\n<li>Alkalmaz\u00e1sok blokkol\u00e1sa \u00e9s j\u00f3v\u00e1hagy\u00e1sa<\/li>\n<\/ul>\n\n\n\n<p><strong>Felhaszn\u00e1l\u00f3i v\u00e9lem\u00e9nyek<\/strong>:<\/p>\n\n\n\n<ol class=\"wp-block-list\">\n<li>\u201eTeljes kontrollom van afelett, hogy mit haszn\u00e1lnak a gyerekeim. R\u00e1ad\u00e1sul ingyenes!\u201d \u2013 Ana, 40<\/li>\n\n\n\n<li>\u201eSeg\u00edt l\u00e1tni, hol vannak, \u00e9s hogyan haszn\u00e1lj\u00e1k a telefonjukat.\u201d \u2013 Marcos, 50<\/li>\n\n\n\n<li>\u201eNagyszer\u0171 eszk\u00f6z az agg\u00f3d\u00f3 sz\u00fcl\u0151k sz\u00e1m\u00e1ra.\u201d \u2013 Helena, 42<\/li>\n<\/ol>\n\n\n\n<h3 class=\"wp-block-heading\"><strong>Hol tal\u00e1lom ezeket a digit\u00e1lis h\u0151s\u00f6ket?<\/strong><\/h3>\n\n\n\n<h4 class=\"wp-block-heading\">Let\u00f6lt\u00e9s a k\u00f6vetkez\u0151 oldalakr\u00f3l:<\/h4>\n\n\n\n<ul class=\"wp-block-list\">\n<li><strong>K\u00e9m <\/strong>&#8211; <a href=\"https:\/\/apps.apple.com\/us\/iphone\/today\">iOS<\/a> | <a href=\"https:\/\/play.google.com\/store\/\">Android<\/a><\/li>\n\n\n\n<li><strong>Theonespy <\/strong>&#8211; <a href=\"https:\/\/apps.apple.com\/us\/iphone\/today\">iOS<\/a> | <a href=\"https:\/\/play.google.com\/store\/\">Android<\/a><\/li>\n\n\n\n<li><strong>Cocospy <\/strong>&#8211; <a href=\"https:\/\/apps.apple.com\/us\/iphone\/today\">iOS<\/a> | <a href=\"https:\/\/play.google.com\/store\/\">Android<\/a><\/li>\n<\/ul>\n\n\n\n<h4 class=\"wp-block-heading\">Let\u00f6lt\u00e9s az Apple Store-b\u00f3l \u00e9s a Google Play-r\u0151l:<\/h4>\n\n\n\n<ul class=\"wp-block-list\">\n<li><strong>Findmykids<\/strong> \u2013 <a href=\"https:\/\/apps.apple.com\/us\/iphone\/today\">iOS<\/a> | <a href=\"https:\/\/play.google.com\/store\/\">Android<\/a><\/li>\n\n\n\n<li><strong>\u00c9let360<\/strong> \u2013 <a href=\"https:\/\/apps.apple.com\/us\/iphone\/today\">iOS<\/a> | <a href=\"https:\/\/play.google.com\/store\/\">Android<\/a><\/li>\n\n\n\n<li><strong>Google Csal\u00e1di kapcsolat<\/strong> \u2013 <a href=\"https:\/\/apps.apple.com\/us\/iphone\/today\">iOS<\/a> | <a href=\"https:\/\/play.google.com\/store\/\">Android<\/a><\/li>\n<\/ul>\n\n\n\n<h3 class=\"wp-block-heading\"><strong>K\u00f6vetkeztet\u00e9s<\/strong><\/h3>\n\n\n\n<p><br>Az elveszett mobiltelefon megtal\u00e1l\u00e1s\u00e1ra val\u00f3 felk\u00e9sz\u00fcl\u00e9s nagy nyugalmat ad.<\/p>\n\n\n\n<p>Ezek az alkalmaz\u00e1sok \u201edigit\u00e1lis h\u0151s\u00f6k\u201d, amelyek nemcsak seg\u00edtenek megtal\u00e1lni egy eszk\u00f6zt, hanem a csal\u00e1dot is v\u00e9dik.<\/p>\n\n\n\n<p>V\u00e1laszd ki az ig\u00e9nyeidnek legink\u00e1bb megfelel\u0151 alkalmaz\u00e1st, \u00e9s j\u00e1rj egy l\u00e9p\u00e9ssel a v\u00e1ratlan el\u0151tt!<\/p>","protected":false},"excerpt":{"rendered":"<p>Fedezd fel, hogyan k\u00f6vetheted nyomon azonnal. K\u00e9pzeld el a k\u00f6vetkez\u0151 helyzetet: Mariana \u00e9pp egy fontos megbesz\u00e9l\u00e9sr\u0151l j\u00f6tt ki, sz\u00e9tsz\u00f3rtan \u00e9s f\u00e1radtan. Alig sz\u00e1llt be az aut\u00f3ba, amikor r\u00e1j\u00f6tt, hogy a mobiltelefonja hi\u00e1nyzik a zseb\u00e9b\u0151l. K\u00e9ts\u00e9gbees\u00e9s? H\u00e1t persze! A telefonban voltak a gyermekei \u00f6sszes fot\u00f3ja, p\u00e9nz\u00fcgyi adatai, munkahelyi jelszavai... egy igazi [\u2026]<\/p>","protected":false},"author":139,"featured_media":7358,"comment_status":"closed","ping_status":"open","sticky":false,"template":"","format":"standard","meta":{"footnotes":""},"categories":[5],"tags":[209,553,1049,1149,1477],"yoast_head":"<!-- This site is optimized with the Yoast SEO plugin v23.3 - https:\/\/yoast.com\/wordpress\/plugins\/seo\/ -->\n<title>Encuentra tu Celular en Minutos - Universo Fam\u00edlia<\/title>\n<meta name=\"description\" content=\"Encuentra tu Celular en Minutos. Imagina esta situaci\u00f3n: Mariana acababa de salir de una reuni\u00f3n importante, distra\u00edda y cansada....\" \/>\n<meta name=\"robots\" content=\"index, follow, max-snippet:-1, max-image-preview:large, max-video-preview:-1\" \/>\n<link rel=\"canonical\" href=\"http:\/\/universofamilia.com\/hu\/encuentra-tu-celular-en-minutos\/\" \/>\n<meta property=\"og:locale\" content=\"hu_HU\" \/>\n<meta property=\"og:type\" content=\"article\" \/>\n<meta property=\"og:title\" content=\"Encuentra tu Celular en Minutos - Universo Fam\u00edlia\" \/>\n<meta property=\"og:description\" content=\"Encuentra tu Celular en Minutos. Imagina esta situaci\u00f3n: Mariana acababa de salir de una reuni\u00f3n importante, distra\u00edda y cansada....\" \/>\n<meta property=\"og:url\" content=\"http:\/\/universofamilia.com\/hu\/encuentra-tu-celular-en-minutos\/\" \/>\n<meta property=\"og:site_name\" content=\"Universo Fam\u00edlia\" \/>\n<meta property=\"article:published_time\" content=\"2024-11-06T15:03:16+00:00\" \/>\n<meta property=\"article:modified_time\" content=\"2026-04-15T14:37:38+00:00\" \/>\n<meta property=\"og:image\" content=\"http:\/\/universofamilia.com\/wp-content\/uploads\/sites\/148\/2024\/11\/DESTAQUE-UNIVERSO-550-x-350-8.jpg\" \/>\n\t<meta property=\"og:image:width\" content=\"550\" \/>\n\t<meta property=\"og:image:height\" content=\"350\" \/>\n\t<meta property=\"og:image:type\" content=\"image\/jpeg\" \/>\n<meta name=\"author\" content=\"Pedro Henrique\" \/>\n<meta name=\"twitter:card\" content=\"summary_large_image\" \/>\n<meta name=\"twitter:label1\" content=\"Written by\" \/>\n\t<meta name=\"twitter:data1\" content=\"Pedro Henrique\" \/>\n\t<meta name=\"twitter:label2\" content=\"Est. reading time\" \/>\n\t<meta name=\"twitter:data2\" content=\"7 perc\" \/>\n<script type=\"application\/ld+json\" class=\"yoast-schema-graph\">{\"@context\":\"https:\/\/schema.org\",\"@graph\":[{\"@type\":\"WebPage\",\"@id\":\"http:\/\/universofamilia.com\/en\/encuentra-tu-celular-en-minutos\/\",\"url\":\"http:\/\/universofamilia.com\/en\/encuentra-tu-celular-en-minutos\/\",\"name\":\"Encuentra tu Celular en Minutos - Universo Fam\u00edlia\",\"isPartOf\":{\"@id\":\"https:\/\/universofamilia.com\/el\/#website\"},\"primaryImageOfPage\":{\"@id\":\"http:\/\/universofamilia.com\/en\/encuentra-tu-celular-en-minutos\/#primaryimage\"},\"image\":{\"@id\":\"http:\/\/universofamilia.com\/en\/encuentra-tu-celular-en-minutos\/#primaryimage\"},\"thumbnailUrl\":\"https:\/\/universofamilia.com\/wp-content\/uploads\/sites\/148\/2024\/11\/DESTAQUE-UNIVERSO-550-x-350-8.jpg\",\"datePublished\":\"2024-11-06T15:03:16+00:00\",\"dateModified\":\"2026-04-15T14:37:38+00:00\",\"author\":{\"@id\":\"https:\/\/universofamilia.com\/el\/#\/schema\/person\/f07ce98187dd84d31154262e79b3b7ca\"},\"description\":\"Encuentra tu Celular en Minutos. Imagina esta situaci\u00f3n: Mariana acababa de salir de una reuni\u00f3n importante, distra\u00edda y cansada....\",\"breadcrumb\":{\"@id\":\"http:\/\/universofamilia.com\/en\/encuentra-tu-celular-en-minutos\/#breadcrumb\"},\"inLanguage\":\"hu\",\"potentialAction\":[{\"@type\":\"ReadAction\",\"target\":[\"http:\/\/universofamilia.com\/en\/encuentra-tu-celular-en-minutos\/\"]}]},{\"@type\":\"ImageObject\",\"inLanguage\":\"hu\",\"@id\":\"http:\/\/universofamilia.com\/en\/encuentra-tu-celular-en-minutos\/#primaryimage\",\"url\":\"https:\/\/universofamilia.com\/wp-content\/uploads\/sites\/148\/2024\/11\/DESTAQUE-UNIVERSO-550-x-350-8.jpg\",\"contentUrl\":\"https:\/\/universofamilia.com\/wp-content\/uploads\/sites\/148\/2024\/11\/DESTAQUE-UNIVERSO-550-x-350-8.jpg\",\"width\":550,\"height\":350,\"caption\":\"Encuentra tu Celular en Minutos\"},{\"@type\":\"BreadcrumbList\",\"@id\":\"http:\/\/universofamilia.com\/en\/encuentra-tu-celular-en-minutos\/#breadcrumb\",\"itemListElement\":[{\"@type\":\"ListItem\",\"position\":1,\"name\":\"Home\",\"item\":\"https:\/\/universofamilia.com\/el\/\"},{\"@type\":\"ListItem\",\"position\":2,\"name\":\"Encuentra tu Celular en Minutos\"}]},{\"@type\":\"WebSite\",\"@id\":\"https:\/\/universofamilia.com\/el\/#website\",\"url\":\"https:\/\/universofamilia.com\/el\/\",\"name\":\"Universo Fam\u00edlia\",\"description\":\"\",\"potentialAction\":[{\"@type\":\"SearchAction\",\"target\":{\"@type\":\"EntryPoint\",\"urlTemplate\":\"https:\/\/universofamilia.com\/el\/?s={search_term_string}\"},\"query-input\":\"required name=search_term_string\"}],\"inLanguage\":\"hu\"},{\"@type\":\"Person\",\"@id\":\"https:\/\/universofamilia.com\/el\/#\/schema\/person\/f07ce98187dd84d31154262e79b3b7ca\",\"name\":\"Pedro Henrique\",\"image\":{\"@type\":\"ImageObject\",\"inLanguage\":\"hu\",\"@id\":\"https:\/\/universofamilia.com\/el\/#\/schema\/person\/image\/\",\"url\":\"https:\/\/secure.gravatar.com\/avatar\/9edfeb808cb4e1599f64d6e45b130154?s=96&d=mm&r=g\",\"contentUrl\":\"https:\/\/secure.gravatar.com\/avatar\/9edfeb808cb4e1599f64d6e45b130154?s=96&d=mm&r=g\",\"caption\":\"Pedro Henrique\"},\"url\":\"https:\/\/universofamilia.com\/hu\/author\/editor01\/\"}]}<\/script>\n<!-- \/ Yoast SEO plugin. -->","yoast_head_json":{"title":"Encuentra tu Celular en Minutos - Universo Fam\u00edlia","description":"Encuentra tu Celular en Minutos. Imagina esta situaci\u00f3n: Mariana acababa de salir de una reuni\u00f3n importante, distra\u00edda y cansada....","robots":{"index":"index","follow":"follow","max-snippet":"max-snippet:-1","max-image-preview":"max-image-preview:large","max-video-preview":"max-video-preview:-1"},"canonical":"http:\/\/universofamilia.com\/hu\/encuentra-tu-celular-en-minutos\/","og_locale":"hu_HU","og_type":"article","og_title":"Encuentra tu Celular en Minutos - Universo Fam\u00edlia","og_description":"Encuentra tu Celular en Minutos. Imagina esta situaci\u00f3n: Mariana acababa de salir de una reuni\u00f3n importante, distra\u00edda y cansada....","og_url":"http:\/\/universofamilia.com\/hu\/encuentra-tu-celular-en-minutos\/","og_site_name":"Universo Fam\u00edlia","article_published_time":"2024-11-06T15:03:16+00:00","article_modified_time":"2026-04-15T14:37:38+00:00","og_image":[{"width":550,"height":350,"url":"http:\/\/universofamilia.com\/wp-content\/uploads\/sites\/148\/2024\/11\/DESTAQUE-UNIVERSO-550-x-350-8.jpg","type":"image\/jpeg"}],"author":"Pedro Henrique","twitter_card":"summary_large_image","twitter_misc":{"Written by":"Pedro Henrique","Est. reading time":"7 perc"},"schema":{"@context":"https:\/\/schema.org","@graph":[{"@type":"WebPage","@id":"http:\/\/universofamilia.com\/en\/encuentra-tu-celular-en-minutos\/","url":"http:\/\/universofamilia.com\/en\/encuentra-tu-celular-en-minutos\/","name":"Encuentra tu Celular en Minutos - Universo Fam\u00edlia","isPartOf":{"@id":"https:\/\/universofamilia.com\/el\/#website"},"primaryImageOfPage":{"@id":"http:\/\/universofamilia.com\/en\/encuentra-tu-celular-en-minutos\/#primaryimage"},"image":{"@id":"http:\/\/universofamilia.com\/en\/encuentra-tu-celular-en-minutos\/#primaryimage"},"thumbnailUrl":"https:\/\/universofamilia.com\/wp-content\/uploads\/sites\/148\/2024\/11\/DESTAQUE-UNIVERSO-550-x-350-8.jpg","datePublished":"2024-11-06T15:03:16+00:00","dateModified":"2026-04-15T14:37:38+00:00","author":{"@id":"https:\/\/universofamilia.com\/el\/#\/schema\/person\/f07ce98187dd84d31154262e79b3b7ca"},"description":"Encuentra tu Celular en Minutos. Imagina esta situaci\u00f3n: Mariana acababa de salir de una reuni\u00f3n importante, distra\u00edda y cansada....","breadcrumb":{"@id":"http:\/\/universofamilia.com\/en\/encuentra-tu-celular-en-minutos\/#breadcrumb"},"inLanguage":"hu","potentialAction":[{"@type":"ReadAction","target":["http:\/\/universofamilia.com\/en\/encuentra-tu-celular-en-minutos\/"]}]},{"@type":"ImageObject","inLanguage":"hu","@id":"http:\/\/universofamilia.com\/en\/encuentra-tu-celular-en-minutos\/#primaryimage","url":"https:\/\/universofamilia.com\/wp-content\/uploads\/sites\/148\/2024\/11\/DESTAQUE-UNIVERSO-550-x-350-8.jpg","contentUrl":"https:\/\/universofamilia.com\/wp-content\/uploads\/sites\/148\/2024\/11\/DESTAQUE-UNIVERSO-550-x-350-8.jpg","width":550,"height":350,"caption":"Encuentra tu Celular en Minutos"},{"@type":"BreadcrumbList","@id":"http:\/\/universofamilia.com\/en\/encuentra-tu-celular-en-minutos\/#breadcrumb","itemListElement":[{"@type":"ListItem","position":1,"name":"Home","item":"https:\/\/universofamilia.com\/el\/"},{"@type":"ListItem","position":2,"name":"Encuentra tu Celular en Minutos"}]},{"@type":"WebSite","@id":"https:\/\/universofamilia.com\/el\/#website","url":"https:\/\/universofamilia.com\/el\/","name":"Universo Fam\u00edlia","description":"","potentialAction":[{"@type":"SearchAction","target":{"@type":"EntryPoint","urlTemplate":"https:\/\/universofamilia.com\/el\/?s={search_term_string}"},"query-input":"required name=search_term_string"}],"inLanguage":"hu"},{"@type":"Person","@id":"https:\/\/universofamilia.com\/el\/#\/schema\/person\/f07ce98187dd84d31154262e79b3b7ca","name":"Pedro Henrique","image":{"@type":"ImageObject","inLanguage":"hu","@id":"https:\/\/universofamilia.com\/el\/#\/schema\/person\/image\/","url":"https:\/\/secure.gravatar.com\/avatar\/9edfeb808cb4e1599f64d6e45b130154?s=96&d=mm&r=g","contentUrl":"https:\/\/secure.gravatar.com\/avatar\/9edfeb808cb4e1599f64d6e45b130154?s=96&d=mm&r=g","caption":"Pedro Henrique"},"url":"https:\/\/universofamilia.com\/hu\/author\/editor01\/"}]}},"_links":{"self":[{"href":"https:\/\/universofamilia.com\/hu\/wp-json\/wp\/v2\/posts\/7355"}],"collection":[{"href":"https:\/\/universofamilia.com\/hu\/wp-json\/wp\/v2\/posts"}],"about":[{"href":"https:\/\/universofamilia.com\/hu\/wp-json\/wp\/v2\/types\/post"}],"author":[{"embeddable":true,"href":"https:\/\/universofamilia.com\/hu\/wp-json\/wp\/v2\/users\/139"}],"replies":[{"embeddable":true,"href":"https:\/\/universofamilia.com\/hu\/wp-json\/wp\/v2\/comments?post=7355"}],"version-history":[{"count":2,"href":"https:\/\/universofamilia.com\/hu\/wp-json\/wp\/v2\/posts\/7355\/revisions"}],"predecessor-version":[{"id":10761,"href":"https:\/\/universofamilia.com\/hu\/wp-json\/wp\/v2\/posts\/7355\/revisions\/10761"}],"wp:featuredmedia":[{"embeddable":true,"href":"https:\/\/universofamilia.com\/hu\/wp-json\/wp\/v2\/media\/7358"}],"wp:attachment":[{"href":"https:\/\/universofamilia.com\/hu\/wp-json\/wp\/v2\/media?parent=7355"}],"wp:term":[{"taxonomy":"category","embeddable":true,"href":"https:\/\/universofamilia.com\/hu\/wp-json\/wp\/v2\/categories?post=7355"},{"taxonomy":"post_tag","embeddable":true,"href":"https:\/\/universofamilia.com\/hu\/wp-json\/wp\/v2\/tags?post=7355"}],"curies":[{"name":"wp","href":"https:\/\/api.w.org\/{rel}","templated":true}]}}