{"id":7361,"date":"2024-11-06T16:03:59","date_gmt":"2024-11-06T19:03:59","guid":{"rendered":"https:\/\/universofamilia.com\/?p=7361"},"modified":"2025-10-12T19:32:27","modified_gmt":"2025-10-12T22:32:27","slug":"descubre-quien-te-observa-en-redes-sociales","status":"publish","type":"post","link":"https:\/\/universofamilia.com\/hu\/descubre-quien-te-observa-en-redes-sociales\/","title":{"rendered":"Tudd meg, ki figyel t\u00e9ged a k\u00f6z\u00f6ss\u00e9gi m\u00e9di\u00e1ban"},"content":{"rendered":"<p>K\u00edv\u00e1ncsi vagy, ki figyel t\u00e9ged? Tudd meg most!<\/p>\n\n\n\n<p>Maria egy fiatal n\u0151 volt, aki \u2013 sokunkhoz hasonl\u00f3an \u2013 \u00f3r\u00e1kat t\u00f6lt\u00f6tt a k\u00f6z\u00f6ss\u00e9gi m\u00e9di\u00e1ban.<\/p>\n\n\n\n<p><\/p>\n\n\n\n<p><\/p>\n\n\n\n<p>Egy nap megtal\u00e1lta Juan profilj\u00e1t, \u00e9s diszkr\u00e9ten megfigyelni kezdte.<\/p>\n\n\n\n<p>Id\u0151r\u0151l id\u0151re kedvelte, n\u00e9ha hagyott egy-egy megjegyz\u00e9st... m\u00edgnem a f\u00e9rfi hirtelen viszonozni kezdte.<\/p>\n\n\n\n<p>Ami k\u00edv\u00e1ncsis\u00e1gk\u00e9nt indult, \u00e1lland\u00f3 eszmecser\u00e9v\u00e9 v\u00e1lt. Ma m\u00e1r h\u00e1zasok.<\/p>\n\n\n\n<p>Elgondolkodt\u00e1l m\u00e1r azon, hogy ki figyel t\u00e9ged \u00edgy an\u00e9lk\u00fcl, hogy tudn\u00e1l?<\/p>\n\n\n\n<p>Ebben a cikkben megvizsg\u00e1ljuk, hogyan der\u00edtheted ki, kik l\u00e1togatj\u00e1k a profilodat, \u00e9s mindent, amit tudnod kell ezekr\u0151l a titokzatos l\u00e1togat\u00f3kr\u00f3l.<\/p>\n\n\n\n<h3 class=\"wp-block-heading\">Mi\u00e9rt fontos tudni, hogy kik n\u00e9zik meg a profilodat?<\/h3>\n\n\n\n<p>A k\u00edv\u00e1ncsis\u00e1g mindenki sz\u00e1m\u00e1ra term\u00e9szetes. Ki ne akarta volna tudni, hogy ki n\u00e9zte meg a profilj\u00e1t?<\/p>\n\n\n\n<p>Ak\u00e1r \u00fczleti, ak\u00e1r kapcsolati, ak\u00e1r csak k\u00edv\u00e1ncsis\u00e1gi c\u00e9llal foglalkozol, a profilodat l\u00e1togat\u00f3 emberek megismer\u00e9se hasznos inform\u00e1ci\u00f3kkal szolg\u00e1lhat.<\/p>\n\n\n\n<p><\/p>\n\n\n\n<hr class=\"wp-block-separator has-text-color has-luminous-vivid-orange-color has-alpha-channel-opacity has-luminous-vivid-orange-background-color has-background is-style-wide\" \/>\n\n\n\n<h3 class=\"wp-block-heading\">L\u00e1sd m\u00e9g:<\/h3>\n\n\n\n<ul class=\"wp-block-list has-small-font-size\">\n<li class=\"has-medium-font-size\" style=\"padding-top:0;padding-right:var(--wp--preset--spacing--40);padding-bottom:0;padding-left:var(--wp--preset--spacing--40);font-style:normal;font-weight:400\"><a href=\"https:\/\/universofamilia.com\/hu\/6855\/grabar-llamadas-recibidas\/\"><mark style=\"color:#f94c45\" class=\"has-inline-color\">Bej\u00f6v\u0151 h\u00edv\u00e1sok r\u00f6gz\u00edt\u00e9se &gt;<\/mark><\/a><\/li>\n\n\n\n<li class=\"has-medium-font-size\" style=\"padding-top:0;padding-right:var(--wp--preset--spacing--40);padding-bottom:0;padding-left:var(--wp--preset--spacing--40);font-style:normal;font-weight:400\"><a href=\"https:\/\/universofamilia.com\/hu\/6898\/leer-la-biblia-catolica-en-tu-celular\/\"><mark style=\"color:#f94c45\" class=\"has-inline-color\"><font style=\"vertical-align: inherit\"><font style=\"vertical-align: inherit\">Olvasd a katolikus Bibli\u00e1t a mobiltelefonodon<\/font><\/font> &gt;<\/mark><\/a><\/li>\n\n\n\n<li class=\"has-medium-font-size\" style=\"padding-top:0;padding-right:var(--wp--preset--spacing--40);padding-bottom:0;padding-left:var(--wp--preset--spacing--40);font-style:normal;font-weight:400\"><a href=\"https:\/\/universofamilia.com\/hu\/6832\/aplicacion-para-bailar-zumba\/\"><mark style=\"color:#f94c45\" class=\"has-inline-color\">Zumba t\u00e1ncalkalmaz\u00e1s &gt;<\/mark><\/a><\/li>\n\n\n\n<li class=\"has-medium-font-size\" style=\"padding-top:0;padding-right:var(--wp--preset--spacing--40);padding-bottom:0;padding-left:var(--wp--preset--spacing--40);font-style:normal;font-weight:400\"><a href=\"https:\/\/universofamilia.com\/hu\/6952\/descubre-quien-visita-tu-perfil-redes-sociales\/\"><mark style=\"color:#f94c45\" class=\"has-inline-color\">Tudja meg, kik l\u00e1togatj\u00e1k a k\u00f6z\u00f6ss\u00e9gi m\u00e9dia profilj\u00e1t &gt;<\/mark><\/a><\/li>\n<\/ul>\n\n\n\n<hr class=\"wp-block-separator has-text-color has-luminous-vivid-orange-color has-alpha-channel-opacity has-luminous-vivid-orange-background-color has-background is-style-wide\" \/>\n\n\n\n<p><\/p>\n\n\n\n<h3 class=\"wp-block-heading\">Tudni szeretn\u00e9d, ki l\u00e1togatja a profilodat? Fedezd fel a rejt\u00e9lyt!<\/h3>\n\n\n\n<p>Egy olyan vil\u00e1gban, ahol az adatv\u00e9delem egyre ink\u00e1bb \u00e9rt\u00e9kes, sokak sz\u00e1m\u00e1ra vonz\u00f3 tudni, hogy kik tekintik meg a profilodat.<\/p>\n\n\n\n<p>Itt megtudhatod, hogy lehets\u00e9ges-e nyomon k\u00f6vetni, hogy kik tekintik meg a k\u00f6z\u00f6ss\u00e9gi m\u00e9di\u00e1dat, \u00e9s hogyan befoly\u00e1solhatja ez a digit\u00e1lis jelenl\u00e9tedet.<\/p>\n\n\n\n<h3 class=\"wp-block-heading\">A l\u00e1that\u00f3s\u00e1g m\u00edtosza a k\u00f6z\u00f6ss\u00e9gi m\u00e9di\u00e1ban<\/h3>\n\n\n\n<p>A legt\u00f6bb k\u00f6z\u00f6ss\u00e9gi m\u00e9dia platform, mint p\u00e9ld\u00e1ul az Instagram \u00e9s a Facebook, nem \u00e1rulja el, hogy kik l\u00e1togatj\u00e1k a profilodat.<\/p>\n\n\n\n<p>A felhaszn\u00e1l\u00f3k mag\u00e1n\u00e9let\u00e9nek v\u00e9delme \u00e9rdek\u00e9ben titokban tartj\u00e1k ezeket az inform\u00e1ci\u00f3kat, ami tov\u00e1bb felkelti a k\u00edv\u00e1ncsis\u00e1gunkat.<\/p>\n\n\n\n<h4 class=\"wp-block-heading\">Mi\u00e9rt rejtik el a k\u00f6z\u00f6ss\u00e9gi m\u00e9dia ezeket az inform\u00e1ci\u00f3kat?<\/h4>\n\n\n\n<p>Az adatv\u00e9delem alapvet\u0151 fontoss\u00e1g\u00fa ezeken a platformokon, mivel biztons\u00e1gos k\u00f6rnyezetet teremt az interakci\u00f3khoz.<\/p>\n\n\n\n<p>Ezenk\u00edv\u00fcl, ha tudjuk, hogy kik l\u00e1togatj\u00e1k a profilunkat, az visszatarthatja a l\u00e1togat\u00f3kat, vagy megv\u00e1ltoztathatja a felhaszn\u00e1l\u00f3i viselked\u00e9st.<\/p>\n\n\n\n<p>A h\u00e1l\u00f3zatok azt r\u00e9szes\u00edtik el\u0151nyben, ha az emberek an\u00e9lk\u00fcl l\u00e9pnek interakci\u00f3ba, hogy nyom\u00e1s nehezedne r\u00e1juk, hogy figyelik \u0151ket.<\/p>\n\n\n\n<h3 class=\"wp-block-heading\">N\u00e9pszer\u0171 \u00e9s megb\u00edzhat\u00f3 eszk\u00f6z\u00f6k: Mi m\u0171k\u00f6dik \u00e9s mi a m\u00edtosz?<\/h3>\n\n\n\n<p>N\u00e9h\u00e1ny alkalmaz\u00e1s azt \u00e1ll\u00edtja, hogy ezt a funkci\u00f3t k\u00edn\u00e1lja, de \u00f3vatosnak kell lenni.<\/p>\n\n\n\n<p><strong>K\u00f6z\u00f6ss\u00e9gi m\u00e9dia k\u00f6vet\u0151<\/strong> az egyik n\u00e9pszer\u0171 alkalmaz\u00e1s, amely \u00edg\u00e9retet tesz arra, hogy megmutatja, kik tekintett\u00e9k meg a profilodat, \u00e9s r\u00e9szletes elemz\u00e9seket k\u00edn\u00e1l az interakci\u00f3kr\u00f3l.<\/p>\n\n\n\n<p>Azonban mindig aj\u00e1nlott ellen\u0151rizni a megb\u00edzhat\u00f3s\u00e1got, miel\u0151tt let\u00f6lten\u00e9nk b\u00e1rmilyen alkalmaz\u00e1st.<\/p>\n\n\n\n<blockquote class=\"wp-block-quote\">\n<p>Let\u00f6lt\u00e9si linkek: <a href=\"https:\/\/apps.apple.com\/br\/app\/social-tracker\/id1189139278\">App Store<\/a> | <a href=\"https:\/\/play.google.com\/store\/apps\/details?id=com.mobiversite.lookAtMe&amp;hl=pt_BR&amp;pli=1\">Google Play<\/a><\/p>\n<\/blockquote>\n\n\n\n<h3 class=\"wp-block-heading\">Adatelemz\u00e9s \u00e9s betekint\u00e9s: Mit \u00e1rulnak el az adatok a profilodr\u00f3l?<\/h3>\n\n\n\n<p>Az olyan aktivit\u00e1si adatok, mint a l\u00e1jkok, hozz\u00e1sz\u00f3l\u00e1sok \u00e9s megoszt\u00e1sok, betekint\u00e9st ny\u00fajthatnak abba, hogy kit \u00e9rdekel a tartalmad.<\/p>\n\n\n\n<p>Ezen adatok meg\u00e9rt\u00e9se lehet\u0151v\u00e9 teszi, hogy l\u00e1sd, milyen t\u00edpus\u00fa bejegyz\u00e9sek vonzz\u00e1k a figyelmet, \u00e9s kik a leggyakrabban akt\u00edvak.<\/p>\n\n\n\n<h4 class=\"wp-block-heading\">Hogyan haszn\u00e1lhatod fel ezeket az inform\u00e1ci\u00f3kat a k\u00f6z\u00f6ss\u00e9gi m\u00e9dia strat\u00e9gi\u00e1d fejleszt\u00e9s\u00e9re?<\/h4>\n\n\n\n<p>Azok sz\u00e1m\u00e1ra, akik kereskedelmi vagy befoly\u00e1sol\u00e1si c\u00e9lokra haszn\u00e1lj\u00e1k a k\u00f6z\u00f6ss\u00e9gi m\u00e9di\u00e1t, elengedhetetlen a k\u00f6z\u00f6ns\u00e9g\u00fck \u00e9rdekl\u0151d\u00e9si k\u00f6r\u00e9nek ismerete.<\/p>\n\n\n\n<p>Ezen adatok elemz\u00e9se seg\u00edthet olyan bejegyz\u00e9sek tervez\u00e9s\u00e9ben, amelyek val\u00f3ban megsz\u00f3l\u00edtj\u00e1k a k\u00f6z\u00f6ns\u00e9get, n\u00f6velve az el\u00e9r\u00e9st \u00e9s er\u0151s\u00edtve az online jelenl\u00e9tet.<\/p>\n\n\n\n<h3 class=\"wp-block-heading\">Adatv\u00e9delmi szempontok<\/h3>\n\n\n\n<p>B\u00e1r \u00e9rdekes tudni, hogy kik l\u00e1togatj\u00e1k a profilodat, fontos megjegyezni a kock\u00e1zatokat.<\/p>\n\n\n\n<p>Sok olyan alkalmaz\u00e1s, amely ezt a funkci\u00f3t \u00edg\u00e9ri, vesz\u00e9lyeztetheti az \u00d6n adatainak v\u00e9delm\u00e9t.<\/p>\n\n\n\n<p>A nem hivatalos eszk\u00f6z\u00f6k haszn\u00e1lata vesz\u00e9lyeztetheti fi\u00f3kod biztons\u00e1g\u00e1t \u00e9s szem\u00e9lyes adatokhoz juthat hozz\u00e1.<\/p>\n\n\n\n<h3 class=\"wp-block-heading\">Konkl\u00fazi\u00f3: Az igazs\u00e1g a k\u00f6z\u00f6ss\u00e9gi m\u00e9dia l\u00e1that\u00f3s\u00e1g\u00e1r\u00f3l<\/h3>\n\n\n\n<p>Term\u00e9szetes, hogy k\u00edv\u00e1ncsiak vagyunk arra, hogy kik n\u00e9zik meg a profilunkat, de a legt\u00f6bb esetben hivatalosan vagy biztons\u00e1gosan nem tudjuk megszerezni ezeket az inform\u00e1ci\u00f3kat.<\/p>\n\n\n\n<p>A nem megb\u00edzhat\u00f3 alkalmaz\u00e1sok haszn\u00e1lata vesz\u00e9lyeztetheti a biztons\u00e1g\u00e1t.<\/p>\n\n\n\n<p>Az elk\u00f6telez\u0151d\u00e9s eg\u00e9szs\u00e9ges m\u00f3don t\u00f6rt\u00e9n\u0151 n\u00f6vel\u00e9se \u00e9rdek\u00e9ben \u00f6sszpontos\u00edtson a megfelel\u0151 k\u00f6z\u00f6ns\u00e9get vonz\u00f3, min\u0151s\u00e9gi tartalom l\u00e9trehoz\u00e1s\u00e1ra.<\/p>\n\n\n\n<p>\u00cdgy nem kell agg\u00f3dnod amiatt, hogy ki n\u00e9z, mivel a k\u00f6z\u00f6ss\u00e9gi m\u00e9di\u00e1ban el\u00e9rt sikereid maguk\u00e9rt besz\u00e9lnek.<\/p>\n\n\n<div class=\"wp-block-image\">\n<figure class=\"aligncenter size-full\"><img loading=\"lazy\" decoding=\"async\" width=\"550\" height=\"350\" src=\"http:\/\/universofamilia.com\/wp-content\/uploads\/sites\/148\/2024\/11\/DESTAQUE-UNIVERSO-550-x-350-5-1.jpg\" alt=\"\" class=\"wp-image-7365\" srcset=\"https:\/\/universofamilia.com\/wp-content\/uploads\/sites\/148\/2024\/11\/DESTAQUE-UNIVERSO-550-x-350-5-1.jpg 550w, https:\/\/universofamilia.com\/wp-content\/uploads\/sites\/148\/2024\/11\/DESTAQUE-UNIVERSO-550-x-350-5-1-300x191.jpg 300w\" sizes=\"(max-width: 550px) 100vw, 550px\" \/><figcaption class=\"wp-element-caption\">Tudd meg, ki figyel t\u00e9ged a k\u00f6z\u00f6ss\u00e9gi m\u00e9di\u00e1ban<\/figcaption><\/figure><\/div>\n\n\n<h3 class=\"wp-block-heading\">Mit mondanak a felhaszn\u00e1l\u00f3k<\/h3>\n\n\n\n<p>Az al\u00e1bbiakban n\u00e9h\u00e1ny v\u00e9lem\u00e9nyt tal\u00e1l el\u00e9gedett felhaszn\u00e1l\u00f3kt\u00f3l <strong>K\u00f6z\u00f6ss\u00e9gi m\u00e9dia k\u00f6vet\u0151<\/strong>:<\/p>\n\n\n\n<ol class=\"wp-block-list\">\n<li><strong>Ana P.<\/strong>: \u201eKiv\u00e1l\u00f3 alkalmaz\u00e1s! Seg\u00edtett jobban meg\u00e9rtenem, hogy kik l\u00e9pnek interakci\u00f3ba a tartalmaimmal. Azoknak aj\u00e1nlom, akik nagyobb kontrollt szeretn\u00e9nek a h\u00e1l\u00f3zataik felett.\u201d<\/li>\n\n\n\n<li><strong>Carlos M.<\/strong>: \u201eElk\u00e9peszt\u0151, hogy a Social Tracker seg\u00edts\u00e9g\u00e9vel l\u00e1thatom, hogy kit \u00e9rdekel val\u00f3j\u00e1ban. R\u00e1ad\u00e1sul k\u00f6nnyen haszn\u00e1lhat\u00f3!\u201d<\/li>\n\n\n\n<li><strong>Marina R.<\/strong>\u201eMeglep\u0151dtem az alkalmaz\u00e1s \u00e1ltal k\u00edn\u00e1lt elemz\u00e9seken. Magabiztosabbnak \u00e9rzem magam, ha tudom, kik l\u00e9pnek kapcsolatba a profilommal.\u201d<\/li>\n<\/ol>\n\n\n\n<h4 class=\"wp-block-heading\">Let\u00f6lt\u00e9si linkek<\/h4>\n\n\n\n<ul class=\"wp-block-list\">\n<li><strong>K\u00f6z\u00f6ss\u00e9gi m\u00e9dia k\u00f6vet\u0151<\/strong>: <a href=\"https:\/\/apps.apple.com\/br\/app\/social-tracker\/id1189139278\">App Store<\/a> | <a href=\"https:\/\/play.google.com\/store\/apps\/details?id=com.mobiversite.lookAtMe&amp;hl=pt_BR&amp;pli=1\">Google Play<\/a><\/li>\n<\/ul>\n\n\n\n<h3 class=\"wp-block-heading\">GYIK: Gyakran Ism\u00e9telt K\u00e9rd\u00e9sek<\/h3>\n\n\n\n<ol class=\"wp-block-list\">\n<li><strong>Biztons\u00e1gos alkalmaz\u00e1sokat haszn\u00e1lni annak megtekint\u00e9s\u00e9re, hogy kik l\u00e1togatj\u00e1k a profilomat?<\/strong><br>Nem minden alkalmaz\u00e1s biztons\u00e1gos. Fontos, hogy csak j\u00f3 \u00e9rt\u00e9kel\u00e9sekkel rendelkez\u0151 alkalmaz\u00e1sokat t\u00f6lts le, \u00e9s ker\u00fcld a t\u00falzott enged\u00e9lyeket, amelyek vesz\u00e9lyeztetik az adatv\u00e9delmet.<\/li>\n\n\n\n<li><strong>Mi\u00e9rt nem mutatj\u00e1k a k\u00f6z\u00f6ss\u00e9gi oldalak, hogy kik n\u00e9zik meg a profilunkat?<\/strong><br>A felhaszn\u00e1l\u00f3k adatainak v\u00e9delme \u00e9s a biztons\u00e1gos interakci\u00f3s k\u00f6rnyezet fenntart\u00e1sa \u00e9rdek\u00e9ben.<\/li>\n\n\n\n<li><strong>T\u00e9nyleg tudhatom, hogy ki l\u00e1togatja az Instagram profilomat?<\/strong><br>Hivatalosan az Instagram nem teszi lehet\u0151v\u00e9, hogy l\u00e1sd, kik l\u00e1togatj\u00e1k a profilodat. N\u00e9h\u00e1ny alkalmaz\u00e1s k\u00edn\u00e1lja ezt a funkci\u00f3t, de lehet, hogy nem megb\u00edzhat\u00f3ak.<\/li>\n\n\n\n<li><strong>Mit tegyek, ha \u00fagy \u00e9rzem, hogy valaki figyel a k\u00f6z\u00f6ss\u00e9gi m\u00e9di\u00e1ban?<\/strong><br>M\u00f3dos\u00edtsd a fi\u00f3kjaid adatv\u00e9delmi be\u00e1ll\u00edt\u00e1sait, \u00e9s ker\u00fcld a szem\u00e9lyes adatok megoszt\u00e1s\u00e1t.<\/li>\n\n\n\n<li><strong>Vannak megb\u00edzhat\u00f3 alkalmaz\u00e1sok a h\u00e1l\u00f3zati interakci\u00f3k megtekint\u00e9s\u00e9re?<\/strong><br>Igen, n\u00e9h\u00e1ny alkalmaz\u00e1s, mint p\u00e9ld\u00e1ul <strong>K\u00f6z\u00f6ss\u00e9gi m\u00e9dia k\u00f6vet\u0151<\/strong> R\u00e9szletes interakci\u00f3s elemz\u00e9seket k\u00edn\u00e1lnak, de nem mutatnak konkr\u00e9t l\u00e1togat\u00f3kat.<\/li>\n\n\n\n<li><strong>Haszn\u00e1lhatom ezeket az alkalmaz\u00e1sokat \u00fczleti fi\u00f3kokban?<\/strong><br>N\u00e9h\u00e1ny eszk\u00f6z hasznos lehet \u00fczleti sz\u00e1ml\u00e1k sz\u00e1m\u00e1ra, mivel seg\u00edt elemezni a k\u00f6z\u00f6ns\u00e9g viselked\u00e9s\u00e9t.<\/li>\n\n\n\n<li><strong>Hogyan n\u00f6velhetem a k\u00f6z\u00f6ss\u00e9gi m\u00e9di\u00e1ban val\u00f3 r\u00e9szv\u00e9telt an\u00e9lk\u00fcl, hogy agg\u00f3dnom kellene a zaklat\u00f3k miatt?<\/strong><br>A lebilincsel\u0151 \u00e9s hiteles tartalom l\u00e9trehoz\u00e1sa a legjobb m\u00f3dja annak, hogy kapcsolatba l\u00e9pj a k\u00f6z\u00f6ns\u00e9geddel an\u00e9lk\u00fcl, hogy agg\u00f3dnod kellene amiatt, hogy ki n\u00e9zi.<\/li>\n\n\n\n<li><strong>Leg\u00e1lis alkalmaz\u00e1sokat haszn\u00e1lni annak megtekint\u00e9s\u00e9re, hogy kik l\u00e1togatj\u00e1k a profilomat?<\/strong><br>Ez az alkalmaz\u00e1st\u00f3l \u00e9s annak gyakorlat\u00e1t\u00f3l f\u00fcgg. Egyesek s\u00e9rthetik a k\u00f6z\u00f6ss\u00e9gi m\u00e9dia platform szolg\u00e1ltat\u00e1si felt\u00e9teleit.<\/li>\n\n\n\n<li><strong>Hogyan v\u00e9dhetem meg a szem\u00e9lyes adataimat a k\u00f6z\u00f6ss\u00e9gi m\u00e9di\u00e1ban?<\/strong><br>M\u00f3dos\u00edtsd az adatv\u00e9delmi be\u00e1ll\u00edt\u00e1saidat, korl\u00e1tozd az inform\u00e1ci\u00f3megoszt\u00e1st, \u00e9s haszn\u00e1lj er\u0151s jelszavakat.<\/li>\n\n\n\n<li><strong>Mi\u00e9rt kellene ker\u00fcln\u00f6m a nem hivatalos alkalmaz\u00e1sokat?<\/strong><br>Vesz\u00e9lyeztethetik a biztons\u00e1godat, \u00e9s megb\u00edzhatatlan harmadik felek kez\u00e9be adhatj\u00e1k az adataidat.<\/li>\n<\/ol>\n\n\n\n<p>Oszd meg ezt a cikket a bar\u00e1taiddal, hogy egy\u00fctt felfedezhess\u00e9tek, hogyan \u00e9lhettek biztons\u00e1gosabb \u00e9s kiel\u00e9g\u00edt\u0151bb \u00e9lm\u00e9nyeket a k\u00f6z\u00f6ss\u00e9gi m\u00e9di\u00e1ban.<\/p>","protected":false},"excerpt":{"rendered":"<p>\u00bfCurioso por saber qui\u00e9n te vigila? \u00a1Desc\u00fabrelo ahora mismo! Mar\u00eda era una joven que, como muchos de nosotros, pasaba horas en las redes sociales. Un d\u00eda, encontr\u00f3 el perfil de Juan y comenz\u00f3 a observarlo discretamente. Le daba \u201cme gusta\u201d de vez en cuando, dejaba un comentario ocasional\u2026 hasta que, de repente, \u00e9l comenz\u00f3 a [&hellip;]<\/p>","protected":false},"author":219,"featured_media":7365,"comment_status":"closed","ping_status":"open","sticky":false,"template":"","format":"standard","meta":{"footnotes":""},"categories":[3],"tags":[449,751,1240,1317,1462],"yoast_head":"<!-- This site is optimized with the Yoast SEO plugin v23.3 - https:\/\/yoast.com\/wordpress\/plugins\/seo\/ -->\n<title>Descubre Qui\u00e9n Te Observa en Redes Sociales - Universo Fam\u00edlia<\/title>\n<meta name=\"description\" content=\"Descubre Qui\u00e9n Te Observa en Redes Sociales. \u00bfCurioso por saber qui\u00e9n te vigila? \u00a1Desc\u00fabrelo ahora mismo!...\" \/>\n<meta name=\"robots\" content=\"index, follow, max-snippet:-1, max-image-preview:large, max-video-preview:-1\" \/>\n<link rel=\"canonical\" href=\"https:\/\/universofamilia.com\/hu\/descubre-quien-te-observa-en-redes-sociales\/\" \/>\n<meta property=\"og:locale\" content=\"hu_HU\" \/>\n<meta property=\"og:type\" content=\"article\" \/>\n<meta property=\"og:title\" content=\"Descubre Qui\u00e9n Te Observa en Redes Sociales - Universo Fam\u00edlia\" \/>\n<meta property=\"og:description\" content=\"Descubre Qui\u00e9n Te Observa en Redes Sociales. \u00bfCurioso por saber qui\u00e9n te vigila? \u00a1Desc\u00fabrelo ahora mismo!...\" \/>\n<meta property=\"og:url\" content=\"https:\/\/universofamilia.com\/hu\/descubre-quien-te-observa-en-redes-sociales\/\" \/>\n<meta property=\"og:site_name\" content=\"Universo Fam\u00edlia\" \/>\n<meta property=\"article:published_time\" content=\"2024-11-06T19:03:59+00:00\" \/>\n<meta property=\"article:modified_time\" content=\"2025-10-12T22:32:27+00:00\" \/>\n<meta property=\"og:image\" content=\"https:\/\/universofamilia.com\/wp-content\/uploads\/sites\/148\/2024\/11\/DESTAQUE-UNIVERSO-550-x-350-5-1.jpg\" \/>\n\t<meta property=\"og:image:width\" content=\"550\" \/>\n\t<meta property=\"og:image:height\" content=\"350\" \/>\n\t<meta property=\"og:image:type\" content=\"image\/jpeg\" \/>\n<meta name=\"author\" content=\"Matheus Sangaletti\" \/>\n<meta name=\"twitter:card\" content=\"summary_large_image\" \/>\n<meta name=\"twitter:label1\" content=\"Written by\" \/>\n\t<meta name=\"twitter:data1\" content=\"Matheus Sangaletti\" \/>\n\t<meta name=\"twitter:label2\" content=\"Est. reading time\" \/>\n\t<meta name=\"twitter:data2\" content=\"6 perc\" \/>\n<script type=\"application\/ld+json\" class=\"yoast-schema-graph\">{\"@context\":\"https:\/\/schema.org\",\"@graph\":[{\"@type\":\"WebPage\",\"@id\":\"https:\/\/universofamilia.com\/descubre-quien-te-observa-en-redes-sociales\/\",\"url\":\"https:\/\/universofamilia.com\/descubre-quien-te-observa-en-redes-sociales\/\",\"name\":\"Descubre Qui\u00e9n Te Observa en Redes Sociales - Universo Fam\u00edlia\",\"isPartOf\":{\"@id\":\"https:\/\/universofamilia.com\/el\/#website\"},\"primaryImageOfPage\":{\"@id\":\"https:\/\/universofamilia.com\/descubre-quien-te-observa-en-redes-sociales\/#primaryimage\"},\"image\":{\"@id\":\"https:\/\/universofamilia.com\/descubre-quien-te-observa-en-redes-sociales\/#primaryimage\"},\"thumbnailUrl\":\"https:\/\/universofamilia.com\/wp-content\/uploads\/sites\/148\/2024\/11\/DESTAQUE-UNIVERSO-550-x-350-5-1.jpg\",\"datePublished\":\"2024-11-06T19:03:59+00:00\",\"dateModified\":\"2025-10-12T22:32:27+00:00\",\"author\":{\"@id\":\"https:\/\/universofamilia.com\/el\/#\/schema\/person\/92fcd07e9b1f4323bf74f3170fc0f78a\"},\"description\":\"Descubre Qui\u00e9n Te Observa en Redes Sociales. \u00bfCurioso por saber qui\u00e9n te vigila? \u00a1Desc\u00fabrelo ahora mismo!...\",\"breadcrumb\":{\"@id\":\"https:\/\/universofamilia.com\/descubre-quien-te-observa-en-redes-sociales\/#breadcrumb\"},\"inLanguage\":\"hu\",\"potentialAction\":[{\"@type\":\"ReadAction\",\"target\":[\"https:\/\/universofamilia.com\/descubre-quien-te-observa-en-redes-sociales\/\"]}]},{\"@type\":\"ImageObject\",\"inLanguage\":\"hu\",\"@id\":\"https:\/\/universofamilia.com\/descubre-quien-te-observa-en-redes-sociales\/#primaryimage\",\"url\":\"https:\/\/universofamilia.com\/wp-content\/uploads\/sites\/148\/2024\/11\/DESTAQUE-UNIVERSO-550-x-350-5-1.jpg\",\"contentUrl\":\"https:\/\/universofamilia.com\/wp-content\/uploads\/sites\/148\/2024\/11\/DESTAQUE-UNIVERSO-550-x-350-5-1.jpg\",\"width\":550,\"height\":350,\"caption\":\"Descubre Qui\u00e9n Te Observa en Redes Sociales\"},{\"@type\":\"BreadcrumbList\",\"@id\":\"https:\/\/universofamilia.com\/descubre-quien-te-observa-en-redes-sociales\/#breadcrumb\",\"itemListElement\":[{\"@type\":\"ListItem\",\"position\":1,\"name\":\"Home\",\"item\":\"https:\/\/universofamilia.com\/el\/\"},{\"@type\":\"ListItem\",\"position\":2,\"name\":\"Descubre Qui\u00e9n Te Observa en Redes Sociales\"}]},{\"@type\":\"WebSite\",\"@id\":\"https:\/\/universofamilia.com\/el\/#website\",\"url\":\"https:\/\/universofamilia.com\/el\/\",\"name\":\"Universo Fam\u00edlia\",\"description\":\"\",\"potentialAction\":[{\"@type\":\"SearchAction\",\"target\":{\"@type\":\"EntryPoint\",\"urlTemplate\":\"https:\/\/universofamilia.com\/el\/?s={search_term_string}\"},\"query-input\":\"required name=search_term_string\"}],\"inLanguage\":\"hu\"},{\"@type\":\"Person\",\"@id\":\"https:\/\/universofamilia.com\/el\/#\/schema\/person\/92fcd07e9b1f4323bf74f3170fc0f78a\",\"name\":\"Matheus Sangaletti\",\"image\":{\"@type\":\"ImageObject\",\"inLanguage\":\"hu\",\"@id\":\"https:\/\/universofamilia.com\/el\/#\/schema\/person\/image\/\",\"url\":\"https:\/\/secure.gravatar.com\/avatar\/280ea957a14a48e6a1ad2133d2cc27c9?s=96&d=mm&r=g\",\"contentUrl\":\"https:\/\/secure.gravatar.com\/avatar\/280ea957a14a48e6a1ad2133d2cc27c9?s=96&d=mm&r=g\",\"caption\":\"Matheus Sangaletti\"},\"url\":\"https:\/\/universofamilia.com\/hu\/author\/matheuss\/\"}]}<\/script>\n<!-- \/ Yoast SEO plugin. -->","yoast_head_json":{"title":"Descubre Qui\u00e9n Te Observa en Redes Sociales - Universo Fam\u00edlia","description":"Descubre Qui\u00e9n Te Observa en Redes Sociales. \u00bfCurioso por saber qui\u00e9n te vigila? \u00a1Desc\u00fabrelo ahora mismo!...","robots":{"index":"index","follow":"follow","max-snippet":"max-snippet:-1","max-image-preview":"max-image-preview:large","max-video-preview":"max-video-preview:-1"},"canonical":"https:\/\/universofamilia.com\/hu\/descubre-quien-te-observa-en-redes-sociales\/","og_locale":"hu_HU","og_type":"article","og_title":"Descubre Qui\u00e9n Te Observa en Redes Sociales - Universo Fam\u00edlia","og_description":"Descubre Qui\u00e9n Te Observa en Redes Sociales. \u00bfCurioso por saber qui\u00e9n te vigila? \u00a1Desc\u00fabrelo ahora mismo!...","og_url":"https:\/\/universofamilia.com\/hu\/descubre-quien-te-observa-en-redes-sociales\/","og_site_name":"Universo Fam\u00edlia","article_published_time":"2024-11-06T19:03:59+00:00","article_modified_time":"2025-10-12T22:32:27+00:00","og_image":[{"width":550,"height":350,"url":"https:\/\/universofamilia.com\/wp-content\/uploads\/sites\/148\/2024\/11\/DESTAQUE-UNIVERSO-550-x-350-5-1.jpg","type":"image\/jpeg"}],"author":"Matheus Sangaletti","twitter_card":"summary_large_image","twitter_misc":{"Written by":"Matheus Sangaletti","Est. reading time":"6 perc"},"schema":{"@context":"https:\/\/schema.org","@graph":[{"@type":"WebPage","@id":"https:\/\/universofamilia.com\/descubre-quien-te-observa-en-redes-sociales\/","url":"https:\/\/universofamilia.com\/descubre-quien-te-observa-en-redes-sociales\/","name":"Descubre Qui\u00e9n Te Observa en Redes Sociales - Universo Fam\u00edlia","isPartOf":{"@id":"https:\/\/universofamilia.com\/el\/#website"},"primaryImageOfPage":{"@id":"https:\/\/universofamilia.com\/descubre-quien-te-observa-en-redes-sociales\/#primaryimage"},"image":{"@id":"https:\/\/universofamilia.com\/descubre-quien-te-observa-en-redes-sociales\/#primaryimage"},"thumbnailUrl":"https:\/\/universofamilia.com\/wp-content\/uploads\/sites\/148\/2024\/11\/DESTAQUE-UNIVERSO-550-x-350-5-1.jpg","datePublished":"2024-11-06T19:03:59+00:00","dateModified":"2025-10-12T22:32:27+00:00","author":{"@id":"https:\/\/universofamilia.com\/el\/#\/schema\/person\/92fcd07e9b1f4323bf74f3170fc0f78a"},"description":"Descubre Qui\u00e9n Te Observa en Redes Sociales. \u00bfCurioso por saber qui\u00e9n te vigila? \u00a1Desc\u00fabrelo ahora mismo!...","breadcrumb":{"@id":"https:\/\/universofamilia.com\/descubre-quien-te-observa-en-redes-sociales\/#breadcrumb"},"inLanguage":"hu","potentialAction":[{"@type":"ReadAction","target":["https:\/\/universofamilia.com\/descubre-quien-te-observa-en-redes-sociales\/"]}]},{"@type":"ImageObject","inLanguage":"hu","@id":"https:\/\/universofamilia.com\/descubre-quien-te-observa-en-redes-sociales\/#primaryimage","url":"https:\/\/universofamilia.com\/wp-content\/uploads\/sites\/148\/2024\/11\/DESTAQUE-UNIVERSO-550-x-350-5-1.jpg","contentUrl":"https:\/\/universofamilia.com\/wp-content\/uploads\/sites\/148\/2024\/11\/DESTAQUE-UNIVERSO-550-x-350-5-1.jpg","width":550,"height":350,"caption":"Descubre Qui\u00e9n Te Observa en Redes Sociales"},{"@type":"BreadcrumbList","@id":"https:\/\/universofamilia.com\/descubre-quien-te-observa-en-redes-sociales\/#breadcrumb","itemListElement":[{"@type":"ListItem","position":1,"name":"Home","item":"https:\/\/universofamilia.com\/el\/"},{"@type":"ListItem","position":2,"name":"Descubre Qui\u00e9n Te Observa en Redes Sociales"}]},{"@type":"WebSite","@id":"https:\/\/universofamilia.com\/el\/#website","url":"https:\/\/universofamilia.com\/el\/","name":"Universo Fam\u00edlia","description":"","potentialAction":[{"@type":"SearchAction","target":{"@type":"EntryPoint","urlTemplate":"https:\/\/universofamilia.com\/el\/?s={search_term_string}"},"query-input":"required name=search_term_string"}],"inLanguage":"hu"},{"@type":"Person","@id":"https:\/\/universofamilia.com\/el\/#\/schema\/person\/92fcd07e9b1f4323bf74f3170fc0f78a","name":"Matheus Sangaletti","image":{"@type":"ImageObject","inLanguage":"hu","@id":"https:\/\/universofamilia.com\/el\/#\/schema\/person\/image\/","url":"https:\/\/secure.gravatar.com\/avatar\/280ea957a14a48e6a1ad2133d2cc27c9?s=96&d=mm&r=g","contentUrl":"https:\/\/secure.gravatar.com\/avatar\/280ea957a14a48e6a1ad2133d2cc27c9?s=96&d=mm&r=g","caption":"Matheus Sangaletti"},"url":"https:\/\/universofamilia.com\/hu\/author\/matheuss\/"}]}},"_links":{"self":[{"href":"https:\/\/universofamilia.com\/hu\/wp-json\/wp\/v2\/posts\/7361"}],"collection":[{"href":"https:\/\/universofamilia.com\/hu\/wp-json\/wp\/v2\/posts"}],"about":[{"href":"https:\/\/universofamilia.com\/hu\/wp-json\/wp\/v2\/types\/post"}],"author":[{"embeddable":true,"href":"https:\/\/universofamilia.com\/hu\/wp-json\/wp\/v2\/users\/219"}],"replies":[{"embeddable":true,"href":"https:\/\/universofamilia.com\/hu\/wp-json\/wp\/v2\/comments?post=7361"}],"version-history":[{"count":1,"href":"https:\/\/universofamilia.com\/hu\/wp-json\/wp\/v2\/posts\/7361\/revisions"}],"predecessor-version":[{"id":10057,"href":"https:\/\/universofamilia.com\/hu\/wp-json\/wp\/v2\/posts\/7361\/revisions\/10057"}],"wp:featuredmedia":[{"embeddable":true,"href":"https:\/\/universofamilia.com\/hu\/wp-json\/wp\/v2\/media\/7365"}],"wp:attachment":[{"href":"https:\/\/universofamilia.com\/hu\/wp-json\/wp\/v2\/media?parent=7361"}],"wp:term":[{"taxonomy":"category","embeddable":true,"href":"https:\/\/universofamilia.com\/hu\/wp-json\/wp\/v2\/categories?post=7361"},{"taxonomy":"post_tag","embeddable":true,"href":"https:\/\/universofamilia.com\/hu\/wp-json\/wp\/v2\/tags?post=7361"}],"curies":[{"name":"wp","href":"https:\/\/api.w.org\/{rel}","templated":true}]}}