{"id":7362,"date":"2024-11-06T16:14:15","date_gmt":"2024-11-06T19:14:15","guid":{"rendered":"https:\/\/universofamilia.com\/?p=7362"},"modified":"2025-01-28T16:28:20","modified_gmt":"2025-01-28T16:28:20","slug":"quien-observa-tu-perfil","status":"publish","type":"post","link":"https:\/\/universofamilia.com\/hu\/quien-observa-tu-perfil\/","title":{"rendered":"Kik n\u00e9zik meg a profilodat?"},"content":{"rendered":"<p>K\u00edv\u00e1ncsi vagy, ki k\u00f6vet t\u00e9ged a k\u00f6z\u00f6ss\u00e9gi m\u00e9di\u00e1ban an\u00e9lk\u00fcl, hogy \u00e9szrevenn\u00e9d?<\/p>\n\n\n\n<p>Ana k\u00edv\u00e1ncsi volt. H\u00f3napokig titokban ellen\u0151rizte Miguel, egy alig ismert egyetemi \u00e9vfolyamt\u00e1rs\u00e1nak profilj\u00e1t.<\/p>\n\n\n\n<p>Nem mert vele k\u00f6zvetlen\u00fcl besz\u00e9lni, csak n\u00e9zegette a fot\u00f3it \u00e9s a bejegyz\u00e9seit, minden r\u00e9szletet feldolgozva.<\/p>\n\n\n\n<p>De miut\u00e1n m\u00e1r r\u00e9g\u00f3ta k\u00f6vette a tartalm\u00e1t, \u00e9s egyre n\u00f6vekv\u0151 \u00e9rdekl\u0151d\u00e9st \u00e9rzett, Ana \u00fagy d\u00f6nt\u00f6tt, hogy megteszi az els\u0151 l\u00e9p\u00e9st, \u00e9s kapcsolatba l\u00e9p vele.<\/p>\n\n\n\n<p>N\u00e9h\u00e1ny h\u00f3napon bel\u00fcl elkezdtek randizni, \u00e9s v\u00e9g\u00fcl \u00f6sszeh\u00e1zasodtak. N\u00e9ha a szerelem fel\u00e9 vezet\u0151 els\u0151 l\u00e9p\u00e9s egy egyszer\u0171 pillant\u00e1ssal kezd\u0151dik a k\u00f6z\u00f6ss\u00e9gi m\u00e9di\u00e1ban.<\/p>\n\n\n\n<p>Elgondolkodt\u00e1l m\u00e1r azon, hogy ki figyelhet t\u00e9ged? Ki van odakint, aki an\u00e9lk\u00fcl n\u00e9zi a posztjaidat, fot\u00f3idat \u00e9s t\u00f6rt\u00e9neteidet, hogy tudn\u00e1l r\u00f3la?<\/p>\n\n\n\n<p>Ebben a cikkben megfejtj\u00fck ezt a rejt\u00e9lyt. Ha k\u00edv\u00e1ncsi vagy, \u00e9s szeretn\u00e9d tudni, hogy kik l\u00e1togatj\u00e1k a profilodat, csatlakozz hozz\u00e1nk!<\/p>\n\n\n\n<h3 class=\"wp-block-heading\">Mi\u00e9rt fontos tudni, hogy kik n\u00e9zik meg a profilodat?<\/h3>\n\n\n\n<p>K\u00e9pzeld el, h\u00e1ny ember k\u00f6vetheti csendben a tartalmaidat. Term\u00e9szetes, hogy a k\u00edv\u00e1ncsis\u00e1g felkelti a figyelm\u00fcnket.<\/p>\n\n\n\n<p>Lehet egy bar\u00e1t, valaki h\u00e1ts\u00f3 sz\u00e1nd\u00e9kkal, vagy ak\u00e1r egy potenci\u00e1lis karrierlehet\u0151s\u00e9g.<\/p>\n\n\n\n<p>Ha tudod, hogy kik n\u00e9zik a k\u00f6z\u00f6ss\u00e9gi m\u00e9dia fel\u00fcleteidet, az seg\u00edthet finomhangolni a tartalomstrat\u00e9gi\u00e1dat, jobban kommunik\u00e1lni a k\u00f6vet\u0151iddel, s\u0151t, m\u00e9g a biztons\u00e1godat is jav\u00edthatod.<\/p>\n\n\n\n<p><\/p>\n\n\n\n<hr class=\"wp-block-separator has-text-color has-luminous-vivid-orange-color has-alpha-channel-opacity has-luminous-vivid-orange-background-color has-background is-style-wide\" \/>\n\n\n\n<h3 class=\"wp-block-heading\">L\u00e1sd m\u00e9g:<\/h3>\n\n\n\n<ul class=\"wp-block-list has-small-font-size\">\n<li class=\"has-medium-font-size\" style=\"padding-top:0;padding-right:var(--wp--preset--spacing--40);padding-bottom:0;padding-left:var(--wp--preset--spacing--40);font-style:normal;font-weight:400\"><a href=\"https:\/\/universofamilia.com\/hu\/6855\/grabar-llamadas-recibidas\/\"><mark style=\"color:#f94c45\" class=\"has-inline-color\">Bej\u00f6v\u0151 h\u00edv\u00e1sok r\u00f6gz\u00edt\u00e9se &gt;<\/mark><\/a><\/li>\n\n\n\n<li class=\"has-medium-font-size\" style=\"padding-top:0;padding-right:var(--wp--preset--spacing--40);padding-bottom:0;padding-left:var(--wp--preset--spacing--40);font-style:normal;font-weight:400\"><a href=\"https:\/\/universofamilia.com\/hu\/6898\/leer-la-biblia-catolica-en-tu-celular\/\"><mark style=\"color:#f94c45\" class=\"has-inline-color\"><font style=\"vertical-align: inherit\"><font style=\"vertical-align: inherit\">Olvasd a katolikus Bibli\u00e1t a mobiltelefonodon<\/font><\/font> &gt;<\/mark><\/a><\/li>\n\n\n\n<li class=\"has-medium-font-size\" style=\"padding-top:0;padding-right:var(--wp--preset--spacing--40);padding-bottom:0;padding-left:var(--wp--preset--spacing--40);font-style:normal;font-weight:400\"><a href=\"https:\/\/universofamilia.com\/hu\/6832\/aplicacion-para-bailar-zumba\/\"><mark style=\"color:#f94c45\" class=\"has-inline-color\">Zumba t\u00e1ncalkalmaz\u00e1s &gt;<\/mark><\/a><\/li>\n\n\n\n<li class=\"has-medium-font-size\" style=\"padding-top:0;padding-right:var(--wp--preset--spacing--40);padding-bottom:0;padding-left:var(--wp--preset--spacing--40);font-style:normal;font-weight:400\"><a href=\"https:\/\/universofamilia.com\/hu\/6952\/descubre-quien-visita-tu-perfil-redes-sociales\/\"><mark style=\"color:#f94c45\" class=\"has-inline-color\">Tudja meg, kik l\u00e1togatj\u00e1k a k\u00f6z\u00f6ss\u00e9gi m\u00e9dia profilj\u00e1t &gt;<\/mark><\/a><\/li>\n<\/ul>\n\n\n\n<hr class=\"wp-block-separator has-text-color has-luminous-vivid-orange-color has-alpha-channel-opacity has-luminous-vivid-orange-background-color has-background is-style-wide\" \/>\n\n\n\n<p><\/p>\n\n\n\n<h3 class=\"wp-block-heading\">A profilod l\u00e1togat\u00e1sainak figyel\u00e9se<\/h3>\n\n\n\n<h4 class=\"wp-block-heading\"><strong>K\u00edv\u00e1ncsi vagy, hogy kik l\u00e1togatj\u00e1k a profilodat?<\/strong><\/h4>\n\n\n\n<p><br>Ki ne szerette volna megtudni, hogy ki n\u00e9zi meg a profilj\u00e1t a legt\u00f6bbsz\u00f6r?<\/p>\n\n\n\n<p>B\u00e1r term\u00e9szetes, a k\u00f6z\u00f6ss\u00e9gi m\u00e9dia nem mindig teszi lehet\u0151v\u00e9 az ilyen t\u00edpus\u00fa k\u00f6zvetlen k\u00f6vet\u00e9st.<\/p>\n\n\n\n<p>Itt elmondjuk, hogyan seg\u00edthetnek bizonyos eszk\u00f6z\u00f6k abban, hogy tiszt\u00e1bb k\u00e9pet kapj a k\u00f6z\u00f6ns\u00e9gedr\u0151l, \u00e9s hogyan lehetnek hasznosak ezek az adatok.<\/p>\n\n\n\n<h3 class=\"wp-block-heading\">Figyelmeztet\u00e9s a zaklat\u00f3kra! Tudd meg, ki k\u00f6vet t\u00e9ged.<\/h3>\n\n\n\n<p>Vannak olyan alkalmaz\u00e1sok, amelyek seg\u00edtenek a k\u00f6z\u00f6ss\u00e9gi m\u00e9dia interakci\u00f3k nyomon k\u00f6vet\u00e9s\u00e9ben, \u00e9s utalhatnak arra, hogy kik tekintik meg a tartalmaidat.<\/p>\n\n\n\n<p>B\u00e1r ezek az alkalmaz\u00e1sok nem tudj\u00e1k pontosan megmondani, hogy ki l\u00e1togatja a profilodat, betekint\u00e9st ny\u00fajthatnak abba, hogy kik l\u00e9pnek kapcsolatba a legt\u00f6bbet a bejegyz\u00e9seiddel \u00e9s t\u00f6rt\u00e9neteiddel.<\/p>\n\n\n\n<p><strong>K\u00f6z\u00f6ss\u00e9gi m\u00e9dia k\u00f6vet\u0151<\/strong>: Ez az egyik legn\u00e9pszer\u0171bb alkalmaz\u00e1s, \u00e9s sz\u00e1mos verzi\u00f3ja l\u00e9tezik a k\u00f6vetkez\u0151h\u00f6z: <a href=\"https:\/\/apps.apple.com\/br\/app\/social-tracker\/id1189139278\">App Store<\/a> \u00e9s <a href=\"https:\/\/play.google.com\/store\/apps\/details?id=com.mobiversite.lookAtMe&amp;hl=pt_BR&amp;pli=1\">Google Play<\/a>.<\/p>\n\n\n\n<p>Lehet\u0151v\u00e9 teszi, hogy l\u00e1sd, kik l\u00e9pnek kapcsolatba a profiloddal, \u00e9s kik kezdt\u00e9k el a k\u00f6zelm\u00faltban k\u00f6vetni t\u00e9ged.<\/p>\n\n\n\n<h3 class=\"wp-block-heading\">Az igazs\u00e1g a \u201el\u00e1jkok\u201d m\u00f6g\u00f6tt<\/h3>\n\n\n\n<p>Ha val\u00f3ban tudni szeretn\u00e9d, hogy mennyire \u00e9rdekl\u0151dik a tartalmad, az interakci\u00f3k elemz\u00e9se a legegyszer\u0171bb m\u00f3dja ennek.<\/p>\n\n\n\n<p>B\u00e1r nem l\u00e1thatod pontosan, hogy ki l\u00e1togatta meg a profilodat, a l\u00e1jkok, kommentek \u00e9s megoszt\u00e1sok megfigyel\u00e9se k\u00e9pet adhat arr\u00f3l, hogy ki &quot;figyel&quot; t\u00e9ged.<\/p>\n\n\n\n<h3 class=\"wp-block-heading\">Annak az el\u0151nyei, ha tudod, kit \u00e9rdekel a tartalmad<\/h3>\n\n\n\n<ol class=\"wp-block-list\">\n<li><strong>Fokozott interakci\u00f3<\/strong>Ha tudod, hogy kik l\u00e9pnek kapcsolatba a profiloddal a legt\u00f6bbet, az seg\u00edthet szem\u00e9lyre szabni a tartalmaidat, \u00e9s megc\u00e9lozni azt a konkr\u00e9t k\u00f6z\u00f6ns\u00e9get.<\/li>\n\n\n\n<li><strong>Adatv\u00e9delmi be\u00e1ll\u00edt\u00e1sok<\/strong>Ha azt tapasztalod, hogy egy ismeretlen szem\u00e9ly t\u00fals\u00e1gosan \u00e9rdekl\u0151dik a profilod ir\u00e1nt, \u00e9rdemes lehet m\u00f3dos\u00edtanod az adatv\u00e9delmi be\u00e1ll\u00edt\u00e1saidat.<\/li>\n\n\n\n<li><strong>Hiteles kapcsolatok<\/strong>Ha tudod, hogy kik foglalkoznak a tartalmaiddal, az seg\u00edt meger\u0151s\u00edteni a kapcsolatokat \u00e9s \u00faj lehet\u0151s\u00e9geket felfedezni.<\/li>\n<\/ol>\n\n\n\n<h3 class=\"wp-block-heading\">A l\u00e1that\u00f3s\u00e1g m\u00edtosza a k\u00f6z\u00f6ss\u00e9gi h\u00e1l\u00f3zatokon<\/h3>\n\n\n\n<p>B\u00e1r cs\u00e1b\u00edt\u00f3 lehet l\u00e1tni, hogy kik n\u00e9zt\u00e9k meg a profilodat, a legt\u00f6bb k\u00f6z\u00f6ss\u00e9gi h\u00e1l\u00f3zat nem adja meg k\u00f6zvetlen\u00fcl ezt az inform\u00e1ci\u00f3t.<\/p>\n\n\n\n<p>Ez els\u0151sorban a felhaszn\u00e1l\u00f3k adatainak v\u00e9delme \u00e9rdek\u00e9ben t\u00f6rt\u00e9nik, biztons\u00e1gosabb \u00e9s kev\u00e9sb\u00e9 tolakod\u00f3 k\u00f6rnyezetet teremtve.<\/p>\n\n\n\n<ol class=\"wp-block-list\">\n<li><strong>K\u00f6z\u00f6ss\u00e9gi m\u00e9dia szab\u00e1lyzat<\/strong>Az olyan platformok, mint a Facebook \u00e9s az Instagram, az elk\u00f6telez\u0151d\u00e9sre \u00e9s a biztons\u00e1gra \u00f6sszpontos\u00edtanak, \u00e9s a profilod l\u00e1togat\u00f3inak felfed\u00e9se elriaszthatja az interakci\u00f3kat.<\/li>\n\n\n\n<li><strong>\u00c1tl\u00e1that\u00f3s\u00e1g hi\u00e1nya<\/strong>B\u00e1r egyes eszk\u00f6z\u00f6k \u00edg\u00e9retet tesznek arra, hogy felfedik, \u201eki tekintette meg\u201d, fontos meg\u00e9rteni, hogy ez a funkci\u00f3 nem 100% pontos.<\/li>\n<\/ol>\n\n\n\n<h3 class=\"wp-block-heading\">Adatelemz\u00e9s \u00e9s betekint\u00e9s: hogyan hasznos\u00edthatjuk ezeket az inform\u00e1ci\u00f3kat<\/h3>\n\n\n\n<p>M\u00e9g ha nem is l\u00e1tod, hogy ki tekintette meg a profilodat, m\u00e1s inform\u00e1ci\u00f3kat is felhaszn\u00e1lhatsz a k\u00f6z\u00f6ss\u00e9gi m\u00e9dia strat\u00e9gi\u00e1d fejleszt\u00e9s\u00e9re.<\/p>\n\n\n\n<ol class=\"wp-block-list\">\n<li><strong>Kedvel\u00e9sek \u00e9s hozz\u00e1sz\u00f3l\u00e1sok elemz\u00e9se<\/strong>Azok az emberek, akik gyakran l\u00e1jkolj\u00e1k \u00e9s kommentelnek, akt\u00edvan \u00e9rdekl\u0151dnek a tartalmaid ir\u00e1nt. Okos strat\u00e9gia ezt a saj\u00e1t el\u0151ny\u00f6dre ford\u00edtani.<\/li>\n\n\n\n<li><strong>T\u00f6rt\u00e9netek \u00e9s vizualiz\u00e1ci\u00f3k<\/strong>Az olyan eszk\u00f6z\u00f6k, mint az Instagram Stories, megmutatj\u00e1k, hogy kik tekintett\u00e9k meg a bejegyz\u00e9seidet, \u00edgy utal\u00e1sokat adnak a k\u00f6z\u00f6ns\u00e9gedre.<\/li>\n<\/ol>\n\n\n\n<h3 class=\"wp-block-heading\">Adatv\u00e9delmi szempontok<\/h3>\n\n\n\n<p>A monitoroz\u00f3 alkalmaz\u00e1sok \u00e9s eszk\u00f6z\u00f6k haszn\u00e1latakor fontos figyelembe venni az adatok biztons\u00e1g\u00e1t.<\/p>\n\n\n\n<ol class=\"wp-block-list\">\n<li><strong>Harmadik f\u00e9lt\u0151l sz\u00e1rmaz\u00f3 eszk\u00f6z\u00f6k kock\u00e1zatai<\/strong>Harmadik f\u00e9lt\u0151l sz\u00e1rmaz\u00f3 alkalmaz\u00e1sok gy\u0171jthetik az adataidat. A legjobb, ha n\u00e9pszer\u0171 \u00e9s j\u00f3l \u00e9rt\u00e9kelt eszk\u00f6z\u00f6ket v\u00e1lasztasz, mint p\u00e9ld\u00e1ul a Social Tracker.<\/li>\n\n\n\n<li><strong>V\u00e9dje adatait<\/strong>: M\u00f3dos\u00edtsd az adatv\u00e9delmi be\u00e1ll\u00edt\u00e1saidat a k\u00f6z\u00f6ss\u00e9gi h\u00e1l\u00f3zatokon, hogy korl\u00e1tozd, kik l\u00e1thatj\u00e1k a profilodat \u00e9s a bejegyz\u00e9seidet.<\/li>\n<\/ol>\n\n\n\n<h3 class=\"wp-block-heading\">K\u00f6z\u00f6ss\u00e9gi Nyomk\u00f6vet\u0151 \u00c1ttekint\u00e9se<\/h3>\n\n\n\n<p>A Social Tracker egy sz\u00e9les k\u00f6rben haszn\u00e1lt eszk\u00f6z a k\u00f6z\u00f6ss\u00e9gi h\u00e1l\u00f3zatokon t\u00f6rt\u00e9n\u0151 interakci\u00f3k nyomon k\u00f6vet\u00e9s\u00e9re.<\/p>\n\n\n\n<p>El\u00e9rhet\u0151 <a href=\"https:\/\/apps.apple.com\/br\/app\/social-tracker\/id1189139278\">App Store<\/a> \u00e9s <a href=\"https:\/\/play.google.com\/store\/apps\/details?id=com.mobiversite.lookAtMe&amp;hl=pt_BR&amp;pli=1\">Google Play<\/a>Ez az alkalmaz\u00e1s magas \u00e9rt\u00e9kel\u00e9s\u0171, \u00e9s biztons\u00e1gos \u00e9s hat\u00e9kony megold\u00e1s lehet a profilod figyel\u00e9s\u00e9re.<\/p>\n\n\n\n<p><strong>A k\u00f6z\u00f6ss\u00e9gi k\u00f6vet\u0151k el\u0151nyei:<\/strong><\/p>\n\n\n\n<ul class=\"wp-block-list\">\n<li><strong>K\u00f6vet\u0151k\u00f6vet\u00e9s<\/strong>: N\u00e9zd meg, kik l\u00e9pnek kapcsolatba a legt\u00f6bbet a profiloddal, \u00e9s azonos\u00edtsd az interakci\u00f3s mint\u00e1kat.<\/li>\n\n\n\n<li><strong>R\u00e9szletes betekint\u00e9sek<\/strong>\u00c9rt\u00e9kes adatokat szolg\u00e1ltat a k\u00f6vet\u0151id viselked\u00e9s\u00e9r\u0151l.<\/li>\n\n\n\n<li><strong>K\u00f6nny\u0171 telep\u00edt\u00e9s<\/strong>: iOS \u00e9s Android rendszeren is el\u00e9rhet\u0151, a telep\u00edt\u00e9s gyors \u00e9s egyszer\u0171.<\/li>\n<\/ul>\n\n\n\n<p><strong>Felhaszn\u00e1l\u00f3i v\u00e9lem\u00e9nyek:<\/strong><\/p>\n\n\n\n<ol class=\"wp-block-list\">\n<li><strong>M\u00e1rta, 42 \u00e9ves<\/strong>\u201eA K\u00f6z\u00f6ss\u00e9gi M\u00e9diak\u00f6vet\u0151t kiv\u00e1l\u00f3nak tal\u00e1lom annak meg\u00e9rt\u00e9s\u00e9re, hogy kik k\u00f6vetik leggyakrabban a tartalmaimat.\u201d<\/li>\n\n\n\n<li><strong>K\u00e1roly, 35 \u00e9ves<\/strong>\u201eSeg\u00edtett felfedeznem az elk\u00f6telez\u0151d\u00e9s mint\u00e1it. Most jobban szem\u00e9lyre tudom szabni, amit megosztok.\u201d<\/li>\n\n\n\n<li><strong>Bianka, 27 \u00e9ves<\/strong>\u201eH\u00f3napok \u00f3ta haszn\u00e1lom az alkalmaz\u00e1st, \u00e9s azt vettem \u00e9szre, hogy megn\u0151tt az elk\u00f6telez\u0151d\u00e9s a t\u00f6rt\u00e9neteim ir\u00e1nt.\u201d<\/li>\n<\/ol>\n\n\n<div class=\"wp-block-image\">\n<figure class=\"aligncenter size-full\"><img loading=\"lazy\" decoding=\"async\" width=\"550\" height=\"350\" src=\"http:\/\/universofamilia.com\/wp-content\/uploads\/sites\/148\/2024\/11\/DESTAQUE-UNIVERSO-550-x-350-4-1.jpg\" alt=\"\" class=\"wp-image-7367\" srcset=\"https:\/\/universofamilia.com\/wp-content\/uploads\/sites\/148\/2024\/11\/DESTAQUE-UNIVERSO-550-x-350-4-1.jpg 550w, https:\/\/universofamilia.com\/wp-content\/uploads\/sites\/148\/2024\/11\/DESTAQUE-UNIVERSO-550-x-350-4-1-300x191.jpg 300w\" sizes=\"(max-width: 550px) 100vw, 550px\" \/><figcaption class=\"wp-element-caption\">Kik n\u00e9zik meg a profilodat?<\/figcaption><\/figure><\/div>\n\n\n<h3 class=\"wp-block-heading\">Konkl\u00fazi\u00f3: Az igazs\u00e1g a profilod l\u00e1that\u00f3s\u00e1g\u00e1r\u00f3l<\/h3>\n\n\n\n<p>Term\u00e9szetes, hogy k\u00edv\u00e1ncsiak vagyunk, de fontos megjegyezni, hogy nem mindig tudjuk, ki l\u00e1togatja a profilunkat.<\/p>\n\n\n\n<p>A megb\u00edzhat\u00f3 eszk\u00f6z\u00f6k, mint p\u00e9ld\u00e1ul a Social Tracker, seg\u00edthetnek meg\u00e9rteni a mint\u00e1kat \u00e9s jav\u00edtani a tartalomstrat\u00e9gi\u00e1dat, de mindig tartsd szem el\u0151tt a biztons\u00e1got.<\/p>\n\n\n\n<h3 class=\"wp-block-heading\">Tippek az elk\u00f6telez\u0151d\u00e9s fokoz\u00e1s\u00e1hoz an\u00e9lk\u00fcl, hogy agg\u00f3dn\u00e1nk a zaklat\u00f3k miatt<\/h3>\n\n\n\n<ol class=\"wp-block-list\">\n<li><strong>Relev\u00e1ns tartalom megoszt\u00e1sa<\/strong>Min\u00e9l relev\u00e1nsabb a tartalmad, ann\u00e1l nagyobb az elk\u00f6telez\u0151d\u00e9s.<\/li>\n\n\n\n<li><strong>Haszn\u00e1lj t\u00f6rt\u00e9neteket \u00e9s szavaz\u00e1sokat<\/strong>Ezek az eszk\u00f6z\u00f6k k\u00f6zvetlen interakci\u00f3ra \u00f6szt\u00f6n\u00f6znek, \u00e9s \u00faj k\u00f6vet\u0151ket vonzhatnak.<\/li>\n\n\n\n<li><strong>L\u00e9gy hiteles<\/strong>: A hiteless\u00e9get mutat\u00f3 profilok \u00e1ltal\u00e1ban h\u0171s\u00e9gesebb k\u00f6z\u00f6ns\u00e9get vonzanak.<\/li>\n<\/ol>\n\n\n\n<hr class=\"wp-block-separator has-alpha-channel-opacity is-style-wide\" \/>\n\n\n\n<h3 class=\"wp-block-heading\">Gyakran Ism\u00e9telt K\u00e9rd\u00e9sek (GYIK)<\/h3>\n\n\n\n<p><strong>1. Megtudhatom, hogy ki l\u00e1togatja a k\u00f6z\u00f6ss\u00e9gi m\u00e9dia profilomat?<\/strong><br>Nem k\u00f6zvetlen\u00fcl. A Facebookhoz \u00e9s az Instagramhoz hasonl\u00f3 k\u00f6z\u00f6ss\u00e9gi oldalak nem k\u00edn\u00e1lj\u00e1k ezt a funkci\u00f3t a felhaszn\u00e1l\u00f3k adatainak v\u00e9delme \u00e9rdek\u00e9ben.<\/p>\n\n\n\n<p><strong>2. Mi az a K\u00f6z\u00f6ss\u00e9gi M\u00e9diak\u00f6vet\u0151, \u00e9s hogyan seg\u00edt nekem?<\/strong><br>A Social Tracker egy olyan alkalmaz\u00e1s, amellyel l\u00e1thatod, hogy kik l\u00e9pnek kapcsolatba a profiloddal a legt\u00f6bbet, \u00e9s olyan adatokat jelen\u00edthetsz meg, mint az \u00faj k\u00f6vet\u0151k vagy azok, akik m\u00e1r nem k\u00f6vetnek t\u00e9ged.<\/p>\n\n\n\n<p><strong>3. Biztons\u00e1gos a megfigyel\u0151 alkalmaz\u00e1sok haszn\u00e1lata?<\/strong><br>Az alkalmaz\u00e1st\u00f3l f\u00fcgg. A megb\u00edzhat\u00f3 eszk\u00f6z\u00f6k, mint p\u00e9ld\u00e1ul a Social Tracker, biztons\u00e1gosabbak, de fontos mindig ellen\u0151rizni az alkalmaz\u00e1s h\u00edrnev\u00e9t, \u00e9s ker\u00fclni a k\u00e9tes forr\u00e1sb\u00f3l sz\u00e1rmaz\u00f3 alkalmaz\u00e1sokat.<\/p>\n\n\n\n<p><strong>4. Mi\u00e9rt nem mutatj\u00e1k egyes h\u00e1l\u00f3zatok, hogy kik l\u00e1togatj\u00e1k a profilomat?<\/strong><br>Ez egy adatv\u00e9delmi int\u00e9zked\u00e9s a felhaszn\u00e1l\u00f3k v\u00e9delme \u00e9s egy kev\u00e9sb\u00e9 tolakod\u00f3 felhaszn\u00e1l\u00f3i k\u00f6rnyezet el\u0151seg\u00edt\u00e9se \u00e9rdek\u00e9ben.<\/p>\n\n\n\n<p><strong>5. Hogyan v\u00e9dhetem meg a szem\u00e9lyes adataimat a k\u00f6z\u00f6ss\u00e9gi m\u00e9di\u00e1ban?<\/strong><br>M\u00f3dos\u00edtsd az adatv\u00e9delmi be\u00e1ll\u00edt\u00e1saidat, hogy szab\u00e1lyozd, kik l\u00e1thatj\u00e1k a bejegyz\u00e9seidet \u00e9s t\u00f6rt\u00e9neteidet, \u00e9s ker\u00fcld a bizalmas inform\u00e1ci\u00f3k megoszt\u00e1s\u00e1t.<\/p>\n\n\n\n<p><strong>6. N\u00f6velhetem az elk\u00f6telez\u0151d\u00e9st a profiljaimon alkalmaz\u00e1sok n\u00e9lk\u00fcl?<\/strong><br>Term\u00e9szetesen! A relev\u00e1ns tartalmak megoszt\u00e1sa, a k\u00f6vet\u0151iddel val\u00f3 interakci\u00f3, valamint a szavaz\u00e1sok vagy k\u00e9rd\u00e9sek haszn\u00e1lata a bejegyz\u00e9seidben term\u00e9szetes m\u00f3don n\u00f6velheti az elk\u00f6telez\u0151d\u00e9st.<\/p>\n\n\n\n<p><strong>7. Hol tudom let\u00f6lteni a K\u00f6z\u00f6ss\u00e9gi Nyomk\u00f6vet\u0151t?<\/strong><br>A K\u00f6z\u00f6ss\u00e9gi Nyomk\u00f6vet\u0151 el\u00e9rhet\u0151 a k\u00f6vetkez\u0151 c\u00edmen: <a href=\"https:\/\/apps.apple.com\/br\/app\/social-tracker\/id1189139278\">App Store<\/a> \u00e9s <a href=\"https:\/\/play.google.com\/store\/apps\/details?id=com.mobiversite.lookAtMe&amp;hl=pt_BR&amp;pli=1\">Google Play<\/a>.<\/p>","protected":false},"excerpt":{"rendered":"<p>\u00bfCurioso por saber qui\u00e9n te sigue en redes sin que lo notes? Ana estaba curiosa. Durante meses, revisaba en secreto el perfil de Miguel, un compa\u00f1ero de universidad a quien apenas conoc\u00eda personalmente. Sin atreverse a hablarle directamente, solo observaba sus fotos y publicaciones, descubriendo cada detalle. Pero despu\u00e9s de tanto seguir su contenido y [&hellip;]<\/p>","protected":false},"author":139,"featured_media":7367,"comment_status":"closed","ping_status":"open","sticky":false,"template":"","format":"standard","meta":{"footnotes":""},"categories":[5],"tags":[201,709,742,1241,1446],"yoast_head":"<!-- This site is optimized with the Yoast SEO plugin v23.3 - https:\/\/yoast.com\/wordpress\/plugins\/seo\/ -->\n<title>\u00bfQui\u00e9n observa tu perfil? - Universo Fam\u00edlia<\/title>\n<meta name=\"description\" content=\"\u00bfQui\u00e9n observa tu perfil? Ana estaba curiosa. Durante meses, revisaba en secreto el perfil de Miguel, un compa\u00f1ero de universidad a quien apenas conoc\u00eda personalmente.\" \/>\n<meta name=\"robots\" content=\"index, follow, max-snippet:-1, max-image-preview:large, max-video-preview:-1\" \/>\n<link rel=\"canonical\" href=\"https:\/\/universofamilia.com\/hu\/siapa-yang-melihat-profil-anda\/\" \/>\n<meta property=\"og:locale\" content=\"hu_HU\" \/>\n<meta property=\"og:type\" content=\"article\" \/>\n<meta property=\"og:title\" content=\"\u00bfQui\u00e9n observa tu perfil? - Universo Fam\u00edlia\" \/>\n<meta property=\"og:description\" content=\"\u00bfQui\u00e9n observa tu perfil? Ana estaba curiosa. Durante meses, revisaba en secreto el perfil de Miguel, un compa\u00f1ero de universidad a quien apenas conoc\u00eda personalmente.\" \/>\n<meta property=\"og:url\" content=\"https:\/\/universofamilia.com\/hu\/siapa-yang-melihat-profil-anda\/\" \/>\n<meta property=\"og:site_name\" content=\"Universo Fam\u00edlia\" \/>\n<meta property=\"article:published_time\" content=\"2024-11-06T19:14:15+00:00\" \/>\n<meta property=\"article:modified_time\" content=\"2025-01-28T16:28:20+00:00\" \/>\n<meta property=\"og:image\" content=\"https:\/\/universofamilia.com\/wp-content\/uploads\/sites\/148\/2024\/11\/DESTAQUE-UNIVERSO-550-x-350-4-1.jpg\" \/>\n\t<meta property=\"og:image:width\" content=\"550\" \/>\n\t<meta property=\"og:image:height\" content=\"350\" \/>\n\t<meta property=\"og:image:type\" content=\"image\/jpeg\" \/>\n<meta name=\"author\" content=\"Pedro Henrique\" \/>\n<meta name=\"twitter:card\" content=\"summary_large_image\" \/>\n<meta name=\"twitter:label1\" content=\"Written by\" \/>\n\t<meta name=\"twitter:data1\" content=\"Pedro Henrique\" \/>\n\t<meta name=\"twitter:label2\" content=\"Est. reading time\" \/>\n\t<meta name=\"twitter:data2\" content=\"8 perc\" \/>\n<script type=\"application\/ld+json\" class=\"yoast-schema-graph\">{\"@context\":\"https:\/\/schema.org\",\"@graph\":[{\"@type\":\"WebPage\",\"@id\":\"https:\/\/universofamilia.com\/id\/siapa-yang-melihat-profil-anda\/\",\"url\":\"https:\/\/universofamilia.com\/id\/siapa-yang-melihat-profil-anda\/\",\"name\":\"\u00bfQui\u00e9n observa tu perfil? - Universo Fam\u00edlia\",\"isPartOf\":{\"@id\":\"https:\/\/universofamilia.com\/el\/#website\"},\"primaryImageOfPage\":{\"@id\":\"https:\/\/universofamilia.com\/id\/siapa-yang-melihat-profil-anda\/#primaryimage\"},\"image\":{\"@id\":\"https:\/\/universofamilia.com\/id\/siapa-yang-melihat-profil-anda\/#primaryimage\"},\"thumbnailUrl\":\"https:\/\/universofamilia.com\/wp-content\/uploads\/sites\/148\/2024\/11\/DESTAQUE-UNIVERSO-550-x-350-4-1.jpg\",\"datePublished\":\"2024-11-06T19:14:15+00:00\",\"dateModified\":\"2025-01-28T16:28:20+00:00\",\"author\":{\"@id\":\"https:\/\/universofamilia.com\/el\/#\/schema\/person\/f07ce98187dd84d31154262e79b3b7ca\"},\"description\":\"\u00bfQui\u00e9n observa tu perfil? Ana estaba curiosa. Durante meses, revisaba en secreto el perfil de Miguel, un compa\u00f1ero de universidad a quien apenas conoc\u00eda personalmente.\",\"breadcrumb\":{\"@id\":\"https:\/\/universofamilia.com\/id\/siapa-yang-melihat-profil-anda\/#breadcrumb\"},\"inLanguage\":\"hu\",\"potentialAction\":[{\"@type\":\"ReadAction\",\"target\":[\"https:\/\/universofamilia.com\/id\/siapa-yang-melihat-profil-anda\/\"]}]},{\"@type\":\"ImageObject\",\"inLanguage\":\"hu\",\"@id\":\"https:\/\/universofamilia.com\/id\/siapa-yang-melihat-profil-anda\/#primaryimage\",\"url\":\"https:\/\/universofamilia.com\/wp-content\/uploads\/sites\/148\/2024\/11\/DESTAQUE-UNIVERSO-550-x-350-4-1.jpg\",\"contentUrl\":\"https:\/\/universofamilia.com\/wp-content\/uploads\/sites\/148\/2024\/11\/DESTAQUE-UNIVERSO-550-x-350-4-1.jpg\",\"width\":550,\"height\":350,\"caption\":\"\u00bfQui\u00e9n observa tu perfil?\"},{\"@type\":\"BreadcrumbList\",\"@id\":\"https:\/\/universofamilia.com\/id\/siapa-yang-melihat-profil-anda\/#breadcrumb\",\"itemListElement\":[{\"@type\":\"ListItem\",\"position\":1,\"name\":\"Home\",\"item\":\"https:\/\/universofamilia.com\/el\/\"},{\"@type\":\"ListItem\",\"position\":2,\"name\":\"\u00bfQui\u00e9n observa tu perfil?\"}]},{\"@type\":\"WebSite\",\"@id\":\"https:\/\/universofamilia.com\/el\/#website\",\"url\":\"https:\/\/universofamilia.com\/el\/\",\"name\":\"Universo Fam\u00edlia\",\"description\":\"\",\"potentialAction\":[{\"@type\":\"SearchAction\",\"target\":{\"@type\":\"EntryPoint\",\"urlTemplate\":\"https:\/\/universofamilia.com\/el\/?s={search_term_string}\"},\"query-input\":\"required name=search_term_string\"}],\"inLanguage\":\"hu\"},{\"@type\":\"Person\",\"@id\":\"https:\/\/universofamilia.com\/el\/#\/schema\/person\/f07ce98187dd84d31154262e79b3b7ca\",\"name\":\"Pedro Henrique\",\"image\":{\"@type\":\"ImageObject\",\"inLanguage\":\"hu\",\"@id\":\"https:\/\/universofamilia.com\/el\/#\/schema\/person\/image\/\",\"url\":\"https:\/\/secure.gravatar.com\/avatar\/9edfeb808cb4e1599f64d6e45b130154?s=96&d=mm&r=g\",\"contentUrl\":\"https:\/\/secure.gravatar.com\/avatar\/9edfeb808cb4e1599f64d6e45b130154?s=96&d=mm&r=g\",\"caption\":\"Pedro Henrique\"},\"url\":\"https:\/\/universofamilia.com\/hu\/author\/editor01\/\"}]}<\/script>\n<!-- \/ Yoast SEO plugin. -->","yoast_head_json":{"title":"\u00bfQui\u00e9n observa tu perfil? - Universo Fam\u00edlia","description":"\u00bfQui\u00e9n observa tu perfil? Ana estaba curiosa. Durante meses, revisaba en secreto el perfil de Miguel, un compa\u00f1ero de universidad a quien apenas conoc\u00eda personalmente.","robots":{"index":"index","follow":"follow","max-snippet":"max-snippet:-1","max-image-preview":"max-image-preview:large","max-video-preview":"max-video-preview:-1"},"canonical":"https:\/\/universofamilia.com\/hu\/siapa-yang-melihat-profil-anda\/","og_locale":"hu_HU","og_type":"article","og_title":"\u00bfQui\u00e9n observa tu perfil? - Universo Fam\u00edlia","og_description":"\u00bfQui\u00e9n observa tu perfil? Ana estaba curiosa. Durante meses, revisaba en secreto el perfil de Miguel, un compa\u00f1ero de universidad a quien apenas conoc\u00eda personalmente.","og_url":"https:\/\/universofamilia.com\/hu\/siapa-yang-melihat-profil-anda\/","og_site_name":"Universo Fam\u00edlia","article_published_time":"2024-11-06T19:14:15+00:00","article_modified_time":"2025-01-28T16:28:20+00:00","og_image":[{"width":550,"height":350,"url":"https:\/\/universofamilia.com\/wp-content\/uploads\/sites\/148\/2024\/11\/DESTAQUE-UNIVERSO-550-x-350-4-1.jpg","type":"image\/jpeg"}],"author":"Pedro Henrique","twitter_card":"summary_large_image","twitter_misc":{"Written by":"Pedro Henrique","Est. reading time":"8 perc"},"schema":{"@context":"https:\/\/schema.org","@graph":[{"@type":"WebPage","@id":"https:\/\/universofamilia.com\/id\/siapa-yang-melihat-profil-anda\/","url":"https:\/\/universofamilia.com\/id\/siapa-yang-melihat-profil-anda\/","name":"\u00bfQui\u00e9n observa tu perfil? - Universo Fam\u00edlia","isPartOf":{"@id":"https:\/\/universofamilia.com\/el\/#website"},"primaryImageOfPage":{"@id":"https:\/\/universofamilia.com\/id\/siapa-yang-melihat-profil-anda\/#primaryimage"},"image":{"@id":"https:\/\/universofamilia.com\/id\/siapa-yang-melihat-profil-anda\/#primaryimage"},"thumbnailUrl":"https:\/\/universofamilia.com\/wp-content\/uploads\/sites\/148\/2024\/11\/DESTAQUE-UNIVERSO-550-x-350-4-1.jpg","datePublished":"2024-11-06T19:14:15+00:00","dateModified":"2025-01-28T16:28:20+00:00","author":{"@id":"https:\/\/universofamilia.com\/el\/#\/schema\/person\/f07ce98187dd84d31154262e79b3b7ca"},"description":"\u00bfQui\u00e9n observa tu perfil? Ana estaba curiosa. Durante meses, revisaba en secreto el perfil de Miguel, un compa\u00f1ero de universidad a quien apenas conoc\u00eda personalmente.","breadcrumb":{"@id":"https:\/\/universofamilia.com\/id\/siapa-yang-melihat-profil-anda\/#breadcrumb"},"inLanguage":"hu","potentialAction":[{"@type":"ReadAction","target":["https:\/\/universofamilia.com\/id\/siapa-yang-melihat-profil-anda\/"]}]},{"@type":"ImageObject","inLanguage":"hu","@id":"https:\/\/universofamilia.com\/id\/siapa-yang-melihat-profil-anda\/#primaryimage","url":"https:\/\/universofamilia.com\/wp-content\/uploads\/sites\/148\/2024\/11\/DESTAQUE-UNIVERSO-550-x-350-4-1.jpg","contentUrl":"https:\/\/universofamilia.com\/wp-content\/uploads\/sites\/148\/2024\/11\/DESTAQUE-UNIVERSO-550-x-350-4-1.jpg","width":550,"height":350,"caption":"\u00bfQui\u00e9n observa tu perfil?"},{"@type":"BreadcrumbList","@id":"https:\/\/universofamilia.com\/id\/siapa-yang-melihat-profil-anda\/#breadcrumb","itemListElement":[{"@type":"ListItem","position":1,"name":"Home","item":"https:\/\/universofamilia.com\/el\/"},{"@type":"ListItem","position":2,"name":"\u00bfQui\u00e9n observa tu perfil?"}]},{"@type":"WebSite","@id":"https:\/\/universofamilia.com\/el\/#website","url":"https:\/\/universofamilia.com\/el\/","name":"Universo Fam\u00edlia","description":"","potentialAction":[{"@type":"SearchAction","target":{"@type":"EntryPoint","urlTemplate":"https:\/\/universofamilia.com\/el\/?s={search_term_string}"},"query-input":"required name=search_term_string"}],"inLanguage":"hu"},{"@type":"Person","@id":"https:\/\/universofamilia.com\/el\/#\/schema\/person\/f07ce98187dd84d31154262e79b3b7ca","name":"Pedro Henrique","image":{"@type":"ImageObject","inLanguage":"hu","@id":"https:\/\/universofamilia.com\/el\/#\/schema\/person\/image\/","url":"https:\/\/secure.gravatar.com\/avatar\/9edfeb808cb4e1599f64d6e45b130154?s=96&d=mm&r=g","contentUrl":"https:\/\/secure.gravatar.com\/avatar\/9edfeb808cb4e1599f64d6e45b130154?s=96&d=mm&r=g","caption":"Pedro Henrique"},"url":"https:\/\/universofamilia.com\/hu\/author\/editor01\/"}]}},"_links":{"self":[{"href":"https:\/\/universofamilia.com\/hu\/wp-json\/wp\/v2\/posts\/7362"}],"collection":[{"href":"https:\/\/universofamilia.com\/hu\/wp-json\/wp\/v2\/posts"}],"about":[{"href":"https:\/\/universofamilia.com\/hu\/wp-json\/wp\/v2\/types\/post"}],"author":[{"embeddable":true,"href":"https:\/\/universofamilia.com\/hu\/wp-json\/wp\/v2\/users\/139"}],"replies":[{"embeddable":true,"href":"https:\/\/universofamilia.com\/hu\/wp-json\/wp\/v2\/comments?post=7362"}],"version-history":[{"count":1,"href":"https:\/\/universofamilia.com\/hu\/wp-json\/wp\/v2\/posts\/7362\/revisions"}],"predecessor-version":[{"id":8440,"href":"https:\/\/universofamilia.com\/hu\/wp-json\/wp\/v2\/posts\/7362\/revisions\/8440"}],"wp:featuredmedia":[{"embeddable":true,"href":"https:\/\/universofamilia.com\/hu\/wp-json\/wp\/v2\/media\/7367"}],"wp:attachment":[{"href":"https:\/\/universofamilia.com\/hu\/wp-json\/wp\/v2\/media?parent=7362"}],"wp:term":[{"taxonomy":"category","embeddable":true,"href":"https:\/\/universofamilia.com\/hu\/wp-json\/wp\/v2\/categories?post=7362"},{"taxonomy":"post_tag","embeddable":true,"href":"https:\/\/universofamilia.com\/hu\/wp-json\/wp\/v2\/tags?post=7362"}],"curies":[{"name":"wp","href":"https:\/\/api.w.org\/{rel}","templated":true}]}}