{"id":7428,"date":"2024-11-14T14:50:32","date_gmt":"2024-11-14T17:50:32","guid":{"rendered":"https:\/\/universofamilia.com\/?p=7428"},"modified":"2024-11-14T14:50:32","modified_gmt":"2024-11-14T17:50:32","slug":"quien-te-observa-en-las-redes-sociales","status":"publish","type":"post","link":"https:\/\/universofamilia.com\/hu\/quien-te-observa-en-las-redes-sociales\/","title":{"rendered":"Ki figyel t\u00e9ged a k\u00f6z\u00f6ss\u00e9gi m\u00e9di\u00e1ban?"},"content":{"rendered":"<p>Tudd meg, ki k\u00f6veti a k\u00f6z\u00f6ss\u00e9gi m\u00e9dia profilod minden egyes l\u00e9p\u00e9s\u00e9t.<\/p>\n\n\n\n<p>K\u00e9pzelj el egy Ana nev\u0171 fiatal n\u0151t. Heteken \u00e1t titokban k\u00f6vette egy Lucas nev\u0171 f\u00e9rfi profilj\u00e1t.<\/p>\n\n\n\n<p><\/p>\n\n\n\n<hr class=\"wp-block-separator has-text-color has-luminous-vivid-orange-color has-alpha-channel-opacity has-luminous-vivid-orange-background-color has-background is-style-wide\"\/>\n\n\n\n<h4 class=\"wp-block-heading has-text-align-center\">Mit keresel ma?<\/h4>\n\n\n\n<div class=\"wp-block-buttons is-content-justification-center is-layout-flex wp-container-core-buttons-layout-1 wp-block-buttons-is-layout-flex\">\n<div class=\"wp-block-button has-custom-width wp-block-button__width-100 is-style-outline\" style=\"text-decoration:none\"><a class=\"wp-block-button__link has-white-color has-vivid-cyan-blue-background-color has-text-color has-background has-link-color has-text-align-left wp-element-button\" href=\"https:\/\/universofamilia.com\/hu\/7282\/descubre-quien-esta-observandote\/\" style=\"border-radius:6px\">Tudd meg, ki figyel t\u00e9ged \u27a1\ufe0f<\/a><\/div>\n<\/div>\n\n\n\n<div class=\"wp-block-buttons is-content-justification-center is-layout-flex wp-container-core-buttons-layout-2 wp-block-buttons-is-layout-flex\">\n<div class=\"wp-block-button has-custom-width wp-block-button__width-100 is-style-outline\" style=\"text-decoration:none\"><a class=\"wp-block-button__link has-white-color has-vivid-cyan-blue-background-color has-text-color has-background has-link-color has-text-align-left wp-element-button\" href=\"https:\/\/universofamilia.com\/hu\/7281\/quien-esta-interesado-en-ti\/\" style=\"border-radius:6px\">Kit \u00e9rdekelsz? \u27a1\ufe0f<\/a><\/div>\n<\/div>\n\n\n\n<div class=\"wp-block-buttons is-content-justification-center is-layout-flex wp-container-core-buttons-layout-3 wp-block-buttons-is-layout-flex\">\n<div class=\"wp-block-button has-custom-width wp-block-button__width-100 is-style-outline\" style=\"text-decoration:none\"><a class=\"wp-block-button__link has-white-color has-vivid-cyan-blue-background-color has-text-color has-background has-link-color has-text-align-left wp-element-button\" href=\"https:\/\/universofamilia.com\/hu\/7271\/encuentra-el-amor-mejores-apps-de-citas\/\" style=\"border-radius:6px\">Tal\u00e1ld meg a szerelmet \u27a1\ufe0f<\/a><\/div>\n<\/div>\n\n\n\n<p class=\"has-text-align-center\"><em><strong><em><strong><em><strong>Olvass tov\u00e1bb!<\/strong><\/em><\/strong><\/em><\/strong><\/em><\/p>\n\n\n\n<hr class=\"wp-block-separator has-text-color has-luminous-vivid-orange-color has-alpha-channel-opacity has-luminous-vivid-orange-background-color has-background is-style-wide\"\/>\n\n\n\n<p><\/p>\n\n\n\n<p>Ana apr\u00f3l\u00e9kos figyelmet ford\u00edtott minden bejegyz\u00e9sre, minden fot\u00f3ra, minden l\u00e1jkra, \u00e9s egyre ink\u00e1bb k\u00f6t\u0151d\u00f6tt hozz\u00e1.<\/p>\n\n\n\n<p>B\u00e1r soha nem besz\u00e9ltek, egy nap \u00f6sszeszedte a b\u00e1tors\u00e1g\u00e1t, hogy \u00fczenetet k\u00fcldj\u00f6n.<\/p>\n\n\n\n<p>A diszkr\u00e9t megfigyel\u00e9ssel kezd\u0151d\u00f6tt t\u00f6rt\u00e9net \u00e9vekkel k\u00e9s\u0151bb egy h\u00e1zass\u00e1gi aj\u00e1nlattal v\u00e9gz\u0151d\u00f6tt.<\/p>\n\n\n\n<p>Romantikusan hangozhat, de felvet egy k\u00e9rd\u00e9st: ki figyel t\u00e9ged most a k\u00f6z\u00f6ss\u00e9gi m\u00e9di\u00e1ban?<\/p>\n\n\n\n<h3 class=\"wp-block-heading\">Mi\u00e9rt fontos tudni, hogy kik n\u00e9zt\u00e9k meg a profilodat?<\/h3>\n\n\n\n<p>A k\u00edv\u00e1ncsis\u00e1g emberi tulajdons\u00e1g. Tudni akarjuk, hogy kit \u00e9rdekel az, amit megosztunk, ak\u00e1r a mag\u00e1n\u00e9let\u00fcnk v\u00e9delme, ak\u00e1r egyszer\u0171en az eg\u00f3nk t\u00e1pl\u00e1l\u00e1sa \u00e9rdek\u00e9ben.<\/p>\n\n\n\n<p>V\u00e9g\u00fcl is ki ne t\u0171n\u0151d\u00f6tt volna m\u00e1r azon, hogy \u201eKi l\u00e1tta a fot\u00f3mat?\u201d, vagy \u201eKi k\u00f6vet engem csendben?\u201d.<\/p>\n\n\n\n<p>Az, hogy tudjuk, kik n\u00e9zik a profilunkat, t\u00falmutat a k\u00edv\u00e1ncsis\u00e1gon: felfedheti titkos rajong\u00f3inkat, szakmai versenyt\u00e1rsainkat, vagy ak\u00e1r potenci\u00e1lis fenyeget\u00e9seket is.<\/p>\n\n\n\n<p>Ha te is szeretn\u00e9d megfejteni ezt a rejt\u00e9lyt, olvass tov\u00e1bb, \u00e9s fedezd fel a legjobb eszk\u00f6z\u00f6ket \u00e9s tippeket, amelyekkel biztons\u00e1gosan \u00e9s hat\u00e9konyan figyelheted a profill\u00e1togat\u00e1saidat.<\/p>\n\n\n\n<p><\/p>\n\n\n\n<hr class=\"wp-block-separator has-text-color has-luminous-vivid-orange-color has-alpha-channel-opacity has-luminous-vivid-orange-background-color has-background is-style-wide\"\/>\n\n\n\n<h3 class=\"wp-block-heading\">L\u00e1sd m\u00e9g:<\/h3>\n\n\n\n<ul class=\"wp-block-list has-small-font-size\">\n<li class=\"has-medium-font-size\" style=\"padding-top:0;padding-right:var(--wp--preset--spacing--40);padding-bottom:0;padding-left:var(--wp--preset--spacing--40);font-style:normal;font-weight:400\"><a href=\"https:\/\/universofamilia.com\/hu\/6855\/grabar-llamadas-recibidas\/\"><mark style=\"background-color:rgba(0, 0, 0, 0);color:#f94c45\" class=\"has-inline-color\">Bej\u00f6v\u0151 h\u00edv\u00e1sok r\u00f6gz\u00edt\u00e9se &gt;<\/mark><\/a><\/li>\n\n\n\n<li class=\"has-medium-font-size\" style=\"padding-top:0;padding-right:var(--wp--preset--spacing--40);padding-bottom:0;padding-left:var(--wp--preset--spacing--40);font-style:normal;font-weight:400\"><a href=\"https:\/\/universofamilia.com\/hu\/6898\/leer-la-biblia-catolica-en-tu-celular\/\"><mark style=\"background-color:rgba(0, 0, 0, 0);color:#f94c45\" class=\"has-inline-color\"><font style=\"vertical-align: inherit;\"><font style=\"vertical-align: inherit;\">Olvasd a katolikus Bibli\u00e1t a mobiltelefonodon<\/font><\/font> &gt;<\/mark><\/a><\/li>\n\n\n\n<li class=\"has-medium-font-size\" style=\"padding-top:0;padding-right:var(--wp--preset--spacing--40);padding-bottom:0;padding-left:var(--wp--preset--spacing--40);font-style:normal;font-weight:400\"><a href=\"https:\/\/universofamilia.com\/hu\/6832\/aplicacion-para-bailar-zumba\/\"><mark style=\"background-color:rgba(0, 0, 0, 0);color:#f94c45\" class=\"has-inline-color\">Zumba t\u00e1ncalkalmaz\u00e1s &gt;<\/mark><\/a><\/li>\n\n\n\n<li class=\"has-medium-font-size\" style=\"padding-top:0;padding-right:var(--wp--preset--spacing--40);padding-bottom:0;padding-left:var(--wp--preset--spacing--40);font-style:normal;font-weight:400\"><a href=\"https:\/\/universofamilia.com\/hu\/6952\/descubre-quien-visita-tu-perfil-redes-sociales\/\"><mark style=\"background-color:rgba(0, 0, 0, 0);color:#f94c45\" class=\"has-inline-color\">Tudja meg, kik l\u00e1togatj\u00e1k a k\u00f6z\u00f6ss\u00e9gi m\u00e9dia profilj\u00e1t &gt;<\/mark><\/a><\/li>\n<\/ul>\n\n\n\n<p class=\"has-text-align-right\"><strong><em>Ugyanott fogsz maradni.<\/em><\/strong><\/p>\n\n\n\n<hr class=\"wp-block-separator has-text-color has-luminous-vivid-orange-color has-alpha-channel-opacity has-luminous-vivid-orange-background-color has-background is-style-wide\"\/>\n\n\n\n<p><\/p>\n\n\n\n<h3 class=\"wp-block-heading\">A profilod l\u00e1togat\u00e1sainak figyel\u00e9se<\/h3>\n\n\n\n<h4 class=\"wp-block-heading\">Hogyan tudhatod meg, hogy ki n\u00e9zi a profilodat<\/h4>\n\n\n\n<p>B\u00e1r a legt\u00f6bb k\u00f6z\u00f6ss\u00e9gi h\u00e1l\u00f3zat nem teszi lehet\u0151v\u00e9 a l\u00e1togat\u00f3k k\u00f6zvetlen nyomon k\u00f6vet\u00e9s\u00e9t, n\u00e9h\u00e1ny megb\u00edzhat\u00f3 eszk\u00f6z seg\u00edthet.<\/p>\n\n\n\n<p>Fontos, hogy biztons\u00e1gos forr\u00e1sokat haszn\u00e1ljunk, \u00e9s ker\u00fclj\u00fck az olyan lehet\u0151s\u00e9geket, amelyek tolakod\u00f3nak vagy megb\u00edzhatatlannak t\u0171nnek. Fedezz\u00fck fel az al\u00e1bbiakban a legjobb megold\u00e1sokat.<\/p>\n\n\n\n<h4 class=\"wp-block-heading\"><strong>Figyelmeztet\u00e9s a zaklat\u00f3kra! Tudd meg, ki k\u00f6vet t\u00e9ged a k\u00f6z\u00f6ss\u00e9gi m\u00e9di\u00e1ban.<\/strong><\/h4>\n\n\n\n<p>N\u00e9h\u00e1ny alkalmaz\u00e1s, mint p\u00e9ld\u00e1ul a Social Tracker, \u00e9rt\u00e9kes betekint\u00e9st ny\u00fajt a profilod l\u00e1togat\u00f3inak viselked\u00e9s\u00e9be.<\/p>\n\n\n\n<p>Meg tudj\u00e1k mutatni, hogy ki l\u00e9p veled kapcsolatba a legt\u00f6bbet, mely bejegyz\u00e9sek kapj\u00e1k a legt\u00f6bb figyelmet, \u00e9s bizonyos esetekben ki k\u00f6vet t\u00e9ged csendben.<\/p>\n\n\n\n<h4 class=\"wp-block-heading\">Az el\u0151ny\u00f6k, ha tudod, ki figyel t\u00e9ged:<\/h4>\n\n\n\n<ul class=\"wp-block-list\">\n<li>Azonos\u00edtsd a csod\u00e1l\u00f3idat vagy a potenci\u00e1lis partnereidet.<\/li>\n\n\n\n<li>Figyelemmel k\u00eds\u00e9ri a versenyt\u00e1rsakat professzion\u00e1lis k\u00f6rnyezetben.<\/li>\n\n\n\n<li>M\u00f3dos\u00edtsa a strat\u00e9gi\u00e1kat az elk\u00f6telez\u0151d\u00e9s n\u00f6vel\u00e9se \u00e9rdek\u00e9ben.<\/li>\n<\/ul>\n\n\n\n<h3 class=\"wp-block-heading\">Az igazs\u00e1g a l\u00e1jkok m\u00f6g\u00f6tt<\/h3>\n\n\n\n<p>Tudtad, hogy a l\u00e1jkok csak a j\u00e9ghegy cs\u00facs\u00e1t jelentik? Sokan n\u00e9zik a vide\u00f3kat, de nem l\u00e9pnek kapcsolatba vel\u00fck.<\/p>\n\n\n\n<p>Ez mag\u00e1ban foglalhatja a k\u00edv\u00e1ncsi csal\u00e1dtagokat, volt partnereket, vagy ak\u00e1r idegeneket is, akiket \u00e9rdekel a tartalmad.<\/p>\n\n\n\n<p>Ennek a dinamik\u00e1nak a meg\u00e9rt\u00e9se nagyban befoly\u00e1solhatja online strat\u00e9gi\u00e1j\u00e1t.<\/p>\n\n\n\n<h3 class=\"wp-block-heading\">A l\u00e1that\u00f3s\u00e1g m\u00edtosza<\/h3>\n\n\n\n<p>V\u00e9g\u00fcl is mi\u00e9rt olyan neh\u00e9z kider\u00edteni, hogy ki l\u00e1togatja a profilodat?<\/p>\n\n\n\n<ol start=\"1\" class=\"wp-block-list\">\n<li><strong>A k\u00f6z\u00f6ss\u00e9gi oldalak nem k\u00f6zvetlen\u00fcl k\u00edn\u00e1lj\u00e1k ezeket az inform\u00e1ci\u00f3kat.<\/strong>\n<ul class=\"wp-block-list\">\n<li>Ez minden felhaszn\u00e1l\u00f3 mag\u00e1n\u00e9let\u00e9nek v\u00e9delme \u00e9rdek\u00e9ben t\u00f6rt\u00e9nik.<\/li>\n<\/ul>\n<\/li>\n\n\n\n<li><strong>Mi\u00e9rt rejtik el a platformok ezeket az inform\u00e1ci\u00f3kat?<\/strong>\n<ul class=\"wp-block-list\">\n<li>Az \u00e1tl\u00e1that\u00f3s\u00e1g elengedhetetlen, de a k\u00f6z\u00f6ss\u00e9gi m\u00e9dia ink\u00e1bb az \u201eingyenes\u201d b\u00f6ng\u00e9sz\u00e9si \u00e9lm\u00e9nyeket r\u00e9szes\u00edti el\u0151nyben.<\/li>\n<\/ul>\n<\/li>\n\n\n\n<li><strong>Melyek a megb\u00edzhat\u00f3 eszk\u00f6z\u00f6k?<\/strong>\n<ul class=\"wp-block-list\">\n<li>Csak ellen\u0151rz\u00f6tt alkalmaz\u00e1sokat, p\u00e9ld\u00e1ul a Social Trackert haszn\u00e1lj a biztons\u00e1gi kock\u00e1zatok elker\u00fcl\u00e9se \u00e9rdek\u00e9ben.<\/li>\n<\/ul>\n<\/li>\n<\/ol>\n\n\n\n<h3 class=\"wp-block-heading\">Adatelemz\u00e9s \u00e9s betekint\u00e9s<\/h3>\n\n\n\n<p>A profilod l\u00e1togat\u00f3inak ismerete t\u00f6bbet jelenthet, mint puszt\u00e1n a k\u00edv\u00e1ncsis\u00e1g kiel\u00e9g\u00edt\u00e9s\u00e9t. \u00cdme n\u00e9h\u00e1ny m\u00f3dszer, amellyel felhaszn\u00e1lhatod ezt az inform\u00e1ci\u00f3t:<\/p>\n\n\n\n<ul class=\"wp-block-list\">\n<li><strong>Azonos\u00edtsd a c\u00e9lk\u00f6z\u00f6ns\u00e9gedet.<\/strong> Der\u00edtsd ki, hogy kik fogyasztj\u00e1k val\u00f3j\u00e1ban a tartalmaidat, \u00e9s finomhangold a strat\u00e9gi\u00e1dat.<\/li>\n\n\n\n<li><strong>Tervezze meg a kiadv\u00e1nyokat.<\/strong> A legjobb id\u0151ben posztolj, \u00e9s optimaliz\u00e1ld az interakci\u00f3kat.<\/li>\n\n\n\n<li><strong>Ker\u00fcld a k\u00e1ros viselked\u00e9si form\u00e1kat.<\/strong> Gyorsan azonos\u00edtsd a zaklat\u00f3kat vagy a nem k\u00edv\u00e1nt interakci\u00f3kat.<\/li>\n<\/ul>\n\n\n\n<h3 class=\"wp-block-heading\">Adatv\u00e9delmi szempontok<\/h3>\n\n\n\n<p>B\u00e1r cs\u00e1b\u00edt\u00f3 lehet b\u00e1rmilyen olyan eszk\u00f6zt haszn\u00e1lni, amely a l\u00e1togat\u00f3k felfed\u00e9s\u00e9t \u00edg\u00e9ri, elengedhetetlen, hogy priorit\u00e1sk\u00e9nt kezelje az adatv\u00e9delmet.<\/p>\n\n\n\n<p>\u00cdme n\u00e9h\u00e1ny tipp:<\/p>\n\n\n\n<ol start=\"1\" class=\"wp-block-list\">\n<li><strong>Ker\u00fclje a k\u00e9tes alkalmaz\u00e1sokat.<\/strong> Sokan vesz\u00e9lyeztethetik a szem\u00e9lyes adatait.<\/li>\n\n\n\n<li><strong>Olvasd el a v\u00e9lem\u00e9nyeket.<\/strong> Gy\u0151z\u0151dj\u00f6n meg r\u00f3la, hogy m\u00e1s felhaszn\u00e1l\u00f3k megb\u00edznak az eszk\u00f6zben.<\/li>\n\n\n\n<li><strong>V\u00e9dd meg a saj\u00e1t profilodat.<\/strong> Rendszeresen friss\u00edtse a jelszavait, \u00e9s ker\u00fclje a bizalmas inform\u00e1ci\u00f3k megoszt\u00e1s\u00e1t.<\/li>\n<\/ol>\n\n\n\n<h4 class=\"wp-block-heading\">Harmadik f\u00e9lt\u0151l sz\u00e1rmaz\u00f3 eszk\u00f6z\u00f6k haszn\u00e1lat\u00e1nak kock\u00e1zatai<\/h4>\n\n\n\n<p>Amikor egy l\u00e1togat\u00f3k nyomon k\u00f6vet\u00e9s\u00e9re szolg\u00e1l\u00f3 alkalmaz\u00e1st haszn\u00e1lunk, elengedhetetlen a k\u00f6vetkez\u0151k ellen\u0151rz\u00e9se:<\/p>\n\n\n\n<ul class=\"wp-block-list\">\n<li>Ha az alkalmaz\u00e1s megfelel a Google \u00e9s az Apple adatv\u00e9delmi ir\u00e1nyelveinek.<\/li>\n\n\n\n<li>Ha adatlop\u00e1sr\u00f3l vagy tolakod\u00f3 viselked\u00e9sr\u0151l \u00e9rkeznek jelent\u00e9sek.<\/li>\n<\/ul>\n\n\n<div class=\"wp-block-image\">\n<figure class=\"aligncenter size-full\"><img loading=\"lazy\" decoding=\"async\" width=\"550\" height=\"350\" src=\"http:\/\/universofamilia.com\/wp-content\/uploads\/sites\/148\/2024\/11\/DESTAQUE-UNIVERSO-550-x-350-6-3.jpg\" alt=\"\" class=\"wp-image-7429\" srcset=\"https:\/\/universofamilia.com\/wp-content\/uploads\/sites\/148\/2024\/11\/DESTAQUE-UNIVERSO-550-x-350-6-3.jpg 550w, https:\/\/universofamilia.com\/wp-content\/uploads\/sites\/148\/2024\/11\/DESTAQUE-UNIVERSO-550-x-350-6-3-300x191.jpg 300w\" sizes=\"(max-width: 550px) 100vw, 550px\" \/><figcaption class=\"wp-element-caption\">Ki figyel t\u00e9ged a k\u00f6z\u00f6ss\u00e9gi m\u00e9di\u00e1ban?<\/figcaption><\/figure><\/div>\n\n\n<h3 class=\"wp-block-heading\">Aj\u00e1nlott alkalmaz\u00e1sok<\/h3>\n\n\n\n<h4 class=\"wp-block-heading\"><strong>K\u00f6z\u00f6ss\u00e9gi m\u00e9dia k\u00f6vet\u0151<\/strong><\/h4>\n\n\n\n<p>Az egyik legn\u00e9pszer\u0171bb \u00e9s legmegb\u00edzhat\u00f3bb alkalmaz\u00e1s a l\u00e1togat\u00f3k figyel\u00e9s\u00e9re \u00e9s a k\u00f6z\u00f6ss\u00e9gi m\u00e9dia elemz\u00e9s\u00e9re. A k\u00f6vetkez\u0151ket k\u00edn\u00e1lja:<\/p>\n\n\n\n<ul class=\"wp-block-list\">\n<li><strong>R\u00e9szletes elemz\u00e9s:<\/strong> N\u00e9zd meg, kivel van a legt\u00f6bb interakci\u00f3.<\/li>\n\n\n\n<li><strong>Napi jelent\u00e9sek:<\/strong> Azonos\u00edtsa a viselked\u00e9si mint\u00e1kat.<\/li>\n\n\n\n<li><strong>Garant\u00e1lt biztons\u00e1g:<\/strong> Teljes m\u00e9rt\u00e9kben megfelel az App Store \u00e9s a Google Play adatv\u00e9delmi ir\u00e1nyelveinek.<\/li>\n<\/ul>\n\n\n\n<h4 class=\"wp-block-heading\">Felhaszn\u00e1l\u00f3i v\u00e9lem\u00e9nyek:<\/h4>\n\n\n\n<ol start=\"1\" class=\"wp-block-list\">\n<li><strong>Joana S.:<\/strong> \u201eA Social Tracker seg\u00edtett meg\u00e9rtenem, hogy kit \u00e9rdekel igaz\u00e1n a munk\u00e1m. Most m\u00e1r a c\u00e9lk\u00f6z\u00f6ns\u00e9gemre koncentr\u00e1lhatok!\u201d<\/li>\n\n\n\n<li><strong>Carlos M.:<\/strong> \u201eV\u00e1ratlan l\u00e1togat\u00f3kat fedeztem fel a profilomon. Nagyon k\u00f6nny\u0171 haszn\u00e1lni!\u201d<\/li>\n\n\n\n<li><strong>Paula R.:<\/strong> \u201eIm\u00e1dtam a r\u00e9szletes jelent\u00e9seket. Mindenkinek meg\u00e9ri, aki jav\u00edtani szeretn\u00e9 online jelenl\u00e9t\u00e9t.\u201d<\/li>\n<\/ol>\n\n\n\n<h4 class=\"wp-block-heading\">Hogyan kell telep\u00edteni:<\/h4>\n\n\n\n<ul class=\"wp-block-list\">\n<li>Nyisd meg az alkalmaz\u00e1sboltot az eszk\u00f6z\u00f6d\u00f6n.<\/li>\n\n\n\n<li>Keresd a \u201eK\u00f6z\u00f6ss\u00e9gi k\u00f6vet\u0151\u201d kifejez\u00e9st.<\/li>\n\n\n\n<li>Kattintson a \u201eTelep\u00edt\u00e9s\u201d gombra, \u00e9s k\u00f6vesse a k\u00e9perny\u0151n megjelen\u0151 utas\u00edt\u00e1sokat.<\/li>\n<\/ul>\n\n\n\n<h5 class=\"wp-block-heading\">Let\u00f6lt\u00e9si linkek<\/h5>\n\n\n\n<ul class=\"wp-block-list\">\n<li><strong>K\u00f6z\u00f6ss\u00e9gi m\u00e9dia k\u00f6vet\u0151<\/strong>: <a href=\"https:\/\/apps.apple.com\/br\/app\/social-tracker\/id1189139278\">App Store<\/a> | <a href=\"https:\/\/play.google.com\/store\/apps\/details?id=com.mobiversite.lookAtMe&amp;hl=pt_BR&amp;pli=1\">Google Play<\/a><\/li>\n<\/ul>\n\n\n\n<h2 class=\"wp-block-heading\">K\u00f6vetkeztet\u00e9s<\/h2>\n\n\n\n<p>Leny\u0171g\u00f6z\u0151 tudni, hogy kik l\u00e1togatj\u00e1k a k\u00f6z\u00f6ss\u00e9gi m\u00e9dia profilodat, de felel\u0151ss\u00e9ggel is j\u00e1r. Haszn\u00e1ld tudatosan a rendelkez\u00e9sre \u00e1ll\u00f3 eszk\u00f6z\u00f6ket, tiszteletben tartva a saj\u00e1t \u00e9s m\u00e1sok mag\u00e1n\u00e9let\u00e9t. A legfontosabb, hogy olyan tartalmak l\u00e9trehoz\u00e1s\u00e1ra \u00f6sszpontos\u00edts, amelyek \u00f6sszekapcsolj\u00e1k \u00e9s bevonj\u00e1k a k\u00f6z\u00f6ns\u00e9gedet.<\/p>\n\n\n\n<p>K\u00edv\u00e1ncsi volt\u00e1l m\u00e1r arra, hogy ki figyel t\u00e9ged? Oszd meg ezt a cikket a bar\u00e1taiddal, \u00e9s fedezz\u00e9tek fel egy\u00fctt, hogyan fejthetitek meg ezt a rejt\u00e9lyt.<\/p>\n\n\n\n<h3 class=\"wp-block-heading\"><strong>Gyakran Ism\u00e9telt K\u00e9rd\u00e9sek (GYIK)<\/strong><\/h3>\n\n\n\n<ol class=\"wp-block-list\">\n<li><strong>Val\u00f3ban tudhatom, hogy ki l\u00e1togatja a k\u00f6z\u00f6ss\u00e9gi m\u00e9dia profilomat?<\/strong><br>A legt\u00f6bb k\u00f6z\u00f6ss\u00e9gi h\u00e1l\u00f3zat nem k\u00edn\u00e1lja k\u00f6zvetlen\u00fcl ezt a funkci\u00f3t, de a megb\u00edzhat\u00f3 eszk\u00f6z\u00f6k, mint p\u00e9ld\u00e1ul a Social Tracker, \u00e9rt\u00e9kes betekint\u00e9st ny\u00fajthatnak az interakci\u00f3kba.<\/li>\n\n\n\n<li><strong>Leg\u00e1lis-e alkalmaz\u00e1sokat haszn\u00e1lni a profilom l\u00e1togat\u00e1sainak nyomon k\u00f6vet\u00e9s\u00e9re?<\/strong><br>Igen, amennyiben megb\u00edzhat\u00f3 alkalmaz\u00e1sokat haszn\u00e1lsz, amelyek tiszteletben tartj\u00e1k az olyan platformok adatv\u00e9delmi ir\u00e1nyelveit, mint a Google \u00e9s az Apple.<\/li>\n\n\n\n<li><strong>Milyen el\u0151ny\u00f6kkel j\u00e1rhat, ha tudom, hogy kik n\u00e9zik meg a profilomat?<\/strong><br>Azonos\u00edthatod a rajong\u00f3idat, jav\u00edthatod a tartalomstrat\u00e9gi\u00e1dat, \u00e9s megv\u00e9dheted magad a nem k\u00edv\u00e1nt viselked\u00e9st\u0151l.<\/li>\n\n\n\n<li><strong>A K\u00f6z\u00f6ss\u00e9gi Nyomk\u00f6vet\u0151 vesz\u00e9lyezteti az adatv\u00e9delmemet vagy a biztons\u00e1gomat?<\/strong><br>Nem, a Social Tracker szigor\u00faan betartja az App Store \u00e9s a Google Play adatv\u00e9delmi ir\u00e1nyelveit, biztos\u00edtva az adataid biztons\u00e1g\u00e1t.<\/li>\n\n\n\n<li><strong>Mi\u00e9rt nem k\u00edn\u00e1lj\u00e1k k\u00f6zvetlen\u00fcl a k\u00f6z\u00f6ss\u00e9gi oldalak ezeket az inform\u00e1ci\u00f3kat?<\/strong><br>F\u0151k\u00e9nt az \u00f6sszes felhaszn\u00e1l\u00f3 adatainak v\u00e9delme \u00e9s a funkci\u00f3 esetleges vissza\u00e9l\u00e9seinek megel\u0151z\u00e9se \u00e9rdek\u00e9ben.<\/li>\n\n\n\n<li><strong>Hogyan telep\u00edthetem a Social Tracker alkalmaz\u00e1st az eszk\u00f6z\u00f6mre?<\/strong><br>L\u00e9pj be az App Store-ba vagy a Google Playbe, keresd meg a \u201eSocial Tracker\u201d kifejez\u00e9st, kattints a \u201eTelep\u00edt\u00e9s\u201d gombra, \u00e9s k\u00f6vesd a k\u00e9perny\u0151n megjelen\u0151 utas\u00edt\u00e1sokat.<\/li>\n\n\n\n<li><strong>Lehets\u00e9ges a Social Tracker haszn\u00e1lata minden k\u00f6z\u00f6ss\u00e9gi h\u00e1l\u00f3zaton?<\/strong><br>A Social Tracker t\u00f6bb platformon is m\u0171k\u00f6dik, de a k\u00e9pess\u00e9gei k\u00f6z\u00f6ss\u00e9gi h\u00e1l\u00f3zatonk\u00e9nt elt\u00e9r\u0151ek lehetnek.<\/li>\n\n\n\n<li><strong>Mennyire megb\u00edzhat\u00f3ak a harmadik f\u00e9lt\u0151l sz\u00e1rmaz\u00f3 eszk\u00f6z\u00f6k a l\u00e1togat\u00e1sok nyomon k\u00f6vet\u00e9s\u00e9re?<\/strong><br>N\u00e9h\u00e1ny megb\u00edzhat\u00f3, de elengedhetetlen elolvasni a v\u00e9lem\u00e9nyeket, \u00e9s megbizonyosodni arr\u00f3l, hogy azok megfelelnek a hivatalos platformok adatv\u00e9delmi ir\u00e1nyelveinek.<\/li>\n\n\n\n<li><strong>Mit tehetek, ha gyan\u00edtom, hogy valaki zaklat a k\u00f6z\u00f6ss\u00e9gi m\u00e9di\u00e1ban?<\/strong><br>Olyan eszk\u00f6z\u00f6ket haszn\u00e1lhatsz, mint a Social Tracker, hogy azonos\u00edtsd a gyan\u00fas mint\u00e1kat \u00e9s int\u00e9zkedj, p\u00e9ld\u00e1ul m\u00f3dos\u00edtsd az adatv\u00e9delmi be\u00e1ll\u00edt\u00e1saidat.<\/li>\n\n\n\n<li><strong>Mit tegyek, ha gyan\u00fas alkalmaz\u00e1sokat tal\u00e1lok a l\u00e1togat\u00e1sok nyomon k\u00f6vet\u00e9se sor\u00e1n?<\/strong><br>Ker\u00fcld el \u0151ket, \u00e9s t\u00e1vol\u00edts el minden hozz\u00e1f\u00e9r\u00e9st, amit nekik biztos\u00edtott\u00e1l. Mindig megb\u00edzhat\u00f3 eszk\u00f6z\u00f6ket haszn\u00e1lj, \u00e9s ellen\u0151rizd a h\u00edrnev\u00fcket hivatalos \u00e1ruh\u00e1zakban.<\/li>\n<\/ol>","protected":false},"excerpt":{"rendered":"<p>Descubre qui\u00e9n sigue cada paso de tu perfil en redes sociales. Imagina a una joven llamada Ana. Durante semanas, ella segu\u00eda en secreto el perfil de un hombre llamado Lucas. \u00bfQu\u00e9 est\u00e1s buscando hoy? \u00a1Siga leyendo! Cada publicaci\u00f3n, cada foto, cada me gusta recib\u00eda una atenci\u00f3n minuciosa de Ana, quien se sent\u00eda cada vez m\u00e1s [&hellip;]<\/p>","protected":false},"author":0,"featured_media":7429,"comment_status":"closed","ping_status":"open","sticky":false,"template":"","format":"standard","meta":{"footnotes":""},"categories":[2],"tags":[318,1242,1317,1354,1462],"yoast_head":"<!-- This site is optimized with the Yoast SEO plugin v23.3 - https:\/\/yoast.com\/wordpress\/plugins\/seo\/ -->\n<title>\u00bfQui\u00e9n te observa en las redes sociales? - Universo Fam\u00edlia<\/title>\n<meta name=\"description\" content=\"\u00bfQui\u00e9n te observa en las redes sociales?. Descubre qui\u00e9n sigue cada paso de tu perfil en redes sociales....\" \/>\n<meta name=\"robots\" content=\"index, follow, max-snippet:-1, max-image-preview:large, max-video-preview:-1\" \/>\n<link rel=\"canonical\" href=\"https:\/\/universofamilia.com\/hu\/quien-te-observa-en-las-redes-sociales\/\" \/>\n<meta property=\"og:locale\" content=\"hu_HU\" \/>\n<meta property=\"og:type\" content=\"article\" \/>\n<meta property=\"og:title\" content=\"\u00bfQui\u00e9n te observa en las redes sociales? - Universo Fam\u00edlia\" \/>\n<meta property=\"og:description\" content=\"\u00bfQui\u00e9n te observa en las redes sociales?. Descubre qui\u00e9n sigue cada paso de tu perfil en redes sociales....\" \/>\n<meta property=\"og:url\" content=\"https:\/\/universofamilia.com\/hu\/quien-te-observa-en-las-redes-sociales\/\" \/>\n<meta property=\"og:site_name\" content=\"Universo Fam\u00edlia\" \/>\n<meta property=\"article:published_time\" content=\"2024-11-14T17:50:32+00:00\" \/>\n<meta property=\"og:image\" content=\"https:\/\/universofamilia.com\/wp-content\/uploads\/sites\/148\/2024\/11\/DESTAQUE-UNIVERSO-550-x-350-6-3.jpg\" \/>\n\t<meta property=\"og:image:width\" content=\"550\" \/>\n\t<meta property=\"og:image:height\" content=\"350\" \/>\n\t<meta property=\"og:image:type\" content=\"image\/jpeg\" \/>\n<meta name=\"twitter:card\" content=\"summary_large_image\" \/>\n<meta name=\"twitter:label1\" content=\"Est. reading time\" \/>\n\t<meta name=\"twitter:data1\" content=\"1 perc\" \/>\n<script type=\"application\/ld+json\" class=\"yoast-schema-graph\">{\"@context\":\"https:\/\/schema.org\",\"@graph\":[{\"@type\":\"WebPage\",\"@id\":\"https:\/\/universofamilia.com\/el\/quien-te-observa-en-las-redes-sociales\/\",\"url\":\"https:\/\/universofamilia.com\/el\/quien-te-observa-en-las-redes-sociales\/\",\"name\":\"\u00bfQui\u00e9n te observa en las redes sociales? - Universo Fam\u00edlia\",\"isPartOf\":{\"@id\":\"https:\/\/universofamilia.com\/el\/#website\"},\"primaryImageOfPage\":{\"@id\":\"https:\/\/universofamilia.com\/el\/quien-te-observa-en-las-redes-sociales\/#primaryimage\"},\"image\":{\"@id\":\"https:\/\/universofamilia.com\/el\/quien-te-observa-en-las-redes-sociales\/#primaryimage\"},\"thumbnailUrl\":\"https:\/\/universofamilia.com\/wp-content\/uploads\/sites\/148\/2024\/11\/DESTAQUE-UNIVERSO-550-x-350-6-3.jpg\",\"datePublished\":\"2024-11-14T17:50:32+00:00\",\"dateModified\":\"2024-11-14T17:50:32+00:00\",\"author\":{\"@id\":\"\"},\"description\":\"\u00bfQui\u00e9n te observa en las redes sociales?. Descubre qui\u00e9n sigue cada paso de tu perfil en redes sociales....\",\"breadcrumb\":{\"@id\":\"https:\/\/universofamilia.com\/el\/quien-te-observa-en-las-redes-sociales\/#breadcrumb\"},\"inLanguage\":\"hu\",\"potentialAction\":[{\"@type\":\"ReadAction\",\"target\":[\"https:\/\/universofamilia.com\/el\/quien-te-observa-en-las-redes-sociales\/\"]}]},{\"@type\":\"ImageObject\",\"inLanguage\":\"hu\",\"@id\":\"https:\/\/universofamilia.com\/el\/quien-te-observa-en-las-redes-sociales\/#primaryimage\",\"url\":\"https:\/\/universofamilia.com\/wp-content\/uploads\/sites\/148\/2024\/11\/DESTAQUE-UNIVERSO-550-x-350-6-3.jpg\",\"contentUrl\":\"https:\/\/universofamilia.com\/wp-content\/uploads\/sites\/148\/2024\/11\/DESTAQUE-UNIVERSO-550-x-350-6-3.jpg\",\"width\":550,\"height\":350,\"caption\":\"\u00bfQui\u00e9n te observa en las redes sociales?\"},{\"@type\":\"BreadcrumbList\",\"@id\":\"https:\/\/universofamilia.com\/el\/quien-te-observa-en-las-redes-sociales\/#breadcrumb\",\"itemListElement\":[{\"@type\":\"ListItem\",\"position\":1,\"name\":\"Home\",\"item\":\"https:\/\/universofamilia.com\/el\/\"},{\"@type\":\"ListItem\",\"position\":2,\"name\":\"\u00bfQui\u00e9n te observa en las redes sociales?\"}]},{\"@type\":\"WebSite\",\"@id\":\"https:\/\/universofamilia.com\/el\/#website\",\"url\":\"https:\/\/universofamilia.com\/el\/\",\"name\":\"Universo Fam\u00edlia\",\"description\":\"\",\"potentialAction\":[{\"@type\":\"SearchAction\",\"target\":{\"@type\":\"EntryPoint\",\"urlTemplate\":\"https:\/\/universofamilia.com\/el\/?s={search_term_string}\"},\"query-input\":\"required name=search_term_string\"}],\"inLanguage\":\"hu\"}]}<\/script>\n<!-- \/ Yoast SEO plugin. -->","yoast_head_json":{"title":"\u00bfQui\u00e9n te observa en las redes sociales? - Universo Fam\u00edlia","description":"\u00bfQui\u00e9n te observa en las redes sociales?. Descubre qui\u00e9n sigue cada paso de tu perfil en redes sociales....","robots":{"index":"index","follow":"follow","max-snippet":"max-snippet:-1","max-image-preview":"max-image-preview:large","max-video-preview":"max-video-preview:-1"},"canonical":"https:\/\/universofamilia.com\/hu\/quien-te-observa-en-las-redes-sociales\/","og_locale":"hu_HU","og_type":"article","og_title":"\u00bfQui\u00e9n te observa en las redes sociales? - Universo Fam\u00edlia","og_description":"\u00bfQui\u00e9n te observa en las redes sociales?. Descubre qui\u00e9n sigue cada paso de tu perfil en redes sociales....","og_url":"https:\/\/universofamilia.com\/hu\/quien-te-observa-en-las-redes-sociales\/","og_site_name":"Universo Fam\u00edlia","article_published_time":"2024-11-14T17:50:32+00:00","og_image":[{"width":550,"height":350,"url":"https:\/\/universofamilia.com\/wp-content\/uploads\/sites\/148\/2024\/11\/DESTAQUE-UNIVERSO-550-x-350-6-3.jpg","type":"image\/jpeg"}],"twitter_card":"summary_large_image","twitter_misc":{"Est. reading time":"1 perc"},"schema":{"@context":"https:\/\/schema.org","@graph":[{"@type":"WebPage","@id":"https:\/\/universofamilia.com\/el\/quien-te-observa-en-las-redes-sociales\/","url":"https:\/\/universofamilia.com\/el\/quien-te-observa-en-las-redes-sociales\/","name":"\u00bfQui\u00e9n te observa en las redes sociales? - Universo Fam\u00edlia","isPartOf":{"@id":"https:\/\/universofamilia.com\/el\/#website"},"primaryImageOfPage":{"@id":"https:\/\/universofamilia.com\/el\/quien-te-observa-en-las-redes-sociales\/#primaryimage"},"image":{"@id":"https:\/\/universofamilia.com\/el\/quien-te-observa-en-las-redes-sociales\/#primaryimage"},"thumbnailUrl":"https:\/\/universofamilia.com\/wp-content\/uploads\/sites\/148\/2024\/11\/DESTAQUE-UNIVERSO-550-x-350-6-3.jpg","datePublished":"2024-11-14T17:50:32+00:00","dateModified":"2024-11-14T17:50:32+00:00","author":{"@id":""},"description":"\u00bfQui\u00e9n te observa en las redes sociales?. Descubre qui\u00e9n sigue cada paso de tu perfil en redes sociales....","breadcrumb":{"@id":"https:\/\/universofamilia.com\/el\/quien-te-observa-en-las-redes-sociales\/#breadcrumb"},"inLanguage":"hu","potentialAction":[{"@type":"ReadAction","target":["https:\/\/universofamilia.com\/el\/quien-te-observa-en-las-redes-sociales\/"]}]},{"@type":"ImageObject","inLanguage":"hu","@id":"https:\/\/universofamilia.com\/el\/quien-te-observa-en-las-redes-sociales\/#primaryimage","url":"https:\/\/universofamilia.com\/wp-content\/uploads\/sites\/148\/2024\/11\/DESTAQUE-UNIVERSO-550-x-350-6-3.jpg","contentUrl":"https:\/\/universofamilia.com\/wp-content\/uploads\/sites\/148\/2024\/11\/DESTAQUE-UNIVERSO-550-x-350-6-3.jpg","width":550,"height":350,"caption":"\u00bfQui\u00e9n te observa en las redes sociales?"},{"@type":"BreadcrumbList","@id":"https:\/\/universofamilia.com\/el\/quien-te-observa-en-las-redes-sociales\/#breadcrumb","itemListElement":[{"@type":"ListItem","position":1,"name":"Home","item":"https:\/\/universofamilia.com\/el\/"},{"@type":"ListItem","position":2,"name":"\u00bfQui\u00e9n te observa en las redes sociales?"}]},{"@type":"WebSite","@id":"https:\/\/universofamilia.com\/el\/#website","url":"https:\/\/universofamilia.com\/el\/","name":"Universo Fam\u00edlia","description":"","potentialAction":[{"@type":"SearchAction","target":{"@type":"EntryPoint","urlTemplate":"https:\/\/universofamilia.com\/el\/?s={search_term_string}"},"query-input":"required name=search_term_string"}],"inLanguage":"hu"}]}},"_links":{"self":[{"href":"https:\/\/universofamilia.com\/hu\/wp-json\/wp\/v2\/posts\/7428"}],"collection":[{"href":"https:\/\/universofamilia.com\/hu\/wp-json\/wp\/v2\/posts"}],"about":[{"href":"https:\/\/universofamilia.com\/hu\/wp-json\/wp\/v2\/types\/post"}],"replies":[{"embeddable":true,"href":"https:\/\/universofamilia.com\/hu\/wp-json\/wp\/v2\/comments?post=7428"}],"version-history":[{"count":0,"href":"https:\/\/universofamilia.com\/hu\/wp-json\/wp\/v2\/posts\/7428\/revisions"}],"wp:featuredmedia":[{"embeddable":true,"href":"https:\/\/universofamilia.com\/hu\/wp-json\/wp\/v2\/media\/7429"}],"wp:attachment":[{"href":"https:\/\/universofamilia.com\/hu\/wp-json\/wp\/v2\/media?parent=7428"}],"wp:term":[{"taxonomy":"category","embeddable":true,"href":"https:\/\/universofamilia.com\/hu\/wp-json\/wp\/v2\/categories?post=7428"},{"taxonomy":"post_tag","embeddable":true,"href":"https:\/\/universofamilia.com\/hu\/wp-json\/wp\/v2\/tags?post=7428"}],"curies":[{"name":"wp","href":"https:\/\/api.w.org\/{rel}","templated":true}]}}