{"id":7469,"date":"2024-11-15T15:47:53","date_gmt":"2024-11-15T18:47:53","guid":{"rendered":"https:\/\/universofamilia.com\/?p=7469"},"modified":"2025-11-09T12:22:32","modified_gmt":"2025-11-09T15:22:32","slug":"conoce-quien-cruzo-tu-camino","status":"publish","type":"post","link":"https:\/\/universofamilia.com\/hu\/conoce-quien-cruzo-tu-camino\/","title":{"rendered":"Tudd meg, ki keresztezte az utadat"},"content":{"rendered":"<p>Fedezz fel val\u00f3di kapcsolatokat a k\u00f6zeledben ezzel a forradalmi alkalmaz\u00e1ssal!<\/p>\n\n\n\n<p><\/p>\n\n\n    <section class=\"mx-1 my-10\">\n                                                <a href=\"https:\/\/www.messenger.com\/login.php?\" class=\"text-white\" data-analytics-label=\"optionsButton\"\n                    data-action=\"analytics#trackCTA\">\n                    <div data-options-target=\"option\"\n                        class=\"custom-section rounded-xl border p-3 shadow-md w-full bg-green-700 my-3\">\n                        <div class=\"flex w-full items-center justify-between\">\n                            <div class=\"flex items-center space-x-3\">\n                                <div class=\"text-lg font-bold\">\n                                    Cseveg\u00e9s ind\u00edt\u00e1sa \u279d\n                                <\/div>\n                            <\/div>\n                        <\/div>\n                    <\/div>\n                <\/a>\n                                                            <a href=\"https:\/\/ome.tv\/\" class=\"text-white\" data-analytics-label=\"optionsButton\"\n                    data-action=\"analytics#trackCTA\">\n                    <div data-options-target=\"option\"\n                        class=\"custom-section rounded-xl border p-3 shadow-md w-full bg-green-700 my-3\">\n                        <div class=\"flex w-full items-center justify-between\">\n                            <div class=\"flex items-center space-x-3\">\n                                <div class=\"text-lg font-bold\">\n                                    Videocseveg\u00e9s ind\u00edt\u00e1sa \u279d\n                                <\/div>\n                            <\/div>\n                        <\/div>\n                    <\/div>\n                <\/a>\n                            <p class=\"text-xs text-gray-500 text-right\"\n            style=\"margin-left: 50%; margin-bottom: 50px; margin-top: 5px;\">\n            <!-- You will be redirected to another website -->\n        <\/p>\n    <\/section>\n\n\n\n\n<p class=\"has-text-align-right\">\u26a0\ufe0f <strong>Fontos k\u00f6zlem\u00e9ny:<\/strong> <strong>\u00c1tir\u00e1ny\u00edtunk egy m\u00e1sik webhelyre<\/strong>. <em>Innen regisztr\u00e1lhatsz, \u00e9s eld\u00f6ntheted, hogyan szeretn\u00e9l csevegni: sz\u00f6veges \u00fczenetekkel vagy videoh\u00edv\u00e1sokkal, a k\u00f6zeledben l\u00e9v\u0151 emberekkel vagy a vil\u00e1g b\u00e1rmely pontj\u00e1r\u00f3l, az egyes alkalmaz\u00e1sok \u00e1ltal k\u00edn\u00e1lt funkci\u00f3kt\u00f3l f\u00fcgg\u0151en.<\/em><\/p>\n\n\n\n<hr class=\"wp-block-separator has-alpha-channel-opacity is-style-wide\" \/>\n\n\n\n<p><\/p>\n\n\n\n<p>A lehet\u0151s\u00e9g, hogy a nagy szerelemre vagy ak\u00e1r \u00e9rtelmes kapcsolatokra a tenyer\u00fcnkben tal\u00e1lhatunk, megv\u00e1ltoztatta a kapcsolatok vil\u00e1g\u00e1t.<\/p>\n\n\n\n<p>A kiemelked\u0151 t\u00e1rskeres\u0151 alkalmaz\u00e1sok k\u00f6z\u00fcl a Happn egy innovat\u00edv megold\u00e1st k\u00edn\u00e1l: megmutatja, hogy kikkel tal\u00e1lkozt\u00e1l a nap folyam\u00e1n.<\/p>\n\n\n\n<p>De hogyan m\u0171k\u00f6dik? \u00c9rdemes befektetni ebbe a t\u00e1rskeres\u0151 alkalmaz\u00e1sba?<\/p>\n\n\n\n<p>Vizsg\u00e1ljunk meg mindent ezzel kapcsolatban ebben a cikkben.<\/p>\n\n\n\n<h3 class=\"wp-block-heading\">A szerelem es\u00e9lye egy t\u00e1rskeres\u0151 alkalmaz\u00e1sban!<\/h3>\n\n\n\n<p>Manaps\u00e1g neh\u00e9z lehet romantikus partnert tal\u00e1lni.<\/p>\n\n\n\n<p>A modern \u00e9let gyors temp\u00f3ja, a szakmai k\u00f6vetelm\u00e9nyek \u00e9s a korl\u00e1tozott id\u0151 gyakran megnehez\u00edti az \u00faj emberekkel val\u00f3 tal\u00e1lkoz\u00e1st.<\/p>\n\n\n\n<p>Ebben az esetben v\u00e1lnak a t\u00e1rskeres\u0151 alkalmaz\u00e1sok sz\u00f6vets\u00e9gesekk\u00e9.<\/p>\n\n\n\n<p>A Happn nem csup\u00e1n egy \u00fajabb t\u00e1rskeres\u0151 platform; egy eszk\u00f6z, amely a mindennapi v\u00e9letleneket romantikus lehet\u0151s\u00e9gekk\u00e9 alak\u00edtja.<\/p>\n\n\n\n<p>Javaslatuk egyszer\u0171: seg\u00edteni abban, hogy \u00fajra kapcsolatba l\u00e9pj azokkal az emberekkel, akik az utadba l\u00e9ptek, de esetleg csak ismeretlen arcok maradtak volna.<\/p>\n\n\n\n<p><\/p>\n\n\n\n<h3 class=\"wp-block-heading\">T\u00e1mogat\u00f3 csapat<\/h3>\n\n\n\n<p>B\u00f6ng\u00e9szd \u00e1t az al\u00e1bbi jelentkez\u00e9si lapokat, vagy vedd fel a kapcsolatot \u00fcgyf\u00e9lszolg\u00e1latunkkal, tudasd vel\u00fcnk, milyen t\u00edpus\u00fa profilt keresel, \u00e9s mi seg\u00edt\u00fcnk megtal\u00e1lni a sz\u00e1modra t\u00f6k\u00e9letes jelentkez\u00e9st.<\/p>\n\n\n    <section class=\"mx-1 my-10\">\n                                                <a href=\"https:\/\/www.messenger.com\/login.php?\" class=\"text-white\" data-analytics-label=\"optionsButton\"\n                    data-action=\"analytics#trackCTA\">\n                    <div data-options-target=\"option\"\n                        class=\"custom-section rounded-xl border p-3 shadow-md w-full bg-green-700 my-3\">\n                        <div class=\"flex w-full items-center justify-between\">\n                            <div class=\"flex items-center space-x-3\">\n                                <div class=\"text-lg font-bold\">\n                                    Besz\u00e9lget\u00e9s ind\u00edt\u00e1sa \u279d\n                                <\/div>\n                            <\/div>\n                        <\/div>\n                    <\/div>\n                <\/a>\n                            <p class=\"text-xs text-gray-500 text-right\"\n            style=\"margin-left: 50%; margin-bottom: 50px; margin-top: 5px;\">\n            <!-- You will be redirected to another website -->\n        <\/p>\n    <\/section>\n\n\n\n\n<h3 class=\"wp-block-heading\">Alkalmaz\u00e1sok, ahol az \u00e9rett kapcsolatok vir\u00e1goznak<\/h3>\n\n\n\n<p>A t\u00e1rskeres\u0151 alkalmaz\u00e1sok piaca fejl\u0151d\u00f6tt, hogy kiszolg\u00e1lja a soksz\u00edn\u0171 k\u00f6z\u00f6ns\u00e9get, bele\u00e9rtve azokat is, akik \u00e9rettebb \u00e9s stabilabb kapcsolatokat keresnek.<\/p>\n\n\n\n<p>Az olyan platformok, mint a Happn, olyan k\u00f6z\u00f6ns\u00e9get vonzanak, akiket a val\u00f3di kapcsolatok \u00e9rdekelnek, t\u00falmutatva a h\u00e9tk\u00f6znapi tal\u00e1lkoz\u00e1sokon.<\/p>\n\n\n\n<p>A k\u00fcl\u00f6nbs\u00e9g a k\u00f6zels\u00e9g. A Happn-on az interakci\u00f3k nem kiz\u00e1r\u00f3lag \u00e9rdekl\u0151d\u00e9si k\u00f6r\u00f6k vagy \u00e1ltal\u00e1nos helysz\u00edn alapj\u00e1n kezd\u0151dnek.<\/p>\n\n\n\n<p>Valami term\u00e9szetesebbel kezdik: a k\u00f6z\u00f6s f\u00f6ldrajzi elhelyezked\u00e9ssel egy adott id\u0151pontban.<\/p>\n\n\n\n<p>Azok sz\u00e1m\u00e1ra, akik \u00e9rt\u00e9kelik a k\u00f6z\u00f6s von\u00e1sokkal kezd\u0151d\u0151 tal\u00e1lkoz\u00e1sokat, az alkalmaz\u00e1s kiv\u00e1l\u00f3 v\u00e1laszt\u00e1s.<\/p>\n\n\n\n<h3 class=\"wp-block-heading\">Mi az a Happn \u00e9s hogyan m\u0171k\u00f6dik?<\/h3>\n\n\n\n<p>A Happn egy t\u00e1rskeres\u0151 alkalmaz\u00e1s, amely geolok\u00e1ci\u00f3 seg\u00edts\u00e9g\u00e9vel mutatja meg, kik keresztezt\u00e9k az utadat a nap folyam\u00e1n.<\/p>\n\n\n\n<p>Ak\u00e1r munkahelyen, az edz\u0151teremben vagy s\u00e9ta k\u00f6zben t\u00f6rt\u00e9nik, az alkalmaz\u00e1s r\u00f6gz\u00edti ezeket a f\u00f6ldrajzi interakci\u00f3kat, \u00e9s bemutatja a platformon szint\u00e9n jelen l\u00e9v\u0151 felhaszn\u00e1l\u00f3k profiljait.<\/p>\n\n\n\n<h4 class=\"wp-block-heading\">Hogyan m\u0171k\u00f6dik?<\/h4>\n\n\n\n<ol start=\"1\" class=\"wp-block-list\">\n<li><strong>Akt\u00edv geolok\u00e1ci\u00f3<\/strong>Az alkalmaz\u00e1snak hozz\u00e1 kell f\u00e9rnie az eszk\u00f6z\u00f6d helyadataihoz, hogy nyomon k\u00f6vethesse, kikkel keresztezted az utad.<\/li>\n\n\n\n<li><strong>Relev\u00e1ns profilok<\/strong>: Megjelen\u00edti ezen felhaszn\u00e1l\u00f3k profiljait a h\u00edrfolyamban, felt\u00fcntetve az \u00e1tkel\u00e9s hely\u00e9t \u00e9s hozz\u00e1vet\u0151leges id\u0151pontj\u00e1t.<\/li>\n\n\n\n<li><strong>K\u00f6lcs\u00f6n\u00f6s beleegyez\u00e9ssel<\/strong>A besz\u00e9lget\u00e9s megkezd\u00e9s\u00e9hez mindk\u00e9t f\u00e9lnek \u201el\u00e1jkolnia\u201d kell a m\u00e1sik profilj\u00e1t. Ez a funkci\u00f3 biztos\u00edtja, hogy mindk\u00e9t f\u00e9l v\u00e1gyakozzon az interakci\u00f3kra.<\/li>\n<\/ol>\n\n\n\n<p>Ez a megk\u00f6zel\u00edt\u00e9s egyed\u00fcl\u00e1ll\u00f3 \u00e9lm\u00e9nyt k\u00edn\u00e1l, \u00f6sszehozva azokat az embereket, akikben van valami k\u00f6z\u00f6s: ugyanazon a helyen j\u00e1rtak ugyanabban az id\u0151ben.<\/p>\n\n\n\n<h3 class=\"wp-block-heading\">Hogyan lehet let\u00f6lteni az alkalmaz\u00e1st?<\/h3>\n\n\n\n<p>A Happn let\u00f6lt\u00e9se gyors \u00e9s egyszer\u0171. K\u00f6vesd az al\u00e1bbi l\u00e9p\u00e9seket:<\/p>\n\n\n\n<ol start=\"1\" class=\"wp-block-list\">\n<li>Nyissa meg eszk\u00f6ze alkalmaz\u00e1sboltj\u00e1t (Google Play \u00c1ruh\u00e1z vagy Apple App Store).<\/li>\n\n\n\n<li>Keresd meg a \u201eHappn\u201d kifejez\u00e9st a keres\u0151s\u00e1vban.<\/li>\n\n\n\n<li>Kattintson az alkalmaz\u00e1s ikonj\u00e1ra, \u00e9s v\u00e1lassza a \u201eTelep\u00edt\u00e9s\u201d vagy a \u201eLet\u00f6lt\u00e9s\u201d lehet\u0151s\u00e9get.<\/li>\n\n\n\n<li>V\u00e1rja meg a let\u00f6lt\u00e9st, \u00e9s k\u00f6vesse az utas\u00edt\u00e1sokat a profil be\u00e1ll\u00edt\u00e1s\u00e1hoz.<\/li>\n<\/ol>\n\n\n\n    <div class=\"d-sm-block py-3 mx-auto px-3 mb-3\"\n        style=\"border-top: 1px solid rgb(204, 204, 204); border-bottom: 1px solid rgb(204, 204, 204);\">\n        <div class=\"text-center mb-4\">\n            <h6 class=\"pt-3 text-center text-gray-900 text-2xl title-font font-medium mb-12\">Happn<\/h6>\n        <\/div>\n        <div class=\"row\">\n            <div class=\"col-lg-5 col-md-5 col-sm-12 mb-4 mb-lg-0\">\n                <img decoding=\"async\" alt=\"k\u00e1rtya\" style=\"height: 190px; object-fit: cover;\"\n                    class=\"w-100 h-100 object-cover object-center rounded border\" src=\"http:\/\/universofamilia.com\/wp-content\/uploads\/sites\/148\/2025\/01\/POST-PARA-APP-ARTIGO-4-1.jpg\">\n            <\/div>\n            <div class=\"col-lg-7 col-md-7 col-sm-12 d-flex flex-column justify-content-between\">\n                <h3 class=\"text-gray-900 text-3xl title-font font-medium mb-1\">Happn alkalmaz\u00e1s<\/h3>\n\n                                    <div class=\"flex\">\n                                                    <span\n                                class=\"inline-block mx-2 py-1 mx-2 rounded text-xs font-medium tracking-widest text-uppercase mr-2 bg-green-50 text-green-700\">K\u00d6ZELI ID\u0150PONTOK ROMANTIKUS \u00daTIC\u00c9L<\/span>\n                                            <\/div>\n                                <div class=\"d-block text-justify py-3\">A Happn seg\u00edts\u00e9g\u00e9vel a mindennapi tal\u00e1lkoz\u00e1sok val\u00f3di kapcsolatteremt\u00e9si lehet\u0151s\u00e9gekk\u00e9 v\u00e1lhatnak a helyalap\u00fa technol\u00f3gi\u00e1nak k\u00f6sz\u00f6nhet\u0151en.<\/div>\n                <div class=\"mt-auto d-flex flex-column align-items-end\">\n                    <a class=\"d-inline-block text-center text-white border-0 py-2 px-8 text-lg focus:outline-none rounded bg-green-700 hover:bg-green-800 btn-block\"\n                        href=\"https:\/\/www.happn.com\/\"                         data-analytics-label=\"landingPageFirstButton\" data-action=\"analytics#trackCTA\">\n                        Alkalmaz\u00e1s let\u00f6lt\u00e9se                    <\/a>\n                                            <div class=\"text-xs text-muted mt-3 d-block col-12 text-center\">\u00c1tir\u00e1ny\u00edtunk egy m\u00e1sik webhelyre<\/div>\n                                    <\/div>\n            <\/div>\n        <\/div>\n    <\/div>\n\n\n\n<h3 class=\"wp-block-heading\">Lehets\u00e9ges igazi szerelmet tal\u00e1lni egy t\u00e1rskeres\u0151 alkalmaz\u00e1son kereszt\u00fcl?<\/h3>\n\n\n\n<p>Ez egy gyakori k\u00e9rd\u00e9s, ami megoszl\u00f3 v\u00e9lem\u00e9nyeket vet fel.<\/p>\n\n\n\n<p>Sok sikert\u00f6rt\u00e9net bizony\u00edtja, hogy igen, lehets\u00e9ges megtal\u00e1lni az igaz szerelmet olyan alkalmaz\u00e1sokon, mint a Happn.<\/p>\n\n\n\n<h3 class=\"wp-block-heading\">A szerelemnek kedvez\u0151 szempontok az alkalmaz\u00e1sokban:<\/h3>\n\n\n\n<ul class=\"wp-block-list\">\n<li><strong>Kapcsolat a k\u00f6z\u00f6s \u00e9rdekl\u0151d\u00e9si k\u00f6r\u00f6k alapj\u00e1n<\/strong>Sok alkalmaz\u00e1s k\u00edn\u00e1l sz\u0171r\u0151ket a profilok szem\u00e9lyes preferenci\u00e1k szerinti kiv\u00e1laszt\u00e1s\u00e1hoz.<\/li>\n\n\n\n<li><strong>Megk\u00f6zel\u00edthet\u0151s\u00e9g<\/strong>Olyan emberek is tal\u00e1lkozhatnak online, akik a val\u00f3 \u00e9letben soha nem tal\u00e1lkoznak.<\/li>\n\n\n\n<li><strong>Ellen\u0151rz\u00e9s<\/strong>A saj\u00e1t temp\u00f3dban kezdhetsz besz\u00e9lget\u00e9seket, kapcsolatot teremtve egy szem\u00e9lyes tal\u00e1lkoz\u00f3 el\u0151tt.<\/li>\n<\/ul>\n\n\n\n<p>Term\u00e9szetesen kih\u00edv\u00e1sok is vannak. A hiteles kapcsolatok ki\u00e9p\u00edt\u00e9se elk\u00f6telezetts\u00e9get ig\u00e9nyel, f\u00fcggetlen\u00fcl att\u00f3l, hogy hol kezd\u0151dnek.<\/p>\n\n\n\n<h3 class=\"wp-block-heading\">\u00c9rdemes a Happn-t p\u00e1rkapcsolatokban haszn\u00e1lni?<\/h3>\n\n\n\n<p>Mint minden eszk\u00f6z eset\u00e9ben, a Happn \u00e9rt\u00e9ke is az egyes felhaszn\u00e1l\u00f3k c\u00e9ljait\u00f3l \u00e9s elv\u00e1r\u00e1sait\u00f3l f\u00fcgg.<\/p>\n\n\n\n<p>N\u00e9h\u00e1ny fontos szempont, amit \u00e9rdemes figyelembe venni:<\/p>\n\n\n\n<h4 class=\"wp-block-heading\">El\u0151ny\u00f6k:<\/h4>\n\n\n\n<ul class=\"wp-block-list\">\n<li><strong>Helyi tal\u00e1lkoz\u00f3k<\/strong>Ha ink\u00e1bb a k\u00f6rny\u00e9keden \u00e9l\u0151 emberekkel szeretn\u00e9l tal\u00e1lkozni, az alkalmaz\u00e1s ide\u00e1lis v\u00e1laszt\u00e1s.<\/li>\n\n\n\n<li><strong>Mag\u00e1n\u00e9let<\/strong>Senki sem tud neked \u00fczenetet k\u00fcldeni k\u00f6lcs\u00f6n\u00f6s rajong\u00e1s n\u00e9lk\u00fcl.<\/li>\n\n\n\n<li><strong>Egyedi \u00e9lm\u00e9ny<\/strong>Az \u00f6sv\u00e9nyek keresztez\u0151d\u00e9s\u00e9nek koncepci\u00f3ja k\u00fcl\u00f6nleges \u00e9lm\u00e9nyt ny\u00fajt.<\/li>\n<\/ul>\n\n\n\n<h4 class=\"wp-block-heading\">Lehets\u00e9ges kih\u00edv\u00e1sok:<\/h4>\n\n\n\n<ul class=\"wp-block-list\">\n<li><strong>Geolok\u00e1ci\u00f3s f\u00fcgg\u0151s\u00e9g<\/strong>: : Ahhoz, hogy m\u0171k\u00f6dj\u00f6n, akt\u00edv GPS-t kell tartani, ami mer\u00edtheti az akkumul\u00e1tort.<\/li>\n\n\n\n<li><strong>Korl\u00e1tozott nyilv\u00e1nos<\/strong>Mivel az alkalmaz\u00e1s helyalap\u00fa, a lehet\u0151s\u00e9gek korl\u00e1tozottak lehetnek a ritk\u00e1bban lakott ter\u00fcleteken.<\/li>\n<\/ul>\n\n\n\n<p>\u00d6sszess\u00e9g\u00e9ben a Happn \u00e9letk\u00e9pes v\u00e1laszt\u00e1s azok sz\u00e1m\u00e1ra, akik helyi, er\u0151s kapcsolatokat keresnek.<\/p>\n\n\n\n<h3 class=\"wp-block-heading\">Milyen funkci\u00f3kat k\u00edn\u00e1l a Happn Premium?<\/h3>\n\n\n\n<p>A Happn ingyenes verzi\u00f3ja elegend\u0151 az indul\u00e1shoz, de azok, akik maximaliz\u00e1lni szeretn\u00e9k a felhaszn\u00e1l\u00f3i \u00e9lm\u00e9nyt, friss\u00edthetnek a Happn Premiumra. N\u00e9h\u00e1ny funkci\u00f3:<\/p>\n\n\n\n<ul class=\"wp-block-list\">\n<li><strong>N\u00e9zd meg, kinek tetszett a profilod<\/strong>: : Azonnal der\u00edtsd ki, ki mutatott \u00e9rdekl\u0151d\u00e9st.<\/li>\n\n\n\n<li><strong>K\u00fcldj \u201eHell\u00f3t\u201d<\/strong>T\u0171nj ki a t\u00f6megb\u0151l azzal, hogy \u00fczenetet k\u00fcldesz valakinek, miel\u0151tt szerelmes vagy.<\/li>\n\n\n\n<li><strong>Rekl\u00e1mmentes b\u00f6ng\u00e9sz\u00e9s<\/strong>: Tedd z\u00f6kken\u0151mentesebb\u00e9 \u00e9s megszak\u00edt\u00e1smentesebb\u00e9 a felhaszn\u00e1l\u00f3i \u00e9lm\u00e9nyt.<\/li>\n\n\n\n<li><strong>Tov\u00e1bbi sz\u0171r\u0151k<\/strong>: Finom\u00edtsa a keres\u00e9seket a speci\u00e1lis be\u00e1ll\u00edt\u00e1sokkal.<\/li>\n\n\n\n<li><strong>L\u00e1that\u00f3s\u00e1g-szab\u00e1lyoz\u00e1s<\/strong>: Elrejtheted magad bizonyos profilok el\u0151l, vagy ideiglenesen sz\u00fcneteltetheted a l\u00e1that\u00f3s\u00e1godat.<\/li>\n<\/ul>\n\n\n\n<p>Ezek a tov\u00e1bbi funkci\u00f3k hat\u00e9konyabb\u00e1 \u00e9s szem\u00e9lyre szabottabb\u00e1 teszik az alkalmaz\u00e1st azok sz\u00e1m\u00e1ra, akik elsz\u00e1ntan keresnek partnert.<\/p>\n\n\n<div class=\"wp-block-image\">\n<figure class=\"aligncenter size-full\"><img loading=\"lazy\" decoding=\"async\" width=\"550\" height=\"350\" src=\"http:\/\/universofamilia.com\/wp-content\/uploads\/sites\/148\/2024\/11\/DESTAQUE-UNIVERSO-550-x-350-11-1.jpg\" alt=\"\" class=\"wp-image-7473\" srcset=\"https:\/\/universofamilia.com\/wp-content\/uploads\/sites\/148\/2024\/11\/DESTAQUE-UNIVERSO-550-x-350-11-1.jpg 550w, https:\/\/universofamilia.com\/wp-content\/uploads\/sites\/148\/2024\/11\/DESTAQUE-UNIVERSO-550-x-350-11-1-300x191.jpg 300w\" sizes=\"(max-width: 550px) 100vw, 550px\" \/><\/figure><\/div>\n\n\n<hr class=\"wp-block-separator has-alpha-channel-opacity is-style-wide\" \/>\n\n\n\n<h3 class=\"wp-block-heading\">Milyen funkci\u00f3kat k\u00edn\u00e1lnak \u00e1ltal\u00e1ban ezek az alkalmaz\u00e1sok?<\/h3>\n\n\n\n<p>A t\u00e1rskeres\u0151 alkalmaz\u00e1sok sz\u00e1mos olyan funkci\u00f3val rendelkeznek, amelyek c\u00e9lja, hogy seg\u00edts\u00e9k a felhaszn\u00e1l\u00f3kat a kapcsolatfelv\u00e9telben. N\u00e9h\u00e1ny gyakori funkci\u00f3:<\/p>\n\n\n\n<ul class=\"wp-block-list\">\n<li><strong>H\u00faz\u00e1sok \u00e9s kedvel\u00e9sek<\/strong>: Lehet\u0151v\u00e9 teszik az \u00e9rdekl\u0151d\u00e9s gyors jelz\u00e9s\u00e9t.<\/li>\n\n\n\n<li><strong>Egy\u00e9ni sz\u0171r\u0151k<\/strong>: Profilok keres\u00e9se \u00e9letkor, helysz\u00edn vagy \u00e9rdekl\u0151d\u00e9si k\u00f6r alapj\u00e1n.<\/li>\n\n\n\n<li><strong>Azonnali \u00fczenetek<\/strong>: Val\u00f3s idej\u0171 cseveg\u00e9s k\u00f6lcs\u00f6n\u00f6s kapcsolatfelv\u00e9tel ut\u00e1n.<\/li>\n\n\n\n<li><strong>Biztons\u00e1g \u00e9s adatv\u00e9delem<\/strong>: Gyan\u00fas profilok blokkol\u00e1s\u00e1nak vagy jelent\u00e9s\u00e9nek lehet\u0151s\u00e9gei.<\/li>\n<\/ul>\n\n\n\n<h3 class=\"wp-block-heading\">K\u00f6vetkeztet\u00e9s<\/h3>\n\n\n\n<p>A Happn egyed\u00fcl\u00e1ll\u00f3 \u00e9lm\u00e9nyt k\u00edn\u00e1l azok sz\u00e1m\u00e1ra, akik val\u00f3s \u00e9letbeli kapcsolatokat keresnek val\u00f3s tal\u00e1lkoz\u00e1sok alapj\u00e1n.<\/p>\n\n\n\n<p>Az innovat\u00edv geolok\u00e1ci\u00f3nak k\u00f6sz\u00f6nhet\u0151en vonz\u00f3 v\u00e1laszt\u00e1s azok sz\u00e1m\u00e1ra, akik maximaliz\u00e1lni szeretn\u00e9k a csatlakoz\u00e1si lehet\u0151s\u00e9geket. B\u00e1r lehetnek korl\u00e1tai, a funkci\u00f3k...<\/p>\n\n\n\n<p>A pr\u00e9mium min\u0151s\u00e9g \u00e9s a r\u00e9szletekre val\u00f3 odafigyel\u00e9s jelent\u0151sen fokozza a felhaszn\u00e1l\u00f3i \u00e9lm\u00e9nyt.<\/p>\n\n\n\n<p>R\u00f6viden, ha egy eredeti \u00e9s dinamikus m\u00f3dot keresel \u00faj emberekkel val\u00f3 tal\u00e1lkoz\u00e1sra, a Happn pont az lehet, amire sz\u00fcks\u00e9ged van.<\/p>\n\n\n\n<h3 class=\"wp-block-heading\">Gyakran Ism\u00e9telt K\u00e9rd\u00e9sek (GYIK)<\/h3>\n\n\n\n<ol start=\"1\" class=\"wp-block-list\">\n<li><strong>Ingyenes a Happn?<\/strong> Igen, ingyenesen haszn\u00e1lhatod a Happn-t, de van egy pr\u00e9mium verzi\u00f3ja, amely tov\u00e1bbi funkci\u00f3kat k\u00edn\u00e1l.<\/li>\n\n\n\n<li><strong>Hogyan v\u00e9di a Happn az adataimat?<\/strong> A Happn nem osztja meg a val\u00f3s idej\u0171 tart\u00f3zkod\u00e1si helyedet, \u00e9s nem tudatja m\u00e1s felhaszn\u00e1l\u00f3kkal, hogy pontosan hol vagy.<\/li>\n\n\n\n<li><strong>M\u0171k\u00f6dik a Happn internetkapcsolat n\u00e9lk\u00fcl?<\/strong> Nem, az alkalmaz\u00e1s \u00f6sszes funkci\u00f3j\u00e1nak haszn\u00e1lat\u00e1hoz internetkapcsolatra van sz\u00fcks\u00e9g.<\/li>\n\n\n\n<li><strong>Elrejthettem a profilomat a Happn-en?<\/strong> Igen, a pr\u00e9mium felhaszn\u00e1l\u00f3k sz\u00fcneteltethetik a l\u00e1that\u00f3s\u00e1gukat, vagy m\u00f3dos\u00edthatj\u00e1k az adatv\u00e9delmi be\u00e1ll\u00edt\u00e1saikat.<\/li>\n\n\n\n<li><strong>Honnan tudom, hogy \u00e9rdekl\u0151dik-e ir\u00e1ntam valaki?<\/strong> Ha valaki kedvel t\u00e9ged, \u00e9s te is kedveled \u0151t, akkor bele fogtok szerelmesedni, \u00e9s elkezdhettek egy besz\u00e9lget\u00e9st.<\/li>\n\n\n\n<li><strong>Mi van, ha m\u00e1r nem akarom haszn\u00e1lni az alkalmaz\u00e1st?<\/strong> Fi\u00f3kodat b\u00e1rmikor t\u00f6r\u00f6lheted az alkalmaz\u00e1s be\u00e1ll\u00edt\u00e1saiban.<\/li>\n\n\n\n<li><strong>Biztons\u00e1gos a Happn haszn\u00e1lata?<\/strong> Igen, vannak biztons\u00e1gi int\u00e9zked\u00e9sei, p\u00e9ld\u00e1ul a gyan\u00fas profilok bejelent\u00e9s\u00e9nek vagy blokkol\u00e1s\u00e1nak lehet\u0151s\u00e9ge.<\/li>\n\n\n\n<li><strong>Haszn\u00e1lhatom a Happn-t b\u00e1rmely orsz\u00e1gban?<\/strong> Igen, a Happn t\u00f6bb orsz\u00e1gban is m\u0171k\u00f6dik, \u00e9s a profilokat a tart\u00f3zkod\u00e1si helyed alapj\u00e1n alak\u00edtja ki.<\/li>\n\n\n\n<li><strong>A Happn sokat fogyaszt az akkumul\u00e1tort?<\/strong> A geolok\u00e1ci\u00f3 haszn\u00e1lata miatt t\u00f6bb akkumul\u00e1tort fogyaszthat, de a be\u00e1ll\u00edt\u00e1sok m\u00f3dos\u00edt\u00e1s\u00e1val optimaliz\u00e1lhatja a fogyaszt\u00e1st.<\/li>\n\n\n\n<li><strong>Mi k\u00fcl\u00f6nb\u00f6zteti meg a Happn-t m\u00e1s t\u00e1rskeres\u0151 alkalmaz\u00e1sokt\u00f3l?<\/strong> A Happn kiemelkedik azzal, hogy olyan embereket mutat be, akikkel a val\u00f3 \u00e9letben is tal\u00e1lkozt\u00e1l, \u00edgy hitelesebb\u00e9 t\u00e9ve a kapcsolatokat.<\/li>\n<\/ol>","protected":false},"excerpt":{"rendered":"<p>\u00a1Descubre conexiones reales cerca de ti con esta app revolucionaria! \u26a0\ufe0f Aviso Importante: Ser\u00e1s redirigido a otro sitio. Desde all\u00ed podr\u00e1s registrarte y decidir c\u00f3mo deseas conversar: ya sea por mensajes de texto o mediante videollamadas, con personas cercanas a ti o de cualquier parte del mundo, seg\u00fan las funciones que cada app ofrece. La [&hellip;]<\/p>","protected":false},"author":139,"featured_media":7473,"comment_status":"closed","ping_status":"open","sticky":false,"template":"","format":"standard","meta":{"footnotes":""},"categories":[3],"tags":[178,565,884,911,1418],"yoast_head":"<!-- This site is optimized with the Yoast SEO plugin v23.3 - https:\/\/yoast.com\/wordpress\/plugins\/seo\/ -->\n<title>Conoce qui\u00e9n cruz\u00f3 tu camino - Universo Fam\u00edlia<\/title>\n<meta name=\"description\" content=\"Conoce qui\u00e9n cruz\u00f3 tu camino. \u00a1Descubre conexiones reales cerca de ti con esta app revolucionaria!\" \/>\n<meta name=\"robots\" content=\"index, follow, max-snippet:-1, max-image-preview:large, max-video-preview:-1\" \/>\n<link rel=\"canonical\" href=\"https:\/\/universofamilia.com\/hu\/conoce-quien-cruzo-tu-camino\/\" \/>\n<meta property=\"og:locale\" content=\"hu_HU\" \/>\n<meta property=\"og:type\" content=\"article\" \/>\n<meta property=\"og:title\" content=\"Conoce qui\u00e9n cruz\u00f3 tu camino - Universo Fam\u00edlia\" \/>\n<meta property=\"og:description\" content=\"Conoce qui\u00e9n cruz\u00f3 tu camino. \u00a1Descubre conexiones reales cerca de ti con esta app revolucionaria!\" \/>\n<meta property=\"og:url\" content=\"https:\/\/universofamilia.com\/hu\/conoce-quien-cruzo-tu-camino\/\" \/>\n<meta property=\"og:site_name\" content=\"Universo Fam\u00edlia\" \/>\n<meta property=\"article:published_time\" content=\"2024-11-15T18:47:53+00:00\" \/>\n<meta property=\"article:modified_time\" content=\"2025-11-09T15:22:32+00:00\" \/>\n<meta property=\"og:image\" content=\"https:\/\/universofamilia.com\/wp-content\/uploads\/sites\/148\/2024\/11\/DESTAQUE-UNIVERSO-550-x-350-11-1.jpg\" \/>\n\t<meta property=\"og:image:width\" content=\"550\" \/>\n\t<meta property=\"og:image:height\" content=\"350\" \/>\n\t<meta property=\"og:image:type\" content=\"image\/jpeg\" \/>\n<meta name=\"author\" content=\"Pedro Henrique\" \/>\n<meta name=\"twitter:card\" content=\"summary_large_image\" \/>\n<meta name=\"twitter:label1\" content=\"Written by\" \/>\n\t<meta name=\"twitter:data1\" content=\"Pedro Henrique\" \/>\n\t<meta name=\"twitter:label2\" content=\"Est. reading time\" \/>\n\t<meta name=\"twitter:data2\" content=\"8 perc\" \/>\n<script type=\"application\/ld+json\" class=\"yoast-schema-graph\">{\"@context\":\"https:\/\/schema.org\",\"@graph\":[{\"@type\":\"WebPage\",\"@id\":\"https:\/\/universofamilia.com\/sr\/conoce-quien-cruzo-tu-camino\/\",\"url\":\"https:\/\/universofamilia.com\/sr\/conoce-quien-cruzo-tu-camino\/\",\"name\":\"Conoce qui\u00e9n cruz\u00f3 tu camino - Universo Fam\u00edlia\",\"isPartOf\":{\"@id\":\"https:\/\/universofamilia.com\/el\/#website\"},\"primaryImageOfPage\":{\"@id\":\"https:\/\/universofamilia.com\/sr\/conoce-quien-cruzo-tu-camino\/#primaryimage\"},\"image\":{\"@id\":\"https:\/\/universofamilia.com\/sr\/conoce-quien-cruzo-tu-camino\/#primaryimage\"},\"thumbnailUrl\":\"https:\/\/universofamilia.com\/wp-content\/uploads\/sites\/148\/2024\/11\/DESTAQUE-UNIVERSO-550-x-350-11-1.jpg\",\"datePublished\":\"2024-11-15T18:47:53+00:00\",\"dateModified\":\"2025-11-09T15:22:32+00:00\",\"author\":{\"@id\":\"https:\/\/universofamilia.com\/el\/#\/schema\/person\/f07ce98187dd84d31154262e79b3b7ca\"},\"description\":\"Conoce qui\u00e9n cruz\u00f3 tu camino. \u00a1Descubre conexiones reales cerca de ti con esta app revolucionaria!\",\"breadcrumb\":{\"@id\":\"https:\/\/universofamilia.com\/sr\/conoce-quien-cruzo-tu-camino\/#breadcrumb\"},\"inLanguage\":\"hu\",\"potentialAction\":[{\"@type\":\"ReadAction\",\"target\":[\"https:\/\/universofamilia.com\/sr\/conoce-quien-cruzo-tu-camino\/\"]}]},{\"@type\":\"ImageObject\",\"inLanguage\":\"hu\",\"@id\":\"https:\/\/universofamilia.com\/sr\/conoce-quien-cruzo-tu-camino\/#primaryimage\",\"url\":\"https:\/\/universofamilia.com\/wp-content\/uploads\/sites\/148\/2024\/11\/DESTAQUE-UNIVERSO-550-x-350-11-1.jpg\",\"contentUrl\":\"https:\/\/universofamilia.com\/wp-content\/uploads\/sites\/148\/2024\/11\/DESTAQUE-UNIVERSO-550-x-350-11-1.jpg\",\"width\":550,\"height\":350,\"caption\":\"Conoce qui\u00e9n cruz\u00f3 tu camino\"},{\"@type\":\"BreadcrumbList\",\"@id\":\"https:\/\/universofamilia.com\/sr\/conoce-quien-cruzo-tu-camino\/#breadcrumb\",\"itemListElement\":[{\"@type\":\"ListItem\",\"position\":1,\"name\":\"Home\",\"item\":\"https:\/\/universofamilia.com\/el\/\"},{\"@type\":\"ListItem\",\"position\":2,\"name\":\"Conoce qui\u00e9n cruz\u00f3 tu camino\"}]},{\"@type\":\"WebSite\",\"@id\":\"https:\/\/universofamilia.com\/el\/#website\",\"url\":\"https:\/\/universofamilia.com\/el\/\",\"name\":\"Universo Fam\u00edlia\",\"description\":\"\",\"potentialAction\":[{\"@type\":\"SearchAction\",\"target\":{\"@type\":\"EntryPoint\",\"urlTemplate\":\"https:\/\/universofamilia.com\/el\/?s={search_term_string}\"},\"query-input\":\"required name=search_term_string\"}],\"inLanguage\":\"hu\"},{\"@type\":\"Person\",\"@id\":\"https:\/\/universofamilia.com\/el\/#\/schema\/person\/f07ce98187dd84d31154262e79b3b7ca\",\"name\":\"Pedro Henrique\",\"image\":{\"@type\":\"ImageObject\",\"inLanguage\":\"hu\",\"@id\":\"https:\/\/universofamilia.com\/el\/#\/schema\/person\/image\/\",\"url\":\"https:\/\/secure.gravatar.com\/avatar\/9edfeb808cb4e1599f64d6e45b130154?s=96&d=mm&r=g\",\"contentUrl\":\"https:\/\/secure.gravatar.com\/avatar\/9edfeb808cb4e1599f64d6e45b130154?s=96&d=mm&r=g\",\"caption\":\"Pedro Henrique\"},\"url\":\"https:\/\/universofamilia.com\/hu\/author\/editor01\/\"}]}<\/script>\n<!-- \/ Yoast SEO plugin. -->","yoast_head_json":{"title":"Conoce qui\u00e9n cruz\u00f3 tu camino - Universo Fam\u00edlia","description":"Conoce qui\u00e9n cruz\u00f3 tu camino. \u00a1Descubre conexiones reales cerca de ti con esta app revolucionaria!","robots":{"index":"index","follow":"follow","max-snippet":"max-snippet:-1","max-image-preview":"max-image-preview:large","max-video-preview":"max-video-preview:-1"},"canonical":"https:\/\/universofamilia.com\/hu\/conoce-quien-cruzo-tu-camino\/","og_locale":"hu_HU","og_type":"article","og_title":"Conoce qui\u00e9n cruz\u00f3 tu camino - Universo Fam\u00edlia","og_description":"Conoce qui\u00e9n cruz\u00f3 tu camino. \u00a1Descubre conexiones reales cerca de ti con esta app revolucionaria!","og_url":"https:\/\/universofamilia.com\/hu\/conoce-quien-cruzo-tu-camino\/","og_site_name":"Universo Fam\u00edlia","article_published_time":"2024-11-15T18:47:53+00:00","article_modified_time":"2025-11-09T15:22:32+00:00","og_image":[{"width":550,"height":350,"url":"https:\/\/universofamilia.com\/wp-content\/uploads\/sites\/148\/2024\/11\/DESTAQUE-UNIVERSO-550-x-350-11-1.jpg","type":"image\/jpeg"}],"author":"Pedro Henrique","twitter_card":"summary_large_image","twitter_misc":{"Written by":"Pedro Henrique","Est. reading time":"8 perc"},"schema":{"@context":"https:\/\/schema.org","@graph":[{"@type":"WebPage","@id":"https:\/\/universofamilia.com\/sr\/conoce-quien-cruzo-tu-camino\/","url":"https:\/\/universofamilia.com\/sr\/conoce-quien-cruzo-tu-camino\/","name":"Conoce qui\u00e9n cruz\u00f3 tu camino - Universo Fam\u00edlia","isPartOf":{"@id":"https:\/\/universofamilia.com\/el\/#website"},"primaryImageOfPage":{"@id":"https:\/\/universofamilia.com\/sr\/conoce-quien-cruzo-tu-camino\/#primaryimage"},"image":{"@id":"https:\/\/universofamilia.com\/sr\/conoce-quien-cruzo-tu-camino\/#primaryimage"},"thumbnailUrl":"https:\/\/universofamilia.com\/wp-content\/uploads\/sites\/148\/2024\/11\/DESTAQUE-UNIVERSO-550-x-350-11-1.jpg","datePublished":"2024-11-15T18:47:53+00:00","dateModified":"2025-11-09T15:22:32+00:00","author":{"@id":"https:\/\/universofamilia.com\/el\/#\/schema\/person\/f07ce98187dd84d31154262e79b3b7ca"},"description":"Conoce qui\u00e9n cruz\u00f3 tu camino. \u00a1Descubre conexiones reales cerca de ti con esta app revolucionaria!","breadcrumb":{"@id":"https:\/\/universofamilia.com\/sr\/conoce-quien-cruzo-tu-camino\/#breadcrumb"},"inLanguage":"hu","potentialAction":[{"@type":"ReadAction","target":["https:\/\/universofamilia.com\/sr\/conoce-quien-cruzo-tu-camino\/"]}]},{"@type":"ImageObject","inLanguage":"hu","@id":"https:\/\/universofamilia.com\/sr\/conoce-quien-cruzo-tu-camino\/#primaryimage","url":"https:\/\/universofamilia.com\/wp-content\/uploads\/sites\/148\/2024\/11\/DESTAQUE-UNIVERSO-550-x-350-11-1.jpg","contentUrl":"https:\/\/universofamilia.com\/wp-content\/uploads\/sites\/148\/2024\/11\/DESTAQUE-UNIVERSO-550-x-350-11-1.jpg","width":550,"height":350,"caption":"Conoce qui\u00e9n cruz\u00f3 tu camino"},{"@type":"BreadcrumbList","@id":"https:\/\/universofamilia.com\/sr\/conoce-quien-cruzo-tu-camino\/#breadcrumb","itemListElement":[{"@type":"ListItem","position":1,"name":"Home","item":"https:\/\/universofamilia.com\/el\/"},{"@type":"ListItem","position":2,"name":"Conoce qui\u00e9n cruz\u00f3 tu camino"}]},{"@type":"WebSite","@id":"https:\/\/universofamilia.com\/el\/#website","url":"https:\/\/universofamilia.com\/el\/","name":"Universo Fam\u00edlia","description":"","potentialAction":[{"@type":"SearchAction","target":{"@type":"EntryPoint","urlTemplate":"https:\/\/universofamilia.com\/el\/?s={search_term_string}"},"query-input":"required name=search_term_string"}],"inLanguage":"hu"},{"@type":"Person","@id":"https:\/\/universofamilia.com\/el\/#\/schema\/person\/f07ce98187dd84d31154262e79b3b7ca","name":"Pedro Henrique","image":{"@type":"ImageObject","inLanguage":"hu","@id":"https:\/\/universofamilia.com\/el\/#\/schema\/person\/image\/","url":"https:\/\/secure.gravatar.com\/avatar\/9edfeb808cb4e1599f64d6e45b130154?s=96&d=mm&r=g","contentUrl":"https:\/\/secure.gravatar.com\/avatar\/9edfeb808cb4e1599f64d6e45b130154?s=96&d=mm&r=g","caption":"Pedro Henrique"},"url":"https:\/\/universofamilia.com\/hu\/author\/editor01\/"}]}},"_links":{"self":[{"href":"https:\/\/universofamilia.com\/hu\/wp-json\/wp\/v2\/posts\/7469"}],"collection":[{"href":"https:\/\/universofamilia.com\/hu\/wp-json\/wp\/v2\/posts"}],"about":[{"href":"https:\/\/universofamilia.com\/hu\/wp-json\/wp\/v2\/types\/post"}],"author":[{"embeddable":true,"href":"https:\/\/universofamilia.com\/hu\/wp-json\/wp\/v2\/users\/139"}],"replies":[{"embeddable":true,"href":"https:\/\/universofamilia.com\/hu\/wp-json\/wp\/v2\/comments?post=7469"}],"version-history":[{"count":7,"href":"https:\/\/universofamilia.com\/hu\/wp-json\/wp\/v2\/posts\/7469\/revisions"}],"predecessor-version":[{"id":10294,"href":"https:\/\/universofamilia.com\/hu\/wp-json\/wp\/v2\/posts\/7469\/revisions\/10294"}],"wp:featuredmedia":[{"embeddable":true,"href":"https:\/\/universofamilia.com\/hu\/wp-json\/wp\/v2\/media\/7473"}],"wp:attachment":[{"href":"https:\/\/universofamilia.com\/hu\/wp-json\/wp\/v2\/media?parent=7469"}],"wp:term":[{"taxonomy":"category","embeddable":true,"href":"https:\/\/universofamilia.com\/hu\/wp-json\/wp\/v2\/categories?post=7469"},{"taxonomy":"post_tag","embeddable":true,"href":"https:\/\/universofamilia.com\/hu\/wp-json\/wp\/v2\/tags?post=7469"}],"curies":[{"name":"wp","href":"https:\/\/api.w.org\/{rel}","templated":true}]}}