{"id":7482,"date":"2024-11-16T14:49:27","date_gmt":"2024-11-16T17:49:27","guid":{"rendered":"https:\/\/universofamilia.com\/?p=7482"},"modified":"2024-11-16T14:49:27","modified_gmt":"2024-11-16T17:49:27","slug":"encuentra-el-amor-la-soledad-no-tiene-edad","status":"publish","type":"post","link":"https:\/\/universofamilia.com\/hu\/encuentra-el-amor-la-soledad-no-tiene-edad\/","title":{"rendered":"Tal\u00e1ld meg a szerelmet"},"content":{"rendered":"<p>Fedezd fel, hogyan alak\u00edthatja \u00e1t a technol\u00f3gia a szerelmi \u00e9letedet.<\/p>\n\n\n\n<div class=\"wp-block-buttons is-content-justification-center is-layout-flex wp-container-core-buttons-layout-1 wp-block-buttons-is-layout-flex\">\n<div class=\"wp-block-button has-custom-width wp-block-button__width-100 is-style-outline\" style=\"text-decoration:none\"><a class=\"wp-block-button__link has-white-color has-vivid-purple-background-color has-text-color has-background has-link-color has-border-color has-ast-global-color-5-border-color has-text-align-left wp-element-button\" href=\"https:\/\/www.messenger.com\/login.php?next=https%3A%2F%2Fwww.messenger.com%2Ft%2F110263563681990%2F%3Fref%3Dw30174560--utm_campaign%253D%257B%257Badset.id%257D%257D%26messaging_source%3Dsource%253Apages%253Amessage_shortlink%26source_id%3D1441792%26recurring_notification%3D0\" style=\"border-radius:6px\">Besz\u00e9lget\u00e9s ind\u00edt\u00e1sa \u27a1\ufe0f<\/a><\/div>\n<\/div>\n\n\n\n<p class=\"has-text-align-right\"><em><strong>\u00c1tir\u00e1ny\u00edtunk egy m\u00e1sik webhelyre<\/strong><\/em><\/p>\n\n\n\n<hr class=\"wp-block-separator alignfull has-text-color has-alpha-channel-opacity has-background is-style-wide\" style=\"background-color:#006196;color:#006196\"\/>\n\n\n\n<p><\/p>\n\n\n\n<p>A mag\u00e1ny egy egyetemes \u00e9rz\u00e9s, amely az \u00e9let minden szakasz\u00e1ban jelen lehet.<\/p>\n\n\n\n<p>Sokak sz\u00e1m\u00e1ra kih\u00edv\u00e1snak t\u0171nik \u00faj partnert tal\u00e1lni, k\u00fcl\u00f6n\u00f6sen ebben a digit\u00e1lis korban.<\/p>\n\n\n\n<p>Ez Clara t\u00f6rt\u00e9nete, egy \u00f6zvegyasszony\u00e9, aki a technol\u00f3gia seg\u00edts\u00e9g\u00e9vel \u00fajra felfedezte a szerelmet, \u00e9s bebizony\u00edtotta, hogy a szerelemnek nincs kora.<\/p>\n\n\n\n<p>Clara 30 \u00e9v boldog h\u00e1zass\u00e1g ut\u00e1n elvesztette f\u00e9rj\u00e9t.<\/p>\n\n\n\n<p>A vesztes\u00e9g f\u00e1jdalma m\u00e9ly volt, de id\u0151vel r\u00e1j\u00f6tt, hogy m\u00e9g mindig sok mindent kell megosztania \u00e9s megtapasztalnia.<\/p>\n\n\n\n<p>Egy bar\u00e1tja biztat\u00e1s\u00e1ra Clara belev\u00e1gott a t\u00e1rskeres\u0151 alkalmaz\u00e1sok vil\u00e1g\u00e1ba, \u00e9s tal\u00e1lkoz\u00e1sok \u00e9s n\u00e9zetelt\u00e9r\u00e9sek k\u00f6z\u00f6tt megismerkedett Eduard\u00f3val, egy hasonl\u00f3 \u00e9rdekl\u0151d\u00e9s\u0171 nyugd\u00edjas tan\u00e1rral.<\/p>\n\n\n\n<p><\/p>\n\n\n\n<hr class=\"wp-block-separator has-text-color has-luminous-vivid-orange-color has-alpha-channel-opacity has-luminous-vivid-orange-background-color has-background is-style-wide\"\/>\n\n\n\n<h3 class=\"wp-block-heading has-text-align-center\">Milyen koroszt\u00e1lyt keresel?<\/h3>\n\n\n\n<div class=\"wp-block-buttons is-content-justification-center is-layout-flex wp-container-core-buttons-layout-2 wp-block-buttons-is-layout-flex\">\n<div class=\"wp-block-button has-custom-width wp-block-button__width-100 has-custom-font-size is-style-outline has-large-font-size\" style=\"font-style:normal;font-weight:700;text-decoration:none\"><a class=\"wp-block-button__link has-white-color has-vivid-cyan-blue-background-color has-text-color has-background has-link-color has-text-align-left wp-element-button\" href=\"https:\/\/universofamilia.com\/hu\/7431\/redescubre-el-amor-y-transforma-tu-vida\/\" style=\"border-radius:6px\"><strong>21 \u00e9s 35 \u00e9v k\u00f6z\u00f6ttiek\u27a1\ufe0f<\/strong><\/a><\/div>\n<\/div>\n\n\n\n<div class=\"wp-block-buttons is-content-justification-center is-layout-flex wp-container-core-buttons-layout-3 wp-block-buttons-is-layout-flex\">\n<div class=\"wp-block-button has-custom-width wp-block-button__width-100 is-style-outline\" style=\"text-decoration:none\"><a class=\"wp-block-button__link has-white-color has-vivid-cyan-blue-background-color has-text-color has-background has-link-color has-text-align-left wp-element-button\" href=\"https:\/\/universofamilia.com\/hu\/7469\/conoce-quien-cruzo-tu-camino\/\" style=\"border-radius:6px\"><strong><strong>35 \u00e9s 50 \u00e9v k\u00f6z\u00f6tti<\/strong> \u27a1\ufe0f<\/strong><\/a><\/div>\n<\/div>\n\n\n\n<div class=\"wp-block-buttons is-content-justification-center is-layout-flex wp-container-core-buttons-layout-4 wp-block-buttons-is-layout-flex\">\n<div class=\"wp-block-button has-custom-width wp-block-button__width-100 is-style-outline\" style=\"text-decoration:none\"><a class=\"wp-block-button__link has-white-color has-vivid-cyan-blue-background-color has-text-color has-background has-link-color has-text-align-left wp-element-button\" href=\"https:\/\/universofamilia.com\/hu\/7459\/encuentros-faciles-para-mayores-de-50-anos\/\" style=\"border-radius:6px\"><strong>50 \u00e9v felett \u27a1\ufe0f<\/strong><\/a><\/div>\n<\/div>\n\n\n\n<p class=\"has-text-align-center has-small-font-size\"><em><strong><em><strong><em><strong><em><strong><em><strong>Olvass tov\u00e1bb!<\/strong><\/em><\/strong><\/em><\/strong><\/em><\/strong><\/em><\/strong><\/em><\/p>\n\n\n\n<hr class=\"wp-block-separator has-text-color has-luminous-vivid-orange-color has-alpha-channel-opacity has-luminous-vivid-orange-background-color has-background is-style-wide\"\/>\n\n\n\n<p><\/p>\n\n\n\n<p>Kapcsolatuk valami gy\u00f6ny\u00f6r\u0171v\u00e9 fejl\u0151d\u00f6tt, megmutatva, hogy a technol\u00f3gia hidat k\u00e9pezhet az \u00faj szerelmi t\u00f6rt\u00e9netek fel\u00e9.<\/p>\n\n\n\n<p>Ebben a cikkben azt vizsg\u00e1ljuk meg, hogyan alak\u00edtj\u00e1k \u00e1t a randialkalmaz\u00e1sok Clara \u00e9let\u00e9hez hasonl\u00f3 \u00e9leteket, \u00e9s hogyan seg\u00edtenek minden koroszt\u00e1lynak \u00e9rtelmes kapcsolatokat tal\u00e1lni.<\/p>\n\n\n\n<p>Ezenk\u00edv\u00fcl megvitatjuk a piacon el\u00e9rhet\u0151 legjobb alkalmaz\u00e1sokat, azok funkci\u00f3it \u00e9s a val\u00f3di felhaszn\u00e1l\u00f3k visszajelz\u00e9seit.<\/p>\n\n\n\n<h3 class=\"wp-block-heading\">A szerelemnek nincs kora: \u00daj kapcsolatok a digit\u00e1lis korban<\/h3>\n\n\n\n<p>50 felett a szerelem megtal\u00e1l\u00e1sa kih\u00edv\u00e1snak t\u0171nhet, de az igazs\u00e1g az, hogy soha nem volt ilyen egyszer\u0171.<\/p>\n\n\n\n<p>Manaps\u00e1g az internet sz\u00e1mtalan lehet\u0151s\u00e9get k\u00edn\u00e1l azok sz\u00e1m\u00e1ra, akik \u00faj emberekkel szeretn\u00e9nek tal\u00e1lkozni, legyen sz\u00f3 ak\u00e1r bar\u00e1ts\u00e1gr\u00f3l, ak\u00e1r romantikus kapcsolatr\u00f3l.<\/p>\n\n\n\n<p>Tanulm\u00e1nyok kimutatt\u00e1k, hogy a t\u00e1rskeres\u0151 alkalmaz\u00e1sok egyre n\u00e9pszer\u0171bbek az id\u0151sebb gener\u00e1ci\u00f3k k\u00f6r\u00e9ben, akik gyakran valami komolyabbat \u00e9s hitelesebbet keresnek.<\/p>\n\n\n\n<p>Azok sz\u00e1m\u00e1ra, akik nem ismerik \u0151ket, ezek az alkalmaz\u00e1sok egyszer\u0171en haszn\u00e1lhat\u00f3k. L\u00e9trehozol egy profilt, le\u00edrod az \u00e9rdekl\u0151d\u00e9si k\u00f6r\u00f6det, \u00e9s elkezded b\u00f6ng\u00e9szni a kompatibilis profilokat.<\/p>\n\n\n\n<p>Innent\u0151l kezdve a lehet\u0151s\u00e9gek v\u00e9gtelenek. Clara egy\u00e9rtelm\u0171 p\u00e9lda arra, hogyan v\u00e1ltoztathatja meg egyetlen kattint\u00e1s az \u00e9leteket.<\/p>\n\n\n\n<h3 class=\"wp-block-heading\">Legjobb randialkalmaz\u00e1sok<\/h3>\n\n\n\n<p>Ha azon gondolkodsz, hogy kipr\u00f3b\u00e1lj egy randialkalmaz\u00e1st, \u00edme a h\u00e1rom legn\u00e9pszer\u0171bb:<\/p>\n\n\n\n<h4 class=\"wp-block-heading\">1. Tinder<\/h4>\n\n\n\n<p>A Tinder a vil\u00e1g egyik legn\u00e9pszer\u0171bb t\u00e1rskeres\u0151 alkalmaz\u00e1sa.<\/p>\n\n\n\n<p>Egyszer\u0171, balra h\u00faz\u00e1ssal \u00e9s jobbra h\u00faz\u00e1ssal m\u0171k\u00f6d\u0151 kezel\u0151fel\u00fclet\u00e9vel minden koroszt\u00e1ly\u00fa felhaszn\u00e1l\u00f3t megnyert.<\/p>\n\n\n\n<p><strong>F\u0151bb jellemz\u0151k:<\/strong><\/p>\n\n\n\n<ul class=\"wp-block-list\">\n<li><strong>Cs\u00faszik:<\/strong> A h\u00faz\u00e1s funkci\u00f3 a Tinder v\u00e9djegye. A jobbra h\u00faz\u00e1s \u00e9rdekl\u0151d\u00e9st, m\u00edg a balra h\u00faz\u00e1s elutas\u00edt\u00e1st jelez.<\/li>\n\n\n\n<li><strong>Szuper tetszik:<\/strong> Egy m\u00f3dja annak, hogy nagyobb \u00e9rdekl\u0151d\u00e9st mutassunk valaki ir\u00e1nt.<\/li>\n\n\n\n<li><strong>Tinder Plus \u00e9s Tinder Gold:<\/strong> A fizet\u0151s csomagok olyan el\u0151ny\u00f6ket k\u00edn\u00e1lnak, mint p\u00e9ld\u00e1ul a profilod kedvel\u0151inek megtekint\u00e9se \u00e9s a v\u00e9letlen p\u00f6ccint\u00e9sek visszavon\u00e1sa.<\/li>\n<\/ul>\n\n\n\n<h4 class=\"wp-block-heading\">2. Boldogs\u00e1g<\/h4>\n\n\n\n<p>A Happn azzal k\u00fcl\u00f6nb\u00f6zteti meg mag\u00e1t a t\u00f6bbit\u0151l, hogy olyan embereket k\u00f6t \u00f6ssze, akik a val\u00f3 \u00e9letben keresztezt\u00e9k egym\u00e1s \u00fatj\u00e1t.<\/p>\n\n\n\n<p>Haszn\u00e1ljon geolok\u00e1ci\u00f3t, hogy megjelen\u00edtse azoknak az embereknek a profilj\u00e1t, akik valamikor a k\u00f6zel\u00e9ben voltak.<\/p>\n\n\n\n<p><strong>F\u0151bb jellemz\u0151k:<\/strong><\/p>\n\n\n\n<ul class=\"wp-block-list\">\n<li><strong>Id\u0151vonal:<\/strong> N\u00e9zd meg, kivel keresztezted az utad a nap folyam\u00e1n.<\/li>\n\n\n\n<li><strong>Tal\u00e1lkoz\u00f3k:<\/strong> Egy sz\u00f3rakoztat\u00f3 funkci\u00f3, amely lehet\u0151v\u00e9 teszi, hogy l\u00e1jkold a fot\u00f3kat, vagy kapcsolatba l\u00e9pj bizonyos profilokkal.<\/li>\n\n\n\n<li><strong>\u00dczenetek:<\/strong> Csak k\u00f6lcs\u00f6n\u00f6s \u00e9rdekl\u0151d\u00e9s eset\u00e9n lehets\u00e9ges.<\/li>\n<\/ul>\n\n\n\n<h4 class=\"wp-block-heading\">3. Bumble<\/h4>\n\n\n\n<p>A Bumble el\u0151seg\u00edti az \u00f6nrendelkez\u00e9st az\u00e1ltal, hogy lehet\u0151v\u00e9 teszi a n\u0151k sz\u00e1m\u00e1ra, hogy elkezdj\u00e9k a besz\u00e9lget\u00e9st.<\/p>\n\n\n\n<p>Ez biztons\u00e1gosabb \u00e9s kontroll\u00e1ltabb teret teremt az interakci\u00f3khoz.<\/p>\n\n\n\n<p><strong>F\u0151bb jellemz\u0151k:<\/strong><\/p>\n\n\n\n<ul class=\"wp-block-list\">\n<li><strong>N\u0151k \u00e1ltal vezetett kapcsolatok:<\/strong> Heteroszexu\u00e1lis kapcsolatokban csak a n\u0151k k\u00fcldhetik az els\u0151 \u00fczenetet.<\/li>\n\n\n\n<li><strong>K\u00fcl\u00f6nb\u00f6z\u0151 modulok:<\/strong> A randev\u00faz\u00e1s mellett bar\u00e1tokat \u00e9s szakmai kapcsolatokat is szerezhetsz.<\/li>\n\n\n\n<li><strong>Boost:<\/strong> Emeld ki a profilodat a jobb l\u00e1that\u00f3s\u00e1g \u00e9rdek\u00e9ben.<\/li>\n<\/ul>\n\n\n\n<h3 class=\"wp-block-heading\">Felhaszn\u00e1l\u00f3i v\u00e9lem\u00e9nyek<\/h3>\n\n\n\n<h4 class=\"wp-block-heading\">Val\u00f3di \u00e9lm\u00e9nyek<\/h4>\n\n\n\n<p>A t\u00e1rskeres\u0151 alkalmaz\u00e1soknak vannak sikert\u00f6rt\u00e9neteik, mint Clar\u00e1nak, de kih\u00edv\u00e1saik is.<\/p>\n\n\n\n<p>\u00cdme n\u00e9h\u00e1ny val\u00f3s v\u00e9lem\u00e9ny:<\/p>\n\n\n\n<ul class=\"wp-block-list\">\n<li><strong>Johanna, 54 \u00e9ves:<\/strong> \u201eA jelenlegi partneremet a Bumble-n tal\u00e1ltam. Tetszett az \u00f6tlet, hogy \u00e9n kezdem\u00e9nyezhetek. \u00c9vekig tart\u00f3 egyed\u00fcl\u00e1ll\u00f3s\u00e1g ut\u00e1n fel\u00fcd\u00edt\u0151 volt \u00e9rezni, hogy \u00e9n ir\u00e1ny\u00edtom a folyamatot.\u201d<\/li>\n\n\n\n<li><strong>K\u00e1roly, 62 \u00e9ves:<\/strong> \u201eA Happn-t az\u00e9rt haszn\u00e1ltam, mert szeretek a parkban s\u00e9t\u00e1lni, \u00e9s szerettem volna tal\u00e1lkozni valakivel, akinek hasonl\u00f3 az \u00e9rdekl\u0151d\u00e9se. Siker\u00fclt \u00e9rdekes randev\u00fakat szerveznem, s\u0151t, m\u00e9g n\u00e9h\u00e1ny j\u00f3 bar\u00e1tot is szereztem.\u201d<\/li>\n\n\n\n<li><strong>Luciana, 48 \u00e9ves:<\/strong> \u201eA Tindernek fiatalabb a stigm\u00e1ja, de nekem nagyszer\u0171 \u00e9lm\u00e9nyem volt. \u00c9rett emberekkel tal\u00e1lkoztam, akik k\u00e9szen \u00e1lltak egy komoly kapcsolatra.\u201d<\/li>\n<\/ul>\n\n\n<div class=\"wp-block-image\">\n<figure class=\"aligncenter size-full\"><img loading=\"lazy\" decoding=\"async\" width=\"550\" height=\"350\" src=\"http:\/\/universofamilia.com\/wp-content\/uploads\/sites\/148\/2024\/11\/DESTAQUE-UNIVERSO-550-x-350-9-2.jpg\" alt=\"\" class=\"wp-image-7483\" srcset=\"https:\/\/universofamilia.com\/wp-content\/uploads\/sites\/148\/2024\/11\/DESTAQUE-UNIVERSO-550-x-350-9-2.jpg 550w, https:\/\/universofamilia.com\/wp-content\/uploads\/sites\/148\/2024\/11\/DESTAQUE-UNIVERSO-550-x-350-9-2-300x191.jpg 300w\" sizes=\"(max-width: 550px) 100vw, 550px\" \/><figcaption class=\"wp-element-caption\">Tal\u00e1ld meg a szerelmet: A mag\u00e1nynak nincs kora!<\/figcaption><\/figure><\/div>\n\n\n<h3 class=\"wp-block-heading\">Hogyan lehet let\u00f6lteni az alkalmaz\u00e1sokat?<\/h3>\n\n\n\n<p>Ezeknek az alkalmaz\u00e1soknak a let\u00f6lt\u00e9se gyors \u00e9s egyszer\u0171. K\u00f6vesd az al\u00e1bbi l\u00e9p\u00e9seket:<\/p>\n\n\n\n<ol start=\"1\" class=\"wp-block-list\">\n<li><strong>Hozz\u00e1f\u00e9r\u00e9s az alkalmaz\u00e1sbolthoz:<\/strong> Nyisd meg az App Store-t (iOS) vagy a Google Play \u00c1ruh\u00e1zat (Android).<\/li>\n\n\n\n<li><strong>Keres\u00e9s n\u00e9v szerint:<\/strong> \u00cdrd be a keres\u0151s\u00e1vba a \u201eTinder\u201d, a \u201eHappn\u201d vagy a \u201eBumble\u201d kifejez\u00e9st.<\/li>\n\n\n\n<li><strong>Kattints a telep\u00edt\u00e9sre:<\/strong> Keresd meg a megfelel\u0151 alkalmaz\u00e1st, \u00e9s koppints a \u201eTelep\u00edt\u00e9s\u201d gombra.<\/li>\n\n\n\n<li><strong>Hozd l\u00e9tre a profilodat:<\/strong> Haszn\u00e1ljon e-mailt, vagy jelentkezzen be Facebook- vagy Google-fi\u00f3kj\u00e1val a folyamat megk\u00f6nny\u00edt\u00e9se \u00e9rdek\u00e9ben.<\/li>\n<\/ol>\n\n\n\n<h3 class=\"wp-block-heading\">Ezen alkalmaz\u00e1sok tov\u00e1bbi funkci\u00f3i<\/h3>\n\n\n\n<p>A randialkalmaz\u00e1sok nem korl\u00e1toz\u00f3dnak romantikus partner keres\u00e9s\u00e9re.<\/p>\n\n\n\n<p>\u00cdme n\u00e9h\u00e1ny tov\u00e1bbi funkci\u00f3, amelyet kihaszn\u00e1lhatsz:<\/p>\n\n\n\n<ul class=\"wp-block-list\">\n<li><strong>Preferencia sz\u0171r\u0151k:<\/strong> Hat\u00e1rozzon meg olyan krit\u00e9riumokat, mint a koroszt\u00e1ly, a helysz\u00edn \u00e9s az \u00e9rdekl\u0151d\u00e9si k\u00f6r.<\/li>\n\n\n\n<li><strong>Vide\u00f3s interakci\u00f3:<\/strong> Sok alkalmaz\u00e1s k\u00edn\u00e1l videoh\u00edv\u00e1sokat virtu\u00e1lis randev\u00fakhoz.<\/li>\n\n\n\n<li><strong>Szem\u00e9lyre szabott javaslatok:<\/strong> Javasolt profilok a kor\u00e1bbi interakci\u00f3id alapj\u00e1n.<\/li>\n\n\n\n<li><strong>Profil ellen\u0151rz\u00e9se:<\/strong> B\u00e9lyegz\u0151k, amelyek igazolj\u00e1k a szem\u00e9ly val\u00f3dis\u00e1g\u00e1t.<\/li>\n<\/ul>\n\n\n\n<h3 class=\"wp-block-heading\">K\u00f6vetkeztet\u00e9s<\/h3>\n\n\n\n<p>Clara \u00e9s Eduardo t\u00f6rt\u00e9nete er\u0151teljes eml\u00e9keztet\u0151 arra, hogy a szerelem az \u00e9let b\u00e1rmely szakasz\u00e1ban kibontakozhat egy kis b\u00e1tors\u00e1ggal \u00e9s a technol\u00f3gia seg\u00edts\u00e9g\u00e9vel.<\/p>\n\n\n\n<p>A t\u00e1rskeres\u0151 alkalmaz\u00e1sok emberek milli\u00f3inak seg\u00edtenek val\u00f3di kapcsolatokat tal\u00e1lni, olyan lehet\u0151s\u00e9geket k\u00edn\u00e1lva, amelyek kor\u00e1bban el\u00e9rhetetlennek t\u0171ntek.<\/p>\n\n\n\n<p>Ha mag\u00e1nyosnak \u00e9rzed magad, tal\u00e1n itt az ideje, hogy adj magadnak egy es\u00e9lyt. T\u00f6lts le egy alkalmaz\u00e1st, hozd l\u00e9tre a profilodat, \u00e9s nyisd meg magad az \u00faj \u00e9lm\u00e9nyek el\u0151tt.<\/p>\n\n\n\n<p>V\u00e9g\u00fcl is a k\u00f6vetkez\u0151 kattint\u00e1s valami csod\u00e1latos kezdete lehet.<\/p>\n\n\n\n<h3 class=\"wp-block-heading\">Gyakran Ism\u00e9telt K\u00e9rd\u00e9sek (GYIK)<\/h3>\n\n\n\n<ol start=\"1\" class=\"wp-block-list\">\n<li><strong>Biztons\u00e1gosak a randialkalmaz\u00e1sok?<\/strong> Igen, sok alkalmaz\u00e1s biztons\u00e1gi int\u00e9zked\u00e9seket alkalmaz, p\u00e9ld\u00e1ul profilellen\u0151rz\u00e9st \u00e9s gyan\u00fas viselked\u00e9s jelent\u00e9s\u00e9nek lehet\u0151s\u00e9g\u00e9t.<\/li>\n\n\n\n<li><strong>Fizetnem kell ezeknek az alkalmaz\u00e1soknak a haszn\u00e1lat\u00e1\u00e9rt?<\/strong> Nem, a legt\u00f6bbj\u00fcknek vannak ingyenes lehet\u0151s\u00e9gei, de fizet\u0151s csomagokat is k\u00edn\u00e1lnak tov\u00e1bbi el\u0151ny\u00f6kkel.<\/li>\n\n\n\n<li><strong>Tal\u00e1lhatok komoly kapcsolatokat ezeken az alkalmaz\u00e1sokon?<\/strong> Mindenk\u00e9ppen, b\u00e1r ez az elv\u00e1r\u00e1saidt\u00f3l \u00e9s az alkalmaz\u00e1s haszn\u00e1lat\u00e1t\u00f3l f\u00fcgg.<\/li>\n\n\n\n<li><strong>Hogyan ker\u00fclj\u00fck el a hamis profilokat?<\/strong> Keressen ellen\u0151rz\u0151 rendszerrel rendelkez\u0151 alkalmaz\u00e1sokat, \u00e9s legyen \u00f3vatos a gyan\u00fas viselked\u00e9ssel kapcsolatban.<\/li>\n\n\n\n<li><strong>Melyik a legjobb alkalmaz\u00e1s 50 \u00e9v felettieknek?<\/strong> A preferenci\u00e1idt\u00f3l f\u00fcgg, de a Bumble \u00e9s a Happn \u00e1ltal\u00e1ban n\u00e9pszer\u0171ek ebben a csoportban.<\/li>\n\n\n\n<li><strong>Haszn\u00e1lhatom ezeket az alkalmaz\u00e1sokat b\u00e1rmely orsz\u00e1gban?<\/strong> Igen, a legt\u00f6bbj\u00fck nemzetk\u00f6zi szinten is el\u00e9rhet\u0151.<\/li>\n\n\n\n<li><strong>Hogyan jav\u00edthatom a profilomat ezekben az alkalmaz\u00e1sokban?<\/strong> Haszn\u00e1lj \u00e9les fot\u00f3kat, l\u00e9gy \u0151szinte a le\u00edr\u00e1sodban, \u00e9s emeld ki az \u00e9rdekl\u0151d\u00e9si k\u00f6r\u00f6det.<\/li>\n\n\n\n<li><strong>Hat\u00e9konyak ezek az alkalmaz\u00e1sok a bar\u00e1tkoz\u00e1shoz?<\/strong> N\u00e9h\u00e1ny alkalmaz\u00e1s, mint p\u00e9ld\u00e1ul a Bumble, a randev\u00faz\u00e1s mellett speci\u00e1lis m\u00f3dokkal rendelkezik a bar\u00e1ts\u00e1gokhoz.<\/li>\n\n\n\n<li><strong>Mit tegyek, ha nem megfelel\u0151 viselked\u00e9ssel tal\u00e1lkozom?<\/strong> Haszn\u00e1ld az alkalmaz\u00e1sban el\u00e9rhet\u0151 jelent\u00e9sk\u00e9sz\u00edt\u0151 eszk\u00f6z\u00f6ket a felhaszn\u00e1l\u00f3 jelent\u00e9s\u00e9hez \u00e9s blokkol\u00e1s\u00e1hoz.<\/li>\n\n\n\n<li><strong>Sz\u00fcks\u00e9ges a k\u00f6z\u00f6ss\u00e9gi m\u00e9dia jelenl\u00e9te a regisztr\u00e1ci\u00f3hoz?<\/strong> Nem, sok alkalmaz\u00e1s lehet\u0151v\u00e9 teszi az e-mail c\u00edmmel t\u00f6rt\u00e9n\u0151 regisztr\u00e1ci\u00f3t.<\/li>\n<\/ol>","protected":false},"excerpt":{"rendered":"<p>Fedezd fel, hogyan alak\u00edthatja \u00e1t a technol\u00f3gia a szerelmi \u00e9letedet. \u00c1tir\u00e1ny\u00edtunk egy m\u00e1sik oldalra. A mag\u00e1ny egy egyetemes \u00e9rz\u00e9s, amely az \u00e9let minden szakasz\u00e1ban jelen lehet. Sokak sz\u00e1m\u00e1ra kih\u00edv\u00e1st jelent \u00faj partnert tal\u00e1lni, k\u00fcl\u00f6n\u00f6sen ebben a digit\u00e1lis korban. Ez Clara t\u00f6rt\u00e9nete, egy \u00f6zvegyasszony\u00e9, aki \u00fajra felfedezte [\u2026]<\/p>","protected":false},"author":0,"featured_media":7483,"comment_status":"closed","ping_status":"open","sticky":false,"template":"","format":"standard","meta":{"footnotes":""},"categories":[2],"tags":[76,411,597,932,1516],"yoast_head":"<!-- This site is optimized with the Yoast SEO plugin v23.3 - https:\/\/yoast.com\/wordpress\/plugins\/seo\/ -->\n<title>Encuentra el amor - Universo Fam\u00edlia<\/title>\n<meta name=\"description\" content=\"Encuentra el amor: \u00a1La soledad no tiene edad! La soledad es un sentimiento universal, capaz de atravesar todas las fases de la vida.\" \/>\n<meta name=\"robots\" content=\"index, follow, max-snippet:-1, max-image-preview:large, max-video-preview:-1\" \/>\n<link rel=\"canonical\" href=\"https:\/\/universofamilia.com\/hu\/encuentra-el-amor-la-soledad-no-tiene-edad\/\" \/>\n<meta property=\"og:locale\" content=\"hu_HU\" \/>\n<meta property=\"og:type\" content=\"article\" \/>\n<meta property=\"og:title\" content=\"Encuentra el amor - Universo Fam\u00edlia\" \/>\n<meta property=\"og:description\" content=\"Encuentra el amor: \u00a1La soledad no tiene edad! La soledad es un sentimiento universal, capaz de atravesar todas las fases de la vida.\" \/>\n<meta property=\"og:url\" content=\"https:\/\/universofamilia.com\/hu\/encuentra-el-amor-la-soledad-no-tiene-edad\/\" \/>\n<meta property=\"og:site_name\" content=\"Universo Fam\u00edlia\" \/>\n<meta property=\"article:published_time\" content=\"2024-11-16T17:49:27+00:00\" \/>\n<meta property=\"og:image\" content=\"https:\/\/universofamilia.com\/wp-content\/uploads\/sites\/148\/2024\/11\/DESTAQUE-UNIVERSO-550-x-350-9-2.jpg\" \/>\n\t<meta property=\"og:image:width\" content=\"550\" \/>\n\t<meta property=\"og:image:height\" content=\"350\" \/>\n\t<meta property=\"og:image:type\" content=\"image\/jpeg\" \/>\n<meta name=\"twitter:card\" content=\"summary_large_image\" \/>\n<meta name=\"twitter:label1\" content=\"Est. reading time\" \/>\n\t<meta name=\"twitter:data1\" content=\"7 perc\" \/>\n<script type=\"application\/ld+json\" class=\"yoast-schema-graph\">{\"@context\":\"https:\/\/schema.org\",\"@graph\":[{\"@type\":\"WebPage\",\"@id\":\"https:\/\/universofamilia.com\/ja\/encuentra-el-amor-la-soledad-no-tiene-edad\/\",\"url\":\"https:\/\/universofamilia.com\/ja\/encuentra-el-amor-la-soledad-no-tiene-edad\/\",\"name\":\"Encuentra el amor - Universo Fam\u00edlia\",\"isPartOf\":{\"@id\":\"https:\/\/universofamilia.com\/el\/#website\"},\"primaryImageOfPage\":{\"@id\":\"https:\/\/universofamilia.com\/ja\/encuentra-el-amor-la-soledad-no-tiene-edad\/#primaryimage\"},\"image\":{\"@id\":\"https:\/\/universofamilia.com\/ja\/encuentra-el-amor-la-soledad-no-tiene-edad\/#primaryimage\"},\"thumbnailUrl\":\"https:\/\/universofamilia.com\/wp-content\/uploads\/sites\/148\/2024\/11\/DESTAQUE-UNIVERSO-550-x-350-9-2.jpg\",\"datePublished\":\"2024-11-16T17:49:27+00:00\",\"dateModified\":\"2024-11-16T17:49:27+00:00\",\"author\":{\"@id\":\"\"},\"description\":\"Encuentra el amor: \u00a1La soledad no tiene edad! La soledad es un sentimiento universal, capaz de atravesar todas las fases de la vida.\",\"breadcrumb\":{\"@id\":\"https:\/\/universofamilia.com\/ja\/encuentra-el-amor-la-soledad-no-tiene-edad\/#breadcrumb\"},\"inLanguage\":\"hu\",\"potentialAction\":[{\"@type\":\"ReadAction\",\"target\":[\"https:\/\/universofamilia.com\/ja\/encuentra-el-amor-la-soledad-no-tiene-edad\/\"]}]},{\"@type\":\"ImageObject\",\"inLanguage\":\"hu\",\"@id\":\"https:\/\/universofamilia.com\/ja\/encuentra-el-amor-la-soledad-no-tiene-edad\/#primaryimage\",\"url\":\"https:\/\/universofamilia.com\/wp-content\/uploads\/sites\/148\/2024\/11\/DESTAQUE-UNIVERSO-550-x-350-9-2.jpg\",\"contentUrl\":\"https:\/\/universofamilia.com\/wp-content\/uploads\/sites\/148\/2024\/11\/DESTAQUE-UNIVERSO-550-x-350-9-2.jpg\",\"width\":550,\"height\":350,\"caption\":\"Encuentra el amor: \u00a1La soledad no tiene edad!\"},{\"@type\":\"BreadcrumbList\",\"@id\":\"https:\/\/universofamilia.com\/ja\/encuentra-el-amor-la-soledad-no-tiene-edad\/#breadcrumb\",\"itemListElement\":[{\"@type\":\"ListItem\",\"position\":1,\"name\":\"Home\",\"item\":\"https:\/\/universofamilia.com\/el\/\"},{\"@type\":\"ListItem\",\"position\":2,\"name\":\"Encuentra el amor\"}]},{\"@type\":\"WebSite\",\"@id\":\"https:\/\/universofamilia.com\/el\/#website\",\"url\":\"https:\/\/universofamilia.com\/el\/\",\"name\":\"Universo Fam\u00edlia\",\"description\":\"\",\"potentialAction\":[{\"@type\":\"SearchAction\",\"target\":{\"@type\":\"EntryPoint\",\"urlTemplate\":\"https:\/\/universofamilia.com\/el\/?s={search_term_string}\"},\"query-input\":\"required name=search_term_string\"}],\"inLanguage\":\"hu\"}]}<\/script>\n<!-- \/ Yoast SEO plugin. -->","yoast_head_json":{"title":"Encuentra el amor - Universo Fam\u00edlia","description":"Encuentra el amor: \u00a1La soledad no tiene edad! La soledad es un sentimiento universal, capaz de atravesar todas las fases de la vida.","robots":{"index":"index","follow":"follow","max-snippet":"max-snippet:-1","max-image-preview":"max-image-preview:large","max-video-preview":"max-video-preview:-1"},"canonical":"https:\/\/universofamilia.com\/hu\/encuentra-el-amor-la-soledad-no-tiene-edad\/","og_locale":"hu_HU","og_type":"article","og_title":"Encuentra el amor - Universo Fam\u00edlia","og_description":"Encuentra el amor: \u00a1La soledad no tiene edad! La soledad es un sentimiento universal, capaz de atravesar todas las fases de la vida.","og_url":"https:\/\/universofamilia.com\/hu\/encuentra-el-amor-la-soledad-no-tiene-edad\/","og_site_name":"Universo Fam\u00edlia","article_published_time":"2024-11-16T17:49:27+00:00","og_image":[{"width":550,"height":350,"url":"https:\/\/universofamilia.com\/wp-content\/uploads\/sites\/148\/2024\/11\/DESTAQUE-UNIVERSO-550-x-350-9-2.jpg","type":"image\/jpeg"}],"twitter_card":"summary_large_image","twitter_misc":{"Est. reading time":"7 perc"},"schema":{"@context":"https:\/\/schema.org","@graph":[{"@type":"WebPage","@id":"https:\/\/universofamilia.com\/ja\/encuentra-el-amor-la-soledad-no-tiene-edad\/","url":"https:\/\/universofamilia.com\/ja\/encuentra-el-amor-la-soledad-no-tiene-edad\/","name":"Encuentra el amor - Universo Fam\u00edlia","isPartOf":{"@id":"https:\/\/universofamilia.com\/el\/#website"},"primaryImageOfPage":{"@id":"https:\/\/universofamilia.com\/ja\/encuentra-el-amor-la-soledad-no-tiene-edad\/#primaryimage"},"image":{"@id":"https:\/\/universofamilia.com\/ja\/encuentra-el-amor-la-soledad-no-tiene-edad\/#primaryimage"},"thumbnailUrl":"https:\/\/universofamilia.com\/wp-content\/uploads\/sites\/148\/2024\/11\/DESTAQUE-UNIVERSO-550-x-350-9-2.jpg","datePublished":"2024-11-16T17:49:27+00:00","dateModified":"2024-11-16T17:49:27+00:00","author":{"@id":""},"description":"Encuentra el amor: \u00a1La soledad no tiene edad! La soledad es un sentimiento universal, capaz de atravesar todas las fases de la vida.","breadcrumb":{"@id":"https:\/\/universofamilia.com\/ja\/encuentra-el-amor-la-soledad-no-tiene-edad\/#breadcrumb"},"inLanguage":"hu","potentialAction":[{"@type":"ReadAction","target":["https:\/\/universofamilia.com\/ja\/encuentra-el-amor-la-soledad-no-tiene-edad\/"]}]},{"@type":"ImageObject","inLanguage":"hu","@id":"https:\/\/universofamilia.com\/ja\/encuentra-el-amor-la-soledad-no-tiene-edad\/#primaryimage","url":"https:\/\/universofamilia.com\/wp-content\/uploads\/sites\/148\/2024\/11\/DESTAQUE-UNIVERSO-550-x-350-9-2.jpg","contentUrl":"https:\/\/universofamilia.com\/wp-content\/uploads\/sites\/148\/2024\/11\/DESTAQUE-UNIVERSO-550-x-350-9-2.jpg","width":550,"height":350,"caption":"Encuentra el amor: \u00a1La soledad no tiene edad!"},{"@type":"BreadcrumbList","@id":"https:\/\/universofamilia.com\/ja\/encuentra-el-amor-la-soledad-no-tiene-edad\/#breadcrumb","itemListElement":[{"@type":"ListItem","position":1,"name":"Home","item":"https:\/\/universofamilia.com\/el\/"},{"@type":"ListItem","position":2,"name":"Encuentra el amor"}]},{"@type":"WebSite","@id":"https:\/\/universofamilia.com\/el\/#website","url":"https:\/\/universofamilia.com\/el\/","name":"Universo Fam\u00edlia","description":"","potentialAction":[{"@type":"SearchAction","target":{"@type":"EntryPoint","urlTemplate":"https:\/\/universofamilia.com\/el\/?s={search_term_string}"},"query-input":"required name=search_term_string"}],"inLanguage":"hu"}]}},"_links":{"self":[{"href":"https:\/\/universofamilia.com\/hu\/wp-json\/wp\/v2\/posts\/7482"}],"collection":[{"href":"https:\/\/universofamilia.com\/hu\/wp-json\/wp\/v2\/posts"}],"about":[{"href":"https:\/\/universofamilia.com\/hu\/wp-json\/wp\/v2\/types\/post"}],"replies":[{"embeddable":true,"href":"https:\/\/universofamilia.com\/hu\/wp-json\/wp\/v2\/comments?post=7482"}],"version-history":[{"count":0,"href":"https:\/\/universofamilia.com\/hu\/wp-json\/wp\/v2\/posts\/7482\/revisions"}],"wp:featuredmedia":[{"embeddable":true,"href":"https:\/\/universofamilia.com\/hu\/wp-json\/wp\/v2\/media\/7483"}],"wp:attachment":[{"href":"https:\/\/universofamilia.com\/hu\/wp-json\/wp\/v2\/media?parent=7482"}],"wp:term":[{"taxonomy":"category","embeddable":true,"href":"https:\/\/universofamilia.com\/hu\/wp-json\/wp\/v2\/categories?post=7482"},{"taxonomy":"post_tag","embeddable":true,"href":"https:\/\/universofamilia.com\/hu\/wp-json\/wp\/v2\/tags?post=7482"}],"curies":[{"name":"wp","href":"https:\/\/api.w.org\/{rel}","templated":true}]}}